{"id":25220,"date":"2024-07-31T16:47:10","date_gmt":"2024-07-31T15:47:10","guid":{"rendered":"http:\/\/www.mecerreyes.com\/mece\/?p=25220"},"modified":"2024-08-09T14:27:46","modified_gmt":"2024-08-09T13:27:46","slug":"verano-cultural-2024-mecerreyes","status":"publish","type":"post","link":"https:\/\/www.mecerreyes.com\/mece\/?p=25220","title":{"rendered":"Verano Cultural 2024 &#8211; Mecerreyes"},"content":{"rendered":"<p>Bienvenidos todos un verano m\u00e1s a Mecerreyes.<br>Da gusto veros por las calles, vuestras casas abiertas, coches a la puerta, terrazas como lugar de encuentro.<br>Bienvenidas las iniciativas particulares, de <a  href=\"https:\/\/www.mecerreyes.com\/mece\/?page_id=268\">pe\u00f1as<\/a>, <a  href=\"https:\/\/www.mecerreyes.com\/mece\/?page_id=265\">asociaciones<\/a> y <a  href=\"https:\/\/www.mecerreyes.com\/mece\/?page_id=24\">Ayuntamiento<\/a>.<br>Como es costumbre la A. C. Mecerreyes ha preparado unas cuantas para disfrutar desde la cultura de nuestro pueblo y poner en valor las cosas que nos unen.<br>Presentamos el cartel del Verano Cultural que iremos desgranando por actividades individualmente..<\/p>\n\n\n\n<figure class=\"wp-block-gallery columns-1 is-cropped wp-block-gallery-1 is-layout-flex wp-block-gallery-is-layout-flex\"><ul class=\"blocks-gallery-grid\"><li class=\"blocks-gallery-item\"><figure><a  href=\"https:\/\/www.mecerreyes.com\/mece\/wp-content\/uploads\/2024\/07\/Cartel-Verano-Cultural-2024-Mecerreyes.jpg\" class=\"thickbox no_icon\" title=\"\"><img loading=\"lazy\" decoding=\"async\" width=\"724\" height=\"1024\" src=\"https:\/\/www.mecerreyes.com\/mece\/wp-content\/uploads\/2024\/07\/Cartel-Verano-Cultural-2024-Mecerreyes-724x1024.jpg\" alt=\"\" data-id=\"25221\" data-full-url=\"https:\/\/www.mecerreyes.com\/mece\/wp-content\/uploads\/2024\/07\/Cartel-Verano-Cultural-2024-Mecerreyes.jpg\" data-link=\"https:\/\/www.mecerreyes.com\/mece\/?attachment_id=25221\" class=\"wp-image-25221\" srcset=\"https:\/\/www.mecerreyes.com\/mece\/wp-content\/uploads\/2024\/07\/Cartel-Verano-Cultural-2024-Mecerreyes-724x1024.jpg 724w, https:\/\/www.mecerreyes.com\/mece\/wp-content\/uploads\/2024\/07\/Cartel-Verano-Cultural-2024-Mecerreyes-212x300.jpg 212w, https:\/\/www.mecerreyes.com\/mece\/wp-content\/uploads\/2024\/07\/Cartel-Verano-Cultural-2024-Mecerreyes-768x1087.jpg 768w, https:\/\/www.mecerreyes.com\/mece\/wp-content\/uploads\/2024\/07\/Cartel-Verano-Cultural-2024-Mecerreyes-1086x1536.jpg 1086w, https:\/\/www.mecerreyes.com\/mece\/wp-content\/uploads\/2024\/07\/Cartel-Verano-Cultural-2024-Mecerreyes-1080x1528.jpg 1080w, https:\/\/www.mecerreyes.com\/mece\/wp-content\/uploads\/2024\/07\/Cartel-Verano-Cultural-2024-Mecerreyes.jpg 1417w\" sizes=\"(max-width: 724px) 100vw, 724px\" \/><\/a><\/figure><\/li><\/ul><\/figure>\n\n\n\n<p>La primera cita ser\u00e1 el 3 de agosto.<br>La XXII Edici\u00f3n del Memorial Sim\u00f3n Altable reunir\u00e1 m\u00fasicos de&nbsp; Cantabria, Valladolid, Palencia y Burgos a trav\u00e9s de la dulzaina.<\/p>\n\n\n\n<figure class=\"wp-block-gallery columns-1 is-cropped wp-block-gallery-2 is-layout-flex wp-block-gallery-is-layout-flex\"><ul class=\"blocks-gallery-grid\"><li class=\"blocks-gallery-item\"><figure><a  href=\"http:\/\/www.mecerreyes.com\/mece\/wp-content\/uploads\/2024\/07\/Cartel-Muestra-Dulzaineros-2024-Mecerreyes-724x1024.jpg\" class=\"thickbox no_icon\" title=\"\"><img loading=\"lazy\" decoding=\"async\" width=\"724\" height=\"1024\" src=\"http:\/\/www.mecerreyes.com\/mece\/wp-content\/uploads\/2024\/07\/Cartel-Muestra-Dulzaineros-2024-Mecerreyes-724x1024.jpg\" alt=\"\" data-id=\"25222\" data-link=\"http:\/\/www.mecerreyes.com\/mece\/?attachment_id=25222\" class=\"wp-image-25222\" srcset=\"https:\/\/www.mecerreyes.com\/mece\/wp-content\/uploads\/2024\/07\/Cartel-Muestra-Dulzaineros-2024-Mecerreyes-724x1024.jpg 724w, https:\/\/www.mecerreyes.com\/mece\/wp-content\/uploads\/2024\/07\/Cartel-Muestra-Dulzaineros-2024-Mecerreyes-212x300.jpg 212w, https:\/\/www.mecerreyes.com\/mece\/wp-content\/uploads\/2024\/07\/Cartel-Muestra-Dulzaineros-2024-Mecerreyes-768x1086.jpg 768w, https:\/\/www.mecerreyes.com\/mece\/wp-content\/uploads\/2024\/07\/Cartel-Muestra-Dulzaineros-2024-Mecerreyes-1086x1536.jpg 1086w, https:\/\/www.mecerreyes.com\/mece\/wp-content\/uploads\/2024\/07\/Cartel-Muestra-Dulzaineros-2024-Mecerreyes-1448x2048.jpg 1448w, https:\/\/www.mecerreyes.com\/mece\/wp-content\/uploads\/2024\/07\/Cartel-Muestra-Dulzaineros-2024-Mecerreyes-1080x1527.jpg 1080w, https:\/\/www.mecerreyes.com\/mece\/wp-content\/uploads\/2024\/07\/Cartel-Muestra-Dulzaineros-2024-Mecerreyes.jpg 1772w\" sizes=\"(max-width: 724px) 100vw, 724px\" \/><\/a><\/figure><\/li><li class=\"blocks-gallery-item\"><figure><a  href=\"http:\/\/www.mecerreyes.com\/mece\/wp-content\/uploads\/2024\/08\/Cartel-Arbayal-en-Mecerreyes-10-08-2024.jpeg\" class=\"thickbox no_icon\" title=\"\"><img loading=\"lazy\" decoding=\"async\" width=\"567\" height=\"802\" src=\"http:\/\/www.mecerreyes.com\/mece\/wp-content\/uploads\/2024\/08\/Cartel-Arbayal-en-Mecerreyes-10-08-2024.jpeg\" alt=\"\" data-id=\"25234\" data-link=\"http:\/\/www.mecerreyes.com\/mece\/?attachment_id=25234\" class=\"wp-image-25234\" srcset=\"https:\/\/www.mecerreyes.com\/mece\/wp-content\/uploads\/2024\/08\/Cartel-Arbayal-en-Mecerreyes-10-08-2024.jpeg 567w, https:\/\/www.mecerreyes.com\/mece\/wp-content\/uploads\/2024\/08\/Cartel-Arbayal-en-Mecerreyes-10-08-2024-212x300.jpeg 212w\" sizes=\"(max-width: 567px) 100vw, 567px\" \/><\/a><\/figure><\/li><li class=\"blocks-gallery-item\"><figure><a  href=\"https:\/\/www.mecerreyes.com\/mece\/wp-content\/uploads\/2024\/08\/Cartel-Verano-Cultural-Mecerreyes-Farolillos2024-1.jpeg\" class=\"thickbox no_icon\" title=\"\"><img loading=\"lazy\" decoding=\"async\" width=\"567\" height=\"802\" src=\"https:\/\/www.mecerreyes.com\/mece\/wp-content\/uploads\/2024\/08\/Cartel-Verano-Cultural-Mecerreyes-Farolillos2024-1.jpeg\" alt=\"\" data-id=\"25287\" data-full-url=\"https:\/\/www.mecerreyes.com\/mece\/wp-content\/uploads\/2024\/08\/Cartel-Verano-Cultural-Mecerreyes-Farolillos2024-1.jpeg\" data-link=\"https:\/\/www.mecerreyes.com\/mece\/?attachment_id=25287\" class=\"wp-image-25287\" srcset=\"https:\/\/www.mecerreyes.com\/mece\/wp-content\/uploads\/2024\/08\/Cartel-Verano-Cultural-Mecerreyes-Farolillos2024-1.jpeg 567w, https:\/\/www.mecerreyes.com\/mece\/wp-content\/uploads\/2024\/08\/Cartel-Verano-Cultural-Mecerreyes-Farolillos2024-1-212x300.jpeg 212w\" sizes=\"(max-width: 567px) 100vw, 567px\" \/><\/a><\/figure><\/li><li class=\"blocks-gallery-item\"><figure><a  href=\"https:\/\/www.mecerreyes.com\/mece\/wp-content\/uploads\/2024\/08\/Cartel-Verano-Cultural-Mecerreyes-Cine-2024-1.jpeg\" class=\"thickbox no_icon\" title=\"\"><img loading=\"lazy\" decoding=\"async\" width=\"567\" height=\"802\" src=\"https:\/\/www.mecerreyes.com\/mece\/wp-content\/uploads\/2024\/08\/Cartel-Verano-Cultural-Mecerreyes-Cine-2024-1.jpeg\" alt=\"\" data-id=\"25290\" data-full-url=\"https:\/\/www.mecerreyes.com\/mece\/wp-content\/uploads\/2024\/08\/Cartel-Verano-Cultural-Mecerreyes-Cine-2024-1.jpeg\" data-link=\"https:\/\/www.mecerreyes.com\/mece\/?attachment_id=25290\" class=\"wp-image-25290\" srcset=\"https:\/\/www.mecerreyes.com\/mece\/wp-content\/uploads\/2024\/08\/Cartel-Verano-Cultural-Mecerreyes-Cine-2024-1.jpeg 567w, https:\/\/www.mecerreyes.com\/mece\/wp-content\/uploads\/2024\/08\/Cartel-Verano-Cultural-Mecerreyes-Cine-2024-1-212x300.jpeg 212w\" sizes=\"(max-width: 567px) 100vw, 567px\" \/><\/a><\/figure><\/li><li class=\"blocks-gallery-item\"><figure><a  href=\"http:\/\/www.mecerreyes.com\/mece\/wp-content\/uploads\/2024\/08\/Cartel-El-Duende-en-Mecerreyes-17-08-2024-726x1024.jpeg\" class=\"thickbox no_icon\" title=\"\"><img loading=\"lazy\" decoding=\"async\" width=\"726\" height=\"1024\" src=\"http:\/\/www.mecerreyes.com\/mece\/wp-content\/uploads\/2024\/08\/Cartel-El-Duende-en-Mecerreyes-17-08-2024-726x1024.jpeg\" alt=\"\" data-id=\"25235\" data-link=\"http:\/\/www.mecerreyes.com\/mece\/?attachment_id=25235\" class=\"wp-image-25235\" srcset=\"https:\/\/www.mecerreyes.com\/mece\/wp-content\/uploads\/2024\/08\/Cartel-El-Duende-en-Mecerreyes-17-08-2024-726x1024.jpeg 726w, https:\/\/www.mecerreyes.com\/mece\/wp-content\/uploads\/2024\/08\/Cartel-El-Duende-en-Mecerreyes-17-08-2024-213x300.jpeg 213w, https:\/\/www.mecerreyes.com\/mece\/wp-content\/uploads\/2024\/08\/Cartel-El-Duende-en-Mecerreyes-17-08-2024.jpeg 756w\" sizes=\"(max-width: 726px) 100vw, 726px\" \/><\/a><\/figure><\/li><li class=\"blocks-gallery-item\"><figure><a  href=\"https:\/\/www.mecerreyes.com\/mece\/wp-content\/uploads\/2024\/08\/Cartel-Verano-Cultural-Mecerreyes-Carteritas-24-1.jpeg\" class=\"thickbox no_icon\" title=\"\"><img loading=\"lazy\" decoding=\"async\" width=\"724\" height=\"1024\" src=\"https:\/\/www.mecerreyes.com\/mece\/wp-content\/uploads\/2024\/08\/Cartel-Verano-Cultural-Mecerreyes-Carteritas-24-1-724x1024.jpeg\" alt=\"\" data-id=\"25288\" data-full-url=\"https:\/\/www.mecerreyes.com\/mece\/wp-content\/uploads\/2024\/08\/Cartel-Verano-Cultural-Mecerreyes-Carteritas-24-1.jpeg\" data-link=\"https:\/\/www.mecerreyes.com\/mece\/?attachment_id=25288\" class=\"wp-image-25288\" srcset=\"https:\/\/www.mecerreyes.com\/mece\/wp-content\/uploads\/2024\/08\/Cartel-Verano-Cultural-Mecerreyes-Carteritas-24-1-724x1024.jpeg 724w, https:\/\/www.mecerreyes.com\/mece\/wp-content\/uploads\/2024\/08\/Cartel-Verano-Cultural-Mecerreyes-Carteritas-24-1-212x300.jpeg 212w, https:\/\/www.mecerreyes.com\/mece\/wp-content\/uploads\/2024\/08\/Cartel-Verano-Cultural-Mecerreyes-Carteritas-24-1-768x1086.jpeg 768w, https:\/\/www.mecerreyes.com\/mece\/wp-content\/uploads\/2024\/08\/Cartel-Verano-Cultural-Mecerreyes-Carteritas-24-1-1086x1536.jpeg 1086w, https:\/\/www.mecerreyes.com\/mece\/wp-content\/uploads\/2024\/08\/Cartel-Verano-Cultural-Mecerreyes-Carteritas-24-1-1448x2048.jpeg 1448w, https:\/\/www.mecerreyes.com\/mece\/wp-content\/uploads\/2024\/08\/Cartel-Verano-Cultural-Mecerreyes-Carteritas-24-1-1080x1527.jpeg 1080w, https:\/\/www.mecerreyes.com\/mece\/wp-content\/uploads\/2024\/08\/Cartel-Verano-Cultural-Mecerreyes-Carteritas-24-1.jpeg 1772w\" sizes=\"(max-width: 724px) 100vw, 724px\" \/><\/a><\/figure><\/li><li class=\"blocks-gallery-item\"><figure><a  href=\"https:\/\/www.mecerreyes.com\/mece\/wp-content\/uploads\/2024\/08\/Cartel-Verano-Cultural-Mecerreyes-Charla-2024-1.jpeg\" class=\"thickbox no_icon\" title=\"\"><img loading=\"lazy\" decoding=\"async\" width=\"567\" height=\"802\" src=\"https:\/\/www.mecerreyes.com\/mece\/wp-content\/uploads\/2024\/08\/Cartel-Verano-Cultural-Mecerreyes-Charla-2024-1.jpeg\" alt=\"\" data-id=\"25289\" data-full-url=\"https:\/\/www.mecerreyes.com\/mece\/wp-content\/uploads\/2024\/08\/Cartel-Verano-Cultural-Mecerreyes-Charla-2024-1.jpeg\" data-link=\"https:\/\/www.mecerreyes.com\/mece\/?attachment_id=25289\" class=\"wp-image-25289\" srcset=\"https:\/\/www.mecerreyes.com\/mece\/wp-content\/uploads\/2024\/08\/Cartel-Verano-Cultural-Mecerreyes-Charla-2024-1.jpeg 567w, https:\/\/www.mecerreyes.com\/mece\/wp-content\/uploads\/2024\/08\/Cartel-Verano-Cultural-Mecerreyes-Charla-2024-1-212x300.jpeg 212w\" sizes=\"(max-width: 567px) 100vw, 567px\" \/><\/a><\/figure><\/li><li class=\"blocks-gallery-item\"><figure><a  href=\"http:\/\/www.mecerreyes.com\/mece\/wp-content\/uploads\/2024\/08\/Cartel-Tiritirantes-Mecerreyes-25-08-2024-724x1024.jpg\" class=\"thickbox no_icon\" title=\"\"><img loading=\"lazy\" decoding=\"async\" width=\"724\" height=\"1024\" src=\"http:\/\/www.mecerreyes.com\/mece\/wp-content\/uploads\/2024\/08\/Cartel-Tiritirantes-Mecerreyes-25-08-2024-724x1024.jpg\" alt=\"\" data-id=\"25260\" data-link=\"http:\/\/www.mecerreyes.com\/mece\/?attachment_id=25260\" class=\"wp-image-25260\" srcset=\"https:\/\/www.mecerreyes.com\/mece\/wp-content\/uploads\/2024\/08\/Cartel-Tiritirantes-Mecerreyes-25-08-2024-724x1024.jpg 724w, https:\/\/www.mecerreyes.com\/mece\/wp-content\/uploads\/2024\/08\/Cartel-Tiritirantes-Mecerreyes-25-08-2024-212x300.jpg 212w, https:\/\/www.mecerreyes.com\/mece\/wp-content\/uploads\/2024\/08\/Cartel-Tiritirantes-Mecerreyes-25-08-2024-768x1086.jpg 768w, https:\/\/www.mecerreyes.com\/mece\/wp-content\/uploads\/2024\/08\/Cartel-Tiritirantes-Mecerreyes-25-08-2024-1086x1536.jpg 1086w, https:\/\/www.mecerreyes.com\/mece\/wp-content\/uploads\/2024\/08\/Cartel-Tiritirantes-Mecerreyes-25-08-2024-1448x2048.jpg 1448w, https:\/\/www.mecerreyes.com\/mece\/wp-content\/uploads\/2024\/08\/Cartel-Tiritirantes-Mecerreyes-25-08-2024-1080x1527.jpg 1080w, https:\/\/www.mecerreyes.com\/mece\/wp-content\/uploads\/2024\/08\/Cartel-Tiritirantes-Mecerreyes-25-08-2024-scaled.jpg 1810w\" sizes=\"(max-width: 724px) 100vw, 724px\" \/><\/a><\/figure><\/li><\/ul><\/figure>\n\n\n\n<p>Os esperamos!!<br>Mecerreyes un pueblo vivo.<\/p>\n\n\n\n<p>Viva Mecerreyes!!<\/p>","protected":false},"excerpt":{"rendered":"<p>Bienvenidos todos un verano m\u00e1s a Mecerreyes.Da gusto veros por las calles, vuestras casas abiertas, coches a la puerta, terrazas como lugar de encuentro.Bienvenidas las iniciativas particulares, de pe\u00f1as, asociaciones y Ayuntamiento.Como es costumbre la A. C. Mecerreyes ha preparado unas cuantas para disfrutar desde la cultura de nuestro pueblo y poner en valor las [&hellip;]<\/p>\n","protected":false},"author":5,"featured_media":25224,"comment_status":"open","ping_status":"closed","sticky":false,"template":"","format":"standard","meta":{"_et_pb_use_builder":"","_et_pb_old_content":"","_et_gb_content_width":"","footnotes":""},"categories":[1],"tags":[],"class_list":["post-25220","post","type-post","status-publish","format-standard","has-post-thumbnail","hentry","category-general","et-has-post-format-content","et_post_format-et-post-format-standard"],"_links":{"self":[{"href":"https:\/\/www.mecerreyes.com\/mece\/index.php?rest_route=\/wp\/v2\/posts\/25220"}],"collection":[{"href":"https:\/\/www.mecerreyes.com\/mece\/index.php?rest_route=\/wp\/v2\/posts"}],"about":[{"href":"https:\/\/www.mecerreyes.com\/mece\/index.php?rest_route=\/wp\/v2\/types\/post"}],"author":[{"embeddable":true,"href":"https:\/\/www.mecerreyes.com\/mece\/index.php?rest_route=\/wp\/v2\/users\/5"}],"replies":[{"embeddable":true,"href":"https:\/\/www.mecerreyes.com\/mece\/index.php?rest_route=%2Fwp%2Fv2%2Fcomments&post=25220"}],"version-history":[{"count":4,"href":"https:\/\/www.mecerreyes.com\/mece\/index.php?rest_route=\/wp\/v2\/posts\/25220\/revisions"}],"predecessor-version":[{"id":25291,"href":"https:\/\/www.mecerreyes.com\/mece\/index.php?rest_route=\/wp\/v2\/posts\/25220\/revisions\/25291"}],"wp:featuredmedia":[{"embeddable":true,"href":"https:\/\/www.mecerreyes.com\/mece\/index.php?rest_route=\/wp\/v2\/media\/25224"}],"wp:attachment":[{"href":"https:\/\/www.mecerreyes.com\/mece\/index.php?rest_route=%2Fwp%2Fv2%2Fmedia&parent=25220"}],"wp:term":[{"taxonomy":"category","embeddable":true,"href":"https:\/\/www.mecerreyes.com\/mece\/index.php?rest_route=%2Fwp%2Fv2%2Fcategories&post=25220"},{"taxonomy":"post_tag","embeddable":true,"href":"https:\/\/www.mecerreyes.com\/mece\/index.php?rest_route=%2Fwp%2Fv2%2Ftags&post=25220"}],"curies":[{"name":"wp","href":"https:\/\/api.w.org\/{rel}","templated":true}]}}