{"id":25226,"date":"2024-08-08T20:56:08","date_gmt":"2024-08-08T19:56:08","guid":{"rendered":"http:\/\/www.mecerreyes.com\/mece\/?p=25226"},"modified":"2024-08-12T16:12:00","modified_gmt":"2024-08-12T15:12:00","slug":"noticias-julio-2024","status":"publish","type":"post","link":"https:\/\/www.mecerreyes.com\/mece\/?p=25226","title":{"rendered":"Noticias Julio 2024"},"content":{"rendered":"<p><strong>JULIO 2024<\/strong><\/p>\n\n\n\n<p>En plena ola de calor veraniego, a la sombra y fresquito de las casas de piedra del pueblo, os contamos el relato de lo acontecido el mes de julio en Mecerreyes.<\/p>\n\n\n\n<p>Mes de preparativos: La Asociaci\u00f3n Cultural remata sus propuestas para el mes de agosto,<\/p>\n\n\n\n<p>la pe\u00f1a Perla Negra dise\u00f1a una vez m\u00e1s el programa de las fiestas de <a  href=\"https:\/\/www.mecerreyes.com\/mece\/?page_id=60\">Acci\u00f3n de Gracias<\/a>, y<\/p>\n\n\n\n<p>la Asociaci\u00f3n de Jubilados, presente un a\u00f1o m\u00e1s con su riqu\u00edsimo chocolate para celebrar el d\u00eda de los abuelos. <\/p>\n\n\n\n<figure class=\"wp-block-gallery columns-2 is-cropped wp-block-gallery-1 is-layout-flex wp-block-gallery-is-layout-flex\"><ul class=\"blocks-gallery-grid\"><li class=\"blocks-gallery-item\"><figure><a  href=\"https:\/\/www.mecerreyes.com\/mece\/wp-content\/uploads\/2024\/08\/Chocolate-dia-de-los-abuelos-Mecerreyes-26-07-2024-7.jpg\" class=\"thickbox no_icon\" title=\"\"><img loading=\"lazy\" decoding=\"async\" width=\"1024\" height=\"461\" src=\"https:\/\/www.mecerreyes.com\/mece\/wp-content\/uploads\/2024\/08\/Chocolate-dia-de-los-abuelos-Mecerreyes-26-07-2024-7-1024x461.jpg\" alt=\"\" data-id=\"25238\" data-full-url=\"https:\/\/www.mecerreyes.com\/mece\/wp-content\/uploads\/2024\/08\/Chocolate-dia-de-los-abuelos-Mecerreyes-26-07-2024-7.jpg\" data-link=\"https:\/\/www.mecerreyes.com\/mece\/?attachment_id=25238\" class=\"wp-image-25238\" srcset=\"https:\/\/www.mecerreyes.com\/mece\/wp-content\/uploads\/2024\/08\/Chocolate-dia-de-los-abuelos-Mecerreyes-26-07-2024-7-1024x461.jpg 1024w, https:\/\/www.mecerreyes.com\/mece\/wp-content\/uploads\/2024\/08\/Chocolate-dia-de-los-abuelos-Mecerreyes-26-07-2024-7-300x135.jpg 300w, https:\/\/www.mecerreyes.com\/mece\/wp-content\/uploads\/2024\/08\/Chocolate-dia-de-los-abuelos-Mecerreyes-26-07-2024-7-768x346.jpg 768w, https:\/\/www.mecerreyes.com\/mece\/wp-content\/uploads\/2024\/08\/Chocolate-dia-de-los-abuelos-Mecerreyes-26-07-2024-7-1536x691.jpg 1536w, https:\/\/www.mecerreyes.com\/mece\/wp-content\/uploads\/2024\/08\/Chocolate-dia-de-los-abuelos-Mecerreyes-26-07-2024-7-2048x922.jpg 2048w, https:\/\/www.mecerreyes.com\/mece\/wp-content\/uploads\/2024\/08\/Chocolate-dia-de-los-abuelos-Mecerreyes-26-07-2024-7-1080x486.jpg 1080w\" sizes=\"(max-width: 1024px) 100vw, 1024px\" \/><\/a><\/figure><\/li><li class=\"blocks-gallery-item\"><figure><a  href=\"https:\/\/www.mecerreyes.com\/mece\/wp-content\/uploads\/2024\/08\/Chocolate-dia-de-los-abuelos-Mecerreyes-26-07-2024-1.jpg\" class=\"thickbox no_icon\" title=\"\"><img loading=\"lazy\" decoding=\"async\" width=\"1024\" height=\"461\" src=\"https:\/\/www.mecerreyes.com\/mece\/wp-content\/uploads\/2024\/08\/Chocolate-dia-de-los-abuelos-Mecerreyes-26-07-2024-1-1024x461.jpg\" alt=\"\" data-id=\"25239\" data-full-url=\"https:\/\/www.mecerreyes.com\/mece\/wp-content\/uploads\/2024\/08\/Chocolate-dia-de-los-abuelos-Mecerreyes-26-07-2024-1.jpg\" data-link=\"https:\/\/www.mecerreyes.com\/mece\/?attachment_id=25239\" class=\"wp-image-25239\" srcset=\"https:\/\/www.mecerreyes.com\/mece\/wp-content\/uploads\/2024\/08\/Chocolate-dia-de-los-abuelos-Mecerreyes-26-07-2024-1-1024x461.jpg 1024w, https:\/\/www.mecerreyes.com\/mece\/wp-content\/uploads\/2024\/08\/Chocolate-dia-de-los-abuelos-Mecerreyes-26-07-2024-1-300x135.jpg 300w, https:\/\/www.mecerreyes.com\/mece\/wp-content\/uploads\/2024\/08\/Chocolate-dia-de-los-abuelos-Mecerreyes-26-07-2024-1-768x346.jpg 768w, https:\/\/www.mecerreyes.com\/mece\/wp-content\/uploads\/2024\/08\/Chocolate-dia-de-los-abuelos-Mecerreyes-26-07-2024-1-1080x486.jpg 1080w, https:\/\/www.mecerreyes.com\/mece\/wp-content\/uploads\/2024\/08\/Chocolate-dia-de-los-abuelos-Mecerreyes-26-07-2024-1.jpg 1417w\" sizes=\"(max-width: 1024px) 100vw, 1024px\" \/><\/a><\/figure><\/li><li class=\"blocks-gallery-item\"><figure><a  href=\"https:\/\/www.mecerreyes.com\/mece\/wp-content\/uploads\/2024\/08\/Chocolate-dia-de-los-abuelos-Mecerreyes-26-07-2024-2.jpg\" class=\"thickbox no_icon\" title=\"\"><img loading=\"lazy\" decoding=\"async\" width=\"1024\" height=\"461\" src=\"https:\/\/www.mecerreyes.com\/mece\/wp-content\/uploads\/2024\/08\/Chocolate-dia-de-los-abuelos-Mecerreyes-26-07-2024-2-1024x461.jpg\" alt=\"\" data-id=\"25240\" data-full-url=\"https:\/\/www.mecerreyes.com\/mece\/wp-content\/uploads\/2024\/08\/Chocolate-dia-de-los-abuelos-Mecerreyes-26-07-2024-2.jpg\" data-link=\"https:\/\/www.mecerreyes.com\/mece\/?attachment_id=25240\" class=\"wp-image-25240\" srcset=\"https:\/\/www.mecerreyes.com\/mece\/wp-content\/uploads\/2024\/08\/Chocolate-dia-de-los-abuelos-Mecerreyes-26-07-2024-2-1024x461.jpg 1024w, https:\/\/www.mecerreyes.com\/mece\/wp-content\/uploads\/2024\/08\/Chocolate-dia-de-los-abuelos-Mecerreyes-26-07-2024-2-300x135.jpg 300w, https:\/\/www.mecerreyes.com\/mece\/wp-content\/uploads\/2024\/08\/Chocolate-dia-de-los-abuelos-Mecerreyes-26-07-2024-2-768x345.jpg 768w, https:\/\/www.mecerreyes.com\/mece\/wp-content\/uploads\/2024\/08\/Chocolate-dia-de-los-abuelos-Mecerreyes-26-07-2024-2-1536x691.jpg 1536w, https:\/\/www.mecerreyes.com\/mece\/wp-content\/uploads\/2024\/08\/Chocolate-dia-de-los-abuelos-Mecerreyes-26-07-2024-2-2048x921.jpg 2048w, https:\/\/www.mecerreyes.com\/mece\/wp-content\/uploads\/2024\/08\/Chocolate-dia-de-los-abuelos-Mecerreyes-26-07-2024-2-1080x486.jpg 1080w\" sizes=\"(max-width: 1024px) 100vw, 1024px\" \/><\/a><\/figure><\/li><li class=\"blocks-gallery-item\"><figure><a  href=\"https:\/\/www.mecerreyes.com\/mece\/wp-content\/uploads\/2024\/08\/Chocolate-dia-de-los-abuelos-Mecerreyes-26-07-2024-3-scaled.jpg\" class=\"thickbox no_icon\" title=\"\"><img loading=\"lazy\" decoding=\"async\" width=\"1024\" height=\"461\" src=\"https:\/\/www.mecerreyes.com\/mece\/wp-content\/uploads\/2024\/08\/Chocolate-dia-de-los-abuelos-Mecerreyes-26-07-2024-3-1024x461.jpg\" alt=\"\" data-id=\"25241\" data-full-url=\"https:\/\/www.mecerreyes.com\/mece\/wp-content\/uploads\/2024\/08\/Chocolate-dia-de-los-abuelos-Mecerreyes-26-07-2024-3-scaled.jpg\" data-link=\"https:\/\/www.mecerreyes.com\/mece\/?attachment_id=25241\" class=\"wp-image-25241\" srcset=\"https:\/\/www.mecerreyes.com\/mece\/wp-content\/uploads\/2024\/08\/Chocolate-dia-de-los-abuelos-Mecerreyes-26-07-2024-3-1024x461.jpg 1024w, https:\/\/www.mecerreyes.com\/mece\/wp-content\/uploads\/2024\/08\/Chocolate-dia-de-los-abuelos-Mecerreyes-26-07-2024-3-300x135.jpg 300w, https:\/\/www.mecerreyes.com\/mece\/wp-content\/uploads\/2024\/08\/Chocolate-dia-de-los-abuelos-Mecerreyes-26-07-2024-3-768x346.jpg 768w, https:\/\/www.mecerreyes.com\/mece\/wp-content\/uploads\/2024\/08\/Chocolate-dia-de-los-abuelos-Mecerreyes-26-07-2024-3-1536x691.jpg 1536w, https:\/\/www.mecerreyes.com\/mece\/wp-content\/uploads\/2024\/08\/Chocolate-dia-de-los-abuelos-Mecerreyes-26-07-2024-3-2048x922.jpg 2048w, https:\/\/www.mecerreyes.com\/mece\/wp-content\/uploads\/2024\/08\/Chocolate-dia-de-los-abuelos-Mecerreyes-26-07-2024-3-1080x486.jpg 1080w\" sizes=\"(max-width: 1024px) 100vw, 1024px\" \/><\/a><\/figure><\/li><li class=\"blocks-gallery-item\"><figure><a  href=\"https:\/\/www.mecerreyes.com\/mece\/wp-content\/uploads\/2024\/08\/Chocolate-dia-de-los-abuelos-Mecerreyes-26-07-2024-4-scaled.jpg\" class=\"thickbox no_icon\" title=\"\"><img loading=\"lazy\" decoding=\"async\" width=\"1024\" height=\"461\" src=\"https:\/\/www.mecerreyes.com\/mece\/wp-content\/uploads\/2024\/08\/Chocolate-dia-de-los-abuelos-Mecerreyes-26-07-2024-4-1024x461.jpg\" alt=\"\" data-id=\"25242\" data-full-url=\"https:\/\/www.mecerreyes.com\/mece\/wp-content\/uploads\/2024\/08\/Chocolate-dia-de-los-abuelos-Mecerreyes-26-07-2024-4-scaled.jpg\" data-link=\"https:\/\/www.mecerreyes.com\/mece\/?attachment_id=25242\" class=\"wp-image-25242\" srcset=\"https:\/\/www.mecerreyes.com\/mece\/wp-content\/uploads\/2024\/08\/Chocolate-dia-de-los-abuelos-Mecerreyes-26-07-2024-4-1024x461.jpg 1024w, https:\/\/www.mecerreyes.com\/mece\/wp-content\/uploads\/2024\/08\/Chocolate-dia-de-los-abuelos-Mecerreyes-26-07-2024-4-300x135.jpg 300w, https:\/\/www.mecerreyes.com\/mece\/wp-content\/uploads\/2024\/08\/Chocolate-dia-de-los-abuelos-Mecerreyes-26-07-2024-4-768x346.jpg 768w, https:\/\/www.mecerreyes.com\/mece\/wp-content\/uploads\/2024\/08\/Chocolate-dia-de-los-abuelos-Mecerreyes-26-07-2024-4-1536x691.jpg 1536w, https:\/\/www.mecerreyes.com\/mece\/wp-content\/uploads\/2024\/08\/Chocolate-dia-de-los-abuelos-Mecerreyes-26-07-2024-4-2048x922.jpg 2048w, https:\/\/www.mecerreyes.com\/mece\/wp-content\/uploads\/2024\/08\/Chocolate-dia-de-los-abuelos-Mecerreyes-26-07-2024-4-1080x486.jpg 1080w\" sizes=\"(max-width: 1024px) 100vw, 1024px\" \/><\/a><\/figure><\/li><li class=\"blocks-gallery-item\"><figure><a  href=\"https:\/\/www.mecerreyes.com\/mece\/wp-content\/uploads\/2024\/08\/Chocolate-dia-de-los-abuelos-Mecerreyes-26-07-2024-6.jpg\" class=\"thickbox no_icon\" title=\"\"><img loading=\"lazy\" decoding=\"async\" width=\"1024\" height=\"461\" src=\"https:\/\/www.mecerreyes.com\/mece\/wp-content\/uploads\/2024\/08\/Chocolate-dia-de-los-abuelos-Mecerreyes-26-07-2024-6-1024x461.jpg\" alt=\"\" data-id=\"25243\" data-full-url=\"https:\/\/www.mecerreyes.com\/mece\/wp-content\/uploads\/2024\/08\/Chocolate-dia-de-los-abuelos-Mecerreyes-26-07-2024-6.jpg\" data-link=\"https:\/\/www.mecerreyes.com\/mece\/?attachment_id=25243\" class=\"wp-image-25243\" srcset=\"https:\/\/www.mecerreyes.com\/mece\/wp-content\/uploads\/2024\/08\/Chocolate-dia-de-los-abuelos-Mecerreyes-26-07-2024-6-1024x461.jpg 1024w, https:\/\/www.mecerreyes.com\/mece\/wp-content\/uploads\/2024\/08\/Chocolate-dia-de-los-abuelos-Mecerreyes-26-07-2024-6-300x135.jpg 300w, https:\/\/www.mecerreyes.com\/mece\/wp-content\/uploads\/2024\/08\/Chocolate-dia-de-los-abuelos-Mecerreyes-26-07-2024-6-768x345.jpg 768w, https:\/\/www.mecerreyes.com\/mece\/wp-content\/uploads\/2024\/08\/Chocolate-dia-de-los-abuelos-Mecerreyes-26-07-2024-6-1536x691.jpg 1536w, https:\/\/www.mecerreyes.com\/mece\/wp-content\/uploads\/2024\/08\/Chocolate-dia-de-los-abuelos-Mecerreyes-26-07-2024-6-1080x486.jpg 1080w, https:\/\/www.mecerreyes.com\/mece\/wp-content\/uploads\/2024\/08\/Chocolate-dia-de-los-abuelos-Mecerreyes-26-07-2024-6.jpg 1701w\" sizes=\"(max-width: 1024px) 100vw, 1024px\" \/><\/a><\/figure><\/li><\/ul><\/figure>\n\n\n\n<p>Terminado el curso escolar, campamentos, vacaciones luciendo la mochila guileta o directamente disfrutar del pueblo con la cuadrilla, son los planes que nos sacan de la rutina.<\/p>\n\n\n\n<figure class=\"wp-block-gallery columns-1 is-cropped wp-block-gallery-2 is-layout-flex wp-block-gallery-is-layout-flex\"><ul class=\"blocks-gallery-grid\"><li class=\"blocks-gallery-item\"><figure><a  href=\"https:\/\/www.mecerreyes.com\/mece\/wp-content\/uploads\/2024\/08\/Mochila-viajera-Lanzarote-julio-2024.jpeg\" class=\"thickbox no_icon\" title=\"\"><img loading=\"lazy\" decoding=\"async\" width=\"576\" height=\"1024\" src=\"https:\/\/www.mecerreyes.com\/mece\/wp-content\/uploads\/2024\/08\/Mochila-viajera-Lanzarote-julio-2024-576x1024.jpeg\" alt=\"\" data-id=\"25244\" data-full-url=\"https:\/\/www.mecerreyes.com\/mece\/wp-content\/uploads\/2024\/08\/Mochila-viajera-Lanzarote-julio-2024.jpeg\" data-link=\"https:\/\/www.mecerreyes.com\/mece\/?attachment_id=25244\" class=\"wp-image-25244\" srcset=\"https:\/\/www.mecerreyes.com\/mece\/wp-content\/uploads\/2024\/08\/Mochila-viajera-Lanzarote-julio-2024-576x1024.jpeg 576w, https:\/\/www.mecerreyes.com\/mece\/wp-content\/uploads\/2024\/08\/Mochila-viajera-Lanzarote-julio-2024-169x300.jpeg 169w, https:\/\/www.mecerreyes.com\/mece\/wp-content\/uploads\/2024\/08\/Mochila-viajera-Lanzarote-julio-2024-768x1365.jpeg 768w, https:\/\/www.mecerreyes.com\/mece\/wp-content\/uploads\/2024\/08\/Mochila-viajera-Lanzarote-julio-2024.jpeg 828w\" sizes=\"(max-width: 576px) 100vw, 576px\" \/><\/a><\/figure><\/li><\/ul><\/figure>\n\n\n\n<p>El exceso de lluvias del mes de junio, ha favorecido el crecimiento de hiervas, cardos y maleza desluciendo los bonitos campos de lavanda tan demandados por los amantes de la fotograf\u00eda.<\/p>\n\n\n\n<figure class=\"wp-block-gallery columns-2 is-cropped wp-block-gallery-3 is-layout-flex wp-block-gallery-is-layout-flex\"><ul class=\"blocks-gallery-grid\"><li class=\"blocks-gallery-item\"><figure><a  href=\"http:\/\/www.mecerreyes.com\/mece\/wp-content\/uploads\/2024\/08\/Mecerreyes-labanda-2024.-jpg-2.jpg\" class=\"thickbox no_icon\" title=\"\"><img loading=\"lazy\" decoding=\"async\" width=\"945\" height=\"508\" src=\"http:\/\/www.mecerreyes.com\/mece\/wp-content\/uploads\/2024\/08\/Mecerreyes-labanda-2024.-jpg-2.jpg\" alt=\"\" data-id=\"25247\" data-full-url=\"http:\/\/www.mecerreyes.com\/mece\/wp-content\/uploads\/2024\/08\/Mecerreyes-labanda-2024.-jpg-2.jpg\" data-link=\"http:\/\/www.mecerreyes.com\/mece\/?attachment_id=25247\" class=\"wp-image-25247\" srcset=\"https:\/\/www.mecerreyes.com\/mece\/wp-content\/uploads\/2024\/08\/Mecerreyes-labanda-2024.-jpg-2.jpg 945w, https:\/\/www.mecerreyes.com\/mece\/wp-content\/uploads\/2024\/08\/Mecerreyes-labanda-2024.-jpg-2-300x161.jpg 300w, https:\/\/www.mecerreyes.com\/mece\/wp-content\/uploads\/2024\/08\/Mecerreyes-labanda-2024.-jpg-2-768x413.jpg 768w\" sizes=\"(max-width: 945px) 100vw, 945px\" \/><\/a><\/figure><\/li><li class=\"blocks-gallery-item\"><figure><a  href=\"http:\/\/www.mecerreyes.com\/mece\/wp-content\/uploads\/2024\/08\/Mecerreyes-labanda-2024.-jpg-1.jpg\" class=\"thickbox no_icon\" title=\"\"><img loading=\"lazy\" decoding=\"async\" width=\"945\" height=\"465\" src=\"http:\/\/www.mecerreyes.com\/mece\/wp-content\/uploads\/2024\/08\/Mecerreyes-labanda-2024.-jpg-1.jpg\" alt=\"\" data-id=\"25246\" data-full-url=\"http:\/\/www.mecerreyes.com\/mece\/wp-content\/uploads\/2024\/08\/Mecerreyes-labanda-2024.-jpg-1.jpg\" data-link=\"http:\/\/www.mecerreyes.com\/mece\/?attachment_id=25246\" class=\"wp-image-25246\" srcset=\"https:\/\/www.mecerreyes.com\/mece\/wp-content\/uploads\/2024\/08\/Mecerreyes-labanda-2024.-jpg-1.jpg 945w, https:\/\/www.mecerreyes.com\/mece\/wp-content\/uploads\/2024\/08\/Mecerreyes-labanda-2024.-jpg-1-300x148.jpg 300w, https:\/\/www.mecerreyes.com\/mece\/wp-content\/uploads\/2024\/08\/Mecerreyes-labanda-2024.-jpg-1-768x378.jpg 768w\" sizes=\"(max-width: 945px) 100vw, 945px\" \/><\/a><\/figure><\/li><\/ul><\/figure>\n\n\n\n<div style=\"height:37px\" aria-hidden=\"true\" class=\"wp-block-spacer\"><\/div>\n\n\n\n<p style=\"font-size:22px\" class=\"has-background has-luminous-vivid-amber-background-color\"><strong>EFEM\u00c9RIDES<\/strong><\/p>\n\n\n\n<ul class=\"wp-block-list\"><li>El 5, D\u00eda Internacional del Cooperativismo.<\/li><li><strong>El 26, D\u00eda de los Abuelos.<\/strong><\/li><li>El 28, D\u00eda Mundial de las Hepatitis.<\/li><li>El 30, D\u00eda Mundial de la Trata de Personas<\/li><\/ul>\n\n\n\n<figure class=\"wp-block-gallery columns-1 is-cropped wp-block-gallery-4 is-layout-flex wp-block-gallery-is-layout-flex\"><ul class=\"blocks-gallery-grid\"><li class=\"blocks-gallery-item\"><figure><a  href=\"https:\/\/www.mecerreyes.com\/mece\/wp-content\/uploads\/2024\/08\/Mecerreyes-julio-2024-1.jpg\" class=\"thickbox no_icon\" title=\"\"><img loading=\"lazy\" decoding=\"async\" width=\"1024\" height=\"461\" src=\"https:\/\/www.mecerreyes.com\/mece\/wp-content\/uploads\/2024\/08\/Mecerreyes-julio-2024-1-1024x461.jpg\" alt=\"\" data-id=\"25249\" data-full-url=\"https:\/\/www.mecerreyes.com\/mece\/wp-content\/uploads\/2024\/08\/Mecerreyes-julio-2024-1.jpg\" data-link=\"https:\/\/www.mecerreyes.com\/mece\/?attachment_id=25249\" class=\"wp-image-25249\" srcset=\"https:\/\/www.mecerreyes.com\/mece\/wp-content\/uploads\/2024\/08\/Mecerreyes-julio-2024-1-1024x461.jpg 1024w, https:\/\/www.mecerreyes.com\/mece\/wp-content\/uploads\/2024\/08\/Mecerreyes-julio-2024-1-300x135.jpg 300w, https:\/\/www.mecerreyes.com\/mece\/wp-content\/uploads\/2024\/08\/Mecerreyes-julio-2024-1-768x346.jpg 768w, https:\/\/www.mecerreyes.com\/mece\/wp-content\/uploads\/2024\/08\/Mecerreyes-julio-2024-1-1080x486.jpg 1080w, https:\/\/www.mecerreyes.com\/mece\/wp-content\/uploads\/2024\/08\/Mecerreyes-julio-2024-1.jpg 1417w\" sizes=\"(max-width: 1024px) 100vw, 1024px\" \/><\/a><\/figure><\/li><\/ul><\/figure>\n\n\n\n<div style=\"height:60px\" aria-hidden=\"true\" class=\"wp-block-spacer\"><\/div>\n\n\n\n<p style=\"font-size:22px\" class=\"has-background has-luminous-vivid-amber-background-color\"><strong>AGUA POTABLE<\/strong><\/p>\n\n\n\n<p>Tras varios d\u00edas sin poder beber al agua del grifo de Mecerreyes, nos informan que despu\u00e9s de nuevos an\u00e1lisis: <strong>YA ES POTABLE<\/strong>, con menos de 0.40mg\/l de nitratos, estando el l\u00edmite recomendable en menor o igual a 0.50mg\/l.<\/p>\n\n\n\n<figure class=\"wp-block-gallery columns-1 is-cropped wp-block-gallery-5 is-layout-flex wp-block-gallery-is-layout-flex\"><ul class=\"blocks-gallery-grid\"><li class=\"blocks-gallery-item\"><figure><a  href=\"https:\/\/www.mecerreyes.com\/mece\/wp-content\/uploads\/2024\/08\/Agua-Potable-Mecerreyes.jpg\" class=\"thickbox no_icon\" title=\"\"><img loading=\"lazy\" decoding=\"async\" width=\"433\" height=\"609\" src=\"https:\/\/www.mecerreyes.com\/mece\/wp-content\/uploads\/2024\/08\/Agua-Potable-Mecerreyes.jpg\" alt=\"\" data-id=\"25283\" data-full-url=\"https:\/\/www.mecerreyes.com\/mece\/wp-content\/uploads\/2024\/08\/Agua-Potable-Mecerreyes.jpg\" data-link=\"https:\/\/www.mecerreyes.com\/mece\/?attachment_id=25283\" class=\"wp-image-25283\" srcset=\"https:\/\/www.mecerreyes.com\/mece\/wp-content\/uploads\/2024\/08\/Agua-Potable-Mecerreyes.jpg 433w, https:\/\/www.mecerreyes.com\/mece\/wp-content\/uploads\/2024\/08\/Agua-Potable-Mecerreyes-213x300.jpg 213w\" sizes=\"(max-width: 433px) 100vw, 433px\" \/><\/a><\/figure><\/li><\/ul><\/figure>\n\n\n\n<div style=\"height:62px\" aria-hidden=\"true\" class=\"wp-block-spacer\"><\/div>\n\n\n\n<p style=\"font-size:22px\" class=\"has-background has-luminous-vivid-amber-background-color\"><strong>HACE M\u00c1S DE UN SIGLO<\/strong><\/p>\n\n\n\n<p>Curiosa noticia del 1871 relacionada con el comercio del carb\u00f3n de Mecerreyes nos comenta en esta cr\u00f3nica Salvador Santamar\u00eda.<\/p>\n\n\n\n<p><em><span style=\"color:#201dd5\" class=\"has-inline-color\">Presentamos en este n\u00famero una noticia de septiembre de 1871, que muestra c\u00f3mo se hac\u00edan cumplir las normas en aquella \u00e9poca. La noticia consiste en el anuncio de la subasta de cierta cantidad de carb\u00f3n (1.600 arrobas, que equivalen a unos 18.400 Kgs.) que hab\u00eda sido intervenida en una causa criminal contra el alcalde de Mecerreyes por excesos en la corta y carboneo de le\u00f1as. Se entiende que la causa es contra el <a  href=\"https:\/\/www.mecerreyes.com\/mece\/?page_id=24\">Ayuntamiento<\/a>, representado por su Alcalde, pues si la causa fuese personalmente contra \u00e9l, lo hubieran citado por su nombre y apellidos. (En documentos de abril de este a\u00f1o-1871- aparece como alcalde Benigno Cuevas).<br><br>Como parece que la primera subasta quedo desierta, se public\u00f3 una segunda en noviembre de ese mismo a\u00f1o. En esta aparece la causa por la que se requiso el carb\u00f3n, que fue la corta fraudulenta de 87 encinas. Como evidentemente la corta no la pudo realizar el <a  href=\"https:\/\/www.mecerreyes.com\/mece\/?page_id=24\">Ayuntamiento<\/a>, parece que es al que se le hace responsable por no haber llevado la corta como estaba estipulado.<br><br>Si hacemos unos peque\u00f1os c\u00e1lculos sobre la transformaci\u00f3n de le\u00f1a a carb\u00f3n, que se estima en cinco partes de le\u00f1a para obtener una de carb\u00f3n, vemos que la cantidad de le\u00f1a que representan las 87 encinas es de m\u00e1s de 92.000 Kgs. lo que hace que cada encina supere los mil kilogramos de peso.<br>Esto nos sugiere que las encinas que se cortaron no eran renuevos j\u00f3venes como los que ahora estamos acostumbrados a ver sino grandes encinas, seguramente centenarias.<br><br>Es una coincidencia que en el mismo bolet\u00edn donde aparece la primera subasta, hay un cuadro de compras hechas para el hospital militar donde aparece un vendedor de carb\u00f3n de Mecerreyes (Casto Sanz). El precio que se paga por el carb\u00f3n es de 8,18 pesetas el Quintal m\u00e9trico (100 Kgs.) lo que nos da un precio aproximado de 8 c\u00e9ntimos el Kg. Sin embargo en la primera subasta el precio al que se tasa el carb\u00f3n es de 50 c\u00e9ntimos la arroba. Considerando que la arroba castellana pesaba unos 11,5 Kgs nos da un precio de unos 4 c\u00e9ntimos el Kg. Es decir se hab\u00eda rebajado a la mitad el precio. Como parece que qued\u00f3 desierta, en la segunda subasta se baj\u00f3 el precio m\u00e1s a\u00fan y se tas\u00f3 en 325 pesetas el total. Como hab\u00edamos calculado que hab\u00eda unos 18.400 Kgs. el precio nos sale a menos de 2 c\u00e9ntimos el Kg. Da la sensaci\u00f3n que nadie se atrev\u00eda a comprar ese carb\u00f3n que todos considerar\u00edan que era de los vecinos de Mecerreyes. Qui\u00e9n sabe.<br><br>De todas formas parece que al final no hubo grandes represalias puesto que en el mismo bolet\u00edn donde se publica la segunda subasta aparece la autorizaci\u00f3n de la Comisi\u00f3n de Fomento al <a  href=\"https:\/\/www.mecerreyes.com\/mece\/?page_id=24\">Ayuntamiento<\/a> de Mecerreyes para poder volver a carbonear 304 carros de le\u00f1a.<\/span><\/em><br><br>Salvador Santamaria<\/p>\n\n\n\n<p class=\"has-small-font-size\">(Nota: todo lo escrito es solamente mi opini\u00f3n, que someto a la de cualquiera que tenga mejor conocimiento que yo sobre este tema)<\/p>\n\n\n\n<figure class=\"wp-block-gallery columns-2 is-cropped wp-block-gallery-6 is-layout-flex wp-block-gallery-is-layout-flex\"><ul class=\"blocks-gallery-grid\"><li class=\"blocks-gallery-item\"><figure><a  href=\"https:\/\/www.mecerreyes.com\/mece\/wp-content\/uploads\/2024\/08\/1871-11-autorizacion-carboneo.png\" class=\"thickbox no_icon\" title=\"\"><img loading=\"lazy\" decoding=\"async\" width=\"236\" height=\"395\" src=\"https:\/\/www.mecerreyes.com\/mece\/wp-content\/uploads\/2024\/08\/1871-11-autorizacion-carboneo.png\" alt=\"\" data-id=\"25251\" data-full-url=\"https:\/\/www.mecerreyes.com\/mece\/wp-content\/uploads\/2024\/08\/1871-11-autorizacion-carboneo.png\" data-link=\"https:\/\/www.mecerreyes.com\/mece\/?attachment_id=25251\" class=\"wp-image-25251\" srcset=\"https:\/\/www.mecerreyes.com\/mece\/wp-content\/uploads\/2024\/08\/1871-11-autorizacion-carboneo.png 236w, https:\/\/www.mecerreyes.com\/mece\/wp-content\/uploads\/2024\/08\/1871-11-autorizacion-carboneo-179x300.png 179w\" sizes=\"(max-width: 236px) 100vw, 236px\" \/><\/a><\/figure><\/li><li class=\"blocks-gallery-item\"><figure><a  href=\"https:\/\/www.mecerreyes.com\/mece\/wp-content\/uploads\/2024\/08\/1871-09-10-Subasta-carbon-requisado-1.png\" class=\"thickbox no_icon\" title=\"\"><img loading=\"lazy\" decoding=\"async\" width=\"236\" height=\"525\" src=\"https:\/\/www.mecerreyes.com\/mece\/wp-content\/uploads\/2024\/08\/1871-09-10-Subasta-carbon-requisado-1.png\" alt=\"\" data-id=\"25252\" data-full-url=\"https:\/\/www.mecerreyes.com\/mece\/wp-content\/uploads\/2024\/08\/1871-09-10-Subasta-carbon-requisado-1.png\" data-link=\"https:\/\/www.mecerreyes.com\/mece\/?attachment_id=25252\" class=\"wp-image-25252\" srcset=\"https:\/\/www.mecerreyes.com\/mece\/wp-content\/uploads\/2024\/08\/1871-09-10-Subasta-carbon-requisado-1.png 236w, https:\/\/www.mecerreyes.com\/mece\/wp-content\/uploads\/2024\/08\/1871-09-10-Subasta-carbon-requisado-1-135x300.png 135w\" sizes=\"(max-width: 236px) 100vw, 236px\" \/><\/a><\/figure><\/li><li class=\"blocks-gallery-item\"><figure><a  href=\"https:\/\/www.mecerreyes.com\/mece\/wp-content\/uploads\/2024\/08\/1871-09-Precio-carbon.png\" class=\"thickbox no_icon\" title=\"\"><img loading=\"lazy\" decoding=\"async\" width=\"472\" height=\"363\" src=\"https:\/\/www.mecerreyes.com\/mece\/wp-content\/uploads\/2024\/08\/1871-09-Precio-carbon.png\" alt=\"\" data-id=\"25253\" data-full-url=\"https:\/\/www.mecerreyes.com\/mece\/wp-content\/uploads\/2024\/08\/1871-09-Precio-carbon.png\" data-link=\"https:\/\/www.mecerreyes.com\/mece\/?attachment_id=25253\" class=\"wp-image-25253\" srcset=\"https:\/\/www.mecerreyes.com\/mece\/wp-content\/uploads\/2024\/08\/1871-09-Precio-carbon.png 472w, https:\/\/www.mecerreyes.com\/mece\/wp-content\/uploads\/2024\/08\/1871-09-Precio-carbon-300x231.png 300w\" sizes=\"(max-width: 472px) 100vw, 472px\" \/><\/a><\/figure><\/li><li class=\"blocks-gallery-item\"><figure><a  href=\"https:\/\/www.mecerreyes.com\/mece\/wp-content\/uploads\/2024\/08\/1871-11-21-Subasta-carbon-requisado-2.png\" class=\"thickbox no_icon\" title=\"\"><img loading=\"lazy\" decoding=\"async\" width=\"236\" height=\"478\" src=\"https:\/\/www.mecerreyes.com\/mece\/wp-content\/uploads\/2024\/08\/1871-11-21-Subasta-carbon-requisado-2.png\" alt=\"\" data-id=\"25254\" data-full-url=\"https:\/\/www.mecerreyes.com\/mece\/wp-content\/uploads\/2024\/08\/1871-11-21-Subasta-carbon-requisado-2.png\" data-link=\"https:\/\/www.mecerreyes.com\/mece\/?attachment_id=25254\" class=\"wp-image-25254\" srcset=\"https:\/\/www.mecerreyes.com\/mece\/wp-content\/uploads\/2024\/08\/1871-11-21-Subasta-carbon-requisado-2.png 236w, https:\/\/www.mecerreyes.com\/mece\/wp-content\/uploads\/2024\/08\/1871-11-21-Subasta-carbon-requisado-2-148x300.png 148w\" sizes=\"(max-width: 236px) 100vw, 236px\" \/><\/a><\/figure><\/li><\/ul><\/figure>\n\n\n\n<div style=\"height:75px\" aria-hidden=\"true\" class=\"wp-block-spacer\"><\/div>\n\n\n\n<p style=\"font-size:22px\" class=\"has-background has-luminous-vivid-amber-background-color\"><strong>DEFUNCIONES<\/strong><\/p>\n\n\n\n<p>Dos despedidas este mes, y aunque por su edad, sus expectativas de vida estaban ampliamente cumplidas, dejan en sus familias y vecinos cari\u00f1osos recuerdos.&nbsp; Nos unimos en el dolor de las mismas. Descansen en Paz.<\/p>\n\n\n\n<p><strong>D\u00d1a. REMEDIOS ALONSO BLANCO\u00a0 <\/strong>(Vda. de D. Emilio Aus\u00edn Fern\u00e1ndez)<strong> <\/strong>falleci\u00f3 en<strong> <\/strong>Burgos\u00a0el d\u00eda 2 de julio a los 94 a\u00f1os de edad, familiares, amigos y vecinos, despidieron su cuerpo en la Iglesia de Mecerreyes, descansa en el cementerio local. D.E.P<\/p>\n\n\n\n<figure class=\"wp-block-gallery columns-1 is-cropped wp-block-gallery-7 is-layout-flex wp-block-gallery-is-layout-flex\"><ul class=\"blocks-gallery-grid\"><li class=\"blocks-gallery-item\"><figure><img loading=\"lazy\" decoding=\"async\" width=\"649\" height=\"1024\" src=\"https:\/\/www.mecerreyes.com\/mece\/wp-content\/uploads\/2024\/08\/Remedios-Alonso-Blanco-649x1024.jpg\" alt=\"\" data-id=\"25271\" data-full-url=\"https:\/\/www.mecerreyes.com\/mece\/wp-content\/uploads\/2024\/08\/Remedios-Alonso-Blanco-scaled.jpg\" data-link=\"https:\/\/www.mecerreyes.com\/mece\/?attachment_id=25271\" class=\"wp-image-25271\" srcset=\"https:\/\/www.mecerreyes.com\/mece\/wp-content\/uploads\/2024\/08\/Remedios-Alonso-Blanco-649x1024.jpg 649w, https:\/\/www.mecerreyes.com\/mece\/wp-content\/uploads\/2024\/08\/Remedios-Alonso-Blanco-190x300.jpg 190w, https:\/\/www.mecerreyes.com\/mece\/wp-content\/uploads\/2024\/08\/Remedios-Alonso-Blanco-768x1212.jpg 768w, https:\/\/www.mecerreyes.com\/mece\/wp-content\/uploads\/2024\/08\/Remedios-Alonso-Blanco-973x1536.jpg 973w, https:\/\/www.mecerreyes.com\/mece\/wp-content\/uploads\/2024\/08\/Remedios-Alonso-Blanco-1298x2048.jpg 1298w, https:\/\/www.mecerreyes.com\/mece\/wp-content\/uploads\/2024\/08\/Remedios-Alonso-Blanco-1080x1704.jpg 1080w, https:\/\/www.mecerreyes.com\/mece\/wp-content\/uploads\/2024\/08\/Remedios-Alonso-Blanco-scaled.jpg 1622w\" sizes=\"(max-width: 649px) 100vw, 649px\" \/><\/figure><\/li><\/ul><\/figure>\n\n\n\n<div style=\"height:71px\" aria-hidden=\"true\" class=\"wp-block-spacer\"><\/div>\n\n\n\n<p><strong>D\u00d1A. ENCARNACI\u00d3N ALONSO ALONSO<\/strong> (Vda. de D. Federico Alonso Burgos) falleci\u00f3 en Burgos el d\u00eda 8 de julio a los 94 a\u00f1os de edad. Sus restos fueron despedidos en la Iglesia Parroquial de Mecerreyes y descansan en el cementerio local junto a los de su querido esposo. D.E.P. <\/p>\n\n\n\n<figure class=\"wp-block-gallery columns-1 is-cropped wp-block-gallery-8 is-layout-flex wp-block-gallery-is-layout-flex\"><ul class=\"blocks-gallery-grid\"><li class=\"blocks-gallery-item\"><figure><a  href=\"https:\/\/www.mecerreyes.com\/mece\/wp-content\/uploads\/2024\/08\/Esquela-Encarna-Alonso-Alonso.jpeg\" class=\"thickbox no_icon\" title=\"\"><img loading=\"lazy\" decoding=\"async\" width=\"1024\" height=\"857\" src=\"https:\/\/www.mecerreyes.com\/mece\/wp-content\/uploads\/2024\/08\/Esquela-Encarna-Alonso-Alonso-1024x857.jpeg\" alt=\"\" data-id=\"25269\" data-full-url=\"https:\/\/www.mecerreyes.com\/mece\/wp-content\/uploads\/2024\/08\/Esquela-Encarna-Alonso-Alonso.jpeg\" data-link=\"https:\/\/www.mecerreyes.com\/mece\/?attachment_id=25269\" class=\"wp-image-25269\" srcset=\"https:\/\/www.mecerreyes.com\/mece\/wp-content\/uploads\/2024\/08\/Esquela-Encarna-Alonso-Alonso-1024x857.jpeg 1024w, https:\/\/www.mecerreyes.com\/mece\/wp-content\/uploads\/2024\/08\/Esquela-Encarna-Alonso-Alonso-300x251.jpeg 300w, https:\/\/www.mecerreyes.com\/mece\/wp-content\/uploads\/2024\/08\/Esquela-Encarna-Alonso-Alonso-768x643.jpeg 768w, https:\/\/www.mecerreyes.com\/mece\/wp-content\/uploads\/2024\/08\/Esquela-Encarna-Alonso-Alonso-1536x1286.jpeg 1536w, https:\/\/www.mecerreyes.com\/mece\/wp-content\/uploads\/2024\/08\/Esquela-Encarna-Alonso-Alonso-1080x904.jpeg 1080w, https:\/\/www.mecerreyes.com\/mece\/wp-content\/uploads\/2024\/08\/Esquela-Encarna-Alonso-Alonso.jpeg 1843w\" sizes=\"(max-width: 1024px) 100vw, 1024px\" \/><\/a><\/figure><\/li><li class=\"blocks-gallery-item\"><figure><a  href=\"https:\/\/www.mecerreyes.com\/mece\/wp-content\/uploads\/2024\/08\/Encarna-Alonso-Alonso.jpeg\" class=\"thickbox no_icon\" title=\"\"><img loading=\"lazy\" decoding=\"async\" width=\"945\" height=\"635\" src=\"https:\/\/www.mecerreyes.com\/mece\/wp-content\/uploads\/2024\/08\/Encarna-Alonso-Alonso.jpeg\" alt=\"\" data-id=\"25268\" data-full-url=\"https:\/\/www.mecerreyes.com\/mece\/wp-content\/uploads\/2024\/08\/Encarna-Alonso-Alonso.jpeg\" data-link=\"https:\/\/www.mecerreyes.com\/mece\/?attachment_id=25268\" class=\"wp-image-25268\" srcset=\"https:\/\/www.mecerreyes.com\/mece\/wp-content\/uploads\/2024\/08\/Encarna-Alonso-Alonso.jpeg 945w, https:\/\/www.mecerreyes.com\/mece\/wp-content\/uploads\/2024\/08\/Encarna-Alonso-Alonso-300x202.jpeg 300w, https:\/\/www.mecerreyes.com\/mece\/wp-content\/uploads\/2024\/08\/Encarna-Alonso-Alonso-768x516.jpeg 768w\" sizes=\"(max-width: 945px) 100vw, 945px\" \/><\/a><\/figure><\/li><\/ul><\/figure>\n\n\n\n<div style=\"height:69px\" aria-hidden=\"true\" class=\"wp-block-spacer\"><\/div>\n\n\n\n<p style=\"font-size:22px\" class=\"has-background has-luminous-vivid-amber-background-color\"><strong>LISTA DE <a  href=\"https:\/\/www.mecerreyes.com\/mece\/?page_id=41\">SERVICIOS<\/a>.<\/strong><\/p>\n\n\n\n<p>Con el fin de facilitar a los vecinos, veraneantes, y usuarios del albergue, los <a  href=\"https:\/\/www.mecerreyes.com\/mece\/?page_id=41\">servicios<\/a> de los que se puede hacer uso en el pueblo, hemos dise\u00f1ado esta tabla que esperamos sea de ayuda.<\/p>\n\n\n\n<figure class=\"wp-block-gallery columns-1 is-cropped wp-block-gallery-9 is-layout-flex wp-block-gallery-is-layout-flex\"><ul class=\"blocks-gallery-grid\"><li class=\"blocks-gallery-item\"><figure><a  href=\"https:\/\/www.mecerreyes.com\/mece\/wp-content\/uploads\/2024\/08\/Servicios-en-Mecerreyes-verano-24.jpg\" class=\"thickbox no_icon\" title=\"\"><img loading=\"lazy\" decoding=\"async\" width=\"892\" height=\"723\" src=\"https:\/\/www.mecerreyes.com\/mece\/wp-content\/uploads\/2024\/08\/Servicios-en-Mecerreyes-verano-24.jpg\" alt=\"\" data-id=\"25280\" data-full-url=\"https:\/\/www.mecerreyes.com\/mece\/wp-content\/uploads\/2024\/08\/Servicios-en-Mecerreyes-verano-24.jpg\" data-link=\"https:\/\/www.mecerreyes.com\/mece\/?attachment_id=25280\" class=\"wp-image-25280\" srcset=\"https:\/\/www.mecerreyes.com\/mece\/wp-content\/uploads\/2024\/08\/Servicios-en-Mecerreyes-verano-24.jpg 892w, https:\/\/www.mecerreyes.com\/mece\/wp-content\/uploads\/2024\/08\/Servicios-en-Mecerreyes-verano-24-300x243.jpg 300w, https:\/\/www.mecerreyes.com\/mece\/wp-content\/uploads\/2024\/08\/Servicios-en-Mecerreyes-verano-24-768x622.jpg 768w\" sizes=\"(max-width: 892px) 100vw, 892px\" \/><\/a><\/figure><\/li><\/ul><\/figure>\n\n\n\n<div style=\"height:66px\" aria-hidden=\"true\" class=\"wp-block-spacer\"><\/div>\n\n\n\n<p style=\"font-size:22px\" class=\"has-background has-luminous-vivid-amber-background-color\"><strong>INAUGURACI\u00d3N DEL BAR DEL MES\u00d3N DE FRUTOS<\/strong><\/p>\n\n\n\n<p>El d\u00eda 26 el ambiente se concentr\u00f3 entorno a la carretera, la terraza del Bar la Villa sirvi\u00f3 de anfitri\u00f3n para degustar el chocolate de las abuelas, y la terraza del <a  href=\"https:\/\/www.mecerreyes.com\/mece\/?page_id=797\">Mes\u00f3n de Frutos<\/a> tambi\u00e9n estaba llena al ser el primer d\u00eda de este verano que abr\u00eda al bar del Mes\u00f3n.<\/p>\n\n\n\n<p>Andr\u00e9s, Sergio y M\u00f3nica ser\u00e1n los encargados de gestionarlo durante el mes de agosto.<\/p>\n\n\n\n<p>Sin duda, un servicio que se suma al del Bar la Villa y que beneficia los visitantes, que atra\u00eddos por los eventos culturales y las fiestas de <a  href=\"https:\/\/www.mecerreyes.com\/mece\/?page_id=60\">acci\u00f3n de Gracias<\/a>, pueden disfrutar mejor de las reuniones entorno a una consumici\u00f3n. <\/p>\n\n\n\n<figure class=\"wp-block-gallery columns-1 is-cropped wp-block-gallery-10 is-layout-flex wp-block-gallery-is-layout-flex\"><ul class=\"blocks-gallery-grid\"><li class=\"blocks-gallery-item\"><figure><img loading=\"lazy\" decoding=\"async\" width=\"1024\" height=\"461\" src=\"https:\/\/www.mecerreyes.com\/mece\/wp-content\/uploads\/2024\/08\/Inauguraci\u00f3n-Bar-del-Meson-de-Frutos-Mecerreyes-26-07-2024-1024x461.jpg\" alt=\"\" data-id=\"25256\" data-full-url=\"https:\/\/www.mecerreyes.com\/mece\/wp-content\/uploads\/2024\/08\/Inauguraci\u00f3n-Bar-del-Meson-de-Frutos-Mecerreyes-26-07-2024.jpg\" data-link=\"https:\/\/www.mecerreyes.com\/mece\/?attachment_id=25256\" class=\"wp-image-25256\" srcset=\"https:\/\/www.mecerreyes.com\/mece\/wp-content\/uploads\/2024\/08\/Inauguraci\u00f3n-Bar-del-Meson-de-Frutos-Mecerreyes-26-07-2024-1024x461.jpg 1024w, https:\/\/www.mecerreyes.com\/mece\/wp-content\/uploads\/2024\/08\/Inauguraci\u00f3n-Bar-del-Meson-de-Frutos-Mecerreyes-26-07-2024-300x135.jpg 300w, https:\/\/www.mecerreyes.com\/mece\/wp-content\/uploads\/2024\/08\/Inauguraci\u00f3n-Bar-del-Meson-de-Frutos-Mecerreyes-26-07-2024-768x346.jpg 768w, https:\/\/www.mecerreyes.com\/mece\/wp-content\/uploads\/2024\/08\/Inauguraci\u00f3n-Bar-del-Meson-de-Frutos-Mecerreyes-26-07-2024-1536x691.jpg 1536w, https:\/\/www.mecerreyes.com\/mece\/wp-content\/uploads\/2024\/08\/Inauguraci\u00f3n-Bar-del-Meson-de-Frutos-Mecerreyes-26-07-2024-1080x486.jpg 1080w, https:\/\/www.mecerreyes.com\/mece\/wp-content\/uploads\/2024\/08\/Inauguraci\u00f3n-Bar-del-Meson-de-Frutos-Mecerreyes-26-07-2024.jpg 1984w\" sizes=\"(max-width: 1024px) 100vw, 1024px\" \/><\/figure><\/li><\/ul><\/figure>\n\n\n\n<div style=\"height:68px\" aria-hidden=\"true\" class=\"wp-block-spacer\"><\/div>\n\n\n\n<p style=\"font-size:22px\" class=\"has-background has-luminous-vivid-amber-background-color\"><strong>CELEBRACI\u00d3N FAMILIAR<\/strong><\/p>\n\n\n\n<p>El 27 de junio, <em>Ana Varga (90) y Merche Alonso (60) rodeadas de familiares y amigos en la celebraci\u00f3n conjunta de sus cumplea\u00f1os. Un emotivo homenaje a dos mujeres extraordinarias que han dejado una huella imborrable en sus seres queridos.<\/em><br><em>El evento sorpresa, organizado por la nieta de Ana e hija de Merche, reuni\u00f3 a familiares y amigos de diversas generaciones para honrar la vida y los logros de ambas mujeres. La celebraci\u00f3n fue un emotivo encuentro lleno de risas, recuerdos compartidos y cari\u00f1o.<\/em><\/p>\n\n\n\n<figure class=\"wp-block-gallery columns-1 is-cropped wp-block-gallery-11 is-layout-flex wp-block-gallery-is-layout-flex\"><ul class=\"blocks-gallery-grid\"><li class=\"blocks-gallery-item\"><figure><img loading=\"lazy\" decoding=\"async\" width=\"1024\" height=\"520\" src=\"https:\/\/www.mecerreyes.com\/mece\/wp-content\/uploads\/2024\/08\/Fiesta-Sorpresa-Ana-Varga-90-y-Merche-Alonso-60-1024x520.jpg\" alt=\"\" data-id=\"25237\" data-full-url=\"https:\/\/www.mecerreyes.com\/mece\/wp-content\/uploads\/2024\/08\/Fiesta-Sorpresa-Ana-Varga-90-y-Merche-Alonso-60.jpg\" data-link=\"https:\/\/www.mecerreyes.com\/mece\/?attachment_id=25237\" class=\"wp-image-25237\" srcset=\"https:\/\/www.mecerreyes.com\/mece\/wp-content\/uploads\/2024\/08\/Fiesta-Sorpresa-Ana-Varga-90-y-Merche-Alonso-60-1024x520.jpg 1024w, https:\/\/www.mecerreyes.com\/mece\/wp-content\/uploads\/2024\/08\/Fiesta-Sorpresa-Ana-Varga-90-y-Merche-Alonso-60-300x152.jpg 300w, https:\/\/www.mecerreyes.com\/mece\/wp-content\/uploads\/2024\/08\/Fiesta-Sorpresa-Ana-Varga-90-y-Merche-Alonso-60-768x390.jpg 768w, https:\/\/www.mecerreyes.com\/mece\/wp-content\/uploads\/2024\/08\/Fiesta-Sorpresa-Ana-Varga-90-y-Merche-Alonso-60-1080x549.jpg 1080w, https:\/\/www.mecerreyes.com\/mece\/wp-content\/uploads\/2024\/08\/Fiesta-Sorpresa-Ana-Varga-90-y-Merche-Alonso-60.jpg 1417w\" sizes=\"(max-width: 1024px) 100vw, 1024px\" \/><\/figure><\/li><\/ul><\/figure>\n\n\n\n<div style=\"height:73px\" aria-hidden=\"true\" class=\"wp-block-spacer\"><\/div>\n\n\n\n<p style=\"font-size:22px\" class=\"has-background has-luminous-vivid-amber-background-color\"><strong>VERANO CULTURAL<\/strong><\/p>\n\n\n\n<p>Seguimos anunciando las actividades culturales previstas para este mes de agosto, que culminar\u00e1 con la Fiestas de <a  href=\"https:\/\/www.mecerreyes.com\/mece\/?page_id=60\">Acci\u00f3n de Gracias<\/a> y Nuestra Se\u00f1ora del Camino<\/p>\n\n\n\n<figure class=\"wp-block-gallery columns-1 is-cropped wp-block-gallery-12 is-layout-flex wp-block-gallery-is-layout-flex\"><ul class=\"blocks-gallery-grid\"><li class=\"blocks-gallery-item\"><figure><a  href=\"http:\/\/www.mecerreyes.com\/mece\/wp-content\/uploads\/2024\/07\/Cartel-Verano-Cultural-2024-Mecerreyes-724x1024.jpg\" class=\"thickbox no_icon\" title=\"\"><img loading=\"lazy\" decoding=\"async\" width=\"724\" height=\"1024\" src=\"http:\/\/www.mecerreyes.com\/mece\/wp-content\/uploads\/2024\/07\/Cartel-Verano-Cultural-2024-Mecerreyes-724x1024.jpg\" alt=\"\" data-id=\"25221\" data-link=\"http:\/\/www.mecerreyes.com\/mece\/?attachment_id=25221\" class=\"wp-image-25221\" srcset=\"https:\/\/www.mecerreyes.com\/mece\/wp-content\/uploads\/2024\/07\/Cartel-Verano-Cultural-2024-Mecerreyes-724x1024.jpg 724w, https:\/\/www.mecerreyes.com\/mece\/wp-content\/uploads\/2024\/07\/Cartel-Verano-Cultural-2024-Mecerreyes-212x300.jpg 212w, https:\/\/www.mecerreyes.com\/mece\/wp-content\/uploads\/2024\/07\/Cartel-Verano-Cultural-2024-Mecerreyes-768x1087.jpg 768w, https:\/\/www.mecerreyes.com\/mece\/wp-content\/uploads\/2024\/07\/Cartel-Verano-Cultural-2024-Mecerreyes-1086x1536.jpg 1086w, https:\/\/www.mecerreyes.com\/mece\/wp-content\/uploads\/2024\/07\/Cartel-Verano-Cultural-2024-Mecerreyes-1080x1528.jpg 1080w, https:\/\/www.mecerreyes.com\/mece\/wp-content\/uploads\/2024\/07\/Cartel-Verano-Cultural-2024-Mecerreyes.jpg 1417w\" sizes=\"(max-width: 724px) 100vw, 724px\" \/><\/a><\/figure><\/li><li class=\"blocks-gallery-item\"><figure><a  href=\"https:\/\/www.mecerreyes.com\/mece\/wp-content\/uploads\/2024\/08\/Cartel-Arbayal-en-Mecerreyes-10-08-2024.jpeg\" class=\"thickbox no_icon\" title=\"\"><img loading=\"lazy\" decoding=\"async\" width=\"567\" height=\"802\" src=\"https:\/\/www.mecerreyes.com\/mece\/wp-content\/uploads\/2024\/08\/Cartel-Arbayal-en-Mecerreyes-10-08-2024.jpeg\" alt=\"\" data-id=\"25234\" data-link=\"https:\/\/www.mecerreyes.com\/mece\/?attachment_id=25234\" class=\"wp-image-25234\" srcset=\"https:\/\/www.mecerreyes.com\/mece\/wp-content\/uploads\/2024\/08\/Cartel-Arbayal-en-Mecerreyes-10-08-2024.jpeg 567w, https:\/\/www.mecerreyes.com\/mece\/wp-content\/uploads\/2024\/08\/Cartel-Arbayal-en-Mecerreyes-10-08-2024-212x300.jpeg 212w\" sizes=\"(max-width: 567px) 100vw, 567px\" \/><\/a><\/figure><\/li><li class=\"blocks-gallery-item\"><figure><a  href=\"https:\/\/www.mecerreyes.com\/mece\/wp-content\/uploads\/2024\/08\/Cartel-Verano-Cultural-Mecerreyes-Farolillos2024.jpeg\" class=\"thickbox no_icon\" title=\"\"><img loading=\"lazy\" decoding=\"async\" width=\"567\" height=\"802\" src=\"https:\/\/www.mecerreyes.com\/mece\/wp-content\/uploads\/2024\/08\/Cartel-Verano-Cultural-Mecerreyes-Farolillos2024.jpeg\" alt=\"\" data-id=\"25275\" data-link=\"https:\/\/www.mecerreyes.com\/mece\/?attachment_id=25275\" class=\"wp-image-25275\" srcset=\"https:\/\/www.mecerreyes.com\/mece\/wp-content\/uploads\/2024\/08\/Cartel-Verano-Cultural-Mecerreyes-Farolillos2024.jpeg 567w, https:\/\/www.mecerreyes.com\/mece\/wp-content\/uploads\/2024\/08\/Cartel-Verano-Cultural-Mecerreyes-Farolillos2024-212x300.jpeg 212w\" sizes=\"(max-width: 567px) 100vw, 567px\" \/><\/a><\/figure><\/li><li class=\"blocks-gallery-item\"><figure><a  href=\"https:\/\/www.mecerreyes.com\/mece\/wp-content\/uploads\/2024\/08\/Cartel-Verano-Cultural-Mecerreyes-Cine-2024.jpeg\" class=\"thickbox no_icon\" title=\"\"><img loading=\"lazy\" decoding=\"async\" width=\"567\" height=\"802\" src=\"https:\/\/www.mecerreyes.com\/mece\/wp-content\/uploads\/2024\/08\/Cartel-Verano-Cultural-Mecerreyes-Cine-2024.jpeg\" alt=\"\" data-id=\"25278\" data-link=\"https:\/\/www.mecerreyes.com\/mece\/?attachment_id=25278\" class=\"wp-image-25278\" srcset=\"https:\/\/www.mecerreyes.com\/mece\/wp-content\/uploads\/2024\/08\/Cartel-Verano-Cultural-Mecerreyes-Cine-2024.jpeg 567w, https:\/\/www.mecerreyes.com\/mece\/wp-content\/uploads\/2024\/08\/Cartel-Verano-Cultural-Mecerreyes-Cine-2024-212x300.jpeg 212w\" sizes=\"(max-width: 567px) 100vw, 567px\" \/><\/a><\/figure><\/li><li class=\"blocks-gallery-item\"><figure><a  href=\"https:\/\/www.mecerreyes.com\/mece\/wp-content\/uploads\/2024\/08\/Cartel-El-Duende-en-Mecerreyes-17-08-2024-726x1024.jpeg\" class=\"thickbox no_icon\" title=\"\"><img loading=\"lazy\" decoding=\"async\" width=\"726\" height=\"1024\" src=\"https:\/\/www.mecerreyes.com\/mece\/wp-content\/uploads\/2024\/08\/Cartel-El-Duende-en-Mecerreyes-17-08-2024-726x1024.jpeg\" alt=\"\" data-id=\"25235\" data-link=\"https:\/\/www.mecerreyes.com\/mece\/?attachment_id=25235\" class=\"wp-image-25235\" srcset=\"https:\/\/www.mecerreyes.com\/mece\/wp-content\/uploads\/2024\/08\/Cartel-El-Duende-en-Mecerreyes-17-08-2024-726x1024.jpeg 726w, https:\/\/www.mecerreyes.com\/mece\/wp-content\/uploads\/2024\/08\/Cartel-El-Duende-en-Mecerreyes-17-08-2024-213x300.jpeg 213w, https:\/\/www.mecerreyes.com\/mece\/wp-content\/uploads\/2024\/08\/Cartel-El-Duende-en-Mecerreyes-17-08-2024.jpeg 756w\" sizes=\"(max-width: 726px) 100vw, 726px\" \/><\/a><\/figure><\/li><li class=\"blocks-gallery-item\"><figure><a  href=\"https:\/\/www.mecerreyes.com\/mece\/wp-content\/uploads\/2024\/08\/Cartel-Verano-Cultural-Mecerreyes-Carteritas-24.jpeg\" class=\"thickbox no_icon\" title=\"\"><img loading=\"lazy\" decoding=\"async\" width=\"724\" height=\"1024\" src=\"https:\/\/www.mecerreyes.com\/mece\/wp-content\/uploads\/2024\/08\/Cartel-Verano-Cultural-Mecerreyes-Carteritas-24-724x1024.jpeg\" alt=\"\" data-id=\"25285\" data-full-url=\"https:\/\/www.mecerreyes.com\/mece\/wp-content\/uploads\/2024\/08\/Cartel-Verano-Cultural-Mecerreyes-Carteritas-24.jpeg\" data-link=\"https:\/\/www.mecerreyes.com\/mece\/?attachment_id=25285\" class=\"wp-image-25285\" srcset=\"https:\/\/www.mecerreyes.com\/mece\/wp-content\/uploads\/2024\/08\/Cartel-Verano-Cultural-Mecerreyes-Carteritas-24-724x1024.jpeg 724w, https:\/\/www.mecerreyes.com\/mece\/wp-content\/uploads\/2024\/08\/Cartel-Verano-Cultural-Mecerreyes-Carteritas-24-212x300.jpeg 212w, https:\/\/www.mecerreyes.com\/mece\/wp-content\/uploads\/2024\/08\/Cartel-Verano-Cultural-Mecerreyes-Carteritas-24-768x1086.jpeg 768w, https:\/\/www.mecerreyes.com\/mece\/wp-content\/uploads\/2024\/08\/Cartel-Verano-Cultural-Mecerreyes-Carteritas-24-1086x1536.jpeg 1086w, https:\/\/www.mecerreyes.com\/mece\/wp-content\/uploads\/2024\/08\/Cartel-Verano-Cultural-Mecerreyes-Carteritas-24-1448x2048.jpeg 1448w, https:\/\/www.mecerreyes.com\/mece\/wp-content\/uploads\/2024\/08\/Cartel-Verano-Cultural-Mecerreyes-Carteritas-24-1080x1527.jpeg 1080w, https:\/\/www.mecerreyes.com\/mece\/wp-content\/uploads\/2024\/08\/Cartel-Verano-Cultural-Mecerreyes-Carteritas-24.jpeg 1772w\" sizes=\"(max-width: 724px) 100vw, 724px\" \/><\/a><\/figure><\/li><li class=\"blocks-gallery-item\"><figure><a  href=\"https:\/\/www.mecerreyes.com\/mece\/wp-content\/uploads\/2024\/08\/Cartel-Verano-Cultural-Mecerreyes-Charla-2024.jpeg\" class=\"thickbox no_icon\" title=\"\"><img loading=\"lazy\" decoding=\"async\" width=\"567\" height=\"802\" src=\"https:\/\/www.mecerreyes.com\/mece\/wp-content\/uploads\/2024\/08\/Cartel-Verano-Cultural-Mecerreyes-Charla-2024.jpeg\" alt=\"\" data-id=\"25277\" data-link=\"https:\/\/www.mecerreyes.com\/mece\/?attachment_id=25277\" class=\"wp-image-25277\" srcset=\"https:\/\/www.mecerreyes.com\/mece\/wp-content\/uploads\/2024\/08\/Cartel-Verano-Cultural-Mecerreyes-Charla-2024.jpeg 567w, https:\/\/www.mecerreyes.com\/mece\/wp-content\/uploads\/2024\/08\/Cartel-Verano-Cultural-Mecerreyes-Charla-2024-212x300.jpeg 212w\" sizes=\"(max-width: 567px) 100vw, 567px\" \/><\/a><\/figure><\/li><li class=\"blocks-gallery-item\"><figure><a  href=\"https:\/\/www.mecerreyes.com\/mece\/wp-content\/uploads\/2024\/08\/Cartel-Tiritirantes-Mecerreyes-25-08-2024-1-724x1024.jpg\" class=\"thickbox no_icon\" title=\"\"><img loading=\"lazy\" decoding=\"async\" width=\"724\" height=\"1024\" src=\"https:\/\/www.mecerreyes.com\/mece\/wp-content\/uploads\/2024\/08\/Cartel-Tiritirantes-Mecerreyes-25-08-2024-1-724x1024.jpg\" alt=\"\" data-id=\"25261\" data-link=\"https:\/\/www.mecerreyes.com\/mece\/?attachment_id=25261\" class=\"wp-image-25261\" srcset=\"https:\/\/www.mecerreyes.com\/mece\/wp-content\/uploads\/2024\/08\/Cartel-Tiritirantes-Mecerreyes-25-08-2024-1-724x1024.jpg 724w, https:\/\/www.mecerreyes.com\/mece\/wp-content\/uploads\/2024\/08\/Cartel-Tiritirantes-Mecerreyes-25-08-2024-1-212x300.jpg 212w, https:\/\/www.mecerreyes.com\/mece\/wp-content\/uploads\/2024\/08\/Cartel-Tiritirantes-Mecerreyes-25-08-2024-1-768x1086.jpg 768w, https:\/\/www.mecerreyes.com\/mece\/wp-content\/uploads\/2024\/08\/Cartel-Tiritirantes-Mecerreyes-25-08-2024-1-1086x1536.jpg 1086w, https:\/\/www.mecerreyes.com\/mece\/wp-content\/uploads\/2024\/08\/Cartel-Tiritirantes-Mecerreyes-25-08-2024-1-1448x2048.jpg 1448w, https:\/\/www.mecerreyes.com\/mece\/wp-content\/uploads\/2024\/08\/Cartel-Tiritirantes-Mecerreyes-25-08-2024-1-1080x1527.jpg 1080w, https:\/\/www.mecerreyes.com\/mece\/wp-content\/uploads\/2024\/08\/Cartel-Tiritirantes-Mecerreyes-25-08-2024-1-scaled.jpg 1810w\" sizes=\"(max-width: 724px) 100vw, 724px\" \/><\/a><\/figure><\/li><\/ul><\/figure>\n\n\n\n<p><\/p>\n\n\n\n<p style=\"font-size:22px\" class=\"has-background has-luminous-vivid-amber-background-color\"><strong>REFRANERO<\/strong><\/p>\n\n\n\n<ul class=\"wp-block-list\"><li><em>Julio beber y sudar y el balde fresco buscar.<\/em><\/li><li><em>Julio el mozo, en la acequia o en el pozo.<\/em><\/li><li><em>En julio es gran tabarra, el canto de la cigarra.<\/em><\/li><li><em>En julio las nubes dan sombra y lluvia refrescante, el Sol es bronceante y la noche festiva y estrellada como mujer enamorada.<\/em><\/li><\/ul>\n\n\n\n<figure class=\"wp-block-image size-large\"><img loading=\"lazy\" decoding=\"async\" width=\"1024\" height=\"461\" src=\"https:\/\/www.mecerreyes.com\/mece\/wp-content\/uploads\/2024\/08\/Mecerreyes-julio-2024-4-1024x461.jpg\" alt=\"\" class=\"wp-image-25273\" srcset=\"https:\/\/www.mecerreyes.com\/mece\/wp-content\/uploads\/2024\/08\/Mecerreyes-julio-2024-4-1024x461.jpg 1024w, https:\/\/www.mecerreyes.com\/mece\/wp-content\/uploads\/2024\/08\/Mecerreyes-julio-2024-4-300x135.jpg 300w, https:\/\/www.mecerreyes.com\/mece\/wp-content\/uploads\/2024\/08\/Mecerreyes-julio-2024-4-768x345.jpg 768w, https:\/\/www.mecerreyes.com\/mece\/wp-content\/uploads\/2024\/08\/Mecerreyes-julio-2024-4-1536x691.jpg 1536w, https:\/\/www.mecerreyes.com\/mece\/wp-content\/uploads\/2024\/08\/Mecerreyes-julio-2024-4-1080x486.jpg 1080w, https:\/\/www.mecerreyes.com\/mece\/wp-content\/uploads\/2024\/08\/Mecerreyes-julio-2024-4.jpg 1701w\" sizes=\"(max-width: 1024px) 100vw, 1024px\" \/><\/figure>","protected":false},"excerpt":{"rendered":"<p>JULIO 2024 En plena ola de calor veraniego, a la sombra y fresquito de las casas de piedra del pueblo, os contamos el relato de lo acontecido el mes de julio en Mecerreyes. Mes de preparativos: La Asociaci\u00f3n Cultural remata sus propuestas para el mes de agosto, la pe\u00f1a Perla Negra dise\u00f1a una vez m\u00e1s [&hellip;]<\/p>\n","protected":false},"author":5,"featured_media":25258,"comment_status":"open","ping_status":"closed","sticky":false,"template":"","format":"standard","meta":{"_et_pb_use_builder":"","_et_pb_old_content":"","_et_gb_content_width":"","footnotes":""},"categories":[1],"tags":[],"class_list":["post-25226","post","type-post","status-publish","format-standard","has-post-thumbnail","hentry","category-general","et-has-post-format-content","et_post_format-et-post-format-standard"],"_links":{"self":[{"href":"https:\/\/www.mecerreyes.com\/mece\/index.php?rest_route=\/wp\/v2\/posts\/25226"}],"collection":[{"href":"https:\/\/www.mecerreyes.com\/mece\/index.php?rest_route=\/wp\/v2\/posts"}],"about":[{"href":"https:\/\/www.mecerreyes.com\/mece\/index.php?rest_route=\/wp\/v2\/types\/post"}],"author":[{"embeddable":true,"href":"https:\/\/www.mecerreyes.com\/mece\/index.php?rest_route=\/wp\/v2\/users\/5"}],"replies":[{"embeddable":true,"href":"https:\/\/www.mecerreyes.com\/mece\/index.php?rest_route=%2Fwp%2Fv2%2Fcomments&post=25226"}],"version-history":[{"count":20,"href":"https:\/\/www.mecerreyes.com\/mece\/index.php?rest_route=\/wp\/v2\/posts\/25226\/revisions"}],"predecessor-version":[{"id":25292,"href":"https:\/\/www.mecerreyes.com\/mece\/index.php?rest_route=\/wp\/v2\/posts\/25226\/revisions\/25292"}],"wp:featuredmedia":[{"embeddable":true,"href":"https:\/\/www.mecerreyes.com\/mece\/index.php?rest_route=\/wp\/v2\/media\/25258"}],"wp:attachment":[{"href":"https:\/\/www.mecerreyes.com\/mece\/index.php?rest_route=%2Fwp%2Fv2%2Fmedia&parent=25226"}],"wp:term":[{"taxonomy":"category","embeddable":true,"href":"https:\/\/www.mecerreyes.com\/mece\/index.php?rest_route=%2Fwp%2Fv2%2Fcategories&post=25226"},{"taxonomy":"post_tag","embeddable":true,"href":"https:\/\/www.mecerreyes.com\/mece\/index.php?rest_route=%2Fwp%2Fv2%2Ftags&post=25226"}],"curies":[{"name":"wp","href":"https:\/\/api.w.org\/{rel}","templated":true}]}}