{"id":25449,"date":"2024-09-19T21:43:32","date_gmt":"2024-09-19T20:43:32","guid":{"rendered":"http:\/\/www.mecerreyes.com\/mece\/?p=25449"},"modified":"2024-09-19T21:43:33","modified_gmt":"2024-09-19T20:43:33","slug":"fiestas-de-accion-de-gracias-2024","status":"publish","type":"post","link":"https:\/\/www.mecerreyes.com\/mece\/?p=25449","title":{"rendered":"Fiestas de Acci\u00f3n de Gracias 2024"},"content":{"rendered":"<p><strong>FIESTAS DE ACCI\u00d3N DE GRACIAS Y VIRGEN DEL CAMINO 2024<\/strong><\/p>\n\n\n\n<p>Finaliza una etapa para la pe\u00f1a LA PERLA NEGRA, estas son las terceras fiestas que organizan conjuntamente con el <a  href=\"https:\/\/www.mecerreyes.com\/mece\/?page_id=24\">Ayuntamiento<\/a> y han dejado el list\u00f3n muy alto.<\/p>\n\n\n\n<figure class=\"wp-block-gallery columns-1 is-cropped wp-block-gallery-1 is-layout-flex wp-block-gallery-is-layout-flex\"><ul class=\"blocks-gallery-grid\"><li class=\"blocks-gallery-item\"><figure><a  href=\"http:\/\/www.mecerreyes.com\/mece\/wp-content\/uploads\/2016\/10\/25-Pe\u00f1a-Perla-Negra-Mecerreyes-agosto-2016.jpg\" class=\"thickbox no_icon\" title=\"\"><img loading=\"lazy\" decoding=\"async\" width=\"1000\" height=\"666\" src=\"http:\/\/www.mecerreyes.com\/mece\/wp-content\/uploads\/2016\/10\/25-Pe\u00f1a-Perla-Negra-Mecerreyes-agosto-2016.jpg\" alt=\"\" data-id=\"13629\" data-full-url=\"http:\/\/www.mecerreyes.com\/mece\/wp-content\/uploads\/2016\/10\/25-Pe\u00f1a-Perla-Negra-Mecerreyes-agosto-2016.jpg\" data-link=\"http:\/\/www.mecerreyes.com\/mece\/?attachment_id=13629\" class=\"wp-image-13629\" srcset=\"https:\/\/www.mecerreyes.com\/mece\/wp-content\/uploads\/2016\/10\/25-Pe\u00f1a-Perla-Negra-Mecerreyes-agosto-2016.jpg 1000w, https:\/\/www.mecerreyes.com\/mece\/wp-content\/uploads\/2016\/10\/25-Pe\u00f1a-Perla-Negra-Mecerreyes-agosto-2016-300x200.jpg 300w, https:\/\/www.mecerreyes.com\/mece\/wp-content\/uploads\/2016\/10\/25-Pe\u00f1a-Perla-Negra-Mecerreyes-agosto-2016-768x511.jpg 768w\" sizes=\"(max-width: 1000px) 100vw, 1000px\" \/><\/a><\/figure><\/li><\/ul><\/figure>\n\n\n\n<p>Estos j\u00f3venes han trabajado duro, sus originales iniciativas para financiar (orquestas, concursos, bingos, premios, charangas\u2026) han calado entre los guiletos y se quedan para darles continuidad.<\/p>\n\n\n\n<p>Los mozos, reinas y damas de esta pe\u00f1a han representado con altura a la juventud guileta.<\/p>\n\n\n\n<figure class=\"wp-block-gallery columns-1 is-cropped wp-block-gallery-2 is-layout-flex wp-block-gallery-is-layout-flex\"><ul class=\"blocks-gallery-grid\"><li class=\"blocks-gallery-item\"><figure><a  href=\"http:\/\/www.mecerreyes.com\/mece\/wp-content\/uploads\/2022\/09\/Mecerreyes-Corte-de-Honor-2022-1024x658.jpg\" class=\"thickbox no_icon\" title=\"\"><img loading=\"lazy\" decoding=\"async\" width=\"1024\" height=\"658\" src=\"http:\/\/www.mecerreyes.com\/mece\/wp-content\/uploads\/2022\/09\/Mecerreyes-Corte-de-Honor-2022-1024x658.jpg\" alt=\"\" data-id=\"22329\" data-link=\"http:\/\/www.mecerreyes.com\/mece\/?attachment_id=22329\" class=\"wp-image-22329\" srcset=\"https:\/\/www.mecerreyes.com\/mece\/wp-content\/uploads\/2022\/09\/Mecerreyes-Corte-de-Honor-2022-1024x658.jpg 1024w, https:\/\/www.mecerreyes.com\/mece\/wp-content\/uploads\/2022\/09\/Mecerreyes-Corte-de-Honor-2022-300x193.jpg 300w, https:\/\/www.mecerreyes.com\/mece\/wp-content\/uploads\/2022\/09\/Mecerreyes-Corte-de-Honor-2022-768x493.jpg 768w, https:\/\/www.mecerreyes.com\/mece\/wp-content\/uploads\/2022\/09\/Mecerreyes-Corte-de-Honor-2022-1080x694.jpg 1080w, https:\/\/www.mecerreyes.com\/mece\/wp-content\/uploads\/2022\/09\/Mecerreyes-Corte-de-Honor-2022.jpg 1417w\" sizes=\"(max-width: 1024px) 100vw, 1024px\" \/><\/a><\/figure><\/li><li class=\"blocks-gallery-item\"><figure><a  href=\"http:\/\/www.mecerreyes.com\/mece\/wp-content\/uploads\/2023\/09\/Mecerreyes-Corte-de-Honor-agosto-2023-1024x768.jpg\" class=\"thickbox no_icon\" title=\"\"><img loading=\"lazy\" decoding=\"async\" width=\"1024\" height=\"768\" src=\"http:\/\/www.mecerreyes.com\/mece\/wp-content\/uploads\/2023\/09\/Mecerreyes-Corte-de-Honor-agosto-2023-1024x768.jpg\" alt=\"\" data-id=\"24258\" data-link=\"http:\/\/www.mecerreyes.com\/mece\/?attachment_id=24258\" class=\"wp-image-24258\" srcset=\"https:\/\/www.mecerreyes.com\/mece\/wp-content\/uploads\/2023\/09\/Mecerreyes-Corte-de-Honor-agosto-2023-1024x768.jpg 1024w, https:\/\/www.mecerreyes.com\/mece\/wp-content\/uploads\/2023\/09\/Mecerreyes-Corte-de-Honor-agosto-2023-300x225.jpg 300w, https:\/\/www.mecerreyes.com\/mece\/wp-content\/uploads\/2023\/09\/Mecerreyes-Corte-de-Honor-agosto-2023-768x576.jpg 768w, https:\/\/www.mecerreyes.com\/mece\/wp-content\/uploads\/2023\/09\/Mecerreyes-Corte-de-Honor-agosto-2023.jpg 1063w\" sizes=\"(max-width: 1024px) 100vw, 1024px\" \/><\/a><\/figure><\/li><li class=\"blocks-gallery-item\"><figure><a  href=\"https:\/\/www.mecerreyes.com\/mece\/wp-content\/uploads\/2024\/09\/Mecerreyes-Corte-de-Honor-2024-2.jpg\" class=\"thickbox no_icon\" title=\"\"><img loading=\"lazy\" decoding=\"async\" width=\"567\" height=\"662\" src=\"https:\/\/www.mecerreyes.com\/mece\/wp-content\/uploads\/2024\/09\/Mecerreyes-Corte-de-Honor-2024-2.jpg\" alt=\"\" data-id=\"25453\" data-full-url=\"https:\/\/www.mecerreyes.com\/mece\/wp-content\/uploads\/2024\/09\/Mecerreyes-Corte-de-Honor-2024-2.jpg\" data-link=\"https:\/\/www.mecerreyes.com\/mece\/?attachment_id=25453\" class=\"wp-image-25453\" srcset=\"https:\/\/www.mecerreyes.com\/mece\/wp-content\/uploads\/2024\/09\/Mecerreyes-Corte-de-Honor-2024-2.jpg 567w, https:\/\/www.mecerreyes.com\/mece\/wp-content\/uploads\/2024\/09\/Mecerreyes-Corte-de-Honor-2024-2-257x300.jpg 257w\" sizes=\"(max-width: 567px) 100vw, 567px\" \/><\/a><\/figure><\/li><\/ul><\/figure>\n\n\n\n<p>Ahora pasan el testigo a la pe\u00f1a LOS DE AQU\u00cd para organizar las fiestas de <a  href=\"https:\/\/www.mecerreyes.com\/mece\/?page_id=58\">San Mart\u00edn<\/a> del mes de noviembre y esperan reciban la ayuda necesaria para tal reto.&nbsp;<\/p>\n\n\n\n<figure class=\"wp-block-gallery columns-1 is-cropped wp-block-gallery-3 is-layout-flex wp-block-gallery-is-layout-flex\"><ul class=\"blocks-gallery-grid\"><li class=\"blocks-gallery-item\"><figure><img loading=\"lazy\" decoding=\"async\" width=\"1000\" height=\"645\" src=\"http:\/\/www.mecerreyes.com\/mece\/wp-content\/uploads\/2016\/10\/26-Pe\u00f1a-Los-de-aqu\u00ed-Mecerreyes-agosto-2016.jpg\" alt=\"\" data-id=\"13630\" data-full-url=\"http:\/\/www.mecerreyes.com\/mece\/wp-content\/uploads\/2016\/10\/26-Pe\u00f1a-Los-de-aqu\u00ed-Mecerreyes-agosto-2016.jpg\" data-link=\"http:\/\/www.mecerreyes.com\/mece\/?attachment_id=13630\" class=\"wp-image-13630\" srcset=\"https:\/\/www.mecerreyes.com\/mece\/wp-content\/uploads\/2016\/10\/26-Pe\u00f1a-Los-de-aqu\u00ed-Mecerreyes-agosto-2016.jpg 1000w, https:\/\/www.mecerreyes.com\/mece\/wp-content\/uploads\/2016\/10\/26-Pe\u00f1a-Los-de-aqu\u00ed-Mecerreyes-agosto-2016-300x194.jpg 300w, https:\/\/www.mecerreyes.com\/mece\/wp-content\/uploads\/2016\/10\/26-Pe\u00f1a-Los-de-aqu\u00ed-Mecerreyes-agosto-2016-768x495.jpg 768w\" sizes=\"(max-width: 1000px) 100vw, 1000px\" \/><\/figure><\/li><\/ul><\/figure>\n\n\n\n<p>Toca mostraros lo que han dado de si las fiestas de <a  href=\"https:\/\/www.mecerreyes.com\/mece\/?page_id=60\">Acci\u00f3n de Gracias<\/a> 2024 y no hay mejor manera que ense\u00f1\u00e1roslas con la bater\u00eda de fotos de Josetxu y Maricarmen organizadas seg\u00fan los eventos m\u00e1s importantes del programa, fotos que dan fe de lo bien que lo hemos pasado.<\/p>\n\n\n\n<p>Les reiteramos las <strong>Gracias<\/strong> por sus reportajes.<\/p>\n\n\n\n<p><strong>Gracias<\/strong> tambi\u00e9n a los patrocinadores del <strong>programa<\/strong> por su incuestionable ayuda.<\/p>\n\n\n\n<div class=\"wp-block-file\"><a  href=\"https:\/\/www.mecerreyes.com\/mece\/wp-content\/uploads\/2024\/09\/Programa-Fiestas-Mecerreyes-2024-reducido.pdf\"><strong><span style=\"color:#4f26d3\" class=\"has-inline-color\">Programa-Fiestas-Mecerreyes-2024-reducido<\/span><\/strong><\/a><a  href=\"https:\/\/www.mecerreyes.com\/mece\/wp-content\/uploads\/2024\/09\/Programa-Fiestas-Mecerreyes-2024-reducido.pdf\" class=\"wp-block-file__button\" 0=\"download\">Descarga<\/a><\/div>\n\n\n\n<figure class=\"wp-block-image size-large\"><a  href=\"https:\/\/www.mecerreyes.com\/mece\/wp-content\/uploads\/2024\/09\/Programa-Fiestas-Mecerreyes-2024-reducido.pdf\"><img loading=\"lazy\" decoding=\"async\" width=\"598\" height=\"842\" src=\"https:\/\/www.mecerreyes.com\/mece\/wp-content\/uploads\/2024\/09\/Programa-Fiestas-Mecerreyes-2024-1.jpg\" alt=\"\" class=\"wp-image-25457\" srcset=\"https:\/\/www.mecerreyes.com\/mece\/wp-content\/uploads\/2024\/09\/Programa-Fiestas-Mecerreyes-2024-1.jpg 598w, https:\/\/www.mecerreyes.com\/mece\/wp-content\/uploads\/2024\/09\/Programa-Fiestas-Mecerreyes-2024-1-213x300.jpg 213w\" sizes=\"(max-width: 598px) 100vw, 598px\" \/><\/a><\/figure>\n\n\n\n<p>Ante la climatolog\u00eda adversa, la ofrenda floral se realiz\u00f3 en el interior de la iglesia completamente llena, a su t\u00e9rmino par\u00f3 la lluvia. <\/p>\n\n\n\n<figure class=\"wp-block-gallery columns-2 is-cropped wp-block-gallery-4 is-layout-flex wp-block-gallery-is-layout-flex\"><ul class=\"blocks-gallery-grid\"><li class=\"blocks-gallery-item\"><figure><a  href=\"https:\/\/www.mecerreyes.com\/mece\/wp-content\/uploads\/2024\/09\/Mecerreyes-Fiestas-de-Acci\u00f3n-de-Gracias-Ofrenda-Floral-29-08-2024-26.jpg\" class=\"thickbox no_icon\" title=\"\"><img loading=\"lazy\" decoding=\"async\" width=\"850\" height=\"567\" src=\"https:\/\/www.mecerreyes.com\/mece\/wp-content\/uploads\/2024\/09\/Mecerreyes-Fiestas-de-Acci\u00f3n-de-Gracias-Ofrenda-Floral-29-08-2024-26.jpg\" alt=\"\" data-id=\"25459\" data-full-url=\"https:\/\/www.mecerreyes.com\/mece\/wp-content\/uploads\/2024\/09\/Mecerreyes-Fiestas-de-Acci\u00f3n-de-Gracias-Ofrenda-Floral-29-08-2024-26.jpg\" data-link=\"https:\/\/www.mecerreyes.com\/mece\/?attachment_id=25459\" class=\"wp-image-25459\" srcset=\"https:\/\/www.mecerreyes.com\/mece\/wp-content\/uploads\/2024\/09\/Mecerreyes-Fiestas-de-Acci\u00f3n-de-Gracias-Ofrenda-Floral-29-08-2024-26.jpg 850w, https:\/\/www.mecerreyes.com\/mece\/wp-content\/uploads\/2024\/09\/Mecerreyes-Fiestas-de-Acci\u00f3n-de-Gracias-Ofrenda-Floral-29-08-2024-26-300x200.jpg 300w, https:\/\/www.mecerreyes.com\/mece\/wp-content\/uploads\/2024\/09\/Mecerreyes-Fiestas-de-Acci\u00f3n-de-Gracias-Ofrenda-Floral-29-08-2024-26-768x512.jpg 768w\" sizes=\"(max-width: 850px) 100vw, 850px\" \/><\/a><\/figure><\/li><li class=\"blocks-gallery-item\"><figure><a  href=\"https:\/\/www.mecerreyes.com\/mece\/wp-content\/uploads\/2024\/09\/Mecerreyes-Fiestas-de-Acci\u00f3n-de-Gracias-Ofrenda-Floral-29-08-2024-1.jpg\" class=\"thickbox no_icon\" title=\"\"><img loading=\"lazy\" decoding=\"async\" width=\"1024\" height=\"683\" src=\"https:\/\/www.mecerreyes.com\/mece\/wp-content\/uploads\/2024\/09\/Mecerreyes-Fiestas-de-Acci\u00f3n-de-Gracias-Ofrenda-Floral-29-08-2024-1-1024x683.jpg\" alt=\"\" data-id=\"25460\" data-full-url=\"https:\/\/www.mecerreyes.com\/mece\/wp-content\/uploads\/2024\/09\/Mecerreyes-Fiestas-de-Acci\u00f3n-de-Gracias-Ofrenda-Floral-29-08-2024-1.jpg\" data-link=\"https:\/\/www.mecerreyes.com\/mece\/?attachment_id=25460\" class=\"wp-image-25460\" srcset=\"https:\/\/www.mecerreyes.com\/mece\/wp-content\/uploads\/2024\/09\/Mecerreyes-Fiestas-de-Acci\u00f3n-de-Gracias-Ofrenda-Floral-29-08-2024-1-1024x683.jpg 1024w, https:\/\/www.mecerreyes.com\/mece\/wp-content\/uploads\/2024\/09\/Mecerreyes-Fiestas-de-Acci\u00f3n-de-Gracias-Ofrenda-Floral-29-08-2024-1-300x200.jpg 300w, https:\/\/www.mecerreyes.com\/mece\/wp-content\/uploads\/2024\/09\/Mecerreyes-Fiestas-de-Acci\u00f3n-de-Gracias-Ofrenda-Floral-29-08-2024-1-768x512.jpg 768w, https:\/\/www.mecerreyes.com\/mece\/wp-content\/uploads\/2024\/09\/Mecerreyes-Fiestas-de-Acci\u00f3n-de-Gracias-Ofrenda-Floral-29-08-2024-1-1080x720.jpg 1080w, https:\/\/www.mecerreyes.com\/mece\/wp-content\/uploads\/2024\/09\/Mecerreyes-Fiestas-de-Acci\u00f3n-de-Gracias-Ofrenda-Floral-29-08-2024-1.jpg 1417w\" sizes=\"(max-width: 1024px) 100vw, 1024px\" \/><\/a><\/figure><\/li><li class=\"blocks-gallery-item\"><figure><a  href=\"https:\/\/www.mecerreyes.com\/mece\/wp-content\/uploads\/2024\/09\/Mecerreyes-Fiestas-de-Acci\u00f3n-de-Gracias-Ofrenda-Floral-29-08-2024-2.jpg\" class=\"thickbox no_icon\" title=\"\"><img loading=\"lazy\" decoding=\"async\" width=\"425\" height=\"283\" src=\"https:\/\/www.mecerreyes.com\/mece\/wp-content\/uploads\/2024\/09\/Mecerreyes-Fiestas-de-Acci\u00f3n-de-Gracias-Ofrenda-Floral-29-08-2024-2.jpg\" alt=\"\" data-id=\"25461\" data-full-url=\"https:\/\/www.mecerreyes.com\/mece\/wp-content\/uploads\/2024\/09\/Mecerreyes-Fiestas-de-Acci\u00f3n-de-Gracias-Ofrenda-Floral-29-08-2024-2.jpg\" data-link=\"https:\/\/www.mecerreyes.com\/mece\/?attachment_id=25461\" class=\"wp-image-25461\" srcset=\"https:\/\/www.mecerreyes.com\/mece\/wp-content\/uploads\/2024\/09\/Mecerreyes-Fiestas-de-Acci\u00f3n-de-Gracias-Ofrenda-Floral-29-08-2024-2.jpg 425w, https:\/\/www.mecerreyes.com\/mece\/wp-content\/uploads\/2024\/09\/Mecerreyes-Fiestas-de-Acci\u00f3n-de-Gracias-Ofrenda-Floral-29-08-2024-2-300x200.jpg 300w\" sizes=\"(max-width: 425px) 100vw, 425px\" \/><\/a><\/figure><\/li><li class=\"blocks-gallery-item\"><figure><a  href=\"https:\/\/www.mecerreyes.com\/mece\/wp-content\/uploads\/2024\/09\/Mecerreyes-Fiestas-de-Acci\u00f3n-de-Gracias-Ofrenda-Floral-29-08-2024-3.jpg\" class=\"thickbox no_icon\" title=\"\"><img loading=\"lazy\" decoding=\"async\" width=\"425\" height=\"283\" src=\"https:\/\/www.mecerreyes.com\/mece\/wp-content\/uploads\/2024\/09\/Mecerreyes-Fiestas-de-Acci\u00f3n-de-Gracias-Ofrenda-Floral-29-08-2024-3.jpg\" alt=\"\" data-id=\"25462\" data-full-url=\"https:\/\/www.mecerreyes.com\/mece\/wp-content\/uploads\/2024\/09\/Mecerreyes-Fiestas-de-Acci\u00f3n-de-Gracias-Ofrenda-Floral-29-08-2024-3.jpg\" data-link=\"https:\/\/www.mecerreyes.com\/mece\/?attachment_id=25462\" class=\"wp-image-25462\" srcset=\"https:\/\/www.mecerreyes.com\/mece\/wp-content\/uploads\/2024\/09\/Mecerreyes-Fiestas-de-Acci\u00f3n-de-Gracias-Ofrenda-Floral-29-08-2024-3.jpg 425w, https:\/\/www.mecerreyes.com\/mece\/wp-content\/uploads\/2024\/09\/Mecerreyes-Fiestas-de-Acci\u00f3n-de-Gracias-Ofrenda-Floral-29-08-2024-3-300x200.jpg 300w\" sizes=\"(max-width: 425px) 100vw, 425px\" \/><\/a><\/figure><\/li><li class=\"blocks-gallery-item\"><figure><a  href=\"https:\/\/www.mecerreyes.com\/mece\/wp-content\/uploads\/2024\/09\/Mecerreyes-Fiestas-de-Acci\u00f3n-de-Gracias-Ofrenda-Floral-29-08-2024-4.jpg\" class=\"thickbox no_icon\" title=\"\"><img loading=\"lazy\" decoding=\"async\" width=\"425\" height=\"415\" src=\"https:\/\/www.mecerreyes.com\/mece\/wp-content\/uploads\/2024\/09\/Mecerreyes-Fiestas-de-Acci\u00f3n-de-Gracias-Ofrenda-Floral-29-08-2024-4.jpg\" alt=\"\" data-id=\"25463\" data-full-url=\"https:\/\/www.mecerreyes.com\/mece\/wp-content\/uploads\/2024\/09\/Mecerreyes-Fiestas-de-Acci\u00f3n-de-Gracias-Ofrenda-Floral-29-08-2024-4.jpg\" data-link=\"https:\/\/www.mecerreyes.com\/mece\/?attachment_id=25463\" class=\"wp-image-25463\" srcset=\"https:\/\/www.mecerreyes.com\/mece\/wp-content\/uploads\/2024\/09\/Mecerreyes-Fiestas-de-Acci\u00f3n-de-Gracias-Ofrenda-Floral-29-08-2024-4.jpg 425w, https:\/\/www.mecerreyes.com\/mece\/wp-content\/uploads\/2024\/09\/Mecerreyes-Fiestas-de-Acci\u00f3n-de-Gracias-Ofrenda-Floral-29-08-2024-4-300x293.jpg 300w\" sizes=\"(max-width: 425px) 100vw, 425px\" \/><\/a><\/figure><\/li><li class=\"blocks-gallery-item\"><figure><a  href=\"https:\/\/www.mecerreyes.com\/mece\/wp-content\/uploads\/2024\/09\/Mecerreyes-Fiestas-de-Acci\u00f3n-de-Gracias-Ofrenda-Floral-29-08-2024-5.jpg\" class=\"thickbox no_icon\" title=\"\"><img loading=\"lazy\" decoding=\"async\" width=\"425\" height=\"283\" src=\"https:\/\/www.mecerreyes.com\/mece\/wp-content\/uploads\/2024\/09\/Mecerreyes-Fiestas-de-Acci\u00f3n-de-Gracias-Ofrenda-Floral-29-08-2024-5.jpg\" alt=\"\" data-id=\"25464\" data-full-url=\"https:\/\/www.mecerreyes.com\/mece\/wp-content\/uploads\/2024\/09\/Mecerreyes-Fiestas-de-Acci\u00f3n-de-Gracias-Ofrenda-Floral-29-08-2024-5.jpg\" data-link=\"https:\/\/www.mecerreyes.com\/mece\/?attachment_id=25464\" class=\"wp-image-25464\" srcset=\"https:\/\/www.mecerreyes.com\/mece\/wp-content\/uploads\/2024\/09\/Mecerreyes-Fiestas-de-Acci\u00f3n-de-Gracias-Ofrenda-Floral-29-08-2024-5.jpg 425w, https:\/\/www.mecerreyes.com\/mece\/wp-content\/uploads\/2024\/09\/Mecerreyes-Fiestas-de-Acci\u00f3n-de-Gracias-Ofrenda-Floral-29-08-2024-5-300x200.jpg 300w\" sizes=\"(max-width: 425px) 100vw, 425px\" \/><\/a><\/figure><\/li><li class=\"blocks-gallery-item\"><figure><a  href=\"https:\/\/www.mecerreyes.com\/mece\/wp-content\/uploads\/2024\/09\/Mecerreyes-Fiestas-de-Acci\u00f3n-de-Gracias-Ofrenda-Floral-29-08-2024-6.jpg\" class=\"thickbox no_icon\" title=\"\"><img loading=\"lazy\" decoding=\"async\" width=\"425\" height=\"331\" src=\"https:\/\/www.mecerreyes.com\/mece\/wp-content\/uploads\/2024\/09\/Mecerreyes-Fiestas-de-Acci\u00f3n-de-Gracias-Ofrenda-Floral-29-08-2024-6.jpg\" alt=\"\" data-id=\"25465\" data-full-url=\"https:\/\/www.mecerreyes.com\/mece\/wp-content\/uploads\/2024\/09\/Mecerreyes-Fiestas-de-Acci\u00f3n-de-Gracias-Ofrenda-Floral-29-08-2024-6.jpg\" data-link=\"https:\/\/www.mecerreyes.com\/mece\/?attachment_id=25465\" class=\"wp-image-25465\" srcset=\"https:\/\/www.mecerreyes.com\/mece\/wp-content\/uploads\/2024\/09\/Mecerreyes-Fiestas-de-Acci\u00f3n-de-Gracias-Ofrenda-Floral-29-08-2024-6.jpg 425w, https:\/\/www.mecerreyes.com\/mece\/wp-content\/uploads\/2024\/09\/Mecerreyes-Fiestas-de-Acci\u00f3n-de-Gracias-Ofrenda-Floral-29-08-2024-6-300x234.jpg 300w\" sizes=\"(max-width: 425px) 100vw, 425px\" \/><\/a><\/figure><\/li><li class=\"blocks-gallery-item\"><figure><a  href=\"https:\/\/www.mecerreyes.com\/mece\/wp-content\/uploads\/2024\/09\/Mecerreyes-Fiestas-de-Acci\u00f3n-de-Gracias-Ofrenda-Floral-29-08-2024-7.jpg\" class=\"thickbox no_icon\" title=\"\"><img loading=\"lazy\" decoding=\"async\" width=\"425\" height=\"462\" src=\"https:\/\/www.mecerreyes.com\/mece\/wp-content\/uploads\/2024\/09\/Mecerreyes-Fiestas-de-Acci\u00f3n-de-Gracias-Ofrenda-Floral-29-08-2024-7.jpg\" alt=\"\" data-id=\"25466\" data-full-url=\"https:\/\/www.mecerreyes.com\/mece\/wp-content\/uploads\/2024\/09\/Mecerreyes-Fiestas-de-Acci\u00f3n-de-Gracias-Ofrenda-Floral-29-08-2024-7.jpg\" data-link=\"https:\/\/www.mecerreyes.com\/mece\/?attachment_id=25466\" class=\"wp-image-25466\" srcset=\"https:\/\/www.mecerreyes.com\/mece\/wp-content\/uploads\/2024\/09\/Mecerreyes-Fiestas-de-Acci\u00f3n-de-Gracias-Ofrenda-Floral-29-08-2024-7.jpg 425w, https:\/\/www.mecerreyes.com\/mece\/wp-content\/uploads\/2024\/09\/Mecerreyes-Fiestas-de-Acci\u00f3n-de-Gracias-Ofrenda-Floral-29-08-2024-7-276x300.jpg 276w\" sizes=\"(max-width: 425px) 100vw, 425px\" \/><\/a><\/figure><\/li><li class=\"blocks-gallery-item\"><figure><a  href=\"https:\/\/www.mecerreyes.com\/mece\/wp-content\/uploads\/2024\/09\/Mecerreyes-Fiestas-de-Acci\u00f3n-de-Gracias-Ofrenda-Floral-29-08-2024-8.jpg\" class=\"thickbox no_icon\" title=\"\"><img loading=\"lazy\" decoding=\"async\" width=\"425\" height=\"283\" src=\"https:\/\/www.mecerreyes.com\/mece\/wp-content\/uploads\/2024\/09\/Mecerreyes-Fiestas-de-Acci\u00f3n-de-Gracias-Ofrenda-Floral-29-08-2024-8.jpg\" alt=\"\" data-id=\"25467\" data-full-url=\"https:\/\/www.mecerreyes.com\/mece\/wp-content\/uploads\/2024\/09\/Mecerreyes-Fiestas-de-Acci\u00f3n-de-Gracias-Ofrenda-Floral-29-08-2024-8.jpg\" data-link=\"https:\/\/www.mecerreyes.com\/mece\/?attachment_id=25467\" class=\"wp-image-25467\" srcset=\"https:\/\/www.mecerreyes.com\/mece\/wp-content\/uploads\/2024\/09\/Mecerreyes-Fiestas-de-Acci\u00f3n-de-Gracias-Ofrenda-Floral-29-08-2024-8.jpg 425w, https:\/\/www.mecerreyes.com\/mece\/wp-content\/uploads\/2024\/09\/Mecerreyes-Fiestas-de-Acci\u00f3n-de-Gracias-Ofrenda-Floral-29-08-2024-8-300x200.jpg 300w\" sizes=\"(max-width: 425px) 100vw, 425px\" \/><\/a><\/figure><\/li><li class=\"blocks-gallery-item\"><figure><a  href=\"https:\/\/www.mecerreyes.com\/mece\/wp-content\/uploads\/2024\/09\/Mecerreyes-Fiestas-de-Acci\u00f3n-de-Gracias-Ofrenda-Floral-29-08-2024-9.jpg\" class=\"thickbox no_icon\" title=\"\"><img loading=\"lazy\" decoding=\"async\" width=\"425\" height=\"283\" src=\"https:\/\/www.mecerreyes.com\/mece\/wp-content\/uploads\/2024\/09\/Mecerreyes-Fiestas-de-Acci\u00f3n-de-Gracias-Ofrenda-Floral-29-08-2024-9.jpg\" alt=\"\" data-id=\"25468\" data-full-url=\"https:\/\/www.mecerreyes.com\/mece\/wp-content\/uploads\/2024\/09\/Mecerreyes-Fiestas-de-Acci\u00f3n-de-Gracias-Ofrenda-Floral-29-08-2024-9.jpg\" data-link=\"https:\/\/www.mecerreyes.com\/mece\/?attachment_id=25468\" class=\"wp-image-25468\" srcset=\"https:\/\/www.mecerreyes.com\/mece\/wp-content\/uploads\/2024\/09\/Mecerreyes-Fiestas-de-Acci\u00f3n-de-Gracias-Ofrenda-Floral-29-08-2024-9.jpg 425w, https:\/\/www.mecerreyes.com\/mece\/wp-content\/uploads\/2024\/09\/Mecerreyes-Fiestas-de-Acci\u00f3n-de-Gracias-Ofrenda-Floral-29-08-2024-9-300x200.jpg 300w\" sizes=\"(max-width: 425px) 100vw, 425px\" \/><\/a><\/figure><\/li><li class=\"blocks-gallery-item\"><figure><a  href=\"https:\/\/www.mecerreyes.com\/mece\/wp-content\/uploads\/2024\/09\/Mecerreyes-Fiestas-de-Acci\u00f3n-de-Gracias-Ofrenda-Floral-29-08-2024-10.jpg\" class=\"thickbox no_icon\" title=\"\"><img loading=\"lazy\" decoding=\"async\" width=\"425\" height=\"283\" src=\"https:\/\/www.mecerreyes.com\/mece\/wp-content\/uploads\/2024\/09\/Mecerreyes-Fiestas-de-Acci\u00f3n-de-Gracias-Ofrenda-Floral-29-08-2024-10.jpg\" alt=\"\" data-id=\"25469\" data-full-url=\"https:\/\/www.mecerreyes.com\/mece\/wp-content\/uploads\/2024\/09\/Mecerreyes-Fiestas-de-Acci\u00f3n-de-Gracias-Ofrenda-Floral-29-08-2024-10.jpg\" data-link=\"https:\/\/www.mecerreyes.com\/mece\/?attachment_id=25469\" class=\"wp-image-25469\" srcset=\"https:\/\/www.mecerreyes.com\/mece\/wp-content\/uploads\/2024\/09\/Mecerreyes-Fiestas-de-Acci\u00f3n-de-Gracias-Ofrenda-Floral-29-08-2024-10.jpg 425w, https:\/\/www.mecerreyes.com\/mece\/wp-content\/uploads\/2024\/09\/Mecerreyes-Fiestas-de-Acci\u00f3n-de-Gracias-Ofrenda-Floral-29-08-2024-10-300x200.jpg 300w\" sizes=\"(max-width: 425px) 100vw, 425px\" \/><\/a><\/figure><\/li><li class=\"blocks-gallery-item\"><figure><a  href=\"https:\/\/www.mecerreyes.com\/mece\/wp-content\/uploads\/2024\/09\/Mecerreyes-Fiestas-de-Acci\u00f3n-de-Gracias-Ofrenda-Floral-29-08-2024-11.jpg\" class=\"thickbox no_icon\" title=\"\"><img loading=\"lazy\" decoding=\"async\" width=\"425\" height=\"283\" src=\"https:\/\/www.mecerreyes.com\/mece\/wp-content\/uploads\/2024\/09\/Mecerreyes-Fiestas-de-Acci\u00f3n-de-Gracias-Ofrenda-Floral-29-08-2024-11.jpg\" alt=\"\" data-id=\"25470\" data-full-url=\"https:\/\/www.mecerreyes.com\/mece\/wp-content\/uploads\/2024\/09\/Mecerreyes-Fiestas-de-Acci\u00f3n-de-Gracias-Ofrenda-Floral-29-08-2024-11.jpg\" data-link=\"https:\/\/www.mecerreyes.com\/mece\/?attachment_id=25470\" class=\"wp-image-25470\" srcset=\"https:\/\/www.mecerreyes.com\/mece\/wp-content\/uploads\/2024\/09\/Mecerreyes-Fiestas-de-Acci\u00f3n-de-Gracias-Ofrenda-Floral-29-08-2024-11.jpg 425w, https:\/\/www.mecerreyes.com\/mece\/wp-content\/uploads\/2024\/09\/Mecerreyes-Fiestas-de-Acci\u00f3n-de-Gracias-Ofrenda-Floral-29-08-2024-11-300x200.jpg 300w\" sizes=\"(max-width: 425px) 100vw, 425px\" \/><\/a><\/figure><\/li><li class=\"blocks-gallery-item\"><figure><a  href=\"https:\/\/www.mecerreyes.com\/mece\/wp-content\/uploads\/2024\/09\/Mecerreyes-Fiestas-de-Acci\u00f3n-de-Gracias-Ofrenda-Floral-29-08-2024-12.jpg\" class=\"thickbox no_icon\" title=\"\"><img loading=\"lazy\" decoding=\"async\" width=\"425\" height=\"310\" src=\"https:\/\/www.mecerreyes.com\/mece\/wp-content\/uploads\/2024\/09\/Mecerreyes-Fiestas-de-Acci\u00f3n-de-Gracias-Ofrenda-Floral-29-08-2024-12.jpg\" alt=\"\" data-id=\"25471\" data-full-url=\"https:\/\/www.mecerreyes.com\/mece\/wp-content\/uploads\/2024\/09\/Mecerreyes-Fiestas-de-Acci\u00f3n-de-Gracias-Ofrenda-Floral-29-08-2024-12.jpg\" data-link=\"https:\/\/www.mecerreyes.com\/mece\/?attachment_id=25471\" class=\"wp-image-25471\" srcset=\"https:\/\/www.mecerreyes.com\/mece\/wp-content\/uploads\/2024\/09\/Mecerreyes-Fiestas-de-Acci\u00f3n-de-Gracias-Ofrenda-Floral-29-08-2024-12.jpg 425w, https:\/\/www.mecerreyes.com\/mece\/wp-content\/uploads\/2024\/09\/Mecerreyes-Fiestas-de-Acci\u00f3n-de-Gracias-Ofrenda-Floral-29-08-2024-12-300x219.jpg 300w\" sizes=\"(max-width: 425px) 100vw, 425px\" \/><\/a><\/figure><\/li><li class=\"blocks-gallery-item\"><figure><a  href=\"https:\/\/www.mecerreyes.com\/mece\/wp-content\/uploads\/2024\/09\/Mecerreyes-Fiestas-de-Acci\u00f3n-de-Gracias-Ofrenda-Floral-29-08-2024-13.jpg\" class=\"thickbox no_icon\" title=\"\"><img loading=\"lazy\" decoding=\"async\" width=\"425\" height=\"283\" src=\"https:\/\/www.mecerreyes.com\/mece\/wp-content\/uploads\/2024\/09\/Mecerreyes-Fiestas-de-Acci\u00f3n-de-Gracias-Ofrenda-Floral-29-08-2024-13.jpg\" alt=\"\" data-id=\"25472\" data-full-url=\"https:\/\/www.mecerreyes.com\/mece\/wp-content\/uploads\/2024\/09\/Mecerreyes-Fiestas-de-Acci\u00f3n-de-Gracias-Ofrenda-Floral-29-08-2024-13.jpg\" data-link=\"https:\/\/www.mecerreyes.com\/mece\/?attachment_id=25472\" class=\"wp-image-25472\" srcset=\"https:\/\/www.mecerreyes.com\/mece\/wp-content\/uploads\/2024\/09\/Mecerreyes-Fiestas-de-Acci\u00f3n-de-Gracias-Ofrenda-Floral-29-08-2024-13.jpg 425w, https:\/\/www.mecerreyes.com\/mece\/wp-content\/uploads\/2024\/09\/Mecerreyes-Fiestas-de-Acci\u00f3n-de-Gracias-Ofrenda-Floral-29-08-2024-13-300x200.jpg 300w\" sizes=\"(max-width: 425px) 100vw, 425px\" \/><\/a><\/figure><\/li><li class=\"blocks-gallery-item\"><figure><a  href=\"https:\/\/www.mecerreyes.com\/mece\/wp-content\/uploads\/2024\/09\/Mecerreyes-Fiestas-de-Acci\u00f3n-de-Gracias-Ofrenda-Floral-29-08-2024-14.jpg\" class=\"thickbox no_icon\" title=\"\"><img loading=\"lazy\" decoding=\"async\" width=\"425\" height=\"346\" src=\"https:\/\/www.mecerreyes.com\/mece\/wp-content\/uploads\/2024\/09\/Mecerreyes-Fiestas-de-Acci\u00f3n-de-Gracias-Ofrenda-Floral-29-08-2024-14.jpg\" alt=\"\" data-id=\"25473\" data-full-url=\"https:\/\/www.mecerreyes.com\/mece\/wp-content\/uploads\/2024\/09\/Mecerreyes-Fiestas-de-Acci\u00f3n-de-Gracias-Ofrenda-Floral-29-08-2024-14.jpg\" data-link=\"https:\/\/www.mecerreyes.com\/mece\/?attachment_id=25473\" class=\"wp-image-25473\" srcset=\"https:\/\/www.mecerreyes.com\/mece\/wp-content\/uploads\/2024\/09\/Mecerreyes-Fiestas-de-Acci\u00f3n-de-Gracias-Ofrenda-Floral-29-08-2024-14.jpg 425w, https:\/\/www.mecerreyes.com\/mece\/wp-content\/uploads\/2024\/09\/Mecerreyes-Fiestas-de-Acci\u00f3n-de-Gracias-Ofrenda-Floral-29-08-2024-14-300x244.jpg 300w\" sizes=\"(max-width: 425px) 100vw, 425px\" \/><\/a><\/figure><\/li><li class=\"blocks-gallery-item\"><figure><a  href=\"https:\/\/www.mecerreyes.com\/mece\/wp-content\/uploads\/2024\/09\/Mecerreyes-Fiestas-de-Acci\u00f3n-de-Gracias-Ofrenda-Floral-29-08-2024-15.jpg\" class=\"thickbox no_icon\" title=\"\"><img loading=\"lazy\" decoding=\"async\" width=\"425\" height=\"283\" src=\"https:\/\/www.mecerreyes.com\/mece\/wp-content\/uploads\/2024\/09\/Mecerreyes-Fiestas-de-Acci\u00f3n-de-Gracias-Ofrenda-Floral-29-08-2024-15.jpg\" alt=\"\" data-id=\"25474\" data-full-url=\"https:\/\/www.mecerreyes.com\/mece\/wp-content\/uploads\/2024\/09\/Mecerreyes-Fiestas-de-Acci\u00f3n-de-Gracias-Ofrenda-Floral-29-08-2024-15.jpg\" data-link=\"https:\/\/www.mecerreyes.com\/mece\/?attachment_id=25474\" class=\"wp-image-25474\" srcset=\"https:\/\/www.mecerreyes.com\/mece\/wp-content\/uploads\/2024\/09\/Mecerreyes-Fiestas-de-Acci\u00f3n-de-Gracias-Ofrenda-Floral-29-08-2024-15.jpg 425w, https:\/\/www.mecerreyes.com\/mece\/wp-content\/uploads\/2024\/09\/Mecerreyes-Fiestas-de-Acci\u00f3n-de-Gracias-Ofrenda-Floral-29-08-2024-15-300x200.jpg 300w\" sizes=\"(max-width: 425px) 100vw, 425px\" \/><\/a><\/figure><\/li><li class=\"blocks-gallery-item\"><figure><a  href=\"https:\/\/www.mecerreyes.com\/mece\/wp-content\/uploads\/2024\/09\/Mecerreyes-Fiestas-de-Acci\u00f3n-de-Gracias-Ofrenda-Floral-29-08-2024-16.jpg\" class=\"thickbox no_icon\" title=\"\"><img loading=\"lazy\" decoding=\"async\" width=\"425\" height=\"282\" src=\"https:\/\/www.mecerreyes.com\/mece\/wp-content\/uploads\/2024\/09\/Mecerreyes-Fiestas-de-Acci\u00f3n-de-Gracias-Ofrenda-Floral-29-08-2024-16.jpg\" alt=\"\" data-id=\"25475\" data-full-url=\"https:\/\/www.mecerreyes.com\/mece\/wp-content\/uploads\/2024\/09\/Mecerreyes-Fiestas-de-Acci\u00f3n-de-Gracias-Ofrenda-Floral-29-08-2024-16.jpg\" data-link=\"https:\/\/www.mecerreyes.com\/mece\/?attachment_id=25475\" class=\"wp-image-25475\" srcset=\"https:\/\/www.mecerreyes.com\/mece\/wp-content\/uploads\/2024\/09\/Mecerreyes-Fiestas-de-Acci\u00f3n-de-Gracias-Ofrenda-Floral-29-08-2024-16.jpg 425w, https:\/\/www.mecerreyes.com\/mece\/wp-content\/uploads\/2024\/09\/Mecerreyes-Fiestas-de-Acci\u00f3n-de-Gracias-Ofrenda-Floral-29-08-2024-16-300x199.jpg 300w\" sizes=\"(max-width: 425px) 100vw, 425px\" \/><\/a><\/figure><\/li><li class=\"blocks-gallery-item\"><figure><a  href=\"https:\/\/www.mecerreyes.com\/mece\/wp-content\/uploads\/2024\/09\/Mecerreyes-Fiestas-de-Acci\u00f3n-de-Gracias-Ofrenda-Floral-29-08-2024-17.jpg\" class=\"thickbox no_icon\" title=\"\"><img loading=\"lazy\" decoding=\"async\" width=\"425\" height=\"283\" src=\"https:\/\/www.mecerreyes.com\/mece\/wp-content\/uploads\/2024\/09\/Mecerreyes-Fiestas-de-Acci\u00f3n-de-Gracias-Ofrenda-Floral-29-08-2024-17.jpg\" alt=\"\" data-id=\"25476\" data-full-url=\"https:\/\/www.mecerreyes.com\/mece\/wp-content\/uploads\/2024\/09\/Mecerreyes-Fiestas-de-Acci\u00f3n-de-Gracias-Ofrenda-Floral-29-08-2024-17.jpg\" data-link=\"https:\/\/www.mecerreyes.com\/mece\/?attachment_id=25476\" class=\"wp-image-25476\" srcset=\"https:\/\/www.mecerreyes.com\/mece\/wp-content\/uploads\/2024\/09\/Mecerreyes-Fiestas-de-Acci\u00f3n-de-Gracias-Ofrenda-Floral-29-08-2024-17.jpg 425w, https:\/\/www.mecerreyes.com\/mece\/wp-content\/uploads\/2024\/09\/Mecerreyes-Fiestas-de-Acci\u00f3n-de-Gracias-Ofrenda-Floral-29-08-2024-17-300x200.jpg 300w\" sizes=\"(max-width: 425px) 100vw, 425px\" \/><\/a><\/figure><\/li><li class=\"blocks-gallery-item\"><figure><a  href=\"https:\/\/www.mecerreyes.com\/mece\/wp-content\/uploads\/2024\/09\/Mecerreyes-Fiestas-de-Acci\u00f3n-de-Gracias-Ofrenda-Floral-29-08-2024-18.jpg\" class=\"thickbox no_icon\" title=\"\"><img loading=\"lazy\" decoding=\"async\" width=\"425\" height=\"283\" src=\"https:\/\/www.mecerreyes.com\/mece\/wp-content\/uploads\/2024\/09\/Mecerreyes-Fiestas-de-Acci\u00f3n-de-Gracias-Ofrenda-Floral-29-08-2024-18.jpg\" alt=\"\" data-id=\"25477\" data-full-url=\"https:\/\/www.mecerreyes.com\/mece\/wp-content\/uploads\/2024\/09\/Mecerreyes-Fiestas-de-Acci\u00f3n-de-Gracias-Ofrenda-Floral-29-08-2024-18.jpg\" data-link=\"https:\/\/www.mecerreyes.com\/mece\/?attachment_id=25477\" class=\"wp-image-25477\" srcset=\"https:\/\/www.mecerreyes.com\/mece\/wp-content\/uploads\/2024\/09\/Mecerreyes-Fiestas-de-Acci\u00f3n-de-Gracias-Ofrenda-Floral-29-08-2024-18.jpg 425w, https:\/\/www.mecerreyes.com\/mece\/wp-content\/uploads\/2024\/09\/Mecerreyes-Fiestas-de-Acci\u00f3n-de-Gracias-Ofrenda-Floral-29-08-2024-18-300x200.jpg 300w\" sizes=\"(max-width: 425px) 100vw, 425px\" \/><\/a><\/figure><\/li><li class=\"blocks-gallery-item\"><figure><a  href=\"https:\/\/www.mecerreyes.com\/mece\/wp-content\/uploads\/2024\/09\/Mecerreyes-Fiestas-de-Acci\u00f3n-de-Gracias-Ofrenda-Floral-29-08-2024-19.jpg\" class=\"thickbox no_icon\" title=\"\"><img loading=\"lazy\" decoding=\"async\" width=\"425\" height=\"283\" src=\"https:\/\/www.mecerreyes.com\/mece\/wp-content\/uploads\/2024\/09\/Mecerreyes-Fiestas-de-Acci\u00f3n-de-Gracias-Ofrenda-Floral-29-08-2024-19.jpg\" alt=\"\" data-id=\"25478\" data-full-url=\"https:\/\/www.mecerreyes.com\/mece\/wp-content\/uploads\/2024\/09\/Mecerreyes-Fiestas-de-Acci\u00f3n-de-Gracias-Ofrenda-Floral-29-08-2024-19.jpg\" data-link=\"https:\/\/www.mecerreyes.com\/mece\/?attachment_id=25478\" class=\"wp-image-25478\" srcset=\"https:\/\/www.mecerreyes.com\/mece\/wp-content\/uploads\/2024\/09\/Mecerreyes-Fiestas-de-Acci\u00f3n-de-Gracias-Ofrenda-Floral-29-08-2024-19.jpg 425w, https:\/\/www.mecerreyes.com\/mece\/wp-content\/uploads\/2024\/09\/Mecerreyes-Fiestas-de-Acci\u00f3n-de-Gracias-Ofrenda-Floral-29-08-2024-19-300x200.jpg 300w\" sizes=\"(max-width: 425px) 100vw, 425px\" \/><\/a><\/figure><\/li><li class=\"blocks-gallery-item\"><figure><a  href=\"https:\/\/www.mecerreyes.com\/mece\/wp-content\/uploads\/2024\/09\/Mecerreyes-Fiestas-de-Acci\u00f3n-de-Gracias-Ofrenda-Floral-29-08-2024-20.jpg\" class=\"thickbox no_icon\" title=\"\"><img loading=\"lazy\" decoding=\"async\" width=\"425\" height=\"283\" src=\"https:\/\/www.mecerreyes.com\/mece\/wp-content\/uploads\/2024\/09\/Mecerreyes-Fiestas-de-Acci\u00f3n-de-Gracias-Ofrenda-Floral-29-08-2024-20.jpg\" alt=\"\" data-id=\"25479\" data-full-url=\"https:\/\/www.mecerreyes.com\/mece\/wp-content\/uploads\/2024\/09\/Mecerreyes-Fiestas-de-Acci\u00f3n-de-Gracias-Ofrenda-Floral-29-08-2024-20.jpg\" data-link=\"https:\/\/www.mecerreyes.com\/mece\/?attachment_id=25479\" class=\"wp-image-25479\" srcset=\"https:\/\/www.mecerreyes.com\/mece\/wp-content\/uploads\/2024\/09\/Mecerreyes-Fiestas-de-Acci\u00f3n-de-Gracias-Ofrenda-Floral-29-08-2024-20.jpg 425w, https:\/\/www.mecerreyes.com\/mece\/wp-content\/uploads\/2024\/09\/Mecerreyes-Fiestas-de-Acci\u00f3n-de-Gracias-Ofrenda-Floral-29-08-2024-20-300x200.jpg 300w\" sizes=\"(max-width: 425px) 100vw, 425px\" \/><\/a><\/figure><\/li><li class=\"blocks-gallery-item\"><figure><a  href=\"https:\/\/www.mecerreyes.com\/mece\/wp-content\/uploads\/2024\/09\/Mecerreyes-Fiestas-de-Acci\u00f3n-de-Gracias-Ofrenda-Floral-29-08-2024-21.jpg\" class=\"thickbox no_icon\" title=\"\"><img loading=\"lazy\" decoding=\"async\" width=\"425\" height=\"283\" src=\"https:\/\/www.mecerreyes.com\/mece\/wp-content\/uploads\/2024\/09\/Mecerreyes-Fiestas-de-Acci\u00f3n-de-Gracias-Ofrenda-Floral-29-08-2024-21.jpg\" alt=\"\" data-id=\"25480\" data-full-url=\"https:\/\/www.mecerreyes.com\/mece\/wp-content\/uploads\/2024\/09\/Mecerreyes-Fiestas-de-Acci\u00f3n-de-Gracias-Ofrenda-Floral-29-08-2024-21.jpg\" data-link=\"https:\/\/www.mecerreyes.com\/mece\/?attachment_id=25480\" class=\"wp-image-25480\" srcset=\"https:\/\/www.mecerreyes.com\/mece\/wp-content\/uploads\/2024\/09\/Mecerreyes-Fiestas-de-Acci\u00f3n-de-Gracias-Ofrenda-Floral-29-08-2024-21.jpg 425w, https:\/\/www.mecerreyes.com\/mece\/wp-content\/uploads\/2024\/09\/Mecerreyes-Fiestas-de-Acci\u00f3n-de-Gracias-Ofrenda-Floral-29-08-2024-21-300x200.jpg 300w\" sizes=\"(max-width: 425px) 100vw, 425px\" \/><\/a><\/figure><\/li><li class=\"blocks-gallery-item\"><figure><a  href=\"https:\/\/www.mecerreyes.com\/mece\/wp-content\/uploads\/2024\/09\/Mecerreyes-Fiestas-de-Acci\u00f3n-de-Gracias-Ofrenda-Floral-29-08-2024-22.jpg\" class=\"thickbox no_icon\" title=\"\"><img loading=\"lazy\" decoding=\"async\" width=\"425\" height=\"331\" src=\"https:\/\/www.mecerreyes.com\/mece\/wp-content\/uploads\/2024\/09\/Mecerreyes-Fiestas-de-Acci\u00f3n-de-Gracias-Ofrenda-Floral-29-08-2024-22.jpg\" alt=\"\" data-id=\"25481\" data-full-url=\"https:\/\/www.mecerreyes.com\/mece\/wp-content\/uploads\/2024\/09\/Mecerreyes-Fiestas-de-Acci\u00f3n-de-Gracias-Ofrenda-Floral-29-08-2024-22.jpg\" data-link=\"https:\/\/www.mecerreyes.com\/mece\/?attachment_id=25481\" class=\"wp-image-25481\" srcset=\"https:\/\/www.mecerreyes.com\/mece\/wp-content\/uploads\/2024\/09\/Mecerreyes-Fiestas-de-Acci\u00f3n-de-Gracias-Ofrenda-Floral-29-08-2024-22.jpg 425w, https:\/\/www.mecerreyes.com\/mece\/wp-content\/uploads\/2024\/09\/Mecerreyes-Fiestas-de-Acci\u00f3n-de-Gracias-Ofrenda-Floral-29-08-2024-22-300x234.jpg 300w\" sizes=\"(max-width: 425px) 100vw, 425px\" \/><\/a><\/figure><\/li><li class=\"blocks-gallery-item\"><figure><a  href=\"https:\/\/www.mecerreyes.com\/mece\/wp-content\/uploads\/2024\/09\/Mecerreyes-Fiestas-de-Acci\u00f3n-de-Gracias-Ofrenda-Floral-29-08-2024-23.jpg\" class=\"thickbox no_icon\" title=\"\"><img loading=\"lazy\" decoding=\"async\" width=\"425\" height=\"256\" src=\"https:\/\/www.mecerreyes.com\/mece\/wp-content\/uploads\/2024\/09\/Mecerreyes-Fiestas-de-Acci\u00f3n-de-Gracias-Ofrenda-Floral-29-08-2024-23.jpg\" alt=\"\" data-id=\"25482\" data-full-url=\"https:\/\/www.mecerreyes.com\/mece\/wp-content\/uploads\/2024\/09\/Mecerreyes-Fiestas-de-Acci\u00f3n-de-Gracias-Ofrenda-Floral-29-08-2024-23.jpg\" data-link=\"https:\/\/www.mecerreyes.com\/mece\/?attachment_id=25482\" class=\"wp-image-25482\" srcset=\"https:\/\/www.mecerreyes.com\/mece\/wp-content\/uploads\/2024\/09\/Mecerreyes-Fiestas-de-Acci\u00f3n-de-Gracias-Ofrenda-Floral-29-08-2024-23.jpg 425w, https:\/\/www.mecerreyes.com\/mece\/wp-content\/uploads\/2024\/09\/Mecerreyes-Fiestas-de-Acci\u00f3n-de-Gracias-Ofrenda-Floral-29-08-2024-23-300x181.jpg 300w\" sizes=\"(max-width: 425px) 100vw, 425px\" \/><\/a><\/figure><\/li><li class=\"blocks-gallery-item\"><figure><a  href=\"https:\/\/www.mecerreyes.com\/mece\/wp-content\/uploads\/2024\/09\/Mecerreyes-Fiestas-de-Acci\u00f3n-de-Gracias-Ofrenda-Floral-29-08-2024-24.jpg\" class=\"thickbox no_icon\" title=\"\"><img loading=\"lazy\" decoding=\"async\" width=\"425\" height=\"333\" src=\"https:\/\/www.mecerreyes.com\/mece\/wp-content\/uploads\/2024\/09\/Mecerreyes-Fiestas-de-Acci\u00f3n-de-Gracias-Ofrenda-Floral-29-08-2024-24.jpg\" alt=\"\" data-id=\"25483\" data-full-url=\"https:\/\/www.mecerreyes.com\/mece\/wp-content\/uploads\/2024\/09\/Mecerreyes-Fiestas-de-Acci\u00f3n-de-Gracias-Ofrenda-Floral-29-08-2024-24.jpg\" data-link=\"https:\/\/www.mecerreyes.com\/mece\/?attachment_id=25483\" class=\"wp-image-25483\" srcset=\"https:\/\/www.mecerreyes.com\/mece\/wp-content\/uploads\/2024\/09\/Mecerreyes-Fiestas-de-Acci\u00f3n-de-Gracias-Ofrenda-Floral-29-08-2024-24.jpg 425w, https:\/\/www.mecerreyes.com\/mece\/wp-content\/uploads\/2024\/09\/Mecerreyes-Fiestas-de-Acci\u00f3n-de-Gracias-Ofrenda-Floral-29-08-2024-24-300x235.jpg 300w\" sizes=\"(max-width: 425px) 100vw, 425px\" \/><\/a><\/figure><\/li><li class=\"blocks-gallery-item\"><figure><a  href=\"https:\/\/www.mecerreyes.com\/mece\/wp-content\/uploads\/2024\/09\/Mecerreyes-Fiestas-de-Acci\u00f3n-de-Gracias-Ofrenda-Floral-29-08-2024-25.jpg\" class=\"thickbox no_icon\" title=\"\"><img loading=\"lazy\" decoding=\"async\" width=\"425\" height=\"283\" src=\"https:\/\/www.mecerreyes.com\/mece\/wp-content\/uploads\/2024\/09\/Mecerreyes-Fiestas-de-Acci\u00f3n-de-Gracias-Ofrenda-Floral-29-08-2024-25.jpg\" alt=\"\" data-id=\"25484\" data-full-url=\"https:\/\/www.mecerreyes.com\/mece\/wp-content\/uploads\/2024\/09\/Mecerreyes-Fiestas-de-Acci\u00f3n-de-Gracias-Ofrenda-Floral-29-08-2024-25.jpg\" data-link=\"https:\/\/www.mecerreyes.com\/mece\/?attachment_id=25484\" class=\"wp-image-25484\" srcset=\"https:\/\/www.mecerreyes.com\/mece\/wp-content\/uploads\/2024\/09\/Mecerreyes-Fiestas-de-Acci\u00f3n-de-Gracias-Ofrenda-Floral-29-08-2024-25.jpg 425w, https:\/\/www.mecerreyes.com\/mece\/wp-content\/uploads\/2024\/09\/Mecerreyes-Fiestas-de-Acci\u00f3n-de-Gracias-Ofrenda-Floral-29-08-2024-25-300x200.jpg 300w\" sizes=\"(max-width: 425px) 100vw, 425px\" \/><\/a><\/figure><\/li><\/ul><\/figure>\n\n\n\n<p>El pincho se desarroll\u00f3 con normalidad en el patio de las escuelas reparti\u00e9ndose 800 raciones.<\/p>\n\n\n\n<figure class=\"wp-block-gallery columns-2 is-cropped wp-block-gallery-5 is-layout-flex wp-block-gallery-is-layout-flex\"><ul class=\"blocks-gallery-grid\"><li class=\"blocks-gallery-item\"><figure><a  href=\"https:\/\/www.mecerreyes.com\/mece\/wp-content\/uploads\/2024\/09\/Mecerreyes-Fiestas-de-Acci\u00f3n-de-Gracias-Pincho-popular-29-08-2024-19.jpg\" class=\"thickbox no_icon\" title=\"\"><img loading=\"lazy\" decoding=\"async\" width=\"1024\" height=\"683\" src=\"https:\/\/www.mecerreyes.com\/mece\/wp-content\/uploads\/2024\/09\/Mecerreyes-Fiestas-de-Acci\u00f3n-de-Gracias-Pincho-popular-29-08-2024-19-1024x683.jpg\" alt=\"\" data-id=\"25485\" data-full-url=\"https:\/\/www.mecerreyes.com\/mece\/wp-content\/uploads\/2024\/09\/Mecerreyes-Fiestas-de-Acci\u00f3n-de-Gracias-Pincho-popular-29-08-2024-19.jpg\" data-link=\"https:\/\/www.mecerreyes.com\/mece\/?attachment_id=25485\" class=\"wp-image-25485\" srcset=\"https:\/\/www.mecerreyes.com\/mece\/wp-content\/uploads\/2024\/09\/Mecerreyes-Fiestas-de-Acci\u00f3n-de-Gracias-Pincho-popular-29-08-2024-19-1024x683.jpg 1024w, https:\/\/www.mecerreyes.com\/mece\/wp-content\/uploads\/2024\/09\/Mecerreyes-Fiestas-de-Acci\u00f3n-de-Gracias-Pincho-popular-29-08-2024-19-300x200.jpg 300w, https:\/\/www.mecerreyes.com\/mece\/wp-content\/uploads\/2024\/09\/Mecerreyes-Fiestas-de-Acci\u00f3n-de-Gracias-Pincho-popular-29-08-2024-19-768x512.jpg 768w, https:\/\/www.mecerreyes.com\/mece\/wp-content\/uploads\/2024\/09\/Mecerreyes-Fiestas-de-Acci\u00f3n-de-Gracias-Pincho-popular-29-08-2024-19-1080x720.jpg 1080w, https:\/\/www.mecerreyes.com\/mece\/wp-content\/uploads\/2024\/09\/Mecerreyes-Fiestas-de-Acci\u00f3n-de-Gracias-Pincho-popular-29-08-2024-19.jpg 1417w\" sizes=\"(max-width: 1024px) 100vw, 1024px\" \/><\/a><\/figure><\/li><li class=\"blocks-gallery-item\"><figure><a  href=\"https:\/\/www.mecerreyes.com\/mece\/wp-content\/uploads\/2024\/09\/Mecerreyes-Fiestas-de-Acci\u00f3n-de-Gracias-Pincho-popular-29-08-2024-1.jpg\" class=\"thickbox no_icon\" title=\"\"><img loading=\"lazy\" decoding=\"async\" width=\"1024\" height=\"683\" src=\"https:\/\/www.mecerreyes.com\/mece\/wp-content\/uploads\/2024\/09\/Mecerreyes-Fiestas-de-Acci\u00f3n-de-Gracias-Pincho-popular-29-08-2024-1-1024x683.jpg\" alt=\"\" data-id=\"25486\" data-full-url=\"https:\/\/www.mecerreyes.com\/mece\/wp-content\/uploads\/2024\/09\/Mecerreyes-Fiestas-de-Acci\u00f3n-de-Gracias-Pincho-popular-29-08-2024-1.jpg\" data-link=\"https:\/\/www.mecerreyes.com\/mece\/?attachment_id=25486\" class=\"wp-image-25486\" srcset=\"https:\/\/www.mecerreyes.com\/mece\/wp-content\/uploads\/2024\/09\/Mecerreyes-Fiestas-de-Acci\u00f3n-de-Gracias-Pincho-popular-29-08-2024-1-1024x683.jpg 1024w, https:\/\/www.mecerreyes.com\/mece\/wp-content\/uploads\/2024\/09\/Mecerreyes-Fiestas-de-Acci\u00f3n-de-Gracias-Pincho-popular-29-08-2024-1-300x200.jpg 300w, https:\/\/www.mecerreyes.com\/mece\/wp-content\/uploads\/2024\/09\/Mecerreyes-Fiestas-de-Acci\u00f3n-de-Gracias-Pincho-popular-29-08-2024-1-768x512.jpg 768w, https:\/\/www.mecerreyes.com\/mece\/wp-content\/uploads\/2024\/09\/Mecerreyes-Fiestas-de-Acci\u00f3n-de-Gracias-Pincho-popular-29-08-2024-1-1080x720.jpg 1080w, https:\/\/www.mecerreyes.com\/mece\/wp-content\/uploads\/2024\/09\/Mecerreyes-Fiestas-de-Acci\u00f3n-de-Gracias-Pincho-popular-29-08-2024-1.jpg 1417w\" sizes=\"(max-width: 1024px) 100vw, 1024px\" \/><\/a><\/figure><\/li><li class=\"blocks-gallery-item\"><figure><a  href=\"https:\/\/www.mecerreyes.com\/mece\/wp-content\/uploads\/2024\/09\/Mecerreyes-Fiestas-de-Acci\u00f3n-de-Gracias-Pincho-popular-29-08-2024-2.jpg\" class=\"thickbox no_icon\" title=\"\"><img loading=\"lazy\" decoding=\"async\" width=\"425\" height=\"283\" src=\"https:\/\/www.mecerreyes.com\/mece\/wp-content\/uploads\/2024\/09\/Mecerreyes-Fiestas-de-Acci\u00f3n-de-Gracias-Pincho-popular-29-08-2024-2.jpg\" alt=\"\" data-id=\"25487\" data-full-url=\"https:\/\/www.mecerreyes.com\/mece\/wp-content\/uploads\/2024\/09\/Mecerreyes-Fiestas-de-Acci\u00f3n-de-Gracias-Pincho-popular-29-08-2024-2.jpg\" data-link=\"https:\/\/www.mecerreyes.com\/mece\/?attachment_id=25487\" class=\"wp-image-25487\" srcset=\"https:\/\/www.mecerreyes.com\/mece\/wp-content\/uploads\/2024\/09\/Mecerreyes-Fiestas-de-Acci\u00f3n-de-Gracias-Pincho-popular-29-08-2024-2.jpg 425w, https:\/\/www.mecerreyes.com\/mece\/wp-content\/uploads\/2024\/09\/Mecerreyes-Fiestas-de-Acci\u00f3n-de-Gracias-Pincho-popular-29-08-2024-2-300x200.jpg 300w\" sizes=\"(max-width: 425px) 100vw, 425px\" \/><\/a><\/figure><\/li><li class=\"blocks-gallery-item\"><figure><a  href=\"https:\/\/www.mecerreyes.com\/mece\/wp-content\/uploads\/2024\/09\/Mecerreyes-Fiestas-de-Acci\u00f3n-de-Gracias-Pincho-popular-29-08-2024-3.jpg\" class=\"thickbox no_icon\" title=\"\"><img loading=\"lazy\" decoding=\"async\" width=\"425\" height=\"283\" src=\"https:\/\/www.mecerreyes.com\/mece\/wp-content\/uploads\/2024\/09\/Mecerreyes-Fiestas-de-Acci\u00f3n-de-Gracias-Pincho-popular-29-08-2024-3.jpg\" alt=\"\" data-id=\"25488\" data-full-url=\"https:\/\/www.mecerreyes.com\/mece\/wp-content\/uploads\/2024\/09\/Mecerreyes-Fiestas-de-Acci\u00f3n-de-Gracias-Pincho-popular-29-08-2024-3.jpg\" data-link=\"https:\/\/www.mecerreyes.com\/mece\/?attachment_id=25488\" class=\"wp-image-25488\" srcset=\"https:\/\/www.mecerreyes.com\/mece\/wp-content\/uploads\/2024\/09\/Mecerreyes-Fiestas-de-Acci\u00f3n-de-Gracias-Pincho-popular-29-08-2024-3.jpg 425w, https:\/\/www.mecerreyes.com\/mece\/wp-content\/uploads\/2024\/09\/Mecerreyes-Fiestas-de-Acci\u00f3n-de-Gracias-Pincho-popular-29-08-2024-3-300x200.jpg 300w\" sizes=\"(max-width: 425px) 100vw, 425px\" \/><\/a><\/figure><\/li><li class=\"blocks-gallery-item\"><figure><a  href=\"https:\/\/www.mecerreyes.com\/mece\/wp-content\/uploads\/2024\/09\/Mecerreyes-Fiestas-de-Acci\u00f3n-de-Gracias-Pincho-popular-29-08-2024-4.jpg\" class=\"thickbox no_icon\" title=\"\"><img loading=\"lazy\" decoding=\"async\" width=\"425\" height=\"283\" src=\"https:\/\/www.mecerreyes.com\/mece\/wp-content\/uploads\/2024\/09\/Mecerreyes-Fiestas-de-Acci\u00f3n-de-Gracias-Pincho-popular-29-08-2024-4.jpg\" alt=\"\" data-id=\"25489\" data-full-url=\"https:\/\/www.mecerreyes.com\/mece\/wp-content\/uploads\/2024\/09\/Mecerreyes-Fiestas-de-Acci\u00f3n-de-Gracias-Pincho-popular-29-08-2024-4.jpg\" data-link=\"https:\/\/www.mecerreyes.com\/mece\/?attachment_id=25489\" class=\"wp-image-25489\" srcset=\"https:\/\/www.mecerreyes.com\/mece\/wp-content\/uploads\/2024\/09\/Mecerreyes-Fiestas-de-Acci\u00f3n-de-Gracias-Pincho-popular-29-08-2024-4.jpg 425w, https:\/\/www.mecerreyes.com\/mece\/wp-content\/uploads\/2024\/09\/Mecerreyes-Fiestas-de-Acci\u00f3n-de-Gracias-Pincho-popular-29-08-2024-4-300x200.jpg 300w\" sizes=\"(max-width: 425px) 100vw, 425px\" \/><\/a><\/figure><\/li><li class=\"blocks-gallery-item\"><figure><a  href=\"https:\/\/www.mecerreyes.com\/mece\/wp-content\/uploads\/2024\/09\/Mecerreyes-Fiestas-de-Acci\u00f3n-de-Gracias-Pincho-popular-29-08-2024-5.jpg\" class=\"thickbox no_icon\" title=\"\"><img loading=\"lazy\" decoding=\"async\" width=\"425\" height=\"283\" src=\"https:\/\/www.mecerreyes.com\/mece\/wp-content\/uploads\/2024\/09\/Mecerreyes-Fiestas-de-Acci\u00f3n-de-Gracias-Pincho-popular-29-08-2024-5.jpg\" alt=\"\" data-id=\"25490\" data-full-url=\"https:\/\/www.mecerreyes.com\/mece\/wp-content\/uploads\/2024\/09\/Mecerreyes-Fiestas-de-Acci\u00f3n-de-Gracias-Pincho-popular-29-08-2024-5.jpg\" data-link=\"https:\/\/www.mecerreyes.com\/mece\/?attachment_id=25490\" class=\"wp-image-25490\" srcset=\"https:\/\/www.mecerreyes.com\/mece\/wp-content\/uploads\/2024\/09\/Mecerreyes-Fiestas-de-Acci\u00f3n-de-Gracias-Pincho-popular-29-08-2024-5.jpg 425w, https:\/\/www.mecerreyes.com\/mece\/wp-content\/uploads\/2024\/09\/Mecerreyes-Fiestas-de-Acci\u00f3n-de-Gracias-Pincho-popular-29-08-2024-5-300x200.jpg 300w\" sizes=\"(max-width: 425px) 100vw, 425px\" \/><\/a><\/figure><\/li><li class=\"blocks-gallery-item\"><figure><a  href=\"https:\/\/www.mecerreyes.com\/mece\/wp-content\/uploads\/2024\/09\/Mecerreyes-Fiestas-de-Acci\u00f3n-de-Gracias-Pincho-popular-29-08-2024-6.jpg\" class=\"thickbox no_icon\" title=\"\"><img loading=\"lazy\" decoding=\"async\" width=\"425\" height=\"283\" src=\"https:\/\/www.mecerreyes.com\/mece\/wp-content\/uploads\/2024\/09\/Mecerreyes-Fiestas-de-Acci\u00f3n-de-Gracias-Pincho-popular-29-08-2024-6.jpg\" alt=\"\" data-id=\"25491\" data-full-url=\"https:\/\/www.mecerreyes.com\/mece\/wp-content\/uploads\/2024\/09\/Mecerreyes-Fiestas-de-Acci\u00f3n-de-Gracias-Pincho-popular-29-08-2024-6.jpg\" data-link=\"https:\/\/www.mecerreyes.com\/mece\/?attachment_id=25491\" class=\"wp-image-25491\" srcset=\"https:\/\/www.mecerreyes.com\/mece\/wp-content\/uploads\/2024\/09\/Mecerreyes-Fiestas-de-Acci\u00f3n-de-Gracias-Pincho-popular-29-08-2024-6.jpg 425w, https:\/\/www.mecerreyes.com\/mece\/wp-content\/uploads\/2024\/09\/Mecerreyes-Fiestas-de-Acci\u00f3n-de-Gracias-Pincho-popular-29-08-2024-6-300x200.jpg 300w\" sizes=\"(max-width: 425px) 100vw, 425px\" \/><\/a><\/figure><\/li><li class=\"blocks-gallery-item\"><figure><a  href=\"https:\/\/www.mecerreyes.com\/mece\/wp-content\/uploads\/2024\/09\/Mecerreyes-Fiestas-de-Acci\u00f3n-de-Gracias-Pincho-popular-29-08-2024-7.jpg\" class=\"thickbox no_icon\" title=\"\"><img loading=\"lazy\" decoding=\"async\" width=\"425\" height=\"283\" src=\"https:\/\/www.mecerreyes.com\/mece\/wp-content\/uploads\/2024\/09\/Mecerreyes-Fiestas-de-Acci\u00f3n-de-Gracias-Pincho-popular-29-08-2024-7.jpg\" alt=\"\" data-id=\"25492\" data-full-url=\"https:\/\/www.mecerreyes.com\/mece\/wp-content\/uploads\/2024\/09\/Mecerreyes-Fiestas-de-Acci\u00f3n-de-Gracias-Pincho-popular-29-08-2024-7.jpg\" data-link=\"https:\/\/www.mecerreyes.com\/mece\/?attachment_id=25492\" class=\"wp-image-25492\" srcset=\"https:\/\/www.mecerreyes.com\/mece\/wp-content\/uploads\/2024\/09\/Mecerreyes-Fiestas-de-Acci\u00f3n-de-Gracias-Pincho-popular-29-08-2024-7.jpg 425w, https:\/\/www.mecerreyes.com\/mece\/wp-content\/uploads\/2024\/09\/Mecerreyes-Fiestas-de-Acci\u00f3n-de-Gracias-Pincho-popular-29-08-2024-7-300x200.jpg 300w\" sizes=\"(max-width: 425px) 100vw, 425px\" \/><\/a><\/figure><\/li><li class=\"blocks-gallery-item\"><figure><a  href=\"https:\/\/www.mecerreyes.com\/mece\/wp-content\/uploads\/2024\/09\/Mecerreyes-Fiestas-de-Acci\u00f3n-de-Gracias-Pincho-popular-29-08-2024-8.jpg\" class=\"thickbox no_icon\" title=\"\"><img loading=\"lazy\" decoding=\"async\" width=\"425\" height=\"283\" src=\"https:\/\/www.mecerreyes.com\/mece\/wp-content\/uploads\/2024\/09\/Mecerreyes-Fiestas-de-Acci\u00f3n-de-Gracias-Pincho-popular-29-08-2024-8.jpg\" alt=\"\" data-id=\"25493\" data-full-url=\"https:\/\/www.mecerreyes.com\/mece\/wp-content\/uploads\/2024\/09\/Mecerreyes-Fiestas-de-Acci\u00f3n-de-Gracias-Pincho-popular-29-08-2024-8.jpg\" data-link=\"https:\/\/www.mecerreyes.com\/mece\/?attachment_id=25493\" class=\"wp-image-25493\" srcset=\"https:\/\/www.mecerreyes.com\/mece\/wp-content\/uploads\/2024\/09\/Mecerreyes-Fiestas-de-Acci\u00f3n-de-Gracias-Pincho-popular-29-08-2024-8.jpg 425w, https:\/\/www.mecerreyes.com\/mece\/wp-content\/uploads\/2024\/09\/Mecerreyes-Fiestas-de-Acci\u00f3n-de-Gracias-Pincho-popular-29-08-2024-8-300x200.jpg 300w\" sizes=\"(max-width: 425px) 100vw, 425px\" \/><\/a><\/figure><\/li><li class=\"blocks-gallery-item\"><figure><a  href=\"https:\/\/www.mecerreyes.com\/mece\/wp-content\/uploads\/2024\/09\/Mecerreyes-Fiestas-de-Acci\u00f3n-de-Gracias-Pincho-popular-29-08-2024-9.jpg\" class=\"thickbox no_icon\" title=\"\"><img loading=\"lazy\" decoding=\"async\" width=\"425\" height=\"283\" src=\"https:\/\/www.mecerreyes.com\/mece\/wp-content\/uploads\/2024\/09\/Mecerreyes-Fiestas-de-Acci\u00f3n-de-Gracias-Pincho-popular-29-08-2024-9.jpg\" alt=\"\" data-id=\"25494\" data-full-url=\"https:\/\/www.mecerreyes.com\/mece\/wp-content\/uploads\/2024\/09\/Mecerreyes-Fiestas-de-Acci\u00f3n-de-Gracias-Pincho-popular-29-08-2024-9.jpg\" data-link=\"https:\/\/www.mecerreyes.com\/mece\/?attachment_id=25494\" class=\"wp-image-25494\" srcset=\"https:\/\/www.mecerreyes.com\/mece\/wp-content\/uploads\/2024\/09\/Mecerreyes-Fiestas-de-Acci\u00f3n-de-Gracias-Pincho-popular-29-08-2024-9.jpg 425w, https:\/\/www.mecerreyes.com\/mece\/wp-content\/uploads\/2024\/09\/Mecerreyes-Fiestas-de-Acci\u00f3n-de-Gracias-Pincho-popular-29-08-2024-9-300x200.jpg 300w\" sizes=\"(max-width: 425px) 100vw, 425px\" \/><\/a><\/figure><\/li><li class=\"blocks-gallery-item\"><figure><a  href=\"https:\/\/www.mecerreyes.com\/mece\/wp-content\/uploads\/2024\/09\/Mecerreyes-Fiestas-de-Acci\u00f3n-de-Gracias-Pincho-popular-29-08-2024-10.jpg\" class=\"thickbox no_icon\" title=\"\"><img loading=\"lazy\" decoding=\"async\" width=\"425\" height=\"283\" src=\"https:\/\/www.mecerreyes.com\/mece\/wp-content\/uploads\/2024\/09\/Mecerreyes-Fiestas-de-Acci\u00f3n-de-Gracias-Pincho-popular-29-08-2024-10.jpg\" alt=\"\" data-id=\"25495\" data-full-url=\"https:\/\/www.mecerreyes.com\/mece\/wp-content\/uploads\/2024\/09\/Mecerreyes-Fiestas-de-Acci\u00f3n-de-Gracias-Pincho-popular-29-08-2024-10.jpg\" data-link=\"https:\/\/www.mecerreyes.com\/mece\/?attachment_id=25495\" class=\"wp-image-25495\" srcset=\"https:\/\/www.mecerreyes.com\/mece\/wp-content\/uploads\/2024\/09\/Mecerreyes-Fiestas-de-Acci\u00f3n-de-Gracias-Pincho-popular-29-08-2024-10.jpg 425w, https:\/\/www.mecerreyes.com\/mece\/wp-content\/uploads\/2024\/09\/Mecerreyes-Fiestas-de-Acci\u00f3n-de-Gracias-Pincho-popular-29-08-2024-10-300x200.jpg 300w\" sizes=\"(max-width: 425px) 100vw, 425px\" \/><\/a><\/figure><\/li><li class=\"blocks-gallery-item\"><figure><a  href=\"https:\/\/www.mecerreyes.com\/mece\/wp-content\/uploads\/2024\/09\/Mecerreyes-Fiestas-de-Acci\u00f3n-de-Gracias-Pincho-popular-29-08-2024-11.jpg\" class=\"thickbox no_icon\" title=\"\"><img loading=\"lazy\" decoding=\"async\" width=\"425\" height=\"283\" src=\"https:\/\/www.mecerreyes.com\/mece\/wp-content\/uploads\/2024\/09\/Mecerreyes-Fiestas-de-Acci\u00f3n-de-Gracias-Pincho-popular-29-08-2024-11.jpg\" alt=\"\" data-id=\"25496\" data-full-url=\"https:\/\/www.mecerreyes.com\/mece\/wp-content\/uploads\/2024\/09\/Mecerreyes-Fiestas-de-Acci\u00f3n-de-Gracias-Pincho-popular-29-08-2024-11.jpg\" data-link=\"https:\/\/www.mecerreyes.com\/mece\/?attachment_id=25496\" class=\"wp-image-25496\" srcset=\"https:\/\/www.mecerreyes.com\/mece\/wp-content\/uploads\/2024\/09\/Mecerreyes-Fiestas-de-Acci\u00f3n-de-Gracias-Pincho-popular-29-08-2024-11.jpg 425w, https:\/\/www.mecerreyes.com\/mece\/wp-content\/uploads\/2024\/09\/Mecerreyes-Fiestas-de-Acci\u00f3n-de-Gracias-Pincho-popular-29-08-2024-11-300x200.jpg 300w\" sizes=\"(max-width: 425px) 100vw, 425px\" \/><\/a><\/figure><\/li><li class=\"blocks-gallery-item\"><figure><a  href=\"https:\/\/www.mecerreyes.com\/mece\/wp-content\/uploads\/2024\/09\/Mecerreyes-Fiestas-de-Acci\u00f3n-de-Gracias-Pincho-popular-29-08-2024-12.jpg\" class=\"thickbox no_icon\" title=\"\"><img loading=\"lazy\" decoding=\"async\" width=\"425\" height=\"283\" src=\"https:\/\/www.mecerreyes.com\/mece\/wp-content\/uploads\/2024\/09\/Mecerreyes-Fiestas-de-Acci\u00f3n-de-Gracias-Pincho-popular-29-08-2024-12.jpg\" alt=\"\" data-id=\"25497\" data-full-url=\"https:\/\/www.mecerreyes.com\/mece\/wp-content\/uploads\/2024\/09\/Mecerreyes-Fiestas-de-Acci\u00f3n-de-Gracias-Pincho-popular-29-08-2024-12.jpg\" data-link=\"https:\/\/www.mecerreyes.com\/mece\/?attachment_id=25497\" class=\"wp-image-25497\" srcset=\"https:\/\/www.mecerreyes.com\/mece\/wp-content\/uploads\/2024\/09\/Mecerreyes-Fiestas-de-Acci\u00f3n-de-Gracias-Pincho-popular-29-08-2024-12.jpg 425w, https:\/\/www.mecerreyes.com\/mece\/wp-content\/uploads\/2024\/09\/Mecerreyes-Fiestas-de-Acci\u00f3n-de-Gracias-Pincho-popular-29-08-2024-12-300x200.jpg 300w\" sizes=\"(max-width: 425px) 100vw, 425px\" \/><\/a><\/figure><\/li><li class=\"blocks-gallery-item\"><figure><a  href=\"https:\/\/www.mecerreyes.com\/mece\/wp-content\/uploads\/2024\/09\/Mecerreyes-Fiestas-de-Acci\u00f3n-de-Gracias-Pincho-popular-29-08-2024-13.jpg\" class=\"thickbox no_icon\" title=\"\"><img loading=\"lazy\" decoding=\"async\" width=\"425\" height=\"283\" src=\"https:\/\/www.mecerreyes.com\/mece\/wp-content\/uploads\/2024\/09\/Mecerreyes-Fiestas-de-Acci\u00f3n-de-Gracias-Pincho-popular-29-08-2024-13.jpg\" alt=\"\" data-id=\"25498\" data-full-url=\"https:\/\/www.mecerreyes.com\/mece\/wp-content\/uploads\/2024\/09\/Mecerreyes-Fiestas-de-Acci\u00f3n-de-Gracias-Pincho-popular-29-08-2024-13.jpg\" data-link=\"https:\/\/www.mecerreyes.com\/mece\/?attachment_id=25498\" class=\"wp-image-25498\" srcset=\"https:\/\/www.mecerreyes.com\/mece\/wp-content\/uploads\/2024\/09\/Mecerreyes-Fiestas-de-Acci\u00f3n-de-Gracias-Pincho-popular-29-08-2024-13.jpg 425w, https:\/\/www.mecerreyes.com\/mece\/wp-content\/uploads\/2024\/09\/Mecerreyes-Fiestas-de-Acci\u00f3n-de-Gracias-Pincho-popular-29-08-2024-13-300x200.jpg 300w\" sizes=\"(max-width: 425px) 100vw, 425px\" \/><\/a><\/figure><\/li><li class=\"blocks-gallery-item\"><figure><a  href=\"https:\/\/www.mecerreyes.com\/mece\/wp-content\/uploads\/2024\/09\/Mecerreyes-Fiestas-de-Acci\u00f3n-de-Gracias-Pincho-popular-29-08-2024-14.jpg\" class=\"thickbox no_icon\" title=\"\"><img loading=\"lazy\" decoding=\"async\" width=\"425\" height=\"283\" src=\"https:\/\/www.mecerreyes.com\/mece\/wp-content\/uploads\/2024\/09\/Mecerreyes-Fiestas-de-Acci\u00f3n-de-Gracias-Pincho-popular-29-08-2024-14.jpg\" alt=\"\" data-id=\"25499\" data-full-url=\"https:\/\/www.mecerreyes.com\/mece\/wp-content\/uploads\/2024\/09\/Mecerreyes-Fiestas-de-Acci\u00f3n-de-Gracias-Pincho-popular-29-08-2024-14.jpg\" data-link=\"https:\/\/www.mecerreyes.com\/mece\/?attachment_id=25499\" class=\"wp-image-25499\" srcset=\"https:\/\/www.mecerreyes.com\/mece\/wp-content\/uploads\/2024\/09\/Mecerreyes-Fiestas-de-Acci\u00f3n-de-Gracias-Pincho-popular-29-08-2024-14.jpg 425w, https:\/\/www.mecerreyes.com\/mece\/wp-content\/uploads\/2024\/09\/Mecerreyes-Fiestas-de-Acci\u00f3n-de-Gracias-Pincho-popular-29-08-2024-14-300x200.jpg 300w\" sizes=\"(max-width: 425px) 100vw, 425px\" \/><\/a><\/figure><\/li><li class=\"blocks-gallery-item\"><figure><a  href=\"https:\/\/www.mecerreyes.com\/mece\/wp-content\/uploads\/2024\/09\/Mecerreyes-Fiestas-de-Acci\u00f3n-de-Gracias-Pincho-popular-29-08-2024-15.jpg\" class=\"thickbox no_icon\" title=\"\"><img loading=\"lazy\" decoding=\"async\" width=\"425\" height=\"283\" src=\"https:\/\/www.mecerreyes.com\/mece\/wp-content\/uploads\/2024\/09\/Mecerreyes-Fiestas-de-Acci\u00f3n-de-Gracias-Pincho-popular-29-08-2024-15.jpg\" alt=\"\" data-id=\"25500\" data-full-url=\"https:\/\/www.mecerreyes.com\/mece\/wp-content\/uploads\/2024\/09\/Mecerreyes-Fiestas-de-Acci\u00f3n-de-Gracias-Pincho-popular-29-08-2024-15.jpg\" data-link=\"https:\/\/www.mecerreyes.com\/mece\/?attachment_id=25500\" class=\"wp-image-25500\" srcset=\"https:\/\/www.mecerreyes.com\/mece\/wp-content\/uploads\/2024\/09\/Mecerreyes-Fiestas-de-Acci\u00f3n-de-Gracias-Pincho-popular-29-08-2024-15.jpg 425w, https:\/\/www.mecerreyes.com\/mece\/wp-content\/uploads\/2024\/09\/Mecerreyes-Fiestas-de-Acci\u00f3n-de-Gracias-Pincho-popular-29-08-2024-15-300x200.jpg 300w\" sizes=\"(max-width: 425px) 100vw, 425px\" \/><\/a><\/figure><\/li><li class=\"blocks-gallery-item\"><figure><a  href=\"https:\/\/www.mecerreyes.com\/mece\/wp-content\/uploads\/2024\/09\/Mecerreyes-Fiestas-de-Acci\u00f3n-de-Gracias-Pincho-popular-29-08-2024-16.jpg\" class=\"thickbox no_icon\" title=\"\"><img loading=\"lazy\" decoding=\"async\" width=\"425\" height=\"283\" src=\"https:\/\/www.mecerreyes.com\/mece\/wp-content\/uploads\/2024\/09\/Mecerreyes-Fiestas-de-Acci\u00f3n-de-Gracias-Pincho-popular-29-08-2024-16.jpg\" alt=\"\" data-id=\"25501\" data-full-url=\"https:\/\/www.mecerreyes.com\/mece\/wp-content\/uploads\/2024\/09\/Mecerreyes-Fiestas-de-Acci\u00f3n-de-Gracias-Pincho-popular-29-08-2024-16.jpg\" data-link=\"https:\/\/www.mecerreyes.com\/mece\/?attachment_id=25501\" class=\"wp-image-25501\" srcset=\"https:\/\/www.mecerreyes.com\/mece\/wp-content\/uploads\/2024\/09\/Mecerreyes-Fiestas-de-Acci\u00f3n-de-Gracias-Pincho-popular-29-08-2024-16.jpg 425w, https:\/\/www.mecerreyes.com\/mece\/wp-content\/uploads\/2024\/09\/Mecerreyes-Fiestas-de-Acci\u00f3n-de-Gracias-Pincho-popular-29-08-2024-16-300x200.jpg 300w\" sizes=\"(max-width: 425px) 100vw, 425px\" \/><\/a><\/figure><\/li><li class=\"blocks-gallery-item\"><figure><a  href=\"https:\/\/www.mecerreyes.com\/mece\/wp-content\/uploads\/2024\/09\/Mecerreyes-Fiestas-de-Acci\u00f3n-de-Gracias-Pincho-popular-29-08-2024-17.jpg\" class=\"thickbox no_icon\" title=\"\"><img loading=\"lazy\" decoding=\"async\" width=\"425\" height=\"638\" src=\"https:\/\/www.mecerreyes.com\/mece\/wp-content\/uploads\/2024\/09\/Mecerreyes-Fiestas-de-Acci\u00f3n-de-Gracias-Pincho-popular-29-08-2024-17.jpg\" alt=\"\" data-id=\"25502\" data-full-url=\"https:\/\/www.mecerreyes.com\/mece\/wp-content\/uploads\/2024\/09\/Mecerreyes-Fiestas-de-Acci\u00f3n-de-Gracias-Pincho-popular-29-08-2024-17.jpg\" data-link=\"https:\/\/www.mecerreyes.com\/mece\/?attachment_id=25502\" class=\"wp-image-25502\" srcset=\"https:\/\/www.mecerreyes.com\/mece\/wp-content\/uploads\/2024\/09\/Mecerreyes-Fiestas-de-Acci\u00f3n-de-Gracias-Pincho-popular-29-08-2024-17.jpg 425w, https:\/\/www.mecerreyes.com\/mece\/wp-content\/uploads\/2024\/09\/Mecerreyes-Fiestas-de-Acci\u00f3n-de-Gracias-Pincho-popular-29-08-2024-17-200x300.jpg 200w\" sizes=\"(max-width: 425px) 100vw, 425px\" \/><\/a><\/figure><\/li><li class=\"blocks-gallery-item\"><figure><a  href=\"https:\/\/www.mecerreyes.com\/mece\/wp-content\/uploads\/2024\/09\/Mecerreyes-Fiestas-de-Acci\u00f3n-de-Gracias-Pincho-popular-29-08-2024-18.jpg\" class=\"thickbox no_icon\" title=\"\"><img loading=\"lazy\" decoding=\"async\" width=\"425\" height=\"283\" src=\"https:\/\/www.mecerreyes.com\/mece\/wp-content\/uploads\/2024\/09\/Mecerreyes-Fiestas-de-Acci\u00f3n-de-Gracias-Pincho-popular-29-08-2024-18.jpg\" alt=\"\" data-id=\"25503\" data-full-url=\"https:\/\/www.mecerreyes.com\/mece\/wp-content\/uploads\/2024\/09\/Mecerreyes-Fiestas-de-Acci\u00f3n-de-Gracias-Pincho-popular-29-08-2024-18.jpg\" data-link=\"https:\/\/www.mecerreyes.com\/mece\/?attachment_id=25503\" class=\"wp-image-25503\" srcset=\"https:\/\/www.mecerreyes.com\/mece\/wp-content\/uploads\/2024\/09\/Mecerreyes-Fiestas-de-Acci\u00f3n-de-Gracias-Pincho-popular-29-08-2024-18.jpg 425w, https:\/\/www.mecerreyes.com\/mece\/wp-content\/uploads\/2024\/09\/Mecerreyes-Fiestas-de-Acci\u00f3n-de-Gracias-Pincho-popular-29-08-2024-18-300x200.jpg 300w\" sizes=\"(max-width: 425px) 100vw, 425px\" \/><\/a><\/figure><\/li><\/ul><\/figure>\n\n\n\n<p>El cari\u00f1oso preg\u00f3n a cargo de Virginia Lope, \u201cLa Vir\u201d, (<em>que puedes leer al final de esta cr\u00f3nica<\/em>), arranc\u00f3 los aplausos de una plaza abarrotada. <\/p>\n\n\n\n<figure class=\"wp-block-gallery columns-1 is-cropped wp-block-gallery-6 is-layout-flex wp-block-gallery-is-layout-flex\"><ul class=\"blocks-gallery-grid\"><li class=\"blocks-gallery-item\"><figure><a  href=\"https:\/\/www.mecerreyes.com\/mece\/wp-content\/uploads\/2024\/09\/Mecerreyes-Fiestas-de-Acci\u00f3n-de-Gracias-Pregonera-Virginia-Lope-29-08-2024-4.jpg\" class=\"thickbox no_icon\" title=\"\"><img loading=\"lazy\" decoding=\"async\" width=\"1024\" height=\"783\" src=\"https:\/\/www.mecerreyes.com\/mece\/wp-content\/uploads\/2024\/09\/Mecerreyes-Fiestas-de-Acci\u00f3n-de-Gracias-Pregonera-Virginia-Lope-29-08-2024-4-1024x783.jpg\" alt=\"\" data-id=\"25505\" data-full-url=\"https:\/\/www.mecerreyes.com\/mece\/wp-content\/uploads\/2024\/09\/Mecerreyes-Fiestas-de-Acci\u00f3n-de-Gracias-Pregonera-Virginia-Lope-29-08-2024-4.jpg\" data-link=\"https:\/\/www.mecerreyes.com\/mece\/?attachment_id=25505\" class=\"wp-image-25505\" srcset=\"https:\/\/www.mecerreyes.com\/mece\/wp-content\/uploads\/2024\/09\/Mecerreyes-Fiestas-de-Acci\u00f3n-de-Gracias-Pregonera-Virginia-Lope-29-08-2024-4-1024x783.jpg 1024w, https:\/\/www.mecerreyes.com\/mece\/wp-content\/uploads\/2024\/09\/Mecerreyes-Fiestas-de-Acci\u00f3n-de-Gracias-Pregonera-Virginia-Lope-29-08-2024-4-300x229.jpg 300w, https:\/\/www.mecerreyes.com\/mece\/wp-content\/uploads\/2024\/09\/Mecerreyes-Fiestas-de-Acci\u00f3n-de-Gracias-Pregonera-Virginia-Lope-29-08-2024-4-768x588.jpg 768w, https:\/\/www.mecerreyes.com\/mece\/wp-content\/uploads\/2024\/09\/Mecerreyes-Fiestas-de-Acci\u00f3n-de-Gracias-Pregonera-Virginia-Lope-29-08-2024-4-1080x826.jpg 1080w, https:\/\/www.mecerreyes.com\/mece\/wp-content\/uploads\/2024\/09\/Mecerreyes-Fiestas-de-Acci\u00f3n-de-Gracias-Pregonera-Virginia-Lope-29-08-2024-4.jpg 1417w\" sizes=\"(max-width: 1024px) 100vw, 1024px\" \/><\/a><\/figure><\/li><\/ul><\/figure>\n\n\n\n<p>La corte de honor (El Mozo Andr\u00e9s Mambrillas, la Reina Lorena Arce, y las Damas Celia Santamar\u00eda y Andrea Potenciano) fue impuesta con las bandas y capa por la corte saliente. <\/p>\n\n\n\n<figure class=\"wp-block-gallery columns-2 is-cropped wp-block-gallery-7 is-layout-flex wp-block-gallery-is-layout-flex\"><ul class=\"blocks-gallery-grid\"><li class=\"blocks-gallery-item\"><figure><a  href=\"https:\/\/www.mecerreyes.com\/mece\/wp-content\/uploads\/2024\/09\/Mecerreyes-Fiestas-de-Acci\u00f3n-de-Gracias-Proclamaci\u00f3n-Corte-de-Honor-29-08-2024-7.jpg\" class=\"thickbox no_icon\" title=\"\"><img loading=\"lazy\" decoding=\"async\" width=\"876\" height=\"1024\" src=\"https:\/\/www.mecerreyes.com\/mece\/wp-content\/uploads\/2024\/09\/Mecerreyes-Fiestas-de-Acci\u00f3n-de-Gracias-Proclamaci\u00f3n-Corte-de-Honor-29-08-2024-7-876x1024.jpg\" alt=\"\" data-id=\"25506\" data-full-url=\"https:\/\/www.mecerreyes.com\/mece\/wp-content\/uploads\/2024\/09\/Mecerreyes-Fiestas-de-Acci\u00f3n-de-Gracias-Proclamaci\u00f3n-Corte-de-Honor-29-08-2024-7.jpg\" data-link=\"https:\/\/www.mecerreyes.com\/mece\/?attachment_id=25506\" class=\"wp-image-25506\" srcset=\"https:\/\/www.mecerreyes.com\/mece\/wp-content\/uploads\/2024\/09\/Mecerreyes-Fiestas-de-Acci\u00f3n-de-Gracias-Proclamaci\u00f3n-Corte-de-Honor-29-08-2024-7-876x1024.jpg 876w, https:\/\/www.mecerreyes.com\/mece\/wp-content\/uploads\/2024\/09\/Mecerreyes-Fiestas-de-Acci\u00f3n-de-Gracias-Proclamaci\u00f3n-Corte-de-Honor-29-08-2024-7-257x300.jpg 257w, https:\/\/www.mecerreyes.com\/mece\/wp-content\/uploads\/2024\/09\/Mecerreyes-Fiestas-de-Acci\u00f3n-de-Gracias-Proclamaci\u00f3n-Corte-de-Honor-29-08-2024-7-768x897.jpg 768w, https:\/\/www.mecerreyes.com\/mece\/wp-content\/uploads\/2024\/09\/Mecerreyes-Fiestas-de-Acci\u00f3n-de-Gracias-Proclamaci\u00f3n-Corte-de-Honor-29-08-2024-7.jpg 1063w\" sizes=\"(max-width: 876px) 100vw, 876px\" \/><\/a><\/figure><\/li><li class=\"blocks-gallery-item\"><figure><a  href=\"https:\/\/www.mecerreyes.com\/mece\/wp-content\/uploads\/2024\/09\/Mecerreyes-Fiestas-de-Acci\u00f3n-de-Gracias-Proclamaci\u00f3n-Corte-de-Honor-29-08-2024-1.jpg\" class=\"thickbox no_icon\" title=\"\"><img loading=\"lazy\" decoding=\"async\" width=\"1024\" height=\"1024\" src=\"https:\/\/www.mecerreyes.com\/mece\/wp-content\/uploads\/2024\/09\/Mecerreyes-Fiestas-de-Acci\u00f3n-de-Gracias-Proclamaci\u00f3n-Corte-de-Honor-29-08-2024-1-1024x1024.jpg\" alt=\"\" data-id=\"25507\" data-full-url=\"https:\/\/www.mecerreyes.com\/mece\/wp-content\/uploads\/2024\/09\/Mecerreyes-Fiestas-de-Acci\u00f3n-de-Gracias-Proclamaci\u00f3n-Corte-de-Honor-29-08-2024-1.jpg\" data-link=\"https:\/\/www.mecerreyes.com\/mece\/?attachment_id=25507\" class=\"wp-image-25507\" srcset=\"https:\/\/www.mecerreyes.com\/mece\/wp-content\/uploads\/2024\/09\/Mecerreyes-Fiestas-de-Acci\u00f3n-de-Gracias-Proclamaci\u00f3n-Corte-de-Honor-29-08-2024-1-1024x1024.jpg 1024w, https:\/\/www.mecerreyes.com\/mece\/wp-content\/uploads\/2024\/09\/Mecerreyes-Fiestas-de-Acci\u00f3n-de-Gracias-Proclamaci\u00f3n-Corte-de-Honor-29-08-2024-1-300x300.jpg 300w, https:\/\/www.mecerreyes.com\/mece\/wp-content\/uploads\/2024\/09\/Mecerreyes-Fiestas-de-Acci\u00f3n-de-Gracias-Proclamaci\u00f3n-Corte-de-Honor-29-08-2024-1-150x150.jpg 150w, https:\/\/www.mecerreyes.com\/mece\/wp-content\/uploads\/2024\/09\/Mecerreyes-Fiestas-de-Acci\u00f3n-de-Gracias-Proclamaci\u00f3n-Corte-de-Honor-29-08-2024-1-768x768.jpg 768w, https:\/\/www.mecerreyes.com\/mece\/wp-content\/uploads\/2024\/09\/Mecerreyes-Fiestas-de-Acci\u00f3n-de-Gracias-Proclamaci\u00f3n-Corte-de-Honor-29-08-2024-1-1080x1080.jpg 1080w, https:\/\/www.mecerreyes.com\/mece\/wp-content\/uploads\/2024\/09\/Mecerreyes-Fiestas-de-Acci\u00f3n-de-Gracias-Proclamaci\u00f3n-Corte-de-Honor-29-08-2024-1-440x440.jpg 440w, https:\/\/www.mecerreyes.com\/mece\/wp-content\/uploads\/2024\/09\/Mecerreyes-Fiestas-de-Acci\u00f3n-de-Gracias-Proclamaci\u00f3n-Corte-de-Honor-29-08-2024-1.jpg 1417w\" sizes=\"(max-width: 1024px) 100vw, 1024px\" \/><\/a><\/figure><\/li><li class=\"blocks-gallery-item\"><figure><a  href=\"https:\/\/www.mecerreyes.com\/mece\/wp-content\/uploads\/2024\/09\/Mecerreyes-Fiestas-de-Acci\u00f3n-de-Gracias-Proclamaci\u00f3n-Corte-de-Honor-29-08-2024-2.jpg\" class=\"thickbox no_icon\" title=\"\"><img loading=\"lazy\" decoding=\"async\" width=\"1024\" height=\"683\" src=\"https:\/\/www.mecerreyes.com\/mece\/wp-content\/uploads\/2024\/09\/Mecerreyes-Fiestas-de-Acci\u00f3n-de-Gracias-Proclamaci\u00f3n-Corte-de-Honor-29-08-2024-2-1024x683.jpg\" alt=\"\" data-id=\"25508\" data-full-url=\"https:\/\/www.mecerreyes.com\/mece\/wp-content\/uploads\/2024\/09\/Mecerreyes-Fiestas-de-Acci\u00f3n-de-Gracias-Proclamaci\u00f3n-Corte-de-Honor-29-08-2024-2.jpg\" data-link=\"https:\/\/www.mecerreyes.com\/mece\/?attachment_id=25508\" class=\"wp-image-25508\" srcset=\"https:\/\/www.mecerreyes.com\/mece\/wp-content\/uploads\/2024\/09\/Mecerreyes-Fiestas-de-Acci\u00f3n-de-Gracias-Proclamaci\u00f3n-Corte-de-Honor-29-08-2024-2-1024x683.jpg 1024w, https:\/\/www.mecerreyes.com\/mece\/wp-content\/uploads\/2024\/09\/Mecerreyes-Fiestas-de-Acci\u00f3n-de-Gracias-Proclamaci\u00f3n-Corte-de-Honor-29-08-2024-2-300x200.jpg 300w, https:\/\/www.mecerreyes.com\/mece\/wp-content\/uploads\/2024\/09\/Mecerreyes-Fiestas-de-Acci\u00f3n-de-Gracias-Proclamaci\u00f3n-Corte-de-Honor-29-08-2024-2-768x512.jpg 768w, https:\/\/www.mecerreyes.com\/mece\/wp-content\/uploads\/2024\/09\/Mecerreyes-Fiestas-de-Acci\u00f3n-de-Gracias-Proclamaci\u00f3n-Corte-de-Honor-29-08-2024-2-1080x720.jpg 1080w, https:\/\/www.mecerreyes.com\/mece\/wp-content\/uploads\/2024\/09\/Mecerreyes-Fiestas-de-Acci\u00f3n-de-Gracias-Proclamaci\u00f3n-Corte-de-Honor-29-08-2024-2.jpg 1417w\" sizes=\"(max-width: 1024px) 100vw, 1024px\" \/><\/a><\/figure><\/li><li class=\"blocks-gallery-item\"><figure><a  href=\"https:\/\/www.mecerreyes.com\/mece\/wp-content\/uploads\/2024\/09\/Mecerreyes-Fiestas-de-Acci\u00f3n-de-Gracias-Proclamaci\u00f3n-Corte-de-Honor-29-08-2024-3.jpg\" class=\"thickbox no_icon\" title=\"\"><img loading=\"lazy\" decoding=\"async\" width=\"1024\" height=\"718\" src=\"https:\/\/www.mecerreyes.com\/mece\/wp-content\/uploads\/2024\/09\/Mecerreyes-Fiestas-de-Acci\u00f3n-de-Gracias-Proclamaci\u00f3n-Corte-de-Honor-29-08-2024-3-1024x718.jpg\" alt=\"\" data-id=\"25509\" data-full-url=\"https:\/\/www.mecerreyes.com\/mece\/wp-content\/uploads\/2024\/09\/Mecerreyes-Fiestas-de-Acci\u00f3n-de-Gracias-Proclamaci\u00f3n-Corte-de-Honor-29-08-2024-3.jpg\" data-link=\"https:\/\/www.mecerreyes.com\/mece\/?attachment_id=25509\" class=\"wp-image-25509\" srcset=\"https:\/\/www.mecerreyes.com\/mece\/wp-content\/uploads\/2024\/09\/Mecerreyes-Fiestas-de-Acci\u00f3n-de-Gracias-Proclamaci\u00f3n-Corte-de-Honor-29-08-2024-3-1024x718.jpg 1024w, https:\/\/www.mecerreyes.com\/mece\/wp-content\/uploads\/2024\/09\/Mecerreyes-Fiestas-de-Acci\u00f3n-de-Gracias-Proclamaci\u00f3n-Corte-de-Honor-29-08-2024-3-300x210.jpg 300w, https:\/\/www.mecerreyes.com\/mece\/wp-content\/uploads\/2024\/09\/Mecerreyes-Fiestas-de-Acci\u00f3n-de-Gracias-Proclamaci\u00f3n-Corte-de-Honor-29-08-2024-3-768x539.jpg 768w, https:\/\/www.mecerreyes.com\/mece\/wp-content\/uploads\/2024\/09\/Mecerreyes-Fiestas-de-Acci\u00f3n-de-Gracias-Proclamaci\u00f3n-Corte-de-Honor-29-08-2024-3-1080x758.jpg 1080w, https:\/\/www.mecerreyes.com\/mece\/wp-content\/uploads\/2024\/09\/Mecerreyes-Fiestas-de-Acci\u00f3n-de-Gracias-Proclamaci\u00f3n-Corte-de-Honor-29-08-2024-3.jpg 1417w\" sizes=\"(max-width: 1024px) 100vw, 1024px\" \/><\/a><\/figure><\/li><li class=\"blocks-gallery-item\"><figure><a  href=\"https:\/\/www.mecerreyes.com\/mece\/wp-content\/uploads\/2024\/09\/Mecerreyes-Fiestas-de-Acci\u00f3n-de-Gracias-Proclamaci\u00f3n-Corte-de-Honor-29-08-2024-5.jpg\" class=\"thickbox no_icon\" title=\"\"><img loading=\"lazy\" decoding=\"async\" width=\"1024\" height=\"517\" src=\"https:\/\/www.mecerreyes.com\/mece\/wp-content\/uploads\/2024\/09\/Mecerreyes-Fiestas-de-Acci\u00f3n-de-Gracias-Proclamaci\u00f3n-Corte-de-Honor-29-08-2024-5-1024x517.jpg\" alt=\"\" data-id=\"25510\" data-full-url=\"https:\/\/www.mecerreyes.com\/mece\/wp-content\/uploads\/2024\/09\/Mecerreyes-Fiestas-de-Acci\u00f3n-de-Gracias-Proclamaci\u00f3n-Corte-de-Honor-29-08-2024-5.jpg\" data-link=\"https:\/\/www.mecerreyes.com\/mece\/?attachment_id=25510\" class=\"wp-image-25510\" srcset=\"https:\/\/www.mecerreyes.com\/mece\/wp-content\/uploads\/2024\/09\/Mecerreyes-Fiestas-de-Acci\u00f3n-de-Gracias-Proclamaci\u00f3n-Corte-de-Honor-29-08-2024-5-1024x517.jpg 1024w, https:\/\/www.mecerreyes.com\/mece\/wp-content\/uploads\/2024\/09\/Mecerreyes-Fiestas-de-Acci\u00f3n-de-Gracias-Proclamaci\u00f3n-Corte-de-Honor-29-08-2024-5-300x152.jpg 300w, https:\/\/www.mecerreyes.com\/mece\/wp-content\/uploads\/2024\/09\/Mecerreyes-Fiestas-de-Acci\u00f3n-de-Gracias-Proclamaci\u00f3n-Corte-de-Honor-29-08-2024-5-768x388.jpg 768w, https:\/\/www.mecerreyes.com\/mece\/wp-content\/uploads\/2024\/09\/Mecerreyes-Fiestas-de-Acci\u00f3n-de-Gracias-Proclamaci\u00f3n-Corte-de-Honor-29-08-2024-5-1080x546.jpg 1080w, https:\/\/www.mecerreyes.com\/mece\/wp-content\/uploads\/2024\/09\/Mecerreyes-Fiestas-de-Acci\u00f3n-de-Gracias-Proclamaci\u00f3n-Corte-de-Honor-29-08-2024-5.jpg 1417w\" sizes=\"(max-width: 1024px) 100vw, 1024px\" \/><\/a><\/figure><\/li><li class=\"blocks-gallery-item\"><figure><a  href=\"https:\/\/www.mecerreyes.com\/mece\/wp-content\/uploads\/2024\/09\/Mecerreyes-Fiestas-de-Acci\u00f3n-de-Gracias-Proclamaci\u00f3n-Corte-de-Honor-29-08-2024-6.jpg\" class=\"thickbox no_icon\" title=\"\"><img loading=\"lazy\" decoding=\"async\" width=\"1024\" height=\"964\" src=\"https:\/\/www.mecerreyes.com\/mece\/wp-content\/uploads\/2024\/09\/Mecerreyes-Fiestas-de-Acci\u00f3n-de-Gracias-Proclamaci\u00f3n-Corte-de-Honor-29-08-2024-6-1024x964.jpg\" alt=\"\" data-id=\"25511\" data-full-url=\"https:\/\/www.mecerreyes.com\/mece\/wp-content\/uploads\/2024\/09\/Mecerreyes-Fiestas-de-Acci\u00f3n-de-Gracias-Proclamaci\u00f3n-Corte-de-Honor-29-08-2024-6.jpg\" data-link=\"https:\/\/www.mecerreyes.com\/mece\/?attachment_id=25511\" class=\"wp-image-25511\" srcset=\"https:\/\/www.mecerreyes.com\/mece\/wp-content\/uploads\/2024\/09\/Mecerreyes-Fiestas-de-Acci\u00f3n-de-Gracias-Proclamaci\u00f3n-Corte-de-Honor-29-08-2024-6-1024x964.jpg 1024w, https:\/\/www.mecerreyes.com\/mece\/wp-content\/uploads\/2024\/09\/Mecerreyes-Fiestas-de-Acci\u00f3n-de-Gracias-Proclamaci\u00f3n-Corte-de-Honor-29-08-2024-6-300x282.jpg 300w, https:\/\/www.mecerreyes.com\/mece\/wp-content\/uploads\/2024\/09\/Mecerreyes-Fiestas-de-Acci\u00f3n-de-Gracias-Proclamaci\u00f3n-Corte-de-Honor-29-08-2024-6-768x723.jpg 768w, https:\/\/www.mecerreyes.com\/mece\/wp-content\/uploads\/2024\/09\/Mecerreyes-Fiestas-de-Acci\u00f3n-de-Gracias-Proclamaci\u00f3n-Corte-de-Honor-29-08-2024-6-1080x1017.jpg 1080w, https:\/\/www.mecerreyes.com\/mece\/wp-content\/uploads\/2024\/09\/Mecerreyes-Fiestas-de-Acci\u00f3n-de-Gracias-Proclamaci\u00f3n-Corte-de-Honor-29-08-2024-6.jpg 1417w\" sizes=\"(max-width: 1024px) 100vw, 1024px\" \/><\/a><\/figure><\/li><\/ul><\/figure>\n\n\n\n<p>En el desfile de carrozas disfrutamos con las ideas de las <a  href=\"https:\/\/www.mecerreyes.com\/mece\/?page_id=268\">pe\u00f1as<\/a>, que con la tem\u00e1tica de \u201cEspa\u00f1a\u201d sacaron a la luz los t\u00f3picos t\u00edpicos espa\u00f1oles. <\/p>\n\n\n\n<figure class=\"wp-block-gallery columns-2 is-cropped wp-block-gallery-8 is-layout-flex wp-block-gallery-is-layout-flex\"><ul class=\"blocks-gallery-grid\"><li class=\"blocks-gallery-item\"><figure><a  href=\"https:\/\/www.mecerreyes.com\/mece\/wp-content\/uploads\/2024\/09\/Mecerreyes-Fiestas-de-Acci\u00f3n-de-Gracias-Desfile-de-PE\u00f1as-2908-24-29.jpg\" class=\"thickbox no_icon\" title=\"\"><img loading=\"lazy\" decoding=\"async\" width=\"471\" height=\"797\" src=\"https:\/\/www.mecerreyes.com\/mece\/wp-content\/uploads\/2024\/09\/Mecerreyes-Fiestas-de-Acci\u00f3n-de-Gracias-Desfile-de-PE\u00f1as-2908-24-29.jpg\" alt=\"\" data-id=\"25512\" data-full-url=\"https:\/\/www.mecerreyes.com\/mece\/wp-content\/uploads\/2024\/09\/Mecerreyes-Fiestas-de-Acci\u00f3n-de-Gracias-Desfile-de-PE\u00f1as-2908-24-29.jpg\" data-link=\"https:\/\/www.mecerreyes.com\/mece\/?attachment_id=25512\" class=\"wp-image-25512\" srcset=\"https:\/\/www.mecerreyes.com\/mece\/wp-content\/uploads\/2024\/09\/Mecerreyes-Fiestas-de-Acci\u00f3n-de-Gracias-Desfile-de-PE\u00f1as-2908-24-29.jpg 471w, https:\/\/www.mecerreyes.com\/mece\/wp-content\/uploads\/2024\/09\/Mecerreyes-Fiestas-de-Acci\u00f3n-de-Gracias-Desfile-de-PE\u00f1as-2908-24-29-177x300.jpg 177w\" sizes=\"(max-width: 471px) 100vw, 471px\" \/><\/a><\/figure><\/li><li class=\"blocks-gallery-item\"><figure><a  href=\"https:\/\/www.mecerreyes.com\/mece\/wp-content\/uploads\/2024\/09\/Mecerreyes-Fiestas-de-Acci\u00f3n-de-Gracias-Desfile-de-PE\u00f1as-2908-24-1.jpg\" class=\"thickbox no_icon\" title=\"\"><img loading=\"lazy\" decoding=\"async\" width=\"425\" height=\"300\" src=\"https:\/\/www.mecerreyes.com\/mece\/wp-content\/uploads\/2024\/09\/Mecerreyes-Fiestas-de-Acci\u00f3n-de-Gracias-Desfile-de-PE\u00f1as-2908-24-1.jpg\" alt=\"\" data-id=\"25513\" data-full-url=\"https:\/\/www.mecerreyes.com\/mece\/wp-content\/uploads\/2024\/09\/Mecerreyes-Fiestas-de-Acci\u00f3n-de-Gracias-Desfile-de-PE\u00f1as-2908-24-1.jpg\" data-link=\"https:\/\/www.mecerreyes.com\/mece\/?attachment_id=25513\" class=\"wp-image-25513\" srcset=\"https:\/\/www.mecerreyes.com\/mece\/wp-content\/uploads\/2024\/09\/Mecerreyes-Fiestas-de-Acci\u00f3n-de-Gracias-Desfile-de-PE\u00f1as-2908-24-1.jpg 425w, https:\/\/www.mecerreyes.com\/mece\/wp-content\/uploads\/2024\/09\/Mecerreyes-Fiestas-de-Acci\u00f3n-de-Gracias-Desfile-de-PE\u00f1as-2908-24-1-300x212.jpg 300w\" sizes=\"(max-width: 425px) 100vw, 425px\" \/><\/a><\/figure><\/li><li class=\"blocks-gallery-item\"><figure><a  href=\"https:\/\/www.mecerreyes.com\/mece\/wp-content\/uploads\/2024\/09\/Mecerreyes-Fiestas-de-Acci\u00f3n-de-Gracias-Desfile-de-PE\u00f1as-2908-24-2.jpg\" class=\"thickbox no_icon\" title=\"\"><img loading=\"lazy\" decoding=\"async\" width=\"425\" height=\"283\" src=\"https:\/\/www.mecerreyes.com\/mece\/wp-content\/uploads\/2024\/09\/Mecerreyes-Fiestas-de-Acci\u00f3n-de-Gracias-Desfile-de-PE\u00f1as-2908-24-2.jpg\" alt=\"\" data-id=\"25514\" data-full-url=\"https:\/\/www.mecerreyes.com\/mece\/wp-content\/uploads\/2024\/09\/Mecerreyes-Fiestas-de-Acci\u00f3n-de-Gracias-Desfile-de-PE\u00f1as-2908-24-2.jpg\" data-link=\"https:\/\/www.mecerreyes.com\/mece\/?attachment_id=25514\" class=\"wp-image-25514\" srcset=\"https:\/\/www.mecerreyes.com\/mece\/wp-content\/uploads\/2024\/09\/Mecerreyes-Fiestas-de-Acci\u00f3n-de-Gracias-Desfile-de-PE\u00f1as-2908-24-2.jpg 425w, https:\/\/www.mecerreyes.com\/mece\/wp-content\/uploads\/2024\/09\/Mecerreyes-Fiestas-de-Acci\u00f3n-de-Gracias-Desfile-de-PE\u00f1as-2908-24-2-300x200.jpg 300w\" sizes=\"(max-width: 425px) 100vw, 425px\" \/><\/a><\/figure><\/li><li class=\"blocks-gallery-item\"><figure><a  href=\"https:\/\/www.mecerreyes.com\/mece\/wp-content\/uploads\/2024\/09\/Mecerreyes-Fiestas-de-Acci\u00f3n-de-Gracias-Desfile-de-PE\u00f1as-2908-24-3.jpg\" class=\"thickbox no_icon\" title=\"\"><img loading=\"lazy\" decoding=\"async\" width=\"425\" height=\"283\" src=\"https:\/\/www.mecerreyes.com\/mece\/wp-content\/uploads\/2024\/09\/Mecerreyes-Fiestas-de-Acci\u00f3n-de-Gracias-Desfile-de-PE\u00f1as-2908-24-3.jpg\" alt=\"\" data-id=\"25515\" data-full-url=\"https:\/\/www.mecerreyes.com\/mece\/wp-content\/uploads\/2024\/09\/Mecerreyes-Fiestas-de-Acci\u00f3n-de-Gracias-Desfile-de-PE\u00f1as-2908-24-3.jpg\" data-link=\"https:\/\/www.mecerreyes.com\/mece\/?attachment_id=25515\" class=\"wp-image-25515\" srcset=\"https:\/\/www.mecerreyes.com\/mece\/wp-content\/uploads\/2024\/09\/Mecerreyes-Fiestas-de-Acci\u00f3n-de-Gracias-Desfile-de-PE\u00f1as-2908-24-3.jpg 425w, https:\/\/www.mecerreyes.com\/mece\/wp-content\/uploads\/2024\/09\/Mecerreyes-Fiestas-de-Acci\u00f3n-de-Gracias-Desfile-de-PE\u00f1as-2908-24-3-300x200.jpg 300w\" sizes=\"(max-width: 425px) 100vw, 425px\" \/><\/a><\/figure><\/li><li class=\"blocks-gallery-item\"><figure><a  href=\"https:\/\/www.mecerreyes.com\/mece\/wp-content\/uploads\/2024\/09\/Mecerreyes-Fiestas-de-Acci\u00f3n-de-Gracias-Desfile-de-PE\u00f1as-2908-24-4.jpg\" class=\"thickbox no_icon\" title=\"\"><img loading=\"lazy\" decoding=\"async\" width=\"425\" height=\"283\" src=\"https:\/\/www.mecerreyes.com\/mece\/wp-content\/uploads\/2024\/09\/Mecerreyes-Fiestas-de-Acci\u00f3n-de-Gracias-Desfile-de-PE\u00f1as-2908-24-4.jpg\" alt=\"\" data-id=\"25516\" data-full-url=\"https:\/\/www.mecerreyes.com\/mece\/wp-content\/uploads\/2024\/09\/Mecerreyes-Fiestas-de-Acci\u00f3n-de-Gracias-Desfile-de-PE\u00f1as-2908-24-4.jpg\" data-link=\"https:\/\/www.mecerreyes.com\/mece\/?attachment_id=25516\" class=\"wp-image-25516\" srcset=\"https:\/\/www.mecerreyes.com\/mece\/wp-content\/uploads\/2024\/09\/Mecerreyes-Fiestas-de-Acci\u00f3n-de-Gracias-Desfile-de-PE\u00f1as-2908-24-4.jpg 425w, https:\/\/www.mecerreyes.com\/mece\/wp-content\/uploads\/2024\/09\/Mecerreyes-Fiestas-de-Acci\u00f3n-de-Gracias-Desfile-de-PE\u00f1as-2908-24-4-300x200.jpg 300w\" sizes=\"(max-width: 425px) 100vw, 425px\" \/><\/a><\/figure><\/li><li class=\"blocks-gallery-item\"><figure><a  href=\"https:\/\/www.mecerreyes.com\/mece\/wp-content\/uploads\/2024\/09\/Mecerreyes-Fiestas-de-Acci\u00f3n-de-Gracias-Desfile-de-PE\u00f1as-2908-24-5.jpg\" class=\"thickbox no_icon\" title=\"\"><img loading=\"lazy\" decoding=\"async\" width=\"425\" height=\"317\" src=\"https:\/\/www.mecerreyes.com\/mece\/wp-content\/uploads\/2024\/09\/Mecerreyes-Fiestas-de-Acci\u00f3n-de-Gracias-Desfile-de-PE\u00f1as-2908-24-5.jpg\" alt=\"\" data-id=\"25517\" data-full-url=\"https:\/\/www.mecerreyes.com\/mece\/wp-content\/uploads\/2024\/09\/Mecerreyes-Fiestas-de-Acci\u00f3n-de-Gracias-Desfile-de-PE\u00f1as-2908-24-5.jpg\" data-link=\"https:\/\/www.mecerreyes.com\/mece\/?attachment_id=25517\" class=\"wp-image-25517\" srcset=\"https:\/\/www.mecerreyes.com\/mece\/wp-content\/uploads\/2024\/09\/Mecerreyes-Fiestas-de-Acci\u00f3n-de-Gracias-Desfile-de-PE\u00f1as-2908-24-5.jpg 425w, https:\/\/www.mecerreyes.com\/mece\/wp-content\/uploads\/2024\/09\/Mecerreyes-Fiestas-de-Acci\u00f3n-de-Gracias-Desfile-de-PE\u00f1as-2908-24-5-300x224.jpg 300w\" sizes=\"(max-width: 425px) 100vw, 425px\" \/><\/a><\/figure><\/li><li class=\"blocks-gallery-item\"><figure><a  href=\"https:\/\/www.mecerreyes.com\/mece\/wp-content\/uploads\/2024\/09\/Mecerreyes-Fiestas-de-Acci\u00f3n-de-Gracias-Desfile-de-PE\u00f1as-2908-24-6.jpg\" class=\"thickbox no_icon\" title=\"\"><img loading=\"lazy\" decoding=\"async\" width=\"425\" height=\"325\" src=\"https:\/\/www.mecerreyes.com\/mece\/wp-content\/uploads\/2024\/09\/Mecerreyes-Fiestas-de-Acci\u00f3n-de-Gracias-Desfile-de-PE\u00f1as-2908-24-6.jpg\" alt=\"\" data-id=\"25518\" data-full-url=\"https:\/\/www.mecerreyes.com\/mece\/wp-content\/uploads\/2024\/09\/Mecerreyes-Fiestas-de-Acci\u00f3n-de-Gracias-Desfile-de-PE\u00f1as-2908-24-6.jpg\" data-link=\"https:\/\/www.mecerreyes.com\/mece\/?attachment_id=25518\" class=\"wp-image-25518\" srcset=\"https:\/\/www.mecerreyes.com\/mece\/wp-content\/uploads\/2024\/09\/Mecerreyes-Fiestas-de-Acci\u00f3n-de-Gracias-Desfile-de-PE\u00f1as-2908-24-6.jpg 425w, https:\/\/www.mecerreyes.com\/mece\/wp-content\/uploads\/2024\/09\/Mecerreyes-Fiestas-de-Acci\u00f3n-de-Gracias-Desfile-de-PE\u00f1as-2908-24-6-300x229.jpg 300w\" sizes=\"(max-width: 425px) 100vw, 425px\" \/><\/a><\/figure><\/li><li class=\"blocks-gallery-item\"><figure><a  href=\"https:\/\/www.mecerreyes.com\/mece\/wp-content\/uploads\/2024\/09\/Mecerreyes-Fiestas-de-Acci\u00f3n-de-Gracias-Desfile-de-PE\u00f1as-2908-24-7.jpg\" class=\"thickbox no_icon\" title=\"\"><img loading=\"lazy\" decoding=\"async\" width=\"425\" height=\"283\" src=\"https:\/\/www.mecerreyes.com\/mece\/wp-content\/uploads\/2024\/09\/Mecerreyes-Fiestas-de-Acci\u00f3n-de-Gracias-Desfile-de-PE\u00f1as-2908-24-7.jpg\" alt=\"\" data-id=\"25519\" data-full-url=\"https:\/\/www.mecerreyes.com\/mece\/wp-content\/uploads\/2024\/09\/Mecerreyes-Fiestas-de-Acci\u00f3n-de-Gracias-Desfile-de-PE\u00f1as-2908-24-7.jpg\" data-link=\"https:\/\/www.mecerreyes.com\/mece\/?attachment_id=25519\" class=\"wp-image-25519\" srcset=\"https:\/\/www.mecerreyes.com\/mece\/wp-content\/uploads\/2024\/09\/Mecerreyes-Fiestas-de-Acci\u00f3n-de-Gracias-Desfile-de-PE\u00f1as-2908-24-7.jpg 425w, https:\/\/www.mecerreyes.com\/mece\/wp-content\/uploads\/2024\/09\/Mecerreyes-Fiestas-de-Acci\u00f3n-de-Gracias-Desfile-de-PE\u00f1as-2908-24-7-300x200.jpg 300w\" sizes=\"(max-width: 425px) 100vw, 425px\" \/><\/a><\/figure><\/li><li class=\"blocks-gallery-item\"><figure><a  href=\"https:\/\/www.mecerreyes.com\/mece\/wp-content\/uploads\/2024\/09\/Mecerreyes-Fiestas-de-Acci\u00f3n-de-Gracias-Desfile-de-PE\u00f1as-2908-24-8.jpg\" class=\"thickbox no_icon\" title=\"\"><img loading=\"lazy\" decoding=\"async\" width=\"425\" height=\"357\" src=\"https:\/\/www.mecerreyes.com\/mece\/wp-content\/uploads\/2024\/09\/Mecerreyes-Fiestas-de-Acci\u00f3n-de-Gracias-Desfile-de-PE\u00f1as-2908-24-8.jpg\" alt=\"\" data-id=\"25520\" data-full-url=\"https:\/\/www.mecerreyes.com\/mece\/wp-content\/uploads\/2024\/09\/Mecerreyes-Fiestas-de-Acci\u00f3n-de-Gracias-Desfile-de-PE\u00f1as-2908-24-8.jpg\" data-link=\"https:\/\/www.mecerreyes.com\/mece\/?attachment_id=25520\" class=\"wp-image-25520\" srcset=\"https:\/\/www.mecerreyes.com\/mece\/wp-content\/uploads\/2024\/09\/Mecerreyes-Fiestas-de-Acci\u00f3n-de-Gracias-Desfile-de-PE\u00f1as-2908-24-8.jpg 425w, https:\/\/www.mecerreyes.com\/mece\/wp-content\/uploads\/2024\/09\/Mecerreyes-Fiestas-de-Acci\u00f3n-de-Gracias-Desfile-de-PE\u00f1as-2908-24-8-300x252.jpg 300w\" sizes=\"(max-width: 425px) 100vw, 425px\" \/><\/a><\/figure><\/li><li class=\"blocks-gallery-item\"><figure><a  href=\"https:\/\/www.mecerreyes.com\/mece\/wp-content\/uploads\/2024\/09\/Mecerreyes-Fiestas-de-Acci\u00f3n-de-Gracias-Desfile-de-PE\u00f1as-2908-24-9.jpg\" class=\"thickbox no_icon\" title=\"\"><img loading=\"lazy\" decoding=\"async\" width=\"1024\" height=\"768\" src=\"https:\/\/www.mecerreyes.com\/mece\/wp-content\/uploads\/2024\/09\/Mecerreyes-Fiestas-de-Acci\u00f3n-de-Gracias-Desfile-de-PE\u00f1as-2908-24-9-1024x768.jpg\" alt=\"\" data-id=\"25521\" data-full-url=\"https:\/\/www.mecerreyes.com\/mece\/wp-content\/uploads\/2024\/09\/Mecerreyes-Fiestas-de-Acci\u00f3n-de-Gracias-Desfile-de-PE\u00f1as-2908-24-9.jpg\" data-link=\"https:\/\/www.mecerreyes.com\/mece\/?attachment_id=25521\" class=\"wp-image-25521\" srcset=\"https:\/\/www.mecerreyes.com\/mece\/wp-content\/uploads\/2024\/09\/Mecerreyes-Fiestas-de-Acci\u00f3n-de-Gracias-Desfile-de-PE\u00f1as-2908-24-9-1024x768.jpg 1024w, https:\/\/www.mecerreyes.com\/mece\/wp-content\/uploads\/2024\/09\/Mecerreyes-Fiestas-de-Acci\u00f3n-de-Gracias-Desfile-de-PE\u00f1as-2908-24-9-300x225.jpg 300w, https:\/\/www.mecerreyes.com\/mece\/wp-content\/uploads\/2024\/09\/Mecerreyes-Fiestas-de-Acci\u00f3n-de-Gracias-Desfile-de-PE\u00f1as-2908-24-9-768x576.jpg 768w, https:\/\/www.mecerreyes.com\/mece\/wp-content\/uploads\/2024\/09\/Mecerreyes-Fiestas-de-Acci\u00f3n-de-Gracias-Desfile-de-PE\u00f1as-2908-24-9.jpg 1063w\" sizes=\"(max-width: 1024px) 100vw, 1024px\" \/><\/a><\/figure><\/li><li class=\"blocks-gallery-item\"><figure><a  href=\"https:\/\/www.mecerreyes.com\/mece\/wp-content\/uploads\/2024\/09\/Mecerreyes-Fiestas-de-Acci\u00f3n-de-Gracias-Desfile-de-PE\u00f1as-2908-24-10.jpg\" class=\"thickbox no_icon\" title=\"\"><img loading=\"lazy\" decoding=\"async\" width=\"1024\" height=\"768\" src=\"https:\/\/www.mecerreyes.com\/mece\/wp-content\/uploads\/2024\/09\/Mecerreyes-Fiestas-de-Acci\u00f3n-de-Gracias-Desfile-de-PE\u00f1as-2908-24-10-1024x768.jpg\" alt=\"\" data-id=\"25522\" data-full-url=\"https:\/\/www.mecerreyes.com\/mece\/wp-content\/uploads\/2024\/09\/Mecerreyes-Fiestas-de-Acci\u00f3n-de-Gracias-Desfile-de-PE\u00f1as-2908-24-10.jpg\" data-link=\"https:\/\/www.mecerreyes.com\/mece\/?attachment_id=25522\" class=\"wp-image-25522\" srcset=\"https:\/\/www.mecerreyes.com\/mece\/wp-content\/uploads\/2024\/09\/Mecerreyes-Fiestas-de-Acci\u00f3n-de-Gracias-Desfile-de-PE\u00f1as-2908-24-10-1024x768.jpg 1024w, https:\/\/www.mecerreyes.com\/mece\/wp-content\/uploads\/2024\/09\/Mecerreyes-Fiestas-de-Acci\u00f3n-de-Gracias-Desfile-de-PE\u00f1as-2908-24-10-300x225.jpg 300w, https:\/\/www.mecerreyes.com\/mece\/wp-content\/uploads\/2024\/09\/Mecerreyes-Fiestas-de-Acci\u00f3n-de-Gracias-Desfile-de-PE\u00f1as-2908-24-10-768x576.jpg 768w, https:\/\/www.mecerreyes.com\/mece\/wp-content\/uploads\/2024\/09\/Mecerreyes-Fiestas-de-Acci\u00f3n-de-Gracias-Desfile-de-PE\u00f1as-2908-24-10.jpg 1063w\" sizes=\"(max-width: 1024px) 100vw, 1024px\" \/><\/a><\/figure><\/li><li class=\"blocks-gallery-item\"><figure><a  href=\"https:\/\/www.mecerreyes.com\/mece\/wp-content\/uploads\/2024\/09\/Mecerreyes-Fiestas-de-Acci\u00f3n-de-Gracias-Desfile-de-PE\u00f1as-2908-24-11.jpg\" class=\"thickbox no_icon\" title=\"\"><img loading=\"lazy\" decoding=\"async\" width=\"1024\" height=\"768\" src=\"https:\/\/www.mecerreyes.com\/mece\/wp-content\/uploads\/2024\/09\/Mecerreyes-Fiestas-de-Acci\u00f3n-de-Gracias-Desfile-de-PE\u00f1as-2908-24-11-1024x768.jpg\" alt=\"\" data-id=\"25523\" data-full-url=\"https:\/\/www.mecerreyes.com\/mece\/wp-content\/uploads\/2024\/09\/Mecerreyes-Fiestas-de-Acci\u00f3n-de-Gracias-Desfile-de-PE\u00f1as-2908-24-11.jpg\" data-link=\"https:\/\/www.mecerreyes.com\/mece\/?attachment_id=25523\" class=\"wp-image-25523\" srcset=\"https:\/\/www.mecerreyes.com\/mece\/wp-content\/uploads\/2024\/09\/Mecerreyes-Fiestas-de-Acci\u00f3n-de-Gracias-Desfile-de-PE\u00f1as-2908-24-11-1024x768.jpg 1024w, https:\/\/www.mecerreyes.com\/mece\/wp-content\/uploads\/2024\/09\/Mecerreyes-Fiestas-de-Acci\u00f3n-de-Gracias-Desfile-de-PE\u00f1as-2908-24-11-300x225.jpg 300w, https:\/\/www.mecerreyes.com\/mece\/wp-content\/uploads\/2024\/09\/Mecerreyes-Fiestas-de-Acci\u00f3n-de-Gracias-Desfile-de-PE\u00f1as-2908-24-11-768x576.jpg 768w, https:\/\/www.mecerreyes.com\/mece\/wp-content\/uploads\/2024\/09\/Mecerreyes-Fiestas-de-Acci\u00f3n-de-Gracias-Desfile-de-PE\u00f1as-2908-24-11.jpg 1063w\" sizes=\"(max-width: 1024px) 100vw, 1024px\" \/><\/a><\/figure><\/li><li class=\"blocks-gallery-item\"><figure><a  href=\"https:\/\/www.mecerreyes.com\/mece\/wp-content\/uploads\/2024\/09\/Mecerreyes-Fiestas-de-Acci\u00f3n-de-Gracias-Desfile-de-PE\u00f1as-2908-24-12.jpg\" class=\"thickbox no_icon\" title=\"\"><img loading=\"lazy\" decoding=\"async\" width=\"1024\" height=\"681\" src=\"https:\/\/www.mecerreyes.com\/mece\/wp-content\/uploads\/2024\/09\/Mecerreyes-Fiestas-de-Acci\u00f3n-de-Gracias-Desfile-de-PE\u00f1as-2908-24-12-1024x681.jpg\" alt=\"\" data-id=\"25524\" data-full-url=\"https:\/\/www.mecerreyes.com\/mece\/wp-content\/uploads\/2024\/09\/Mecerreyes-Fiestas-de-Acci\u00f3n-de-Gracias-Desfile-de-PE\u00f1as-2908-24-12.jpg\" data-link=\"https:\/\/www.mecerreyes.com\/mece\/?attachment_id=25524\" class=\"wp-image-25524\" srcset=\"https:\/\/www.mecerreyes.com\/mece\/wp-content\/uploads\/2024\/09\/Mecerreyes-Fiestas-de-Acci\u00f3n-de-Gracias-Desfile-de-PE\u00f1as-2908-24-12-1024x681.jpg 1024w, https:\/\/www.mecerreyes.com\/mece\/wp-content\/uploads\/2024\/09\/Mecerreyes-Fiestas-de-Acci\u00f3n-de-Gracias-Desfile-de-PE\u00f1as-2908-24-12-300x200.jpg 300w, https:\/\/www.mecerreyes.com\/mece\/wp-content\/uploads\/2024\/09\/Mecerreyes-Fiestas-de-Acci\u00f3n-de-Gracias-Desfile-de-PE\u00f1as-2908-24-12-768x511.jpg 768w, https:\/\/www.mecerreyes.com\/mece\/wp-content\/uploads\/2024\/09\/Mecerreyes-Fiestas-de-Acci\u00f3n-de-Gracias-Desfile-de-PE\u00f1as-2908-24-12.jpg 1063w\" sizes=\"(max-width: 1024px) 100vw, 1024px\" \/><\/a><\/figure><\/li><li class=\"blocks-gallery-item\"><figure><a  href=\"https:\/\/www.mecerreyes.com\/mece\/wp-content\/uploads\/2024\/09\/Mecerreyes-Fiestas-de-Acci\u00f3n-de-Gracias-Desfile-de-PE\u00f1as-2908-24-13.jpg\" class=\"thickbox no_icon\" title=\"\"><img loading=\"lazy\" decoding=\"async\" width=\"1024\" height=\"687\" src=\"https:\/\/www.mecerreyes.com\/mece\/wp-content\/uploads\/2024\/09\/Mecerreyes-Fiestas-de-Acci\u00f3n-de-Gracias-Desfile-de-PE\u00f1as-2908-24-13-1024x687.jpg\" alt=\"\" data-id=\"25525\" data-full-url=\"https:\/\/www.mecerreyes.com\/mece\/wp-content\/uploads\/2024\/09\/Mecerreyes-Fiestas-de-Acci\u00f3n-de-Gracias-Desfile-de-PE\u00f1as-2908-24-13.jpg\" data-link=\"https:\/\/www.mecerreyes.com\/mece\/?attachment_id=25525\" class=\"wp-image-25525\" srcset=\"https:\/\/www.mecerreyes.com\/mece\/wp-content\/uploads\/2024\/09\/Mecerreyes-Fiestas-de-Acci\u00f3n-de-Gracias-Desfile-de-PE\u00f1as-2908-24-13-1024x687.jpg 1024w, https:\/\/www.mecerreyes.com\/mece\/wp-content\/uploads\/2024\/09\/Mecerreyes-Fiestas-de-Acci\u00f3n-de-Gracias-Desfile-de-PE\u00f1as-2908-24-13-300x201.jpg 300w, https:\/\/www.mecerreyes.com\/mece\/wp-content\/uploads\/2024\/09\/Mecerreyes-Fiestas-de-Acci\u00f3n-de-Gracias-Desfile-de-PE\u00f1as-2908-24-13-768x515.jpg 768w, https:\/\/www.mecerreyes.com\/mece\/wp-content\/uploads\/2024\/09\/Mecerreyes-Fiestas-de-Acci\u00f3n-de-Gracias-Desfile-de-PE\u00f1as-2908-24-13.jpg 1063w\" sizes=\"(max-width: 1024px) 100vw, 1024px\" \/><\/a><\/figure><\/li><li class=\"blocks-gallery-item\"><figure><a  href=\"https:\/\/www.mecerreyes.com\/mece\/wp-content\/uploads\/2024\/09\/Mecerreyes-Fiestas-de-Acci\u00f3n-de-Gracias-Desfile-de-PE\u00f1as-2908-24-14.jpg\" class=\"thickbox no_icon\" title=\"\"><img loading=\"lazy\" decoding=\"async\" width=\"1024\" height=\"529\" src=\"https:\/\/www.mecerreyes.com\/mece\/wp-content\/uploads\/2024\/09\/Mecerreyes-Fiestas-de-Acci\u00f3n-de-Gracias-Desfile-de-PE\u00f1as-2908-24-14-1024x529.jpg\" alt=\"\" data-id=\"25526\" data-full-url=\"https:\/\/www.mecerreyes.com\/mece\/wp-content\/uploads\/2024\/09\/Mecerreyes-Fiestas-de-Acci\u00f3n-de-Gracias-Desfile-de-PE\u00f1as-2908-24-14.jpg\" data-link=\"https:\/\/www.mecerreyes.com\/mece\/?attachment_id=25526\" class=\"wp-image-25526\" srcset=\"https:\/\/www.mecerreyes.com\/mece\/wp-content\/uploads\/2024\/09\/Mecerreyes-Fiestas-de-Acci\u00f3n-de-Gracias-Desfile-de-PE\u00f1as-2908-24-14-1024x529.jpg 1024w, https:\/\/www.mecerreyes.com\/mece\/wp-content\/uploads\/2024\/09\/Mecerreyes-Fiestas-de-Acci\u00f3n-de-Gracias-Desfile-de-PE\u00f1as-2908-24-14-300x155.jpg 300w, https:\/\/www.mecerreyes.com\/mece\/wp-content\/uploads\/2024\/09\/Mecerreyes-Fiestas-de-Acci\u00f3n-de-Gracias-Desfile-de-PE\u00f1as-2908-24-14-768x397.jpg 768w, https:\/\/www.mecerreyes.com\/mece\/wp-content\/uploads\/2024\/09\/Mecerreyes-Fiestas-de-Acci\u00f3n-de-Gracias-Desfile-de-PE\u00f1as-2908-24-14.jpg 1063w\" sizes=\"(max-width: 1024px) 100vw, 1024px\" \/><\/a><\/figure><\/li><li class=\"blocks-gallery-item\"><figure><a  href=\"https:\/\/www.mecerreyes.com\/mece\/wp-content\/uploads\/2024\/09\/Mecerreyes-Fiestas-de-Acci\u00f3n-de-Gracias-Desfile-de-PE\u00f1as-2908-24-15.jpg\" class=\"thickbox no_icon\" title=\"\"><img loading=\"lazy\" decoding=\"async\" width=\"1024\" height=\"548\" src=\"https:\/\/www.mecerreyes.com\/mece\/wp-content\/uploads\/2024\/09\/Mecerreyes-Fiestas-de-Acci\u00f3n-de-Gracias-Desfile-de-PE\u00f1as-2908-24-15-1024x548.jpg\" alt=\"\" data-id=\"25527\" data-full-url=\"https:\/\/www.mecerreyes.com\/mece\/wp-content\/uploads\/2024\/09\/Mecerreyes-Fiestas-de-Acci\u00f3n-de-Gracias-Desfile-de-PE\u00f1as-2908-24-15.jpg\" data-link=\"https:\/\/www.mecerreyes.com\/mece\/?attachment_id=25527\" class=\"wp-image-25527\" srcset=\"https:\/\/www.mecerreyes.com\/mece\/wp-content\/uploads\/2024\/09\/Mecerreyes-Fiestas-de-Acci\u00f3n-de-Gracias-Desfile-de-PE\u00f1as-2908-24-15-1024x548.jpg 1024w, https:\/\/www.mecerreyes.com\/mece\/wp-content\/uploads\/2024\/09\/Mecerreyes-Fiestas-de-Acci\u00f3n-de-Gracias-Desfile-de-PE\u00f1as-2908-24-15-300x161.jpg 300w, https:\/\/www.mecerreyes.com\/mece\/wp-content\/uploads\/2024\/09\/Mecerreyes-Fiestas-de-Acci\u00f3n-de-Gracias-Desfile-de-PE\u00f1as-2908-24-15-768x411.jpg 768w, https:\/\/www.mecerreyes.com\/mece\/wp-content\/uploads\/2024\/09\/Mecerreyes-Fiestas-de-Acci\u00f3n-de-Gracias-Desfile-de-PE\u00f1as-2908-24-15.jpg 1063w\" sizes=\"(max-width: 1024px) 100vw, 1024px\" \/><\/a><\/figure><\/li><li class=\"blocks-gallery-item\"><figure><a  href=\"https:\/\/www.mecerreyes.com\/mece\/wp-content\/uploads\/2024\/09\/Mecerreyes-Fiestas-de-Acci\u00f3n-de-Gracias-Desfile-de-PE\u00f1as-2908-24-16.jpg\" class=\"thickbox no_icon\" title=\"\"><img loading=\"lazy\" decoding=\"async\" width=\"1024\" height=\"523\" src=\"https:\/\/www.mecerreyes.com\/mece\/wp-content\/uploads\/2024\/09\/Mecerreyes-Fiestas-de-Acci\u00f3n-de-Gracias-Desfile-de-PE\u00f1as-2908-24-16-1024x523.jpg\" alt=\"\" data-id=\"25528\" data-full-url=\"https:\/\/www.mecerreyes.com\/mece\/wp-content\/uploads\/2024\/09\/Mecerreyes-Fiestas-de-Acci\u00f3n-de-Gracias-Desfile-de-PE\u00f1as-2908-24-16.jpg\" data-link=\"https:\/\/www.mecerreyes.com\/mece\/?attachment_id=25528\" class=\"wp-image-25528\" srcset=\"https:\/\/www.mecerreyes.com\/mece\/wp-content\/uploads\/2024\/09\/Mecerreyes-Fiestas-de-Acci\u00f3n-de-Gracias-Desfile-de-PE\u00f1as-2908-24-16-1024x523.jpg 1024w, https:\/\/www.mecerreyes.com\/mece\/wp-content\/uploads\/2024\/09\/Mecerreyes-Fiestas-de-Acci\u00f3n-de-Gracias-Desfile-de-PE\u00f1as-2908-24-16-300x153.jpg 300w, https:\/\/www.mecerreyes.com\/mece\/wp-content\/uploads\/2024\/09\/Mecerreyes-Fiestas-de-Acci\u00f3n-de-Gracias-Desfile-de-PE\u00f1as-2908-24-16-768x392.jpg 768w, https:\/\/www.mecerreyes.com\/mece\/wp-content\/uploads\/2024\/09\/Mecerreyes-Fiestas-de-Acci\u00f3n-de-Gracias-Desfile-de-PE\u00f1as-2908-24-16.jpg 1063w\" sizes=\"(max-width: 1024px) 100vw, 1024px\" \/><\/a><\/figure><\/li><li class=\"blocks-gallery-item\"><figure><a  href=\"https:\/\/www.mecerreyes.com\/mece\/wp-content\/uploads\/2024\/09\/Mecerreyes-Fiestas-de-Acci\u00f3n-de-Gracias-Desfile-de-PE\u00f1as-2908-24-17.jpg\" class=\"thickbox no_icon\" title=\"\"><img loading=\"lazy\" decoding=\"async\" width=\"1024\" height=\"606\" src=\"https:\/\/www.mecerreyes.com\/mece\/wp-content\/uploads\/2024\/09\/Mecerreyes-Fiestas-de-Acci\u00f3n-de-Gracias-Desfile-de-PE\u00f1as-2908-24-17-1024x606.jpg\" alt=\"\" data-id=\"25529\" data-full-url=\"https:\/\/www.mecerreyes.com\/mece\/wp-content\/uploads\/2024\/09\/Mecerreyes-Fiestas-de-Acci\u00f3n-de-Gracias-Desfile-de-PE\u00f1as-2908-24-17.jpg\" data-link=\"https:\/\/www.mecerreyes.com\/mece\/?attachment_id=25529\" class=\"wp-image-25529\" srcset=\"https:\/\/www.mecerreyes.com\/mece\/wp-content\/uploads\/2024\/09\/Mecerreyes-Fiestas-de-Acci\u00f3n-de-Gracias-Desfile-de-PE\u00f1as-2908-24-17-1024x606.jpg 1024w, https:\/\/www.mecerreyes.com\/mece\/wp-content\/uploads\/2024\/09\/Mecerreyes-Fiestas-de-Acci\u00f3n-de-Gracias-Desfile-de-PE\u00f1as-2908-24-17-300x178.jpg 300w, https:\/\/www.mecerreyes.com\/mece\/wp-content\/uploads\/2024\/09\/Mecerreyes-Fiestas-de-Acci\u00f3n-de-Gracias-Desfile-de-PE\u00f1as-2908-24-17-768x454.jpg 768w, https:\/\/www.mecerreyes.com\/mece\/wp-content\/uploads\/2024\/09\/Mecerreyes-Fiestas-de-Acci\u00f3n-de-Gracias-Desfile-de-PE\u00f1as-2908-24-17.jpg 1063w\" sizes=\"(max-width: 1024px) 100vw, 1024px\" \/><\/a><\/figure><\/li><li class=\"blocks-gallery-item\"><figure><a  href=\"https:\/\/www.mecerreyes.com\/mece\/wp-content\/uploads\/2024\/09\/Mecerreyes-Fiestas-de-Acci\u00f3n-de-Gracias-Desfile-de-PE\u00f1as-2908-24-18.jpg\" class=\"thickbox no_icon\" title=\"\"><img loading=\"lazy\" decoding=\"async\" width=\"1024\" height=\"768\" src=\"https:\/\/www.mecerreyes.com\/mece\/wp-content\/uploads\/2024\/09\/Mecerreyes-Fiestas-de-Acci\u00f3n-de-Gracias-Desfile-de-PE\u00f1as-2908-24-18-1024x768.jpg\" alt=\"\" data-id=\"25530\" data-full-url=\"https:\/\/www.mecerreyes.com\/mece\/wp-content\/uploads\/2024\/09\/Mecerreyes-Fiestas-de-Acci\u00f3n-de-Gracias-Desfile-de-PE\u00f1as-2908-24-18.jpg\" data-link=\"https:\/\/www.mecerreyes.com\/mece\/?attachment_id=25530\" class=\"wp-image-25530\" srcset=\"https:\/\/www.mecerreyes.com\/mece\/wp-content\/uploads\/2024\/09\/Mecerreyes-Fiestas-de-Acci\u00f3n-de-Gracias-Desfile-de-PE\u00f1as-2908-24-18-1024x768.jpg 1024w, https:\/\/www.mecerreyes.com\/mece\/wp-content\/uploads\/2024\/09\/Mecerreyes-Fiestas-de-Acci\u00f3n-de-Gracias-Desfile-de-PE\u00f1as-2908-24-18-300x225.jpg 300w, https:\/\/www.mecerreyes.com\/mece\/wp-content\/uploads\/2024\/09\/Mecerreyes-Fiestas-de-Acci\u00f3n-de-Gracias-Desfile-de-PE\u00f1as-2908-24-18-768x576.jpg 768w, https:\/\/www.mecerreyes.com\/mece\/wp-content\/uploads\/2024\/09\/Mecerreyes-Fiestas-de-Acci\u00f3n-de-Gracias-Desfile-de-PE\u00f1as-2908-24-18.jpg 1063w\" sizes=\"(max-width: 1024px) 100vw, 1024px\" \/><\/a><\/figure><\/li><li class=\"blocks-gallery-item\"><figure><a  href=\"https:\/\/www.mecerreyes.com\/mece\/wp-content\/uploads\/2024\/09\/Mecerreyes-Fiestas-de-Acci\u00f3n-de-Gracias-Desfile-de-PE\u00f1as-2908-24-19.jpg\" class=\"thickbox no_icon\" title=\"\"><img loading=\"lazy\" decoding=\"async\" width=\"1024\" height=\"575\" src=\"https:\/\/www.mecerreyes.com\/mece\/wp-content\/uploads\/2024\/09\/Mecerreyes-Fiestas-de-Acci\u00f3n-de-Gracias-Desfile-de-PE\u00f1as-2908-24-19-1024x575.jpg\" alt=\"\" data-id=\"25531\" data-full-url=\"https:\/\/www.mecerreyes.com\/mece\/wp-content\/uploads\/2024\/09\/Mecerreyes-Fiestas-de-Acci\u00f3n-de-Gracias-Desfile-de-PE\u00f1as-2908-24-19.jpg\" data-link=\"https:\/\/www.mecerreyes.com\/mece\/?attachment_id=25531\" class=\"wp-image-25531\" srcset=\"https:\/\/www.mecerreyes.com\/mece\/wp-content\/uploads\/2024\/09\/Mecerreyes-Fiestas-de-Acci\u00f3n-de-Gracias-Desfile-de-PE\u00f1as-2908-24-19-1024x575.jpg 1024w, https:\/\/www.mecerreyes.com\/mece\/wp-content\/uploads\/2024\/09\/Mecerreyes-Fiestas-de-Acci\u00f3n-de-Gracias-Desfile-de-PE\u00f1as-2908-24-19-300x168.jpg 300w, https:\/\/www.mecerreyes.com\/mece\/wp-content\/uploads\/2024\/09\/Mecerreyes-Fiestas-de-Acci\u00f3n-de-Gracias-Desfile-de-PE\u00f1as-2908-24-19-768x431.jpg 768w, https:\/\/www.mecerreyes.com\/mece\/wp-content\/uploads\/2024\/09\/Mecerreyes-Fiestas-de-Acci\u00f3n-de-Gracias-Desfile-de-PE\u00f1as-2908-24-19.jpg 1063w\" sizes=\"(max-width: 1024px) 100vw, 1024px\" \/><\/a><\/figure><\/li><li class=\"blocks-gallery-item\"><figure><a  href=\"https:\/\/www.mecerreyes.com\/mece\/wp-content\/uploads\/2024\/09\/Mecerreyes-Fiestas-de-Acci\u00f3n-de-Gracias-Desfile-de-PE\u00f1as-2908-24-20.jpg\" class=\"thickbox no_icon\" title=\"\"><img loading=\"lazy\" decoding=\"async\" width=\"1024\" height=\"594\" src=\"https:\/\/www.mecerreyes.com\/mece\/wp-content\/uploads\/2024\/09\/Mecerreyes-Fiestas-de-Acci\u00f3n-de-Gracias-Desfile-de-PE\u00f1as-2908-24-20-1024x594.jpg\" alt=\"\" data-id=\"25532\" data-full-url=\"https:\/\/www.mecerreyes.com\/mece\/wp-content\/uploads\/2024\/09\/Mecerreyes-Fiestas-de-Acci\u00f3n-de-Gracias-Desfile-de-PE\u00f1as-2908-24-20.jpg\" data-link=\"https:\/\/www.mecerreyes.com\/mece\/?attachment_id=25532\" class=\"wp-image-25532\" srcset=\"https:\/\/www.mecerreyes.com\/mece\/wp-content\/uploads\/2024\/09\/Mecerreyes-Fiestas-de-Acci\u00f3n-de-Gracias-Desfile-de-PE\u00f1as-2908-24-20-1024x594.jpg 1024w, https:\/\/www.mecerreyes.com\/mece\/wp-content\/uploads\/2024\/09\/Mecerreyes-Fiestas-de-Acci\u00f3n-de-Gracias-Desfile-de-PE\u00f1as-2908-24-20-300x174.jpg 300w, https:\/\/www.mecerreyes.com\/mece\/wp-content\/uploads\/2024\/09\/Mecerreyes-Fiestas-de-Acci\u00f3n-de-Gracias-Desfile-de-PE\u00f1as-2908-24-20-768x446.jpg 768w, https:\/\/www.mecerreyes.com\/mece\/wp-content\/uploads\/2024\/09\/Mecerreyes-Fiestas-de-Acci\u00f3n-de-Gracias-Desfile-de-PE\u00f1as-2908-24-20.jpg 1063w\" sizes=\"(max-width: 1024px) 100vw, 1024px\" \/><\/a><\/figure><\/li><li class=\"blocks-gallery-item\"><figure><a  href=\"https:\/\/www.mecerreyes.com\/mece\/wp-content\/uploads\/2024\/09\/Mecerreyes-Fiestas-de-Acci\u00f3n-de-Gracias-Desfile-de-PE\u00f1as-2908-24-21.jpg\" class=\"thickbox no_icon\" title=\"\"><img loading=\"lazy\" decoding=\"async\" width=\"1024\" height=\"533\" src=\"https:\/\/www.mecerreyes.com\/mece\/wp-content\/uploads\/2024\/09\/Mecerreyes-Fiestas-de-Acci\u00f3n-de-Gracias-Desfile-de-PE\u00f1as-2908-24-21-1024x533.jpg\" alt=\"\" data-id=\"25533\" data-full-url=\"https:\/\/www.mecerreyes.com\/mece\/wp-content\/uploads\/2024\/09\/Mecerreyes-Fiestas-de-Acci\u00f3n-de-Gracias-Desfile-de-PE\u00f1as-2908-24-21.jpg\" data-link=\"https:\/\/www.mecerreyes.com\/mece\/?attachment_id=25533\" class=\"wp-image-25533\" srcset=\"https:\/\/www.mecerreyes.com\/mece\/wp-content\/uploads\/2024\/09\/Mecerreyes-Fiestas-de-Acci\u00f3n-de-Gracias-Desfile-de-PE\u00f1as-2908-24-21-1024x533.jpg 1024w, https:\/\/www.mecerreyes.com\/mece\/wp-content\/uploads\/2024\/09\/Mecerreyes-Fiestas-de-Acci\u00f3n-de-Gracias-Desfile-de-PE\u00f1as-2908-24-21-300x156.jpg 300w, https:\/\/www.mecerreyes.com\/mece\/wp-content\/uploads\/2024\/09\/Mecerreyes-Fiestas-de-Acci\u00f3n-de-Gracias-Desfile-de-PE\u00f1as-2908-24-21-768x400.jpg 768w, https:\/\/www.mecerreyes.com\/mece\/wp-content\/uploads\/2024\/09\/Mecerreyes-Fiestas-de-Acci\u00f3n-de-Gracias-Desfile-de-PE\u00f1as-2908-24-21.jpg 1063w\" sizes=\"(max-width: 1024px) 100vw, 1024px\" \/><\/a><\/figure><\/li><li class=\"blocks-gallery-item\"><figure><a  href=\"https:\/\/www.mecerreyes.com\/mece\/wp-content\/uploads\/2024\/09\/Mecerreyes-Fiestas-de-Acci\u00f3n-de-Gracias-Desfile-de-PE\u00f1as-2908-24-22.jpg\" class=\"thickbox no_icon\" title=\"\"><img loading=\"lazy\" decoding=\"async\" width=\"1024\" height=\"685\" src=\"https:\/\/www.mecerreyes.com\/mece\/wp-content\/uploads\/2024\/09\/Mecerreyes-Fiestas-de-Acci\u00f3n-de-Gracias-Desfile-de-PE\u00f1as-2908-24-22-1024x685.jpg\" alt=\"\" data-id=\"25534\" data-full-url=\"https:\/\/www.mecerreyes.com\/mece\/wp-content\/uploads\/2024\/09\/Mecerreyes-Fiestas-de-Acci\u00f3n-de-Gracias-Desfile-de-PE\u00f1as-2908-24-22.jpg\" data-link=\"https:\/\/www.mecerreyes.com\/mece\/?attachment_id=25534\" class=\"wp-image-25534\" srcset=\"https:\/\/www.mecerreyes.com\/mece\/wp-content\/uploads\/2024\/09\/Mecerreyes-Fiestas-de-Acci\u00f3n-de-Gracias-Desfile-de-PE\u00f1as-2908-24-22-1024x685.jpg 1024w, https:\/\/www.mecerreyes.com\/mece\/wp-content\/uploads\/2024\/09\/Mecerreyes-Fiestas-de-Acci\u00f3n-de-Gracias-Desfile-de-PE\u00f1as-2908-24-22-300x201.jpg 300w, https:\/\/www.mecerreyes.com\/mece\/wp-content\/uploads\/2024\/09\/Mecerreyes-Fiestas-de-Acci\u00f3n-de-Gracias-Desfile-de-PE\u00f1as-2908-24-22-768x514.jpg 768w, https:\/\/www.mecerreyes.com\/mece\/wp-content\/uploads\/2024\/09\/Mecerreyes-Fiestas-de-Acci\u00f3n-de-Gracias-Desfile-de-PE\u00f1as-2908-24-22.jpg 1063w\" sizes=\"(max-width: 1024px) 100vw, 1024px\" \/><\/a><\/figure><\/li><li class=\"blocks-gallery-item\"><figure><a  href=\"https:\/\/www.mecerreyes.com\/mece\/wp-content\/uploads\/2024\/09\/Mecerreyes-Fiestas-de-Acci\u00f3n-de-Gracias-Desfile-de-PE\u00f1as-2908-24-23.jpg\" class=\"thickbox no_icon\" title=\"\"><img loading=\"lazy\" decoding=\"async\" width=\"1024\" height=\"527\" src=\"https:\/\/www.mecerreyes.com\/mece\/wp-content\/uploads\/2024\/09\/Mecerreyes-Fiestas-de-Acci\u00f3n-de-Gracias-Desfile-de-PE\u00f1as-2908-24-23-1024x527.jpg\" alt=\"\" data-id=\"25535\" data-full-url=\"https:\/\/www.mecerreyes.com\/mece\/wp-content\/uploads\/2024\/09\/Mecerreyes-Fiestas-de-Acci\u00f3n-de-Gracias-Desfile-de-PE\u00f1as-2908-24-23.jpg\" data-link=\"https:\/\/www.mecerreyes.com\/mece\/?attachment_id=25535\" class=\"wp-image-25535\" srcset=\"https:\/\/www.mecerreyes.com\/mece\/wp-content\/uploads\/2024\/09\/Mecerreyes-Fiestas-de-Acci\u00f3n-de-Gracias-Desfile-de-PE\u00f1as-2908-24-23-1024x527.jpg 1024w, https:\/\/www.mecerreyes.com\/mece\/wp-content\/uploads\/2024\/09\/Mecerreyes-Fiestas-de-Acci\u00f3n-de-Gracias-Desfile-de-PE\u00f1as-2908-24-23-300x154.jpg 300w, https:\/\/www.mecerreyes.com\/mece\/wp-content\/uploads\/2024\/09\/Mecerreyes-Fiestas-de-Acci\u00f3n-de-Gracias-Desfile-de-PE\u00f1as-2908-24-23-768x395.jpg 768w, https:\/\/www.mecerreyes.com\/mece\/wp-content\/uploads\/2024\/09\/Mecerreyes-Fiestas-de-Acci\u00f3n-de-Gracias-Desfile-de-PE\u00f1as-2908-24-23.jpg 1063w\" sizes=\"(max-width: 1024px) 100vw, 1024px\" \/><\/a><\/figure><\/li><li class=\"blocks-gallery-item\"><figure><a  href=\"https:\/\/www.mecerreyes.com\/mece\/wp-content\/uploads\/2024\/09\/Mecerreyes-Fiestas-de-Acci\u00f3n-de-Gracias-Desfile-de-PE\u00f1as-2908-24-24.jpg\" class=\"thickbox no_icon\" title=\"\"><img loading=\"lazy\" decoding=\"async\" width=\"1024\" height=\"531\" src=\"https:\/\/www.mecerreyes.com\/mece\/wp-content\/uploads\/2024\/09\/Mecerreyes-Fiestas-de-Acci\u00f3n-de-Gracias-Desfile-de-PE\u00f1as-2908-24-24-1024x531.jpg\" alt=\"\" data-id=\"25536\" data-full-url=\"https:\/\/www.mecerreyes.com\/mece\/wp-content\/uploads\/2024\/09\/Mecerreyes-Fiestas-de-Acci\u00f3n-de-Gracias-Desfile-de-PE\u00f1as-2908-24-24.jpg\" data-link=\"https:\/\/www.mecerreyes.com\/mece\/?attachment_id=25536\" class=\"wp-image-25536\" srcset=\"https:\/\/www.mecerreyes.com\/mece\/wp-content\/uploads\/2024\/09\/Mecerreyes-Fiestas-de-Acci\u00f3n-de-Gracias-Desfile-de-PE\u00f1as-2908-24-24-1024x531.jpg 1024w, https:\/\/www.mecerreyes.com\/mece\/wp-content\/uploads\/2024\/09\/Mecerreyes-Fiestas-de-Acci\u00f3n-de-Gracias-Desfile-de-PE\u00f1as-2908-24-24-300x156.jpg 300w, https:\/\/www.mecerreyes.com\/mece\/wp-content\/uploads\/2024\/09\/Mecerreyes-Fiestas-de-Acci\u00f3n-de-Gracias-Desfile-de-PE\u00f1as-2908-24-24-768x398.jpg 768w, https:\/\/www.mecerreyes.com\/mece\/wp-content\/uploads\/2024\/09\/Mecerreyes-Fiestas-de-Acci\u00f3n-de-Gracias-Desfile-de-PE\u00f1as-2908-24-24.jpg 1063w\" sizes=\"(max-width: 1024px) 100vw, 1024px\" \/><\/a><\/figure><\/li><li class=\"blocks-gallery-item\"><figure><a  href=\"https:\/\/www.mecerreyes.com\/mece\/wp-content\/uploads\/2024\/09\/Mecerreyes-Fiestas-de-Acci\u00f3n-de-Gracias-Desfile-de-PE\u00f1as-2908-24-25.jpg\" class=\"thickbox no_icon\" title=\"\"><img loading=\"lazy\" decoding=\"async\" width=\"1024\" height=\"429\" src=\"https:\/\/www.mecerreyes.com\/mece\/wp-content\/uploads\/2024\/09\/Mecerreyes-Fiestas-de-Acci\u00f3n-de-Gracias-Desfile-de-PE\u00f1as-2908-24-25-1024x429.jpg\" alt=\"\" data-id=\"25537\" data-full-url=\"https:\/\/www.mecerreyes.com\/mece\/wp-content\/uploads\/2024\/09\/Mecerreyes-Fiestas-de-Acci\u00f3n-de-Gracias-Desfile-de-PE\u00f1as-2908-24-25.jpg\" data-link=\"https:\/\/www.mecerreyes.com\/mece\/?attachment_id=25537\" class=\"wp-image-25537\" srcset=\"https:\/\/www.mecerreyes.com\/mece\/wp-content\/uploads\/2024\/09\/Mecerreyes-Fiestas-de-Acci\u00f3n-de-Gracias-Desfile-de-PE\u00f1as-2908-24-25-1024x429.jpg 1024w, https:\/\/www.mecerreyes.com\/mece\/wp-content\/uploads\/2024\/09\/Mecerreyes-Fiestas-de-Acci\u00f3n-de-Gracias-Desfile-de-PE\u00f1as-2908-24-25-300x126.jpg 300w, https:\/\/www.mecerreyes.com\/mece\/wp-content\/uploads\/2024\/09\/Mecerreyes-Fiestas-de-Acci\u00f3n-de-Gracias-Desfile-de-PE\u00f1as-2908-24-25-768x322.jpg 768w, https:\/\/www.mecerreyes.com\/mece\/wp-content\/uploads\/2024\/09\/Mecerreyes-Fiestas-de-Acci\u00f3n-de-Gracias-Desfile-de-PE\u00f1as-2908-24-25.jpg 1063w\" sizes=\"(max-width: 1024px) 100vw, 1024px\" \/><\/a><\/figure><\/li><li class=\"blocks-gallery-item\"><figure><a  href=\"https:\/\/www.mecerreyes.com\/mece\/wp-content\/uploads\/2024\/09\/Mecerreyes-Fiestas-de-Acci\u00f3n-de-Gracias-Desfile-de-PE\u00f1as-2908-24-26.jpg\" class=\"thickbox no_icon\" title=\"\"><img loading=\"lazy\" decoding=\"async\" width=\"1024\" height=\"473\" src=\"https:\/\/www.mecerreyes.com\/mece\/wp-content\/uploads\/2024\/09\/Mecerreyes-Fiestas-de-Acci\u00f3n-de-Gracias-Desfile-de-PE\u00f1as-2908-24-26-1024x473.jpg\" alt=\"\" data-id=\"25538\" data-full-url=\"https:\/\/www.mecerreyes.com\/mece\/wp-content\/uploads\/2024\/09\/Mecerreyes-Fiestas-de-Acci\u00f3n-de-Gracias-Desfile-de-PE\u00f1as-2908-24-26.jpg\" data-link=\"https:\/\/www.mecerreyes.com\/mece\/?attachment_id=25538\" class=\"wp-image-25538\" srcset=\"https:\/\/www.mecerreyes.com\/mece\/wp-content\/uploads\/2024\/09\/Mecerreyes-Fiestas-de-Acci\u00f3n-de-Gracias-Desfile-de-PE\u00f1as-2908-24-26-1024x473.jpg 1024w, https:\/\/www.mecerreyes.com\/mece\/wp-content\/uploads\/2024\/09\/Mecerreyes-Fiestas-de-Acci\u00f3n-de-Gracias-Desfile-de-PE\u00f1as-2908-24-26-300x139.jpg 300w, https:\/\/www.mecerreyes.com\/mece\/wp-content\/uploads\/2024\/09\/Mecerreyes-Fiestas-de-Acci\u00f3n-de-Gracias-Desfile-de-PE\u00f1as-2908-24-26-768x355.jpg 768w, https:\/\/www.mecerreyes.com\/mece\/wp-content\/uploads\/2024\/09\/Mecerreyes-Fiestas-de-Acci\u00f3n-de-Gracias-Desfile-de-PE\u00f1as-2908-24-26.jpg 1063w\" sizes=\"(max-width: 1024px) 100vw, 1024px\" \/><\/a><\/figure><\/li><li class=\"blocks-gallery-item\"><figure><a  href=\"https:\/\/www.mecerreyes.com\/mece\/wp-content\/uploads\/2024\/09\/Mecerreyes-Fiestas-de-Acci\u00f3n-de-Gracias-Desfile-de-PE\u00f1as-2908-24-27.jpg\" class=\"thickbox no_icon\" title=\"\"><img loading=\"lazy\" decoding=\"async\" width=\"1024\" height=\"575\" src=\"https:\/\/www.mecerreyes.com\/mece\/wp-content\/uploads\/2024\/09\/Mecerreyes-Fiestas-de-Acci\u00f3n-de-Gracias-Desfile-de-PE\u00f1as-2908-24-27-1024x575.jpg\" alt=\"\" data-id=\"25539\" data-full-url=\"https:\/\/www.mecerreyes.com\/mece\/wp-content\/uploads\/2024\/09\/Mecerreyes-Fiestas-de-Acci\u00f3n-de-Gracias-Desfile-de-PE\u00f1as-2908-24-27.jpg\" data-link=\"https:\/\/www.mecerreyes.com\/mece\/?attachment_id=25539\" class=\"wp-image-25539\" srcset=\"https:\/\/www.mecerreyes.com\/mece\/wp-content\/uploads\/2024\/09\/Mecerreyes-Fiestas-de-Acci\u00f3n-de-Gracias-Desfile-de-PE\u00f1as-2908-24-27-1024x575.jpg 1024w, https:\/\/www.mecerreyes.com\/mece\/wp-content\/uploads\/2024\/09\/Mecerreyes-Fiestas-de-Acci\u00f3n-de-Gracias-Desfile-de-PE\u00f1as-2908-24-27-300x168.jpg 300w, https:\/\/www.mecerreyes.com\/mece\/wp-content\/uploads\/2024\/09\/Mecerreyes-Fiestas-de-Acci\u00f3n-de-Gracias-Desfile-de-PE\u00f1as-2908-24-27-768x431.jpg 768w, https:\/\/www.mecerreyes.com\/mece\/wp-content\/uploads\/2024\/09\/Mecerreyes-Fiestas-de-Acci\u00f3n-de-Gracias-Desfile-de-PE\u00f1as-2908-24-27.jpg 1063w\" sizes=\"(max-width: 1024px) 100vw, 1024px\" \/><\/a><\/figure><\/li><li class=\"blocks-gallery-item\"><figure><a  href=\"https:\/\/www.mecerreyes.com\/mece\/wp-content\/uploads\/2024\/09\/Mecerreyes-Fiestas-de-Acci\u00f3n-de-Gracias-Desfile-de-PE\u00f1as-2908-24-28.jpg\" class=\"thickbox no_icon\" title=\"\"><img loading=\"lazy\" decoding=\"async\" width=\"1024\" height=\"513\" src=\"https:\/\/www.mecerreyes.com\/mece\/wp-content\/uploads\/2024\/09\/Mecerreyes-Fiestas-de-Acci\u00f3n-de-Gracias-Desfile-de-PE\u00f1as-2908-24-28-1024x513.jpg\" alt=\"\" data-id=\"25540\" data-full-url=\"https:\/\/www.mecerreyes.com\/mece\/wp-content\/uploads\/2024\/09\/Mecerreyes-Fiestas-de-Acci\u00f3n-de-Gracias-Desfile-de-PE\u00f1as-2908-24-28.jpg\" data-link=\"https:\/\/www.mecerreyes.com\/mece\/?attachment_id=25540\" class=\"wp-image-25540\" srcset=\"https:\/\/www.mecerreyes.com\/mece\/wp-content\/uploads\/2024\/09\/Mecerreyes-Fiestas-de-Acci\u00f3n-de-Gracias-Desfile-de-PE\u00f1as-2908-24-28-1024x513.jpg 1024w, https:\/\/www.mecerreyes.com\/mece\/wp-content\/uploads\/2024\/09\/Mecerreyes-Fiestas-de-Acci\u00f3n-de-Gracias-Desfile-de-PE\u00f1as-2908-24-28-300x150.jpg 300w, https:\/\/www.mecerreyes.com\/mece\/wp-content\/uploads\/2024\/09\/Mecerreyes-Fiestas-de-Acci\u00f3n-de-Gracias-Desfile-de-PE\u00f1as-2908-24-28-768x385.jpg 768w, https:\/\/www.mecerreyes.com\/mece\/wp-content\/uploads\/2024\/09\/Mecerreyes-Fiestas-de-Acci\u00f3n-de-Gracias-Desfile-de-PE\u00f1as-2908-24-28.jpg 1063w\" sizes=\"(max-width: 1024px) 100vw, 1024px\" \/><\/a><\/figure><\/li><\/ul><\/figure>\n\n\n\n<p>Destacar la gran participaci\u00f3n infantil en los talleres y ensayos, la eucarist\u00eda del viernes fue preciosa. <\/p>\n\n\n\n<figure class=\"wp-block-gallery columns-2 is-cropped wp-block-gallery-9 is-layout-flex wp-block-gallery-is-layout-flex\"><ul class=\"blocks-gallery-grid\"><li class=\"blocks-gallery-item\"><figure><a  href=\"https:\/\/www.mecerreyes.com\/mece\/wp-content\/uploads\/2024\/09\/Mecerreyes-Actividades-en-el-parque-Fiestas-de-Acci\u00f3n-de-Gracias-2024-11.jpg\" class=\"thickbox no_icon\" title=\"\"><img loading=\"lazy\" decoding=\"async\" width=\"1024\" height=\"655\" src=\"https:\/\/www.mecerreyes.com\/mece\/wp-content\/uploads\/2024\/09\/Mecerreyes-Actividades-en-el-parque-Fiestas-de-Acci\u00f3n-de-Gracias-2024-11-1024x655.jpg\" alt=\"\" data-id=\"25547\" data-full-url=\"https:\/\/www.mecerreyes.com\/mece\/wp-content\/uploads\/2024\/09\/Mecerreyes-Actividades-en-el-parque-Fiestas-de-Acci\u00f3n-de-Gracias-2024-11.jpg\" data-link=\"https:\/\/www.mecerreyes.com\/mece\/?attachment_id=25547\" class=\"wp-image-25547\" srcset=\"https:\/\/www.mecerreyes.com\/mece\/wp-content\/uploads\/2024\/09\/Mecerreyes-Actividades-en-el-parque-Fiestas-de-Acci\u00f3n-de-Gracias-2024-11-1024x655.jpg 1024w, https:\/\/www.mecerreyes.com\/mece\/wp-content\/uploads\/2024\/09\/Mecerreyes-Actividades-en-el-parque-Fiestas-de-Acci\u00f3n-de-Gracias-2024-11-300x192.jpg 300w, https:\/\/www.mecerreyes.com\/mece\/wp-content\/uploads\/2024\/09\/Mecerreyes-Actividades-en-el-parque-Fiestas-de-Acci\u00f3n-de-Gracias-2024-11-768x491.jpg 768w, https:\/\/www.mecerreyes.com\/mece\/wp-content\/uploads\/2024\/09\/Mecerreyes-Actividades-en-el-parque-Fiestas-de-Acci\u00f3n-de-Gracias-2024-11-1536x983.jpg 1536w, https:\/\/www.mecerreyes.com\/mece\/wp-content\/uploads\/2024\/09\/Mecerreyes-Actividades-en-el-parque-Fiestas-de-Acci\u00f3n-de-Gracias-2024-11-1080x691.jpg 1080w, https:\/\/www.mecerreyes.com\/mece\/wp-content\/uploads\/2024\/09\/Mecerreyes-Actividades-en-el-parque-Fiestas-de-Acci\u00f3n-de-Gracias-2024-11.jpg 1772w\" sizes=\"(max-width: 1024px) 100vw, 1024px\" \/><\/a><\/figure><\/li><li class=\"blocks-gallery-item\"><figure><a  href=\"https:\/\/www.mecerreyes.com\/mece\/wp-content\/uploads\/2024\/09\/Mecerreyes-Actividades-en-el-parque-Fiestas-de-Acci\u00f3n-de-Gracias-2024-1.jpg\" class=\"thickbox no_icon\" title=\"\"><img loading=\"lazy\" decoding=\"async\" width=\"1024\" height=\"461\" src=\"https:\/\/www.mecerreyes.com\/mece\/wp-content\/uploads\/2024\/09\/Mecerreyes-Actividades-en-el-parque-Fiestas-de-Acci\u00f3n-de-Gracias-2024-1-1024x461.jpg\" alt=\"\" data-id=\"25548\" data-full-url=\"https:\/\/www.mecerreyes.com\/mece\/wp-content\/uploads\/2024\/09\/Mecerreyes-Actividades-en-el-parque-Fiestas-de-Acci\u00f3n-de-Gracias-2024-1.jpg\" data-link=\"https:\/\/www.mecerreyes.com\/mece\/?attachment_id=25548\" class=\"wp-image-25548\" srcset=\"https:\/\/www.mecerreyes.com\/mece\/wp-content\/uploads\/2024\/09\/Mecerreyes-Actividades-en-el-parque-Fiestas-de-Acci\u00f3n-de-Gracias-2024-1-1024x461.jpg 1024w, https:\/\/www.mecerreyes.com\/mece\/wp-content\/uploads\/2024\/09\/Mecerreyes-Actividades-en-el-parque-Fiestas-de-Acci\u00f3n-de-Gracias-2024-1-300x135.jpg 300w, https:\/\/www.mecerreyes.com\/mece\/wp-content\/uploads\/2024\/09\/Mecerreyes-Actividades-en-el-parque-Fiestas-de-Acci\u00f3n-de-Gracias-2024-1-768x345.jpg 768w, https:\/\/www.mecerreyes.com\/mece\/wp-content\/uploads\/2024\/09\/Mecerreyes-Actividades-en-el-parque-Fiestas-de-Acci\u00f3n-de-Gracias-2024-1-1536x691.jpg 1536w, https:\/\/www.mecerreyes.com\/mece\/wp-content\/uploads\/2024\/09\/Mecerreyes-Actividades-en-el-parque-Fiestas-de-Acci\u00f3n-de-Gracias-2024-1-1080x486.jpg 1080w, https:\/\/www.mecerreyes.com\/mece\/wp-content\/uploads\/2024\/09\/Mecerreyes-Actividades-en-el-parque-Fiestas-de-Acci\u00f3n-de-Gracias-2024-1.jpg 1701w\" sizes=\"(max-width: 1024px) 100vw, 1024px\" \/><\/a><\/figure><\/li><li class=\"blocks-gallery-item\"><figure><a  href=\"https:\/\/www.mecerreyes.com\/mece\/wp-content\/uploads\/2024\/09\/Mecerreyes-Actividades-en-el-parque-Fiestas-de-Acci\u00f3n-de-Gracias-2024-2.jpg\" class=\"thickbox no_icon\" title=\"\"><img loading=\"lazy\" decoding=\"async\" width=\"1024\" height=\"566\" src=\"https:\/\/www.mecerreyes.com\/mece\/wp-content\/uploads\/2024\/09\/Mecerreyes-Actividades-en-el-parque-Fiestas-de-Acci\u00f3n-de-Gracias-2024-2-1024x566.jpg\" alt=\"\" data-id=\"25549\" data-full-url=\"https:\/\/www.mecerreyes.com\/mece\/wp-content\/uploads\/2024\/09\/Mecerreyes-Actividades-en-el-parque-Fiestas-de-Acci\u00f3n-de-Gracias-2024-2.jpg\" data-link=\"https:\/\/www.mecerreyes.com\/mece\/?attachment_id=25549\" class=\"wp-image-25549\" srcset=\"https:\/\/www.mecerreyes.com\/mece\/wp-content\/uploads\/2024\/09\/Mecerreyes-Actividades-en-el-parque-Fiestas-de-Acci\u00f3n-de-Gracias-2024-2-1024x566.jpg 1024w, https:\/\/www.mecerreyes.com\/mece\/wp-content\/uploads\/2024\/09\/Mecerreyes-Actividades-en-el-parque-Fiestas-de-Acci\u00f3n-de-Gracias-2024-2-300x166.jpg 300w, https:\/\/www.mecerreyes.com\/mece\/wp-content\/uploads\/2024\/09\/Mecerreyes-Actividades-en-el-parque-Fiestas-de-Acci\u00f3n-de-Gracias-2024-2-768x425.jpg 768w, https:\/\/www.mecerreyes.com\/mece\/wp-content\/uploads\/2024\/09\/Mecerreyes-Actividades-en-el-parque-Fiestas-de-Acci\u00f3n-de-Gracias-2024-2-1080x597.jpg 1080w, https:\/\/www.mecerreyes.com\/mece\/wp-content\/uploads\/2024\/09\/Mecerreyes-Actividades-en-el-parque-Fiestas-de-Acci\u00f3n-de-Gracias-2024-2.jpg 1383w\" sizes=\"(max-width: 1024px) 100vw, 1024px\" \/><\/a><\/figure><\/li><li class=\"blocks-gallery-item\"><figure><a  href=\"https:\/\/www.mecerreyes.com\/mece\/wp-content\/uploads\/2024\/09\/Mecerreyes-Actividades-en-el-parque-Fiestas-de-Acci\u00f3n-de-Gracias-2024-3.jpg\" class=\"thickbox no_icon\" title=\"\"><img loading=\"lazy\" decoding=\"async\" width=\"1024\" height=\"461\" src=\"https:\/\/www.mecerreyes.com\/mece\/wp-content\/uploads\/2024\/09\/Mecerreyes-Actividades-en-el-parque-Fiestas-de-Acci\u00f3n-de-Gracias-2024-3-1024x461.jpg\" alt=\"\" data-id=\"25550\" data-full-url=\"https:\/\/www.mecerreyes.com\/mece\/wp-content\/uploads\/2024\/09\/Mecerreyes-Actividades-en-el-parque-Fiestas-de-Acci\u00f3n-de-Gracias-2024-3.jpg\" data-link=\"https:\/\/www.mecerreyes.com\/mece\/?attachment_id=25550\" class=\"wp-image-25550\" srcset=\"https:\/\/www.mecerreyes.com\/mece\/wp-content\/uploads\/2024\/09\/Mecerreyes-Actividades-en-el-parque-Fiestas-de-Acci\u00f3n-de-Gracias-2024-3-1024x461.jpg 1024w, https:\/\/www.mecerreyes.com\/mece\/wp-content\/uploads\/2024\/09\/Mecerreyes-Actividades-en-el-parque-Fiestas-de-Acci\u00f3n-de-Gracias-2024-3-300x135.jpg 300w, https:\/\/www.mecerreyes.com\/mece\/wp-content\/uploads\/2024\/09\/Mecerreyes-Actividades-en-el-parque-Fiestas-de-Acci\u00f3n-de-Gracias-2024-3-768x345.jpg 768w, https:\/\/www.mecerreyes.com\/mece\/wp-content\/uploads\/2024\/09\/Mecerreyes-Actividades-en-el-parque-Fiestas-de-Acci\u00f3n-de-Gracias-2024-3-1536x691.jpg 1536w, https:\/\/www.mecerreyes.com\/mece\/wp-content\/uploads\/2024\/09\/Mecerreyes-Actividades-en-el-parque-Fiestas-de-Acci\u00f3n-de-Gracias-2024-3-1080x486.jpg 1080w, https:\/\/www.mecerreyes.com\/mece\/wp-content\/uploads\/2024\/09\/Mecerreyes-Actividades-en-el-parque-Fiestas-de-Acci\u00f3n-de-Gracias-2024-3.jpg 1701w\" sizes=\"(max-width: 1024px) 100vw, 1024px\" \/><\/a><\/figure><\/li><li class=\"blocks-gallery-item\"><figure><a  href=\"https:\/\/www.mecerreyes.com\/mece\/wp-content\/uploads\/2024\/09\/Mecerreyes-Actividades-en-el-parque-Fiestas-de-Acci\u00f3n-de-Gracias-2024-4.jpg\" class=\"thickbox no_icon\" title=\"\"><img loading=\"lazy\" decoding=\"async\" width=\"1024\" height=\"461\" src=\"https:\/\/www.mecerreyes.com\/mece\/wp-content\/uploads\/2024\/09\/Mecerreyes-Actividades-en-el-parque-Fiestas-de-Acci\u00f3n-de-Gracias-2024-4-1024x461.jpg\" alt=\"\" data-id=\"25551\" data-full-url=\"https:\/\/www.mecerreyes.com\/mece\/wp-content\/uploads\/2024\/09\/Mecerreyes-Actividades-en-el-parque-Fiestas-de-Acci\u00f3n-de-Gracias-2024-4.jpg\" data-link=\"https:\/\/www.mecerreyes.com\/mece\/?attachment_id=25551\" class=\"wp-image-25551\" srcset=\"https:\/\/www.mecerreyes.com\/mece\/wp-content\/uploads\/2024\/09\/Mecerreyes-Actividades-en-el-parque-Fiestas-de-Acci\u00f3n-de-Gracias-2024-4-1024x461.jpg 1024w, https:\/\/www.mecerreyes.com\/mece\/wp-content\/uploads\/2024\/09\/Mecerreyes-Actividades-en-el-parque-Fiestas-de-Acci\u00f3n-de-Gracias-2024-4-300x135.jpg 300w, https:\/\/www.mecerreyes.com\/mece\/wp-content\/uploads\/2024\/09\/Mecerreyes-Actividades-en-el-parque-Fiestas-de-Acci\u00f3n-de-Gracias-2024-4-768x346.jpg 768w, https:\/\/www.mecerreyes.com\/mece\/wp-content\/uploads\/2024\/09\/Mecerreyes-Actividades-en-el-parque-Fiestas-de-Acci\u00f3n-de-Gracias-2024-4-1080x486.jpg 1080w, https:\/\/www.mecerreyes.com\/mece\/wp-content\/uploads\/2024\/09\/Mecerreyes-Actividades-en-el-parque-Fiestas-de-Acci\u00f3n-de-Gracias-2024-4.jpg 1417w\" sizes=\"(max-width: 1024px) 100vw, 1024px\" \/><\/a><\/figure><\/li><li class=\"blocks-gallery-item\"><figure><a  href=\"https:\/\/www.mecerreyes.com\/mece\/wp-content\/uploads\/2024\/09\/Mecerreyes-Actividades-en-el-parque-Fiestas-de-Acci\u00f3n-de-Gracias-2024-5.jpg\" class=\"thickbox no_icon\" title=\"\"><img loading=\"lazy\" decoding=\"async\" width=\"709\" height=\"1003\" src=\"https:\/\/www.mecerreyes.com\/mece\/wp-content\/uploads\/2024\/09\/Mecerreyes-Actividades-en-el-parque-Fiestas-de-Acci\u00f3n-de-Gracias-2024-5.jpg\" alt=\"\" data-id=\"25552\" data-full-url=\"https:\/\/www.mecerreyes.com\/mece\/wp-content\/uploads\/2024\/09\/Mecerreyes-Actividades-en-el-parque-Fiestas-de-Acci\u00f3n-de-Gracias-2024-5.jpg\" data-link=\"https:\/\/www.mecerreyes.com\/mece\/?attachment_id=25552\" class=\"wp-image-25552\" srcset=\"https:\/\/www.mecerreyes.com\/mece\/wp-content\/uploads\/2024\/09\/Mecerreyes-Actividades-en-el-parque-Fiestas-de-Acci\u00f3n-de-Gracias-2024-5.jpg 709w, https:\/\/www.mecerreyes.com\/mece\/wp-content\/uploads\/2024\/09\/Mecerreyes-Actividades-en-el-parque-Fiestas-de-Acci\u00f3n-de-Gracias-2024-5-212x300.jpg 212w\" sizes=\"(max-width: 709px) 100vw, 709px\" \/><\/a><\/figure><\/li><li class=\"blocks-gallery-item\"><figure><a  href=\"https:\/\/www.mecerreyes.com\/mece\/wp-content\/uploads\/2024\/09\/Mecerreyes-Actividades-en-el-parque-Fiestas-de-Acci\u00f3n-de-Gracias-2024-6.jpg\" class=\"thickbox no_icon\" title=\"\"><img loading=\"lazy\" decoding=\"async\" width=\"709\" height=\"961\" src=\"https:\/\/www.mecerreyes.com\/mece\/wp-content\/uploads\/2024\/09\/Mecerreyes-Actividades-en-el-parque-Fiestas-de-Acci\u00f3n-de-Gracias-2024-6.jpg\" alt=\"\" data-id=\"25553\" data-full-url=\"https:\/\/www.mecerreyes.com\/mece\/wp-content\/uploads\/2024\/09\/Mecerreyes-Actividades-en-el-parque-Fiestas-de-Acci\u00f3n-de-Gracias-2024-6.jpg\" data-link=\"https:\/\/www.mecerreyes.com\/mece\/?attachment_id=25553\" class=\"wp-image-25553\" srcset=\"https:\/\/www.mecerreyes.com\/mece\/wp-content\/uploads\/2024\/09\/Mecerreyes-Actividades-en-el-parque-Fiestas-de-Acci\u00f3n-de-Gracias-2024-6.jpg 709w, https:\/\/www.mecerreyes.com\/mece\/wp-content\/uploads\/2024\/09\/Mecerreyes-Actividades-en-el-parque-Fiestas-de-Acci\u00f3n-de-Gracias-2024-6-221x300.jpg 221w\" sizes=\"(max-width: 709px) 100vw, 709px\" \/><\/a><\/figure><\/li><li class=\"blocks-gallery-item\"><figure><a  href=\"https:\/\/www.mecerreyes.com\/mece\/wp-content\/uploads\/2024\/09\/Mecerreyes-Actividades-en-el-parque-Fiestas-de-Acci\u00f3n-de-Gracias-2024-7.jpg\" class=\"thickbox no_icon\" title=\"\"><img loading=\"lazy\" decoding=\"async\" width=\"768\" height=\"1024\" src=\"https:\/\/www.mecerreyes.com\/mece\/wp-content\/uploads\/2024\/09\/Mecerreyes-Actividades-en-el-parque-Fiestas-de-Acci\u00f3n-de-Gracias-2024-7-768x1024.jpg\" alt=\"\" data-id=\"25554\" data-full-url=\"https:\/\/www.mecerreyes.com\/mece\/wp-content\/uploads\/2024\/09\/Mecerreyes-Actividades-en-el-parque-Fiestas-de-Acci\u00f3n-de-Gracias-2024-7.jpg\" data-link=\"https:\/\/www.mecerreyes.com\/mece\/?attachment_id=25554\" class=\"wp-image-25554\" srcset=\"https:\/\/www.mecerreyes.com\/mece\/wp-content\/uploads\/2024\/09\/Mecerreyes-Actividades-en-el-parque-Fiestas-de-Acci\u00f3n-de-Gracias-2024-7-768x1024.jpg 768w, https:\/\/www.mecerreyes.com\/mece\/wp-content\/uploads\/2024\/09\/Mecerreyes-Actividades-en-el-parque-Fiestas-de-Acci\u00f3n-de-Gracias-2024-7-225x300.jpg 225w, https:\/\/www.mecerreyes.com\/mece\/wp-content\/uploads\/2024\/09\/Mecerreyes-Actividades-en-el-parque-Fiestas-de-Acci\u00f3n-de-Gracias-2024-7-1152x1536.jpg 1152w, https:\/\/www.mecerreyes.com\/mece\/wp-content\/uploads\/2024\/09\/Mecerreyes-Actividades-en-el-parque-Fiestas-de-Acci\u00f3n-de-Gracias-2024-7-1536x2048.jpg 1536w, https:\/\/www.mecerreyes.com\/mece\/wp-content\/uploads\/2024\/09\/Mecerreyes-Actividades-en-el-parque-Fiestas-de-Acci\u00f3n-de-Gracias-2024-7-1080x1440.jpg 1080w, https:\/\/www.mecerreyes.com\/mece\/wp-content\/uploads\/2024\/09\/Mecerreyes-Actividades-en-el-parque-Fiestas-de-Acci\u00f3n-de-Gracias-2024-7.jpg 1772w\" sizes=\"(max-width: 768px) 100vw, 768px\" \/><\/a><\/figure><\/li><li class=\"blocks-gallery-item\"><figure><a  href=\"https:\/\/www.mecerreyes.com\/mece\/wp-content\/uploads\/2024\/09\/Mecerreyes-Actividades-en-el-parque-Fiestas-de-Acci\u00f3n-de-Gracias-2024-8.jpg\" class=\"thickbox no_icon\" title=\"\"><img loading=\"lazy\" decoding=\"async\" width=\"1024\" height=\"768\" src=\"https:\/\/www.mecerreyes.com\/mece\/wp-content\/uploads\/2024\/09\/Mecerreyes-Actividades-en-el-parque-Fiestas-de-Acci\u00f3n-de-Gracias-2024-8-1024x768.jpg\" alt=\"\" data-id=\"25555\" data-full-url=\"https:\/\/www.mecerreyes.com\/mece\/wp-content\/uploads\/2024\/09\/Mecerreyes-Actividades-en-el-parque-Fiestas-de-Acci\u00f3n-de-Gracias-2024-8.jpg\" data-link=\"https:\/\/www.mecerreyes.com\/mece\/?attachment_id=25555\" class=\"wp-image-25555\" srcset=\"https:\/\/www.mecerreyes.com\/mece\/wp-content\/uploads\/2024\/09\/Mecerreyes-Actividades-en-el-parque-Fiestas-de-Acci\u00f3n-de-Gracias-2024-8-1024x768.jpg 1024w, https:\/\/www.mecerreyes.com\/mece\/wp-content\/uploads\/2024\/09\/Mecerreyes-Actividades-en-el-parque-Fiestas-de-Acci\u00f3n-de-Gracias-2024-8-300x225.jpg 300w, https:\/\/www.mecerreyes.com\/mece\/wp-content\/uploads\/2024\/09\/Mecerreyes-Actividades-en-el-parque-Fiestas-de-Acci\u00f3n-de-Gracias-2024-8-768x576.jpg 768w, https:\/\/www.mecerreyes.com\/mece\/wp-content\/uploads\/2024\/09\/Mecerreyes-Actividades-en-el-parque-Fiestas-de-Acci\u00f3n-de-Gracias-2024-8-1536x1152.jpg 1536w, https:\/\/www.mecerreyes.com\/mece\/wp-content\/uploads\/2024\/09\/Mecerreyes-Actividades-en-el-parque-Fiestas-de-Acci\u00f3n-de-Gracias-2024-8-1080x810.jpg 1080w, https:\/\/www.mecerreyes.com\/mece\/wp-content\/uploads\/2024\/09\/Mecerreyes-Actividades-en-el-parque-Fiestas-de-Acci\u00f3n-de-Gracias-2024-8.jpg 1772w\" sizes=\"(max-width: 1024px) 100vw, 1024px\" \/><\/a><\/figure><\/li><li class=\"blocks-gallery-item\"><figure><a  href=\"https:\/\/www.mecerreyes.com\/mece\/wp-content\/uploads\/2024\/09\/Mecerreyes-Actividades-en-el-parque-Fiestas-de-Acci\u00f3n-de-Gracias-2024-9.jpg\" class=\"thickbox no_icon\" title=\"\"><img loading=\"lazy\" decoding=\"async\" width=\"1024\" height=\"768\" src=\"https:\/\/www.mecerreyes.com\/mece\/wp-content\/uploads\/2024\/09\/Mecerreyes-Actividades-en-el-parque-Fiestas-de-Acci\u00f3n-de-Gracias-2024-9-1024x768.jpg\" alt=\"\" data-id=\"25556\" data-full-url=\"https:\/\/www.mecerreyes.com\/mece\/wp-content\/uploads\/2024\/09\/Mecerreyes-Actividades-en-el-parque-Fiestas-de-Acci\u00f3n-de-Gracias-2024-9.jpg\" data-link=\"https:\/\/www.mecerreyes.com\/mece\/?attachment_id=25556\" class=\"wp-image-25556\" srcset=\"https:\/\/www.mecerreyes.com\/mece\/wp-content\/uploads\/2024\/09\/Mecerreyes-Actividades-en-el-parque-Fiestas-de-Acci\u00f3n-de-Gracias-2024-9-1024x768.jpg 1024w, https:\/\/www.mecerreyes.com\/mece\/wp-content\/uploads\/2024\/09\/Mecerreyes-Actividades-en-el-parque-Fiestas-de-Acci\u00f3n-de-Gracias-2024-9-300x225.jpg 300w, https:\/\/www.mecerreyes.com\/mece\/wp-content\/uploads\/2024\/09\/Mecerreyes-Actividades-en-el-parque-Fiestas-de-Acci\u00f3n-de-Gracias-2024-9-768x576.jpg 768w, https:\/\/www.mecerreyes.com\/mece\/wp-content\/uploads\/2024\/09\/Mecerreyes-Actividades-en-el-parque-Fiestas-de-Acci\u00f3n-de-Gracias-2024-9-1536x1152.jpg 1536w, https:\/\/www.mecerreyes.com\/mece\/wp-content\/uploads\/2024\/09\/Mecerreyes-Actividades-en-el-parque-Fiestas-de-Acci\u00f3n-de-Gracias-2024-9-1080x810.jpg 1080w, https:\/\/www.mecerreyes.com\/mece\/wp-content\/uploads\/2024\/09\/Mecerreyes-Actividades-en-el-parque-Fiestas-de-Acci\u00f3n-de-Gracias-2024-9.jpg 1772w\" sizes=\"(max-width: 1024px) 100vw, 1024px\" \/><\/a><\/figure><\/li><li class=\"blocks-gallery-item\"><figure><a  href=\"https:\/\/www.mecerreyes.com\/mece\/wp-content\/uploads\/2024\/09\/Mecerreyes-Actividades-en-el-parque-Fiestas-de-Acci\u00f3n-de-Gracias-2024-10.jpg\" class=\"thickbox no_icon\" title=\"\"><img loading=\"lazy\" decoding=\"async\" width=\"1024\" height=\"768\" src=\"https:\/\/www.mecerreyes.com\/mece\/wp-content\/uploads\/2024\/09\/Mecerreyes-Actividades-en-el-parque-Fiestas-de-Acci\u00f3n-de-Gracias-2024-10-1024x768.jpg\" alt=\"\" data-id=\"25557\" data-full-url=\"https:\/\/www.mecerreyes.com\/mece\/wp-content\/uploads\/2024\/09\/Mecerreyes-Actividades-en-el-parque-Fiestas-de-Acci\u00f3n-de-Gracias-2024-10.jpg\" data-link=\"https:\/\/www.mecerreyes.com\/mece\/?attachment_id=25557\" class=\"wp-image-25557\" srcset=\"https:\/\/www.mecerreyes.com\/mece\/wp-content\/uploads\/2024\/09\/Mecerreyes-Actividades-en-el-parque-Fiestas-de-Acci\u00f3n-de-Gracias-2024-10-1024x768.jpg 1024w, https:\/\/www.mecerreyes.com\/mece\/wp-content\/uploads\/2024\/09\/Mecerreyes-Actividades-en-el-parque-Fiestas-de-Acci\u00f3n-de-Gracias-2024-10-300x225.jpg 300w, https:\/\/www.mecerreyes.com\/mece\/wp-content\/uploads\/2024\/09\/Mecerreyes-Actividades-en-el-parque-Fiestas-de-Acci\u00f3n-de-Gracias-2024-10-768x576.jpg 768w, https:\/\/www.mecerreyes.com\/mece\/wp-content\/uploads\/2024\/09\/Mecerreyes-Actividades-en-el-parque-Fiestas-de-Acci\u00f3n-de-Gracias-2024-10-1536x1152.jpg 1536w, https:\/\/www.mecerreyes.com\/mece\/wp-content\/uploads\/2024\/09\/Mecerreyes-Actividades-en-el-parque-Fiestas-de-Acci\u00f3n-de-Gracias-2024-10-1080x810.jpg 1080w, https:\/\/www.mecerreyes.com\/mece\/wp-content\/uploads\/2024\/09\/Mecerreyes-Actividades-en-el-parque-Fiestas-de-Acci\u00f3n-de-Gracias-2024-10.jpg 1772w\" sizes=\"(max-width: 1024px) 100vw, 1024px\" \/><\/a><\/figure><\/li><\/ul><\/figure>\n\n\n\n<div style=\"height:56px\" aria-hidden=\"true\" class=\"wp-block-spacer\"><\/div>\n\n\n\n<figure class=\"wp-block-gallery columns-3 is-cropped wp-block-gallery-10 is-layout-flex wp-block-gallery-is-layout-flex\"><ul class=\"blocks-gallery-grid\"><li class=\"blocks-gallery-item\"><figure><a  href=\"https:\/\/www.mecerreyes.com\/mece\/wp-content\/uploads\/2024\/09\/Mecerreyes-misa-de-ni\u00f1os-30-08-2024-2.jpeg\" class=\"thickbox no_icon\" title=\"\"><img loading=\"lazy\" decoding=\"async\" width=\"1024\" height=\"768\" src=\"https:\/\/www.mecerreyes.com\/mece\/wp-content\/uploads\/2024\/09\/Mecerreyes-misa-de-ni\u00f1os-30-08-2024-2-1024x768.jpeg\" alt=\"\" data-id=\"25542\" data-full-url=\"https:\/\/www.mecerreyes.com\/mece\/wp-content\/uploads\/2024\/09\/Mecerreyes-misa-de-ni\u00f1os-30-08-2024-2.jpeg\" data-link=\"https:\/\/www.mecerreyes.com\/mece\/?attachment_id=25542\" class=\"wp-image-25542\" srcset=\"https:\/\/www.mecerreyes.com\/mece\/wp-content\/uploads\/2024\/09\/Mecerreyes-misa-de-ni\u00f1os-30-08-2024-2-1024x768.jpeg 1024w, https:\/\/www.mecerreyes.com\/mece\/wp-content\/uploads\/2024\/09\/Mecerreyes-misa-de-ni\u00f1os-30-08-2024-2-300x225.jpeg 300w, https:\/\/www.mecerreyes.com\/mece\/wp-content\/uploads\/2024\/09\/Mecerreyes-misa-de-ni\u00f1os-30-08-2024-2-768x576.jpeg 768w, https:\/\/www.mecerreyes.com\/mece\/wp-content\/uploads\/2024\/09\/Mecerreyes-misa-de-ni\u00f1os-30-08-2024-2-1080x810.jpeg 1080w, https:\/\/www.mecerreyes.com\/mece\/wp-content\/uploads\/2024\/09\/Mecerreyes-misa-de-ni\u00f1os-30-08-2024-2.jpeg 1134w\" sizes=\"(max-width: 1024px) 100vw, 1024px\" \/><\/a><\/figure><\/li><li class=\"blocks-gallery-item\"><figure><a  href=\"https:\/\/www.mecerreyes.com\/mece\/wp-content\/uploads\/2024\/09\/Mecerreyes-ensayo-misa-de-ni\u00f1os-agosto-2024-1.jpeg\" class=\"thickbox no_icon\" title=\"\"><img loading=\"lazy\" decoding=\"async\" width=\"1024\" height=\"575\" src=\"https:\/\/www.mecerreyes.com\/mece\/wp-content\/uploads\/2024\/09\/Mecerreyes-ensayo-misa-de-ni\u00f1os-agosto-2024-1-1024x575.jpeg\" alt=\"\" data-id=\"25543\" data-full-url=\"https:\/\/www.mecerreyes.com\/mece\/wp-content\/uploads\/2024\/09\/Mecerreyes-ensayo-misa-de-ni\u00f1os-agosto-2024-1.jpeg\" data-link=\"https:\/\/www.mecerreyes.com\/mece\/?attachment_id=25543\" class=\"wp-image-25543\" srcset=\"https:\/\/www.mecerreyes.com\/mece\/wp-content\/uploads\/2024\/09\/Mecerreyes-ensayo-misa-de-ni\u00f1os-agosto-2024-1-1024x575.jpeg 1024w, https:\/\/www.mecerreyes.com\/mece\/wp-content\/uploads\/2024\/09\/Mecerreyes-ensayo-misa-de-ni\u00f1os-agosto-2024-1-300x168.jpeg 300w, https:\/\/www.mecerreyes.com\/mece\/wp-content\/uploads\/2024\/09\/Mecerreyes-ensayo-misa-de-ni\u00f1os-agosto-2024-1-768x431.jpeg 768w, https:\/\/www.mecerreyes.com\/mece\/wp-content\/uploads\/2024\/09\/Mecerreyes-ensayo-misa-de-ni\u00f1os-agosto-2024-1-1080x606.jpeg 1080w, https:\/\/www.mecerreyes.com\/mece\/wp-content\/uploads\/2024\/09\/Mecerreyes-ensayo-misa-de-ni\u00f1os-agosto-2024-1.jpeg 1417w\" sizes=\"(max-width: 1024px) 100vw, 1024px\" \/><\/a><\/figure><\/li><li class=\"blocks-gallery-item\"><figure><a  href=\"https:\/\/www.mecerreyes.com\/mece\/wp-content\/uploads\/2024\/09\/Mecerreyes-ensayo-misa-de-ni\u00f1os-agosto-2024-2.jpeg\" class=\"thickbox no_icon\" title=\"\"><img loading=\"lazy\" decoding=\"async\" width=\"1024\" height=\"348\" src=\"https:\/\/www.mecerreyes.com\/mece\/wp-content\/uploads\/2024\/09\/Mecerreyes-ensayo-misa-de-ni\u00f1os-agosto-2024-2-1024x348.jpeg\" alt=\"\" data-id=\"25544\" data-full-url=\"https:\/\/www.mecerreyes.com\/mece\/wp-content\/uploads\/2024\/09\/Mecerreyes-ensayo-misa-de-ni\u00f1os-agosto-2024-2.jpeg\" data-link=\"https:\/\/www.mecerreyes.com\/mece\/?attachment_id=25544\" class=\"wp-image-25544\" srcset=\"https:\/\/www.mecerreyes.com\/mece\/wp-content\/uploads\/2024\/09\/Mecerreyes-ensayo-misa-de-ni\u00f1os-agosto-2024-2-1024x348.jpeg 1024w, https:\/\/www.mecerreyes.com\/mece\/wp-content\/uploads\/2024\/09\/Mecerreyes-ensayo-misa-de-ni\u00f1os-agosto-2024-2-300x102.jpeg 300w, https:\/\/www.mecerreyes.com\/mece\/wp-content\/uploads\/2024\/09\/Mecerreyes-ensayo-misa-de-ni\u00f1os-agosto-2024-2-768x261.jpeg 768w, https:\/\/www.mecerreyes.com\/mece\/wp-content\/uploads\/2024\/09\/Mecerreyes-ensayo-misa-de-ni\u00f1os-agosto-2024-2-1080x367.jpeg 1080w, https:\/\/www.mecerreyes.com\/mece\/wp-content\/uploads\/2024\/09\/Mecerreyes-ensayo-misa-de-ni\u00f1os-agosto-2024-2.jpeg 1417w\" sizes=\"(max-width: 1024px) 100vw, 1024px\" \/><\/a><\/figure><\/li><li class=\"blocks-gallery-item\"><figure><a  href=\"https:\/\/www.mecerreyes.com\/mece\/wp-content\/uploads\/2024\/09\/Mecerreyes-misa-de-ni\u00f1os-30-08-2024-1.jpeg\" class=\"thickbox no_icon\" title=\"\"><img loading=\"lazy\" decoding=\"async\" width=\"850\" height=\"637\" src=\"https:\/\/www.mecerreyes.com\/mece\/wp-content\/uploads\/2024\/09\/Mecerreyes-misa-de-ni\u00f1os-30-08-2024-1.jpeg\" alt=\"\" data-id=\"25545\" data-full-url=\"https:\/\/www.mecerreyes.com\/mece\/wp-content\/uploads\/2024\/09\/Mecerreyes-misa-de-ni\u00f1os-30-08-2024-1.jpeg\" data-link=\"https:\/\/www.mecerreyes.com\/mece\/?attachment_id=25545\" class=\"wp-image-25545\" srcset=\"https:\/\/www.mecerreyes.com\/mece\/wp-content\/uploads\/2024\/09\/Mecerreyes-misa-de-ni\u00f1os-30-08-2024-1.jpeg 850w, https:\/\/www.mecerreyes.com\/mece\/wp-content\/uploads\/2024\/09\/Mecerreyes-misa-de-ni\u00f1os-30-08-2024-1-300x225.jpeg 300w, https:\/\/www.mecerreyes.com\/mece\/wp-content\/uploads\/2024\/09\/Mecerreyes-misa-de-ni\u00f1os-30-08-2024-1-768x576.jpeg 768w\" sizes=\"(max-width: 850px) 100vw, 850px\" \/><\/a><\/figure><\/li><\/ul><\/figure>\n\n\n\n<p>Los campeonatos de cartas, frontenis, tuta (estrenando la nueva pista) y rana, as\u00ed como los concursos de tortilla y hortelanos, contaron con una alta participaci\u00f3n. <\/p>\n\n\n\n<figure class=\"wp-block-gallery columns-2 is-cropped wp-block-gallery-11 is-layout-flex wp-block-gallery-is-layout-flex\"><ul class=\"blocks-gallery-grid\"><li class=\"blocks-gallery-item\"><figure><a  href=\"https:\/\/www.mecerreyes.com\/mece\/wp-content\/uploads\/2024\/09\/Mecerreyes-Fiestas-de-Acci\u00f3n-de-Gracias-Frontenis-2024-1.jpg\" class=\"thickbox no_icon\" title=\"\"><img loading=\"lazy\" decoding=\"async\" width=\"1024\" height=\"461\" src=\"https:\/\/www.mecerreyes.com\/mece\/wp-content\/uploads\/2024\/09\/Mecerreyes-Fiestas-de-Acci\u00f3n-de-Gracias-Frontenis-2024-1-1024x461.jpg\" alt=\"\" data-id=\"25560\" data-full-url=\"https:\/\/www.mecerreyes.com\/mece\/wp-content\/uploads\/2024\/09\/Mecerreyes-Fiestas-de-Acci\u00f3n-de-Gracias-Frontenis-2024-1.jpg\" data-link=\"https:\/\/www.mecerreyes.com\/mece\/?attachment_id=25560\" class=\"wp-image-25560\" srcset=\"https:\/\/www.mecerreyes.com\/mece\/wp-content\/uploads\/2024\/09\/Mecerreyes-Fiestas-de-Acci\u00f3n-de-Gracias-Frontenis-2024-1-1024x461.jpg 1024w, https:\/\/www.mecerreyes.com\/mece\/wp-content\/uploads\/2024\/09\/Mecerreyes-Fiestas-de-Acci\u00f3n-de-Gracias-Frontenis-2024-1-300x135.jpg 300w, https:\/\/www.mecerreyes.com\/mece\/wp-content\/uploads\/2024\/09\/Mecerreyes-Fiestas-de-Acci\u00f3n-de-Gracias-Frontenis-2024-1-768x346.jpg 768w, https:\/\/www.mecerreyes.com\/mece\/wp-content\/uploads\/2024\/09\/Mecerreyes-Fiestas-de-Acci\u00f3n-de-Gracias-Frontenis-2024-1-1080x486.jpg 1080w, https:\/\/www.mecerreyes.com\/mece\/wp-content\/uploads\/2024\/09\/Mecerreyes-Fiestas-de-Acci\u00f3n-de-Gracias-Frontenis-2024-1.jpg 1417w\" sizes=\"(max-width: 1024px) 100vw, 1024px\" \/><\/a><\/figure><\/li><li class=\"blocks-gallery-item\"><figure><a  href=\"https:\/\/www.mecerreyes.com\/mece\/wp-content\/uploads\/2024\/09\/Mecerreyes-Fiestas-de-Acci\u00f3n-de-Gracias-Frontenis-2024-2.jpg\" class=\"thickbox no_icon\" title=\"\"><img loading=\"lazy\" decoding=\"async\" width=\"1024\" height=\"461\" src=\"https:\/\/www.mecerreyes.com\/mece\/wp-content\/uploads\/2024\/09\/Mecerreyes-Fiestas-de-Acci\u00f3n-de-Gracias-Frontenis-2024-2-1024x461.jpg\" alt=\"\" data-id=\"25561\" data-full-url=\"https:\/\/www.mecerreyes.com\/mece\/wp-content\/uploads\/2024\/09\/Mecerreyes-Fiestas-de-Acci\u00f3n-de-Gracias-Frontenis-2024-2.jpg\" data-link=\"https:\/\/www.mecerreyes.com\/mece\/?attachment_id=25561\" class=\"wp-image-25561\" srcset=\"https:\/\/www.mecerreyes.com\/mece\/wp-content\/uploads\/2024\/09\/Mecerreyes-Fiestas-de-Acci\u00f3n-de-Gracias-Frontenis-2024-2-1024x461.jpg 1024w, https:\/\/www.mecerreyes.com\/mece\/wp-content\/uploads\/2024\/09\/Mecerreyes-Fiestas-de-Acci\u00f3n-de-Gracias-Frontenis-2024-2-300x135.jpg 300w, https:\/\/www.mecerreyes.com\/mece\/wp-content\/uploads\/2024\/09\/Mecerreyes-Fiestas-de-Acci\u00f3n-de-Gracias-Frontenis-2024-2-768x346.jpg 768w, https:\/\/www.mecerreyes.com\/mece\/wp-content\/uploads\/2024\/09\/Mecerreyes-Fiestas-de-Acci\u00f3n-de-Gracias-Frontenis-2024-2-1080x486.jpg 1080w, https:\/\/www.mecerreyes.com\/mece\/wp-content\/uploads\/2024\/09\/Mecerreyes-Fiestas-de-Acci\u00f3n-de-Gracias-Frontenis-2024-2.jpg 1417w\" sizes=\"(max-width: 1024px) 100vw, 1024px\" \/><\/a><\/figure><\/li><li class=\"blocks-gallery-item\"><figure><a  href=\"https:\/\/www.mecerreyes.com\/mece\/wp-content\/uploads\/2024\/09\/Mecerreyes-Fiestas-de-Acci\u00f3n-de-Gracias-Frontenis-2024-3.jpg\" class=\"thickbox no_icon\" title=\"\"><img loading=\"lazy\" decoding=\"async\" width=\"1024\" height=\"461\" src=\"https:\/\/www.mecerreyes.com\/mece\/wp-content\/uploads\/2024\/09\/Mecerreyes-Fiestas-de-Acci\u00f3n-de-Gracias-Frontenis-2024-3-1024x461.jpg\" alt=\"\" data-id=\"25562\" data-full-url=\"https:\/\/www.mecerreyes.com\/mece\/wp-content\/uploads\/2024\/09\/Mecerreyes-Fiestas-de-Acci\u00f3n-de-Gracias-Frontenis-2024-3.jpg\" data-link=\"https:\/\/www.mecerreyes.com\/mece\/?attachment_id=25562\" class=\"wp-image-25562\" srcset=\"https:\/\/www.mecerreyes.com\/mece\/wp-content\/uploads\/2024\/09\/Mecerreyes-Fiestas-de-Acci\u00f3n-de-Gracias-Frontenis-2024-3-1024x461.jpg 1024w, https:\/\/www.mecerreyes.com\/mece\/wp-content\/uploads\/2024\/09\/Mecerreyes-Fiestas-de-Acci\u00f3n-de-Gracias-Frontenis-2024-3-300x135.jpg 300w, https:\/\/www.mecerreyes.com\/mece\/wp-content\/uploads\/2024\/09\/Mecerreyes-Fiestas-de-Acci\u00f3n-de-Gracias-Frontenis-2024-3-768x346.jpg 768w, https:\/\/www.mecerreyes.com\/mece\/wp-content\/uploads\/2024\/09\/Mecerreyes-Fiestas-de-Acci\u00f3n-de-Gracias-Frontenis-2024-3-1080x486.jpg 1080w, https:\/\/www.mecerreyes.com\/mece\/wp-content\/uploads\/2024\/09\/Mecerreyes-Fiestas-de-Acci\u00f3n-de-Gracias-Frontenis-2024-3.jpg 1417w\" sizes=\"(max-width: 1024px) 100vw, 1024px\" \/><\/a><\/figure><\/li><li class=\"blocks-gallery-item\"><figure><a  href=\"https:\/\/www.mecerreyes.com\/mece\/wp-content\/uploads\/2024\/09\/Mecerreyes-Fiestas-de-Acci\u00f3n-de-Gracias-Frontenis-2024-5.jpg\" class=\"thickbox no_icon\" title=\"\"><img loading=\"lazy\" decoding=\"async\" width=\"1024\" height=\"926\" src=\"https:\/\/www.mecerreyes.com\/mece\/wp-content\/uploads\/2024\/09\/Mecerreyes-Fiestas-de-Acci\u00f3n-de-Gracias-Frontenis-2024-5-1024x926.jpg\" alt=\"\" data-id=\"25563\" data-full-url=\"https:\/\/www.mecerreyes.com\/mece\/wp-content\/uploads\/2024\/09\/Mecerreyes-Fiestas-de-Acci\u00f3n-de-Gracias-Frontenis-2024-5.jpg\" data-link=\"https:\/\/www.mecerreyes.com\/mece\/?attachment_id=25563\" class=\"wp-image-25563\" srcset=\"https:\/\/www.mecerreyes.com\/mece\/wp-content\/uploads\/2024\/09\/Mecerreyes-Fiestas-de-Acci\u00f3n-de-Gracias-Frontenis-2024-5-1024x926.jpg 1024w, https:\/\/www.mecerreyes.com\/mece\/wp-content\/uploads\/2024\/09\/Mecerreyes-Fiestas-de-Acci\u00f3n-de-Gracias-Frontenis-2024-5-300x271.jpg 300w, https:\/\/www.mecerreyes.com\/mece\/wp-content\/uploads\/2024\/09\/Mecerreyes-Fiestas-de-Acci\u00f3n-de-Gracias-Frontenis-2024-5-768x695.jpg 768w, https:\/\/www.mecerreyes.com\/mece\/wp-content\/uploads\/2024\/09\/Mecerreyes-Fiestas-de-Acci\u00f3n-de-Gracias-Frontenis-2024-5-1080x977.jpg 1080w, https:\/\/www.mecerreyes.com\/mece\/wp-content\/uploads\/2024\/09\/Mecerreyes-Fiestas-de-Acci\u00f3n-de-Gracias-Frontenis-2024-5.jpg 1417w\" sizes=\"(max-width: 1024px) 100vw, 1024px\" \/><\/a><\/figure><\/li><li class=\"blocks-gallery-item\"><figure><a  href=\"https:\/\/www.mecerreyes.com\/mece\/wp-content\/uploads\/2024\/09\/Mecerreyes-Rana-Fiestas-de-Acci\u00f3n-de-Gracias-2024-1.jpg\" class=\"thickbox no_icon\" title=\"\"><img loading=\"lazy\" decoding=\"async\" width=\"1024\" height=\"683\" src=\"https:\/\/www.mecerreyes.com\/mece\/wp-content\/uploads\/2024\/09\/Mecerreyes-Rana-Fiestas-de-Acci\u00f3n-de-Gracias-2024-1-1024x683.jpg\" alt=\"\" data-id=\"25564\" data-full-url=\"https:\/\/www.mecerreyes.com\/mece\/wp-content\/uploads\/2024\/09\/Mecerreyes-Rana-Fiestas-de-Acci\u00f3n-de-Gracias-2024-1.jpg\" data-link=\"https:\/\/www.mecerreyes.com\/mece\/?attachment_id=25564\" class=\"wp-image-25564\" srcset=\"https:\/\/www.mecerreyes.com\/mece\/wp-content\/uploads\/2024\/09\/Mecerreyes-Rana-Fiestas-de-Acci\u00f3n-de-Gracias-2024-1-1024x683.jpg 1024w, https:\/\/www.mecerreyes.com\/mece\/wp-content\/uploads\/2024\/09\/Mecerreyes-Rana-Fiestas-de-Acci\u00f3n-de-Gracias-2024-1-300x200.jpg 300w, https:\/\/www.mecerreyes.com\/mece\/wp-content\/uploads\/2024\/09\/Mecerreyes-Rana-Fiestas-de-Acci\u00f3n-de-Gracias-2024-1-768x512.jpg 768w, https:\/\/www.mecerreyes.com\/mece\/wp-content\/uploads\/2024\/09\/Mecerreyes-Rana-Fiestas-de-Acci\u00f3n-de-Gracias-2024-1-1080x720.jpg 1080w, https:\/\/www.mecerreyes.com\/mece\/wp-content\/uploads\/2024\/09\/Mecerreyes-Rana-Fiestas-de-Acci\u00f3n-de-Gracias-2024-1.jpg 1417w\" sizes=\"(max-width: 1024px) 100vw, 1024px\" \/><\/a><\/figure><\/li><li class=\"blocks-gallery-item\"><figure><a  href=\"https:\/\/www.mecerreyes.com\/mece\/wp-content\/uploads\/2024\/09\/Mecerreyes-Rana-Fiestas-de-Acci\u00f3n-de-Gracias-2024-2.jpg\" class=\"thickbox no_icon\" title=\"\"><img loading=\"lazy\" decoding=\"async\" width=\"1024\" height=\"683\" src=\"https:\/\/www.mecerreyes.com\/mece\/wp-content\/uploads\/2024\/09\/Mecerreyes-Rana-Fiestas-de-Acci\u00f3n-de-Gracias-2024-2-1024x683.jpg\" alt=\"\" data-id=\"25565\" data-full-url=\"https:\/\/www.mecerreyes.com\/mece\/wp-content\/uploads\/2024\/09\/Mecerreyes-Rana-Fiestas-de-Acci\u00f3n-de-Gracias-2024-2.jpg\" data-link=\"https:\/\/www.mecerreyes.com\/mece\/?attachment_id=25565\" class=\"wp-image-25565\" srcset=\"https:\/\/www.mecerreyes.com\/mece\/wp-content\/uploads\/2024\/09\/Mecerreyes-Rana-Fiestas-de-Acci\u00f3n-de-Gracias-2024-2-1024x683.jpg 1024w, https:\/\/www.mecerreyes.com\/mece\/wp-content\/uploads\/2024\/09\/Mecerreyes-Rana-Fiestas-de-Acci\u00f3n-de-Gracias-2024-2-300x200.jpg 300w, https:\/\/www.mecerreyes.com\/mece\/wp-content\/uploads\/2024\/09\/Mecerreyes-Rana-Fiestas-de-Acci\u00f3n-de-Gracias-2024-2-768x512.jpg 768w, https:\/\/www.mecerreyes.com\/mece\/wp-content\/uploads\/2024\/09\/Mecerreyes-Rana-Fiestas-de-Acci\u00f3n-de-Gracias-2024-2-1080x720.jpg 1080w, https:\/\/www.mecerreyes.com\/mece\/wp-content\/uploads\/2024\/09\/Mecerreyes-Rana-Fiestas-de-Acci\u00f3n-de-Gracias-2024-2.jpg 1417w\" sizes=\"(max-width: 1024px) 100vw, 1024px\" \/><\/a><\/figure><\/li><li class=\"blocks-gallery-item\"><figure><a  href=\"https:\/\/www.mecerreyes.com\/mece\/wp-content\/uploads\/2024\/09\/Mecerreyes-Rana-Fiestas-de-Acci\u00f3n-de-Gracias-2024-3.jpg\" class=\"thickbox no_icon\" title=\"\"><img loading=\"lazy\" decoding=\"async\" width=\"1024\" height=\"889\" src=\"https:\/\/www.mecerreyes.com\/mece\/wp-content\/uploads\/2024\/09\/Mecerreyes-Rana-Fiestas-de-Acci\u00f3n-de-Gracias-2024-3-1024x889.jpg\" alt=\"\" data-id=\"25566\" data-full-url=\"https:\/\/www.mecerreyes.com\/mece\/wp-content\/uploads\/2024\/09\/Mecerreyes-Rana-Fiestas-de-Acci\u00f3n-de-Gracias-2024-3.jpg\" data-link=\"https:\/\/www.mecerreyes.com\/mece\/?attachment_id=25566\" class=\"wp-image-25566\" srcset=\"https:\/\/www.mecerreyes.com\/mece\/wp-content\/uploads\/2024\/09\/Mecerreyes-Rana-Fiestas-de-Acci\u00f3n-de-Gracias-2024-3-1024x889.jpg 1024w, https:\/\/www.mecerreyes.com\/mece\/wp-content\/uploads\/2024\/09\/Mecerreyes-Rana-Fiestas-de-Acci\u00f3n-de-Gracias-2024-3-300x260.jpg 300w, https:\/\/www.mecerreyes.com\/mece\/wp-content\/uploads\/2024\/09\/Mecerreyes-Rana-Fiestas-de-Acci\u00f3n-de-Gracias-2024-3-768x667.jpg 768w, https:\/\/www.mecerreyes.com\/mece\/wp-content\/uploads\/2024\/09\/Mecerreyes-Rana-Fiestas-de-Acci\u00f3n-de-Gracias-2024-3-1080x937.jpg 1080w, https:\/\/www.mecerreyes.com\/mece\/wp-content\/uploads\/2024\/09\/Mecerreyes-Rana-Fiestas-de-Acci\u00f3n-de-Gracias-2024-3.jpg 1417w\" sizes=\"(max-width: 1024px) 100vw, 1024px\" \/><\/a><\/figure><\/li><li class=\"blocks-gallery-item\"><figure><a  href=\"https:\/\/www.mecerreyes.com\/mece\/wp-content\/uploads\/2024\/09\/Mecerreyes-Rana-Fiestas-de-Acci\u00f3n-de-Gracias-2024-4.jpg\" class=\"thickbox no_icon\" title=\"\"><img loading=\"lazy\" decoding=\"async\" width=\"748\" height=\"1024\" src=\"https:\/\/www.mecerreyes.com\/mece\/wp-content\/uploads\/2024\/09\/Mecerreyes-Rana-Fiestas-de-Acci\u00f3n-de-Gracias-2024-4-748x1024.jpg\" alt=\"\" data-id=\"25567\" data-full-url=\"https:\/\/www.mecerreyes.com\/mece\/wp-content\/uploads\/2024\/09\/Mecerreyes-Rana-Fiestas-de-Acci\u00f3n-de-Gracias-2024-4.jpg\" data-link=\"https:\/\/www.mecerreyes.com\/mece\/?attachment_id=25567\" class=\"wp-image-25567\" srcset=\"https:\/\/www.mecerreyes.com\/mece\/wp-content\/uploads\/2024\/09\/Mecerreyes-Rana-Fiestas-de-Acci\u00f3n-de-Gracias-2024-4-748x1024.jpg 748w, https:\/\/www.mecerreyes.com\/mece\/wp-content\/uploads\/2024\/09\/Mecerreyes-Rana-Fiestas-de-Acci\u00f3n-de-Gracias-2024-4-219x300.jpg 219w, https:\/\/www.mecerreyes.com\/mece\/wp-content\/uploads\/2024\/09\/Mecerreyes-Rana-Fiestas-de-Acci\u00f3n-de-Gracias-2024-4-768x1051.jpg 768w, https:\/\/www.mecerreyes.com\/mece\/wp-content\/uploads\/2024\/09\/Mecerreyes-Rana-Fiestas-de-Acci\u00f3n-de-Gracias-2024-4-1122x1536.jpg 1122w, https:\/\/www.mecerreyes.com\/mece\/wp-content\/uploads\/2024\/09\/Mecerreyes-Rana-Fiestas-de-Acci\u00f3n-de-Gracias-2024-4-1080x1479.jpg 1080w, https:\/\/www.mecerreyes.com\/mece\/wp-content\/uploads\/2024\/09\/Mecerreyes-Rana-Fiestas-de-Acci\u00f3n-de-Gracias-2024-4.jpg 1276w\" sizes=\"(max-width: 748px) 100vw, 748px\" \/><\/a><\/figure><\/li><li class=\"blocks-gallery-item\"><figure><a  href=\"https:\/\/www.mecerreyes.com\/mece\/wp-content\/uploads\/2024\/09\/Mecerreyes-Rana-Fiestas-de-Acci\u00f3n-de-Gracias-2024-5.jpg\" class=\"thickbox no_icon\" title=\"\"><img loading=\"lazy\" decoding=\"async\" width=\"687\" height=\"1024\" src=\"https:\/\/www.mecerreyes.com\/mece\/wp-content\/uploads\/2024\/09\/Mecerreyes-Rana-Fiestas-de-Acci\u00f3n-de-Gracias-2024-5-687x1024.jpg\" alt=\"\" data-id=\"25568\" data-full-url=\"https:\/\/www.mecerreyes.com\/mece\/wp-content\/uploads\/2024\/09\/Mecerreyes-Rana-Fiestas-de-Acci\u00f3n-de-Gracias-2024-5.jpg\" data-link=\"https:\/\/www.mecerreyes.com\/mece\/?attachment_id=25568\" class=\"wp-image-25568\" srcset=\"https:\/\/www.mecerreyes.com\/mece\/wp-content\/uploads\/2024\/09\/Mecerreyes-Rana-Fiestas-de-Acci\u00f3n-de-Gracias-2024-5-687x1024.jpg 687w, https:\/\/www.mecerreyes.com\/mece\/wp-content\/uploads\/2024\/09\/Mecerreyes-Rana-Fiestas-de-Acci\u00f3n-de-Gracias-2024-5-201x300.jpg 201w, https:\/\/www.mecerreyes.com\/mece\/wp-content\/uploads\/2024\/09\/Mecerreyes-Rana-Fiestas-de-Acci\u00f3n-de-Gracias-2024-5-768x1145.jpg 768w, https:\/\/www.mecerreyes.com\/mece\/wp-content\/uploads\/2024\/09\/Mecerreyes-Rana-Fiestas-de-Acci\u00f3n-de-Gracias-2024-5-1030x1536.jpg 1030w, https:\/\/www.mecerreyes.com\/mece\/wp-content\/uploads\/2024\/09\/Mecerreyes-Rana-Fiestas-de-Acci\u00f3n-de-Gracias-2024-5-1080x1610.jpg 1080w, https:\/\/www.mecerreyes.com\/mece\/wp-content\/uploads\/2024\/09\/Mecerreyes-Rana-Fiestas-de-Acci\u00f3n-de-Gracias-2024-5.jpg 1134w\" sizes=\"(max-width: 687px) 100vw, 687px\" \/><\/a><\/figure><\/li><li class=\"blocks-gallery-item\"><figure><a  href=\"https:\/\/www.mecerreyes.com\/mece\/wp-content\/uploads\/2024\/09\/Mecerreyes-Tuta-Fiestas-de-Acci\u00f3n-de-Gracias-2024-9.jpg\" class=\"thickbox no_icon\" title=\"\"><img loading=\"lazy\" decoding=\"async\" width=\"1024\" height=\"841\" src=\"https:\/\/www.mecerreyes.com\/mece\/wp-content\/uploads\/2024\/09\/Mecerreyes-Tuta-Fiestas-de-Acci\u00f3n-de-Gracias-2024-9-1024x841.jpg\" alt=\"\" data-id=\"25559\" data-full-url=\"https:\/\/www.mecerreyes.com\/mece\/wp-content\/uploads\/2024\/09\/Mecerreyes-Tuta-Fiestas-de-Acci\u00f3n-de-Gracias-2024-9.jpg\" data-link=\"https:\/\/www.mecerreyes.com\/mece\/?attachment_id=25559\" class=\"wp-image-25559\" srcset=\"https:\/\/www.mecerreyes.com\/mece\/wp-content\/uploads\/2024\/09\/Mecerreyes-Tuta-Fiestas-de-Acci\u00f3n-de-Gracias-2024-9-1024x841.jpg 1024w, https:\/\/www.mecerreyes.com\/mece\/wp-content\/uploads\/2024\/09\/Mecerreyes-Tuta-Fiestas-de-Acci\u00f3n-de-Gracias-2024-9-300x246.jpg 300w, https:\/\/www.mecerreyes.com\/mece\/wp-content\/uploads\/2024\/09\/Mecerreyes-Tuta-Fiestas-de-Acci\u00f3n-de-Gracias-2024-9-768x631.jpg 768w, https:\/\/www.mecerreyes.com\/mece\/wp-content\/uploads\/2024\/09\/Mecerreyes-Tuta-Fiestas-de-Acci\u00f3n-de-Gracias-2024-9-1080x887.jpg 1080w, https:\/\/www.mecerreyes.com\/mece\/wp-content\/uploads\/2024\/09\/Mecerreyes-Tuta-Fiestas-de-Acci\u00f3n-de-Gracias-2024-9.jpg 1417w\" sizes=\"(max-width: 1024px) 100vw, 1024px\" \/><\/a><\/figure><\/li><li class=\"blocks-gallery-item\"><figure><a  href=\"https:\/\/www.mecerreyes.com\/mece\/wp-content\/uploads\/2024\/09\/Mecerreyes-Tuta-Fiestas-de-Acci\u00f3n-de-Gracias-2024-1.jpg\" class=\"thickbox no_icon\" title=\"\"><img loading=\"lazy\" decoding=\"async\" width=\"1024\" height=\"768\" src=\"https:\/\/www.mecerreyes.com\/mece\/wp-content\/uploads\/2024\/09\/Mecerreyes-Tuta-Fiestas-de-Acci\u00f3n-de-Gracias-2024-1-1024x768.jpg\" alt=\"\" data-id=\"25569\" data-full-url=\"https:\/\/www.mecerreyes.com\/mece\/wp-content\/uploads\/2024\/09\/Mecerreyes-Tuta-Fiestas-de-Acci\u00f3n-de-Gracias-2024-1.jpg\" data-link=\"https:\/\/www.mecerreyes.com\/mece\/?attachment_id=25569\" class=\"wp-image-25569\" srcset=\"https:\/\/www.mecerreyes.com\/mece\/wp-content\/uploads\/2024\/09\/Mecerreyes-Tuta-Fiestas-de-Acci\u00f3n-de-Gracias-2024-1-1024x768.jpg 1024w, https:\/\/www.mecerreyes.com\/mece\/wp-content\/uploads\/2024\/09\/Mecerreyes-Tuta-Fiestas-de-Acci\u00f3n-de-Gracias-2024-1-300x225.jpg 300w, https:\/\/www.mecerreyes.com\/mece\/wp-content\/uploads\/2024\/09\/Mecerreyes-Tuta-Fiestas-de-Acci\u00f3n-de-Gracias-2024-1-768x576.jpg 768w, https:\/\/www.mecerreyes.com\/mece\/wp-content\/uploads\/2024\/09\/Mecerreyes-Tuta-Fiestas-de-Acci\u00f3n-de-Gracias-2024-1-1536x1152.jpg 1536w, https:\/\/www.mecerreyes.com\/mece\/wp-content\/uploads\/2024\/09\/Mecerreyes-Tuta-Fiestas-de-Acci\u00f3n-de-Gracias-2024-1-2048x1536.jpg 2048w, https:\/\/www.mecerreyes.com\/mece\/wp-content\/uploads\/2024\/09\/Mecerreyes-Tuta-Fiestas-de-Acci\u00f3n-de-Gracias-2024-1-1080x810.jpg 1080w\" sizes=\"(max-width: 1024px) 100vw, 1024px\" \/><\/a><\/figure><\/li><li class=\"blocks-gallery-item\"><figure><a  href=\"https:\/\/www.mecerreyes.com\/mece\/wp-content\/uploads\/2024\/09\/Mecerreyes-Tuta-Fiestas-de-Acci\u00f3n-de-Gracias-2024-6.jpg\" class=\"thickbox no_icon\" title=\"\"><img loading=\"lazy\" decoding=\"async\" width=\"822\" height=\"1024\" src=\"https:\/\/www.mecerreyes.com\/mece\/wp-content\/uploads\/2024\/09\/Mecerreyes-Tuta-Fiestas-de-Acci\u00f3n-de-Gracias-2024-6-822x1024.jpg\" alt=\"\" data-id=\"25574\" data-full-url=\"https:\/\/www.mecerreyes.com\/mece\/wp-content\/uploads\/2024\/09\/Mecerreyes-Tuta-Fiestas-de-Acci\u00f3n-de-Gracias-2024-6.jpg\" data-link=\"https:\/\/www.mecerreyes.com\/mece\/?attachment_id=25574\" class=\"wp-image-25574\" srcset=\"https:\/\/www.mecerreyes.com\/mece\/wp-content\/uploads\/2024\/09\/Mecerreyes-Tuta-Fiestas-de-Acci\u00f3n-de-Gracias-2024-6-822x1024.jpg 822w, https:\/\/www.mecerreyes.com\/mece\/wp-content\/uploads\/2024\/09\/Mecerreyes-Tuta-Fiestas-de-Acci\u00f3n-de-Gracias-2024-6-241x300.jpg 241w, https:\/\/www.mecerreyes.com\/mece\/wp-content\/uploads\/2024\/09\/Mecerreyes-Tuta-Fiestas-de-Acci\u00f3n-de-Gracias-2024-6-768x957.jpg 768w, https:\/\/www.mecerreyes.com\/mece\/wp-content\/uploads\/2024\/09\/Mecerreyes-Tuta-Fiestas-de-Acci\u00f3n-de-Gracias-2024-6-1080x1346.jpg 1080w, https:\/\/www.mecerreyes.com\/mece\/wp-content\/uploads\/2024\/09\/Mecerreyes-Tuta-Fiestas-de-Acci\u00f3n-de-Gracias-2024-6.jpg 1134w\" sizes=\"(max-width: 822px) 100vw, 822px\" \/><\/a><\/figure><\/li><li class=\"blocks-gallery-item\"><figure><a  href=\"https:\/\/www.mecerreyes.com\/mece\/wp-content\/uploads\/2024\/09\/Mecerreyes-Tuta-Fiestas-de-Acci\u00f3n-de-Gracias-2024-2.jpg\" class=\"thickbox no_icon\" title=\"\"><img loading=\"lazy\" decoding=\"async\" width=\"1024\" height=\"577\" src=\"https:\/\/www.mecerreyes.com\/mece\/wp-content\/uploads\/2024\/09\/Mecerreyes-Tuta-Fiestas-de-Acci\u00f3n-de-Gracias-2024-2-1024x577.jpg\" alt=\"\" data-id=\"25570\" data-full-url=\"https:\/\/www.mecerreyes.com\/mece\/wp-content\/uploads\/2024\/09\/Mecerreyes-Tuta-Fiestas-de-Acci\u00f3n-de-Gracias-2024-2.jpg\" data-link=\"https:\/\/www.mecerreyes.com\/mece\/?attachment_id=25570\" class=\"wp-image-25570\" srcset=\"https:\/\/www.mecerreyes.com\/mece\/wp-content\/uploads\/2024\/09\/Mecerreyes-Tuta-Fiestas-de-Acci\u00f3n-de-Gracias-2024-2-1024x577.jpg 1024w, https:\/\/www.mecerreyes.com\/mece\/wp-content\/uploads\/2024\/09\/Mecerreyes-Tuta-Fiestas-de-Acci\u00f3n-de-Gracias-2024-2-300x169.jpg 300w, https:\/\/www.mecerreyes.com\/mece\/wp-content\/uploads\/2024\/09\/Mecerreyes-Tuta-Fiestas-de-Acci\u00f3n-de-Gracias-2024-2-768x433.jpg 768w, https:\/\/www.mecerreyes.com\/mece\/wp-content\/uploads\/2024\/09\/Mecerreyes-Tuta-Fiestas-de-Acci\u00f3n-de-Gracias-2024-2-1536x866.jpg 1536w, https:\/\/www.mecerreyes.com\/mece\/wp-content\/uploads\/2024\/09\/Mecerreyes-Tuta-Fiestas-de-Acci\u00f3n-de-Gracias-2024-2-1080x609.jpg 1080w, https:\/\/www.mecerreyes.com\/mece\/wp-content\/uploads\/2024\/09\/Mecerreyes-Tuta-Fiestas-de-Acci\u00f3n-de-Gracias-2024-2.jpg 1772w\" sizes=\"(max-width: 1024px) 100vw, 1024px\" \/><\/a><\/figure><\/li><li class=\"blocks-gallery-item\"><figure><a  href=\"https:\/\/www.mecerreyes.com\/mece\/wp-content\/uploads\/2024\/09\/Mecerreyes-Tuta-Fiestas-de-Acci\u00f3n-de-Gracias-2024-3-scaled.jpg\" class=\"thickbox no_icon\" title=\"\"><img loading=\"lazy\" decoding=\"async\" width=\"1024\" height=\"768\" src=\"https:\/\/www.mecerreyes.com\/mece\/wp-content\/uploads\/2024\/09\/Mecerreyes-Tuta-Fiestas-de-Acci\u00f3n-de-Gracias-2024-3-1024x768.jpg\" alt=\"\" data-id=\"25571\" data-full-url=\"https:\/\/www.mecerreyes.com\/mece\/wp-content\/uploads\/2024\/09\/Mecerreyes-Tuta-Fiestas-de-Acci\u00f3n-de-Gracias-2024-3-scaled.jpg\" data-link=\"https:\/\/www.mecerreyes.com\/mece\/?attachment_id=25571\" class=\"wp-image-25571\" srcset=\"https:\/\/www.mecerreyes.com\/mece\/wp-content\/uploads\/2024\/09\/Mecerreyes-Tuta-Fiestas-de-Acci\u00f3n-de-Gracias-2024-3-1024x768.jpg 1024w, https:\/\/www.mecerreyes.com\/mece\/wp-content\/uploads\/2024\/09\/Mecerreyes-Tuta-Fiestas-de-Acci\u00f3n-de-Gracias-2024-3-300x225.jpg 300w, https:\/\/www.mecerreyes.com\/mece\/wp-content\/uploads\/2024\/09\/Mecerreyes-Tuta-Fiestas-de-Acci\u00f3n-de-Gracias-2024-3-768x576.jpg 768w, https:\/\/www.mecerreyes.com\/mece\/wp-content\/uploads\/2024\/09\/Mecerreyes-Tuta-Fiestas-de-Acci\u00f3n-de-Gracias-2024-3-1536x1152.jpg 1536w, https:\/\/www.mecerreyes.com\/mece\/wp-content\/uploads\/2024\/09\/Mecerreyes-Tuta-Fiestas-de-Acci\u00f3n-de-Gracias-2024-3-2048x1536.jpg 2048w, https:\/\/www.mecerreyes.com\/mece\/wp-content\/uploads\/2024\/09\/Mecerreyes-Tuta-Fiestas-de-Acci\u00f3n-de-Gracias-2024-3-1080x810.jpg 1080w\" sizes=\"(max-width: 1024px) 100vw, 1024px\" \/><\/a><\/figure><\/li><li class=\"blocks-gallery-item\"><figure><a  href=\"https:\/\/www.mecerreyes.com\/mece\/wp-content\/uploads\/2024\/09\/Mecerreyes-Tuta-Fiestas-de-Acci\u00f3n-de-Gracias-2024-4.jpg\" class=\"thickbox no_icon\" title=\"\"><img loading=\"lazy\" decoding=\"async\" width=\"1024\" height=\"498\" src=\"https:\/\/www.mecerreyes.com\/mece\/wp-content\/uploads\/2024\/09\/Mecerreyes-Tuta-Fiestas-de-Acci\u00f3n-de-Gracias-2024-4-1024x498.jpg\" alt=\"\" data-id=\"25572\" data-full-url=\"https:\/\/www.mecerreyes.com\/mece\/wp-content\/uploads\/2024\/09\/Mecerreyes-Tuta-Fiestas-de-Acci\u00f3n-de-Gracias-2024-4.jpg\" data-link=\"https:\/\/www.mecerreyes.com\/mece\/?attachment_id=25572\" class=\"wp-image-25572\" srcset=\"https:\/\/www.mecerreyes.com\/mece\/wp-content\/uploads\/2024\/09\/Mecerreyes-Tuta-Fiestas-de-Acci\u00f3n-de-Gracias-2024-4-1024x498.jpg 1024w, https:\/\/www.mecerreyes.com\/mece\/wp-content\/uploads\/2024\/09\/Mecerreyes-Tuta-Fiestas-de-Acci\u00f3n-de-Gracias-2024-4-300x146.jpg 300w, https:\/\/www.mecerreyes.com\/mece\/wp-content\/uploads\/2024\/09\/Mecerreyes-Tuta-Fiestas-de-Acci\u00f3n-de-Gracias-2024-4-768x373.jpg 768w, https:\/\/www.mecerreyes.com\/mece\/wp-content\/uploads\/2024\/09\/Mecerreyes-Tuta-Fiestas-de-Acci\u00f3n-de-Gracias-2024-4-1536x746.jpg 1536w, https:\/\/www.mecerreyes.com\/mece\/wp-content\/uploads\/2024\/09\/Mecerreyes-Tuta-Fiestas-de-Acci\u00f3n-de-Gracias-2024-4-2048x995.jpg 2048w, https:\/\/www.mecerreyes.com\/mece\/wp-content\/uploads\/2024\/09\/Mecerreyes-Tuta-Fiestas-de-Acci\u00f3n-de-Gracias-2024-4-1080x525.jpg 1080w\" sizes=\"(max-width: 1024px) 100vw, 1024px\" \/><\/a><\/figure><\/li><li class=\"blocks-gallery-item\"><figure><a  href=\"https:\/\/www.mecerreyes.com\/mece\/wp-content\/uploads\/2024\/09\/Mecerreyes-Tuta-Fiestas-de-Acci\u00f3n-de-Gracias-2024-7.jpg\" class=\"thickbox no_icon\" title=\"\"><img loading=\"lazy\" decoding=\"async\" width=\"1024\" height=\"683\" src=\"https:\/\/www.mecerreyes.com\/mece\/wp-content\/uploads\/2024\/09\/Mecerreyes-Tuta-Fiestas-de-Acci\u00f3n-de-Gracias-2024-7-1024x683.jpg\" alt=\"\" data-id=\"25575\" data-full-url=\"https:\/\/www.mecerreyes.com\/mece\/wp-content\/uploads\/2024\/09\/Mecerreyes-Tuta-Fiestas-de-Acci\u00f3n-de-Gracias-2024-7.jpg\" data-link=\"https:\/\/www.mecerreyes.com\/mece\/?attachment_id=25575\" class=\"wp-image-25575\" srcset=\"https:\/\/www.mecerreyes.com\/mece\/wp-content\/uploads\/2024\/09\/Mecerreyes-Tuta-Fiestas-de-Acci\u00f3n-de-Gracias-2024-7-1024x683.jpg 1024w, https:\/\/www.mecerreyes.com\/mece\/wp-content\/uploads\/2024\/09\/Mecerreyes-Tuta-Fiestas-de-Acci\u00f3n-de-Gracias-2024-7-300x200.jpg 300w, https:\/\/www.mecerreyes.com\/mece\/wp-content\/uploads\/2024\/09\/Mecerreyes-Tuta-Fiestas-de-Acci\u00f3n-de-Gracias-2024-7-768x512.jpg 768w, https:\/\/www.mecerreyes.com\/mece\/wp-content\/uploads\/2024\/09\/Mecerreyes-Tuta-Fiestas-de-Acci\u00f3n-de-Gracias-2024-7-1536x1024.jpg 1536w, https:\/\/www.mecerreyes.com\/mece\/wp-content\/uploads\/2024\/09\/Mecerreyes-Tuta-Fiestas-de-Acci\u00f3n-de-Gracias-2024-7-1080x720.jpg 1080w, https:\/\/www.mecerreyes.com\/mece\/wp-content\/uploads\/2024\/09\/Mecerreyes-Tuta-Fiestas-de-Acci\u00f3n-de-Gracias-2024-7.jpg 1701w\" sizes=\"(max-width: 1024px) 100vw, 1024px\" \/><\/a><\/figure><\/li><li class=\"blocks-gallery-item\"><figure><a  href=\"https:\/\/www.mecerreyes.com\/mece\/wp-content\/uploads\/2024\/09\/Mecerreyes-Tuta-Fiestas-de-Acci\u00f3n-de-Gracias-2024-5.jpg\" class=\"thickbox no_icon\" title=\"\"><img loading=\"lazy\" decoding=\"async\" width=\"1024\" height=\"768\" src=\"https:\/\/www.mecerreyes.com\/mece\/wp-content\/uploads\/2024\/09\/Mecerreyes-Tuta-Fiestas-de-Acci\u00f3n-de-Gracias-2024-5-1024x768.jpg\" alt=\"\" data-id=\"25573\" data-full-url=\"https:\/\/www.mecerreyes.com\/mece\/wp-content\/uploads\/2024\/09\/Mecerreyes-Tuta-Fiestas-de-Acci\u00f3n-de-Gracias-2024-5.jpg\" data-link=\"https:\/\/www.mecerreyes.com\/mece\/?attachment_id=25573\" class=\"wp-image-25573\" srcset=\"https:\/\/www.mecerreyes.com\/mece\/wp-content\/uploads\/2024\/09\/Mecerreyes-Tuta-Fiestas-de-Acci\u00f3n-de-Gracias-2024-5-1024x768.jpg 1024w, https:\/\/www.mecerreyes.com\/mece\/wp-content\/uploads\/2024\/09\/Mecerreyes-Tuta-Fiestas-de-Acci\u00f3n-de-Gracias-2024-5-300x225.jpg 300w, https:\/\/www.mecerreyes.com\/mece\/wp-content\/uploads\/2024\/09\/Mecerreyes-Tuta-Fiestas-de-Acci\u00f3n-de-Gracias-2024-5-768x576.jpg 768w, https:\/\/www.mecerreyes.com\/mece\/wp-content\/uploads\/2024\/09\/Mecerreyes-Tuta-Fiestas-de-Acci\u00f3n-de-Gracias-2024-5-1536x1152.jpg 1536w, https:\/\/www.mecerreyes.com\/mece\/wp-content\/uploads\/2024\/09\/Mecerreyes-Tuta-Fiestas-de-Acci\u00f3n-de-Gracias-2024-5-2048x1536.jpg 2048w, https:\/\/www.mecerreyes.com\/mece\/wp-content\/uploads\/2024\/09\/Mecerreyes-Tuta-Fiestas-de-Acci\u00f3n-de-Gracias-2024-5-1080x810.jpg 1080w\" sizes=\"(max-width: 1024px) 100vw, 1024px\" \/><\/a><\/figure><\/li><li class=\"blocks-gallery-item\"><figure><a  href=\"https:\/\/www.mecerreyes.com\/mece\/wp-content\/uploads\/2024\/09\/Mecerreyes-Tuta-Fiestas-de-Acci\u00f3n-de-Gracias-2024-8.jpg\" class=\"thickbox no_icon\" title=\"\"><img loading=\"lazy\" decoding=\"async\" width=\"1024\" height=\"711\" src=\"https:\/\/www.mecerreyes.com\/mece\/wp-content\/uploads\/2024\/09\/Mecerreyes-Tuta-Fiestas-de-Acci\u00f3n-de-Gracias-2024-8-1024x711.jpg\" alt=\"\" data-id=\"25576\" data-full-url=\"https:\/\/www.mecerreyes.com\/mece\/wp-content\/uploads\/2024\/09\/Mecerreyes-Tuta-Fiestas-de-Acci\u00f3n-de-Gracias-2024-8.jpg\" data-link=\"https:\/\/www.mecerreyes.com\/mece\/?attachment_id=25576\" class=\"wp-image-25576\" srcset=\"https:\/\/www.mecerreyes.com\/mece\/wp-content\/uploads\/2024\/09\/Mecerreyes-Tuta-Fiestas-de-Acci\u00f3n-de-Gracias-2024-8-1024x711.jpg 1024w, https:\/\/www.mecerreyes.com\/mece\/wp-content\/uploads\/2024\/09\/Mecerreyes-Tuta-Fiestas-de-Acci\u00f3n-de-Gracias-2024-8-300x208.jpg 300w, https:\/\/www.mecerreyes.com\/mece\/wp-content\/uploads\/2024\/09\/Mecerreyes-Tuta-Fiestas-de-Acci\u00f3n-de-Gracias-2024-8-768x533.jpg 768w, https:\/\/www.mecerreyes.com\/mece\/wp-content\/uploads\/2024\/09\/Mecerreyes-Tuta-Fiestas-de-Acci\u00f3n-de-Gracias-2024-8-1080x750.jpg 1080w, https:\/\/www.mecerreyes.com\/mece\/wp-content\/uploads\/2024\/09\/Mecerreyes-Tuta-Fiestas-de-Acci\u00f3n-de-Gracias-2024-8.jpg 1417w\" sizes=\"(max-width: 1024px) 100vw, 1024px\" \/><\/a><\/figure><\/li><\/ul><\/figure>\n\n\n\n<div style=\"height:46px\" aria-hidden=\"true\" class=\"wp-block-spacer\"><\/div>\n\n\n\n<figure class=\"wp-block-gallery columns-2 is-cropped wp-block-gallery-12 is-layout-flex wp-block-gallery-is-layout-flex\"><ul class=\"blocks-gallery-grid\"><li class=\"blocks-gallery-item\"><figure><a  href=\"https:\/\/www.mecerreyes.com\/mece\/wp-content\/uploads\/2024\/09\/Mecerreyes-Fiestas-de-Acci\u00f3n-de-gracias-2024-Concurso-de-tortillas-5-1024x768.jpg\" class=\"thickbox no_icon\" title=\"\"><img loading=\"lazy\" decoding=\"async\" width=\"1024\" height=\"768\" src=\"https:\/\/www.mecerreyes.com\/mece\/wp-content\/uploads\/2024\/09\/Mecerreyes-Fiestas-de-Acci\u00f3n-de-gracias-2024-Concurso-de-tortillas-5-1024x768.jpg\" alt=\"\" data-id=\"25577\" data-link=\"https:\/\/www.mecerreyes.com\/mece\/?attachment_id=25577\" class=\"wp-image-25577\" srcset=\"https:\/\/www.mecerreyes.com\/mece\/wp-content\/uploads\/2024\/09\/Mecerreyes-Fiestas-de-Acci\u00f3n-de-gracias-2024-Concurso-de-tortillas-5-1024x768.jpg 1024w, https:\/\/www.mecerreyes.com\/mece\/wp-content\/uploads\/2024\/09\/Mecerreyes-Fiestas-de-Acci\u00f3n-de-gracias-2024-Concurso-de-tortillas-5-300x225.jpg 300w, https:\/\/www.mecerreyes.com\/mece\/wp-content\/uploads\/2024\/09\/Mecerreyes-Fiestas-de-Acci\u00f3n-de-gracias-2024-Concurso-de-tortillas-5-768x576.jpg 768w, https:\/\/www.mecerreyes.com\/mece\/wp-content\/uploads\/2024\/09\/Mecerreyes-Fiestas-de-Acci\u00f3n-de-gracias-2024-Concurso-de-tortillas-5-1080x810.jpg 1080w, https:\/\/www.mecerreyes.com\/mece\/wp-content\/uploads\/2024\/09\/Mecerreyes-Fiestas-de-Acci\u00f3n-de-gracias-2024-Concurso-de-tortillas-5.jpg 1417w\" sizes=\"(max-width: 1024px) 100vw, 1024px\" \/><\/a><\/figure><\/li><li class=\"blocks-gallery-item\"><figure><a  href=\"https:\/\/www.mecerreyes.com\/mece\/wp-content\/uploads\/2024\/09\/Mecerreyes-Fiestas-de-Acci\u00f3n-de-gracias-2024-Concurso-de-tortillas-6-768x1024.jpg\" class=\"thickbox no_icon\" title=\"\"><img loading=\"lazy\" decoding=\"async\" width=\"768\" height=\"1024\" src=\"https:\/\/www.mecerreyes.com\/mece\/wp-content\/uploads\/2024\/09\/Mecerreyes-Fiestas-de-Acci\u00f3n-de-gracias-2024-Concurso-de-tortillas-6-768x1024.jpg\" alt=\"\" data-id=\"25578\" data-link=\"https:\/\/www.mecerreyes.com\/mece\/?attachment_id=25578\" class=\"wp-image-25578\" srcset=\"https:\/\/www.mecerreyes.com\/mece\/wp-content\/uploads\/2024\/09\/Mecerreyes-Fiestas-de-Acci\u00f3n-de-gracias-2024-Concurso-de-tortillas-6-768x1024.jpg 768w, https:\/\/www.mecerreyes.com\/mece\/wp-content\/uploads\/2024\/09\/Mecerreyes-Fiestas-de-Acci\u00f3n-de-gracias-2024-Concurso-de-tortillas-6-225x300.jpg 225w, https:\/\/www.mecerreyes.com\/mece\/wp-content\/uploads\/2024\/09\/Mecerreyes-Fiestas-de-Acci\u00f3n-de-gracias-2024-Concurso-de-tortillas-6-1152x1536.jpg 1152w, https:\/\/www.mecerreyes.com\/mece\/wp-content\/uploads\/2024\/09\/Mecerreyes-Fiestas-de-Acci\u00f3n-de-gracias-2024-Concurso-de-tortillas-6-1080x1441.jpg 1080w, https:\/\/www.mecerreyes.com\/mece\/wp-content\/uploads\/2024\/09\/Mecerreyes-Fiestas-de-Acci\u00f3n-de-gracias-2024-Concurso-de-tortillas-6.jpg 1417w\" sizes=\"(max-width: 768px) 100vw, 768px\" \/><\/a><\/figure><\/li><li class=\"blocks-gallery-item\"><figure><a  href=\"https:\/\/www.mecerreyes.com\/mece\/wp-content\/uploads\/2024\/09\/Mecerreyes-Fiestas-de-Acci\u00f3n-de-gracias-2024-Concurso-de-tortillas-7-1024x768.jpg\" class=\"thickbox no_icon\" title=\"\"><img loading=\"lazy\" decoding=\"async\" width=\"1024\" height=\"768\" src=\"https:\/\/www.mecerreyes.com\/mece\/wp-content\/uploads\/2024\/09\/Mecerreyes-Fiestas-de-Acci\u00f3n-de-gracias-2024-Concurso-de-tortillas-7-1024x768.jpg\" alt=\"\" data-id=\"25579\" data-link=\"https:\/\/www.mecerreyes.com\/mece\/?attachment_id=25579\" class=\"wp-image-25579\" srcset=\"https:\/\/www.mecerreyes.com\/mece\/wp-content\/uploads\/2024\/09\/Mecerreyes-Fiestas-de-Acci\u00f3n-de-gracias-2024-Concurso-de-tortillas-7-1024x768.jpg 1024w, https:\/\/www.mecerreyes.com\/mece\/wp-content\/uploads\/2024\/09\/Mecerreyes-Fiestas-de-Acci\u00f3n-de-gracias-2024-Concurso-de-tortillas-7-300x225.jpg 300w, https:\/\/www.mecerreyes.com\/mece\/wp-content\/uploads\/2024\/09\/Mecerreyes-Fiestas-de-Acci\u00f3n-de-gracias-2024-Concurso-de-tortillas-7-768x576.jpg 768w, https:\/\/www.mecerreyes.com\/mece\/wp-content\/uploads\/2024\/09\/Mecerreyes-Fiestas-de-Acci\u00f3n-de-gracias-2024-Concurso-de-tortillas-7-1536x1152.jpg 1536w, https:\/\/www.mecerreyes.com\/mece\/wp-content\/uploads\/2024\/09\/Mecerreyes-Fiestas-de-Acci\u00f3n-de-gracias-2024-Concurso-de-tortillas-7-2048x1536.jpg 2048w, https:\/\/www.mecerreyes.com\/mece\/wp-content\/uploads\/2024\/09\/Mecerreyes-Fiestas-de-Acci\u00f3n-de-gracias-2024-Concurso-de-tortillas-7-1080x810.jpg 1080w\" sizes=\"(max-width: 1024px) 100vw, 1024px\" \/><\/a><\/figure><\/li><li class=\"blocks-gallery-item\"><figure><a  href=\"https:\/\/www.mecerreyes.com\/mece\/wp-content\/uploads\/2024\/09\/Mecerreyes-Fiestas-de-Acci\u00f3n-de-gracias-2024-Concurso-de-tortillas-1-1024x683.jpg\" class=\"thickbox no_icon\" title=\"\"><img loading=\"lazy\" decoding=\"async\" width=\"1024\" height=\"683\" src=\"https:\/\/www.mecerreyes.com\/mece\/wp-content\/uploads\/2024\/09\/Mecerreyes-Fiestas-de-Acci\u00f3n-de-gracias-2024-Concurso-de-tortillas-1-1024x683.jpg\" alt=\"\" data-id=\"25580\" data-link=\"https:\/\/www.mecerreyes.com\/mece\/?attachment_id=25580\" class=\"wp-image-25580\" srcset=\"https:\/\/www.mecerreyes.com\/mece\/wp-content\/uploads\/2024\/09\/Mecerreyes-Fiestas-de-Acci\u00f3n-de-gracias-2024-Concurso-de-tortillas-1-1024x683.jpg 1024w, https:\/\/www.mecerreyes.com\/mece\/wp-content\/uploads\/2024\/09\/Mecerreyes-Fiestas-de-Acci\u00f3n-de-gracias-2024-Concurso-de-tortillas-1-300x200.jpg 300w, https:\/\/www.mecerreyes.com\/mece\/wp-content\/uploads\/2024\/09\/Mecerreyes-Fiestas-de-Acci\u00f3n-de-gracias-2024-Concurso-de-tortillas-1-768x512.jpg 768w, https:\/\/www.mecerreyes.com\/mece\/wp-content\/uploads\/2024\/09\/Mecerreyes-Fiestas-de-Acci\u00f3n-de-gracias-2024-Concurso-de-tortillas-1-1080x720.jpg 1080w, https:\/\/www.mecerreyes.com\/mece\/wp-content\/uploads\/2024\/09\/Mecerreyes-Fiestas-de-Acci\u00f3n-de-gracias-2024-Concurso-de-tortillas-1.jpg 1417w\" sizes=\"(max-width: 1024px) 100vw, 1024px\" \/><\/a><\/figure><\/li><li class=\"blocks-gallery-item\"><figure><a  href=\"https:\/\/www.mecerreyes.com\/mece\/wp-content\/uploads\/2024\/09\/Mecerreyes-Fiestas-de-Acci\u00f3n-de-gracias-2024-Concurso-de-tortillas-2-1024x683.jpg\" class=\"thickbox no_icon\" title=\"\"><img loading=\"lazy\" decoding=\"async\" width=\"1024\" height=\"683\" src=\"https:\/\/www.mecerreyes.com\/mece\/wp-content\/uploads\/2024\/09\/Mecerreyes-Fiestas-de-Acci\u00f3n-de-gracias-2024-Concurso-de-tortillas-2-1024x683.jpg\" alt=\"\" data-id=\"25581\" data-link=\"https:\/\/www.mecerreyes.com\/mece\/?attachment_id=25581\" class=\"wp-image-25581\" srcset=\"https:\/\/www.mecerreyes.com\/mece\/wp-content\/uploads\/2024\/09\/Mecerreyes-Fiestas-de-Acci\u00f3n-de-gracias-2024-Concurso-de-tortillas-2-1024x683.jpg 1024w, https:\/\/www.mecerreyes.com\/mece\/wp-content\/uploads\/2024\/09\/Mecerreyes-Fiestas-de-Acci\u00f3n-de-gracias-2024-Concurso-de-tortillas-2-300x200.jpg 300w, https:\/\/www.mecerreyes.com\/mece\/wp-content\/uploads\/2024\/09\/Mecerreyes-Fiestas-de-Acci\u00f3n-de-gracias-2024-Concurso-de-tortillas-2-768x512.jpg 768w, https:\/\/www.mecerreyes.com\/mece\/wp-content\/uploads\/2024\/09\/Mecerreyes-Fiestas-de-Acci\u00f3n-de-gracias-2024-Concurso-de-tortillas-2-1080x720.jpg 1080w, https:\/\/www.mecerreyes.com\/mece\/wp-content\/uploads\/2024\/09\/Mecerreyes-Fiestas-de-Acci\u00f3n-de-gracias-2024-Concurso-de-tortillas-2.jpg 1417w\" sizes=\"(max-width: 1024px) 100vw, 1024px\" \/><\/a><\/figure><\/li><li class=\"blocks-gallery-item\"><figure><a  href=\"https:\/\/www.mecerreyes.com\/mece\/wp-content\/uploads\/2024\/09\/Mecerreyes-Fiestas-de-Acci\u00f3n-de-gracias-2024-Concurso-de-tortillas-3-1024x683.jpg\" class=\"thickbox no_icon\" title=\"\"><img loading=\"lazy\" decoding=\"async\" width=\"1024\" height=\"683\" src=\"https:\/\/www.mecerreyes.com\/mece\/wp-content\/uploads\/2024\/09\/Mecerreyes-Fiestas-de-Acci\u00f3n-de-gracias-2024-Concurso-de-tortillas-3-1024x683.jpg\" alt=\"\" data-id=\"25582\" data-link=\"https:\/\/www.mecerreyes.com\/mece\/?attachment_id=25582\" class=\"wp-image-25582\" srcset=\"https:\/\/www.mecerreyes.com\/mece\/wp-content\/uploads\/2024\/09\/Mecerreyes-Fiestas-de-Acci\u00f3n-de-gracias-2024-Concurso-de-tortillas-3-1024x683.jpg 1024w, https:\/\/www.mecerreyes.com\/mece\/wp-content\/uploads\/2024\/09\/Mecerreyes-Fiestas-de-Acci\u00f3n-de-gracias-2024-Concurso-de-tortillas-3-300x200.jpg 300w, https:\/\/www.mecerreyes.com\/mece\/wp-content\/uploads\/2024\/09\/Mecerreyes-Fiestas-de-Acci\u00f3n-de-gracias-2024-Concurso-de-tortillas-3-768x512.jpg 768w, https:\/\/www.mecerreyes.com\/mece\/wp-content\/uploads\/2024\/09\/Mecerreyes-Fiestas-de-Acci\u00f3n-de-gracias-2024-Concurso-de-tortillas-3-1080x720.jpg 1080w, https:\/\/www.mecerreyes.com\/mece\/wp-content\/uploads\/2024\/09\/Mecerreyes-Fiestas-de-Acci\u00f3n-de-gracias-2024-Concurso-de-tortillas-3.jpg 1417w\" sizes=\"(max-width: 1024px) 100vw, 1024px\" \/><\/a><\/figure><\/li><li class=\"blocks-gallery-item\"><figure><a  href=\"https:\/\/www.mecerreyes.com\/mece\/wp-content\/uploads\/2024\/09\/Mecerreyes-Fiestas-de-Acci\u00f3n-de-gracias-2024-Concurso-de-tortillas-4-1024x461.jpg\" class=\"thickbox no_icon\" title=\"\"><img loading=\"lazy\" decoding=\"async\" width=\"1024\" height=\"461\" src=\"https:\/\/www.mecerreyes.com\/mece\/wp-content\/uploads\/2024\/09\/Mecerreyes-Fiestas-de-Acci\u00f3n-de-gracias-2024-Concurso-de-tortillas-4-1024x461.jpg\" alt=\"\" data-id=\"25583\" data-link=\"https:\/\/www.mecerreyes.com\/mece\/?attachment_id=25583\" class=\"wp-image-25583\" srcset=\"https:\/\/www.mecerreyes.com\/mece\/wp-content\/uploads\/2024\/09\/Mecerreyes-Fiestas-de-Acci\u00f3n-de-gracias-2024-Concurso-de-tortillas-4-1024x461.jpg 1024w, https:\/\/www.mecerreyes.com\/mece\/wp-content\/uploads\/2024\/09\/Mecerreyes-Fiestas-de-Acci\u00f3n-de-gracias-2024-Concurso-de-tortillas-4-300x135.jpg 300w, https:\/\/www.mecerreyes.com\/mece\/wp-content\/uploads\/2024\/09\/Mecerreyes-Fiestas-de-Acci\u00f3n-de-gracias-2024-Concurso-de-tortillas-4-768x346.jpg 768w, https:\/\/www.mecerreyes.com\/mece\/wp-content\/uploads\/2024\/09\/Mecerreyes-Fiestas-de-Acci\u00f3n-de-gracias-2024-Concurso-de-tortillas-4-1080x486.jpg 1080w, https:\/\/www.mecerreyes.com\/mece\/wp-content\/uploads\/2024\/09\/Mecerreyes-Fiestas-de-Acci\u00f3n-de-gracias-2024-Concurso-de-tortillas-4.jpg 1449w\" sizes=\"(max-width: 1024px) 100vw, 1024px\" \/><\/a><\/figure><\/li><li class=\"blocks-gallery-item\"><figure><a  href=\"https:\/\/www.mecerreyes.com\/mece\/wp-content\/uploads\/2024\/09\/Mecerreyes-Fiestas-de-Acci\u00f3n-de-gracias-2024-Concurso-de-hortelanos-2.jpg\" class=\"thickbox no_icon\" title=\"\"><img loading=\"lazy\" decoding=\"async\" width=\"1024\" height=\"923\" src=\"https:\/\/www.mecerreyes.com\/mece\/wp-content\/uploads\/2024\/09\/Mecerreyes-Fiestas-de-Acci\u00f3n-de-gracias-2024-Concurso-de-hortelanos-2-1024x923.jpg\" alt=\"\" data-id=\"25584\" data-full-url=\"https:\/\/www.mecerreyes.com\/mece\/wp-content\/uploads\/2024\/09\/Mecerreyes-Fiestas-de-Acci\u00f3n-de-gracias-2024-Concurso-de-hortelanos-2.jpg\" data-link=\"https:\/\/www.mecerreyes.com\/mece\/?attachment_id=25584\" class=\"wp-image-25584\" srcset=\"https:\/\/www.mecerreyes.com\/mece\/wp-content\/uploads\/2024\/09\/Mecerreyes-Fiestas-de-Acci\u00f3n-de-gracias-2024-Concurso-de-hortelanos-2-1024x923.jpg 1024w, https:\/\/www.mecerreyes.com\/mece\/wp-content\/uploads\/2024\/09\/Mecerreyes-Fiestas-de-Acci\u00f3n-de-gracias-2024-Concurso-de-hortelanos-2-300x270.jpg 300w, https:\/\/www.mecerreyes.com\/mece\/wp-content\/uploads\/2024\/09\/Mecerreyes-Fiestas-de-Acci\u00f3n-de-gracias-2024-Concurso-de-hortelanos-2-768x692.jpg 768w, https:\/\/www.mecerreyes.com\/mece\/wp-content\/uploads\/2024\/09\/Mecerreyes-Fiestas-de-Acci\u00f3n-de-gracias-2024-Concurso-de-hortelanos-2-1080x973.jpg 1080w, https:\/\/www.mecerreyes.com\/mece\/wp-content\/uploads\/2024\/09\/Mecerreyes-Fiestas-de-Acci\u00f3n-de-gracias-2024-Concurso-de-hortelanos-2.jpg 1417w\" sizes=\"(max-width: 1024px) 100vw, 1024px\" \/><\/a><\/figure><\/li><li class=\"blocks-gallery-item\"><figure><a  href=\"https:\/\/www.mecerreyes.com\/mece\/wp-content\/uploads\/2024\/09\/Mecerreyes-Fiestas-de-Acci\u00f3n-de-gracias-2024-Concurso-de-hortelanos-3.jpg\" class=\"thickbox no_icon\" title=\"\"><img loading=\"lazy\" decoding=\"async\" width=\"1024\" height=\"768\" src=\"https:\/\/www.mecerreyes.com\/mece\/wp-content\/uploads\/2024\/09\/Mecerreyes-Fiestas-de-Acci\u00f3n-de-gracias-2024-Concurso-de-hortelanos-3-1024x768.jpg\" alt=\"\" data-id=\"25585\" data-full-url=\"https:\/\/www.mecerreyes.com\/mece\/wp-content\/uploads\/2024\/09\/Mecerreyes-Fiestas-de-Acci\u00f3n-de-gracias-2024-Concurso-de-hortelanos-3.jpg\" data-link=\"https:\/\/www.mecerreyes.com\/mece\/?attachment_id=25585\" class=\"wp-image-25585\" srcset=\"https:\/\/www.mecerreyes.com\/mece\/wp-content\/uploads\/2024\/09\/Mecerreyes-Fiestas-de-Acci\u00f3n-de-gracias-2024-Concurso-de-hortelanos-3-1024x768.jpg 1024w, https:\/\/www.mecerreyes.com\/mece\/wp-content\/uploads\/2024\/09\/Mecerreyes-Fiestas-de-Acci\u00f3n-de-gracias-2024-Concurso-de-hortelanos-3-300x225.jpg 300w, https:\/\/www.mecerreyes.com\/mece\/wp-content\/uploads\/2024\/09\/Mecerreyes-Fiestas-de-Acci\u00f3n-de-gracias-2024-Concurso-de-hortelanos-3-768x576.jpg 768w, https:\/\/www.mecerreyes.com\/mece\/wp-content\/uploads\/2024\/09\/Mecerreyes-Fiestas-de-Acci\u00f3n-de-gracias-2024-Concurso-de-hortelanos-3-1080x810.jpg 1080w, https:\/\/www.mecerreyes.com\/mece\/wp-content\/uploads\/2024\/09\/Mecerreyes-Fiestas-de-Acci\u00f3n-de-gracias-2024-Concurso-de-hortelanos-3.jpg 1417w\" sizes=\"(max-width: 1024px) 100vw, 1024px\" \/><\/a><\/figure><\/li><li class=\"blocks-gallery-item\"><figure><a  href=\"https:\/\/www.mecerreyes.com\/mece\/wp-content\/uploads\/2024\/09\/Mecerreyes-Fiestas-de-Acci\u00f3n-de-gracias-2024-Concurso-de-hortelanos-4.jpg\" class=\"thickbox no_icon\" title=\"\"><img loading=\"lazy\" decoding=\"async\" width=\"1024\" height=\"768\" src=\"https:\/\/www.mecerreyes.com\/mece\/wp-content\/uploads\/2024\/09\/Mecerreyes-Fiestas-de-Acci\u00f3n-de-gracias-2024-Concurso-de-hortelanos-4-1024x768.jpg\" alt=\"\" data-id=\"25586\" data-full-url=\"https:\/\/www.mecerreyes.com\/mece\/wp-content\/uploads\/2024\/09\/Mecerreyes-Fiestas-de-Acci\u00f3n-de-gracias-2024-Concurso-de-hortelanos-4.jpg\" data-link=\"https:\/\/www.mecerreyes.com\/mece\/?attachment_id=25586\" class=\"wp-image-25586\" srcset=\"https:\/\/www.mecerreyes.com\/mece\/wp-content\/uploads\/2024\/09\/Mecerreyes-Fiestas-de-Acci\u00f3n-de-gracias-2024-Concurso-de-hortelanos-4-1024x768.jpg 1024w, https:\/\/www.mecerreyes.com\/mece\/wp-content\/uploads\/2024\/09\/Mecerreyes-Fiestas-de-Acci\u00f3n-de-gracias-2024-Concurso-de-hortelanos-4-300x225.jpg 300w, https:\/\/www.mecerreyes.com\/mece\/wp-content\/uploads\/2024\/09\/Mecerreyes-Fiestas-de-Acci\u00f3n-de-gracias-2024-Concurso-de-hortelanos-4-768x576.jpg 768w, https:\/\/www.mecerreyes.com\/mece\/wp-content\/uploads\/2024\/09\/Mecerreyes-Fiestas-de-Acci\u00f3n-de-gracias-2024-Concurso-de-hortelanos-4-1080x810.jpg 1080w, https:\/\/www.mecerreyes.com\/mece\/wp-content\/uploads\/2024\/09\/Mecerreyes-Fiestas-de-Acci\u00f3n-de-gracias-2024-Concurso-de-hortelanos-4.jpg 1417w\" sizes=\"(max-width: 1024px) 100vw, 1024px\" \/><\/a><\/figure><\/li><li class=\"blocks-gallery-item\"><figure><a  href=\"https:\/\/www.mecerreyes.com\/mece\/wp-content\/uploads\/2024\/09\/Mecerreyes-Fiestas-de-Acci\u00f3n-de-gracias-2024-Concurso-de-hortelanos-5.jpg\" class=\"thickbox no_icon\" title=\"\"><img loading=\"lazy\" decoding=\"async\" width=\"1024\" height=\"768\" src=\"https:\/\/www.mecerreyes.com\/mece\/wp-content\/uploads\/2024\/09\/Mecerreyes-Fiestas-de-Acci\u00f3n-de-gracias-2024-Concurso-de-hortelanos-5-1024x768.jpg\" alt=\"\" data-id=\"25587\" data-full-url=\"https:\/\/www.mecerreyes.com\/mece\/wp-content\/uploads\/2024\/09\/Mecerreyes-Fiestas-de-Acci\u00f3n-de-gracias-2024-Concurso-de-hortelanos-5.jpg\" data-link=\"https:\/\/www.mecerreyes.com\/mece\/?attachment_id=25587\" class=\"wp-image-25587\" srcset=\"https:\/\/www.mecerreyes.com\/mece\/wp-content\/uploads\/2024\/09\/Mecerreyes-Fiestas-de-Acci\u00f3n-de-gracias-2024-Concurso-de-hortelanos-5-1024x768.jpg 1024w, https:\/\/www.mecerreyes.com\/mece\/wp-content\/uploads\/2024\/09\/Mecerreyes-Fiestas-de-Acci\u00f3n-de-gracias-2024-Concurso-de-hortelanos-5-300x225.jpg 300w, https:\/\/www.mecerreyes.com\/mece\/wp-content\/uploads\/2024\/09\/Mecerreyes-Fiestas-de-Acci\u00f3n-de-gracias-2024-Concurso-de-hortelanos-5-768x576.jpg 768w, https:\/\/www.mecerreyes.com\/mece\/wp-content\/uploads\/2024\/09\/Mecerreyes-Fiestas-de-Acci\u00f3n-de-gracias-2024-Concurso-de-hortelanos-5-1080x810.jpg 1080w, https:\/\/www.mecerreyes.com\/mece\/wp-content\/uploads\/2024\/09\/Mecerreyes-Fiestas-de-Acci\u00f3n-de-gracias-2024-Concurso-de-hortelanos-5.jpg 1417w\" sizes=\"(max-width: 1024px) 100vw, 1024px\" \/><\/a><\/figure><\/li><li class=\"blocks-gallery-item\"><figure><a  href=\"https:\/\/www.mecerreyes.com\/mece\/wp-content\/uploads\/2024\/09\/Mecerreyes-Fiestas-de-Acci\u00f3n-de-gracias-2024-Concurso-de-hortelanos-1.jpg\" class=\"thickbox no_icon\" title=\"\"><img loading=\"lazy\" decoding=\"async\" width=\"1024\" height=\"958\" src=\"https:\/\/www.mecerreyes.com\/mece\/wp-content\/uploads\/2024\/09\/Mecerreyes-Fiestas-de-Acci\u00f3n-de-gracias-2024-Concurso-de-hortelanos-1-1024x958.jpg\" alt=\"\" data-id=\"25588\" data-full-url=\"https:\/\/www.mecerreyes.com\/mece\/wp-content\/uploads\/2024\/09\/Mecerreyes-Fiestas-de-Acci\u00f3n-de-gracias-2024-Concurso-de-hortelanos-1.jpg\" data-link=\"https:\/\/www.mecerreyes.com\/mece\/?attachment_id=25588\" class=\"wp-image-25588\" srcset=\"https:\/\/www.mecerreyes.com\/mece\/wp-content\/uploads\/2024\/09\/Mecerreyes-Fiestas-de-Acci\u00f3n-de-gracias-2024-Concurso-de-hortelanos-1-1024x958.jpg 1024w, https:\/\/www.mecerreyes.com\/mece\/wp-content\/uploads\/2024\/09\/Mecerreyes-Fiestas-de-Acci\u00f3n-de-gracias-2024-Concurso-de-hortelanos-1-300x281.jpg 300w, https:\/\/www.mecerreyes.com\/mece\/wp-content\/uploads\/2024\/09\/Mecerreyes-Fiestas-de-Acci\u00f3n-de-gracias-2024-Concurso-de-hortelanos-1-768x718.jpg 768w, https:\/\/www.mecerreyes.com\/mece\/wp-content\/uploads\/2024\/09\/Mecerreyes-Fiestas-de-Acci\u00f3n-de-gracias-2024-Concurso-de-hortelanos-1-1080x1010.jpg 1080w, https:\/\/www.mecerreyes.com\/mece\/wp-content\/uploads\/2024\/09\/Mecerreyes-Fiestas-de-Acci\u00f3n-de-gracias-2024-Concurso-de-hortelanos-1.jpg 1417w\" sizes=\"(max-width: 1024px) 100vw, 1024px\" \/><\/a><\/figure><\/li><\/ul><\/figure>\n\n\n\n<p>Desde primera hora del s\u00e1bado la dulzaina era la encargada de despertar a los guiletos y de ir dejando en casa a los valientes que aguantaron en pie desde la verbena anterior. <\/p>\n\n\n\n<figure class=\"wp-block-gallery columns-2 is-cropped wp-block-gallery-13 is-layout-flex wp-block-gallery-is-layout-flex\"><ul class=\"blocks-gallery-grid\"><li class=\"blocks-gallery-item\"><figure><a  href=\"https:\/\/www.mecerreyes.com\/mece\/wp-content\/uploads\/2024\/09\/Mecerreyes-Fiestas-de-Acci\u00f3n-de-Gracias-2024-Dianas-4.jpg\" class=\"thickbox no_icon\" title=\"\"><img loading=\"lazy\" decoding=\"async\" width=\"1024\" height=\"461\" src=\"https:\/\/www.mecerreyes.com\/mece\/wp-content\/uploads\/2024\/09\/Mecerreyes-Fiestas-de-Acci\u00f3n-de-Gracias-2024-Dianas-4-1024x461.jpg\" alt=\"\" data-id=\"25589\" data-full-url=\"https:\/\/www.mecerreyes.com\/mece\/wp-content\/uploads\/2024\/09\/Mecerreyes-Fiestas-de-Acci\u00f3n-de-Gracias-2024-Dianas-4.jpg\" data-link=\"https:\/\/www.mecerreyes.com\/mece\/?attachment_id=25589\" class=\"wp-image-25589\" srcset=\"https:\/\/www.mecerreyes.com\/mece\/wp-content\/uploads\/2024\/09\/Mecerreyes-Fiestas-de-Acci\u00f3n-de-Gracias-2024-Dianas-4-1024x461.jpg 1024w, https:\/\/www.mecerreyes.com\/mece\/wp-content\/uploads\/2024\/09\/Mecerreyes-Fiestas-de-Acci\u00f3n-de-Gracias-2024-Dianas-4-300x135.jpg 300w, https:\/\/www.mecerreyes.com\/mece\/wp-content\/uploads\/2024\/09\/Mecerreyes-Fiestas-de-Acci\u00f3n-de-Gracias-2024-Dianas-4-768x345.jpg 768w, https:\/\/www.mecerreyes.com\/mece\/wp-content\/uploads\/2024\/09\/Mecerreyes-Fiestas-de-Acci\u00f3n-de-Gracias-2024-Dianas-4-1536x691.jpg 1536w, https:\/\/www.mecerreyes.com\/mece\/wp-content\/uploads\/2024\/09\/Mecerreyes-Fiestas-de-Acci\u00f3n-de-Gracias-2024-Dianas-4-1080x486.jpg 1080w, https:\/\/www.mecerreyes.com\/mece\/wp-content\/uploads\/2024\/09\/Mecerreyes-Fiestas-de-Acci\u00f3n-de-Gracias-2024-Dianas-4.jpg 1701w\" sizes=\"(max-width: 1024px) 100vw, 1024px\" \/><\/a><\/figure><\/li><li class=\"blocks-gallery-item\"><figure><a  href=\"https:\/\/www.mecerreyes.com\/mece\/wp-content\/uploads\/2024\/09\/Mecerreyes-Fiestas-de-Acci\u00f3n-de-Gracias-2024-Dianas-1.jpg\" class=\"thickbox no_icon\" title=\"\"><img loading=\"lazy\" decoding=\"async\" width=\"1024\" height=\"461\" src=\"https:\/\/www.mecerreyes.com\/mece\/wp-content\/uploads\/2024\/09\/Mecerreyes-Fiestas-de-Acci\u00f3n-de-Gracias-2024-Dianas-1-1024x461.jpg\" alt=\"\" data-id=\"25590\" data-full-url=\"https:\/\/www.mecerreyes.com\/mece\/wp-content\/uploads\/2024\/09\/Mecerreyes-Fiestas-de-Acci\u00f3n-de-Gracias-2024-Dianas-1.jpg\" data-link=\"https:\/\/www.mecerreyes.com\/mece\/?attachment_id=25590\" class=\"wp-image-25590\" srcset=\"https:\/\/www.mecerreyes.com\/mece\/wp-content\/uploads\/2024\/09\/Mecerreyes-Fiestas-de-Acci\u00f3n-de-Gracias-2024-Dianas-1-1024x461.jpg 1024w, https:\/\/www.mecerreyes.com\/mece\/wp-content\/uploads\/2024\/09\/Mecerreyes-Fiestas-de-Acci\u00f3n-de-Gracias-2024-Dianas-1-300x135.jpg 300w, https:\/\/www.mecerreyes.com\/mece\/wp-content\/uploads\/2024\/09\/Mecerreyes-Fiestas-de-Acci\u00f3n-de-Gracias-2024-Dianas-1-768x345.jpg 768w, https:\/\/www.mecerreyes.com\/mece\/wp-content\/uploads\/2024\/09\/Mecerreyes-Fiestas-de-Acci\u00f3n-de-Gracias-2024-Dianas-1-1536x691.jpg 1536w, https:\/\/www.mecerreyes.com\/mece\/wp-content\/uploads\/2024\/09\/Mecerreyes-Fiestas-de-Acci\u00f3n-de-Gracias-2024-Dianas-1-1080x486.jpg 1080w, https:\/\/www.mecerreyes.com\/mece\/wp-content\/uploads\/2024\/09\/Mecerreyes-Fiestas-de-Acci\u00f3n-de-Gracias-2024-Dianas-1.jpg 1701w\" sizes=\"(max-width: 1024px) 100vw, 1024px\" \/><\/a><\/figure><\/li><li class=\"blocks-gallery-item\"><figure><a  href=\"https:\/\/www.mecerreyes.com\/mece\/wp-content\/uploads\/2024\/09\/Mecerreyes-Fiestas-de-Acci\u00f3n-de-Gracias-2024-Dianas-2.jpg\" class=\"thickbox no_icon\" title=\"\"><img loading=\"lazy\" decoding=\"async\" width=\"1024\" height=\"461\" src=\"https:\/\/www.mecerreyes.com\/mece\/wp-content\/uploads\/2024\/09\/Mecerreyes-Fiestas-de-Acci\u00f3n-de-Gracias-2024-Dianas-2-1024x461.jpg\" alt=\"\" data-id=\"25591\" data-full-url=\"https:\/\/www.mecerreyes.com\/mece\/wp-content\/uploads\/2024\/09\/Mecerreyes-Fiestas-de-Acci\u00f3n-de-Gracias-2024-Dianas-2.jpg\" data-link=\"https:\/\/www.mecerreyes.com\/mece\/?attachment_id=25591\" class=\"wp-image-25591\" srcset=\"https:\/\/www.mecerreyes.com\/mece\/wp-content\/uploads\/2024\/09\/Mecerreyes-Fiestas-de-Acci\u00f3n-de-Gracias-2024-Dianas-2-1024x461.jpg 1024w, https:\/\/www.mecerreyes.com\/mece\/wp-content\/uploads\/2024\/09\/Mecerreyes-Fiestas-de-Acci\u00f3n-de-Gracias-2024-Dianas-2-300x135.jpg 300w, https:\/\/www.mecerreyes.com\/mece\/wp-content\/uploads\/2024\/09\/Mecerreyes-Fiestas-de-Acci\u00f3n-de-Gracias-2024-Dianas-2-768x345.jpg 768w, https:\/\/www.mecerreyes.com\/mece\/wp-content\/uploads\/2024\/09\/Mecerreyes-Fiestas-de-Acci\u00f3n-de-Gracias-2024-Dianas-2-1536x691.jpg 1536w, https:\/\/www.mecerreyes.com\/mece\/wp-content\/uploads\/2024\/09\/Mecerreyes-Fiestas-de-Acci\u00f3n-de-Gracias-2024-Dianas-2-1080x486.jpg 1080w, https:\/\/www.mecerreyes.com\/mece\/wp-content\/uploads\/2024\/09\/Mecerreyes-Fiestas-de-Acci\u00f3n-de-Gracias-2024-Dianas-2.jpg 1701w\" sizes=\"(max-width: 1024px) 100vw, 1024px\" \/><\/a><\/figure><\/li><li class=\"blocks-gallery-item\"><figure><a  href=\"https:\/\/www.mecerreyes.com\/mece\/wp-content\/uploads\/2024\/09\/Mecerreyes-Fiestas-de-Acci\u00f3n-de-Gracias-2024-Dianas-3.jpg\" class=\"thickbox no_icon\" title=\"\"><img loading=\"lazy\" decoding=\"async\" width=\"1024\" height=\"461\" src=\"https:\/\/www.mecerreyes.com\/mece\/wp-content\/uploads\/2024\/09\/Mecerreyes-Fiestas-de-Acci\u00f3n-de-Gracias-2024-Dianas-3-1024x461.jpg\" alt=\"\" data-id=\"25592\" data-full-url=\"https:\/\/www.mecerreyes.com\/mece\/wp-content\/uploads\/2024\/09\/Mecerreyes-Fiestas-de-Acci\u00f3n-de-Gracias-2024-Dianas-3.jpg\" data-link=\"https:\/\/www.mecerreyes.com\/mece\/?attachment_id=25592\" class=\"wp-image-25592\" srcset=\"https:\/\/www.mecerreyes.com\/mece\/wp-content\/uploads\/2024\/09\/Mecerreyes-Fiestas-de-Acci\u00f3n-de-Gracias-2024-Dianas-3-1024x461.jpg 1024w, https:\/\/www.mecerreyes.com\/mece\/wp-content\/uploads\/2024\/09\/Mecerreyes-Fiestas-de-Acci\u00f3n-de-Gracias-2024-Dianas-3-300x135.jpg 300w, https:\/\/www.mecerreyes.com\/mece\/wp-content\/uploads\/2024\/09\/Mecerreyes-Fiestas-de-Acci\u00f3n-de-Gracias-2024-Dianas-3-768x346.jpg 768w, https:\/\/www.mecerreyes.com\/mece\/wp-content\/uploads\/2024\/09\/Mecerreyes-Fiestas-de-Acci\u00f3n-de-Gracias-2024-Dianas-3-1080x486.jpg 1080w, https:\/\/www.mecerreyes.com\/mece\/wp-content\/uploads\/2024\/09\/Mecerreyes-Fiestas-de-Acci\u00f3n-de-Gracias-2024-Dianas-3.jpg 1417w\" sizes=\"(max-width: 1024px) 100vw, 1024px\" \/><\/a><\/figure><\/li><\/ul><\/figure>\n\n\n\n<p>Muchos Perlas, se cambiaron de ropa para bailar y acompa\u00f1ar a la Virgen en la procesi\u00f3n que discurri\u00f3 por las calles de Mecerreyes, fue su forma de despedirse de la Virgen patrona del pueblo al que le han dedicado mucho cari\u00f1o durante estos tres a\u00f1os. Incluso este a\u00f1o se premi\u00f3 bailar a la Virgen, con la idea de que cada a\u00f1o est\u00e9 m\u00e1s acompa\u00f1ada.<\/p>\n\n\n\n<figure class=\"wp-block-gallery columns-2 is-cropped wp-block-gallery-14 is-layout-flex wp-block-gallery-is-layout-flex\"><ul class=\"blocks-gallery-grid\"><li class=\"blocks-gallery-item\"><figure><a  href=\"https:\/\/www.mecerreyes.com\/mece\/wp-content\/uploads\/2024\/09\/Mecerreyes-Fiestas-de-Acci\u00f3n-de-Gracias-2024-Procesi\u00f3n-15.jpg\" class=\"thickbox no_icon\" title=\"\"><img loading=\"lazy\" decoding=\"async\" width=\"1024\" height=\"768\" src=\"https:\/\/www.mecerreyes.com\/mece\/wp-content\/uploads\/2024\/09\/Mecerreyes-Fiestas-de-Acci\u00f3n-de-Gracias-2024-Procesi\u00f3n-15-1024x768.jpg\" alt=\"\" data-id=\"25600\" data-full-url=\"https:\/\/www.mecerreyes.com\/mece\/wp-content\/uploads\/2024\/09\/Mecerreyes-Fiestas-de-Acci\u00f3n-de-Gracias-2024-Procesi\u00f3n-15.jpg\" data-link=\"https:\/\/www.mecerreyes.com\/mece\/?attachment_id=25600\" class=\"wp-image-25600\" srcset=\"https:\/\/www.mecerreyes.com\/mece\/wp-content\/uploads\/2024\/09\/Mecerreyes-Fiestas-de-Acci\u00f3n-de-Gracias-2024-Procesi\u00f3n-15-1024x768.jpg 1024w, https:\/\/www.mecerreyes.com\/mece\/wp-content\/uploads\/2024\/09\/Mecerreyes-Fiestas-de-Acci\u00f3n-de-Gracias-2024-Procesi\u00f3n-15-300x225.jpg 300w, https:\/\/www.mecerreyes.com\/mece\/wp-content\/uploads\/2024\/09\/Mecerreyes-Fiestas-de-Acci\u00f3n-de-Gracias-2024-Procesi\u00f3n-15-768x576.jpg 768w, https:\/\/www.mecerreyes.com\/mece\/wp-content\/uploads\/2024\/09\/Mecerreyes-Fiestas-de-Acci\u00f3n-de-Gracias-2024-Procesi\u00f3n-15.jpg 1063w\" sizes=\"(max-width: 1024px) 100vw, 1024px\" \/><\/a><\/figure><\/li><li class=\"blocks-gallery-item\"><figure><a  href=\"https:\/\/www.mecerreyes.com\/mece\/wp-content\/uploads\/2024\/09\/Mecerreyes-Fiestas-de-Acci\u00f3n-de-Gracias-2024-Procesi\u00f3n-1.jpg\" class=\"thickbox no_icon\" title=\"\"><img loading=\"lazy\" decoding=\"async\" width=\"1024\" height=\"768\" src=\"https:\/\/www.mecerreyes.com\/mece\/wp-content\/uploads\/2024\/09\/Mecerreyes-Fiestas-de-Acci\u00f3n-de-Gracias-2024-Procesi\u00f3n-1-1024x768.jpg\" alt=\"\" data-id=\"25601\" data-full-url=\"https:\/\/www.mecerreyes.com\/mece\/wp-content\/uploads\/2024\/09\/Mecerreyes-Fiestas-de-Acci\u00f3n-de-Gracias-2024-Procesi\u00f3n-1.jpg\" data-link=\"https:\/\/www.mecerreyes.com\/mece\/?attachment_id=25601\" class=\"wp-image-25601\" srcset=\"https:\/\/www.mecerreyes.com\/mece\/wp-content\/uploads\/2024\/09\/Mecerreyes-Fiestas-de-Acci\u00f3n-de-Gracias-2024-Procesi\u00f3n-1-1024x768.jpg 1024w, https:\/\/www.mecerreyes.com\/mece\/wp-content\/uploads\/2024\/09\/Mecerreyes-Fiestas-de-Acci\u00f3n-de-Gracias-2024-Procesi\u00f3n-1-300x225.jpg 300w, https:\/\/www.mecerreyes.com\/mece\/wp-content\/uploads\/2024\/09\/Mecerreyes-Fiestas-de-Acci\u00f3n-de-Gracias-2024-Procesi\u00f3n-1-768x576.jpg 768w, https:\/\/www.mecerreyes.com\/mece\/wp-content\/uploads\/2024\/09\/Mecerreyes-Fiestas-de-Acci\u00f3n-de-Gracias-2024-Procesi\u00f3n-1.jpg 1063w\" sizes=\"(max-width: 1024px) 100vw, 1024px\" \/><\/a><\/figure><\/li><li class=\"blocks-gallery-item\"><figure><a  href=\"https:\/\/www.mecerreyes.com\/mece\/wp-content\/uploads\/2024\/09\/Mecerreyes-Fiestas-de-Acci\u00f3n-de-Gracias-2024-Procesi\u00f3n-2.jpg\" class=\"thickbox no_icon\" title=\"\"><img loading=\"lazy\" decoding=\"async\" width=\"1024\" height=\"768\" src=\"https:\/\/www.mecerreyes.com\/mece\/wp-content\/uploads\/2024\/09\/Mecerreyes-Fiestas-de-Acci\u00f3n-de-Gracias-2024-Procesi\u00f3n-2-1024x768.jpg\" alt=\"\" data-id=\"25602\" data-full-url=\"https:\/\/www.mecerreyes.com\/mece\/wp-content\/uploads\/2024\/09\/Mecerreyes-Fiestas-de-Acci\u00f3n-de-Gracias-2024-Procesi\u00f3n-2.jpg\" data-link=\"https:\/\/www.mecerreyes.com\/mece\/?attachment_id=25602\" class=\"wp-image-25602\" srcset=\"https:\/\/www.mecerreyes.com\/mece\/wp-content\/uploads\/2024\/09\/Mecerreyes-Fiestas-de-Acci\u00f3n-de-Gracias-2024-Procesi\u00f3n-2-1024x768.jpg 1024w, https:\/\/www.mecerreyes.com\/mece\/wp-content\/uploads\/2024\/09\/Mecerreyes-Fiestas-de-Acci\u00f3n-de-Gracias-2024-Procesi\u00f3n-2-300x225.jpg 300w, https:\/\/www.mecerreyes.com\/mece\/wp-content\/uploads\/2024\/09\/Mecerreyes-Fiestas-de-Acci\u00f3n-de-Gracias-2024-Procesi\u00f3n-2-768x576.jpg 768w, https:\/\/www.mecerreyes.com\/mece\/wp-content\/uploads\/2024\/09\/Mecerreyes-Fiestas-de-Acci\u00f3n-de-Gracias-2024-Procesi\u00f3n-2.jpg 1063w\" sizes=\"(max-width: 1024px) 100vw, 1024px\" \/><\/a><\/figure><\/li><li class=\"blocks-gallery-item\"><figure><a  href=\"https:\/\/www.mecerreyes.com\/mece\/wp-content\/uploads\/2024\/09\/Mecerreyes-Fiestas-de-Acci\u00f3n-de-Gracias-2024-Procesi\u00f3n-3.jpg\" class=\"thickbox no_icon\" title=\"\"><img loading=\"lazy\" decoding=\"async\" width=\"1024\" height=\"768\" src=\"https:\/\/www.mecerreyes.com\/mece\/wp-content\/uploads\/2024\/09\/Mecerreyes-Fiestas-de-Acci\u00f3n-de-Gracias-2024-Procesi\u00f3n-3-1024x768.jpg\" alt=\"\" data-id=\"25603\" data-full-url=\"https:\/\/www.mecerreyes.com\/mece\/wp-content\/uploads\/2024\/09\/Mecerreyes-Fiestas-de-Acci\u00f3n-de-Gracias-2024-Procesi\u00f3n-3.jpg\" data-link=\"https:\/\/www.mecerreyes.com\/mece\/?attachment_id=25603\" class=\"wp-image-25603\" srcset=\"https:\/\/www.mecerreyes.com\/mece\/wp-content\/uploads\/2024\/09\/Mecerreyes-Fiestas-de-Acci\u00f3n-de-Gracias-2024-Procesi\u00f3n-3-1024x768.jpg 1024w, https:\/\/www.mecerreyes.com\/mece\/wp-content\/uploads\/2024\/09\/Mecerreyes-Fiestas-de-Acci\u00f3n-de-Gracias-2024-Procesi\u00f3n-3-300x225.jpg 300w, https:\/\/www.mecerreyes.com\/mece\/wp-content\/uploads\/2024\/09\/Mecerreyes-Fiestas-de-Acci\u00f3n-de-Gracias-2024-Procesi\u00f3n-3-768x576.jpg 768w, https:\/\/www.mecerreyes.com\/mece\/wp-content\/uploads\/2024\/09\/Mecerreyes-Fiestas-de-Acci\u00f3n-de-Gracias-2024-Procesi\u00f3n-3.jpg 1063w\" sizes=\"(max-width: 1024px) 100vw, 1024px\" \/><\/a><\/figure><\/li><li class=\"blocks-gallery-item\"><figure><a  href=\"https:\/\/www.mecerreyes.com\/mece\/wp-content\/uploads\/2024\/09\/Mecerreyes-Fiestas-de-Acci\u00f3n-de-Gracias-2024-Procesi\u00f3n-4.jpg\" class=\"thickbox no_icon\" title=\"\"><img loading=\"lazy\" decoding=\"async\" width=\"425\" height=\"361\" src=\"https:\/\/www.mecerreyes.com\/mece\/wp-content\/uploads\/2024\/09\/Mecerreyes-Fiestas-de-Acci\u00f3n-de-Gracias-2024-Procesi\u00f3n-4.jpg\" alt=\"\" data-id=\"25604\" data-full-url=\"https:\/\/www.mecerreyes.com\/mece\/wp-content\/uploads\/2024\/09\/Mecerreyes-Fiestas-de-Acci\u00f3n-de-Gracias-2024-Procesi\u00f3n-4.jpg\" data-link=\"https:\/\/www.mecerreyes.com\/mece\/?attachment_id=25604\" class=\"wp-image-25604\" srcset=\"https:\/\/www.mecerreyes.com\/mece\/wp-content\/uploads\/2024\/09\/Mecerreyes-Fiestas-de-Acci\u00f3n-de-Gracias-2024-Procesi\u00f3n-4.jpg 425w, https:\/\/www.mecerreyes.com\/mece\/wp-content\/uploads\/2024\/09\/Mecerreyes-Fiestas-de-Acci\u00f3n-de-Gracias-2024-Procesi\u00f3n-4-300x255.jpg 300w\" sizes=\"(max-width: 425px) 100vw, 425px\" \/><\/a><\/figure><\/li><li class=\"blocks-gallery-item\"><figure><a  href=\"https:\/\/www.mecerreyes.com\/mece\/wp-content\/uploads\/2024\/09\/Mecerreyes-Fiestas-de-Acci\u00f3n-de-Gracias-2024-Procesi\u00f3n-5.jpg\" class=\"thickbox no_icon\" title=\"\"><img loading=\"lazy\" decoding=\"async\" width=\"425\" height=\"283\" src=\"https:\/\/www.mecerreyes.com\/mece\/wp-content\/uploads\/2024\/09\/Mecerreyes-Fiestas-de-Acci\u00f3n-de-Gracias-2024-Procesi\u00f3n-5.jpg\" alt=\"\" data-id=\"25605\" data-full-url=\"https:\/\/www.mecerreyes.com\/mece\/wp-content\/uploads\/2024\/09\/Mecerreyes-Fiestas-de-Acci\u00f3n-de-Gracias-2024-Procesi\u00f3n-5.jpg\" data-link=\"https:\/\/www.mecerreyes.com\/mece\/?attachment_id=25605\" class=\"wp-image-25605\" srcset=\"https:\/\/www.mecerreyes.com\/mece\/wp-content\/uploads\/2024\/09\/Mecerreyes-Fiestas-de-Acci\u00f3n-de-Gracias-2024-Procesi\u00f3n-5.jpg 425w, https:\/\/www.mecerreyes.com\/mece\/wp-content\/uploads\/2024\/09\/Mecerreyes-Fiestas-de-Acci\u00f3n-de-Gracias-2024-Procesi\u00f3n-5-300x200.jpg 300w\" sizes=\"(max-width: 425px) 100vw, 425px\" \/><\/a><\/figure><\/li><li class=\"blocks-gallery-item\"><figure><a  href=\"https:\/\/www.mecerreyes.com\/mece\/wp-content\/uploads\/2024\/09\/Mecerreyes-Fiestas-de-Acci\u00f3n-de-Gracias-2024-Procesi\u00f3n-6.jpg\" class=\"thickbox no_icon\" title=\"\"><img loading=\"lazy\" decoding=\"async\" width=\"1024\" height=\"768\" src=\"https:\/\/www.mecerreyes.com\/mece\/wp-content\/uploads\/2024\/09\/Mecerreyes-Fiestas-de-Acci\u00f3n-de-Gracias-2024-Procesi\u00f3n-6-1024x768.jpg\" alt=\"\" data-id=\"25606\" data-full-url=\"https:\/\/www.mecerreyes.com\/mece\/wp-content\/uploads\/2024\/09\/Mecerreyes-Fiestas-de-Acci\u00f3n-de-Gracias-2024-Procesi\u00f3n-6.jpg\" data-link=\"https:\/\/www.mecerreyes.com\/mece\/?attachment_id=25606\" class=\"wp-image-25606\" srcset=\"https:\/\/www.mecerreyes.com\/mece\/wp-content\/uploads\/2024\/09\/Mecerreyes-Fiestas-de-Acci\u00f3n-de-Gracias-2024-Procesi\u00f3n-6-1024x768.jpg 1024w, https:\/\/www.mecerreyes.com\/mece\/wp-content\/uploads\/2024\/09\/Mecerreyes-Fiestas-de-Acci\u00f3n-de-Gracias-2024-Procesi\u00f3n-6-300x225.jpg 300w, https:\/\/www.mecerreyes.com\/mece\/wp-content\/uploads\/2024\/09\/Mecerreyes-Fiestas-de-Acci\u00f3n-de-Gracias-2024-Procesi\u00f3n-6-768x576.jpg 768w, https:\/\/www.mecerreyes.com\/mece\/wp-content\/uploads\/2024\/09\/Mecerreyes-Fiestas-de-Acci\u00f3n-de-Gracias-2024-Procesi\u00f3n-6.jpg 1063w\" sizes=\"(max-width: 1024px) 100vw, 1024px\" \/><\/a><\/figure><\/li><li class=\"blocks-gallery-item\"><figure><a  href=\"https:\/\/www.mecerreyes.com\/mece\/wp-content\/uploads\/2024\/09\/Mecerreyes-Fiestas-de-Acci\u00f3n-de-Gracias-2024-Procesi\u00f3n-7.jpg\" class=\"thickbox no_icon\" title=\"\"><img loading=\"lazy\" decoding=\"async\" width=\"1024\" height=\"768\" src=\"https:\/\/www.mecerreyes.com\/mece\/wp-content\/uploads\/2024\/09\/Mecerreyes-Fiestas-de-Acci\u00f3n-de-Gracias-2024-Procesi\u00f3n-7-1024x768.jpg\" alt=\"\" data-id=\"25607\" data-full-url=\"https:\/\/www.mecerreyes.com\/mece\/wp-content\/uploads\/2024\/09\/Mecerreyes-Fiestas-de-Acci\u00f3n-de-Gracias-2024-Procesi\u00f3n-7.jpg\" data-link=\"https:\/\/www.mecerreyes.com\/mece\/?attachment_id=25607\" class=\"wp-image-25607\" srcset=\"https:\/\/www.mecerreyes.com\/mece\/wp-content\/uploads\/2024\/09\/Mecerreyes-Fiestas-de-Acci\u00f3n-de-Gracias-2024-Procesi\u00f3n-7-1024x768.jpg 1024w, https:\/\/www.mecerreyes.com\/mece\/wp-content\/uploads\/2024\/09\/Mecerreyes-Fiestas-de-Acci\u00f3n-de-Gracias-2024-Procesi\u00f3n-7-300x225.jpg 300w, https:\/\/www.mecerreyes.com\/mece\/wp-content\/uploads\/2024\/09\/Mecerreyes-Fiestas-de-Acci\u00f3n-de-Gracias-2024-Procesi\u00f3n-7-768x576.jpg 768w, https:\/\/www.mecerreyes.com\/mece\/wp-content\/uploads\/2024\/09\/Mecerreyes-Fiestas-de-Acci\u00f3n-de-Gracias-2024-Procesi\u00f3n-7.jpg 1063w\" sizes=\"(max-width: 1024px) 100vw, 1024px\" \/><\/a><\/figure><\/li><li class=\"blocks-gallery-item\"><figure><a  href=\"https:\/\/www.mecerreyes.com\/mece\/wp-content\/uploads\/2024\/09\/Mecerreyes-Fiestas-de-Acci\u00f3n-de-Gracias-2024-Procesi\u00f3n-8.jpg\" class=\"thickbox no_icon\" title=\"\"><img loading=\"lazy\" decoding=\"async\" width=\"1024\" height=\"768\" src=\"https:\/\/www.mecerreyes.com\/mece\/wp-content\/uploads\/2024\/09\/Mecerreyes-Fiestas-de-Acci\u00f3n-de-Gracias-2024-Procesi\u00f3n-8-1024x768.jpg\" alt=\"\" data-id=\"25608\" data-full-url=\"https:\/\/www.mecerreyes.com\/mece\/wp-content\/uploads\/2024\/09\/Mecerreyes-Fiestas-de-Acci\u00f3n-de-Gracias-2024-Procesi\u00f3n-8.jpg\" data-link=\"https:\/\/www.mecerreyes.com\/mece\/?attachment_id=25608\" class=\"wp-image-25608\" srcset=\"https:\/\/www.mecerreyes.com\/mece\/wp-content\/uploads\/2024\/09\/Mecerreyes-Fiestas-de-Acci\u00f3n-de-Gracias-2024-Procesi\u00f3n-8-1024x768.jpg 1024w, https:\/\/www.mecerreyes.com\/mece\/wp-content\/uploads\/2024\/09\/Mecerreyes-Fiestas-de-Acci\u00f3n-de-Gracias-2024-Procesi\u00f3n-8-300x225.jpg 300w, https:\/\/www.mecerreyes.com\/mece\/wp-content\/uploads\/2024\/09\/Mecerreyes-Fiestas-de-Acci\u00f3n-de-Gracias-2024-Procesi\u00f3n-8-768x576.jpg 768w, https:\/\/www.mecerreyes.com\/mece\/wp-content\/uploads\/2024\/09\/Mecerreyes-Fiestas-de-Acci\u00f3n-de-Gracias-2024-Procesi\u00f3n-8.jpg 1063w\" sizes=\"(max-width: 1024px) 100vw, 1024px\" \/><\/a><\/figure><\/li><li class=\"blocks-gallery-item\"><figure><a  href=\"https:\/\/www.mecerreyes.com\/mece\/wp-content\/uploads\/2024\/09\/Mecerreyes-Fiestas-de-Acci\u00f3n-de-Gracias-2024-Procesi\u00f3n-9.jpg\" class=\"thickbox no_icon\" title=\"\"><img loading=\"lazy\" decoding=\"async\" width=\"1024\" height=\"768\" src=\"https:\/\/www.mecerreyes.com\/mece\/wp-content\/uploads\/2024\/09\/Mecerreyes-Fiestas-de-Acci\u00f3n-de-Gracias-2024-Procesi\u00f3n-9-1024x768.jpg\" alt=\"\" data-id=\"25609\" data-full-url=\"https:\/\/www.mecerreyes.com\/mece\/wp-content\/uploads\/2024\/09\/Mecerreyes-Fiestas-de-Acci\u00f3n-de-Gracias-2024-Procesi\u00f3n-9.jpg\" data-link=\"https:\/\/www.mecerreyes.com\/mece\/?attachment_id=25609\" class=\"wp-image-25609\" srcset=\"https:\/\/www.mecerreyes.com\/mece\/wp-content\/uploads\/2024\/09\/Mecerreyes-Fiestas-de-Acci\u00f3n-de-Gracias-2024-Procesi\u00f3n-9-1024x768.jpg 1024w, https:\/\/www.mecerreyes.com\/mece\/wp-content\/uploads\/2024\/09\/Mecerreyes-Fiestas-de-Acci\u00f3n-de-Gracias-2024-Procesi\u00f3n-9-300x225.jpg 300w, https:\/\/www.mecerreyes.com\/mece\/wp-content\/uploads\/2024\/09\/Mecerreyes-Fiestas-de-Acci\u00f3n-de-Gracias-2024-Procesi\u00f3n-9-768x576.jpg 768w, https:\/\/www.mecerreyes.com\/mece\/wp-content\/uploads\/2024\/09\/Mecerreyes-Fiestas-de-Acci\u00f3n-de-Gracias-2024-Procesi\u00f3n-9.jpg 1063w\" sizes=\"(max-width: 1024px) 100vw, 1024px\" \/><\/a><\/figure><\/li><li class=\"blocks-gallery-item\"><figure><a  href=\"https:\/\/www.mecerreyes.com\/mece\/wp-content\/uploads\/2024\/09\/Mecerreyes-Fiestas-de-Acci\u00f3n-de-Gracias-2024-Procesi\u00f3n-10.jpg\" class=\"thickbox no_icon\" title=\"\"><img loading=\"lazy\" decoding=\"async\" width=\"768\" height=\"1024\" src=\"https:\/\/www.mecerreyes.com\/mece\/wp-content\/uploads\/2024\/09\/Mecerreyes-Fiestas-de-Acci\u00f3n-de-Gracias-2024-Procesi\u00f3n-10-768x1024.jpg\" alt=\"\" data-id=\"25610\" data-full-url=\"https:\/\/www.mecerreyes.com\/mece\/wp-content\/uploads\/2024\/09\/Mecerreyes-Fiestas-de-Acci\u00f3n-de-Gracias-2024-Procesi\u00f3n-10.jpg\" data-link=\"https:\/\/www.mecerreyes.com\/mece\/?attachment_id=25610\" class=\"wp-image-25610\" srcset=\"https:\/\/www.mecerreyes.com\/mece\/wp-content\/uploads\/2024\/09\/Mecerreyes-Fiestas-de-Acci\u00f3n-de-Gracias-2024-Procesi\u00f3n-10-768x1024.jpg 768w, https:\/\/www.mecerreyes.com\/mece\/wp-content\/uploads\/2024\/09\/Mecerreyes-Fiestas-de-Acci\u00f3n-de-Gracias-2024-Procesi\u00f3n-10-225x300.jpg 225w, https:\/\/www.mecerreyes.com\/mece\/wp-content\/uploads\/2024\/09\/Mecerreyes-Fiestas-de-Acci\u00f3n-de-Gracias-2024-Procesi\u00f3n-10.jpg 1063w\" sizes=\"(max-width: 768px) 100vw, 768px\" \/><\/a><\/figure><\/li><li class=\"blocks-gallery-item\"><figure><a  href=\"https:\/\/www.mecerreyes.com\/mece\/wp-content\/uploads\/2024\/09\/Mecerreyes-Fiestas-de-Acci\u00f3n-de-Gracias-2024-Procesi\u00f3n-11.jpg\" class=\"thickbox no_icon\" title=\"\"><img loading=\"lazy\" decoding=\"async\" width=\"768\" height=\"1024\" src=\"https:\/\/www.mecerreyes.com\/mece\/wp-content\/uploads\/2024\/09\/Mecerreyes-Fiestas-de-Acci\u00f3n-de-Gracias-2024-Procesi\u00f3n-11-768x1024.jpg\" alt=\"\" data-id=\"25611\" data-full-url=\"https:\/\/www.mecerreyes.com\/mece\/wp-content\/uploads\/2024\/09\/Mecerreyes-Fiestas-de-Acci\u00f3n-de-Gracias-2024-Procesi\u00f3n-11.jpg\" data-link=\"https:\/\/www.mecerreyes.com\/mece\/?attachment_id=25611\" class=\"wp-image-25611\" srcset=\"https:\/\/www.mecerreyes.com\/mece\/wp-content\/uploads\/2024\/09\/Mecerreyes-Fiestas-de-Acci\u00f3n-de-Gracias-2024-Procesi\u00f3n-11-768x1024.jpg 768w, https:\/\/www.mecerreyes.com\/mece\/wp-content\/uploads\/2024\/09\/Mecerreyes-Fiestas-de-Acci\u00f3n-de-Gracias-2024-Procesi\u00f3n-11-225x300.jpg 225w, https:\/\/www.mecerreyes.com\/mece\/wp-content\/uploads\/2024\/09\/Mecerreyes-Fiestas-de-Acci\u00f3n-de-Gracias-2024-Procesi\u00f3n-11.jpg 1063w\" sizes=\"(max-width: 768px) 100vw, 768px\" \/><\/a><\/figure><\/li><li class=\"blocks-gallery-item\"><figure><a  href=\"https:\/\/www.mecerreyes.com\/mece\/wp-content\/uploads\/2024\/09\/Mecerreyes-Fiestas-de-Acci\u00f3n-de-Gracias-2024-Procesi\u00f3n-12.jpg\" class=\"thickbox no_icon\" title=\"\"><img loading=\"lazy\" decoding=\"async\" width=\"768\" height=\"1024\" src=\"https:\/\/www.mecerreyes.com\/mece\/wp-content\/uploads\/2024\/09\/Mecerreyes-Fiestas-de-Acci\u00f3n-de-Gracias-2024-Procesi\u00f3n-12-768x1024.jpg\" alt=\"\" data-id=\"25612\" data-full-url=\"https:\/\/www.mecerreyes.com\/mece\/wp-content\/uploads\/2024\/09\/Mecerreyes-Fiestas-de-Acci\u00f3n-de-Gracias-2024-Procesi\u00f3n-12.jpg\" data-link=\"https:\/\/www.mecerreyes.com\/mece\/?attachment_id=25612\" class=\"wp-image-25612\" srcset=\"https:\/\/www.mecerreyes.com\/mece\/wp-content\/uploads\/2024\/09\/Mecerreyes-Fiestas-de-Acci\u00f3n-de-Gracias-2024-Procesi\u00f3n-12-768x1024.jpg 768w, https:\/\/www.mecerreyes.com\/mece\/wp-content\/uploads\/2024\/09\/Mecerreyes-Fiestas-de-Acci\u00f3n-de-Gracias-2024-Procesi\u00f3n-12-225x300.jpg 225w, https:\/\/www.mecerreyes.com\/mece\/wp-content\/uploads\/2024\/09\/Mecerreyes-Fiestas-de-Acci\u00f3n-de-Gracias-2024-Procesi\u00f3n-12.jpg 1063w\" sizes=\"(max-width: 768px) 100vw, 768px\" \/><\/a><\/figure><\/li><li class=\"blocks-gallery-item\"><figure><a  href=\"https:\/\/www.mecerreyes.com\/mece\/wp-content\/uploads\/2024\/09\/Mecerreyes-Fiestas-de-Acci\u00f3n-de-Gracias-2024-Procesi\u00f3n-13.jpg\" class=\"thickbox no_icon\" title=\"\"><img loading=\"lazy\" decoding=\"async\" width=\"768\" height=\"1024\" src=\"https:\/\/www.mecerreyes.com\/mece\/wp-content\/uploads\/2024\/09\/Mecerreyes-Fiestas-de-Acci\u00f3n-de-Gracias-2024-Procesi\u00f3n-13-768x1024.jpg\" alt=\"\" data-id=\"25613\" data-full-url=\"https:\/\/www.mecerreyes.com\/mece\/wp-content\/uploads\/2024\/09\/Mecerreyes-Fiestas-de-Acci\u00f3n-de-Gracias-2024-Procesi\u00f3n-13.jpg\" data-link=\"https:\/\/www.mecerreyes.com\/mece\/?attachment_id=25613\" class=\"wp-image-25613\" srcset=\"https:\/\/www.mecerreyes.com\/mece\/wp-content\/uploads\/2024\/09\/Mecerreyes-Fiestas-de-Acci\u00f3n-de-Gracias-2024-Procesi\u00f3n-13-768x1024.jpg 768w, https:\/\/www.mecerreyes.com\/mece\/wp-content\/uploads\/2024\/09\/Mecerreyes-Fiestas-de-Acci\u00f3n-de-Gracias-2024-Procesi\u00f3n-13-225x300.jpg 225w, https:\/\/www.mecerreyes.com\/mece\/wp-content\/uploads\/2024\/09\/Mecerreyes-Fiestas-de-Acci\u00f3n-de-Gracias-2024-Procesi\u00f3n-13.jpg 1063w\" sizes=\"(max-width: 768px) 100vw, 768px\" \/><\/a><\/figure><\/li><li class=\"blocks-gallery-item\"><figure><a  href=\"https:\/\/www.mecerreyes.com\/mece\/wp-content\/uploads\/2024\/09\/Mecerreyes-Fiestas-de-Acci\u00f3n-de-Gracias-2024-Procesi\u00f3n-14.jpg\" class=\"thickbox no_icon\" title=\"\"><img loading=\"lazy\" decoding=\"async\" width=\"1024\" height=\"768\" src=\"https:\/\/www.mecerreyes.com\/mece\/wp-content\/uploads\/2024\/09\/Mecerreyes-Fiestas-de-Acci\u00f3n-de-Gracias-2024-Procesi\u00f3n-14-1024x768.jpg\" alt=\"\" data-id=\"25614\" data-full-url=\"https:\/\/www.mecerreyes.com\/mece\/wp-content\/uploads\/2024\/09\/Mecerreyes-Fiestas-de-Acci\u00f3n-de-Gracias-2024-Procesi\u00f3n-14.jpg\" data-link=\"https:\/\/www.mecerreyes.com\/mece\/?attachment_id=25614\" class=\"wp-image-25614\" srcset=\"https:\/\/www.mecerreyes.com\/mece\/wp-content\/uploads\/2024\/09\/Mecerreyes-Fiestas-de-Acci\u00f3n-de-Gracias-2024-Procesi\u00f3n-14-1024x768.jpg 1024w, https:\/\/www.mecerreyes.com\/mece\/wp-content\/uploads\/2024\/09\/Mecerreyes-Fiestas-de-Acci\u00f3n-de-Gracias-2024-Procesi\u00f3n-14-300x225.jpg 300w, https:\/\/www.mecerreyes.com\/mece\/wp-content\/uploads\/2024\/09\/Mecerreyes-Fiestas-de-Acci\u00f3n-de-Gracias-2024-Procesi\u00f3n-14-768x576.jpg 768w, https:\/\/www.mecerreyes.com\/mece\/wp-content\/uploads\/2024\/09\/Mecerreyes-Fiestas-de-Acci\u00f3n-de-Gracias-2024-Procesi\u00f3n-14.jpg 1063w\" sizes=\"(max-width: 1024px) 100vw, 1024px\" \/><\/a><\/figure><\/li><\/ul><\/figure>\n\n\n\n<p>En la celebraci\u00f3n de la eucarist\u00eda, la Asociaci\u00f3n Cultural cant\u00f3 la misa castellana desde el coro, son\u00f3 a pura oraci\u00f3n. La homil\u00eda estuvo a cargo de Alejandro (nuestro Janete), arrancando un espont\u00e1neo aplauso a sus acertadas y conciliadoras palabras. <\/p>\n\n\n\n<figure class=\"wp-block-gallery columns-2 is-cropped wp-block-gallery-15 is-layout-flex wp-block-gallery-is-layout-flex\"><ul class=\"blocks-gallery-grid\"><li class=\"blocks-gallery-item\"><figure><a  href=\"https:\/\/www.mecerreyes.com\/mece\/wp-content\/uploads\/2024\/09\/Mecerreyes-Fiestas-de-Acci\u00f3n-de-Gracias-2024-8.jpg\" class=\"thickbox no_icon\" title=\"\"><img loading=\"lazy\" decoding=\"async\" width=\"425\" height=\"283\" src=\"https:\/\/www.mecerreyes.com\/mece\/wp-content\/uploads\/2024\/09\/Mecerreyes-Fiestas-de-Acci\u00f3n-de-Gracias-2024-8.jpg\" alt=\"\" data-id=\"25615\" data-full-url=\"https:\/\/www.mecerreyes.com\/mece\/wp-content\/uploads\/2024\/09\/Mecerreyes-Fiestas-de-Acci\u00f3n-de-Gracias-2024-8.jpg\" data-link=\"https:\/\/www.mecerreyes.com\/mece\/?attachment_id=25615\" class=\"wp-image-25615\" srcset=\"https:\/\/www.mecerreyes.com\/mece\/wp-content\/uploads\/2024\/09\/Mecerreyes-Fiestas-de-Acci\u00f3n-de-Gracias-2024-8.jpg 425w, https:\/\/www.mecerreyes.com\/mece\/wp-content\/uploads\/2024\/09\/Mecerreyes-Fiestas-de-Acci\u00f3n-de-Gracias-2024-8-300x200.jpg 300w\" sizes=\"(max-width: 425px) 100vw, 425px\" \/><\/a><\/figure><\/li><li class=\"blocks-gallery-item\"><figure><a  href=\"https:\/\/www.mecerreyes.com\/mece\/wp-content\/uploads\/2024\/09\/Mecerreyes-Fiestas-de-Acci\u00f3n-de-Gracias-2024-1.jpg\" class=\"thickbox no_icon\" title=\"\"><img loading=\"lazy\" decoding=\"async\" width=\"425\" height=\"283\" src=\"https:\/\/www.mecerreyes.com\/mece\/wp-content\/uploads\/2024\/09\/Mecerreyes-Fiestas-de-Acci\u00f3n-de-Gracias-2024-1.jpg\" alt=\"\" data-id=\"25616\" data-full-url=\"https:\/\/www.mecerreyes.com\/mece\/wp-content\/uploads\/2024\/09\/Mecerreyes-Fiestas-de-Acci\u00f3n-de-Gracias-2024-1.jpg\" data-link=\"https:\/\/www.mecerreyes.com\/mece\/?attachment_id=25616\" class=\"wp-image-25616\" srcset=\"https:\/\/www.mecerreyes.com\/mece\/wp-content\/uploads\/2024\/09\/Mecerreyes-Fiestas-de-Acci\u00f3n-de-Gracias-2024-1.jpg 425w, https:\/\/www.mecerreyes.com\/mece\/wp-content\/uploads\/2024\/09\/Mecerreyes-Fiestas-de-Acci\u00f3n-de-Gracias-2024-1-300x200.jpg 300w\" sizes=\"(max-width: 425px) 100vw, 425px\" \/><\/a><\/figure><\/li><li class=\"blocks-gallery-item\"><figure><a  href=\"https:\/\/www.mecerreyes.com\/mece\/wp-content\/uploads\/2024\/09\/Mecerreyes-Fiestas-de-Acci\u00f3n-de-Gracias-2024-2.jpg\" class=\"thickbox no_icon\" title=\"\"><img loading=\"lazy\" decoding=\"async\" width=\"425\" height=\"283\" src=\"https:\/\/www.mecerreyes.com\/mece\/wp-content\/uploads\/2024\/09\/Mecerreyes-Fiestas-de-Acci\u00f3n-de-Gracias-2024-2.jpg\" alt=\"\" data-id=\"25617\" data-full-url=\"https:\/\/www.mecerreyes.com\/mece\/wp-content\/uploads\/2024\/09\/Mecerreyes-Fiestas-de-Acci\u00f3n-de-Gracias-2024-2.jpg\" data-link=\"https:\/\/www.mecerreyes.com\/mece\/?attachment_id=25617\" class=\"wp-image-25617\" srcset=\"https:\/\/www.mecerreyes.com\/mece\/wp-content\/uploads\/2024\/09\/Mecerreyes-Fiestas-de-Acci\u00f3n-de-Gracias-2024-2.jpg 425w, https:\/\/www.mecerreyes.com\/mece\/wp-content\/uploads\/2024\/09\/Mecerreyes-Fiestas-de-Acci\u00f3n-de-Gracias-2024-2-300x200.jpg 300w\" sizes=\"(max-width: 425px) 100vw, 425px\" \/><\/a><\/figure><\/li><li class=\"blocks-gallery-item\"><figure><a  href=\"https:\/\/www.mecerreyes.com\/mece\/wp-content\/uploads\/2024\/09\/Mecerreyes-Fiestas-de-Acci\u00f3n-de-Gracias-2024-3.jpg\" class=\"thickbox no_icon\" title=\"\"><img loading=\"lazy\" decoding=\"async\" width=\"425\" height=\"283\" src=\"https:\/\/www.mecerreyes.com\/mece\/wp-content\/uploads\/2024\/09\/Mecerreyes-Fiestas-de-Acci\u00f3n-de-Gracias-2024-3.jpg\" alt=\"\" data-id=\"25618\" data-full-url=\"https:\/\/www.mecerreyes.com\/mece\/wp-content\/uploads\/2024\/09\/Mecerreyes-Fiestas-de-Acci\u00f3n-de-Gracias-2024-3.jpg\" data-link=\"https:\/\/www.mecerreyes.com\/mece\/?attachment_id=25618\" class=\"wp-image-25618\" srcset=\"https:\/\/www.mecerreyes.com\/mece\/wp-content\/uploads\/2024\/09\/Mecerreyes-Fiestas-de-Acci\u00f3n-de-Gracias-2024-3.jpg 425w, https:\/\/www.mecerreyes.com\/mece\/wp-content\/uploads\/2024\/09\/Mecerreyes-Fiestas-de-Acci\u00f3n-de-Gracias-2024-3-300x200.jpg 300w\" sizes=\"(max-width: 425px) 100vw, 425px\" \/><\/a><\/figure><\/li><li class=\"blocks-gallery-item\"><figure><a  href=\"https:\/\/www.mecerreyes.com\/mece\/wp-content\/uploads\/2024\/09\/Mecerreyes-Fiestas-de-Acci\u00f3n-de-Gracias-2024-4.jpg\" class=\"thickbox no_icon\" title=\"\"><img loading=\"lazy\" decoding=\"async\" width=\"425\" height=\"191\" src=\"https:\/\/www.mecerreyes.com\/mece\/wp-content\/uploads\/2024\/09\/Mecerreyes-Fiestas-de-Acci\u00f3n-de-Gracias-2024-4.jpg\" alt=\"\" data-id=\"25619\" data-full-url=\"https:\/\/www.mecerreyes.com\/mece\/wp-content\/uploads\/2024\/09\/Mecerreyes-Fiestas-de-Acci\u00f3n-de-Gracias-2024-4.jpg\" data-link=\"https:\/\/www.mecerreyes.com\/mece\/?attachment_id=25619\" class=\"wp-image-25619\" srcset=\"https:\/\/www.mecerreyes.com\/mece\/wp-content\/uploads\/2024\/09\/Mecerreyes-Fiestas-de-Acci\u00f3n-de-Gracias-2024-4.jpg 425w, https:\/\/www.mecerreyes.com\/mece\/wp-content\/uploads\/2024\/09\/Mecerreyes-Fiestas-de-Acci\u00f3n-de-Gracias-2024-4-300x135.jpg 300w\" sizes=\"(max-width: 425px) 100vw, 425px\" \/><\/a><\/figure><\/li><li class=\"blocks-gallery-item\"><figure><a  href=\"https:\/\/www.mecerreyes.com\/mece\/wp-content\/uploads\/2024\/09\/Mecerreyes-Fiestas-de-Acci\u00f3n-de-Gracias-2024-5.jpg\" class=\"thickbox no_icon\" title=\"\"><img loading=\"lazy\" decoding=\"async\" width=\"425\" height=\"191\" src=\"https:\/\/www.mecerreyes.com\/mece\/wp-content\/uploads\/2024\/09\/Mecerreyes-Fiestas-de-Acci\u00f3n-de-Gracias-2024-5.jpg\" alt=\"\" data-id=\"25620\" data-full-url=\"https:\/\/www.mecerreyes.com\/mece\/wp-content\/uploads\/2024\/09\/Mecerreyes-Fiestas-de-Acci\u00f3n-de-Gracias-2024-5.jpg\" data-link=\"https:\/\/www.mecerreyes.com\/mece\/?attachment_id=25620\" class=\"wp-image-25620\" srcset=\"https:\/\/www.mecerreyes.com\/mece\/wp-content\/uploads\/2024\/09\/Mecerreyes-Fiestas-de-Acci\u00f3n-de-Gracias-2024-5.jpg 425w, https:\/\/www.mecerreyes.com\/mece\/wp-content\/uploads\/2024\/09\/Mecerreyes-Fiestas-de-Acci\u00f3n-de-Gracias-2024-5-300x135.jpg 300w\" sizes=\"(max-width: 425px) 100vw, 425px\" \/><\/a><\/figure><\/li><\/ul><\/figure>\n\n\n\n<p><span class=\"has-inline-color has-very-dark-gray-color\">La corporaci\u00f3n municipal ha tenido especialmente en cuenta a los ni\u00f1os con distintas propuestas infantiles: parque infantil, deslizador acu\u00e1tico, fiesta de la espuma y encierro infantil entre otros.<\/span><\/p>\n\n\n\n<figure class=\"wp-block-gallery columns-2 is-cropped wp-block-gallery-16 is-layout-flex wp-block-gallery-is-layout-flex\"><ul class=\"blocks-gallery-grid\"><li class=\"blocks-gallery-item\"><figure><a  href=\"https:\/\/www.mecerreyes.com\/mece\/wp-content\/uploads\/2024\/09\/Mecerreyes-Fiestas-de-Acci\u00f3n-de-Gracias-2024-parque-infantil-2-575x1024.jpg\" class=\"thickbox no_icon\" title=\"\"><img loading=\"lazy\" decoding=\"async\" width=\"575\" height=\"1024\" src=\"https:\/\/www.mecerreyes.com\/mece\/wp-content\/uploads\/2024\/09\/Mecerreyes-Fiestas-de-Acci\u00f3n-de-Gracias-2024-parque-infantil-2-575x1024.jpg\" alt=\"\" data-id=\"25621\" data-link=\"https:\/\/www.mecerreyes.com\/mece\/?attachment_id=25621\" class=\"wp-image-25621\" srcset=\"https:\/\/www.mecerreyes.com\/mece\/wp-content\/uploads\/2024\/09\/Mecerreyes-Fiestas-de-Acci\u00f3n-de-Gracias-2024-parque-infantil-2-575x1024.jpg 575w, https:\/\/www.mecerreyes.com\/mece\/wp-content\/uploads\/2024\/09\/Mecerreyes-Fiestas-de-Acci\u00f3n-de-Gracias-2024-parque-infantil-2-168x300.jpg 168w, https:\/\/www.mecerreyes.com\/mece\/wp-content\/uploads\/2024\/09\/Mecerreyes-Fiestas-de-Acci\u00f3n-de-Gracias-2024-parque-infantil-2.jpg 756w\" sizes=\"(max-width: 575px) 100vw, 575px\" \/><\/a><\/figure><\/li><li class=\"blocks-gallery-item\"><figure><a  href=\"https:\/\/www.mecerreyes.com\/mece\/wp-content\/uploads\/2024\/09\/Mecerreyes-Fiestas-de-Acci\u00f3n-de-Gracias-2024-parque-infantil-1-1024x575.jpg\" class=\"thickbox no_icon\" title=\"\"><img loading=\"lazy\" decoding=\"async\" width=\"1024\" height=\"575\" src=\"https:\/\/www.mecerreyes.com\/mece\/wp-content\/uploads\/2024\/09\/Mecerreyes-Fiestas-de-Acci\u00f3n-de-Gracias-2024-parque-infantil-1-1024x575.jpg\" alt=\"\" data-id=\"25622\" data-link=\"https:\/\/www.mecerreyes.com\/mece\/?attachment_id=25622\" class=\"wp-image-25622\" srcset=\"https:\/\/www.mecerreyes.com\/mece\/wp-content\/uploads\/2024\/09\/Mecerreyes-Fiestas-de-Acci\u00f3n-de-Gracias-2024-parque-infantil-1-1024x575.jpg 1024w, https:\/\/www.mecerreyes.com\/mece\/wp-content\/uploads\/2024\/09\/Mecerreyes-Fiestas-de-Acci\u00f3n-de-Gracias-2024-parque-infantil-1-300x168.jpg 300w, https:\/\/www.mecerreyes.com\/mece\/wp-content\/uploads\/2024\/09\/Mecerreyes-Fiestas-de-Acci\u00f3n-de-Gracias-2024-parque-infantil-1-768x431.jpg 768w, https:\/\/www.mecerreyes.com\/mece\/wp-content\/uploads\/2024\/09\/Mecerreyes-Fiestas-de-Acci\u00f3n-de-Gracias-2024-parque-infantil-1-1080x606.jpg 1080w, https:\/\/www.mecerreyes.com\/mece\/wp-content\/uploads\/2024\/09\/Mecerreyes-Fiestas-de-Acci\u00f3n-de-Gracias-2024-parque-infantil-1.jpg 1512w\" sizes=\"(max-width: 1024px) 100vw, 1024px\" \/><\/a><\/figure><\/li><li class=\"blocks-gallery-item\"><figure><a  href=\"https:\/\/www.mecerreyes.com\/mece\/wp-content\/uploads\/2024\/09\/Mecerreyes-Fiestas-de-Acci\u00f3n-de-Gracias-2024-deslizador-acu\u00e1tico-29-1024x768.jpg\" class=\"thickbox no_icon\" title=\"\"><img loading=\"lazy\" decoding=\"async\" width=\"1024\" height=\"768\" src=\"https:\/\/www.mecerreyes.com\/mece\/wp-content\/uploads\/2024\/09\/Mecerreyes-Fiestas-de-Acci\u00f3n-de-Gracias-2024-deslizador-acu\u00e1tico-29-1024x768.jpg\" alt=\"\" data-id=\"25623\" data-link=\"https:\/\/www.mecerreyes.com\/mece\/?attachment_id=25623\" class=\"wp-image-25623\" srcset=\"https:\/\/www.mecerreyes.com\/mece\/wp-content\/uploads\/2024\/09\/Mecerreyes-Fiestas-de-Acci\u00f3n-de-Gracias-2024-deslizador-acu\u00e1tico-29-1024x768.jpg 1024w, https:\/\/www.mecerreyes.com\/mece\/wp-content\/uploads\/2024\/09\/Mecerreyes-Fiestas-de-Acci\u00f3n-de-Gracias-2024-deslizador-acu\u00e1tico-29-300x225.jpg 300w, https:\/\/www.mecerreyes.com\/mece\/wp-content\/uploads\/2024\/09\/Mecerreyes-Fiestas-de-Acci\u00f3n-de-Gracias-2024-deslizador-acu\u00e1tico-29-768x576.jpg 768w, https:\/\/www.mecerreyes.com\/mece\/wp-content\/uploads\/2024\/09\/Mecerreyes-Fiestas-de-Acci\u00f3n-de-Gracias-2024-deslizador-acu\u00e1tico-29.jpg 1063w\" sizes=\"(max-width: 1024px) 100vw, 1024px\" \/><\/a><\/figure><\/li><li class=\"blocks-gallery-item\"><figure><a  href=\"https:\/\/www.mecerreyes.com\/mece\/wp-content\/uploads\/2024\/09\/Mecerreyes-Fiestas-de-Acci\u00f3n-de-Gracias-2024-deslizador-acu\u00e1tico-1.jpg\" class=\"thickbox no_icon\" title=\"\"><img loading=\"lazy\" decoding=\"async\" width=\"425\" height=\"191\" src=\"https:\/\/www.mecerreyes.com\/mece\/wp-content\/uploads\/2024\/09\/Mecerreyes-Fiestas-de-Acci\u00f3n-de-Gracias-2024-deslizador-acu\u00e1tico-1.jpg\" alt=\"\" data-id=\"25624\" data-link=\"https:\/\/www.mecerreyes.com\/mece\/?attachment_id=25624\" class=\"wp-image-25624\" srcset=\"https:\/\/www.mecerreyes.com\/mece\/wp-content\/uploads\/2024\/09\/Mecerreyes-Fiestas-de-Acci\u00f3n-de-Gracias-2024-deslizador-acu\u00e1tico-1.jpg 425w, https:\/\/www.mecerreyes.com\/mece\/wp-content\/uploads\/2024\/09\/Mecerreyes-Fiestas-de-Acci\u00f3n-de-Gracias-2024-deslizador-acu\u00e1tico-1-300x135.jpg 300w\" sizes=\"(max-width: 425px) 100vw, 425px\" \/><\/a><\/figure><\/li><li class=\"blocks-gallery-item\"><figure><a  href=\"https:\/\/www.mecerreyes.com\/mece\/wp-content\/uploads\/2024\/09\/Mecerreyes-Fiestas-de-Acci\u00f3n-de-Gracias-2024-deslizador-acu\u00e1tico-2.jpg\" class=\"thickbox no_icon\" title=\"\"><img loading=\"lazy\" decoding=\"async\" width=\"425\" height=\"191\" src=\"https:\/\/www.mecerreyes.com\/mece\/wp-content\/uploads\/2024\/09\/Mecerreyes-Fiestas-de-Acci\u00f3n-de-Gracias-2024-deslizador-acu\u00e1tico-2.jpg\" alt=\"\" data-id=\"25625\" data-link=\"https:\/\/www.mecerreyes.com\/mece\/?attachment_id=25625\" class=\"wp-image-25625\" srcset=\"https:\/\/www.mecerreyes.com\/mece\/wp-content\/uploads\/2024\/09\/Mecerreyes-Fiestas-de-Acci\u00f3n-de-Gracias-2024-deslizador-acu\u00e1tico-2.jpg 425w, https:\/\/www.mecerreyes.com\/mece\/wp-content\/uploads\/2024\/09\/Mecerreyes-Fiestas-de-Acci\u00f3n-de-Gracias-2024-deslizador-acu\u00e1tico-2-300x135.jpg 300w\" sizes=\"(max-width: 425px) 100vw, 425px\" \/><\/a><\/figure><\/li><li class=\"blocks-gallery-item\"><figure><a  href=\"https:\/\/www.mecerreyes.com\/mece\/wp-content\/uploads\/2024\/09\/Mecerreyes-Fiestas-de-Acci\u00f3n-de-Gracias-2024-deslizador-acu\u00e1tico-3-1024x768.jpg\" class=\"thickbox no_icon\" title=\"\"><img loading=\"lazy\" decoding=\"async\" width=\"1024\" height=\"768\" src=\"https:\/\/www.mecerreyes.com\/mece\/wp-content\/uploads\/2024\/09\/Mecerreyes-Fiestas-de-Acci\u00f3n-de-Gracias-2024-deslizador-acu\u00e1tico-3-1024x768.jpg\" alt=\"\" data-id=\"25626\" data-link=\"https:\/\/www.mecerreyes.com\/mece\/?attachment_id=25626\" class=\"wp-image-25626\" srcset=\"https:\/\/www.mecerreyes.com\/mece\/wp-content\/uploads\/2024\/09\/Mecerreyes-Fiestas-de-Acci\u00f3n-de-Gracias-2024-deslizador-acu\u00e1tico-3-1024x768.jpg 1024w, https:\/\/www.mecerreyes.com\/mece\/wp-content\/uploads\/2024\/09\/Mecerreyes-Fiestas-de-Acci\u00f3n-de-Gracias-2024-deslizador-acu\u00e1tico-3-300x225.jpg 300w, https:\/\/www.mecerreyes.com\/mece\/wp-content\/uploads\/2024\/09\/Mecerreyes-Fiestas-de-Acci\u00f3n-de-Gracias-2024-deslizador-acu\u00e1tico-3-768x576.jpg 768w, https:\/\/www.mecerreyes.com\/mece\/wp-content\/uploads\/2024\/09\/Mecerreyes-Fiestas-de-Acci\u00f3n-de-Gracias-2024-deslizador-acu\u00e1tico-3.jpg 1063w\" sizes=\"(max-width: 1024px) 100vw, 1024px\" \/><\/a><\/figure><\/li><li class=\"blocks-gallery-item\"><figure><a  href=\"https:\/\/www.mecerreyes.com\/mece\/wp-content\/uploads\/2024\/09\/Mecerreyes-Fiestas-de-Acci\u00f3n-de-Gracias-2024-deslizador-acu\u00e1tico-4-1024x768.jpg\" class=\"thickbox no_icon\" title=\"\"><img loading=\"lazy\" decoding=\"async\" width=\"1024\" height=\"768\" src=\"https:\/\/www.mecerreyes.com\/mece\/wp-content\/uploads\/2024\/09\/Mecerreyes-Fiestas-de-Acci\u00f3n-de-Gracias-2024-deslizador-acu\u00e1tico-4-1024x768.jpg\" alt=\"\" data-id=\"25627\" data-link=\"https:\/\/www.mecerreyes.com\/mece\/?attachment_id=25627\" class=\"wp-image-25627\" srcset=\"https:\/\/www.mecerreyes.com\/mece\/wp-content\/uploads\/2024\/09\/Mecerreyes-Fiestas-de-Acci\u00f3n-de-Gracias-2024-deslizador-acu\u00e1tico-4-1024x768.jpg 1024w, https:\/\/www.mecerreyes.com\/mece\/wp-content\/uploads\/2024\/09\/Mecerreyes-Fiestas-de-Acci\u00f3n-de-Gracias-2024-deslizador-acu\u00e1tico-4-300x225.jpg 300w, https:\/\/www.mecerreyes.com\/mece\/wp-content\/uploads\/2024\/09\/Mecerreyes-Fiestas-de-Acci\u00f3n-de-Gracias-2024-deslizador-acu\u00e1tico-4-768x576.jpg 768w, https:\/\/www.mecerreyes.com\/mece\/wp-content\/uploads\/2024\/09\/Mecerreyes-Fiestas-de-Acci\u00f3n-de-Gracias-2024-deslizador-acu\u00e1tico-4.jpg 1063w\" sizes=\"(max-width: 1024px) 100vw, 1024px\" \/><\/a><\/figure><\/li><li class=\"blocks-gallery-item\"><figure><a  href=\"https:\/\/www.mecerreyes.com\/mece\/wp-content\/uploads\/2024\/09\/Mecerreyes-Fiestas-de-Acci\u00f3n-de-Gracias-2024-deslizador-acu\u00e1tico-5-1024x768.jpg\" class=\"thickbox no_icon\" title=\"\"><img loading=\"lazy\" decoding=\"async\" width=\"1024\" height=\"768\" src=\"https:\/\/www.mecerreyes.com\/mece\/wp-content\/uploads\/2024\/09\/Mecerreyes-Fiestas-de-Acci\u00f3n-de-Gracias-2024-deslizador-acu\u00e1tico-5-1024x768.jpg\" alt=\"\" data-id=\"25628\" data-link=\"https:\/\/www.mecerreyes.com\/mece\/?attachment_id=25628\" class=\"wp-image-25628\" srcset=\"https:\/\/www.mecerreyes.com\/mece\/wp-content\/uploads\/2024\/09\/Mecerreyes-Fiestas-de-Acci\u00f3n-de-Gracias-2024-deslizador-acu\u00e1tico-5-1024x768.jpg 1024w, https:\/\/www.mecerreyes.com\/mece\/wp-content\/uploads\/2024\/09\/Mecerreyes-Fiestas-de-Acci\u00f3n-de-Gracias-2024-deslizador-acu\u00e1tico-5-300x225.jpg 300w, https:\/\/www.mecerreyes.com\/mece\/wp-content\/uploads\/2024\/09\/Mecerreyes-Fiestas-de-Acci\u00f3n-de-Gracias-2024-deslizador-acu\u00e1tico-5-768x576.jpg 768w, https:\/\/www.mecerreyes.com\/mece\/wp-content\/uploads\/2024\/09\/Mecerreyes-Fiestas-de-Acci\u00f3n-de-Gracias-2024-deslizador-acu\u00e1tico-5.jpg 1063w\" sizes=\"(max-width: 1024px) 100vw, 1024px\" \/><\/a><\/figure><\/li><li class=\"blocks-gallery-item\"><figure><a  href=\"https:\/\/www.mecerreyes.com\/mece\/wp-content\/uploads\/2024\/09\/Mecerreyes-Fiestas-de-Acci\u00f3n-de-Gracias-2024-deslizador-acu\u00e1tico-6-1024x768.jpg\" class=\"thickbox no_icon\" title=\"\"><img loading=\"lazy\" decoding=\"async\" width=\"1024\" height=\"768\" src=\"https:\/\/www.mecerreyes.com\/mece\/wp-content\/uploads\/2024\/09\/Mecerreyes-Fiestas-de-Acci\u00f3n-de-Gracias-2024-deslizador-acu\u00e1tico-6-1024x768.jpg\" alt=\"\" data-id=\"25629\" data-link=\"https:\/\/www.mecerreyes.com\/mece\/?attachment_id=25629\" class=\"wp-image-25629\" srcset=\"https:\/\/www.mecerreyes.com\/mece\/wp-content\/uploads\/2024\/09\/Mecerreyes-Fiestas-de-Acci\u00f3n-de-Gracias-2024-deslizador-acu\u00e1tico-6-1024x768.jpg 1024w, https:\/\/www.mecerreyes.com\/mece\/wp-content\/uploads\/2024\/09\/Mecerreyes-Fiestas-de-Acci\u00f3n-de-Gracias-2024-deslizador-acu\u00e1tico-6-300x225.jpg 300w, https:\/\/www.mecerreyes.com\/mece\/wp-content\/uploads\/2024\/09\/Mecerreyes-Fiestas-de-Acci\u00f3n-de-Gracias-2024-deslizador-acu\u00e1tico-6-768x576.jpg 768w, https:\/\/www.mecerreyes.com\/mece\/wp-content\/uploads\/2024\/09\/Mecerreyes-Fiestas-de-Acci\u00f3n-de-Gracias-2024-deslizador-acu\u00e1tico-6.jpg 1063w\" sizes=\"(max-width: 1024px) 100vw, 1024px\" \/><\/a><\/figure><\/li><li class=\"blocks-gallery-item\"><figure><a  href=\"https:\/\/www.mecerreyes.com\/mece\/wp-content\/uploads\/2024\/09\/Mecerreyes-Fiestas-de-Acci\u00f3n-de-Gracias-2024-deslizador-acu\u00e1tico-7-1024x768.jpg\" class=\"thickbox no_icon\" title=\"\"><img loading=\"lazy\" decoding=\"async\" width=\"1024\" height=\"768\" src=\"https:\/\/www.mecerreyes.com\/mece\/wp-content\/uploads\/2024\/09\/Mecerreyes-Fiestas-de-Acci\u00f3n-de-Gracias-2024-deslizador-acu\u00e1tico-7-1024x768.jpg\" alt=\"\" data-id=\"25630\" data-link=\"https:\/\/www.mecerreyes.com\/mece\/?attachment_id=25630\" class=\"wp-image-25630\" srcset=\"https:\/\/www.mecerreyes.com\/mece\/wp-content\/uploads\/2024\/09\/Mecerreyes-Fiestas-de-Acci\u00f3n-de-Gracias-2024-deslizador-acu\u00e1tico-7-1024x768.jpg 1024w, https:\/\/www.mecerreyes.com\/mece\/wp-content\/uploads\/2024\/09\/Mecerreyes-Fiestas-de-Acci\u00f3n-de-Gracias-2024-deslizador-acu\u00e1tico-7-300x225.jpg 300w, https:\/\/www.mecerreyes.com\/mece\/wp-content\/uploads\/2024\/09\/Mecerreyes-Fiestas-de-Acci\u00f3n-de-Gracias-2024-deslizador-acu\u00e1tico-7-768x576.jpg 768w, https:\/\/www.mecerreyes.com\/mece\/wp-content\/uploads\/2024\/09\/Mecerreyes-Fiestas-de-Acci\u00f3n-de-Gracias-2024-deslizador-acu\u00e1tico-7.jpg 1063w\" sizes=\"(max-width: 1024px) 100vw, 1024px\" \/><\/a><\/figure><\/li><li class=\"blocks-gallery-item\"><figure><a  href=\"https:\/\/www.mecerreyes.com\/mece\/wp-content\/uploads\/2024\/09\/Mecerreyes-Fiestas-de-Acci\u00f3n-de-Gracias-2024-deslizador-acu\u00e1tico-8-1024x768.jpg\" class=\"thickbox no_icon\" title=\"\"><img loading=\"lazy\" decoding=\"async\" width=\"1024\" height=\"768\" src=\"https:\/\/www.mecerreyes.com\/mece\/wp-content\/uploads\/2024\/09\/Mecerreyes-Fiestas-de-Acci\u00f3n-de-Gracias-2024-deslizador-acu\u00e1tico-8-1024x768.jpg\" alt=\"\" data-id=\"25631\" data-link=\"https:\/\/www.mecerreyes.com\/mece\/?attachment_id=25631\" class=\"wp-image-25631\" srcset=\"https:\/\/www.mecerreyes.com\/mece\/wp-content\/uploads\/2024\/09\/Mecerreyes-Fiestas-de-Acci\u00f3n-de-Gracias-2024-deslizador-acu\u00e1tico-8-1024x768.jpg 1024w, https:\/\/www.mecerreyes.com\/mece\/wp-content\/uploads\/2024\/09\/Mecerreyes-Fiestas-de-Acci\u00f3n-de-Gracias-2024-deslizador-acu\u00e1tico-8-300x225.jpg 300w, https:\/\/www.mecerreyes.com\/mece\/wp-content\/uploads\/2024\/09\/Mecerreyes-Fiestas-de-Acci\u00f3n-de-Gracias-2024-deslizador-acu\u00e1tico-8-768x576.jpg 768w, https:\/\/www.mecerreyes.com\/mece\/wp-content\/uploads\/2024\/09\/Mecerreyes-Fiestas-de-Acci\u00f3n-de-Gracias-2024-deslizador-acu\u00e1tico-8.jpg 1063w\" sizes=\"(max-width: 1024px) 100vw, 1024px\" \/><\/a><\/figure><\/li><li class=\"blocks-gallery-item\"><figure><a  href=\"https:\/\/www.mecerreyes.com\/mece\/wp-content\/uploads\/2024\/09\/Mecerreyes-Fiestas-de-Acci\u00f3n-de-Gracias-2024-deslizador-acu\u00e1tico-9-1024x768.jpg\" class=\"thickbox no_icon\" title=\"\"><img loading=\"lazy\" decoding=\"async\" width=\"1024\" height=\"768\" src=\"https:\/\/www.mecerreyes.com\/mece\/wp-content\/uploads\/2024\/09\/Mecerreyes-Fiestas-de-Acci\u00f3n-de-Gracias-2024-deslizador-acu\u00e1tico-9-1024x768.jpg\" alt=\"\" data-id=\"25632\" data-link=\"https:\/\/www.mecerreyes.com\/mece\/?attachment_id=25632\" class=\"wp-image-25632\" srcset=\"https:\/\/www.mecerreyes.com\/mece\/wp-content\/uploads\/2024\/09\/Mecerreyes-Fiestas-de-Acci\u00f3n-de-Gracias-2024-deslizador-acu\u00e1tico-9-1024x768.jpg 1024w, https:\/\/www.mecerreyes.com\/mece\/wp-content\/uploads\/2024\/09\/Mecerreyes-Fiestas-de-Acci\u00f3n-de-Gracias-2024-deslizador-acu\u00e1tico-9-300x225.jpg 300w, https:\/\/www.mecerreyes.com\/mece\/wp-content\/uploads\/2024\/09\/Mecerreyes-Fiestas-de-Acci\u00f3n-de-Gracias-2024-deslizador-acu\u00e1tico-9-768x576.jpg 768w, https:\/\/www.mecerreyes.com\/mece\/wp-content\/uploads\/2024\/09\/Mecerreyes-Fiestas-de-Acci\u00f3n-de-Gracias-2024-deslizador-acu\u00e1tico-9.jpg 1063w\" sizes=\"(max-width: 1024px) 100vw, 1024px\" \/><\/a><\/figure><\/li><li class=\"blocks-gallery-item\"><figure><a  href=\"https:\/\/www.mecerreyes.com\/mece\/wp-content\/uploads\/2024\/09\/Mecerreyes-Fiestas-de-Acci\u00f3n-de-Gracias-2024-deslizador-acu\u00e1tico-10-1024x768.jpg\" class=\"thickbox no_icon\" title=\"\"><img loading=\"lazy\" decoding=\"async\" width=\"1024\" height=\"768\" src=\"https:\/\/www.mecerreyes.com\/mece\/wp-content\/uploads\/2024\/09\/Mecerreyes-Fiestas-de-Acci\u00f3n-de-Gracias-2024-deslizador-acu\u00e1tico-10-1024x768.jpg\" alt=\"\" data-id=\"25633\" data-link=\"https:\/\/www.mecerreyes.com\/mece\/?attachment_id=25633\" class=\"wp-image-25633\" srcset=\"https:\/\/www.mecerreyes.com\/mece\/wp-content\/uploads\/2024\/09\/Mecerreyes-Fiestas-de-Acci\u00f3n-de-Gracias-2024-deslizador-acu\u00e1tico-10-1024x768.jpg 1024w, https:\/\/www.mecerreyes.com\/mece\/wp-content\/uploads\/2024\/09\/Mecerreyes-Fiestas-de-Acci\u00f3n-de-Gracias-2024-deslizador-acu\u00e1tico-10-300x225.jpg 300w, https:\/\/www.mecerreyes.com\/mece\/wp-content\/uploads\/2024\/09\/Mecerreyes-Fiestas-de-Acci\u00f3n-de-Gracias-2024-deslizador-acu\u00e1tico-10-768x576.jpg 768w, https:\/\/www.mecerreyes.com\/mece\/wp-content\/uploads\/2024\/09\/Mecerreyes-Fiestas-de-Acci\u00f3n-de-Gracias-2024-deslizador-acu\u00e1tico-10.jpg 1063w\" sizes=\"(max-width: 1024px) 100vw, 1024px\" \/><\/a><\/figure><\/li><li class=\"blocks-gallery-item\"><figure><a  href=\"https:\/\/www.mecerreyes.com\/mece\/wp-content\/uploads\/2024\/09\/Mecerreyes-Fiestas-de-Acci\u00f3n-de-Gracias-2024-deslizador-acu\u00e1tico-11-1024x768.jpg\" class=\"thickbox no_icon\" title=\"\"><img loading=\"lazy\" decoding=\"async\" width=\"1024\" height=\"768\" src=\"https:\/\/www.mecerreyes.com\/mece\/wp-content\/uploads\/2024\/09\/Mecerreyes-Fiestas-de-Acci\u00f3n-de-Gracias-2024-deslizador-acu\u00e1tico-11-1024x768.jpg\" alt=\"\" data-id=\"25634\" data-link=\"https:\/\/www.mecerreyes.com\/mece\/?attachment_id=25634\" class=\"wp-image-25634\" srcset=\"https:\/\/www.mecerreyes.com\/mece\/wp-content\/uploads\/2024\/09\/Mecerreyes-Fiestas-de-Acci\u00f3n-de-Gracias-2024-deslizador-acu\u00e1tico-11-1024x768.jpg 1024w, https:\/\/www.mecerreyes.com\/mece\/wp-content\/uploads\/2024\/09\/Mecerreyes-Fiestas-de-Acci\u00f3n-de-Gracias-2024-deslizador-acu\u00e1tico-11-300x225.jpg 300w, https:\/\/www.mecerreyes.com\/mece\/wp-content\/uploads\/2024\/09\/Mecerreyes-Fiestas-de-Acci\u00f3n-de-Gracias-2024-deslizador-acu\u00e1tico-11-768x576.jpg 768w, https:\/\/www.mecerreyes.com\/mece\/wp-content\/uploads\/2024\/09\/Mecerreyes-Fiestas-de-Acci\u00f3n-de-Gracias-2024-deslizador-acu\u00e1tico-11.jpg 1063w\" sizes=\"(max-width: 1024px) 100vw, 1024px\" \/><\/a><\/figure><\/li><li class=\"blocks-gallery-item\"><figure><a  href=\"https:\/\/www.mecerreyes.com\/mece\/wp-content\/uploads\/2024\/09\/Mecerreyes-Fiestas-de-Acci\u00f3n-de-Gracias-2024-deslizador-acu\u00e1tico-12-1024x768.jpg\" class=\"thickbox no_icon\" title=\"\"><img loading=\"lazy\" decoding=\"async\" width=\"1024\" height=\"768\" src=\"https:\/\/www.mecerreyes.com\/mece\/wp-content\/uploads\/2024\/09\/Mecerreyes-Fiestas-de-Acci\u00f3n-de-Gracias-2024-deslizador-acu\u00e1tico-12-1024x768.jpg\" alt=\"\" data-id=\"25635\" data-link=\"https:\/\/www.mecerreyes.com\/mece\/?attachment_id=25635\" class=\"wp-image-25635\" srcset=\"https:\/\/www.mecerreyes.com\/mece\/wp-content\/uploads\/2024\/09\/Mecerreyes-Fiestas-de-Acci\u00f3n-de-Gracias-2024-deslizador-acu\u00e1tico-12-1024x768.jpg 1024w, https:\/\/www.mecerreyes.com\/mece\/wp-content\/uploads\/2024\/09\/Mecerreyes-Fiestas-de-Acci\u00f3n-de-Gracias-2024-deslizador-acu\u00e1tico-12-300x225.jpg 300w, https:\/\/www.mecerreyes.com\/mece\/wp-content\/uploads\/2024\/09\/Mecerreyes-Fiestas-de-Acci\u00f3n-de-Gracias-2024-deslizador-acu\u00e1tico-12-768x576.jpg 768w, https:\/\/www.mecerreyes.com\/mece\/wp-content\/uploads\/2024\/09\/Mecerreyes-Fiestas-de-Acci\u00f3n-de-Gracias-2024-deslizador-acu\u00e1tico-12.jpg 1063w\" sizes=\"(max-width: 1024px) 100vw, 1024px\" \/><\/a><\/figure><\/li><li class=\"blocks-gallery-item\"><figure><a  href=\"https:\/\/www.mecerreyes.com\/mece\/wp-content\/uploads\/2024\/09\/Mecerreyes-Fiestas-de-Acci\u00f3n-de-Gracias-2024-deslizador-acu\u00e1tico-13-1024x768.jpg\" class=\"thickbox no_icon\" title=\"\"><img loading=\"lazy\" decoding=\"async\" width=\"1024\" height=\"768\" src=\"https:\/\/www.mecerreyes.com\/mece\/wp-content\/uploads\/2024\/09\/Mecerreyes-Fiestas-de-Acci\u00f3n-de-Gracias-2024-deslizador-acu\u00e1tico-13-1024x768.jpg\" alt=\"\" data-id=\"25636\" data-link=\"https:\/\/www.mecerreyes.com\/mece\/?attachment_id=25636\" class=\"wp-image-25636\" srcset=\"https:\/\/www.mecerreyes.com\/mece\/wp-content\/uploads\/2024\/09\/Mecerreyes-Fiestas-de-Acci\u00f3n-de-Gracias-2024-deslizador-acu\u00e1tico-13-1024x768.jpg 1024w, https:\/\/www.mecerreyes.com\/mece\/wp-content\/uploads\/2024\/09\/Mecerreyes-Fiestas-de-Acci\u00f3n-de-Gracias-2024-deslizador-acu\u00e1tico-13-300x225.jpg 300w, https:\/\/www.mecerreyes.com\/mece\/wp-content\/uploads\/2024\/09\/Mecerreyes-Fiestas-de-Acci\u00f3n-de-Gracias-2024-deslizador-acu\u00e1tico-13-768x576.jpg 768w, https:\/\/www.mecerreyes.com\/mece\/wp-content\/uploads\/2024\/09\/Mecerreyes-Fiestas-de-Acci\u00f3n-de-Gracias-2024-deslizador-acu\u00e1tico-13.jpg 1063w\" sizes=\"(max-width: 1024px) 100vw, 1024px\" \/><\/a><\/figure><\/li><li class=\"blocks-gallery-item\"><figure><a  href=\"https:\/\/www.mecerreyes.com\/mece\/wp-content\/uploads\/2024\/09\/Mecerreyes-Fiestas-de-Acci\u00f3n-de-Gracias-2024-deslizador-acu\u00e1tico-14-1024x768.jpg\" class=\"thickbox no_icon\" title=\"\"><img loading=\"lazy\" decoding=\"async\" width=\"1024\" height=\"768\" src=\"https:\/\/www.mecerreyes.com\/mece\/wp-content\/uploads\/2024\/09\/Mecerreyes-Fiestas-de-Acci\u00f3n-de-Gracias-2024-deslizador-acu\u00e1tico-14-1024x768.jpg\" alt=\"\" data-id=\"25637\" data-link=\"https:\/\/www.mecerreyes.com\/mece\/?attachment_id=25637\" class=\"wp-image-25637\" srcset=\"https:\/\/www.mecerreyes.com\/mece\/wp-content\/uploads\/2024\/09\/Mecerreyes-Fiestas-de-Acci\u00f3n-de-Gracias-2024-deslizador-acu\u00e1tico-14-1024x768.jpg 1024w, https:\/\/www.mecerreyes.com\/mece\/wp-content\/uploads\/2024\/09\/Mecerreyes-Fiestas-de-Acci\u00f3n-de-Gracias-2024-deslizador-acu\u00e1tico-14-300x225.jpg 300w, https:\/\/www.mecerreyes.com\/mece\/wp-content\/uploads\/2024\/09\/Mecerreyes-Fiestas-de-Acci\u00f3n-de-Gracias-2024-deslizador-acu\u00e1tico-14-768x576.jpg 768w, https:\/\/www.mecerreyes.com\/mece\/wp-content\/uploads\/2024\/09\/Mecerreyes-Fiestas-de-Acci\u00f3n-de-Gracias-2024-deslizador-acu\u00e1tico-14.jpg 1063w\" sizes=\"(max-width: 1024px) 100vw, 1024px\" \/><\/a><\/figure><\/li><li class=\"blocks-gallery-item\"><figure><a  href=\"https:\/\/www.mecerreyes.com\/mece\/wp-content\/uploads\/2024\/09\/Mecerreyes-Fiestas-de-Acci\u00f3n-de-Gracias-2024-deslizador-acu\u00e1tico-15-1024x768.jpg\" class=\"thickbox no_icon\" title=\"\"><img loading=\"lazy\" decoding=\"async\" width=\"1024\" height=\"768\" src=\"https:\/\/www.mecerreyes.com\/mece\/wp-content\/uploads\/2024\/09\/Mecerreyes-Fiestas-de-Acci\u00f3n-de-Gracias-2024-deslizador-acu\u00e1tico-15-1024x768.jpg\" alt=\"\" data-id=\"25638\" data-link=\"https:\/\/www.mecerreyes.com\/mece\/?attachment_id=25638\" class=\"wp-image-25638\" srcset=\"https:\/\/www.mecerreyes.com\/mece\/wp-content\/uploads\/2024\/09\/Mecerreyes-Fiestas-de-Acci\u00f3n-de-Gracias-2024-deslizador-acu\u00e1tico-15-1024x768.jpg 1024w, https:\/\/www.mecerreyes.com\/mece\/wp-content\/uploads\/2024\/09\/Mecerreyes-Fiestas-de-Acci\u00f3n-de-Gracias-2024-deslizador-acu\u00e1tico-15-300x225.jpg 300w, https:\/\/www.mecerreyes.com\/mece\/wp-content\/uploads\/2024\/09\/Mecerreyes-Fiestas-de-Acci\u00f3n-de-Gracias-2024-deslizador-acu\u00e1tico-15-768x576.jpg 768w, https:\/\/www.mecerreyes.com\/mece\/wp-content\/uploads\/2024\/09\/Mecerreyes-Fiestas-de-Acci\u00f3n-de-Gracias-2024-deslizador-acu\u00e1tico-15.jpg 1063w\" sizes=\"(max-width: 1024px) 100vw, 1024px\" \/><\/a><\/figure><\/li><li class=\"blocks-gallery-item\"><figure><a  href=\"https:\/\/www.mecerreyes.com\/mece\/wp-content\/uploads\/2024\/09\/Mecerreyes-Fiestas-de-Acci\u00f3n-de-Gracias-2024-deslizador-acu\u00e1tico-16-1024x768.jpg\" class=\"thickbox no_icon\" title=\"\"><img loading=\"lazy\" decoding=\"async\" width=\"1024\" height=\"768\" src=\"https:\/\/www.mecerreyes.com\/mece\/wp-content\/uploads\/2024\/09\/Mecerreyes-Fiestas-de-Acci\u00f3n-de-Gracias-2024-deslizador-acu\u00e1tico-16-1024x768.jpg\" alt=\"\" data-id=\"25639\" data-link=\"https:\/\/www.mecerreyes.com\/mece\/?attachment_id=25639\" class=\"wp-image-25639\" srcset=\"https:\/\/www.mecerreyes.com\/mece\/wp-content\/uploads\/2024\/09\/Mecerreyes-Fiestas-de-Acci\u00f3n-de-Gracias-2024-deslizador-acu\u00e1tico-16-1024x768.jpg 1024w, https:\/\/www.mecerreyes.com\/mece\/wp-content\/uploads\/2024\/09\/Mecerreyes-Fiestas-de-Acci\u00f3n-de-Gracias-2024-deslizador-acu\u00e1tico-16-300x225.jpg 300w, https:\/\/www.mecerreyes.com\/mece\/wp-content\/uploads\/2024\/09\/Mecerreyes-Fiestas-de-Acci\u00f3n-de-Gracias-2024-deslizador-acu\u00e1tico-16-768x576.jpg 768w, https:\/\/www.mecerreyes.com\/mece\/wp-content\/uploads\/2024\/09\/Mecerreyes-Fiestas-de-Acci\u00f3n-de-Gracias-2024-deslizador-acu\u00e1tico-16.jpg 1063w\" sizes=\"(max-width: 1024px) 100vw, 1024px\" \/><\/a><\/figure><\/li><li class=\"blocks-gallery-item\"><figure><a  href=\"https:\/\/www.mecerreyes.com\/mece\/wp-content\/uploads\/2024\/09\/Mecerreyes-Fiestas-de-Acci\u00f3n-de-Gracias-2024-deslizador-acu\u00e1tico-17-1024x768.jpg\" class=\"thickbox no_icon\" title=\"\"><img loading=\"lazy\" decoding=\"async\" width=\"1024\" height=\"768\" src=\"https:\/\/www.mecerreyes.com\/mece\/wp-content\/uploads\/2024\/09\/Mecerreyes-Fiestas-de-Acci\u00f3n-de-Gracias-2024-deslizador-acu\u00e1tico-17-1024x768.jpg\" alt=\"\" data-id=\"25640\" data-link=\"https:\/\/www.mecerreyes.com\/mece\/?attachment_id=25640\" class=\"wp-image-25640\" srcset=\"https:\/\/www.mecerreyes.com\/mece\/wp-content\/uploads\/2024\/09\/Mecerreyes-Fiestas-de-Acci\u00f3n-de-Gracias-2024-deslizador-acu\u00e1tico-17-1024x768.jpg 1024w, https:\/\/www.mecerreyes.com\/mece\/wp-content\/uploads\/2024\/09\/Mecerreyes-Fiestas-de-Acci\u00f3n-de-Gracias-2024-deslizador-acu\u00e1tico-17-300x225.jpg 300w, https:\/\/www.mecerreyes.com\/mece\/wp-content\/uploads\/2024\/09\/Mecerreyes-Fiestas-de-Acci\u00f3n-de-Gracias-2024-deslizador-acu\u00e1tico-17-768x576.jpg 768w, https:\/\/www.mecerreyes.com\/mece\/wp-content\/uploads\/2024\/09\/Mecerreyes-Fiestas-de-Acci\u00f3n-de-Gracias-2024-deslizador-acu\u00e1tico-17.jpg 1063w\" sizes=\"(max-width: 1024px) 100vw, 1024px\" \/><\/a><\/figure><\/li><li class=\"blocks-gallery-item\"><figure><a  href=\"https:\/\/www.mecerreyes.com\/mece\/wp-content\/uploads\/2024\/09\/Mecerreyes-Fiestas-de-Acci\u00f3n-de-Gracias-2024-deslizador-acu\u00e1tico-18-1024x768.jpg\" class=\"thickbox no_icon\" title=\"\"><img loading=\"lazy\" decoding=\"async\" width=\"1024\" height=\"768\" src=\"https:\/\/www.mecerreyes.com\/mece\/wp-content\/uploads\/2024\/09\/Mecerreyes-Fiestas-de-Acci\u00f3n-de-Gracias-2024-deslizador-acu\u00e1tico-18-1024x768.jpg\" alt=\"\" data-id=\"25641\" data-link=\"https:\/\/www.mecerreyes.com\/mece\/?attachment_id=25641\" class=\"wp-image-25641\" srcset=\"https:\/\/www.mecerreyes.com\/mece\/wp-content\/uploads\/2024\/09\/Mecerreyes-Fiestas-de-Acci\u00f3n-de-Gracias-2024-deslizador-acu\u00e1tico-18-1024x768.jpg 1024w, https:\/\/www.mecerreyes.com\/mece\/wp-content\/uploads\/2024\/09\/Mecerreyes-Fiestas-de-Acci\u00f3n-de-Gracias-2024-deslizador-acu\u00e1tico-18-300x225.jpg 300w, https:\/\/www.mecerreyes.com\/mece\/wp-content\/uploads\/2024\/09\/Mecerreyes-Fiestas-de-Acci\u00f3n-de-Gracias-2024-deslizador-acu\u00e1tico-18-768x576.jpg 768w, https:\/\/www.mecerreyes.com\/mece\/wp-content\/uploads\/2024\/09\/Mecerreyes-Fiestas-de-Acci\u00f3n-de-Gracias-2024-deslizador-acu\u00e1tico-18.jpg 1063w\" sizes=\"(max-width: 1024px) 100vw, 1024px\" \/><\/a><\/figure><\/li><li class=\"blocks-gallery-item\"><figure><a  href=\"https:\/\/www.mecerreyes.com\/mece\/wp-content\/uploads\/2024\/09\/Mecerreyes-Fiestas-de-Acci\u00f3n-de-Gracias-2024-deslizador-acu\u00e1tico-19-1024x768.jpg\" class=\"thickbox no_icon\" title=\"\"><img loading=\"lazy\" decoding=\"async\" width=\"1024\" height=\"768\" src=\"https:\/\/www.mecerreyes.com\/mece\/wp-content\/uploads\/2024\/09\/Mecerreyes-Fiestas-de-Acci\u00f3n-de-Gracias-2024-deslizador-acu\u00e1tico-19-1024x768.jpg\" alt=\"\" data-id=\"25642\" data-link=\"https:\/\/www.mecerreyes.com\/mece\/?attachment_id=25642\" class=\"wp-image-25642\" srcset=\"https:\/\/www.mecerreyes.com\/mece\/wp-content\/uploads\/2024\/09\/Mecerreyes-Fiestas-de-Acci\u00f3n-de-Gracias-2024-deslizador-acu\u00e1tico-19-1024x768.jpg 1024w, https:\/\/www.mecerreyes.com\/mece\/wp-content\/uploads\/2024\/09\/Mecerreyes-Fiestas-de-Acci\u00f3n-de-Gracias-2024-deslizador-acu\u00e1tico-19-300x225.jpg 300w, https:\/\/www.mecerreyes.com\/mece\/wp-content\/uploads\/2024\/09\/Mecerreyes-Fiestas-de-Acci\u00f3n-de-Gracias-2024-deslizador-acu\u00e1tico-19-768x576.jpg 768w, https:\/\/www.mecerreyes.com\/mece\/wp-content\/uploads\/2024\/09\/Mecerreyes-Fiestas-de-Acci\u00f3n-de-Gracias-2024-deslizador-acu\u00e1tico-19.jpg 1063w\" sizes=\"(max-width: 1024px) 100vw, 1024px\" \/><\/a><\/figure><\/li><li class=\"blocks-gallery-item\"><figure><a  href=\"https:\/\/www.mecerreyes.com\/mece\/wp-content\/uploads\/2024\/09\/Mecerreyes-Fiestas-de-Acci\u00f3n-de-Gracias-2024-deslizador-acu\u00e1tico-20-1024x768.jpg\" class=\"thickbox no_icon\" title=\"\"><img loading=\"lazy\" decoding=\"async\" width=\"1024\" height=\"768\" src=\"https:\/\/www.mecerreyes.com\/mece\/wp-content\/uploads\/2024\/09\/Mecerreyes-Fiestas-de-Acci\u00f3n-de-Gracias-2024-deslizador-acu\u00e1tico-20-1024x768.jpg\" alt=\"\" data-id=\"25643\" data-link=\"https:\/\/www.mecerreyes.com\/mece\/?attachment_id=25643\" class=\"wp-image-25643\" srcset=\"https:\/\/www.mecerreyes.com\/mece\/wp-content\/uploads\/2024\/09\/Mecerreyes-Fiestas-de-Acci\u00f3n-de-Gracias-2024-deslizador-acu\u00e1tico-20-1024x768.jpg 1024w, https:\/\/www.mecerreyes.com\/mece\/wp-content\/uploads\/2024\/09\/Mecerreyes-Fiestas-de-Acci\u00f3n-de-Gracias-2024-deslizador-acu\u00e1tico-20-300x225.jpg 300w, https:\/\/www.mecerreyes.com\/mece\/wp-content\/uploads\/2024\/09\/Mecerreyes-Fiestas-de-Acci\u00f3n-de-Gracias-2024-deslizador-acu\u00e1tico-20-768x576.jpg 768w, https:\/\/www.mecerreyes.com\/mece\/wp-content\/uploads\/2024\/09\/Mecerreyes-Fiestas-de-Acci\u00f3n-de-Gracias-2024-deslizador-acu\u00e1tico-20.jpg 1063w\" sizes=\"(max-width: 1024px) 100vw, 1024px\" \/><\/a><\/figure><\/li><li class=\"blocks-gallery-item\"><figure><a  href=\"https:\/\/www.mecerreyes.com\/mece\/wp-content\/uploads\/2024\/09\/Mecerreyes-Fiestas-de-Acci\u00f3n-de-Gracias-2024-deslizador-acu\u00e1tico-21-1024x768.jpg\" class=\"thickbox no_icon\" title=\"\"><img loading=\"lazy\" decoding=\"async\" width=\"1024\" height=\"768\" src=\"https:\/\/www.mecerreyes.com\/mece\/wp-content\/uploads\/2024\/09\/Mecerreyes-Fiestas-de-Acci\u00f3n-de-Gracias-2024-deslizador-acu\u00e1tico-21-1024x768.jpg\" alt=\"\" data-id=\"25644\" data-link=\"https:\/\/www.mecerreyes.com\/mece\/?attachment_id=25644\" class=\"wp-image-25644\" srcset=\"https:\/\/www.mecerreyes.com\/mece\/wp-content\/uploads\/2024\/09\/Mecerreyes-Fiestas-de-Acci\u00f3n-de-Gracias-2024-deslizador-acu\u00e1tico-21-1024x768.jpg 1024w, https:\/\/www.mecerreyes.com\/mece\/wp-content\/uploads\/2024\/09\/Mecerreyes-Fiestas-de-Acci\u00f3n-de-Gracias-2024-deslizador-acu\u00e1tico-21-300x225.jpg 300w, https:\/\/www.mecerreyes.com\/mece\/wp-content\/uploads\/2024\/09\/Mecerreyes-Fiestas-de-Acci\u00f3n-de-Gracias-2024-deslizador-acu\u00e1tico-21-768x576.jpg 768w, https:\/\/www.mecerreyes.com\/mece\/wp-content\/uploads\/2024\/09\/Mecerreyes-Fiestas-de-Acci\u00f3n-de-Gracias-2024-deslizador-acu\u00e1tico-21.jpg 1063w\" sizes=\"(max-width: 1024px) 100vw, 1024px\" \/><\/a><\/figure><\/li><li class=\"blocks-gallery-item\"><figure><a  href=\"https:\/\/www.mecerreyes.com\/mece\/wp-content\/uploads\/2024\/09\/Mecerreyes-Fiestas-de-Acci\u00f3n-de-Gracias-2024-deslizador-acu\u00e1tico-22-1024x768.jpg\" class=\"thickbox no_icon\" title=\"\"><img loading=\"lazy\" decoding=\"async\" width=\"1024\" height=\"768\" src=\"https:\/\/www.mecerreyes.com\/mece\/wp-content\/uploads\/2024\/09\/Mecerreyes-Fiestas-de-Acci\u00f3n-de-Gracias-2024-deslizador-acu\u00e1tico-22-1024x768.jpg\" alt=\"\" data-id=\"25645\" data-link=\"https:\/\/www.mecerreyes.com\/mece\/?attachment_id=25645\" class=\"wp-image-25645\" srcset=\"https:\/\/www.mecerreyes.com\/mece\/wp-content\/uploads\/2024\/09\/Mecerreyes-Fiestas-de-Acci\u00f3n-de-Gracias-2024-deslizador-acu\u00e1tico-22-1024x768.jpg 1024w, https:\/\/www.mecerreyes.com\/mece\/wp-content\/uploads\/2024\/09\/Mecerreyes-Fiestas-de-Acci\u00f3n-de-Gracias-2024-deslizador-acu\u00e1tico-22-300x225.jpg 300w, https:\/\/www.mecerreyes.com\/mece\/wp-content\/uploads\/2024\/09\/Mecerreyes-Fiestas-de-Acci\u00f3n-de-Gracias-2024-deslizador-acu\u00e1tico-22-768x576.jpg 768w, https:\/\/www.mecerreyes.com\/mece\/wp-content\/uploads\/2024\/09\/Mecerreyes-Fiestas-de-Acci\u00f3n-de-Gracias-2024-deslizador-acu\u00e1tico-22.jpg 1063w\" sizes=\"(max-width: 1024px) 100vw, 1024px\" \/><\/a><\/figure><\/li><li class=\"blocks-gallery-item\"><figure><a  href=\"https:\/\/www.mecerreyes.com\/mece\/wp-content\/uploads\/2024\/09\/Mecerreyes-Fiestas-de-Acci\u00f3n-de-Gracias-2024-deslizador-acu\u00e1tico-24-1024x768.jpg\" class=\"thickbox no_icon\" title=\"\"><img loading=\"lazy\" decoding=\"async\" width=\"1024\" height=\"768\" src=\"https:\/\/www.mecerreyes.com\/mece\/wp-content\/uploads\/2024\/09\/Mecerreyes-Fiestas-de-Acci\u00f3n-de-Gracias-2024-deslizador-acu\u00e1tico-24-1024x768.jpg\" alt=\"\" data-id=\"25646\" data-link=\"https:\/\/www.mecerreyes.com\/mece\/?attachment_id=25646\" class=\"wp-image-25646\" srcset=\"https:\/\/www.mecerreyes.com\/mece\/wp-content\/uploads\/2024\/09\/Mecerreyes-Fiestas-de-Acci\u00f3n-de-Gracias-2024-deslizador-acu\u00e1tico-24-1024x768.jpg 1024w, https:\/\/www.mecerreyes.com\/mece\/wp-content\/uploads\/2024\/09\/Mecerreyes-Fiestas-de-Acci\u00f3n-de-Gracias-2024-deslizador-acu\u00e1tico-24-300x225.jpg 300w, https:\/\/www.mecerreyes.com\/mece\/wp-content\/uploads\/2024\/09\/Mecerreyes-Fiestas-de-Acci\u00f3n-de-Gracias-2024-deslizador-acu\u00e1tico-24-768x576.jpg 768w, https:\/\/www.mecerreyes.com\/mece\/wp-content\/uploads\/2024\/09\/Mecerreyes-Fiestas-de-Acci\u00f3n-de-Gracias-2024-deslizador-acu\u00e1tico-24.jpg 1063w\" sizes=\"(max-width: 1024px) 100vw, 1024px\" \/><\/a><\/figure><\/li><li class=\"blocks-gallery-item\"><figure><a  href=\"https:\/\/www.mecerreyes.com\/mece\/wp-content\/uploads\/2024\/09\/Mecerreyes-Fiestas-de-Acci\u00f3n-de-Gracias-2024-deslizador-acu\u00e1tico-25-1024x768.jpg\" class=\"thickbox no_icon\" title=\"\"><img loading=\"lazy\" decoding=\"async\" width=\"1024\" height=\"768\" src=\"https:\/\/www.mecerreyes.com\/mece\/wp-content\/uploads\/2024\/09\/Mecerreyes-Fiestas-de-Acci\u00f3n-de-Gracias-2024-deslizador-acu\u00e1tico-25-1024x768.jpg\" alt=\"\" data-id=\"25647\" data-link=\"https:\/\/www.mecerreyes.com\/mece\/?attachment_id=25647\" class=\"wp-image-25647\" srcset=\"https:\/\/www.mecerreyes.com\/mece\/wp-content\/uploads\/2024\/09\/Mecerreyes-Fiestas-de-Acci\u00f3n-de-Gracias-2024-deslizador-acu\u00e1tico-25-1024x768.jpg 1024w, https:\/\/www.mecerreyes.com\/mece\/wp-content\/uploads\/2024\/09\/Mecerreyes-Fiestas-de-Acci\u00f3n-de-Gracias-2024-deslizador-acu\u00e1tico-25-300x225.jpg 300w, https:\/\/www.mecerreyes.com\/mece\/wp-content\/uploads\/2024\/09\/Mecerreyes-Fiestas-de-Acci\u00f3n-de-Gracias-2024-deslizador-acu\u00e1tico-25-768x576.jpg 768w, https:\/\/www.mecerreyes.com\/mece\/wp-content\/uploads\/2024\/09\/Mecerreyes-Fiestas-de-Acci\u00f3n-de-Gracias-2024-deslizador-acu\u00e1tico-25.jpg 1063w\" sizes=\"(max-width: 1024px) 100vw, 1024px\" \/><\/a><\/figure><\/li><li class=\"blocks-gallery-item\"><figure><a  href=\"https:\/\/www.mecerreyes.com\/mece\/wp-content\/uploads\/2024\/09\/Mecerreyes-Fiestas-de-Acci\u00f3n-de-Gracias-2024-deslizador-acu\u00e1tico-26-1024x768.jpg\" class=\"thickbox no_icon\" title=\"\"><img loading=\"lazy\" decoding=\"async\" width=\"1024\" height=\"768\" src=\"https:\/\/www.mecerreyes.com\/mece\/wp-content\/uploads\/2024\/09\/Mecerreyes-Fiestas-de-Acci\u00f3n-de-Gracias-2024-deslizador-acu\u00e1tico-26-1024x768.jpg\" alt=\"\" data-id=\"25648\" data-link=\"https:\/\/www.mecerreyes.com\/mece\/?attachment_id=25648\" class=\"wp-image-25648\" srcset=\"https:\/\/www.mecerreyes.com\/mece\/wp-content\/uploads\/2024\/09\/Mecerreyes-Fiestas-de-Acci\u00f3n-de-Gracias-2024-deslizador-acu\u00e1tico-26-1024x768.jpg 1024w, https:\/\/www.mecerreyes.com\/mece\/wp-content\/uploads\/2024\/09\/Mecerreyes-Fiestas-de-Acci\u00f3n-de-Gracias-2024-deslizador-acu\u00e1tico-26-300x225.jpg 300w, https:\/\/www.mecerreyes.com\/mece\/wp-content\/uploads\/2024\/09\/Mecerreyes-Fiestas-de-Acci\u00f3n-de-Gracias-2024-deslizador-acu\u00e1tico-26-768x576.jpg 768w, https:\/\/www.mecerreyes.com\/mece\/wp-content\/uploads\/2024\/09\/Mecerreyes-Fiestas-de-Acci\u00f3n-de-Gracias-2024-deslizador-acu\u00e1tico-26.jpg 1063w\" sizes=\"(max-width: 1024px) 100vw, 1024px\" \/><\/a><\/figure><\/li><li class=\"blocks-gallery-item\"><figure><a  href=\"https:\/\/www.mecerreyes.com\/mece\/wp-content\/uploads\/2024\/09\/Mecerreyes-Fiestas-de-Acci\u00f3n-de-Gracias-2024-deslizador-acu\u00e1tico-27-1024x768.jpg\" class=\"thickbox no_icon\" title=\"\"><img loading=\"lazy\" decoding=\"async\" width=\"1024\" height=\"768\" src=\"https:\/\/www.mecerreyes.com\/mece\/wp-content\/uploads\/2024\/09\/Mecerreyes-Fiestas-de-Acci\u00f3n-de-Gracias-2024-deslizador-acu\u00e1tico-27-1024x768.jpg\" alt=\"\" data-id=\"25649\" data-link=\"https:\/\/www.mecerreyes.com\/mece\/?attachment_id=25649\" class=\"wp-image-25649\" srcset=\"https:\/\/www.mecerreyes.com\/mece\/wp-content\/uploads\/2024\/09\/Mecerreyes-Fiestas-de-Acci\u00f3n-de-Gracias-2024-deslizador-acu\u00e1tico-27-1024x768.jpg 1024w, https:\/\/www.mecerreyes.com\/mece\/wp-content\/uploads\/2024\/09\/Mecerreyes-Fiestas-de-Acci\u00f3n-de-Gracias-2024-deslizador-acu\u00e1tico-27-300x225.jpg 300w, https:\/\/www.mecerreyes.com\/mece\/wp-content\/uploads\/2024\/09\/Mecerreyes-Fiestas-de-Acci\u00f3n-de-Gracias-2024-deslizador-acu\u00e1tico-27-768x576.jpg 768w, https:\/\/www.mecerreyes.com\/mece\/wp-content\/uploads\/2024\/09\/Mecerreyes-Fiestas-de-Acci\u00f3n-de-Gracias-2024-deslizador-acu\u00e1tico-27.jpg 1063w\" sizes=\"(max-width: 1024px) 100vw, 1024px\" \/><\/a><\/figure><\/li><li class=\"blocks-gallery-item\"><figure><a  href=\"https:\/\/www.mecerreyes.com\/mece\/wp-content\/uploads\/2024\/09\/Mecerreyes-Fiestas-de-Acci\u00f3n-de-Gracias-2024-deslizador-acu\u00e1tico-28-1024x768.jpg\" class=\"thickbox no_icon\" title=\"\"><img loading=\"lazy\" decoding=\"async\" width=\"1024\" height=\"768\" src=\"https:\/\/www.mecerreyes.com\/mece\/wp-content\/uploads\/2024\/09\/Mecerreyes-Fiestas-de-Acci\u00f3n-de-Gracias-2024-deslizador-acu\u00e1tico-28-1024x768.jpg\" alt=\"\" data-id=\"25650\" data-link=\"https:\/\/www.mecerreyes.com\/mece\/?attachment_id=25650\" class=\"wp-image-25650\" srcset=\"https:\/\/www.mecerreyes.com\/mece\/wp-content\/uploads\/2024\/09\/Mecerreyes-Fiestas-de-Acci\u00f3n-de-Gracias-2024-deslizador-acu\u00e1tico-28-1024x768.jpg 1024w, https:\/\/www.mecerreyes.com\/mece\/wp-content\/uploads\/2024\/09\/Mecerreyes-Fiestas-de-Acci\u00f3n-de-Gracias-2024-deslizador-acu\u00e1tico-28-300x225.jpg 300w, https:\/\/www.mecerreyes.com\/mece\/wp-content\/uploads\/2024\/09\/Mecerreyes-Fiestas-de-Acci\u00f3n-de-Gracias-2024-deslizador-acu\u00e1tico-28-768x576.jpg 768w, https:\/\/www.mecerreyes.com\/mece\/wp-content\/uploads\/2024\/09\/Mecerreyes-Fiestas-de-Acci\u00f3n-de-Gracias-2024-deslizador-acu\u00e1tico-28.jpg 1063w\" sizes=\"(max-width: 1024px) 100vw, 1024px\" \/><\/a><\/figure><\/li><li class=\"blocks-gallery-item\"><figure><a  href=\"https:\/\/www.mecerreyes.com\/mece\/wp-content\/uploads\/2024\/09\/Mecerreyes-Fiestas-de-Acci\u00f3n-de-Gracias-2024-fiesta-de-la-espuma-9-1024x768.jpg\" class=\"thickbox no_icon\" title=\"\"><img loading=\"lazy\" decoding=\"async\" width=\"1024\" height=\"768\" src=\"https:\/\/www.mecerreyes.com\/mece\/wp-content\/uploads\/2024\/09\/Mecerreyes-Fiestas-de-Acci\u00f3n-de-Gracias-2024-fiesta-de-la-espuma-9-1024x768.jpg\" alt=\"\" data-id=\"25651\" data-link=\"https:\/\/www.mecerreyes.com\/mece\/?attachment_id=25651\" class=\"wp-image-25651\" srcset=\"https:\/\/www.mecerreyes.com\/mece\/wp-content\/uploads\/2024\/09\/Mecerreyes-Fiestas-de-Acci\u00f3n-de-Gracias-2024-fiesta-de-la-espuma-9-1024x768.jpg 1024w, https:\/\/www.mecerreyes.com\/mece\/wp-content\/uploads\/2024\/09\/Mecerreyes-Fiestas-de-Acci\u00f3n-de-Gracias-2024-fiesta-de-la-espuma-9-300x225.jpg 300w, https:\/\/www.mecerreyes.com\/mece\/wp-content\/uploads\/2024\/09\/Mecerreyes-Fiestas-de-Acci\u00f3n-de-Gracias-2024-fiesta-de-la-espuma-9-768x576.jpg 768w, https:\/\/www.mecerreyes.com\/mece\/wp-content\/uploads\/2024\/09\/Mecerreyes-Fiestas-de-Acci\u00f3n-de-Gracias-2024-fiesta-de-la-espuma-9.jpg 1063w\" sizes=\"(max-width: 1024px) 100vw, 1024px\" \/><\/a><\/figure><\/li><li class=\"blocks-gallery-item\"><figure><a  href=\"https:\/\/www.mecerreyes.com\/mece\/wp-content\/uploads\/2024\/09\/Mecerreyes-Fiestas-de-Acci\u00f3n-de-Gracias-2024-fiesta-de-la-espuma-1-1024x768.jpg\" class=\"thickbox no_icon\" title=\"\"><img loading=\"lazy\" decoding=\"async\" width=\"1024\" height=\"768\" src=\"https:\/\/www.mecerreyes.com\/mece\/wp-content\/uploads\/2024\/09\/Mecerreyes-Fiestas-de-Acci\u00f3n-de-Gracias-2024-fiesta-de-la-espuma-1-1024x768.jpg\" alt=\"\" data-id=\"25652\" data-link=\"https:\/\/www.mecerreyes.com\/mece\/?attachment_id=25652\" class=\"wp-image-25652\" srcset=\"https:\/\/www.mecerreyes.com\/mece\/wp-content\/uploads\/2024\/09\/Mecerreyes-Fiestas-de-Acci\u00f3n-de-Gracias-2024-fiesta-de-la-espuma-1-1024x768.jpg 1024w, https:\/\/www.mecerreyes.com\/mece\/wp-content\/uploads\/2024\/09\/Mecerreyes-Fiestas-de-Acci\u00f3n-de-Gracias-2024-fiesta-de-la-espuma-1-300x225.jpg 300w, https:\/\/www.mecerreyes.com\/mece\/wp-content\/uploads\/2024\/09\/Mecerreyes-Fiestas-de-Acci\u00f3n-de-Gracias-2024-fiesta-de-la-espuma-1-768x576.jpg 768w, https:\/\/www.mecerreyes.com\/mece\/wp-content\/uploads\/2024\/09\/Mecerreyes-Fiestas-de-Acci\u00f3n-de-Gracias-2024-fiesta-de-la-espuma-1.jpg 1063w\" sizes=\"(max-width: 1024px) 100vw, 1024px\" \/><\/a><\/figure><\/li><li class=\"blocks-gallery-item\"><figure><a  href=\"https:\/\/www.mecerreyes.com\/mece\/wp-content\/uploads\/2024\/09\/Mecerreyes-Fiestas-de-Acci\u00f3n-de-Gracias-2024-fiesta-de-la-espuma-2-1024x768.jpg\" class=\"thickbox no_icon\" title=\"\"><img loading=\"lazy\" decoding=\"async\" width=\"1024\" height=\"768\" src=\"https:\/\/www.mecerreyes.com\/mece\/wp-content\/uploads\/2024\/09\/Mecerreyes-Fiestas-de-Acci\u00f3n-de-Gracias-2024-fiesta-de-la-espuma-2-1024x768.jpg\" alt=\"\" data-id=\"25653\" data-link=\"https:\/\/www.mecerreyes.com\/mece\/?attachment_id=25653\" class=\"wp-image-25653\" srcset=\"https:\/\/www.mecerreyes.com\/mece\/wp-content\/uploads\/2024\/09\/Mecerreyes-Fiestas-de-Acci\u00f3n-de-Gracias-2024-fiesta-de-la-espuma-2-1024x768.jpg 1024w, https:\/\/www.mecerreyes.com\/mece\/wp-content\/uploads\/2024\/09\/Mecerreyes-Fiestas-de-Acci\u00f3n-de-Gracias-2024-fiesta-de-la-espuma-2-300x225.jpg 300w, https:\/\/www.mecerreyes.com\/mece\/wp-content\/uploads\/2024\/09\/Mecerreyes-Fiestas-de-Acci\u00f3n-de-Gracias-2024-fiesta-de-la-espuma-2-768x576.jpg 768w, https:\/\/www.mecerreyes.com\/mece\/wp-content\/uploads\/2024\/09\/Mecerreyes-Fiestas-de-Acci\u00f3n-de-Gracias-2024-fiesta-de-la-espuma-2.jpg 1063w\" sizes=\"(max-width: 1024px) 100vw, 1024px\" \/><\/a><\/figure><\/li><li class=\"blocks-gallery-item\"><figure><a  href=\"https:\/\/www.mecerreyes.com\/mece\/wp-content\/uploads\/2024\/09\/Mecerreyes-Fiestas-de-Acci\u00f3n-de-Gracias-2024-fiesta-de-la-espuma-3-1024x768.jpg\" class=\"thickbox no_icon\" title=\"\"><img loading=\"lazy\" decoding=\"async\" width=\"1024\" height=\"768\" src=\"https:\/\/www.mecerreyes.com\/mece\/wp-content\/uploads\/2024\/09\/Mecerreyes-Fiestas-de-Acci\u00f3n-de-Gracias-2024-fiesta-de-la-espuma-3-1024x768.jpg\" alt=\"\" data-id=\"25654\" data-link=\"https:\/\/www.mecerreyes.com\/mece\/?attachment_id=25654\" class=\"wp-image-25654\" srcset=\"https:\/\/www.mecerreyes.com\/mece\/wp-content\/uploads\/2024\/09\/Mecerreyes-Fiestas-de-Acci\u00f3n-de-Gracias-2024-fiesta-de-la-espuma-3-1024x768.jpg 1024w, https:\/\/www.mecerreyes.com\/mece\/wp-content\/uploads\/2024\/09\/Mecerreyes-Fiestas-de-Acci\u00f3n-de-Gracias-2024-fiesta-de-la-espuma-3-300x225.jpg 300w, https:\/\/www.mecerreyes.com\/mece\/wp-content\/uploads\/2024\/09\/Mecerreyes-Fiestas-de-Acci\u00f3n-de-Gracias-2024-fiesta-de-la-espuma-3-768x576.jpg 768w, https:\/\/www.mecerreyes.com\/mece\/wp-content\/uploads\/2024\/09\/Mecerreyes-Fiestas-de-Acci\u00f3n-de-Gracias-2024-fiesta-de-la-espuma-3.jpg 1063w\" sizes=\"(max-width: 1024px) 100vw, 1024px\" \/><\/a><\/figure><\/li><li class=\"blocks-gallery-item\"><figure><a  href=\"https:\/\/www.mecerreyes.com\/mece\/wp-content\/uploads\/2024\/09\/Mecerreyes-Fiestas-de-Acci\u00f3n-de-Gracias-2024-fiesta-de-la-espuma-4-1024x768.jpg\" class=\"thickbox no_icon\" title=\"\"><img loading=\"lazy\" decoding=\"async\" width=\"1024\" height=\"768\" src=\"https:\/\/www.mecerreyes.com\/mece\/wp-content\/uploads\/2024\/09\/Mecerreyes-Fiestas-de-Acci\u00f3n-de-Gracias-2024-fiesta-de-la-espuma-4-1024x768.jpg\" alt=\"\" data-id=\"25655\" data-link=\"https:\/\/www.mecerreyes.com\/mece\/?attachment_id=25655\" class=\"wp-image-25655\" srcset=\"https:\/\/www.mecerreyes.com\/mece\/wp-content\/uploads\/2024\/09\/Mecerreyes-Fiestas-de-Acci\u00f3n-de-Gracias-2024-fiesta-de-la-espuma-4-1024x768.jpg 1024w, https:\/\/www.mecerreyes.com\/mece\/wp-content\/uploads\/2024\/09\/Mecerreyes-Fiestas-de-Acci\u00f3n-de-Gracias-2024-fiesta-de-la-espuma-4-300x225.jpg 300w, https:\/\/www.mecerreyes.com\/mece\/wp-content\/uploads\/2024\/09\/Mecerreyes-Fiestas-de-Acci\u00f3n-de-Gracias-2024-fiesta-de-la-espuma-4-768x576.jpg 768w, https:\/\/www.mecerreyes.com\/mece\/wp-content\/uploads\/2024\/09\/Mecerreyes-Fiestas-de-Acci\u00f3n-de-Gracias-2024-fiesta-de-la-espuma-4.jpg 1063w\" sizes=\"(max-width: 1024px) 100vw, 1024px\" \/><\/a><\/figure><\/li><li class=\"blocks-gallery-item\"><figure><a  href=\"https:\/\/www.mecerreyes.com\/mece\/wp-content\/uploads\/2024\/09\/Mecerreyes-Fiestas-de-Acci\u00f3n-de-Gracias-2024-fiesta-de-la-espuma-5-1024x768.jpg\" class=\"thickbox no_icon\" title=\"\"><img loading=\"lazy\" decoding=\"async\" width=\"1024\" height=\"768\" src=\"https:\/\/www.mecerreyes.com\/mece\/wp-content\/uploads\/2024\/09\/Mecerreyes-Fiestas-de-Acci\u00f3n-de-Gracias-2024-fiesta-de-la-espuma-5-1024x768.jpg\" alt=\"\" data-id=\"25656\" data-link=\"https:\/\/www.mecerreyes.com\/mece\/?attachment_id=25656\" class=\"wp-image-25656\" srcset=\"https:\/\/www.mecerreyes.com\/mece\/wp-content\/uploads\/2024\/09\/Mecerreyes-Fiestas-de-Acci\u00f3n-de-Gracias-2024-fiesta-de-la-espuma-5-1024x768.jpg 1024w, https:\/\/www.mecerreyes.com\/mece\/wp-content\/uploads\/2024\/09\/Mecerreyes-Fiestas-de-Acci\u00f3n-de-Gracias-2024-fiesta-de-la-espuma-5-300x225.jpg 300w, https:\/\/www.mecerreyes.com\/mece\/wp-content\/uploads\/2024\/09\/Mecerreyes-Fiestas-de-Acci\u00f3n-de-Gracias-2024-fiesta-de-la-espuma-5-768x576.jpg 768w, https:\/\/www.mecerreyes.com\/mece\/wp-content\/uploads\/2024\/09\/Mecerreyes-Fiestas-de-Acci\u00f3n-de-Gracias-2024-fiesta-de-la-espuma-5.jpg 1063w\" sizes=\"(max-width: 1024px) 100vw, 1024px\" \/><\/a><\/figure><\/li><li class=\"blocks-gallery-item\"><figure><a  href=\"https:\/\/www.mecerreyes.com\/mece\/wp-content\/uploads\/2024\/09\/Mecerreyes-Fiestas-de-Acci\u00f3n-de-Gracias-2024-fiesta-de-la-espuma-6-1024x768.jpg\" class=\"thickbox no_icon\" title=\"\"><img loading=\"lazy\" decoding=\"async\" width=\"1024\" height=\"768\" src=\"https:\/\/www.mecerreyes.com\/mece\/wp-content\/uploads\/2024\/09\/Mecerreyes-Fiestas-de-Acci\u00f3n-de-Gracias-2024-fiesta-de-la-espuma-6-1024x768.jpg\" alt=\"\" data-id=\"25657\" data-link=\"https:\/\/www.mecerreyes.com\/mece\/?attachment_id=25657\" class=\"wp-image-25657\" srcset=\"https:\/\/www.mecerreyes.com\/mece\/wp-content\/uploads\/2024\/09\/Mecerreyes-Fiestas-de-Acci\u00f3n-de-Gracias-2024-fiesta-de-la-espuma-6-1024x768.jpg 1024w, https:\/\/www.mecerreyes.com\/mece\/wp-content\/uploads\/2024\/09\/Mecerreyes-Fiestas-de-Acci\u00f3n-de-Gracias-2024-fiesta-de-la-espuma-6-300x225.jpg 300w, https:\/\/www.mecerreyes.com\/mece\/wp-content\/uploads\/2024\/09\/Mecerreyes-Fiestas-de-Acci\u00f3n-de-Gracias-2024-fiesta-de-la-espuma-6-768x576.jpg 768w, https:\/\/www.mecerreyes.com\/mece\/wp-content\/uploads\/2024\/09\/Mecerreyes-Fiestas-de-Acci\u00f3n-de-Gracias-2024-fiesta-de-la-espuma-6.jpg 1063w\" sizes=\"(max-width: 1024px) 100vw, 1024px\" \/><\/a><\/figure><\/li><li class=\"blocks-gallery-item\"><figure><a  href=\"https:\/\/www.mecerreyes.com\/mece\/wp-content\/uploads\/2024\/09\/Mecerreyes-Fiestas-de-Acci\u00f3n-de-Gracias-2024-fiesta-de-la-espuma-7-1024x768.jpg\" class=\"thickbox no_icon\" title=\"\"><img loading=\"lazy\" decoding=\"async\" width=\"1024\" height=\"768\" src=\"https:\/\/www.mecerreyes.com\/mece\/wp-content\/uploads\/2024\/09\/Mecerreyes-Fiestas-de-Acci\u00f3n-de-Gracias-2024-fiesta-de-la-espuma-7-1024x768.jpg\" alt=\"\" data-id=\"25658\" data-link=\"https:\/\/www.mecerreyes.com\/mece\/?attachment_id=25658\" class=\"wp-image-25658\" srcset=\"https:\/\/www.mecerreyes.com\/mece\/wp-content\/uploads\/2024\/09\/Mecerreyes-Fiestas-de-Acci\u00f3n-de-Gracias-2024-fiesta-de-la-espuma-7-1024x768.jpg 1024w, https:\/\/www.mecerreyes.com\/mece\/wp-content\/uploads\/2024\/09\/Mecerreyes-Fiestas-de-Acci\u00f3n-de-Gracias-2024-fiesta-de-la-espuma-7-300x225.jpg 300w, https:\/\/www.mecerreyes.com\/mece\/wp-content\/uploads\/2024\/09\/Mecerreyes-Fiestas-de-Acci\u00f3n-de-Gracias-2024-fiesta-de-la-espuma-7-768x576.jpg 768w, https:\/\/www.mecerreyes.com\/mece\/wp-content\/uploads\/2024\/09\/Mecerreyes-Fiestas-de-Acci\u00f3n-de-Gracias-2024-fiesta-de-la-espuma-7.jpg 1063w\" sizes=\"(max-width: 1024px) 100vw, 1024px\" \/><\/a><\/figure><\/li><li class=\"blocks-gallery-item\"><figure><a  href=\"https:\/\/www.mecerreyes.com\/mece\/wp-content\/uploads\/2024\/09\/Mecerreyes-Fiestas-de-Acci\u00f3n-de-Gracias-2024-fiesta-de-la-espuma-8-1024x768.jpg\" class=\"thickbox no_icon\" title=\"\"><img loading=\"lazy\" decoding=\"async\" width=\"1024\" height=\"768\" src=\"https:\/\/www.mecerreyes.com\/mece\/wp-content\/uploads\/2024\/09\/Mecerreyes-Fiestas-de-Acci\u00f3n-de-Gracias-2024-fiesta-de-la-espuma-8-1024x768.jpg\" alt=\"\" data-id=\"25659\" data-link=\"https:\/\/www.mecerreyes.com\/mece\/?attachment_id=25659\" class=\"wp-image-25659\" srcset=\"https:\/\/www.mecerreyes.com\/mece\/wp-content\/uploads\/2024\/09\/Mecerreyes-Fiestas-de-Acci\u00f3n-de-Gracias-2024-fiesta-de-la-espuma-8-1024x768.jpg 1024w, https:\/\/www.mecerreyes.com\/mece\/wp-content\/uploads\/2024\/09\/Mecerreyes-Fiestas-de-Acci\u00f3n-de-Gracias-2024-fiesta-de-la-espuma-8-300x225.jpg 300w, https:\/\/www.mecerreyes.com\/mece\/wp-content\/uploads\/2024\/09\/Mecerreyes-Fiestas-de-Acci\u00f3n-de-Gracias-2024-fiesta-de-la-espuma-8-768x576.jpg 768w, https:\/\/www.mecerreyes.com\/mece\/wp-content\/uploads\/2024\/09\/Mecerreyes-Fiestas-de-Acci\u00f3n-de-Gracias-2024-fiesta-de-la-espuma-8.jpg 1063w\" sizes=\"(max-width: 1024px) 100vw, 1024px\" \/><\/a><\/figure><\/li><li class=\"blocks-gallery-item\"><figure><a  href=\"https:\/\/www.mecerreyes.com\/mece\/wp-content\/uploads\/2024\/09\/Mecerreyes-Fiestas-de-Acci\u00f3n-de-Gracias-2024-encierro-infantil-10.jpg\" class=\"thickbox no_icon\" title=\"\"><img loading=\"lazy\" decoding=\"async\" width=\"1024\" height=\"768\" src=\"https:\/\/www.mecerreyes.com\/mece\/wp-content\/uploads\/2024\/09\/Mecerreyes-Fiestas-de-Acci\u00f3n-de-Gracias-2024-encierro-infantil-10-1024x768.jpg\" alt=\"\" data-id=\"25660\" data-full-url=\"https:\/\/www.mecerreyes.com\/mece\/wp-content\/uploads\/2024\/09\/Mecerreyes-Fiestas-de-Acci\u00f3n-de-Gracias-2024-encierro-infantil-10.jpg\" data-link=\"https:\/\/www.mecerreyes.com\/mece\/?attachment_id=25660\" class=\"wp-image-25660\" srcset=\"https:\/\/www.mecerreyes.com\/mece\/wp-content\/uploads\/2024\/09\/Mecerreyes-Fiestas-de-Acci\u00f3n-de-Gracias-2024-encierro-infantil-10-1024x768.jpg 1024w, https:\/\/www.mecerreyes.com\/mece\/wp-content\/uploads\/2024\/09\/Mecerreyes-Fiestas-de-Acci\u00f3n-de-Gracias-2024-encierro-infantil-10-300x225.jpg 300w, https:\/\/www.mecerreyes.com\/mece\/wp-content\/uploads\/2024\/09\/Mecerreyes-Fiestas-de-Acci\u00f3n-de-Gracias-2024-encierro-infantil-10-768x576.jpg 768w, https:\/\/www.mecerreyes.com\/mece\/wp-content\/uploads\/2024\/09\/Mecerreyes-Fiestas-de-Acci\u00f3n-de-Gracias-2024-encierro-infantil-10.jpg 1063w\" sizes=\"(max-width: 1024px) 100vw, 1024px\" \/><\/a><\/figure><\/li><li class=\"blocks-gallery-item\"><figure><a  href=\"https:\/\/www.mecerreyes.com\/mece\/wp-content\/uploads\/2024\/09\/Mecerreyes-Fiestas-de-Acci\u00f3n-de-Gracias-2024-encierro-infantil-1.jpg\" class=\"thickbox no_icon\" title=\"\"><img loading=\"lazy\" decoding=\"async\" width=\"425\" height=\"191\" src=\"https:\/\/www.mecerreyes.com\/mece\/wp-content\/uploads\/2024\/09\/Mecerreyes-Fiestas-de-Acci\u00f3n-de-Gracias-2024-encierro-infantil-1.jpg\" alt=\"\" data-id=\"25661\" data-full-url=\"https:\/\/www.mecerreyes.com\/mece\/wp-content\/uploads\/2024\/09\/Mecerreyes-Fiestas-de-Acci\u00f3n-de-Gracias-2024-encierro-infantil-1.jpg\" data-link=\"https:\/\/www.mecerreyes.com\/mece\/?attachment_id=25661\" class=\"wp-image-25661\" srcset=\"https:\/\/www.mecerreyes.com\/mece\/wp-content\/uploads\/2024\/09\/Mecerreyes-Fiestas-de-Acci\u00f3n-de-Gracias-2024-encierro-infantil-1.jpg 425w, https:\/\/www.mecerreyes.com\/mece\/wp-content\/uploads\/2024\/09\/Mecerreyes-Fiestas-de-Acci\u00f3n-de-Gracias-2024-encierro-infantil-1-300x135.jpg 300w\" sizes=\"(max-width: 425px) 100vw, 425px\" \/><\/a><\/figure><\/li><li class=\"blocks-gallery-item\"><figure><a  href=\"https:\/\/www.mecerreyes.com\/mece\/wp-content\/uploads\/2024\/09\/Mecerreyes-Fiestas-de-Acci\u00f3n-de-Gracias-2024-encierro-infantil-2.jpg\" class=\"thickbox no_icon\" title=\"\"><img loading=\"lazy\" decoding=\"async\" width=\"425\" height=\"191\" src=\"https:\/\/www.mecerreyes.com\/mece\/wp-content\/uploads\/2024\/09\/Mecerreyes-Fiestas-de-Acci\u00f3n-de-Gracias-2024-encierro-infantil-2.jpg\" alt=\"\" data-id=\"25662\" data-full-url=\"https:\/\/www.mecerreyes.com\/mece\/wp-content\/uploads\/2024\/09\/Mecerreyes-Fiestas-de-Acci\u00f3n-de-Gracias-2024-encierro-infantil-2.jpg\" data-link=\"https:\/\/www.mecerreyes.com\/mece\/?attachment_id=25662\" class=\"wp-image-25662\" srcset=\"https:\/\/www.mecerreyes.com\/mece\/wp-content\/uploads\/2024\/09\/Mecerreyes-Fiestas-de-Acci\u00f3n-de-Gracias-2024-encierro-infantil-2.jpg 425w, https:\/\/www.mecerreyes.com\/mece\/wp-content\/uploads\/2024\/09\/Mecerreyes-Fiestas-de-Acci\u00f3n-de-Gracias-2024-encierro-infantil-2-300x135.jpg 300w\" sizes=\"(max-width: 425px) 100vw, 425px\" \/><\/a><\/figure><\/li><li class=\"blocks-gallery-item\"><figure><a  href=\"https:\/\/www.mecerreyes.com\/mece\/wp-content\/uploads\/2024\/09\/Mecerreyes-Fiestas-de-Acci\u00f3n-de-Gracias-2024-encierro-infantil-3.jpg\" class=\"thickbox no_icon\" title=\"\"><img loading=\"lazy\" decoding=\"async\" width=\"1024\" height=\"768\" src=\"https:\/\/www.mecerreyes.com\/mece\/wp-content\/uploads\/2024\/09\/Mecerreyes-Fiestas-de-Acci\u00f3n-de-Gracias-2024-encierro-infantil-3-1024x768.jpg\" alt=\"\" data-id=\"25663\" data-full-url=\"https:\/\/www.mecerreyes.com\/mece\/wp-content\/uploads\/2024\/09\/Mecerreyes-Fiestas-de-Acci\u00f3n-de-Gracias-2024-encierro-infantil-3.jpg\" data-link=\"https:\/\/www.mecerreyes.com\/mece\/?attachment_id=25663\" class=\"wp-image-25663\" srcset=\"https:\/\/www.mecerreyes.com\/mece\/wp-content\/uploads\/2024\/09\/Mecerreyes-Fiestas-de-Acci\u00f3n-de-Gracias-2024-encierro-infantil-3-1024x768.jpg 1024w, https:\/\/www.mecerreyes.com\/mece\/wp-content\/uploads\/2024\/09\/Mecerreyes-Fiestas-de-Acci\u00f3n-de-Gracias-2024-encierro-infantil-3-300x225.jpg 300w, https:\/\/www.mecerreyes.com\/mece\/wp-content\/uploads\/2024\/09\/Mecerreyes-Fiestas-de-Acci\u00f3n-de-Gracias-2024-encierro-infantil-3-768x576.jpg 768w, https:\/\/www.mecerreyes.com\/mece\/wp-content\/uploads\/2024\/09\/Mecerreyes-Fiestas-de-Acci\u00f3n-de-Gracias-2024-encierro-infantil-3.jpg 1063w\" sizes=\"(max-width: 1024px) 100vw, 1024px\" \/><\/a><\/figure><\/li><li class=\"blocks-gallery-item\"><figure><a  href=\"https:\/\/www.mecerreyes.com\/mece\/wp-content\/uploads\/2024\/09\/Mecerreyes-Fiestas-de-Acci\u00f3n-de-Gracias-2024-encierro-infantil-4.jpg\" class=\"thickbox no_icon\" title=\"\"><img loading=\"lazy\" decoding=\"async\" width=\"1024\" height=\"768\" src=\"https:\/\/www.mecerreyes.com\/mece\/wp-content\/uploads\/2024\/09\/Mecerreyes-Fiestas-de-Acci\u00f3n-de-Gracias-2024-encierro-infantil-4-1024x768.jpg\" alt=\"\" data-id=\"25664\" data-full-url=\"https:\/\/www.mecerreyes.com\/mece\/wp-content\/uploads\/2024\/09\/Mecerreyes-Fiestas-de-Acci\u00f3n-de-Gracias-2024-encierro-infantil-4.jpg\" data-link=\"https:\/\/www.mecerreyes.com\/mece\/?attachment_id=25664\" class=\"wp-image-25664\" srcset=\"https:\/\/www.mecerreyes.com\/mece\/wp-content\/uploads\/2024\/09\/Mecerreyes-Fiestas-de-Acci\u00f3n-de-Gracias-2024-encierro-infantil-4-1024x768.jpg 1024w, https:\/\/www.mecerreyes.com\/mece\/wp-content\/uploads\/2024\/09\/Mecerreyes-Fiestas-de-Acci\u00f3n-de-Gracias-2024-encierro-infantil-4-300x225.jpg 300w, https:\/\/www.mecerreyes.com\/mece\/wp-content\/uploads\/2024\/09\/Mecerreyes-Fiestas-de-Acci\u00f3n-de-Gracias-2024-encierro-infantil-4-768x576.jpg 768w, https:\/\/www.mecerreyes.com\/mece\/wp-content\/uploads\/2024\/09\/Mecerreyes-Fiestas-de-Acci\u00f3n-de-Gracias-2024-encierro-infantil-4.jpg 1063w\" sizes=\"(max-width: 1024px) 100vw, 1024px\" \/><\/a><\/figure><\/li><li class=\"blocks-gallery-item\"><figure><a  href=\"https:\/\/www.mecerreyes.com\/mece\/wp-content\/uploads\/2024\/09\/Mecerreyes-Fiestas-de-Acci\u00f3n-de-Gracias-2024-encierro-infantil-5.jpg\" class=\"thickbox no_icon\" title=\"\"><img loading=\"lazy\" decoding=\"async\" width=\"1024\" height=\"768\" src=\"https:\/\/www.mecerreyes.com\/mece\/wp-content\/uploads\/2024\/09\/Mecerreyes-Fiestas-de-Acci\u00f3n-de-Gracias-2024-encierro-infantil-5-1024x768.jpg\" alt=\"\" data-id=\"25665\" data-full-url=\"https:\/\/www.mecerreyes.com\/mece\/wp-content\/uploads\/2024\/09\/Mecerreyes-Fiestas-de-Acci\u00f3n-de-Gracias-2024-encierro-infantil-5.jpg\" data-link=\"https:\/\/www.mecerreyes.com\/mece\/?attachment_id=25665\" class=\"wp-image-25665\" srcset=\"https:\/\/www.mecerreyes.com\/mece\/wp-content\/uploads\/2024\/09\/Mecerreyes-Fiestas-de-Acci\u00f3n-de-Gracias-2024-encierro-infantil-5-1024x768.jpg 1024w, https:\/\/www.mecerreyes.com\/mece\/wp-content\/uploads\/2024\/09\/Mecerreyes-Fiestas-de-Acci\u00f3n-de-Gracias-2024-encierro-infantil-5-300x225.jpg 300w, https:\/\/www.mecerreyes.com\/mece\/wp-content\/uploads\/2024\/09\/Mecerreyes-Fiestas-de-Acci\u00f3n-de-Gracias-2024-encierro-infantil-5-768x576.jpg 768w, https:\/\/www.mecerreyes.com\/mece\/wp-content\/uploads\/2024\/09\/Mecerreyes-Fiestas-de-Acci\u00f3n-de-Gracias-2024-encierro-infantil-5.jpg 1063w\" sizes=\"(max-width: 1024px) 100vw, 1024px\" \/><\/a><\/figure><\/li><li class=\"blocks-gallery-item\"><figure><a  href=\"https:\/\/www.mecerreyes.com\/mece\/wp-content\/uploads\/2024\/09\/Mecerreyes-Fiestas-de-Acci\u00f3n-de-Gracias-2024-encierro-infantil-6.jpg\" class=\"thickbox no_icon\" title=\"\"><img loading=\"lazy\" decoding=\"async\" width=\"1024\" height=\"768\" src=\"https:\/\/www.mecerreyes.com\/mece\/wp-content\/uploads\/2024\/09\/Mecerreyes-Fiestas-de-Acci\u00f3n-de-Gracias-2024-encierro-infantil-6-1024x768.jpg\" alt=\"\" data-id=\"25666\" data-full-url=\"https:\/\/www.mecerreyes.com\/mece\/wp-content\/uploads\/2024\/09\/Mecerreyes-Fiestas-de-Acci\u00f3n-de-Gracias-2024-encierro-infantil-6.jpg\" data-link=\"https:\/\/www.mecerreyes.com\/mece\/?attachment_id=25666\" class=\"wp-image-25666\" srcset=\"https:\/\/www.mecerreyes.com\/mece\/wp-content\/uploads\/2024\/09\/Mecerreyes-Fiestas-de-Acci\u00f3n-de-Gracias-2024-encierro-infantil-6-1024x768.jpg 1024w, https:\/\/www.mecerreyes.com\/mece\/wp-content\/uploads\/2024\/09\/Mecerreyes-Fiestas-de-Acci\u00f3n-de-Gracias-2024-encierro-infantil-6-300x225.jpg 300w, https:\/\/www.mecerreyes.com\/mece\/wp-content\/uploads\/2024\/09\/Mecerreyes-Fiestas-de-Acci\u00f3n-de-Gracias-2024-encierro-infantil-6-768x576.jpg 768w, https:\/\/www.mecerreyes.com\/mece\/wp-content\/uploads\/2024\/09\/Mecerreyes-Fiestas-de-Acci\u00f3n-de-Gracias-2024-encierro-infantil-6.jpg 1063w\" sizes=\"(max-width: 1024px) 100vw, 1024px\" \/><\/a><\/figure><\/li><li class=\"blocks-gallery-item\"><figure><a  href=\"https:\/\/www.mecerreyes.com\/mece\/wp-content\/uploads\/2024\/09\/Mecerreyes-Fiestas-de-Acci\u00f3n-de-Gracias-2024-encierro-infantil-7.jpg\" class=\"thickbox no_icon\" title=\"\"><img loading=\"lazy\" decoding=\"async\" width=\"1024\" height=\"768\" src=\"https:\/\/www.mecerreyes.com\/mece\/wp-content\/uploads\/2024\/09\/Mecerreyes-Fiestas-de-Acci\u00f3n-de-Gracias-2024-encierro-infantil-7-1024x768.jpg\" alt=\"\" data-id=\"25667\" data-full-url=\"https:\/\/www.mecerreyes.com\/mece\/wp-content\/uploads\/2024\/09\/Mecerreyes-Fiestas-de-Acci\u00f3n-de-Gracias-2024-encierro-infantil-7.jpg\" data-link=\"https:\/\/www.mecerreyes.com\/mece\/?attachment_id=25667\" class=\"wp-image-25667\" srcset=\"https:\/\/www.mecerreyes.com\/mece\/wp-content\/uploads\/2024\/09\/Mecerreyes-Fiestas-de-Acci\u00f3n-de-Gracias-2024-encierro-infantil-7-1024x768.jpg 1024w, https:\/\/www.mecerreyes.com\/mece\/wp-content\/uploads\/2024\/09\/Mecerreyes-Fiestas-de-Acci\u00f3n-de-Gracias-2024-encierro-infantil-7-300x225.jpg 300w, https:\/\/www.mecerreyes.com\/mece\/wp-content\/uploads\/2024\/09\/Mecerreyes-Fiestas-de-Acci\u00f3n-de-Gracias-2024-encierro-infantil-7-768x576.jpg 768w, https:\/\/www.mecerreyes.com\/mece\/wp-content\/uploads\/2024\/09\/Mecerreyes-Fiestas-de-Acci\u00f3n-de-Gracias-2024-encierro-infantil-7.jpg 1063w\" sizes=\"(max-width: 1024px) 100vw, 1024px\" \/><\/a><\/figure><\/li><li class=\"blocks-gallery-item\"><figure><a  href=\"https:\/\/www.mecerreyes.com\/mece\/wp-content\/uploads\/2024\/09\/Mecerreyes-Fiestas-de-Acci\u00f3n-de-Gracias-2024-encierro-infantil-8.jpg\" class=\"thickbox no_icon\" title=\"\"><img loading=\"lazy\" decoding=\"async\" width=\"1024\" height=\"768\" src=\"https:\/\/www.mecerreyes.com\/mece\/wp-content\/uploads\/2024\/09\/Mecerreyes-Fiestas-de-Acci\u00f3n-de-Gracias-2024-encierro-infantil-8-1024x768.jpg\" alt=\"\" data-id=\"25668\" data-full-url=\"https:\/\/www.mecerreyes.com\/mece\/wp-content\/uploads\/2024\/09\/Mecerreyes-Fiestas-de-Acci\u00f3n-de-Gracias-2024-encierro-infantil-8.jpg\" data-link=\"https:\/\/www.mecerreyes.com\/mece\/?attachment_id=25668\" class=\"wp-image-25668\" srcset=\"https:\/\/www.mecerreyes.com\/mece\/wp-content\/uploads\/2024\/09\/Mecerreyes-Fiestas-de-Acci\u00f3n-de-Gracias-2024-encierro-infantil-8-1024x768.jpg 1024w, https:\/\/www.mecerreyes.com\/mece\/wp-content\/uploads\/2024\/09\/Mecerreyes-Fiestas-de-Acci\u00f3n-de-Gracias-2024-encierro-infantil-8-300x225.jpg 300w, https:\/\/www.mecerreyes.com\/mece\/wp-content\/uploads\/2024\/09\/Mecerreyes-Fiestas-de-Acci\u00f3n-de-Gracias-2024-encierro-infantil-8-768x576.jpg 768w, https:\/\/www.mecerreyes.com\/mece\/wp-content\/uploads\/2024\/09\/Mecerreyes-Fiestas-de-Acci\u00f3n-de-Gracias-2024-encierro-infantil-8.jpg 1063w\" sizes=\"(max-width: 1024px) 100vw, 1024px\" \/><\/a><\/figure><\/li><li class=\"blocks-gallery-item\"><figure><a  href=\"https:\/\/www.mecerreyes.com\/mece\/wp-content\/uploads\/2024\/09\/Mecerreyes-Fiestas-de-Acci\u00f3n-de-Gracias-2024-encierro-infantil-9.jpg\" class=\"thickbox no_icon\" title=\"\"><img loading=\"lazy\" decoding=\"async\" width=\"1024\" height=\"768\" src=\"https:\/\/www.mecerreyes.com\/mece\/wp-content\/uploads\/2024\/09\/Mecerreyes-Fiestas-de-Acci\u00f3n-de-Gracias-2024-encierro-infantil-9-1024x768.jpg\" alt=\"\" data-id=\"25669\" data-full-url=\"https:\/\/www.mecerreyes.com\/mece\/wp-content\/uploads\/2024\/09\/Mecerreyes-Fiestas-de-Acci\u00f3n-de-Gracias-2024-encierro-infantil-9.jpg\" data-link=\"https:\/\/www.mecerreyes.com\/mece\/?attachment_id=25669\" class=\"wp-image-25669\" srcset=\"https:\/\/www.mecerreyes.com\/mece\/wp-content\/uploads\/2024\/09\/Mecerreyes-Fiestas-de-Acci\u00f3n-de-Gracias-2024-encierro-infantil-9-1024x768.jpg 1024w, https:\/\/www.mecerreyes.com\/mece\/wp-content\/uploads\/2024\/09\/Mecerreyes-Fiestas-de-Acci\u00f3n-de-Gracias-2024-encierro-infantil-9-300x225.jpg 300w, https:\/\/www.mecerreyes.com\/mece\/wp-content\/uploads\/2024\/09\/Mecerreyes-Fiestas-de-Acci\u00f3n-de-Gracias-2024-encierro-infantil-9-768x576.jpg 768w, https:\/\/www.mecerreyes.com\/mece\/wp-content\/uploads\/2024\/09\/Mecerreyes-Fiestas-de-Acci\u00f3n-de-Gracias-2024-encierro-infantil-9.jpg 1063w\" sizes=\"(max-width: 1024px) 100vw, 1024px\" \/><\/a><\/figure><\/li><\/ul><\/figure>\n\n\n\n<p>a la pe\u00f1a organizadora, con animaciones musicales que favorecieron el consumo en la barra de la pe\u00f1a&nbsp;necesario para sufragar los gastos de fiestas, as\u00ed como la ampliaci\u00f3n de la entrada a la plaza, lo que ha permitido disfrutar de las orquestas en todo su esplendor.<\/p>\n\n\n\n<figure class=\"wp-block-gallery columns-2 is-cropped wp-block-gallery-17 is-layout-flex wp-block-gallery-is-layout-flex\"><ul class=\"blocks-gallery-grid\"><li class=\"blocks-gallery-item\"><figure><a  href=\"https:\/\/www.mecerreyes.com\/mece\/wp-content\/uploads\/2024\/09\/Mecerreyes-2024-Fiestas-de-Acci\u00f3n-de-Gracias-9.jpg\" class=\"thickbox no_icon\" title=\"\"><img loading=\"lazy\" decoding=\"async\" width=\"1024\" height=\"768\" src=\"https:\/\/www.mecerreyes.com\/mece\/wp-content\/uploads\/2024\/09\/Mecerreyes-2024-Fiestas-de-Acci\u00f3n-de-Gracias-9-1024x768.jpg\" alt=\"\" data-id=\"25670\" data-full-url=\"https:\/\/www.mecerreyes.com\/mece\/wp-content\/uploads\/2024\/09\/Mecerreyes-2024-Fiestas-de-Acci\u00f3n-de-Gracias-9.jpg\" data-link=\"https:\/\/www.mecerreyes.com\/mece\/?attachment_id=25670\" class=\"wp-image-25670\" srcset=\"https:\/\/www.mecerreyes.com\/mece\/wp-content\/uploads\/2024\/09\/Mecerreyes-2024-Fiestas-de-Acci\u00f3n-de-Gracias-9-1024x768.jpg 1024w, https:\/\/www.mecerreyes.com\/mece\/wp-content\/uploads\/2024\/09\/Mecerreyes-2024-Fiestas-de-Acci\u00f3n-de-Gracias-9-300x225.jpg 300w, https:\/\/www.mecerreyes.com\/mece\/wp-content\/uploads\/2024\/09\/Mecerreyes-2024-Fiestas-de-Acci\u00f3n-de-Gracias-9-768x576.jpg 768w, https:\/\/www.mecerreyes.com\/mece\/wp-content\/uploads\/2024\/09\/Mecerreyes-2024-Fiestas-de-Acci\u00f3n-de-Gracias-9.jpg 1063w\" sizes=\"(max-width: 1024px) 100vw, 1024px\" \/><\/a><\/figure><\/li><li class=\"blocks-gallery-item\"><figure><a  href=\"https:\/\/www.mecerreyes.com\/mece\/wp-content\/uploads\/2024\/09\/Mecerreyes-2024-Fiestas-de-Acci\u00f3n-de-Gracias-1.jpg\" class=\"thickbox no_icon\" title=\"\"><img loading=\"lazy\" decoding=\"async\" width=\"425\" height=\"191\" src=\"https:\/\/www.mecerreyes.com\/mece\/wp-content\/uploads\/2024\/09\/Mecerreyes-2024-Fiestas-de-Acci\u00f3n-de-Gracias-1.jpg\" alt=\"\" data-id=\"25671\" data-full-url=\"https:\/\/www.mecerreyes.com\/mece\/wp-content\/uploads\/2024\/09\/Mecerreyes-2024-Fiestas-de-Acci\u00f3n-de-Gracias-1.jpg\" data-link=\"https:\/\/www.mecerreyes.com\/mece\/?attachment_id=25671\" class=\"wp-image-25671\" srcset=\"https:\/\/www.mecerreyes.com\/mece\/wp-content\/uploads\/2024\/09\/Mecerreyes-2024-Fiestas-de-Acci\u00f3n-de-Gracias-1.jpg 425w, https:\/\/www.mecerreyes.com\/mece\/wp-content\/uploads\/2024\/09\/Mecerreyes-2024-Fiestas-de-Acci\u00f3n-de-Gracias-1-300x135.jpg 300w\" sizes=\"(max-width: 425px) 100vw, 425px\" \/><\/a><\/figure><\/li><li class=\"blocks-gallery-item\"><figure><a  href=\"https:\/\/www.mecerreyes.com\/mece\/wp-content\/uploads\/2024\/09\/Mecerreyes-2024-Fiestas-de-Acci\u00f3n-de-Gracias-2.jpg\" class=\"thickbox no_icon\" title=\"\"><img loading=\"lazy\" decoding=\"async\" width=\"425\" height=\"191\" src=\"https:\/\/www.mecerreyes.com\/mece\/wp-content\/uploads\/2024\/09\/Mecerreyes-2024-Fiestas-de-Acci\u00f3n-de-Gracias-2.jpg\" alt=\"\" data-id=\"25672\" data-full-url=\"https:\/\/www.mecerreyes.com\/mece\/wp-content\/uploads\/2024\/09\/Mecerreyes-2024-Fiestas-de-Acci\u00f3n-de-Gracias-2.jpg\" data-link=\"https:\/\/www.mecerreyes.com\/mece\/?attachment_id=25672\" class=\"wp-image-25672\" srcset=\"https:\/\/www.mecerreyes.com\/mece\/wp-content\/uploads\/2024\/09\/Mecerreyes-2024-Fiestas-de-Acci\u00f3n-de-Gracias-2.jpg 425w, https:\/\/www.mecerreyes.com\/mece\/wp-content\/uploads\/2024\/09\/Mecerreyes-2024-Fiestas-de-Acci\u00f3n-de-Gracias-2-300x135.jpg 300w\" sizes=\"(max-width: 425px) 100vw, 425px\" \/><\/a><\/figure><\/li><li class=\"blocks-gallery-item\"><figure><a  href=\"https:\/\/www.mecerreyes.com\/mece\/wp-content\/uploads\/2024\/09\/Mecerreyes-2024-Fiestas-de-Acci\u00f3n-de-Gracias-3.jpg\" class=\"thickbox no_icon\" title=\"\"><img loading=\"lazy\" decoding=\"async\" width=\"425\" height=\"191\" src=\"https:\/\/www.mecerreyes.com\/mece\/wp-content\/uploads\/2024\/09\/Mecerreyes-2024-Fiestas-de-Acci\u00f3n-de-Gracias-3.jpg\" alt=\"\" data-id=\"25673\" data-full-url=\"https:\/\/www.mecerreyes.com\/mece\/wp-content\/uploads\/2024\/09\/Mecerreyes-2024-Fiestas-de-Acci\u00f3n-de-Gracias-3.jpg\" data-link=\"https:\/\/www.mecerreyes.com\/mece\/?attachment_id=25673\" class=\"wp-image-25673\" srcset=\"https:\/\/www.mecerreyes.com\/mece\/wp-content\/uploads\/2024\/09\/Mecerreyes-2024-Fiestas-de-Acci\u00f3n-de-Gracias-3.jpg 425w, https:\/\/www.mecerreyes.com\/mece\/wp-content\/uploads\/2024\/09\/Mecerreyes-2024-Fiestas-de-Acci\u00f3n-de-Gracias-3-300x135.jpg 300w\" sizes=\"(max-width: 425px) 100vw, 425px\" \/><\/a><\/figure><\/li><li class=\"blocks-gallery-item\"><figure><a  href=\"https:\/\/www.mecerreyes.com\/mece\/wp-content\/uploads\/2024\/09\/Mecerreyes-2024-Fiestas-de-Acci\u00f3n-de-Gracias-4.jpg\" class=\"thickbox no_icon\" title=\"\"><img loading=\"lazy\" decoding=\"async\" width=\"425\" height=\"191\" src=\"https:\/\/www.mecerreyes.com\/mece\/wp-content\/uploads\/2024\/09\/Mecerreyes-2024-Fiestas-de-Acci\u00f3n-de-Gracias-4.jpg\" alt=\"\" data-id=\"25674\" data-full-url=\"https:\/\/www.mecerreyes.com\/mece\/wp-content\/uploads\/2024\/09\/Mecerreyes-2024-Fiestas-de-Acci\u00f3n-de-Gracias-4.jpg\" data-link=\"https:\/\/www.mecerreyes.com\/mece\/?attachment_id=25674\" class=\"wp-image-25674\" srcset=\"https:\/\/www.mecerreyes.com\/mece\/wp-content\/uploads\/2024\/09\/Mecerreyes-2024-Fiestas-de-Acci\u00f3n-de-Gracias-4.jpg 425w, https:\/\/www.mecerreyes.com\/mece\/wp-content\/uploads\/2024\/09\/Mecerreyes-2024-Fiestas-de-Acci\u00f3n-de-Gracias-4-300x135.jpg 300w\" sizes=\"(max-width: 425px) 100vw, 425px\" \/><\/a><\/figure><\/li><li class=\"blocks-gallery-item\"><figure><a  href=\"https:\/\/www.mecerreyes.com\/mece\/wp-content\/uploads\/2024\/09\/Mecerreyes-2024-Fiestas-de-Acci\u00f3n-de-Gracias-5.jpg\" class=\"thickbox no_icon\" title=\"\"><img loading=\"lazy\" decoding=\"async\" width=\"425\" height=\"191\" src=\"https:\/\/www.mecerreyes.com\/mece\/wp-content\/uploads\/2024\/09\/Mecerreyes-2024-Fiestas-de-Acci\u00f3n-de-Gracias-5.jpg\" alt=\"\" data-id=\"25675\" data-full-url=\"https:\/\/www.mecerreyes.com\/mece\/wp-content\/uploads\/2024\/09\/Mecerreyes-2024-Fiestas-de-Acci\u00f3n-de-Gracias-5.jpg\" data-link=\"https:\/\/www.mecerreyes.com\/mece\/?attachment_id=25675\" class=\"wp-image-25675\" srcset=\"https:\/\/www.mecerreyes.com\/mece\/wp-content\/uploads\/2024\/09\/Mecerreyes-2024-Fiestas-de-Acci\u00f3n-de-Gracias-5.jpg 425w, https:\/\/www.mecerreyes.com\/mece\/wp-content\/uploads\/2024\/09\/Mecerreyes-2024-Fiestas-de-Acci\u00f3n-de-Gracias-5-300x135.jpg 300w\" sizes=\"(max-width: 425px) 100vw, 425px\" \/><\/a><\/figure><\/li><li class=\"blocks-gallery-item\"><figure><a  href=\"https:\/\/www.mecerreyes.com\/mece\/wp-content\/uploads\/2024\/09\/Mecerreyes-2024-Fiestas-de-Acci\u00f3n-de-Gracias-6.jpg\" class=\"thickbox no_icon\" title=\"\"><img loading=\"lazy\" decoding=\"async\" width=\"425\" height=\"191\" src=\"https:\/\/www.mecerreyes.com\/mece\/wp-content\/uploads\/2024\/09\/Mecerreyes-2024-Fiestas-de-Acci\u00f3n-de-Gracias-6.jpg\" alt=\"\" data-id=\"25676\" data-full-url=\"https:\/\/www.mecerreyes.com\/mece\/wp-content\/uploads\/2024\/09\/Mecerreyes-2024-Fiestas-de-Acci\u00f3n-de-Gracias-6.jpg\" data-link=\"https:\/\/www.mecerreyes.com\/mece\/?attachment_id=25676\" class=\"wp-image-25676\" srcset=\"https:\/\/www.mecerreyes.com\/mece\/wp-content\/uploads\/2024\/09\/Mecerreyes-2024-Fiestas-de-Acci\u00f3n-de-Gracias-6.jpg 425w, https:\/\/www.mecerreyes.com\/mece\/wp-content\/uploads\/2024\/09\/Mecerreyes-2024-Fiestas-de-Acci\u00f3n-de-Gracias-6-300x135.jpg 300w\" sizes=\"(max-width: 425px) 100vw, 425px\" \/><\/a><\/figure><\/li><li class=\"blocks-gallery-item\"><figure><a  href=\"https:\/\/www.mecerreyes.com\/mece\/wp-content\/uploads\/2024\/09\/Mecerreyes-2024-Fiestas-de-Acci\u00f3n-de-Gracias-7.jpg\" class=\"thickbox no_icon\" title=\"\"><img loading=\"lazy\" decoding=\"async\" width=\"425\" height=\"191\" src=\"https:\/\/www.mecerreyes.com\/mece\/wp-content\/uploads\/2024\/09\/Mecerreyes-2024-Fiestas-de-Acci\u00f3n-de-Gracias-7.jpg\" alt=\"\" data-id=\"25677\" data-full-url=\"https:\/\/www.mecerreyes.com\/mece\/wp-content\/uploads\/2024\/09\/Mecerreyes-2024-Fiestas-de-Acci\u00f3n-de-Gracias-7.jpg\" data-link=\"https:\/\/www.mecerreyes.com\/mece\/?attachment_id=25677\" class=\"wp-image-25677\" srcset=\"https:\/\/www.mecerreyes.com\/mece\/wp-content\/uploads\/2024\/09\/Mecerreyes-2024-Fiestas-de-Acci\u00f3n-de-Gracias-7.jpg 425w, https:\/\/www.mecerreyes.com\/mece\/wp-content\/uploads\/2024\/09\/Mecerreyes-2024-Fiestas-de-Acci\u00f3n-de-Gracias-7-300x135.jpg 300w\" sizes=\"(max-width: 425px) 100vw, 425px\" \/><\/a><\/figure><\/li><li class=\"blocks-gallery-item\"><figure><a  href=\"https:\/\/www.mecerreyes.com\/mece\/wp-content\/uploads\/2024\/09\/Mecerreyes-2024-Fiestas-de-Acci\u00f3n-de-Gracias-8.jpg\" class=\"thickbox no_icon\" title=\"\"><img loading=\"lazy\" decoding=\"async\" width=\"1024\" height=\"768\" src=\"https:\/\/www.mecerreyes.com\/mece\/wp-content\/uploads\/2024\/09\/Mecerreyes-2024-Fiestas-de-Acci\u00f3n-de-Gracias-8-1024x768.jpg\" alt=\"\" data-id=\"25678\" data-full-url=\"https:\/\/www.mecerreyes.com\/mece\/wp-content\/uploads\/2024\/09\/Mecerreyes-2024-Fiestas-de-Acci\u00f3n-de-Gracias-8.jpg\" data-link=\"https:\/\/www.mecerreyes.com\/mece\/?attachment_id=25678\" class=\"wp-image-25678\" srcset=\"https:\/\/www.mecerreyes.com\/mece\/wp-content\/uploads\/2024\/09\/Mecerreyes-2024-Fiestas-de-Acci\u00f3n-de-Gracias-8-1024x768.jpg 1024w, https:\/\/www.mecerreyes.com\/mece\/wp-content\/uploads\/2024\/09\/Mecerreyes-2024-Fiestas-de-Acci\u00f3n-de-Gracias-8-300x225.jpg 300w, https:\/\/www.mecerreyes.com\/mece\/wp-content\/uploads\/2024\/09\/Mecerreyes-2024-Fiestas-de-Acci\u00f3n-de-Gracias-8-768x576.jpg 768w, https:\/\/www.mecerreyes.com\/mece\/wp-content\/uploads\/2024\/09\/Mecerreyes-2024-Fiestas-de-Acci\u00f3n-de-Gracias-8.jpg 1063w\" sizes=\"(max-width: 1024px) 100vw, 1024px\" \/><\/a><\/figure><\/li><\/ul><\/figure>\n\n\n\n<p>y a las autoridades de los pueblos de la comarca y vicepresidenta de la Diputaci\u00f3n de Burgos, quienes fueron invitados a la procesi\u00f3n, eucarist\u00eda del s\u00e1bado y a un vino espa\u00f1ol tal y como se hac\u00eda a\u00f1os atr\u00e1s. <\/p>\n\n\n\n<figure class=\"wp-block-gallery columns-2 is-cropped wp-block-gallery-18 is-layout-flex wp-block-gallery-is-layout-flex\"><ul class=\"blocks-gallery-grid\"><li class=\"blocks-gallery-item\"><figure><a  href=\"https:\/\/www.mecerreyes.com\/mece\/wp-content\/uploads\/2024\/09\/Mecerreyes-Fiestas-de-Acci\u00f3n-de-Gracias-2024-autoridades-5.jpg\" class=\"thickbox no_icon\" title=\"\"><img loading=\"lazy\" decoding=\"async\" width=\"1024\" height=\"853\" src=\"https:\/\/www.mecerreyes.com\/mece\/wp-content\/uploads\/2024\/09\/Mecerreyes-Fiestas-de-Acci\u00f3n-de-Gracias-2024-autoridades-5-1024x853.jpg\" alt=\"\" data-id=\"25598\" data-full-url=\"https:\/\/www.mecerreyes.com\/mece\/wp-content\/uploads\/2024\/09\/Mecerreyes-Fiestas-de-Acci\u00f3n-de-Gracias-2024-autoridades-5.jpg\" data-link=\"https:\/\/www.mecerreyes.com\/mece\/?attachment_id=25598\" class=\"wp-image-25598\" srcset=\"https:\/\/www.mecerreyes.com\/mece\/wp-content\/uploads\/2024\/09\/Mecerreyes-Fiestas-de-Acci\u00f3n-de-Gracias-2024-autoridades-5-1024x853.jpg 1024w, https:\/\/www.mecerreyes.com\/mece\/wp-content\/uploads\/2024\/09\/Mecerreyes-Fiestas-de-Acci\u00f3n-de-Gracias-2024-autoridades-5-300x250.jpg 300w, https:\/\/www.mecerreyes.com\/mece\/wp-content\/uploads\/2024\/09\/Mecerreyes-Fiestas-de-Acci\u00f3n-de-Gracias-2024-autoridades-5-768x640.jpg 768w, https:\/\/www.mecerreyes.com\/mece\/wp-content\/uploads\/2024\/09\/Mecerreyes-Fiestas-de-Acci\u00f3n-de-Gracias-2024-autoridades-5-1080x900.jpg 1080w, https:\/\/www.mecerreyes.com\/mece\/wp-content\/uploads\/2024\/09\/Mecerreyes-Fiestas-de-Acci\u00f3n-de-Gracias-2024-autoridades-5.jpg 1417w\" sizes=\"(max-width: 1024px) 100vw, 1024px\" \/><\/a><\/figure><\/li><li class=\"blocks-gallery-item\"><figure><a  href=\"https:\/\/www.mecerreyes.com\/mece\/wp-content\/uploads\/2024\/09\/Mecerreyes-Fiestas-de-Acci\u00f3n-de-Gracias-2024-autoridades-1.jpg\" class=\"thickbox no_icon\" title=\"\"><img loading=\"lazy\" decoding=\"async\" width=\"1024\" height=\"630\" src=\"https:\/\/www.mecerreyes.com\/mece\/wp-content\/uploads\/2024\/09\/Mecerreyes-Fiestas-de-Acci\u00f3n-de-Gracias-2024-autoridades-1-1024x630.jpg\" alt=\"\" data-id=\"25594\" data-full-url=\"https:\/\/www.mecerreyes.com\/mece\/wp-content\/uploads\/2024\/09\/Mecerreyes-Fiestas-de-Acci\u00f3n-de-Gracias-2024-autoridades-1.jpg\" data-link=\"https:\/\/www.mecerreyes.com\/mece\/?attachment_id=25594\" class=\"wp-image-25594\" srcset=\"https:\/\/www.mecerreyes.com\/mece\/wp-content\/uploads\/2024\/09\/Mecerreyes-Fiestas-de-Acci\u00f3n-de-Gracias-2024-autoridades-1-1024x630.jpg 1024w, https:\/\/www.mecerreyes.com\/mece\/wp-content\/uploads\/2024\/09\/Mecerreyes-Fiestas-de-Acci\u00f3n-de-Gracias-2024-autoridades-1-300x185.jpg 300w, https:\/\/www.mecerreyes.com\/mece\/wp-content\/uploads\/2024\/09\/Mecerreyes-Fiestas-de-Acci\u00f3n-de-Gracias-2024-autoridades-1-768x473.jpg 768w, https:\/\/www.mecerreyes.com\/mece\/wp-content\/uploads\/2024\/09\/Mecerreyes-Fiestas-de-Acci\u00f3n-de-Gracias-2024-autoridades-1-1080x665.jpg 1080w, https:\/\/www.mecerreyes.com\/mece\/wp-content\/uploads\/2024\/09\/Mecerreyes-Fiestas-de-Acci\u00f3n-de-Gracias-2024-autoridades-1.jpg 1417w\" sizes=\"(max-width: 1024px) 100vw, 1024px\" \/><\/a><\/figure><\/li><li class=\"blocks-gallery-item\"><figure><a  href=\"https:\/\/www.mecerreyes.com\/mece\/wp-content\/uploads\/2024\/09\/Mecerreyes-Fiestas-de-Acci\u00f3n-de-Gracias-2024-autoridades-2.jpg\" class=\"thickbox no_icon\" title=\"\"><img loading=\"lazy\" decoding=\"async\" width=\"1024\" height=\"620\" src=\"https:\/\/www.mecerreyes.com\/mece\/wp-content\/uploads\/2024\/09\/Mecerreyes-Fiestas-de-Acci\u00f3n-de-Gracias-2024-autoridades-2-1024x620.jpg\" alt=\"\" data-id=\"25595\" data-full-url=\"https:\/\/www.mecerreyes.com\/mece\/wp-content\/uploads\/2024\/09\/Mecerreyes-Fiestas-de-Acci\u00f3n-de-Gracias-2024-autoridades-2.jpg\" data-link=\"https:\/\/www.mecerreyes.com\/mece\/?attachment_id=25595\" class=\"wp-image-25595\" srcset=\"https:\/\/www.mecerreyes.com\/mece\/wp-content\/uploads\/2024\/09\/Mecerreyes-Fiestas-de-Acci\u00f3n-de-Gracias-2024-autoridades-2-1024x620.jpg 1024w, https:\/\/www.mecerreyes.com\/mece\/wp-content\/uploads\/2024\/09\/Mecerreyes-Fiestas-de-Acci\u00f3n-de-Gracias-2024-autoridades-2-300x182.jpg 300w, https:\/\/www.mecerreyes.com\/mece\/wp-content\/uploads\/2024\/09\/Mecerreyes-Fiestas-de-Acci\u00f3n-de-Gracias-2024-autoridades-2-768x465.jpg 768w, https:\/\/www.mecerreyes.com\/mece\/wp-content\/uploads\/2024\/09\/Mecerreyes-Fiestas-de-Acci\u00f3n-de-Gracias-2024-autoridades-2-1080x654.jpg 1080w, https:\/\/www.mecerreyes.com\/mece\/wp-content\/uploads\/2024\/09\/Mecerreyes-Fiestas-de-Acci\u00f3n-de-Gracias-2024-autoridades-2.jpg 1417w\" sizes=\"(max-width: 1024px) 100vw, 1024px\" \/><\/a><\/figure><\/li><li class=\"blocks-gallery-item\"><figure><a  href=\"https:\/\/www.mecerreyes.com\/mece\/wp-content\/uploads\/2024\/09\/Mecerreyes-Fiestas-de-Acci\u00f3n-de-Gracias-2024-autoridades-3.jpg\" class=\"thickbox no_icon\" title=\"\"><img loading=\"lazy\" decoding=\"async\" width=\"764\" height=\"1024\" src=\"https:\/\/www.mecerreyes.com\/mece\/wp-content\/uploads\/2024\/09\/Mecerreyes-Fiestas-de-Acci\u00f3n-de-Gracias-2024-autoridades-3-764x1024.jpg\" alt=\"\" data-id=\"25596\" data-full-url=\"https:\/\/www.mecerreyes.com\/mece\/wp-content\/uploads\/2024\/09\/Mecerreyes-Fiestas-de-Acci\u00f3n-de-Gracias-2024-autoridades-3.jpg\" data-link=\"https:\/\/www.mecerreyes.com\/mece\/?attachment_id=25596\" class=\"wp-image-25596\" srcset=\"https:\/\/www.mecerreyes.com\/mece\/wp-content\/uploads\/2024\/09\/Mecerreyes-Fiestas-de-Acci\u00f3n-de-Gracias-2024-autoridades-3-764x1024.jpg 764w, https:\/\/www.mecerreyes.com\/mece\/wp-content\/uploads\/2024\/09\/Mecerreyes-Fiestas-de-Acci\u00f3n-de-Gracias-2024-autoridades-3-224x300.jpg 224w, https:\/\/www.mecerreyes.com\/mece\/wp-content\/uploads\/2024\/09\/Mecerreyes-Fiestas-de-Acci\u00f3n-de-Gracias-2024-autoridades-3-768x1029.jpg 768w, https:\/\/www.mecerreyes.com\/mece\/wp-content\/uploads\/2024\/09\/Mecerreyes-Fiestas-de-Acci\u00f3n-de-Gracias-2024-autoridades-3-1147x1536.jpg 1147w, https:\/\/www.mecerreyes.com\/mece\/wp-content\/uploads\/2024\/09\/Mecerreyes-Fiestas-de-Acci\u00f3n-de-Gracias-2024-autoridades-3-1080x1447.jpg 1080w, https:\/\/www.mecerreyes.com\/mece\/wp-content\/uploads\/2024\/09\/Mecerreyes-Fiestas-de-Acci\u00f3n-de-Gracias-2024-autoridades-3.jpg 1417w\" sizes=\"(max-width: 764px) 100vw, 764px\" \/><\/a><\/figure><\/li><li class=\"blocks-gallery-item\"><figure><a  href=\"https:\/\/www.mecerreyes.com\/mece\/wp-content\/uploads\/2024\/09\/Mecerreyes-Fiestas-de-Acci\u00f3n-de-Gracias-2024-autoridades-4.jpg\" class=\"thickbox no_icon\" title=\"\"><img loading=\"lazy\" decoding=\"async\" width=\"1024\" height=\"616\" src=\"https:\/\/www.mecerreyes.com\/mece\/wp-content\/uploads\/2024\/09\/Mecerreyes-Fiestas-de-Acci\u00f3n-de-Gracias-2024-autoridades-4-1024x616.jpg\" alt=\"\" data-id=\"25597\" data-full-url=\"https:\/\/www.mecerreyes.com\/mece\/wp-content\/uploads\/2024\/09\/Mecerreyes-Fiestas-de-Acci\u00f3n-de-Gracias-2024-autoridades-4.jpg\" data-link=\"https:\/\/www.mecerreyes.com\/mece\/?attachment_id=25597\" class=\"wp-image-25597\" srcset=\"https:\/\/www.mecerreyes.com\/mece\/wp-content\/uploads\/2024\/09\/Mecerreyes-Fiestas-de-Acci\u00f3n-de-Gracias-2024-autoridades-4-1024x616.jpg 1024w, https:\/\/www.mecerreyes.com\/mece\/wp-content\/uploads\/2024\/09\/Mecerreyes-Fiestas-de-Acci\u00f3n-de-Gracias-2024-autoridades-4-300x181.jpg 300w, https:\/\/www.mecerreyes.com\/mece\/wp-content\/uploads\/2024\/09\/Mecerreyes-Fiestas-de-Acci\u00f3n-de-Gracias-2024-autoridades-4-768x462.jpg 768w, https:\/\/www.mecerreyes.com\/mece\/wp-content\/uploads\/2024\/09\/Mecerreyes-Fiestas-de-Acci\u00f3n-de-Gracias-2024-autoridades-4-1080x650.jpg 1080w, https:\/\/www.mecerreyes.com\/mece\/wp-content\/uploads\/2024\/09\/Mecerreyes-Fiestas-de-Acci\u00f3n-de-Gracias-2024-autoridades-4-627x376.jpg 627w, https:\/\/www.mecerreyes.com\/mece\/wp-content\/uploads\/2024\/09\/Mecerreyes-Fiestas-de-Acci\u00f3n-de-Gracias-2024-autoridades-4-440x264.jpg 440w, https:\/\/www.mecerreyes.com\/mece\/wp-content\/uploads\/2024\/09\/Mecerreyes-Fiestas-de-Acci\u00f3n-de-Gracias-2024-autoridades-4.jpg 1417w\" sizes=\"(max-width: 1024px) 100vw, 1024px\" \/><\/a><\/figure><\/li><li class=\"blocks-gallery-item\"><figure><a  href=\"https:\/\/www.mecerreyes.com\/mece\/wp-content\/uploads\/2024\/09\/Mecerreyes-Fiestas-de-Acci\u00f3n-de-Gracias-2024-autoridades-6.jpg\" class=\"thickbox no_icon\" title=\"\"><img loading=\"lazy\" decoding=\"async\" width=\"1024\" height=\"483\" src=\"https:\/\/www.mecerreyes.com\/mece\/wp-content\/uploads\/2024\/09\/Mecerreyes-Fiestas-de-Acci\u00f3n-de-Gracias-2024-autoridades-6-1024x483.jpg\" alt=\"\" data-id=\"25593\" data-full-url=\"https:\/\/www.mecerreyes.com\/mece\/wp-content\/uploads\/2024\/09\/Mecerreyes-Fiestas-de-Acci\u00f3n-de-Gracias-2024-autoridades-6.jpg\" data-link=\"https:\/\/www.mecerreyes.com\/mece\/?attachment_id=25593\" class=\"wp-image-25593\" srcset=\"https:\/\/www.mecerreyes.com\/mece\/wp-content\/uploads\/2024\/09\/Mecerreyes-Fiestas-de-Acci\u00f3n-de-Gracias-2024-autoridades-6-1024x483.jpg 1024w, https:\/\/www.mecerreyes.com\/mece\/wp-content\/uploads\/2024\/09\/Mecerreyes-Fiestas-de-Acci\u00f3n-de-Gracias-2024-autoridades-6-300x142.jpg 300w, https:\/\/www.mecerreyes.com\/mece\/wp-content\/uploads\/2024\/09\/Mecerreyes-Fiestas-de-Acci\u00f3n-de-Gracias-2024-autoridades-6-768x363.jpg 768w, https:\/\/www.mecerreyes.com\/mece\/wp-content\/uploads\/2024\/09\/Mecerreyes-Fiestas-de-Acci\u00f3n-de-Gracias-2024-autoridades-6-1080x510.jpg 1080w, https:\/\/www.mecerreyes.com\/mece\/wp-content\/uploads\/2024\/09\/Mecerreyes-Fiestas-de-Acci\u00f3n-de-Gracias-2024-autoridades-6.jpg 1417w\" sizes=\"(max-width: 1024px) 100vw, 1024px\" \/><\/a><\/figure><\/li><\/ul><\/figure>\n\n\n\n<p>El domingo finaliz\u00f3 con la entrega de premios para toda la cantidad de concursos realizados durante las fiestas, y los agradecimientos por la ayuda prestada.<\/p>\n\n\n\n<figure class=\"wp-block-gallery columns-2 is-cropped wp-block-gallery-19 is-layout-flex wp-block-gallery-is-layout-flex\"><ul class=\"blocks-gallery-grid\"><li class=\"blocks-gallery-item\"><figure><a  href=\"https:\/\/www.mecerreyes.com\/mece\/wp-content\/uploads\/2024\/09\/Mecerreyes-Fiestas-de-Acci\u00f3n-de-Gracias-entrega-de-premios-2024-1.jpg\" class=\"thickbox no_icon\" title=\"\"><img loading=\"lazy\" decoding=\"async\" width=\"425\" height=\"191\" src=\"https:\/\/www.mecerreyes.com\/mece\/wp-content\/uploads\/2024\/09\/Mecerreyes-Fiestas-de-Acci\u00f3n-de-Gracias-entrega-de-premios-2024-1.jpg\" alt=\"\" data-id=\"25685\" data-full-url=\"https:\/\/www.mecerreyes.com\/mece\/wp-content\/uploads\/2024\/09\/Mecerreyes-Fiestas-de-Acci\u00f3n-de-Gracias-entrega-de-premios-2024-1.jpg\" data-link=\"https:\/\/www.mecerreyes.com\/mece\/?attachment_id=25685\" class=\"wp-image-25685\" srcset=\"https:\/\/www.mecerreyes.com\/mece\/wp-content\/uploads\/2024\/09\/Mecerreyes-Fiestas-de-Acci\u00f3n-de-Gracias-entrega-de-premios-2024-1.jpg 425w, https:\/\/www.mecerreyes.com\/mece\/wp-content\/uploads\/2024\/09\/Mecerreyes-Fiestas-de-Acci\u00f3n-de-Gracias-entrega-de-premios-2024-1-300x135.jpg 300w\" sizes=\"(max-width: 425px) 100vw, 425px\" \/><\/a><\/figure><\/li><li class=\"blocks-gallery-item\"><figure><a  href=\"https:\/\/www.mecerreyes.com\/mece\/wp-content\/uploads\/2024\/09\/Mecerreyes-Fiestas-de-Acci\u00f3n-de-Gracias-entrega-de-premios-2024-2.jpg\" class=\"thickbox no_icon\" title=\"\"><img loading=\"lazy\" decoding=\"async\" width=\"425\" height=\"191\" src=\"https:\/\/www.mecerreyes.com\/mece\/wp-content\/uploads\/2024\/09\/Mecerreyes-Fiestas-de-Acci\u00f3n-de-Gracias-entrega-de-premios-2024-2.jpg\" alt=\"\" data-id=\"25686\" data-full-url=\"https:\/\/www.mecerreyes.com\/mece\/wp-content\/uploads\/2024\/09\/Mecerreyes-Fiestas-de-Acci\u00f3n-de-Gracias-entrega-de-premios-2024-2.jpg\" data-link=\"https:\/\/www.mecerreyes.com\/mece\/?attachment_id=25686\" class=\"wp-image-25686\" srcset=\"https:\/\/www.mecerreyes.com\/mece\/wp-content\/uploads\/2024\/09\/Mecerreyes-Fiestas-de-Acci\u00f3n-de-Gracias-entrega-de-premios-2024-2.jpg 425w, https:\/\/www.mecerreyes.com\/mece\/wp-content\/uploads\/2024\/09\/Mecerreyes-Fiestas-de-Acci\u00f3n-de-Gracias-entrega-de-premios-2024-2-300x135.jpg 300w\" sizes=\"(max-width: 425px) 100vw, 425px\" \/><\/a><\/figure><\/li><li class=\"blocks-gallery-item\"><figure><a  href=\"https:\/\/www.mecerreyes.com\/mece\/wp-content\/uploads\/2024\/09\/Mecerreyes-Fiestas-de-Acci\u00f3n-de-Gracias-entrega-de-premios-2024-3.jpg\" class=\"thickbox no_icon\" title=\"\"><img loading=\"lazy\" decoding=\"async\" width=\"425\" height=\"191\" src=\"https:\/\/www.mecerreyes.com\/mece\/wp-content\/uploads\/2024\/09\/Mecerreyes-Fiestas-de-Acci\u00f3n-de-Gracias-entrega-de-premios-2024-3.jpg\" alt=\"\" data-id=\"25687\" data-full-url=\"https:\/\/www.mecerreyes.com\/mece\/wp-content\/uploads\/2024\/09\/Mecerreyes-Fiestas-de-Acci\u00f3n-de-Gracias-entrega-de-premios-2024-3.jpg\" data-link=\"https:\/\/www.mecerreyes.com\/mece\/?attachment_id=25687\" class=\"wp-image-25687\" srcset=\"https:\/\/www.mecerreyes.com\/mece\/wp-content\/uploads\/2024\/09\/Mecerreyes-Fiestas-de-Acci\u00f3n-de-Gracias-entrega-de-premios-2024-3.jpg 425w, https:\/\/www.mecerreyes.com\/mece\/wp-content\/uploads\/2024\/09\/Mecerreyes-Fiestas-de-Acci\u00f3n-de-Gracias-entrega-de-premios-2024-3-300x135.jpg 300w\" sizes=\"(max-width: 425px) 100vw, 425px\" \/><\/a><\/figure><\/li><li class=\"blocks-gallery-item\"><figure><a  href=\"https:\/\/www.mecerreyes.com\/mece\/wp-content\/uploads\/2024\/09\/Mecerreyes-Fiestas-de-Acci\u00f3n-de-Gracias-entrega-de-premios-2024-5.jpg\" class=\"thickbox no_icon\" title=\"\"><img loading=\"lazy\" decoding=\"async\" width=\"1024\" height=\"768\" src=\"https:\/\/www.mecerreyes.com\/mece\/wp-content\/uploads\/2024\/09\/Mecerreyes-Fiestas-de-Acci\u00f3n-de-Gracias-entrega-de-premios-2024-5-1024x768.jpg\" alt=\"\" data-id=\"25689\" data-full-url=\"https:\/\/www.mecerreyes.com\/mece\/wp-content\/uploads\/2024\/09\/Mecerreyes-Fiestas-de-Acci\u00f3n-de-Gracias-entrega-de-premios-2024-5.jpg\" data-link=\"https:\/\/www.mecerreyes.com\/mece\/?attachment_id=25689\" class=\"wp-image-25689\" srcset=\"https:\/\/www.mecerreyes.com\/mece\/wp-content\/uploads\/2024\/09\/Mecerreyes-Fiestas-de-Acci\u00f3n-de-Gracias-entrega-de-premios-2024-5-1024x768.jpg 1024w, https:\/\/www.mecerreyes.com\/mece\/wp-content\/uploads\/2024\/09\/Mecerreyes-Fiestas-de-Acci\u00f3n-de-Gracias-entrega-de-premios-2024-5-300x225.jpg 300w, https:\/\/www.mecerreyes.com\/mece\/wp-content\/uploads\/2024\/09\/Mecerreyes-Fiestas-de-Acci\u00f3n-de-Gracias-entrega-de-premios-2024-5-768x576.jpg 768w, https:\/\/www.mecerreyes.com\/mece\/wp-content\/uploads\/2024\/09\/Mecerreyes-Fiestas-de-Acci\u00f3n-de-Gracias-entrega-de-premios-2024-5.jpg 1063w\" sizes=\"(max-width: 1024px) 100vw, 1024px\" \/><\/a><\/figure><\/li><li class=\"blocks-gallery-item\"><figure><a  href=\"https:\/\/www.mecerreyes.com\/mece\/wp-content\/uploads\/2024\/09\/Mecerreyes-Fiestas-de-Acci\u00f3n-de-Gracias-entrega-de-premios-2024-6.jpg\" class=\"thickbox no_icon\" title=\"\"><img loading=\"lazy\" decoding=\"async\" width=\"1024\" height=\"768\" src=\"https:\/\/www.mecerreyes.com\/mece\/wp-content\/uploads\/2024\/09\/Mecerreyes-Fiestas-de-Acci\u00f3n-de-Gracias-entrega-de-premios-2024-6-1024x768.jpg\" alt=\"\" data-id=\"25690\" data-full-url=\"https:\/\/www.mecerreyes.com\/mece\/wp-content\/uploads\/2024\/09\/Mecerreyes-Fiestas-de-Acci\u00f3n-de-Gracias-entrega-de-premios-2024-6.jpg\" data-link=\"https:\/\/www.mecerreyes.com\/mece\/?attachment_id=25690\" class=\"wp-image-25690\" srcset=\"https:\/\/www.mecerreyes.com\/mece\/wp-content\/uploads\/2024\/09\/Mecerreyes-Fiestas-de-Acci\u00f3n-de-Gracias-entrega-de-premios-2024-6-1024x768.jpg 1024w, https:\/\/www.mecerreyes.com\/mece\/wp-content\/uploads\/2024\/09\/Mecerreyes-Fiestas-de-Acci\u00f3n-de-Gracias-entrega-de-premios-2024-6-300x225.jpg 300w, https:\/\/www.mecerreyes.com\/mece\/wp-content\/uploads\/2024\/09\/Mecerreyes-Fiestas-de-Acci\u00f3n-de-Gracias-entrega-de-premios-2024-6-768x576.jpg 768w, https:\/\/www.mecerreyes.com\/mece\/wp-content\/uploads\/2024\/09\/Mecerreyes-Fiestas-de-Acci\u00f3n-de-Gracias-entrega-de-premios-2024-6.jpg 1063w\" sizes=\"(max-width: 1024px) 100vw, 1024px\" \/><\/a><\/figure><\/li><li class=\"blocks-gallery-item\"><figure><a  href=\"https:\/\/www.mecerreyes.com\/mece\/wp-content\/uploads\/2024\/09\/Mecerreyes-Fiestas-de-Acci\u00f3n-de-Gracias-entrega-de-premios-2024-7.jpg\" class=\"thickbox no_icon\" title=\"\"><img loading=\"lazy\" decoding=\"async\" width=\"1024\" height=\"768\" src=\"https:\/\/www.mecerreyes.com\/mece\/wp-content\/uploads\/2024\/09\/Mecerreyes-Fiestas-de-Acci\u00f3n-de-Gracias-entrega-de-premios-2024-7-1024x768.jpg\" alt=\"\" data-id=\"25691\" data-full-url=\"https:\/\/www.mecerreyes.com\/mece\/wp-content\/uploads\/2024\/09\/Mecerreyes-Fiestas-de-Acci\u00f3n-de-Gracias-entrega-de-premios-2024-7.jpg\" data-link=\"https:\/\/www.mecerreyes.com\/mece\/?attachment_id=25691\" class=\"wp-image-25691\" srcset=\"https:\/\/www.mecerreyes.com\/mece\/wp-content\/uploads\/2024\/09\/Mecerreyes-Fiestas-de-Acci\u00f3n-de-Gracias-entrega-de-premios-2024-7-1024x768.jpg 1024w, https:\/\/www.mecerreyes.com\/mece\/wp-content\/uploads\/2024\/09\/Mecerreyes-Fiestas-de-Acci\u00f3n-de-Gracias-entrega-de-premios-2024-7-300x225.jpg 300w, https:\/\/www.mecerreyes.com\/mece\/wp-content\/uploads\/2024\/09\/Mecerreyes-Fiestas-de-Acci\u00f3n-de-Gracias-entrega-de-premios-2024-7-768x576.jpg 768w, https:\/\/www.mecerreyes.com\/mece\/wp-content\/uploads\/2024\/09\/Mecerreyes-Fiestas-de-Acci\u00f3n-de-Gracias-entrega-de-premios-2024-7.jpg 1063w\" sizes=\"(max-width: 1024px) 100vw, 1024px\" \/><\/a><\/figure><\/li><li class=\"blocks-gallery-item\"><figure><a  href=\"https:\/\/www.mecerreyes.com\/mece\/wp-content\/uploads\/2024\/09\/Mecerreyes-Fiestas-de-Acci\u00f3n-de-Gracias-entrega-de-premios-2024-8.jpg\" class=\"thickbox no_icon\" title=\"\"><img loading=\"lazy\" decoding=\"async\" width=\"1024\" height=\"768\" src=\"https:\/\/www.mecerreyes.com\/mece\/wp-content\/uploads\/2024\/09\/Mecerreyes-Fiestas-de-Acci\u00f3n-de-Gracias-entrega-de-premios-2024-8-1024x768.jpg\" alt=\"\" data-id=\"25692\" data-full-url=\"https:\/\/www.mecerreyes.com\/mece\/wp-content\/uploads\/2024\/09\/Mecerreyes-Fiestas-de-Acci\u00f3n-de-Gracias-entrega-de-premios-2024-8.jpg\" data-link=\"https:\/\/www.mecerreyes.com\/mece\/?attachment_id=25692\" class=\"wp-image-25692\" srcset=\"https:\/\/www.mecerreyes.com\/mece\/wp-content\/uploads\/2024\/09\/Mecerreyes-Fiestas-de-Acci\u00f3n-de-Gracias-entrega-de-premios-2024-8-1024x768.jpg 1024w, https:\/\/www.mecerreyes.com\/mece\/wp-content\/uploads\/2024\/09\/Mecerreyes-Fiestas-de-Acci\u00f3n-de-Gracias-entrega-de-premios-2024-8-300x225.jpg 300w, https:\/\/www.mecerreyes.com\/mece\/wp-content\/uploads\/2024\/09\/Mecerreyes-Fiestas-de-Acci\u00f3n-de-Gracias-entrega-de-premios-2024-8-768x576.jpg 768w, https:\/\/www.mecerreyes.com\/mece\/wp-content\/uploads\/2024\/09\/Mecerreyes-Fiestas-de-Acci\u00f3n-de-Gracias-entrega-de-premios-2024-8.jpg 1063w\" sizes=\"(max-width: 1024px) 100vw, 1024px\" \/><\/a><\/figure><\/li><li class=\"blocks-gallery-item\"><figure><a  href=\"https:\/\/www.mecerreyes.com\/mece\/wp-content\/uploads\/2024\/09\/Mecerreyes-Fiestas-de-Acci\u00f3n-de-Gracias-entrega-de-premios-2024-9.jpg\" class=\"thickbox no_icon\" title=\"\"><img loading=\"lazy\" decoding=\"async\" width=\"1024\" height=\"768\" src=\"https:\/\/www.mecerreyes.com\/mece\/wp-content\/uploads\/2024\/09\/Mecerreyes-Fiestas-de-Acci\u00f3n-de-Gracias-entrega-de-premios-2024-9-1024x768.jpg\" alt=\"\" data-id=\"25693\" data-full-url=\"https:\/\/www.mecerreyes.com\/mece\/wp-content\/uploads\/2024\/09\/Mecerreyes-Fiestas-de-Acci\u00f3n-de-Gracias-entrega-de-premios-2024-9.jpg\" data-link=\"https:\/\/www.mecerreyes.com\/mece\/?attachment_id=25693\" class=\"wp-image-25693\" srcset=\"https:\/\/www.mecerreyes.com\/mece\/wp-content\/uploads\/2024\/09\/Mecerreyes-Fiestas-de-Acci\u00f3n-de-Gracias-entrega-de-premios-2024-9-1024x768.jpg 1024w, https:\/\/www.mecerreyes.com\/mece\/wp-content\/uploads\/2024\/09\/Mecerreyes-Fiestas-de-Acci\u00f3n-de-Gracias-entrega-de-premios-2024-9-300x225.jpg 300w, https:\/\/www.mecerreyes.com\/mece\/wp-content\/uploads\/2024\/09\/Mecerreyes-Fiestas-de-Acci\u00f3n-de-Gracias-entrega-de-premios-2024-9-768x576.jpg 768w, https:\/\/www.mecerreyes.com\/mece\/wp-content\/uploads\/2024\/09\/Mecerreyes-Fiestas-de-Acci\u00f3n-de-Gracias-entrega-de-premios-2024-9.jpg 1063w\" sizes=\"(max-width: 1024px) 100vw, 1024px\" \/><\/a><\/figure><\/li><li class=\"blocks-gallery-item\"><figure><a  href=\"https:\/\/www.mecerreyes.com\/mece\/wp-content\/uploads\/2024\/09\/Mecerreyes-Fiestas-de-Acci\u00f3n-de-Gracias-entrega-de-premios-2024-10.jpg\" class=\"thickbox no_icon\" title=\"\"><img loading=\"lazy\" decoding=\"async\" width=\"1024\" height=\"768\" src=\"https:\/\/www.mecerreyes.com\/mece\/wp-content\/uploads\/2024\/09\/Mecerreyes-Fiestas-de-Acci\u00f3n-de-Gracias-entrega-de-premios-2024-10-1024x768.jpg\" alt=\"\" data-id=\"25694\" data-full-url=\"https:\/\/www.mecerreyes.com\/mece\/wp-content\/uploads\/2024\/09\/Mecerreyes-Fiestas-de-Acci\u00f3n-de-Gracias-entrega-de-premios-2024-10.jpg\" data-link=\"https:\/\/www.mecerreyes.com\/mece\/?attachment_id=25694\" class=\"wp-image-25694\" srcset=\"https:\/\/www.mecerreyes.com\/mece\/wp-content\/uploads\/2024\/09\/Mecerreyes-Fiestas-de-Acci\u00f3n-de-Gracias-entrega-de-premios-2024-10-1024x768.jpg 1024w, https:\/\/www.mecerreyes.com\/mece\/wp-content\/uploads\/2024\/09\/Mecerreyes-Fiestas-de-Acci\u00f3n-de-Gracias-entrega-de-premios-2024-10-300x225.jpg 300w, https:\/\/www.mecerreyes.com\/mece\/wp-content\/uploads\/2024\/09\/Mecerreyes-Fiestas-de-Acci\u00f3n-de-Gracias-entrega-de-premios-2024-10-768x576.jpg 768w, https:\/\/www.mecerreyes.com\/mece\/wp-content\/uploads\/2024\/09\/Mecerreyes-Fiestas-de-Acci\u00f3n-de-Gracias-entrega-de-premios-2024-10.jpg 1063w\" sizes=\"(max-width: 1024px) 100vw, 1024px\" \/><\/a><\/figure><\/li><li class=\"blocks-gallery-item\"><figure><a  href=\"https:\/\/www.mecerreyes.com\/mece\/wp-content\/uploads\/2024\/09\/Mecerreyes-Fiestas-de-Acci\u00f3n-de-Gracias-entrega-de-premios-2024-11.jpg\" class=\"thickbox no_icon\" title=\"\"><img loading=\"lazy\" decoding=\"async\" width=\"1024\" height=\"768\" src=\"https:\/\/www.mecerreyes.com\/mece\/wp-content\/uploads\/2024\/09\/Mecerreyes-Fiestas-de-Acci\u00f3n-de-Gracias-entrega-de-premios-2024-11-1024x768.jpg\" alt=\"\" data-id=\"25695\" data-full-url=\"https:\/\/www.mecerreyes.com\/mece\/wp-content\/uploads\/2024\/09\/Mecerreyes-Fiestas-de-Acci\u00f3n-de-Gracias-entrega-de-premios-2024-11.jpg\" data-link=\"https:\/\/www.mecerreyes.com\/mece\/?attachment_id=25695\" class=\"wp-image-25695\" srcset=\"https:\/\/www.mecerreyes.com\/mece\/wp-content\/uploads\/2024\/09\/Mecerreyes-Fiestas-de-Acci\u00f3n-de-Gracias-entrega-de-premios-2024-11-1024x768.jpg 1024w, https:\/\/www.mecerreyes.com\/mece\/wp-content\/uploads\/2024\/09\/Mecerreyes-Fiestas-de-Acci\u00f3n-de-Gracias-entrega-de-premios-2024-11-300x225.jpg 300w, https:\/\/www.mecerreyes.com\/mece\/wp-content\/uploads\/2024\/09\/Mecerreyes-Fiestas-de-Acci\u00f3n-de-Gracias-entrega-de-premios-2024-11-768x576.jpg 768w, https:\/\/www.mecerreyes.com\/mece\/wp-content\/uploads\/2024\/09\/Mecerreyes-Fiestas-de-Acci\u00f3n-de-Gracias-entrega-de-premios-2024-11.jpg 1063w\" sizes=\"(max-width: 1024px) 100vw, 1024px\" \/><\/a><\/figure><\/li><li class=\"blocks-gallery-item\"><figure><a  href=\"https:\/\/www.mecerreyes.com\/mece\/wp-content\/uploads\/2024\/09\/Mecerreyes-Fiestas-de-Acci\u00f3n-de-Gracias-entrega-de-premios-2024-12.jpg\" class=\"thickbox no_icon\" title=\"\"><img loading=\"lazy\" decoding=\"async\" width=\"1024\" height=\"768\" src=\"https:\/\/www.mecerreyes.com\/mece\/wp-content\/uploads\/2024\/09\/Mecerreyes-Fiestas-de-Acci\u00f3n-de-Gracias-entrega-de-premios-2024-12-1024x768.jpg\" alt=\"\" data-id=\"25696\" data-full-url=\"https:\/\/www.mecerreyes.com\/mece\/wp-content\/uploads\/2024\/09\/Mecerreyes-Fiestas-de-Acci\u00f3n-de-Gracias-entrega-de-premios-2024-12.jpg\" data-link=\"https:\/\/www.mecerreyes.com\/mece\/?attachment_id=25696\" class=\"wp-image-25696\" srcset=\"https:\/\/www.mecerreyes.com\/mece\/wp-content\/uploads\/2024\/09\/Mecerreyes-Fiestas-de-Acci\u00f3n-de-Gracias-entrega-de-premios-2024-12-1024x768.jpg 1024w, https:\/\/www.mecerreyes.com\/mece\/wp-content\/uploads\/2024\/09\/Mecerreyes-Fiestas-de-Acci\u00f3n-de-Gracias-entrega-de-premios-2024-12-300x225.jpg 300w, https:\/\/www.mecerreyes.com\/mece\/wp-content\/uploads\/2024\/09\/Mecerreyes-Fiestas-de-Acci\u00f3n-de-Gracias-entrega-de-premios-2024-12-768x576.jpg 768w, https:\/\/www.mecerreyes.com\/mece\/wp-content\/uploads\/2024\/09\/Mecerreyes-Fiestas-de-Acci\u00f3n-de-Gracias-entrega-de-premios-2024-12.jpg 1063w\" sizes=\"(max-width: 1024px) 100vw, 1024px\" \/><\/a><\/figure><\/li><li class=\"blocks-gallery-item\"><figure><a  href=\"https:\/\/www.mecerreyes.com\/mece\/wp-content\/uploads\/2024\/09\/Mecerreyes-Fiestas-de-Acci\u00f3n-de-Gracias-entrega-de-premios-2024-13.jpg\" class=\"thickbox no_icon\" title=\"\"><img loading=\"lazy\" decoding=\"async\" width=\"1024\" height=\"768\" src=\"https:\/\/www.mecerreyes.com\/mece\/wp-content\/uploads\/2024\/09\/Mecerreyes-Fiestas-de-Acci\u00f3n-de-Gracias-entrega-de-premios-2024-13-1024x768.jpg\" alt=\"\" data-id=\"25697\" data-full-url=\"https:\/\/www.mecerreyes.com\/mece\/wp-content\/uploads\/2024\/09\/Mecerreyes-Fiestas-de-Acci\u00f3n-de-Gracias-entrega-de-premios-2024-13.jpg\" data-link=\"https:\/\/www.mecerreyes.com\/mece\/?attachment_id=25697\" class=\"wp-image-25697\" srcset=\"https:\/\/www.mecerreyes.com\/mece\/wp-content\/uploads\/2024\/09\/Mecerreyes-Fiestas-de-Acci\u00f3n-de-Gracias-entrega-de-premios-2024-13-1024x768.jpg 1024w, https:\/\/www.mecerreyes.com\/mece\/wp-content\/uploads\/2024\/09\/Mecerreyes-Fiestas-de-Acci\u00f3n-de-Gracias-entrega-de-premios-2024-13-300x225.jpg 300w, https:\/\/www.mecerreyes.com\/mece\/wp-content\/uploads\/2024\/09\/Mecerreyes-Fiestas-de-Acci\u00f3n-de-Gracias-entrega-de-premios-2024-13-768x576.jpg 768w, https:\/\/www.mecerreyes.com\/mece\/wp-content\/uploads\/2024\/09\/Mecerreyes-Fiestas-de-Acci\u00f3n-de-Gracias-entrega-de-premios-2024-13.jpg 1063w\" sizes=\"(max-width: 1024px) 100vw, 1024px\" \/><\/a><\/figure><\/li><li class=\"blocks-gallery-item\"><figure><a  href=\"https:\/\/www.mecerreyes.com\/mece\/wp-content\/uploads\/2024\/09\/Mecerreyes-Fiestas-de-Acci\u00f3n-de-Gracias-entrega-de-premios-2024-14.jpg\" class=\"thickbox no_icon\" title=\"\"><img loading=\"lazy\" decoding=\"async\" width=\"1024\" height=\"768\" src=\"https:\/\/www.mecerreyes.com\/mece\/wp-content\/uploads\/2024\/09\/Mecerreyes-Fiestas-de-Acci\u00f3n-de-Gracias-entrega-de-premios-2024-14-1024x768.jpg\" alt=\"\" data-id=\"25684\" data-full-url=\"https:\/\/www.mecerreyes.com\/mece\/wp-content\/uploads\/2024\/09\/Mecerreyes-Fiestas-de-Acci\u00f3n-de-Gracias-entrega-de-premios-2024-14.jpg\" data-link=\"https:\/\/www.mecerreyes.com\/mece\/?attachment_id=25684\" class=\"wp-image-25684\" srcset=\"https:\/\/www.mecerreyes.com\/mece\/wp-content\/uploads\/2024\/09\/Mecerreyes-Fiestas-de-Acci\u00f3n-de-Gracias-entrega-de-premios-2024-14-1024x768.jpg 1024w, https:\/\/www.mecerreyes.com\/mece\/wp-content\/uploads\/2024\/09\/Mecerreyes-Fiestas-de-Acci\u00f3n-de-Gracias-entrega-de-premios-2024-14-300x225.jpg 300w, https:\/\/www.mecerreyes.com\/mece\/wp-content\/uploads\/2024\/09\/Mecerreyes-Fiestas-de-Acci\u00f3n-de-Gracias-entrega-de-premios-2024-14-768x576.jpg 768w, https:\/\/www.mecerreyes.com\/mece\/wp-content\/uploads\/2024\/09\/Mecerreyes-Fiestas-de-Acci\u00f3n-de-Gracias-entrega-de-premios-2024-14.jpg 1063w\" sizes=\"(max-width: 1024px) 100vw, 1024px\" \/><\/a><\/figure><\/li><li class=\"blocks-gallery-item\"><figure><a  href=\"https:\/\/www.mecerreyes.com\/mece\/wp-content\/uploads\/2024\/09\/Mecerreyes-Fiestas-de-Acci\u00f3n-de-Gracias-entrega-de-premios-2024-4-scaled.jpg\" class=\"thickbox no_icon\" title=\"\"><img loading=\"lazy\" decoding=\"async\" width=\"1024\" height=\"461\" src=\"https:\/\/www.mecerreyes.com\/mece\/wp-content\/uploads\/2024\/09\/Mecerreyes-Fiestas-de-Acci\u00f3n-de-Gracias-entrega-de-premios-2024-4-1024x461.jpg\" alt=\"\" data-id=\"25688\" data-full-url=\"https:\/\/www.mecerreyes.com\/mece\/wp-content\/uploads\/2024\/09\/Mecerreyes-Fiestas-de-Acci\u00f3n-de-Gracias-entrega-de-premios-2024-4-scaled.jpg\" data-link=\"https:\/\/www.mecerreyes.com\/mece\/?attachment_id=25688\" class=\"wp-image-25688\" srcset=\"https:\/\/www.mecerreyes.com\/mece\/wp-content\/uploads\/2024\/09\/Mecerreyes-Fiestas-de-Acci\u00f3n-de-Gracias-entrega-de-premios-2024-4-1024x461.jpg 1024w, https:\/\/www.mecerreyes.com\/mece\/wp-content\/uploads\/2024\/09\/Mecerreyes-Fiestas-de-Acci\u00f3n-de-Gracias-entrega-de-premios-2024-4-300x135.jpg 300w, https:\/\/www.mecerreyes.com\/mece\/wp-content\/uploads\/2024\/09\/Mecerreyes-Fiestas-de-Acci\u00f3n-de-Gracias-entrega-de-premios-2024-4-768x346.jpg 768w, https:\/\/www.mecerreyes.com\/mece\/wp-content\/uploads\/2024\/09\/Mecerreyes-Fiestas-de-Acci\u00f3n-de-Gracias-entrega-de-premios-2024-4-1536x691.jpg 1536w, https:\/\/www.mecerreyes.com\/mece\/wp-content\/uploads\/2024\/09\/Mecerreyes-Fiestas-de-Acci\u00f3n-de-Gracias-entrega-de-premios-2024-4-2048x922.jpg 2048w, https:\/\/www.mecerreyes.com\/mece\/wp-content\/uploads\/2024\/09\/Mecerreyes-Fiestas-de-Acci\u00f3n-de-Gracias-entrega-de-premios-2024-4-1080x486.jpg 1080w\" sizes=\"(max-width: 1024px) 100vw, 1024px\" \/><\/a><\/figure><\/li><\/ul><\/figure>\n\n\n\n<p>La eucarist\u00eda del d\u00eda 2 estuvo dedicada a los difuntos, dando as\u00ed por terminados el programa.<\/p>\n\n\n\n<p>Pero Mecerreyes, no cierra el verano hasta el 8 de septiembre.<\/p>\n\n\n\n<p>La celebraci\u00f3n de la romer\u00eda en honor a la Virgen de Mamblas es cita obligada para los pueblos cercanos afectados por la Sierra de Mamblas y un a\u00f1o m\u00e1s los Vivas a la virgen han retumbado con devoci\u00f3n. <\/p>\n\n\n\n<figure class=\"wp-block-gallery columns-2 is-cropped wp-block-gallery-20 is-layout-flex wp-block-gallery-is-layout-flex\"><ul class=\"blocks-gallery-grid\"><li class=\"blocks-gallery-item\"><figure><a  href=\"https:\/\/www.mecerreyes.com\/mece\/wp-content\/uploads\/2024\/09\/Romeria-Virgen-de-Mamblas-8-09-2024-3.jpg\" class=\"thickbox no_icon\" title=\"\"><img loading=\"lazy\" decoding=\"async\" width=\"425\" height=\"242\" src=\"https:\/\/www.mecerreyes.com\/mece\/wp-content\/uploads\/2024\/09\/Romeria-Virgen-de-Mamblas-8-09-2024-3.jpg\" alt=\"\" data-id=\"25679\" data-full-url=\"https:\/\/www.mecerreyes.com\/mece\/wp-content\/uploads\/2024\/09\/Romeria-Virgen-de-Mamblas-8-09-2024-3.jpg\" data-link=\"https:\/\/www.mecerreyes.com\/mece\/?attachment_id=25679\" class=\"wp-image-25679\" srcset=\"https:\/\/www.mecerreyes.com\/mece\/wp-content\/uploads\/2024\/09\/Romeria-Virgen-de-Mamblas-8-09-2024-3.jpg 425w, https:\/\/www.mecerreyes.com\/mece\/wp-content\/uploads\/2024\/09\/Romeria-Virgen-de-Mamblas-8-09-2024-3-300x171.jpg 300w\" sizes=\"(max-width: 425px) 100vw, 425px\" \/><\/a><\/figure><\/li><li class=\"blocks-gallery-item\"><figure><a  href=\"https:\/\/www.mecerreyes.com\/mece\/wp-content\/uploads\/2024\/09\/Romeria-Virgen-de-Mamblas-8-09-2024-1.jpg\" class=\"thickbox no_icon\" title=\"\"><img loading=\"lazy\" decoding=\"async\" width=\"425\" height=\"559\" src=\"https:\/\/www.mecerreyes.com\/mece\/wp-content\/uploads\/2024\/09\/Romeria-Virgen-de-Mamblas-8-09-2024-1.jpg\" alt=\"\" data-id=\"25680\" data-full-url=\"https:\/\/www.mecerreyes.com\/mece\/wp-content\/uploads\/2024\/09\/Romeria-Virgen-de-Mamblas-8-09-2024-1.jpg\" data-link=\"https:\/\/www.mecerreyes.com\/mece\/?attachment_id=25680\" class=\"wp-image-25680\" srcset=\"https:\/\/www.mecerreyes.com\/mece\/wp-content\/uploads\/2024\/09\/Romeria-Virgen-de-Mamblas-8-09-2024-1.jpg 425w, https:\/\/www.mecerreyes.com\/mece\/wp-content\/uploads\/2024\/09\/Romeria-Virgen-de-Mamblas-8-09-2024-1-228x300.jpg 228w\" sizes=\"(max-width: 425px) 100vw, 425px\" \/><\/a><\/figure><\/li><li class=\"blocks-gallery-item\"><figure><a  href=\"https:\/\/www.mecerreyes.com\/mece\/wp-content\/uploads\/2024\/09\/Romeria-Virgen-de-Mamblas-8-09-2024-2.jpg\" class=\"thickbox no_icon\" title=\"\"><img loading=\"lazy\" decoding=\"async\" width=\"425\" height=\"191\" src=\"https:\/\/www.mecerreyes.com\/mece\/wp-content\/uploads\/2024\/09\/Romeria-Virgen-de-Mamblas-8-09-2024-2.jpg\" alt=\"\" data-id=\"25681\" data-full-url=\"https:\/\/www.mecerreyes.com\/mece\/wp-content\/uploads\/2024\/09\/Romeria-Virgen-de-Mamblas-8-09-2024-2.jpg\" data-link=\"https:\/\/www.mecerreyes.com\/mece\/?attachment_id=25681\" class=\"wp-image-25681\" srcset=\"https:\/\/www.mecerreyes.com\/mece\/wp-content\/uploads\/2024\/09\/Romeria-Virgen-de-Mamblas-8-09-2024-2.jpg 425w, https:\/\/www.mecerreyes.com\/mece\/wp-content\/uploads\/2024\/09\/Romeria-Virgen-de-Mamblas-8-09-2024-2-300x135.jpg 300w\" sizes=\"(max-width: 425px) 100vw, 425px\" \/><\/a><\/figure><\/li><\/ul><\/figure>\n\n\n\n<p>Terminan unas fiestas que han transcurrido en armon\u00eda, sin actuaciones vand\u00e1licas desagradables. Destacar tambi\u00e9n los ba\u00f1os port\u00e1tiles que durante los d\u00edas de fiesta se pudieron usar en el pueblo, y que aunque es complicado que todo el mundo los use, si disminuy\u00f3 de forma considerable la suciedad en las calles.<\/p>\n\n\n\n<figure class=\"wp-block-gallery columns-1 is-cropped wp-block-gallery-21 is-layout-flex wp-block-gallery-is-layout-flex\"><ul class=\"blocks-gallery-grid\"><li class=\"blocks-gallery-item\"><figure><a  href=\"https:\/\/www.mecerreyes.com\/mece\/wp-content\/uploads\/2024\/09\/Mecerreyes-Fiestas-de-Acci\u00f3n-de-Gracias-2024-Ba\u00f1os-p\u00fablicos.jpg\" class=\"thickbox no_icon\" title=\"\"><img loading=\"lazy\" decoding=\"async\" width=\"1024\" height=\"461\" src=\"https:\/\/www.mecerreyes.com\/mece\/wp-content\/uploads\/2024\/09\/Mecerreyes-Fiestas-de-Acci\u00f3n-de-Gracias-2024-Ba\u00f1os-p\u00fablicos-1024x461.jpg\" alt=\"\" data-id=\"25682\" data-full-url=\"https:\/\/www.mecerreyes.com\/mece\/wp-content\/uploads\/2024\/09\/Mecerreyes-Fiestas-de-Acci\u00f3n-de-Gracias-2024-Ba\u00f1os-p\u00fablicos.jpg\" data-link=\"https:\/\/www.mecerreyes.com\/mece\/?attachment_id=25682\" class=\"wp-image-25682\" srcset=\"https:\/\/www.mecerreyes.com\/mece\/wp-content\/uploads\/2024\/09\/Mecerreyes-Fiestas-de-Acci\u00f3n-de-Gracias-2024-Ba\u00f1os-p\u00fablicos-1024x461.jpg 1024w, https:\/\/www.mecerreyes.com\/mece\/wp-content\/uploads\/2024\/09\/Mecerreyes-Fiestas-de-Acci\u00f3n-de-Gracias-2024-Ba\u00f1os-p\u00fablicos-300x135.jpg 300w, https:\/\/www.mecerreyes.com\/mece\/wp-content\/uploads\/2024\/09\/Mecerreyes-Fiestas-de-Acci\u00f3n-de-Gracias-2024-Ba\u00f1os-p\u00fablicos-768x345.jpg 768w, https:\/\/www.mecerreyes.com\/mece\/wp-content\/uploads\/2024\/09\/Mecerreyes-Fiestas-de-Acci\u00f3n-de-Gracias-2024-Ba\u00f1os-p\u00fablicos-1536x691.jpg 1536w, https:\/\/www.mecerreyes.com\/mece\/wp-content\/uploads\/2024\/09\/Mecerreyes-Fiestas-de-Acci\u00f3n-de-Gracias-2024-Ba\u00f1os-p\u00fablicos-1080x486.jpg 1080w, https:\/\/www.mecerreyes.com\/mece\/wp-content\/uploads\/2024\/09\/Mecerreyes-Fiestas-de-Acci\u00f3n-de-Gracias-2024-Ba\u00f1os-p\u00fablicos.jpg 1701w\" sizes=\"(max-width: 1024px) 100vw, 1024px\" \/><\/a><\/figure><\/li><\/ul><\/figure>\n\n\n\n<p>Mecerreyes os desea una buena vuelta a casa, al trabajo, cole o universidad.<\/p>\n\n\n\n<p>Mecerreyes queda vac\u00eda de nuevo, en contraste con la vida de estos dos \u00faltimos meses y os espera cada fin de semana, puente o vacaciones.<\/p>\n\n\n\n<p>\u00a1\u00a1NO OLVID\u00c9IS QUE SOMOS ORIGENIALES!!<\/p>\n\n\n\n<p>\u00a1Viva Mecerreyes!<\/p>\n\n\n\n<figure class=\"wp-block-embed-youtube wp-block-embed is-type-video is-provider-youtube wp-embed-aspect-4-3 wp-has-aspect-ratio\"><div class=\"wp-block-embed__wrapper\">\n<iframe loading=\"lazy\" title=\"FIESTAS MECERREYES 2024\" width=\"1080\" height=\"810\" src=\"https:\/\/www.youtube.com\/embed\/rCuFnRYVdd8?feature=oembed\" frameborder=\"0\" allow=\"accelerometer; autoplay; clipboard-write; encrypted-media; gyroscope; picture-in-picture; web-share\" referrerpolicy=\"strict-origin-when-cross-origin\" allowfullscreen><\/iframe>\n<\/div><\/figure>\n\n\n\n<p>\u00a1GRACIAS!<\/p>\n\n\n\n<p style=\"font-size:22px\" class=\"has-background has-luminous-vivid-amber-background-color\"><strong>PREG\u00d3N<\/strong> por Virginia Lope Alonso<\/p>\n\n\n\n<p><span style=\"color:#3133ce\" class=\"has-inline-color\"><em><strong>BUENAS NOCHES&nbsp; MECERREYES!!!<\/strong><\/em><\/span><\/p>\n\n\n\n<p><span style=\"color:#2528e1\" class=\"has-inline-color\"><em>Antes de nada, GRACIAS&nbsp;a la pe\u00f1a organizadora por pensar en m\u00ed para dar el preg\u00f3n estas fiestas. <br><br>Soy La Vir, De la Pe\u00f1a los Nifus, la peque\u00f1a de Mar\u00eda Jes\u00fas y Rodrigo , nieta de Eustaquia y Decoroso.<br>Ahora m\u00e1s conocida por ser la t\u00eda de Bruno,Lola y Martin.<br><br>Mecerreyes es para mi&nbsp; La Gran Familia.<br>Mi familia de SANGRE: abuelos, padres, hermanos, t\u00edos y primos.<br>y mi familia GUILETA, QUE SOIS TODOS VOSOTROS !!!!!<br>Si, si, esa familia que esta en la calle y que siempre te protege.<br><br>Os lo voy a explicar&nbsp; con unos ejemplos a ver si tambi\u00e9n os ha pasado lo mismo:<br>Esa familia que cuando eres ni\u00f1a y vas andando por el pueblo te dicen : cuidado maja con la carretera, no cruces por ah\u00ed sin mira \u2026sientes que te est\u00e1n cuidando.<br>&nbsp;O lo de .. Ni\u00f1a!! ten cuidado con la bicicleta , que hay que mirar bien si vienen coches.\u00a8&#8230;sientes que hay&nbsp; alguien pendiente .<br>O cuando iba por la calle y dec\u00eda Hola!, y me dec\u00edan:<br>Gracias maja por saludar !!&nbsp; , pues de qui\u00e9n eres ?, quien son tus abuelos ? Ah si, si . Claro que les conocemos, ya les vamos a decir que nos has saludado .&nbsp; Gracia maja.<br><br>Los sientes tan cercanos<br>M\u00e1s tarde Cuando empiezas a salir de fiesta siempre escuchaba a los mayores entre ellos mis hermanos decir :<br>&nbsp;\u201c Acu\u00e9rdate Vir Mecerreyes altavoz izquierdo \u2026\u201d<br>Y asi era , fiesta que iba , en el altavoz izquierdo siempre est\u00e1n los guiletos ,una pi\u00f1a ,siempre&nbsp; juntos .<br>El ALTAVOZ izquierdo es el punto de encuentro , ah\u00ed est\u00e1n todos para ayudarse en lo necesario . Y las cuadrillas m\u00e1s mayores pendiente de de que todos volvamos sanos y salvos al pueblo.<br><br>MENCI\u00d3N especial en esta gran familia para las ABUELAS , ellas siempre est\u00e1n ah\u00ed!<br>Para&nbsp; hacernos la comida, el bocadillo , cosernos el disfraz, ellas siempre pendientes de todo.&nbsp;&nbsp;<br>PORFAVOR&nbsp; Un aplauso grande para nuestras abuelas guiletas !!<br><br>En fin ,&nbsp; No s\u00e9 si en otros pueblos es as\u00ed pero en Mecerreyes S\u00cd<br>Y tengo la suerte de vivirlo&nbsp; y sobre todo de PERTENECER a esta GRAN FAMILIA&nbsp; GUILETA.<br>Y este es mi deseo para Mecerreyes, que esto continue, que nunca dejemos de ser una gran familia.<br>Qu\u00e9 sigamos ayud\u00e1ndo y protegiendo a los nuestros , este es el&nbsp; legado para las siguientes generaciones.<br>As\u00ed que FAMILIA GUILETA !!! que disfrut\u00e9is de las fiestas en paz y armonia.<br><br>Espero que todos colaboremos y aportemos nuestro&nbsp; granito de arena.<br><br><strong>VIVA LA GRAN FAMILIA GUILETA !!!<br>VIVA MECERREYES!!!<\/strong><\/em><\/span><\/p>","protected":false},"excerpt":{"rendered":"<p>FIESTAS DE ACCI\u00d3N DE GRACIAS Y VIRGEN DEL CAMINO 2024 Finaliza una etapa para la pe\u00f1a LA PERLA NEGRA, estas son las terceras fiestas que organizan conjuntamente con el Ayuntamiento y han dejado el list\u00f3n muy alto. Estos j\u00f3venes han trabajado duro, sus originales iniciativas para financiar (orquestas, concursos, bingos, premios, charangas\u2026) han calado entre [&hellip;]<\/p>\n","protected":false},"author":5,"featured_media":25693,"comment_status":"open","ping_status":"closed","sticky":false,"template":"","format":"standard","meta":{"_et_pb_use_builder":"","_et_pb_old_content":"","_et_gb_content_width":"","footnotes":""},"categories":[1],"tags":[27,43],"class_list":["post-25449","post","type-post","status-publish","format-standard","has-post-thumbnail","hentry","category-general","tag-accion-de-gracias","tag-fiestas","et-has-post-format-content","et_post_format-et-post-format-standard"],"_links":{"self":[{"href":"https:\/\/www.mecerreyes.com\/mece\/index.php?rest_route=\/wp\/v2\/posts\/25449"}],"collection":[{"href":"https:\/\/www.mecerreyes.com\/mece\/index.php?rest_route=\/wp\/v2\/posts"}],"about":[{"href":"https:\/\/www.mecerreyes.com\/mece\/index.php?rest_route=\/wp\/v2\/types\/post"}],"author":[{"embeddable":true,"href":"https:\/\/www.mecerreyes.com\/mece\/index.php?rest_route=\/wp\/v2\/users\/5"}],"replies":[{"embeddable":true,"href":"https:\/\/www.mecerreyes.com\/mece\/index.php?rest_route=%2Fwp%2Fv2%2Fcomments&post=25449"}],"version-history":[{"count":13,"href":"https:\/\/www.mecerreyes.com\/mece\/index.php?rest_route=\/wp\/v2\/posts\/25449\/revisions"}],"predecessor-version":[{"id":25699,"href":"https:\/\/www.mecerreyes.com\/mece\/index.php?rest_route=\/wp\/v2\/posts\/25449\/revisions\/25699"}],"wp:featuredmedia":[{"embeddable":true,"href":"https:\/\/www.mecerreyes.com\/mece\/index.php?rest_route=\/wp\/v2\/media\/25693"}],"wp:attachment":[{"href":"https:\/\/www.mecerreyes.com\/mece\/index.php?rest_route=%2Fwp%2Fv2%2Fmedia&parent=25449"}],"wp:term":[{"taxonomy":"category","embeddable":true,"href":"https:\/\/www.mecerreyes.com\/mece\/index.php?rest_route=%2Fwp%2Fv2%2Fcategories&post=25449"},{"taxonomy":"post_tag","embeddable":true,"href":"https:\/\/www.mecerreyes.com\/mece\/index.php?rest_route=%2Fwp%2Fv2%2Ftags&post=25449"}],"curies":[{"name":"wp","href":"https:\/\/api.w.org\/{rel}","templated":true}]}}