{"id":25702,"date":"2024-10-09T20:50:02","date_gmt":"2024-10-09T19:50:02","guid":{"rendered":"http:\/\/www.mecerreyes.com\/mece\/?p=25702"},"modified":"2024-10-09T20:50:03","modified_gmt":"2024-10-09T19:50:03","slug":"noticias-septiembre-2024","status":"publish","type":"post","link":"https:\/\/www.mecerreyes.com\/mece\/?p=25702","title":{"rendered":"Noticias Septiembre 2024"},"content":{"rendered":"<p style=\"font-size:22px\" class=\"has-background has-luminous-vivid-amber-background-color\"><strong>SEPTIEMBRE 2024<\/strong><\/p>\n\n\n\n<p>De nuevo con vosotros para contaros todo lo que ha dado de s\u00ed el mes de septiembre.<\/p>\n\n\n\n<p>Septiembre nos ha acercado el oto\u00f1o bruscamente, los hortelanos se afanaron en recoger los productos de las huertas diezmados por las excesivas lluvias del mes de junio y que los -3\u00ba C de mediados de mes y las intensas lluvias promet\u00edan rematar. <\/p>\n\n\n\n<figure class=\"wp-block-gallery columns-2 is-cropped wp-block-gallery-1 is-layout-flex wp-block-gallery-is-layout-flex\"><ul class=\"blocks-gallery-grid\"><li class=\"blocks-gallery-item\"><figure><a  href=\"https:\/\/www.mecerreyes.com\/mece\/wp-content\/uploads\/2024\/10\/Mecerreyes-heladas-en-las-huertas-sept-2024-1.jpeg\" class=\"thickbox no_icon\" title=\"\"><img loading=\"lazy\" decoding=\"async\" width=\"567\" height=\"756\" src=\"https:\/\/www.mecerreyes.com\/mece\/wp-content\/uploads\/2024\/10\/Mecerreyes-heladas-en-las-huertas-sept-2024-1.jpeg\" alt=\"\" data-id=\"25704\" data-full-url=\"https:\/\/www.mecerreyes.com\/mece\/wp-content\/uploads\/2024\/10\/Mecerreyes-heladas-en-las-huertas-sept-2024-1.jpeg\" data-link=\"https:\/\/www.mecerreyes.com\/mece\/?attachment_id=25704\" class=\"wp-image-25704\" srcset=\"https:\/\/www.mecerreyes.com\/mece\/wp-content\/uploads\/2024\/10\/Mecerreyes-heladas-en-las-huertas-sept-2024-1.jpeg 567w, https:\/\/www.mecerreyes.com\/mece\/wp-content\/uploads\/2024\/10\/Mecerreyes-heladas-en-las-huertas-sept-2024-1-225x300.jpeg 225w\" sizes=\"(max-width: 567px) 100vw, 567px\" \/><\/a><\/figure><\/li><li class=\"blocks-gallery-item\"><figure><a  href=\"https:\/\/www.mecerreyes.com\/mece\/wp-content\/uploads\/2024\/10\/Mecerreyes-heladas-en-las-huertas-sept-2024-3.jpeg\" class=\"thickbox no_icon\" title=\"\"><img loading=\"lazy\" decoding=\"async\" width=\"567\" height=\"756\" src=\"https:\/\/www.mecerreyes.com\/mece\/wp-content\/uploads\/2024\/10\/Mecerreyes-heladas-en-las-huertas-sept-2024-3.jpeg\" alt=\"\" data-id=\"25705\" data-full-url=\"https:\/\/www.mecerreyes.com\/mece\/wp-content\/uploads\/2024\/10\/Mecerreyes-heladas-en-las-huertas-sept-2024-3.jpeg\" data-link=\"https:\/\/www.mecerreyes.com\/mece\/?attachment_id=25705\" class=\"wp-image-25705\" srcset=\"https:\/\/www.mecerreyes.com\/mece\/wp-content\/uploads\/2024\/10\/Mecerreyes-heladas-en-las-huertas-sept-2024-3.jpeg 567w, https:\/\/www.mecerreyes.com\/mece\/wp-content\/uploads\/2024\/10\/Mecerreyes-heladas-en-las-huertas-sept-2024-3-225x300.jpeg 225w\" sizes=\"(max-width: 567px) 100vw, 567px\" \/><\/a><\/figure><\/li><li class=\"blocks-gallery-item\"><figure><a  href=\"https:\/\/www.mecerreyes.com\/mece\/wp-content\/uploads\/2024\/10\/Mecerreyes-heladas-en-las-huertas-sept-2024-4.jpeg\" class=\"thickbox no_icon\" title=\"\"><img loading=\"lazy\" decoding=\"async\" width=\"567\" height=\"756\" src=\"https:\/\/www.mecerreyes.com\/mece\/wp-content\/uploads\/2024\/10\/Mecerreyes-heladas-en-las-huertas-sept-2024-4.jpeg\" alt=\"\" data-id=\"25706\" data-full-url=\"https:\/\/www.mecerreyes.com\/mece\/wp-content\/uploads\/2024\/10\/Mecerreyes-heladas-en-las-huertas-sept-2024-4.jpeg\" data-link=\"https:\/\/www.mecerreyes.com\/mece\/?attachment_id=25706\" class=\"wp-image-25706\" srcset=\"https:\/\/www.mecerreyes.com\/mece\/wp-content\/uploads\/2024\/10\/Mecerreyes-heladas-en-las-huertas-sept-2024-4.jpeg 567w, https:\/\/www.mecerreyes.com\/mece\/wp-content\/uploads\/2024\/10\/Mecerreyes-heladas-en-las-huertas-sept-2024-4-225x300.jpeg 225w\" sizes=\"(max-width: 567px) 100vw, 567px\" \/><\/a><\/figure><\/li><\/ul><\/figure>\n\n\n\n<p>Pese al cambio clim\u00e1tico, termina el mes cumpli\u00e9ndose la tradici\u00f3n del veranillo de San Miguel. <\/p>\n\n\n\n<figure class=\"wp-block-gallery columns-1 is-cropped wp-block-gallery-2 is-layout-flex wp-block-gallery-is-layout-flex\"><ul class=\"blocks-gallery-grid\"><li class=\"blocks-gallery-item\"><figure><a  href=\"https:\/\/www.mecerreyes.com\/mece\/wp-content\/uploads\/2024\/10\/San-Miguel.jpeg\" class=\"thickbox no_icon\" title=\"\"><img loading=\"lazy\" decoding=\"async\" width=\"1008\" height=\"810\" src=\"https:\/\/www.mecerreyes.com\/mece\/wp-content\/uploads\/2024\/10\/San-Miguel.jpeg\" alt=\"\" data-id=\"25707\" data-full-url=\"https:\/\/www.mecerreyes.com\/mece\/wp-content\/uploads\/2024\/10\/San-Miguel.jpeg\" data-link=\"https:\/\/www.mecerreyes.com\/mece\/?attachment_id=25707\" class=\"wp-image-25707\" srcset=\"https:\/\/www.mecerreyes.com\/mece\/wp-content\/uploads\/2024\/10\/San-Miguel.jpeg 1008w, https:\/\/www.mecerreyes.com\/mece\/wp-content\/uploads\/2024\/10\/San-Miguel-300x241.jpeg 300w, https:\/\/www.mecerreyes.com\/mece\/wp-content\/uploads\/2024\/10\/San-Miguel-768x617.jpeg 768w\" sizes=\"(max-width: 1008px) 100vw, 1008px\" \/><\/a><\/figure><\/li><\/ul><\/figure>\n\n\n\n<p>Casas de nuevo cerradas esperando a nuevas citas familiares o culturales para volver a Mecerreyes, pero los fines de semana, de nuevo el bullicio entorno a la carretera.<\/p>\n\n\n\n<p>En vuestros destinos vacacionales segu\u00eds recordando llevar la mochila viajera y compartir la experiencia con nosotros, este mes ha paseado por la Sierra de Francia (Salamanca). <\/p>\n\n\n\n<figure class=\"wp-block-gallery columns-1 is-cropped wp-block-gallery-3 is-layout-flex wp-block-gallery-is-layout-flex\"><ul class=\"blocks-gallery-grid\"><li class=\"blocks-gallery-item\"><figure><a  href=\"https:\/\/www.mecerreyes.com\/mece\/wp-content\/uploads\/2024\/10\/Arlanza-en-tu-mochila-Mecerreyes-Sept-2024-1.jpeg\" class=\"thickbox no_icon\" title=\"\"><img loading=\"lazy\" decoding=\"async\" width=\"701\" height=\"626\" src=\"https:\/\/www.mecerreyes.com\/mece\/wp-content\/uploads\/2024\/10\/Arlanza-en-tu-mochila-Mecerreyes-Sept-2024-1.jpeg\" alt=\"\" data-id=\"25708\" data-full-url=\"https:\/\/www.mecerreyes.com\/mece\/wp-content\/uploads\/2024\/10\/Arlanza-en-tu-mochila-Mecerreyes-Sept-2024-1.jpeg\" data-link=\"https:\/\/www.mecerreyes.com\/mece\/?attachment_id=25708\" class=\"wp-image-25708\" srcset=\"https:\/\/www.mecerreyes.com\/mece\/wp-content\/uploads\/2024\/10\/Arlanza-en-tu-mochila-Mecerreyes-Sept-2024-1.jpeg 701w, https:\/\/www.mecerreyes.com\/mece\/wp-content\/uploads\/2024\/10\/Arlanza-en-tu-mochila-Mecerreyes-Sept-2024-1-300x268.jpeg 300w\" sizes=\"(max-width: 701px) 100vw, 701px\" \/><\/a><\/figure><\/li><\/ul><\/figure>\n\n\n\n<p>Y tambi\u00e9n sumamos noticias que hab\u00e9is tenido a bien compartir con nosotros.<\/p>\n\n\n\n<div style=\"height:53px\" aria-hidden=\"true\" class=\"wp-block-spacer\"><\/div>\n\n\n\n<p style=\"font-size:22px\" class=\"has-background has-luminous-vivid-amber-background-color\"><strong>EFEM\u00c9RIDES<\/strong><\/p>\n\n\n\n<ul class=\"wp-block-list\"><li>El 4, D\u00eda Internacional de la Sonrisa.<\/li><li>El 8, D\u00eda Internacional de la Alfabetizaci\u00f3n. <strong>Virgen de Las Mamblas<\/strong>.<\/li><li>El 10, D\u00eda Mundial de la Salud Mental.<\/li><li>El 14, <strong>III Edici\u00f3n del D\u00eda de Arlanza<\/strong>.<\/li><li>El 17, D\u00eda Internacional para la Erradicaci\u00f3n de la Pobreza.<\/li><li>El 24, D\u00eda Internacional contra el Cambio Clim\u00e1tico<\/li><\/ul>\n\n\n\n<div style=\"height:61px\" aria-hidden=\"true\" class=\"wp-block-spacer\"><\/div>\n\n\n\n<figure class=\"wp-block-gallery columns-1 is-cropped wp-block-gallery-4 is-layout-flex wp-block-gallery-is-layout-flex\"><ul class=\"blocks-gallery-grid\"><li class=\"blocks-gallery-item\"><figure><img loading=\"lazy\" decoding=\"async\" width=\"1024\" height=\"461\" src=\"https:\/\/www.mecerreyes.com\/mece\/wp-content\/uploads\/2024\/10\/Mecerreyes-sept-2024-2-1024x461.jpeg\" alt=\"\" data-id=\"25709\" data-full-url=\"https:\/\/www.mecerreyes.com\/mece\/wp-content\/uploads\/2024\/10\/Mecerreyes-sept-2024-2.jpeg\" data-link=\"https:\/\/www.mecerreyes.com\/mece\/?attachment_id=25709\" class=\"wp-image-25709\" srcset=\"https:\/\/www.mecerreyes.com\/mece\/wp-content\/uploads\/2024\/10\/Mecerreyes-sept-2024-2-1024x461.jpeg 1024w, https:\/\/www.mecerreyes.com\/mece\/wp-content\/uploads\/2024\/10\/Mecerreyes-sept-2024-2-300x135.jpeg 300w, https:\/\/www.mecerreyes.com\/mece\/wp-content\/uploads\/2024\/10\/Mecerreyes-sept-2024-2-768x346.jpeg 768w, https:\/\/www.mecerreyes.com\/mece\/wp-content\/uploads\/2024\/10\/Mecerreyes-sept-2024-2-1536x691.jpeg 1536w, https:\/\/www.mecerreyes.com\/mece\/wp-content\/uploads\/2024\/10\/Mecerreyes-sept-2024-2-1080x486.jpeg 1080w, https:\/\/www.mecerreyes.com\/mece\/wp-content\/uploads\/2024\/10\/Mecerreyes-sept-2024-2.jpeg 1600w\" sizes=\"(max-width: 1024px) 100vw, 1024px\" \/><\/figure><\/li><\/ul><\/figure>\n\n\n\n<p style=\"font-size:22px\" class=\"has-background has-luminous-vivid-amber-background-color\"><strong>BODA DE CRISTINA ARRIBAS Y MATHEUS ZANI<\/strong><\/p>\n\n\n\n<p>El pasado 31 de agosto se dieron el \u201cS\u00ed quiero\u201d Cristina (nieta de Ambrosio y Cristeta) y Matheus Zani en la iglesia de San Lesmes de Burgos.<\/p>\n\n\n\n<p>Su familia quiere compartir la noticia del enlace y alegr\u00eda con nosotros y entre sus mejores deseos para la pareja, el que puedan llegar a cumplir las bodas de Titanio como los abuelos. <\/p>\n\n\n\n<figure class=\"wp-block-gallery columns-2 is-cropped wp-block-gallery-5 is-layout-flex wp-block-gallery-is-layout-flex\"><ul class=\"blocks-gallery-grid\"><li class=\"blocks-gallery-item\"><figure><a  href=\"https:\/\/www.mecerreyes.com\/mece\/wp-content\/uploads\/2024\/10\/BODA-DE-CRISTINA-ARRIBAS-Y-MATHEUS-ZANI-1.jpeg\" class=\"thickbox no_icon\" title=\"\"><img loading=\"lazy\" decoding=\"async\" width=\"756\" height=\"994\" src=\"https:\/\/www.mecerreyes.com\/mece\/wp-content\/uploads\/2024\/10\/BODA-DE-CRISTINA-ARRIBAS-Y-MATHEUS-ZANI-1.jpeg\" alt=\"\" data-id=\"25710\" data-full-url=\"https:\/\/www.mecerreyes.com\/mece\/wp-content\/uploads\/2024\/10\/BODA-DE-CRISTINA-ARRIBAS-Y-MATHEUS-ZANI-1.jpeg\" data-link=\"https:\/\/www.mecerreyes.com\/mece\/?attachment_id=25710\" class=\"wp-image-25710\" srcset=\"https:\/\/www.mecerreyes.com\/mece\/wp-content\/uploads\/2024\/10\/BODA-DE-CRISTINA-ARRIBAS-Y-MATHEUS-ZANI-1.jpeg 756w, https:\/\/www.mecerreyes.com\/mece\/wp-content\/uploads\/2024\/10\/BODA-DE-CRISTINA-ARRIBAS-Y-MATHEUS-ZANI-1-228x300.jpeg 228w\" sizes=\"(max-width: 756px) 100vw, 756px\" \/><\/a><\/figure><\/li><li class=\"blocks-gallery-item\"><figure><a  href=\"https:\/\/www.mecerreyes.com\/mece\/wp-content\/uploads\/2024\/10\/BODA-DE-CRISTINA-ARRIBAS-Y-MATHEUS-ZANI-2.jpeg\" class=\"thickbox no_icon\" title=\"\"><img loading=\"lazy\" decoding=\"async\" width=\"756\" height=\"972\" src=\"https:\/\/www.mecerreyes.com\/mece\/wp-content\/uploads\/2024\/10\/BODA-DE-CRISTINA-ARRIBAS-Y-MATHEUS-ZANI-2.jpeg\" alt=\"\" data-id=\"25711\" data-full-url=\"https:\/\/www.mecerreyes.com\/mece\/wp-content\/uploads\/2024\/10\/BODA-DE-CRISTINA-ARRIBAS-Y-MATHEUS-ZANI-2.jpeg\" data-link=\"https:\/\/www.mecerreyes.com\/mece\/?attachment_id=25711\" class=\"wp-image-25711\" srcset=\"https:\/\/www.mecerreyes.com\/mece\/wp-content\/uploads\/2024\/10\/BODA-DE-CRISTINA-ARRIBAS-Y-MATHEUS-ZANI-2.jpeg 756w, https:\/\/www.mecerreyes.com\/mece\/wp-content\/uploads\/2024\/10\/BODA-DE-CRISTINA-ARRIBAS-Y-MATHEUS-ZANI-2-233x300.jpeg 233w\" sizes=\"(max-width: 756px) 100vw, 756px\" \/><\/a><\/figure><\/li><\/ul><\/figure>\n\n\n\n<div style=\"height:52px\" aria-hidden=\"true\" class=\"wp-block-spacer\"><\/div>\n\n\n\n<p style=\"font-size:22px\" class=\"has-background has-luminous-vivid-amber-background-color\"><strong>DEFUNCI\u00d3N<\/strong><\/p>\n\n\n\n<p>Este mes despedimos a un luchador muy querido por todos. Descanse en Paz.<\/p>\n\n\n\n<p><strong>D. ANTONIO VICARIO ALONSO<\/strong> falleci\u00f3 en Burgos el pasado 20 de septiembre a los 64 a\u00f1os de edad, el domingo 22 celebramos su funeral en la <a  href=\"https:\/\/www.mecerreyes.com\/mece\/?page_id=35\">parroquia<\/a> de Mecerreyes donde despedimos sus restos. <\/p>\n\n\n\n<figure class=\"wp-block-gallery columns-2 is-cropped wp-block-gallery-6 is-layout-flex wp-block-gallery-is-layout-flex\"><ul class=\"blocks-gallery-grid\"><li class=\"blocks-gallery-item\"><figure><img loading=\"lazy\" decoding=\"async\" width=\"728\" height=\"1024\" src=\"https:\/\/www.mecerreyes.com\/mece\/wp-content\/uploads\/2024\/10\/Esquela-de-ANTONIO-VICARIO-ALONSO-728x1024.jpeg\" alt=\"\" data-id=\"25712\" data-link=\"https:\/\/www.mecerreyes.com\/mece\/?attachment_id=25712\" class=\"wp-image-25712\" srcset=\"https:\/\/www.mecerreyes.com\/mece\/wp-content\/uploads\/2024\/10\/Esquela-de-ANTONIO-VICARIO-ALONSO-728x1024.jpeg 728w, https:\/\/www.mecerreyes.com\/mece\/wp-content\/uploads\/2024\/10\/Esquela-de-ANTONIO-VICARIO-ALONSO-213x300.jpeg 213w, https:\/\/www.mecerreyes.com\/mece\/wp-content\/uploads\/2024\/10\/Esquela-de-ANTONIO-VICARIO-ALONSO-768x1081.jpeg 768w, https:\/\/www.mecerreyes.com\/mece\/wp-content\/uploads\/2024\/10\/Esquela-de-ANTONIO-VICARIO-ALONSO.jpeg 1080w\" sizes=\"(max-width: 728px) 100vw, 728px\" \/><\/figure><\/li><li class=\"blocks-gallery-item\"><figure><img loading=\"lazy\" decoding=\"async\" width=\"785\" height=\"1024\" src=\"https:\/\/www.mecerreyes.com\/mece\/wp-content\/uploads\/2024\/10\/ANTONIO-VICARIO-ALONSO-785x1024.jpeg\" alt=\"\" data-id=\"25713\" data-full-url=\"https:\/\/www.mecerreyes.com\/mece\/wp-content\/uploads\/2024\/10\/ANTONIO-VICARIO-ALONSO.jpeg\" data-link=\"https:\/\/www.mecerreyes.com\/mece\/?attachment_id=25713\" class=\"wp-image-25713\" srcset=\"https:\/\/www.mecerreyes.com\/mece\/wp-content\/uploads\/2024\/10\/ANTONIO-VICARIO-ALONSO-785x1024.jpeg 785w, https:\/\/www.mecerreyes.com\/mece\/wp-content\/uploads\/2024\/10\/ANTONIO-VICARIO-ALONSO-230x300.jpeg 230w, https:\/\/www.mecerreyes.com\/mece\/wp-content\/uploads\/2024\/10\/ANTONIO-VICARIO-ALONSO-768x1002.jpeg 768w, https:\/\/www.mecerreyes.com\/mece\/wp-content\/uploads\/2024\/10\/ANTONIO-VICARIO-ALONSO-1178x1536.jpeg 1178w, https:\/\/www.mecerreyes.com\/mece\/wp-content\/uploads\/2024\/10\/ANTONIO-VICARIO-ALONSO-1080x1409.jpeg 1080w, https:\/\/www.mecerreyes.com\/mece\/wp-content\/uploads\/2024\/10\/ANTONIO-VICARIO-ALONSO.jpeg 1288w\" sizes=\"(max-width: 785px) 100vw, 785px\" \/><\/figure><\/li><\/ul><\/figure>\n\n\n\n<div style=\"height:51px\" aria-hidden=\"true\" class=\"wp-block-spacer\"><\/div>\n\n\n\n<p style=\"font-size:22px\" class=\"has-background has-luminous-vivid-amber-background-color\"><strong>HACE M\u00c1S DE UN SIGLO<\/strong><\/p>\n\n\n\n<p>Este mes Salvador Santamar\u00eda nos trae una interesante noticia de 1871. <\/p>\n\n\n\n<p>Volvemos en este n\u00famero a presentar un tema ya tratado en un numero anterior. Se refiere al camino que desde Covarrubias iba a enlazar con la carretera Burgos-Soria, pasando por Mecerreyes. Parece ser que Covarrubias ten\u00eda gran inter\u00e9s en la construcci\u00f3n de este camino, toda vez que estaba aislada de la capital y era la mejor forma de enlazar con ella.<\/p>\n\n\n\n<p>Por ello, en la sesi\u00f3n de la Diputaci\u00f3n del 18 de Septiembre de 1871, se trat\u00f3 la solicitud que hizo Covarrubias para la construcci\u00f3n de dicho camino ofreciendo participar con 1000 peonadas.<\/p>\n\n\n\n<p>La solicitud se atendi\u00f3, pero como los tramites deb\u00edan ir lentos, vuelve a aparecer un a\u00f1o m\u00e1s tarde, en la sesi\u00f3n de la Diputaci\u00f3n del 1 de junio de 1872 , cuando se aprueban los acuerdos de la Comisi\u00f3n que hab\u00eda creado la Diputaci\u00f3n para la adjudicaci\u00f3n de ayudas y subvenciones para la construcci\u00f3n de caminos provinciales y locales. (Se pueden ver las bases que estableci\u00f3 para la concesi\u00f3n de dichas ayudas).<\/p>\n\n\n\n<p>En un primer acuerdo presentan la solicitud para la construcci\u00f3n de dicho camino. Hay que destacar que ahora la presentaci\u00f3n corre a cargo de los tres pueblos afectados: Covarrubias, Mecerreyes y Cuevas de San Clemente. Aqu\u00ed ya aparece el presupuesto aprobado, que asciende a 105.195,32 pesetas, y la oferta que hacen los pueblos de la mitad del presupuesto. Este hecho hace que en la lista de preferentes que posteriormente hace la Comisi\u00f3n le establezca como preferente de segundo orden (los de primer orden eran los caminos ya empezados).<\/p>\n\n\n\n<p>La cantidad que ofrecen los Ayuntamientos es por tanto de 52.597,66 pesetas. Pienso que no se la dividieron a partes iguales entre los tres pueblos, sino que cada uno aportar\u00eda en funci\u00f3n de su poblaci\u00f3n y el inter\u00e9s que tendr\u00eda en el asunto. As\u00ed creo que Covarrubias asumir\u00eda la mayor parte y Cuevas la menor, al ser el menos poblado y el que menos inter\u00e9s pod\u00edan tener al estar ya comunicado con la capital. Un reparto razonable pod\u00eda ser 60-30-10, por lo que Mecerreyes aportaba pr\u00e1cticamente un tercio, similar a si lo repartieran a partes iguales.<\/p>\n\n\n\n<p>As\u00ed pues Mecerreyes aportar\u00eda unas 17.000 pesetas, cantidad importante si tenemos en cuenta, tal como presentamos en un n\u00famero anterior, que el presupuesto municipal del a\u00f1o 1869 ascend\u00eda a unas 2.500 pesetas anuales. Aunque entonces ya dijimos que posiblemente all\u00ed no aparecieran todos los gastos. No obstante, como comparaci\u00f3n tambi\u00e9n tenemos el sueldo que cobraba un maestro de primeras letras ese a\u00f1o, que ascend\u00eda a 625 pesetas anuales, lo que nos da una idea de la importancia de la cantidad aportada.<\/p>\n\n\n\n<p>Salvador Santamaria<\/p>\n\n\n\n<p><em><span style=\"color:#7b0b29\" class=\"has-inline-color\">(Nota: todo lo escrito es solamente mi opini\u00f3n, que someto a la de cualquiera que tenga mejor conocimiento que yo sobre este tema)<\/span><\/em><\/p>\n\n\n\n<figure class=\"wp-block-gallery columns-1 is-cropped wp-block-gallery-7 is-layout-flex wp-block-gallery-is-layout-flex\"><ul class=\"blocks-gallery-grid\"><li class=\"blocks-gallery-item\"><figure><a  href=\"https:\/\/www.mecerreyes.com\/mece\/wp-content\/uploads\/2024\/10\/1-Camino-Covarrubias-1871.jpeg\" class=\"thickbox no_icon\" title=\"\"><img loading=\"lazy\" decoding=\"async\" width=\"404\" height=\"123\" src=\"https:\/\/www.mecerreyes.com\/mece\/wp-content\/uploads\/2024\/10\/1-Camino-Covarrubias-1871.jpeg\" alt=\"\" data-id=\"25714\" data-full-url=\"https:\/\/www.mecerreyes.com\/mece\/wp-content\/uploads\/2024\/10\/1-Camino-Covarrubias-1871.jpeg\" data-link=\"https:\/\/www.mecerreyes.com\/mece\/?attachment_id=25714\" class=\"wp-image-25714\" srcset=\"https:\/\/www.mecerreyes.com\/mece\/wp-content\/uploads\/2024\/10\/1-Camino-Covarrubias-1871.jpeg 404w, https:\/\/www.mecerreyes.com\/mece\/wp-content\/uploads\/2024\/10\/1-Camino-Covarrubias-1871-300x91.jpeg 300w, https:\/\/www.mecerreyes.com\/mece\/wp-content\/uploads\/2024\/10\/1-Camino-Covarrubias-1871-400x123.jpeg 400w\" sizes=\"(max-width: 404px) 100vw, 404px\" \/><\/a><\/figure><\/li><li class=\"blocks-gallery-item\"><figure><a  href=\"https:\/\/www.mecerreyes.com\/mece\/wp-content\/uploads\/2024\/10\/2-Camino-Covarrubias-1871.jpeg\" class=\"thickbox no_icon\" title=\"\"><img loading=\"lazy\" decoding=\"async\" width=\"376\" height=\"388\" src=\"https:\/\/www.mecerreyes.com\/mece\/wp-content\/uploads\/2024\/10\/2-Camino-Covarrubias-1871.jpeg\" alt=\"\" data-id=\"25715\" data-full-url=\"https:\/\/www.mecerreyes.com\/mece\/wp-content\/uploads\/2024\/10\/2-Camino-Covarrubias-1871.jpeg\" data-link=\"https:\/\/www.mecerreyes.com\/mece\/?attachment_id=25715\" class=\"wp-image-25715\" srcset=\"https:\/\/www.mecerreyes.com\/mece\/wp-content\/uploads\/2024\/10\/2-Camino-Covarrubias-1871.jpeg 376w, https:\/\/www.mecerreyes.com\/mece\/wp-content\/uploads\/2024\/10\/2-Camino-Covarrubias-1871-291x300.jpeg 291w\" sizes=\"(max-width: 376px) 100vw, 376px\" \/><\/a><\/figure><\/li><li class=\"blocks-gallery-item\"><figure><a  href=\"https:\/\/www.mecerreyes.com\/mece\/wp-content\/uploads\/2024\/10\/4-Camino-Covarrubias-1872.jpeg\" class=\"thickbox no_icon\" title=\"\"><img loading=\"lazy\" decoding=\"async\" width=\"816\" height=\"278\" src=\"https:\/\/www.mecerreyes.com\/mece\/wp-content\/uploads\/2024\/10\/4-Camino-Covarrubias-1872.jpeg\" alt=\"\" data-id=\"25716\" data-full-url=\"https:\/\/www.mecerreyes.com\/mece\/wp-content\/uploads\/2024\/10\/4-Camino-Covarrubias-1872.jpeg\" data-link=\"https:\/\/www.mecerreyes.com\/mece\/?attachment_id=25716\" class=\"wp-image-25716\" srcset=\"https:\/\/www.mecerreyes.com\/mece\/wp-content\/uploads\/2024\/10\/4-Camino-Covarrubias-1872.jpeg 816w, https:\/\/www.mecerreyes.com\/mece\/wp-content\/uploads\/2024\/10\/4-Camino-Covarrubias-1872-300x102.jpeg 300w, https:\/\/www.mecerreyes.com\/mece\/wp-content\/uploads\/2024\/10\/4-Camino-Covarrubias-1872-768x262.jpeg 768w\" sizes=\"(max-width: 816px) 100vw, 816px\" \/><\/a><\/figure><\/li><li class=\"blocks-gallery-item\"><figure><a  href=\"https:\/\/www.mecerreyes.com\/mece\/wp-content\/uploads\/2024\/10\/5-Subvencion-Bases-adjudicacion.jpeg\" class=\"thickbox no_icon\" title=\"\"><img loading=\"lazy\" decoding=\"async\" width=\"808\" height=\"256\" src=\"https:\/\/www.mecerreyes.com\/mece\/wp-content\/uploads\/2024\/10\/5-Subvencion-Bases-adjudicacion.jpeg\" alt=\"\" data-id=\"25717\" data-full-url=\"https:\/\/www.mecerreyes.com\/mece\/wp-content\/uploads\/2024\/10\/5-Subvencion-Bases-adjudicacion.jpeg\" data-link=\"https:\/\/www.mecerreyes.com\/mece\/?attachment_id=25717\" class=\"wp-image-25717\" srcset=\"https:\/\/www.mecerreyes.com\/mece\/wp-content\/uploads\/2024\/10\/5-Subvencion-Bases-adjudicacion.jpeg 808w, https:\/\/www.mecerreyes.com\/mece\/wp-content\/uploads\/2024\/10\/5-Subvencion-Bases-adjudicacion-300x95.jpeg 300w, https:\/\/www.mecerreyes.com\/mece\/wp-content\/uploads\/2024\/10\/5-Subvencion-Bases-adjudicacion-768x243.jpeg 768w\" sizes=\"(max-width: 808px) 100vw, 808px\" \/><\/a><\/figure><\/li><li class=\"blocks-gallery-item\"><figure><a  href=\"https:\/\/www.mecerreyes.com\/mece\/wp-content\/uploads\/2024\/10\/6-Subvencion-Bases-adjudicacion.jpeg\" class=\"thickbox no_icon\" title=\"\"><img loading=\"lazy\" decoding=\"async\" width=\"776\" height=\"266\" src=\"https:\/\/www.mecerreyes.com\/mece\/wp-content\/uploads\/2024\/10\/6-Subvencion-Bases-adjudicacion.jpeg\" alt=\"\" data-id=\"25718\" data-full-url=\"https:\/\/www.mecerreyes.com\/mece\/wp-content\/uploads\/2024\/10\/6-Subvencion-Bases-adjudicacion.jpeg\" data-link=\"https:\/\/www.mecerreyes.com\/mece\/?attachment_id=25718\" class=\"wp-image-25718\" srcset=\"https:\/\/www.mecerreyes.com\/mece\/wp-content\/uploads\/2024\/10\/6-Subvencion-Bases-adjudicacion.jpeg 776w, https:\/\/www.mecerreyes.com\/mece\/wp-content\/uploads\/2024\/10\/6-Subvencion-Bases-adjudicacion-300x103.jpeg 300w, https:\/\/www.mecerreyes.com\/mece\/wp-content\/uploads\/2024\/10\/6-Subvencion-Bases-adjudicacion-768x263.jpeg 768w\" sizes=\"(max-width: 776px) 100vw, 776px\" \/><\/a><\/figure><\/li><\/ul><\/figure>\n\n\n\n<div style=\"height:49px\" aria-hidden=\"true\" class=\"wp-block-spacer\"><\/div>\n\n\n\n<p style=\"font-size:22px\" class=\"has-background has-luminous-vivid-amber-background-color\"><strong>GUILETOS POR EL MUNDO<\/strong><\/p>\n\n\n\n<p class=\"has-background has-medium-font-size has-very-light-gray-background-color\"><strong>\u00c1NGEL GIL CUEVAS<\/strong><\/p>\n\n\n\n<p>El <a  href=\"https:\/\/www.mecerreyes.com\/mece\/?page_id=2\">municipio<\/a> burgal\u00e9s de Arcos de la Llana inaugur\u00f3 el pasado 30 de agosto un busto de la reina Juana I de Castilla obra del guileto \u00c1ngel Gil.<\/p>\n\n\n\n<p>Un homenaje a la mujer que permaneci\u00f3 16 meses (1507-1509) en esta localidad con el cad\u00e1ver de su esposo Felipe el Hermoso. La <a  href=\"https:\/\/www.mecerreyes.com\/mece\/?page_id=32\">historia<\/a> la perpetu\u00f3 con el injusto sobrenombre de Juana la Loca.<\/p>\n\n\n\n<p>La explicaci\u00f3n de \u00c1ngel Gil del porqu\u00e9 de los detalles del busto, sin duda ayudar\u00e1 a poner en valor la imagen de una mujer muy culta a la que ni su padre Fernando el Cat\u00f3lico, ni su hijo Carlos I dejaron reinar. <\/p>\n\n\n\n<figure class=\"wp-block-gallery columns-2 is-cropped wp-block-gallery-8 is-layout-flex wp-block-gallery-is-layout-flex\"><ul class=\"blocks-gallery-grid\"><li class=\"blocks-gallery-item\"><figure><img loading=\"lazy\" decoding=\"async\" width=\"478\" height=\"1024\" src=\"https:\/\/www.mecerreyes.com\/mece\/wp-content\/uploads\/2024\/10\/Inauguraci\u00f3n-busto-Juana-la-Loca-en-Arcon-de-la-Llana-autor-Angel-Gil-escultor-2-478x1024.jpeg\" alt=\"\" data-id=\"25719\" data-full-url=\"https:\/\/www.mecerreyes.com\/mece\/wp-content\/uploads\/2024\/10\/Inauguraci\u00f3n-busto-Juana-la-Loca-en-Arcon-de-la-Llana-autor-Angel-Gil-escultor-2.jpeg\" data-link=\"https:\/\/www.mecerreyes.com\/mece\/?attachment_id=25719\" class=\"wp-image-25719\" srcset=\"https:\/\/www.mecerreyes.com\/mece\/wp-content\/uploads\/2024\/10\/Inauguraci\u00f3n-busto-Juana-la-Loca-en-Arcon-de-la-Llana-autor-Angel-Gil-escultor-2-478x1024.jpeg 478w, https:\/\/www.mecerreyes.com\/mece\/wp-content\/uploads\/2024\/10\/Inauguraci\u00f3n-busto-Juana-la-Loca-en-Arcon-de-la-Llana-autor-Angel-Gil-escultor-2-140x300.jpeg 140w, https:\/\/www.mecerreyes.com\/mece\/wp-content\/uploads\/2024\/10\/Inauguraci\u00f3n-busto-Juana-la-Loca-en-Arcon-de-la-Llana-autor-Angel-Gil-escultor-2-718x1536.jpeg 718w, https:\/\/www.mecerreyes.com\/mece\/wp-content\/uploads\/2024\/10\/Inauguraci\u00f3n-busto-Juana-la-Loca-en-Arcon-de-la-Llana-autor-Angel-Gil-escultor-2.jpeg 756w\" sizes=\"(max-width: 478px) 100vw, 478px\" \/><\/figure><\/li><li class=\"blocks-gallery-item\"><figure><img loading=\"lazy\" decoding=\"async\" width=\"532\" height=\"1024\" src=\"https:\/\/www.mecerreyes.com\/mece\/wp-content\/uploads\/2024\/10\/Inauguraci\u00f3n-busto-Juana-la-Loca-en-Arcon-de-la-Llana-autor-Angel-Gil-escultor-1-532x1024.jpeg\" alt=\"\" data-id=\"25721\" data-full-url=\"https:\/\/www.mecerreyes.com\/mece\/wp-content\/uploads\/2024\/10\/Inauguraci\u00f3n-busto-Juana-la-Loca-en-Arcon-de-la-Llana-autor-Angel-Gil-escultor-1.jpeg\" data-link=\"https:\/\/www.mecerreyes.com\/mece\/?attachment_id=25721\" class=\"wp-image-25721\" srcset=\"https:\/\/www.mecerreyes.com\/mece\/wp-content\/uploads\/2024\/10\/Inauguraci\u00f3n-busto-Juana-la-Loca-en-Arcon-de-la-Llana-autor-Angel-Gil-escultor-1-532x1024.jpeg 532w, https:\/\/www.mecerreyes.com\/mece\/wp-content\/uploads\/2024\/10\/Inauguraci\u00f3n-busto-Juana-la-Loca-en-Arcon-de-la-Llana-autor-Angel-Gil-escultor-1-156x300.jpeg 156w, https:\/\/www.mecerreyes.com\/mece\/wp-content\/uploads\/2024\/10\/Inauguraci\u00f3n-busto-Juana-la-Loca-en-Arcon-de-la-Llana-autor-Angel-Gil-escultor-1.jpeg 756w\" sizes=\"(max-width: 532px) 100vw, 532px\" \/><\/figure><\/li><li class=\"blocks-gallery-item\"><figure><img loading=\"lazy\" decoding=\"async\" width=\"567\" height=\"503\" src=\"https:\/\/www.mecerreyes.com\/mece\/wp-content\/uploads\/2024\/10\/Inauguraci\u00f3n-busto-Juana-la-Loca-en-Arcon-de-la-Llana-autor-Angel-Gil-escultor.jpeg\" alt=\"\" data-id=\"25720\" data-full-url=\"https:\/\/www.mecerreyes.com\/mece\/wp-content\/uploads\/2024\/10\/Inauguraci\u00f3n-busto-Juana-la-Loca-en-Arcon-de-la-Llana-autor-Angel-Gil-escultor.jpeg\" data-link=\"https:\/\/www.mecerreyes.com\/mece\/?attachment_id=25720\" class=\"wp-image-25720\" srcset=\"https:\/\/www.mecerreyes.com\/mece\/wp-content\/uploads\/2024\/10\/Inauguraci\u00f3n-busto-Juana-la-Loca-en-Arcon-de-la-Llana-autor-Angel-Gil-escultor.jpeg 567w, https:\/\/www.mecerreyes.com\/mece\/wp-content\/uploads\/2024\/10\/Inauguraci\u00f3n-busto-Juana-la-Loca-en-Arcon-de-la-Llana-autor-Angel-Gil-escultor-300x266.jpeg 300w\" sizes=\"(max-width: 567px) 100vw, 567px\" \/><\/figure><\/li><\/ul><\/figure>\n\n\n\n<div style=\"height:45px\" aria-hidden=\"true\" class=\"wp-block-spacer\"><\/div>\n\n\n\n<p class=\"has-background has-medium-font-size has-very-light-gray-background-color\"><strong>EVA MAR\u00cdA BARANDA ALONSO<\/strong><\/p>\n\n\n\n<p>El pasado 20 de septiembre, Eva Mar\u00eda Baranda Alonso defendi\u00f3 su tesis doctoral titulada \u00ab<strong>Caracterizaci\u00f3n y diagn\u00f3stico del riesgo de da\u00f1o renal agudo asociado al Triple Whammy<\/strong>\u00bb en la Universidad de Salamanca, con calificaci\u00f3n de sobresaliente cum laude. Felicidades<\/p>\n\n\n\n<figure class=\"wp-block-gallery columns-1 is-cropped wp-block-gallery-9 is-layout-flex wp-block-gallery-is-layout-flex\"><ul class=\"blocks-gallery-grid\"><li class=\"blocks-gallery-item\"><figure><img loading=\"lazy\" decoding=\"async\" width=\"945\" height=\"804\" src=\"https:\/\/www.mecerreyes.com\/mece\/wp-content\/uploads\/2024\/10\/EVA-MAR\u00cdA-BARANDA-ALONSO.jpeg\" alt=\"\" data-id=\"25723\" data-full-url=\"https:\/\/www.mecerreyes.com\/mece\/wp-content\/uploads\/2024\/10\/EVA-MAR\u00cdA-BARANDA-ALONSO.jpeg\" data-link=\"https:\/\/www.mecerreyes.com\/mece\/?attachment_id=25723\" class=\"wp-image-25723\" srcset=\"https:\/\/www.mecerreyes.com\/mece\/wp-content\/uploads\/2024\/10\/EVA-MAR\u00cdA-BARANDA-ALONSO.jpeg 945w, https:\/\/www.mecerreyes.com\/mece\/wp-content\/uploads\/2024\/10\/EVA-MAR\u00cdA-BARANDA-ALONSO-300x255.jpeg 300w, https:\/\/www.mecerreyes.com\/mece\/wp-content\/uploads\/2024\/10\/EVA-MAR\u00cdA-BARANDA-ALONSO-768x653.jpeg 768w\" sizes=\"(max-width: 945px) 100vw, 945px\" \/><\/figure><\/li><\/ul><\/figure>\n\n\n\n<p class=\"has-background has-medium-font-size has-very-light-gray-background-color\"><strong>ADRIANA S\u00c1NCHEZ ROMERO<\/strong><\/p>\n\n\n\n<p>Ya os hab\u00edamos contado que Adriana (nieta de Chavisque) es la protagonista del premiado corto titulado <strong>LUC\u00cdA,<\/strong> y este mes de septiembre ha sido ella la que ha recibido el premio NIFF (Navarra International Film Festival) de Plata a la Mejor Interpretaci\u00f3n entre los cortos que optaban al premio.<\/p>\n\n\n\n<p>Nuestra enhorabuena y deseos de m\u00e1s triunfos en esta incipiente carrera.<\/p>\n\n\n\n<figure class=\"wp-block-gallery columns-1 is-cropped wp-block-gallery-10 is-layout-flex wp-block-gallery-is-layout-flex\"><ul class=\"blocks-gallery-grid\"><li class=\"blocks-gallery-item\"><figure><a  href=\"http:\/\/www.mecerreyes.com\/mece\/wp-content\/uploads\/2024\/10\/Adriana-S\u00e1nchez-Romero-ha-sido-reconocida-con-el-NIFF-de-Plata-2024-a-Mejor-Interpretaci\u00f3n-por-Luc\u00eda.jpg\" class=\"thickbox no_icon\" title=\"\"><img loading=\"lazy\" decoding=\"async\" width=\"720\" height=\"709\" src=\"http:\/\/www.mecerreyes.com\/mece\/wp-content\/uploads\/2024\/10\/Adriana-S\u00e1nchez-Romero-ha-sido-reconocida-con-el-NIFF-de-Plata-2024-a-Mejor-Interpretaci\u00f3n-por-Luc\u00eda.jpg\" alt=\"\" data-id=\"25724\" data-full-url=\"http:\/\/www.mecerreyes.com\/mece\/wp-content\/uploads\/2024\/10\/Adriana-S\u00e1nchez-Romero-ha-sido-reconocida-con-el-NIFF-de-Plata-2024-a-Mejor-Interpretaci\u00f3n-por-Luc\u00eda.jpg\" data-link=\"http:\/\/www.mecerreyes.com\/mece\/?attachment_id=25724\" class=\"wp-image-25724\" srcset=\"https:\/\/www.mecerreyes.com\/mece\/wp-content\/uploads\/2024\/10\/Adriana-S\u00e1nchez-Romero-ha-sido-reconocida-con-el-NIFF-de-Plata-2024-a-Mejor-Interpretaci\u00f3n-por-Luc\u00eda.jpg 720w, https:\/\/www.mecerreyes.com\/mece\/wp-content\/uploads\/2024\/10\/Adriana-S\u00e1nchez-Romero-ha-sido-reconocida-con-el-NIFF-de-Plata-2024-a-Mejor-Interpretaci\u00f3n-por-Luc\u00eda-300x295.jpg 300w\" sizes=\"(max-width: 720px) 100vw, 720px\" \/><\/a><\/figure><\/li><li class=\"blocks-gallery-item\"><figure><a  href=\"http:\/\/www.mecerreyes.com\/mece\/wp-content\/uploads\/2023\/11\/ADRIANA-S\u00c1NCHEZ-ROMERO-corto-Lucia.jpeg\" class=\"thickbox no_icon\" title=\"\"><img loading=\"lazy\" decoding=\"async\" width=\"697\" height=\"1024\" src=\"http:\/\/www.mecerreyes.com\/mece\/wp-content\/uploads\/2023\/11\/ADRIANA-S\u00c1NCHEZ-ROMERO-corto-Lucia-697x1024.jpeg\" alt=\"\" data-id=\"24375\" data-full-url=\"http:\/\/www.mecerreyes.com\/mece\/wp-content\/uploads\/2023\/11\/ADRIANA-S\u00c1NCHEZ-ROMERO-corto-Lucia.jpeg\" data-link=\"http:\/\/www.mecerreyes.com\/mece\/?attachment_id=24375\" class=\"wp-image-24375\" srcset=\"https:\/\/www.mecerreyes.com\/mece\/wp-content\/uploads\/2023\/11\/ADRIANA-S\u00c1NCHEZ-ROMERO-corto-Lucia-697x1024.jpeg 697w, https:\/\/www.mecerreyes.com\/mece\/wp-content\/uploads\/2023\/11\/ADRIANA-S\u00c1NCHEZ-ROMERO-corto-Lucia-204x300.jpeg 204w, https:\/\/www.mecerreyes.com\/mece\/wp-content\/uploads\/2023\/11\/ADRIANA-S\u00c1NCHEZ-ROMERO-corto-Lucia-768x1128.jpeg 768w, https:\/\/www.mecerreyes.com\/mece\/wp-content\/uploads\/2023\/11\/ADRIANA-S\u00c1NCHEZ-ROMERO-corto-Lucia-1046x1536.jpeg 1046w, https:\/\/www.mecerreyes.com\/mece\/wp-content\/uploads\/2023\/11\/ADRIANA-S\u00c1NCHEZ-ROMERO-corto-Lucia.jpeg 1080w\" sizes=\"(max-width: 697px) 100vw, 697px\" \/><\/a><\/figure><\/li><\/ul><\/figure>\n\n\n\n<p style=\"font-size:22px\" class=\"has-background has-luminous-vivid-amber-background-color\"><strong>III EDICI\u00d3N DIA DEL ARLANZA<\/strong><\/p>\n\n\n\n<p>Villafruela fue el punto neur\u00e1lgico de las celebraciones del D\u00eda del Arlanza 2024<\/p>\n\n\n\n<p>Con un bonito programa de actividades, esta iniciativa que une a los treinta pueblos de la comarca se consolida con \u00e9xito.<\/p>\n\n\n\n<p>La Asociaci\u00f3n Cultural Mecerreyes una vez m\u00e1s particip\u00f3 este d\u00eda del patrimonio cultural expuesto en el programa y estrech\u00f3 lazos con el resto de entidades y <a  href=\"https:\/\/www.mecerreyes.com\/mece\/?page_id=265\">asociaciones<\/a> que luchan por un objetivo com\u00fan, el desarrollo de nuestra comarca. <\/p>\n\n\n\n<figure class=\"wp-block-gallery columns-1 is-cropped wp-block-gallery-11 is-layout-flex wp-block-gallery-is-layout-flex\"><ul class=\"blocks-gallery-grid\"><li class=\"blocks-gallery-item\"><figure><img loading=\"lazy\" decoding=\"async\" width=\"567\" height=\"1008\" src=\"https:\/\/www.mecerreyes.com\/mece\/wp-content\/uploads\/2024\/10\/III-D\u00eda-del-Arlanza-2024-Villafruela-1.jpeg\" alt=\"\" data-id=\"25725\" data-full-url=\"https:\/\/www.mecerreyes.com\/mece\/wp-content\/uploads\/2024\/10\/III-D\u00eda-del-Arlanza-2024-Villafruela-1.jpeg\" data-link=\"https:\/\/www.mecerreyes.com\/mece\/?attachment_id=25725\" class=\"wp-image-25725\" srcset=\"https:\/\/www.mecerreyes.com\/mece\/wp-content\/uploads\/2024\/10\/III-D\u00eda-del-Arlanza-2024-Villafruela-1.jpeg 567w, https:\/\/www.mecerreyes.com\/mece\/wp-content\/uploads\/2024\/10\/III-D\u00eda-del-Arlanza-2024-Villafruela-1-169x300.jpeg 169w\" sizes=\"(max-width: 567px) 100vw, 567px\" \/><\/figure><\/li><\/ul><\/figure>\n\n\n\n<div style=\"height:56px\" aria-hidden=\"true\" class=\"wp-block-spacer\"><\/div>\n\n\n\n<p style=\"font-size:22px\" class=\"has-background has-luminous-vivid-amber-background-color\"><strong>VISITA ARLANZA EN TU MOCHILA<\/strong> &#8211; <strong>Adecoar<\/strong><\/p>\n\n\n\n<p>La iniciativa de ADECOAR (Asociaci\u00f3n para el Desarrollo de la Comarca del Arlanza ) que quiere poner en valor el patrimonio natural de los pueblos, conectando a las personas con la naturaleza a trav\u00e9s de los itinerarios de los pueblos de la comarca de Arlanza, vali\u00e9ndose de una red de voluntarios, de su generosidad y compromiso, el pasado domingo 29 de septiembre discurri\u00f3 por las calles de Mecerreyes.<\/p>\n\n\n\n<p>Jos\u00e9 Lorenzo Gonz\u00e1lez fue el voluntario de llevar al numeroso grupo por la ruta de esculturas de gran formato dispuestas por las calles del pueblo y esta vez, acompa\u00f1ado por el autor de las mismas \u00c1ngel Gil, fueron explicando la raz\u00f3n de cada una de ellas y las costumbres de nuestro pueblo. <\/p>\n\n\n\n<figure class=\"wp-block-gallery columns-1 is-cropped wp-block-gallery-12 is-layout-flex wp-block-gallery-is-layout-flex\"><ul class=\"blocks-gallery-grid\"><li class=\"blocks-gallery-item\"><figure><a  href=\"https:\/\/www.mecerreyes.com\/mece\/wp-content\/uploads\/2024\/10\/Arlanza-en-tu-mochila-Mecerreyes-Adecoar-29-09-2024.jpg\" class=\"thickbox no_icon\" title=\"\"><img loading=\"lazy\" decoding=\"async\" width=\"850\" height=\"367\" src=\"https:\/\/www.mecerreyes.com\/mece\/wp-content\/uploads\/2024\/10\/Arlanza-en-tu-mochila-Mecerreyes-Adecoar-29-09-2024.jpg\" alt=\"\" data-id=\"25727\" class=\"wp-image-25727\" srcset=\"https:\/\/www.mecerreyes.com\/mece\/wp-content\/uploads\/2024\/10\/Arlanza-en-tu-mochila-Mecerreyes-Adecoar-29-09-2024.jpg 850w, https:\/\/www.mecerreyes.com\/mece\/wp-content\/uploads\/2024\/10\/Arlanza-en-tu-mochila-Mecerreyes-Adecoar-29-09-2024-300x130.jpg 300w, https:\/\/www.mecerreyes.com\/mece\/wp-content\/uploads\/2024\/10\/Arlanza-en-tu-mochila-Mecerreyes-Adecoar-29-09-2024-768x332.jpg 768w\" sizes=\"(max-width: 850px) 100vw, 850px\" \/><\/a><\/figure><\/li><li class=\"blocks-gallery-item\"><figure><a  href=\"https:\/\/www.mecerreyes.com\/mece\/wp-content\/uploads\/2024\/10\/Adecoar-Visita-a-Mecerreyes-29-09-2024-1.jpg\" class=\"thickbox no_icon\" title=\"\"><img loading=\"lazy\" decoding=\"async\" width=\"680\" height=\"782\" src=\"https:\/\/www.mecerreyes.com\/mece\/wp-content\/uploads\/2024\/10\/Adecoar-Visita-a-Mecerreyes-29-09-2024-1.jpg\" alt=\"\" data-id=\"25728\" data-full-url=\"https:\/\/www.mecerreyes.com\/mece\/wp-content\/uploads\/2024\/10\/Adecoar-Visita-a-Mecerreyes-29-09-2024-1.jpg\" data-link=\"https:\/\/www.mecerreyes.com\/mece\/?attachment_id=25728\" class=\"wp-image-25728\" srcset=\"https:\/\/www.mecerreyes.com\/mece\/wp-content\/uploads\/2024\/10\/Adecoar-Visita-a-Mecerreyes-29-09-2024-1.jpg 680w, https:\/\/www.mecerreyes.com\/mece\/wp-content\/uploads\/2024\/10\/Adecoar-Visita-a-Mecerreyes-29-09-2024-1-261x300.jpg 261w\" sizes=\"(max-width: 680px) 100vw, 680px\" \/><\/a><\/figure><\/li><\/ul><\/figure>\n\n\n\n<div style=\"height:100px\" aria-hidden=\"true\" class=\"wp-block-spacer\"><\/div>\n\n\n\n<p style=\"font-size:22px\" class=\"has-background has-luminous-vivid-amber-background-color\"><strong>FESTIVAL SOLIDARIO CON AUTISMO BURGOS Y ELACYL.<\/strong><\/p>\n\n\n\n<p>El pasado 28 de septiembre el grupo de Danzas Burgalesas Justo del R\u00edo celebr\u00f3 su 55 aniversario.<\/p>\n\n\n\n<p>Decidieron hacerlo bajo el lema Unidos por la solidaridad, para ello invitaron a artistas de lujo y pidieron la colaboraci\u00f3n de la Asociaci\u00f3n Cultural Mecerreyes.<\/p>\n\n\n\n<figure class=\"wp-block-gallery columns-1 is-cropped wp-block-gallery-13 is-layout-flex wp-block-gallery-is-layout-flex\"><ul class=\"blocks-gallery-grid\"><li class=\"blocks-gallery-item\"><figure><img loading=\"lazy\" decoding=\"async\" width=\"567\" height=\"709\" src=\"https:\/\/www.mecerreyes.com\/mece\/wp-content\/uploads\/2024\/10\/Cartel-55-Aniv-Justo-del-Rio-28-09-2024.jpeg\" alt=\"\" data-id=\"25730\" data-full-url=\"https:\/\/www.mecerreyes.com\/mece\/wp-content\/uploads\/2024\/10\/Cartel-55-Aniv-Justo-del-Rio-28-09-2024.jpeg\" data-link=\"https:\/\/www.mecerreyes.com\/mece\/?attachment_id=25730\" class=\"wp-image-25730\" srcset=\"https:\/\/www.mecerreyes.com\/mece\/wp-content\/uploads\/2024\/10\/Cartel-55-Aniv-Justo-del-Rio-28-09-2024.jpeg 567w, https:\/\/www.mecerreyes.com\/mece\/wp-content\/uploads\/2024\/10\/Cartel-55-Aniv-Justo-del-Rio-28-09-2024-240x300.jpeg 240w\" sizes=\"(max-width: 567px) 100vw, 567px\" \/><\/figure><\/li><\/ul><\/figure>\n\n\n\n<p>La plaza de la Catedral de Burgos fue el escenario perfecto para el desarrollo del evento y aunque el fr\u00edo hizo su aparici\u00f3n, las danzas de los anfitriones, la maestr\u00eda de David Huerta, de Dulzaro&nbsp; y las veinte Mascaradas del Carnaval de Mecerreyes calentaron al numeroso p\u00fablico que llenaba el recinto.<\/p>\n\n\n\n<p>Dar visibilidad a Autismo Burgos y a la Asociaci\u00f3n de Enfermos de Esclerosis Lateral Amiotr\u00f3fica de Castilla y Le\u00f3n fue el objetivo de este 55 aniversario de Justo del R\u00edo, as\u00ed como el de los artistas invitados que se sumaron a la causa. <\/p>\n\n\n\n<figure class=\"wp-block-gallery columns-2 is-cropped wp-block-gallery-14 is-layout-flex wp-block-gallery-is-layout-flex\"><ul class=\"blocks-gallery-grid\"><li class=\"blocks-gallery-item\"><figure><a  href=\"https:\/\/www.mecerreyes.com\/mece\/wp-content\/uploads\/2024\/10\/Carnavales-de-Mecerreyes-55-aniversario-de-Justo-del-Rio-28-09-2024-3-755x1024.jpeg\" class=\"thickbox no_icon\" title=\"\"><img loading=\"lazy\" decoding=\"async\" width=\"755\" height=\"1024\" src=\"https:\/\/www.mecerreyes.com\/mece\/wp-content\/uploads\/2024\/10\/Carnavales-de-Mecerreyes-55-aniversario-de-Justo-del-Rio-28-09-2024-3-755x1024.jpeg\" alt=\"\" data-id=\"25732\" data-link=\"https:\/\/www.mecerreyes.com\/mece\/?attachment_id=25732\" class=\"wp-image-25732\" srcset=\"https:\/\/www.mecerreyes.com\/mece\/wp-content\/uploads\/2024\/10\/Carnavales-de-Mecerreyes-55-aniversario-de-Justo-del-Rio-28-09-2024-3-755x1024.jpeg 755w, https:\/\/www.mecerreyes.com\/mece\/wp-content\/uploads\/2024\/10\/Carnavales-de-Mecerreyes-55-aniversario-de-Justo-del-Rio-28-09-2024-3-221x300.jpeg 221w, https:\/\/www.mecerreyes.com\/mece\/wp-content\/uploads\/2024\/10\/Carnavales-de-Mecerreyes-55-aniversario-de-Justo-del-Rio-28-09-2024-3-768x1041.jpeg 768w, https:\/\/www.mecerreyes.com\/mece\/wp-content\/uploads\/2024\/10\/Carnavales-de-Mecerreyes-55-aniversario-de-Justo-del-Rio-28-09-2024-3.jpeg 900w\" sizes=\"(max-width: 755px) 100vw, 755px\" \/><\/a><\/figure><\/li><li class=\"blocks-gallery-item\"><figure><a  href=\"https:\/\/www.mecerreyes.com\/mece\/wp-content\/uploads\/2024\/10\/Carnavales-de-Mecerreyes-55-aniversario-de-Justo-del-Rio-28-09-2024-4-1024x768.jpeg\" class=\"thickbox no_icon\" title=\"\"><img loading=\"lazy\" decoding=\"async\" width=\"1024\" height=\"768\" src=\"https:\/\/www.mecerreyes.com\/mece\/wp-content\/uploads\/2024\/10\/Carnavales-de-Mecerreyes-55-aniversario-de-Justo-del-Rio-28-09-2024-4-1024x768.jpeg\" alt=\"\" data-id=\"25733\" data-link=\"https:\/\/www.mecerreyes.com\/mece\/?attachment_id=25733\" class=\"wp-image-25733\" srcset=\"https:\/\/www.mecerreyes.com\/mece\/wp-content\/uploads\/2024\/10\/Carnavales-de-Mecerreyes-55-aniversario-de-Justo-del-Rio-28-09-2024-4-1024x768.jpeg 1024w, https:\/\/www.mecerreyes.com\/mece\/wp-content\/uploads\/2024\/10\/Carnavales-de-Mecerreyes-55-aniversario-de-Justo-del-Rio-28-09-2024-4-300x225.jpeg 300w, https:\/\/www.mecerreyes.com\/mece\/wp-content\/uploads\/2024\/10\/Carnavales-de-Mecerreyes-55-aniversario-de-Justo-del-Rio-28-09-2024-4-768x576.jpeg 768w, https:\/\/www.mecerreyes.com\/mece\/wp-content\/uploads\/2024\/10\/Carnavales-de-Mecerreyes-55-aniversario-de-Justo-del-Rio-28-09-2024-4-1536x1152.jpeg 1536w, https:\/\/www.mecerreyes.com\/mece\/wp-content\/uploads\/2024\/10\/Carnavales-de-Mecerreyes-55-aniversario-de-Justo-del-Rio-28-09-2024-4-1080x810.jpeg 1080w, https:\/\/www.mecerreyes.com\/mece\/wp-content\/uploads\/2024\/10\/Carnavales-de-Mecerreyes-55-aniversario-de-Justo-del-Rio-28-09-2024-4.jpeg 1600w\" sizes=\"(max-width: 1024px) 100vw, 1024px\" \/><\/a><\/figure><\/li><li class=\"blocks-gallery-item\"><figure><a  href=\"https:\/\/www.mecerreyes.com\/mece\/wp-content\/uploads\/2024\/10\/Carnavales-de-Mecerreyes-55-aniversario-de-Justo-del-Rio-28-09-2024-1024x683.jpeg\" class=\"thickbox no_icon\" title=\"\"><img loading=\"lazy\" decoding=\"async\" width=\"1024\" height=\"683\" src=\"https:\/\/www.mecerreyes.com\/mece\/wp-content\/uploads\/2024\/10\/Carnavales-de-Mecerreyes-55-aniversario-de-Justo-del-Rio-28-09-2024-1024x683.jpeg\" alt=\"\" data-id=\"25735\" data-link=\"https:\/\/www.mecerreyes.com\/mece\/?attachment_id=25735\" class=\"wp-image-25735\" srcset=\"https:\/\/www.mecerreyes.com\/mece\/wp-content\/uploads\/2024\/10\/Carnavales-de-Mecerreyes-55-aniversario-de-Justo-del-Rio-28-09-2024-1024x683.jpeg 1024w, https:\/\/www.mecerreyes.com\/mece\/wp-content\/uploads\/2024\/10\/Carnavales-de-Mecerreyes-55-aniversario-de-Justo-del-Rio-28-09-2024-300x200.jpeg 300w, https:\/\/www.mecerreyes.com\/mece\/wp-content\/uploads\/2024\/10\/Carnavales-de-Mecerreyes-55-aniversario-de-Justo-del-Rio-28-09-2024-768x512.jpeg 768w, https:\/\/www.mecerreyes.com\/mece\/wp-content\/uploads\/2024\/10\/Carnavales-de-Mecerreyes-55-aniversario-de-Justo-del-Rio-28-09-2024.jpeg 1080w\" sizes=\"(max-width: 1024px) 100vw, 1024px\" \/><\/a><\/figure><\/li><li class=\"blocks-gallery-item\"><figure><a  href=\"https:\/\/www.mecerreyes.com\/mece\/wp-content\/uploads\/2024\/10\/Carnavales-de-Mecerreyes-55-aniversario-de-Justo-del-Rio-28-09-2024-1-461x1024.jpeg\" class=\"thickbox no_icon\" title=\"\"><img loading=\"lazy\" decoding=\"async\" width=\"461\" height=\"1024\" src=\"https:\/\/www.mecerreyes.com\/mece\/wp-content\/uploads\/2024\/10\/Carnavales-de-Mecerreyes-55-aniversario-de-Justo-del-Rio-28-09-2024-1-461x1024.jpeg\" alt=\"\" data-id=\"25736\" data-link=\"https:\/\/www.mecerreyes.com\/mece\/?attachment_id=25736\" class=\"wp-image-25736\" srcset=\"https:\/\/www.mecerreyes.com\/mece\/wp-content\/uploads\/2024\/10\/Carnavales-de-Mecerreyes-55-aniversario-de-Justo-del-Rio-28-09-2024-1-461x1024.jpeg 461w, https:\/\/www.mecerreyes.com\/mece\/wp-content\/uploads\/2024\/10\/Carnavales-de-Mecerreyes-55-aniversario-de-Justo-del-Rio-28-09-2024-1-135x300.jpeg 135w, https:\/\/www.mecerreyes.com\/mece\/wp-content\/uploads\/2024\/10\/Carnavales-de-Mecerreyes-55-aniversario-de-Justo-del-Rio-28-09-2024-1-691x1536.jpeg 691w, https:\/\/www.mecerreyes.com\/mece\/wp-content\/uploads\/2024\/10\/Carnavales-de-Mecerreyes-55-aniversario-de-Justo-del-Rio-28-09-2024-1.jpeg 720w\" sizes=\"(max-width: 461px) 100vw, 461px\" \/><\/a><\/figure><\/li><li class=\"blocks-gallery-item\"><figure><a  href=\"https:\/\/www.mecerreyes.com\/mece\/wp-content\/uploads\/2024\/10\/Carnavales-de-Mecerreyes-55-aniversario-de-Justo-del-Rio-28-09-2024-2-623x1024.jpeg\" class=\"thickbox no_icon\" title=\"\"><img loading=\"lazy\" decoding=\"async\" width=\"623\" height=\"1024\" src=\"https:\/\/www.mecerreyes.com\/mece\/wp-content\/uploads\/2024\/10\/Carnavales-de-Mecerreyes-55-aniversario-de-Justo-del-Rio-28-09-2024-2-623x1024.jpeg\" alt=\"\" data-id=\"25737\" data-link=\"https:\/\/www.mecerreyes.com\/mece\/?attachment_id=25737\" class=\"wp-image-25737\" srcset=\"https:\/\/www.mecerreyes.com\/mece\/wp-content\/uploads\/2024\/10\/Carnavales-de-Mecerreyes-55-aniversario-de-Justo-del-Rio-28-09-2024-2-623x1024.jpeg 623w, https:\/\/www.mecerreyes.com\/mece\/wp-content\/uploads\/2024\/10\/Carnavales-de-Mecerreyes-55-aniversario-de-Justo-del-Rio-28-09-2024-2-182x300.jpeg 182w, https:\/\/www.mecerreyes.com\/mece\/wp-content\/uploads\/2024\/10\/Carnavales-de-Mecerreyes-55-aniversario-de-Justo-del-Rio-28-09-2024-2-768x1263.jpeg 768w, https:\/\/www.mecerreyes.com\/mece\/wp-content\/uploads\/2024\/10\/Carnavales-de-Mecerreyes-55-aniversario-de-Justo-del-Rio-28-09-2024-2-934x1536.jpeg 934w, https:\/\/www.mecerreyes.com\/mece\/wp-content\/uploads\/2024\/10\/Carnavales-de-Mecerreyes-55-aniversario-de-Justo-del-Rio-28-09-2024-2-1080x1777.jpeg 1080w, https:\/\/www.mecerreyes.com\/mece\/wp-content\/uploads\/2024\/10\/Carnavales-de-Mecerreyes-55-aniversario-de-Justo-del-Rio-28-09-2024-2.jpeg 1245w\" sizes=\"(max-width: 623px) 100vw, 623px\" \/><\/a><\/figure><\/li><li class=\"blocks-gallery-item\"><figure><a  href=\"https:\/\/www.mecerreyes.com\/mece\/wp-content\/uploads\/2024\/10\/Carnavales-de-Mecerreyes-55-aniversario-de-Justo-del-Rio-28-09-2024-7.jpg\" class=\"thickbox no_icon\" title=\"\"><img loading=\"lazy\" decoding=\"async\" width=\"1024\" height=\"461\" src=\"https:\/\/www.mecerreyes.com\/mece\/wp-content\/uploads\/2024\/10\/Carnavales-de-Mecerreyes-55-aniversario-de-Justo-del-Rio-28-09-2024-7-1024x461.jpg\" alt=\"\" data-id=\"25749\" data-full-url=\"https:\/\/www.mecerreyes.com\/mece\/wp-content\/uploads\/2024\/10\/Carnavales-de-Mecerreyes-55-aniversario-de-Justo-del-Rio-28-09-2024-7.jpg\" data-link=\"https:\/\/www.mecerreyes.com\/mece\/?attachment_id=25749\" class=\"wp-image-25749\" srcset=\"https:\/\/www.mecerreyes.com\/mece\/wp-content\/uploads\/2024\/10\/Carnavales-de-Mecerreyes-55-aniversario-de-Justo-del-Rio-28-09-2024-7-1024x461.jpg 1024w, https:\/\/www.mecerreyes.com\/mece\/wp-content\/uploads\/2024\/10\/Carnavales-de-Mecerreyes-55-aniversario-de-Justo-del-Rio-28-09-2024-7-300x135.jpg 300w, https:\/\/www.mecerreyes.com\/mece\/wp-content\/uploads\/2024\/10\/Carnavales-de-Mecerreyes-55-aniversario-de-Justo-del-Rio-28-09-2024-7-768x345.jpg 768w, https:\/\/www.mecerreyes.com\/mece\/wp-content\/uploads\/2024\/10\/Carnavales-de-Mecerreyes-55-aniversario-de-Justo-del-Rio-28-09-2024-7-1536x691.jpg 1536w, https:\/\/www.mecerreyes.com\/mece\/wp-content\/uploads\/2024\/10\/Carnavales-de-Mecerreyes-55-aniversario-de-Justo-del-Rio-28-09-2024-7-1080x486.jpg 1080w, https:\/\/www.mecerreyes.com\/mece\/wp-content\/uploads\/2024\/10\/Carnavales-de-Mecerreyes-55-aniversario-de-Justo-del-Rio-28-09-2024-7.jpg 1701w\" sizes=\"(max-width: 1024px) 100vw, 1024px\" \/><\/a><\/figure><\/li><li class=\"blocks-gallery-item\"><figure><a  href=\"https:\/\/www.mecerreyes.com\/mece\/wp-content\/uploads\/2024\/10\/Carnavales-de-Mecerreyes-55-aniversario-de-Justo-del-Rio-28-09-2024-5.jpg\" class=\"thickbox no_icon\" title=\"\"><img loading=\"lazy\" decoding=\"async\" width=\"1024\" height=\"461\" src=\"https:\/\/www.mecerreyes.com\/mece\/wp-content\/uploads\/2024\/10\/Carnavales-de-Mecerreyes-55-aniversario-de-Justo-del-Rio-28-09-2024-5-1024x461.jpg\" alt=\"\" data-id=\"25750\" data-full-url=\"https:\/\/www.mecerreyes.com\/mece\/wp-content\/uploads\/2024\/10\/Carnavales-de-Mecerreyes-55-aniversario-de-Justo-del-Rio-28-09-2024-5.jpg\" data-link=\"https:\/\/www.mecerreyes.com\/mece\/?attachment_id=25750\" class=\"wp-image-25750\" srcset=\"https:\/\/www.mecerreyes.com\/mece\/wp-content\/uploads\/2024\/10\/Carnavales-de-Mecerreyes-55-aniversario-de-Justo-del-Rio-28-09-2024-5-1024x461.jpg 1024w, https:\/\/www.mecerreyes.com\/mece\/wp-content\/uploads\/2024\/10\/Carnavales-de-Mecerreyes-55-aniversario-de-Justo-del-Rio-28-09-2024-5-300x135.jpg 300w, https:\/\/www.mecerreyes.com\/mece\/wp-content\/uploads\/2024\/10\/Carnavales-de-Mecerreyes-55-aniversario-de-Justo-del-Rio-28-09-2024-5-768x346.jpg 768w, https:\/\/www.mecerreyes.com\/mece\/wp-content\/uploads\/2024\/10\/Carnavales-de-Mecerreyes-55-aniversario-de-Justo-del-Rio-28-09-2024-5-1080x486.jpg 1080w, https:\/\/www.mecerreyes.com\/mece\/wp-content\/uploads\/2024\/10\/Carnavales-de-Mecerreyes-55-aniversario-de-Justo-del-Rio-28-09-2024-5.jpg 1417w\" sizes=\"(max-width: 1024px) 100vw, 1024px\" \/><\/a><\/figure><\/li><li class=\"blocks-gallery-item\"><figure><a  href=\"https:\/\/www.mecerreyes.com\/mece\/wp-content\/uploads\/2024\/10\/Carnavales-de-Mecerreyes-55-aniversario-de-Justo-del-Rio-28-09-2024-6.jpg\" class=\"thickbox no_icon\" title=\"\"><img loading=\"lazy\" decoding=\"async\" width=\"1024\" height=\"461\" src=\"https:\/\/www.mecerreyes.com\/mece\/wp-content\/uploads\/2024\/10\/Carnavales-de-Mecerreyes-55-aniversario-de-Justo-del-Rio-28-09-2024-6-1024x461.jpg\" alt=\"\" data-id=\"25751\" data-full-url=\"https:\/\/www.mecerreyes.com\/mece\/wp-content\/uploads\/2024\/10\/Carnavales-de-Mecerreyes-55-aniversario-de-Justo-del-Rio-28-09-2024-6.jpg\" data-link=\"https:\/\/www.mecerreyes.com\/mece\/?attachment_id=25751\" class=\"wp-image-25751\" srcset=\"https:\/\/www.mecerreyes.com\/mece\/wp-content\/uploads\/2024\/10\/Carnavales-de-Mecerreyes-55-aniversario-de-Justo-del-Rio-28-09-2024-6-1024x461.jpg 1024w, https:\/\/www.mecerreyes.com\/mece\/wp-content\/uploads\/2024\/10\/Carnavales-de-Mecerreyes-55-aniversario-de-Justo-del-Rio-28-09-2024-6-300x135.jpg 300w, https:\/\/www.mecerreyes.com\/mece\/wp-content\/uploads\/2024\/10\/Carnavales-de-Mecerreyes-55-aniversario-de-Justo-del-Rio-28-09-2024-6-768x346.jpg 768w, https:\/\/www.mecerreyes.com\/mece\/wp-content\/uploads\/2024\/10\/Carnavales-de-Mecerreyes-55-aniversario-de-Justo-del-Rio-28-09-2024-6-1080x486.jpg 1080w, https:\/\/www.mecerreyes.com\/mece\/wp-content\/uploads\/2024\/10\/Carnavales-de-Mecerreyes-55-aniversario-de-Justo-del-Rio-28-09-2024-6.jpg 1417w\" sizes=\"(max-width: 1024px) 100vw, 1024px\" \/><\/a><\/figure><\/li><\/ul><\/figure>\n\n\n\n<p>Agradecimiento a todos los voluntarios que se enfundaron los disfraces \u00a0y llevaron nuestro carnaval a la capital. <\/p>\n\n\n\n<figure class=\"wp-block-gallery columns-1 is-cropped wp-block-gallery-15 is-layout-flex wp-block-gallery-is-layout-flex\"><ul class=\"blocks-gallery-grid\"><li class=\"blocks-gallery-item\"><figure><a  href=\"http:\/\/www.mecerreyes.com\/mece\/wp-content\/uploads\/2024\/10\/Agradecimiento-de-Justo-del-Rio-a-la-Asociaci\u00f3n-cultural-Mecerreyes-28-9-24.jpg\" class=\"thickbox no_icon\" title=\"\"><img loading=\"lazy\" decoding=\"async\" width=\"701\" height=\"141\" src=\"http:\/\/www.mecerreyes.com\/mece\/wp-content\/uploads\/2024\/10\/Agradecimiento-de-Justo-del-Rio-a-la-Asociaci\u00f3n-cultural-Mecerreyes-28-9-24.jpg\" alt=\"\" data-id=\"25738\" data-full-url=\"http:\/\/www.mecerreyes.com\/mece\/wp-content\/uploads\/2024\/10\/Agradecimiento-de-Justo-del-Rio-a-la-Asociaci\u00f3n-cultural-Mecerreyes-28-9-24.jpg\" data-link=\"http:\/\/www.mecerreyes.com\/mece\/?attachment_id=25738\" class=\"wp-image-25738\" srcset=\"https:\/\/www.mecerreyes.com\/mece\/wp-content\/uploads\/2024\/10\/Agradecimiento-de-Justo-del-Rio-a-la-Asociaci\u00f3n-cultural-Mecerreyes-28-9-24.jpg 701w, https:\/\/www.mecerreyes.com\/mece\/wp-content\/uploads\/2024\/10\/Agradecimiento-de-Justo-del-Rio-a-la-Asociaci\u00f3n-cultural-Mecerreyes-28-9-24-300x60.jpg 300w\" sizes=\"(max-width: 701px) 100vw, 701px\" \/><\/a><\/figure><\/li><li class=\"blocks-gallery-item\"><figure><a  href=\"http:\/\/www.mecerreyes.com\/mece\/wp-content\/uploads\/2024\/10\/Carnavales-de-Mecerreyes-55-aniversario-de-Justo-del-Rio-28-09-2024-a.jpg\" class=\"thickbox no_icon\" title=\"\"><img loading=\"lazy\" decoding=\"async\" width=\"1024\" height=\"768\" src=\"http:\/\/www.mecerreyes.com\/mece\/wp-content\/uploads\/2024\/10\/Carnavales-de-Mecerreyes-55-aniversario-de-Justo-del-Rio-28-09-2024-a-1024x768.jpg\" alt=\"\" data-id=\"25734\" data-full-url=\"http:\/\/www.mecerreyes.com\/mece\/wp-content\/uploads\/2024\/10\/Carnavales-de-Mecerreyes-55-aniversario-de-Justo-del-Rio-28-09-2024-a.jpg\" data-link=\"http:\/\/www.mecerreyes.com\/mece\/?attachment_id=25734\" class=\"wp-image-25734\" srcset=\"https:\/\/www.mecerreyes.com\/mece\/wp-content\/uploads\/2024\/10\/Carnavales-de-Mecerreyes-55-aniversario-de-Justo-del-Rio-28-09-2024-a-1024x768.jpg 1024w, https:\/\/www.mecerreyes.com\/mece\/wp-content\/uploads\/2024\/10\/Carnavales-de-Mecerreyes-55-aniversario-de-Justo-del-Rio-28-09-2024-a-300x225.jpg 300w, https:\/\/www.mecerreyes.com\/mece\/wp-content\/uploads\/2024\/10\/Carnavales-de-Mecerreyes-55-aniversario-de-Justo-del-Rio-28-09-2024-a-768x576.jpg 768w, https:\/\/www.mecerreyes.com\/mece\/wp-content\/uploads\/2024\/10\/Carnavales-de-Mecerreyes-55-aniversario-de-Justo-del-Rio-28-09-2024-a-1080x810.jpg 1080w, https:\/\/www.mecerreyes.com\/mece\/wp-content\/uploads\/2024\/10\/Carnavales-de-Mecerreyes-55-aniversario-de-Justo-del-Rio-28-09-2024-a.jpg 1417w\" sizes=\"(max-width: 1024px) 100vw, 1024px\" \/><\/a><\/figure><\/li><\/ul><\/figure>\n\n\n\n<p><em>Pincha sobre la siguiente foto para leer el Art\u00edculo de<\/em> <strong>El Correo de Burgos<\/strong>:<\/p>\n\n\n\n<figure class=\"wp-block-image size-large\"><a  href=\"https:\/\/www.elcorreodeburgos.com\/burgos\/240929\/228589\/larga-vida-folclore-castellano.html\" target=\"_blank\" rel=\"noopener noreferrer\"><img loading=\"lazy\" decoding=\"async\" width=\"932\" height=\"834\" src=\"https:\/\/www.mecerreyes.com\/mece\/wp-content\/uploads\/2024\/10\/55-Aniversario-de-Justo-del-Rio-Asociaci\u00f3n-cultural-Mecerreyes-28-9-24.jpg\" alt=\"\" class=\"wp-image-25739\" srcset=\"https:\/\/www.mecerreyes.com\/mece\/wp-content\/uploads\/2024\/10\/55-Aniversario-de-Justo-del-Rio-Asociaci\u00f3n-cultural-Mecerreyes-28-9-24.jpg 932w, https:\/\/www.mecerreyes.com\/mece\/wp-content\/uploads\/2024\/10\/55-Aniversario-de-Justo-del-Rio-Asociaci\u00f3n-cultural-Mecerreyes-28-9-24-300x268.jpg 300w, https:\/\/www.mecerreyes.com\/mece\/wp-content\/uploads\/2024\/10\/55-Aniversario-de-Justo-del-Rio-Asociaci\u00f3n-cultural-Mecerreyes-28-9-24-768x687.jpg 768w\" sizes=\"(max-width: 932px) 100vw, 932px\" \/><\/a><\/figure>\n\n\n\n<p style=\"font-size:22px\" class=\"has-background has-luminous-vivid-amber-background-color\"><strong>D\u00cdA DE LA PROVINCIA (Diputaci\u00f3n Provincial De Burgos)<\/strong><\/p>\n\n\n\n<p>El pasado 29 de septiembre Diario de Burgos se hizo eco de la celebraci\u00f3n que acogi\u00f3 Quintana Mart\u00edn Gal\u00edndez con motivo del D\u00eda de la Provincia.<\/p>\n\n\n\n<p>Los invitados y protagonistas de este evento fueron los 290 alcaldes que acudieron de un total de 371, a ellos el presidente de la Diputaci\u00f3n se dirigi\u00f3 con sus propuestas y confrontaciones respecto al gobierno central.<\/p>\n\n\n\n<p>El alcalde de Mecerreyes tom\u00f3 buena cuenta de estas iniciativas y pr\u00f3ximas convocatorias de ayudas al patrimonio, vinculadas a un retorno econ\u00f3mico. <\/p>\n\n\n\n<figure class=\"wp-block-gallery columns-1 is-cropped wp-block-gallery-16 is-layout-flex wp-block-gallery-is-layout-flex\"><ul class=\"blocks-gallery-grid\"><li class=\"blocks-gallery-item\"><figure><a  href=\"https:\/\/www.mecerreyes.com\/mece\/wp-content\/uploads\/2024\/10\/D\u00eda-de-la-Provincia-2024-1.jpeg\" class=\"thickbox no_icon\" title=\"\"><img loading=\"lazy\" decoding=\"async\" width=\"808\" height=\"1024\" src=\"https:\/\/www.mecerreyes.com\/mece\/wp-content\/uploads\/2024\/10\/D\u00eda-de-la-Provincia-2024-1-808x1024.jpeg\" alt=\"\" data-id=\"25743\" data-full-url=\"https:\/\/www.mecerreyes.com\/mece\/wp-content\/uploads\/2024\/10\/D\u00eda-de-la-Provincia-2024-1.jpeg\" data-link=\"https:\/\/www.mecerreyes.com\/mece\/?attachment_id=25743\" class=\"wp-image-25743\" srcset=\"https:\/\/www.mecerreyes.com\/mece\/wp-content\/uploads\/2024\/10\/D\u00eda-de-la-Provincia-2024-1-808x1024.jpeg 808w, https:\/\/www.mecerreyes.com\/mece\/wp-content\/uploads\/2024\/10\/D\u00eda-de-la-Provincia-2024-1-237x300.jpeg 237w, https:\/\/www.mecerreyes.com\/mece\/wp-content\/uploads\/2024\/10\/D\u00eda-de-la-Provincia-2024-1-768x974.jpeg 768w, https:\/\/www.mecerreyes.com\/mece\/wp-content\/uploads\/2024\/10\/D\u00eda-de-la-Provincia-2024-1.jpeg 822w\" sizes=\"(max-width: 808px) 100vw, 808px\" \/><\/a><\/figure><\/li><li class=\"blocks-gallery-item\"><figure><a  href=\"https:\/\/www.mecerreyes.com\/mece\/wp-content\/uploads\/2024\/10\/D\u00eda-de-la-Provincia-2024-2.jpeg\" class=\"thickbox no_icon\" title=\"\"><img loading=\"lazy\" decoding=\"async\" width=\"813\" height=\"1024\" src=\"https:\/\/www.mecerreyes.com\/mece\/wp-content\/uploads\/2024\/10\/D\u00eda-de-la-Provincia-2024-2-813x1024.jpeg\" alt=\"\" data-id=\"25742\" data-full-url=\"https:\/\/www.mecerreyes.com\/mece\/wp-content\/uploads\/2024\/10\/D\u00eda-de-la-Provincia-2024-2.jpeg\" data-link=\"https:\/\/www.mecerreyes.com\/mece\/?attachment_id=25742\" class=\"wp-image-25742\" srcset=\"https:\/\/www.mecerreyes.com\/mece\/wp-content\/uploads\/2024\/10\/D\u00eda-de-la-Provincia-2024-2-813x1024.jpeg 813w, https:\/\/www.mecerreyes.com\/mece\/wp-content\/uploads\/2024\/10\/D\u00eda-de-la-Provincia-2024-2-238x300.jpeg 238w, https:\/\/www.mecerreyes.com\/mece\/wp-content\/uploads\/2024\/10\/D\u00eda-de-la-Provincia-2024-2-768x967.jpeg 768w, https:\/\/www.mecerreyes.com\/mece\/wp-content\/uploads\/2024\/10\/D\u00eda-de-la-Provincia-2024-2.jpeg 850w\" sizes=\"(max-width: 813px) 100vw, 813px\" \/><\/a><\/figure><\/li><\/ul><\/figure>\n\n\n\n<p style=\"font-size:22px\" class=\"has-background has-luminous-vivid-amber-background-color\"><strong><a  href=\"https:\/\/www.mecerreyes.com\/mece\/?page_id=24\">AYUNTAMIENTO<\/a><\/strong><\/p>\n\n\n\n<p>Desde el <a  href=\"https:\/\/www.mecerreyes.com\/mece\/?page_id=24\">Ayuntamiento<\/a> queremos transmitir nuestra felicitaci\u00f3n por las cosas bien hechas a trav\u00e9s de estos comunicados, a trav\u00e9s de las redes sociales y queremos colaborar para difundir momentos que a lo largo del a\u00f1o realizamos, gestionamos y ponemos en marcha.<br><br>Despu\u00e9s de este mes de septiembre, como reposo de ese verano, movido cultural, art\u00edstico, y por supuesto acabando con nuestras FIESTAS.<br>Hemos puesto todo nuestro esfuerzo junto a nuestros j\u00f3venes para que hayan sido lo m\u00e1s gratas, participativas y divertidas para todos, con los eventos puestos a vuestra disposici\u00f3n.<br><br>Pero la labor en el <a  href=\"https:\/\/www.mecerreyes.com\/mece\/?page_id=24\">Ayuntamiento<\/a> sigue sin parar\u2026. momentos en los que seguimos disfrutando con los proyectos que vamos realizando en servicio de todos los guiletos; momentos que sinceramente les intentamos disfrutar antes incluso de ponerlos en marcha con nuestro criterio .<br><br>Somos conscientes de que haciendo cosas nos vamos a equivocar, pero desde luego, desde este <a  href=\"https:\/\/www.mecerreyes.com\/mece\/?page_id=24\">ayuntamiento<\/a> vamos a seguir haciendo muchas realidades, unas mejor y otras peor, siempre para llevarlas a cabo en beneficio de todos los del pueblo.<br><br>Hemos llevado a cabo:<\/p>\n\n\n\n<ul class=\"wp-block-list\"><li>El camino hacia la ermita.<\/li><\/ul>\n\n\n\n<figure class=\"wp-block-gallery columns-2 is-cropped wp-block-gallery-17 is-layout-flex wp-block-gallery-is-layout-flex\"><ul class=\"blocks-gallery-grid\"><li class=\"blocks-gallery-item\"><figure><img loading=\"lazy\" decoding=\"async\" width=\"850\" height=\"638\" src=\"http:\/\/www.mecerreyes.com\/mece\/wp-content\/uploads\/2024\/10\/Mecerreyes-camino-de-la-Ermita-2024-1.jpeg\" alt=\"\" data-id=\"25752\" data-link=\"http:\/\/www.mecerreyes.com\/mece\/?attachment_id=25752\" class=\"wp-image-25752\" srcset=\"https:\/\/www.mecerreyes.com\/mece\/wp-content\/uploads\/2024\/10\/Mecerreyes-camino-de-la-Ermita-2024-1.jpeg 850w, https:\/\/www.mecerreyes.com\/mece\/wp-content\/uploads\/2024\/10\/Mecerreyes-camino-de-la-Ermita-2024-1-300x225.jpeg 300w, https:\/\/www.mecerreyes.com\/mece\/wp-content\/uploads\/2024\/10\/Mecerreyes-camino-de-la-Ermita-2024-1-768x576.jpeg 768w\" sizes=\"(max-width: 850px) 100vw, 850px\" \/><\/figure><\/li><li class=\"blocks-gallery-item\"><figure><img loading=\"lazy\" decoding=\"async\" width=\"709\" height=\"531\" src=\"http:\/\/www.mecerreyes.com\/mece\/wp-content\/uploads\/2024\/10\/Mecerreyes-camino-de-la-Ermita-2024-2.jpeg\" alt=\"\" data-id=\"25753\" data-link=\"http:\/\/www.mecerreyes.com\/mece\/?attachment_id=25753\" class=\"wp-image-25753\" srcset=\"https:\/\/www.mecerreyes.com\/mece\/wp-content\/uploads\/2024\/10\/Mecerreyes-camino-de-la-Ermita-2024-2.jpeg 709w, https:\/\/www.mecerreyes.com\/mece\/wp-content\/uploads\/2024\/10\/Mecerreyes-camino-de-la-Ermita-2024-2-300x225.jpeg 300w\" sizes=\"(max-width: 709px) 100vw, 709px\" \/><\/figure><\/li><\/ul><\/figure>\n\n\n\n<ul class=\"wp-block-list\"><li>El adoquinado y la realizaci\u00f3n con su canalizaci\u00f3n en la calle, la plaza de la Serna.<\/li><\/ul>\n\n\n\n<figure class=\"wp-block-gallery columns-2 is-cropped wp-block-gallery-18 is-layout-flex wp-block-gallery-is-layout-flex\"><ul class=\"blocks-gallery-grid\"><li class=\"blocks-gallery-item\"><figure><img loading=\"lazy\" decoding=\"async\" width=\"1024\" height=\"768\" src=\"http:\/\/www.mecerreyes.com\/mece\/wp-content\/uploads\/2024\/07\/Mecerreyes-calle-la-Serna-1-1024x768.jpg\" alt=\"\" data-id=\"25166\" data-full-url=\"http:\/\/www.mecerreyes.com\/mece\/wp-content\/uploads\/2024\/07\/Mecerreyes-calle-la-Serna-1.jpg\" data-link=\"http:\/\/www.mecerreyes.com\/mece\/?attachment_id=25166\" class=\"wp-image-25166\" srcset=\"https:\/\/www.mecerreyes.com\/mece\/wp-content\/uploads\/2024\/07\/Mecerreyes-calle-la-Serna-1-1024x768.jpg 1024w, https:\/\/www.mecerreyes.com\/mece\/wp-content\/uploads\/2024\/07\/Mecerreyes-calle-la-Serna-1-300x225.jpg 300w, https:\/\/www.mecerreyes.com\/mece\/wp-content\/uploads\/2024\/07\/Mecerreyes-calle-la-Serna-1-768x576.jpg 768w, https:\/\/www.mecerreyes.com\/mece\/wp-content\/uploads\/2024\/07\/Mecerreyes-calle-la-Serna-1-1536x1152.jpg 1536w, https:\/\/www.mecerreyes.com\/mece\/wp-content\/uploads\/2024\/07\/Mecerreyes-calle-la-Serna-1-1080x810.jpg 1080w, https:\/\/www.mecerreyes.com\/mece\/wp-content\/uploads\/2024\/07\/Mecerreyes-calle-la-Serna-1.jpg 1600w\" sizes=\"(max-width: 1024px) 100vw, 1024px\" \/><\/figure><\/li><li class=\"blocks-gallery-item\"><figure><img loading=\"lazy\" decoding=\"async\" width=\"1024\" height=\"768\" src=\"http:\/\/www.mecerreyes.com\/mece\/wp-content\/uploads\/2024\/07\/Mecerreyes-calle-la-Serna-2-1024x768.jpg\" alt=\"\" data-id=\"25165\" data-full-url=\"http:\/\/www.mecerreyes.com\/mece\/wp-content\/uploads\/2024\/07\/Mecerreyes-calle-la-Serna-2.jpg\" data-link=\"http:\/\/www.mecerreyes.com\/mece\/?attachment_id=25165\" class=\"wp-image-25165\" srcset=\"https:\/\/www.mecerreyes.com\/mece\/wp-content\/uploads\/2024\/07\/Mecerreyes-calle-la-Serna-2-1024x768.jpg 1024w, https:\/\/www.mecerreyes.com\/mece\/wp-content\/uploads\/2024\/07\/Mecerreyes-calle-la-Serna-2-300x225.jpg 300w, https:\/\/www.mecerreyes.com\/mece\/wp-content\/uploads\/2024\/07\/Mecerreyes-calle-la-Serna-2-768x576.jpg 768w, https:\/\/www.mecerreyes.com\/mece\/wp-content\/uploads\/2024\/07\/Mecerreyes-calle-la-Serna-2-1536x1152.jpg 1536w, https:\/\/www.mecerreyes.com\/mece\/wp-content\/uploads\/2024\/07\/Mecerreyes-calle-la-Serna-2-1080x810.jpg 1080w, https:\/\/www.mecerreyes.com\/mece\/wp-content\/uploads\/2024\/07\/Mecerreyes-calle-la-Serna-2.jpg 1600w\" sizes=\"(max-width: 1024px) 100vw, 1024px\" \/><\/figure><\/li><\/ul><\/figure>\n\n\n\n<ul class=\"wp-block-list\"><li>El adoquinado y la realizaci\u00f3n con canalizacion de <a  href=\"https:\/\/www.mecerreyes.com\/mece\/?page_id=41\">servicios<\/a> de la calle De La Fuente .<\/li><\/ul>\n\n\n\n<figure class=\"wp-block-gallery columns-2 is-cropped wp-block-gallery-19 is-layout-flex wp-block-gallery-is-layout-flex\"><ul class=\"blocks-gallery-grid\"><li class=\"blocks-gallery-item\"><figure><img loading=\"lazy\" decoding=\"async\" width=\"567\" height=\"425\" src=\"http:\/\/www.mecerreyes.com\/mece\/wp-content\/uploads\/2024\/10\/Mecerreyes-obra-calle-La-Fuente-2024-2.jpeg\" alt=\"\" data-id=\"25755\" data-full-url=\"http:\/\/www.mecerreyes.com\/mece\/wp-content\/uploads\/2024\/10\/Mecerreyes-obra-calle-La-Fuente-2024-2.jpeg\" data-link=\"http:\/\/www.mecerreyes.com\/mece\/?attachment_id=25755\" class=\"wp-image-25755\" srcset=\"https:\/\/www.mecerreyes.com\/mece\/wp-content\/uploads\/2024\/10\/Mecerreyes-obra-calle-La-Fuente-2024-2.jpeg 567w, https:\/\/www.mecerreyes.com\/mece\/wp-content\/uploads\/2024\/10\/Mecerreyes-obra-calle-La-Fuente-2024-2-300x225.jpeg 300w\" sizes=\"(max-width: 567px) 100vw, 567px\" \/><\/figure><\/li><li class=\"blocks-gallery-item\"><figure><img loading=\"lazy\" decoding=\"async\" width=\"567\" height=\"756\" src=\"http:\/\/www.mecerreyes.com\/mece\/wp-content\/uploads\/2024\/10\/Mecerreyes-obra-calle-La-Fuente-2024-1.jpeg\" alt=\"\" data-id=\"25754\" data-full-url=\"http:\/\/www.mecerreyes.com\/mece\/wp-content\/uploads\/2024\/10\/Mecerreyes-obra-calle-La-Fuente-2024-1.jpeg\" data-link=\"http:\/\/www.mecerreyes.com\/mece\/?attachment_id=25754\" class=\"wp-image-25754\" srcset=\"https:\/\/www.mecerreyes.com\/mece\/wp-content\/uploads\/2024\/10\/Mecerreyes-obra-calle-La-Fuente-2024-1.jpeg 567w, https:\/\/www.mecerreyes.com\/mece\/wp-content\/uploads\/2024\/10\/Mecerreyes-obra-calle-La-Fuente-2024-1-225x300.jpeg 225w\" sizes=\"(max-width: 567px) 100vw, 567px\" \/><\/figure><\/li><\/ul><\/figure>\n\n\n\n<ul class=\"wp-block-list\"><li>En dicha calle, pista central para jugar a la Tuta, que hicimos realidad el juego sobre ella en estas \u00faltimas fiestas.<\/li><\/ul>\n\n\n\n<figure class=\"wp-block-gallery columns-1 is-cropped wp-block-gallery-20 is-layout-flex wp-block-gallery-is-layout-flex\"><ul class=\"blocks-gallery-grid\"><li class=\"blocks-gallery-item\"><figure><img loading=\"lazy\" decoding=\"async\" width=\"709\" height=\"531\" src=\"https:\/\/www.mecerreyes.com\/mece\/wp-content\/uploads\/2024\/10\/Mecerreyes-pista-de-tuta-2024.jpeg\" alt=\"\" data-id=\"25756\" data-full-url=\"https:\/\/www.mecerreyes.com\/mece\/wp-content\/uploads\/2024\/10\/Mecerreyes-pista-de-tuta-2024.jpeg\" data-link=\"https:\/\/www.mecerreyes.com\/mece\/?attachment_id=25756\" class=\"wp-image-25756\" srcset=\"https:\/\/www.mecerreyes.com\/mece\/wp-content\/uploads\/2024\/10\/Mecerreyes-pista-de-tuta-2024.jpeg 709w, https:\/\/www.mecerreyes.com\/mece\/wp-content\/uploads\/2024\/10\/Mecerreyes-pista-de-tuta-2024-300x225.jpeg 300w\" sizes=\"(max-width: 709px) 100vw, 709px\" \/><\/figure><\/li><\/ul><\/figure>\n\n\n\n<ul class=\"wp-block-list\"><li>Estamos realizando una remodelaci\u00f3n y una necesidad en el cementerio para todos.<\/li><\/ul>\n\n\n\n<figure class=\"wp-block-gallery columns-2 is-cropped wp-block-gallery-21 is-layout-flex wp-block-gallery-is-layout-flex\"><ul class=\"blocks-gallery-grid\"><li class=\"blocks-gallery-item\"><figure><img loading=\"lazy\" decoding=\"async\" width=\"1024\" height=\"768\" src=\"http:\/\/www.mecerreyes.com\/mece\/wp-content\/uploads\/2024\/03\/Obras-Cementerio-de-Mecerreyes-1024x768.jpeg\" alt=\"\" data-id=\"24779\" data-link=\"http:\/\/www.mecerreyes.com\/mece\/?attachment_id=24779\" class=\"wp-image-24779\" srcset=\"https:\/\/www.mecerreyes.com\/mece\/wp-content\/uploads\/2024\/03\/Obras-Cementerio-de-Mecerreyes-1024x768.jpeg 1024w, https:\/\/www.mecerreyes.com\/mece\/wp-content\/uploads\/2024\/03\/Obras-Cementerio-de-Mecerreyes-300x225.jpeg 300w, https:\/\/www.mecerreyes.com\/mece\/wp-content\/uploads\/2024\/03\/Obras-Cementerio-de-Mecerreyes-768x576.jpeg 768w, https:\/\/www.mecerreyes.com\/mece\/wp-content\/uploads\/2024\/03\/Obras-Cementerio-de-Mecerreyes-1536x1152.jpeg 1536w, https:\/\/www.mecerreyes.com\/mece\/wp-content\/uploads\/2024\/03\/Obras-Cementerio-de-Mecerreyes-1080x810.jpeg 1080w, https:\/\/www.mecerreyes.com\/mece\/wp-content\/uploads\/2024\/03\/Obras-Cementerio-de-Mecerreyes.jpeg 1600w\" sizes=\"(max-width: 1024px) 100vw, 1024px\" \/><\/figure><\/li><li class=\"blocks-gallery-item\"><figure><img loading=\"lazy\" decoding=\"async\" width=\"1024\" height=\"768\" src=\"https:\/\/www.mecerreyes.com\/mece\/wp-content\/uploads\/2024\/10\/Mecerreyes-obra-cementerio-2024-1024x768.jpeg\" alt=\"\" data-id=\"25757\" data-full-url=\"https:\/\/www.mecerreyes.com\/mece\/wp-content\/uploads\/2024\/10\/Mecerreyes-obra-cementerio-2024.jpeg\" data-link=\"https:\/\/www.mecerreyes.com\/mece\/?attachment_id=25757\" class=\"wp-image-25757\" srcset=\"https:\/\/www.mecerreyes.com\/mece\/wp-content\/uploads\/2024\/10\/Mecerreyes-obra-cementerio-2024-1024x768.jpeg 1024w, https:\/\/www.mecerreyes.com\/mece\/wp-content\/uploads\/2024\/10\/Mecerreyes-obra-cementerio-2024-300x225.jpeg 300w, https:\/\/www.mecerreyes.com\/mece\/wp-content\/uploads\/2024\/10\/Mecerreyes-obra-cementerio-2024-768x576.jpeg 768w, https:\/\/www.mecerreyes.com\/mece\/wp-content\/uploads\/2024\/10\/Mecerreyes-obra-cementerio-2024-1080x810.jpeg 1080w, https:\/\/www.mecerreyes.com\/mece\/wp-content\/uploads\/2024\/10\/Mecerreyes-obra-cementerio-2024.jpeg 1134w\" sizes=\"(max-width: 1024px) 100vw, 1024px\" \/><\/figure><\/li><\/ul><\/figure>\n\n\n\n<ul class=\"wp-block-list\"><li>En este mes estamos demoliendo, casas en ruina, que pod\u00edan ser peligrosas en el d\u00eda d\u00eda de nuestro pueblo.<\/li><\/ul>\n\n\n\n<figure class=\"wp-block-gallery columns-1 is-cropped wp-block-gallery-22 is-layout-flex wp-block-gallery-is-layout-flex\"><ul class=\"blocks-gallery-grid\"><li class=\"blocks-gallery-item\"><figure><img loading=\"lazy\" decoding=\"async\" width=\"1024\" height=\"576\" src=\"https:\/\/www.mecerreyes.com\/mece\/wp-content\/uploads\/2024\/10\/Mecerreyes-demolici\u00f3n-casas-en-ruina-sep-2024-1024x576.jpeg\" alt=\"\" data-id=\"25759\" data-full-url=\"https:\/\/www.mecerreyes.com\/mece\/wp-content\/uploads\/2024\/10\/Mecerreyes-demolici\u00f3n-casas-en-ruina-sep-2024.jpeg\" data-link=\"https:\/\/www.mecerreyes.com\/mece\/?attachment_id=25759\" class=\"wp-image-25759\" srcset=\"https:\/\/www.mecerreyes.com\/mece\/wp-content\/uploads\/2024\/10\/Mecerreyes-demolici\u00f3n-casas-en-ruina-sep-2024-1024x576.jpeg 1024w, https:\/\/www.mecerreyes.com\/mece\/wp-content\/uploads\/2024\/10\/Mecerreyes-demolici\u00f3n-casas-en-ruina-sep-2024-300x169.jpeg 300w, https:\/\/www.mecerreyes.com\/mece\/wp-content\/uploads\/2024\/10\/Mecerreyes-demolici\u00f3n-casas-en-ruina-sep-2024-768x432.jpeg 768w, https:\/\/www.mecerreyes.com\/mece\/wp-content\/uploads\/2024\/10\/Mecerreyes-demolici\u00f3n-casas-en-ruina-sep-2024-1536x864.jpeg 1536w, https:\/\/www.mecerreyes.com\/mece\/wp-content\/uploads\/2024\/10\/Mecerreyes-demolici\u00f3n-casas-en-ruina-sep-2024-1080x607.jpeg 1080w, https:\/\/www.mecerreyes.com\/mece\/wp-content\/uploads\/2024\/10\/Mecerreyes-demolici\u00f3n-casas-en-ruina-sep-2024.jpeg 1599w\" sizes=\"(max-width: 1024px) 100vw, 1024px\" \/><\/figure><\/li><\/ul><\/figure>\n\n\n\n<p>Y por supuesto, la gesti\u00f3n diaria de las necesidades de muchos vecinos, a trav\u00e9s de nuestro <a  href=\"https:\/\/www.mecerreyes.com\/mece\/?page_id=24\">ayuntamiento<\/a>.<br>Tambi\u00e9n en esta colaboraci\u00f3n, a trav\u00e9s de la redes sociales y los diferentes medios que difunden cualquier noticia de nuestro pueblo Mecerreyes, somos unos afortunados por toda esa gente que colabora desinteresadamente en que cualquier noticia, sea bien recibida, comentada y difundida para el conocimiento de todos los vinculados con el pueblo, del cual nos sentimos orgullosos.<\/p>\n\n\n\n<p>El <a  href=\"https:\/\/www.mecerreyes.com\/mece\/?page_id=24\">Ayuntamiento<\/a> .<\/p>\n\n\n\n<p style=\"font-size:22px\" class=\"has-background has-luminous-vivid-amber-background-color\"><strong>WIKIPEDIA<\/strong>: Carnaval de Mecerreyes<\/p>\n\n\n\n<p>Nos encontramos en Wikipedia otra estupenda idea divulgativa del patrimonio cultural de Mecerreyes. <br>Dado que nuestro carnaval\u00a0aglutina un buen n\u00famero de referencias bibliogr\u00e1ficas y reconocimientos,\u00a0hacerlo\u00a0visible desde Wikipedia permitir\u00e1 a los amantes de las tradiciones ancestrales\u00a0conocer nuestras costumbres.<br>Otra forma de poner a Mecerreyes en el mapa.<br>Seguimos siendo ORIGENIALES!!<\/p>\n\n\n\n<p><\/p>\n\n\n\n<figure class=\"wp-block-image size-large\"><a  href=\"https:\/\/es.wikipedia.org\/wiki\/Carnaval_de_Mecerreyes\" target=\"_blank\" rel=\"noopener noreferrer\"><img loading=\"lazy\" decoding=\"async\" width=\"1024\" height=\"661\" src=\"https:\/\/www.mecerreyes.com\/mece\/wp-content\/uploads\/2024\/10\/Wikipedia-Carnaval-de-Mecerreyes-1024x661.jpg\" alt=\"\" class=\"wp-image-25745\" srcset=\"https:\/\/www.mecerreyes.com\/mece\/wp-content\/uploads\/2024\/10\/Wikipedia-Carnaval-de-Mecerreyes-1024x661.jpg 1024w, https:\/\/www.mecerreyes.com\/mece\/wp-content\/uploads\/2024\/10\/Wikipedia-Carnaval-de-Mecerreyes-300x194.jpg 300w, https:\/\/www.mecerreyes.com\/mece\/wp-content\/uploads\/2024\/10\/Wikipedia-Carnaval-de-Mecerreyes-768x496.jpg 768w, https:\/\/www.mecerreyes.com\/mece\/wp-content\/uploads\/2024\/10\/Wikipedia-Carnaval-de-Mecerreyes-1080x698.jpg 1080w, https:\/\/www.mecerreyes.com\/mece\/wp-content\/uploads\/2024\/10\/Wikipedia-Carnaval-de-Mecerreyes.jpg 1257w\" sizes=\"(max-width: 1024px) 100vw, 1024px\" \/><\/a><\/figure>\n\n\n\n<div style=\"height:70px\" aria-hidden=\"true\" class=\"wp-block-spacer\"><\/div>\n\n\n\n<p style=\"font-size:22px\" class=\"has-background has-luminous-vivid-amber-background-color\"><strong>REFRANERO<\/strong><\/p>\n\n\n\n<ul class=\"wp-block-list\"><li><em>\u201cmarzo y septiembre son cual hermanos: uno dice adi\u00f3s al invierno y otro al verano\u201d.<\/em><\/li><li><em>\u201cEn septiembre el vendimiador, corta los racimos de dos en dos.\u201d<\/em><\/li><li><em>\u201cSi en septiembre empieza a llover, oto\u00f1o seguro es\u201d.<\/em><\/li><li><em>\u201cEn septiembre a fin de mes, el calor vuelve otra vez\u201d.<\/em><\/li><\/ul>\n\n\n\n<figure class=\"wp-block-gallery columns-2 is-cropped wp-block-gallery-23 is-layout-flex wp-block-gallery-is-layout-flex\"><ul class=\"blocks-gallery-grid\"><li class=\"blocks-gallery-item\"><figure><a  href=\"https:\/\/www.mecerreyes.com\/mece\/wp-content\/uploads\/2024\/10\/Mecerreyes-cosecha-de-la-huerta-septiembre-2024-3.jpeg\" class=\"thickbox no_icon\" title=\"\"><img loading=\"lazy\" decoding=\"async\" width=\"742\" height=\"1024\" src=\"https:\/\/www.mecerreyes.com\/mece\/wp-content\/uploads\/2024\/10\/Mecerreyes-cosecha-de-la-huerta-septiembre-2024-3-742x1024.jpeg\" alt=\"\" data-id=\"25746\" data-full-url=\"https:\/\/www.mecerreyes.com\/mece\/wp-content\/uploads\/2024\/10\/Mecerreyes-cosecha-de-la-huerta-septiembre-2024-3.jpeg\" data-link=\"https:\/\/www.mecerreyes.com\/mece\/?attachment_id=25746\" class=\"wp-image-25746\" srcset=\"https:\/\/www.mecerreyes.com\/mece\/wp-content\/uploads\/2024\/10\/Mecerreyes-cosecha-de-la-huerta-septiembre-2024-3-742x1024.jpeg 742w, https:\/\/www.mecerreyes.com\/mece\/wp-content\/uploads\/2024\/10\/Mecerreyes-cosecha-de-la-huerta-septiembre-2024-3-217x300.jpeg 217w, https:\/\/www.mecerreyes.com\/mece\/wp-content\/uploads\/2024\/10\/Mecerreyes-cosecha-de-la-huerta-septiembre-2024-3.jpeg 756w\" sizes=\"(max-width: 742px) 100vw, 742px\" \/><\/a><\/figure><\/li><li class=\"blocks-gallery-item\"><figure><a  href=\"https:\/\/www.mecerreyes.com\/mece\/wp-content\/uploads\/2024\/10\/Mecerreyes-cosecha-de-la-huerta-septiembre-2024-1.jpeg\" class=\"thickbox no_icon\" title=\"\"><img loading=\"lazy\" decoding=\"async\" width=\"756\" height=\"937\" src=\"https:\/\/www.mecerreyes.com\/mece\/wp-content\/uploads\/2024\/10\/Mecerreyes-cosecha-de-la-huerta-septiembre-2024-1.jpeg\" alt=\"\" data-id=\"25747\" data-full-url=\"https:\/\/www.mecerreyes.com\/mece\/wp-content\/uploads\/2024\/10\/Mecerreyes-cosecha-de-la-huerta-septiembre-2024-1.jpeg\" data-link=\"https:\/\/www.mecerreyes.com\/mece\/?attachment_id=25747\" class=\"wp-image-25747\" srcset=\"https:\/\/www.mecerreyes.com\/mece\/wp-content\/uploads\/2024\/10\/Mecerreyes-cosecha-de-la-huerta-septiembre-2024-1.jpeg 756w, https:\/\/www.mecerreyes.com\/mece\/wp-content\/uploads\/2024\/10\/Mecerreyes-cosecha-de-la-huerta-septiembre-2024-1-242x300.jpeg 242w\" sizes=\"(max-width: 756px) 100vw, 756px\" \/><\/a><\/figure><\/li><li class=\"blocks-gallery-item\"><figure><a  href=\"https:\/\/www.mecerreyes.com\/mece\/wp-content\/uploads\/2024\/10\/Mecerreyes-cosecha-de-la-huerta-septiembre-2024-2.jpeg\" class=\"thickbox no_icon\" title=\"\"><img loading=\"lazy\" decoding=\"async\" width=\"756\" height=\"967\" src=\"https:\/\/www.mecerreyes.com\/mece\/wp-content\/uploads\/2024\/10\/Mecerreyes-cosecha-de-la-huerta-septiembre-2024-2.jpeg\" alt=\"\" data-id=\"25748\" data-full-url=\"https:\/\/www.mecerreyes.com\/mece\/wp-content\/uploads\/2024\/10\/Mecerreyes-cosecha-de-la-huerta-septiembre-2024-2.jpeg\" data-link=\"https:\/\/www.mecerreyes.com\/mece\/?attachment_id=25748\" class=\"wp-image-25748\" srcset=\"https:\/\/www.mecerreyes.com\/mece\/wp-content\/uploads\/2024\/10\/Mecerreyes-cosecha-de-la-huerta-septiembre-2024-2.jpeg 756w, https:\/\/www.mecerreyes.com\/mece\/wp-content\/uploads\/2024\/10\/Mecerreyes-cosecha-de-la-huerta-septiembre-2024-2-235x300.jpeg 235w\" sizes=\"(max-width: 756px) 100vw, 756px\" \/><\/a><\/figure><\/li><\/ul><\/figure>\n\n\n\n<p><\/p>","protected":false},"excerpt":{"rendered":"<p>SEPTIEMBRE 2024 De nuevo con vosotros para contaros todo lo que ha dado de s\u00ed el mes de septiembre. Septiembre nos ha acercado el oto\u00f1o bruscamente, los hortelanos se afanaron en recoger los productos de las huertas diezmados por las excesivas lluvias del mes de junio y que los -3\u00ba C de mediados de mes [&hellip;]<\/p>\n","protected":false},"author":5,"featured_media":25750,"comment_status":"open","ping_status":"closed","sticky":false,"template":"","format":"standard","meta":{"_et_pb_use_builder":"","_et_pb_old_content":"","_et_gb_content_width":"","footnotes":""},"categories":[1],"tags":[],"class_list":["post-25702","post","type-post","status-publish","format-standard","has-post-thumbnail","hentry","category-general","et-has-post-format-content","et_post_format-et-post-format-standard"],"_links":{"self":[{"href":"https:\/\/www.mecerreyes.com\/mece\/index.php?rest_route=\/wp\/v2\/posts\/25702"}],"collection":[{"href":"https:\/\/www.mecerreyes.com\/mece\/index.php?rest_route=\/wp\/v2\/posts"}],"about":[{"href":"https:\/\/www.mecerreyes.com\/mece\/index.php?rest_route=\/wp\/v2\/types\/post"}],"author":[{"embeddable":true,"href":"https:\/\/www.mecerreyes.com\/mece\/index.php?rest_route=\/wp\/v2\/users\/5"}],"replies":[{"embeddable":true,"href":"https:\/\/www.mecerreyes.com\/mece\/index.php?rest_route=%2Fwp%2Fv2%2Fcomments&post=25702"}],"version-history":[{"count":11,"href":"https:\/\/www.mecerreyes.com\/mece\/index.php?rest_route=\/wp\/v2\/posts\/25702\/revisions"}],"predecessor-version":[{"id":25762,"href":"https:\/\/www.mecerreyes.com\/mece\/index.php?rest_route=\/wp\/v2\/posts\/25702\/revisions\/25762"}],"wp:featuredmedia":[{"embeddable":true,"href":"https:\/\/www.mecerreyes.com\/mece\/index.php?rest_route=\/wp\/v2\/media\/25750"}],"wp:attachment":[{"href":"https:\/\/www.mecerreyes.com\/mece\/index.php?rest_route=%2Fwp%2Fv2%2Fmedia&parent=25702"}],"wp:term":[{"taxonomy":"category","embeddable":true,"href":"https:\/\/www.mecerreyes.com\/mece\/index.php?rest_route=%2Fwp%2Fv2%2Fcategories&post=25702"},{"taxonomy":"post_tag","embeddable":true,"href":"https:\/\/www.mecerreyes.com\/mece\/index.php?rest_route=%2Fwp%2Fv2%2Ftags&post=25702"}],"curies":[{"name":"wp","href":"https:\/\/api.w.org\/{rel}","templated":true}]}}