{"id":2571,"date":"2011-04-07T14:54:29","date_gmt":"2011-04-07T13:54:29","guid":{"rendered":"http:\/\/www.mecerreyes.com\/mece\/?p=2571"},"modified":"2011-04-07T15:04:47","modified_gmt":"2011-04-07T14:04:47","slug":"noticias-marzo-2011","status":"publish","type":"post","link":"https:\/\/www.mecerreyes.com\/mece\/?p=2571","title":{"rendered":"Noticias Marzo 2011"},"content":{"rendered":"<p><strong><span style=\"text-decoration: underline\">DEFUNCIONES.<\/span><\/strong><\/p>\n<p style=\"text-align: justify\"><span style=\"font-size: small\">En esta ocasi\u00f3n tambi\u00e9n tenemos que despedir a varios guiletos que han fallecido. Queremos acompa\u00f1ar para que sea m\u00e1s llevadero el dolor de sus familiares y amigos, por eso les mandamos un beso cari\u00f1oso a todos ellos. <\/span><\/p>\n<p style=\"text-align: justify\"><span style=\"font-size: small\">\u00a0<\/span><\/p>\n<ul style=\"text-align: justify\">\n<li><span style=\"font-size: small\"><strong>ISIDRO DIEZ BARRIO<\/strong>, falleci\u00f3 en La Rioja, el d\u00eda 28 de febrero de 2011 a los 72 a\u00f1os de edad.<\/span><\/li>\n<\/ul>\n<p style=\"text-align: justify\"><span style=\"font-size: small\">\u00a0<\/span><\/p>\n<ul style=\"text-align: justify\">\n<li><span style=\"font-size: small\"><strong>JOSE MARCOS MOYANO<\/strong>, falleci\u00f3 en Bilbao, el d\u00eda 28 de febrero de 2011 a los 68 a\u00f1os de edad, marido de Feli Portal Cuevas (hija de la Juana \u201cLa Chincha\u201d) hijos: Eladio y \u00d3scar. A todos los familiares, un beso cari\u00f1oso.<\/span><\/li>\n<\/ul>\n<p style=\"text-align: justify\"><span style=\"font-size: small\">\u00a0<\/span><\/p>\n<ul style=\"text-align: justify\">\n<li><span style=\"font-size: small\"><strong>SANTIAGO DIEZ DIEZ<\/strong> (Pechucho) falleci\u00f3 el d\u00eda 6 de marzo de 2011 a los 75 a\u00f1os de edad, hijo de Jes\u00fas y Aurelia. Nuestro sincero p\u00e9same a familiares y amigos.<\/span><\/li>\n<\/ul>\n<p style=\"text-align: justify\"><span style=\"font-size: small\">\u00a0<\/span><\/p>\n<ul style=\"text-align: justify\">\n<li><span style=\"font-size: small\"><strong>ANTONIA DIEZ DIEZ<\/strong>, falleci\u00f3 el d\u00eda 7 de marzo de 2011 a los 79 a\u00f1os de edad, fue enterrada en Mecerreyes, damos el p\u00e9same y un beso cari\u00f1oso a su esposo Paco \u201cNi\u00f1o Jes\u00fas\u201d y a los hijos: Sergio, Juli, Juani y Paco.<\/span><\/li>\n<\/ul>\n<p style=\"text-align: justify\"><span style=\"font-size: small\">\u00a0<\/span><\/p>\n<ul style=\"text-align: justify\">\n<li><span style=\"font-size: small\"><strong>ARACELI ALONSO GONZ\u00c1LEZ<\/strong> (hija de Ferm\u00edn y Margarita), falleci\u00f3 en M\u00f3stoles, el d\u00eda 21 de marzo de 2011 a los 59 a\u00f1os de edad, transmitimos nuestro m\u00e1s sentido p\u00e9same a su marido Antonio y a sus hijos Roberto y Ana, as\u00ed como a sus hermanos y dem\u00e1s familia.<\/span><\/li>\n<\/ul>\n<p style=\"text-align: justify\"><span style=\"font-size: small\">\u00a0<\/span><\/p>\n<p style=\"text-align: justify\"><span style=\"font-size: small\">\u00a0<\/span><\/p>\n<p><strong><span style=\"text-decoration: underline\">BAR LA VILLA y MES\u00d3N DE FRUTOS<\/span><\/strong><\/p>\n<p style=\"text-align: justify\"><span style=\"font-size: small\">\u00a0<\/span><\/p>\n<p style=\"text-align: justify\"><span style=\"font-size: small\">Tenemos que felicitar el servicio que est\u00e1n prestando los dos bares que hay abiertos en estos momentos en el pueblo, de esta forma se puede reunir uno con sus quintos, con la familia, amigos, conocidos\u2026.etc. alrededor de una mesa y celebrar un cumplea\u00f1os, una reuni\u00f3n de primos, un bautizo, una comuni\u00f3n \u201ccualquier cosa\u201d que siempre est\u00e1 bien y adem\u00e1s da mucha vida al pueblo.<\/span><\/p>\n<p style=\"text-align: justify\"><span style=\"font-size: small\">Los fines de semana se cuentan por decenas los coches, motos, bicis que llegan a almorzar, comer o cenar en El Mes\u00f3n Frutos -por cierto, hay que reservar con tiempo si quieres tener mesa libre-, as\u00ed mismo Rosa en el bar \u201cLa Villa\u201d aunque con menos espacio tambi\u00e9n presta el servicio de dar comidas o cenas, en concreto all\u00ed se reunieron los hombre para cenar y despu\u00e9s cantar <a  href=\"https:\/\/www.mecerreyes.com\/mece\/?page_id=47\">las Marzas<\/a> el lunes 28 de febrero; tambi\u00e9n all\u00ed celebraron el d\u00eda 8 de marzo la cena del \u201cmartes de carnaval\u201d, donde nos consta que no falt\u00f3 ni las tornillas de escabeche ni el guirlache.<\/span><\/p>\n<p style=\"text-align: justify\"><span style=\"font-size: small\">Con motivo del \u201cD\u00eda de la Mujer Trabajadora\u201d, se reunieron las mujeres guiletas en el <a  href=\"https:\/\/www.mecerreyes.com\/mece\/?page_id=797\">Mes\u00f3n de Frutos<\/a> para cenar, una disculpa como otra cualquiera para pasar un buen rato, descansar de la cocina y de sus quehaceres cotidianos. Est\u00e1 claro que bien ganado tienen salir de la rutina y juntarse a disfrutar de una buena cena.<\/span><\/p>\n<p style=\"text-align: justify\"><span style=\"font-size: small\">Dicho queda: \u00a1felicidades al bar La Villa y al <a  href=\"https:\/\/www.mecerreyes.com\/mece\/?page_id=797\">Mes\u00f3n de Frutos<\/a>!<\/span><\/p>\n<div id=\"attachment_2581\" style=\"width: 829px\" class=\"wp-caption alignnone\"><a  href=\"http:\/\/www.mecerreyes.com\/mece\/wp-content\/uploads\/2011\/04\/Cena-Bar-La-Villa-2011.jpg\" class=\"thickbox no_icon\" title=\"Cena en el bar &quot;La Villa&quot;\"><img loading=\"lazy\" decoding=\"async\" aria-describedby=\"caption-attachment-2581\" class=\"size-large wp-image-2581\" src=\"http:\/\/www.mecerreyes.com\/mece\/wp-content\/uploads\/2011\/04\/Cena-Bar-La-Villa-2011-1024x266.jpg\" alt=\"Cena en el bar &quot;La Villa&quot;\" width=\"819\" height=\"213\" srcset=\"https:\/\/www.mecerreyes.com\/mece\/wp-content\/uploads\/2011\/04\/Cena-Bar-La-Villa-2011-1024x266.jpg 1024w, https:\/\/www.mecerreyes.com\/mece\/wp-content\/uploads\/2011\/04\/Cena-Bar-La-Villa-2011-300x78.jpg 300w, https:\/\/www.mecerreyes.com\/mece\/wp-content\/uploads\/2011\/04\/Cena-Bar-La-Villa-2011.jpg 1630w\" sizes=\"(max-width: 819px) 100vw, 819px\" \/><\/a><p id=\"caption-attachment-2581\" class=\"wp-caption-text\">Cena en el bar &quot;La Villa&quot;<\/p><\/div>\n<p style=\"text-align: justify\"><span style=\"font-size: small\">\u00a0<\/span><\/p>\n<p><strong><span style=\"text-decoration: underline\">CAGARRIAS <\/span><\/strong><\/p>\n<p style=\"text-align: justify\"><span style=\"font-size: small\">\u00a1\u00a1Bueno, bueno, el monte est\u00e1 que arde!! Y no porque haya un incendio precisamente\u2026 Las lluvias de estas \u00faltimas<a  href=\"http:\/\/www.mecerreyes.com\/mece\/wp-content\/uploads\/2011\/04\/Cagarrias.jpg\" class=\"thickbox no_icon\" title=\"\"><img loading=\"lazy\" decoding=\"async\" class=\"alignright size-medium wp-image-2574\" src=\"http:\/\/www.mecerreyes.com\/mece\/wp-content\/uploads\/2011\/04\/Cagarrias-300x264.jpg\" alt=\"\" width=\"300\" height=\"264\" srcset=\"https:\/\/www.mecerreyes.com\/mece\/wp-content\/uploads\/2011\/04\/Cagarrias-300x264.jpg 300w, https:\/\/www.mecerreyes.com\/mece\/wp-content\/uploads\/2011\/04\/Cagarrias.jpg 800w\" sizes=\"(max-width: 300px) 100vw, 300px\" \/><\/a> semanas est\u00e1n haciendo la delicia de todos los seteros del mundo; hay cagarrias para dar y tomar y eso se nota en la cantidad de gente que viene. Este a\u00f1o las encuentran hasta los que no saben buscarlas. Si todav\u00eda no te has animado, ven al pueblo, sube al monte, date un pase\u00edto que seguro que \u201cpescas\u201d algo. <\/span><\/p>\n<p style=\"text-align: justify\"><span style=\"font-size: small\">\u00a0<\/span><\/p>\n<p style=\"text-align: justify\"><span style=\"font-size: small\">\u00a0<\/span><\/p>\n<p style=\"text-align: justify\"><span style=\"font-size: small\">\u00a0<\/span><\/p>\n<p style=\"text-align: justify\"><span style=\"font-size: small\">\u00a0<\/span><\/p>\n<p style=\"text-align: justify\"><span style=\"font-size: small\">\ufeff<\/span><\/p>\n<p><strong>BAUTIZO DE ANDR\u00c9S LLORENTE.<\/strong><\/p>\n<p style=\"text-align: justify\">El domingo 20 de marzo se celebr\u00f3 el <strong>bautizo de Andr\u00e9s <\/strong>en un d\u00eda precioso de sol radiante; parece como si el astro rey se quisiese sumar a la alegr\u00eda de los padres y los abuelos del ni\u00f1o. La ceremonia comenz\u00f3 en la calle dando la bienvenida a Andr\u00e9s como futuro cristiano por parte de Miguel \u00c1ngel y del t\u00edo del ni\u00f1o, Jes\u00fas Javier (Jota, para los amigos). El momento del bautizo le gust\u00f3 tanto el agua que ni una mala cara ni un amago de lloro, \u00a1nada! Estuvo m\u00e1s contento\u2026 El final de la ceremonia fue muy bonito porque Yoli y Alberto quisieron dedicarle una carta a Andr\u00e9s, una carta llena de fe y de amor por su hijo. \u00a1Enhorabuena a todos y gracias por la abundancia de caramelos con los que los ni\u00f1os llenaros bolsas y m\u00e1s bolsas!<\/p>\n<div class=\"mceTemp\" style=\"text-align: justify\">\n<dl>\n<dt><a  href=\"http:\/\/www.mecerreyes.com\/mece\/wp-content\/uploads\/2011\/04\/Bautizo-de-Andres-Llorente-marzo-2011.jpg\" class=\"thickbox no_icon\" title=\"\"><img loading=\"lazy\" decoding=\"async\" class=\"size-large wp-image-2573  \" src=\"http:\/\/www.mecerreyes.com\/mece\/wp-content\/uploads\/2011\/04\/Bautizo-de-Andres-Llorente-marzo-2011-1024x823.jpg\" alt=\"\" width=\"574\" height=\"461\" srcset=\"https:\/\/www.mecerreyes.com\/mece\/wp-content\/uploads\/2011\/04\/Bautizo-de-Andres-Llorente-marzo-2011-1024x823.jpg 1024w, https:\/\/www.mecerreyes.com\/mece\/wp-content\/uploads\/2011\/04\/Bautizo-de-Andres-Llorente-marzo-2011-300x241.jpg 300w, https:\/\/www.mecerreyes.com\/mece\/wp-content\/uploads\/2011\/04\/Bautizo-de-Andres-Llorente-marzo-2011.jpg 1706w\" sizes=\"(max-width: 574px) 100vw, 574px\" \/><\/a><\/dt>\n<dd>Bautizo de Andres Llorente, marzo 2011<\/dd>\n<\/dl>\n<\/div>","protected":false},"excerpt":{"rendered":"<p>DEFUNCIONES. En esta ocasi\u00f3n tambi\u00e9n tenemos que despedir a varios guiletos que han fallecido. Queremos acompa\u00f1ar para que sea m\u00e1s llevadero el dolor de sus familiares y amigos, por eso les mandamos un beso cari\u00f1oso a todos ellos. \u00a0 ISIDRO DIEZ BARRIO, falleci\u00f3 en La Rioja, el d\u00eda 28 de febrero de 2011 a los [&hellip;]<\/p>\n","protected":false},"author":5,"featured_media":0,"comment_status":"open","ping_status":"closed","sticky":false,"template":"","format":"standard","meta":{"_et_pb_use_builder":"","_et_pb_old_content":"","_et_gb_content_width":"","footnotes":""},"categories":[1],"tags":[21],"class_list":["post-2571","post","type-post","status-publish","format-standard","hentry","category-general","tag-guiletos","et-doesnt-have-format-content","et_post_format-et-post-format-standard"],"_links":{"self":[{"href":"https:\/\/www.mecerreyes.com\/mece\/index.php?rest_route=\/wp\/v2\/posts\/2571"}],"collection":[{"href":"https:\/\/www.mecerreyes.com\/mece\/index.php?rest_route=\/wp\/v2\/posts"}],"about":[{"href":"https:\/\/www.mecerreyes.com\/mece\/index.php?rest_route=\/wp\/v2\/types\/post"}],"author":[{"embeddable":true,"href":"https:\/\/www.mecerreyes.com\/mece\/index.php?rest_route=\/wp\/v2\/users\/5"}],"replies":[{"embeddable":true,"href":"https:\/\/www.mecerreyes.com\/mece\/index.php?rest_route=%2Fwp%2Fv2%2Fcomments&post=2571"}],"version-history":[{"count":0,"href":"https:\/\/www.mecerreyes.com\/mece\/index.php?rest_route=\/wp\/v2\/posts\/2571\/revisions"}],"wp:attachment":[{"href":"https:\/\/www.mecerreyes.com\/mece\/index.php?rest_route=%2Fwp%2Fv2%2Fmedia&parent=2571"}],"wp:term":[{"taxonomy":"category","embeddable":true,"href":"https:\/\/www.mecerreyes.com\/mece\/index.php?rest_route=%2Fwp%2Fv2%2Fcategories&post=2571"},{"taxonomy":"post_tag","embeddable":true,"href":"https:\/\/www.mecerreyes.com\/mece\/index.php?rest_route=%2Fwp%2Fv2%2Ftags&post=2571"}],"curies":[{"name":"wp","href":"https:\/\/api.w.org\/{rel}","templated":true}]}}