{"id":25764,"date":"2024-11-04T16:56:12","date_gmt":"2024-11-04T15:56:12","guid":{"rendered":"http:\/\/www.mecerreyes.com\/mece\/?p=25764"},"modified":"2024-11-04T16:56:17","modified_gmt":"2024-11-04T15:56:17","slug":"noticias-octubre-2024","status":"publish","type":"post","link":"https:\/\/www.mecerreyes.com\/mece\/?p=25764","title":{"rendered":"Noticias Octubre 2024"},"content":{"rendered":"<p><strong>OCTUBRE 2024<\/strong><\/p>\n\n\n\n<p>Puntuales a esta cita informativa, repasamos todo lo acontecido y relacionado con Mecerreyes y sus gentes este mes. <\/p>\n\n\n\n<p>Se cumple un a\u00f1o de la llegada de V\u00edctor y Mar\u00eda Jes\u00fas a Mecerreyes como regentes del Bar la Villa, y queremos agradecer su trabajo y disponibilidad. El Bar cumple su funci\u00f3n social como punto de encuentro diario para los vecinos. <\/p>\n\n\n\n<figure class=\"wp-block-gallery has-nested-images columns-1 is-cropped wp-block-gallery-1 is-layout-flex wp-block-gallery-is-layout-flex\">\n<figure class=\"wp-block-image size-large\"><a  href=\"https:\/\/www.mecerreyes.com\/mece\/wp-content\/uploads\/2024\/01\/Iluminaci\u00f3n-Bar-la-Villa-Mecerreyes-diciembre-2023-1.jpeg\" class=\"thickbox no_icon\" title=\"\"><img loading=\"lazy\" decoding=\"async\" width=\"1024\" height=\"576\" data-id=\"24519\" src=\"https:\/\/www.mecerreyes.com\/mece\/wp-content\/uploads\/2024\/01\/Iluminaci\u00f3n-Bar-la-Villa-Mecerreyes-diciembre-2023-1-1024x576.jpeg\" alt=\"\" class=\"wp-image-24519\" srcset=\"https:\/\/www.mecerreyes.com\/mece\/wp-content\/uploads\/2024\/01\/Iluminaci\u00f3n-Bar-la-Villa-Mecerreyes-diciembre-2023-1-1024x576.jpeg 1024w, https:\/\/www.mecerreyes.com\/mece\/wp-content\/uploads\/2024\/01\/Iluminaci\u00f3n-Bar-la-Villa-Mecerreyes-diciembre-2023-1-300x169.jpeg 300w, https:\/\/www.mecerreyes.com\/mece\/wp-content\/uploads\/2024\/01\/Iluminaci\u00f3n-Bar-la-Villa-Mecerreyes-diciembre-2023-1-768x432.jpeg 768w, https:\/\/www.mecerreyes.com\/mece\/wp-content\/uploads\/2024\/01\/Iluminaci\u00f3n-Bar-la-Villa-Mecerreyes-diciembre-2023-1-1536x864.jpeg 1536w, https:\/\/www.mecerreyes.com\/mece\/wp-content\/uploads\/2024\/01\/Iluminaci\u00f3n-Bar-la-Villa-Mecerreyes-diciembre-2023-1-1080x608.jpeg 1080w, https:\/\/www.mecerreyes.com\/mece\/wp-content\/uploads\/2024\/01\/Iluminaci\u00f3n-Bar-la-Villa-Mecerreyes-diciembre-2023-1.jpeg 1600w\" sizes=\"(max-width: 1024px) 100vw, 1024px\" \/><\/a><\/figure>\n<\/figure>\n\n\n\n<p>Mes marcado por la lluvia y por los terribles da\u00f1os causados por la misma en varias comunidades espa\u00f1olas (esperamos no os haya afectado a ninguno de vosotros), por el comienzo de la temporada de setas y por la coincidencia y el disfrute de un buen n\u00famero de guiletos en sendas excursiones a Toledo con la mochila viajera. <\/p>\n\n\n\n<figure class=\"wp-block-gallery has-nested-images columns-default is-cropped wp-block-gallery-2 is-layout-flex wp-block-gallery-is-layout-flex\">\n<figure class=\"wp-block-image size-large\"><a  href=\"https:\/\/www.mecerreyes.com\/mece\/wp-content\/uploads\/2024\/10\/Excursi\u00f3n-de-Mecerreyes-a-Toledo-octubre-2024.jpeg\" class=\"thickbox no_icon\" title=\"\"><img loading=\"lazy\" decoding=\"async\" width=\"1024\" height=\"768\" data-id=\"25772\" src=\"https:\/\/www.mecerreyes.com\/mece\/wp-content\/uploads\/2024\/10\/Excursi\u00f3n-de-Mecerreyes-a-Toledo-octubre-2024-1024x768.jpeg\" alt=\"\" class=\"wp-image-25772\" srcset=\"https:\/\/www.mecerreyes.com\/mece\/wp-content\/uploads\/2024\/10\/Excursi\u00f3n-de-Mecerreyes-a-Toledo-octubre-2024-1024x768.jpeg 1024w, https:\/\/www.mecerreyes.com\/mece\/wp-content\/uploads\/2024\/10\/Excursi\u00f3n-de-Mecerreyes-a-Toledo-octubre-2024-300x225.jpeg 300w, https:\/\/www.mecerreyes.com\/mece\/wp-content\/uploads\/2024\/10\/Excursi\u00f3n-de-Mecerreyes-a-Toledo-octubre-2024-768x576.jpeg 768w, https:\/\/www.mecerreyes.com\/mece\/wp-content\/uploads\/2024\/10\/Excursi\u00f3n-de-Mecerreyes-a-Toledo-octubre-2024.jpeg 1080w\" sizes=\"(max-width: 1024px) 100vw, 1024px\" \/><\/a><\/figure>\n\n\n\n<figure class=\"wp-block-image size-large\"><a  href=\"https:\/\/www.mecerreyes.com\/mece\/wp-content\/uploads\/2024\/10\/N\u00edscalos-Mecerreyes-octubre-2024.jpeg\" class=\"thickbox no_icon\" title=\"\"><img loading=\"lazy\" decoding=\"async\" width=\"378\" height=\"467\" data-id=\"25774\" src=\"https:\/\/www.mecerreyes.com\/mece\/wp-content\/uploads\/2024\/10\/N\u00edscalos-Mecerreyes-octubre-2024.jpeg\" alt=\"\" class=\"wp-image-25774\" srcset=\"https:\/\/www.mecerreyes.com\/mece\/wp-content\/uploads\/2024\/10\/N\u00edscalos-Mecerreyes-octubre-2024.jpeg 378w, https:\/\/www.mecerreyes.com\/mece\/wp-content\/uploads\/2024\/10\/N\u00edscalos-Mecerreyes-octubre-2024-243x300.jpeg 243w\" sizes=\"(max-width: 378px) 100vw, 378px\" \/><\/a><\/figure>\n<\/figure>\n\n\n\n<p>Destacar la participaci\u00f3n de la Asociaci\u00f3n Cultural en la 19\u00aa edici\u00f3n de Ecofrikis y la despedida de tres de los nuestros.<\/p>\n\n\n\n<div style=\"height:44px\" aria-hidden=\"true\" class=\"wp-block-spacer\"><\/div>\n\n\n\n<p class=\"has-luminous-vivid-amber-background-color has-background\" style=\"font-size:22px\"><strong>EFEM\u00c9RIDES<\/strong><\/p>\n\n\n\n<ul class=\"wp-block-list\">\n<li>El 1, D\u00eda Internacional de las Personas Mayores.<\/li>\n\n\n\n<li>El 2, D\u00eda Internacional de la No Violencia.<\/li>\n\n\n\n<li>El 5, D\u00eda Mundial de los Docentes.<\/li>\n\n\n\n<li>El 6, D\u00eda Internacional del Agua.<\/li>\n\n\n\n<li>El 10, D\u00eda Mundial de la Salud Mental<\/li>\n\n\n\n<li><strong>El 12, D\u00eda de la Hispanidad<\/strong>.<\/li>\n\n\n\n<li>El 15, D\u00eda Internacional de las Mujeres Rurales.<\/li>\n\n\n\n<li>El 17, D\u00eda Internacional de la Eliminaci\u00f3n de la Pobreza.<\/li>\n\n\n\n<li>El 19, D\u00eda Mundial contra el C\u00e1ncer.<\/li>\n\n\n\n<li>El 21, D\u00eda Mundial del Ahorro de Energ\u00eda.<\/li>\n\n\n\n<li>El 23, D\u00eda Mundial del M\u00e9dico.<\/li>\n\n\n\n<li>El 24, D\u00eda Mundial del Cambio Clim\u00e1tico<\/li>\n<\/ul>\n\n\n\n<figure class=\"wp-block-image aligncenter size-full is-resized\"><a  href=\"https:\/\/www.mecerreyes.com\/mece\/wp-content\/uploads\/2024\/11\/Mecerreyes-oct-2024.jpeg\" class=\"thickbox no_icon\" title=\"\"><img loading=\"lazy\" decoding=\"async\" width=\"567\" height=\"694\" src=\"https:\/\/www.mecerreyes.com\/mece\/wp-content\/uploads\/2024\/11\/Mecerreyes-oct-2024.jpeg\" alt=\"\" class=\"wp-image-25825\" style=\"width:381px;height:auto\" srcset=\"https:\/\/www.mecerreyes.com\/mece\/wp-content\/uploads\/2024\/11\/Mecerreyes-oct-2024.jpeg 567w, https:\/\/www.mecerreyes.com\/mece\/wp-content\/uploads\/2024\/11\/Mecerreyes-oct-2024-245x300.jpeg 245w\" sizes=\"(max-width: 567px) 100vw, 567px\" \/><\/a><\/figure>\n\n\n\n<div style=\"height:59px\" aria-hidden=\"true\" class=\"wp-block-spacer\"><\/div>\n\n\n\n<p class=\"has-luminous-vivid-amber-background-color has-background\" style=\"font-size:22px\"><strong>DEFUNCIONES<\/strong><\/p>\n\n\n\n<p>Nos unimos en el dolor de las tres familias que este mes han perdido a sus seres queridos. Descansen en Paz<\/p>\n\n\n\n<p><strong>D\u00d1A. ISABEL ALONSO ROM\u00c1N<\/strong> (Vda. de D. Pedro Rubio Cartagena) falleci\u00f3 en Burgos el d\u00eda 11 de octubre a los 88 a\u00f1os de edad. Sus restos reposan en el cementerio San Jos\u00e9 de Burgos. D.E.P. <\/p>\n\n\n\n<figure class=\"wp-block-gallery has-nested-images columns-1 is-cropped wp-block-gallery-3 is-layout-flex wp-block-gallery-is-layout-flex\">\n<figure class=\"wp-block-image size-large\"><a  href=\"https:\/\/www.mecerreyes.com\/mece\/wp-content\/uploads\/2024\/10\/Esquela-de-Isabel-Alonso-Rom\u00e1n-Mecerreyes.jpeg\" class=\"thickbox no_icon\" title=\"\"><img loading=\"lazy\" decoding=\"async\" width=\"1024\" height=\"936\" data-id=\"25775\" src=\"https:\/\/www.mecerreyes.com\/mece\/wp-content\/uploads\/2024\/10\/Esquela-de-Isabel-Alonso-Rom\u00e1n-Mecerreyes-1024x936.jpeg\" alt=\"\" class=\"wp-image-25775\" srcset=\"https:\/\/www.mecerreyes.com\/mece\/wp-content\/uploads\/2024\/10\/Esquela-de-Isabel-Alonso-Rom\u00e1n-Mecerreyes-1024x936.jpeg 1024w, https:\/\/www.mecerreyes.com\/mece\/wp-content\/uploads\/2024\/10\/Esquela-de-Isabel-Alonso-Rom\u00e1n-Mecerreyes-300x274.jpeg 300w, https:\/\/www.mecerreyes.com\/mece\/wp-content\/uploads\/2024\/10\/Esquela-de-Isabel-Alonso-Rom\u00e1n-Mecerreyes-768x702.jpeg 768w, https:\/\/www.mecerreyes.com\/mece\/wp-content\/uploads\/2024\/10\/Esquela-de-Isabel-Alonso-Rom\u00e1n-Mecerreyes-1080x988.jpeg 1080w, https:\/\/www.mecerreyes.com\/mece\/wp-content\/uploads\/2024\/10\/Esquela-de-Isabel-Alonso-Rom\u00e1n-Mecerreyes.jpeg 1134w\" sizes=\"(max-width: 1024px) 100vw, 1024px\" \/><\/a><\/figure>\n\n\n\n<figure class=\"wp-block-image size-large\"><a  href=\"https:\/\/www.mecerreyes.com\/mece\/wp-content\/uploads\/2024\/10\/Isabel-Alonso-Rom\u00e1n-Mecerreyes.jpg\" class=\"thickbox no_icon\" title=\"\"><img loading=\"lazy\" decoding=\"async\" width=\"227\" height=\"296\" data-id=\"25776\" src=\"https:\/\/www.mecerreyes.com\/mece\/wp-content\/uploads\/2024\/10\/Isabel-Alonso-Rom\u00e1n-Mecerreyes.jpg\" alt=\"\" class=\"wp-image-25776\"\/><\/a><\/figure>\n<\/figure>\n\n\n\n<p><strong>D. \u00c1NGEL GONZ\u00c1LEZ VICARO<\/strong> falleci\u00f3 en Galdakao el d\u00eda 12 de octubre a los 80 a\u00f1os de edad. D.E.P. esquela<\/p>\n\n\n\n<figure class=\"wp-block-gallery has-nested-images columns-1 is-cropped wp-block-gallery-4 is-layout-flex wp-block-gallery-is-layout-flex\">\n<figure class=\"wp-block-image size-large\"><img loading=\"lazy\" decoding=\"async\" width=\"585\" height=\"799\" data-id=\"25777\" src=\"https:\/\/www.mecerreyes.com\/mece\/wp-content\/uploads\/2024\/10\/Esquela-\u00c1ngel-Gonz\u00e1lez-Vicario-Mecerreyes.jpeg\" alt=\"\" class=\"wp-image-25777\" srcset=\"https:\/\/www.mecerreyes.com\/mece\/wp-content\/uploads\/2024\/10\/Esquela-\u00c1ngel-Gonz\u00e1lez-Vicario-Mecerreyes.jpeg 585w, https:\/\/www.mecerreyes.com\/mece\/wp-content\/uploads\/2024\/10\/Esquela-\u00c1ngel-Gonz\u00e1lez-Vicario-Mecerreyes-220x300.jpeg 220w\" sizes=\"(max-width: 585px) 100vw, 585px\" \/><\/figure>\n\n\n\n<figure class=\"wp-block-image size-large\"><img loading=\"lazy\" decoding=\"async\" width=\"319\" height=\"418\" data-id=\"25778\" src=\"https:\/\/www.mecerreyes.com\/mece\/wp-content\/uploads\/2024\/10\/\u00c1ngel-Vicario-Gonz\u00e1lez-Mecerreyes-octubre-2024.jpg\" alt=\"\" class=\"wp-image-25778\" srcset=\"https:\/\/www.mecerreyes.com\/mece\/wp-content\/uploads\/2024\/10\/\u00c1ngel-Vicario-Gonz\u00e1lez-Mecerreyes-octubre-2024.jpg 319w, https:\/\/www.mecerreyes.com\/mece\/wp-content\/uploads\/2024\/10\/\u00c1ngel-Vicario-Gonz\u00e1lez-Mecerreyes-octubre-2024-229x300.jpg 229w\" sizes=\"(max-width: 319px) 100vw, 319px\" \/><\/figure>\n<\/figure>\n\n\n\n<p><strong>D. JUSTINO ALONSO CUEVAS <\/strong>falleci\u00f3 el 13 de octubre a los 88 a\u00f1os de edad. Se fue a la casa del Padre. Descansa en paz. Rezamos por ellos y les encomendamos a la Misericordia de nuestro Dios Padre.<\/p>\n\n\n\n<figure class=\"wp-block-gallery has-nested-images columns-default is-cropped wp-block-gallery-5 is-layout-flex wp-block-gallery-is-layout-flex\">\n<figure class=\"wp-block-image size-large\"><img loading=\"lazy\" decoding=\"async\" width=\"597\" height=\"785\" data-id=\"25780\" src=\"https:\/\/www.mecerreyes.com\/mece\/wp-content\/uploads\/2024\/10\/Justino-Alonso-Cuevas-Mecerreyes.jpeg\" alt=\"\" class=\"wp-image-25780\" srcset=\"https:\/\/www.mecerreyes.com\/mece\/wp-content\/uploads\/2024\/10\/Justino-Alonso-Cuevas-Mecerreyes.jpeg 597w, https:\/\/www.mecerreyes.com\/mece\/wp-content\/uploads\/2024\/10\/Justino-Alonso-Cuevas-Mecerreyes-228x300.jpeg 228w\" sizes=\"(max-width: 597px) 100vw, 597px\" \/><\/figure>\n<\/figure>\n\n\n\n<div style=\"height:59px\" aria-hidden=\"true\" class=\"wp-block-spacer\"><\/div>\n\n\n\n<p class=\"has-luminous-vivid-amber-background-color has-background\" style=\"font-size:22px\"><strong>HACE M\u00c1S DE UN SIGLO<\/strong><\/p>\n\n\n\n<p>SALVADOR SANTAMAR\u00cdA nos hace entrega de una triste noticia de 1872. <\/p>\n\n\n\n<p><em><span style=\"color:#3d2fda\" class=\"has-inline-color\">Esta vez traemos una noticia m\u00e1s bien triste. Volvemos una vez m\u00e1s a una de las sesiones de la Comisi\u00f3n Permanente de la Diputaci\u00f3n Provincial de Burgos, concretamente a la del 30 de Octubre de 1872. En ella se acuerda elevar al pleno de la Diputaci\u00f3n la solicitud de una mujer, Teresa Santidrian, de alg\u00fan socorro, dado que su casa hab\u00eda quedado reducida a cenizas por un incendio.<br><br>La Diputaci\u00f3n, ten\u00eda tambi\u00e9n entre sus funciones la de Beneficencia y destinaba alguna cantidad a socorrer a gente sin recursos, sobre todo en los casos como el que citamos en el que hab\u00eda ocurrido una desgracia.<br><br>La pobre mujer era viuda y por su apellido, \u201cSantidrian\u201d es muy probable que procediese de Cuevas de San Clemente (Donde es un apellido relativamente corriente). Por ambas causas es probable que no tuviera m\u00e1s familiares directos en el pueblo, lo que la abocaba a buscar ayuda en las instituciones.<br><br>Quien sabe.<\/span><\/em><br>Salvador Santamaria<\/p>\n\n\n\n<p class=\"has-normal-font-size\"><em><span style=\"color:#811d38\" class=\"has-inline-color\">(Nota: todo lo escrito es solamente mi opini\u00f3n, que someto a la de cualquiera que tenga mejor conocimiento que yo sobre este tema)<\/span><\/em><\/p>\n\n\n\n<figure class=\"wp-block-gallery has-nested-images columns-default is-cropped wp-block-gallery-6 is-layout-flex wp-block-gallery-is-layout-flex\">\n<figure class=\"wp-block-image size-large\"><img loading=\"lazy\" decoding=\"async\" width=\"283\" height=\"268\" data-id=\"25782\" src=\"https:\/\/www.mecerreyes.com\/mece\/wp-content\/uploads\/2024\/10\/1872-11-22-solicitud-socorro-viuda-.png\" alt=\"\" class=\"wp-image-25782\"\/><\/figure>\n<\/figure>\n\n\n\n<div style=\"height:59px\" aria-hidden=\"true\" class=\"wp-block-spacer\"><\/div>\n\n\n\n<p class=\"has-luminous-vivid-amber-background-color has-background\" style=\"font-size:22px\"><strong>MOCHILA VIAJERA<\/strong><\/p>\n\n\n\n<p>El inter\u00e9s despertado por el denominado mejor espect\u00e1culo de Europa (Puy du Fou) ha llevado hasta Toledo a varios grupos de guiletos que no han olvidado llevar la mochila viajera para compartir con nosotros sus fotos. <\/p>\n\n\n\n<figure class=\"wp-block-gallery has-nested-images columns-2 is-cropped wp-block-gallery-7 is-layout-flex wp-block-gallery-is-layout-flex\">\n<figure class=\"wp-block-image size-large\"><a  href=\"https:\/\/www.mecerreyes.com\/mece\/wp-content\/uploads\/2024\/10\/Mochila-viajera-Toledo-octubre-2024-Mecerreyes-5.jpeg\" class=\"thickbox no_icon\" title=\"\"><img loading=\"lazy\" decoding=\"async\" width=\"1024\" height=\"768\" data-id=\"25783\" src=\"https:\/\/www.mecerreyes.com\/mece\/wp-content\/uploads\/2024\/10\/Mochila-viajera-Toledo-octubre-2024-Mecerreyes-5-1024x768.jpeg\" alt=\"\" class=\"wp-image-25783\" srcset=\"https:\/\/www.mecerreyes.com\/mece\/wp-content\/uploads\/2024\/10\/Mochila-viajera-Toledo-octubre-2024-Mecerreyes-5-1024x768.jpeg 1024w, https:\/\/www.mecerreyes.com\/mece\/wp-content\/uploads\/2024\/10\/Mochila-viajera-Toledo-octubre-2024-Mecerreyes-5-300x225.jpeg 300w, https:\/\/www.mecerreyes.com\/mece\/wp-content\/uploads\/2024\/10\/Mochila-viajera-Toledo-octubre-2024-Mecerreyes-5-768x576.jpeg 768w, https:\/\/www.mecerreyes.com\/mece\/wp-content\/uploads\/2024\/10\/Mochila-viajera-Toledo-octubre-2024-Mecerreyes-5-1536x1152.jpeg 1536w, https:\/\/www.mecerreyes.com\/mece\/wp-content\/uploads\/2024\/10\/Mochila-viajera-Toledo-octubre-2024-Mecerreyes-5-1080x810.jpeg 1080w, https:\/\/www.mecerreyes.com\/mece\/wp-content\/uploads\/2024\/10\/Mochila-viajera-Toledo-octubre-2024-Mecerreyes-5.jpeg 1600w\" sizes=\"(max-width: 1024px) 100vw, 1024px\" \/><\/a><\/figure>\n\n\n\n<figure class=\"wp-block-image size-large\"><a  href=\"https:\/\/www.mecerreyes.com\/mece\/wp-content\/uploads\/2024\/10\/Mochila-viajera-Toledo-octubre-2024-Mecerreyes-6.jpeg\" class=\"thickbox no_icon\" title=\"\"><img loading=\"lazy\" decoding=\"async\" width=\"1024\" height=\"722\" data-id=\"25784\" src=\"https:\/\/www.mecerreyes.com\/mece\/wp-content\/uploads\/2024\/10\/Mochila-viajera-Toledo-octubre-2024-Mecerreyes-6-1024x722.jpeg\" alt=\"\" class=\"wp-image-25784\" srcset=\"https:\/\/www.mecerreyes.com\/mece\/wp-content\/uploads\/2024\/10\/Mochila-viajera-Toledo-octubre-2024-Mecerreyes-6-1024x722.jpeg 1024w, https:\/\/www.mecerreyes.com\/mece\/wp-content\/uploads\/2024\/10\/Mochila-viajera-Toledo-octubre-2024-Mecerreyes-6-300x212.jpeg 300w, https:\/\/www.mecerreyes.com\/mece\/wp-content\/uploads\/2024\/10\/Mochila-viajera-Toledo-octubre-2024-Mecerreyes-6-768x542.jpeg 768w, https:\/\/www.mecerreyes.com\/mece\/wp-content\/uploads\/2024\/10\/Mochila-viajera-Toledo-octubre-2024-Mecerreyes-6-1536x1083.jpeg 1536w, https:\/\/www.mecerreyes.com\/mece\/wp-content\/uploads\/2024\/10\/Mochila-viajera-Toledo-octubre-2024-Mecerreyes-6-1080x761.jpeg 1080w, https:\/\/www.mecerreyes.com\/mece\/wp-content\/uploads\/2024\/10\/Mochila-viajera-Toledo-octubre-2024-Mecerreyes-6.jpeg 2048w\" sizes=\"(max-width: 1024px) 100vw, 1024px\" \/><\/a><\/figure>\n\n\n\n<figure class=\"wp-block-image size-large\"><a  href=\"https:\/\/www.mecerreyes.com\/mece\/wp-content\/uploads\/2024\/10\/Mochila-viajera-Toledo-octubre-2024-Mecerreyes-1.jpeg\" class=\"thickbox no_icon\" title=\"\"><img loading=\"lazy\" decoding=\"async\" width=\"756\" height=\"712\" data-id=\"25786\" src=\"https:\/\/www.mecerreyes.com\/mece\/wp-content\/uploads\/2024\/10\/Mochila-viajera-Toledo-octubre-2024-Mecerreyes-1.jpeg\" alt=\"\" class=\"wp-image-25786\" srcset=\"https:\/\/www.mecerreyes.com\/mece\/wp-content\/uploads\/2024\/10\/Mochila-viajera-Toledo-octubre-2024-Mecerreyes-1.jpeg 756w, https:\/\/www.mecerreyes.com\/mece\/wp-content\/uploads\/2024\/10\/Mochila-viajera-Toledo-octubre-2024-Mecerreyes-1-300x283.jpeg 300w\" sizes=\"(max-width: 756px) 100vw, 756px\" \/><\/a><\/figure>\n\n\n\n<figure class=\"wp-block-image size-large\"><a  href=\"https:\/\/www.mecerreyes.com\/mece\/wp-content\/uploads\/2024\/10\/Mochila-viajera-Toledo-octubre-2024-Mecerreyes-2.jpeg\" class=\"thickbox no_icon\" title=\"\"><img loading=\"lazy\" decoding=\"async\" width=\"1024\" height=\"683\" data-id=\"25787\" src=\"https:\/\/www.mecerreyes.com\/mece\/wp-content\/uploads\/2024\/10\/Mochila-viajera-Toledo-octubre-2024-Mecerreyes-2-1024x683.jpeg\" alt=\"\" class=\"wp-image-25787\" srcset=\"https:\/\/www.mecerreyes.com\/mece\/wp-content\/uploads\/2024\/10\/Mochila-viajera-Toledo-octubre-2024-Mecerreyes-2-1024x683.jpeg 1024w, https:\/\/www.mecerreyes.com\/mece\/wp-content\/uploads\/2024\/10\/Mochila-viajera-Toledo-octubre-2024-Mecerreyes-2-300x200.jpeg 300w, https:\/\/www.mecerreyes.com\/mece\/wp-content\/uploads\/2024\/10\/Mochila-viajera-Toledo-octubre-2024-Mecerreyes-2-768x512.jpeg 768w, https:\/\/www.mecerreyes.com\/mece\/wp-content\/uploads\/2024\/10\/Mochila-viajera-Toledo-octubre-2024-Mecerreyes-2.jpeg 1080w\" sizes=\"(max-width: 1024px) 100vw, 1024px\" \/><\/a><\/figure>\n\n\n\n<figure class=\"wp-block-image size-large\"><a  href=\"https:\/\/www.mecerreyes.com\/mece\/wp-content\/uploads\/2024\/10\/Mochila-viajera-Toledo-octubre-2024-Mecerreyes-3.jpeg\" class=\"thickbox no_icon\" title=\"\"><img loading=\"lazy\" decoding=\"async\" width=\"1024\" height=\"683\" data-id=\"25788\" src=\"https:\/\/www.mecerreyes.com\/mece\/wp-content\/uploads\/2024\/10\/Mochila-viajera-Toledo-octubre-2024-Mecerreyes-3-1024x683.jpeg\" alt=\"\" class=\"wp-image-25788\" srcset=\"https:\/\/www.mecerreyes.com\/mece\/wp-content\/uploads\/2024\/10\/Mochila-viajera-Toledo-octubre-2024-Mecerreyes-3-1024x683.jpeg 1024w, https:\/\/www.mecerreyes.com\/mece\/wp-content\/uploads\/2024\/10\/Mochila-viajera-Toledo-octubre-2024-Mecerreyes-3-300x200.jpeg 300w, https:\/\/www.mecerreyes.com\/mece\/wp-content\/uploads\/2024\/10\/Mochila-viajera-Toledo-octubre-2024-Mecerreyes-3-768x512.jpeg 768w, https:\/\/www.mecerreyes.com\/mece\/wp-content\/uploads\/2024\/10\/Mochila-viajera-Toledo-octubre-2024-Mecerreyes-3.jpeg 1080w\" sizes=\"(max-width: 1024px) 100vw, 1024px\" \/><\/a><\/figure>\n\n\n\n<figure class=\"wp-block-image size-large\"><a  href=\"https:\/\/www.mecerreyes.com\/mece\/wp-content\/uploads\/2024\/10\/Mochila-viajera-Toledo-octubre-2024-Mecerreyes-7.jpg\" class=\"thickbox no_icon\" title=\"\"><img loading=\"lazy\" decoding=\"async\" width=\"1024\" height=\"691\" data-id=\"25785\" src=\"https:\/\/www.mecerreyes.com\/mece\/wp-content\/uploads\/2024\/10\/Mochila-viajera-Toledo-octubre-2024-Mecerreyes-7-1024x691.jpg\" alt=\"\" class=\"wp-image-25785\" srcset=\"https:\/\/www.mecerreyes.com\/mece\/wp-content\/uploads\/2024\/10\/Mochila-viajera-Toledo-octubre-2024-Mecerreyes-7-1024x691.jpg 1024w, https:\/\/www.mecerreyes.com\/mece\/wp-content\/uploads\/2024\/10\/Mochila-viajera-Toledo-octubre-2024-Mecerreyes-7-300x202.jpg 300w, https:\/\/www.mecerreyes.com\/mece\/wp-content\/uploads\/2024\/10\/Mochila-viajera-Toledo-octubre-2024-Mecerreyes-7-768x518.jpg 768w, https:\/\/www.mecerreyes.com\/mece\/wp-content\/uploads\/2024\/10\/Mochila-viajera-Toledo-octubre-2024-Mecerreyes-7-1080x729.jpg 1080w, https:\/\/www.mecerreyes.com\/mece\/wp-content\/uploads\/2024\/10\/Mochila-viajera-Toledo-octubre-2024-Mecerreyes-7.jpg 1134w\" sizes=\"(max-width: 1024px) 100vw, 1024px\" \/><\/a><\/figure>\n\n\n\n<figure class=\"wp-block-image size-large\"><a  href=\"https:\/\/www.mecerreyes.com\/mece\/wp-content\/uploads\/2024\/10\/Mochila-viajera-Toledo-octubre-2024-Mecerreyes-4.jpeg\" class=\"thickbox no_icon\" title=\"\"><img loading=\"lazy\" decoding=\"async\" width=\"771\" height=\"1024\" data-id=\"25789\" src=\"https:\/\/www.mecerreyes.com\/mece\/wp-content\/uploads\/2024\/10\/Mochila-viajera-Toledo-octubre-2024-Mecerreyes-4-771x1024.jpeg\" alt=\"\" class=\"wp-image-25789\" srcset=\"https:\/\/www.mecerreyes.com\/mece\/wp-content\/uploads\/2024\/10\/Mochila-viajera-Toledo-octubre-2024-Mecerreyes-4-771x1024.jpeg 771w, https:\/\/www.mecerreyes.com\/mece\/wp-content\/uploads\/2024\/10\/Mochila-viajera-Toledo-octubre-2024-Mecerreyes-4-226x300.jpeg 226w, https:\/\/www.mecerreyes.com\/mece\/wp-content\/uploads\/2024\/10\/Mochila-viajera-Toledo-octubre-2024-Mecerreyes-4-768x1020.jpeg 768w, https:\/\/www.mecerreyes.com\/mece\/wp-content\/uploads\/2024\/10\/Mochila-viajera-Toledo-octubre-2024-Mecerreyes-4.jpeg 1080w\" sizes=\"(max-width: 771px) 100vw, 771px\" \/><\/a><\/figure>\n<\/figure>\n\n\n\n<div style=\"height:59px\" aria-hidden=\"true\" class=\"wp-block-spacer\"><\/div>\n\n\n\n<p class=\"has-black-color has-luminous-vivid-amber-background-color has-text-color has-background has-link-color wp-elements-f20eb0990e3a4c97a1ab3d2ffe218061\" style=\"font-size:22px\"><strong>120 GUILETOS VISITAN&nbsp; LA CATEDRAL DE BURGOS<\/strong><\/p>\n\n\n\n<p>La noche del&nbsp; 14 de octubre&nbsp; los guiletos ten\u00edamos una cita para ver y sentir la grandeza de este monumento Patrimonio de la Humanidad.<br>Por iniciativa de Mar\u00eda Jes\u00fas y las gestiones econ\u00f3micas con el Cabildo de su hija Mar\u00eda Jes\u00fas Lope, pudimos acceder al templo&nbsp; dos grupos de 60 personas con un descuento en la entrada.<br>Agradecimiento a \u00e9sta y cu\u00e1ntas iniciativas privadas consigan reunir a guiletos de varias generaciones.<\/p>\n\n\n\n<figure class=\"wp-block-gallery has-nested-images columns-default is-cropped wp-block-gallery-8 is-layout-flex wp-block-gallery-is-layout-flex\">\n<figure class=\"wp-block-image size-large\"><a  href=\"https:\/\/www.mecerreyes.com\/mece\/wp-content\/uploads\/2024\/11\/Mecerreyes-en-la-Catedral-de-Burdos-14-10-2024.jpeg\" class=\"thickbox no_icon\" title=\"\"><img loading=\"lazy\" decoding=\"async\" width=\"768\" height=\"1024\" data-id=\"25802\" src=\"https:\/\/www.mecerreyes.com\/mece\/wp-content\/uploads\/2024\/11\/Mecerreyes-en-la-Catedral-de-Burdos-14-10-2024-768x1024.jpeg\" alt=\"\" class=\"wp-image-25802\" srcset=\"https:\/\/www.mecerreyes.com\/mece\/wp-content\/uploads\/2024\/11\/Mecerreyes-en-la-Catedral-de-Burdos-14-10-2024-768x1024.jpeg 768w, https:\/\/www.mecerreyes.com\/mece\/wp-content\/uploads\/2024\/11\/Mecerreyes-en-la-Catedral-de-Burdos-14-10-2024-225x300.jpeg 225w, https:\/\/www.mecerreyes.com\/mece\/wp-content\/uploads\/2024\/11\/Mecerreyes-en-la-Catedral-de-Burdos-14-10-2024-1152x1536.jpeg 1152w, https:\/\/www.mecerreyes.com\/mece\/wp-content\/uploads\/2024\/11\/Mecerreyes-en-la-Catedral-de-Burdos-14-10-2024-1080x1440.jpeg 1080w, https:\/\/www.mecerreyes.com\/mece\/wp-content\/uploads\/2024\/11\/Mecerreyes-en-la-Catedral-de-Burdos-14-10-2024.jpeg 1200w\" sizes=\"(max-width: 768px) 100vw, 768px\" \/><\/a><\/figure>\n<\/figure>\n\n\n\n<div style=\"height:52px\" aria-hidden=\"true\" class=\"wp-block-spacer\"><\/div>\n\n\n\n<p class=\"has-black-color has-luminous-vivid-amber-background-color has-text-color has-background has-link-color wp-elements-11e31c5f4ea7548122029fe5caf0d8f7\" style=\"font-size:22px\"><strong>HALLOWEEN<\/strong><\/p>\n\n\n\n<p>La noche del 2 de noviembre por iniciativa de la Pe\u00f1a Los Kolgaos se prepar\u00f3 una fiesta TRUCO-TRATO para los ni\u00f1os. Algunas casas se animaron con la preparaci\u00f3n de dulces y decoraci\u00f3n exterior. <\/p>\n\n\n\n<figure class=\"wp-block-gallery has-nested-images columns-default is-cropped wp-block-gallery-9 is-layout-flex wp-block-gallery-is-layout-flex\">\n<figure class=\"wp-block-image size-large\"><a  href=\"https:\/\/www.mecerreyes.com\/mece\/wp-content\/uploads\/2024\/11\/Mecerreyes-HALLOWEEN-2-11-24-1.jpeg\" class=\"thickbox no_icon\" title=\"\"><img loading=\"lazy\" decoding=\"async\" width=\"1024\" height=\"575\" data-id=\"25804\" src=\"https:\/\/www.mecerreyes.com\/mece\/wp-content\/uploads\/2024\/11\/Mecerreyes-HALLOWEEN-2-11-24-1-1024x575.jpeg\" alt=\"\" class=\"wp-image-25804\" srcset=\"https:\/\/www.mecerreyes.com\/mece\/wp-content\/uploads\/2024\/11\/Mecerreyes-HALLOWEEN-2-11-24-1-1024x575.jpeg 1024w, https:\/\/www.mecerreyes.com\/mece\/wp-content\/uploads\/2024\/11\/Mecerreyes-HALLOWEEN-2-11-24-1-300x168.jpeg 300w, https:\/\/www.mecerreyes.com\/mece\/wp-content\/uploads\/2024\/11\/Mecerreyes-HALLOWEEN-2-11-24-1-768x431.jpeg 768w, https:\/\/www.mecerreyes.com\/mece\/wp-content\/uploads\/2024\/11\/Mecerreyes-HALLOWEEN-2-11-24-1-1536x862.jpeg 1536w, https:\/\/www.mecerreyes.com\/mece\/wp-content\/uploads\/2024\/11\/Mecerreyes-HALLOWEEN-2-11-24-1-1080x606.jpeg 1080w, https:\/\/www.mecerreyes.com\/mece\/wp-content\/uploads\/2024\/11\/Mecerreyes-HALLOWEEN-2-11-24-1.jpeg 1600w\" sizes=\"(max-width: 1024px) 100vw, 1024px\" \/><\/a><\/figure>\n\n\n\n<figure class=\"wp-block-image size-large\"><a  href=\"https:\/\/www.mecerreyes.com\/mece\/wp-content\/uploads\/2024\/11\/Mecerreyes-HALLOWEEN-2-11-24-2.jpeg\" class=\"thickbox no_icon\" title=\"\"><img loading=\"lazy\" decoding=\"async\" width=\"1024\" height=\"575\" data-id=\"25803\" src=\"https:\/\/www.mecerreyes.com\/mece\/wp-content\/uploads\/2024\/11\/Mecerreyes-HALLOWEEN-2-11-24-2-1024x575.jpeg\" alt=\"\" class=\"wp-image-25803\" srcset=\"https:\/\/www.mecerreyes.com\/mece\/wp-content\/uploads\/2024\/11\/Mecerreyes-HALLOWEEN-2-11-24-2-1024x575.jpeg 1024w, https:\/\/www.mecerreyes.com\/mece\/wp-content\/uploads\/2024\/11\/Mecerreyes-HALLOWEEN-2-11-24-2-300x168.jpeg 300w, https:\/\/www.mecerreyes.com\/mece\/wp-content\/uploads\/2024\/11\/Mecerreyes-HALLOWEEN-2-11-24-2-768x431.jpeg 768w, https:\/\/www.mecerreyes.com\/mece\/wp-content\/uploads\/2024\/11\/Mecerreyes-HALLOWEEN-2-11-24-2-1536x862.jpeg 1536w, https:\/\/www.mecerreyes.com\/mece\/wp-content\/uploads\/2024\/11\/Mecerreyes-HALLOWEEN-2-11-24-2-1080x606.jpeg 1080w, https:\/\/www.mecerreyes.com\/mece\/wp-content\/uploads\/2024\/11\/Mecerreyes-HALLOWEEN-2-11-24-2.jpeg 1600w\" sizes=\"(max-width: 1024px) 100vw, 1024px\" \/><\/a><\/figure>\n<\/figure>\n\n\n\n<div style=\"height:71px\" aria-hidden=\"true\" class=\"wp-block-spacer\"><\/div>\n\n\n\n<p class=\"has-luminous-vivid-amber-background-color has-background\" style=\"font-size:22px\"><strong>RECORTES DE PRENSA<\/strong><\/p>\n\n\n\n<p class=\"has-black-color has-text-color has-link-color wp-elements-8e3157c33db0c7009bfc6fb2569bb4e3\">Diario de Burgos se hac\u00eda eco de la reactivaci\u00f3n del comercio en la zona de Collophane con la apertura de varios negocios.<\/p>\n\n\n\n<p class=\"has-black-color has-text-color has-link-color wp-elements-e1833eb9b6ab1f529d2dae5d2aeeb172\">La emprendedora <strong>Beatriz Gonz\u00e1lez Vega<\/strong>, al frente de su establecimiento de <strong>Fisioterapia<\/strong>, da su opini\u00f3n sobre el impacto econ\u00f3mico de estas nuevas inauguraciones en el barrio.<\/p>\n\n\n\n<figure class=\"wp-block-gallery has-nested-images columns-default is-cropped wp-block-gallery-10 is-layout-flex wp-block-gallery-is-layout-flex\">\n<figure class=\"wp-block-image size-large\"><img loading=\"lazy\" decoding=\"async\" width=\"756\" height=\"794\" data-id=\"25795\" src=\"https:\/\/www.mecerreyes.com\/mece\/wp-content\/uploads\/2024\/10\/Recorte-Diario-de-Burgos-octubre-2024.jpg\" alt=\"\" class=\"wp-image-25795\" srcset=\"https:\/\/www.mecerreyes.com\/mece\/wp-content\/uploads\/2024\/10\/Recorte-Diario-de-Burgos-octubre-2024.jpg 756w, https:\/\/www.mecerreyes.com\/mece\/wp-content\/uploads\/2024\/10\/Recorte-Diario-de-Burgos-octubre-2024-286x300.jpg 286w\" sizes=\"(max-width: 756px) 100vw, 756px\" \/><\/figure>\n<\/figure>\n\n\n\n<p class=\"has-black-color has-text-color has-link-color wp-elements-6f549f960e1b336d47d8c095f2ad980e\"><strong>HIPERBARIC CELEBRA SUS 25 A\u00d1OS, <\/strong>esta empresa burgalesa l\u00edder mundial en la tecnolog\u00eda de altas presiones, tiene unas expectativas a futuro importantes y estar\u00e1n gestionadas por un Comit\u00e9 Ejecutivo joven, entre sus componentes est\u00e1 <strong>Miguel Hernando Santamar\u00eda<\/strong>.<\/p>\n\n\n\n<figure class=\"wp-block-gallery has-nested-images columns-default is-cropped wp-block-gallery-11 is-layout-flex wp-block-gallery-is-layout-flex\">\n<figure class=\"wp-block-image size-large\"><a  href=\"https:\/\/www.mecerreyes.com\/mece\/wp-content\/uploads\/2024\/10\/Hiperbaric.jpeg\" class=\"thickbox no_icon\" title=\"\"><img loading=\"lazy\" decoding=\"async\" width=\"756\" height=\"977\" data-id=\"25794\" src=\"https:\/\/www.mecerreyes.com\/mece\/wp-content\/uploads\/2024\/10\/Hiperbaric.jpeg\" alt=\"\" class=\"wp-image-25794\" srcset=\"https:\/\/www.mecerreyes.com\/mece\/wp-content\/uploads\/2024\/10\/Hiperbaric.jpeg 756w, https:\/\/www.mecerreyes.com\/mece\/wp-content\/uploads\/2024\/10\/Hiperbaric-232x300.jpeg 232w, https:\/\/www.mecerreyes.com\/mece\/wp-content\/uploads\/2024\/10\/Hiperbaric-400x516.jpeg 400w\" sizes=\"(max-width: 756px) 100vw, 756px\" \/><\/a><\/figure>\n<\/figure>\n\n\n\n<p class=\"has-black-color has-text-color has-link-color wp-elements-c2a20c830e7adced3c8d7793778acde7\"><strong>ECOFRIKIS del folklore, del Patrimonio Cultural Inmaterial.<\/strong><\/p>\n\n\n\n<p>La 19\u00aa Edici\u00f3n del Festival de Ecofrikis ha estado dedicada al Patrimonio Cultural Inmaterial, que es como le gusta llamar a la UNESCO a todo lo relacionado con el Folclore.<\/p>\n\n\n\n<p>Una programaci\u00f3n amplia y variada con la que la Fundaci\u00f3n Ox\u00edgeno pone en valor tradiciones y costumbres de la provincia de Burgos.<\/p>\n\n\n\n<p>Bajo el hilo conductor de Alfonso D\u00edez, fueron pasando por el escenario representantes de la Universidad de Burgos y de los pueblos invitados para hablar de sus tradiciones,<\/p>\n\n\n\n<p>No pod\u00eda faltar Mecerreyes y su Canto de Marzas, del que se hizo una peque\u00f1a representaci\u00f3n. <\/p>\n\n\n\n<figure class=\"wp-block-gallery has-nested-images columns-1 is-cropped wp-block-gallery-12 is-layout-flex wp-block-gallery-is-layout-flex\">\n<figure class=\"wp-block-image size-large\"><a  href=\"https:\/\/www.mecerreyes.com\/mece\/wp-content\/uploads\/2024\/10\/Eco-Frikis-Mecerreyes-octubre-2024-b.jpeg\" class=\"thickbox no_icon\" title=\"\"><img loading=\"lazy\" decoding=\"async\" width=\"1024\" height=\"768\" data-id=\"25796\" src=\"https:\/\/www.mecerreyes.com\/mece\/wp-content\/uploads\/2024\/10\/Eco-Frikis-Mecerreyes-octubre-2024-b-1024x768.jpeg\" alt=\"\" class=\"wp-image-25796\" srcset=\"https:\/\/www.mecerreyes.com\/mece\/wp-content\/uploads\/2024\/10\/Eco-Frikis-Mecerreyes-octubre-2024-b-1024x768.jpeg 1024w, https:\/\/www.mecerreyes.com\/mece\/wp-content\/uploads\/2024\/10\/Eco-Frikis-Mecerreyes-octubre-2024-b-300x225.jpeg 300w, https:\/\/www.mecerreyes.com\/mece\/wp-content\/uploads\/2024\/10\/Eco-Frikis-Mecerreyes-octubre-2024-b-768x576.jpeg 768w, https:\/\/www.mecerreyes.com\/mece\/wp-content\/uploads\/2024\/10\/Eco-Frikis-Mecerreyes-octubre-2024-b-1536x1152.jpeg 1536w, https:\/\/www.mecerreyes.com\/mece\/wp-content\/uploads\/2024\/10\/Eco-Frikis-Mecerreyes-octubre-2024-b-1080x810.jpeg 1080w, https:\/\/www.mecerreyes.com\/mece\/wp-content\/uploads\/2024\/10\/Eco-Frikis-Mecerreyes-octubre-2024-b.jpeg 1600w\" sizes=\"(max-width: 1024px) 100vw, 1024px\" \/><\/a><\/figure>\n\n\n\n<figure class=\"wp-block-image size-large\"><a  href=\"https:\/\/www.mecerreyes.com\/mece\/wp-content\/uploads\/2024\/10\/Eco-Frikis-Mecerreyes-octubre-2024.jpeg\" class=\"thickbox no_icon\" title=\"\"><img loading=\"lazy\" decoding=\"async\" width=\"727\" height=\"1024\" data-id=\"25797\" src=\"https:\/\/www.mecerreyes.com\/mece\/wp-content\/uploads\/2024\/10\/Eco-Frikis-Mecerreyes-octubre-2024-727x1024.jpeg\" alt=\"\" class=\"wp-image-25797\" srcset=\"https:\/\/www.mecerreyes.com\/mece\/wp-content\/uploads\/2024\/10\/Eco-Frikis-Mecerreyes-octubre-2024-727x1024.jpeg 727w, https:\/\/www.mecerreyes.com\/mece\/wp-content\/uploads\/2024\/10\/Eco-Frikis-Mecerreyes-octubre-2024-213x300.jpeg 213w, https:\/\/www.mecerreyes.com\/mece\/wp-content\/uploads\/2024\/10\/Eco-Frikis-Mecerreyes-octubre-2024-768x1082.jpeg 768w, https:\/\/www.mecerreyes.com\/mece\/wp-content\/uploads\/2024\/10\/Eco-Frikis-Mecerreyes-octubre-2024.jpeg 1080w\" sizes=\"(max-width: 727px) 100vw, 727px\" \/><\/a><\/figure>\n<\/figure>\n\n\n\n<div style=\"height:70px\" aria-hidden=\"true\" class=\"wp-block-spacer\"><\/div>\n\n\n\n<p class=\"has-luminous-vivid-amber-background-color has-background\" style=\"font-size:22px\"><strong><a  href=\"https:\/\/www.mecerreyes.com\/mece\/?page_id=24\">AYUNTAMIENTO<\/a><\/strong><\/p>\n\n\n\n<p>El <a  href=\"https:\/\/www.mecerreyes.com\/mece\/?page_id=24\">Ayuntamiento<\/a> informa:<\/p>\n\n\n\n<p><\/p>\n\n\n\n<figure class=\"wp-block-gallery has-nested-images columns-default is-cropped wp-block-gallery-13 is-layout-flex wp-block-gallery-is-layout-flex\">\n<figure class=\"wp-block-image size-large\"><a  href=\"https:\/\/www.mecerreyes.com\/mece\/wp-content\/uploads\/2024\/10\/Bando-Ayuntamiento-de-Mecerreyes-octubre-2024.jpeg\" class=\"thickbox no_icon\" title=\"\"><img loading=\"lazy\" decoding=\"async\" width=\"695\" height=\"1024\" data-id=\"25790\" src=\"https:\/\/www.mecerreyes.com\/mece\/wp-content\/uploads\/2024\/10\/Bando-Ayuntamiento-de-Mecerreyes-octubre-2024-695x1024.jpeg\" alt=\"\" class=\"wp-image-25790\" srcset=\"https:\/\/www.mecerreyes.com\/mece\/wp-content\/uploads\/2024\/10\/Bando-Ayuntamiento-de-Mecerreyes-octubre-2024-695x1024.jpeg 695w, https:\/\/www.mecerreyes.com\/mece\/wp-content\/uploads\/2024\/10\/Bando-Ayuntamiento-de-Mecerreyes-octubre-2024-204x300.jpeg 204w, https:\/\/www.mecerreyes.com\/mece\/wp-content\/uploads\/2024\/10\/Bando-Ayuntamiento-de-Mecerreyes-octubre-2024-768x1132.jpeg 768w, https:\/\/www.mecerreyes.com\/mece\/wp-content\/uploads\/2024\/10\/Bando-Ayuntamiento-de-Mecerreyes-octubre-2024-1042x1536.jpeg 1042w, https:\/\/www.mecerreyes.com\/mece\/wp-content\/uploads\/2024\/10\/Bando-Ayuntamiento-de-Mecerreyes-octubre-2024-1080x1592.jpeg 1080w, https:\/\/www.mecerreyes.com\/mece\/wp-content\/uploads\/2024\/10\/Bando-Ayuntamiento-de-Mecerreyes-octubre-2024.jpeg 1152w\" sizes=\"(max-width: 695px) 100vw, 695px\" \/><\/a><\/figure>\n\n\n\n<figure class=\"wp-block-image size-large\"><a  href=\"https:\/\/www.mecerreyes.com\/mece\/wp-content\/uploads\/2024\/10\/Inauguraci\u00f3n-obras-en-el-Cementerio-de-Mecerreyes-noviembre-2024.jpeg\" class=\"thickbox no_icon\" title=\"\"><img loading=\"lazy\" decoding=\"async\" width=\"756\" height=\"1008\" data-id=\"25791\" src=\"https:\/\/www.mecerreyes.com\/mece\/wp-content\/uploads\/2024\/10\/Inauguraci\u00f3n-obras-en-el-Cementerio-de-Mecerreyes-noviembre-2024.jpeg\" alt=\"\" class=\"wp-image-25791\" srcset=\"https:\/\/www.mecerreyes.com\/mece\/wp-content\/uploads\/2024\/10\/Inauguraci\u00f3n-obras-en-el-Cementerio-de-Mecerreyes-noviembre-2024.jpeg 756w, https:\/\/www.mecerreyes.com\/mece\/wp-content\/uploads\/2024\/10\/Inauguraci\u00f3n-obras-en-el-Cementerio-de-Mecerreyes-noviembre-2024-225x300.jpeg 225w\" sizes=\"(max-width: 756px) 100vw, 756px\" \/><\/a><\/figure>\n<\/figure>\n\n\n\n<div style=\"height:100px\" aria-hidden=\"true\" class=\"wp-block-spacer\"><\/div>\n\n\n\n<p class=\"has-luminous-vivid-amber-background-color has-background\" style=\"font-size:22px\"><strong>FESTIVIDAD DE TODOS LOS SANTOS Y DIFUNTOS <\/strong><strong><\/strong><\/p>\n\n\n\n<p>El pasado viernes 1 de noviembre, la iglesia celebr\u00f3 la festividad de Todos los Santos.<\/p>\n\n\n\n<p>Como es tradici\u00f3n las tumbas del remozado cementerio local luc\u00edan las flores que en honor a los difuntos se ofrecen cada a\u00f1o.<\/p>\n\n\n\n<p>El s\u00e1bado d\u00eda 2, <a  href=\"https:\/\/www.mecerreyes.com\/mece\/?page_id=35\">Parroquia<\/a> y\u00a0Corporaci\u00f3n Municipal han querido rendirles\u00a0homenaje y despu\u00e9s de la celebraci\u00f3n de una misa, se ha procedido a bendecir las obras de (reestructuraci\u00f3n, urbanizaci\u00f3n, columbarios y criptas) que se han llevado a cabo, as\u00ed como orar especialmente por los fallecidos en el \u00faltimo a\u00f1o.<\/p>\n\n\n\n<p>Una oraci\u00f3n por todos los que ya descansan, a quienes damos las gracias, pedimos perd\u00f3n y mostramos nuestro cari\u00f1o. <\/p>\n\n\n\n<figure class=\"wp-block-gallery has-nested-images columns-default is-cropped wp-block-gallery-14 is-layout-flex wp-block-gallery-is-layout-flex\">\n<figure class=\"wp-block-image size-large\"><a  href=\"https:\/\/www.mecerreyes.com\/mece\/wp-content\/uploads\/2024\/11\/Inauguracion-obras-cementerio-de-Mecerreyes-2-11-2024-7.jpeg\" class=\"thickbox no_icon\" title=\"\"><img loading=\"lazy\" decoding=\"async\" width=\"1024\" height=\"461\" data-id=\"25806\" src=\"https:\/\/www.mecerreyes.com\/mece\/wp-content\/uploads\/2024\/11\/Inauguracion-obras-cementerio-de-Mecerreyes-2-11-2024-7-1024x461.jpeg\" alt=\"\" class=\"wp-image-25806\" srcset=\"https:\/\/www.mecerreyes.com\/mece\/wp-content\/uploads\/2024\/11\/Inauguracion-obras-cementerio-de-Mecerreyes-2-11-2024-7-1024x461.jpeg 1024w, https:\/\/www.mecerreyes.com\/mece\/wp-content\/uploads\/2024\/11\/Inauguracion-obras-cementerio-de-Mecerreyes-2-11-2024-7-300x135.jpeg 300w, https:\/\/www.mecerreyes.com\/mece\/wp-content\/uploads\/2024\/11\/Inauguracion-obras-cementerio-de-Mecerreyes-2-11-2024-7-768x346.jpeg 768w, https:\/\/www.mecerreyes.com\/mece\/wp-content\/uploads\/2024\/11\/Inauguracion-obras-cementerio-de-Mecerreyes-2-11-2024-7-1536x691.jpeg 1536w, https:\/\/www.mecerreyes.com\/mece\/wp-content\/uploads\/2024\/11\/Inauguracion-obras-cementerio-de-Mecerreyes-2-11-2024-7-1080x486.jpeg 1080w, https:\/\/www.mecerreyes.com\/mece\/wp-content\/uploads\/2024\/11\/Inauguracion-obras-cementerio-de-Mecerreyes-2-11-2024-7.jpeg 1640w\" sizes=\"(max-width: 1024px) 100vw, 1024px\" \/><\/a><\/figure>\n\n\n\n<figure class=\"wp-block-image size-large\"><a  href=\"https:\/\/www.mecerreyes.com\/mece\/wp-content\/uploads\/2024\/11\/Inauguracion-obras-cementerio-de-Mecerreyes-2-11-2024-1.jpeg\" class=\"thickbox no_icon\" title=\"\"><img loading=\"lazy\" decoding=\"async\" width=\"1024\" height=\"461\" data-id=\"25808\" src=\"https:\/\/www.mecerreyes.com\/mece\/wp-content\/uploads\/2024\/11\/Inauguracion-obras-cementerio-de-Mecerreyes-2-11-2024-1-1024x461.jpeg\" alt=\"\" class=\"wp-image-25808\" srcset=\"https:\/\/www.mecerreyes.com\/mece\/wp-content\/uploads\/2024\/11\/Inauguracion-obras-cementerio-de-Mecerreyes-2-11-2024-1-1024x461.jpeg 1024w, https:\/\/www.mecerreyes.com\/mece\/wp-content\/uploads\/2024\/11\/Inauguracion-obras-cementerio-de-Mecerreyes-2-11-2024-1-300x135.jpeg 300w, https:\/\/www.mecerreyes.com\/mece\/wp-content\/uploads\/2024\/11\/Inauguracion-obras-cementerio-de-Mecerreyes-2-11-2024-1-768x346.jpeg 768w, https:\/\/www.mecerreyes.com\/mece\/wp-content\/uploads\/2024\/11\/Inauguracion-obras-cementerio-de-Mecerreyes-2-11-2024-1-1536x691.jpeg 1536w, https:\/\/www.mecerreyes.com\/mece\/wp-content\/uploads\/2024\/11\/Inauguracion-obras-cementerio-de-Mecerreyes-2-11-2024-1-1080x486.jpeg 1080w, https:\/\/www.mecerreyes.com\/mece\/wp-content\/uploads\/2024\/11\/Inauguracion-obras-cementerio-de-Mecerreyes-2-11-2024-1.jpeg 1600w\" sizes=\"(max-width: 1024px) 100vw, 1024px\" \/><\/a><\/figure>\n\n\n\n<figure class=\"wp-block-image size-large\"><a  href=\"https:\/\/www.mecerreyes.com\/mece\/wp-content\/uploads\/2024\/11\/Inauguracion-obras-cementerio-de-Mecerreyes-2-11-2024-1.jpg\" class=\"thickbox no_icon\" title=\"\"><img loading=\"lazy\" decoding=\"async\" width=\"1024\" height=\"683\" data-id=\"25814\" src=\"https:\/\/www.mecerreyes.com\/mece\/wp-content\/uploads\/2024\/11\/Inauguracion-obras-cementerio-de-Mecerreyes-2-11-2024-1-1024x683.jpg\" alt=\"\" class=\"wp-image-25814\" srcset=\"https:\/\/www.mecerreyes.com\/mece\/wp-content\/uploads\/2024\/11\/Inauguracion-obras-cementerio-de-Mecerreyes-2-11-2024-1-1024x683.jpg 1024w, https:\/\/www.mecerreyes.com\/mece\/wp-content\/uploads\/2024\/11\/Inauguracion-obras-cementerio-de-Mecerreyes-2-11-2024-1-300x200.jpg 300w, https:\/\/www.mecerreyes.com\/mece\/wp-content\/uploads\/2024\/11\/Inauguracion-obras-cementerio-de-Mecerreyes-2-11-2024-1-768x512.jpg 768w, https:\/\/www.mecerreyes.com\/mece\/wp-content\/uploads\/2024\/11\/Inauguracion-obras-cementerio-de-Mecerreyes-2-11-2024-1-1080x720.jpg 1080w, https:\/\/www.mecerreyes.com\/mece\/wp-content\/uploads\/2024\/11\/Inauguracion-obras-cementerio-de-Mecerreyes-2-11-2024-1.jpg 1134w\" sizes=\"(max-width: 1024px) 100vw, 1024px\" \/><\/a><\/figure>\n\n\n\n<figure class=\"wp-block-image size-large\"><a  href=\"https:\/\/www.mecerreyes.com\/mece\/wp-content\/uploads\/2024\/11\/Inauguracion-obras-cementerio-de-Mecerreyes-2-11-2024-2.jpeg\" class=\"thickbox no_icon\" title=\"\"><img loading=\"lazy\" decoding=\"async\" width=\"1024\" height=\"461\" data-id=\"25807\" src=\"https:\/\/www.mecerreyes.com\/mece\/wp-content\/uploads\/2024\/11\/Inauguracion-obras-cementerio-de-Mecerreyes-2-11-2024-2-1024x461.jpeg\" alt=\"\" class=\"wp-image-25807\" srcset=\"https:\/\/www.mecerreyes.com\/mece\/wp-content\/uploads\/2024\/11\/Inauguracion-obras-cementerio-de-Mecerreyes-2-11-2024-2-1024x461.jpeg 1024w, https:\/\/www.mecerreyes.com\/mece\/wp-content\/uploads\/2024\/11\/Inauguracion-obras-cementerio-de-Mecerreyes-2-11-2024-2-300x135.jpeg 300w, https:\/\/www.mecerreyes.com\/mece\/wp-content\/uploads\/2024\/11\/Inauguracion-obras-cementerio-de-Mecerreyes-2-11-2024-2-768x346.jpeg 768w, https:\/\/www.mecerreyes.com\/mece\/wp-content\/uploads\/2024\/11\/Inauguracion-obras-cementerio-de-Mecerreyes-2-11-2024-2-1536x691.jpeg 1536w, https:\/\/www.mecerreyes.com\/mece\/wp-content\/uploads\/2024\/11\/Inauguracion-obras-cementerio-de-Mecerreyes-2-11-2024-2-1080x486.jpeg 1080w, https:\/\/www.mecerreyes.com\/mece\/wp-content\/uploads\/2024\/11\/Inauguracion-obras-cementerio-de-Mecerreyes-2-11-2024-2.jpeg 1640w\" sizes=\"(max-width: 1024px) 100vw, 1024px\" \/><\/a><\/figure>\n\n\n\n<figure class=\"wp-block-image size-large\"><a  href=\"https:\/\/www.mecerreyes.com\/mece\/wp-content\/uploads\/2024\/11\/Inauguracion-obras-cementerio-de-Mecerreyes-2-11-2024-2.jpg\" class=\"thickbox no_icon\" title=\"\"><img loading=\"lazy\" decoding=\"async\" width=\"1024\" height=\"683\" data-id=\"25812\" src=\"https:\/\/www.mecerreyes.com\/mece\/wp-content\/uploads\/2024\/11\/Inauguracion-obras-cementerio-de-Mecerreyes-2-11-2024-2-1024x683.jpg\" alt=\"\" class=\"wp-image-25812\" srcset=\"https:\/\/www.mecerreyes.com\/mece\/wp-content\/uploads\/2024\/11\/Inauguracion-obras-cementerio-de-Mecerreyes-2-11-2024-2-1024x683.jpg 1024w, https:\/\/www.mecerreyes.com\/mece\/wp-content\/uploads\/2024\/11\/Inauguracion-obras-cementerio-de-Mecerreyes-2-11-2024-2-300x200.jpg 300w, https:\/\/www.mecerreyes.com\/mece\/wp-content\/uploads\/2024\/11\/Inauguracion-obras-cementerio-de-Mecerreyes-2-11-2024-2-768x512.jpg 768w, https:\/\/www.mecerreyes.com\/mece\/wp-content\/uploads\/2024\/11\/Inauguracion-obras-cementerio-de-Mecerreyes-2-11-2024-2-1080x720.jpg 1080w, https:\/\/www.mecerreyes.com\/mece\/wp-content\/uploads\/2024\/11\/Inauguracion-obras-cementerio-de-Mecerreyes-2-11-2024-2.jpg 1134w\" sizes=\"(max-width: 1024px) 100vw, 1024px\" \/><\/a><\/figure>\n\n\n\n<figure class=\"wp-block-image size-large\"><a  href=\"https:\/\/www.mecerreyes.com\/mece\/wp-content\/uploads\/2024\/11\/Inauguracion-obras-cementerio-de-Mecerreyes-2-11-2024-3.jpeg\" class=\"thickbox no_icon\" title=\"\"><img loading=\"lazy\" decoding=\"async\" width=\"1024\" height=\"461\" data-id=\"25809\" src=\"https:\/\/www.mecerreyes.com\/mece\/wp-content\/uploads\/2024\/11\/Inauguracion-obras-cementerio-de-Mecerreyes-2-11-2024-3-1024x461.jpeg\" alt=\"\" class=\"wp-image-25809\" srcset=\"https:\/\/www.mecerreyes.com\/mece\/wp-content\/uploads\/2024\/11\/Inauguracion-obras-cementerio-de-Mecerreyes-2-11-2024-3-1024x461.jpeg 1024w, https:\/\/www.mecerreyes.com\/mece\/wp-content\/uploads\/2024\/11\/Inauguracion-obras-cementerio-de-Mecerreyes-2-11-2024-3-300x135.jpeg 300w, https:\/\/www.mecerreyes.com\/mece\/wp-content\/uploads\/2024\/11\/Inauguracion-obras-cementerio-de-Mecerreyes-2-11-2024-3-768x346.jpeg 768w, https:\/\/www.mecerreyes.com\/mece\/wp-content\/uploads\/2024\/11\/Inauguracion-obras-cementerio-de-Mecerreyes-2-11-2024-3-1536x691.jpeg 1536w, https:\/\/www.mecerreyes.com\/mece\/wp-content\/uploads\/2024\/11\/Inauguracion-obras-cementerio-de-Mecerreyes-2-11-2024-3-1080x486.jpeg 1080w, https:\/\/www.mecerreyes.com\/mece\/wp-content\/uploads\/2024\/11\/Inauguracion-obras-cementerio-de-Mecerreyes-2-11-2024-3.jpeg 1600w\" sizes=\"(max-width: 1024px) 100vw, 1024px\" \/><\/a><\/figure>\n\n\n\n<figure class=\"wp-block-image size-large\"><a  href=\"https:\/\/www.mecerreyes.com\/mece\/wp-content\/uploads\/2024\/11\/Inauguracion-obras-cementerio-de-Mecerreyes-2-11-2024-3.jpg\" class=\"thickbox no_icon\" title=\"\"><img loading=\"lazy\" decoding=\"async\" width=\"1024\" height=\"683\" data-id=\"25811\" src=\"https:\/\/www.mecerreyes.com\/mece\/wp-content\/uploads\/2024\/11\/Inauguracion-obras-cementerio-de-Mecerreyes-2-11-2024-3-1024x683.jpg\" alt=\"\" class=\"wp-image-25811\" srcset=\"https:\/\/www.mecerreyes.com\/mece\/wp-content\/uploads\/2024\/11\/Inauguracion-obras-cementerio-de-Mecerreyes-2-11-2024-3-1024x683.jpg 1024w, https:\/\/www.mecerreyes.com\/mece\/wp-content\/uploads\/2024\/11\/Inauguracion-obras-cementerio-de-Mecerreyes-2-11-2024-3-300x200.jpg 300w, https:\/\/www.mecerreyes.com\/mece\/wp-content\/uploads\/2024\/11\/Inauguracion-obras-cementerio-de-Mecerreyes-2-11-2024-3-768x512.jpg 768w, https:\/\/www.mecerreyes.com\/mece\/wp-content\/uploads\/2024\/11\/Inauguracion-obras-cementerio-de-Mecerreyes-2-11-2024-3-1080x720.jpg 1080w, https:\/\/www.mecerreyes.com\/mece\/wp-content\/uploads\/2024\/11\/Inauguracion-obras-cementerio-de-Mecerreyes-2-11-2024-3.jpg 1134w\" sizes=\"(max-width: 1024px) 100vw, 1024px\" \/><\/a><\/figure>\n\n\n\n<figure class=\"wp-block-image size-large\"><a  href=\"https:\/\/www.mecerreyes.com\/mece\/wp-content\/uploads\/2024\/11\/Inauguracion-obras-cementerio-de-Mecerreyes-2-11-2024-4.jpeg\" class=\"thickbox no_icon\" title=\"\"><img loading=\"lazy\" decoding=\"async\" width=\"1024\" height=\"461\" data-id=\"25813\" src=\"https:\/\/www.mecerreyes.com\/mece\/wp-content\/uploads\/2024\/11\/Inauguracion-obras-cementerio-de-Mecerreyes-2-11-2024-4-1024x461.jpeg\" alt=\"\" class=\"wp-image-25813\" srcset=\"https:\/\/www.mecerreyes.com\/mece\/wp-content\/uploads\/2024\/11\/Inauguracion-obras-cementerio-de-Mecerreyes-2-11-2024-4-1024x461.jpeg 1024w, https:\/\/www.mecerreyes.com\/mece\/wp-content\/uploads\/2024\/11\/Inauguracion-obras-cementerio-de-Mecerreyes-2-11-2024-4-300x135.jpeg 300w, https:\/\/www.mecerreyes.com\/mece\/wp-content\/uploads\/2024\/11\/Inauguracion-obras-cementerio-de-Mecerreyes-2-11-2024-4-768x346.jpeg 768w, https:\/\/www.mecerreyes.com\/mece\/wp-content\/uploads\/2024\/11\/Inauguracion-obras-cementerio-de-Mecerreyes-2-11-2024-4-1536x691.jpeg 1536w, https:\/\/www.mecerreyes.com\/mece\/wp-content\/uploads\/2024\/11\/Inauguracion-obras-cementerio-de-Mecerreyes-2-11-2024-4-1080x486.jpeg 1080w, https:\/\/www.mecerreyes.com\/mece\/wp-content\/uploads\/2024\/11\/Inauguracion-obras-cementerio-de-Mecerreyes-2-11-2024-4.jpeg 1640w\" sizes=\"(max-width: 1024px) 100vw, 1024px\" \/><\/a><\/figure>\n\n\n\n<figure class=\"wp-block-image size-large\"><a  href=\"https:\/\/www.mecerreyes.com\/mece\/wp-content\/uploads\/2024\/11\/Inauguracion-obras-cementerio-de-Mecerreyes-2-11-2024-5.jpeg\" class=\"thickbox no_icon\" title=\"\"><img loading=\"lazy\" decoding=\"async\" width=\"1024\" height=\"461\" data-id=\"25810\" src=\"https:\/\/www.mecerreyes.com\/mece\/wp-content\/uploads\/2024\/11\/Inauguracion-obras-cementerio-de-Mecerreyes-2-11-2024-5-1024x461.jpeg\" alt=\"\" class=\"wp-image-25810\" srcset=\"https:\/\/www.mecerreyes.com\/mece\/wp-content\/uploads\/2024\/11\/Inauguracion-obras-cementerio-de-Mecerreyes-2-11-2024-5-1024x461.jpeg 1024w, https:\/\/www.mecerreyes.com\/mece\/wp-content\/uploads\/2024\/11\/Inauguracion-obras-cementerio-de-Mecerreyes-2-11-2024-5-300x135.jpeg 300w, https:\/\/www.mecerreyes.com\/mece\/wp-content\/uploads\/2024\/11\/Inauguracion-obras-cementerio-de-Mecerreyes-2-11-2024-5-768x346.jpeg 768w, https:\/\/www.mecerreyes.com\/mece\/wp-content\/uploads\/2024\/11\/Inauguracion-obras-cementerio-de-Mecerreyes-2-11-2024-5-1536x691.jpeg 1536w, https:\/\/www.mecerreyes.com\/mece\/wp-content\/uploads\/2024\/11\/Inauguracion-obras-cementerio-de-Mecerreyes-2-11-2024-5-1080x486.jpeg 1080w, https:\/\/www.mecerreyes.com\/mece\/wp-content\/uploads\/2024\/11\/Inauguracion-obras-cementerio-de-Mecerreyes-2-11-2024-5.jpeg 1600w\" sizes=\"(max-width: 1024px) 100vw, 1024px\" \/><\/a><\/figure>\n<\/figure>\n\n\n\n<div style=\"height:38px\" aria-hidden=\"true\" class=\"wp-block-spacer\"><\/div>\n\n\n\n<p class=\"has-black-color has-luminous-vivid-amber-background-color has-text-color has-background has-link-color wp-elements-9117cbf42c395a3f31495cd48b7471de\" style=\"font-size:22px\"><strong>FIESTAS PATRONALES EN HONOR A SANMART\u00cdN<\/strong><\/p>\n\n\n\n<p>El pr\u00f3ximo d\u00eda 11 de noviembre celebraremos la fiesta de nuestro patr\u00f3n&nbsp;<a  href=\"https:\/\/www.mecerreyes.com\/mece\/?page_id=58\">San Mart\u00edn<\/a>.<\/p>\n\n\n\n<p><strong>A las 12:00 h comenzar\u00e1n los actos con la Procesi\u00f3n en honor a\u00a0<a  href=\"https:\/\/www.mecerreyes.com\/mece\/?page_id=58\">San Mart\u00edn<\/a><\/strong>, a continuaci\u00f3n, la Santa Misa, con agradecimiento a nuestro paisano y amigo D. Roberto Santamar\u00eda Alonso, por los a\u00f1os de dedicaci\u00f3n sacerdotal a la <a  href=\"https:\/\/www.mecerreyes.com\/mece\/?page_id=35\">Parroquia<\/a>, al pueblo y a los vecinos; a su t\u00e9rmino el\u00a0<a  href=\"https:\/\/www.mecerreyes.com\/mece\/?page_id=24\">Ayuntamiento<\/a>\u00a0ofrecer\u00e1 el tradicional pincho popular. <br>Y como no puede ser de otra forma, no faltar\u00e1 la m\u00fasica.<\/p>\n\n\n\n<p>Os esperamos. \u00a1Viva&nbsp;<a  href=\"https:\/\/www.mecerreyes.com\/mece\/?page_id=58\">San Mart\u00edn<\/a>! \u00a1Viva!<\/p>\n\n\n\n<p><\/p>\n\n\n\n<figure class=\"wp-block-gallery has-nested-images columns-default is-cropped wp-block-gallery-15 is-layout-flex wp-block-gallery-is-layout-flex\">\n<figure class=\"wp-block-image size-large\"><a  href=\"https:\/\/www.mecerreyes.com\/mece\/wp-content\/uploads\/2024\/11\/Cartel-Mecerreyes-Fiestas-de-San-Martin-2024.jpeg\" class=\"thickbox no_icon\" title=\"\"><img loading=\"lazy\" decoding=\"async\" width=\"721\" height=\"1024\" data-id=\"25815\" src=\"https:\/\/www.mecerreyes.com\/mece\/wp-content\/uploads\/2024\/11\/Cartel-Mecerreyes-Fiestas-de-San-Martin-2024-721x1024.jpeg\" alt=\"\" class=\"wp-image-25815\" srcset=\"https:\/\/www.mecerreyes.com\/mece\/wp-content\/uploads\/2024\/11\/Cartel-Mecerreyes-Fiestas-de-San-Martin-2024-721x1024.jpeg 721w, https:\/\/www.mecerreyes.com\/mece\/wp-content\/uploads\/2024\/11\/Cartel-Mecerreyes-Fiestas-de-San-Martin-2024-211x300.jpeg 211w, https:\/\/www.mecerreyes.com\/mece\/wp-content\/uploads\/2024\/11\/Cartel-Mecerreyes-Fiestas-de-San-Martin-2024-768x1090.jpeg 768w, https:\/\/www.mecerreyes.com\/mece\/wp-content\/uploads\/2024\/11\/Cartel-Mecerreyes-Fiestas-de-San-Martin-2024.jpeg 1011w\" sizes=\"(max-width: 721px) 100vw, 721px\" \/><\/a><\/figure>\n<\/figure>\n\n\n\n<div style=\"height:54px\" aria-hidden=\"true\" class=\"wp-block-spacer\"><\/div>\n\n\n\n<p class=\"has-luminous-vivid-amber-background-color has-background\" style=\"font-size:22px\"><strong>AYUDA PARA LOS AFECTADOS POR LA DANA<\/strong><\/p>\n\n\n\n<p>El paso de la DANA deja hasta el momento un reguero de desolaci\u00f3n y destrozos . Ante esta situaci\u00f3n, Mecerreyes se une a la recogida de alimentos y como recomendaci\u00f3n de \u00faltima hora se pide:  <\/p>\n\n\n\n<ul class=\"wp-block-list\">\n<li>Guantes<\/li>\n\n\n\n<li>Gafas de protecci\u00f3n<\/li>\n\n\n\n<li>Mascarillas<\/li>\n\n\n\n<li>Rastrillos<\/li>\n\n\n\n<li>Palas<\/li>\n\n\n\n<li>Cepillos<\/li>\n\n\n\n<li>Escobones<\/li>\n\n\n\n<li>Productos de higiene<\/li>\n<\/ul>\n\n\n\n<figure class=\"wp-block-gallery has-nested-images columns-default is-cropped wp-block-gallery-16 is-layout-flex wp-block-gallery-is-layout-flex\">\n<figure class=\"wp-block-image size-large\"><a  href=\"https:\/\/www.mecerreyes.com\/mece\/wp-content\/uploads\/2024\/11\/Mecerreyes-con-la-Ayuda-a-los-afectados-por-la-Dana-2024.jpeg\" class=\"thickbox no_icon\" title=\"\"><img loading=\"lazy\" decoding=\"async\" width=\"769\" height=\"1024\" data-id=\"25817\" src=\"https:\/\/www.mecerreyes.com\/mece\/wp-content\/uploads\/2024\/11\/Mecerreyes-con-la-Ayuda-a-los-afectados-por-la-Dana-2024-769x1024.jpeg\" alt=\"\" class=\"wp-image-25817\" srcset=\"https:\/\/www.mecerreyes.com\/mece\/wp-content\/uploads\/2024\/11\/Mecerreyes-con-la-Ayuda-a-los-afectados-por-la-Dana-2024-769x1024.jpeg 769w, https:\/\/www.mecerreyes.com\/mece\/wp-content\/uploads\/2024\/11\/Mecerreyes-con-la-Ayuda-a-los-afectados-por-la-Dana-2024-225x300.jpeg 225w, https:\/\/www.mecerreyes.com\/mece\/wp-content\/uploads\/2024\/11\/Mecerreyes-con-la-Ayuda-a-los-afectados-por-la-Dana-2024-768x1023.jpeg 768w, https:\/\/www.mecerreyes.com\/mece\/wp-content\/uploads\/2024\/11\/Mecerreyes-con-la-Ayuda-a-los-afectados-por-la-Dana-2024.jpeg 1080w\" sizes=\"(max-width: 769px) 100vw, 769px\" \/><\/a><\/figure>\n<\/figure>\n\n\n\n<div style=\"height:59px\" aria-hidden=\"true\" class=\"wp-block-spacer\"><\/div>\n\n\n\n<p class=\"has-luminous-vivid-amber-background-color has-background\" style=\"font-size:22px\"><strong>CLUB DEPORTIVO MECERREYES<\/strong><\/p>\n\n\n\n<p>Un a\u00f1o m\u00e1s nuestro equipo participa en el Trofeo de la Diputaci\u00f3n y ha comenzado con 3 victorias.<br>Los temporada pasada recibieron un premio por su deportividad.<br>Han demostrado con creces su compromiso con el trofeo en las \u00faltimas temporadas y bien merecen que su campo local est\u00e9 situado&nbsp; ya en Mecerreyes.<br>Deseamos&nbsp; se cumpla su sue\u00f1o que&nbsp; sin duda facilitar\u00e1&nbsp; el arrope de m\u00e1s hinchas y animar\u00e1 a&nbsp; los ni\u00f1os guiletos&nbsp; a participar de este deporte.<\/p>\n\n\n\n<figure class=\"wp-block-gallery has-nested-images columns-default is-cropped wp-block-gallery-17 is-layout-flex wp-block-gallery-is-layout-flex\">\n<figure class=\"wp-block-image size-large\"><a  href=\"https:\/\/www.mecerreyes.com\/mece\/wp-content\/uploads\/2024\/11\/Trofeo-Futbol-Diputacion-2024-2025-Mecerreyes.jpeg\" class=\"thickbox no_icon\" title=\"\"><img loading=\"lazy\" decoding=\"async\" width=\"1024\" height=\"488\" data-id=\"25820\" src=\"https:\/\/www.mecerreyes.com\/mece\/wp-content\/uploads\/2024\/11\/Trofeo-Futbol-Diputacion-2024-2025-Mecerreyes-1024x488.jpeg\" alt=\"\" class=\"wp-image-25820\" srcset=\"https:\/\/www.mecerreyes.com\/mece\/wp-content\/uploads\/2024\/11\/Trofeo-Futbol-Diputacion-2024-2025-Mecerreyes-1024x488.jpeg 1024w, https:\/\/www.mecerreyes.com\/mece\/wp-content\/uploads\/2024\/11\/Trofeo-Futbol-Diputacion-2024-2025-Mecerreyes-300x143.jpeg 300w, https:\/\/www.mecerreyes.com\/mece\/wp-content\/uploads\/2024\/11\/Trofeo-Futbol-Diputacion-2024-2025-Mecerreyes-768x366.jpeg 768w, https:\/\/www.mecerreyes.com\/mece\/wp-content\/uploads\/2024\/11\/Trofeo-Futbol-Diputacion-2024-2025-Mecerreyes-1536x731.jpeg 1536w, https:\/\/www.mecerreyes.com\/mece\/wp-content\/uploads\/2024\/11\/Trofeo-Futbol-Diputacion-2024-2025-Mecerreyes-1080x514.jpeg 1080w, https:\/\/www.mecerreyes.com\/mece\/wp-content\/uploads\/2024\/11\/Trofeo-Futbol-Diputacion-2024-2025-Mecerreyes.jpeg 1844w\" sizes=\"(max-width: 1024px) 100vw, 1024px\" \/><\/a><\/figure>\n\n\n\n<figure class=\"wp-block-image size-medium\"><a  href=\"https:\/\/www.mecerreyes.com\/mece\/wp-content\/uploads\/2024\/11\/Club-Deportivo-Mecerreyes.jpeg\" class=\"thickbox no_icon\" title=\"\"><img loading=\"lazy\" decoding=\"async\" width=\"300\" height=\"300\" data-id=\"25822\" src=\"https:\/\/www.mecerreyes.com\/mece\/wp-content\/uploads\/2024\/11\/Club-Deportivo-Mecerreyes-300x300.jpeg\" alt=\"\" class=\"wp-image-25822\" srcset=\"https:\/\/www.mecerreyes.com\/mece\/wp-content\/uploads\/2024\/11\/Club-Deportivo-Mecerreyes-300x300.jpeg 300w, https:\/\/www.mecerreyes.com\/mece\/wp-content\/uploads\/2024\/11\/Club-Deportivo-Mecerreyes-150x150.jpeg 150w, https:\/\/www.mecerreyes.com\/mece\/wp-content\/uploads\/2024\/11\/Club-Deportivo-Mecerreyes-440x440.jpeg 440w, https:\/\/www.mecerreyes.com\/mece\/wp-content\/uploads\/2024\/11\/Club-Deportivo-Mecerreyes.jpeg 766w\" sizes=\"(max-width: 300px) 100vw, 300px\" \/><\/a><\/figure>\n<\/figure>\n\n\n\n<div style=\"height:63px\" aria-hidden=\"true\" class=\"wp-block-spacer\"><\/div>\n\n\n\n<p class=\"has-black-color has-luminous-vivid-amber-background-color has-text-color has-background has-link-color wp-elements-1678d9cf3361cdd83def2b95b08f92a3\" style=\"font-size:22px\"><strong>CAZA EN MECERREYES<\/strong><\/p>\n\n\n\n<p>Comienza la temporada de caza mayor, una forma legal de regular el n\u00famero de miembros de algunas especies, mantener el ecosistema y minimizar en lo posible el n\u00famero de accidentes de tr\u00e1fico.<br>Para inaugurar la campa\u00f1a 2024, unos 50 cazadores se reunieron el s\u00e1bado 26&nbsp; en el <a  href=\"https:\/\/www.mecerreyes.com\/mece\/?page_id=797\">Mes\u00f3n de Frutos<\/a>. Desayuno y comida alrededor de exquisitas viandas sirvieron de confraternizaci\u00f3n y puesta en valor de&nbsp; \u00abLa Caza\u00bb actividad colectiva que se remonta&nbsp; a 1,2 millones de a\u00f1os<\/p>\n\n\n\n<figure class=\"wp-block-gallery has-nested-images columns-default is-cropped wp-block-gallery-18 is-layout-flex wp-block-gallery-is-layout-flex\">\n<figure class=\"wp-block-image size-large\"><a  href=\"https:\/\/www.mecerreyes.com\/mece\/wp-content\/uploads\/2024\/11\/Mecerreyes-caza-octubre-2024.jpeg\" class=\"thickbox no_icon\" title=\"\"><img loading=\"lazy\" decoding=\"async\" width=\"1024\" height=\"768\" data-id=\"25819\" src=\"https:\/\/www.mecerreyes.com\/mece\/wp-content\/uploads\/2024\/11\/Mecerreyes-caza-octubre-2024-1024x768.jpeg\" alt=\"\" class=\"wp-image-25819\" srcset=\"https:\/\/www.mecerreyes.com\/mece\/wp-content\/uploads\/2024\/11\/Mecerreyes-caza-octubre-2024-1024x768.jpeg 1024w, https:\/\/www.mecerreyes.com\/mece\/wp-content\/uploads\/2024\/11\/Mecerreyes-caza-octubre-2024-300x225.jpeg 300w, https:\/\/www.mecerreyes.com\/mece\/wp-content\/uploads\/2024\/11\/Mecerreyes-caza-octubre-2024-768x576.jpeg 768w, https:\/\/www.mecerreyes.com\/mece\/wp-content\/uploads\/2024\/11\/Mecerreyes-caza-octubre-2024.jpeg 1080w\" sizes=\"(max-width: 1024px) 100vw, 1024px\" \/><\/a><\/figure>\n<\/figure>\n\n\n\n<div style=\"height:78px\" aria-hidden=\"true\" class=\"wp-block-spacer\"><\/div>\n\n\n\n<p class=\"has-black-color has-luminous-vivid-amber-background-color has-text-color has-background has-link-color wp-elements-3c86c9b55209fc5f80c4b07401c54e34\" style=\"font-size:22px\"><strong>LOTERIA DE <a  href=\"https:\/\/www.mecerreyes.com\/mece\/?page_id=62\">NAVIDAD<\/a><\/strong><\/p>\n\n\n\n<p class=\"has-black-color has-text-color has-link-color wp-elements-81d1561fd3c1340059e6f199cd0b8699\">Ya est\u00e1 a disposici\u00f3n de todos los interesados la <strong>LOTERIA DE <a  href=\"https:\/\/www.mecerreyes.com\/mece\/?page_id=62\">NAVIDAD<\/a> para este a\u00f1o 2024<\/strong>; os deseamos SUERTE y os DAMOS LAS GRACIAS por la colaboraci\u00f3n que supone el donativo de 1 \u20ac por papeleta, para la realizaci\u00f3n de Actividades Culturales en Mecerreyes<\/p>\n\n\n\n<figure class=\"wp-block-gallery has-nested-images columns-default is-cropped wp-block-gallery-19 is-layout-flex wp-block-gallery-is-layout-flex\">\n<figure class=\"wp-block-image size-large\"><a  href=\"https:\/\/www.mecerreyes.com\/mece\/wp-content\/uploads\/2024\/11\/Loteria-de-la-Asociacion-Cultural-Navidad-Mecerreyes-2024.jpg\" class=\"thickbox no_icon\" title=\"\"><img loading=\"lazy\" decoding=\"async\" width=\"763\" height=\"900\" data-id=\"25824\" src=\"https:\/\/www.mecerreyes.com\/mece\/wp-content\/uploads\/2024\/11\/Loteria-de-la-Asociacion-Cultural-Navidad-Mecerreyes-2024.jpg\" alt=\"\" class=\"wp-image-25824\" srcset=\"https:\/\/www.mecerreyes.com\/mece\/wp-content\/uploads\/2024\/11\/Loteria-de-la-Asociacion-Cultural-Navidad-Mecerreyes-2024.jpg 763w, https:\/\/www.mecerreyes.com\/mece\/wp-content\/uploads\/2024\/11\/Loteria-de-la-Asociacion-Cultural-Navidad-Mecerreyes-2024-254x300.jpg 254w\" sizes=\"(max-width: 763px) 100vw, 763px\" \/><\/a><\/figure>\n<\/figure>\n\n\n\n<div style=\"height:39px\" aria-hidden=\"true\" class=\"wp-block-spacer\"><\/div>\n\n\n\n<p class=\"has-luminous-vivid-amber-background-color has-background\" style=\"font-size:22px\"><strong>VII EDICI\u00d3N CICLO NACIONAL DEL CINE Y MUJERES RURALES<\/strong><\/p>\n\n\n\n<p>En la Sala Valle del Arlanza de Covarrubias, el pr\u00f3ximo 16 de noviembre se proyectar\u00e1 la pel\u00edcula \u201cCAMINO DE LA SUERTE\u201d del guionista Jorge Alonso. <\/p>\n\n\n\n<figure class=\"wp-block-gallery has-nested-images columns-2 is-cropped wp-block-gallery-20 is-layout-flex wp-block-gallery-is-layout-flex\">\n<figure class=\"wp-block-image size-large\"><a  href=\"https:\/\/www.mecerreyes.com\/mece\/wp-content\/uploads\/2024\/10\/Cine-y-mujeres-rurales.jpeg\" class=\"thickbox no_icon\" title=\"\"><img loading=\"lazy\" decoding=\"async\" width=\"647\" height=\"1024\" data-id=\"25767\" src=\"https:\/\/www.mecerreyes.com\/mece\/wp-content\/uploads\/2024\/10\/Cine-y-mujeres-rurales-647x1024.jpeg\" alt=\"\" class=\"wp-image-25767\" srcset=\"https:\/\/www.mecerreyes.com\/mece\/wp-content\/uploads\/2024\/10\/Cine-y-mujeres-rurales-647x1024.jpeg 647w, https:\/\/www.mecerreyes.com\/mece\/wp-content\/uploads\/2024\/10\/Cine-y-mujeres-rurales-189x300.jpeg 189w, https:\/\/www.mecerreyes.com\/mece\/wp-content\/uploads\/2024\/10\/Cine-y-mujeres-rurales-768x1216.jpeg 768w, https:\/\/www.mecerreyes.com\/mece\/wp-content\/uploads\/2024\/10\/Cine-y-mujeres-rurales-970x1536.jpeg 970w, https:\/\/www.mecerreyes.com\/mece\/wp-content\/uploads\/2024\/10\/Cine-y-mujeres-rurales.jpeg 1080w\" sizes=\"(max-width: 647px) 100vw, 647px\" \/><\/a><\/figure>\n\n\n\n<figure class=\"wp-block-image size-large\"><a  href=\"https:\/\/www.mecerreyes.com\/mece\/wp-content\/uploads\/2024\/10\/Camino-de-la-suerte.jpg\" class=\"thickbox no_icon\" title=\"\"><img loading=\"lazy\" decoding=\"async\" width=\"353\" height=\"511\" data-id=\"25769\" src=\"https:\/\/www.mecerreyes.com\/mece\/wp-content\/uploads\/2024\/10\/Camino-de-la-suerte.jpg\" alt=\"\" class=\"wp-image-25769\" srcset=\"https:\/\/www.mecerreyes.com\/mece\/wp-content\/uploads\/2024\/10\/Camino-de-la-suerte.jpg 353w, https:\/\/www.mecerreyes.com\/mece\/wp-content\/uploads\/2024\/10\/Camino-de-la-suerte-207x300.jpg 207w\" sizes=\"(max-width: 353px) 100vw, 353px\" \/><\/a><\/figure>\n\n\n\n<figure class=\"wp-block-image size-large\"><a  href=\"https:\/\/www.mecerreyes.com\/mece\/wp-content\/uploads\/2024\/10\/Camino-de-la-suerte-1.jpg\" class=\"thickbox no_icon\" title=\"\"><img loading=\"lazy\" decoding=\"async\" width=\"778\" height=\"597\" data-id=\"25770\" src=\"https:\/\/www.mecerreyes.com\/mece\/wp-content\/uploads\/2024\/10\/Camino-de-la-suerte-1.jpg\" alt=\"\" class=\"wp-image-25770\" srcset=\"https:\/\/www.mecerreyes.com\/mece\/wp-content\/uploads\/2024\/10\/Camino-de-la-suerte-1.jpg 778w, https:\/\/www.mecerreyes.com\/mece\/wp-content\/uploads\/2024\/10\/Camino-de-la-suerte-1-300x230.jpg 300w, https:\/\/www.mecerreyes.com\/mece\/wp-content\/uploads\/2024\/10\/Camino-de-la-suerte-1-768x589.jpg 768w\" sizes=\"(max-width: 778px) 100vw, 778px\" \/><\/a><\/figure>\n\n\n\n<figure class=\"wp-block-image size-large\"><a  href=\"https:\/\/www.mecerreyes.com\/mece\/wp-content\/uploads\/2024\/10\/Camino-de-la-suerte-2.jpg\" class=\"thickbox no_icon\" title=\"\"><img loading=\"lazy\" decoding=\"async\" width=\"801\" height=\"545\" data-id=\"25771\" src=\"https:\/\/www.mecerreyes.com\/mece\/wp-content\/uploads\/2024\/10\/Camino-de-la-suerte-2.jpg\" alt=\"\" class=\"wp-image-25771\" srcset=\"https:\/\/www.mecerreyes.com\/mece\/wp-content\/uploads\/2024\/10\/Camino-de-la-suerte-2.jpg 801w, https:\/\/www.mecerreyes.com\/mece\/wp-content\/uploads\/2024\/10\/Camino-de-la-suerte-2-300x204.jpg 300w, https:\/\/www.mecerreyes.com\/mece\/wp-content\/uploads\/2024\/10\/Camino-de-la-suerte-2-768x523.jpg 768w\" sizes=\"(max-width: 801px) 100vw, 801px\" \/><\/a><\/figure>\n<\/figure>\n\n\n\n<p>Con un halo de nostalgia, recordamos a las mujeres que pasaron y pasan sus atardeceres oto\u00f1ales entre agujas y ganchillos creando obras de arte, obras que perduran en el tiempo y nos evocan su presencia.&nbsp;<\/p>\n\n\n\n<blockquote class=\"wp-block-quote is-style-large is-layout-flow wp-block-quote-is-layout-flow\">\n<p class=\"has-text-color has-link-color wp-elements-76ef6648757dfeb1344718cffc4b5fb6\" style=\"color:#3626c4\"><em>Tejer es amar.<\/em><\/p>\n\n\n\n<p class=\"has-text-color has-link-color wp-elements-2e06549066cfc02d8f89e8fca3be017c\" style=\"color:#3626c4\"><em>Es hacer bufandas para el fr\u00edo.<\/em><\/p>\n\n\n\n<p class=\"has-text-color has-link-color wp-elements-99eddb24468f81f1e91fa1bdab57719f\" style=\"color:#3626c4\"><em>De un ovillo sacar una manta que de abrigo.<\/em><\/p>\n\n\n\n<p class=\"has-text-color has-link-color wp-elements-da734eb3bcf43469b4e45900abd2fdcd\" style=\"color:#3626c4\"><em>Es artesan\u00eda que te envuelve,<\/em><\/p>\n\n\n\n<p class=\"has-text-color has-link-color wp-elements-fc309fee63839db15e74fcfc27cfe71d\" style=\"color:#3626c4\"><em>Y un chal contra el olvido. (<\/em>Rosa Cortizo Alonso)<\/p>\n<\/blockquote>\n\n\n\n<p class=\"has-luminous-vivid-amber-background-color has-background\" style=\"font-size:22px\"><strong>OFERTAS DE EMPLEO, Grupo Clece<\/strong><\/p>\n\n\n\n<p>Desde el portal de informaci\u00f3n para desempleados INFOEMPLEA2 nos llega esta oferta de trabajo gestionada por la empresa de <a  href=\"https:\/\/www.mecerreyes.com\/mece\/?page_id=41\">servicios<\/a> integrales Clece.<br>Los interesados pueden mandar su curr\u00edculum entrando en el canal de empleo de su p\u00e1gina web. <\/p>\n\n\n\n<figure class=\"wp-block-gallery has-nested-images columns-default is-cropped wp-block-gallery-21 is-layout-flex wp-block-gallery-is-layout-flex\">\n<figure class=\"wp-block-image size-large\"><a  href=\"https:\/\/www.mecerreyes.com\/mece\/wp-content\/uploads\/2024\/11\/Mecerreyes-oferta-de-empleo-Oct-2024.jpg\" class=\"thickbox no_icon\" title=\"\"><img loading=\"lazy\" decoding=\"async\" width=\"1024\" height=\"863\" data-id=\"25816\" src=\"https:\/\/www.mecerreyes.com\/mece\/wp-content\/uploads\/2024\/11\/Mecerreyes-oferta-de-empleo-Oct-2024-1024x863.jpg\" alt=\"\" class=\"wp-image-25816\" srcset=\"https:\/\/www.mecerreyes.com\/mece\/wp-content\/uploads\/2024\/11\/Mecerreyes-oferta-de-empleo-Oct-2024-1024x863.jpg 1024w, https:\/\/www.mecerreyes.com\/mece\/wp-content\/uploads\/2024\/11\/Mecerreyes-oferta-de-empleo-Oct-2024-300x253.jpg 300w, https:\/\/www.mecerreyes.com\/mece\/wp-content\/uploads\/2024\/11\/Mecerreyes-oferta-de-empleo-Oct-2024-768x647.jpg 768w, https:\/\/www.mecerreyes.com\/mece\/wp-content\/uploads\/2024\/11\/Mecerreyes-oferta-de-empleo-Oct-2024-1536x1294.jpg 1536w, https:\/\/www.mecerreyes.com\/mece\/wp-content\/uploads\/2024\/11\/Mecerreyes-oferta-de-empleo-Oct-2024-1080x910.jpg 1080w, https:\/\/www.mecerreyes.com\/mece\/wp-content\/uploads\/2024\/11\/Mecerreyes-oferta-de-empleo-Oct-2024.jpg 1899w\" sizes=\"(max-width: 1024px) 100vw, 1024px\" \/><\/a><\/figure>\n<\/figure>\n\n\n\n<div style=\"height:62px\" aria-hidden=\"true\" class=\"wp-block-spacer\"><\/div>\n\n\n\n<p class=\"has-luminous-vivid-amber-background-color has-background\" style=\"font-size:22px\"><strong>REFRANERO<\/strong><\/p>\n\n\n\n<ul class=\"wp-block-list\">\n<li><em>Hac\u00eda la Virgen de El&nbsp;Pilar, comienza el tiempo a cambiar.<\/em><\/li>\n\n\n\n<li><em>Octubre es un mes de historias que dej\u00f3 malas memorias.<\/em><\/li>\n\n\n\n<li><em>Octubre lluvioso, a\u00f1o copioso.<\/em><\/li>\n\n\n\n<li><em>Por las costas de Levante, el diluvio y la inundaci\u00f3n, hacen en octubre su aparici\u00f3n.<\/em><\/li>\n<\/ul>\n\n\n\n<figure class=\"wp-block-gallery has-nested-images columns-default is-cropped wp-block-gallery-22 is-layout-flex wp-block-gallery-is-layout-flex\">\n<figure class=\"wp-block-image size-large\"><a  href=\"https:\/\/www.mecerreyes.com\/mece\/wp-content\/uploads\/2024\/11\/Mecerreyes-oct-2024-escultura-El-Toro.jpeg\" class=\"thickbox no_icon\" title=\"\"><img loading=\"lazy\" decoding=\"async\" width=\"1024\" height=\"461\" data-id=\"25826\" src=\"https:\/\/www.mecerreyes.com\/mece\/wp-content\/uploads\/2024\/11\/Mecerreyes-oct-2024-escultura-El-Toro-1024x461.jpeg\" alt=\"\" class=\"wp-image-25826\" srcset=\"https:\/\/www.mecerreyes.com\/mece\/wp-content\/uploads\/2024\/11\/Mecerreyes-oct-2024-escultura-El-Toro-1024x461.jpeg 1024w, https:\/\/www.mecerreyes.com\/mece\/wp-content\/uploads\/2024\/11\/Mecerreyes-oct-2024-escultura-El-Toro-300x135.jpeg 300w, https:\/\/www.mecerreyes.com\/mece\/wp-content\/uploads\/2024\/11\/Mecerreyes-oct-2024-escultura-El-Toro-768x346.jpeg 768w, https:\/\/www.mecerreyes.com\/mece\/wp-content\/uploads\/2024\/11\/Mecerreyes-oct-2024-escultura-El-Toro-1536x691.jpeg 1536w, https:\/\/www.mecerreyes.com\/mece\/wp-content\/uploads\/2024\/11\/Mecerreyes-oct-2024-escultura-El-Toro-1080x486.jpeg 1080w, https:\/\/www.mecerreyes.com\/mece\/wp-content\/uploads\/2024\/11\/Mecerreyes-oct-2024-escultura-El-Toro.jpeg 2000w\" sizes=\"(max-width: 1024px) 100vw, 1024px\" \/><\/a><\/figure>\n<\/figure>","protected":false},"excerpt":{"rendered":"<p>OCTUBRE 2024 Puntuales a esta cita informativa, repasamos todo lo acontecido y relacionado con Mecerreyes y sus gentes este mes. Se cumple un a\u00f1o de la llegada de V\u00edctor y Mar\u00eda Jes\u00fas a Mecerreyes como regentes del Bar la Villa, y queremos agradecer su trabajo y disponibilidad. El Bar cumple su funci\u00f3n social como punto [&hellip;]<\/p>\n","protected":false},"author":5,"featured_media":25773,"comment_status":"open","ping_status":"closed","sticky":false,"template":"","format":"standard","meta":{"_et_pb_use_builder":"","_et_pb_old_content":"","_et_gb_content_width":"835","footnotes":""},"categories":[1],"tags":[21,30],"class_list":["post-25764","post","type-post","status-publish","format-standard","has-post-thumbnail","hentry","category-general","tag-guiletos","tag-san-martin","et-has-post-format-content","et_post_format-et-post-format-standard"],"_links":{"self":[{"href":"https:\/\/www.mecerreyes.com\/mece\/index.php?rest_route=\/wp\/v2\/posts\/25764"}],"collection":[{"href":"https:\/\/www.mecerreyes.com\/mece\/index.php?rest_route=\/wp\/v2\/posts"}],"about":[{"href":"https:\/\/www.mecerreyes.com\/mece\/index.php?rest_route=\/wp\/v2\/types\/post"}],"author":[{"embeddable":true,"href":"https:\/\/www.mecerreyes.com\/mece\/index.php?rest_route=\/wp\/v2\/users\/5"}],"replies":[{"embeddable":true,"href":"https:\/\/www.mecerreyes.com\/mece\/index.php?rest_route=%2Fwp%2Fv2%2Fcomments&post=25764"}],"version-history":[{"count":12,"href":"https:\/\/www.mecerreyes.com\/mece\/index.php?rest_route=\/wp\/v2\/posts\/25764\/revisions"}],"predecessor-version":[{"id":25827,"href":"https:\/\/www.mecerreyes.com\/mece\/index.php?rest_route=\/wp\/v2\/posts\/25764\/revisions\/25827"}],"wp:featuredmedia":[{"embeddable":true,"href":"https:\/\/www.mecerreyes.com\/mece\/index.php?rest_route=\/wp\/v2\/media\/25773"}],"wp:attachment":[{"href":"https:\/\/www.mecerreyes.com\/mece\/index.php?rest_route=%2Fwp%2Fv2%2Fmedia&parent=25764"}],"wp:term":[{"taxonomy":"category","embeddable":true,"href":"https:\/\/www.mecerreyes.com\/mece\/index.php?rest_route=%2Fwp%2Fv2%2Fcategories&post=25764"},{"taxonomy":"post_tag","embeddable":true,"href":"https:\/\/www.mecerreyes.com\/mece\/index.php?rest_route=%2Fwp%2Fv2%2Ftags&post=25764"}],"curies":[{"name":"wp","href":"https:\/\/api.w.org\/{rel}","templated":true}]}}