{"id":26110,"date":"2025-03-12T21:51:10","date_gmt":"2025-03-12T20:51:10","guid":{"rendered":"https:\/\/www.mecerreyes.com\/mece\/?p=26110"},"modified":"2025-03-14T10:33:12","modified_gmt":"2025-03-14T09:33:12","slug":"noticias-febrero-2025","status":"publish","type":"post","link":"https:\/\/www.mecerreyes.com\/mece\/?p=26110","title":{"rendered":"Noticias FEBRERO 2025"},"content":{"rendered":"<p><strong>FEBRERO 2025<\/strong><\/p>\n\n\n\n<p>Fieles a la cita mensual os contamos lo acontecido en Mecerreyes en el mes de febrero, mes que se caracteriza por el ajetreo de recoger el Bel\u00e9n tradicional, y preparar las fiestas de invierno cuyo calendario al estar condicionado al <a  href=\"https:\/\/www.mecerreyes.com\/mece\/\">inicio<\/a> de la cuaresma se ha alargado hasta final de mes.<\/p>\n\n\n\n<p><br>Los hortelanos comienzan sus labores de preparaci\u00f3n del terreno, las parras y \u00e1rboles ya est\u00e1n podados, los encuentros diarios en el Bar la Villa son el aliciente para los vecinos que aguantan el duro invierno en el pueblo.<\/p>\n\n\n\n<p><br>Los amantes de la fotograf\u00eda recogieron instant\u00e1neas preciosas de la primera nevada del a\u00f1o.<\/p>\n\n\n\n<figure class=\"wp-block-gallery has-nested-images columns-default is-cropped wp-block-gallery-2 is-layout-flex wp-block-gallery-is-layout-flex\">\n<figure class=\"wp-block-image size-large\"><a  href=\"https:\/\/www.mecerreyes.com\/mece\/wp-content\/uploads\/2025\/03\/Mecerreyes-febrero-2024-6.jpeg\" class=\"thickbox no_icon\" title=\"\"><img loading=\"lazy\" decoding=\"async\" width=\"1024\" height=\"461\" data-id=\"26117\" src=\"https:\/\/www.mecerreyes.com\/mece\/wp-content\/uploads\/2025\/03\/Mecerreyes-febrero-2024-6-1024x461.jpeg\" alt=\"\" class=\"wp-image-26117\" srcset=\"https:\/\/www.mecerreyes.com\/mece\/wp-content\/uploads\/2025\/03\/Mecerreyes-febrero-2024-6-1024x461.jpeg 1024w, https:\/\/www.mecerreyes.com\/mece\/wp-content\/uploads\/2025\/03\/Mecerreyes-febrero-2024-6-300x135.jpeg 300w, https:\/\/www.mecerreyes.com\/mece\/wp-content\/uploads\/2025\/03\/Mecerreyes-febrero-2024-6-768x346.jpeg 768w, https:\/\/www.mecerreyes.com\/mece\/wp-content\/uploads\/2025\/03\/Mecerreyes-febrero-2024-6-1536x691.jpeg 1536w, https:\/\/www.mecerreyes.com\/mece\/wp-content\/uploads\/2025\/03\/Mecerreyes-febrero-2024-6-1080x486.jpeg 1080w, https:\/\/www.mecerreyes.com\/mece\/wp-content\/uploads\/2025\/03\/Mecerreyes-febrero-2024-6.jpeg 1600w\" sizes=\"(max-width: 1024px) 100vw, 1024px\" \/><\/a><\/figure>\n\n\n\n<figure class=\"wp-block-image size-large\"><a  href=\"https:\/\/www.mecerreyes.com\/mece\/wp-content\/uploads\/2025\/03\/Mecerreyes-febrero-2024-2.jpeg\" class=\"thickbox no_icon\" title=\"\"><img loading=\"lazy\" decoding=\"async\" width=\"1024\" height=\"461\" data-id=\"26122\" src=\"https:\/\/www.mecerreyes.com\/mece\/wp-content\/uploads\/2025\/03\/Mecerreyes-febrero-2024-2-1024x461.jpeg\" alt=\"\" class=\"wp-image-26122\" srcset=\"https:\/\/www.mecerreyes.com\/mece\/wp-content\/uploads\/2025\/03\/Mecerreyes-febrero-2024-2-1024x461.jpeg 1024w, https:\/\/www.mecerreyes.com\/mece\/wp-content\/uploads\/2025\/03\/Mecerreyes-febrero-2024-2-300x135.jpeg 300w, https:\/\/www.mecerreyes.com\/mece\/wp-content\/uploads\/2025\/03\/Mecerreyes-febrero-2024-2-768x346.jpeg 768w, https:\/\/www.mecerreyes.com\/mece\/wp-content\/uploads\/2025\/03\/Mecerreyes-febrero-2024-2-1536x691.jpeg 1536w, https:\/\/www.mecerreyes.com\/mece\/wp-content\/uploads\/2025\/03\/Mecerreyes-febrero-2024-2-1080x486.jpeg 1080w, https:\/\/www.mecerreyes.com\/mece\/wp-content\/uploads\/2025\/03\/Mecerreyes-febrero-2024-2.jpeg 1600w\" sizes=\"(max-width: 1024px) 100vw, 1024px\" \/><\/a><\/figure>\n\n\n\n<figure class=\"wp-block-image size-large\"><a  href=\"https:\/\/www.mecerreyes.com\/mece\/wp-content\/uploads\/2025\/03\/Mecerreyes-febrero-2024-3.jpg\" class=\"thickbox no_icon\" title=\"\"><img loading=\"lazy\" decoding=\"async\" width=\"1024\" height=\"504\" data-id=\"26120\" src=\"https:\/\/www.mecerreyes.com\/mece\/wp-content\/uploads\/2025\/03\/Mecerreyes-febrero-2024-3-1024x504.jpg\" alt=\"\" class=\"wp-image-26120\" srcset=\"https:\/\/www.mecerreyes.com\/mece\/wp-content\/uploads\/2025\/03\/Mecerreyes-febrero-2024-3-1024x504.jpg 1024w, https:\/\/www.mecerreyes.com\/mece\/wp-content\/uploads\/2025\/03\/Mecerreyes-febrero-2024-3-300x148.jpg 300w, https:\/\/www.mecerreyes.com\/mece\/wp-content\/uploads\/2025\/03\/Mecerreyes-febrero-2024-3-768x378.jpg 768w, https:\/\/www.mecerreyes.com\/mece\/wp-content\/uploads\/2025\/03\/Mecerreyes-febrero-2024-3-1536x756.jpg 1536w, https:\/\/www.mecerreyes.com\/mece\/wp-content\/uploads\/2025\/03\/Mecerreyes-febrero-2024-3-1080x532.jpg 1080w, https:\/\/www.mecerreyes.com\/mece\/wp-content\/uploads\/2025\/03\/Mecerreyes-febrero-2024-3.jpg 1828w\" sizes=\"(max-width: 1024px) 100vw, 1024px\" \/><\/a><\/figure>\n\n\n\n<figure class=\"wp-block-image size-large\"><a  href=\"https:\/\/www.mecerreyes.com\/mece\/wp-content\/uploads\/2025\/03\/Mecerreyes-febrero-2024-4.jpg\" class=\"thickbox no_icon\" title=\"\"><img loading=\"lazy\" decoding=\"async\" width=\"601\" height=\"1024\" data-id=\"26121\" src=\"https:\/\/www.mecerreyes.com\/mece\/wp-content\/uploads\/2025\/03\/Mecerreyes-febrero-2024-4-601x1024.jpg\" alt=\"\" class=\"wp-image-26121\" srcset=\"https:\/\/www.mecerreyes.com\/mece\/wp-content\/uploads\/2025\/03\/Mecerreyes-febrero-2024-4-601x1024.jpg 601w, https:\/\/www.mecerreyes.com\/mece\/wp-content\/uploads\/2025\/03\/Mecerreyes-febrero-2024-4-176x300.jpg 176w, https:\/\/www.mecerreyes.com\/mece\/wp-content\/uploads\/2025\/03\/Mecerreyes-febrero-2024-4-768x1308.jpg 768w, https:\/\/www.mecerreyes.com\/mece\/wp-content\/uploads\/2025\/03\/Mecerreyes-febrero-2024-4.jpg 896w\" sizes=\"(max-width: 601px) 100vw, 601px\" \/><\/a><\/figure>\n\n\n\n<figure class=\"wp-block-image size-large wp-duotone-unset-1\"><a  href=\"https:\/\/www.mecerreyes.com\/mece\/wp-content\/uploads\/2025\/03\/Mecerreyes-febrero-2024-5.jpeg\" class=\"thickbox no_icon\" title=\"\"><img loading=\"lazy\" decoding=\"async\" width=\"461\" height=\"1024\" data-id=\"26118\" src=\"https:\/\/www.mecerreyes.com\/mece\/wp-content\/uploads\/2025\/03\/Mecerreyes-febrero-2024-5-461x1024.jpeg\" alt=\"\" class=\"wp-image-26118\" srcset=\"https:\/\/www.mecerreyes.com\/mece\/wp-content\/uploads\/2025\/03\/Mecerreyes-febrero-2024-5-461x1024.jpeg 461w, https:\/\/www.mecerreyes.com\/mece\/wp-content\/uploads\/2025\/03\/Mecerreyes-febrero-2024-5-135x300.jpeg 135w, https:\/\/www.mecerreyes.com\/mece\/wp-content\/uploads\/2025\/03\/Mecerreyes-febrero-2024-5-691x1536.jpeg 691w, https:\/\/www.mecerreyes.com\/mece\/wp-content\/uploads\/2025\/03\/Mecerreyes-febrero-2024-5.jpeg 720w\" sizes=\"(max-width: 461px) 100vw, 461px\" \/><\/a><\/figure>\n<\/figure>\n\n\n\n<p>Da alegr\u00eda ver pasear a nuestras abuelas, acompa\u00f1arse a casa despu\u00e9s de su partida de cartas. <\/p>\n\n\n\n<figure class=\"wp-block-gallery has-nested-images columns-default is-cropped wp-block-gallery-3 is-layout-flex wp-block-gallery-is-layout-flex\">\n<figure class=\"wp-block-image size-large\"><a  href=\"https:\/\/www.mecerreyes.com\/mece\/wp-content\/uploads\/2025\/03\/Abuelas-Mecerreyes.jpg\" class=\"thickbox no_icon\" title=\"\"><img loading=\"lazy\" decoding=\"async\" width=\"1024\" height=\"580\" data-id=\"26141\" src=\"https:\/\/www.mecerreyes.com\/mece\/wp-content\/uploads\/2025\/03\/Abuelas-Mecerreyes-1024x580.jpg\" alt=\"\" class=\"wp-image-26141\" srcset=\"https:\/\/www.mecerreyes.com\/mece\/wp-content\/uploads\/2025\/03\/Abuelas-Mecerreyes-1024x580.jpg 1024w, https:\/\/www.mecerreyes.com\/mece\/wp-content\/uploads\/2025\/03\/Abuelas-Mecerreyes-300x170.jpg 300w, https:\/\/www.mecerreyes.com\/mece\/wp-content\/uploads\/2025\/03\/Abuelas-Mecerreyes-768x435.jpg 768w, https:\/\/www.mecerreyes.com\/mece\/wp-content\/uploads\/2025\/03\/Abuelas-Mecerreyes-1080x612.jpg 1080w, https:\/\/www.mecerreyes.com\/mece\/wp-content\/uploads\/2025\/03\/Abuelas-Mecerreyes.jpg 1323w\" sizes=\"(max-width: 1024px) 100vw, 1024px\" \/><\/a><\/figure>\n<\/figure>\n\n\n\n<p>Da alegr\u00eda ver participar a ni\u00f1os y j\u00f3venes en cuantas actividades de ayuda se les propone. <\/p>\n\n\n\n<figure class=\"wp-block-image size-large\"><a  href=\"https:\/\/www.mecerreyes.com\/mece\/wp-content\/uploads\/2025\/03\/Mecerreyes-recogida-de-tambaras-22-02-2025-2.jpg\" class=\"thickbox no_icon\" title=\"\"><img loading=\"lazy\" decoding=\"async\" width=\"1024\" height=\"748\" src=\"https:\/\/www.mecerreyes.com\/mece\/wp-content\/uploads\/2025\/03\/Mecerreyes-recogida-de-tambaras-22-02-2025-2-1024x748.jpg\" alt=\"\" class=\"wp-image-26126\" srcset=\"https:\/\/www.mecerreyes.com\/mece\/wp-content\/uploads\/2025\/03\/Mecerreyes-recogida-de-tambaras-22-02-2025-2-1024x748.jpg 1024w, https:\/\/www.mecerreyes.com\/mece\/wp-content\/uploads\/2025\/03\/Mecerreyes-recogida-de-tambaras-22-02-2025-2-300x219.jpg 300w, https:\/\/www.mecerreyes.com\/mece\/wp-content\/uploads\/2025\/03\/Mecerreyes-recogida-de-tambaras-22-02-2025-2-768x561.jpg 768w, https:\/\/www.mecerreyes.com\/mece\/wp-content\/uploads\/2025\/03\/Mecerreyes-recogida-de-tambaras-22-02-2025-2-1536x1122.jpg 1536w, https:\/\/www.mecerreyes.com\/mece\/wp-content\/uploads\/2025\/03\/Mecerreyes-recogida-de-tambaras-22-02-2025-2-1080x789.jpg 1080w, https:\/\/www.mecerreyes.com\/mece\/wp-content\/uploads\/2025\/03\/Mecerreyes-recogida-de-tambaras-22-02-2025-2.jpg 1600w\" sizes=\"(max-width: 1024px) 100vw, 1024px\" \/><\/a><\/figure>\n\n\n\n<p>Y con alegr\u00eda cerramos el mes entorno al fuego purificador de las hogueras, paliando el fr\u00edo de la noche con unas exquisitas sopas de ajo obsequio de las abuelas. <\/p>\n\n\n\n<figure class=\"wp-block-image size-large\"><a  href=\"https:\/\/www.mecerreyes.com\/mece\/wp-content\/uploads\/2025\/03\/Mecerreyes-Canto-de-las-Marzas-2025.jpeg\" class=\"thickbox no_icon\" title=\"\"><img loading=\"lazy\" decoding=\"async\" width=\"1024\" height=\"461\" src=\"https:\/\/www.mecerreyes.com\/mece\/wp-content\/uploads\/2025\/03\/Mecerreyes-Canto-de-las-Marzas-2025-1024x461.jpeg\" alt=\"\" class=\"wp-image-26127\" srcset=\"https:\/\/www.mecerreyes.com\/mece\/wp-content\/uploads\/2025\/03\/Mecerreyes-Canto-de-las-Marzas-2025-1024x461.jpeg 1024w, https:\/\/www.mecerreyes.com\/mece\/wp-content\/uploads\/2025\/03\/Mecerreyes-Canto-de-las-Marzas-2025-300x135.jpeg 300w, https:\/\/www.mecerreyes.com\/mece\/wp-content\/uploads\/2025\/03\/Mecerreyes-Canto-de-las-Marzas-2025-768x346.jpeg 768w, https:\/\/www.mecerreyes.com\/mece\/wp-content\/uploads\/2025\/03\/Mecerreyes-Canto-de-las-Marzas-2025-1536x691.jpeg 1536w, https:\/\/www.mecerreyes.com\/mece\/wp-content\/uploads\/2025\/03\/Mecerreyes-Canto-de-las-Marzas-2025-1080x486.jpeg 1080w, https:\/\/www.mecerreyes.com\/mece\/wp-content\/uploads\/2025\/03\/Mecerreyes-Canto-de-las-Marzas-2025.jpeg 1600w\" sizes=\"(max-width: 1024px) 100vw, 1024px\" \/><\/a><\/figure>\n\n\n\n<div style=\"height:68px\" aria-hidden=\"true\" class=\"wp-block-spacer\"><\/div>\n\n\n\n<p class=\"has-black-color has-luminous-vivid-amber-background-color has-text-color has-background has-link-color wp-elements-eca7d1fa4379cefc417588e8ca603715\" style=\"font-size:22px\"><strong>EFEM\u00c9RIDES<\/strong><\/p>\n\n\n\n<ul class=\"wp-block-list\">\n<li>El&nbsp;4, D\u00eda Mundial contra el C\u00e1ncer.<\/li>\n\n\n\n<li>El 11, D\u00eda Internacional de la Mujer y la Ni\u00f1a en el Ciencia.<\/li>\n\n\n\n<li>El&nbsp;14, D\u00eda del Amor y la Amistad.<\/li>\n\n\n\n<li>El&nbsp;15, D\u00eda Internacional del C\u00e1ncer Infantil.<\/li>\n\n\n\n<li>El&nbsp;18, D\u00eda Internacional del Asperger.<\/li>\n\n\n\n<li>El&nbsp;20, D\u00eda de la Justicia Social.<\/li>\n\n\n\n<li>El 28, D\u00eda Mundial de las Enfermedades Raras. <strong>Canto de <a  href=\"https:\/\/www.mecerreyes.com\/mece\/?page_id=47\">Las Marzas<\/a> en Mecerreyes.&nbsp;<\/strong><\/li>\n<\/ul>\n\n\n\n<figure class=\"wp-block-image size-full\"><a  href=\"http:\/\/www.mecerreyes.com\/mece\/wp-content\/uploads\/2025\/03\/Mecerreyes-febrero-2024-1.jpg\" class=\"thickbox no_icon\" title=\"\"><img loading=\"lazy\" decoding=\"async\" width=\"680\" height=\"894\" src=\"http:\/\/www.mecerreyes.com\/mece\/wp-content\/uploads\/2025\/03\/Mecerreyes-febrero-2024-1.jpg\" alt=\"\" class=\"wp-image-26119\" srcset=\"https:\/\/www.mecerreyes.com\/mece\/wp-content\/uploads\/2025\/03\/Mecerreyes-febrero-2024-1.jpg 680w, https:\/\/www.mecerreyes.com\/mece\/wp-content\/uploads\/2025\/03\/Mecerreyes-febrero-2024-1-228x300.jpg 228w\" sizes=\"(max-width: 680px) 100vw, 680px\" \/><\/a><\/figure>\n\n\n\n<div style=\"height:100px\" aria-hidden=\"true\" class=\"wp-block-spacer\"><\/div>\n\n\n\n<p class=\"has-black-color has-luminous-vivid-amber-background-color has-text-color has-background has-link-color wp-elements-1e21646cd296fbbf07be548e6be4ba0d\" style=\"font-size:22px\"><strong>DEFUNCIONES<\/strong><\/p>\n\n\n\n<p>Nos unimos en el dolor de las familias que este mes han perdido a sus seres queridos.<\/p>\n\n\n\n<p>Descansen en Paz.<\/p>\n\n\n\n<p><strong>D\u00f1a. MARIA CRUZ CUEVAS D\u00cdEZ,<\/strong> falleci\u00f3 en Burgos el 10 de febrero a los 74 a\u00f1os de edad, la tarde del d\u00eda 11 fue despedida en la Iglesia de Mecerreyes y llevada al cementerio local donde descansa junto a sus queridos padres. D.E.P. <\/p>\n\n\n\n<figure class=\"wp-block-image size-large\"><a  href=\"https:\/\/www.mecerreyes.com\/mece\/wp-content\/uploads\/2025\/03\/Esquela-Maria-Cruz-Cuevas-Diez.jpeg\" class=\"thickbox no_icon\" title=\"\"><img loading=\"lazy\" decoding=\"async\" width=\"1024\" height=\"773\" src=\"https:\/\/www.mecerreyes.com\/mece\/wp-content\/uploads\/2025\/03\/Esquela-Maria-Cruz-Cuevas-Diez-1024x773.jpeg\" alt=\"\" class=\"wp-image-26129\" srcset=\"https:\/\/www.mecerreyes.com\/mece\/wp-content\/uploads\/2025\/03\/Esquela-Maria-Cruz-Cuevas-Diez-1024x773.jpeg 1024w, https:\/\/www.mecerreyes.com\/mece\/wp-content\/uploads\/2025\/03\/Esquela-Maria-Cruz-Cuevas-Diez-300x226.jpeg 300w, https:\/\/www.mecerreyes.com\/mece\/wp-content\/uploads\/2025\/03\/Esquela-Maria-Cruz-Cuevas-Diez-768x580.jpeg 768w, https:\/\/www.mecerreyes.com\/mece\/wp-content\/uploads\/2025\/03\/Esquela-Maria-Cruz-Cuevas-Diez.jpeg 1080w\" sizes=\"(max-width: 1024px) 100vw, 1024px\" \/><\/a><\/figure>\n\n\n\n<div style=\"height:54px\" aria-hidden=\"true\" class=\"wp-block-spacer\"><\/div>\n\n\n\n<p><strong>D. EUSEBIO RODR\u00cdGUEZ ALONSO<\/strong>, falleci\u00f3 en Mendaro el 24 de febrero a los 88 a\u00f1os de edad. Despidieron su cuerpo en la intimidad familiar. Nuestras condolencias a la familia. D.E.P. <\/p>\n\n\n\n<figure class=\"wp-block-image size-large\"><a  href=\"https:\/\/www.mecerreyes.com\/mece\/wp-content\/uploads\/2025\/03\/Esquela-Eusebio-Rodriguez-Alonso.jpeg\" class=\"thickbox no_icon\" title=\"\"><img loading=\"lazy\" decoding=\"async\" width=\"1024\" height=\"715\" src=\"https:\/\/www.mecerreyes.com\/mece\/wp-content\/uploads\/2025\/03\/Esquela-Eusebio-Rodriguez-Alonso-1024x715.jpeg\" alt=\"\" class=\"wp-image-26130\" srcset=\"https:\/\/www.mecerreyes.com\/mece\/wp-content\/uploads\/2025\/03\/Esquela-Eusebio-Rodriguez-Alonso-1024x715.jpeg 1024w, https:\/\/www.mecerreyes.com\/mece\/wp-content\/uploads\/2025\/03\/Esquela-Eusebio-Rodriguez-Alonso-300x210.jpeg 300w, https:\/\/www.mecerreyes.com\/mece\/wp-content\/uploads\/2025\/03\/Esquela-Eusebio-Rodriguez-Alonso-768x537.jpeg 768w, https:\/\/www.mecerreyes.com\/mece\/wp-content\/uploads\/2025\/03\/Esquela-Eusebio-Rodriguez-Alonso-1080x754.jpeg 1080w, https:\/\/www.mecerreyes.com\/mece\/wp-content\/uploads\/2025\/03\/Esquela-Eusebio-Rodriguez-Alonso.jpeg 1327w\" sizes=\"(max-width: 1024px) 100vw, 1024px\" \/><\/a><\/figure>\n\n\n\n<div style=\"height:84px\" aria-hidden=\"true\" class=\"wp-block-spacer\"><\/div>\n\n\n\n<p class=\"has-black-color has-luminous-vivid-amber-background-color has-text-color has-background has-link-color wp-elements-4d0e16893d92e44082431e4ea7c7a503\" style=\"font-size:22px\"><strong>HACE M\u00c1S DE UN SIGLO<\/strong><\/p>\n\n\n\n<p>Salvador Santamar\u00eda nos acerca una nueva entrega de noticias del ayer. Solicitudes de tres vecinos para ser declarados exentos de cumplir el servicio militar. <\/p>\n\n\n\n<p><\/p>\n\n\n\n<p class=\"has-text-color has-link-color wp-elements-dc0e1c163b8a667bada6020de84ccb34\" style=\"color:#3d2c83;font-style:italic;font-weight:400\">Volvemos una vez m\u00e1s a presentar acuerdos de la Diputaci\u00f3n Provincial. En este caso &nbsp;son acuerdos de tres d\u00edas diferentes , todos relacionados con el mismo caso: la solicitud de dos mozos para eximirse del servicio militar.<\/p>\n\n\n\n<p class=\"has-text-color has-link-color wp-elements-18e6601128c460f09b0a75fe607d2aa4\" style=\"color:#3d2c83;font-style:italic;font-weight:400\">Como ya hemos explicado en otros n\u00fameros, cada pueblo ten\u00eda que aportar un n\u00famero de soldados al ej\u00e9rcito, como servicio militar obligatorio. Estos soldados se extra\u00edan de entre todos los mozos del pueblo con la edad adecuada para ir al ej\u00e9rcito, mediante un sistema de sorteo. Pero una vez que te hab\u00eda tocado, cab\u00eda la posibilidad de eximirse<a><\/a> por alguna de las causas que la ley recog\u00eda. Entre otras ser hijo de padre impedido o mayor de 60 a\u00f1os y no llegar a unos ingresos m\u00ednimos.<\/p>\n\n\n\n<p class=\"has-text-color has-link-color wp-elements-e202382f159cc8effd8adc15b4b71f92\" style=\"color:#3d2c83;font-style:italic;font-weight:400\">Como la vida en el ej\u00e9rcito no era para nada apetecible, todo el que pod\u00eda intentaba librarse. Pero como cada pueblo ten\u00eda que presentar su cupo, el hecho de que un soldado se librara implicaba que otro mozo del pueblo deb\u00eda ir en su lugar, lo que hac\u00eda que en el <a  href=\"https:\/\/www.mecerreyes.com\/mece\/?page_id=24\">Ayuntamiento<\/a> (Donde&nbsp; se ten\u00eda que resolver el conflicto) hubiese intereses contrapuestos, que trataban de esquivar enviando el asunto a la Diputaci\u00f3n.<\/p>\n\n\n\n<p class=\"has-text-color has-link-color wp-elements-18c7d9c4e1cb25fe904ae152360b3c1e\" style=\"color:#3d2c83;font-style:italic;font-weight:400\">La Diputaci\u00f3n como se ver\u00e1, lo devolv\u00eda muchas veces al <a  href=\"https:\/\/www.mecerreyes.com\/mece\/?page_id=24\">Ayuntamiento<\/a> que al final ten\u00eda que resolver. Pero si no estaba conforme pod\u00eda revisar el caso.<\/p>\n\n\n\n<p class=\"has-text-color has-link-color wp-elements-f05e38d2598c863ef3a18ebe493aa7b1\" style=\"color:#3d2c83;font-style:italic;font-weight:400\">El caso que&nbsp; nos ocupa se trat\u00f3 en tres sesiones los d\u00edas 1 y 25 de febrero,&nbsp; y 16 de marzo de 1984.<\/p>\n\n\n\n<p class=\"has-text-color has-link-color wp-elements-1cef277cd51b374f78ad6c76899929ea\" style=\"color:#3d2c83;font-style:italic;font-weight:400\">En la primera se recibe el asunto del <a  href=\"https:\/\/www.mecerreyes.com\/mece\/?page_id=24\">Ayuntamiento<\/a> de Mecerreyes, de dos mozos que alegan ser hijos el uno de padre sexagenario y el otro de padre impedido. La Diputaci\u00f3n acuerda devolver el tema al <a  href=\"https:\/\/www.mecerreyes.com\/mece\/?page_id=24\">Ayuntamiento<\/a> y que falle de acuerdo a la ley. Si alguno no estuviera conforme con el fallo podr\u00e1 apelar a la Comisi\u00f3n.<\/p>\n\n\n\n<p class=\"has-text-color has-link-color wp-elements-fef7b9f93a9f58af62c9c502c02e6fa7\" style=\"color:#3d2c83;font-style:italic;font-weight:400\">En la segunda el <a  href=\"https:\/\/www.mecerreyes.com\/mece\/?page_id=24\">Ayuntamiento<\/a> contesta que les ha declarado exentos. No obstante la comisi\u00f3n acuerda revisar dichos fallos citando a los interesados con las justificaciones oportunas.<\/p>\n\n\n\n<p class=\"has-text-color has-link-color wp-elements-42476e4080015d1019a84c9e75f19c95\" style=\"color:#3d2c83;font-style:italic;font-weight:400\">En la tercera, la comisi\u00f3n resuelve que, estudiado el caso de uno de ellos&nbsp; y revisadas todas las justificaciones que presenta, acuerda declararle exento. El otro caso no lo vuelve a citar. Entiendo que no lo admite y deber\u00e1 ir al servicio militar, pues ya en la primera comisi\u00f3n deja entrever que no ha lugar el motivo que justificar\u00eda la exenci\u00f3n. (Considera al padre apto para el trabajo).<\/p>\n\n\n\n<p class=\"has-text-color has-link-color wp-elements-f5d3fd3b1bcf24dce3833e50974a38fb\" style=\"color:#3d2c83;font-style:italic;font-weight:400\">Para acabar , solo decir como curiosidad, que una de las personas citadas: Patricio Vicario fue uno de mis tatarabuelos siguiendo esta l\u00ednea geneal\u00f3gica: Patricio Vicario fue padre de Hermenegildo Vicario (Tambi\u00e9n citado), Hermenegildo Vicario fue padre de Petra Vicario, Petra Vicario fue la madre de Robustiano Santamaria que fue mi padre.<\/p>\n\n\n\n<p class=\"has-text-color has-link-color wp-elements-30ff88035bd0911013b47ef7a34d74d9\" style=\"color:#3d2c83;font-style:italic;font-weight:400\">Salvador Santamaria<\/p>\n\n\n\n<p class=\"has-text-color has-link-color wp-elements-cf14cbacc03425c460d18ec6ed65df39\" style=\"color:#880c26;font-size:13px;font-style:italic;font-weight:300\"><em>(Nota: todo lo escrito es solamente mi opini\u00f3n, que someto a la de cualquiera que tenga mejor conocimiento que yo sobre este tema)<\/em><\/p>\n\n\n\n<figure class=\"wp-block-gallery has-nested-images columns-default is-cropped wp-block-gallery-4 is-layout-flex wp-block-gallery-is-layout-flex\">\n<figure class=\"wp-block-image size-large\"><a  href=\"https:\/\/www.mecerreyes.com\/mece\/wp-content\/uploads\/2025\/03\/1874-servicio-militar-1.jpg\" class=\"thickbox no_icon\" title=\"\"><img loading=\"lazy\" decoding=\"async\" width=\"236\" height=\"366\" data-id=\"26114\" src=\"https:\/\/www.mecerreyes.com\/mece\/wp-content\/uploads\/2025\/03\/1874-servicio-militar-1.jpg\" alt=\"\" class=\"wp-image-26114\" srcset=\"https:\/\/www.mecerreyes.com\/mece\/wp-content\/uploads\/2025\/03\/1874-servicio-militar-1.jpg 236w, https:\/\/www.mecerreyes.com\/mece\/wp-content\/uploads\/2025\/03\/1874-servicio-militar-1-193x300.jpg 193w\" sizes=\"(max-width: 236px) 100vw, 236px\" \/><\/a><\/figure>\n\n\n\n<figure class=\"wp-block-image size-large\"><a  href=\"https:\/\/www.mecerreyes.com\/mece\/wp-content\/uploads\/2025\/03\/1874-servicio-militar-2.jpg\" class=\"thickbox no_icon\" title=\"\"><img loading=\"lazy\" decoding=\"async\" width=\"408\" height=\"420\" data-id=\"26113\" src=\"https:\/\/www.mecerreyes.com\/mece\/wp-content\/uploads\/2025\/03\/1874-servicio-militar-2.jpg\" alt=\"\" class=\"wp-image-26113\" srcset=\"https:\/\/www.mecerreyes.com\/mece\/wp-content\/uploads\/2025\/03\/1874-servicio-militar-2.jpg 408w, https:\/\/www.mecerreyes.com\/mece\/wp-content\/uploads\/2025\/03\/1874-servicio-militar-2-291x300.jpg 291w\" sizes=\"(max-width: 408px) 100vw, 408px\" \/><\/a><\/figure>\n\n\n\n<figure class=\"wp-block-image size-large\"><a  href=\"https:\/\/www.mecerreyes.com\/mece\/wp-content\/uploads\/2025\/03\/1874-servicio-militar-3.jpg\" class=\"thickbox no_icon\" title=\"\"><img loading=\"lazy\" decoding=\"async\" width=\"236\" height=\"497\" data-id=\"26115\" src=\"https:\/\/www.mecerreyes.com\/mece\/wp-content\/uploads\/2025\/03\/1874-servicio-militar-3.jpg\" alt=\"\" class=\"wp-image-26115\" srcset=\"https:\/\/www.mecerreyes.com\/mece\/wp-content\/uploads\/2025\/03\/1874-servicio-militar-3.jpg 236w, https:\/\/www.mecerreyes.com\/mece\/wp-content\/uploads\/2025\/03\/1874-servicio-militar-3-142x300.jpg 142w\" sizes=\"(max-width: 236px) 100vw, 236px\" \/><\/a><\/figure>\n<\/figure>\n\n\n\n<div style=\"height:100px\" aria-hidden=\"true\" class=\"wp-block-spacer\"><\/div>\n\n\n\n<p class=\"has-black-color has-luminous-vivid-amber-background-color has-text-color has-background has-link-color wp-elements-5c2a7dd1f9b7ee0c83132717beb82f86\" style=\"font-size:22px\"><strong>SERVICIO DE SALUD JOVEN DEL <a  href=\"https:\/\/www.mecerreyes.com\/mece\/?page_id=24\">AYUNTAMIENTO<\/a> DE BURGOS.<\/strong><\/p>\n\n\n\n<p>El pasado 13 de febrero el Servicio de Salud Joven del <a  href=\"https:\/\/www.mecerreyes.com\/mece\/?page_id=24\">Ayuntamiento<\/a> y la Facultad de Ciencias de la Salud de la Universidad de Burgos, presentaron la memoria pormenorizada del trabajo realizado por el equipo de psic\u00f3logos <strong>Iv\u00e1n Santamar\u00eda y Beatriz Mart\u00ednez<\/strong> en el \u00faltimo a\u00f1o.<\/p>\n\n\n\n<p>Servicio gratuito dirigido a j\u00f3venes entre 14 y 30 a\u00f1os con gran demanda y lista de espera. <\/p>\n\n\n\n<figure class=\"wp-block-image size-full\"><a  href=\"https:\/\/www.mecerreyes.com\/mece\/wp-content\/uploads\/2025\/03\/SERVICIO-DE-SALUD-JOVEN.jpg\" class=\"thickbox no_icon\" title=\"\"><img loading=\"lazy\" decoding=\"async\" width=\"756\" height=\"543\" src=\"https:\/\/www.mecerreyes.com\/mece\/wp-content\/uploads\/2025\/03\/SERVICIO-DE-SALUD-JOVEN.jpg\" alt=\"\" class=\"wp-image-26131\" srcset=\"https:\/\/www.mecerreyes.com\/mece\/wp-content\/uploads\/2025\/03\/SERVICIO-DE-SALUD-JOVEN.jpg 756w, https:\/\/www.mecerreyes.com\/mece\/wp-content\/uploads\/2025\/03\/SERVICIO-DE-SALUD-JOVEN-300x215.jpg 300w\" sizes=\"(max-width: 756px) 100vw, 756px\" \/><\/a><\/figure>\n\n\n\n<p><a  href=\"https:\/\/www.elcorreodeburgos.com\/burgos\/250213\/233636\/son-problemas-salud-mental-frecuentes-jovenes.html\" target=\"_blank\" rel=\"noreferrer noopener\">El Correo de Burgos &#8211; Problemas de salud mental<\/a><\/p>\n\n\n\n<p><a  href=\"https:\/\/www.diariodeburgos.es\/noticia\/z350b6b91-900e-63f4-590f50d09b72ac7e\/202502\/22-jovenes-a-la-espera-de-atencion-psicologica-en-burgos\" target=\"_blank\" rel=\"noreferrer noopener\">Diario de Burgos &#8211; J\u00f3venes a la espera de atenci\u00f3n psicol\u00f3gica<\/a><\/p>\n\n\n\n<p><a  href=\"https:\/\/www.burgosconecta.es\/burgos\/consultas-servicio-salud-joven-burgos-ansiedad-gestion-20250213175436-nt.html\" target=\"_blank\" rel=\"noreferrer noopener\">Burgos Conecta, Consultas Servicio salud joven<\/a><\/p>\n\n\n\n<figure class=\"wp-block-image size-full\"><a  href=\"https:\/\/www.mecerreyes.com\/mece\/wp-content\/uploads\/2025\/03\/Servicio-salud-Joven-Ayuntamiento-de-Burgos.jpg\" class=\"thickbox no_icon\" title=\"\"><img loading=\"lazy\" decoding=\"async\" width=\"709\" height=\"617\" src=\"https:\/\/www.mecerreyes.com\/mece\/wp-content\/uploads\/2025\/03\/Servicio-salud-Joven-Ayuntamiento-de-Burgos.jpg\" alt=\"\" class=\"wp-image-26142\" srcset=\"https:\/\/www.mecerreyes.com\/mece\/wp-content\/uploads\/2025\/03\/Servicio-salud-Joven-Ayuntamiento-de-Burgos.jpg 709w, https:\/\/www.mecerreyes.com\/mece\/wp-content\/uploads\/2025\/03\/Servicio-salud-Joven-Ayuntamiento-de-Burgos-300x261.jpg 300w\" sizes=\"(max-width: 709px) 100vw, 709px\" \/><\/a><\/figure>\n\n\n\n<div style=\"height:100px\" aria-hidden=\"true\" class=\"wp-block-spacer\"><\/div>\n\n\n\n<p class=\"has-black-color has-luminous-vivid-amber-background-color has-text-color has-background has-link-color wp-elements-f05b1acb82093f477ee82acb5e9e3539\" style=\"font-size:22px\"><strong>FIESTAS DE INVIERNO<\/strong><\/p>\n\n\n\n<p>La implicaci\u00f3n de las Instituciones por preservar y divulgar el patrimonio inmaterial de las localidades guardianes de la tradici\u00f3n, se ha traducido en la celebraci\u00f3n de varias jornadas en las que la Asociaci\u00f3n Cultural Mecerreyes ha sido invitada.<\/p>\n\n\n\n<p>En la 1\u00aa edici\u00f3n monogr\u00e1fica de <a  href=\"https:\/\/www.mecerreyes.com\/mece\/?page_id=47\">Las Marzas<\/a> que se celebr\u00f3 el 15 de febrero en el Real Monasterio de San Agust\u00edn, investigadores y <a  href=\"https:\/\/www.mecerreyes.com\/mece\/?page_id=265\">asociaciones<\/a> culturales pusieron en com\u00fan las particularidades de este rito en la comunidad C\u00e1ntabra y diferentes localidades de Castilla y Le\u00f3n. Los invitados debatieron las singularidades y adaptaciones a los tiempos de este rito en una mesa redonda.<\/p>\n\n\n\n<p><a  href=\"https:\/\/www.elcorreodeburgos.com\/burgos\/250210\/233561\/burgos-celebra-i-jornada-sobre-marzas.html\">El Correo de Burgos. Burgos celebra I Jornada sobre Marzas<\/a><\/p>\n\n\n\n<p><a  href=\"https:\/\/www.burgosconecta.es\/provincia\/diputacion\/diputacion-burgos-organiza-jornadas-divulgar-canto-marzas-20250210134246-nt.html\" target=\"_blank\" rel=\"noreferrer noopener\">Burgos Conecta. Diputaci\u00f3n Burgos organiza jornadas divulgar canto Marzas<\/a><\/p>\n\n\n\n<figure class=\"wp-block-image size-large\"><a  href=\"https:\/\/www.mecerreyes.com\/mece\/wp-content\/uploads\/2025\/03\/1a-Jornada-sobre-Las-Marzas-Burgos-15-febrero-2025.jpg\" class=\"thickbox no_icon\" title=\"\"><img loading=\"lazy\" decoding=\"async\" width=\"721\" height=\"1024\" src=\"https:\/\/www.mecerreyes.com\/mece\/wp-content\/uploads\/2025\/03\/1a-Jornada-sobre-Las-Marzas-Burgos-15-febrero-2025-721x1024.jpg\" alt=\"\" class=\"wp-image-26133\" srcset=\"https:\/\/www.mecerreyes.com\/mece\/wp-content\/uploads\/2025\/03\/1a-Jornada-sobre-Las-Marzas-Burgos-15-febrero-2025-721x1024.jpg 721w, https:\/\/www.mecerreyes.com\/mece\/wp-content\/uploads\/2025\/03\/1a-Jornada-sobre-Las-Marzas-Burgos-15-febrero-2025-211x300.jpg 211w, https:\/\/www.mecerreyes.com\/mece\/wp-content\/uploads\/2025\/03\/1a-Jornada-sobre-Las-Marzas-Burgos-15-febrero-2025-768x1091.jpg 768w, https:\/\/www.mecerreyes.com\/mece\/wp-content\/uploads\/2025\/03\/1a-Jornada-sobre-Las-Marzas-Burgos-15-febrero-2025.jpg 850w\" sizes=\"(max-width: 721px) 100vw, 721px\" \/><\/a><\/figure>\n\n\n\n<p>El ciclo de audiovisuales <strong>GUARDIANES DE LA TRADICI\u00d3N<\/strong> promovido por la Diputaci\u00f3n de Burgos ha contado este mes de febrero con la participaci\u00f3n de miembros y vecinos de Mecerreyes para arropar la presentaci\u00f3n de los <a  href=\"https:\/\/www.mecerreyes.com\/mece\/?page_id=18214\">v\u00eddeos<\/a> realizados por Alfonso D\u00edez Aus\u00edn.<\/p>\n\n\n\n<p>La Sala de Comisiones del Palacio Provincial de Burgos, as\u00ed como el <a  href=\"https:\/\/www.mecerreyes.com\/mece\/?page_id=24340\">museo del Carnaval<\/a> de Mecerreyes, han sido los lugares donde se ha visionado el video titulado <strong>\u201cDe Zarramacos y Gallos. El Carnaval Tradicional de Mecerreyes\u201d.<\/strong><\/p>\n\n\n\n<figure class=\"wp-block-gallery has-nested-images columns-default is-cropped wp-block-gallery-5 is-layout-flex wp-block-gallery-is-layout-flex\">\n<figure class=\"wp-block-image size-large\"><a  href=\"https:\/\/www.mecerreyes.com\/mece\/wp-content\/uploads\/2025\/03\/Mecerreyes-Audiovisual-De-Zarramacos-y-Gallos-El-Carnaval-Tradicional-en-Mecerreyes-b.jpg\" class=\"thickbox no_icon\" title=\"\"><img loading=\"lazy\" decoding=\"async\" width=\"703\" height=\"1024\" data-id=\"26135\" src=\"https:\/\/www.mecerreyes.com\/mece\/wp-content\/uploads\/2025\/03\/Mecerreyes-Audiovisual-De-Zarramacos-y-Gallos-El-Carnaval-Tradicional-en-Mecerreyes-b-703x1024.jpg\" alt=\"\" class=\"wp-image-26135\" srcset=\"https:\/\/www.mecerreyes.com\/mece\/wp-content\/uploads\/2025\/03\/Mecerreyes-Audiovisual-De-Zarramacos-y-Gallos-El-Carnaval-Tradicional-en-Mecerreyes-b-703x1024.jpg 703w, https:\/\/www.mecerreyes.com\/mece\/wp-content\/uploads\/2025\/03\/Mecerreyes-Audiovisual-De-Zarramacos-y-Gallos-El-Carnaval-Tradicional-en-Mecerreyes-b-206x300.jpg 206w, https:\/\/www.mecerreyes.com\/mece\/wp-content\/uploads\/2025\/03\/Mecerreyes-Audiovisual-De-Zarramacos-y-Gallos-El-Carnaval-Tradicional-en-Mecerreyes-b-768x1119.jpg 768w, https:\/\/www.mecerreyes.com\/mece\/wp-content\/uploads\/2025\/03\/Mecerreyes-Audiovisual-De-Zarramacos-y-Gallos-El-Carnaval-Tradicional-en-Mecerreyes-b-1054x1536.jpg 1054w, https:\/\/www.mecerreyes.com\/mece\/wp-content\/uploads\/2025\/03\/Mecerreyes-Audiovisual-De-Zarramacos-y-Gallos-El-Carnaval-Tradicional-en-Mecerreyes-b.jpg 1058w\" sizes=\"(max-width: 703px) 100vw, 703px\" \/><\/a><\/figure>\n\n\n\n<figure class=\"wp-block-image size-large\"><a  href=\"https:\/\/www.mecerreyes.com\/mece\/wp-content\/uploads\/2025\/03\/Mecerreyes-Audiovisual-De-Zarramacos-y-Gallos-El-Carnaval-Tradicional-en-Mecerreyes-a.jpg\" class=\"thickbox no_icon\" title=\"\"><img loading=\"lazy\" decoding=\"async\" width=\"721\" height=\"1024\" data-id=\"26134\" src=\"https:\/\/www.mecerreyes.com\/mece\/wp-content\/uploads\/2025\/03\/Mecerreyes-Audiovisual-De-Zarramacos-y-Gallos-El-Carnaval-Tradicional-en-Mecerreyes-a-721x1024.jpg\" alt=\"\" class=\"wp-image-26134\" srcset=\"https:\/\/www.mecerreyes.com\/mece\/wp-content\/uploads\/2025\/03\/Mecerreyes-Audiovisual-De-Zarramacos-y-Gallos-El-Carnaval-Tradicional-en-Mecerreyes-a-721x1024.jpg 721w, https:\/\/www.mecerreyes.com\/mece\/wp-content\/uploads\/2025\/03\/Mecerreyes-Audiovisual-De-Zarramacos-y-Gallos-El-Carnaval-Tradicional-en-Mecerreyes-a-211x300.jpg 211w, https:\/\/www.mecerreyes.com\/mece\/wp-content\/uploads\/2025\/03\/Mecerreyes-Audiovisual-De-Zarramacos-y-Gallos-El-Carnaval-Tradicional-en-Mecerreyes-a-768x1091.jpg 768w, https:\/\/www.mecerreyes.com\/mece\/wp-content\/uploads\/2025\/03\/Mecerreyes-Audiovisual-De-Zarramacos-y-Gallos-El-Carnaval-Tradicional-en-Mecerreyes-a-1081x1536.jpg 1081w, https:\/\/www.mecerreyes.com\/mece\/wp-content\/uploads\/2025\/03\/Mecerreyes-Audiovisual-De-Zarramacos-y-Gallos-El-Carnaval-Tradicional-en-Mecerreyes-a-1080x1534.jpg 1080w, https:\/\/www.mecerreyes.com\/mece\/wp-content\/uploads\/2025\/03\/Mecerreyes-Audiovisual-De-Zarramacos-y-Gallos-El-Carnaval-Tradicional-en-Mecerreyes-a.jpg 1134w\" sizes=\"(max-width: 721px) 100vw, 721px\" \/><\/a><\/figure>\n<\/figure>\n\n\n\n<p>Salones con aforo completo, dado el inter\u00e9s que el tema suscita.<\/p>\n\n\n\n<p>Al finalizar el visionado, tuvo lugar una mesa coloquio en la que miembros de la Asociaci\u00f3n Cultural y vecinos \u201cprotagonistas\u201d de dicho v\u00eddeo: (Ana Alonso, Pedro Luis Santamar\u00eda, Jos\u00e9 Luis Cuevas, Benito Mambrillas, Oscar Alonso y Ra\u00fal Gonz\u00e1lez) contestaron las preguntas de los presentes.<\/p>\n\n\n\n<figure class=\"wp-block-gallery has-nested-images columns-default is-cropped wp-block-gallery-6 is-layout-flex wp-block-gallery-is-layout-flex\">\n<figure class=\"wp-block-image size-large\"><a  href=\"https:\/\/www.mecerreyes.com\/mece\/wp-content\/uploads\/2025\/03\/Mecerreyes-Audiovisual-De-Zarramacos-y-Gallos-El-Carnaval-Tradicional-en-Mecerreyes-c.jpeg\" class=\"thickbox no_icon\" title=\"\"><img loading=\"lazy\" decoding=\"async\" width=\"1024\" height=\"461\" data-id=\"26137\" src=\"https:\/\/www.mecerreyes.com\/mece\/wp-content\/uploads\/2025\/03\/Mecerreyes-Audiovisual-De-Zarramacos-y-Gallos-El-Carnaval-Tradicional-en-Mecerreyes-c-1024x461.jpeg\" alt=\"\" class=\"wp-image-26137\" srcset=\"https:\/\/www.mecerreyes.com\/mece\/wp-content\/uploads\/2025\/03\/Mecerreyes-Audiovisual-De-Zarramacos-y-Gallos-El-Carnaval-Tradicional-en-Mecerreyes-c-1024x461.jpeg 1024w, https:\/\/www.mecerreyes.com\/mece\/wp-content\/uploads\/2025\/03\/Mecerreyes-Audiovisual-De-Zarramacos-y-Gallos-El-Carnaval-Tradicional-en-Mecerreyes-c-300x135.jpeg 300w, https:\/\/www.mecerreyes.com\/mece\/wp-content\/uploads\/2025\/03\/Mecerreyes-Audiovisual-De-Zarramacos-y-Gallos-El-Carnaval-Tradicional-en-Mecerreyes-c-768x346.jpeg 768w, https:\/\/www.mecerreyes.com\/mece\/wp-content\/uploads\/2025\/03\/Mecerreyes-Audiovisual-De-Zarramacos-y-Gallos-El-Carnaval-Tradicional-en-Mecerreyes-c-1536x691.jpeg 1536w, https:\/\/www.mecerreyes.com\/mece\/wp-content\/uploads\/2025\/03\/Mecerreyes-Audiovisual-De-Zarramacos-y-Gallos-El-Carnaval-Tradicional-en-Mecerreyes-c-1080x486.jpeg 1080w, https:\/\/www.mecerreyes.com\/mece\/wp-content\/uploads\/2025\/03\/Mecerreyes-Audiovisual-De-Zarramacos-y-Gallos-El-Carnaval-Tradicional-en-Mecerreyes-c.jpeg 1600w\" sizes=\"(max-width: 1024px) 100vw, 1024px\" \/><\/a><\/figure>\n\n\n\n<figure class=\"wp-block-image size-large\"><a  href=\"https:\/\/www.mecerreyes.com\/mece\/wp-content\/uploads\/2025\/03\/Mecerreyes-Audiovisual-De-Zarramacos-y-Gallos-El-Carnaval-Tradicional-en-Mecerreyes-d.jpeg\" class=\"thickbox no_icon\" title=\"\"><img loading=\"lazy\" decoding=\"async\" width=\"1024\" height=\"461\" data-id=\"26136\" src=\"https:\/\/www.mecerreyes.com\/mece\/wp-content\/uploads\/2025\/03\/Mecerreyes-Audiovisual-De-Zarramacos-y-Gallos-El-Carnaval-Tradicional-en-Mecerreyes-d-1024x461.jpeg\" alt=\"\" class=\"wp-image-26136\" srcset=\"https:\/\/www.mecerreyes.com\/mece\/wp-content\/uploads\/2025\/03\/Mecerreyes-Audiovisual-De-Zarramacos-y-Gallos-El-Carnaval-Tradicional-en-Mecerreyes-d-1024x461.jpeg 1024w, https:\/\/www.mecerreyes.com\/mece\/wp-content\/uploads\/2025\/03\/Mecerreyes-Audiovisual-De-Zarramacos-y-Gallos-El-Carnaval-Tradicional-en-Mecerreyes-d-300x135.jpeg 300w, https:\/\/www.mecerreyes.com\/mece\/wp-content\/uploads\/2025\/03\/Mecerreyes-Audiovisual-De-Zarramacos-y-Gallos-El-Carnaval-Tradicional-en-Mecerreyes-d-768x346.jpeg 768w, https:\/\/www.mecerreyes.com\/mece\/wp-content\/uploads\/2025\/03\/Mecerreyes-Audiovisual-De-Zarramacos-y-Gallos-El-Carnaval-Tradicional-en-Mecerreyes-d-1536x691.jpeg 1536w, https:\/\/www.mecerreyes.com\/mece\/wp-content\/uploads\/2025\/03\/Mecerreyes-Audiovisual-De-Zarramacos-y-Gallos-El-Carnaval-Tradicional-en-Mecerreyes-d-1080x486.jpeg 1080w, https:\/\/www.mecerreyes.com\/mece\/wp-content\/uploads\/2025\/03\/Mecerreyes-Audiovisual-De-Zarramacos-y-Gallos-El-Carnaval-Tradicional-en-Mecerreyes-d.jpeg 1640w\" sizes=\"(max-width: 1024px) 100vw, 1024px\" \/><\/a><\/figure>\n\n\n\n<figure class=\"wp-block-image size-large\"><a  href=\"https:\/\/www.mecerreyes.com\/mece\/wp-content\/uploads\/2025\/03\/Mecerreyes-Audiovisual-De-Zarramacos-y-Gallos-El-Carnaval-Tradicional-en-Mecerreyes-e.jpeg\" class=\"thickbox no_icon\" title=\"\"><img loading=\"lazy\" decoding=\"async\" width=\"1024\" height=\"461\" data-id=\"26145\" src=\"https:\/\/www.mecerreyes.com\/mece\/wp-content\/uploads\/2025\/03\/Mecerreyes-Audiovisual-De-Zarramacos-y-Gallos-El-Carnaval-Tradicional-en-Mecerreyes-e-1024x461.jpeg\" alt=\"\" class=\"wp-image-26145\" srcset=\"https:\/\/www.mecerreyes.com\/mece\/wp-content\/uploads\/2025\/03\/Mecerreyes-Audiovisual-De-Zarramacos-y-Gallos-El-Carnaval-Tradicional-en-Mecerreyes-e-1024x461.jpeg 1024w, https:\/\/www.mecerreyes.com\/mece\/wp-content\/uploads\/2025\/03\/Mecerreyes-Audiovisual-De-Zarramacos-y-Gallos-El-Carnaval-Tradicional-en-Mecerreyes-e-300x135.jpeg 300w, https:\/\/www.mecerreyes.com\/mece\/wp-content\/uploads\/2025\/03\/Mecerreyes-Audiovisual-De-Zarramacos-y-Gallos-El-Carnaval-Tradicional-en-Mecerreyes-e-768x346.jpeg 768w, https:\/\/www.mecerreyes.com\/mece\/wp-content\/uploads\/2025\/03\/Mecerreyes-Audiovisual-De-Zarramacos-y-Gallos-El-Carnaval-Tradicional-en-Mecerreyes-e-1536x691.jpeg 1536w, https:\/\/www.mecerreyes.com\/mece\/wp-content\/uploads\/2025\/03\/Mecerreyes-Audiovisual-De-Zarramacos-y-Gallos-El-Carnaval-Tradicional-en-Mecerreyes-e-1080x486.jpeg 1080w, https:\/\/www.mecerreyes.com\/mece\/wp-content\/uploads\/2025\/03\/Mecerreyes-Audiovisual-De-Zarramacos-y-Gallos-El-Carnaval-Tradicional-en-Mecerreyes-e.jpeg 2000w\" sizes=\"(max-width: 1024px) 100vw, 1024px\" \/><\/a><\/figure>\n<\/figure>\n\n\n\n<div style=\"height:64px\" aria-hidden=\"true\" class=\"wp-block-spacer\"><\/div>\n\n\n\n<figure class=\"wp-block-embed is-type-video is-provider-youtube wp-block-embed-youtube wp-embed-aspect-16-9 wp-has-aspect-ratio\"><div class=\"wp-block-embed__wrapper\">\n<iframe loading=\"lazy\" title=\"De Zarramacos y Gallos. El Carnaval Tradicional en Mecerreyes\" width=\"1080\" height=\"608\" src=\"https:\/\/www.youtube.com\/embed\/UsO8EBeNbco?feature=oembed\" frameborder=\"0\" allow=\"accelerometer; autoplay; clipboard-write; encrypted-media; gyroscope; picture-in-picture; web-share\" referrerpolicy=\"strict-origin-when-cross-origin\" allowfullscreen><\/iframe>\n<\/div><\/figure>\n\n\n\n<p>Los d\u00edas 5 y 8 de marzo se present\u00f3 el video \u201c<strong>Cantar con licencia. <a  href=\"https:\/\/www.mecerreyes.com\/mece\/?page_id=47\">Las Marzas<\/a> en Mecerreyes<\/strong>\u201d en el Sal\u00f3n de Comisiones del Palacio Provincial y en el <a  href=\"https:\/\/www.mecerreyes.com\/mece\/?page_id=24\">Ayuntamiento<\/a> de Mecerreyes respectivamente para disfrute de los asistentes.<\/p>\n\n\n\n<figure class=\"wp-block-gallery has-nested-images columns-default is-cropped wp-block-gallery-7 is-layout-flex wp-block-gallery-is-layout-flex\">\n<figure class=\"wp-block-image size-large\"><a  href=\"https:\/\/www.mecerreyes.com\/mece\/wp-content\/uploads\/2025\/03\/Mecerreyes-audiovisual-Cantar-con-Licencia-Las-Marzas-en-Mecerreyes-b.jpeg\" class=\"thickbox no_icon\" title=\"\"><img loading=\"lazy\" decoding=\"async\" width=\"724\" height=\"1024\" data-id=\"26143\" src=\"https:\/\/www.mecerreyes.com\/mece\/wp-content\/uploads\/2025\/03\/Mecerreyes-audiovisual-Cantar-con-Licencia-Las-Marzas-en-Mecerreyes-b-724x1024.jpeg\" alt=\"\" class=\"wp-image-26143\" srcset=\"https:\/\/www.mecerreyes.com\/mece\/wp-content\/uploads\/2025\/03\/Mecerreyes-audiovisual-Cantar-con-Licencia-Las-Marzas-en-Mecerreyes-b-724x1024.jpeg 724w, https:\/\/www.mecerreyes.com\/mece\/wp-content\/uploads\/2025\/03\/Mecerreyes-audiovisual-Cantar-con-Licencia-Las-Marzas-en-Mecerreyes-b-212x300.jpeg 212w, https:\/\/www.mecerreyes.com\/mece\/wp-content\/uploads\/2025\/03\/Mecerreyes-audiovisual-Cantar-con-Licencia-Las-Marzas-en-Mecerreyes-b-768x1087.jpeg 768w, https:\/\/www.mecerreyes.com\/mece\/wp-content\/uploads\/2025\/03\/Mecerreyes-audiovisual-Cantar-con-Licencia-Las-Marzas-en-Mecerreyes-b-1085x1536.jpeg 1085w, https:\/\/www.mecerreyes.com\/mece\/wp-content\/uploads\/2025\/03\/Mecerreyes-audiovisual-Cantar-con-Licencia-Las-Marzas-en-Mecerreyes-b-1080x1529.jpeg 1080w, https:\/\/www.mecerreyes.com\/mece\/wp-content\/uploads\/2025\/03\/Mecerreyes-audiovisual-Cantar-con-Licencia-Las-Marzas-en-Mecerreyes-b.jpeg 1447w\" sizes=\"(max-width: 724px) 100vw, 724px\" \/><\/a><\/figure>\n\n\n\n<figure class=\"wp-block-image size-large\"><a  href=\"https:\/\/www.mecerreyes.com\/mece\/wp-content\/uploads\/2025\/03\/Mecerreyes-audiovisual-Cantar-con-Licencia-Las-Marzas-en-Mecerreyes-a.jpeg\" class=\"thickbox no_icon\" title=\"\"><img loading=\"lazy\" decoding=\"async\" width=\"724\" height=\"1024\" data-id=\"26144\" src=\"https:\/\/www.mecerreyes.com\/mece\/wp-content\/uploads\/2025\/03\/Mecerreyes-audiovisual-Cantar-con-Licencia-Las-Marzas-en-Mecerreyes-a-724x1024.jpeg\" alt=\"\" class=\"wp-image-26144\" srcset=\"https:\/\/www.mecerreyes.com\/mece\/wp-content\/uploads\/2025\/03\/Mecerreyes-audiovisual-Cantar-con-Licencia-Las-Marzas-en-Mecerreyes-a-724x1024.jpeg 724w, https:\/\/www.mecerreyes.com\/mece\/wp-content\/uploads\/2025\/03\/Mecerreyes-audiovisual-Cantar-con-Licencia-Las-Marzas-en-Mecerreyes-a-212x300.jpeg 212w, https:\/\/www.mecerreyes.com\/mece\/wp-content\/uploads\/2025\/03\/Mecerreyes-audiovisual-Cantar-con-Licencia-Las-Marzas-en-Mecerreyes-a-768x1087.jpeg 768w, https:\/\/www.mecerreyes.com\/mece\/wp-content\/uploads\/2025\/03\/Mecerreyes-audiovisual-Cantar-con-Licencia-Las-Marzas-en-Mecerreyes-a-1085x1536.jpeg 1085w, https:\/\/www.mecerreyes.com\/mece\/wp-content\/uploads\/2025\/03\/Mecerreyes-audiovisual-Cantar-con-Licencia-Las-Marzas-en-Mecerreyes-a-1080x1529.jpeg 1080w, https:\/\/www.mecerreyes.com\/mece\/wp-content\/uploads\/2025\/03\/Mecerreyes-audiovisual-Cantar-con-Licencia-Las-Marzas-en-Mecerreyes-a.jpeg 1447w\" sizes=\"(max-width: 724px) 100vw, 724px\" \/><\/a><\/figure>\n<\/figure>\n\n\n\n<p>Gracias a los T\u00e9cnicos de la Diputaci\u00f3n Provincial por estos dos trabajos que quedar\u00e1n como archivo de las tradiciones guiletas para la posteridad. \u00a0<\/p>\n\n\n\n<p>Sin duda, el apoyo desde Diputaci\u00f3n Provincial y la publicaci\u00f3n en prensa, han ayudado a que la edici\u00f3n 2025 de las cada vez m\u00e1s conocidas fiestas de invierno guiletas haya sido todo un \u00e9xito.<\/p>\n\n\n\n<figure class=\"wp-block-gallery has-nested-images columns-default is-cropped wp-block-gallery-8 is-layout-flex wp-block-gallery-is-layout-flex\">\n<figure class=\"wp-block-image size-large\"><a  href=\"https:\/\/www.mecerreyes.com\/mece\/wp-content\/uploads\/2025\/03\/Mecerreyes-audiovisual-Cantar-con-Licencia-Las-Marzas-en-Mecerreyes-e.jpeg\" class=\"thickbox no_icon\" title=\"\"><img loading=\"lazy\" decoding=\"async\" width=\"1024\" height=\"768\" data-id=\"26148\" src=\"https:\/\/www.mecerreyes.com\/mece\/wp-content\/uploads\/2025\/03\/Mecerreyes-audiovisual-Cantar-con-Licencia-Las-Marzas-en-Mecerreyes-e-1024x768.jpeg\" alt=\"\" class=\"wp-image-26148\" srcset=\"https:\/\/www.mecerreyes.com\/mece\/wp-content\/uploads\/2025\/03\/Mecerreyes-audiovisual-Cantar-con-Licencia-Las-Marzas-en-Mecerreyes-e-1024x768.jpeg 1024w, https:\/\/www.mecerreyes.com\/mece\/wp-content\/uploads\/2025\/03\/Mecerreyes-audiovisual-Cantar-con-Licencia-Las-Marzas-en-Mecerreyes-e-300x225.jpeg 300w, https:\/\/www.mecerreyes.com\/mece\/wp-content\/uploads\/2025\/03\/Mecerreyes-audiovisual-Cantar-con-Licencia-Las-Marzas-en-Mecerreyes-e-768x576.jpeg 768w, https:\/\/www.mecerreyes.com\/mece\/wp-content\/uploads\/2025\/03\/Mecerreyes-audiovisual-Cantar-con-Licencia-Las-Marzas-en-Mecerreyes-e-1536x1152.jpeg 1536w, https:\/\/www.mecerreyes.com\/mece\/wp-content\/uploads\/2025\/03\/Mecerreyes-audiovisual-Cantar-con-Licencia-Las-Marzas-en-Mecerreyes-e-1080x810.jpeg 1080w, https:\/\/www.mecerreyes.com\/mece\/wp-content\/uploads\/2025\/03\/Mecerreyes-audiovisual-Cantar-con-Licencia-Las-Marzas-en-Mecerreyes-e.jpeg 1600w\" sizes=\"(max-width: 1024px) 100vw, 1024px\" \/><\/a><\/figure>\n\n\n\n<figure class=\"wp-block-image size-large\"><a  href=\"https:\/\/www.mecerreyes.com\/mece\/wp-content\/uploads\/2025\/03\/Mecerreyes-audiovisual-Cantar-con-Licencia-Las-Marzas-en-Mecerreyes-c.jpeg\" class=\"thickbox no_icon\" title=\"\"><img loading=\"lazy\" decoding=\"async\" width=\"1024\" height=\"461\" data-id=\"26149\" src=\"https:\/\/www.mecerreyes.com\/mece\/wp-content\/uploads\/2025\/03\/Mecerreyes-audiovisual-Cantar-con-Licencia-Las-Marzas-en-Mecerreyes-c-1024x461.jpeg\" alt=\"\" class=\"wp-image-26149\" srcset=\"https:\/\/www.mecerreyes.com\/mece\/wp-content\/uploads\/2025\/03\/Mecerreyes-audiovisual-Cantar-con-Licencia-Las-Marzas-en-Mecerreyes-c-1024x461.jpeg 1024w, https:\/\/www.mecerreyes.com\/mece\/wp-content\/uploads\/2025\/03\/Mecerreyes-audiovisual-Cantar-con-Licencia-Las-Marzas-en-Mecerreyes-c-300x135.jpeg 300w, https:\/\/www.mecerreyes.com\/mece\/wp-content\/uploads\/2025\/03\/Mecerreyes-audiovisual-Cantar-con-Licencia-Las-Marzas-en-Mecerreyes-c-768x346.jpeg 768w, https:\/\/www.mecerreyes.com\/mece\/wp-content\/uploads\/2025\/03\/Mecerreyes-audiovisual-Cantar-con-Licencia-Las-Marzas-en-Mecerreyes-c-1536x691.jpeg 1536w, https:\/\/www.mecerreyes.com\/mece\/wp-content\/uploads\/2025\/03\/Mecerreyes-audiovisual-Cantar-con-Licencia-Las-Marzas-en-Mecerreyes-c-1080x486.jpeg 1080w, https:\/\/www.mecerreyes.com\/mece\/wp-content\/uploads\/2025\/03\/Mecerreyes-audiovisual-Cantar-con-Licencia-Las-Marzas-en-Mecerreyes-c.jpeg 2000w\" sizes=\"(max-width: 1024px) 100vw, 1024px\" \/><\/a><\/figure>\n\n\n\n<figure class=\"wp-block-image size-large\"><a  href=\"https:\/\/www.mecerreyes.com\/mece\/wp-content\/uploads\/2025\/03\/Mecerreyes-audiovisual-Cantar-con-Licencia-Las-Marzas-en-Mecerreyes-d.jpeg\" class=\"thickbox no_icon\" title=\"\"><img loading=\"lazy\" decoding=\"async\" width=\"1024\" height=\"696\" data-id=\"26147\" src=\"https:\/\/www.mecerreyes.com\/mece\/wp-content\/uploads\/2025\/03\/Mecerreyes-audiovisual-Cantar-con-Licencia-Las-Marzas-en-Mecerreyes-d-1024x696.jpeg\" alt=\"\" class=\"wp-image-26147\" srcset=\"https:\/\/www.mecerreyes.com\/mece\/wp-content\/uploads\/2025\/03\/Mecerreyes-audiovisual-Cantar-con-Licencia-Las-Marzas-en-Mecerreyes-d-1024x696.jpeg 1024w, https:\/\/www.mecerreyes.com\/mece\/wp-content\/uploads\/2025\/03\/Mecerreyes-audiovisual-Cantar-con-Licencia-Las-Marzas-en-Mecerreyes-d-300x204.jpeg 300w, https:\/\/www.mecerreyes.com\/mece\/wp-content\/uploads\/2025\/03\/Mecerreyes-audiovisual-Cantar-con-Licencia-Las-Marzas-en-Mecerreyes-d-768x522.jpeg 768w, https:\/\/www.mecerreyes.com\/mece\/wp-content\/uploads\/2025\/03\/Mecerreyes-audiovisual-Cantar-con-Licencia-Las-Marzas-en-Mecerreyes-d.jpeg 1080w\" sizes=\"(max-width: 1024px) 100vw, 1024px\" \/><\/a><\/figure>\n<\/figure>\n\n\n\n<div style=\"height:54px\" aria-hidden=\"true\" class=\"wp-block-spacer\"><\/div>\n\n\n\n<figure class=\"wp-block-embed is-type-video is-provider-youtube wp-block-embed-youtube wp-embed-aspect-16-9 wp-has-aspect-ratio\"><div class=\"wp-block-embed__wrapper\">\n<iframe loading=\"lazy\" title=\"Cantar con licencia. Las Marzas en Mecerreyes\" width=\"1080\" height=\"608\" src=\"https:\/\/www.youtube.com\/embed\/NcdtSGOdkZ4?feature=oembed\" frameborder=\"0\" allow=\"accelerometer; autoplay; clipboard-write; encrypted-media; gyroscope; picture-in-picture; web-share\" referrerpolicy=\"strict-origin-when-cross-origin\" allowfullscreen><\/iframe>\n<\/div><\/figure>\n\n\n\n<div style=\"height:78px\" aria-hidden=\"true\" class=\"wp-block-spacer\"><\/div>\n\n\n\n<p class=\"has-black-color has-cyan-bluish-gray-background-color has-text-color has-background has-link-color has-medium-font-size wp-elements-f45b61d4f53089a895f19a7b0f085a90\"><strong><a  href=\"https:\/\/www.mecerreyes.com\/mece\/?page_id=47\">LAS MARZAS<\/a> EN MECERREYES<\/strong><\/p>\n\n\n\n<p>El s\u00e1bado 22 de febrero, un buen n\u00famero de personas pas\u00f3 el d\u00eda en el monte recogiendo las t\u00e1mbaras. Toda una experiencia para los m\u00e1s peque\u00f1os que sin duda disfrutaron de la actividad junto a los adultos.<\/p>\n\n\n\n<figure class=\"wp-block-gallery has-nested-images columns-default is-cropped wp-block-gallery-9 is-layout-flex wp-block-gallery-is-layout-flex\">\n<figure class=\"wp-block-image size-large\"><a  href=\"https:\/\/www.mecerreyes.com\/mece\/wp-content\/uploads\/2025\/03\/Mecerreyes-recogida-de-tambaras-22-02-2025-3.jpg\" class=\"thickbox no_icon\" title=\"\"><img loading=\"lazy\" decoding=\"async\" width=\"1024\" height=\"687\" data-id=\"26125\" src=\"https:\/\/www.mecerreyes.com\/mece\/wp-content\/uploads\/2025\/03\/Mecerreyes-recogida-de-tambaras-22-02-2025-3-1024x687.jpg\" alt=\"\" class=\"wp-image-26125\" srcset=\"https:\/\/www.mecerreyes.com\/mece\/wp-content\/uploads\/2025\/03\/Mecerreyes-recogida-de-tambaras-22-02-2025-3-1024x687.jpg 1024w, https:\/\/www.mecerreyes.com\/mece\/wp-content\/uploads\/2025\/03\/Mecerreyes-recogida-de-tambaras-22-02-2025-3-300x201.jpg 300w, https:\/\/www.mecerreyes.com\/mece\/wp-content\/uploads\/2025\/03\/Mecerreyes-recogida-de-tambaras-22-02-2025-3-768x515.jpg 768w, https:\/\/www.mecerreyes.com\/mece\/wp-content\/uploads\/2025\/03\/Mecerreyes-recogida-de-tambaras-22-02-2025-3-1536x1030.jpg 1536w, https:\/\/www.mecerreyes.com\/mece\/wp-content\/uploads\/2025\/03\/Mecerreyes-recogida-de-tambaras-22-02-2025-3-1080x724.jpg 1080w, https:\/\/www.mecerreyes.com\/mece\/wp-content\/uploads\/2025\/03\/Mecerreyes-recogida-de-tambaras-22-02-2025-3.jpg 1600w\" sizes=\"(max-width: 1024px) 100vw, 1024px\" \/><\/a><\/figure>\n\n\n\n<figure class=\"wp-block-image size-large\"><a  href=\"https:\/\/www.mecerreyes.com\/mece\/wp-content\/uploads\/2025\/03\/Mecerreyes-recogida-de-tambaras-22-02-2025-1.jpg\" class=\"thickbox no_icon\" title=\"\"><img loading=\"lazy\" decoding=\"async\" width=\"1024\" height=\"589\" data-id=\"26124\" src=\"https:\/\/www.mecerreyes.com\/mece\/wp-content\/uploads\/2025\/03\/Mecerreyes-recogida-de-tambaras-22-02-2025-1-1024x589.jpg\" alt=\"\" class=\"wp-image-26124\" srcset=\"https:\/\/www.mecerreyes.com\/mece\/wp-content\/uploads\/2025\/03\/Mecerreyes-recogida-de-tambaras-22-02-2025-1-1024x589.jpg 1024w, https:\/\/www.mecerreyes.com\/mece\/wp-content\/uploads\/2025\/03\/Mecerreyes-recogida-de-tambaras-22-02-2025-1-300x173.jpg 300w, https:\/\/www.mecerreyes.com\/mece\/wp-content\/uploads\/2025\/03\/Mecerreyes-recogida-de-tambaras-22-02-2025-1-768x442.jpg 768w, https:\/\/www.mecerreyes.com\/mece\/wp-content\/uploads\/2025\/03\/Mecerreyes-recogida-de-tambaras-22-02-2025-1-1536x883.jpg 1536w, https:\/\/www.mecerreyes.com\/mece\/wp-content\/uploads\/2025\/03\/Mecerreyes-recogida-de-tambaras-22-02-2025-1-1080x621.jpg 1080w, https:\/\/www.mecerreyes.com\/mece\/wp-content\/uploads\/2025\/03\/Mecerreyes-recogida-de-tambaras-22-02-2025-1.jpg 1600w\" sizes=\"(max-width: 1024px) 100vw, 1024px\" \/><\/a><\/figure>\n\n\n\n<figure class=\"wp-block-image size-large\"><a  href=\"https:\/\/www.mecerreyes.com\/mece\/wp-content\/uploads\/2025\/03\/Mecerreyes-recogida-de-tambaras-22-02-2025-4.jpg\" class=\"thickbox no_icon\" title=\"\"><img loading=\"lazy\" decoding=\"async\" width=\"1024\" height=\"767\" data-id=\"26123\" src=\"https:\/\/www.mecerreyes.com\/mece\/wp-content\/uploads\/2025\/03\/Mecerreyes-recogida-de-tambaras-22-02-2025-4-1024x767.jpg\" alt=\"\" class=\"wp-image-26123\" srcset=\"https:\/\/www.mecerreyes.com\/mece\/wp-content\/uploads\/2025\/03\/Mecerreyes-recogida-de-tambaras-22-02-2025-4-1024x767.jpg 1024w, https:\/\/www.mecerreyes.com\/mece\/wp-content\/uploads\/2025\/03\/Mecerreyes-recogida-de-tambaras-22-02-2025-4-300x225.jpg 300w, https:\/\/www.mecerreyes.com\/mece\/wp-content\/uploads\/2025\/03\/Mecerreyes-recogida-de-tambaras-22-02-2025-4-768x576.jpg 768w, https:\/\/www.mecerreyes.com\/mece\/wp-content\/uploads\/2025\/03\/Mecerreyes-recogida-de-tambaras-22-02-2025-4-1536x1151.jpg 1536w, https:\/\/www.mecerreyes.com\/mece\/wp-content\/uploads\/2025\/03\/Mecerreyes-recogida-de-tambaras-22-02-2025-4-1080x809.jpg 1080w, https:\/\/www.mecerreyes.com\/mece\/wp-content\/uploads\/2025\/03\/Mecerreyes-recogida-de-tambaras-22-02-2025-4.jpg 1560w\" sizes=\"(max-width: 1024px) 100vw, 1024px\" \/><\/a><\/figure>\n<\/figure>\n\n\n\n<p>Por la tarde, descargaron la le\u00f1a en sendos montones y dejaron la calzada preparada para que el viernes 28 estuviera ya todo preparado. <\/p>\n\n\n\n<p>El 28 de febrero lleg\u00f3 la gran noche, en la que dar la bienvenida al mes de marzo alrededor de las 4 hogueras y cumplir con el ancestral rito, reuni\u00f3 a muchos vecinos y visitantes pese al fr\u00edo. <\/p>\n\n\n\n<figure class=\"wp-block-gallery has-nested-images columns-default is-cropped wp-block-gallery-10 is-layout-flex wp-block-gallery-is-layout-flex\">\n<figure class=\"wp-block-image size-large\"><a  href=\"https:\/\/www.mecerreyes.com\/mece\/wp-content\/uploads\/2025\/03\/Mecerreyes-Canto-de-Las-Marzas-28-02-2025-3-scaled.jpg\" class=\"thickbox no_icon\" title=\"\"><img loading=\"lazy\" decoding=\"async\" width=\"1024\" height=\"461\" data-id=\"26154\" src=\"https:\/\/www.mecerreyes.com\/mece\/wp-content\/uploads\/2025\/03\/Mecerreyes-Canto-de-Las-Marzas-28-02-2025-3-1024x461.jpg\" alt=\"\" class=\"wp-image-26154\" srcset=\"https:\/\/www.mecerreyes.com\/mece\/wp-content\/uploads\/2025\/03\/Mecerreyes-Canto-de-Las-Marzas-28-02-2025-3-1024x461.jpg 1024w, https:\/\/www.mecerreyes.com\/mece\/wp-content\/uploads\/2025\/03\/Mecerreyes-Canto-de-Las-Marzas-28-02-2025-3-300x135.jpg 300w, https:\/\/www.mecerreyes.com\/mece\/wp-content\/uploads\/2025\/03\/Mecerreyes-Canto-de-Las-Marzas-28-02-2025-3-768x346.jpg 768w, https:\/\/www.mecerreyes.com\/mece\/wp-content\/uploads\/2025\/03\/Mecerreyes-Canto-de-Las-Marzas-28-02-2025-3-1536x691.jpg 1536w, https:\/\/www.mecerreyes.com\/mece\/wp-content\/uploads\/2025\/03\/Mecerreyes-Canto-de-Las-Marzas-28-02-2025-3-2048x922.jpg 2048w, https:\/\/www.mecerreyes.com\/mece\/wp-content\/uploads\/2025\/03\/Mecerreyes-Canto-de-Las-Marzas-28-02-2025-3-1080x486.jpg 1080w\" sizes=\"(max-width: 1024px) 100vw, 1024px\" \/><\/a><\/figure>\n\n\n\n<figure class=\"wp-block-image size-large\"><a  href=\"https:\/\/www.mecerreyes.com\/mece\/wp-content\/uploads\/2025\/03\/Mecerreyes-Canto-de-Las-Marzas-28-02-2025-4-scaled.jpg\" class=\"thickbox no_icon\" title=\"\"><img loading=\"lazy\" decoding=\"async\" width=\"1024\" height=\"461\" data-id=\"26155\" src=\"https:\/\/www.mecerreyes.com\/mece\/wp-content\/uploads\/2025\/03\/Mecerreyes-Canto-de-Las-Marzas-28-02-2025-4-1024x461.jpg\" alt=\"\" class=\"wp-image-26155\" srcset=\"https:\/\/www.mecerreyes.com\/mece\/wp-content\/uploads\/2025\/03\/Mecerreyes-Canto-de-Las-Marzas-28-02-2025-4-1024x461.jpg 1024w, https:\/\/www.mecerreyes.com\/mece\/wp-content\/uploads\/2025\/03\/Mecerreyes-Canto-de-Las-Marzas-28-02-2025-4-300x135.jpg 300w, https:\/\/www.mecerreyes.com\/mece\/wp-content\/uploads\/2025\/03\/Mecerreyes-Canto-de-Las-Marzas-28-02-2025-4-768x346.jpg 768w, https:\/\/www.mecerreyes.com\/mece\/wp-content\/uploads\/2025\/03\/Mecerreyes-Canto-de-Las-Marzas-28-02-2025-4-1536x691.jpg 1536w, https:\/\/www.mecerreyes.com\/mece\/wp-content\/uploads\/2025\/03\/Mecerreyes-Canto-de-Las-Marzas-28-02-2025-4-2048x922.jpg 2048w, https:\/\/www.mecerreyes.com\/mece\/wp-content\/uploads\/2025\/03\/Mecerreyes-Canto-de-Las-Marzas-28-02-2025-4-1080x486.jpg 1080w\" sizes=\"(max-width: 1024px) 100vw, 1024px\" \/><\/a><\/figure>\n\n\n\n<figure class=\"wp-block-image size-large\"><a  href=\"https:\/\/www.mecerreyes.com\/mece\/wp-content\/uploads\/2025\/03\/Mecerreyes-Canto-de-Las-Marzas-28-02-2025-1-scaled.jpg\" class=\"thickbox no_icon\" title=\"\"><img loading=\"lazy\" decoding=\"async\" width=\"1024\" height=\"461\" data-id=\"26156\" src=\"https:\/\/www.mecerreyes.com\/mece\/wp-content\/uploads\/2025\/03\/Mecerreyes-Canto-de-Las-Marzas-28-02-2025-1-1024x461.jpg\" alt=\"\" class=\"wp-image-26156\" srcset=\"https:\/\/www.mecerreyes.com\/mece\/wp-content\/uploads\/2025\/03\/Mecerreyes-Canto-de-Las-Marzas-28-02-2025-1-1024x461.jpg 1024w, https:\/\/www.mecerreyes.com\/mece\/wp-content\/uploads\/2025\/03\/Mecerreyes-Canto-de-Las-Marzas-28-02-2025-1-300x135.jpg 300w, https:\/\/www.mecerreyes.com\/mece\/wp-content\/uploads\/2025\/03\/Mecerreyes-Canto-de-Las-Marzas-28-02-2025-1-768x346.jpg 768w, https:\/\/www.mecerreyes.com\/mece\/wp-content\/uploads\/2025\/03\/Mecerreyes-Canto-de-Las-Marzas-28-02-2025-1-1536x691.jpg 1536w, https:\/\/www.mecerreyes.com\/mece\/wp-content\/uploads\/2025\/03\/Mecerreyes-Canto-de-Las-Marzas-28-02-2025-1-2048x922.jpg 2048w, https:\/\/www.mecerreyes.com\/mece\/wp-content\/uploads\/2025\/03\/Mecerreyes-Canto-de-Las-Marzas-28-02-2025-1-1080x486.jpg 1080w\" sizes=\"(max-width: 1024px) 100vw, 1024px\" \/><\/a><\/figure>\n\n\n\n<figure class=\"wp-block-image size-large\"><a  href=\"https:\/\/www.mecerreyes.com\/mece\/wp-content\/uploads\/2025\/03\/Mecerreyes-Canto-de-Las-Marzas-28-02-2025-2-scaled.jpg\" class=\"thickbox no_icon\" title=\"\"><img loading=\"lazy\" decoding=\"async\" width=\"1024\" height=\"461\" data-id=\"26157\" src=\"https:\/\/www.mecerreyes.com\/mece\/wp-content\/uploads\/2025\/03\/Mecerreyes-Canto-de-Las-Marzas-28-02-2025-2-1024x461.jpg\" alt=\"\" class=\"wp-image-26157\" srcset=\"https:\/\/www.mecerreyes.com\/mece\/wp-content\/uploads\/2025\/03\/Mecerreyes-Canto-de-Las-Marzas-28-02-2025-2-1024x461.jpg 1024w, https:\/\/www.mecerreyes.com\/mece\/wp-content\/uploads\/2025\/03\/Mecerreyes-Canto-de-Las-Marzas-28-02-2025-2-300x135.jpg 300w, https:\/\/www.mecerreyes.com\/mece\/wp-content\/uploads\/2025\/03\/Mecerreyes-Canto-de-Las-Marzas-28-02-2025-2-768x346.jpg 768w, https:\/\/www.mecerreyes.com\/mece\/wp-content\/uploads\/2025\/03\/Mecerreyes-Canto-de-Las-Marzas-28-02-2025-2-1536x691.jpg 1536w, https:\/\/www.mecerreyes.com\/mece\/wp-content\/uploads\/2025\/03\/Mecerreyes-Canto-de-Las-Marzas-28-02-2025-2-2048x922.jpg 2048w, https:\/\/www.mecerreyes.com\/mece\/wp-content\/uploads\/2025\/03\/Mecerreyes-Canto-de-Las-Marzas-28-02-2025-2-1080x486.jpg 1080w\" sizes=\"(max-width: 1024px) 100vw, 1024px\" \/><\/a><\/figure>\n<\/figure>\n\n\n\n<p>Al terminar de cantar las Coplas, las Abuelas nos obsequiaron con unas riqu\u00edsimas sopas de ajo bien calentitas. Muchas gracias<\/p>\n\n\n\n<p>Con el programa de actividades propuestas por AFTER PUNK &nbsp;MECERREYES-LOS PRIMOS DE SHEILA y los diferentes chamizos, los m\u00e1s j\u00f3venes dieron la bienvenida al mes de marzo. <\/p>\n\n\n\n<figure class=\"wp-block-gallery has-nested-images columns-default is-cropped wp-block-gallery-11 is-layout-flex wp-block-gallery-is-layout-flex\">\n<figure class=\"wp-block-image size-large\"><a  href=\"https:\/\/www.mecerreyes.com\/mece\/wp-content\/uploads\/2025\/03\/Mecerreyes-After-Marzas-y-Carnaval-2025-b.jpeg\" class=\"thickbox no_icon\" title=\"\"><img loading=\"lazy\" decoding=\"async\" width=\"768\" height=\"1024\" data-id=\"26152\" src=\"https:\/\/www.mecerreyes.com\/mece\/wp-content\/uploads\/2025\/03\/Mecerreyes-After-Marzas-y-Carnaval-2025-b-768x1024.jpeg\" alt=\"\" class=\"wp-image-26152\" srcset=\"https:\/\/www.mecerreyes.com\/mece\/wp-content\/uploads\/2025\/03\/Mecerreyes-After-Marzas-y-Carnaval-2025-b-768x1024.jpeg 768w, https:\/\/www.mecerreyes.com\/mece\/wp-content\/uploads\/2025\/03\/Mecerreyes-After-Marzas-y-Carnaval-2025-b-225x300.jpeg 225w, https:\/\/www.mecerreyes.com\/mece\/wp-content\/uploads\/2025\/03\/Mecerreyes-After-Marzas-y-Carnaval-2025-b.jpeg 960w\" sizes=\"(max-width: 768px) 100vw, 768px\" \/><\/a><\/figure>\n\n\n\n<figure class=\"wp-block-image size-large\"><a  href=\"https:\/\/www.mecerreyes.com\/mece\/wp-content\/uploads\/2025\/03\/Mecerreyes-After-Marzas-y-Carnaval-2025-a.jpeg\" class=\"thickbox no_icon\" title=\"\"><img loading=\"lazy\" decoding=\"async\" width=\"768\" height=\"1024\" data-id=\"26151\" src=\"https:\/\/www.mecerreyes.com\/mece\/wp-content\/uploads\/2025\/03\/Mecerreyes-After-Marzas-y-Carnaval-2025-a-768x1024.jpeg\" alt=\"\" class=\"wp-image-26151\" srcset=\"https:\/\/www.mecerreyes.com\/mece\/wp-content\/uploads\/2025\/03\/Mecerreyes-After-Marzas-y-Carnaval-2025-a-768x1024.jpeg 768w, https:\/\/www.mecerreyes.com\/mece\/wp-content\/uploads\/2025\/03\/Mecerreyes-After-Marzas-y-Carnaval-2025-a-225x300.jpeg 225w, https:\/\/www.mecerreyes.com\/mece\/wp-content\/uploads\/2025\/03\/Mecerreyes-After-Marzas-y-Carnaval-2025-a.jpeg 960w\" sizes=\"(max-width: 768px) 100vw, 768px\" \/><\/a><\/figure>\n<\/figure>\n\n\n\n<div style=\"height:100px\" aria-hidden=\"true\" class=\"wp-block-spacer\"><\/div>\n\n\n\n<p class=\"has-black-color has-cyan-bluish-gray-background-color has-text-color has-background has-link-color has-medium-font-size wp-elements-cbc8dc5d54ec2631363374e817ebec2f\"><strong>DOMINGO GORDO 02-03-2025<\/strong><\/p>\n\n\n\n<p>El domingo 2 de marzo fue un no parar entre aguinaldos, mascaradas y corrida del Gallo transcurri\u00f3 el Domingo Gordo.<\/p>\n\n\n\n<p>Nuevas m\u00e1scaras y mucha ilusi\u00f3n de los j\u00f3venes en portarlas.<\/p>\n\n\n\n<p><strong>Daniel Garc\u00eda Betete<\/strong> tuvo el honor de ser el Rey portador del Gallo, su padre se qued\u00f3 con la subasta del animal, nuevas incorporaciones como danzantes, un reconocimiento al trabajo de los zarramacos que sudaron en cada corrida.<\/p>\n\n\n\n<p>La degustaci\u00f3n de los dulces tradicionales y la m\u00fasica de rueda anim\u00f3 a los presentes que pese al fr\u00edo aguantaron hasta el final en la plaza.<\/p>\n\n\n\n<p>Destacar que esta bonita jornada termin\u00f3 sin incidentes y agradecer el respeto de fot\u00f3grafos y c\u00e1maras.<\/p>\n\n\n\n<p>Agradecer a cuantos hab\u00e9is compartido vuestra experiencia en redes, en prensa escrita y en tv. Os esperamos en la pr\u00f3xima edici\u00f3n.<\/p>\n\n\n\n<figure class=\"wp-block-gallery has-nested-images columns-default is-cropped wp-block-gallery-12 is-layout-flex wp-block-gallery-is-layout-flex\">\n<figure class=\"wp-block-image size-large\"><a  href=\"https:\/\/www.mecerreyes.com\/mece\/wp-content\/uploads\/2025\/03\/Aguinaldos-de-Carnaval-Mecerreyes-2025-4-scaled.jpg\" class=\"thickbox no_icon\" title=\"\"><img loading=\"lazy\" decoding=\"async\" width=\"1024\" height=\"768\" data-id=\"26165\" src=\"https:\/\/www.mecerreyes.com\/mece\/wp-content\/uploads\/2025\/03\/Aguinaldos-de-Carnaval-Mecerreyes-2025-4-1024x768.jpg\" alt=\"\" class=\"wp-image-26165\" srcset=\"https:\/\/www.mecerreyes.com\/mece\/wp-content\/uploads\/2025\/03\/Aguinaldos-de-Carnaval-Mecerreyes-2025-4-1024x768.jpg 1024w, https:\/\/www.mecerreyes.com\/mece\/wp-content\/uploads\/2025\/03\/Aguinaldos-de-Carnaval-Mecerreyes-2025-4-300x225.jpg 300w, https:\/\/www.mecerreyes.com\/mece\/wp-content\/uploads\/2025\/03\/Aguinaldos-de-Carnaval-Mecerreyes-2025-4-768x576.jpg 768w, https:\/\/www.mecerreyes.com\/mece\/wp-content\/uploads\/2025\/03\/Aguinaldos-de-Carnaval-Mecerreyes-2025-4-1536x1152.jpg 1536w, https:\/\/www.mecerreyes.com\/mece\/wp-content\/uploads\/2025\/03\/Aguinaldos-de-Carnaval-Mecerreyes-2025-4-2048x1536.jpg 2048w, https:\/\/www.mecerreyes.com\/mece\/wp-content\/uploads\/2025\/03\/Aguinaldos-de-Carnaval-Mecerreyes-2025-4-1080x810.jpg 1080w\" sizes=\"(max-width: 1024px) 100vw, 1024px\" \/><\/a><\/figure>\n\n\n\n<figure class=\"wp-block-image size-large\"><a  href=\"https:\/\/www.mecerreyes.com\/mece\/wp-content\/uploads\/2025\/03\/Mecerreyes-disfraces-o-zarramacadas-2-03-2025-3.jpg\" class=\"thickbox no_icon\" title=\"\"><img loading=\"lazy\" decoding=\"async\" width=\"1024\" height=\"768\" data-id=\"26184\" src=\"https:\/\/www.mecerreyes.com\/mece\/wp-content\/uploads\/2025\/03\/Mecerreyes-disfraces-o-zarramacadas-2-03-2025-3-1024x768.jpg\" alt=\"\" class=\"wp-image-26184\" srcset=\"https:\/\/www.mecerreyes.com\/mece\/wp-content\/uploads\/2025\/03\/Mecerreyes-disfraces-o-zarramacadas-2-03-2025-3-1024x768.jpg 1024w, https:\/\/www.mecerreyes.com\/mece\/wp-content\/uploads\/2025\/03\/Mecerreyes-disfraces-o-zarramacadas-2-03-2025-3-300x225.jpg 300w, https:\/\/www.mecerreyes.com\/mece\/wp-content\/uploads\/2025\/03\/Mecerreyes-disfraces-o-zarramacadas-2-03-2025-3-768x576.jpg 768w, https:\/\/www.mecerreyes.com\/mece\/wp-content\/uploads\/2025\/03\/Mecerreyes-disfraces-o-zarramacadas-2-03-2025-3-1080x810.jpg 1080w, https:\/\/www.mecerreyes.com\/mece\/wp-content\/uploads\/2025\/03\/Mecerreyes-disfraces-o-zarramacadas-2-03-2025-3.jpg 1417w\" sizes=\"(max-width: 1024px) 100vw, 1024px\" \/><\/a><\/figure>\n\n\n\n<figure class=\"wp-block-image size-large\"><a  href=\"https:\/\/www.mecerreyes.com\/mece\/wp-content\/uploads\/2025\/03\/Mecerreyes-disfraces-o-zarramacadas-2-03-2025-12.jpg\" class=\"thickbox no_icon\" title=\"\"><img loading=\"lazy\" decoding=\"async\" width=\"1024\" height=\"768\" data-id=\"26174\" src=\"https:\/\/www.mecerreyes.com\/mece\/wp-content\/uploads\/2025\/03\/Mecerreyes-disfraces-o-zarramacadas-2-03-2025-12-1024x768.jpg\" alt=\"\" class=\"wp-image-26174\" srcset=\"https:\/\/www.mecerreyes.com\/mece\/wp-content\/uploads\/2025\/03\/Mecerreyes-disfraces-o-zarramacadas-2-03-2025-12-1024x768.jpg 1024w, https:\/\/www.mecerreyes.com\/mece\/wp-content\/uploads\/2025\/03\/Mecerreyes-disfraces-o-zarramacadas-2-03-2025-12-300x225.jpg 300w, https:\/\/www.mecerreyes.com\/mece\/wp-content\/uploads\/2025\/03\/Mecerreyes-disfraces-o-zarramacadas-2-03-2025-12-768x576.jpg 768w, https:\/\/www.mecerreyes.com\/mece\/wp-content\/uploads\/2025\/03\/Mecerreyes-disfraces-o-zarramacadas-2-03-2025-12.jpg 1063w\" sizes=\"(max-width: 1024px) 100vw, 1024px\" \/><\/a><\/figure>\n\n\n\n<figure class=\"wp-block-image size-large\"><a  href=\"https:\/\/www.mecerreyes.com\/mece\/wp-content\/uploads\/2025\/03\/Mecerreyes-disfraces-o-zarramacadas-2-03-2025-18.jpg\" class=\"thickbox no_icon\" title=\"\"><img loading=\"lazy\" decoding=\"async\" width=\"768\" height=\"1024\" data-id=\"26182\" src=\"https:\/\/www.mecerreyes.com\/mece\/wp-content\/uploads\/2025\/03\/Mecerreyes-disfraces-o-zarramacadas-2-03-2025-18-768x1024.jpg\" alt=\"\" class=\"wp-image-26182\" srcset=\"https:\/\/www.mecerreyes.com\/mece\/wp-content\/uploads\/2025\/03\/Mecerreyes-disfraces-o-zarramacadas-2-03-2025-18-768x1024.jpg 768w, https:\/\/www.mecerreyes.com\/mece\/wp-content\/uploads\/2025\/03\/Mecerreyes-disfraces-o-zarramacadas-2-03-2025-18-225x300.jpg 225w, https:\/\/www.mecerreyes.com\/mece\/wp-content\/uploads\/2025\/03\/Mecerreyes-disfraces-o-zarramacadas-2-03-2025-18.jpg 1063w\" sizes=\"(max-width: 768px) 100vw, 768px\" \/><\/a><\/figure>\n\n\n\n<figure class=\"wp-block-image size-large\"><a  href=\"https:\/\/www.mecerreyes.com\/mece\/wp-content\/uploads\/2025\/03\/Mecerreyes-Corrida-del-Gallo-de-Carnaval-2-03-2025-14.jpg\" class=\"thickbox no_icon\" title=\"\"><img loading=\"lazy\" decoding=\"async\" width=\"1024\" height=\"768\" data-id=\"26202\" src=\"https:\/\/www.mecerreyes.com\/mece\/wp-content\/uploads\/2025\/03\/Mecerreyes-Corrida-del-Gallo-de-Carnaval-2-03-2025-14-1024x768.jpg\" alt=\"\" class=\"wp-image-26202\" srcset=\"https:\/\/www.mecerreyes.com\/mece\/wp-content\/uploads\/2025\/03\/Mecerreyes-Corrida-del-Gallo-de-Carnaval-2-03-2025-14-1024x768.jpg 1024w, https:\/\/www.mecerreyes.com\/mece\/wp-content\/uploads\/2025\/03\/Mecerreyes-Corrida-del-Gallo-de-Carnaval-2-03-2025-14-300x225.jpg 300w, https:\/\/www.mecerreyes.com\/mece\/wp-content\/uploads\/2025\/03\/Mecerreyes-Corrida-del-Gallo-de-Carnaval-2-03-2025-14-768x576.jpg 768w, https:\/\/www.mecerreyes.com\/mece\/wp-content\/uploads\/2025\/03\/Mecerreyes-Corrida-del-Gallo-de-Carnaval-2-03-2025-14.jpg 1063w\" sizes=\"(max-width: 1024px) 100vw, 1024px\" \/><\/a><\/figure>\n\n\n\n<figure class=\"wp-block-image size-large\"><a  href=\"https:\/\/www.mecerreyes.com\/mece\/wp-content\/uploads\/2025\/03\/Mecerreyes-Corrida-del-Gallo-de-Carnaval-2-03-2025-1.jpg\" class=\"thickbox no_icon\" title=\"\"><img loading=\"lazy\" decoding=\"async\" width=\"1024\" height=\"768\" data-id=\"26198\" src=\"https:\/\/www.mecerreyes.com\/mece\/wp-content\/uploads\/2025\/03\/Mecerreyes-Corrida-del-Gallo-de-Carnaval-2-03-2025-1-1024x768.jpg\" alt=\"\" class=\"wp-image-26198\" srcset=\"https:\/\/www.mecerreyes.com\/mece\/wp-content\/uploads\/2025\/03\/Mecerreyes-Corrida-del-Gallo-de-Carnaval-2-03-2025-1-1024x768.jpg 1024w, https:\/\/www.mecerreyes.com\/mece\/wp-content\/uploads\/2025\/03\/Mecerreyes-Corrida-del-Gallo-de-Carnaval-2-03-2025-1-300x225.jpg 300w, https:\/\/www.mecerreyes.com\/mece\/wp-content\/uploads\/2025\/03\/Mecerreyes-Corrida-del-Gallo-de-Carnaval-2-03-2025-1-768x576.jpg 768w, https:\/\/www.mecerreyes.com\/mece\/wp-content\/uploads\/2025\/03\/Mecerreyes-Corrida-del-Gallo-de-Carnaval-2-03-2025-1-1536x1152.jpg 1536w, https:\/\/www.mecerreyes.com\/mece\/wp-content\/uploads\/2025\/03\/Mecerreyes-Corrida-del-Gallo-de-Carnaval-2-03-2025-1-1080x810.jpg 1080w, https:\/\/www.mecerreyes.com\/mece\/wp-content\/uploads\/2025\/03\/Mecerreyes-Corrida-del-Gallo-de-Carnaval-2-03-2025-1.jpg 1772w\" sizes=\"(max-width: 1024px) 100vw, 1024px\" \/><\/a><\/figure>\n<\/figure>\n\n\n\n<div style=\"height:100px\" aria-hidden=\"true\" class=\"wp-block-spacer\"><\/div>\n\n\n\n<figure class=\"wp-block-embed is-type-video is-provider-youtube wp-block-embed-youtube wp-embed-aspect-16-9 wp-has-aspect-ratio\"><div class=\"wp-block-embed__wrapper\">\n<iframe loading=\"lazy\" title=\"El gallo de Carnaval, Mecerreyes 2025\" width=\"1080\" height=\"608\" src=\"https:\/\/www.youtube.com\/embed\/KkSIQC5ZqyQ?feature=oembed\" frameborder=\"0\" allow=\"accelerometer; autoplay; clipboard-write; encrypted-media; gyroscope; picture-in-picture; web-share\" referrerpolicy=\"strict-origin-when-cross-origin\" allowfullscreen><\/iframe>\n<\/div><\/figure>\n\n\n\n<p><\/p>\n\n\n\n<p><strong>Bonito mensaje de un Pintor que pas\u00f3 por Mecerreyes<\/strong>:<\/p>\n\n\n\n<figure class=\"wp-block-image size-large\"><a  href=\"https:\/\/www.mecerreyes.com\/mece\/wp-content\/uploads\/2025\/03\/WhatsApp-Image-2025-03-12-at-21.03.51.jpeg\" class=\"thickbox no_icon\" title=\"\"><img loading=\"lazy\" decoding=\"async\" width=\"733\" height=\"1024\" src=\"https:\/\/www.mecerreyes.com\/mece\/wp-content\/uploads\/2025\/03\/WhatsApp-Image-2025-03-12-at-21.03.51-733x1024.jpeg\" alt=\"\" class=\"wp-image-26160\" srcset=\"https:\/\/www.mecerreyes.com\/mece\/wp-content\/uploads\/2025\/03\/WhatsApp-Image-2025-03-12-at-21.03.51-733x1024.jpeg 733w, https:\/\/www.mecerreyes.com\/mece\/wp-content\/uploads\/2025\/03\/WhatsApp-Image-2025-03-12-at-21.03.51-215x300.jpeg 215w, https:\/\/www.mecerreyes.com\/mece\/wp-content\/uploads\/2025\/03\/WhatsApp-Image-2025-03-12-at-21.03.51-768x1073.jpeg 768w, https:\/\/www.mecerreyes.com\/mece\/wp-content\/uploads\/2025\/03\/WhatsApp-Image-2025-03-12-at-21.03.51-1099x1536.jpeg 1099w, https:\/\/www.mecerreyes.com\/mece\/wp-content\/uploads\/2025\/03\/WhatsApp-Image-2025-03-12-at-21.03.51-1080x1509.jpeg 1080w, https:\/\/www.mecerreyes.com\/mece\/wp-content\/uploads\/2025\/03\/WhatsApp-Image-2025-03-12-at-21.03.51.jpeg 1451w\" sizes=\"(max-width: 733px) 100vw, 733px\" \/><\/a><\/figure>\n\n\n\n<div style=\"height:100px\" aria-hidden=\"true\" class=\"wp-block-spacer\"><\/div>\n\n\n\n<p class=\"has-black-color has-luminous-vivid-amber-background-color has-text-color has-background has-link-color wp-elements-3ed89636adcf057509c02d49547e7124\" style=\"font-size:22px\"><strong>DULZARO EN MECERREYES<\/strong><\/p>\n\n\n\n<p>Nuestras mascaradas salieron de Mecerreyes hasta la capital de Burgos en el mes de octubre. La plaza de la Catedral como escenario privilegiado para celebrar el 55 aniversario de Danzas Justo del R\u00edo y colaborar en un acto solidario junto a artistas como Dulzaro y David Huerta. Oportunidad de oro para sumar amigos y compartir nuestras tradiciones.<\/p>\n\n\n\n<p>Es el caso de Dulzaro quien, para el videoclip de su \u00faltimo disco, ha utilizado dos de las mascaradas de Mecerreyes. Tendremos el honor de ver su actuaci\u00f3n en directo&nbsp; en nuestro pueblo el 9 de agosto. <\/p>\n\n\n\n<figure class=\"wp-block-embed is-type-video is-provider-youtube wp-block-embed-youtube wp-embed-aspect-16-9 wp-has-aspect-ratio\"><div class=\"wp-block-embed__wrapper\">\n<iframe loading=\"lazy\" title=\"DULZARO - Jota del Moreno (Videoclip Oficial)\" width=\"1080\" height=\"608\" src=\"https:\/\/www.youtube.com\/embed\/32NxdYO1G8k?feature=oembed\" frameborder=\"0\" allow=\"accelerometer; autoplay; clipboard-write; encrypted-media; gyroscope; picture-in-picture; web-share\" referrerpolicy=\"strict-origin-when-cross-origin\" allowfullscreen><\/iframe>\n<\/div><\/figure>\n\n\n\n<div class=\"wp-block-columns is-layout-flex wp-container-core-columns-is-layout-1 wp-block-columns-is-layout-flex\">\n<div class=\"wp-block-column is-layout-flow wp-block-column-is-layout-flow\" style=\"flex-basis:100%\">\n<figure class=\"wp-block-image size-large\"><a  href=\"https:\/\/www.mecerreyes.com\/mece\/wp-content\/uploads\/2025\/03\/Dulzaro-en-Mecerreyes-9-agosto-2025.jpeg\" class=\"thickbox no_icon\" title=\"\"><img loading=\"lazy\" decoding=\"async\" width=\"715\" height=\"1024\" src=\"https:\/\/www.mecerreyes.com\/mece\/wp-content\/uploads\/2025\/03\/Dulzaro-en-Mecerreyes-9-agosto-2025-715x1024.jpeg\" alt=\"\" class=\"wp-image-26150\" srcset=\"https:\/\/www.mecerreyes.com\/mece\/wp-content\/uploads\/2025\/03\/Dulzaro-en-Mecerreyes-9-agosto-2025-715x1024.jpeg 715w, https:\/\/www.mecerreyes.com\/mece\/wp-content\/uploads\/2025\/03\/Dulzaro-en-Mecerreyes-9-agosto-2025-210x300.jpeg 210w, https:\/\/www.mecerreyes.com\/mece\/wp-content\/uploads\/2025\/03\/Dulzaro-en-Mecerreyes-9-agosto-2025-768x1099.jpeg 768w, https:\/\/www.mecerreyes.com\/mece\/wp-content\/uploads\/2025\/03\/Dulzaro-en-Mecerreyes-9-agosto-2025-1073x1536.jpeg 1073w, https:\/\/www.mecerreyes.com\/mece\/wp-content\/uploads\/2025\/03\/Dulzaro-en-Mecerreyes-9-agosto-2025.jpeg 1080w\" sizes=\"(max-width: 715px) 100vw, 715px\" \/><\/a><\/figure>\n<\/div>\n<\/div>\n\n\n\n<p class=\"has-black-color has-luminous-vivid-amber-background-color has-text-color has-background has-link-color wp-elements-dd03ed1fd4b2d31017d25e5fe983df54\" style=\"font-size:22px\"><strong>REFRANERO<\/strong><\/p>\n\n\n\n<ul class=\"wp-block-list\">\n<li><em>En&nbsp;febrero&nbsp;mete obrero, que pan te comer\u00e1, pero buen trabajo te har\u00e1.<\/em><\/li>\n\n\n\n<li><em>Enero friolero, febrero ventolero, marzo airado, abril variado, mayo hermoso, junio fogoso, julio claro, agosto raro, septiembre extravagante, octubre abundante, noviembre llovedero y diciembre nevadero\u00bb.<\/em><\/li>\n<\/ul>\n\n\n\n<div style=\"height:81px\" aria-hidden=\"true\" class=\"wp-block-spacer\"><\/div>\n\n\n\n<p class=\"has-pale-cyan-blue-background-color has-background has-medium-font-size\"><strong>AGUINALDOS<\/strong><\/p>\n\n\n\n<figure class=\"wp-block-gallery has-nested-images columns-default is-cropped wp-block-gallery-13 is-layout-flex wp-block-gallery-is-layout-flex\">\n<figure class=\"wp-block-image size-large\"><a  href=\"https:\/\/www.mecerreyes.com\/mece\/wp-content\/uploads\/2025\/03\/Aguinaldos-de-Carnaval-Mecerreyes-2025-1.jpg\" class=\"thickbox no_icon\" title=\"\"><img loading=\"lazy\" decoding=\"async\" width=\"1024\" height=\"461\" data-id=\"26164\" src=\"https:\/\/www.mecerreyes.com\/mece\/wp-content\/uploads\/2025\/03\/Aguinaldos-de-Carnaval-Mecerreyes-2025-1-1024x461.jpg\" alt=\"\" class=\"wp-image-26164\" srcset=\"https:\/\/www.mecerreyes.com\/mece\/wp-content\/uploads\/2025\/03\/Aguinaldos-de-Carnaval-Mecerreyes-2025-1-1024x461.jpg 1024w, https:\/\/www.mecerreyes.com\/mece\/wp-content\/uploads\/2025\/03\/Aguinaldos-de-Carnaval-Mecerreyes-2025-1-300x135.jpg 300w, https:\/\/www.mecerreyes.com\/mece\/wp-content\/uploads\/2025\/03\/Aguinaldos-de-Carnaval-Mecerreyes-2025-1-768x345.jpg 768w, https:\/\/www.mecerreyes.com\/mece\/wp-content\/uploads\/2025\/03\/Aguinaldos-de-Carnaval-Mecerreyes-2025-1-1080x486.jpg 1080w, https:\/\/www.mecerreyes.com\/mece\/wp-content\/uploads\/2025\/03\/Aguinaldos-de-Carnaval-Mecerreyes-2025-1.jpg 1134w\" sizes=\"(max-width: 1024px) 100vw, 1024px\" \/><\/a><\/figure>\n\n\n\n<figure class=\"wp-block-image size-large\"><a  href=\"https:\/\/www.mecerreyes.com\/mece\/wp-content\/uploads\/2025\/03\/Aguinaldos-de-Carnaval-Mecerreyes-2025-2.jpg\" class=\"thickbox no_icon\" title=\"\"><img loading=\"lazy\" decoding=\"async\" width=\"1024\" height=\"545\" data-id=\"26162\" src=\"https:\/\/www.mecerreyes.com\/mece\/wp-content\/uploads\/2025\/03\/Aguinaldos-de-Carnaval-Mecerreyes-2025-2-1024x545.jpg\" alt=\"\" class=\"wp-image-26162\" srcset=\"https:\/\/www.mecerreyes.com\/mece\/wp-content\/uploads\/2025\/03\/Aguinaldos-de-Carnaval-Mecerreyes-2025-2-1024x545.jpg 1024w, https:\/\/www.mecerreyes.com\/mece\/wp-content\/uploads\/2025\/03\/Aguinaldos-de-Carnaval-Mecerreyes-2025-2-300x160.jpg 300w, https:\/\/www.mecerreyes.com\/mece\/wp-content\/uploads\/2025\/03\/Aguinaldos-de-Carnaval-Mecerreyes-2025-2-768x409.jpg 768w, https:\/\/www.mecerreyes.com\/mece\/wp-content\/uploads\/2025\/03\/Aguinaldos-de-Carnaval-Mecerreyes-2025-2-1536x817.jpg 1536w, https:\/\/www.mecerreyes.com\/mece\/wp-content\/uploads\/2025\/03\/Aguinaldos-de-Carnaval-Mecerreyes-2025-2-2048x1090.jpg 2048w, https:\/\/www.mecerreyes.com\/mece\/wp-content\/uploads\/2025\/03\/Aguinaldos-de-Carnaval-Mecerreyes-2025-2-1080x575.jpg 1080w\" sizes=\"(max-width: 1024px) 100vw, 1024px\" \/><\/a><\/figure>\n\n\n\n<figure class=\"wp-block-image size-large\"><a  href=\"https:\/\/www.mecerreyes.com\/mece\/wp-content\/uploads\/2025\/03\/Aguinaldos-de-Carnaval-Mecerreyes-2025-3.jpg\" class=\"thickbox no_icon\" title=\"\"><img loading=\"lazy\" decoding=\"async\" width=\"1024\" height=\"768\" data-id=\"26163\" src=\"https:\/\/www.mecerreyes.com\/mece\/wp-content\/uploads\/2025\/03\/Aguinaldos-de-Carnaval-Mecerreyes-2025-3-1024x768.jpg\" alt=\"\" class=\"wp-image-26163\" srcset=\"https:\/\/www.mecerreyes.com\/mece\/wp-content\/uploads\/2025\/03\/Aguinaldos-de-Carnaval-Mecerreyes-2025-3-1024x768.jpg 1024w, https:\/\/www.mecerreyes.com\/mece\/wp-content\/uploads\/2025\/03\/Aguinaldos-de-Carnaval-Mecerreyes-2025-3-300x225.jpg 300w, https:\/\/www.mecerreyes.com\/mece\/wp-content\/uploads\/2025\/03\/Aguinaldos-de-Carnaval-Mecerreyes-2025-3-768x576.jpg 768w, https:\/\/www.mecerreyes.com\/mece\/wp-content\/uploads\/2025\/03\/Aguinaldos-de-Carnaval-Mecerreyes-2025-3-1536x1152.jpg 1536w, https:\/\/www.mecerreyes.com\/mece\/wp-content\/uploads\/2025\/03\/Aguinaldos-de-Carnaval-Mecerreyes-2025-3-2048x1536.jpg 2048w, https:\/\/www.mecerreyes.com\/mece\/wp-content\/uploads\/2025\/03\/Aguinaldos-de-Carnaval-Mecerreyes-2025-3-1080x810.jpg 1080w\" sizes=\"(max-width: 1024px) 100vw, 1024px\" \/><\/a><\/figure>\n\n\n\n<figure class=\"wp-block-image size-large\"><a  href=\"https:\/\/www.mecerreyes.com\/mece\/wp-content\/uploads\/2025\/03\/Aguinaldos-de-Carnaval-Mecerreyes-2025-4-scaled.jpg\" class=\"thickbox no_icon\" title=\"\"><img loading=\"lazy\" decoding=\"async\" width=\"1024\" height=\"768\" data-id=\"26165\" src=\"https:\/\/www.mecerreyes.com\/mece\/wp-content\/uploads\/2025\/03\/Aguinaldos-de-Carnaval-Mecerreyes-2025-4-1024x768.jpg\" alt=\"\" class=\"wp-image-26165\" srcset=\"https:\/\/www.mecerreyes.com\/mece\/wp-content\/uploads\/2025\/03\/Aguinaldos-de-Carnaval-Mecerreyes-2025-4-1024x768.jpg 1024w, https:\/\/www.mecerreyes.com\/mece\/wp-content\/uploads\/2025\/03\/Aguinaldos-de-Carnaval-Mecerreyes-2025-4-300x225.jpg 300w, https:\/\/www.mecerreyes.com\/mece\/wp-content\/uploads\/2025\/03\/Aguinaldos-de-Carnaval-Mecerreyes-2025-4-768x576.jpg 768w, https:\/\/www.mecerreyes.com\/mece\/wp-content\/uploads\/2025\/03\/Aguinaldos-de-Carnaval-Mecerreyes-2025-4-1536x1152.jpg 1536w, https:\/\/www.mecerreyes.com\/mece\/wp-content\/uploads\/2025\/03\/Aguinaldos-de-Carnaval-Mecerreyes-2025-4-2048x1536.jpg 2048w, https:\/\/www.mecerreyes.com\/mece\/wp-content\/uploads\/2025\/03\/Aguinaldos-de-Carnaval-Mecerreyes-2025-4-1080x810.jpg 1080w\" sizes=\"(max-width: 1024px) 100vw, 1024px\" \/><\/a><\/figure>\n<\/figure>\n\n\n\n<p class=\"has-pale-cyan-blue-background-color has-background has-medium-font-size\"><strong>ZARRAMACADAS<\/strong><\/p>\n\n\n\n<figure class=\"wp-block-gallery has-nested-images columns-default is-cropped wp-block-gallery-14 is-layout-flex wp-block-gallery-is-layout-flex\">\n<figure class=\"wp-block-image size-large\"><a  href=\"https:\/\/www.mecerreyes.com\/mece\/wp-content\/uploads\/2025\/03\/Mecerreyes-disfraces-o-zarramacadas-2-03-2025-21.jpg\" class=\"thickbox no_icon\" title=\"\"><img loading=\"lazy\" decoding=\"async\" width=\"768\" height=\"1024\" data-id=\"26166\" src=\"https:\/\/www.mecerreyes.com\/mece\/wp-content\/uploads\/2025\/03\/Mecerreyes-disfraces-o-zarramacadas-2-03-2025-21-768x1024.jpg\" alt=\"\" class=\"wp-image-26166\" srcset=\"https:\/\/www.mecerreyes.com\/mece\/wp-content\/uploads\/2025\/03\/Mecerreyes-disfraces-o-zarramacadas-2-03-2025-21-768x1024.jpg 768w, https:\/\/www.mecerreyes.com\/mece\/wp-content\/uploads\/2025\/03\/Mecerreyes-disfraces-o-zarramacadas-2-03-2025-21-225x300.jpg 225w, https:\/\/www.mecerreyes.com\/mece\/wp-content\/uploads\/2025\/03\/Mecerreyes-disfraces-o-zarramacadas-2-03-2025-21-1152x1536.jpg 1152w, https:\/\/www.mecerreyes.com\/mece\/wp-content\/uploads\/2025\/03\/Mecerreyes-disfraces-o-zarramacadas-2-03-2025-21-1080x1441.jpg 1080w, https:\/\/www.mecerreyes.com\/mece\/wp-content\/uploads\/2025\/03\/Mecerreyes-disfraces-o-zarramacadas-2-03-2025-21.jpg 1417w\" sizes=\"(max-width: 768px) 100vw, 768px\" \/><\/a><\/figure>\n\n\n\n<figure class=\"wp-block-image size-large\"><a  href=\"https:\/\/www.mecerreyes.com\/mece\/wp-content\/uploads\/2025\/03\/Mecerreyes-disfraces-o-zarramacadas-2-03-2025-1.jpg\" class=\"thickbox no_icon\" title=\"\"><img loading=\"lazy\" decoding=\"async\" width=\"768\" height=\"1024\" data-id=\"26168\" src=\"https:\/\/www.mecerreyes.com\/mece\/wp-content\/uploads\/2025\/03\/Mecerreyes-disfraces-o-zarramacadas-2-03-2025-1-768x1024.jpg\" alt=\"\" class=\"wp-image-26168\" srcset=\"https:\/\/www.mecerreyes.com\/mece\/wp-content\/uploads\/2025\/03\/Mecerreyes-disfraces-o-zarramacadas-2-03-2025-1-768x1024.jpg 768w, https:\/\/www.mecerreyes.com\/mece\/wp-content\/uploads\/2025\/03\/Mecerreyes-disfraces-o-zarramacadas-2-03-2025-1-225x300.jpg 225w, https:\/\/www.mecerreyes.com\/mece\/wp-content\/uploads\/2025\/03\/Mecerreyes-disfraces-o-zarramacadas-2-03-2025-1-1152x1536.jpg 1152w, https:\/\/www.mecerreyes.com\/mece\/wp-content\/uploads\/2025\/03\/Mecerreyes-disfraces-o-zarramacadas-2-03-2025-1-1080x1441.jpg 1080w, https:\/\/www.mecerreyes.com\/mece\/wp-content\/uploads\/2025\/03\/Mecerreyes-disfraces-o-zarramacadas-2-03-2025-1.jpg 1417w\" sizes=\"(max-width: 768px) 100vw, 768px\" \/><\/a><\/figure>\n\n\n\n<figure class=\"wp-block-image size-large\"><a  href=\"https:\/\/www.mecerreyes.com\/mece\/wp-content\/uploads\/2025\/03\/Mecerreyes-disfraces-o-zarramacadas-2-03-2025-2-scaled.jpg\" class=\"thickbox no_icon\" title=\"\"><img loading=\"lazy\" decoding=\"async\" width=\"768\" height=\"1024\" data-id=\"26185\" src=\"https:\/\/www.mecerreyes.com\/mece\/wp-content\/uploads\/2025\/03\/Mecerreyes-disfraces-o-zarramacadas-2-03-2025-2-768x1024.jpg\" alt=\"\" class=\"wp-image-26185\" srcset=\"https:\/\/www.mecerreyes.com\/mece\/wp-content\/uploads\/2025\/03\/Mecerreyes-disfraces-o-zarramacadas-2-03-2025-2-768x1024.jpg 768w, https:\/\/www.mecerreyes.com\/mece\/wp-content\/uploads\/2025\/03\/Mecerreyes-disfraces-o-zarramacadas-2-03-2025-2-225x300.jpg 225w, https:\/\/www.mecerreyes.com\/mece\/wp-content\/uploads\/2025\/03\/Mecerreyes-disfraces-o-zarramacadas-2-03-2025-2-1152x1536.jpg 1152w, https:\/\/www.mecerreyes.com\/mece\/wp-content\/uploads\/2025\/03\/Mecerreyes-disfraces-o-zarramacadas-2-03-2025-2-1536x2048.jpg 1536w, https:\/\/www.mecerreyes.com\/mece\/wp-content\/uploads\/2025\/03\/Mecerreyes-disfraces-o-zarramacadas-2-03-2025-2-1080x1440.jpg 1080w, https:\/\/www.mecerreyes.com\/mece\/wp-content\/uploads\/2025\/03\/Mecerreyes-disfraces-o-zarramacadas-2-03-2025-2-scaled.jpg 1920w\" sizes=\"(max-width: 768px) 100vw, 768px\" \/><\/a><\/figure>\n\n\n\n<figure class=\"wp-block-image size-large\"><a  href=\"https:\/\/www.mecerreyes.com\/mece\/wp-content\/uploads\/2025\/03\/Mecerreyes-disfraces-o-zarramacadas-2-03-2025-3.jpg\" class=\"thickbox no_icon\" title=\"\"><img loading=\"lazy\" decoding=\"async\" width=\"1024\" height=\"768\" data-id=\"26184\" src=\"https:\/\/www.mecerreyes.com\/mece\/wp-content\/uploads\/2025\/03\/Mecerreyes-disfraces-o-zarramacadas-2-03-2025-3-1024x768.jpg\" alt=\"\" class=\"wp-image-26184\" srcset=\"https:\/\/www.mecerreyes.com\/mece\/wp-content\/uploads\/2025\/03\/Mecerreyes-disfraces-o-zarramacadas-2-03-2025-3-1024x768.jpg 1024w, https:\/\/www.mecerreyes.com\/mece\/wp-content\/uploads\/2025\/03\/Mecerreyes-disfraces-o-zarramacadas-2-03-2025-3-300x225.jpg 300w, https:\/\/www.mecerreyes.com\/mece\/wp-content\/uploads\/2025\/03\/Mecerreyes-disfraces-o-zarramacadas-2-03-2025-3-768x576.jpg 768w, https:\/\/www.mecerreyes.com\/mece\/wp-content\/uploads\/2025\/03\/Mecerreyes-disfraces-o-zarramacadas-2-03-2025-3-1080x810.jpg 1080w, https:\/\/www.mecerreyes.com\/mece\/wp-content\/uploads\/2025\/03\/Mecerreyes-disfraces-o-zarramacadas-2-03-2025-3.jpg 1417w\" sizes=\"(max-width: 1024px) 100vw, 1024px\" \/><\/a><\/figure>\n\n\n\n<figure class=\"wp-block-image size-large\"><a  href=\"https:\/\/www.mecerreyes.com\/mece\/wp-content\/uploads\/2025\/03\/Mecerreyes-disfraces-o-zarramacadas-2-03-2025-4.jpg\" class=\"thickbox no_icon\" title=\"\"><img loading=\"lazy\" decoding=\"async\" width=\"768\" height=\"1024\" data-id=\"26167\" src=\"https:\/\/www.mecerreyes.com\/mece\/wp-content\/uploads\/2025\/03\/Mecerreyes-disfraces-o-zarramacadas-2-03-2025-4-768x1024.jpg\" alt=\"\" class=\"wp-image-26167\" srcset=\"https:\/\/www.mecerreyes.com\/mece\/wp-content\/uploads\/2025\/03\/Mecerreyes-disfraces-o-zarramacadas-2-03-2025-4-768x1024.jpg 768w, https:\/\/www.mecerreyes.com\/mece\/wp-content\/uploads\/2025\/03\/Mecerreyes-disfraces-o-zarramacadas-2-03-2025-4-225x300.jpg 225w, https:\/\/www.mecerreyes.com\/mece\/wp-content\/uploads\/2025\/03\/Mecerreyes-disfraces-o-zarramacadas-2-03-2025-4-1152x1536.jpg 1152w, https:\/\/www.mecerreyes.com\/mece\/wp-content\/uploads\/2025\/03\/Mecerreyes-disfraces-o-zarramacadas-2-03-2025-4-1080x1441.jpg 1080w, https:\/\/www.mecerreyes.com\/mece\/wp-content\/uploads\/2025\/03\/Mecerreyes-disfraces-o-zarramacadas-2-03-2025-4.jpg 1417w\" sizes=\"(max-width: 768px) 100vw, 768px\" \/><\/a><\/figure>\n\n\n\n<figure class=\"wp-block-image size-large\"><a  href=\"https:\/\/www.mecerreyes.com\/mece\/wp-content\/uploads\/2025\/03\/Mecerreyes-disfraces-o-zarramacadas-2-03-2025-5-scaled.jpg\" class=\"thickbox no_icon\" title=\"\"><img loading=\"lazy\" decoding=\"async\" width=\"768\" height=\"1024\" data-id=\"26186\" src=\"https:\/\/www.mecerreyes.com\/mece\/wp-content\/uploads\/2025\/03\/Mecerreyes-disfraces-o-zarramacadas-2-03-2025-5-768x1024.jpg\" alt=\"\" class=\"wp-image-26186\" srcset=\"https:\/\/www.mecerreyes.com\/mece\/wp-content\/uploads\/2025\/03\/Mecerreyes-disfraces-o-zarramacadas-2-03-2025-5-768x1024.jpg 768w, https:\/\/www.mecerreyes.com\/mece\/wp-content\/uploads\/2025\/03\/Mecerreyes-disfraces-o-zarramacadas-2-03-2025-5-225x300.jpg 225w, https:\/\/www.mecerreyes.com\/mece\/wp-content\/uploads\/2025\/03\/Mecerreyes-disfraces-o-zarramacadas-2-03-2025-5-1152x1536.jpg 1152w, https:\/\/www.mecerreyes.com\/mece\/wp-content\/uploads\/2025\/03\/Mecerreyes-disfraces-o-zarramacadas-2-03-2025-5-1536x2048.jpg 1536w, https:\/\/www.mecerreyes.com\/mece\/wp-content\/uploads\/2025\/03\/Mecerreyes-disfraces-o-zarramacadas-2-03-2025-5-1080x1440.jpg 1080w, https:\/\/www.mecerreyes.com\/mece\/wp-content\/uploads\/2025\/03\/Mecerreyes-disfraces-o-zarramacadas-2-03-2025-5-scaled.jpg 1920w\" sizes=\"(max-width: 768px) 100vw, 768px\" \/><\/a><\/figure>\n\n\n\n<figure class=\"wp-block-image size-large\"><a  href=\"https:\/\/www.mecerreyes.com\/mece\/wp-content\/uploads\/2025\/03\/Mecerreyes-disfraces-o-zarramacadas-2-03-2025-6.jpg\" class=\"thickbox no_icon\" title=\"\"><img loading=\"lazy\" decoding=\"async\" width=\"768\" height=\"1024\" data-id=\"26171\" src=\"https:\/\/www.mecerreyes.com\/mece\/wp-content\/uploads\/2025\/03\/Mecerreyes-disfraces-o-zarramacadas-2-03-2025-6-768x1024.jpg\" alt=\"\" class=\"wp-image-26171\" srcset=\"https:\/\/www.mecerreyes.com\/mece\/wp-content\/uploads\/2025\/03\/Mecerreyes-disfraces-o-zarramacadas-2-03-2025-6-768x1024.jpg 768w, https:\/\/www.mecerreyes.com\/mece\/wp-content\/uploads\/2025\/03\/Mecerreyes-disfraces-o-zarramacadas-2-03-2025-6-225x300.jpg 225w, https:\/\/www.mecerreyes.com\/mece\/wp-content\/uploads\/2025\/03\/Mecerreyes-disfraces-o-zarramacadas-2-03-2025-6-1152x1536.jpg 1152w, https:\/\/www.mecerreyes.com\/mece\/wp-content\/uploads\/2025\/03\/Mecerreyes-disfraces-o-zarramacadas-2-03-2025-6-1080x1441.jpg 1080w, https:\/\/www.mecerreyes.com\/mece\/wp-content\/uploads\/2025\/03\/Mecerreyes-disfraces-o-zarramacadas-2-03-2025-6.jpg 1417w\" sizes=\"(max-width: 768px) 100vw, 768px\" \/><\/a><\/figure>\n\n\n\n<figure class=\"wp-block-image size-large\"><a  href=\"https:\/\/www.mecerreyes.com\/mece\/wp-content\/uploads\/2025\/03\/Mecerreyes-disfraces-o-zarramacadas-2-03-2025-7.jpg\" class=\"thickbox no_icon\" title=\"\"><img loading=\"lazy\" decoding=\"async\" width=\"768\" height=\"1024\" data-id=\"26177\" src=\"https:\/\/www.mecerreyes.com\/mece\/wp-content\/uploads\/2025\/03\/Mecerreyes-disfraces-o-zarramacadas-2-03-2025-7-768x1024.jpg\" alt=\"\" class=\"wp-image-26177\" srcset=\"https:\/\/www.mecerreyes.com\/mece\/wp-content\/uploads\/2025\/03\/Mecerreyes-disfraces-o-zarramacadas-2-03-2025-7-768x1024.jpg 768w, https:\/\/www.mecerreyes.com\/mece\/wp-content\/uploads\/2025\/03\/Mecerreyes-disfraces-o-zarramacadas-2-03-2025-7-225x300.jpg 225w, https:\/\/www.mecerreyes.com\/mece\/wp-content\/uploads\/2025\/03\/Mecerreyes-disfraces-o-zarramacadas-2-03-2025-7-1152x1536.jpg 1152w, https:\/\/www.mecerreyes.com\/mece\/wp-content\/uploads\/2025\/03\/Mecerreyes-disfraces-o-zarramacadas-2-03-2025-7-1080x1441.jpg 1080w, https:\/\/www.mecerreyes.com\/mece\/wp-content\/uploads\/2025\/03\/Mecerreyes-disfraces-o-zarramacadas-2-03-2025-7.jpg 1417w\" sizes=\"(max-width: 768px) 100vw, 768px\" \/><\/a><\/figure>\n\n\n\n<figure class=\"wp-block-image size-large\"><a  href=\"https:\/\/www.mecerreyes.com\/mece\/wp-content\/uploads\/2025\/03\/Mecerreyes-disfraces-o-zarramacadas-2-03-2025-8.jpg\" class=\"thickbox no_icon\" title=\"\"><img loading=\"lazy\" decoding=\"async\" width=\"768\" height=\"1024\" data-id=\"26180\" src=\"https:\/\/www.mecerreyes.com\/mece\/wp-content\/uploads\/2025\/03\/Mecerreyes-disfraces-o-zarramacadas-2-03-2025-8-768x1024.jpg\" alt=\"\" class=\"wp-image-26180\" srcset=\"https:\/\/www.mecerreyes.com\/mece\/wp-content\/uploads\/2025\/03\/Mecerreyes-disfraces-o-zarramacadas-2-03-2025-8-768x1024.jpg 768w, https:\/\/www.mecerreyes.com\/mece\/wp-content\/uploads\/2025\/03\/Mecerreyes-disfraces-o-zarramacadas-2-03-2025-8-225x300.jpg 225w, https:\/\/www.mecerreyes.com\/mece\/wp-content\/uploads\/2025\/03\/Mecerreyes-disfraces-o-zarramacadas-2-03-2025-8-1152x1536.jpg 1152w, https:\/\/www.mecerreyes.com\/mece\/wp-content\/uploads\/2025\/03\/Mecerreyes-disfraces-o-zarramacadas-2-03-2025-8-1536x2048.jpg 1536w, https:\/\/www.mecerreyes.com\/mece\/wp-content\/uploads\/2025\/03\/Mecerreyes-disfraces-o-zarramacadas-2-03-2025-8-1080x1440.jpg 1080w, https:\/\/www.mecerreyes.com\/mece\/wp-content\/uploads\/2025\/03\/Mecerreyes-disfraces-o-zarramacadas-2-03-2025-8.jpg 1772w\" sizes=\"(max-width: 768px) 100vw, 768px\" \/><\/a><\/figure>\n\n\n\n<figure class=\"wp-block-image size-large\"><a  href=\"https:\/\/www.mecerreyes.com\/mece\/wp-content\/uploads\/2025\/03\/Mecerreyes-disfraces-o-zarramacadas-2-03-2025-9.jpg\" class=\"thickbox no_icon\" title=\"\"><img loading=\"lazy\" decoding=\"async\" width=\"1024\" height=\"768\" data-id=\"26178\" src=\"https:\/\/www.mecerreyes.com\/mece\/wp-content\/uploads\/2025\/03\/Mecerreyes-disfraces-o-zarramacadas-2-03-2025-9-1024x768.jpg\" alt=\"\" class=\"wp-image-26178\" srcset=\"https:\/\/www.mecerreyes.com\/mece\/wp-content\/uploads\/2025\/03\/Mecerreyes-disfraces-o-zarramacadas-2-03-2025-9-1024x768.jpg 1024w, https:\/\/www.mecerreyes.com\/mece\/wp-content\/uploads\/2025\/03\/Mecerreyes-disfraces-o-zarramacadas-2-03-2025-9-300x225.jpg 300w, https:\/\/www.mecerreyes.com\/mece\/wp-content\/uploads\/2025\/03\/Mecerreyes-disfraces-o-zarramacadas-2-03-2025-9-768x576.jpg 768w, https:\/\/www.mecerreyes.com\/mece\/wp-content\/uploads\/2025\/03\/Mecerreyes-disfraces-o-zarramacadas-2-03-2025-9-1536x1152.jpg 1536w, https:\/\/www.mecerreyes.com\/mece\/wp-content\/uploads\/2025\/03\/Mecerreyes-disfraces-o-zarramacadas-2-03-2025-9-1080x810.jpg 1080w, https:\/\/www.mecerreyes.com\/mece\/wp-content\/uploads\/2025\/03\/Mecerreyes-disfraces-o-zarramacadas-2-03-2025-9.jpg 1772w\" sizes=\"(max-width: 1024px) 100vw, 1024px\" \/><\/a><\/figure>\n\n\n\n<figure class=\"wp-block-image size-large\"><a  href=\"https:\/\/www.mecerreyes.com\/mece\/wp-content\/uploads\/2025\/03\/Mecerreyes-disfraces-o-zarramacadas-2-03-2025-10.jpg\" class=\"thickbox no_icon\" title=\"\"><img loading=\"lazy\" decoding=\"async\" width=\"1024\" height=\"768\" data-id=\"26179\" src=\"https:\/\/www.mecerreyes.com\/mece\/wp-content\/uploads\/2025\/03\/Mecerreyes-disfraces-o-zarramacadas-2-03-2025-10-1024x768.jpg\" alt=\"\" class=\"wp-image-26179\" srcset=\"https:\/\/www.mecerreyes.com\/mece\/wp-content\/uploads\/2025\/03\/Mecerreyes-disfraces-o-zarramacadas-2-03-2025-10-1024x768.jpg 1024w, https:\/\/www.mecerreyes.com\/mece\/wp-content\/uploads\/2025\/03\/Mecerreyes-disfraces-o-zarramacadas-2-03-2025-10-300x225.jpg 300w, https:\/\/www.mecerreyes.com\/mece\/wp-content\/uploads\/2025\/03\/Mecerreyes-disfraces-o-zarramacadas-2-03-2025-10-768x576.jpg 768w, https:\/\/www.mecerreyes.com\/mece\/wp-content\/uploads\/2025\/03\/Mecerreyes-disfraces-o-zarramacadas-2-03-2025-10.jpg 1063w\" sizes=\"(max-width: 1024px) 100vw, 1024px\" \/><\/a><\/figure>\n\n\n\n<figure class=\"wp-block-image size-large\"><a  href=\"https:\/\/www.mecerreyes.com\/mece\/wp-content\/uploads\/2025\/03\/Mecerreyes-disfraces-o-zarramacadas-2-03-2025-11.jpg\" class=\"thickbox no_icon\" title=\"\"><img loading=\"lazy\" decoding=\"async\" width=\"1024\" height=\"768\" data-id=\"26181\" src=\"https:\/\/www.mecerreyes.com\/mece\/wp-content\/uploads\/2025\/03\/Mecerreyes-disfraces-o-zarramacadas-2-03-2025-11-1024x768.jpg\" alt=\"\" class=\"wp-image-26181\" srcset=\"https:\/\/www.mecerreyes.com\/mece\/wp-content\/uploads\/2025\/03\/Mecerreyes-disfraces-o-zarramacadas-2-03-2025-11-1024x768.jpg 1024w, https:\/\/www.mecerreyes.com\/mece\/wp-content\/uploads\/2025\/03\/Mecerreyes-disfraces-o-zarramacadas-2-03-2025-11-300x225.jpg 300w, https:\/\/www.mecerreyes.com\/mece\/wp-content\/uploads\/2025\/03\/Mecerreyes-disfraces-o-zarramacadas-2-03-2025-11-768x576.jpg 768w, https:\/\/www.mecerreyes.com\/mece\/wp-content\/uploads\/2025\/03\/Mecerreyes-disfraces-o-zarramacadas-2-03-2025-11.jpg 1063w\" sizes=\"(max-width: 1024px) 100vw, 1024px\" \/><\/a><\/figure>\n\n\n\n<figure class=\"wp-block-image size-large\"><a  href=\"https:\/\/www.mecerreyes.com\/mece\/wp-content\/uploads\/2025\/03\/Mecerreyes-disfraces-o-zarramacadas-2-03-2025-12.jpg\" class=\"thickbox no_icon\" title=\"\"><img loading=\"lazy\" decoding=\"async\" width=\"1024\" height=\"768\" data-id=\"26174\" src=\"https:\/\/www.mecerreyes.com\/mece\/wp-content\/uploads\/2025\/03\/Mecerreyes-disfraces-o-zarramacadas-2-03-2025-12-1024x768.jpg\" alt=\"\" class=\"wp-image-26174\" srcset=\"https:\/\/www.mecerreyes.com\/mece\/wp-content\/uploads\/2025\/03\/Mecerreyes-disfraces-o-zarramacadas-2-03-2025-12-1024x768.jpg 1024w, https:\/\/www.mecerreyes.com\/mece\/wp-content\/uploads\/2025\/03\/Mecerreyes-disfraces-o-zarramacadas-2-03-2025-12-300x225.jpg 300w, https:\/\/www.mecerreyes.com\/mece\/wp-content\/uploads\/2025\/03\/Mecerreyes-disfraces-o-zarramacadas-2-03-2025-12-768x576.jpg 768w, https:\/\/www.mecerreyes.com\/mece\/wp-content\/uploads\/2025\/03\/Mecerreyes-disfraces-o-zarramacadas-2-03-2025-12.jpg 1063w\" sizes=\"(max-width: 1024px) 100vw, 1024px\" \/><\/a><\/figure>\n\n\n\n<figure class=\"wp-block-image size-large\"><a  href=\"https:\/\/www.mecerreyes.com\/mece\/wp-content\/uploads\/2025\/03\/Mecerreyes-disfraces-o-zarramacadas-2-03-2025-13.jpg\" class=\"thickbox no_icon\" title=\"\"><img loading=\"lazy\" decoding=\"async\" width=\"1024\" height=\"526\" data-id=\"26170\" src=\"https:\/\/www.mecerreyes.com\/mece\/wp-content\/uploads\/2025\/03\/Mecerreyes-disfraces-o-zarramacadas-2-03-2025-13-1024x526.jpg\" alt=\"\" class=\"wp-image-26170\" srcset=\"https:\/\/www.mecerreyes.com\/mece\/wp-content\/uploads\/2025\/03\/Mecerreyes-disfraces-o-zarramacadas-2-03-2025-13-1024x526.jpg 1024w, https:\/\/www.mecerreyes.com\/mece\/wp-content\/uploads\/2025\/03\/Mecerreyes-disfraces-o-zarramacadas-2-03-2025-13-300x154.jpg 300w, https:\/\/www.mecerreyes.com\/mece\/wp-content\/uploads\/2025\/03\/Mecerreyes-disfraces-o-zarramacadas-2-03-2025-13-768x394.jpg 768w, https:\/\/www.mecerreyes.com\/mece\/wp-content\/uploads\/2025\/03\/Mecerreyes-disfraces-o-zarramacadas-2-03-2025-13.jpg 1063w\" sizes=\"(max-width: 1024px) 100vw, 1024px\" \/><\/a><\/figure>\n\n\n\n<figure class=\"wp-block-image size-large\"><a  href=\"https:\/\/www.mecerreyes.com\/mece\/wp-content\/uploads\/2025\/03\/Mecerreyes-disfraces-o-zarramacadas-2-03-2025-14.jpg\" class=\"thickbox no_icon\" title=\"\"><img loading=\"lazy\" decoding=\"async\" width=\"1024\" height=\"768\" data-id=\"26183\" src=\"https:\/\/www.mecerreyes.com\/mece\/wp-content\/uploads\/2025\/03\/Mecerreyes-disfraces-o-zarramacadas-2-03-2025-14-1024x768.jpg\" alt=\"\" class=\"wp-image-26183\" srcset=\"https:\/\/www.mecerreyes.com\/mece\/wp-content\/uploads\/2025\/03\/Mecerreyes-disfraces-o-zarramacadas-2-03-2025-14-1024x768.jpg 1024w, https:\/\/www.mecerreyes.com\/mece\/wp-content\/uploads\/2025\/03\/Mecerreyes-disfraces-o-zarramacadas-2-03-2025-14-300x225.jpg 300w, https:\/\/www.mecerreyes.com\/mece\/wp-content\/uploads\/2025\/03\/Mecerreyes-disfraces-o-zarramacadas-2-03-2025-14-768x576.jpg 768w, https:\/\/www.mecerreyes.com\/mece\/wp-content\/uploads\/2025\/03\/Mecerreyes-disfraces-o-zarramacadas-2-03-2025-14.jpg 1063w\" sizes=\"(max-width: 1024px) 100vw, 1024px\" \/><\/a><\/figure>\n\n\n\n<figure class=\"wp-block-image size-large\"><a  href=\"https:\/\/www.mecerreyes.com\/mece\/wp-content\/uploads\/2025\/03\/Mecerreyes-disfraces-o-zarramacadas-2-03-2025-15.jpg\" class=\"thickbox no_icon\" title=\"\"><img loading=\"lazy\" decoding=\"async\" width=\"768\" height=\"1024\" data-id=\"26173\" src=\"https:\/\/www.mecerreyes.com\/mece\/wp-content\/uploads\/2025\/03\/Mecerreyes-disfraces-o-zarramacadas-2-03-2025-15-768x1024.jpg\" alt=\"\" class=\"wp-image-26173\" srcset=\"https:\/\/www.mecerreyes.com\/mece\/wp-content\/uploads\/2025\/03\/Mecerreyes-disfraces-o-zarramacadas-2-03-2025-15-768x1024.jpg 768w, https:\/\/www.mecerreyes.com\/mece\/wp-content\/uploads\/2025\/03\/Mecerreyes-disfraces-o-zarramacadas-2-03-2025-15-225x300.jpg 225w, https:\/\/www.mecerreyes.com\/mece\/wp-content\/uploads\/2025\/03\/Mecerreyes-disfraces-o-zarramacadas-2-03-2025-15.jpg 1063w\" sizes=\"(max-width: 768px) 100vw, 768px\" \/><\/a><\/figure>\n\n\n\n<figure class=\"wp-block-image size-large\"><a  href=\"https:\/\/www.mecerreyes.com\/mece\/wp-content\/uploads\/2025\/03\/Mecerreyes-disfraces-o-zarramacadas-2-03-2025-16.jpg\" class=\"thickbox no_icon\" title=\"\"><img loading=\"lazy\" decoding=\"async\" width=\"768\" height=\"1024\" data-id=\"26172\" src=\"https:\/\/www.mecerreyes.com\/mece\/wp-content\/uploads\/2025\/03\/Mecerreyes-disfraces-o-zarramacadas-2-03-2025-16-768x1024.jpg\" alt=\"\" class=\"wp-image-26172\" srcset=\"https:\/\/www.mecerreyes.com\/mece\/wp-content\/uploads\/2025\/03\/Mecerreyes-disfraces-o-zarramacadas-2-03-2025-16-768x1024.jpg 768w, https:\/\/www.mecerreyes.com\/mece\/wp-content\/uploads\/2025\/03\/Mecerreyes-disfraces-o-zarramacadas-2-03-2025-16-225x300.jpg 225w, https:\/\/www.mecerreyes.com\/mece\/wp-content\/uploads\/2025\/03\/Mecerreyes-disfraces-o-zarramacadas-2-03-2025-16.jpg 1063w\" sizes=\"(max-width: 768px) 100vw, 768px\" \/><\/a><\/figure>\n\n\n\n<figure class=\"wp-block-image size-large\"><a  href=\"https:\/\/www.mecerreyes.com\/mece\/wp-content\/uploads\/2025\/03\/Mecerreyes-disfraces-o-zarramacadas-2-03-2025-17.jpg\" class=\"thickbox no_icon\" title=\"\"><img loading=\"lazy\" decoding=\"async\" width=\"768\" height=\"1024\" data-id=\"26176\" src=\"https:\/\/www.mecerreyes.com\/mece\/wp-content\/uploads\/2025\/03\/Mecerreyes-disfraces-o-zarramacadas-2-03-2025-17-768x1024.jpg\" alt=\"\" class=\"wp-image-26176\" srcset=\"https:\/\/www.mecerreyes.com\/mece\/wp-content\/uploads\/2025\/03\/Mecerreyes-disfraces-o-zarramacadas-2-03-2025-17-768x1024.jpg 768w, https:\/\/www.mecerreyes.com\/mece\/wp-content\/uploads\/2025\/03\/Mecerreyes-disfraces-o-zarramacadas-2-03-2025-17-225x300.jpg 225w, https:\/\/www.mecerreyes.com\/mece\/wp-content\/uploads\/2025\/03\/Mecerreyes-disfraces-o-zarramacadas-2-03-2025-17.jpg 1063w\" sizes=\"(max-width: 768px) 100vw, 768px\" \/><\/a><\/figure>\n\n\n\n<figure class=\"wp-block-image size-large\"><a  href=\"https:\/\/www.mecerreyes.com\/mece\/wp-content\/uploads\/2025\/03\/Mecerreyes-disfraces-o-zarramacadas-2-03-2025-18.jpg\" class=\"thickbox no_icon\" title=\"\"><img loading=\"lazy\" decoding=\"async\" width=\"768\" height=\"1024\" data-id=\"26182\" src=\"https:\/\/www.mecerreyes.com\/mece\/wp-content\/uploads\/2025\/03\/Mecerreyes-disfraces-o-zarramacadas-2-03-2025-18-768x1024.jpg\" alt=\"\" class=\"wp-image-26182\" srcset=\"https:\/\/www.mecerreyes.com\/mece\/wp-content\/uploads\/2025\/03\/Mecerreyes-disfraces-o-zarramacadas-2-03-2025-18-768x1024.jpg 768w, https:\/\/www.mecerreyes.com\/mece\/wp-content\/uploads\/2025\/03\/Mecerreyes-disfraces-o-zarramacadas-2-03-2025-18-225x300.jpg 225w, https:\/\/www.mecerreyes.com\/mece\/wp-content\/uploads\/2025\/03\/Mecerreyes-disfraces-o-zarramacadas-2-03-2025-18.jpg 1063w\" sizes=\"(max-width: 768px) 100vw, 768px\" \/><\/a><\/figure>\n\n\n\n<figure class=\"wp-block-image size-large\"><a  href=\"https:\/\/www.mecerreyes.com\/mece\/wp-content\/uploads\/2025\/03\/Mecerreyes-disfraces-o-zarramacadas-2-03-2025-19.jpg\" class=\"thickbox no_icon\" title=\"\"><img loading=\"lazy\" decoding=\"async\" width=\"768\" height=\"1024\" data-id=\"26169\" src=\"https:\/\/www.mecerreyes.com\/mece\/wp-content\/uploads\/2025\/03\/Mecerreyes-disfraces-o-zarramacadas-2-03-2025-19-768x1024.jpg\" alt=\"\" class=\"wp-image-26169\" srcset=\"https:\/\/www.mecerreyes.com\/mece\/wp-content\/uploads\/2025\/03\/Mecerreyes-disfraces-o-zarramacadas-2-03-2025-19-768x1024.jpg 768w, https:\/\/www.mecerreyes.com\/mece\/wp-content\/uploads\/2025\/03\/Mecerreyes-disfraces-o-zarramacadas-2-03-2025-19-225x300.jpg 225w, https:\/\/www.mecerreyes.com\/mece\/wp-content\/uploads\/2025\/03\/Mecerreyes-disfraces-o-zarramacadas-2-03-2025-19.jpg 1063w\" sizes=\"(max-width: 768px) 100vw, 768px\" \/><\/a><\/figure>\n\n\n\n<figure class=\"wp-block-image size-large\"><a  href=\"https:\/\/www.mecerreyes.com\/mece\/wp-content\/uploads\/2025\/03\/Mecerreyes-disfraces-o-zarramacadas-2-03-2025-20.jpg\" class=\"thickbox no_icon\" title=\"\"><img loading=\"lazy\" decoding=\"async\" width=\"768\" height=\"1024\" data-id=\"26175\" src=\"https:\/\/www.mecerreyes.com\/mece\/wp-content\/uploads\/2025\/03\/Mecerreyes-disfraces-o-zarramacadas-2-03-2025-20-768x1024.jpg\" alt=\"\" class=\"wp-image-26175\" srcset=\"https:\/\/www.mecerreyes.com\/mece\/wp-content\/uploads\/2025\/03\/Mecerreyes-disfraces-o-zarramacadas-2-03-2025-20-768x1024.jpg 768w, https:\/\/www.mecerreyes.com\/mece\/wp-content\/uploads\/2025\/03\/Mecerreyes-disfraces-o-zarramacadas-2-03-2025-20-225x300.jpg 225w, https:\/\/www.mecerreyes.com\/mece\/wp-content\/uploads\/2025\/03\/Mecerreyes-disfraces-o-zarramacadas-2-03-2025-20.jpg 1063w\" sizes=\"(max-width: 768px) 100vw, 768px\" \/><\/a><\/figure>\n<\/figure>\n\n\n\n<p class=\"has-pale-cyan-blue-background-color has-background has-medium-font-size\"><strong>CORRIDA DEL GALLO DE CARNAVAL<\/strong><\/p>\n\n\n\n<figure class=\"wp-block-gallery has-nested-images columns-default is-cropped wp-block-gallery-15 is-layout-flex wp-block-gallery-is-layout-flex\">\n<figure class=\"wp-block-image size-large\"><a  href=\"https:\/\/www.mecerreyes.com\/mece\/wp-content\/uploads\/2025\/03\/Mecerreyes-Corrida-del-Gallo-de-Carnaval-2-03-2025-23.jpg\" class=\"thickbox no_icon\" title=\"\"><img loading=\"lazy\" decoding=\"async\" width=\"1024\" height=\"768\" data-id=\"26188\" src=\"https:\/\/www.mecerreyes.com\/mece\/wp-content\/uploads\/2025\/03\/Mecerreyes-Corrida-del-Gallo-de-Carnaval-2-03-2025-23-1024x768.jpg\" alt=\"\" class=\"wp-image-26188\" srcset=\"https:\/\/www.mecerreyes.com\/mece\/wp-content\/uploads\/2025\/03\/Mecerreyes-Corrida-del-Gallo-de-Carnaval-2-03-2025-23-1024x768.jpg 1024w, https:\/\/www.mecerreyes.com\/mece\/wp-content\/uploads\/2025\/03\/Mecerreyes-Corrida-del-Gallo-de-Carnaval-2-03-2025-23-300x225.jpg 300w, https:\/\/www.mecerreyes.com\/mece\/wp-content\/uploads\/2025\/03\/Mecerreyes-Corrida-del-Gallo-de-Carnaval-2-03-2025-23-768x576.jpg 768w, https:\/\/www.mecerreyes.com\/mece\/wp-content\/uploads\/2025\/03\/Mecerreyes-Corrida-del-Gallo-de-Carnaval-2-03-2025-23.jpg 1063w\" sizes=\"(max-width: 1024px) 100vw, 1024px\" \/><\/a><\/figure>\n\n\n\n<figure class=\"wp-block-image size-large\"><a  href=\"https:\/\/www.mecerreyes.com\/mece\/wp-content\/uploads\/2025\/03\/Mecerreyes-Corrida-del-Gallo-de-Carnaval-2-03-2025-1.jpg\" class=\"thickbox no_icon\" title=\"\"><img loading=\"lazy\" decoding=\"async\" width=\"1024\" height=\"768\" data-id=\"26198\" src=\"https:\/\/www.mecerreyes.com\/mece\/wp-content\/uploads\/2025\/03\/Mecerreyes-Corrida-del-Gallo-de-Carnaval-2-03-2025-1-1024x768.jpg\" alt=\"\" class=\"wp-image-26198\" srcset=\"https:\/\/www.mecerreyes.com\/mece\/wp-content\/uploads\/2025\/03\/Mecerreyes-Corrida-del-Gallo-de-Carnaval-2-03-2025-1-1024x768.jpg 1024w, https:\/\/www.mecerreyes.com\/mece\/wp-content\/uploads\/2025\/03\/Mecerreyes-Corrida-del-Gallo-de-Carnaval-2-03-2025-1-300x225.jpg 300w, https:\/\/www.mecerreyes.com\/mece\/wp-content\/uploads\/2025\/03\/Mecerreyes-Corrida-del-Gallo-de-Carnaval-2-03-2025-1-768x576.jpg 768w, https:\/\/www.mecerreyes.com\/mece\/wp-content\/uploads\/2025\/03\/Mecerreyes-Corrida-del-Gallo-de-Carnaval-2-03-2025-1-1536x1152.jpg 1536w, https:\/\/www.mecerreyes.com\/mece\/wp-content\/uploads\/2025\/03\/Mecerreyes-Corrida-del-Gallo-de-Carnaval-2-03-2025-1-1080x810.jpg 1080w, https:\/\/www.mecerreyes.com\/mece\/wp-content\/uploads\/2025\/03\/Mecerreyes-Corrida-del-Gallo-de-Carnaval-2-03-2025-1.jpg 1772w\" sizes=\"(max-width: 1024px) 100vw, 1024px\" \/><\/a><\/figure>\n\n\n\n<figure class=\"wp-block-image size-large\"><a  href=\"https:\/\/www.mecerreyes.com\/mece\/wp-content\/uploads\/2025\/03\/Mecerreyes-Corrida-del-Gallo-de-Carnaval-2-03-2025-2.jpg\" class=\"thickbox no_icon\" title=\"\"><img loading=\"lazy\" decoding=\"async\" width=\"1024\" height=\"768\" data-id=\"26192\" src=\"https:\/\/www.mecerreyes.com\/mece\/wp-content\/uploads\/2025\/03\/Mecerreyes-Corrida-del-Gallo-de-Carnaval-2-03-2025-2-1024x768.jpg\" alt=\"\" class=\"wp-image-26192\" srcset=\"https:\/\/www.mecerreyes.com\/mece\/wp-content\/uploads\/2025\/03\/Mecerreyes-Corrida-del-Gallo-de-Carnaval-2-03-2025-2-1024x768.jpg 1024w, https:\/\/www.mecerreyes.com\/mece\/wp-content\/uploads\/2025\/03\/Mecerreyes-Corrida-del-Gallo-de-Carnaval-2-03-2025-2-300x225.jpg 300w, https:\/\/www.mecerreyes.com\/mece\/wp-content\/uploads\/2025\/03\/Mecerreyes-Corrida-del-Gallo-de-Carnaval-2-03-2025-2-768x576.jpg 768w, https:\/\/www.mecerreyes.com\/mece\/wp-content\/uploads\/2025\/03\/Mecerreyes-Corrida-del-Gallo-de-Carnaval-2-03-2025-2-1080x810.jpg 1080w, https:\/\/www.mecerreyes.com\/mece\/wp-content\/uploads\/2025\/03\/Mecerreyes-Corrida-del-Gallo-de-Carnaval-2-03-2025-2.jpg 1417w\" sizes=\"(max-width: 1024px) 100vw, 1024px\" \/><\/a><\/figure>\n\n\n\n<figure class=\"wp-block-image size-large\"><a  href=\"https:\/\/www.mecerreyes.com\/mece\/wp-content\/uploads\/2025\/03\/Mecerreyes-Corrida-del-Gallo-de-Carnaval-2-03-2025-3.jpg\" class=\"thickbox no_icon\" title=\"\"><img loading=\"lazy\" decoding=\"async\" width=\"1024\" height=\"768\" data-id=\"26203\" src=\"https:\/\/www.mecerreyes.com\/mece\/wp-content\/uploads\/2025\/03\/Mecerreyes-Corrida-del-Gallo-de-Carnaval-2-03-2025-3-1024x768.jpg\" alt=\"\" class=\"wp-image-26203\" srcset=\"https:\/\/www.mecerreyes.com\/mece\/wp-content\/uploads\/2025\/03\/Mecerreyes-Corrida-del-Gallo-de-Carnaval-2-03-2025-3-1024x768.jpg 1024w, https:\/\/www.mecerreyes.com\/mece\/wp-content\/uploads\/2025\/03\/Mecerreyes-Corrida-del-Gallo-de-Carnaval-2-03-2025-3-300x225.jpg 300w, https:\/\/www.mecerreyes.com\/mece\/wp-content\/uploads\/2025\/03\/Mecerreyes-Corrida-del-Gallo-de-Carnaval-2-03-2025-3-768x576.jpg 768w, https:\/\/www.mecerreyes.com\/mece\/wp-content\/uploads\/2025\/03\/Mecerreyes-Corrida-del-Gallo-de-Carnaval-2-03-2025-3.jpg 1063w\" sizes=\"(max-width: 1024px) 100vw, 1024px\" \/><\/a><\/figure>\n\n\n\n<figure class=\"wp-block-image size-large\"><a  href=\"https:\/\/www.mecerreyes.com\/mece\/wp-content\/uploads\/2025\/03\/Mecerreyes-Corrida-del-Gallo-de-Carnaval-2-03-2025-4.jpg\" class=\"thickbox no_icon\" title=\"\"><img loading=\"lazy\" decoding=\"async\" width=\"1024\" height=\"768\" data-id=\"26195\" src=\"https:\/\/www.mecerreyes.com\/mece\/wp-content\/uploads\/2025\/03\/Mecerreyes-Corrida-del-Gallo-de-Carnaval-2-03-2025-4-1024x768.jpg\" alt=\"\" class=\"wp-image-26195\" srcset=\"https:\/\/www.mecerreyes.com\/mece\/wp-content\/uploads\/2025\/03\/Mecerreyes-Corrida-del-Gallo-de-Carnaval-2-03-2025-4-1024x768.jpg 1024w, https:\/\/www.mecerreyes.com\/mece\/wp-content\/uploads\/2025\/03\/Mecerreyes-Corrida-del-Gallo-de-Carnaval-2-03-2025-4-300x225.jpg 300w, https:\/\/www.mecerreyes.com\/mece\/wp-content\/uploads\/2025\/03\/Mecerreyes-Corrida-del-Gallo-de-Carnaval-2-03-2025-4-768x576.jpg 768w, https:\/\/www.mecerreyes.com\/mece\/wp-content\/uploads\/2025\/03\/Mecerreyes-Corrida-del-Gallo-de-Carnaval-2-03-2025-4.jpg 1063w\" sizes=\"(max-width: 1024px) 100vw, 1024px\" \/><\/a><\/figure>\n\n\n\n<figure class=\"wp-block-image size-large\"><a  href=\"https:\/\/www.mecerreyes.com\/mece\/wp-content\/uploads\/2025\/03\/Mecerreyes-Corrida-del-Gallo-de-Carnaval-2-03-2025-5.jpg\" class=\"thickbox no_icon\" title=\"\"><img loading=\"lazy\" decoding=\"async\" width=\"1024\" height=\"768\" data-id=\"26206\" src=\"https:\/\/www.mecerreyes.com\/mece\/wp-content\/uploads\/2025\/03\/Mecerreyes-Corrida-del-Gallo-de-Carnaval-2-03-2025-5-1024x768.jpg\" alt=\"\" class=\"wp-image-26206\" srcset=\"https:\/\/www.mecerreyes.com\/mece\/wp-content\/uploads\/2025\/03\/Mecerreyes-Corrida-del-Gallo-de-Carnaval-2-03-2025-5-1024x768.jpg 1024w, https:\/\/www.mecerreyes.com\/mece\/wp-content\/uploads\/2025\/03\/Mecerreyes-Corrida-del-Gallo-de-Carnaval-2-03-2025-5-300x225.jpg 300w, https:\/\/www.mecerreyes.com\/mece\/wp-content\/uploads\/2025\/03\/Mecerreyes-Corrida-del-Gallo-de-Carnaval-2-03-2025-5-768x576.jpg 768w, https:\/\/www.mecerreyes.com\/mece\/wp-content\/uploads\/2025\/03\/Mecerreyes-Corrida-del-Gallo-de-Carnaval-2-03-2025-5.jpg 1063w\" sizes=\"(max-width: 1024px) 100vw, 1024px\" \/><\/a><\/figure>\n\n\n\n<figure class=\"wp-block-image size-large\"><a  href=\"https:\/\/www.mecerreyes.com\/mece\/wp-content\/uploads\/2025\/03\/Mecerreyes-Corrida-del-Gallo-de-Carnaval-2-03-2025-6.jpg\" class=\"thickbox no_icon\" title=\"\"><img loading=\"lazy\" decoding=\"async\" width=\"1024\" height=\"768\" data-id=\"26201\" src=\"https:\/\/www.mecerreyes.com\/mece\/wp-content\/uploads\/2025\/03\/Mecerreyes-Corrida-del-Gallo-de-Carnaval-2-03-2025-6-1024x768.jpg\" alt=\"\" class=\"wp-image-26201\" srcset=\"https:\/\/www.mecerreyes.com\/mece\/wp-content\/uploads\/2025\/03\/Mecerreyes-Corrida-del-Gallo-de-Carnaval-2-03-2025-6-1024x768.jpg 1024w, https:\/\/www.mecerreyes.com\/mece\/wp-content\/uploads\/2025\/03\/Mecerreyes-Corrida-del-Gallo-de-Carnaval-2-03-2025-6-300x225.jpg 300w, https:\/\/www.mecerreyes.com\/mece\/wp-content\/uploads\/2025\/03\/Mecerreyes-Corrida-del-Gallo-de-Carnaval-2-03-2025-6-768x576.jpg 768w, https:\/\/www.mecerreyes.com\/mece\/wp-content\/uploads\/2025\/03\/Mecerreyes-Corrida-del-Gallo-de-Carnaval-2-03-2025-6.jpg 1063w\" sizes=\"(max-width: 1024px) 100vw, 1024px\" \/><\/a><\/figure>\n\n\n\n<figure class=\"wp-block-image size-large\"><a  href=\"https:\/\/www.mecerreyes.com\/mece\/wp-content\/uploads\/2025\/03\/Mecerreyes-Corrida-del-Gallo-de-Carnaval-2-03-2025-7.jpg\" class=\"thickbox no_icon\" title=\"\"><img loading=\"lazy\" decoding=\"async\" width=\"1024\" height=\"768\" data-id=\"26207\" src=\"https:\/\/www.mecerreyes.com\/mece\/wp-content\/uploads\/2025\/03\/Mecerreyes-Corrida-del-Gallo-de-Carnaval-2-03-2025-7-1024x768.jpg\" alt=\"\" class=\"wp-image-26207\" srcset=\"https:\/\/www.mecerreyes.com\/mece\/wp-content\/uploads\/2025\/03\/Mecerreyes-Corrida-del-Gallo-de-Carnaval-2-03-2025-7-1024x768.jpg 1024w, https:\/\/www.mecerreyes.com\/mece\/wp-content\/uploads\/2025\/03\/Mecerreyes-Corrida-del-Gallo-de-Carnaval-2-03-2025-7-300x225.jpg 300w, https:\/\/www.mecerreyes.com\/mece\/wp-content\/uploads\/2025\/03\/Mecerreyes-Corrida-del-Gallo-de-Carnaval-2-03-2025-7-768x576.jpg 768w, https:\/\/www.mecerreyes.com\/mece\/wp-content\/uploads\/2025\/03\/Mecerreyes-Corrida-del-Gallo-de-Carnaval-2-03-2025-7.jpg 1063w\" sizes=\"(max-width: 1024px) 100vw, 1024px\" \/><\/a><\/figure>\n\n\n\n<figure class=\"wp-block-image size-large\"><a  href=\"https:\/\/www.mecerreyes.com\/mece\/wp-content\/uploads\/2025\/03\/Mecerreyes-Corrida-del-Gallo-de-Carnaval-2-03-2025-8.jpg\" class=\"thickbox no_icon\" title=\"\"><img loading=\"lazy\" decoding=\"async\" width=\"1024\" height=\"768\" data-id=\"26209\" src=\"https:\/\/www.mecerreyes.com\/mece\/wp-content\/uploads\/2025\/03\/Mecerreyes-Corrida-del-Gallo-de-Carnaval-2-03-2025-8-1024x768.jpg\" alt=\"\" class=\"wp-image-26209\" srcset=\"https:\/\/www.mecerreyes.com\/mece\/wp-content\/uploads\/2025\/03\/Mecerreyes-Corrida-del-Gallo-de-Carnaval-2-03-2025-8-1024x768.jpg 1024w, https:\/\/www.mecerreyes.com\/mece\/wp-content\/uploads\/2025\/03\/Mecerreyes-Corrida-del-Gallo-de-Carnaval-2-03-2025-8-300x225.jpg 300w, https:\/\/www.mecerreyes.com\/mece\/wp-content\/uploads\/2025\/03\/Mecerreyes-Corrida-del-Gallo-de-Carnaval-2-03-2025-8-768x576.jpg 768w, https:\/\/www.mecerreyes.com\/mece\/wp-content\/uploads\/2025\/03\/Mecerreyes-Corrida-del-Gallo-de-Carnaval-2-03-2025-8.jpg 1063w\" sizes=\"(max-width: 1024px) 100vw, 1024px\" \/><\/a><\/figure>\n\n\n\n<figure class=\"wp-block-image size-large\"><a  href=\"https:\/\/www.mecerreyes.com\/mece\/wp-content\/uploads\/2025\/03\/Mecerreyes-Corrida-del-Gallo-de-Carnaval-2-03-2025-9.jpg\" class=\"thickbox no_icon\" title=\"\"><img loading=\"lazy\" decoding=\"async\" width=\"1024\" height=\"768\" data-id=\"26199\" src=\"https:\/\/www.mecerreyes.com\/mece\/wp-content\/uploads\/2025\/03\/Mecerreyes-Corrida-del-Gallo-de-Carnaval-2-03-2025-9-1024x768.jpg\" alt=\"\" class=\"wp-image-26199\" srcset=\"https:\/\/www.mecerreyes.com\/mece\/wp-content\/uploads\/2025\/03\/Mecerreyes-Corrida-del-Gallo-de-Carnaval-2-03-2025-9-1024x768.jpg 1024w, https:\/\/www.mecerreyes.com\/mece\/wp-content\/uploads\/2025\/03\/Mecerreyes-Corrida-del-Gallo-de-Carnaval-2-03-2025-9-300x225.jpg 300w, https:\/\/www.mecerreyes.com\/mece\/wp-content\/uploads\/2025\/03\/Mecerreyes-Corrida-del-Gallo-de-Carnaval-2-03-2025-9-768x576.jpg 768w, https:\/\/www.mecerreyes.com\/mece\/wp-content\/uploads\/2025\/03\/Mecerreyes-Corrida-del-Gallo-de-Carnaval-2-03-2025-9.jpg 1063w\" sizes=\"(max-width: 1024px) 100vw, 1024px\" \/><\/a><\/figure>\n\n\n\n<figure class=\"wp-block-image size-large\"><a  href=\"https:\/\/www.mecerreyes.com\/mece\/wp-content\/uploads\/2025\/03\/Mecerreyes-Corrida-del-Gallo-de-Carnaval-2-03-2025-10.jpg\" class=\"thickbox no_icon\" title=\"\"><img loading=\"lazy\" decoding=\"async\" width=\"1024\" height=\"768\" data-id=\"26204\" src=\"https:\/\/www.mecerreyes.com\/mece\/wp-content\/uploads\/2025\/03\/Mecerreyes-Corrida-del-Gallo-de-Carnaval-2-03-2025-10-1024x768.jpg\" alt=\"\" class=\"wp-image-26204\" srcset=\"https:\/\/www.mecerreyes.com\/mece\/wp-content\/uploads\/2025\/03\/Mecerreyes-Corrida-del-Gallo-de-Carnaval-2-03-2025-10-1024x768.jpg 1024w, https:\/\/www.mecerreyes.com\/mece\/wp-content\/uploads\/2025\/03\/Mecerreyes-Corrida-del-Gallo-de-Carnaval-2-03-2025-10-300x225.jpg 300w, https:\/\/www.mecerreyes.com\/mece\/wp-content\/uploads\/2025\/03\/Mecerreyes-Corrida-del-Gallo-de-Carnaval-2-03-2025-10-768x576.jpg 768w, https:\/\/www.mecerreyes.com\/mece\/wp-content\/uploads\/2025\/03\/Mecerreyes-Corrida-del-Gallo-de-Carnaval-2-03-2025-10.jpg 1063w\" sizes=\"(max-width: 1024px) 100vw, 1024px\" \/><\/a><\/figure>\n\n\n\n<figure class=\"wp-block-image size-large\"><a  href=\"https:\/\/www.mecerreyes.com\/mece\/wp-content\/uploads\/2025\/03\/Mecerreyes-Corrida-del-Gallo-de-Carnaval-2-03-2025-11.jpg\" class=\"thickbox no_icon\" title=\"\"><img loading=\"lazy\" decoding=\"async\" width=\"1024\" height=\"768\" data-id=\"26200\" src=\"https:\/\/www.mecerreyes.com\/mece\/wp-content\/uploads\/2025\/03\/Mecerreyes-Corrida-del-Gallo-de-Carnaval-2-03-2025-11-1024x768.jpg\" alt=\"\" class=\"wp-image-26200\" srcset=\"https:\/\/www.mecerreyes.com\/mece\/wp-content\/uploads\/2025\/03\/Mecerreyes-Corrida-del-Gallo-de-Carnaval-2-03-2025-11-1024x768.jpg 1024w, https:\/\/www.mecerreyes.com\/mece\/wp-content\/uploads\/2025\/03\/Mecerreyes-Corrida-del-Gallo-de-Carnaval-2-03-2025-11-300x225.jpg 300w, https:\/\/www.mecerreyes.com\/mece\/wp-content\/uploads\/2025\/03\/Mecerreyes-Corrida-del-Gallo-de-Carnaval-2-03-2025-11-768x576.jpg 768w, https:\/\/www.mecerreyes.com\/mece\/wp-content\/uploads\/2025\/03\/Mecerreyes-Corrida-del-Gallo-de-Carnaval-2-03-2025-11.jpg 1063w\" sizes=\"(max-width: 1024px) 100vw, 1024px\" \/><\/a><\/figure>\n\n\n\n<figure class=\"wp-block-image size-large\"><a  href=\"https:\/\/www.mecerreyes.com\/mece\/wp-content\/uploads\/2025\/03\/Mecerreyes-Corrida-del-Gallo-de-Carnaval-2-03-2025-12.jpg\" class=\"thickbox no_icon\" title=\"\"><img loading=\"lazy\" decoding=\"async\" width=\"1024\" height=\"768\" data-id=\"26189\" src=\"https:\/\/www.mecerreyes.com\/mece\/wp-content\/uploads\/2025\/03\/Mecerreyes-Corrida-del-Gallo-de-Carnaval-2-03-2025-12-1024x768.jpg\" alt=\"\" class=\"wp-image-26189\" srcset=\"https:\/\/www.mecerreyes.com\/mece\/wp-content\/uploads\/2025\/03\/Mecerreyes-Corrida-del-Gallo-de-Carnaval-2-03-2025-12-1024x768.jpg 1024w, https:\/\/www.mecerreyes.com\/mece\/wp-content\/uploads\/2025\/03\/Mecerreyes-Corrida-del-Gallo-de-Carnaval-2-03-2025-12-300x225.jpg 300w, https:\/\/www.mecerreyes.com\/mece\/wp-content\/uploads\/2025\/03\/Mecerreyes-Corrida-del-Gallo-de-Carnaval-2-03-2025-12-768x576.jpg 768w, https:\/\/www.mecerreyes.com\/mece\/wp-content\/uploads\/2025\/03\/Mecerreyes-Corrida-del-Gallo-de-Carnaval-2-03-2025-12.jpg 1063w\" sizes=\"(max-width: 1024px) 100vw, 1024px\" \/><\/a><\/figure>\n\n\n\n<figure class=\"wp-block-image size-large\"><a  href=\"https:\/\/www.mecerreyes.com\/mece\/wp-content\/uploads\/2025\/03\/Mecerreyes-Corrida-del-Gallo-de-Carnaval-2-03-2025-13.jpg\" class=\"thickbox no_icon\" title=\"\"><img loading=\"lazy\" decoding=\"async\" width=\"1024\" height=\"768\" data-id=\"26193\" src=\"https:\/\/www.mecerreyes.com\/mece\/wp-content\/uploads\/2025\/03\/Mecerreyes-Corrida-del-Gallo-de-Carnaval-2-03-2025-13-1024x768.jpg\" alt=\"\" class=\"wp-image-26193\" srcset=\"https:\/\/www.mecerreyes.com\/mece\/wp-content\/uploads\/2025\/03\/Mecerreyes-Corrida-del-Gallo-de-Carnaval-2-03-2025-13-1024x768.jpg 1024w, https:\/\/www.mecerreyes.com\/mece\/wp-content\/uploads\/2025\/03\/Mecerreyes-Corrida-del-Gallo-de-Carnaval-2-03-2025-13-300x225.jpg 300w, https:\/\/www.mecerreyes.com\/mece\/wp-content\/uploads\/2025\/03\/Mecerreyes-Corrida-del-Gallo-de-Carnaval-2-03-2025-13-768x576.jpg 768w, https:\/\/www.mecerreyes.com\/mece\/wp-content\/uploads\/2025\/03\/Mecerreyes-Corrida-del-Gallo-de-Carnaval-2-03-2025-13.jpg 1063w\" sizes=\"(max-width: 1024px) 100vw, 1024px\" \/><\/a><\/figure>\n\n\n\n<figure class=\"wp-block-image size-large\"><a  href=\"https:\/\/www.mecerreyes.com\/mece\/wp-content\/uploads\/2025\/03\/Mecerreyes-Corrida-del-Gallo-de-Carnaval-2-03-2025-14.jpg\" class=\"thickbox no_icon\" title=\"\"><img loading=\"lazy\" decoding=\"async\" width=\"1024\" height=\"768\" data-id=\"26202\" src=\"https:\/\/www.mecerreyes.com\/mece\/wp-content\/uploads\/2025\/03\/Mecerreyes-Corrida-del-Gallo-de-Carnaval-2-03-2025-14-1024x768.jpg\" alt=\"\" class=\"wp-image-26202\" srcset=\"https:\/\/www.mecerreyes.com\/mece\/wp-content\/uploads\/2025\/03\/Mecerreyes-Corrida-del-Gallo-de-Carnaval-2-03-2025-14-1024x768.jpg 1024w, https:\/\/www.mecerreyes.com\/mece\/wp-content\/uploads\/2025\/03\/Mecerreyes-Corrida-del-Gallo-de-Carnaval-2-03-2025-14-300x225.jpg 300w, https:\/\/www.mecerreyes.com\/mece\/wp-content\/uploads\/2025\/03\/Mecerreyes-Corrida-del-Gallo-de-Carnaval-2-03-2025-14-768x576.jpg 768w, https:\/\/www.mecerreyes.com\/mece\/wp-content\/uploads\/2025\/03\/Mecerreyes-Corrida-del-Gallo-de-Carnaval-2-03-2025-14.jpg 1063w\" sizes=\"(max-width: 1024px) 100vw, 1024px\" \/><\/a><\/figure>\n\n\n\n<figure class=\"wp-block-image size-large\"><a  href=\"https:\/\/www.mecerreyes.com\/mece\/wp-content\/uploads\/2025\/03\/Mecerreyes-Corrida-del-Gallo-de-Carnaval-2-03-2025-15.jpg\" class=\"thickbox no_icon\" title=\"\"><img loading=\"lazy\" decoding=\"async\" width=\"1024\" height=\"768\" data-id=\"26196\" src=\"https:\/\/www.mecerreyes.com\/mece\/wp-content\/uploads\/2025\/03\/Mecerreyes-Corrida-del-Gallo-de-Carnaval-2-03-2025-15-1024x768.jpg\" alt=\"\" class=\"wp-image-26196\" srcset=\"https:\/\/www.mecerreyes.com\/mece\/wp-content\/uploads\/2025\/03\/Mecerreyes-Corrida-del-Gallo-de-Carnaval-2-03-2025-15-1024x768.jpg 1024w, https:\/\/www.mecerreyes.com\/mece\/wp-content\/uploads\/2025\/03\/Mecerreyes-Corrida-del-Gallo-de-Carnaval-2-03-2025-15-300x225.jpg 300w, https:\/\/www.mecerreyes.com\/mece\/wp-content\/uploads\/2025\/03\/Mecerreyes-Corrida-del-Gallo-de-Carnaval-2-03-2025-15-768x576.jpg 768w, https:\/\/www.mecerreyes.com\/mece\/wp-content\/uploads\/2025\/03\/Mecerreyes-Corrida-del-Gallo-de-Carnaval-2-03-2025-15.jpg 1063w\" sizes=\"(max-width: 1024px) 100vw, 1024px\" \/><\/a><\/figure>\n\n\n\n<figure class=\"wp-block-image size-large\"><a  href=\"https:\/\/www.mecerreyes.com\/mece\/wp-content\/uploads\/2025\/03\/Mecerreyes-Corrida-del-Gallo-de-Carnaval-2-03-2025-16.jpg\" class=\"thickbox no_icon\" title=\"\"><img loading=\"lazy\" decoding=\"async\" width=\"1024\" height=\"768\" data-id=\"26191\" src=\"https:\/\/www.mecerreyes.com\/mece\/wp-content\/uploads\/2025\/03\/Mecerreyes-Corrida-del-Gallo-de-Carnaval-2-03-2025-16-1024x768.jpg\" alt=\"\" class=\"wp-image-26191\" srcset=\"https:\/\/www.mecerreyes.com\/mece\/wp-content\/uploads\/2025\/03\/Mecerreyes-Corrida-del-Gallo-de-Carnaval-2-03-2025-16-1024x768.jpg 1024w, https:\/\/www.mecerreyes.com\/mece\/wp-content\/uploads\/2025\/03\/Mecerreyes-Corrida-del-Gallo-de-Carnaval-2-03-2025-16-300x225.jpg 300w, https:\/\/www.mecerreyes.com\/mece\/wp-content\/uploads\/2025\/03\/Mecerreyes-Corrida-del-Gallo-de-Carnaval-2-03-2025-16-768x576.jpg 768w, https:\/\/www.mecerreyes.com\/mece\/wp-content\/uploads\/2025\/03\/Mecerreyes-Corrida-del-Gallo-de-Carnaval-2-03-2025-16.jpg 1063w\" sizes=\"(max-width: 1024px) 100vw, 1024px\" \/><\/a><\/figure>\n\n\n\n<figure class=\"wp-block-image size-large\"><a  href=\"https:\/\/www.mecerreyes.com\/mece\/wp-content\/uploads\/2025\/03\/Mecerreyes-Corrida-del-Gallo-de-Carnaval-2-03-2025-17.jpg\" class=\"thickbox no_icon\" title=\"\"><img loading=\"lazy\" decoding=\"async\" width=\"1024\" height=\"768\" data-id=\"26205\" src=\"https:\/\/www.mecerreyes.com\/mece\/wp-content\/uploads\/2025\/03\/Mecerreyes-Corrida-del-Gallo-de-Carnaval-2-03-2025-17-1024x768.jpg\" alt=\"\" class=\"wp-image-26205\" srcset=\"https:\/\/www.mecerreyes.com\/mece\/wp-content\/uploads\/2025\/03\/Mecerreyes-Corrida-del-Gallo-de-Carnaval-2-03-2025-17-1024x768.jpg 1024w, https:\/\/www.mecerreyes.com\/mece\/wp-content\/uploads\/2025\/03\/Mecerreyes-Corrida-del-Gallo-de-Carnaval-2-03-2025-17-300x225.jpg 300w, https:\/\/www.mecerreyes.com\/mece\/wp-content\/uploads\/2025\/03\/Mecerreyes-Corrida-del-Gallo-de-Carnaval-2-03-2025-17-768x576.jpg 768w, https:\/\/www.mecerreyes.com\/mece\/wp-content\/uploads\/2025\/03\/Mecerreyes-Corrida-del-Gallo-de-Carnaval-2-03-2025-17.jpg 1063w\" sizes=\"(max-width: 1024px) 100vw, 1024px\" \/><\/a><\/figure>\n\n\n\n<figure class=\"wp-block-image size-large\"><a  href=\"https:\/\/www.mecerreyes.com\/mece\/wp-content\/uploads\/2025\/03\/Mecerreyes-Corrida-del-Gallo-de-Carnaval-2-03-2025-18.jpg\" class=\"thickbox no_icon\" title=\"\"><img loading=\"lazy\" decoding=\"async\" width=\"1024\" height=\"768\" data-id=\"26210\" src=\"https:\/\/www.mecerreyes.com\/mece\/wp-content\/uploads\/2025\/03\/Mecerreyes-Corrida-del-Gallo-de-Carnaval-2-03-2025-18-1024x768.jpg\" alt=\"\" class=\"wp-image-26210\" srcset=\"https:\/\/www.mecerreyes.com\/mece\/wp-content\/uploads\/2025\/03\/Mecerreyes-Corrida-del-Gallo-de-Carnaval-2-03-2025-18-1024x768.jpg 1024w, https:\/\/www.mecerreyes.com\/mece\/wp-content\/uploads\/2025\/03\/Mecerreyes-Corrida-del-Gallo-de-Carnaval-2-03-2025-18-300x225.jpg 300w, https:\/\/www.mecerreyes.com\/mece\/wp-content\/uploads\/2025\/03\/Mecerreyes-Corrida-del-Gallo-de-Carnaval-2-03-2025-18-768x576.jpg 768w, https:\/\/www.mecerreyes.com\/mece\/wp-content\/uploads\/2025\/03\/Mecerreyes-Corrida-del-Gallo-de-Carnaval-2-03-2025-18.jpg 1063w\" sizes=\"(max-width: 1024px) 100vw, 1024px\" \/><\/a><\/figure>\n\n\n\n<figure class=\"wp-block-image size-large\"><a  href=\"https:\/\/www.mecerreyes.com\/mece\/wp-content\/uploads\/2025\/03\/Mecerreyes-Corrida-del-Gallo-de-Carnaval-2-03-2025-19.jpg\" class=\"thickbox no_icon\" title=\"\"><img loading=\"lazy\" decoding=\"async\" width=\"1024\" height=\"768\" data-id=\"26197\" src=\"https:\/\/www.mecerreyes.com\/mece\/wp-content\/uploads\/2025\/03\/Mecerreyes-Corrida-del-Gallo-de-Carnaval-2-03-2025-19-1024x768.jpg\" alt=\"\" class=\"wp-image-26197\" srcset=\"https:\/\/www.mecerreyes.com\/mece\/wp-content\/uploads\/2025\/03\/Mecerreyes-Corrida-del-Gallo-de-Carnaval-2-03-2025-19-1024x768.jpg 1024w, https:\/\/www.mecerreyes.com\/mece\/wp-content\/uploads\/2025\/03\/Mecerreyes-Corrida-del-Gallo-de-Carnaval-2-03-2025-19-300x225.jpg 300w, https:\/\/www.mecerreyes.com\/mece\/wp-content\/uploads\/2025\/03\/Mecerreyes-Corrida-del-Gallo-de-Carnaval-2-03-2025-19-768x576.jpg 768w, https:\/\/www.mecerreyes.com\/mece\/wp-content\/uploads\/2025\/03\/Mecerreyes-Corrida-del-Gallo-de-Carnaval-2-03-2025-19.jpg 1063w\" sizes=\"(max-width: 1024px) 100vw, 1024px\" \/><\/a><\/figure>\n\n\n\n<figure class=\"wp-block-image size-large\"><a  href=\"https:\/\/www.mecerreyes.com\/mece\/wp-content\/uploads\/2025\/03\/Mecerreyes-Corrida-del-Gallo-de-Carnaval-2-03-2025-20.jpg\" class=\"thickbox no_icon\" title=\"\"><img loading=\"lazy\" decoding=\"async\" width=\"1024\" height=\"768\" data-id=\"26208\" src=\"https:\/\/www.mecerreyes.com\/mece\/wp-content\/uploads\/2025\/03\/Mecerreyes-Corrida-del-Gallo-de-Carnaval-2-03-2025-20-1024x768.jpg\" alt=\"\" class=\"wp-image-26208\" srcset=\"https:\/\/www.mecerreyes.com\/mece\/wp-content\/uploads\/2025\/03\/Mecerreyes-Corrida-del-Gallo-de-Carnaval-2-03-2025-20-1024x768.jpg 1024w, https:\/\/www.mecerreyes.com\/mece\/wp-content\/uploads\/2025\/03\/Mecerreyes-Corrida-del-Gallo-de-Carnaval-2-03-2025-20-300x225.jpg 300w, https:\/\/www.mecerreyes.com\/mece\/wp-content\/uploads\/2025\/03\/Mecerreyes-Corrida-del-Gallo-de-Carnaval-2-03-2025-20-768x576.jpg 768w, https:\/\/www.mecerreyes.com\/mece\/wp-content\/uploads\/2025\/03\/Mecerreyes-Corrida-del-Gallo-de-Carnaval-2-03-2025-20.jpg 1063w\" sizes=\"(max-width: 1024px) 100vw, 1024px\" \/><\/a><\/figure>\n\n\n\n<figure class=\"wp-block-image size-large\"><a  href=\"https:\/\/www.mecerreyes.com\/mece\/wp-content\/uploads\/2025\/03\/Mecerreyes-Corrida-del-Gallo-de-Carnaval-2-03-2025-21.jpg\" class=\"thickbox no_icon\" title=\"\"><img loading=\"lazy\" decoding=\"async\" width=\"1024\" height=\"768\" data-id=\"26190\" src=\"https:\/\/www.mecerreyes.com\/mece\/wp-content\/uploads\/2025\/03\/Mecerreyes-Corrida-del-Gallo-de-Carnaval-2-03-2025-21-1024x768.jpg\" alt=\"\" class=\"wp-image-26190\" srcset=\"https:\/\/www.mecerreyes.com\/mece\/wp-content\/uploads\/2025\/03\/Mecerreyes-Corrida-del-Gallo-de-Carnaval-2-03-2025-21-1024x768.jpg 1024w, https:\/\/www.mecerreyes.com\/mece\/wp-content\/uploads\/2025\/03\/Mecerreyes-Corrida-del-Gallo-de-Carnaval-2-03-2025-21-300x225.jpg 300w, https:\/\/www.mecerreyes.com\/mece\/wp-content\/uploads\/2025\/03\/Mecerreyes-Corrida-del-Gallo-de-Carnaval-2-03-2025-21-768x576.jpg 768w, https:\/\/www.mecerreyes.com\/mece\/wp-content\/uploads\/2025\/03\/Mecerreyes-Corrida-del-Gallo-de-Carnaval-2-03-2025-21.jpg 1063w\" sizes=\"(max-width: 1024px) 100vw, 1024px\" \/><\/a><\/figure>\n\n\n\n<figure class=\"wp-block-image size-large\"><a  href=\"https:\/\/www.mecerreyes.com\/mece\/wp-content\/uploads\/2025\/03\/Mecerreyes-Corrida-del-Gallo-de-Carnaval-2-03-2025-22.jpg\" class=\"thickbox no_icon\" title=\"\"><img loading=\"lazy\" decoding=\"async\" width=\"1024\" height=\"768\" data-id=\"26194\" src=\"https:\/\/www.mecerreyes.com\/mece\/wp-content\/uploads\/2025\/03\/Mecerreyes-Corrida-del-Gallo-de-Carnaval-2-03-2025-22-1024x768.jpg\" alt=\"\" class=\"wp-image-26194\" srcset=\"https:\/\/www.mecerreyes.com\/mece\/wp-content\/uploads\/2025\/03\/Mecerreyes-Corrida-del-Gallo-de-Carnaval-2-03-2025-22-1024x768.jpg 1024w, https:\/\/www.mecerreyes.com\/mece\/wp-content\/uploads\/2025\/03\/Mecerreyes-Corrida-del-Gallo-de-Carnaval-2-03-2025-22-300x225.jpg 300w, https:\/\/www.mecerreyes.com\/mece\/wp-content\/uploads\/2025\/03\/Mecerreyes-Corrida-del-Gallo-de-Carnaval-2-03-2025-22-768x576.jpg 768w, https:\/\/www.mecerreyes.com\/mece\/wp-content\/uploads\/2025\/03\/Mecerreyes-Corrida-del-Gallo-de-Carnaval-2-03-2025-22.jpg 1063w\" sizes=\"(max-width: 1024px) 100vw, 1024px\" \/><\/a><\/figure>\n<\/figure>\n\n\n\n<div style=\"height:100px\" aria-hidden=\"true\" class=\"wp-block-spacer\"><\/div>\n\n\n\n<p><\/p>\n\n\n\n<figure class=\"wp-block-embed is-type-video is-provider-youtube wp-block-embed-youtube wp-embed-aspect-16-9 wp-has-aspect-ratio\"><div class=\"wp-block-embed__wrapper\">\n<iframe loading=\"lazy\" title=\"Carnavales en Mecerreyes 2025\" width=\"1080\" height=\"608\" src=\"https:\/\/www.youtube.com\/embed\/LWH2Mlwa8ps?feature=oembed\" frameborder=\"0\" allow=\"accelerometer; autoplay; clipboard-write; encrypted-media; gyroscope; picture-in-picture; web-share\" referrerpolicy=\"strict-origin-when-cross-origin\" allowfullscreen><\/iframe>\n<\/div><\/figure>","protected":false},"excerpt":{"rendered":"<p>FEBRERO 2025 Fieles a la cita mensual os contamos lo acontecido en Mecerreyes en el mes de febrero, mes que se caracteriza por el ajetreo de recoger el Bel\u00e9n tradicional, y preparar las fiestas de invierno cuyo calendario al estar condicionado al inicio de la cuaresma se ha alargado hasta final de mes. Los hortelanos [&hellip;]<\/p>\n","protected":false},"author":5,"featured_media":26157,"comment_status":"open","ping_status":"closed","sticky":false,"template":"","format":"standard","meta":{"_et_pb_use_builder":"off","_et_pb_old_content":"","_et_gb_content_width":"","footnotes":""},"categories":[1],"tags":[],"class_list":["post-26110","post","type-post","status-publish","format-standard","has-post-thumbnail","hentry","category-general","et-has-post-format-content","et_post_format-et-post-format-standard"],"_links":{"self":[{"href":"https:\/\/www.mecerreyes.com\/mece\/index.php?rest_route=\/wp\/v2\/posts\/26110"}],"collection":[{"href":"https:\/\/www.mecerreyes.com\/mece\/index.php?rest_route=\/wp\/v2\/posts"}],"about":[{"href":"https:\/\/www.mecerreyes.com\/mece\/index.php?rest_route=\/wp\/v2\/types\/post"}],"author":[{"embeddable":true,"href":"https:\/\/www.mecerreyes.com\/mece\/index.php?rest_route=\/wp\/v2\/users\/5"}],"replies":[{"embeddable":true,"href":"https:\/\/www.mecerreyes.com\/mece\/index.php?rest_route=%2Fwp%2Fv2%2Fcomments&post=26110"}],"version-history":[{"count":15,"href":"https:\/\/www.mecerreyes.com\/mece\/index.php?rest_route=\/wp\/v2\/posts\/26110\/revisions"}],"predecessor-version":[{"id":26214,"href":"https:\/\/www.mecerreyes.com\/mece\/index.php?rest_route=\/wp\/v2\/posts\/26110\/revisions\/26214"}],"wp:featuredmedia":[{"embeddable":true,"href":"https:\/\/www.mecerreyes.com\/mece\/index.php?rest_route=\/wp\/v2\/media\/26157"}],"wp:attachment":[{"href":"https:\/\/www.mecerreyes.com\/mece\/index.php?rest_route=%2Fwp%2Fv2%2Fmedia&parent=26110"}],"wp:term":[{"taxonomy":"category","embeddable":true,"href":"https:\/\/www.mecerreyes.com\/mece\/index.php?rest_route=%2Fwp%2Fv2%2Fcategories&post=26110"},{"taxonomy":"post_tag","embeddable":true,"href":"https:\/\/www.mecerreyes.com\/mece\/index.php?rest_route=%2Fwp%2Fv2%2Ftags&post=26110"}],"curies":[{"name":"wp","href":"https:\/\/api.w.org\/{rel}","templated":true}]}}