{"id":26342,"date":"2025-06-18T13:48:06","date_gmt":"2025-06-18T12:48:06","guid":{"rendered":"https:\/\/www.mecerreyes.com\/mece\/?p=26342"},"modified":"2025-06-23T20:01:49","modified_gmt":"2025-06-23T19:01:49","slug":"noticias-mayo-2025","status":"publish","type":"post","link":"https:\/\/www.mecerreyes.com\/mece\/?p=26342","title":{"rendered":"NOTICIAS MAYO 2025"},"content":{"rendered":"<p>MAYO 2025<\/p>\n\n\n\n<p>Mecerreyes recupera el mayo cultural con excelentes propuestas.<\/p>\n\n\n\n<p>La iniciativa que hace 20 a\u00f1os ilusion\u00f3 a la Asociaci\u00f3n de Jubilados organizando: excursiones, conciertos, charlas, comida de hermandad\u2026, vuelve a consolidarse con el apoyo de la Asociaci\u00f3n Cultural, Cofrad\u00eda Virgen del Camino, Asociaci\u00f3n Coches Cl\u00e1sicos Mecerreyes, <a  href=\"https:\/\/www.mecerreyes.com\/mece\/?page_id=24\">Ayuntamiento<\/a> y la inestimable colaboraci\u00f3n de nuestras abuelas.<\/p>\n\n\n\n<p>Hab\u00eda ganas de disfrutar en el pueblo y lo hemos hecho a lo grande.<\/p>\n\n\n\n<p>El verde intenso de los campos, las primeras rosas, el trasiego de las golondrinas construyendo sus nidos, las temperaturas agradables y las nuevas obras, representan como la primavera, el resurgir de la vida. <\/p>\n\n\n\n<figure class=\"wp-block-image size-full\"><a  href=\"https:\/\/www.mecerreyes.com\/mece\/wp-content\/uploads\/2025\/06\/Mecerreyes-Mayo-2025.jpeg\" class=\"thickbox no_icon\" title=\"\"><img loading=\"lazy\" decoding=\"async\" width=\"756\" height=\"431\" src=\"https:\/\/www.mecerreyes.com\/mece\/wp-content\/uploads\/2025\/06\/Mecerreyes-Mayo-2025.jpeg\" alt=\"\" class=\"wp-image-26345\" srcset=\"https:\/\/www.mecerreyes.com\/mece\/wp-content\/uploads\/2025\/06\/Mecerreyes-Mayo-2025.jpeg 756w, https:\/\/www.mecerreyes.com\/mece\/wp-content\/uploads\/2025\/06\/Mecerreyes-Mayo-2025-300x171.jpeg 300w\" sizes=\"(max-width: 756px) 100vw, 756px\" \/><\/a><\/figure>\n\n\n\n<div style=\"height:59px\" aria-hidden=\"true\" class=\"wp-block-spacer\"><\/div>\n\n\n\n<p class=\"has-luminous-vivid-amber-background-color has-background\" style=\"font-size:22px\"><strong>EFEMERIDES<\/strong><\/p>\n\n\n\n<ul class=\"wp-block-list\">\n<li>El 1, D\u00eda Internacional del Trabajo. D\u00eda de la Madre.<\/li>\n\n\n\n<li>El 3, D\u00eda Mundial de la Libertad de Prensa.<\/li>\n\n\n\n<li><strong>El 10, III Concentraci\u00f3n Coches Cl\u00e1sicos.<\/strong><\/li>\n\n\n\n<li>El 12, D\u00eda Internacional de la Enfermera.<\/li>\n\n\n\n<li><strong>El 15, Fiesta&nbsp;de&nbsp;<\/strong><a  href=\"https:\/\/www.mecerreyes.com\/mece\/?page_id=56\"><strong><a href=\"https:\/\/www.mecerreyes.com\/mece\/?page_id=56\">San Isidro<\/a><\/strong><\/a><strong>. Comida organizada por la Asociaci\u00f3n de Jubilados.<\/strong><\/li>\n\n\n\n<li><strong>El 17, III Edici\u00f3n Degusta Arlanza en Mecerreyes. Actuaci\u00f3n Mago Luis Joyra.<\/strong><\/li>\n\n\n\n<li>El 22, D\u00eda Mundial de la Biodiversidad.<\/li>\n\n\n\n<li><strong>El 31, Romer\u00eda Virgen del Camino en Mecerreyes. Concierto Carri\u00f3n Folk.<\/strong><\/li>\n<\/ul>\n\n\n\n<figure class=\"wp-block-image size-full\"><a  href=\"https:\/\/www.mecerreyes.com\/mece\/wp-content\/uploads\/2025\/06\/Mecerreyes-mayo-205-1.jpeg\" class=\"thickbox no_icon\" title=\"\"><img loading=\"lazy\" decoding=\"async\" width=\"756\" height=\"382\" src=\"https:\/\/www.mecerreyes.com\/mece\/wp-content\/uploads\/2025\/06\/Mecerreyes-mayo-205-1.jpeg\" alt=\"\" class=\"wp-image-26415\" srcset=\"https:\/\/www.mecerreyes.com\/mece\/wp-content\/uploads\/2025\/06\/Mecerreyes-mayo-205-1.jpeg 756w, https:\/\/www.mecerreyes.com\/mece\/wp-content\/uploads\/2025\/06\/Mecerreyes-mayo-205-1-300x152.jpeg 300w\" sizes=\"(max-width: 756px) 100vw, 756px\" \/><\/a><\/figure>\n\n\n\n<div style=\"height:59px\" aria-hidden=\"true\" class=\"wp-block-spacer\"><\/div>\n\n\n\n<p class=\"has-luminous-vivid-amber-background-color has-background\" style=\"font-size:22px\"><strong>DEFUNCIONES<\/strong><\/p>\n\n\n\n<p><strong>D. PEDRO ORTEGA LUENGO<\/strong> falleci\u00f3 en Ir\u00fan el d\u00eda 3 de mayo a los 86 a\u00f1os de edad, la familia agradece las muestras de condolencia recibidas. Descanse en Paz. <\/p>\n\n\n\n<figure class=\"wp-block-image size-full\"><a  href=\"https:\/\/www.mecerreyes.com\/mece\/wp-content\/uploads\/2025\/06\/Esquela-de-Pedro-Ortega-Luengo.jpeg\" class=\"thickbox no_icon\" title=\"\"><img loading=\"lazy\" decoding=\"async\" width=\"896\" height=\"677\" src=\"https:\/\/www.mecerreyes.com\/mece\/wp-content\/uploads\/2025\/06\/Esquela-de-Pedro-Ortega-Luengo.jpeg\" alt=\"\" class=\"wp-image-26355\" srcset=\"https:\/\/www.mecerreyes.com\/mece\/wp-content\/uploads\/2025\/06\/Esquela-de-Pedro-Ortega-Luengo.jpeg 896w, https:\/\/www.mecerreyes.com\/mece\/wp-content\/uploads\/2025\/06\/Esquela-de-Pedro-Ortega-Luengo-300x227.jpeg 300w, https:\/\/www.mecerreyes.com\/mece\/wp-content\/uploads\/2025\/06\/Esquela-de-Pedro-Ortega-Luengo-768x580.jpeg 768w\" sizes=\"(max-width: 896px) 100vw, 896px\" \/><\/a><\/figure>\n\n\n\n<div style=\"height:59px\" aria-hidden=\"true\" class=\"wp-block-spacer\"><\/div>\n\n\n\n<p><strong>D. FRANCISCO LOZANO CUEVAS (Vdo. De Antonia D\u00edez) <\/strong>falleci\u00f3 en Errenteria, Gipuzkoa, el pasado 6 de junio a los 95 a\u00f1os de edad. Sus cenizas fueron despedidas en Mecerreyes la tarde del d\u00eda 8 de junio. Nuestras condolencias a la familia. Descanse en Paz. <\/p>\n\n\n\n<figure class=\"wp-block-image size-large\"><a  href=\"https:\/\/www.mecerreyes.com\/mece\/wp-content\/uploads\/2025\/06\/Esquela-de-Francisco-Lozano-Cuevas-Mecerreyes.jpg\" class=\"thickbox no_icon\" title=\"\"><img loading=\"lazy\" decoding=\"async\" width=\"611\" height=\"1024\" src=\"https:\/\/www.mecerreyes.com\/mece\/wp-content\/uploads\/2025\/06\/Esquela-de-Francisco-Lozano-Cuevas-Mecerreyes-611x1024.jpg\" alt=\"\" class=\"wp-image-26356\" srcset=\"https:\/\/www.mecerreyes.com\/mece\/wp-content\/uploads\/2025\/06\/Esquela-de-Francisco-Lozano-Cuevas-Mecerreyes-611x1024.jpg 611w, https:\/\/www.mecerreyes.com\/mece\/wp-content\/uploads\/2025\/06\/Esquela-de-Francisco-Lozano-Cuevas-Mecerreyes-179x300.jpg 179w, https:\/\/www.mecerreyes.com\/mece\/wp-content\/uploads\/2025\/06\/Esquela-de-Francisco-Lozano-Cuevas-Mecerreyes-768x1287.jpg 768w, https:\/\/www.mecerreyes.com\/mece\/wp-content\/uploads\/2025\/06\/Esquela-de-Francisco-Lozano-Cuevas-Mecerreyes-917x1536.jpg 917w, https:\/\/www.mecerreyes.com\/mece\/wp-content\/uploads\/2025\/06\/Esquela-de-Francisco-Lozano-Cuevas-Mecerreyes.jpg 945w\" sizes=\"(max-width: 611px) 100vw, 611px\" \/><\/a><\/figure>\n\n\n\n<div style=\"height:59px\" aria-hidden=\"true\" class=\"wp-block-spacer\"><\/div>\n\n\n\n<p class=\"has-luminous-vivid-amber-background-color has-background\" style=\"font-size:22px\"><strong>REBECA BLANCO<\/strong><\/p>\n\n\n\n<p>Publica una nueva columna en Diario de Burgos. <\/p>\n\n\n\n<p><em>Bruuuuuu, bruuuuuu, tac, tac, tac, tac, tic, tic, tic\u2026<\/em>&nbsp;As\u00ed, durante cuarenta y cinco minutos. Con los ojos cerrados me imaginaba en la playa, relajada. Fantaseaba con que un barco, dragando arena, interrump\u00eda el agradable sonido de las olas rompiendo en la orilla. Con los ojos abiertos se esfumaba esa ilusi\u00f3n. Estaba inm\u00f3vil, metida en un tubo, mucho menos relajada. Solo un peque\u00f1o espejo colocado de forma estrat\u00e9gica me conectaba con el exterior. Pod\u00eda ver al equipo de radiolog\u00eda. Era mi primera resonancia. Octubre de 2018, estaba muy lejos de la playa.<\/p>\n\n\n\n<p>La prueba iba a dar con el origen de la neblina que apareci\u00f3 en mi ojo izquierdo. Mis nervios parec\u00edan ser el motivo, que no la consecuencia, de verme en ese min\u00fasculo espacio. Quince d\u00edas despu\u00e9s, sufr\u00ed, en una amplia consulta, la claustrofobia que no sent\u00ed en aquel tubo. Ten\u00edan los resultados: esclerosis m\u00faltiple. S\u00ed, los nervios resultaron ser la causa.<\/p>\n\n\n\n<p>Si el d\u00eda de la resonancia, cerrar los ojos me llev\u00f3 a una playa, el del diagn\u00f3stico, abrirlos, me mostr\u00f3 una cumbre complicada. Me prepar\u00e9 f\u00edsica y nutricionalmente. Busqu\u00e9 informaci\u00f3n de todo tipo, y la encontr\u00e9. Teor\u00edas contra el gluten, carnes, l\u00e1cteos\u2026 No abrac\u00e9 ninguna dieta milagro. Me rode\u00e9 de un peque\u00f1o gran equipo. Al principio solo estaba formado por familiares e \u00edntimos amigos. Los a\u00f1os hicieron que creciera esa cordada. Me inform\u00e9 acerca de la enfermedad, sobre mi medicaci\u00f3n, sus efectos y su precio inalcanzable para mi bolsillo. Me ocup\u00e9 al 100 x 100 de esta cima, pero me olvid\u00e9 del resto de cumbres que hay en la vida.&nbsp;<\/p>\n\n\n\n<p>Trabajo, vivienda, pareja, maternidad\u2026 Todo se par\u00f3, no importaba nada m\u00e1s. As\u00ed durante casi siete a\u00f1os. Y ahora, tal vez llegue tarde, pero he decidido darles su espacio. \u00bfPor qu\u00e9 te cuento esto? Porque es el D\u00eda Mundial de la Esclerosis M\u00faltiple. Lo hago por ti que acabas de recibir este diagn\u00f3stico. Para pedirte que le dediques su espacio, pero no dejes que robe tu tiempo.<\/p>\n\n\n\n<figure class=\"wp-block-image aligncenter size-full\"><a  class=\"https:\/\/www.diariodeburgos.es\/opinion\/z09b03012-266b-4913-8a49500eb89e3541\/202505\/todo-se-paro\" href=\"https:\/\/www.diariodeburgos.es\/opinion\/z09b03012-266b-4913-8a49500eb89e3541\/202505\/todo-se-paro\" target=\"_blank\" rel=\"https:\/\/www.diariodeburgos.es\/opinion\/z09b03012-266b-4913-8a49500eb89e3541\/202505\/todo-se-paro noopener\"><img loading=\"lazy\" decoding=\"async\" width=\"235\" height=\"239\" src=\"https:\/\/www.mecerreyes.com\/mece\/wp-content\/uploads\/2025\/06\/Diario-de-Burgos-Rebeca-Blanco.jpg\" alt=\"\" class=\"wp-image-26346\"\/><\/a><\/figure>\n\n\n\n<div style=\"height:59px\" aria-hidden=\"true\" class=\"wp-block-spacer\"><\/div>\n\n\n\n<p class=\"has-luminous-vivid-amber-background-color has-background\" style=\"font-size:22px\"><strong>MOCHILA VIAJERA<\/strong><\/p>\n\n\n\n<p><\/p>\n\n\n\n<p>Nueva York (con las sudaderas guiletas) y Almer\u00eda (mochila viajera) han sido los destinos de los guiletos, gracias por hacernos llegar vuestras fotos.<\/p>\n\n\n\n<figure class=\"wp-block-image size-large\"><a  href=\"https:\/\/www.mecerreyes.com\/mece\/wp-content\/uploads\/2025\/06\/Guiletos-por-Nueva-York-Mecerreyes-2025.jpeg\" class=\"thickbox no_icon\" title=\"\"><img loading=\"lazy\" decoding=\"async\" width=\"846\" height=\"1024\" src=\"https:\/\/www.mecerreyes.com\/mece\/wp-content\/uploads\/2025\/06\/Guiletos-por-Nueva-York-Mecerreyes-2025-846x1024.jpeg\" alt=\"\" class=\"wp-image-26358\" srcset=\"https:\/\/www.mecerreyes.com\/mece\/wp-content\/uploads\/2025\/06\/Guiletos-por-Nueva-York-Mecerreyes-2025-846x1024.jpeg 846w, https:\/\/www.mecerreyes.com\/mece\/wp-content\/uploads\/2025\/06\/Guiletos-por-Nueva-York-Mecerreyes-2025-248x300.jpeg 248w, https:\/\/www.mecerreyes.com\/mece\/wp-content\/uploads\/2025\/06\/Guiletos-por-Nueva-York-Mecerreyes-2025-768x930.jpeg 768w, https:\/\/www.mecerreyes.com\/mece\/wp-content\/uploads\/2025\/06\/Guiletos-por-Nueva-York-Mecerreyes-2025.jpeg 900w\" sizes=\"(max-width: 846px) 100vw, 846px\" \/><\/a><\/figure>\n\n\n\n<figure class=\"wp-block-image size-full\"><a  href=\"https:\/\/www.mecerreyes.com\/mece\/wp-content\/uploads\/2025\/06\/Mecerreyes-Mochila-Viajera-mayo-2025.jpeg\" class=\"thickbox no_icon\" title=\"\"><img loading=\"lazy\" decoding=\"async\" width=\"756\" height=\"798\" src=\"https:\/\/www.mecerreyes.com\/mece\/wp-content\/uploads\/2025\/06\/Mecerreyes-Mochila-Viajera-mayo-2025.jpeg\" alt=\"\" class=\"wp-image-26357\" srcset=\"https:\/\/www.mecerreyes.com\/mece\/wp-content\/uploads\/2025\/06\/Mecerreyes-Mochila-Viajera-mayo-2025.jpeg 756w, https:\/\/www.mecerreyes.com\/mece\/wp-content\/uploads\/2025\/06\/Mecerreyes-Mochila-Viajera-mayo-2025-284x300.jpeg 284w\" sizes=\"(max-width: 756px) 100vw, 756px\" \/><\/a><\/figure>\n\n\n\n<p><\/p>\n\n\n\n<div style=\"height:59px\" aria-hidden=\"true\" class=\"wp-block-spacer\"><\/div>\n\n\n\n<p class=\"has-luminous-vivid-amber-background-color has-background\" style=\"font-size:22px\"><strong>Revista VIAJES National Geographic<\/strong><\/p>\n\n\n\n<p>Que el n\u00famero 302 de la revista VIAJES National Geographic dedique un art\u00edculo a promocionar la comarca del Arlanza como tierra de contrastes, memoria y paisajes que custodia siglos de <a  href=\"https:\/\/www.mecerreyes.com\/mece\/?page_id=32\">historia<\/a>, arte y vida rural, y que lo encabece con una foto del carnaval de las mascaradas de Mecerreyes es todo un orgullo. <\/p>\n\n\n\n<figure class=\"wp-block-image aligncenter size-large\"><a  href=\"https:\/\/www.mecerreyes.com\/mece\/wp-content\/uploads\/2025\/06\/Revista-VIAJES-National-Geographic-Mecerreyes-1.jpeg\" class=\"thickbox no_icon\" title=\"\"><img loading=\"lazy\" decoding=\"async\" width=\"1024\" height=\"720\" src=\"https:\/\/www.mecerreyes.com\/mece\/wp-content\/uploads\/2025\/06\/Revista-VIAJES-National-Geographic-Mecerreyes-1-1024x720.jpeg\" alt=\"\" class=\"wp-image-26360\" srcset=\"https:\/\/www.mecerreyes.com\/mece\/wp-content\/uploads\/2025\/06\/Revista-VIAJES-National-Geographic-Mecerreyes-1-1024x720.jpeg 1024w, https:\/\/www.mecerreyes.com\/mece\/wp-content\/uploads\/2025\/06\/Revista-VIAJES-National-Geographic-Mecerreyes-1-300x211.jpeg 300w, https:\/\/www.mecerreyes.com\/mece\/wp-content\/uploads\/2025\/06\/Revista-VIAJES-National-Geographic-Mecerreyes-1-768x540.jpeg 768w, https:\/\/www.mecerreyes.com\/mece\/wp-content\/uploads\/2025\/06\/Revista-VIAJES-National-Geographic-Mecerreyes-1-1080x759.jpeg 1080w, https:\/\/www.mecerreyes.com\/mece\/wp-content\/uploads\/2025\/06\/Revista-VIAJES-National-Geographic-Mecerreyes-1.jpeg 1134w\" sizes=\"(max-width: 1024px) 100vw, 1024px\" \/><\/a><\/figure>\n\n\n\n<figure class=\"wp-block-image aligncenter size-full\"><a  href=\"https:\/\/www.mecerreyes.com\/mece\/wp-content\/uploads\/2025\/06\/Revista-VIAJES-National-Geographic-Mecerreyes-2.jpeg\" class=\"thickbox no_icon\" title=\"\"><img loading=\"lazy\" decoding=\"async\" width=\"567\" height=\"690\" src=\"https:\/\/www.mecerreyes.com\/mece\/wp-content\/uploads\/2025\/06\/Revista-VIAJES-National-Geographic-Mecerreyes-2.jpeg\" alt=\"\" class=\"wp-image-26361\" srcset=\"https:\/\/www.mecerreyes.com\/mece\/wp-content\/uploads\/2025\/06\/Revista-VIAJES-National-Geographic-Mecerreyes-2.jpeg 567w, https:\/\/www.mecerreyes.com\/mece\/wp-content\/uploads\/2025\/06\/Revista-VIAJES-National-Geographic-Mecerreyes-2-247x300.jpeg 247w\" sizes=\"(max-width: 567px) 100vw, 567px\" \/><\/a><\/figure>\n\n\n\n<div style=\"height:59px\" aria-hidden=\"true\" class=\"wp-block-spacer\"><\/div>\n\n\n\n<p class=\"has-luminous-vivid-amber-background-color has-background\" style=\"font-size:22px\"><strong>HACE M\u00c1S DE UN SIGLO.<\/strong><\/p>\n\n\n\n<p>Salvador Santamar\u00eda nos hace una nueva entrega datada en 1874. <\/p>\n\n\n\n<p><mark style=\"background-color:rgba(0, 0, 0, 0);color:#2e2af7\" class=\"has-inline-color\"><em>Presentamos este mes un anuncio de subasta de una herencia, publicada el 2 de Octubre de 1874. El causante de la herencia es un vecino de Mecerreyes, Policarpo Burgos. La herencia, a mi parecer, era de cierta entidad, pues inclu\u00eda unas 57,5 fanegas de tierra (de buena, mediana y mala calidad). Las medidas en aquel tiempo se basaban en la cantidad de semilla en fanegas que hac\u00eda falta para sembrar una tierra, y la equivalencia aproximada con hect\u00e1reas viene a ser entre tres y cuatro fanegas de sembradura por Hect\u00e1rea, dependiendo de la calidad de la tierra (la mejor tierra admite m\u00e1s sembradura), lo que nos da unas 16 y media hect\u00e1reas aproximadamente. Si tenemos en cuenta que muchos labradores medianos pod\u00edan tener unas cinco Hect\u00e1reas, la herencia ya parece importante. Si adem\u00e1s le a\u00f1adimos la Venta con cochera y las dos casas, definitivamente deb\u00eda estar entre los pudientes del pueblo.<br>Esto me hace pensar que quiz\u00e1s era natural de Mecerreyes, pero no vecino, ya que teniendo que administrar esa hacienda lo m\u00e1s probable es que viviera en Cogollos.<br>Los herederos, que por el apellido deb\u00edan ser o bien hijos o bien hermanos del difunto, s\u00ed que eran vecinos de Mecerreyes.(Yo me inclino a pensar que eran hermanos, pues si hubiesen sido hijos, lo m\u00e1s natural es que hubieran vivido en Cogollos con el padre). De las tres familias con el apellido Burgos que yo he llegado a conocer, pienso que Manuel Burgos puede estar relacionado con el<br>Mes\u00f3n pues en su balc\u00f3n aparecen las letras M. B. aunque el a\u00f1o sea 1891, es decir unos 17 a\u00f1os m\u00e1s tarde. En cuanto a las otras dos, me llama la atenci\u00f3n que hubiera un Policarpo Burgos en una de ellas.<br>En aquel tiempo llegar a poseer un patrimonio de esa entidad en un pueblo forastero me parece dificultoso, al no poder contar con el apoyo familiar, que era muy importante entonces. Eso me lleva a pensar que quiz\u00e1s la forma que tuvo de conseguirlo fue por matrimonio. Se caso con una mujer de Cogollos que pose\u00eda un buen patrimonio, que \u00e9l pudo aumentar a lo mejor. Si fue as\u00ed y no tuvieron hijos la herencia pas\u00f3 al c\u00f3nyuge sobreviviente y posteriormente a sus herederos, algo que los familiares de la mujer no ver\u00eda con muy buenos ojos y esa pudo ser la raz\u00f3n por la que r\u00e1pidamente vendieron toda la herencia y se trajeron el dinero para invertirlo en Mecerreyes.<br>Quien sabe.<\/em><\/mark><br><mark style=\"background-color:rgba(0, 0, 0, 0);color:#5a36f1\" class=\"has-inline-color\">Salvador Santamaria<\/mark><br><em><mark style=\"background-color:rgba(0, 0, 0, 0)\" class=\"has-inline-color has-vivid-red-color\">(Nota: todo lo escrito es solamente mi opini\u00f3n, que someto a la de cualquiera que tenga mejor conocimiento que yo sobre este tema)<\/mark><\/em><\/p>\n\n\n\n<figure class=\"wp-block-image aligncenter size-full\"><a  href=\"https:\/\/www.mecerreyes.com\/mece\/wp-content\/uploads\/2025\/06\/1874-venta-fincas.jpg\" class=\"thickbox no_icon\" title=\"\"><img loading=\"lazy\" decoding=\"async\" width=\"284\" height=\"650\" src=\"https:\/\/www.mecerreyes.com\/mece\/wp-content\/uploads\/2025\/06\/1874-venta-fincas.jpg\" alt=\"\" class=\"wp-image-26348\" srcset=\"https:\/\/www.mecerreyes.com\/mece\/wp-content\/uploads\/2025\/06\/1874-venta-fincas.jpg 284w, https:\/\/www.mecerreyes.com\/mece\/wp-content\/uploads\/2025\/06\/1874-venta-fincas-131x300.jpg 131w\" sizes=\"(max-width: 284px) 100vw, 284px\" \/><\/a><\/figure>\n\n\n\n<div style=\"height:59px\" aria-hidden=\"true\" class=\"wp-block-spacer\"><\/div>\n\n\n\n<p class=\"has-luminous-vivid-amber-background-color has-background\" style=\"font-size:22px\"><strong><a  href=\"https:\/\/www.mecerreyes.com\/mece\/?page_id=24\">AYUNTAMIENTO<\/a><\/strong><\/p>\n\n\n\n<p>El <a  href=\"https:\/\/www.mecerreyes.com\/mece\/?page_id=24\">Ayuntamiento<\/a> comparte con nosotros los \u00faltimos proyectos en los que ha intervenido y los que en breve comenzar\u00e1n a ejecutarse. <\/p>\n\n\n\n<p><br>Una vez m\u00e1s desde el <a  href=\"https:\/\/www.mecerreyes.com\/mece\/?page_id=24\">Ayuntamiento<\/a>, queremos transmitiros diferentes actuaciones que se vienen realizando en los \u00faltimos meses.<br>Hemos conseguido por fin poder talar los 435 chopos de la chopera, que ya estaban muy deteriorados y fuera de tener una excelente madera por el exceso de a\u00f1os.<\/p>\n\n\n\n<figure class=\"wp-block-image aligncenter size-full\"><a  href=\"https:\/\/www.mecerreyes.com\/mece\/wp-content\/uploads\/2025\/06\/Mecerreyes-tala-de-chopos-mayo-2025.jpg\" class=\"thickbox no_icon\" title=\"\"><img loading=\"lazy\" decoding=\"async\" width=\"366\" height=\"278\" src=\"https:\/\/www.mecerreyes.com\/mece\/wp-content\/uploads\/2025\/06\/Mecerreyes-tala-de-chopos-mayo-2025.jpg\" alt=\"\" class=\"wp-image-26350\" srcset=\"https:\/\/www.mecerreyes.com\/mece\/wp-content\/uploads\/2025\/06\/Mecerreyes-tala-de-chopos-mayo-2025.jpg 366w, https:\/\/www.mecerreyes.com\/mece\/wp-content\/uploads\/2025\/06\/Mecerreyes-tala-de-chopos-mayo-2025-300x228.jpg 300w\" sizes=\"(max-width: 366px) 100vw, 366px\" \/><\/a><\/figure>\n\n\n\n<p><br>Por tener peligro la cubierta y el interior de la casa ya Municipal en su d\u00eda de Mart\u00edn el estanquero, donada por Amparo Mart\u00edn. Y tener posibles problemas con el entorno se ha derribado todo el interior, dejando solamente las paredes exteriores.<\/p>\n\n\n\n<figure class=\"wp-block-image aligncenter size-full\"><a  href=\"https:\/\/www.mecerreyes.com\/mece\/wp-content\/uploads\/2025\/06\/Donacion-casa-Mecerreyes-mayo-2025.jpg\" class=\"thickbox no_icon\" title=\"\"><img loading=\"lazy\" decoding=\"async\" width=\"362\" height=\"425\" src=\"https:\/\/www.mecerreyes.com\/mece\/wp-content\/uploads\/2025\/06\/Donacion-casa-Mecerreyes-mayo-2025.jpg\" alt=\"\" class=\"wp-image-26351\" srcset=\"https:\/\/www.mecerreyes.com\/mece\/wp-content\/uploads\/2025\/06\/Donacion-casa-Mecerreyes-mayo-2025.jpg 362w, https:\/\/www.mecerreyes.com\/mece\/wp-content\/uploads\/2025\/06\/Donacion-casa-Mecerreyes-mayo-2025-256x300.jpg 256w\" sizes=\"(max-width: 362px) 100vw, 362px\" \/><\/a><\/figure>\n\n\n\n<p><br>A petici\u00f3n de la Asociaci\u00f3n Cultural y Amas de casa, este <a  href=\"https:\/\/www.mecerreyes.com\/mece\/?page_id=24\">Ayuntamiento<\/a> ha llevado a cabo la dotaci\u00f3n de mobiliario y electrodom\u00e9sticos para la cocina del edificio de usos m\u00faltiples que est\u00e1 ubicada en las antiguas escuelas y hoy tambi\u00e9n <a  href=\"https:\/\/www.mecerreyes.com\/mece\/?page_id=24340\">museo del Carnaval<\/a> de Mecerreyes.<\/p>\n\n\n\n<figure class=\"wp-block-image aligncenter size-full\"><a  href=\"https:\/\/www.mecerreyes.com\/mece\/wp-content\/uploads\/2025\/06\/Cocina-Salon-antiguas-escuelas-Mecerreyes-mayo-2025.jpg\" class=\"thickbox no_icon\" title=\"\"><img loading=\"lazy\" decoding=\"async\" width=\"364\" height=\"207\" src=\"https:\/\/www.mecerreyes.com\/mece\/wp-content\/uploads\/2025\/06\/Cocina-Salon-antiguas-escuelas-Mecerreyes-mayo-2025.jpg\" alt=\"\" class=\"wp-image-26352\" srcset=\"https:\/\/www.mecerreyes.com\/mece\/wp-content\/uploads\/2025\/06\/Cocina-Salon-antiguas-escuelas-Mecerreyes-mayo-2025.jpg 364w, https:\/\/www.mecerreyes.com\/mece\/wp-content\/uploads\/2025\/06\/Cocina-Salon-antiguas-escuelas-Mecerreyes-mayo-2025-300x171.jpg 300w\" sizes=\"(max-width: 364px) 100vw, 364px\" \/><\/a><\/figure>\n\n\n\n<p><br>Se ha ampliado el n\u00famero de papeleras existentes en el n\u00facleo urbano. As\u00ed mismo, se ha procedido a limpiar y retirar los escombros del espacio junto al polideportivo municipal que se estaba convirtiendo en un espacio vertidos y retenci\u00f3n de escombros; con el fin de mantener nuestro pueblo lo m\u00e1s limpio posible.<\/p>\n\n\n\n<figure class=\"wp-block-image aligncenter size-full\"><a  href=\"https:\/\/www.mecerreyes.com\/mece\/wp-content\/uploads\/2025\/06\/Limpieza-y-retirada-de-escombros-Mecerreyes-mayo-2025-2.jpeg\" class=\"thickbox no_icon\" title=\"\"><img loading=\"lazy\" decoding=\"async\" width=\"756\" height=\"345\" src=\"https:\/\/www.mecerreyes.com\/mece\/wp-content\/uploads\/2025\/06\/Limpieza-y-retirada-de-escombros-Mecerreyes-mayo-2025-2.jpeg\" alt=\"\" class=\"wp-image-26363\" srcset=\"https:\/\/www.mecerreyes.com\/mece\/wp-content\/uploads\/2025\/06\/Limpieza-y-retirada-de-escombros-Mecerreyes-mayo-2025-2.jpeg 756w, https:\/\/www.mecerreyes.com\/mece\/wp-content\/uploads\/2025\/06\/Limpieza-y-retirada-de-escombros-Mecerreyes-mayo-2025-2-300x137.jpeg 300w\" sizes=\"(max-width: 756px) 100vw, 756px\" \/><\/a><\/figure>\n\n\n\n<figure class=\"wp-block-image aligncenter size-large\"><a  href=\"https:\/\/www.mecerreyes.com\/mece\/wp-content\/uploads\/2025\/06\/Limpieza-y-retirada-de-escombros-Mecerreyes-mayo-2025-1.jpeg\" class=\"thickbox no_icon\" title=\"\"><img loading=\"lazy\" decoding=\"async\" width=\"1024\" height=\"467\" src=\"https:\/\/www.mecerreyes.com\/mece\/wp-content\/uploads\/2025\/06\/Limpieza-y-retirada-de-escombros-Mecerreyes-mayo-2025-1-1024x467.jpeg\" alt=\"\" class=\"wp-image-26362\" srcset=\"https:\/\/www.mecerreyes.com\/mece\/wp-content\/uploads\/2025\/06\/Limpieza-y-retirada-de-escombros-Mecerreyes-mayo-2025-1-1024x467.jpeg 1024w, https:\/\/www.mecerreyes.com\/mece\/wp-content\/uploads\/2025\/06\/Limpieza-y-retirada-de-escombros-Mecerreyes-mayo-2025-1-300x137.jpeg 300w, https:\/\/www.mecerreyes.com\/mece\/wp-content\/uploads\/2025\/06\/Limpieza-y-retirada-de-escombros-Mecerreyes-mayo-2025-1-768x350.jpeg 768w, https:\/\/www.mecerreyes.com\/mece\/wp-content\/uploads\/2025\/06\/Limpieza-y-retirada-de-escombros-Mecerreyes-mayo-2025-1-1080x492.jpeg 1080w, https:\/\/www.mecerreyes.com\/mece\/wp-content\/uploads\/2025\/06\/Limpieza-y-retirada-de-escombros-Mecerreyes-mayo-2025-1.jpeg 1134w\" sizes=\"(max-width: 1024px) 100vw, 1024px\" \/><\/a><\/figure>\n\n\n\n<p><br>El <a  href=\"https:\/\/www.mecerreyes.com\/mece\/?page_id=24\">Ayuntamiento<\/a> con el objetivo de construir un campo de f\u00fatbol frente al polideportivo, ha adquirido por donaci\u00f3n de do\u00f1a Rosa Alonso Mu\u00f1oz, una finca r\u00fastica y ha comprado otro terrenos colindante a don Juan Carlos Alonso Gonz\u00e1lez, para dicho fin.<\/p>\n\n\n\n<figure class=\"wp-block-image aligncenter size-full\"><a  href=\"https:\/\/www.mecerreyes.com\/mece\/wp-content\/uploads\/2025\/06\/Finca-para-campo-de-futbol-Mecerreyes-mayo-2025.jpg\" class=\"thickbox no_icon\" title=\"\"><img loading=\"lazy\" decoding=\"async\" width=\"361\" height=\"411\" src=\"https:\/\/www.mecerreyes.com\/mece\/wp-content\/uploads\/2025\/06\/Finca-para-campo-de-futbol-Mecerreyes-mayo-2025.jpg\" alt=\"\" class=\"wp-image-26353\" srcset=\"https:\/\/www.mecerreyes.com\/mece\/wp-content\/uploads\/2025\/06\/Finca-para-campo-de-futbol-Mecerreyes-mayo-2025.jpg 361w, https:\/\/www.mecerreyes.com\/mece\/wp-content\/uploads\/2025\/06\/Finca-para-campo-de-futbol-Mecerreyes-mayo-2025-264x300.jpg 264w\" sizes=\"(max-width: 361px) 100vw, 361px\" \/><\/a><\/figure>\n\n\n\n<p><br>Respecto a las obras de pavimentaci\u00f3n, se han llevado a cabo las obras de hormigonado de la subida de la iglesia al cementerio.<\/p>\n\n\n\n<p><br>Se ha iniciado el proyecto para la construcci\u00f3n de la cubierta del front\u00f3n. Una nueva obra que esperamos sea muy beneficiosa para todos y dote al pueblo de un espacio cubierto. As\u00ed, cuando la climatolog\u00eda sea adversa, poder reunirnos y compartir la amistad y cercan\u00eda. Y por supuesto, seguir dotando de las mejores condiciones.<\/p>\n\n\n\n<figure class=\"wp-block-image aligncenter size-full\"><a  href=\"https:\/\/www.mecerreyes.com\/mece\/wp-content\/uploads\/2025\/06\/Obras-en-el-Fronton-Mecerreyes-mayo-2025.jpg\" class=\"thickbox no_icon\" title=\"\"><img loading=\"lazy\" decoding=\"async\" width=\"360\" height=\"271\" src=\"https:\/\/www.mecerreyes.com\/mece\/wp-content\/uploads\/2025\/06\/Obras-en-el-Fronton-Mecerreyes-mayo-2025.jpg\" alt=\"\" class=\"wp-image-26364\" srcset=\"https:\/\/www.mecerreyes.com\/mece\/wp-content\/uploads\/2025\/06\/Obras-en-el-Fronton-Mecerreyes-mayo-2025.jpg 360w, https:\/\/www.mecerreyes.com\/mece\/wp-content\/uploads\/2025\/06\/Obras-en-el-Fronton-Mecerreyes-mayo-2025-300x226.jpg 300w\" sizes=\"(max-width: 360px) 100vw, 360px\" \/><\/a><\/figure>\n\n\n\n<figure class=\"wp-block-image aligncenter size-full\"><a  href=\"https:\/\/www.mecerreyes.com\/mece\/wp-content\/uploads\/2025\/06\/Obras-en-el-Fronton-Mecerreyes-mayo-2025-a.jpg\" class=\"thickbox no_icon\" title=\"\"><img loading=\"lazy\" decoding=\"async\" width=\"362\" height=\"269\" src=\"https:\/\/www.mecerreyes.com\/mece\/wp-content\/uploads\/2025\/06\/Obras-en-el-Fronton-Mecerreyes-mayo-2025-a.jpg\" alt=\"\" class=\"wp-image-26365\" srcset=\"https:\/\/www.mecerreyes.com\/mece\/wp-content\/uploads\/2025\/06\/Obras-en-el-Fronton-Mecerreyes-mayo-2025-a.jpg 362w, https:\/\/www.mecerreyes.com\/mece\/wp-content\/uploads\/2025\/06\/Obras-en-el-Fronton-Mecerreyes-mayo-2025-a-300x223.jpg 300w\" sizes=\"(max-width: 362px) 100vw, 362px\" \/><\/a><\/figure>\n\n\n\n<p><a  href=\"https:\/\/www.mecerreyes.com\/mece\/?page_id=24\">Ayuntamiento<\/a> Mecerreyes<\/p>\n\n\n\n<div style=\"height:59px\" aria-hidden=\"true\" class=\"wp-block-spacer\"><\/div>\n\n\n\n<p class=\"has-luminous-vivid-amber-background-color has-background\" style=\"font-size:22px\"><strong>III EDICI\u00d3N DE COCHES CL\u00c1SICOS<\/strong><\/p>\n\n\n\n<p>Las expectativas de participaci\u00f3n de este evento, se vieron reducidas &nbsp;a unos 60 autom\u00f3viles.<\/p>\n\n\n\n<p>La lluvia disuadi\u00f3 a un buen n\u00famero de veh\u00edculos que hab\u00edan concertado su cita en Mecerreyes. Apareci\u00f3 de forma torrencial desluciendo el recorrido dispuesto para los coches cl\u00e1sicos participantes en esta III Edici\u00f3n.<\/p>\n\n\n\n<p>Ejemplares antiguos en perfecto estado de conservaci\u00f3n que gustan desempolvarse y participar en este tipo de muestras donde socializar con los amantes del autom\u00f3vil.<\/p>\n\n\n\n<p>Felicitaciones a la Asociaci\u00f3n Coches Cl\u00e1sicos Mecerreyes por su entusiasmo y perfecta organizaci\u00f3n. <\/p>\n\n\n\n<figure class=\"wp-block-gallery has-nested-images columns-default is-cropped wp-block-gallery-1 is-layout-flex wp-block-gallery-is-layout-flex\">\n<figure class=\"wp-block-image size-large\"><a  href=\"https:\/\/www.mecerreyes.com\/mece\/wp-content\/uploads\/2025\/06\/III-Edicion-Coches-Clasicos-Mecerreyes-Mayo-2025-5.jpeg\" class=\"thickbox no_icon\" title=\"\"><img loading=\"lazy\" decoding=\"async\" width=\"625\" height=\"1024\" data-id=\"26367\" src=\"https:\/\/www.mecerreyes.com\/mece\/wp-content\/uploads\/2025\/06\/III-Edicion-Coches-Clasicos-Mecerreyes-Mayo-2025-5-625x1024.jpeg\" alt=\"\" class=\"wp-image-26367\" srcset=\"https:\/\/www.mecerreyes.com\/mece\/wp-content\/uploads\/2025\/06\/III-Edicion-Coches-Clasicos-Mecerreyes-Mayo-2025-5-625x1024.jpeg 625w, https:\/\/www.mecerreyes.com\/mece\/wp-content\/uploads\/2025\/06\/III-Edicion-Coches-Clasicos-Mecerreyes-Mayo-2025-5-183x300.jpeg 183w, https:\/\/www.mecerreyes.com\/mece\/wp-content\/uploads\/2025\/06\/III-Edicion-Coches-Clasicos-Mecerreyes-Mayo-2025-5-768x1258.jpeg 768w, https:\/\/www.mecerreyes.com\/mece\/wp-content\/uploads\/2025\/06\/III-Edicion-Coches-Clasicos-Mecerreyes-Mayo-2025-5-938x1536.jpeg 938w, https:\/\/www.mecerreyes.com\/mece\/wp-content\/uploads\/2025\/06\/III-Edicion-Coches-Clasicos-Mecerreyes-Mayo-2025-5.jpeg 945w\" sizes=\"(max-width: 625px) 100vw, 625px\" \/><\/a><\/figure>\n\n\n\n<figure class=\"wp-block-image size-large\"><a  href=\"https:\/\/www.mecerreyes.com\/mece\/wp-content\/uploads\/2025\/06\/III-Edicion-Coches-Clasicos-Mecerreyes-Mayo-2025-1.jpeg\" class=\"thickbox no_icon\" title=\"\"><img loading=\"lazy\" decoding=\"async\" width=\"1024\" height=\"454\" data-id=\"26371\" src=\"https:\/\/www.mecerreyes.com\/mece\/wp-content\/uploads\/2025\/06\/III-Edicion-Coches-Clasicos-Mecerreyes-Mayo-2025-1-1024x454.jpeg\" alt=\"\" class=\"wp-image-26371\" srcset=\"https:\/\/www.mecerreyes.com\/mece\/wp-content\/uploads\/2025\/06\/III-Edicion-Coches-Clasicos-Mecerreyes-Mayo-2025-1-1024x454.jpeg 1024w, https:\/\/www.mecerreyes.com\/mece\/wp-content\/uploads\/2025\/06\/III-Edicion-Coches-Clasicos-Mecerreyes-Mayo-2025-1-300x133.jpeg 300w, https:\/\/www.mecerreyes.com\/mece\/wp-content\/uploads\/2025\/06\/III-Edicion-Coches-Clasicos-Mecerreyes-Mayo-2025-1-768x341.jpeg 768w, https:\/\/www.mecerreyes.com\/mece\/wp-content\/uploads\/2025\/06\/III-Edicion-Coches-Clasicos-Mecerreyes-Mayo-2025-1-1536x682.jpeg 1536w, https:\/\/www.mecerreyes.com\/mece\/wp-content\/uploads\/2025\/06\/III-Edicion-Coches-Clasicos-Mecerreyes-Mayo-2025-1-1080x479.jpeg 1080w, https:\/\/www.mecerreyes.com\/mece\/wp-content\/uploads\/2025\/06\/III-Edicion-Coches-Clasicos-Mecerreyes-Mayo-2025-1.jpeg 1600w\" sizes=\"(max-width: 1024px) 100vw, 1024px\" \/><\/a><\/figure>\n\n\n\n<figure class=\"wp-block-image size-large\"><a  href=\"https:\/\/www.mecerreyes.com\/mece\/wp-content\/uploads\/2025\/06\/III-Edicion-Coches-Clasicos-Mecerreyes-Mayo-2025-2.jpeg\" class=\"thickbox no_icon\" title=\"\"><img loading=\"lazy\" decoding=\"async\" width=\"756\" height=\"398\" data-id=\"26368\" src=\"https:\/\/www.mecerreyes.com\/mece\/wp-content\/uploads\/2025\/06\/III-Edicion-Coches-Clasicos-Mecerreyes-Mayo-2025-2.jpeg\" alt=\"\" class=\"wp-image-26368\" srcset=\"https:\/\/www.mecerreyes.com\/mece\/wp-content\/uploads\/2025\/06\/III-Edicion-Coches-Clasicos-Mecerreyes-Mayo-2025-2.jpeg 756w, https:\/\/www.mecerreyes.com\/mece\/wp-content\/uploads\/2025\/06\/III-Edicion-Coches-Clasicos-Mecerreyes-Mayo-2025-2-300x158.jpeg 300w\" sizes=\"(max-width: 756px) 100vw, 756px\" \/><\/a><\/figure>\n\n\n\n<figure class=\"wp-block-image size-large\"><a  href=\"https:\/\/www.mecerreyes.com\/mece\/wp-content\/uploads\/2025\/06\/III-Edicion-Coches-Clasicos-Mecerreyes-Mayo-2025-3.jpeg\" class=\"thickbox no_icon\" title=\"\"><img loading=\"lazy\" decoding=\"async\" width=\"756\" height=\"309\" data-id=\"26369\" src=\"https:\/\/www.mecerreyes.com\/mece\/wp-content\/uploads\/2025\/06\/III-Edicion-Coches-Clasicos-Mecerreyes-Mayo-2025-3.jpeg\" alt=\"\" class=\"wp-image-26369\" srcset=\"https:\/\/www.mecerreyes.com\/mece\/wp-content\/uploads\/2025\/06\/III-Edicion-Coches-Clasicos-Mecerreyes-Mayo-2025-3.jpeg 756w, https:\/\/www.mecerreyes.com\/mece\/wp-content\/uploads\/2025\/06\/III-Edicion-Coches-Clasicos-Mecerreyes-Mayo-2025-3-300x123.jpeg 300w\" sizes=\"(max-width: 756px) 100vw, 756px\" \/><\/a><\/figure>\n\n\n\n<figure class=\"wp-block-image size-large\"><a  href=\"https:\/\/www.mecerreyes.com\/mece\/wp-content\/uploads\/2025\/06\/III-Edicion-Coches-Clasicos-Mecerreyes-Mayo-2025-4.jpeg\" class=\"thickbox no_icon\" title=\"\"><img loading=\"lazy\" decoding=\"async\" width=\"756\" height=\"491\" data-id=\"26370\" src=\"https:\/\/www.mecerreyes.com\/mece\/wp-content\/uploads\/2025\/06\/III-Edicion-Coches-Clasicos-Mecerreyes-Mayo-2025-4.jpeg\" alt=\"\" class=\"wp-image-26370\" srcset=\"https:\/\/www.mecerreyes.com\/mece\/wp-content\/uploads\/2025\/06\/III-Edicion-Coches-Clasicos-Mecerreyes-Mayo-2025-4.jpeg 756w, https:\/\/www.mecerreyes.com\/mece\/wp-content\/uploads\/2025\/06\/III-Edicion-Coches-Clasicos-Mecerreyes-Mayo-2025-4-300x195.jpeg 300w\" sizes=\"(max-width: 756px) 100vw, 756px\" \/><\/a><\/figure>\n<\/figure>\n\n\n\n<p style=\"font-size:20px\"><a  href=\"https:\/\/www.diariodeburgos.es\/noticia\/z572c0bfb-be4f-431b-98b25f6a1bce6a38\/202505\/entre-clasicos-en-mecerreyes\" target=\"_blank\" rel=\"noreferrer noopener\">Entre cl\u00e1sicos en Mecerreyes &#8211; Diario de Burgos<\/a><\/p>\n\n\n\n<div style=\"height:59px\" aria-hidden=\"true\" class=\"wp-block-spacer\"><\/div>\n\n\n\n<p class=\"has-luminous-vivid-amber-background-color has-background\" style=\"font-size:22px\"><strong><a  href=\"https:\/\/www.mecerreyes.com\/mece\/?page_id=56\">SAN ISIDRO<\/a><\/strong><\/p>\n\n\n\n<p>Un a\u00f1o m\u00e1s se honr\u00f3 al Santo de los labradores. Despu\u00e9s de los actos religiosos y la tradicional bendici\u00f3n de los campos, la cita pas\u00f3 a las mesas del <a  href=\"https:\/\/www.mecerreyes.com\/mece\/?page_id=797\">Mes\u00f3n de Frutos<\/a>.<\/p>\n\n\n\n<p>Con alegr\u00eda y ganas de salir despu\u00e9s de tantas jornadas lluviosas, de estar juntos, de disfrutar de la suculenta comida, de la sobremesa\u2026, en fin, peque\u00f1as cosas que hacen grande un d\u00eda en Mecerreyes. <\/p>\n\n\n\n<figure class=\"wp-block-image size-large\"><a  href=\"https:\/\/www.mecerreyes.com\/mece\/wp-content\/uploads\/2025\/06\/San-Isidro-Mecerreyes-15-05-2025.jpeg\" class=\"thickbox no_icon\" title=\"\"><img loading=\"lazy\" decoding=\"async\" width=\"660\" height=\"1024\" src=\"https:\/\/www.mecerreyes.com\/mece\/wp-content\/uploads\/2025\/06\/San-Isidro-Mecerreyes-15-05-2025-660x1024.jpeg\" alt=\"\" class=\"wp-image-26372\" srcset=\"https:\/\/www.mecerreyes.com\/mece\/wp-content\/uploads\/2025\/06\/San-Isidro-Mecerreyes-15-05-2025-660x1024.jpeg 660w, https:\/\/www.mecerreyes.com\/mece\/wp-content\/uploads\/2025\/06\/San-Isidro-Mecerreyes-15-05-2025-193x300.jpeg 193w, https:\/\/www.mecerreyes.com\/mece\/wp-content\/uploads\/2025\/06\/San-Isidro-Mecerreyes-15-05-2025.jpeg 680w\" sizes=\"(max-width: 660px) 100vw, 660px\" \/><\/a><\/figure>\n\n\n\n<div style=\"height:59px\" aria-hidden=\"true\" class=\"wp-block-spacer\"><\/div>\n\n\n\n<p class=\"has-luminous-vivid-amber-background-color has-background\" style=\"font-size:22px\"><strong>III EDICI\u00d3N DEGUSTA ARLANZA.<\/strong><\/p>\n\n\n\n<p><\/p>\n\n\n\n<p>La excelente participaci\u00f3n en esta tercera edici\u00f3n, consolida este evento que re\u00fane a amigos de la comarca del Arlanza para conocer nuestro pueblo y degustar exquisitos productos de la tierra.<\/p>\n\n\n\n<figure class=\"wp-block-gallery has-nested-images columns-default is-cropped wp-block-gallery-2 is-layout-flex wp-block-gallery-is-layout-flex\">\n<figure class=\"wp-block-image size-large\"><a  href=\"https:\/\/www.mecerreyes.com\/mece\/wp-content\/uploads\/2025\/06\/III-Edicion-Degusta-Arlanza-Mecerreyes-17-05-2025-8.jpeg\" class=\"thickbox no_icon\" title=\"\"><img loading=\"lazy\" decoding=\"async\" width=\"756\" height=\"378\" data-id=\"26381\" src=\"https:\/\/www.mecerreyes.com\/mece\/wp-content\/uploads\/2025\/06\/III-Edicion-Degusta-Arlanza-Mecerreyes-17-05-2025-8.jpeg\" alt=\"\" class=\"wp-image-26381\" srcset=\"https:\/\/www.mecerreyes.com\/mece\/wp-content\/uploads\/2025\/06\/III-Edicion-Degusta-Arlanza-Mecerreyes-17-05-2025-8.jpeg 756w, https:\/\/www.mecerreyes.com\/mece\/wp-content\/uploads\/2025\/06\/III-Edicion-Degusta-Arlanza-Mecerreyes-17-05-2025-8-300x150.jpeg 300w\" sizes=\"(max-width: 756px) 100vw, 756px\" \/><\/a><\/figure>\n\n\n\n<figure class=\"wp-block-image size-large\"><a  href=\"https:\/\/www.mecerreyes.com\/mece\/wp-content\/uploads\/2025\/06\/III-Edicion-Degusta-Arlanza-Mecerreyes-17-05-2025-7.jpeg\" class=\"thickbox no_icon\" title=\"\"><img loading=\"lazy\" decoding=\"async\" width=\"945\" height=\"405\" data-id=\"26380\" src=\"https:\/\/www.mecerreyes.com\/mece\/wp-content\/uploads\/2025\/06\/III-Edicion-Degusta-Arlanza-Mecerreyes-17-05-2025-7.jpeg\" alt=\"\" class=\"wp-image-26380\" srcset=\"https:\/\/www.mecerreyes.com\/mece\/wp-content\/uploads\/2025\/06\/III-Edicion-Degusta-Arlanza-Mecerreyes-17-05-2025-7.jpeg 945w, https:\/\/www.mecerreyes.com\/mece\/wp-content\/uploads\/2025\/06\/III-Edicion-Degusta-Arlanza-Mecerreyes-17-05-2025-7-300x129.jpeg 300w, https:\/\/www.mecerreyes.com\/mece\/wp-content\/uploads\/2025\/06\/III-Edicion-Degusta-Arlanza-Mecerreyes-17-05-2025-7-768x329.jpeg 768w\" sizes=\"(max-width: 945px) 100vw, 945px\" \/><\/a><\/figure>\n<\/figure>\n\n\n\n<p>Un d\u00eda espectacular, unas cocineras de primera categor\u00eda y una organizaci\u00f3n de sobresaliente, reunieron a cerca de 200 personas en el patio de las escuelas.<\/p>\n\n\n\n<figure class=\"wp-block-image size-full\"><a  href=\"https:\/\/www.mecerreyes.com\/mece\/wp-content\/uploads\/2025\/06\/III-Edicion-Degusta-Arlanza-Mecerreyes-17-05-2025-3.jpeg\" class=\"thickbox no_icon\" title=\"\"><img loading=\"lazy\" decoding=\"async\" width=\"756\" height=\"478\" src=\"https:\/\/www.mecerreyes.com\/mece\/wp-content\/uploads\/2025\/06\/III-Edicion-Degusta-Arlanza-Mecerreyes-17-05-2025-3.jpeg\" alt=\"\" class=\"wp-image-26376\" srcset=\"https:\/\/www.mecerreyes.com\/mece\/wp-content\/uploads\/2025\/06\/III-Edicion-Degusta-Arlanza-Mecerreyes-17-05-2025-3.jpeg 756w, https:\/\/www.mecerreyes.com\/mece\/wp-content\/uploads\/2025\/06\/III-Edicion-Degusta-Arlanza-Mecerreyes-17-05-2025-3-300x190.jpeg 300w\" sizes=\"(max-width: 756px) 100vw, 756px\" \/><\/a><\/figure>\n\n\n\n<p>La ruta por el monte, por el pueblo a trav\u00e9s de las esculturas de \u00c1ngel Gil, la visita a la Iglesia, el concurso de beber en porr\u00f3n fueron la previa a una entra\u00f1able comida. <\/p>\n\n\n\n<figure class=\"wp-block-gallery has-nested-images columns-default is-cropped wp-block-gallery-3 is-layout-flex wp-block-gallery-is-layout-flex\">\n<figure class=\"wp-block-image size-large\"><a  href=\"https:\/\/www.mecerreyes.com\/mece\/wp-content\/uploads\/2025\/06\/Concurso-Beber-en-Porron-Mecerreyes-17-05-2025-III-Degusta-Arlanza.jpg\" class=\"thickbox no_icon\" title=\"\"><img loading=\"lazy\" decoding=\"async\" width=\"724\" height=\"1024\" data-id=\"26379\" src=\"https:\/\/www.mecerreyes.com\/mece\/wp-content\/uploads\/2025\/06\/Concurso-Beber-en-Porron-Mecerreyes-17-05-2025-III-Degusta-Arlanza-724x1024.jpg\" alt=\"\" class=\"wp-image-26379\" srcset=\"https:\/\/www.mecerreyes.com\/mece\/wp-content\/uploads\/2025\/06\/Concurso-Beber-en-Porron-Mecerreyes-17-05-2025-III-Degusta-Arlanza-724x1024.jpg 724w, https:\/\/www.mecerreyes.com\/mece\/wp-content\/uploads\/2025\/06\/Concurso-Beber-en-Porron-Mecerreyes-17-05-2025-III-Degusta-Arlanza-212x300.jpg 212w, https:\/\/www.mecerreyes.com\/mece\/wp-content\/uploads\/2025\/06\/Concurso-Beber-en-Porron-Mecerreyes-17-05-2025-III-Degusta-Arlanza-768x1087.jpg 768w, https:\/\/www.mecerreyes.com\/mece\/wp-content\/uploads\/2025\/06\/Concurso-Beber-en-Porron-Mecerreyes-17-05-2025-III-Degusta-Arlanza-1086x1536.jpg 1086w, https:\/\/www.mecerreyes.com\/mece\/wp-content\/uploads\/2025\/06\/Concurso-Beber-en-Porron-Mecerreyes-17-05-2025-III-Degusta-Arlanza-1080x1528.jpg 1080w, https:\/\/www.mecerreyes.com\/mece\/wp-content\/uploads\/2025\/06\/Concurso-Beber-en-Porron-Mecerreyes-17-05-2025-III-Degusta-Arlanza.jpg 1417w\" sizes=\"(max-width: 724px) 100vw, 724px\" \/><\/a><\/figure>\n<\/figure>\n\n\n\n<p>Las lentejas con chorizo y morcilla, se acompa\u00f1aron este a\u00f1o de costillas adobadas y oreja, gentileza de Casquer\u00eda Alonso. <\/p>\n\n\n\n<p>El jurado del divertido concurso de beber en porr\u00f3n, eligi\u00f3 a Lorenzo como ganador, y a Jos\u00e9 Ram\u00f3n y Fernando empatados en segundo lugar. <\/p>\n\n\n\n<figure class=\"wp-block-gallery has-nested-images columns-default is-cropped wp-block-gallery-4 is-layout-flex wp-block-gallery-is-layout-flex\">\n<figure class=\"wp-block-image size-full\"><a  href=\"https:\/\/www.mecerreyes.com\/mece\/wp-content\/uploads\/2025\/06\/III-Edicion-Degusta-Arlanza-Mecerreyes-17-05-2025-1.jpeg\" class=\"thickbox no_icon\" title=\"\"><img loading=\"lazy\" decoding=\"async\" width=\"756\" height=\"513\" data-id=\"26373\" src=\"https:\/\/www.mecerreyes.com\/mece\/wp-content\/uploads\/2025\/06\/III-Edicion-Degusta-Arlanza-Mecerreyes-17-05-2025-1.jpeg\" alt=\"\" class=\"wp-image-26373\" srcset=\"https:\/\/www.mecerreyes.com\/mece\/wp-content\/uploads\/2025\/06\/III-Edicion-Degusta-Arlanza-Mecerreyes-17-05-2025-1.jpeg 756w, https:\/\/www.mecerreyes.com\/mece\/wp-content\/uploads\/2025\/06\/III-Edicion-Degusta-Arlanza-Mecerreyes-17-05-2025-1-300x204.jpeg 300w\" sizes=\"(max-width: 756px) 100vw, 756px\" \/><\/a><\/figure>\n\n\n\n<figure class=\"wp-block-image size-full\"><a  href=\"https:\/\/www.mecerreyes.com\/mece\/wp-content\/uploads\/2025\/06\/III-Edicion-Degusta-Arlanza-Mecerreyes-17-05-2025-6.jpg\" class=\"thickbox no_icon\" title=\"\"><img loading=\"lazy\" decoding=\"async\" width=\"567\" height=\"378\" data-id=\"26378\" src=\"https:\/\/www.mecerreyes.com\/mece\/wp-content\/uploads\/2025\/06\/III-Edicion-Degusta-Arlanza-Mecerreyes-17-05-2025-6.jpg\" alt=\"\" class=\"wp-image-26378\" srcset=\"https:\/\/www.mecerreyes.com\/mece\/wp-content\/uploads\/2025\/06\/III-Edicion-Degusta-Arlanza-Mecerreyes-17-05-2025-6.jpg 567w, https:\/\/www.mecerreyes.com\/mece\/wp-content\/uploads\/2025\/06\/III-Edicion-Degusta-Arlanza-Mecerreyes-17-05-2025-6-300x200.jpg 300w\" sizes=\"(max-width: 567px) 100vw, 567px\" \/><\/a><\/figure>\n\n\n\n<figure class=\"wp-block-image size-full\"><a  href=\"https:\/\/www.mecerreyes.com\/mece\/wp-content\/uploads\/2025\/06\/III-Edicion-Degusta-Arlanza-Mecerreyes-17-05-2025-2.jpeg\" class=\"thickbox no_icon\" title=\"\"><img loading=\"lazy\" decoding=\"async\" width=\"945\" height=\"668\" data-id=\"26374\" src=\"https:\/\/www.mecerreyes.com\/mece\/wp-content\/uploads\/2025\/06\/III-Edicion-Degusta-Arlanza-Mecerreyes-17-05-2025-2.jpeg\" alt=\"\" class=\"wp-image-26374\" srcset=\"https:\/\/www.mecerreyes.com\/mece\/wp-content\/uploads\/2025\/06\/III-Edicion-Degusta-Arlanza-Mecerreyes-17-05-2025-2.jpeg 945w, https:\/\/www.mecerreyes.com\/mece\/wp-content\/uploads\/2025\/06\/III-Edicion-Degusta-Arlanza-Mecerreyes-17-05-2025-2-300x212.jpeg 300w, https:\/\/www.mecerreyes.com\/mece\/wp-content\/uploads\/2025\/06\/III-Edicion-Degusta-Arlanza-Mecerreyes-17-05-2025-2-768x543.jpeg 768w, https:\/\/www.mecerreyes.com\/mece\/wp-content\/uploads\/2025\/06\/III-Edicion-Degusta-Arlanza-Mecerreyes-17-05-2025-2-400x284.jpeg 400w\" sizes=\"(max-width: 945px) 100vw, 945px\" \/><\/a><\/figure>\n<\/figure>\n\n\n\n<p>El sorteo de la cesta con productos de la comarca del Arlanza, obsequio de la Plataforma Arl\u00e1nzate recay\u00f3 en Ana Santamar\u00eda. <\/p>\n\n\n\n<figure class=\"wp-block-image aligncenter size-full is-resized\"><a  href=\"https:\/\/www.mecerreyes.com\/mece\/wp-content\/uploads\/2025\/06\/III-Edicion-Degusta-Arlanza-Mecerreyes-17-05-2025-9.jpeg\" class=\"thickbox no_icon\" title=\"\"><img loading=\"lazy\" decoding=\"async\" width=\"567\" height=\"877\" src=\"https:\/\/www.mecerreyes.com\/mece\/wp-content\/uploads\/2025\/06\/III-Edicion-Degusta-Arlanza-Mecerreyes-17-05-2025-9.jpeg\" alt=\"\" class=\"wp-image-26382\" style=\"width:374px;height:auto\" srcset=\"https:\/\/www.mecerreyes.com\/mece\/wp-content\/uploads\/2025\/06\/III-Edicion-Degusta-Arlanza-Mecerreyes-17-05-2025-9.jpeg 567w, https:\/\/www.mecerreyes.com\/mece\/wp-content\/uploads\/2025\/06\/III-Edicion-Degusta-Arlanza-Mecerreyes-17-05-2025-9-194x300.jpeg 194w\" sizes=\"(max-width: 567px) 100vw, 567px\" \/><\/a><\/figure>\n\n\n\n<p>Muchas fueron las muestras de agradecimiento a las cocineras y a la Asociaci\u00f3n Cultural Mecerreyes \u201c<em>por tanto bien<\/em>\u201d como hacen por el pueblo. <\/p>\n\n\n\n<figure class=\"wp-block-image size-full\"><a  href=\"https:\/\/www.mecerreyes.com\/mece\/wp-content\/uploads\/2025\/06\/III-Edicion-Degusta-Arlanza-Mecerreyes-17-05-2025-5.jpeg\" class=\"thickbox no_icon\" title=\"\"><img loading=\"lazy\" decoding=\"async\" width=\"756\" height=\"351\" src=\"https:\/\/www.mecerreyes.com\/mece\/wp-content\/uploads\/2025\/06\/III-Edicion-Degusta-Arlanza-Mecerreyes-17-05-2025-5.jpeg\" alt=\"\" class=\"wp-image-26375\" srcset=\"https:\/\/www.mecerreyes.com\/mece\/wp-content\/uploads\/2025\/06\/III-Edicion-Degusta-Arlanza-Mecerreyes-17-05-2025-5.jpeg 756w, https:\/\/www.mecerreyes.com\/mece\/wp-content\/uploads\/2025\/06\/III-Edicion-Degusta-Arlanza-Mecerreyes-17-05-2025-5-300x139.jpeg 300w\" sizes=\"(max-width: 756px) 100vw, 756px\" \/><\/a><\/figure>\n\n\n\n<p>La cita en el sal\u00f3n del <a  href=\"https:\/\/www.mecerreyes.com\/mece\/?page_id=24\">Ayuntamiento<\/a> para ver la actuaci\u00f3n del <strong>Mago Luis Joyra<\/strong> fue el remate perfecto a esta bonita jornada. fotos<\/p>\n\n\n\n<figure class=\"wp-block-gallery has-nested-images columns-default is-cropped wp-block-gallery-5 is-layout-flex wp-block-gallery-is-layout-flex\">\n<figure class=\"wp-block-image size-large\"><a  href=\"https:\/\/www.mecerreyes.com\/mece\/wp-content\/uploads\/2025\/06\/Mecerreyes-Mago-Luis-Joyra-17-05-2025-1.jpeg\" class=\"thickbox no_icon\" title=\"\"><img loading=\"lazy\" decoding=\"async\" width=\"756\" height=\"431\" data-id=\"26383\" src=\"https:\/\/www.mecerreyes.com\/mece\/wp-content\/uploads\/2025\/06\/Mecerreyes-Mago-Luis-Joyra-17-05-2025-1.jpeg\" alt=\"\" class=\"wp-image-26383\" srcset=\"https:\/\/www.mecerreyes.com\/mece\/wp-content\/uploads\/2025\/06\/Mecerreyes-Mago-Luis-Joyra-17-05-2025-1.jpeg 756w, https:\/\/www.mecerreyes.com\/mece\/wp-content\/uploads\/2025\/06\/Mecerreyes-Mago-Luis-Joyra-17-05-2025-1-300x171.jpeg 300w\" sizes=\"(max-width: 756px) 100vw, 756px\" \/><\/a><\/figure>\n\n\n\n<figure class=\"wp-block-image size-large\"><a  href=\"https:\/\/www.mecerreyes.com\/mece\/wp-content\/uploads\/2025\/06\/Mecerreyes-Mago-Luis-Joyra-17-05-2025-2.jpeg\" class=\"thickbox no_icon\" title=\"\"><img loading=\"lazy\" decoding=\"async\" width=\"945\" height=\"362\" data-id=\"26384\" src=\"https:\/\/www.mecerreyes.com\/mece\/wp-content\/uploads\/2025\/06\/Mecerreyes-Mago-Luis-Joyra-17-05-2025-2.jpeg\" alt=\"\" class=\"wp-image-26384\" srcset=\"https:\/\/www.mecerreyes.com\/mece\/wp-content\/uploads\/2025\/06\/Mecerreyes-Mago-Luis-Joyra-17-05-2025-2.jpeg 945w, https:\/\/www.mecerreyes.com\/mece\/wp-content\/uploads\/2025\/06\/Mecerreyes-Mago-Luis-Joyra-17-05-2025-2-300x115.jpeg 300w, https:\/\/www.mecerreyes.com\/mece\/wp-content\/uploads\/2025\/06\/Mecerreyes-Mago-Luis-Joyra-17-05-2025-2-768x294.jpeg 768w\" sizes=\"(max-width: 945px) 100vw, 945px\" \/><\/a><\/figure>\n<\/figure>\n\n\n\n<div style=\"height:59px\" aria-hidden=\"true\" class=\"wp-block-spacer\"><\/div>\n\n\n\n<p class=\"has-luminous-vivid-amber-background-color has-background\" style=\"font-size:22px\"><strong>EXCURSI\u00d3N JUBILADOS<\/strong><\/p>\n\n\n\n<p>Dicen los disfrutones del pueblo que:<\/p>\n\n\n\n<p><strong>Vivir<\/strong> en Mecerreyes una vez que la etapa de vida laboral ha llegado a su fin, <strong>participar<\/strong> de cuantos eventos dinamizan la vida de nuestro pueblo, <strong>compartir<\/strong> con los amig@s\u00a0 la partida de cartas en el Bar La Villa cada d\u00eda, o cada fin de semana, <strong>almorzar<\/strong> en la bodega, <strong>pasear<\/strong>, <strong>quedar<\/strong> para los rezos del rosario, <strong>atender<\/strong> el huerto, <strong>consentir<\/strong> a los nietos\u2026,  es un buen plan para <strong>socializar<\/strong> y <strong>combatir<\/strong> la pereza, que, si vivieran en Burgos, no tendr\u00edan ese trasiego de verbos.<\/p>\n\n\n\n<p>Y si lo dice la voz de la experiencia, aunque no sea m\u00e1s que por los a\u00f1os vividos, por el convencimiento de que hay que disfrutar el presente, porque lo malo viene sin pedir permiso, habr\u00e1 que tener en cuenta sus consejos y seguir haciendo cosas para evitar la soledad no buscada y cerrar con dignidad los \u00faltimos a\u00f1os de vida.<\/p>\n\n\n\n<p>Del 4 al 11 de mayo, unos cuantos disfrutones se fueron de excursi\u00f3n a Benidorm, organizada por Uni\u00f3n de <a  href=\"https:\/\/www.mecerreyes.com\/mece\/?page_id=265\">Asociaciones<\/a> de Personas Mayores, Aralanza y Monte.<\/p>\n\n\n\n<p>Felicitaciones por compartir consejos y alegr\u00eda con todos nosotros. <\/p>\n\n\n\n<figure class=\"wp-block-gallery has-nested-images columns-default is-cropped wp-block-gallery-6 is-layout-flex wp-block-gallery-is-layout-flex\">\n<figure class=\"wp-block-image size-large\"><a  href=\"https:\/\/www.mecerreyes.com\/mece\/wp-content\/uploads\/2025\/06\/Guiletos-en-Benidorm-mayo-2025-3.jpeg\" class=\"thickbox no_icon\" title=\"\"><img loading=\"lazy\" decoding=\"async\" width=\"756\" height=\"639\" data-id=\"26413\" src=\"https:\/\/www.mecerreyes.com\/mece\/wp-content\/uploads\/2025\/06\/Guiletos-en-Benidorm-mayo-2025-3.jpeg\" alt=\"\" class=\"wp-image-26413\" srcset=\"https:\/\/www.mecerreyes.com\/mece\/wp-content\/uploads\/2025\/06\/Guiletos-en-Benidorm-mayo-2025-3.jpeg 756w, https:\/\/www.mecerreyes.com\/mece\/wp-content\/uploads\/2025\/06\/Guiletos-en-Benidorm-mayo-2025-3-300x254.jpeg 300w\" sizes=\"(max-width: 756px) 100vw, 756px\" \/><\/a><\/figure>\n\n\n\n<figure class=\"wp-block-image size-large\"><a  href=\"https:\/\/www.mecerreyes.com\/mece\/wp-content\/uploads\/2025\/06\/Guiletos-en-Benidorm-mayo-2025-1.jpeg\" class=\"thickbox no_icon\" title=\"\"><img loading=\"lazy\" decoding=\"async\" width=\"945\" height=\"557\" data-id=\"26414\" src=\"https:\/\/www.mecerreyes.com\/mece\/wp-content\/uploads\/2025\/06\/Guiletos-en-Benidorm-mayo-2025-1.jpeg\" alt=\"\" class=\"wp-image-26414\" srcset=\"https:\/\/www.mecerreyes.com\/mece\/wp-content\/uploads\/2025\/06\/Guiletos-en-Benidorm-mayo-2025-1.jpeg 945w, https:\/\/www.mecerreyes.com\/mece\/wp-content\/uploads\/2025\/06\/Guiletos-en-Benidorm-mayo-2025-1-300x177.jpeg 300w, https:\/\/www.mecerreyes.com\/mece\/wp-content\/uploads\/2025\/06\/Guiletos-en-Benidorm-mayo-2025-1-768x453.jpeg 768w\" sizes=\"(max-width: 945px) 100vw, 945px\" \/><\/a><\/figure>\n\n\n\n<figure class=\"wp-block-image size-large\"><a  href=\"https:\/\/www.mecerreyes.com\/mece\/wp-content\/uploads\/2025\/06\/Guiletos-en-Benidorm-mayo-2025-2.jpeg\" class=\"thickbox no_icon\" title=\"\"><img loading=\"lazy\" decoding=\"async\" width=\"756\" height=\"479\" data-id=\"26412\" src=\"https:\/\/www.mecerreyes.com\/mece\/wp-content\/uploads\/2025\/06\/Guiletos-en-Benidorm-mayo-2025-2.jpeg\" alt=\"\" class=\"wp-image-26412\" srcset=\"https:\/\/www.mecerreyes.com\/mece\/wp-content\/uploads\/2025\/06\/Guiletos-en-Benidorm-mayo-2025-2.jpeg 756w, https:\/\/www.mecerreyes.com\/mece\/wp-content\/uploads\/2025\/06\/Guiletos-en-Benidorm-mayo-2025-2-300x190.jpeg 300w\" sizes=\"(max-width: 756px) 100vw, 756px\" \/><\/a><\/figure>\n<\/figure>\n\n\n\n<div style=\"height:59px\" aria-hidden=\"true\" class=\"wp-block-spacer\"><\/div>\n\n\n\n<p class=\"has-luminous-vivid-amber-background-color has-background\" style=\"font-size:22px\"><strong>ROMER\u00cdA VIRGEN DEL CAMINO<\/strong><\/p>\n\n\n\n<p>El pasado 31 de mayo, el toque de campanas sonaba a fiesta y alegr\u00eda, reun\u00eda a los vecinos a la puerta de la iglesia para subir en procesi\u00f3n la talla de la Virgen a la ermita.<\/p>\n\n\n\n<p>El calor se hac\u00eda notar, pero las notas musicales de la dulzaina, agilizaron la subida, muchos ya estaban en la campa limpiando la maleza, organizando las mesas bajo las encinas o dentro de la carpa que el <a  href=\"https:\/\/www.mecerreyes.com\/mece\/?page_id=24\">Ayuntamiento<\/a> ha tenido a bien colocar, (ya que mayo nos ha ido sorprendiendo con lluvias alternas).<\/p>\n\n\n\n<p>Bailar a la Virgen, participar en la bonita eucarist\u00eda y compartir la paella en ese entorno romero, forma parte ya de los disfrutes de las gentes de Mecerreyes.<\/p>\n\n\n\n<p>Esta romer\u00eda es \u00edntima, es un sentimiento, ya quedan pocos que recuerden haberse casado, o celebrado en la antigua ermita cuando estaba en la carretera de Puentedura.<\/p>\n\n\n\n<p>Esperamos forjar recuerdos para cuantos participamos desde 2003 en la recuperaci\u00f3n de la talla de la virgen, cuando en 2006 la subimos por primera vez a la ermita y desde entonces cada \u00faltimo s\u00e1bado del mes de mayo nos citamos en romer\u00eda.<\/p>\n\n\n\n<p>Que nuestros hijos y nietos recuerden que <a  href=\"https:\/\/www.mecerreyes.com\/mece\/?page_id=54\">la Virgen del Camino<\/a> une a las familias y a los amigos.<\/p>\n\n\n\n<p>M\u00fasica tradicional, paella para 350, en la rifa, el jam\u00f3n se lo llev\u00f3 \u00c1ngel Gil y el queso a Joaqu\u00edn Portal<\/p>\n\n\n\n<figure class=\"wp-block-gallery has-nested-images columns-default is-cropped wp-block-gallery-7 is-layout-flex wp-block-gallery-is-layout-flex\">\n<figure class=\"wp-block-image size-large\"><a  href=\"https:\/\/www.mecerreyes.com\/mece\/wp-content\/uploads\/2025\/06\/Mecerreyes-Romeria-Virgen-del-Camino-31-05-2025-1.jpg\" class=\"thickbox no_icon\" title=\"\"><img loading=\"lazy\" decoding=\"async\" width=\"1024\" height=\"768\" data-id=\"26403\" src=\"https:\/\/www.mecerreyes.com\/mece\/wp-content\/uploads\/2025\/06\/Mecerreyes-Romeria-Virgen-del-Camino-31-05-2025-1-1024x768.jpg\" alt=\"\" class=\"wp-image-26403\" srcset=\"https:\/\/www.mecerreyes.com\/mece\/wp-content\/uploads\/2025\/06\/Mecerreyes-Romeria-Virgen-del-Camino-31-05-2025-1-1024x768.jpg 1024w, https:\/\/www.mecerreyes.com\/mece\/wp-content\/uploads\/2025\/06\/Mecerreyes-Romeria-Virgen-del-Camino-31-05-2025-1-300x225.jpg 300w, https:\/\/www.mecerreyes.com\/mece\/wp-content\/uploads\/2025\/06\/Mecerreyes-Romeria-Virgen-del-Camino-31-05-2025-1-768x576.jpg 768w, https:\/\/www.mecerreyes.com\/mece\/wp-content\/uploads\/2025\/06\/Mecerreyes-Romeria-Virgen-del-Camino-31-05-2025-1.jpg 1063w\" sizes=\"(max-width: 1024px) 100vw, 1024px\" \/><\/a><\/figure>\n\n\n\n<figure class=\"wp-block-image size-large\"><a  href=\"https:\/\/www.mecerreyes.com\/mece\/wp-content\/uploads\/2025\/06\/Mecerreyes-Romeria-Virgen-del-Camino-31-05-2025-2.jpg\" class=\"thickbox no_icon\" title=\"\"><img loading=\"lazy\" decoding=\"async\" width=\"1024\" height=\"768\" data-id=\"26386\" src=\"https:\/\/www.mecerreyes.com\/mece\/wp-content\/uploads\/2025\/06\/Mecerreyes-Romeria-Virgen-del-Camino-31-05-2025-2-1024x768.jpg\" alt=\"\" class=\"wp-image-26386\" srcset=\"https:\/\/www.mecerreyes.com\/mece\/wp-content\/uploads\/2025\/06\/Mecerreyes-Romeria-Virgen-del-Camino-31-05-2025-2-1024x768.jpg 1024w, https:\/\/www.mecerreyes.com\/mece\/wp-content\/uploads\/2025\/06\/Mecerreyes-Romeria-Virgen-del-Camino-31-05-2025-2-300x225.jpg 300w, https:\/\/www.mecerreyes.com\/mece\/wp-content\/uploads\/2025\/06\/Mecerreyes-Romeria-Virgen-del-Camino-31-05-2025-2-768x576.jpg 768w, https:\/\/www.mecerreyes.com\/mece\/wp-content\/uploads\/2025\/06\/Mecerreyes-Romeria-Virgen-del-Camino-31-05-2025-2.jpg 1063w\" sizes=\"(max-width: 1024px) 100vw, 1024px\" \/><\/a><\/figure>\n\n\n\n<figure class=\"wp-block-image size-large\"><a  href=\"https:\/\/www.mecerreyes.com\/mece\/wp-content\/uploads\/2025\/06\/Mecerreyes-Romeria-Virgen-del-Camino-31-05-2025-3.jpg\" class=\"thickbox no_icon\" title=\"\"><img loading=\"lazy\" decoding=\"async\" width=\"1024\" height=\"768\" data-id=\"26401\" src=\"https:\/\/www.mecerreyes.com\/mece\/wp-content\/uploads\/2025\/06\/Mecerreyes-Romeria-Virgen-del-Camino-31-05-2025-3-1024x768.jpg\" alt=\"\" class=\"wp-image-26401\" srcset=\"https:\/\/www.mecerreyes.com\/mece\/wp-content\/uploads\/2025\/06\/Mecerreyes-Romeria-Virgen-del-Camino-31-05-2025-3-1024x768.jpg 1024w, https:\/\/www.mecerreyes.com\/mece\/wp-content\/uploads\/2025\/06\/Mecerreyes-Romeria-Virgen-del-Camino-31-05-2025-3-300x225.jpg 300w, https:\/\/www.mecerreyes.com\/mece\/wp-content\/uploads\/2025\/06\/Mecerreyes-Romeria-Virgen-del-Camino-31-05-2025-3-768x576.jpg 768w, https:\/\/www.mecerreyes.com\/mece\/wp-content\/uploads\/2025\/06\/Mecerreyes-Romeria-Virgen-del-Camino-31-05-2025-3.jpg 1063w\" sizes=\"(max-width: 1024px) 100vw, 1024px\" \/><\/a><\/figure>\n\n\n\n<figure class=\"wp-block-image size-large\"><a  href=\"https:\/\/www.mecerreyes.com\/mece\/wp-content\/uploads\/2025\/06\/Mecerreyes-Romeria-Virgen-del-Camino-31-05-2025-4.jpg\" class=\"thickbox no_icon\" title=\"\"><img loading=\"lazy\" decoding=\"async\" width=\"1024\" height=\"768\" data-id=\"26385\" src=\"https:\/\/www.mecerreyes.com\/mece\/wp-content\/uploads\/2025\/06\/Mecerreyes-Romeria-Virgen-del-Camino-31-05-2025-4-1024x768.jpg\" alt=\"\" class=\"wp-image-26385\" srcset=\"https:\/\/www.mecerreyes.com\/mece\/wp-content\/uploads\/2025\/06\/Mecerreyes-Romeria-Virgen-del-Camino-31-05-2025-4-1024x768.jpg 1024w, https:\/\/www.mecerreyes.com\/mece\/wp-content\/uploads\/2025\/06\/Mecerreyes-Romeria-Virgen-del-Camino-31-05-2025-4-300x225.jpg 300w, https:\/\/www.mecerreyes.com\/mece\/wp-content\/uploads\/2025\/06\/Mecerreyes-Romeria-Virgen-del-Camino-31-05-2025-4-768x576.jpg 768w, https:\/\/www.mecerreyes.com\/mece\/wp-content\/uploads\/2025\/06\/Mecerreyes-Romeria-Virgen-del-Camino-31-05-2025-4.jpg 1063w\" sizes=\"(max-width: 1024px) 100vw, 1024px\" \/><\/a><\/figure>\n\n\n\n<figure class=\"wp-block-image size-large\"><a  href=\"https:\/\/www.mecerreyes.com\/mece\/wp-content\/uploads\/2025\/06\/Mecerreyes-Romeria-Virgen-del-Camino-31-05-2025-5.jpg\" class=\"thickbox no_icon\" title=\"\"><img loading=\"lazy\" decoding=\"async\" width=\"1024\" height=\"768\" data-id=\"26387\" src=\"https:\/\/www.mecerreyes.com\/mece\/wp-content\/uploads\/2025\/06\/Mecerreyes-Romeria-Virgen-del-Camino-31-05-2025-5-1024x768.jpg\" alt=\"\" class=\"wp-image-26387\" srcset=\"https:\/\/www.mecerreyes.com\/mece\/wp-content\/uploads\/2025\/06\/Mecerreyes-Romeria-Virgen-del-Camino-31-05-2025-5-1024x768.jpg 1024w, https:\/\/www.mecerreyes.com\/mece\/wp-content\/uploads\/2025\/06\/Mecerreyes-Romeria-Virgen-del-Camino-31-05-2025-5-300x225.jpg 300w, https:\/\/www.mecerreyes.com\/mece\/wp-content\/uploads\/2025\/06\/Mecerreyes-Romeria-Virgen-del-Camino-31-05-2025-5-768x576.jpg 768w, https:\/\/www.mecerreyes.com\/mece\/wp-content\/uploads\/2025\/06\/Mecerreyes-Romeria-Virgen-del-Camino-31-05-2025-5.jpg 1063w\" sizes=\"(max-width: 1024px) 100vw, 1024px\" \/><\/a><\/figure>\n\n\n\n<figure class=\"wp-block-image size-large\"><a  href=\"https:\/\/www.mecerreyes.com\/mece\/wp-content\/uploads\/2025\/06\/Mecerreyes-Romeria-Virgen-del-Camino-31-05-2025-6.jpg\" class=\"thickbox no_icon\" title=\"\"><img loading=\"lazy\" decoding=\"async\" width=\"1024\" height=\"768\" data-id=\"26398\" src=\"https:\/\/www.mecerreyes.com\/mece\/wp-content\/uploads\/2025\/06\/Mecerreyes-Romeria-Virgen-del-Camino-31-05-2025-6-1024x768.jpg\" alt=\"\" class=\"wp-image-26398\" srcset=\"https:\/\/www.mecerreyes.com\/mece\/wp-content\/uploads\/2025\/06\/Mecerreyes-Romeria-Virgen-del-Camino-31-05-2025-6-1024x768.jpg 1024w, https:\/\/www.mecerreyes.com\/mece\/wp-content\/uploads\/2025\/06\/Mecerreyes-Romeria-Virgen-del-Camino-31-05-2025-6-300x225.jpg 300w, https:\/\/www.mecerreyes.com\/mece\/wp-content\/uploads\/2025\/06\/Mecerreyes-Romeria-Virgen-del-Camino-31-05-2025-6-768x576.jpg 768w, https:\/\/www.mecerreyes.com\/mece\/wp-content\/uploads\/2025\/06\/Mecerreyes-Romeria-Virgen-del-Camino-31-05-2025-6.jpg 1063w\" sizes=\"(max-width: 1024px) 100vw, 1024px\" \/><\/a><\/figure>\n\n\n\n<figure class=\"wp-block-image size-large\"><a  href=\"https:\/\/www.mecerreyes.com\/mece\/wp-content\/uploads\/2025\/06\/Mecerreyes-Romeria-Virgen-del-Camino-31-05-2025-7.jpg\" class=\"thickbox no_icon\" title=\"\"><img loading=\"lazy\" decoding=\"async\" width=\"1024\" height=\"768\" data-id=\"26394\" src=\"https:\/\/www.mecerreyes.com\/mece\/wp-content\/uploads\/2025\/06\/Mecerreyes-Romeria-Virgen-del-Camino-31-05-2025-7-1024x768.jpg\" alt=\"\" class=\"wp-image-26394\" srcset=\"https:\/\/www.mecerreyes.com\/mece\/wp-content\/uploads\/2025\/06\/Mecerreyes-Romeria-Virgen-del-Camino-31-05-2025-7-1024x768.jpg 1024w, https:\/\/www.mecerreyes.com\/mece\/wp-content\/uploads\/2025\/06\/Mecerreyes-Romeria-Virgen-del-Camino-31-05-2025-7-300x225.jpg 300w, https:\/\/www.mecerreyes.com\/mece\/wp-content\/uploads\/2025\/06\/Mecerreyes-Romeria-Virgen-del-Camino-31-05-2025-7-768x576.jpg 768w, https:\/\/www.mecerreyes.com\/mece\/wp-content\/uploads\/2025\/06\/Mecerreyes-Romeria-Virgen-del-Camino-31-05-2025-7.jpg 1063w\" sizes=\"(max-width: 1024px) 100vw, 1024px\" \/><\/a><\/figure>\n\n\n\n<figure class=\"wp-block-image size-large\"><a  href=\"https:\/\/www.mecerreyes.com\/mece\/wp-content\/uploads\/2025\/06\/Mecerreyes-Romeria-Virgen-del-Camino-31-05-2025-8.jpg\" class=\"thickbox no_icon\" title=\"\"><img loading=\"lazy\" decoding=\"async\" width=\"1024\" height=\"768\" data-id=\"26391\" src=\"https:\/\/www.mecerreyes.com\/mece\/wp-content\/uploads\/2025\/06\/Mecerreyes-Romeria-Virgen-del-Camino-31-05-2025-8-1024x768.jpg\" alt=\"\" class=\"wp-image-26391\" srcset=\"https:\/\/www.mecerreyes.com\/mece\/wp-content\/uploads\/2025\/06\/Mecerreyes-Romeria-Virgen-del-Camino-31-05-2025-8-1024x768.jpg 1024w, https:\/\/www.mecerreyes.com\/mece\/wp-content\/uploads\/2025\/06\/Mecerreyes-Romeria-Virgen-del-Camino-31-05-2025-8-300x225.jpg 300w, https:\/\/www.mecerreyes.com\/mece\/wp-content\/uploads\/2025\/06\/Mecerreyes-Romeria-Virgen-del-Camino-31-05-2025-8-768x576.jpg 768w, https:\/\/www.mecerreyes.com\/mece\/wp-content\/uploads\/2025\/06\/Mecerreyes-Romeria-Virgen-del-Camino-31-05-2025-8.jpg 1063w\" sizes=\"(max-width: 1024px) 100vw, 1024px\" \/><\/a><\/figure>\n\n\n\n<figure class=\"wp-block-image size-large\"><a  href=\"https:\/\/www.mecerreyes.com\/mece\/wp-content\/uploads\/2025\/06\/Mecerreyes-Romeria-Virgen-del-Camino-31-05-2025-9.jpg\" class=\"thickbox no_icon\" title=\"\"><img loading=\"lazy\" decoding=\"async\" width=\"1024\" height=\"768\" data-id=\"26389\" src=\"https:\/\/www.mecerreyes.com\/mece\/wp-content\/uploads\/2025\/06\/Mecerreyes-Romeria-Virgen-del-Camino-31-05-2025-9-1024x768.jpg\" alt=\"\" class=\"wp-image-26389\" srcset=\"https:\/\/www.mecerreyes.com\/mece\/wp-content\/uploads\/2025\/06\/Mecerreyes-Romeria-Virgen-del-Camino-31-05-2025-9-1024x768.jpg 1024w, https:\/\/www.mecerreyes.com\/mece\/wp-content\/uploads\/2025\/06\/Mecerreyes-Romeria-Virgen-del-Camino-31-05-2025-9-300x225.jpg 300w, https:\/\/www.mecerreyes.com\/mece\/wp-content\/uploads\/2025\/06\/Mecerreyes-Romeria-Virgen-del-Camino-31-05-2025-9-768x576.jpg 768w, https:\/\/www.mecerreyes.com\/mece\/wp-content\/uploads\/2025\/06\/Mecerreyes-Romeria-Virgen-del-Camino-31-05-2025-9.jpg 1063w\" sizes=\"(max-width: 1024px) 100vw, 1024px\" \/><\/a><\/figure>\n\n\n\n<figure class=\"wp-block-image size-large\"><a  href=\"https:\/\/www.mecerreyes.com\/mece\/wp-content\/uploads\/2025\/06\/Mecerreyes-Romeria-Virgen-del-Camino-31-05-2025-10.jpg\" class=\"thickbox no_icon\" title=\"\"><img loading=\"lazy\" decoding=\"async\" width=\"1024\" height=\"768\" data-id=\"26404\" src=\"https:\/\/www.mecerreyes.com\/mece\/wp-content\/uploads\/2025\/06\/Mecerreyes-Romeria-Virgen-del-Camino-31-05-2025-10-1024x768.jpg\" alt=\"\" class=\"wp-image-26404\" srcset=\"https:\/\/www.mecerreyes.com\/mece\/wp-content\/uploads\/2025\/06\/Mecerreyes-Romeria-Virgen-del-Camino-31-05-2025-10-1024x768.jpg 1024w, https:\/\/www.mecerreyes.com\/mece\/wp-content\/uploads\/2025\/06\/Mecerreyes-Romeria-Virgen-del-Camino-31-05-2025-10-300x225.jpg 300w, https:\/\/www.mecerreyes.com\/mece\/wp-content\/uploads\/2025\/06\/Mecerreyes-Romeria-Virgen-del-Camino-31-05-2025-10-768x576.jpg 768w, https:\/\/www.mecerreyes.com\/mece\/wp-content\/uploads\/2025\/06\/Mecerreyes-Romeria-Virgen-del-Camino-31-05-2025-10.jpg 1063w\" sizes=\"(max-width: 1024px) 100vw, 1024px\" \/><\/a><\/figure>\n\n\n\n<figure class=\"wp-block-image size-large\"><a  href=\"https:\/\/www.mecerreyes.com\/mece\/wp-content\/uploads\/2025\/06\/Mecerreyes-Romeria-Virgen-del-Camino-31-05-2025-11.jpg\" class=\"thickbox no_icon\" title=\"\"><img loading=\"lazy\" decoding=\"async\" width=\"1024\" height=\"768\" data-id=\"26407\" src=\"https:\/\/www.mecerreyes.com\/mece\/wp-content\/uploads\/2025\/06\/Mecerreyes-Romeria-Virgen-del-Camino-31-05-2025-11-1024x768.jpg\" alt=\"\" class=\"wp-image-26407\" srcset=\"https:\/\/www.mecerreyes.com\/mece\/wp-content\/uploads\/2025\/06\/Mecerreyes-Romeria-Virgen-del-Camino-31-05-2025-11-1024x768.jpg 1024w, https:\/\/www.mecerreyes.com\/mece\/wp-content\/uploads\/2025\/06\/Mecerreyes-Romeria-Virgen-del-Camino-31-05-2025-11-300x225.jpg 300w, https:\/\/www.mecerreyes.com\/mece\/wp-content\/uploads\/2025\/06\/Mecerreyes-Romeria-Virgen-del-Camino-31-05-2025-11-768x576.jpg 768w, https:\/\/www.mecerreyes.com\/mece\/wp-content\/uploads\/2025\/06\/Mecerreyes-Romeria-Virgen-del-Camino-31-05-2025-11.jpg 1063w\" sizes=\"(max-width: 1024px) 100vw, 1024px\" \/><\/a><\/figure>\n\n\n\n<figure class=\"wp-block-image size-large\"><a  href=\"https:\/\/www.mecerreyes.com\/mece\/wp-content\/uploads\/2025\/06\/Mecerreyes-Romeria-Virgen-del-Camino-31-05-2025-12.jpg\" class=\"thickbox no_icon\" title=\"\"><img loading=\"lazy\" decoding=\"async\" width=\"1024\" height=\"768\" data-id=\"26406\" src=\"https:\/\/www.mecerreyes.com\/mece\/wp-content\/uploads\/2025\/06\/Mecerreyes-Romeria-Virgen-del-Camino-31-05-2025-12-1024x768.jpg\" alt=\"\" class=\"wp-image-26406\" srcset=\"https:\/\/www.mecerreyes.com\/mece\/wp-content\/uploads\/2025\/06\/Mecerreyes-Romeria-Virgen-del-Camino-31-05-2025-12-1024x768.jpg 1024w, https:\/\/www.mecerreyes.com\/mece\/wp-content\/uploads\/2025\/06\/Mecerreyes-Romeria-Virgen-del-Camino-31-05-2025-12-300x225.jpg 300w, https:\/\/www.mecerreyes.com\/mece\/wp-content\/uploads\/2025\/06\/Mecerreyes-Romeria-Virgen-del-Camino-31-05-2025-12-768x576.jpg 768w, https:\/\/www.mecerreyes.com\/mece\/wp-content\/uploads\/2025\/06\/Mecerreyes-Romeria-Virgen-del-Camino-31-05-2025-12.jpg 1063w\" sizes=\"(max-width: 1024px) 100vw, 1024px\" \/><\/a><\/figure>\n\n\n\n<figure class=\"wp-block-image size-large\"><a  href=\"https:\/\/www.mecerreyes.com\/mece\/wp-content\/uploads\/2025\/06\/Mecerreyes-Romeria-Virgen-del-Camino-31-05-2025-13.jpg\" class=\"thickbox no_icon\" title=\"\"><img loading=\"lazy\" decoding=\"async\" width=\"1024\" height=\"768\" data-id=\"26392\" src=\"https:\/\/www.mecerreyes.com\/mece\/wp-content\/uploads\/2025\/06\/Mecerreyes-Romeria-Virgen-del-Camino-31-05-2025-13-1024x768.jpg\" alt=\"\" class=\"wp-image-26392\" srcset=\"https:\/\/www.mecerreyes.com\/mece\/wp-content\/uploads\/2025\/06\/Mecerreyes-Romeria-Virgen-del-Camino-31-05-2025-13-1024x768.jpg 1024w, https:\/\/www.mecerreyes.com\/mece\/wp-content\/uploads\/2025\/06\/Mecerreyes-Romeria-Virgen-del-Camino-31-05-2025-13-300x225.jpg 300w, https:\/\/www.mecerreyes.com\/mece\/wp-content\/uploads\/2025\/06\/Mecerreyes-Romeria-Virgen-del-Camino-31-05-2025-13-768x576.jpg 768w, https:\/\/www.mecerreyes.com\/mece\/wp-content\/uploads\/2025\/06\/Mecerreyes-Romeria-Virgen-del-Camino-31-05-2025-13.jpg 1063w\" sizes=\"(max-width: 1024px) 100vw, 1024px\" \/><\/a><\/figure>\n\n\n\n<figure class=\"wp-block-image size-large\"><a  href=\"https:\/\/www.mecerreyes.com\/mece\/wp-content\/uploads\/2025\/06\/Mecerreyes-Romeria-Virgen-del-Camino-31-05-2025-14.jpg\" class=\"thickbox no_icon\" title=\"\"><img loading=\"lazy\" decoding=\"async\" width=\"1024\" height=\"768\" data-id=\"26399\" src=\"https:\/\/www.mecerreyes.com\/mece\/wp-content\/uploads\/2025\/06\/Mecerreyes-Romeria-Virgen-del-Camino-31-05-2025-14-1024x768.jpg\" alt=\"\" class=\"wp-image-26399\" srcset=\"https:\/\/www.mecerreyes.com\/mece\/wp-content\/uploads\/2025\/06\/Mecerreyes-Romeria-Virgen-del-Camino-31-05-2025-14-1024x768.jpg 1024w, https:\/\/www.mecerreyes.com\/mece\/wp-content\/uploads\/2025\/06\/Mecerreyes-Romeria-Virgen-del-Camino-31-05-2025-14-300x225.jpg 300w, https:\/\/www.mecerreyes.com\/mece\/wp-content\/uploads\/2025\/06\/Mecerreyes-Romeria-Virgen-del-Camino-31-05-2025-14-768x576.jpg 768w, https:\/\/www.mecerreyes.com\/mece\/wp-content\/uploads\/2025\/06\/Mecerreyes-Romeria-Virgen-del-Camino-31-05-2025-14.jpg 1063w\" sizes=\"(max-width: 1024px) 100vw, 1024px\" \/><\/a><\/figure>\n\n\n\n<figure class=\"wp-block-image size-large\"><a  href=\"https:\/\/www.mecerreyes.com\/mece\/wp-content\/uploads\/2025\/06\/Mecerreyes-Romeria-Virgen-del-Camino-31-05-2025-15.jpg\" class=\"thickbox no_icon\" title=\"\"><img loading=\"lazy\" decoding=\"async\" width=\"1024\" height=\"768\" data-id=\"26397\" src=\"https:\/\/www.mecerreyes.com\/mece\/wp-content\/uploads\/2025\/06\/Mecerreyes-Romeria-Virgen-del-Camino-31-05-2025-15-1024x768.jpg\" alt=\"\" class=\"wp-image-26397\" srcset=\"https:\/\/www.mecerreyes.com\/mece\/wp-content\/uploads\/2025\/06\/Mecerreyes-Romeria-Virgen-del-Camino-31-05-2025-15-1024x768.jpg 1024w, https:\/\/www.mecerreyes.com\/mece\/wp-content\/uploads\/2025\/06\/Mecerreyes-Romeria-Virgen-del-Camino-31-05-2025-15-300x225.jpg 300w, https:\/\/www.mecerreyes.com\/mece\/wp-content\/uploads\/2025\/06\/Mecerreyes-Romeria-Virgen-del-Camino-31-05-2025-15-768x576.jpg 768w, https:\/\/www.mecerreyes.com\/mece\/wp-content\/uploads\/2025\/06\/Mecerreyes-Romeria-Virgen-del-Camino-31-05-2025-15.jpg 1063w\" sizes=\"(max-width: 1024px) 100vw, 1024px\" \/><\/a><\/figure>\n\n\n\n<figure class=\"wp-block-image size-large\"><a  href=\"https:\/\/www.mecerreyes.com\/mece\/wp-content\/uploads\/2025\/06\/Mecerreyes-Romeria-Virgen-del-Camino-31-05-2025-16.jpg\" class=\"thickbox no_icon\" title=\"\"><img loading=\"lazy\" decoding=\"async\" width=\"1024\" height=\"768\" data-id=\"26400\" src=\"https:\/\/www.mecerreyes.com\/mece\/wp-content\/uploads\/2025\/06\/Mecerreyes-Romeria-Virgen-del-Camino-31-05-2025-16-1024x768.jpg\" alt=\"\" class=\"wp-image-26400\" srcset=\"https:\/\/www.mecerreyes.com\/mece\/wp-content\/uploads\/2025\/06\/Mecerreyes-Romeria-Virgen-del-Camino-31-05-2025-16-1024x768.jpg 1024w, https:\/\/www.mecerreyes.com\/mece\/wp-content\/uploads\/2025\/06\/Mecerreyes-Romeria-Virgen-del-Camino-31-05-2025-16-300x225.jpg 300w, https:\/\/www.mecerreyes.com\/mece\/wp-content\/uploads\/2025\/06\/Mecerreyes-Romeria-Virgen-del-Camino-31-05-2025-16-768x576.jpg 768w, https:\/\/www.mecerreyes.com\/mece\/wp-content\/uploads\/2025\/06\/Mecerreyes-Romeria-Virgen-del-Camino-31-05-2025-16.jpg 1063w\" sizes=\"(max-width: 1024px) 100vw, 1024px\" \/><\/a><\/figure>\n\n\n\n<figure class=\"wp-block-image size-large\"><a  href=\"https:\/\/www.mecerreyes.com\/mece\/wp-content\/uploads\/2025\/06\/Mecerreyes-Romeria-Virgen-del-Camino-31-05-2025-17.jpg\" class=\"thickbox no_icon\" title=\"\"><img loading=\"lazy\" decoding=\"async\" width=\"1024\" height=\"768\" data-id=\"26390\" src=\"https:\/\/www.mecerreyes.com\/mece\/wp-content\/uploads\/2025\/06\/Mecerreyes-Romeria-Virgen-del-Camino-31-05-2025-17-1024x768.jpg\" alt=\"\" class=\"wp-image-26390\" srcset=\"https:\/\/www.mecerreyes.com\/mece\/wp-content\/uploads\/2025\/06\/Mecerreyes-Romeria-Virgen-del-Camino-31-05-2025-17-1024x768.jpg 1024w, https:\/\/www.mecerreyes.com\/mece\/wp-content\/uploads\/2025\/06\/Mecerreyes-Romeria-Virgen-del-Camino-31-05-2025-17-300x225.jpg 300w, https:\/\/www.mecerreyes.com\/mece\/wp-content\/uploads\/2025\/06\/Mecerreyes-Romeria-Virgen-del-Camino-31-05-2025-17-768x576.jpg 768w, https:\/\/www.mecerreyes.com\/mece\/wp-content\/uploads\/2025\/06\/Mecerreyes-Romeria-Virgen-del-Camino-31-05-2025-17.jpg 1063w\" sizes=\"(max-width: 1024px) 100vw, 1024px\" \/><\/a><\/figure>\n\n\n\n<figure class=\"wp-block-image size-large\"><a  href=\"https:\/\/www.mecerreyes.com\/mece\/wp-content\/uploads\/2025\/06\/Mecerreyes-Romeria-Virgen-del-Camino-31-05-2025-18.jpg\" class=\"thickbox no_icon\" title=\"\"><img loading=\"lazy\" decoding=\"async\" width=\"1024\" height=\"768\" data-id=\"26393\" src=\"https:\/\/www.mecerreyes.com\/mece\/wp-content\/uploads\/2025\/06\/Mecerreyes-Romeria-Virgen-del-Camino-31-05-2025-18-1024x768.jpg\" alt=\"\" class=\"wp-image-26393\" srcset=\"https:\/\/www.mecerreyes.com\/mece\/wp-content\/uploads\/2025\/06\/Mecerreyes-Romeria-Virgen-del-Camino-31-05-2025-18-1024x768.jpg 1024w, https:\/\/www.mecerreyes.com\/mece\/wp-content\/uploads\/2025\/06\/Mecerreyes-Romeria-Virgen-del-Camino-31-05-2025-18-300x225.jpg 300w, https:\/\/www.mecerreyes.com\/mece\/wp-content\/uploads\/2025\/06\/Mecerreyes-Romeria-Virgen-del-Camino-31-05-2025-18-768x576.jpg 768w, https:\/\/www.mecerreyes.com\/mece\/wp-content\/uploads\/2025\/06\/Mecerreyes-Romeria-Virgen-del-Camino-31-05-2025-18.jpg 1063w\" sizes=\"(max-width: 1024px) 100vw, 1024px\" \/><\/a><\/figure>\n\n\n\n<figure class=\"wp-block-image size-large\"><a  href=\"https:\/\/www.mecerreyes.com\/mece\/wp-content\/uploads\/2025\/06\/Mecerreyes-Romeria-Virgen-del-Camino-31-05-2025-19.jpg\" class=\"thickbox no_icon\" title=\"\"><img loading=\"lazy\" decoding=\"async\" width=\"1024\" height=\"768\" data-id=\"26388\" src=\"https:\/\/www.mecerreyes.com\/mece\/wp-content\/uploads\/2025\/06\/Mecerreyes-Romeria-Virgen-del-Camino-31-05-2025-19-1024x768.jpg\" alt=\"\" class=\"wp-image-26388\" srcset=\"https:\/\/www.mecerreyes.com\/mece\/wp-content\/uploads\/2025\/06\/Mecerreyes-Romeria-Virgen-del-Camino-31-05-2025-19-1024x768.jpg 1024w, https:\/\/www.mecerreyes.com\/mece\/wp-content\/uploads\/2025\/06\/Mecerreyes-Romeria-Virgen-del-Camino-31-05-2025-19-300x225.jpg 300w, https:\/\/www.mecerreyes.com\/mece\/wp-content\/uploads\/2025\/06\/Mecerreyes-Romeria-Virgen-del-Camino-31-05-2025-19-768x576.jpg 768w, https:\/\/www.mecerreyes.com\/mece\/wp-content\/uploads\/2025\/06\/Mecerreyes-Romeria-Virgen-del-Camino-31-05-2025-19.jpg 1063w\" sizes=\"(max-width: 1024px) 100vw, 1024px\" \/><\/a><\/figure>\n\n\n\n<figure class=\"wp-block-image size-large\"><a  href=\"https:\/\/www.mecerreyes.com\/mece\/wp-content\/uploads\/2025\/06\/Mecerreyes-Romeria-Virgen-del-Camino-31-05-2025-20.jpg\" class=\"thickbox no_icon\" title=\"\"><img loading=\"lazy\" decoding=\"async\" width=\"1024\" height=\"768\" data-id=\"26395\" src=\"https:\/\/www.mecerreyes.com\/mece\/wp-content\/uploads\/2025\/06\/Mecerreyes-Romeria-Virgen-del-Camino-31-05-2025-20-1024x768.jpg\" alt=\"\" class=\"wp-image-26395\" srcset=\"https:\/\/www.mecerreyes.com\/mece\/wp-content\/uploads\/2025\/06\/Mecerreyes-Romeria-Virgen-del-Camino-31-05-2025-20-1024x768.jpg 1024w, https:\/\/www.mecerreyes.com\/mece\/wp-content\/uploads\/2025\/06\/Mecerreyes-Romeria-Virgen-del-Camino-31-05-2025-20-300x225.jpg 300w, https:\/\/www.mecerreyes.com\/mece\/wp-content\/uploads\/2025\/06\/Mecerreyes-Romeria-Virgen-del-Camino-31-05-2025-20-768x576.jpg 768w, https:\/\/www.mecerreyes.com\/mece\/wp-content\/uploads\/2025\/06\/Mecerreyes-Romeria-Virgen-del-Camino-31-05-2025-20.jpg 1063w\" sizes=\"(max-width: 1024px) 100vw, 1024px\" \/><\/a><\/figure>\n\n\n\n<figure class=\"wp-block-image size-large\"><a  href=\"https:\/\/www.mecerreyes.com\/mece\/wp-content\/uploads\/2025\/06\/Mecerreyes-Romeria-Virgen-del-Camino-31-05-2025-21.jpg\" class=\"thickbox no_icon\" title=\"\"><img loading=\"lazy\" decoding=\"async\" width=\"1024\" height=\"768\" data-id=\"26402\" src=\"https:\/\/www.mecerreyes.com\/mece\/wp-content\/uploads\/2025\/06\/Mecerreyes-Romeria-Virgen-del-Camino-31-05-2025-21-1024x768.jpg\" alt=\"\" class=\"wp-image-26402\" srcset=\"https:\/\/www.mecerreyes.com\/mece\/wp-content\/uploads\/2025\/06\/Mecerreyes-Romeria-Virgen-del-Camino-31-05-2025-21-1024x768.jpg 1024w, https:\/\/www.mecerreyes.com\/mece\/wp-content\/uploads\/2025\/06\/Mecerreyes-Romeria-Virgen-del-Camino-31-05-2025-21-300x225.jpg 300w, https:\/\/www.mecerreyes.com\/mece\/wp-content\/uploads\/2025\/06\/Mecerreyes-Romeria-Virgen-del-Camino-31-05-2025-21-768x576.jpg 768w, https:\/\/www.mecerreyes.com\/mece\/wp-content\/uploads\/2025\/06\/Mecerreyes-Romeria-Virgen-del-Camino-31-05-2025-21.jpg 1063w\" sizes=\"(max-width: 1024px) 100vw, 1024px\" \/><\/a><\/figure>\n\n\n\n<figure class=\"wp-block-image size-large\"><a  href=\"https:\/\/www.mecerreyes.com\/mece\/wp-content\/uploads\/2025\/06\/Mecerreyes-Romeria-Virgen-del-Camino-31-05-2025-22.jpg\" class=\"thickbox no_icon\" title=\"\"><img loading=\"lazy\" decoding=\"async\" width=\"1024\" height=\"768\" data-id=\"26405\" src=\"https:\/\/www.mecerreyes.com\/mece\/wp-content\/uploads\/2025\/06\/Mecerreyes-Romeria-Virgen-del-Camino-31-05-2025-22-1024x768.jpg\" alt=\"\" class=\"wp-image-26405\" srcset=\"https:\/\/www.mecerreyes.com\/mece\/wp-content\/uploads\/2025\/06\/Mecerreyes-Romeria-Virgen-del-Camino-31-05-2025-22-1024x768.jpg 1024w, https:\/\/www.mecerreyes.com\/mece\/wp-content\/uploads\/2025\/06\/Mecerreyes-Romeria-Virgen-del-Camino-31-05-2025-22-300x225.jpg 300w, https:\/\/www.mecerreyes.com\/mece\/wp-content\/uploads\/2025\/06\/Mecerreyes-Romeria-Virgen-del-Camino-31-05-2025-22-768x576.jpg 768w, https:\/\/www.mecerreyes.com\/mece\/wp-content\/uploads\/2025\/06\/Mecerreyes-Romeria-Virgen-del-Camino-31-05-2025-22.jpg 1063w\" sizes=\"(max-width: 1024px) 100vw, 1024px\" \/><\/a><\/figure>\n\n\n\n<figure class=\"wp-block-image size-large\"><a  href=\"https:\/\/www.mecerreyes.com\/mece\/wp-content\/uploads\/2025\/06\/Mecerreyes-Romeria-Virgen-del-Camino-31-05-2025-23.jpg\" class=\"thickbox no_icon\" title=\"\"><img loading=\"lazy\" decoding=\"async\" width=\"1024\" height=\"768\" data-id=\"26396\" src=\"https:\/\/www.mecerreyes.com\/mece\/wp-content\/uploads\/2025\/06\/Mecerreyes-Romeria-Virgen-del-Camino-31-05-2025-23-1024x768.jpg\" alt=\"\" class=\"wp-image-26396\" srcset=\"https:\/\/www.mecerreyes.com\/mece\/wp-content\/uploads\/2025\/06\/Mecerreyes-Romeria-Virgen-del-Camino-31-05-2025-23-1024x768.jpg 1024w, https:\/\/www.mecerreyes.com\/mece\/wp-content\/uploads\/2025\/06\/Mecerreyes-Romeria-Virgen-del-Camino-31-05-2025-23-300x225.jpg 300w, https:\/\/www.mecerreyes.com\/mece\/wp-content\/uploads\/2025\/06\/Mecerreyes-Romeria-Virgen-del-Camino-31-05-2025-23-768x576.jpg 768w, https:\/\/www.mecerreyes.com\/mece\/wp-content\/uploads\/2025\/06\/Mecerreyes-Romeria-Virgen-del-Camino-31-05-2025-23.jpg 1063w\" sizes=\"(max-width: 1024px) 100vw, 1024px\" \/><\/a><\/figure>\n<\/figure>\n\n\n\n<p>El chocolate se reparti\u00f3 a las 8 de la tarde en el pueblo, y como broche final un brillante concierto de grupo de folk Carri\u00f3n de Palencia.<\/p>\n\n\n\n<p>P\u00fablico entregado a su m\u00fasica, plaza llena y una noche de temperatura veraniega, hicieron que este concierto se lo lleven los de CARRI\u00d3N en el coraz\u00f3n.<\/p>\n\n\n\n<figure class=\"wp-block-gallery has-nested-images columns-default is-cropped wp-block-gallery-8 is-layout-flex wp-block-gallery-is-layout-flex\">\n<figure class=\"wp-block-image size-large\"><a  href=\"https:\/\/www.mecerreyes.com\/mece\/wp-content\/uploads\/2025\/06\/Mecerreyes-Concierto-Carrion-Folk-31-05-2025-1.jpg\" class=\"thickbox no_icon\" title=\"\"><img loading=\"lazy\" decoding=\"async\" width=\"1024\" height=\"768\" data-id=\"26409\" src=\"https:\/\/www.mecerreyes.com\/mece\/wp-content\/uploads\/2025\/06\/Mecerreyes-Concierto-Carrion-Folk-31-05-2025-1-1024x768.jpg\" alt=\"\" class=\"wp-image-26409\" srcset=\"https:\/\/www.mecerreyes.com\/mece\/wp-content\/uploads\/2025\/06\/Mecerreyes-Concierto-Carrion-Folk-31-05-2025-1-1024x768.jpg 1024w, https:\/\/www.mecerreyes.com\/mece\/wp-content\/uploads\/2025\/06\/Mecerreyes-Concierto-Carrion-Folk-31-05-2025-1-300x225.jpg 300w, https:\/\/www.mecerreyes.com\/mece\/wp-content\/uploads\/2025\/06\/Mecerreyes-Concierto-Carrion-Folk-31-05-2025-1-768x576.jpg 768w, https:\/\/www.mecerreyes.com\/mece\/wp-content\/uploads\/2025\/06\/Mecerreyes-Concierto-Carrion-Folk-31-05-2025-1.jpg 1063w\" sizes=\"(max-width: 1024px) 100vw, 1024px\" \/><\/a><\/figure>\n\n\n\n<figure class=\"wp-block-image size-large\"><a  href=\"https:\/\/www.mecerreyes.com\/mece\/wp-content\/uploads\/2025\/06\/Mecerreyes-Concierto-Carrion-Folk-31-05-2025-3.jpg\" class=\"thickbox no_icon\" title=\"\"><img loading=\"lazy\" decoding=\"async\" width=\"1024\" height=\"768\" data-id=\"26408\" src=\"https:\/\/www.mecerreyes.com\/mece\/wp-content\/uploads\/2025\/06\/Mecerreyes-Concierto-Carrion-Folk-31-05-2025-3-1024x768.jpg\" alt=\"\" class=\"wp-image-26408\" srcset=\"https:\/\/www.mecerreyes.com\/mece\/wp-content\/uploads\/2025\/06\/Mecerreyes-Concierto-Carrion-Folk-31-05-2025-3-1024x768.jpg 1024w, https:\/\/www.mecerreyes.com\/mece\/wp-content\/uploads\/2025\/06\/Mecerreyes-Concierto-Carrion-Folk-31-05-2025-3-300x225.jpg 300w, https:\/\/www.mecerreyes.com\/mece\/wp-content\/uploads\/2025\/06\/Mecerreyes-Concierto-Carrion-Folk-31-05-2025-3-768x576.jpg 768w, https:\/\/www.mecerreyes.com\/mece\/wp-content\/uploads\/2025\/06\/Mecerreyes-Concierto-Carrion-Folk-31-05-2025-3.jpg 1063w\" sizes=\"(max-width: 1024px) 100vw, 1024px\" \/><\/a><\/figure>\n\n\n\n<figure class=\"wp-block-image size-large\"><a  href=\"https:\/\/www.mecerreyes.com\/mece\/wp-content\/uploads\/2025\/06\/Mecerreyes-Concierto-Carrion-Folk-31-05-2025-2.jpg\" class=\"thickbox no_icon\" title=\"\"><img loading=\"lazy\" decoding=\"async\" width=\"1024\" height=\"768\" data-id=\"26410\" src=\"https:\/\/www.mecerreyes.com\/mece\/wp-content\/uploads\/2025\/06\/Mecerreyes-Concierto-Carrion-Folk-31-05-2025-2-1024x768.jpg\" alt=\"\" class=\"wp-image-26410\" srcset=\"https:\/\/www.mecerreyes.com\/mece\/wp-content\/uploads\/2025\/06\/Mecerreyes-Concierto-Carrion-Folk-31-05-2025-2-1024x768.jpg 1024w, https:\/\/www.mecerreyes.com\/mece\/wp-content\/uploads\/2025\/06\/Mecerreyes-Concierto-Carrion-Folk-31-05-2025-2-300x225.jpg 300w, https:\/\/www.mecerreyes.com\/mece\/wp-content\/uploads\/2025\/06\/Mecerreyes-Concierto-Carrion-Folk-31-05-2025-2-768x576.jpg 768w, https:\/\/www.mecerreyes.com\/mece\/wp-content\/uploads\/2025\/06\/Mecerreyes-Concierto-Carrion-Folk-31-05-2025-2.jpg 1063w\" sizes=\"(max-width: 1024px) 100vw, 1024px\" \/><\/a><\/figure>\n<\/figure>\n\n\n\n<div style=\"height:59px\" aria-hidden=\"true\" class=\"wp-block-spacer\"><\/div>\n\n\n\n<p><\/p>\n\n\n\n<p class=\"has-luminous-vivid-amber-background-color has-background\" style=\"font-size:22px\"><strong>REFRANERO<\/strong><\/p>\n\n\n\n<ul class=\"wp-block-list\">\n<li><em>En mayo embalses llenos, son preludio de tormentas y truenos.<\/em><\/li>\n\n\n\n<li><em>Las ma\u00f1anas de mayo, las mejores del a\u00f1o.&nbsp;<\/em><\/li>\n\n\n\n<li><em>Agua de mayo no moja el sayo.&nbsp;<\/em><\/li>\n\n\n\n<li><em>Mayo ventoso es para el labrador hermoso.<\/em><\/li>\n<\/ul>\n\n\n\n<figure class=\"wp-block-image size-large\"><a  href=\"https:\/\/www.mecerreyes.com\/mece\/wp-content\/uploads\/2025\/06\/Mecerreyes-mayo-205-2.jpeg\" class=\"thickbox no_icon\" title=\"\"><img loading=\"lazy\" decoding=\"async\" width=\"1024\" height=\"461\" src=\"https:\/\/www.mecerreyes.com\/mece\/wp-content\/uploads\/2025\/06\/Mecerreyes-mayo-205-2-1024x461.jpeg\" alt=\"\" class=\"wp-image-26416\" srcset=\"https:\/\/www.mecerreyes.com\/mece\/wp-content\/uploads\/2025\/06\/Mecerreyes-mayo-205-2-1024x461.jpeg 1024w, https:\/\/www.mecerreyes.com\/mece\/wp-content\/uploads\/2025\/06\/Mecerreyes-mayo-205-2-300x135.jpeg 300w, https:\/\/www.mecerreyes.com\/mece\/wp-content\/uploads\/2025\/06\/Mecerreyes-mayo-205-2-768x346.jpeg 768w, https:\/\/www.mecerreyes.com\/mece\/wp-content\/uploads\/2025\/06\/Mecerreyes-mayo-205-2-1536x691.jpeg 1536w, https:\/\/www.mecerreyes.com\/mece\/wp-content\/uploads\/2025\/06\/Mecerreyes-mayo-205-2-1080x486.jpeg 1080w, https:\/\/www.mecerreyes.com\/mece\/wp-content\/uploads\/2025\/06\/Mecerreyes-mayo-205-2.jpeg 1600w\" sizes=\"(max-width: 1024px) 100vw, 1024px\" \/><\/a><\/figure>","protected":false},"excerpt":{"rendered":"<p>MAYO 2025 Mecerreyes recupera el mayo cultural con excelentes propuestas. La iniciativa que hace 20 a\u00f1os ilusion\u00f3 a la Asociaci\u00f3n de Jubilados organizando: excursiones, conciertos, charlas, comida de hermandad\u2026, vuelve a consolidarse con el apoyo de la Asociaci\u00f3n Cultural, Cofrad\u00eda Virgen del Camino, Asociaci\u00f3n Coches Cl\u00e1sicos Mecerreyes, Ayuntamiento y la inestimable colaboraci\u00f3n de nuestras abuelas. [&hellip;]<\/p>\n","protected":false},"author":5,"featured_media":26415,"comment_status":"open","ping_status":"closed","sticky":false,"template":"","format":"standard","meta":{"_et_pb_use_builder":"off","_et_pb_old_content":"","_et_gb_content_width":"","footnotes":""},"categories":[1],"tags":[],"class_list":["post-26342","post","type-post","status-publish","format-standard","has-post-thumbnail","hentry","category-general","et-has-post-format-content","et_post_format-et-post-format-standard"],"_links":{"self":[{"href":"https:\/\/www.mecerreyes.com\/mece\/index.php?rest_route=\/wp\/v2\/posts\/26342"}],"collection":[{"href":"https:\/\/www.mecerreyes.com\/mece\/index.php?rest_route=\/wp\/v2\/posts"}],"about":[{"href":"https:\/\/www.mecerreyes.com\/mece\/index.php?rest_route=\/wp\/v2\/types\/post"}],"author":[{"embeddable":true,"href":"https:\/\/www.mecerreyes.com\/mece\/index.php?rest_route=\/wp\/v2\/users\/5"}],"replies":[{"embeddable":true,"href":"https:\/\/www.mecerreyes.com\/mece\/index.php?rest_route=%2Fwp%2Fv2%2Fcomments&post=26342"}],"version-history":[{"count":13,"href":"https:\/\/www.mecerreyes.com\/mece\/index.php?rest_route=\/wp\/v2\/posts\/26342\/revisions"}],"predecessor-version":[{"id":26426,"href":"https:\/\/www.mecerreyes.com\/mece\/index.php?rest_route=\/wp\/v2\/posts\/26342\/revisions\/26426"}],"wp:featuredmedia":[{"embeddable":true,"href":"https:\/\/www.mecerreyes.com\/mece\/index.php?rest_route=\/wp\/v2\/media\/26415"}],"wp:attachment":[{"href":"https:\/\/www.mecerreyes.com\/mece\/index.php?rest_route=%2Fwp%2Fv2%2Fmedia&parent=26342"}],"wp:term":[{"taxonomy":"category","embeddable":true,"href":"https:\/\/www.mecerreyes.com\/mece\/index.php?rest_route=%2Fwp%2Fv2%2Fcategories&post=26342"},{"taxonomy":"post_tag","embeddable":true,"href":"https:\/\/www.mecerreyes.com\/mece\/index.php?rest_route=%2Fwp%2Fv2%2Ftags&post=26342"}],"curies":[{"name":"wp","href":"https:\/\/api.w.org\/{rel}","templated":true}]}}