{"id":26428,"date":"2025-07-10T20:55:37","date_gmt":"2025-07-10T19:55:37","guid":{"rendered":"https:\/\/www.mecerreyes.com\/mece\/?p=26428"},"modified":"2025-07-10T20:55:41","modified_gmt":"2025-07-10T19:55:41","slug":"noticias-junio-2025","status":"publish","type":"post","link":"https:\/\/www.mecerreyes.com\/mece\/?p=26428","title":{"rendered":"Noticias Junio 2025"},"content":{"rendered":"<p><\/p>\n\n\n\n<p>Los guiletos protagonizan la cr\u00f3nica del mes de junio, sus logros personales y su aporte a la sociedad acaparan buena parte de la misma. <\/p>\n\n\n\n<p>Tambi\u00e9n lo han hecho las reuniones entorno a mesa y mantel, a un buen chocolate, o en la iglesia para celebrar la festividad del Corpus y las confirmaciones de 9 j\u00f3venes. <\/p>\n\n\n\n<figure class=\"wp-block-image size-large\"><a  href=\"https:\/\/www.mecerreyes.com\/mece\/wp-content\/uploads\/2025\/07\/Mecerreyes-Confirmaciones-junio-2025-aperitivo.jpg\" class=\"thickbox no_icon\" title=\"\"><img loading=\"lazy\" decoding=\"async\" width=\"1024\" height=\"596\" src=\"https:\/\/www.mecerreyes.com\/mece\/wp-content\/uploads\/2025\/07\/Mecerreyes-Confirmaciones-junio-2025-aperitivo-1024x596.jpg\" alt=\"\" class=\"wp-image-26472\" srcset=\"https:\/\/www.mecerreyes.com\/mece\/wp-content\/uploads\/2025\/07\/Mecerreyes-Confirmaciones-junio-2025-aperitivo-1024x596.jpg 1024w, https:\/\/www.mecerreyes.com\/mece\/wp-content\/uploads\/2025\/07\/Mecerreyes-Confirmaciones-junio-2025-aperitivo-300x175.jpg 300w, https:\/\/www.mecerreyes.com\/mece\/wp-content\/uploads\/2025\/07\/Mecerreyes-Confirmaciones-junio-2025-aperitivo-768x447.jpg 768w, https:\/\/www.mecerreyes.com\/mece\/wp-content\/uploads\/2025\/07\/Mecerreyes-Confirmaciones-junio-2025-aperitivo-1536x894.jpg 1536w, https:\/\/www.mecerreyes.com\/mece\/wp-content\/uploads\/2025\/07\/Mecerreyes-Confirmaciones-junio-2025-aperitivo-1080x628.jpg 1080w, https:\/\/www.mecerreyes.com\/mece\/wp-content\/uploads\/2025\/07\/Mecerreyes-Confirmaciones-junio-2025-aperitivo.jpg 1772w\" sizes=\"(max-width: 1024px) 100vw, 1024px\" \/><\/a><\/figure>\n\n\n\n<p>El verde de los campos cambia de intensidad, los hortelanos se afanan en las huertas y \u00a0los labradores empiezan jornadas interminables. <\/p>\n\n\n\n<figure class=\"wp-block-image aligncenter size-large is-resized\"><a  href=\"https:\/\/www.mecerreyes.com\/mece\/wp-content\/uploads\/2025\/07\/Mecerreyes-junio-2025.jpeg\" class=\"thickbox no_icon\" title=\"\"><img loading=\"lazy\" decoding=\"async\" width=\"811\" height=\"1024\" src=\"https:\/\/www.mecerreyes.com\/mece\/wp-content\/uploads\/2025\/07\/Mecerreyes-junio-2025-811x1024.jpeg\" alt=\"\" class=\"wp-image-26471\" style=\"width:470px;height:auto\" srcset=\"https:\/\/www.mecerreyes.com\/mece\/wp-content\/uploads\/2025\/07\/Mecerreyes-junio-2025-811x1024.jpeg 811w, https:\/\/www.mecerreyes.com\/mece\/wp-content\/uploads\/2025\/07\/Mecerreyes-junio-2025-238x300.jpeg 238w, https:\/\/www.mecerreyes.com\/mece\/wp-content\/uploads\/2025\/07\/Mecerreyes-junio-2025-768x969.jpeg 768w, https:\/\/www.mecerreyes.com\/mece\/wp-content\/uploads\/2025\/07\/Mecerreyes-junio-2025-1080x1363.jpeg 1080w, https:\/\/www.mecerreyes.com\/mece\/wp-content\/uploads\/2025\/07\/Mecerreyes-junio-2025.jpeg 1134w\" sizes=\"(max-width: 811px) 100vw, 811px\" \/><\/a><\/figure>\n\n\n\n<p>Nuestros j\u00f3venes dan por terminado el curso y ya hacen planes para disfrutar con sus cuadrillas en Mecerreyes.<\/p>\n\n\n\n<p>Algunos ya han disfrutado sus vacaciones y no han olvidado llevar la mochila viajera, este mes nos comparten una foto desde C\u00f3rdoba. <\/p>\n\n\n\n<figure class=\"wp-block-image aligncenter size-large is-resized\"><a  href=\"https:\/\/www.mecerreyes.com\/mece\/wp-content\/uploads\/2025\/07\/Mochila-viajera-Cordoba-Mecerreyes-junio-2025.jpeg\" class=\"thickbox no_icon\" title=\"\"><img loading=\"lazy\" decoding=\"async\" width=\"683\" height=\"1024\" src=\"https:\/\/www.mecerreyes.com\/mece\/wp-content\/uploads\/2025\/07\/Mochila-viajera-Cordoba-Mecerreyes-junio-2025-683x1024.jpeg\" alt=\"\" class=\"wp-image-26431\" style=\"width:356px;height:auto\" srcset=\"https:\/\/www.mecerreyes.com\/mece\/wp-content\/uploads\/2025\/07\/Mochila-viajera-Cordoba-Mecerreyes-junio-2025-683x1024.jpeg 683w, https:\/\/www.mecerreyes.com\/mece\/wp-content\/uploads\/2025\/07\/Mochila-viajera-Cordoba-Mecerreyes-junio-2025-200x300.jpeg 200w, https:\/\/www.mecerreyes.com\/mece\/wp-content\/uploads\/2025\/07\/Mochila-viajera-Cordoba-Mecerreyes-junio-2025.jpeg 756w\" sizes=\"(max-width: 683px) 100vw, 683px\" \/><\/a><\/figure>\n\n\n\n<div style=\"height:42px\" aria-hidden=\"true\" class=\"wp-block-spacer\"><\/div>\n\n\n\n<p class=\"has-luminous-vivid-amber-background-color has-background\" style=\"font-size:22px\"><strong>EFEM\u00c9RIDES<\/strong><\/p>\n\n\n\n<ul class=\"wp-block-list\">\n<li>El 1,&nbsp;D\u00eda&nbsp;Mundial de la Infancia.<\/li>\n\n\n\n<li>El 4, D\u00eda Internacional de los Ni\u00f1os V\u00edctimas Inocentes de Agresi\u00f3n.&nbsp;<\/li>\n\n\n\n<li>El 5, D\u00eda Mundial del Medio Ambiente.<\/li>\n\n\n\n<li>El 7, D\u00eda de la Libertad de Expresi\u00f3n y de Prensa.<\/li>\n\n\n\n<li>El 12, D\u00eda Mundial contra el Trabajo Infantil.<\/li>\n\n\n\n<li>El 14, D\u00eda Mundial del Donante de Sangre.<\/li>\n\n\n\n<li>El 22, <strong>Celebraci\u00f3n del Corpus Cristi.<\/strong><\/li>\n\n\n\n<li>El 26, D\u00eda Internacional de la lucha contra el uso indebido y el tr\u00e1fico il\u00edcito de drogas.<\/li>\n\n\n\n<li>El 28, D\u00eda Internacional del \u00e1rbol. <strong>Confirmaciones en Mecerreyes.<\/strong><\/li>\n<\/ul>\n\n\n\n<figure class=\"wp-block-image size-full\"><a  href=\"https:\/\/www.mecerreyes.com\/mece\/wp-content\/uploads\/2025\/07\/Mecerreyes-junio-2025-1.jpeg\" class=\"thickbox no_icon\" title=\"\"><img loading=\"lazy\" decoding=\"async\" width=\"945\" height=\"470\" src=\"https:\/\/www.mecerreyes.com\/mece\/wp-content\/uploads\/2025\/07\/Mecerreyes-junio-2025-1.jpeg\" alt=\"\" class=\"wp-image-26473\" srcset=\"https:\/\/www.mecerreyes.com\/mece\/wp-content\/uploads\/2025\/07\/Mecerreyes-junio-2025-1.jpeg 945w, https:\/\/www.mecerreyes.com\/mece\/wp-content\/uploads\/2025\/07\/Mecerreyes-junio-2025-1-300x149.jpeg 300w, https:\/\/www.mecerreyes.com\/mece\/wp-content\/uploads\/2025\/07\/Mecerreyes-junio-2025-1-768x382.jpeg 768w\" sizes=\"(max-width: 945px) 100vw, 945px\" \/><\/a><\/figure>\n\n\n\n<div style=\"height:42px\" aria-hidden=\"true\" class=\"wp-block-spacer\"><\/div>\n\n\n\n<p class=\"has-luminous-vivid-amber-background-color has-background\" style=\"font-size:22px\"><strong>NACIMIENTOS<\/strong><\/p>\n\n\n\n<p>El pasado 23 de junio nacieron <strong>Fabi\u00e1n y Daniela<\/strong>, sus pap\u00e1s, Lorena Gonz\u00e1lez y Daniel S\u00e1ez y los abuelos Inma y To\u00f1o, comparten con nosotros su alegr\u00eda.<\/p>\n\n\n\n<p>Enhorabuena y salud para esta crianza doble, un gusto ver a nuevos reto\u00f1os por el pueblo<strong>.<\/strong><\/p>\n\n\n\n<figure class=\"wp-block-image aligncenter size-large is-resized\"><a  href=\"https:\/\/www.mecerreyes.com\/mece\/wp-content\/uploads\/2025\/07\/Nacimiento-de-Fabian-y-Daniela-Mecerreyes-junio-2025.jpg\" class=\"thickbox no_icon\" title=\"\"><img loading=\"lazy\" decoding=\"async\" width=\"1024\" height=\"1012\" src=\"https:\/\/www.mecerreyes.com\/mece\/wp-content\/uploads\/2025\/07\/Nacimiento-de-Fabian-y-Daniela-Mecerreyes-junio-2025-1024x1012.jpg\" alt=\"\" class=\"wp-image-26432\" style=\"width:575px;height:auto\" srcset=\"https:\/\/www.mecerreyes.com\/mece\/wp-content\/uploads\/2025\/07\/Nacimiento-de-Fabian-y-Daniela-Mecerreyes-junio-2025-1024x1012.jpg 1024w, https:\/\/www.mecerreyes.com\/mece\/wp-content\/uploads\/2025\/07\/Nacimiento-de-Fabian-y-Daniela-Mecerreyes-junio-2025-300x296.jpg 300w, https:\/\/www.mecerreyes.com\/mece\/wp-content\/uploads\/2025\/07\/Nacimiento-de-Fabian-y-Daniela-Mecerreyes-junio-2025-768x759.jpg 768w, https:\/\/www.mecerreyes.com\/mece\/wp-content\/uploads\/2025\/07\/Nacimiento-de-Fabian-y-Daniela-Mecerreyes-junio-2025-1080x1067.jpg 1080w, https:\/\/www.mecerreyes.com\/mece\/wp-content\/uploads\/2025\/07\/Nacimiento-de-Fabian-y-Daniela-Mecerreyes-junio-2025.jpg 1359w\" sizes=\"(max-width: 1024px) 100vw, 1024px\" \/><\/a><\/figure>\n\n\n\n<div style=\"height:42px\" aria-hidden=\"true\" class=\"wp-block-spacer\"><\/div>\n\n\n\n<p class=\"has-luminous-vivid-amber-background-color has-background\" style=\"font-size:22px\"><strong>50 ANIVERSARIO DE LA PE\u00d1A THE KINGS<\/strong><\/p>\n\n\n\n<p>El s\u00e1bado 7 de junio los miembros de la Pe\u00f1a The Kings y sus c\u00f3nyuges se citaron en Mecerreyes para celebrar los 50 a\u00f1os del nacimiento de su pe\u00f1a.<\/p>\n\n\n\n<p>Lo hicieron entorno a la mesa del <a  href=\"https:\/\/www.mecerreyes.com\/mece\/?page_id=797\">Mes\u00f3n de Frutos<\/a>, disfrutaron de la sobremesa, de los recuerdos de su adolescencia y de saber unos de otros.<\/p>\n\n\n\n<p>Felicitaciones por volver a la ra\u00edz en un aniversario tan especial. <\/p>\n\n\n\n<figure class=\"wp-block-image size-large\"><a  href=\"https:\/\/www.mecerreyes.com\/mece\/wp-content\/uploads\/2025\/07\/50-Aniversario-Pena-The-King-Mecerreyes-2025.jpg\" class=\"thickbox no_icon\" title=\"\"><img loading=\"lazy\" decoding=\"async\" width=\"1024\" height=\"718\" src=\"https:\/\/www.mecerreyes.com\/mece\/wp-content\/uploads\/2025\/07\/50-Aniversario-Pena-The-King-Mecerreyes-2025-1024x718.jpg\" alt=\"\" class=\"wp-image-26436\" srcset=\"https:\/\/www.mecerreyes.com\/mece\/wp-content\/uploads\/2025\/07\/50-Aniversario-Pena-The-King-Mecerreyes-2025-1024x718.jpg 1024w, https:\/\/www.mecerreyes.com\/mece\/wp-content\/uploads\/2025\/07\/50-Aniversario-Pena-The-King-Mecerreyes-2025-300x210.jpg 300w, https:\/\/www.mecerreyes.com\/mece\/wp-content\/uploads\/2025\/07\/50-Aniversario-Pena-The-King-Mecerreyes-2025-768x539.jpg 768w, https:\/\/www.mecerreyes.com\/mece\/wp-content\/uploads\/2025\/07\/50-Aniversario-Pena-The-King-Mecerreyes-2025-1536x1077.jpg 1536w, https:\/\/www.mecerreyes.com\/mece\/wp-content\/uploads\/2025\/07\/50-Aniversario-Pena-The-King-Mecerreyes-2025-1080x757.jpg 1080w, https:\/\/www.mecerreyes.com\/mece\/wp-content\/uploads\/2025\/07\/50-Aniversario-Pena-The-King-Mecerreyes-2025.jpg 2048w\" sizes=\"(max-width: 1024px) 100vw, 1024px\" \/><\/a><\/figure>\n\n\n\n<div style=\"height:42px\" aria-hidden=\"true\" class=\"wp-block-spacer\"><\/div>\n\n\n\n<p class=\"has-luminous-vivid-amber-background-color has-background\" style=\"font-size:22px\"><strong>GRUPO CASTUMBA<\/strong><\/p>\n\n\n\n<p>El 20 de junio el grupo de folk Castumba present\u00f3 su disco \u201cA la Fiesta\u201d. Un trabajo que fusiona la m\u00fasica folk castellana con la balc\u00e1nica.<\/p>\n\n\n\n<p>Entre sus componentes est\u00e1n los guiletos <strong>Juan G\u00f3mez Cuevas <\/strong>a las percusiones y <strong>Clara G\u00f3mez Cuevas<\/strong> con la flauta. El art\u00edculo de Diario de Burgos, sirvi\u00f3 de presentaci\u00f3n de este evento cultural y de sus componentes.<\/p>\n\n\n\n<p>Que el bonito repertorio de \u201cA la fiesta\u201d les brinde muchos \u00e9xitos. <\/p>\n\n\n\n<figure class=\"wp-block-image size-large\"><a  href=\"https:\/\/www.mecerreyes.com\/mece\/wp-content\/uploads\/2025\/07\/Castumba.jpeg\" class=\"thickbox no_icon\" title=\"\"><img loading=\"lazy\" decoding=\"async\" width=\"667\" height=\"1024\" src=\"https:\/\/www.mecerreyes.com\/mece\/wp-content\/uploads\/2025\/07\/Castumba-667x1024.jpeg\" alt=\"\" class=\"wp-image-26434\" srcset=\"https:\/\/www.mecerreyes.com\/mece\/wp-content\/uploads\/2025\/07\/Castumba-667x1024.jpeg 667w, https:\/\/www.mecerreyes.com\/mece\/wp-content\/uploads\/2025\/07\/Castumba-195x300.jpeg 195w, https:\/\/www.mecerreyes.com\/mece\/wp-content\/uploads\/2025\/07\/Castumba-768x1180.jpeg 768w, https:\/\/www.mecerreyes.com\/mece\/wp-content\/uploads\/2025\/07\/Castumba-1000x1536.jpeg 1000w, https:\/\/www.mecerreyes.com\/mece\/wp-content\/uploads\/2025\/07\/Castumba-1080x1659.jpeg 1080w, https:\/\/www.mecerreyes.com\/mece\/wp-content\/uploads\/2025\/07\/Castumba.jpeg 1134w\" sizes=\"(max-width: 667px) 100vw, 667px\" \/><\/a><\/figure>\n\n\n\n<div style=\"height:42px\" aria-hidden=\"true\" class=\"wp-block-spacer\"><\/div>\n\n\n\n<p class=\"has-luminous-vivid-amber-background-color has-background\" style=\"font-size:22px\"><strong>III ENCUENTRO PENDONES CONCEJILES DE LA PROVINCIA DE BURGOS.<\/strong><\/p>\n\n\n\n<p>El 14 de junio Torrelara se convirti\u00f3 en el escenario perfecto para celebrar la III edici\u00f3n de esta fiesta popular de identidad y orgullo rural.<\/p>\n\n\n\n<p>Reuni\u00f3 a un total de 68 pueblos portando&nbsp;su pend\u00f3n, con el fin com\u00fan de preservar y mantener el legado de generaciones que sent\u00edan el orgullo de poder llevar el pend\u00f3n y representar a su pueblo.<\/p>\n\n\n\n<p>Ra\u00fal Gonz\u00e1lez, \u00d3scar Alonso y Joaqu\u00edn Gonz\u00e1lez fueron los encargados de portar el pend\u00f3n de Mecerreyes en esta edici\u00f3n.<\/p>\n\n\n\n<p>Los pendones representan el poder civil de los pueblos y en Mecerreyes sigue encabezando todas las procesiones.<\/p>\n\n\n\n<p>La Unidad de Cultura de la Diputaci\u00f3n de Burgos organiza esta fiesta con la colaboraci\u00f3n del <a  href=\"https:\/\/www.mecerreyes.com\/mece\/?page_id=24\">Ayuntamiento<\/a> del <a  href=\"https:\/\/www.mecerreyes.com\/mece\/?page_id=2\">municipio<\/a> donde se celebra: Villafranca Montes de Oca en la primera edici\u00f3n y Lodoso en la segunda. <\/p>\n\n\n\n<figure class=\"wp-block-image size-large\"><a  href=\"https:\/\/www.mecerreyes.com\/mece\/wp-content\/uploads\/2025\/07\/Mecerreyes-en-el-III-ENCUENTRO-PENDONES-en-Torrelara-14-06-2025.jpeg\" class=\"thickbox no_icon\" title=\"\"><img loading=\"lazy\" decoding=\"async\" width=\"756\" height=\"1024\" src=\"https:\/\/www.mecerreyes.com\/mece\/wp-content\/uploads\/2025\/07\/Mecerreyes-en-el-III-ENCUENTRO-PENDONES-en-Torrelara-14-06-2025-756x1024.jpeg\" alt=\"\" class=\"wp-image-26435\" srcset=\"https:\/\/www.mecerreyes.com\/mece\/wp-content\/uploads\/2025\/07\/Mecerreyes-en-el-III-ENCUENTRO-PENDONES-en-Torrelara-14-06-2025-756x1024.jpeg 756w, https:\/\/www.mecerreyes.com\/mece\/wp-content\/uploads\/2025\/07\/Mecerreyes-en-el-III-ENCUENTRO-PENDONES-en-Torrelara-14-06-2025-221x300.jpeg 221w, https:\/\/www.mecerreyes.com\/mece\/wp-content\/uploads\/2025\/07\/Mecerreyes-en-el-III-ENCUENTRO-PENDONES-en-Torrelara-14-06-2025-768x1040.jpeg 768w, https:\/\/www.mecerreyes.com\/mece\/wp-content\/uploads\/2025\/07\/Mecerreyes-en-el-III-ENCUENTRO-PENDONES-en-Torrelara-14-06-2025.jpeg 945w\" sizes=\"(max-width: 756px) 100vw, 756px\" \/><\/a><\/figure>\n\n\n\n<div style=\"height:48px\" aria-hidden=\"true\" class=\"wp-block-spacer\"><\/div>\n\n\n\n<figure class=\"wp-block-embed is-type-video is-provider-youtube wp-block-embed-youtube wp-embed-aspect-16-9 wp-has-aspect-ratio\"><div class=\"wp-block-embed__wrapper\">\n<iframe loading=\"lazy\" title=\"Torrelara recibe 68 pendones en el 3\u00ba Encuentro de la Provincia de Burgos\" width=\"1080\" height=\"608\" src=\"https:\/\/www.youtube.com\/embed\/m7GdKCLvuXk?feature=oembed\" frameborder=\"0\" allow=\"accelerometer; autoplay; clipboard-write; encrypted-media; gyroscope; picture-in-picture; web-share\" referrerpolicy=\"strict-origin-when-cross-origin\" allowfullscreen><\/iframe>\n<\/div><\/figure>\n\n\n\n<div style=\"height:42px\" aria-hidden=\"true\" class=\"wp-block-spacer\"><\/div>\n\n\n\n<p class=\"has-luminous-vivid-amber-background-color has-background\" style=\"font-size:22px\"><strong>REBECA BLANCO ALONSO<\/strong><\/p>\n\n\n\n<p>Compartimos las reflexiones que Rebeca ha publicado este mes de junio en Diario de Burgos.<\/p>\n\n\n\n<p class=\"has-medium-font-size\"><strong>No salen las cuentas<\/strong> &#8211; Diario de Burgos, 27-06-2025<\/p>\n\n\n\n<p><\/p>\n\n\n\n<p>La vida en pareja no es como esperabas. Ni siquiera se acerca a aquello que compartisteis los primeros a\u00f1os. Ya no hay frases bonitas en el espejo del ba\u00f1o. La lista de la compra sustituye a las notas de buenos d\u00edas que antes decoraban la pizarra de la cocina. Las maratones de series de los domingos por la tarde se han cancelado. No hay espacio en el sof\u00e1 para dos. La vida en com\u00fan ya no es como esperabas, porque simplemente ya no es. Se acab\u00f3. Y ahora, haces todo lo posible porque la reciente ruptura no sea lo \u00fanico que ocupe espacio en tu cabeza. No es f\u00e1cil, mires donde mires, solo ves parejas. Corriendo por el r\u00edo, en la cola del supermercado, en la lavander\u00eda\u2026<\/p>\n\n\n\n<p>Parejas por todas partes, hasta en las p\u00e1ginas de econom\u00eda. Recuerdas la noticia que le\u00edste el lunes en este peri\u00f3dico:&nbsp;<em>La vida en pareja sale m\u00e1s a cuenta<\/em>. La informaci\u00f3n planteaba la vida en com\u00fan como una oportunidad para el ahorro, siempre que exista una buena gesti\u00f3n financiera. Destacaba, por ejemplo, c\u00f3mo la mayor\u00eda de empresas de telefon\u00eda ofrecen descuentos por contratar m\u00e1s de una l\u00ednea. Tambi\u00e9n mencionaba algo parecido con los seguros. Uno de hogar familiar para dos personas sin copago resulta m\u00e1s econ\u00f3mico que contar con dos p\u00f3lizas individuales en la misma compa\u00f1\u00eda. El art\u00edculo mostraba la mayor ventaja en el apartado vivienda y en la firma de una hipoteca. Contratarla en pareja facilita acceder a mejores condiciones. Las duplas parecen aportar mayor seguridad ante las entidades y, por ende, pueden disfrutar de mayores bonificaciones.&nbsp;<\/p>\n\n\n\n<p>Por si fuera f\u00e1cil superar el duelo, te recuerdan que la vida financiera es m\u00e1s amable en pareja. Al menos tienes claro que la ruptura no ser\u00e1 lo \u00fanico que ocupe espacio en tu cabeza. Te despides de la tarifa familiar en el gimnasio, se ha marchado con las frases bonitas del espejo del ba\u00f1o. El alquiler de tu nuevo apartamento se come la mitad de tu sueldo. Y piensas, indignada, que es la vida a secas la que tiene que salir a cuenta.<\/p>\n\n\n\n<figure class=\"wp-block-image size-full\"><a  href=\"https:\/\/www.diariodeburgos.es\/opinion\/zb9093313-da6e-4fa1-9858029ebb99976e\/202506\/no-salen-las-cuentas\" target=\"_blank\" rel=\"noreferrer noopener\"><img loading=\"lazy\" decoding=\"async\" width=\"451\" height=\"398\" src=\"https:\/\/www.mecerreyes.com\/mece\/wp-content\/uploads\/2025\/07\/Rebeca-Blanco-Diario-de-Burgos-no-salen-las-cuentas.jpg\" alt=\"\" class=\"wp-image-26437\" srcset=\"https:\/\/www.mecerreyes.com\/mece\/wp-content\/uploads\/2025\/07\/Rebeca-Blanco-Diario-de-Burgos-no-salen-las-cuentas.jpg 451w, https:\/\/www.mecerreyes.com\/mece\/wp-content\/uploads\/2025\/07\/Rebeca-Blanco-Diario-de-Burgos-no-salen-las-cuentas-300x265.jpg 300w\" sizes=\"(max-width: 451px) 100vw, 451px\" \/><\/a><\/figure>\n\n\n\n<div style=\"height:42px\" aria-hidden=\"true\" class=\"wp-block-spacer\"><\/div>\n\n\n\n<p class=\"has-luminous-vivid-amber-background-color has-background\" style=\"font-size:22px\"><strong>20\u00ba ANIVERSARIO DEL GABINETE PSICOPEDAG\u00d3GICO SAICO<\/strong><\/p>\n\n\n\n<p>Silvia Gonz\u00e1lez D\u00edez celebr\u00f3 en Mecerreyes los veinte a\u00f1os de trabajo y dedicaci\u00f3n a su profesi\u00f3n junto a sus fant\u00e1stic@s.<\/p>\n\n\n\n<p>Nos remite un resumen de lo vivido ese d\u00eda.<\/p>\n\n\n\n<p>\u201cEl pasado 14 de junio Mecerreyes manaba una luz m\u00e1s especial que de costumbre, se pod\u00eda sentir una potente energ\u00eda, un palpitar firme, mucha vitalidad y emoci\u00f3n.<br>Son luchadores, capaces, curiosos, vividores, persistentes, sensibles, emp\u00e1ticos&#8230;son mis fant\u00e1stic@s.<br>Mis fant\u00e1stic@s pasaron el d\u00eda en nuestro pueblo para celebrar el 20\u00b0 aniversario de nuestro espacio com\u00fan, el Gabinete Psicopedag\u00f3gico SAICO.<\/p>\n\n\n\n<p>Para ello una excursi\u00f3n hasta el <a  href=\"https:\/\/www.mecerreyes.com\/mece\/?page_id=20662\">museo del carb\u00f3n<\/a> con una apetecible comida y una tarde completa de juegos divertidos y refrescantes.<\/p>\n\n\n\n<p>Gracias a Jos\u00e9 de la Asociaci\u00f3n Cultural Mecerreyes, los padres hicieron una visita guiada en la ruta de las esculturas de \u00c1ngel Gil.<\/p>\n\n\n\n<p>Objetivo: celebrar, compartir, jugar, re\u00edr y disfrutar.<\/p>\n\n\n\n<p>Objetivo logrado.<\/p>\n\n\n\n<p>Gracias a todos los que me acompa\u00f1aron y lo hicieron posible.\u201d <\/p>\n\n\n\n<figure class=\"wp-block-image size-large\"><a  href=\"https:\/\/www.mecerreyes.com\/mece\/wp-content\/uploads\/2025\/07\/20o-ANIVERSARIO-DEL-GABINETE-PSICOPEDAGOGICO-SAICO-Mecerreyes-junio-2025.jpeg\" class=\"thickbox no_icon\" title=\"\"><img loading=\"lazy\" decoding=\"async\" width=\"1024\" height=\"504\" src=\"https:\/\/www.mecerreyes.com\/mece\/wp-content\/uploads\/2025\/07\/20o-ANIVERSARIO-DEL-GABINETE-PSICOPEDAGOGICO-SAICO-Mecerreyes-junio-2025-1024x504.jpeg\" alt=\"\" class=\"wp-image-26439\" srcset=\"https:\/\/www.mecerreyes.com\/mece\/wp-content\/uploads\/2025\/07\/20o-ANIVERSARIO-DEL-GABINETE-PSICOPEDAGOGICO-SAICO-Mecerreyes-junio-2025-1024x504.jpeg 1024w, https:\/\/www.mecerreyes.com\/mece\/wp-content\/uploads\/2025\/07\/20o-ANIVERSARIO-DEL-GABINETE-PSICOPEDAGOGICO-SAICO-Mecerreyes-junio-2025-300x148.jpeg 300w, https:\/\/www.mecerreyes.com\/mece\/wp-content\/uploads\/2025\/07\/20o-ANIVERSARIO-DEL-GABINETE-PSICOPEDAGOGICO-SAICO-Mecerreyes-junio-2025-768x378.jpeg 768w, https:\/\/www.mecerreyes.com\/mece\/wp-content\/uploads\/2025\/07\/20o-ANIVERSARIO-DEL-GABINETE-PSICOPEDAGOGICO-SAICO-Mecerreyes-junio-2025-1080x532.jpeg 1080w, https:\/\/www.mecerreyes.com\/mece\/wp-content\/uploads\/2025\/07\/20o-ANIVERSARIO-DEL-GABINETE-PSICOPEDAGOGICO-SAICO-Mecerreyes-junio-2025.jpeg 1417w\" sizes=\"(max-width: 1024px) 100vw, 1024px\" \/><\/a><\/figure>\n\n\n\n<div style=\"height:42px\" aria-hidden=\"true\" class=\"wp-block-spacer\"><\/div>\n\n\n\n<p class=\"has-luminous-vivid-amber-background-color has-background\" style=\"font-size:22px\"><strong>ELENA GARC\u00cdA ALONSO- BIENESTAR EMOCIONAL EN ONCOLOG\u00cdA<\/strong><\/p>\n\n\n\n<p>Elena Garc\u00eda Alonso (hija de Marisa y Juanjo) gana el concurso de la UBU &#8216;3 Minutos Tesis&#8217; con su investigaci\u00f3n sobre los recursos que utilizan los pacientes con c\u00e1ncer para mantener su bienestar emocional.<\/p>\n\n\n\n<p>Profesora asociada del \u00c1rea de Enfermer\u00eda de la Universidad de Burgos, en proceso de doctorarse reclama incluir la psicooncolog\u00eda en la Sanidad P\u00fablica.<\/p>\n\n\n\n<p>Su experiencia personal y profesional avalan cuanto escribe en su tesis.<\/p>\n\n\n\n<p><mark style=\"background-color:rgba(0, 0, 0, 0);color:#2b20dd\" class=\"has-inline-color\"><em>Pincha sobre la siguiente foto para leer el art\u00edculo completo:<\/em><\/mark><\/p>\n\n\n\n<figure class=\"wp-block-image size-full\"><a  href=\"https:\/\/www.diariodeburgos.es\/noticia\/z6fe16d11-6892-4e06-a9362b48402aa098\/202506\/es-urgente-incluir-la-psicooncologia-en-la-sanidad-publica\" target=\"_blank\" rel=\"noreferrer noopener\"><img loading=\"lazy\" decoding=\"async\" width=\"817\" height=\"840\" src=\"https:\/\/www.mecerreyes.com\/mece\/wp-content\/uploads\/2025\/07\/Elena-Garcia-ganadora-del-concurso-de-la-UBU-junio-2025.jpg\" alt=\"\" class=\"wp-image-26440\" srcset=\"https:\/\/www.mecerreyes.com\/mece\/wp-content\/uploads\/2025\/07\/Elena-Garcia-ganadora-del-concurso-de-la-UBU-junio-2025.jpg 817w, https:\/\/www.mecerreyes.com\/mece\/wp-content\/uploads\/2025\/07\/Elena-Garcia-ganadora-del-concurso-de-la-UBU-junio-2025-292x300.jpg 292w, https:\/\/www.mecerreyes.com\/mece\/wp-content\/uploads\/2025\/07\/Elena-Garcia-ganadora-del-concurso-de-la-UBU-junio-2025-768x790.jpg 768w\" sizes=\"(max-width: 817px) 100vw, 817px\" \/><\/a><\/figure>\n\n\n\n<p>As\u00ed mismo Elena particip\u00f3 en Salamanca en el certamen regional con su intervenci\u00f3n, titulada&nbsp;<strong>\u201cAfrontar el c\u00e1ncer: m\u00e1s que un okupa<\/strong>\u201d.<\/p>\n\n\n\n<p>Elena qued\u00f3 en tercer lugar cautivando al p\u00fablico y al jurado combinando sensibilidad, claridad y rigor cient\u00edfico, en una reflexi\u00f3n sobre c\u00f3mo la actitud del paciente frente a la enfermedad puede influir de manera decisiva en su evoluci\u00f3n.<\/p>\n\n\n\n<p><mark style=\"background-color:rgba(0, 0, 0, 0);color:#2b20dd\" class=\"has-inline-color\"><em>Pincha sobre la siguiente foto para leer el art\u00edculo completo:<\/em><\/mark><\/p>\n\n\n\n<figure class=\"wp-block-image size-large\"><a  href=\"https:\/\/www.ubu.es\/noticias\/investigadora-de-la-universidad-de-burgos-logra-el-tercer-puesto-en-la-final-regional-del-concurso-tres-minutos-tesis\" target=\"_blank\" rel=\"noreferrer noopener\"><img loading=\"lazy\" decoding=\"async\" width=\"1024\" height=\"886\" src=\"https:\/\/www.mecerreyes.com\/mece\/wp-content\/uploads\/2025\/07\/Elena-Garcia-Alonso-tercer-puesto-en-el-certamen-provincial-3-minutos-de-tesis-junio-2025-1024x886.jpg\" alt=\"\" class=\"wp-image-26441\" srcset=\"https:\/\/www.mecerreyes.com\/mece\/wp-content\/uploads\/2025\/07\/Elena-Garcia-Alonso-tercer-puesto-en-el-certamen-provincial-3-minutos-de-tesis-junio-2025-1024x886.jpg 1024w, https:\/\/www.mecerreyes.com\/mece\/wp-content\/uploads\/2025\/07\/Elena-Garcia-Alonso-tercer-puesto-en-el-certamen-provincial-3-minutos-de-tesis-junio-2025-300x260.jpg 300w, https:\/\/www.mecerreyes.com\/mece\/wp-content\/uploads\/2025\/07\/Elena-Garcia-Alonso-tercer-puesto-en-el-certamen-provincial-3-minutos-de-tesis-junio-2025-768x664.jpg 768w, https:\/\/www.mecerreyes.com\/mece\/wp-content\/uploads\/2025\/07\/Elena-Garcia-Alonso-tercer-puesto-en-el-certamen-provincial-3-minutos-de-tesis-junio-2025-1536x1329.jpg 1536w, https:\/\/www.mecerreyes.com\/mece\/wp-content\/uploads\/2025\/07\/Elena-Garcia-Alonso-tercer-puesto-en-el-certamen-provincial-3-minutos-de-tesis-junio-2025-1080x934.jpg 1080w, https:\/\/www.mecerreyes.com\/mece\/wp-content\/uploads\/2025\/07\/Elena-Garcia-Alonso-tercer-puesto-en-el-certamen-provincial-3-minutos-de-tesis-junio-2025.jpg 1587w\" sizes=\"(max-width: 1024px) 100vw, 1024px\" \/><\/a><\/figure>\n\n\n\n<div style=\"height:42px\" aria-hidden=\"true\" class=\"wp-block-spacer\"><\/div>\n\n\n\n<p class=\"has-luminous-vivid-amber-background-color has-background\" style=\"font-size:22px\"><strong>ROTARY INTERNACIONAL DEL DISTRITO 2201 (2025-2026)<\/strong><\/p>\n\n\n\n<p><strong>Jos\u00e9 Manuel Gonz\u00e1lez Cuevas<\/strong> es el&nbsp;gobernador electo del Distrito 2201 de Rotary International para el per\u00edodo 2025-2026, que incluye a Burgos.&nbsp;Asumi\u00f3 el cargo el 1 de julio de 2025 y es conocido por su intenci\u00f3n de \u00abllevar a Burgos por todos lados.&nbsp;<\/p>\n\n\n\n<p>Su nombramiento fue celebrado en una ceremonia en Burgos, donde se destac\u00f3 la amistad y la implicaci\u00f3n como pilares de su gesti\u00f3n.&nbsp;<\/p>\n\n\n\n<p>El Rotary Club Burgos Evoluci\u00f3n, al que pertenece, ha organizado eventos como la asamblea nacional de distrito en Burgos, donde se han abordado proyectos para la comunidad.<\/p>\n\n\n\n<p>Jos\u00e9 Manuel Gonz\u00e1lez Cuevas es una figura destacada en Rotary Burgos, con un enfoque en el servicio a la comunidad y la proyecci\u00f3n de la ciudad de Burgos.\u00a0<\/p>\n\n\n\n<p>Felicidades Jos\u00e9 Manuel <\/p>\n\n\n\n<figure class=\"wp-block-image size-full\"><a  href=\"https:\/\/www.mecerreyes.com\/mece\/wp-content\/uploads\/2025\/07\/Jose-Manuel-Gonzalez-Cuevas-Gobernador-del-Rotary-Distrito-2201-para-el-ano-2025-2026-a.jpg\" class=\"thickbox no_icon\" title=\"\"><img loading=\"lazy\" decoding=\"async\" width=\"693\" height=\"780\" src=\"https:\/\/www.mecerreyes.com\/mece\/wp-content\/uploads\/2025\/07\/Jose-Manuel-Gonzalez-Cuevas-Gobernador-del-Rotary-Distrito-2201-para-el-ano-2025-2026-a.jpg\" alt=\"\" class=\"wp-image-26443\" srcset=\"https:\/\/www.mecerreyes.com\/mece\/wp-content\/uploads\/2025\/07\/Jose-Manuel-Gonzalez-Cuevas-Gobernador-del-Rotary-Distrito-2201-para-el-ano-2025-2026-a.jpg 693w, https:\/\/www.mecerreyes.com\/mece\/wp-content\/uploads\/2025\/07\/Jose-Manuel-Gonzalez-Cuevas-Gobernador-del-Rotary-Distrito-2201-para-el-ano-2025-2026-a-267x300.jpg 267w\" sizes=\"(max-width: 693px) 100vw, 693px\" \/><\/a><\/figure>\n\n\n\n<figure class=\"wp-block-image size-full\"><a  href=\"https:\/\/www.mecerreyes.com\/mece\/wp-content\/uploads\/2025\/07\/Jose-Manuel-Gonzalez-Cuevas-Gobernador-del-Rotary-Distrito-2201-para-el-ano-2025-2026.jpg\" class=\"thickbox no_icon\" title=\"\"><img loading=\"lazy\" decoding=\"async\" width=\"686\" height=\"720\" src=\"https:\/\/www.mecerreyes.com\/mece\/wp-content\/uploads\/2025\/07\/Jose-Manuel-Gonzalez-Cuevas-Gobernador-del-Rotary-Distrito-2201-para-el-ano-2025-2026.jpg\" alt=\"\" class=\"wp-image-26444\" srcset=\"https:\/\/www.mecerreyes.com\/mece\/wp-content\/uploads\/2025\/07\/Jose-Manuel-Gonzalez-Cuevas-Gobernador-del-Rotary-Distrito-2201-para-el-ano-2025-2026.jpg 686w, https:\/\/www.mecerreyes.com\/mece\/wp-content\/uploads\/2025\/07\/Jose-Manuel-Gonzalez-Cuevas-Gobernador-del-Rotary-Distrito-2201-para-el-ano-2025-2026-286x300.jpg 286w\" sizes=\"(max-width: 686px) 100vw, 686px\" \/><\/a><\/figure>\n\n\n\n<div style=\"height:42px\" aria-hidden=\"true\" class=\"wp-block-spacer\"><\/div>\n\n\n\n<p class=\"has-luminous-vivid-amber-background-color has-background\" style=\"font-size:22px\"><strong>GRUPO CU\u00d1ADO- RA\u00cdCES FAMILIARES, VISI\u00d3N GLOBAL.<\/strong><\/p>\n\n\n\n<div class=\"wp-block-media-text is-stacked-on-mobile\" style=\"grid-template-columns:25% auto\"><figure class=\"wp-block-media-text__media\"><img loading=\"lazy\" decoding=\"async\" width=\"733\" height=\"909\" src=\"http:\/\/www.mecerreyes.com\/mece\/wp-content\/uploads\/2016\/08\/Maximo-Cu\u00f1ado-Alonso-falleci\u00f3-el-31-de-julio-de-2016-en-Madrid-a-los-85-a\u00f1os-de-edad.jpg\" alt=\"\" class=\"wp-image-13178 size-full\" srcset=\"https:\/\/www.mecerreyes.com\/mece\/wp-content\/uploads\/2016\/08\/Maximo-Cu\u00f1ado-Alonso-falleci\u00f3-el-31-de-julio-de-2016-en-Madrid-a-los-85-a\u00f1os-de-edad.jpg 733w, https:\/\/www.mecerreyes.com\/mece\/wp-content\/uploads\/2016\/08\/Maximo-Cu\u00f1ado-Alonso-falleci\u00f3-el-31-de-julio-de-2016-en-Madrid-a-los-85-a\u00f1os-de-edad-242x300.jpg 242w\" sizes=\"(max-width: 733px) 100vw, 733px\" \/><\/figure><div class=\"wp-block-media-text__content\">\n<p>M\u00e1ximo Cu\u00f1ado Alonso naci\u00f3 en Mecerreyes&nbsp;(Burgos)&nbsp;el 3 de enero de 1931 y falleci\u00f3 en Madrid el 31 de julio de 2016<\/p>\n\n\n\n<p>Sus restos descansan en Mecerreyes.<\/p>\n\n\n\n<p>El Gobierno de Espa\u00f1a, a propuesta de la ministra de Empleo y Seguridad Social, F\u00e1tima B\u00e1\u00f1ez, concedi\u00f3 la Medalla de Oro al M\u00e9rito en el Trabajo a M\u00e1ximo Cu\u00f1ado Alonso, en atenci\u00f3n a los m\u00e9ritos que en \u00e9l concurr\u00edan.<\/p>\n<\/div><\/div>\n\n\n\n<p><\/p>\n\n\n\n<p>En 1963 D. M\u00e1ximo Cu\u00f1ado funda el Grupo Cu\u00f1ado, desde entonces el apellido familiar ha crecido hasta situarse como una gran red industrial de referencia. Con presencia en Europa, Am\u00e9rica Latina, Oriente Medio, India y Australia, este crecimiento lo han conseguido apostando por <a  href=\"https:\/\/www.mecerreyes.com\/mece\/?page_id=265\">asociaciones<\/a> estrat\u00e9gicas de larga duraci\u00f3n, pero sin perder su ra\u00edz local y su esencia.<\/p>\n\n\n\n<p>El esp\u00edritu emprendedor de D. M\u00e1ximo Cu\u00f1ado ha marcado la compa\u00f1\u00eda desde su origen. Su car\u00e1cter visionario no solo transform\u00f3 la industria nacional, sino que sent\u00f3 las bases de una expansi\u00f3n internacional que se consolidar\u00eda a\u00f1os m\u00e1s tarde.<\/p>\n\n\n\n<p>La trascendencia de su legado sigue ocupando espacio en la prensa especializada.<\/p>\n\n\n\n<p class=\"has-medium-font-size\"><a  href=\"https:\/\/www.burgosconecta.es\/contentfactory\/post\/2025\/06\/27\/santander-grupo-cunado\/?utm_source=VNEWS&#038;utm_medium=native&#038;utm_campaign=banco_santander_grupo_cunado_vnews&#038;utm_content=banco_santander\"><strong>GRUPO CU\u00d1ADO &#8211; M\u00e1ximo Cu\u00f1ado<\/strong><\/a><\/p>\n\n\n\n<p class=\"has-luminous-vivid-amber-background-color has-background\" style=\"font-size:22px\"><strong>HACE M\u00c1S DE UN SIGLO<\/strong><\/p>\n\n\n\n<p>Salvador Santamar\u00eda nos hace una nueva entrega. <\/p>\n\n\n\n<p><mark style=\"background-color:rgba(0, 0, 0, 0);color:#4036e6\" class=\"has-inline-color\"><em>Volvemos a presentar esta vez acuerdos de la Diputaci\u00f3n Provincial de los d\u00edas 29 de agosto y 23 de septiembre de 1874 del 26 de marzo de 1875 . Las tres sesiones se centraron en la recluta de soldados para incorporarse al ej\u00e9rcito.<br><br>Como ya explicamos anteriormente, al servicio militar se incorporaba un n\u00famero determinado de soldados que establec\u00eda el Gobierno. Este n\u00famero se repart\u00eda entre las distintas provincias. Cada Diputaci\u00f3n Provincial a su vez establec\u00eda un cupo de mozos para cada pueblo, de tal forma que se alcanzara el n\u00famero de soldados que la provincia deb\u00eda presentar.<br><br>El servicio militar en aquella \u00e9poca era bastante duro. Por una parte, un\u00a0 cierto n\u00famero de soldados era destinado a las colonias (Cuba, Filipinas, Marruecos\u2026) donde se viv\u00eda en un ambiente de guerra. En la pen\u00ednsula todav\u00eda coleaban las guerras carlistas. Y a todo esto hab\u00eda que a\u00f1adir las condiciones de vida en los cuarteles, donde el hacinamiento, la falta de higiene y la mala alimentaci\u00f3n hac\u00eda que las epidemias estuvieran a la orden del d\u00eda. Todo ello se traduce en que el servicio militar presentaba un riesgo alto de morir o quedar impedido.<br><br>Ello hac\u00eda que todo el que pudiera se acogiera a alguna de las causas de exenci\u00f3n del servicio. En el primer recorte vemos cuatro casos: ser hijo de un padre mayor de 60 a\u00f1os y pobre. Ser hijo de padre impedido y pobre. Ser hu\u00e9rfano y mantener a otros hermanos menores. Estar casado civilmente y por tanto mantener tu propia familia. En los dos primeros casos el <a  href=\"https:\/\/www.mecerreyes.com\/mece\/?page_id=24\">Ayuntamiento<\/a> no los admite, en el tercero s\u00ed.\u00a0 Quiz\u00e1s porque conoc\u00eda la situaci\u00f3n de cada uno y sabia qui\u00e9n era pobre y quien no. La Diputaci\u00f3n solamente confirma el fallo del <a  href=\"https:\/\/www.mecerreyes.com\/mece\/?page_id=24\">Ayuntamiento<\/a>. El cuarto caso resulta curioso porque la exenci\u00f3n por estar casado solo serv\u00eda si el matrimonio era civil y se hab\u00eda hecho con cierta antelaci\u00f3n, pues en alg\u00fan otro caso (de otros pueblos) no se lo reconocen si solo estaba casado can\u00f3nicamente, o se hab\u00eda casado recientemente.<br><br>En el segundo recorte vemos un caso diferente, el mozo se libr\u00f3 de ir al servicio militar porque pag\u00f3 una cantidad establecida de dinero. (Normalmente oscilaba entre los 6000 y 8000 reales.). Esta cantidad era considerable para las econom\u00edas de las personas de tipo medio, por lo que se conoc\u00eda al servicio militar como el \u201cimpuesto de sangre de los pobres\u201d, pues pocos pod\u00edan pagarlo y aun as\u00ed algunos hac\u00edan el sacrificio hipotecando los bienes familiares. Como se lee a continuaci\u00f3n, la redenci\u00f3n del mozo obligaba al <a  href=\"https:\/\/www.mecerreyes.com\/mece\/?page_id=24\">ayuntamiento<\/a> a correr el turno, y uno de los mozos que hab\u00eda quedado excedente de cupo deb\u00eda incorporarse a filas. Por eso cuando en la noticia se a\u00f1ade que se de baja al n\u00ba 6, entiendo que se le da de baja del excedente de cupo.<br><br>En el tercero, aparece un nuevo tipo de exenci\u00f3n, que es la de tener alg\u00fan hermano ya alistado en el ej\u00e9rcito. Resulta curioso que en este caso quede la cuesti\u00f3n a la espera de acreditar la existencia del hermano. Ya que parece que se hab\u00eda acreditado que viv\u00eda antes de la fecha del sorteo (cuando los declaran soldados). El <a  href=\"https:\/\/www.mecerreyes.com\/mece\/?page_id=24\">Ayuntamiento<\/a>, conociendo la existencia efectiva del hermano le declara exento. No obstante la comisi\u00f3n, al ver la fecha del certificado exige que se traiga una m\u00e1s actual. Pienso que como la mortalidad en el ej\u00e9rcito era elevada, deb\u00edan pensar que solo si segu\u00eda vivo en esas fechas era causa de exenci\u00f3n. El segundo caso, es similar a los del primer recorte, tener un padre impedido y pobre. No le sirvi\u00f3, porque el <a  href=\"https:\/\/www.mecerreyes.com\/mece\/?page_id=24\">Ayuntamiento<\/a> y la Comisi\u00f3n le consider\u00f3 apto para el trabajo.<br><br>El tercer caso es m\u00e1s curioso aun, pues se refiere a que el mozo al que le corresponde ser soldado esta en las filas de los carlistas.(esta guerra estaba activa aun como se puede ver). Por lo tanto hay que declararle pr\u00f3fugo.<\/em><\/mark><\/p>\n\n\n\n<p>Salvador Santamaria<\/p>\n\n\n\n<p><em><mark style=\"background-color:rgba(0, 0, 0, 0)\" class=\"has-inline-color has-vivid-red-color\">(Nota: todo lo escrito es solamente mi opini\u00f3n, que someto a la de cualquiera que tenga mejor conocimiento que yo sobre este tema)<\/mark><\/em><\/p>\n\n\n\n<figure class=\"wp-block-image aligncenter size-large is-resized\"><a  href=\"https:\/\/www.mecerreyes.com\/mece\/wp-content\/uploads\/2025\/07\/1874-Reclamacion-alistamiento-1.png\" class=\"thickbox no_icon\" title=\"\"><img loading=\"lazy\" decoding=\"async\" width=\"246\" height=\"377\" src=\"https:\/\/www.mecerreyes.com\/mece\/wp-content\/uploads\/2025\/07\/1874-Reclamacion-alistamiento-1.png\" alt=\"\" class=\"wp-image-26445\" style=\"width:269px;height:auto\" srcset=\"https:\/\/www.mecerreyes.com\/mece\/wp-content\/uploads\/2025\/07\/1874-Reclamacion-alistamiento-1.png 246w, https:\/\/www.mecerreyes.com\/mece\/wp-content\/uploads\/2025\/07\/1874-Reclamacion-alistamiento-1-196x300.png 196w\" sizes=\"(max-width: 246px) 100vw, 246px\" \/><\/a><\/figure>\n\n\n\n<figure class=\"wp-block-image aligncenter size-full\"><a  href=\"https:\/\/www.mecerreyes.com\/mece\/wp-content\/uploads\/2025\/07\/1874-Reclamacion-alistamiento-2.png\" class=\"thickbox no_icon\" title=\"\"><img loading=\"lazy\" decoding=\"async\" width=\"252\" height=\"158\" src=\"https:\/\/www.mecerreyes.com\/mece\/wp-content\/uploads\/2025\/07\/1874-Reclamacion-alistamiento-2.png\" alt=\"\" class=\"wp-image-26446\"\/><\/a><\/figure>\n\n\n\n<figure class=\"wp-block-image aligncenter size-full\"><a  href=\"https:\/\/www.mecerreyes.com\/mece\/wp-content\/uploads\/2025\/07\/1875-Reclamaciones-alistamiento-3.png\" class=\"thickbox no_icon\" title=\"\"><img loading=\"lazy\" decoding=\"async\" width=\"213\" height=\"446\" src=\"https:\/\/www.mecerreyes.com\/mece\/wp-content\/uploads\/2025\/07\/1875-Reclamaciones-alistamiento-3.png\" alt=\"\" class=\"wp-image-26447\" srcset=\"https:\/\/www.mecerreyes.com\/mece\/wp-content\/uploads\/2025\/07\/1875-Reclamaciones-alistamiento-3.png 213w, https:\/\/www.mecerreyes.com\/mece\/wp-content\/uploads\/2025\/07\/1875-Reclamaciones-alistamiento-3-143x300.png 143w\" sizes=\"(max-width: 213px) 100vw, 213px\" \/><\/a><\/figure>\n\n\n\n<div style=\"height:42px\" aria-hidden=\"true\" class=\"wp-block-spacer\"><\/div>\n\n\n\n<p><\/p>\n\n\n\n<p class=\"has-luminous-vivid-amber-background-color has-background\" style=\"font-size:22px\"><strong>CHOCOLATE DE SAN JUAN<\/strong><\/p>\n\n\n\n<p>Las abuelas de Mecerreyes no pudieron dar la bienvenida al solsticio de verano la tarde del 24 por la lluvia, y fue la del d\u00eda 25 cuando compartieron un chocolate y tertulia con todos los presentes.<\/p>\n\n\n\n<p>Gracias por vuestro cari\u00f1o y bonito detalle. <\/p>\n\n\n\n<figure class=\"wp-block-gallery has-nested-images columns-default is-cropped wp-block-gallery-1 is-layout-flex wp-block-gallery-is-layout-flex\">\n<figure class=\"wp-block-image size-large\"><a  href=\"https:\/\/www.mecerreyes.com\/mece\/wp-content\/uploads\/2025\/07\/Chocolate-dia-de-San-Juan-Mecerreyes-24-06-2025-3.jpeg\" class=\"thickbox no_icon\" title=\"\"><img loading=\"lazy\" decoding=\"async\" width=\"1024\" height=\"461\" data-id=\"26451\" src=\"https:\/\/www.mecerreyes.com\/mece\/wp-content\/uploads\/2025\/07\/Chocolate-dia-de-San-Juan-Mecerreyes-24-06-2025-3-1024x461.jpeg\" alt=\"\" class=\"wp-image-26451\" srcset=\"https:\/\/www.mecerreyes.com\/mece\/wp-content\/uploads\/2025\/07\/Chocolate-dia-de-San-Juan-Mecerreyes-24-06-2025-3-1024x461.jpeg 1024w, https:\/\/www.mecerreyes.com\/mece\/wp-content\/uploads\/2025\/07\/Chocolate-dia-de-San-Juan-Mecerreyes-24-06-2025-3-300x135.jpeg 300w, https:\/\/www.mecerreyes.com\/mece\/wp-content\/uploads\/2025\/07\/Chocolate-dia-de-San-Juan-Mecerreyes-24-06-2025-3-768x346.jpeg 768w, https:\/\/www.mecerreyes.com\/mece\/wp-content\/uploads\/2025\/07\/Chocolate-dia-de-San-Juan-Mecerreyes-24-06-2025-3-1536x691.jpeg 1536w, https:\/\/www.mecerreyes.com\/mece\/wp-content\/uploads\/2025\/07\/Chocolate-dia-de-San-Juan-Mecerreyes-24-06-2025-3-1080x486.jpeg 1080w, https:\/\/www.mecerreyes.com\/mece\/wp-content\/uploads\/2025\/07\/Chocolate-dia-de-San-Juan-Mecerreyes-24-06-2025-3.jpeg 1600w\" sizes=\"(max-width: 1024px) 100vw, 1024px\" \/><\/a><\/figure>\n\n\n\n<figure class=\"wp-block-image size-large\"><a  href=\"https:\/\/www.mecerreyes.com\/mece\/wp-content\/uploads\/2025\/07\/Chocolate-dia-de-San-Juan-Mecerreyes-24-06-2025-5.jpeg\" class=\"thickbox no_icon\" title=\"\"><img loading=\"lazy\" decoding=\"async\" width=\"945\" height=\"439\" data-id=\"26448\" src=\"https:\/\/www.mecerreyes.com\/mece\/wp-content\/uploads\/2025\/07\/Chocolate-dia-de-San-Juan-Mecerreyes-24-06-2025-5.jpeg\" alt=\"\" class=\"wp-image-26448\" srcset=\"https:\/\/www.mecerreyes.com\/mece\/wp-content\/uploads\/2025\/07\/Chocolate-dia-de-San-Juan-Mecerreyes-24-06-2025-5.jpeg 945w, https:\/\/www.mecerreyes.com\/mece\/wp-content\/uploads\/2025\/07\/Chocolate-dia-de-San-Juan-Mecerreyes-24-06-2025-5-300x139.jpeg 300w, https:\/\/www.mecerreyes.com\/mece\/wp-content\/uploads\/2025\/07\/Chocolate-dia-de-San-Juan-Mecerreyes-24-06-2025-5-768x357.jpeg 768w\" sizes=\"(max-width: 945px) 100vw, 945px\" \/><\/a><\/figure>\n\n\n\n<figure class=\"wp-block-image size-large\"><a  href=\"https:\/\/www.mecerreyes.com\/mece\/wp-content\/uploads\/2025\/07\/Chocolate-dia-de-San-Juan-Mecerreyes-24-06-2025-1.jpeg\" class=\"thickbox no_icon\" title=\"\"><img loading=\"lazy\" decoding=\"async\" width=\"1024\" height=\"461\" data-id=\"26452\" src=\"https:\/\/www.mecerreyes.com\/mece\/wp-content\/uploads\/2025\/07\/Chocolate-dia-de-San-Juan-Mecerreyes-24-06-2025-1-1024x461.jpeg\" alt=\"\" class=\"wp-image-26452\" srcset=\"https:\/\/www.mecerreyes.com\/mece\/wp-content\/uploads\/2025\/07\/Chocolate-dia-de-San-Juan-Mecerreyes-24-06-2025-1-1024x461.jpeg 1024w, https:\/\/www.mecerreyes.com\/mece\/wp-content\/uploads\/2025\/07\/Chocolate-dia-de-San-Juan-Mecerreyes-24-06-2025-1-300x135.jpeg 300w, https:\/\/www.mecerreyes.com\/mece\/wp-content\/uploads\/2025\/07\/Chocolate-dia-de-San-Juan-Mecerreyes-24-06-2025-1-768x346.jpeg 768w, https:\/\/www.mecerreyes.com\/mece\/wp-content\/uploads\/2025\/07\/Chocolate-dia-de-San-Juan-Mecerreyes-24-06-2025-1-1536x691.jpeg 1536w, https:\/\/www.mecerreyes.com\/mece\/wp-content\/uploads\/2025\/07\/Chocolate-dia-de-San-Juan-Mecerreyes-24-06-2025-1-1080x486.jpeg 1080w, https:\/\/www.mecerreyes.com\/mece\/wp-content\/uploads\/2025\/07\/Chocolate-dia-de-San-Juan-Mecerreyes-24-06-2025-1.jpeg 1600w\" sizes=\"(max-width: 1024px) 100vw, 1024px\" \/><\/a><\/figure>\n\n\n\n<figure class=\"wp-block-image size-large\"><a  href=\"https:\/\/www.mecerreyes.com\/mece\/wp-content\/uploads\/2025\/07\/Chocolate-dia-de-San-Juan-Mecerreyes-24-06-2025-2.jpeg\" class=\"thickbox no_icon\" title=\"\"><img loading=\"lazy\" decoding=\"async\" width=\"1024\" height=\"461\" data-id=\"26450\" src=\"https:\/\/www.mecerreyes.com\/mece\/wp-content\/uploads\/2025\/07\/Chocolate-dia-de-San-Juan-Mecerreyes-24-06-2025-2-1024x461.jpeg\" alt=\"\" class=\"wp-image-26450\" srcset=\"https:\/\/www.mecerreyes.com\/mece\/wp-content\/uploads\/2025\/07\/Chocolate-dia-de-San-Juan-Mecerreyes-24-06-2025-2-1024x461.jpeg 1024w, https:\/\/www.mecerreyes.com\/mece\/wp-content\/uploads\/2025\/07\/Chocolate-dia-de-San-Juan-Mecerreyes-24-06-2025-2-300x135.jpeg 300w, https:\/\/www.mecerreyes.com\/mece\/wp-content\/uploads\/2025\/07\/Chocolate-dia-de-San-Juan-Mecerreyes-24-06-2025-2-768x346.jpeg 768w, https:\/\/www.mecerreyes.com\/mece\/wp-content\/uploads\/2025\/07\/Chocolate-dia-de-San-Juan-Mecerreyes-24-06-2025-2-1536x691.jpeg 1536w, https:\/\/www.mecerreyes.com\/mece\/wp-content\/uploads\/2025\/07\/Chocolate-dia-de-San-Juan-Mecerreyes-24-06-2025-2-1080x486.jpeg 1080w, https:\/\/www.mecerreyes.com\/mece\/wp-content\/uploads\/2025\/07\/Chocolate-dia-de-San-Juan-Mecerreyes-24-06-2025-2.jpeg 1600w\" sizes=\"(max-width: 1024px) 100vw, 1024px\" \/><\/a><\/figure>\n\n\n\n<figure class=\"wp-block-image size-large\"><a  href=\"https:\/\/www.mecerreyes.com\/mece\/wp-content\/uploads\/2025\/07\/Chocolate-dia-de-San-Juan-Mecerreyes-24-06-2025-4.jpeg\" class=\"thickbox no_icon\" title=\"\"><img loading=\"lazy\" decoding=\"async\" width=\"945\" height=\"450\" data-id=\"26449\" src=\"https:\/\/www.mecerreyes.com\/mece\/wp-content\/uploads\/2025\/07\/Chocolate-dia-de-San-Juan-Mecerreyes-24-06-2025-4.jpeg\" alt=\"\" class=\"wp-image-26449\" srcset=\"https:\/\/www.mecerreyes.com\/mece\/wp-content\/uploads\/2025\/07\/Chocolate-dia-de-San-Juan-Mecerreyes-24-06-2025-4.jpeg 945w, https:\/\/www.mecerreyes.com\/mece\/wp-content\/uploads\/2025\/07\/Chocolate-dia-de-San-Juan-Mecerreyes-24-06-2025-4-300x143.jpeg 300w, https:\/\/www.mecerreyes.com\/mece\/wp-content\/uploads\/2025\/07\/Chocolate-dia-de-San-Juan-Mecerreyes-24-06-2025-4-768x366.jpeg 768w\" sizes=\"(max-width: 945px) 100vw, 945px\" \/><\/a><\/figure>\n<\/figure>\n\n\n\n<div style=\"height:42px\" aria-hidden=\"true\" class=\"wp-block-spacer\"><\/div>\n\n\n\n<p class=\"has-luminous-vivid-amber-background-color has-background\" style=\"font-size:22px\"><strong>FESTIVIDAD DEL CORPUS CRISTI<\/strong><\/p>\n\n\n\n<p>El domingo 22 de junio, la Iglesia celebr\u00f3 la solemnidad del Corpus Cristi.<\/p>\n\n\n\n<p>\u00a0En Mecerreyes un a\u00f1o m\u00e1s procesion\u00f3 la preciosa custodia bajo palio, haciendo las pertinentes paradas en los tres altares dispuestos por las ilusionadas e incombustibles abuelas guiletas que mantienen viva esta tradici\u00f3n cristiana.\u00a0 <\/p>\n\n\n\n<figure class=\"wp-block-gallery has-nested-images columns-default is-cropped wp-block-gallery-2 is-layout-flex wp-block-gallery-is-layout-flex\">\n<figure class=\"wp-block-image size-large\"><a  href=\"https:\/\/www.mecerreyes.com\/mece\/wp-content\/uploads\/2025\/07\/Mecerreyes-Corpus-Cristi-2025-1.jpg\" class=\"thickbox no_icon\" title=\"\"><img loading=\"lazy\" decoding=\"async\" width=\"1024\" height=\"768\" data-id=\"26455\" src=\"https:\/\/www.mecerreyes.com\/mece\/wp-content\/uploads\/2025\/07\/Mecerreyes-Corpus-Cristi-2025-1-1024x768.jpg\" alt=\"\" class=\"wp-image-26455\" srcset=\"https:\/\/www.mecerreyes.com\/mece\/wp-content\/uploads\/2025\/07\/Mecerreyes-Corpus-Cristi-2025-1-1024x768.jpg 1024w, https:\/\/www.mecerreyes.com\/mece\/wp-content\/uploads\/2025\/07\/Mecerreyes-Corpus-Cristi-2025-1-300x225.jpg 300w, https:\/\/www.mecerreyes.com\/mece\/wp-content\/uploads\/2025\/07\/Mecerreyes-Corpus-Cristi-2025-1-768x576.jpg 768w, https:\/\/www.mecerreyes.com\/mece\/wp-content\/uploads\/2025\/07\/Mecerreyes-Corpus-Cristi-2025-1-1080x810.jpg 1080w, https:\/\/www.mecerreyes.com\/mece\/wp-content\/uploads\/2025\/07\/Mecerreyes-Corpus-Cristi-2025-1.jpg 1417w\" sizes=\"(max-width: 1024px) 100vw, 1024px\" \/><\/a><\/figure>\n\n\n\n<figure class=\"wp-block-image size-large\"><a  href=\"https:\/\/www.mecerreyes.com\/mece\/wp-content\/uploads\/2025\/07\/Mecerreyes-Corpus-Cristi-2025-1.jpeg\" class=\"thickbox no_icon\" title=\"\"><img loading=\"lazy\" decoding=\"async\" width=\"1024\" height=\"461\" data-id=\"26453\" src=\"https:\/\/www.mecerreyes.com\/mece\/wp-content\/uploads\/2025\/07\/Mecerreyes-Corpus-Cristi-2025-1-1024x461.jpeg\" alt=\"\" class=\"wp-image-26453\" srcset=\"https:\/\/www.mecerreyes.com\/mece\/wp-content\/uploads\/2025\/07\/Mecerreyes-Corpus-Cristi-2025-1-1024x461.jpeg 1024w, https:\/\/www.mecerreyes.com\/mece\/wp-content\/uploads\/2025\/07\/Mecerreyes-Corpus-Cristi-2025-1-300x135.jpeg 300w, https:\/\/www.mecerreyes.com\/mece\/wp-content\/uploads\/2025\/07\/Mecerreyes-Corpus-Cristi-2025-1-768x346.jpeg 768w, https:\/\/www.mecerreyes.com\/mece\/wp-content\/uploads\/2025\/07\/Mecerreyes-Corpus-Cristi-2025-1-1536x691.jpeg 1536w, https:\/\/www.mecerreyes.com\/mece\/wp-content\/uploads\/2025\/07\/Mecerreyes-Corpus-Cristi-2025-1-1080x486.jpeg 1080w, https:\/\/www.mecerreyes.com\/mece\/wp-content\/uploads\/2025\/07\/Mecerreyes-Corpus-Cristi-2025-1.jpeg 1600w\" sizes=\"(max-width: 1024px) 100vw, 1024px\" \/><\/a><\/figure>\n\n\n\n<figure class=\"wp-block-image size-large\"><a  href=\"https:\/\/www.mecerreyes.com\/mece\/wp-content\/uploads\/2025\/07\/Mecerreyes-Corpus-Cristi-2025-2.jpg\" class=\"thickbox no_icon\" title=\"\"><img loading=\"lazy\" decoding=\"async\" width=\"1024\" height=\"768\" data-id=\"26457\" src=\"https:\/\/www.mecerreyes.com\/mece\/wp-content\/uploads\/2025\/07\/Mecerreyes-Corpus-Cristi-2025-2-1024x768.jpg\" alt=\"\" class=\"wp-image-26457\" srcset=\"https:\/\/www.mecerreyes.com\/mece\/wp-content\/uploads\/2025\/07\/Mecerreyes-Corpus-Cristi-2025-2-1024x768.jpg 1024w, https:\/\/www.mecerreyes.com\/mece\/wp-content\/uploads\/2025\/07\/Mecerreyes-Corpus-Cristi-2025-2-300x225.jpg 300w, https:\/\/www.mecerreyes.com\/mece\/wp-content\/uploads\/2025\/07\/Mecerreyes-Corpus-Cristi-2025-2-768x576.jpg 768w, https:\/\/www.mecerreyes.com\/mece\/wp-content\/uploads\/2025\/07\/Mecerreyes-Corpus-Cristi-2025-2.jpg 1063w\" sizes=\"(max-width: 1024px) 100vw, 1024px\" \/><\/a><\/figure>\n\n\n\n<figure class=\"wp-block-image size-large\"><a  href=\"https:\/\/www.mecerreyes.com\/mece\/wp-content\/uploads\/2025\/07\/Mecerreyes-Corpus-Cristi-2025-3.jpg\" class=\"thickbox no_icon\" title=\"\"><img loading=\"lazy\" decoding=\"async\" width=\"1024\" height=\"768\" data-id=\"26456\" src=\"https:\/\/www.mecerreyes.com\/mece\/wp-content\/uploads\/2025\/07\/Mecerreyes-Corpus-Cristi-2025-3-1024x768.jpg\" alt=\"\" class=\"wp-image-26456\" srcset=\"https:\/\/www.mecerreyes.com\/mece\/wp-content\/uploads\/2025\/07\/Mecerreyes-Corpus-Cristi-2025-3-1024x768.jpg 1024w, https:\/\/www.mecerreyes.com\/mece\/wp-content\/uploads\/2025\/07\/Mecerreyes-Corpus-Cristi-2025-3-300x225.jpg 300w, https:\/\/www.mecerreyes.com\/mece\/wp-content\/uploads\/2025\/07\/Mecerreyes-Corpus-Cristi-2025-3-768x576.jpg 768w, https:\/\/www.mecerreyes.com\/mece\/wp-content\/uploads\/2025\/07\/Mecerreyes-Corpus-Cristi-2025-3-1080x810.jpg 1080w, https:\/\/www.mecerreyes.com\/mece\/wp-content\/uploads\/2025\/07\/Mecerreyes-Corpus-Cristi-2025-3.jpg 1417w\" sizes=\"(max-width: 1024px) 100vw, 1024px\" \/><\/a><\/figure>\n\n\n\n<figure class=\"wp-block-image size-large\"><a  href=\"https:\/\/www.mecerreyes.com\/mece\/wp-content\/uploads\/2025\/07\/Mecerreyes-Corpus-Cristi-2025-4.jpg\" class=\"thickbox no_icon\" title=\"\"><img loading=\"lazy\" decoding=\"async\" width=\"1024\" height=\"768\" data-id=\"26454\" src=\"https:\/\/www.mecerreyes.com\/mece\/wp-content\/uploads\/2025\/07\/Mecerreyes-Corpus-Cristi-2025-4-1024x768.jpg\" alt=\"\" class=\"wp-image-26454\" srcset=\"https:\/\/www.mecerreyes.com\/mece\/wp-content\/uploads\/2025\/07\/Mecerreyes-Corpus-Cristi-2025-4-1024x768.jpg 1024w, https:\/\/www.mecerreyes.com\/mece\/wp-content\/uploads\/2025\/07\/Mecerreyes-Corpus-Cristi-2025-4-300x225.jpg 300w, https:\/\/www.mecerreyes.com\/mece\/wp-content\/uploads\/2025\/07\/Mecerreyes-Corpus-Cristi-2025-4-768x576.jpg 768w, https:\/\/www.mecerreyes.com\/mece\/wp-content\/uploads\/2025\/07\/Mecerreyes-Corpus-Cristi-2025-4-1080x810.jpg 1080w, https:\/\/www.mecerreyes.com\/mece\/wp-content\/uploads\/2025\/07\/Mecerreyes-Corpus-Cristi-2025-4.jpg 1417w\" sizes=\"(max-width: 1024px) 100vw, 1024px\" \/><\/a><\/figure>\n<\/figure>\n\n\n\n<div style=\"height:42px\" aria-hidden=\"true\" class=\"wp-block-spacer\"><\/div>\n\n\n\n<p class=\"has-luminous-vivid-amber-background-color has-background\" style=\"font-size:22px\"><strong>CONFIRMACIONES<\/strong><\/p>\n\n\n\n<p>La comunidad cristiana de Mecerreyes, se reuni\u00f3 la tarde del d\u00eda 28 para participar en la eucarist\u00eda presidida por el arzobispo de Burgos D. Mario Izeta y concelebrada por nuestro p\u00e1rroco Julio Alonso, Carlos Alonso y Alejandro Gonz\u00e1lez.<\/p>\n\n\n\n<p>Presentados por sus padrinos, nueve j\u00f3venes recibieron el sacramento de la confirmaci\u00f3n.<\/p>\n\n\n\n<p>Una ceremonia en la que D. Mario dedic\u00f3 unas bonitas palabras a las familias presentes, agradeci\u00f3 a los j\u00f3venes, padres y catequistas su compromiso y presencia durante el per\u00edodo de catequesis.<\/p>\n\n\n\n<p>Tarde festiva que finaliz\u00f3 con todas las familias y amigos alrededor de la mesa, pudiendo compartir unas palabras m\u00e1s cercanas con el Sr. Arzobispo que no olvida los regalos que los jugadores del f\u00fatbol le hicieron la vez anterior que estuvo en nuestro pueblo. <\/p>\n\n\n\n<figure class=\"wp-block-gallery has-nested-images columns-default is-cropped wp-block-gallery-3 is-layout-flex wp-block-gallery-is-layout-flex\">\n<figure class=\"wp-block-image size-large\"><a  href=\"https:\/\/www.mecerreyes.com\/mece\/wp-content\/uploads\/2025\/07\/Mecerreyes-Confirmaciones-28-06-2025-4.jpeg\" class=\"thickbox no_icon\" title=\"\"><img loading=\"lazy\" decoding=\"async\" width=\"1024\" height=\"768\" data-id=\"26459\" src=\"https:\/\/www.mecerreyes.com\/mece\/wp-content\/uploads\/2025\/07\/Mecerreyes-Confirmaciones-28-06-2025-4-1024x768.jpeg\" alt=\"\" class=\"wp-image-26459\" srcset=\"https:\/\/www.mecerreyes.com\/mece\/wp-content\/uploads\/2025\/07\/Mecerreyes-Confirmaciones-28-06-2025-4-1024x768.jpeg 1024w, https:\/\/www.mecerreyes.com\/mece\/wp-content\/uploads\/2025\/07\/Mecerreyes-Confirmaciones-28-06-2025-4-300x225.jpeg 300w, https:\/\/www.mecerreyes.com\/mece\/wp-content\/uploads\/2025\/07\/Mecerreyes-Confirmaciones-28-06-2025-4-768x576.jpeg 768w, https:\/\/www.mecerreyes.com\/mece\/wp-content\/uploads\/2025\/07\/Mecerreyes-Confirmaciones-28-06-2025-4-1536x1152.jpeg 1536w, https:\/\/www.mecerreyes.com\/mece\/wp-content\/uploads\/2025\/07\/Mecerreyes-Confirmaciones-28-06-2025-4-1080x810.jpeg 1080w, https:\/\/www.mecerreyes.com\/mece\/wp-content\/uploads\/2025\/07\/Mecerreyes-Confirmaciones-28-06-2025-4.jpeg 1600w\" sizes=\"(max-width: 1024px) 100vw, 1024px\" \/><\/a><\/figure>\n\n\n\n<figure class=\"wp-block-image size-large\"><a  href=\"https:\/\/www.mecerreyes.com\/mece\/wp-content\/uploads\/2025\/07\/Mecerreyes-Confirmaciones-28-06-2025-1.jpeg\" class=\"thickbox no_icon\" title=\"\"><img loading=\"lazy\" decoding=\"async\" width=\"1024\" height=\"768\" data-id=\"26461\" src=\"https:\/\/www.mecerreyes.com\/mece\/wp-content\/uploads\/2025\/07\/Mecerreyes-Confirmaciones-28-06-2025-1-1024x768.jpeg\" alt=\"\" class=\"wp-image-26461\" srcset=\"https:\/\/www.mecerreyes.com\/mece\/wp-content\/uploads\/2025\/07\/Mecerreyes-Confirmaciones-28-06-2025-1-1024x768.jpeg 1024w, https:\/\/www.mecerreyes.com\/mece\/wp-content\/uploads\/2025\/07\/Mecerreyes-Confirmaciones-28-06-2025-1-300x225.jpeg 300w, https:\/\/www.mecerreyes.com\/mece\/wp-content\/uploads\/2025\/07\/Mecerreyes-Confirmaciones-28-06-2025-1-768x576.jpeg 768w, https:\/\/www.mecerreyes.com\/mece\/wp-content\/uploads\/2025\/07\/Mecerreyes-Confirmaciones-28-06-2025-1-1536x1152.jpeg 1536w, https:\/\/www.mecerreyes.com\/mece\/wp-content\/uploads\/2025\/07\/Mecerreyes-Confirmaciones-28-06-2025-1-1080x810.jpeg 1080w, https:\/\/www.mecerreyes.com\/mece\/wp-content\/uploads\/2025\/07\/Mecerreyes-Confirmaciones-28-06-2025-1.jpeg 1600w\" sizes=\"(max-width: 1024px) 100vw, 1024px\" \/><\/a><\/figure>\n\n\n\n<figure class=\"wp-block-image size-large\"><a  href=\"https:\/\/www.mecerreyes.com\/mece\/wp-content\/uploads\/2025\/07\/Mecerreyes-Confirmaciones-28-06-2025-2.jpeg\" class=\"thickbox no_icon\" title=\"\"><img loading=\"lazy\" decoding=\"async\" width=\"1024\" height=\"768\" data-id=\"26460\" src=\"https:\/\/www.mecerreyes.com\/mece\/wp-content\/uploads\/2025\/07\/Mecerreyes-Confirmaciones-28-06-2025-2-1024x768.jpeg\" alt=\"\" class=\"wp-image-26460\" srcset=\"https:\/\/www.mecerreyes.com\/mece\/wp-content\/uploads\/2025\/07\/Mecerreyes-Confirmaciones-28-06-2025-2-1024x768.jpeg 1024w, https:\/\/www.mecerreyes.com\/mece\/wp-content\/uploads\/2025\/07\/Mecerreyes-Confirmaciones-28-06-2025-2-300x225.jpeg 300w, https:\/\/www.mecerreyes.com\/mece\/wp-content\/uploads\/2025\/07\/Mecerreyes-Confirmaciones-28-06-2025-2-768x576.jpeg 768w, https:\/\/www.mecerreyes.com\/mece\/wp-content\/uploads\/2025\/07\/Mecerreyes-Confirmaciones-28-06-2025-2-1536x1152.jpeg 1536w, https:\/\/www.mecerreyes.com\/mece\/wp-content\/uploads\/2025\/07\/Mecerreyes-Confirmaciones-28-06-2025-2-1080x810.jpeg 1080w, https:\/\/www.mecerreyes.com\/mece\/wp-content\/uploads\/2025\/07\/Mecerreyes-Confirmaciones-28-06-2025-2.jpeg 1600w\" sizes=\"(max-width: 1024px) 100vw, 1024px\" \/><\/a><\/figure>\n\n\n\n<figure class=\"wp-block-image size-large\"><a  href=\"https:\/\/www.mecerreyes.com\/mece\/wp-content\/uploads\/2025\/07\/Mecerreyes-Confirmaciones-28-06-2025-3.jpeg\" class=\"thickbox no_icon\" title=\"\"><img loading=\"lazy\" decoding=\"async\" width=\"1024\" height=\"768\" data-id=\"26462\" src=\"https:\/\/www.mecerreyes.com\/mece\/wp-content\/uploads\/2025\/07\/Mecerreyes-Confirmaciones-28-06-2025-3-1024x768.jpeg\" alt=\"\" class=\"wp-image-26462\" srcset=\"https:\/\/www.mecerreyes.com\/mece\/wp-content\/uploads\/2025\/07\/Mecerreyes-Confirmaciones-28-06-2025-3-1024x768.jpeg 1024w, https:\/\/www.mecerreyes.com\/mece\/wp-content\/uploads\/2025\/07\/Mecerreyes-Confirmaciones-28-06-2025-3-300x225.jpeg 300w, https:\/\/www.mecerreyes.com\/mece\/wp-content\/uploads\/2025\/07\/Mecerreyes-Confirmaciones-28-06-2025-3-768x576.jpeg 768w, https:\/\/www.mecerreyes.com\/mece\/wp-content\/uploads\/2025\/07\/Mecerreyes-Confirmaciones-28-06-2025-3-1536x1152.jpeg 1536w, https:\/\/www.mecerreyes.com\/mece\/wp-content\/uploads\/2025\/07\/Mecerreyes-Confirmaciones-28-06-2025-3-1080x810.jpeg 1080w, https:\/\/www.mecerreyes.com\/mece\/wp-content\/uploads\/2025\/07\/Mecerreyes-Confirmaciones-28-06-2025-3.jpeg 1600w\" sizes=\"(max-width: 1024px) 100vw, 1024px\" \/><\/a><\/figure>\n\n\n<\/figure>\n\n\n\n<div style=\"height:42px\" aria-hidden=\"true\" class=\"wp-block-spacer\"><\/div>\n\n\n\n<figure class=\"wp-block-gallery has-nested-images columns-default is-cropped wp-block-gallery-4 is-layout-flex wp-block-gallery-is-layout-flex\">\n<figure class=\"wp-block-image size-large\"><a  href=\"https:\/\/www.mecerreyes.com\/mece\/wp-content\/uploads\/2025\/07\/Mecerreyes-Confirmaciones-junio-2025-8.jpg\" class=\"thickbox no_icon\" title=\"\"><img loading=\"lazy\" decoding=\"async\" width=\"1024\" height=\"768\" data-id=\"26463\" src=\"https:\/\/www.mecerreyes.com\/mece\/wp-content\/uploads\/2025\/07\/Mecerreyes-Confirmaciones-junio-2025-8-1024x768.jpg\" alt=\"\" class=\"wp-image-26463\" srcset=\"https:\/\/www.mecerreyes.com\/mece\/wp-content\/uploads\/2025\/07\/Mecerreyes-Confirmaciones-junio-2025-8-1024x768.jpg 1024w, https:\/\/www.mecerreyes.com\/mece\/wp-content\/uploads\/2025\/07\/Mecerreyes-Confirmaciones-junio-2025-8-300x225.jpg 300w, https:\/\/www.mecerreyes.com\/mece\/wp-content\/uploads\/2025\/07\/Mecerreyes-Confirmaciones-junio-2025-8-768x576.jpg 768w, https:\/\/www.mecerreyes.com\/mece\/wp-content\/uploads\/2025\/07\/Mecerreyes-Confirmaciones-junio-2025-8-1080x810.jpg 1080w, https:\/\/www.mecerreyes.com\/mece\/wp-content\/uploads\/2025\/07\/Mecerreyes-Confirmaciones-junio-2025-8.jpg 1417w\" sizes=\"(max-width: 1024px) 100vw, 1024px\" \/><\/a><\/figure>\n\n\n\n<figure class=\"wp-block-image size-large\"><a  href=\"https:\/\/www.mecerreyes.com\/mece\/wp-content\/uploads\/2025\/07\/Mecerreyes-Confirmaciones-junio-2025-1.jpg\" class=\"thickbox no_icon\" title=\"\"><img loading=\"lazy\" decoding=\"async\" width=\"1024\" height=\"768\" data-id=\"26465\" src=\"https:\/\/www.mecerreyes.com\/mece\/wp-content\/uploads\/2025\/07\/Mecerreyes-Confirmaciones-junio-2025-1-1024x768.jpg\" alt=\"\" class=\"wp-image-26465\" srcset=\"https:\/\/www.mecerreyes.com\/mece\/wp-content\/uploads\/2025\/07\/Mecerreyes-Confirmaciones-junio-2025-1-1024x768.jpg 1024w, https:\/\/www.mecerreyes.com\/mece\/wp-content\/uploads\/2025\/07\/Mecerreyes-Confirmaciones-junio-2025-1-300x225.jpg 300w, https:\/\/www.mecerreyes.com\/mece\/wp-content\/uploads\/2025\/07\/Mecerreyes-Confirmaciones-junio-2025-1-768x576.jpg 768w, https:\/\/www.mecerreyes.com\/mece\/wp-content\/uploads\/2025\/07\/Mecerreyes-Confirmaciones-junio-2025-1-1080x810.jpg 1080w, https:\/\/www.mecerreyes.com\/mece\/wp-content\/uploads\/2025\/07\/Mecerreyes-Confirmaciones-junio-2025-1.jpg 1417w\" sizes=\"(max-width: 1024px) 100vw, 1024px\" \/><\/a><\/figure>\n\n\n\n<figure class=\"wp-block-image size-large\"><a  href=\"https:\/\/www.mecerreyes.com\/mece\/wp-content\/uploads\/2025\/07\/Mecerreyes-Confirmaciones-junio-2025-2.jpg\" class=\"thickbox no_icon\" title=\"\"><img loading=\"lazy\" decoding=\"async\" width=\"1024\" height=\"768\" data-id=\"26468\" src=\"https:\/\/www.mecerreyes.com\/mece\/wp-content\/uploads\/2025\/07\/Mecerreyes-Confirmaciones-junio-2025-2-1024x768.jpg\" alt=\"\" class=\"wp-image-26468\" srcset=\"https:\/\/www.mecerreyes.com\/mece\/wp-content\/uploads\/2025\/07\/Mecerreyes-Confirmaciones-junio-2025-2-1024x768.jpg 1024w, https:\/\/www.mecerreyes.com\/mece\/wp-content\/uploads\/2025\/07\/Mecerreyes-Confirmaciones-junio-2025-2-300x225.jpg 300w, https:\/\/www.mecerreyes.com\/mece\/wp-content\/uploads\/2025\/07\/Mecerreyes-Confirmaciones-junio-2025-2-768x576.jpg 768w, https:\/\/www.mecerreyes.com\/mece\/wp-content\/uploads\/2025\/07\/Mecerreyes-Confirmaciones-junio-2025-2-1080x810.jpg 1080w, https:\/\/www.mecerreyes.com\/mece\/wp-content\/uploads\/2025\/07\/Mecerreyes-Confirmaciones-junio-2025-2.jpg 1417w\" sizes=\"(max-width: 1024px) 100vw, 1024px\" \/><\/a><\/figure>\n\n\n\n<figure class=\"wp-block-image size-large\"><a  href=\"https:\/\/www.mecerreyes.com\/mece\/wp-content\/uploads\/2025\/07\/Mecerreyes-Confirmaciones-junio-2025-3.jpg\" class=\"thickbox no_icon\" title=\"\"><img loading=\"lazy\" decoding=\"async\" width=\"1024\" height=\"768\" data-id=\"26470\" src=\"https:\/\/www.mecerreyes.com\/mece\/wp-content\/uploads\/2025\/07\/Mecerreyes-Confirmaciones-junio-2025-3-1024x768.jpg\" alt=\"\" class=\"wp-image-26470\" srcset=\"https:\/\/www.mecerreyes.com\/mece\/wp-content\/uploads\/2025\/07\/Mecerreyes-Confirmaciones-junio-2025-3-1024x768.jpg 1024w, https:\/\/www.mecerreyes.com\/mece\/wp-content\/uploads\/2025\/07\/Mecerreyes-Confirmaciones-junio-2025-3-300x225.jpg 300w, https:\/\/www.mecerreyes.com\/mece\/wp-content\/uploads\/2025\/07\/Mecerreyes-Confirmaciones-junio-2025-3-768x576.jpg 768w, https:\/\/www.mecerreyes.com\/mece\/wp-content\/uploads\/2025\/07\/Mecerreyes-Confirmaciones-junio-2025-3-1080x810.jpg 1080w, https:\/\/www.mecerreyes.com\/mece\/wp-content\/uploads\/2025\/07\/Mecerreyes-Confirmaciones-junio-2025-3.jpg 1417w\" sizes=\"(max-width: 1024px) 100vw, 1024px\" \/><\/a><\/figure>\n\n\n\n<figure class=\"wp-block-image size-large\"><a  href=\"https:\/\/www.mecerreyes.com\/mece\/wp-content\/uploads\/2025\/07\/Mecerreyes-Confirmaciones-junio-2025-4.jpg\" class=\"thickbox no_icon\" title=\"\"><img loading=\"lazy\" decoding=\"async\" width=\"1024\" height=\"768\" data-id=\"26464\" src=\"https:\/\/www.mecerreyes.com\/mece\/wp-content\/uploads\/2025\/07\/Mecerreyes-Confirmaciones-junio-2025-4-1024x768.jpg\" alt=\"\" class=\"wp-image-26464\" srcset=\"https:\/\/www.mecerreyes.com\/mece\/wp-content\/uploads\/2025\/07\/Mecerreyes-Confirmaciones-junio-2025-4-1024x768.jpg 1024w, https:\/\/www.mecerreyes.com\/mece\/wp-content\/uploads\/2025\/07\/Mecerreyes-Confirmaciones-junio-2025-4-300x225.jpg 300w, https:\/\/www.mecerreyes.com\/mece\/wp-content\/uploads\/2025\/07\/Mecerreyes-Confirmaciones-junio-2025-4-768x576.jpg 768w, https:\/\/www.mecerreyes.com\/mece\/wp-content\/uploads\/2025\/07\/Mecerreyes-Confirmaciones-junio-2025-4-1080x810.jpg 1080w, https:\/\/www.mecerreyes.com\/mece\/wp-content\/uploads\/2025\/07\/Mecerreyes-Confirmaciones-junio-2025-4.jpg 1417w\" sizes=\"(max-width: 1024px) 100vw, 1024px\" \/><\/a><\/figure>\n\n\n\n<figure class=\"wp-block-image size-large\"><a  href=\"https:\/\/www.mecerreyes.com\/mece\/wp-content\/uploads\/2025\/07\/Mecerreyes-Confirmaciones-junio-2025-5.jpg\" class=\"thickbox no_icon\" title=\"\"><img loading=\"lazy\" decoding=\"async\" width=\"1024\" height=\"768\" data-id=\"26466\" src=\"https:\/\/www.mecerreyes.com\/mece\/wp-content\/uploads\/2025\/07\/Mecerreyes-Confirmaciones-junio-2025-5-1024x768.jpg\" alt=\"\" class=\"wp-image-26466\" srcset=\"https:\/\/www.mecerreyes.com\/mece\/wp-content\/uploads\/2025\/07\/Mecerreyes-Confirmaciones-junio-2025-5-1024x768.jpg 1024w, https:\/\/www.mecerreyes.com\/mece\/wp-content\/uploads\/2025\/07\/Mecerreyes-Confirmaciones-junio-2025-5-300x225.jpg 300w, https:\/\/www.mecerreyes.com\/mece\/wp-content\/uploads\/2025\/07\/Mecerreyes-Confirmaciones-junio-2025-5-768x576.jpg 768w, https:\/\/www.mecerreyes.com\/mece\/wp-content\/uploads\/2025\/07\/Mecerreyes-Confirmaciones-junio-2025-5-1080x810.jpg 1080w, https:\/\/www.mecerreyes.com\/mece\/wp-content\/uploads\/2025\/07\/Mecerreyes-Confirmaciones-junio-2025-5.jpg 1417w\" sizes=\"(max-width: 1024px) 100vw, 1024px\" \/><\/a><\/figure>\n\n\n\n<figure class=\"wp-block-image size-large\"><a  href=\"https:\/\/www.mecerreyes.com\/mece\/wp-content\/uploads\/2025\/07\/Mecerreyes-Confirmaciones-junio-2025-6.jpg\" class=\"thickbox no_icon\" title=\"\"><img loading=\"lazy\" decoding=\"async\" width=\"1024\" height=\"768\" data-id=\"26469\" src=\"https:\/\/www.mecerreyes.com\/mece\/wp-content\/uploads\/2025\/07\/Mecerreyes-Confirmaciones-junio-2025-6-1024x768.jpg\" alt=\"\" class=\"wp-image-26469\" srcset=\"https:\/\/www.mecerreyes.com\/mece\/wp-content\/uploads\/2025\/07\/Mecerreyes-Confirmaciones-junio-2025-6-1024x768.jpg 1024w, https:\/\/www.mecerreyes.com\/mece\/wp-content\/uploads\/2025\/07\/Mecerreyes-Confirmaciones-junio-2025-6-300x225.jpg 300w, https:\/\/www.mecerreyes.com\/mece\/wp-content\/uploads\/2025\/07\/Mecerreyes-Confirmaciones-junio-2025-6-768x576.jpg 768w, https:\/\/www.mecerreyes.com\/mece\/wp-content\/uploads\/2025\/07\/Mecerreyes-Confirmaciones-junio-2025-6-1080x810.jpg 1080w, https:\/\/www.mecerreyes.com\/mece\/wp-content\/uploads\/2025\/07\/Mecerreyes-Confirmaciones-junio-2025-6.jpg 1417w\" sizes=\"(max-width: 1024px) 100vw, 1024px\" \/><\/a><\/figure>\n\n\n\n<figure class=\"wp-block-image size-large\"><a  href=\"https:\/\/www.mecerreyes.com\/mece\/wp-content\/uploads\/2025\/07\/Mecerreyes-Confirmaciones-junio-2025-7.jpg\" class=\"thickbox no_icon\" title=\"\"><img loading=\"lazy\" decoding=\"async\" width=\"1024\" height=\"768\" data-id=\"26467\" src=\"https:\/\/www.mecerreyes.com\/mece\/wp-content\/uploads\/2025\/07\/Mecerreyes-Confirmaciones-junio-2025-7-1024x768.jpg\" alt=\"\" class=\"wp-image-26467\" srcset=\"https:\/\/www.mecerreyes.com\/mece\/wp-content\/uploads\/2025\/07\/Mecerreyes-Confirmaciones-junio-2025-7-1024x768.jpg 1024w, https:\/\/www.mecerreyes.com\/mece\/wp-content\/uploads\/2025\/07\/Mecerreyes-Confirmaciones-junio-2025-7-300x225.jpg 300w, https:\/\/www.mecerreyes.com\/mece\/wp-content\/uploads\/2025\/07\/Mecerreyes-Confirmaciones-junio-2025-7-768x576.jpg 768w, https:\/\/www.mecerreyes.com\/mece\/wp-content\/uploads\/2025\/07\/Mecerreyes-Confirmaciones-junio-2025-7-1080x810.jpg 1080w, https:\/\/www.mecerreyes.com\/mece\/wp-content\/uploads\/2025\/07\/Mecerreyes-Confirmaciones-junio-2025-7.jpg 1417w\" sizes=\"(max-width: 1024px) 100vw, 1024px\" \/><\/a><\/figure>\n<\/figure>\n\n\n\n<div style=\"height:62px\" aria-hidden=\"true\" class=\"wp-block-spacer\"><\/div>\n\n\n\n<p class=\"has-luminous-vivid-amber-background-color has-background\" style=\"font-size:22px\"><strong>REFRANERO<\/strong><\/p>\n\n\n\n<ul class=\"wp-block-list\">\n<li><strong><em>\u00abJuniete nubladete, si no granizas, no agonizas\u00bb.<\/em><\/strong><\/li>\n\n\n\n<li><strong><em>\u00abEn junio, beber y sudar, y el fresco buscar\u00bb.<\/em><\/strong><\/li>\n\n\n\n<li><strong><em>\u201cNi siembres tarde, ni siembres temprano, en junio todo es grano\u201d.<\/em><\/strong><\/li>\n\n\n\n<li><strong><em>\u201cEn junio si pica el sol, ni mujer, ni caracol\u201d.<\/em><\/strong><\/li>\n<\/ul>\n\n\n\n<figure class=\"wp-block-image size-full\"><a  href=\"https:\/\/www.mecerreyes.com\/mece\/wp-content\/uploads\/2025\/07\/Mecerreyes-junio-2025-ajos.jpg\" class=\"thickbox no_icon\" title=\"\"><img loading=\"lazy\" decoding=\"async\" width=\"850\" height=\"383\" src=\"https:\/\/www.mecerreyes.com\/mece\/wp-content\/uploads\/2025\/07\/Mecerreyes-junio-2025-ajos.jpg\" alt=\"\" class=\"wp-image-26474\" srcset=\"https:\/\/www.mecerreyes.com\/mece\/wp-content\/uploads\/2025\/07\/Mecerreyes-junio-2025-ajos.jpg 850w, https:\/\/www.mecerreyes.com\/mece\/wp-content\/uploads\/2025\/07\/Mecerreyes-junio-2025-ajos-300x135.jpg 300w, https:\/\/www.mecerreyes.com\/mece\/wp-content\/uploads\/2025\/07\/Mecerreyes-junio-2025-ajos-768x346.jpg 768w\" sizes=\"(max-width: 850px) 100vw, 850px\" \/><\/a><\/figure>","protected":false},"excerpt":{"rendered":"<p>Los guiletos protagonizan la cr\u00f3nica del mes de junio, sus logros personales y su aporte a la sociedad acaparan buena parte de la misma. Tambi\u00e9n lo han hecho las reuniones entorno a mesa y mantel, a un buen chocolate, o en la iglesia para celebrar la festividad del Corpus y las confirmaciones de 9 j\u00f3venes. [&hellip;]<\/p>\n","protected":false},"author":5,"featured_media":26475,"comment_status":"open","ping_status":"closed","sticky":false,"template":"","format":"standard","meta":{"_et_pb_use_builder":"off","_et_pb_old_content":"","_et_gb_content_width":"","footnotes":""},"categories":[1],"tags":[],"class_list":["post-26428","post","type-post","status-publish","format-standard","has-post-thumbnail","hentry","category-general","et-has-post-format-content","et_post_format-et-post-format-standard"],"_links":{"self":[{"href":"https:\/\/www.mecerreyes.com\/mece\/index.php?rest_route=\/wp\/v2\/posts\/26428"}],"collection":[{"href":"https:\/\/www.mecerreyes.com\/mece\/index.php?rest_route=\/wp\/v2\/posts"}],"about":[{"href":"https:\/\/www.mecerreyes.com\/mece\/index.php?rest_route=\/wp\/v2\/types\/post"}],"author":[{"embeddable":true,"href":"https:\/\/www.mecerreyes.com\/mece\/index.php?rest_route=\/wp\/v2\/users\/5"}],"replies":[{"embeddable":true,"href":"https:\/\/www.mecerreyes.com\/mece\/index.php?rest_route=%2Fwp%2Fv2%2Fcomments&post=26428"}],"version-history":[{"count":7,"href":"https:\/\/www.mecerreyes.com\/mece\/index.php?rest_route=\/wp\/v2\/posts\/26428\/revisions"}],"predecessor-version":[{"id":26476,"href":"https:\/\/www.mecerreyes.com\/mece\/index.php?rest_route=\/wp\/v2\/posts\/26428\/revisions\/26476"}],"wp:featuredmedia":[{"embeddable":true,"href":"https:\/\/www.mecerreyes.com\/mece\/index.php?rest_route=\/wp\/v2\/media\/26475"}],"wp:attachment":[{"href":"https:\/\/www.mecerreyes.com\/mece\/index.php?rest_route=%2Fwp%2Fv2%2Fmedia&parent=26428"}],"wp:term":[{"taxonomy":"category","embeddable":true,"href":"https:\/\/www.mecerreyes.com\/mece\/index.php?rest_route=%2Fwp%2Fv2%2Fcategories&post=26428"},{"taxonomy":"post_tag","embeddable":true,"href":"https:\/\/www.mecerreyes.com\/mece\/index.php?rest_route=%2Fwp%2Fv2%2Ftags&post=26428"}],"curies":[{"name":"wp","href":"https:\/\/api.w.org\/{rel}","templated":true}]}}