{"id":26480,"date":"2025-08-01T16:31:53","date_gmt":"2025-08-01T15:31:53","guid":{"rendered":"https:\/\/www.mecerreyes.com\/mece\/?p=26480"},"modified":"2025-09-10T19:32:47","modified_gmt":"2025-09-10T18:32:47","slug":"noticias-julio-2025","status":"publish","type":"post","link":"https:\/\/www.mecerreyes.com\/mece\/?p=26480","title":{"rendered":"NOTICIAS JULIO 2025 y VERANO CULTURAL"},"content":{"rendered":"<p class=\"has-medium-font-size\"><strong>JULIO 2025<\/strong><\/p>\n\n\n\n<p>Con temperaturas de calor extremo, el mes de julio no ha dado tregua a los labradores guiletos que, aprovechando las horas nocturnas, han dado cuenta de sus faenas.<\/p>\n\n\n\n<p>La brigada de alguaciles est\u00e1 limpiando el cementerio, pozas, pilones, parque, calles\u2026 <\/p>\n\n\n\n<figure class=\"wp-block-image size-large\"><a  href=\"https:\/\/www.mecerreyes.com\/mece\/wp-content\/uploads\/2025\/07\/Mecerreyes-julio-2025-1.jpg\" class=\"thickbox no_icon\" title=\"\"><img loading=\"lazy\" decoding=\"async\" width=\"1024\" height=\"461\" src=\"https:\/\/www.mecerreyes.com\/mece\/wp-content\/uploads\/2025\/07\/Mecerreyes-julio-2025-1-1024x461.jpg\" alt=\"\" class=\"wp-image-26486\" srcset=\"https:\/\/www.mecerreyes.com\/mece\/wp-content\/uploads\/2025\/07\/Mecerreyes-julio-2025-1-1024x461.jpg 1024w, https:\/\/www.mecerreyes.com\/mece\/wp-content\/uploads\/2025\/07\/Mecerreyes-julio-2025-1-300x135.jpg 300w, https:\/\/www.mecerreyes.com\/mece\/wp-content\/uploads\/2025\/07\/Mecerreyes-julio-2025-1-768x346.jpg 768w, https:\/\/www.mecerreyes.com\/mece\/wp-content\/uploads\/2025\/07\/Mecerreyes-julio-2025-1-1080x486.jpg 1080w, https:\/\/www.mecerreyes.com\/mece\/wp-content\/uploads\/2025\/07\/Mecerreyes-julio-2025-1.jpg 1417w\" sizes=\"(max-width: 1024px) 100vw, 1024px\" \/><\/a><\/figure>\n\n\n\n<p>No es poca la faena que durante todo el mes ocupa a los encargados del disfrute veraniego:<\/p>\n\n\n\n<ul class=\"wp-block-list\">\n<li>La Asociaci\u00f3n Cultural Mecerreyes inmersa en la oferta cultural del mes de agosto.<\/li>\n\n\n\n<li>La pe\u00f1a Los de Aqu\u00ed ultimando el programa de las fiestas de <a  href=\"https:\/\/www.mecerreyes.com\/mece\/?page_id=60\">Acci\u00f3n de Gracias<\/a> y Virgen del Camino.<\/li>\n\n\n\n<li>La Asociaci\u00f3n de Jubilados presente un a\u00f1o m\u00e1s con su chocolate para celebrar el d\u00eda de los abuelos. <\/li>\n<\/ul>\n\n\n\n<figure class=\"wp-block-gallery has-nested-images columns-default is-cropped wp-block-gallery-1 is-layout-flex wp-block-gallery-is-layout-flex\">\n<figure class=\"wp-block-image size-large\"><a  href=\"https:\/\/www.mecerreyes.com\/mece\/wp-content\/uploads\/2025\/08\/Mecerreyes-chocolate-dia-de-los-abuelos-26-07-2025-5.jpeg\" class=\"thickbox no_icon\" title=\"\"><img loading=\"lazy\" decoding=\"async\" width=\"744\" height=\"1024\" data-id=\"26494\" src=\"https:\/\/www.mecerreyes.com\/mece\/wp-content\/uploads\/2025\/08\/Mecerreyes-chocolate-dia-de-los-abuelos-26-07-2025-5-744x1024.jpeg\" alt=\"\" class=\"wp-image-26494\" srcset=\"https:\/\/www.mecerreyes.com\/mece\/wp-content\/uploads\/2025\/08\/Mecerreyes-chocolate-dia-de-los-abuelos-26-07-2025-5-744x1024.jpeg 744w, https:\/\/www.mecerreyes.com\/mece\/wp-content\/uploads\/2025\/08\/Mecerreyes-chocolate-dia-de-los-abuelos-26-07-2025-5-218x300.jpeg 218w, https:\/\/www.mecerreyes.com\/mece\/wp-content\/uploads\/2025\/08\/Mecerreyes-chocolate-dia-de-los-abuelos-26-07-2025-5-768x1057.jpeg 768w, https:\/\/www.mecerreyes.com\/mece\/wp-content\/uploads\/2025\/08\/Mecerreyes-chocolate-dia-de-los-abuelos-26-07-2025-5.jpeg 945w\" sizes=\"(max-width: 744px) 100vw, 744px\" \/><\/a><\/figure>\n\n\n\n<figure class=\"wp-block-image size-large\"><a  href=\"https:\/\/www.mecerreyes.com\/mece\/wp-content\/uploads\/2025\/08\/Mecerreyes-chocolate-dia-de-los-abuelos-26-07-2025-1.jpeg\" class=\"thickbox no_icon\" title=\"\"><img loading=\"lazy\" decoding=\"async\" width=\"945\" height=\"700\" data-id=\"26493\" src=\"https:\/\/www.mecerreyes.com\/mece\/wp-content\/uploads\/2025\/08\/Mecerreyes-chocolate-dia-de-los-abuelos-26-07-2025-1.jpeg\" alt=\"\" class=\"wp-image-26493\" srcset=\"https:\/\/www.mecerreyes.com\/mece\/wp-content\/uploads\/2025\/08\/Mecerreyes-chocolate-dia-de-los-abuelos-26-07-2025-1.jpeg 945w, https:\/\/www.mecerreyes.com\/mece\/wp-content\/uploads\/2025\/08\/Mecerreyes-chocolate-dia-de-los-abuelos-26-07-2025-1-300x222.jpeg 300w, https:\/\/www.mecerreyes.com\/mece\/wp-content\/uploads\/2025\/08\/Mecerreyes-chocolate-dia-de-los-abuelos-26-07-2025-1-768x569.jpeg 768w\" sizes=\"(max-width: 945px) 100vw, 945px\" \/><\/a><\/figure>\n\n\n\n<figure class=\"wp-block-image size-large\"><a  href=\"https:\/\/www.mecerreyes.com\/mece\/wp-content\/uploads\/2025\/08\/Mecerreyes-chocolate-dia-de-los-abuelos-26-07-2025-2.jpeg\" class=\"thickbox no_icon\" title=\"\"><img loading=\"lazy\" decoding=\"async\" width=\"945\" height=\"714\" data-id=\"26496\" src=\"https:\/\/www.mecerreyes.com\/mece\/wp-content\/uploads\/2025\/08\/Mecerreyes-chocolate-dia-de-los-abuelos-26-07-2025-2.jpeg\" alt=\"\" class=\"wp-image-26496\" srcset=\"https:\/\/www.mecerreyes.com\/mece\/wp-content\/uploads\/2025\/08\/Mecerreyes-chocolate-dia-de-los-abuelos-26-07-2025-2.jpeg 945w, https:\/\/www.mecerreyes.com\/mece\/wp-content\/uploads\/2025\/08\/Mecerreyes-chocolate-dia-de-los-abuelos-26-07-2025-2-300x227.jpeg 300w, https:\/\/www.mecerreyes.com\/mece\/wp-content\/uploads\/2025\/08\/Mecerreyes-chocolate-dia-de-los-abuelos-26-07-2025-2-768x580.jpeg 768w\" sizes=\"(max-width: 945px) 100vw, 945px\" \/><\/a><\/figure>\n\n\n\n<figure class=\"wp-block-image size-large\"><a  href=\"https:\/\/www.mecerreyes.com\/mece\/wp-content\/uploads\/2025\/08\/Mecerreyes-chocolate-dia-de-los-abuelos-26-07-2025-3.jpeg\" class=\"thickbox no_icon\" title=\"\"><img loading=\"lazy\" decoding=\"async\" width=\"757\" height=\"1024\" data-id=\"26495\" src=\"https:\/\/www.mecerreyes.com\/mece\/wp-content\/uploads\/2025\/08\/Mecerreyes-chocolate-dia-de-los-abuelos-26-07-2025-3-757x1024.jpeg\" alt=\"\" class=\"wp-image-26495\" srcset=\"https:\/\/www.mecerreyes.com\/mece\/wp-content\/uploads\/2025\/08\/Mecerreyes-chocolate-dia-de-los-abuelos-26-07-2025-3-757x1024.jpeg 757w, https:\/\/www.mecerreyes.com\/mece\/wp-content\/uploads\/2025\/08\/Mecerreyes-chocolate-dia-de-los-abuelos-26-07-2025-3-222x300.jpeg 222w, https:\/\/www.mecerreyes.com\/mece\/wp-content\/uploads\/2025\/08\/Mecerreyes-chocolate-dia-de-los-abuelos-26-07-2025-3-768x1039.jpeg 768w, https:\/\/www.mecerreyes.com\/mece\/wp-content\/uploads\/2025\/08\/Mecerreyes-chocolate-dia-de-los-abuelos-26-07-2025-3.jpeg 945w\" sizes=\"(max-width: 757px) 100vw, 757px\" \/><\/a><\/figure>\n\n\n\n<figure class=\"wp-block-image size-large\"><a  href=\"https:\/\/www.mecerreyes.com\/mece\/wp-content\/uploads\/2025\/08\/Mecerreyes-chocolate-dia-de-los-abuelos-26-07-2025-4.jpeg\" class=\"thickbox no_icon\" title=\"\"><img loading=\"lazy\" decoding=\"async\" width=\"801\" height=\"1024\" data-id=\"26497\" src=\"https:\/\/www.mecerreyes.com\/mece\/wp-content\/uploads\/2025\/08\/Mecerreyes-chocolate-dia-de-los-abuelos-26-07-2025-4-801x1024.jpeg\" alt=\"\" class=\"wp-image-26497\" srcset=\"https:\/\/www.mecerreyes.com\/mece\/wp-content\/uploads\/2025\/08\/Mecerreyes-chocolate-dia-de-los-abuelos-26-07-2025-4-801x1024.jpeg 801w, https:\/\/www.mecerreyes.com\/mece\/wp-content\/uploads\/2025\/08\/Mecerreyes-chocolate-dia-de-los-abuelos-26-07-2025-4-235x300.jpeg 235w, https:\/\/www.mecerreyes.com\/mece\/wp-content\/uploads\/2025\/08\/Mecerreyes-chocolate-dia-de-los-abuelos-26-07-2025-4-768x982.jpeg 768w, https:\/\/www.mecerreyes.com\/mece\/wp-content\/uploads\/2025\/08\/Mecerreyes-chocolate-dia-de-los-abuelos-26-07-2025-4.jpeg 945w\" sizes=\"(max-width: 801px) 100vw, 801px\" \/><\/a><\/figure>\n<\/figure>\n\n\n\n<ul class=\"wp-block-list\">\n<li>Mecerreyes acoge de nuevo a los veraneantes, las celebraciones de quintos y las visitas de amigos como la del influencer Carlo Cu\u00f1ado que el pasado d\u00eda 8 incluy\u00f3 en su ruta por la comarca del Arlanza una visita a Mecerreyes. Se tom\u00f3 unas fotos disfrazado de zarramaco y con una mascarada.<\/li>\n<\/ul>\n\n\n\n<figure class=\"wp-block-gallery has-nested-images columns-default is-cropped wp-block-gallery-2 is-layout-flex wp-block-gallery-is-layout-flex\">\n<figure class=\"wp-block-image size-large\"><a  href=\"https:\/\/www.mecerreyes.com\/mece\/wp-content\/uploads\/2025\/08\/Carlo-Cunado-en-Mecerreyes-julio-2025-3.jpeg\" class=\"thickbox no_icon\" title=\"\"><img loading=\"lazy\" decoding=\"async\" width=\"626\" height=\"1024\" data-id=\"26487\" src=\"https:\/\/www.mecerreyes.com\/mece\/wp-content\/uploads\/2025\/08\/Carlo-Cunado-en-Mecerreyes-julio-2025-3-626x1024.jpeg\" alt=\"\" class=\"wp-image-26487\" srcset=\"https:\/\/www.mecerreyes.com\/mece\/wp-content\/uploads\/2025\/08\/Carlo-Cunado-en-Mecerreyes-julio-2025-3-626x1024.jpeg 626w, https:\/\/www.mecerreyes.com\/mece\/wp-content\/uploads\/2025\/08\/Carlo-Cunado-en-Mecerreyes-julio-2025-3-183x300.jpeg 183w, https:\/\/www.mecerreyes.com\/mece\/wp-content\/uploads\/2025\/08\/Carlo-Cunado-en-Mecerreyes-julio-2025-3-768x1257.jpeg 768w, https:\/\/www.mecerreyes.com\/mece\/wp-content\/uploads\/2025\/08\/Carlo-Cunado-en-Mecerreyes-julio-2025-3-939x1536.jpeg 939w, https:\/\/www.mecerreyes.com\/mece\/wp-content\/uploads\/2025\/08\/Carlo-Cunado-en-Mecerreyes-julio-2025-3.jpeg 1080w\" sizes=\"(max-width: 626px) 100vw, 626px\" \/><\/a><\/figure>\n\n\n\n<figure class=\"wp-block-image size-large\"><a  href=\"https:\/\/www.mecerreyes.com\/mece\/wp-content\/uploads\/2025\/08\/Carlo-Cunado-en-Mecerreyes-julio-2025-4.jpeg\" class=\"thickbox no_icon\" title=\"\"><img loading=\"lazy\" decoding=\"async\" width=\"640\" height=\"1024\" data-id=\"26491\" src=\"https:\/\/www.mecerreyes.com\/mece\/wp-content\/uploads\/2025\/08\/Carlo-Cunado-en-Mecerreyes-julio-2025-4-640x1024.jpeg\" alt=\"\" class=\"wp-image-26491\" srcset=\"https:\/\/www.mecerreyes.com\/mece\/wp-content\/uploads\/2025\/08\/Carlo-Cunado-en-Mecerreyes-julio-2025-4-640x1024.jpeg 640w, https:\/\/www.mecerreyes.com\/mece\/wp-content\/uploads\/2025\/08\/Carlo-Cunado-en-Mecerreyes-julio-2025-4-187x300.jpeg 187w, https:\/\/www.mecerreyes.com\/mece\/wp-content\/uploads\/2025\/08\/Carlo-Cunado-en-Mecerreyes-julio-2025-4.jpeg 756w\" sizes=\"(max-width: 640px) 100vw, 640px\" \/><\/a><\/figure>\n\n\n\n<figure class=\"wp-block-image size-large\"><a  href=\"https:\/\/www.mecerreyes.com\/mece\/wp-content\/uploads\/2025\/08\/Carlo-Cunado-en-Mecerreyes-julio-2025-5.jpeg\" class=\"thickbox no_icon\" title=\"\"><img loading=\"lazy\" decoding=\"async\" width=\"565\" height=\"1024\" data-id=\"26488\" src=\"https:\/\/www.mecerreyes.com\/mece\/wp-content\/uploads\/2025\/08\/Carlo-Cunado-en-Mecerreyes-julio-2025-5-565x1024.jpeg\" alt=\"\" class=\"wp-image-26488\" srcset=\"https:\/\/www.mecerreyes.com\/mece\/wp-content\/uploads\/2025\/08\/Carlo-Cunado-en-Mecerreyes-julio-2025-5-565x1024.jpeg 565w, https:\/\/www.mecerreyes.com\/mece\/wp-content\/uploads\/2025\/08\/Carlo-Cunado-en-Mecerreyes-julio-2025-5-166x300.jpeg 166w, https:\/\/www.mecerreyes.com\/mece\/wp-content\/uploads\/2025\/08\/Carlo-Cunado-en-Mecerreyes-julio-2025-5.jpeg 756w\" sizes=\"(max-width: 565px) 100vw, 565px\" \/><\/a><\/figure>\n\n\n\n<figure class=\"wp-block-image size-large\"><a  href=\"https:\/\/www.mecerreyes.com\/mece\/wp-content\/uploads\/2025\/08\/Carlo-Cunado-en-Mecerreyes-julio-2025-1.jpeg\" class=\"thickbox no_icon\" title=\"\"><img loading=\"lazy\" decoding=\"async\" width=\"594\" height=\"1024\" data-id=\"26490\" src=\"https:\/\/www.mecerreyes.com\/mece\/wp-content\/uploads\/2025\/08\/Carlo-Cunado-en-Mecerreyes-julio-2025-1-594x1024.jpeg\" alt=\"\" class=\"wp-image-26490\" srcset=\"https:\/\/www.mecerreyes.com\/mece\/wp-content\/uploads\/2025\/08\/Carlo-Cunado-en-Mecerreyes-julio-2025-1-594x1024.jpeg 594w, https:\/\/www.mecerreyes.com\/mece\/wp-content\/uploads\/2025\/08\/Carlo-Cunado-en-Mecerreyes-julio-2025-1-174x300.jpeg 174w, https:\/\/www.mecerreyes.com\/mece\/wp-content\/uploads\/2025\/08\/Carlo-Cunado-en-Mecerreyes-julio-2025-1-768x1323.jpeg 768w, https:\/\/www.mecerreyes.com\/mece\/wp-content\/uploads\/2025\/08\/Carlo-Cunado-en-Mecerreyes-julio-2025-1-891x1536.jpeg 891w, https:\/\/www.mecerreyes.com\/mece\/wp-content\/uploads\/2025\/08\/Carlo-Cunado-en-Mecerreyes-julio-2025-1.jpeg 1080w\" sizes=\"(max-width: 594px) 100vw, 594px\" \/><\/a><\/figure>\n\n\n\n<figure class=\"wp-block-image size-large\"><a  href=\"https:\/\/www.mecerreyes.com\/mece\/wp-content\/uploads\/2025\/08\/Carlo-Cunado-en-Mecerreyes-julio-2025-2.jpeg\" class=\"thickbox no_icon\" title=\"\"><img loading=\"lazy\" decoding=\"async\" width=\"587\" height=\"1024\" data-id=\"26489\" src=\"https:\/\/www.mecerreyes.com\/mece\/wp-content\/uploads\/2025\/08\/Carlo-Cunado-en-Mecerreyes-julio-2025-2-587x1024.jpeg\" alt=\"\" class=\"wp-image-26489\" srcset=\"https:\/\/www.mecerreyes.com\/mece\/wp-content\/uploads\/2025\/08\/Carlo-Cunado-en-Mecerreyes-julio-2025-2-587x1024.jpeg 587w, https:\/\/www.mecerreyes.com\/mece\/wp-content\/uploads\/2025\/08\/Carlo-Cunado-en-Mecerreyes-julio-2025-2-172x300.jpeg 172w, https:\/\/www.mecerreyes.com\/mece\/wp-content\/uploads\/2025\/08\/Carlo-Cunado-en-Mecerreyes-julio-2025-2-768x1339.jpeg 768w, https:\/\/www.mecerreyes.com\/mece\/wp-content\/uploads\/2025\/08\/Carlo-Cunado-en-Mecerreyes-julio-2025-2-881x1536.jpeg 881w, https:\/\/www.mecerreyes.com\/mece\/wp-content\/uploads\/2025\/08\/Carlo-Cunado-en-Mecerreyes-julio-2025-2.jpeg 1080w\" sizes=\"(max-width: 587px) 100vw, 587px\" \/><\/a><\/figure>\n<\/figure>\n\n\n\n<p><\/p>\n\n\n\n<div style=\"height:51px\" aria-hidden=\"true\" class=\"wp-block-spacer\"><\/div>\n\n\n\n<figure class=\"wp-block-gallery has-nested-images columns-default is-cropped wp-block-gallery-3 is-layout-flex wp-block-gallery-is-layout-flex\">\n<figure class=\"wp-block-image size-large\"><a  href=\"https:\/\/www.mecerreyes.com\/mece\/wp-content\/uploads\/2025\/08\/Carlo-Cunado-en-Mecerreyes-julio-2025-6.jpeg\" class=\"thickbox no_icon\" title=\"\"><img loading=\"lazy\" decoding=\"async\" width=\"596\" height=\"1024\" data-id=\"26492\" src=\"https:\/\/www.mecerreyes.com\/mece\/wp-content\/uploads\/2025\/08\/Carlo-Cunado-en-Mecerreyes-julio-2025-6-596x1024.jpeg\" alt=\"\" class=\"wp-image-26492\" srcset=\"https:\/\/www.mecerreyes.com\/mece\/wp-content\/uploads\/2025\/08\/Carlo-Cunado-en-Mecerreyes-julio-2025-6-596x1024.jpeg 596w, https:\/\/www.mecerreyes.com\/mece\/wp-content\/uploads\/2025\/08\/Carlo-Cunado-en-Mecerreyes-julio-2025-6-175x300.jpeg 175w, https:\/\/www.mecerreyes.com\/mece\/wp-content\/uploads\/2025\/08\/Carlo-Cunado-en-Mecerreyes-julio-2025-6.jpeg 756w\" sizes=\"(max-width: 596px) 100vw, 596px\" \/><\/a><\/figure>\n<\/figure>\n\n\n\n<div style=\"height:51px\" aria-hidden=\"true\" class=\"wp-block-spacer\"><\/div>\n\n\n\n<p class=\"has-luminous-vivid-amber-background-color has-background\" style=\"font-size:22px\"><strong>EFEM\u00c9RIDES<\/strong><\/p>\n\n\n\n<ul class=\"wp-block-list\">\n<li>El 5, D\u00eda Internacional del Cooperativismo.<\/li>\n\n\n\n<li>El 23, D\u00eda Mundial de las Ballenas y los Delfines.<\/li>\n\n\n\n<li><strong>El 26, D\u00eda de los Abuelos.<\/strong><\/li>\n\n\n\n<li>El 28, D\u00eda Mundial de las Hepatitis.<\/li>\n\n\n\n<li>El 30, D\u00eda Mundial de la Trata de Personas.<\/li>\n<\/ul>\n\n\n\n<figure class=\"wp-block-image size-large\"><a  href=\"https:\/\/www.mecerreyes.com\/mece\/wp-content\/uploads\/2025\/08\/Mecerreyes-julio-2025-2.jpg\" class=\"thickbox no_icon\" title=\"\"><img loading=\"lazy\" decoding=\"async\" width=\"1024\" height=\"461\" src=\"https:\/\/www.mecerreyes.com\/mece\/wp-content\/uploads\/2025\/08\/Mecerreyes-julio-2025-2-1024x461.jpg\" alt=\"\" class=\"wp-image-26498\" srcset=\"https:\/\/www.mecerreyes.com\/mece\/wp-content\/uploads\/2025\/08\/Mecerreyes-julio-2025-2-1024x461.jpg 1024w, https:\/\/www.mecerreyes.com\/mece\/wp-content\/uploads\/2025\/08\/Mecerreyes-julio-2025-2-300x135.jpg 300w, https:\/\/www.mecerreyes.com\/mece\/wp-content\/uploads\/2025\/08\/Mecerreyes-julio-2025-2-768x346.jpg 768w, https:\/\/www.mecerreyes.com\/mece\/wp-content\/uploads\/2025\/08\/Mecerreyes-julio-2025-2-1080x486.jpg 1080w, https:\/\/www.mecerreyes.com\/mece\/wp-content\/uploads\/2025\/08\/Mecerreyes-julio-2025-2.jpg 1417w\" sizes=\"(max-width: 1024px) 100vw, 1024px\" \/><\/a><\/figure>\n\n\n\n<div style=\"height:51px\" aria-hidden=\"true\" class=\"wp-block-spacer\"><\/div>\n\n\n\n<p class=\"has-luminous-vivid-amber-background-color has-background\" style=\"font-size:22px\"><strong>NACIMIENTO<\/strong><\/p>\n\n\n\n<p><strong>SOF\u00cdA CUEVAS BECEREN<\/strong> naci\u00f3 el pasado 3 de julio, su familia quiere compartir con nosotros su alegr\u00eda.<\/p>\n\n\n\n<p>Damos la enhorabuena a sus pap\u00e1s Andr\u00e9s y Duygu, y a los abuelos Jos\u00e9 Luis Cuevas y M\u00aa del Carmen.<\/p>\n\n\n\n<figure class=\"wp-block-image size-full\"><a  href=\"https:\/\/www.mecerreyes.com\/mece\/wp-content\/uploads\/2025\/08\/Polish_20250802_091431224.jpg\" class=\"thickbox no_icon\" title=\"\"><img loading=\"lazy\" decoding=\"async\" width=\"1080\" height=\"1058\" src=\"https:\/\/www.mecerreyes.com\/mece\/wp-content\/uploads\/2025\/08\/Polish_20250802_091431224.jpg\" alt=\"\" class=\"wp-image-26527\" srcset=\"https:\/\/www.mecerreyes.com\/mece\/wp-content\/uploads\/2025\/08\/Polish_20250802_091431224.jpg 1080w, https:\/\/www.mecerreyes.com\/mece\/wp-content\/uploads\/2025\/08\/Polish_20250802_091431224-300x294.jpg 300w, https:\/\/www.mecerreyes.com\/mece\/wp-content\/uploads\/2025\/08\/Polish_20250802_091431224-1024x1003.jpg 1024w, https:\/\/www.mecerreyes.com\/mece\/wp-content\/uploads\/2025\/08\/Polish_20250802_091431224-768x752.jpg 768w\" sizes=\"(max-width: 1080px) 100vw, 1080px\" \/><\/a><\/figure>\n\n\n\n<div style=\"height:51px\" aria-hidden=\"true\" class=\"wp-block-spacer\"><\/div>\n\n\n\n<p class=\"has-luminous-vivid-amber-background-color has-background\" style=\"font-size:22px\"><strong>HACE M\u00c1S DE UN SIGLO<\/strong><\/p>\n\n\n\n<p><strong>Salvador Santamar\u00eda<\/strong> nos hace una nueva entrega de su colecci\u00f3n. <\/p>\n\n\n\n<p><mark style=\"background-color:rgba(0, 0, 0, 0);color:#3f32c2\" class=\"has-inline-color\">Presentamos este mes una anuncio de la alcald\u00eda de Mecerreyes, del 22 de Diciembre de 1874. En el se ofrece el puesto de suministrador de vino para la localidad. Recordamos que no hace muchos meses el <a  href=\"https:\/\/www.mecerreyes.com\/mece\/?page_id=24\">Ayuntamiento<\/a> reclamaba al que se hab\u00eda quedado con la venta de vino en el pueblo por no cumplir sus compromisos. Como parece l\u00f3gico, se rescindir\u00eda el contrato y se buscar\u00eda un nuevo suministrador, como lo prueba el anuncio que publica el <a  href=\"https:\/\/www.mecerreyes.com\/mece\/?page_id=24\">Ayuntamiento<\/a>.<br>Es la primera referencia que yo he encontrado de lo que en el futuro conocer\u00edamos como el bar de la Villa<br>Salvador Santamaria<br><\/mark><mark style=\"background-color:rgba(0, 0, 0, 0)\" class=\"has-inline-color has-vivid-red-color\">(Nota: todo lo escrito es solamente mi opini\u00f3n, que someto a la de cualquiera que tenga mejor conocimiento que yo sobre este tema)<\/mark><\/p>\n\n\n\n<figure class=\"wp-block-image aligncenter size-full\"><a  href=\"https:\/\/www.mecerreyes.com\/mece\/wp-content\/uploads\/2025\/07\/1874-anuncio-venta-de-vino.jpg\" class=\"thickbox no_icon\" title=\"\"><img loading=\"lazy\" decoding=\"async\" width=\"287\" height=\"279\" src=\"https:\/\/www.mecerreyes.com\/mece\/wp-content\/uploads\/2025\/07\/1874-anuncio-venta-de-vino.jpg\" alt=\"\" class=\"wp-image-26482\"\/><\/a><\/figure>\n\n\n\n<div style=\"height:51px\" aria-hidden=\"true\" class=\"wp-block-spacer\"><\/div>\n\n\n\n<p class=\"has-luminous-vivid-amber-background-color has-background\" style=\"font-size:22px\"><strong>REBECA BLANCO<\/strong><\/p>\n\n\n\n<p>Diario de Burgos public\u00f3 una nueva entrega de <strong>Rebeca Blanco<\/strong>. <\/p>\n\n\n\n<p class=\"has-large-font-size\"><strong>LA RARA<\/strong><\/p>\n\n\n\n<p>-Deber\u00eda volver a beber algo. S\u00ed, un verm\u00fa por placer, de vez en cuando-, le coment\u00e9 el domingo a mi amiga en medio de una ruta mientras le devolv\u00eda el bid\u00f3n de agua. Me sonri\u00f3 y retomamos las pedaladas por La V\u00eda de Italia. Entiendo su sorpresa, bebo alcohol en muy contadas ocasiones.&nbsp;<\/p>\n\n\n\n<p>Apartarlo de mi vida fue una decisi\u00f3n que tom\u00e9 hace siete a\u00f1os, con el diagn\u00f3stico de esclerosis m\u00faltiple. No fue una obligaci\u00f3n m\u00e9dica, sali\u00f3 de m\u00ed. Estaba muy lejos de tener un problema con esa sustancia, pero digamos que podr\u00eda formar parte de ese 26,5% de castellanoleoneses encuestados que reconocen haberse emborrachado alguna vez en el \u00faltimo a\u00f1o. Una fiesta, era una fiesta.<\/p>\n\n\n\n<p>Socialmente,&nbsp;su consumo estaba y est\u00e1 muy arraigado. As\u00ed lo pudimos leer el lunes en las p\u00e1ginas de este peri\u00f3dico. El psic\u00f3logo y experto en adicciones Adri\u00e1n S\u00e1nchez Guti\u00e9rrez, director del \u00e1rea juvenil de Proyecto Hombre, calific\u00f3 como &#8216;tormenta perfecta&#8217; con respecto al alcohol, lo que se produce en nuestros entornos. Su consumo est\u00e1 interiorizado en la mayor parte de la poblaci\u00f3n. La cultura del vino tiene un gran peso en nuestra sociedad, forma parte de nuestras celebraciones.&nbsp;<\/p>\n\n\n\n<p>No es f\u00e1cil resguardarse de esta &#8216;tormenta perfecta&#8217;. En muchos festejos he pasado por ser &#8216;la embarazada&#8217; sin estarlo, &#8216;la que tiene que conducir&#8217; sin haber llevado el coche, o &#8216;la que est\u00e1 tomando alguna medicaci\u00f3n fuerte&#8217; sin que se diera el caso. Era inconcebible que decidiera no beber ni una copa por voluntad propia.&nbsp;<\/p>\n\n\n\n<p>Con el tiempo, pese al porcentaje que leemos, algo ha cambiado. Son muchos m\u00e9dicos los que recomiendan como consumo responsable el cero. En ambientes deportivos, en sus terrazas, las 0,0 tostadas compiten seriamente con las tradicionales ca\u00f1as. Incluso se puede ver alguna kombucha si es que deciden ampliar la variedad de sus barras.<\/p>\n\n\n\n<p>Opciones, como las meigas, &#8216;habelas, hainas&#8217;. Y ese mismo domingo, tras unos kil\u00f3metros en bici, S y yo las encontramos. Bebida isot\u00f3nica y mosto con aceituna y rodajita de lim\u00f3n. \u00bfAlg\u00fan d\u00eda tomar\u00e9 verm\u00fa? Seguro, por placer, pero muy de vez en cuando.<\/p>\n\n\n\n<figure class=\"wp-block-image size-full\"><a  href=\"https:\/\/www.diariodeburgos.es\/noticia\/za6efb38d-935b-4714-beeab437bedfa870\/202507\/la-rara\" target=\"_blank\" rel=\"noreferrer noopener\"><img loading=\"lazy\" decoding=\"async\" width=\"527\" height=\"386\" src=\"https:\/\/www.mecerreyes.com\/mece\/wp-content\/uploads\/2025\/08\/Columna-de-Rebeca-Blanco-en-Diario-de-Burgos-julio-2025.jpg\" alt=\"\" class=\"wp-image-26522\" srcset=\"https:\/\/www.mecerreyes.com\/mece\/wp-content\/uploads\/2025\/08\/Columna-de-Rebeca-Blanco-en-Diario-de-Burgos-julio-2025.jpg 527w, https:\/\/www.mecerreyes.com\/mece\/wp-content\/uploads\/2025\/08\/Columna-de-Rebeca-Blanco-en-Diario-de-Burgos-julio-2025-300x220.jpg 300w\" sizes=\"(max-width: 527px) 100vw, 527px\" \/><\/a><\/figure>\n\n\n\n<div style=\"height:51px\" aria-hidden=\"true\" class=\"wp-block-spacer\"><\/div>\n\n\n\n<p class=\"has-luminous-vivid-amber-background-color has-background\" style=\"font-size:22px\"><strong>IGNACIO ALONSO TIENE TODAS LAS LLAVES DE ATAPUERCA<\/strong><\/p>\n\n\n\n<p>El Correo de Burgos, public\u00f3 el d\u00eda 27 un art\u00edculo dando a conocer al nuevo encargado de la log\u00edstica de Atapuerca.<\/p>\n\n\n\n<p>&nbsp;El guileto y Arque\u00f3logo Ignacio Alonso, ya ha demostrado en esta campa\u00f1a su val\u00eda. <\/p>\n\n\n\n<p>(<em><mark style=\"background-color:rgba(0, 0, 0, 0)\" class=\"has-inline-color has-vivid-red-color\">Pincha sobre la siguiente foto para leer el art\u00edculo completo)<\/mark><\/em><\/p>\n\n\n\n<figure class=\"wp-block-image size-full\"><a  href=\"https:\/\/www.elcorreodeburgos.com\/burgos\/250727\/236916\/burgales-jose-ignacio-alonso-todas-llaves-atapuerca.html\" target=\"_blank\" rel=\"noreferrer noopener\"><img loading=\"lazy\" decoding=\"async\" width=\"1005\" height=\"897\" src=\"https:\/\/www.mecerreyes.com\/mece\/wp-content\/uploads\/2025\/07\/El-Correo-de-Burgos-Jose-Ignacio-Alonso-tiene-todas-las-llaves-de-Atapuerca.jpg\" alt=\"\" class=\"wp-image-26484\" srcset=\"https:\/\/www.mecerreyes.com\/mece\/wp-content\/uploads\/2025\/07\/El-Correo-de-Burgos-Jose-Ignacio-Alonso-tiene-todas-las-llaves-de-Atapuerca.jpg 1005w, https:\/\/www.mecerreyes.com\/mece\/wp-content\/uploads\/2025\/07\/El-Correo-de-Burgos-Jose-Ignacio-Alonso-tiene-todas-las-llaves-de-Atapuerca-300x268.jpg 300w, https:\/\/www.mecerreyes.com\/mece\/wp-content\/uploads\/2025\/07\/El-Correo-de-Burgos-Jose-Ignacio-Alonso-tiene-todas-las-llaves-de-Atapuerca-768x685.jpg 768w\" sizes=\"(max-width: 1005px) 100vw, 1005px\" \/><\/a><\/figure>\n\n\n\n<div style=\"height:51px\" aria-hidden=\"true\" class=\"wp-block-spacer\"><\/div>\n\n\n\n<p class=\"has-luminous-vivid-amber-background-color has-background\" style=\"font-size:22px\"><strong>JAVIER CONTRERAS DE LA TORRE<\/strong><\/p>\n\n\n\n<p>Los amantes de la lectura pueden disfrutar una novela de fantas\u00eda publicada por la editorial Gusanillo titulada \u201c<strong>Leyendas de Aaraden<\/strong>\u201d.<\/p>\n\n\n\n<p>Javier Contreras con esta <a  href=\"https:\/\/www.mecerreyes.com\/mece\/?page_id=32\">historia<\/a> de aventura mitol\u00f3gica y trama \u00e9pica, imbuir\u00e1 al lector en un mundo m\u00e1gico.<\/p>\n\n\n\n<p>Que esta novela sea el comienzo de una exitosa bibliograf\u00eda. <\/p>\n\n\n\n<p class=\"has-medium-font-size\"><a  href=\"https:\/\/editorialgusanillo.es\/producto\/leyendas-de-aarden\" target=\"_blank\" rel=\"noreferrer noopener\">https:\/\/editorialgusanillo.es\/producto\/leyendas-de-aarden<\/a><\/p>\n\n\n\n<figure class=\"wp-block-image aligncenter size-full\"><a  href=\"https:\/\/www.mecerreyes.com\/mece\/wp-content\/uploads\/2025\/08\/La-Balada-del-Trueno-y-la-Rosa-autor-Javier-Contreras-de-la-Torre-Mecerreyes.jpg\" class=\"thickbox no_icon\" title=\"\"><img loading=\"lazy\" decoding=\"async\" width=\"452\" height=\"659\" src=\"https:\/\/www.mecerreyes.com\/mece\/wp-content\/uploads\/2025\/08\/La-Balada-del-Trueno-y-la-Rosa-autor-Javier-Contreras-de-la-Torre-Mecerreyes.jpg\" alt=\"\" class=\"wp-image-26501\" srcset=\"https:\/\/www.mecerreyes.com\/mece\/wp-content\/uploads\/2025\/08\/La-Balada-del-Trueno-y-la-Rosa-autor-Javier-Contreras-de-la-Torre-Mecerreyes.jpg 452w, https:\/\/www.mecerreyes.com\/mece\/wp-content\/uploads\/2025\/08\/La-Balada-del-Trueno-y-la-Rosa-autor-Javier-Contreras-de-la-Torre-Mecerreyes-206x300.jpg 206w\" sizes=\"(max-width: 452px) 100vw, 452px\" \/><\/a><\/figure>\n\n\n\n<div style=\"height:51px\" aria-hidden=\"true\" class=\"wp-block-spacer\"><\/div>\n\n\n\n<p class=\"has-luminous-vivid-amber-background-color has-background\" style=\"font-size:22px\"><strong>QUINTOS 75<\/strong><\/p>\n\n\n\n<p>El pasado 26 de julio los quintos del 75 celebraron su amistad en Mecerreyes.<\/p>\n\n\n\n<p>Un d\u00eda donde la alegr\u00eda de estos chavalines de 50 a\u00f1os, recordaba a la vivida durante todos los a\u00f1os que han compartido en el pueblo y que bien han sabido transmitir a sus hijos. <\/p>\n\n\n\n<figure class=\"wp-block-gallery has-nested-images columns-default is-cropped wp-block-gallery-4 is-layout-flex wp-block-gallery-is-layout-flex\">\n<figure class=\"wp-block-image size-full\"><a  href=\"https:\/\/www.mecerreyes.com\/mece\/wp-content\/uploads\/2025\/08\/Mecerreyes-Quintos-de-50-anos-julio-2025-a.jpeg\" class=\"thickbox no_icon\" title=\"\"><img loading=\"lazy\" decoding=\"async\" width=\"709\" height=\"945\" data-id=\"26514\" src=\"https:\/\/www.mecerreyes.com\/mece\/wp-content\/uploads\/2025\/08\/Mecerreyes-Quintos-de-50-anos-julio-2025-a.jpeg\" alt=\"\" class=\"wp-image-26514\" srcset=\"https:\/\/www.mecerreyes.com\/mece\/wp-content\/uploads\/2025\/08\/Mecerreyes-Quintos-de-50-anos-julio-2025-a.jpeg 709w, https:\/\/www.mecerreyes.com\/mece\/wp-content\/uploads\/2025\/08\/Mecerreyes-Quintos-de-50-anos-julio-2025-a-225x300.jpeg 225w\" sizes=\"(max-width: 709px) 100vw, 709px\" \/><\/a><\/figure>\n\n\n\n<figure class=\"wp-block-image size-full\"><a  href=\"https:\/\/www.mecerreyes.com\/mece\/wp-content\/uploads\/2025\/08\/Mecerreyes-Quintos-de-50-anos-julio-2025.jpeg\" class=\"thickbox no_icon\" title=\"\"><img loading=\"lazy\" decoding=\"async\" width=\"850\" height=\"717\" data-id=\"26515\" src=\"https:\/\/www.mecerreyes.com\/mece\/wp-content\/uploads\/2025\/08\/Mecerreyes-Quintos-de-50-anos-julio-2025.jpeg\" alt=\"\" class=\"wp-image-26515\" srcset=\"https:\/\/www.mecerreyes.com\/mece\/wp-content\/uploads\/2025\/08\/Mecerreyes-Quintos-de-50-anos-julio-2025.jpeg 850w, https:\/\/www.mecerreyes.com\/mece\/wp-content\/uploads\/2025\/08\/Mecerreyes-Quintos-de-50-anos-julio-2025-300x253.jpeg 300w, https:\/\/www.mecerreyes.com\/mece\/wp-content\/uploads\/2025\/08\/Mecerreyes-Quintos-de-50-anos-julio-2025-768x648.jpeg 768w\" sizes=\"(max-width: 850px) 100vw, 850px\" \/><\/a><\/figure>\n<\/figure>\n\n\n\n<div style=\"height:51px\" aria-hidden=\"true\" class=\"wp-block-spacer\"><\/div>\n\n\n\n<p class=\"has-luminous-vivid-amber-background-color has-background\" style=\"font-size:22px\"><strong>APACE VISITA MECERREYES<\/strong><\/p>\n\n\n\n<p><strong>13 DE JULIO. VISITA DE APACE A MECERREYES<\/strong><\/p>\n\n\n\n<p><em>\u201cLos voluntarios no necesariamente tienen el tiempo, sino que simplemente tienen el coraz\u00f3n\u201d.<\/em> (Elizabeth Andrew)<\/p>\n\n\n\n<p>El s\u00e1bado, 13 de julio, un grupo de voluntarios de APACE CyL (Asociaci\u00f3n de Atenci\u00f3n a Personas con Par\u00e1lisis Cerebral Castilla y Le\u00f3n), visitaron nuestro pueblo con seis personas que sufren problemas de par\u00e1lisis cerebral. Fuimos con ellos hasta el <a  href=\"https:\/\/www.mecerreyes.com\/mece\/?page_id=20662\">Museo del Carb\u00f3n<\/a>. Despu\u00e9s comimos en el patio de las escuelas. Tras una rica sobremesa, donde pudimos hablar de la realidad que viven estas personas con problemas de par\u00e1lisis cerebral y sus familias, pudieron disfrutar del <a  href=\"https:\/\/www.mecerreyes.com\/mece\/?page_id=24340\">Museo del Carnaval<\/a> y, finalmente, dimos una vuelta por Mecerreyes viendo las esculturas. Todo muy hermoso y entra\u00f1able.<\/p>\n\n\n\n<figure class=\"wp-block-image size-large\"><a  href=\"https:\/\/www.mecerreyes.com\/mece\/wp-content\/uploads\/2025\/08\/Apace-en-Mecerreyes-julio-2025-2.jpg\" class=\"thickbox no_icon\" title=\"\"><img loading=\"lazy\" decoding=\"async\" width=\"1024\" height=\"461\" src=\"https:\/\/www.mecerreyes.com\/mece\/wp-content\/uploads\/2025\/08\/Apace-en-Mecerreyes-julio-2025-2-1024x461.jpg\" alt=\"\" class=\"wp-image-26503\" srcset=\"https:\/\/www.mecerreyes.com\/mece\/wp-content\/uploads\/2025\/08\/Apace-en-Mecerreyes-julio-2025-2-1024x461.jpg 1024w, https:\/\/www.mecerreyes.com\/mece\/wp-content\/uploads\/2025\/08\/Apace-en-Mecerreyes-julio-2025-2-300x135.jpg 300w, https:\/\/www.mecerreyes.com\/mece\/wp-content\/uploads\/2025\/08\/Apace-en-Mecerreyes-julio-2025-2-768x346.jpg 768w, https:\/\/www.mecerreyes.com\/mece\/wp-content\/uploads\/2025\/08\/Apace-en-Mecerreyes-julio-2025-2-1080x486.jpg 1080w, https:\/\/www.mecerreyes.com\/mece\/wp-content\/uploads\/2025\/08\/Apace-en-Mecerreyes-julio-2025-2.jpg 1417w\" sizes=\"(max-width: 1024px) 100vw, 1024px\" \/><\/a><\/figure>\n\n\n\n<p>Al final del d\u00eda, y mientras recordaba los hermosos momentos vividos, pensaba lo maravilloso que puede ser nuestro mundo cuando ponemos en primer lugar a los dem\u00e1s, en especial a aquellos que sufren cualquier carencia.<\/p>\n\n\n\n<p>\u00a1Gracias, AMIGAS Y AMIGOS VOLUNTARIOS, por vuestra generosidad, buen hacer, humor, tiempo y cari\u00f1o que regal\u00e1is gratuitamente!<\/p>\n\n\n\n<p>\u00a1Gracias por habernos invitado a pasar un d\u00eda tan feliz y por ense\u00f1arnos que lo mejor de la vida es lo que regalamos a los dem\u00e1s!<\/p>\n\n\n\n<p>\u00a1Mil gracias por tan gran<a><\/a> coraz\u00f3n!<\/p>\n\n\n\n<figure class=\"wp-block-gallery has-nested-images columns-default is-cropped wp-block-gallery-5 is-layout-flex wp-block-gallery-is-layout-flex\">\n<figure class=\"wp-block-image size-full\"><a  href=\"https:\/\/www.mecerreyes.com\/mece\/wp-content\/uploads\/2025\/08\/Apace-en-Mecerreyes-julio-2025-4.jpg\" class=\"thickbox no_icon\" title=\"\"><img loading=\"lazy\" decoding=\"async\" width=\"1417\" height=\"638\" data-id=\"26507\" src=\"https:\/\/www.mecerreyes.com\/mece\/wp-content\/uploads\/2025\/08\/Apace-en-Mecerreyes-julio-2025-4.jpg\" alt=\"\" class=\"wp-image-26507\" srcset=\"https:\/\/www.mecerreyes.com\/mece\/wp-content\/uploads\/2025\/08\/Apace-en-Mecerreyes-julio-2025-4.jpg 1417w, https:\/\/www.mecerreyes.com\/mece\/wp-content\/uploads\/2025\/08\/Apace-en-Mecerreyes-julio-2025-4-300x135.jpg 300w, https:\/\/www.mecerreyes.com\/mece\/wp-content\/uploads\/2025\/08\/Apace-en-Mecerreyes-julio-2025-4-1024x461.jpg 1024w, https:\/\/www.mecerreyes.com\/mece\/wp-content\/uploads\/2025\/08\/Apace-en-Mecerreyes-julio-2025-4-768x346.jpg 768w, https:\/\/www.mecerreyes.com\/mece\/wp-content\/uploads\/2025\/08\/Apace-en-Mecerreyes-julio-2025-4-1080x486.jpg 1080w\" sizes=\"(max-width: 1417px) 100vw, 1417px\" \/><\/a><\/figure>\n\n\n\n<figure class=\"wp-block-image size-large\"><a  href=\"https:\/\/www.mecerreyes.com\/mece\/wp-content\/uploads\/2025\/08\/Apace-en-Mecerreyes-julio-2025-1-1.jpg\" class=\"thickbox no_icon\" title=\"\"><img loading=\"lazy\" decoding=\"async\" width=\"987\" height=\"638\" data-id=\"26506\" src=\"https:\/\/www.mecerreyes.com\/mece\/wp-content\/uploads\/2025\/08\/Apace-en-Mecerreyes-julio-2025-1-1.jpg\" alt=\"\" class=\"wp-image-26506\" srcset=\"https:\/\/www.mecerreyes.com\/mece\/wp-content\/uploads\/2025\/08\/Apace-en-Mecerreyes-julio-2025-1-1.jpg 987w, https:\/\/www.mecerreyes.com\/mece\/wp-content\/uploads\/2025\/08\/Apace-en-Mecerreyes-julio-2025-1-1-300x194.jpg 300w, https:\/\/www.mecerreyes.com\/mece\/wp-content\/uploads\/2025\/08\/Apace-en-Mecerreyes-julio-2025-1-1-768x496.jpg 768w\" sizes=\"(max-width: 987px) 100vw, 987px\" \/><\/a><\/figure>\n\n\n\n<figure class=\"wp-block-image size-large\"><a  href=\"https:\/\/www.mecerreyes.com\/mece\/wp-content\/uploads\/2025\/08\/Apace-en-Mecerreyes-julio-2025-3.jpg\" class=\"thickbox no_icon\" title=\"\"><img loading=\"lazy\" decoding=\"async\" width=\"1024\" height=\"461\" data-id=\"26505\" src=\"https:\/\/www.mecerreyes.com\/mece\/wp-content\/uploads\/2025\/08\/Apace-en-Mecerreyes-julio-2025-3-1024x461.jpg\" alt=\"\" class=\"wp-image-26505\" srcset=\"https:\/\/www.mecerreyes.com\/mece\/wp-content\/uploads\/2025\/08\/Apace-en-Mecerreyes-julio-2025-3-1024x461.jpg 1024w, https:\/\/www.mecerreyes.com\/mece\/wp-content\/uploads\/2025\/08\/Apace-en-Mecerreyes-julio-2025-3-300x135.jpg 300w, https:\/\/www.mecerreyes.com\/mece\/wp-content\/uploads\/2025\/08\/Apace-en-Mecerreyes-julio-2025-3-768x346.jpg 768w, https:\/\/www.mecerreyes.com\/mece\/wp-content\/uploads\/2025\/08\/Apace-en-Mecerreyes-julio-2025-3-1080x486.jpg 1080w, https:\/\/www.mecerreyes.com\/mece\/wp-content\/uploads\/2025\/08\/Apace-en-Mecerreyes-julio-2025-3.jpg 1417w\" sizes=\"(max-width: 1024px) 100vw, 1024px\" \/><\/a><\/figure>\n<\/figure>\n\n\n\n<p><\/p>\n\n\n\n<p class=\"has-medium-font-size\"><a  href=\"https:\/\/www.facebook.com\/100064522576514\/posts\/1219535720207169\/?rdid=x2LcfhVhZsO03raS#\" target=\"_blank\" rel=\"noreferrer noopener\">Enlace de Facebook &#8211; APACE BURGOS<\/a><\/p>\n\n\n\n<figure class=\"wp-block-image size-full\"><a  href=\"https:\/\/www.mecerreyes.com\/mece\/wp-content\/uploads\/2025\/08\/Apace-en-Mecerreyes-julio-2025-5.jpg\" class=\"thickbox no_icon\" title=\"\"><img loading=\"lazy\" decoding=\"async\" width=\"677\" height=\"304\" src=\"https:\/\/www.mecerreyes.com\/mece\/wp-content\/uploads\/2025\/08\/Apace-en-Mecerreyes-julio-2025-5.jpg\" alt=\"\" class=\"wp-image-26508\" srcset=\"https:\/\/www.mecerreyes.com\/mece\/wp-content\/uploads\/2025\/08\/Apace-en-Mecerreyes-julio-2025-5.jpg 677w, https:\/\/www.mecerreyes.com\/mece\/wp-content\/uploads\/2025\/08\/Apace-en-Mecerreyes-julio-2025-5-300x135.jpg 300w\" sizes=\"(max-width: 677px) 100vw, 677px\" \/><\/a><\/figure>\n\n\n\n<div style=\"height:51px\" aria-hidden=\"true\" class=\"wp-block-spacer\"><\/div>\n\n\n\n<figure class=\"wp-block-gallery has-nested-images columns-default is-cropped wp-block-gallery-6 is-layout-flex wp-block-gallery-is-layout-flex\">\n<figure class=\"wp-block-image size-large\"><a  href=\"https:\/\/www.mecerreyes.com\/mece\/wp-content\/uploads\/2025\/08\/Apace-en-Mecerreyes-julio-2025-9.jpg\" class=\"thickbox no_icon\" title=\"\"><img loading=\"lazy\" decoding=\"async\" width=\"850\" height=\"518\" data-id=\"26509\" src=\"https:\/\/www.mecerreyes.com\/mece\/wp-content\/uploads\/2025\/08\/Apace-en-Mecerreyes-julio-2025-9.jpg\" alt=\"\" class=\"wp-image-26509\" srcset=\"https:\/\/www.mecerreyes.com\/mece\/wp-content\/uploads\/2025\/08\/Apace-en-Mecerreyes-julio-2025-9.jpg 850w, https:\/\/www.mecerreyes.com\/mece\/wp-content\/uploads\/2025\/08\/Apace-en-Mecerreyes-julio-2025-9-300x183.jpg 300w, https:\/\/www.mecerreyes.com\/mece\/wp-content\/uploads\/2025\/08\/Apace-en-Mecerreyes-julio-2025-9-768x468.jpg 768w\" sizes=\"(max-width: 850px) 100vw, 850px\" \/><\/a><\/figure>\n\n\n\n<figure class=\"wp-block-image size-large\"><a  href=\"https:\/\/www.mecerreyes.com\/mece\/wp-content\/uploads\/2025\/08\/Apace-en-Mecerreyes-julio-2025-10.jpg\" class=\"thickbox no_icon\" title=\"\"><img loading=\"lazy\" decoding=\"async\" width=\"1024\" height=\"621\" data-id=\"26512\" src=\"https:\/\/www.mecerreyes.com\/mece\/wp-content\/uploads\/2025\/08\/Apace-en-Mecerreyes-julio-2025-10-1024x621.jpg\" alt=\"\" class=\"wp-image-26512\" srcset=\"https:\/\/www.mecerreyes.com\/mece\/wp-content\/uploads\/2025\/08\/Apace-en-Mecerreyes-julio-2025-10-1024x621.jpg 1024w, https:\/\/www.mecerreyes.com\/mece\/wp-content\/uploads\/2025\/08\/Apace-en-Mecerreyes-julio-2025-10-300x182.jpg 300w, https:\/\/www.mecerreyes.com\/mece\/wp-content\/uploads\/2025\/08\/Apace-en-Mecerreyes-julio-2025-10-768x466.jpg 768w, https:\/\/www.mecerreyes.com\/mece\/wp-content\/uploads\/2025\/08\/Apace-en-Mecerreyes-julio-2025-10-1080x655.jpg 1080w, https:\/\/www.mecerreyes.com\/mece\/wp-content\/uploads\/2025\/08\/Apace-en-Mecerreyes-julio-2025-10.jpg 1134w\" sizes=\"(max-width: 1024px) 100vw, 1024px\" \/><\/a><\/figure>\n\n\n\n<figure class=\"wp-block-image size-large\"><a  href=\"https:\/\/www.mecerreyes.com\/mece\/wp-content\/uploads\/2025\/08\/Apace-en-Mecerreyes-julio-2025-6.jpg\" class=\"thickbox no_icon\" title=\"\"><img loading=\"lazy\" decoding=\"async\" width=\"709\" height=\"430\" data-id=\"26511\" src=\"https:\/\/www.mecerreyes.com\/mece\/wp-content\/uploads\/2025\/08\/Apace-en-Mecerreyes-julio-2025-6.jpg\" alt=\"\" class=\"wp-image-26511\" srcset=\"https:\/\/www.mecerreyes.com\/mece\/wp-content\/uploads\/2025\/08\/Apace-en-Mecerreyes-julio-2025-6.jpg 709w, https:\/\/www.mecerreyes.com\/mece\/wp-content\/uploads\/2025\/08\/Apace-en-Mecerreyes-julio-2025-6-300x182.jpg 300w\" sizes=\"(max-width: 709px) 100vw, 709px\" \/><\/a><\/figure>\n\n\n\n<figure class=\"wp-block-image size-large\"><a  href=\"https:\/\/www.mecerreyes.com\/mece\/wp-content\/uploads\/2025\/08\/Apace-en-Mecerreyes-julio-2025-7.jpg\" class=\"thickbox no_icon\" title=\"\"><img loading=\"lazy\" decoding=\"async\" width=\"850\" height=\"518\" data-id=\"26510\" src=\"https:\/\/www.mecerreyes.com\/mece\/wp-content\/uploads\/2025\/08\/Apace-en-Mecerreyes-julio-2025-7.jpg\" alt=\"\" class=\"wp-image-26510\" srcset=\"https:\/\/www.mecerreyes.com\/mece\/wp-content\/uploads\/2025\/08\/Apace-en-Mecerreyes-julio-2025-7.jpg 850w, https:\/\/www.mecerreyes.com\/mece\/wp-content\/uploads\/2025\/08\/Apace-en-Mecerreyes-julio-2025-7-300x183.jpg 300w, https:\/\/www.mecerreyes.com\/mece\/wp-content\/uploads\/2025\/08\/Apace-en-Mecerreyes-julio-2025-7-768x468.jpg 768w\" sizes=\"(max-width: 850px) 100vw, 850px\" \/><\/a><\/figure>\n\n\n\n<figure class=\"wp-block-image size-large\"><a  href=\"https:\/\/www.mecerreyes.com\/mece\/wp-content\/uploads\/2025\/08\/Apace-en-Mecerreyes-julio-2025-8.jpg\" class=\"thickbox no_icon\" title=\"\"><img loading=\"lazy\" decoding=\"async\" width=\"850\" height=\"518\" data-id=\"26513\" src=\"https:\/\/www.mecerreyes.com\/mece\/wp-content\/uploads\/2025\/08\/Apace-en-Mecerreyes-julio-2025-8.jpg\" alt=\"\" class=\"wp-image-26513\" srcset=\"https:\/\/www.mecerreyes.com\/mece\/wp-content\/uploads\/2025\/08\/Apace-en-Mecerreyes-julio-2025-8.jpg 850w, https:\/\/www.mecerreyes.com\/mece\/wp-content\/uploads\/2025\/08\/Apace-en-Mecerreyes-julio-2025-8-300x183.jpg 300w, https:\/\/www.mecerreyes.com\/mece\/wp-content\/uploads\/2025\/08\/Apace-en-Mecerreyes-julio-2025-8-768x468.jpg 768w\" sizes=\"(max-width: 850px) 100vw, 850px\" \/><\/a><\/figure>\n<\/figure>\n\n\n\n<div style=\"height:51px\" aria-hidden=\"true\" class=\"wp-block-spacer\"><\/div>\n\n\n\n<p class=\"has-text-align-left has-luminous-vivid-amber-background-color has-background\" style=\"font-size:22px\"><strong>ENLACE&nbsp; EDUARDO GARCIA-RUTH \u00c1LVAREZ<\/strong><\/p>\n\n\n\n<p>El pasado 26 de julio, Eduardo y Ruth se dieron el \u00abs\u00ed quiero\u201d.<br>Sus padres Palmira y Jos\u00e9 Miguel y Manuel y To\u00f1i, comparten con nosotros su alegr\u00eda.<br>Enhorabuena a las dos familias.<br>Deseamos que su uni\u00f3n sea tan fruct\u00edfera como la de los abuelos Ambrosio y Cristeta.<\/p>\n\n\n\n<figure class=\"wp-block-image aligncenter size-large\"><a  href=\"https:\/\/www.mecerreyes.com\/mece\/wp-content\/uploads\/2025\/08\/Enlace-de-Eduardo-y-Ruth.jpeg\" class=\"thickbox no_icon\" title=\"\"><img loading=\"lazy\" decoding=\"async\" width=\"788\" height=\"1024\" src=\"https:\/\/www.mecerreyes.com\/mece\/wp-content\/uploads\/2025\/08\/Enlace-de-Eduardo-y-Ruth-788x1024.jpeg\" alt=\"\" class=\"wp-image-26502\" srcset=\"https:\/\/www.mecerreyes.com\/mece\/wp-content\/uploads\/2025\/08\/Enlace-de-Eduardo-y-Ruth-788x1024.jpeg 788w, https:\/\/www.mecerreyes.com\/mece\/wp-content\/uploads\/2025\/08\/Enlace-de-Eduardo-y-Ruth-231x300.jpeg 231w, https:\/\/www.mecerreyes.com\/mece\/wp-content\/uploads\/2025\/08\/Enlace-de-Eduardo-y-Ruth-768x998.jpeg 768w, https:\/\/www.mecerreyes.com\/mece\/wp-content\/uploads\/2025\/08\/Enlace-de-Eduardo-y-Ruth.jpeg 1036w\" sizes=\"(max-width: 788px) 100vw, 788px\" \/><\/a><\/figure>\n\n\n\n<div style=\"height:51px\" aria-hidden=\"true\" class=\"wp-block-spacer\"><\/div>\n\n\n\n<p class=\"has-luminous-vivid-amber-background-color has-background\" style=\"font-size:22px\"><strong>VERANO CULTURAL<\/strong><\/p>\n\n\n\n<p>Seguimos anunciando las actividades culturales previstas para este mes de agosto, que culminar\u00e1 con la Fiestas de&nbsp;<a  href=\"https:\/\/www.mecerreyes.com\/mece\/?page_id=60\">Acci\u00f3n de Gracias<\/a>&nbsp;y Nuestra Se\u00f1ora del Camino<\/p>\n\n\n\n<figure class=\"wp-block-image aligncenter size-large is-resized\"><a  href=\"https:\/\/www.mecerreyes.com\/mece\/wp-content\/uploads\/2025\/08\/Cartel-Festival-de-Dulzaina-Mecerreyes-2-08-2025.jpeg\" class=\"thickbox no_icon\" title=\"\"><img loading=\"lazy\" decoding=\"async\" width=\"724\" height=\"1024\" src=\"https:\/\/www.mecerreyes.com\/mece\/wp-content\/uploads\/2025\/08\/Cartel-Festival-de-Dulzaina-Mecerreyes-2-08-2025-724x1024.jpeg\" alt=\"\" class=\"wp-image-26517\" style=\"width:856px;height:auto\" srcset=\"https:\/\/www.mecerreyes.com\/mece\/wp-content\/uploads\/2025\/08\/Cartel-Festival-de-Dulzaina-Mecerreyes-2-08-2025-724x1024.jpeg 724w, https:\/\/www.mecerreyes.com\/mece\/wp-content\/uploads\/2025\/08\/Cartel-Festival-de-Dulzaina-Mecerreyes-2-08-2025-212x300.jpeg 212w, https:\/\/www.mecerreyes.com\/mece\/wp-content\/uploads\/2025\/08\/Cartel-Festival-de-Dulzaina-Mecerreyes-2-08-2025-768x1087.jpeg 768w, https:\/\/www.mecerreyes.com\/mece\/wp-content\/uploads\/2025\/08\/Cartel-Festival-de-Dulzaina-Mecerreyes-2-08-2025.jpeg 850w\" sizes=\"(max-width: 724px) 100vw, 724px\" \/><\/a><\/figure>\n\n\n\n<div style=\"height:51px\" aria-hidden=\"true\" class=\"wp-block-spacer\"><\/div>\n\n\n\n<figure class=\"wp-block-image aligncenter size-large\"><a  href=\"https:\/\/www.mecerreyes.com\/mece\/wp-content\/uploads\/2025\/08\/Mecerreyes-Dulzaro-9-de-Agosto-de-2025.jpeg\" class=\"thickbox no_icon\" title=\"\"><img loading=\"lazy\" decoding=\"async\" width=\"724\" height=\"1024\" src=\"https:\/\/www.mecerreyes.com\/mece\/wp-content\/uploads\/2025\/08\/Mecerreyes-Dulzaro-9-de-Agosto-de-2025-724x1024.jpeg\" alt=\"\" class=\"wp-image-26519\" srcset=\"https:\/\/www.mecerreyes.com\/mece\/wp-content\/uploads\/2025\/08\/Mecerreyes-Dulzaro-9-de-Agosto-de-2025-724x1024.jpeg 724w, https:\/\/www.mecerreyes.com\/mece\/wp-content\/uploads\/2025\/08\/Mecerreyes-Dulzaro-9-de-Agosto-de-2025-212x300.jpeg 212w, https:\/\/www.mecerreyes.com\/mece\/wp-content\/uploads\/2025\/08\/Mecerreyes-Dulzaro-9-de-Agosto-de-2025-768x1087.jpeg 768w, https:\/\/www.mecerreyes.com\/mece\/wp-content\/uploads\/2025\/08\/Mecerreyes-Dulzaro-9-de-Agosto-de-2025.jpeg 850w\" sizes=\"(max-width: 724px) 100vw, 724px\" \/><\/a><\/figure>\n\n\n\n<div style=\"height:51px\" aria-hidden=\"true\" class=\"wp-block-spacer\"><\/div>\n\n\n\n<figure class=\"wp-block-image size-large\"><a  href=\"http:\/\/www.mecerreyes.com\/mece\/wp-content\/uploads\/2025\/05\/Verano-Cultural-2025-Mecerreyes.jpg\" class=\"thickbox no_icon\" title=\"\"><img loading=\"lazy\" decoding=\"async\" width=\"724\" height=\"1024\" src=\"http:\/\/www.mecerreyes.com\/mece\/wp-content\/uploads\/2025\/05\/Verano-Cultural-2025-Mecerreyes-724x1024.jpg\" alt=\"\" class=\"wp-image-26335\" srcset=\"https:\/\/www.mecerreyes.com\/mece\/wp-content\/uploads\/2025\/05\/Verano-Cultural-2025-Mecerreyes-724x1024.jpg 724w, https:\/\/www.mecerreyes.com\/mece\/wp-content\/uploads\/2025\/05\/Verano-Cultural-2025-Mecerreyes-212x300.jpg 212w, https:\/\/www.mecerreyes.com\/mece\/wp-content\/uploads\/2025\/05\/Verano-Cultural-2025-Mecerreyes-768x1087.jpg 768w, https:\/\/www.mecerreyes.com\/mece\/wp-content\/uploads\/2025\/05\/Verano-Cultural-2025-Mecerreyes-1086x1536.jpg 1086w, https:\/\/www.mecerreyes.com\/mece\/wp-content\/uploads\/2025\/05\/Verano-Cultural-2025-Mecerreyes-1080x1528.jpg 1080w, https:\/\/www.mecerreyes.com\/mece\/wp-content\/uploads\/2025\/05\/Verano-Cultural-2025-Mecerreyes.jpg 1417w\" sizes=\"(max-width: 724px) 100vw, 724px\" \/><\/a><\/figure>\n\n\n\n<figure class=\"wp-block-image size-large\"><a  href=\"https:\/\/www.mecerreyes.com\/mece\/wp-content\/uploads\/2025\/08\/Exposicion-de-fotos-Mecerreyes-2025.jpeg\" class=\"thickbox no_icon\" title=\"\"><img loading=\"lazy\" decoding=\"async\" width=\"627\" height=\"1024\" src=\"https:\/\/www.mecerreyes.com\/mece\/wp-content\/uploads\/2025\/08\/Exposicion-de-fotos-Mecerreyes-2025-627x1024.jpeg\" alt=\"\" class=\"wp-image-26601\" srcset=\"https:\/\/www.mecerreyes.com\/mece\/wp-content\/uploads\/2025\/08\/Exposicion-de-fotos-Mecerreyes-2025-627x1024.jpeg 627w, https:\/\/www.mecerreyes.com\/mece\/wp-content\/uploads\/2025\/08\/Exposicion-de-fotos-Mecerreyes-2025-184x300.jpeg 184w, https:\/\/www.mecerreyes.com\/mece\/wp-content\/uploads\/2025\/08\/Exposicion-de-fotos-Mecerreyes-2025-768x1254.jpeg 768w, https:\/\/www.mecerreyes.com\/mece\/wp-content\/uploads\/2025\/08\/Exposicion-de-fotos-Mecerreyes-2025-941x1536.jpeg 941w, https:\/\/www.mecerreyes.com\/mece\/wp-content\/uploads\/2025\/08\/Exposicion-de-fotos-Mecerreyes-2025.jpeg 980w\" sizes=\"(max-width: 627px) 100vw, 627px\" \/><\/a><\/figure>\n\n\n\n<figure class=\"wp-block-image size-full\"><a  href=\"https:\/\/www.mecerreyes.com\/mece\/wp-content\/uploads\/2025\/08\/Mecerreyes-teatro-La-Sombra-del-Tenorio-agosto-2025.jpeg\" class=\"thickbox no_icon\" title=\"\"><img loading=\"lazy\" decoding=\"async\" width=\"567\" height=\"805\" src=\"https:\/\/www.mecerreyes.com\/mece\/wp-content\/uploads\/2025\/08\/Mecerreyes-teatro-La-Sombra-del-Tenorio-agosto-2025.jpeg\" alt=\"\" class=\"wp-image-26603\" srcset=\"https:\/\/www.mecerreyes.com\/mece\/wp-content\/uploads\/2025\/08\/Mecerreyes-teatro-La-Sombra-del-Tenorio-agosto-2025.jpeg 567w, https:\/\/www.mecerreyes.com\/mece\/wp-content\/uploads\/2025\/08\/Mecerreyes-teatro-La-Sombra-del-Tenorio-agosto-2025-211x300.jpeg 211w\" sizes=\"(max-width: 567px) 100vw, 567px\" \/><\/a><\/figure>\n\n\n\n<figure class=\"wp-block-image size-full\"><a  href=\"https:\/\/www.mecerreyes.com\/mece\/wp-content\/uploads\/2025\/08\/Mecerreyes-Talleres-de-Ciencia-y-Tecnologia-agosto-2025.jpeg\" class=\"thickbox no_icon\" title=\"\"><img loading=\"lazy\" decoding=\"async\" width=\"567\" height=\"790\" src=\"https:\/\/www.mecerreyes.com\/mece\/wp-content\/uploads\/2025\/08\/Mecerreyes-Talleres-de-Ciencia-y-Tecnologia-agosto-2025.jpeg\" alt=\"\" class=\"wp-image-26604\" srcset=\"https:\/\/www.mecerreyes.com\/mece\/wp-content\/uploads\/2025\/08\/Mecerreyes-Talleres-de-Ciencia-y-Tecnologia-agosto-2025.jpeg 567w, https:\/\/www.mecerreyes.com\/mece\/wp-content\/uploads\/2025\/08\/Mecerreyes-Talleres-de-Ciencia-y-Tecnologia-agosto-2025-215x300.jpeg 215w\" sizes=\"(max-width: 567px) 100vw, 567px\" \/><\/a><\/figure>\n\n\n\n<div style=\"height:51px\" aria-hidden=\"true\" class=\"wp-block-spacer\"><\/div>\n\n\n\n<p class=\"has-luminous-vivid-amber-background-color has-background\" style=\"font-size:22px\"><strong>REFRANERO<\/strong><\/p>\n\n\n\n<ul class=\"wp-block-list\">\n<li><em>Por San Ferm\u00edn el calor no tiene fin.<\/em><\/li>\n\n\n\n<li><em>Por San Benito sacan las mozas el abanico<\/em><\/li>\n\n\n\n<li><em>Por San Fortunato el sol calienta un rato.<\/em><\/li>\n\n\n\n<li><em>Por Santa Justa el que no tiene sombra la busca.<\/em><\/li>\n\n\n\n<li><em>Por Santa Margarita la lluvia m\u00e1s que dar, quita.<\/em><\/li>\n\n\n\n<li><em>Por Santiago los calores te agobiar\u00e1n en un mar de sudores.<\/em><\/li>\n\n\n\n<li><em>Santa Marta, quien quiera pan que lo parta.<\/em><\/li>\n<\/ul>\n\n\n\n<div style=\"height:51px\" aria-hidden=\"true\" class=\"wp-block-spacer\"><\/div>\n\n\n\n<figure class=\"wp-block-image size-large\"><a  href=\"https:\/\/www.mecerreyes.com\/mece\/wp-content\/uploads\/2025\/08\/WhatsApp-Image-2025-07-09-at-09.03.21.jpeg\" class=\"thickbox no_icon\" title=\"\"><img loading=\"lazy\" decoding=\"async\" width=\"749\" height=\"1024\" src=\"https:\/\/www.mecerreyes.com\/mece\/wp-content\/uploads\/2025\/08\/WhatsApp-Image-2025-07-09-at-09.03.21-749x1024.jpeg\" alt=\"\" class=\"wp-image-26516\" srcset=\"https:\/\/www.mecerreyes.com\/mece\/wp-content\/uploads\/2025\/08\/WhatsApp-Image-2025-07-09-at-09.03.21-749x1024.jpeg 749w, https:\/\/www.mecerreyes.com\/mece\/wp-content\/uploads\/2025\/08\/WhatsApp-Image-2025-07-09-at-09.03.21-219x300.jpeg 219w, https:\/\/www.mecerreyes.com\/mece\/wp-content\/uploads\/2025\/08\/WhatsApp-Image-2025-07-09-at-09.03.21-768x1050.jpeg 768w, https:\/\/www.mecerreyes.com\/mece\/wp-content\/uploads\/2025\/08\/WhatsApp-Image-2025-07-09-at-09.03.21.jpeg 1080w\" sizes=\"(max-width: 749px) 100vw, 749px\" \/><\/a><\/figure>","protected":false},"excerpt":{"rendered":"<p>JULIO 2025 Con temperaturas de calor extremo, el mes de julio no ha dado tregua a los labradores guiletos que, aprovechando las horas nocturnas, han dado cuenta de sus faenas. La brigada de alguaciles est\u00e1 limpiando el cementerio, pozas, pilones, parque, calles\u2026 No es poca la faena que durante todo el mes ocupa a los [&hellip;]<\/p>\n","protected":false},"author":5,"featured_media":26498,"comment_status":"open","ping_status":"closed","sticky":false,"template":"","format":"standard","meta":{"_et_pb_use_builder":"off","_et_pb_old_content":"","_et_gb_content_width":"","footnotes":""},"categories":[1],"tags":[],"class_list":["post-26480","post","type-post","status-publish","format-standard","has-post-thumbnail","hentry","category-general","et-has-post-format-content","et_post_format-et-post-format-standard"],"_links":{"self":[{"href":"https:\/\/www.mecerreyes.com\/mece\/index.php?rest_route=\/wp\/v2\/posts\/26480"}],"collection":[{"href":"https:\/\/www.mecerreyes.com\/mece\/index.php?rest_route=\/wp\/v2\/posts"}],"about":[{"href":"https:\/\/www.mecerreyes.com\/mece\/index.php?rest_route=\/wp\/v2\/types\/post"}],"author":[{"embeddable":true,"href":"https:\/\/www.mecerreyes.com\/mece\/index.php?rest_route=\/wp\/v2\/users\/5"}],"replies":[{"embeddable":true,"href":"https:\/\/www.mecerreyes.com\/mece\/index.php?rest_route=%2Fwp%2Fv2%2Fcomments&post=26480"}],"version-history":[{"count":14,"href":"https:\/\/www.mecerreyes.com\/mece\/index.php?rest_route=\/wp\/v2\/posts\/26480\/revisions"}],"predecessor-version":[{"id":26605,"href":"https:\/\/www.mecerreyes.com\/mece\/index.php?rest_route=\/wp\/v2\/posts\/26480\/revisions\/26605"}],"wp:featuredmedia":[{"embeddable":true,"href":"https:\/\/www.mecerreyes.com\/mece\/index.php?rest_route=\/wp\/v2\/media\/26498"}],"wp:attachment":[{"href":"https:\/\/www.mecerreyes.com\/mece\/index.php?rest_route=%2Fwp%2Fv2%2Fmedia&parent=26480"}],"wp:term":[{"taxonomy":"category","embeddable":true,"href":"https:\/\/www.mecerreyes.com\/mece\/index.php?rest_route=%2Fwp%2Fv2%2Fcategories&post=26480"},{"taxonomy":"post_tag","embeddable":true,"href":"https:\/\/www.mecerreyes.com\/mece\/index.php?rest_route=%2Fwp%2Fv2%2Ftags&post=26480"}],"curies":[{"name":"wp","href":"https:\/\/api.w.org\/{rel}","templated":true}]}}