{"id":26532,"date":"2025-08-13T22:24:35","date_gmt":"2025-08-13T21:24:35","guid":{"rendered":"https:\/\/www.mecerreyes.com\/mece\/?p=26532"},"modified":"2026-01-08T10:34:50","modified_gmt":"2026-01-08T09:34:50","slug":"en-mecerreyes-festival-de-dulzaina-y-dulzaro","status":"publish","type":"post","link":"https:\/\/www.mecerreyes.com\/mece\/?p=26532","title":{"rendered":"En Mecerreyes: Festival de Dulzaina y Dulzaro"},"content":{"rendered":"<p class=\"has-luminous-vivid-amber-background-color has-background\" style=\"font-size:22px\"><strong>MEMORIAL SIM\u00d3N ALTABLE &#8211; XXIII EDICI\u00d3N DEL FESTIVAL DE DULZAINA<\/strong><\/p>\n\n\n\n<p>Uno de los platos fuertes de la programaci\u00f3n cultural del verano guileto, es sin duda el Festival de Dulzaina en honor a Sim\u00f3n Altable, uno de los nuestros.<\/p>\n\n\n\n<p><\/p>\n\n\n\n<div class=\"wp-block-media-text has-media-on-the-right is-stacked-on-mobile\" style=\"grid-template-columns:auto 26%\"><div class=\"wp-block-media-text__content\">\n<p>Son ya veintitr\u00e9s a\u00f1os los que la Asociaci\u00f3n Cultural, con Benito Mambrillas al frente, re\u00fane en la Plaza Mayor de Mecerreyes a las agrupaciones que de forma desinteresada gustan ofrecer sus tonadas a los presentes.<\/p>\n<\/div><figure class=\"wp-block-media-text__media\"><img loading=\"lazy\" decoding=\"async\" width=\"768\" height=\"1024\" src=\"https:\/\/www.mecerreyes.com\/mece\/wp-content\/uploads\/2025\/08\/XXIII-Festival-de-Dulzaina-Villa-Mecerreyes-Memorial-Simon-Altable-11-Benito-Mambrillas-768x1024.jpg\" alt=\"\" class=\"wp-image-26533 size-full\" srcset=\"https:\/\/www.mecerreyes.com\/mece\/wp-content\/uploads\/2025\/08\/XXIII-Festival-de-Dulzaina-Villa-Mecerreyes-Memorial-Simon-Altable-11-Benito-Mambrillas-768x1024.jpg 768w, https:\/\/www.mecerreyes.com\/mece\/wp-content\/uploads\/2025\/08\/XXIII-Festival-de-Dulzaina-Villa-Mecerreyes-Memorial-Simon-Altable-11-Benito-Mambrillas-225x300.jpg 225w, https:\/\/www.mecerreyes.com\/mece\/wp-content\/uploads\/2025\/08\/XXIII-Festival-de-Dulzaina-Villa-Mecerreyes-Memorial-Simon-Altable-11-Benito-Mambrillas-1152x1536.jpg 1152w, https:\/\/www.mecerreyes.com\/mece\/wp-content\/uploads\/2025\/08\/XXIII-Festival-de-Dulzaina-Villa-Mecerreyes-Memorial-Simon-Altable-11-Benito-Mambrillas-1080x1440.jpg 1080w, https:\/\/www.mecerreyes.com\/mece\/wp-content\/uploads\/2025\/08\/XXIII-Festival-de-Dulzaina-Villa-Mecerreyes-Memorial-Simon-Altable-11-Benito-Mambrillas.jpg 1276w\" sizes=\"(max-width: 768px) 100vw, 768px\" \/><\/figure><\/div>\n\n\n\n<p>Agrupaciones de distintas provincias espa\u00f1olas que mantienen la dulzaina, el repertorio de m\u00fasica tradicional y se atreven a fusionarla con ritmos m\u00e1s actuales.<\/p>\n\n\n\n<figure class=\"wp-block-image size-large\"><a  href=\"https:\/\/www.mecerreyes.com\/mece\/wp-content\/uploads\/2025\/08\/XXIII-Festival-de-Dulzaina-Villa-Mecerreyes-Memorial-Simon-Altable-2.jpg\" class=\"thickbox no_icon\" title=\"\"><img loading=\"lazy\" decoding=\"async\" width=\"1024\" height=\"768\" src=\"https:\/\/www.mecerreyes.com\/mece\/wp-content\/uploads\/2025\/08\/XXIII-Festival-de-Dulzaina-Villa-Mecerreyes-Memorial-Simon-Altable-2-1024x768.jpg\" alt=\"\" class=\"wp-image-26538\" srcset=\"https:\/\/www.mecerreyes.com\/mece\/wp-content\/uploads\/2025\/08\/XXIII-Festival-de-Dulzaina-Villa-Mecerreyes-Memorial-Simon-Altable-2-1024x768.jpg 1024w, https:\/\/www.mecerreyes.com\/mece\/wp-content\/uploads\/2025\/08\/XXIII-Festival-de-Dulzaina-Villa-Mecerreyes-Memorial-Simon-Altable-2-300x225.jpg 300w, https:\/\/www.mecerreyes.com\/mece\/wp-content\/uploads\/2025\/08\/XXIII-Festival-de-Dulzaina-Villa-Mecerreyes-Memorial-Simon-Altable-2-768x576.jpg 768w, https:\/\/www.mecerreyes.com\/mece\/wp-content\/uploads\/2025\/08\/XXIII-Festival-de-Dulzaina-Villa-Mecerreyes-Memorial-Simon-Altable-2.jpg 1063w\" sizes=\"(max-width: 1024px) 100vw, 1024px\" \/><\/a><\/figure>\n\n\n\n<p>El pasado 2 de agosto, con la plaza llena de amantes de la m\u00fasica y un escenario ataviado con atrezo del Carnaval y Gallo, volvimos a disfrutar de las intervenciones de los grupos invitados, as\u00ed como la de los locales Dulzaineros T\u00e1mbara que abrieron el evento.<\/p>\n\n\n\n<figure class=\"wp-block-image aligncenter size-large is-resized\"><a  href=\"https:\/\/www.mecerreyes.com\/mece\/wp-content\/uploads\/2025\/08\/XXIII-Festival-de-Dulzaina-Villa-Mecerreyes-Memorial-Simon-Altable-1.jpg\" class=\"thickbox no_icon\" title=\"\"><img loading=\"lazy\" decoding=\"async\" width=\"768\" height=\"1024\" src=\"https:\/\/www.mecerreyes.com\/mece\/wp-content\/uploads\/2025\/08\/XXIII-Festival-de-Dulzaina-Villa-Mecerreyes-Memorial-Simon-Altable-1-768x1024.jpg\" alt=\"\" class=\"wp-image-26536\" style=\"width:582px;height:auto\" srcset=\"https:\/\/www.mecerreyes.com\/mece\/wp-content\/uploads\/2025\/08\/XXIII-Festival-de-Dulzaina-Villa-Mecerreyes-Memorial-Simon-Altable-1-768x1024.jpg 768w, https:\/\/www.mecerreyes.com\/mece\/wp-content\/uploads\/2025\/08\/XXIII-Festival-de-Dulzaina-Villa-Mecerreyes-Memorial-Simon-Altable-1-225x300.jpg 225w, https:\/\/www.mecerreyes.com\/mece\/wp-content\/uploads\/2025\/08\/XXIII-Festival-de-Dulzaina-Villa-Mecerreyes-Memorial-Simon-Altable-1.jpg 1063w\" sizes=\"(max-width: 768px) 100vw, 768px\" \/><\/a><\/figure>\n\n\n\n<figure class=\"wp-block-image size-large\"><a  href=\"https:\/\/www.mecerreyes.com\/mece\/wp-content\/uploads\/2025\/08\/XXIII-Festival-de-Dulzaina-Villa-Mecerreyes-Memorial-Simon-Altable-7.jpg\" class=\"thickbox no_icon\" title=\"\"><img loading=\"lazy\" decoding=\"async\" width=\"1024\" height=\"768\" src=\"https:\/\/www.mecerreyes.com\/mece\/wp-content\/uploads\/2025\/08\/XXIII-Festival-de-Dulzaina-Villa-Mecerreyes-Memorial-Simon-Altable-7-1024x768.jpg\" alt=\"\" class=\"wp-image-26535\" srcset=\"https:\/\/www.mecerreyes.com\/mece\/wp-content\/uploads\/2025\/08\/XXIII-Festival-de-Dulzaina-Villa-Mecerreyes-Memorial-Simon-Altable-7-1024x768.jpg 1024w, https:\/\/www.mecerreyes.com\/mece\/wp-content\/uploads\/2025\/08\/XXIII-Festival-de-Dulzaina-Villa-Mecerreyes-Memorial-Simon-Altable-7-300x225.jpg 300w, https:\/\/www.mecerreyes.com\/mece\/wp-content\/uploads\/2025\/08\/XXIII-Festival-de-Dulzaina-Villa-Mecerreyes-Memorial-Simon-Altable-7-768x576.jpg 768w, https:\/\/www.mecerreyes.com\/mece\/wp-content\/uploads\/2025\/08\/XXIII-Festival-de-Dulzaina-Villa-Mecerreyes-Memorial-Simon-Altable-7.jpg 1063w\" sizes=\"(max-width: 1024px) 100vw, 1024px\" \/><\/a><\/figure>\n\n\n\n<p>Daniel Su\u00e1rez de \u00cdscar Valladolid, Dulzaineros Barrica Sonora desde Caba\u00f1es de Esgueva y Fresnillo de las Due\u00f1as (Burgos) y la Orquestina de la Abuela Pina de Cuellar Segovia hicieron un cartel de primera.<\/p>\n\n\n\n<figure class=\"wp-block-image size-large\"><a  href=\"https:\/\/www.mecerreyes.com\/mece\/wp-content\/uploads\/2025\/08\/XXIII-Festival-de-Dulzaina-Villa-Mecerreyes-Memorial-Simon-Altable-5.jpg\" class=\"thickbox no_icon\" title=\"\"><img loading=\"lazy\" decoding=\"async\" width=\"1024\" height=\"768\" src=\"https:\/\/www.mecerreyes.com\/mece\/wp-content\/uploads\/2025\/08\/XXIII-Festival-de-Dulzaina-Villa-Mecerreyes-Memorial-Simon-Altable-5-1024x768.jpg\" alt=\"\" class=\"wp-image-26534\" srcset=\"https:\/\/www.mecerreyes.com\/mece\/wp-content\/uploads\/2025\/08\/XXIII-Festival-de-Dulzaina-Villa-Mecerreyes-Memorial-Simon-Altable-5-1024x768.jpg 1024w, https:\/\/www.mecerreyes.com\/mece\/wp-content\/uploads\/2025\/08\/XXIII-Festival-de-Dulzaina-Villa-Mecerreyes-Memorial-Simon-Altable-5-300x225.jpg 300w, https:\/\/www.mecerreyes.com\/mece\/wp-content\/uploads\/2025\/08\/XXIII-Festival-de-Dulzaina-Villa-Mecerreyes-Memorial-Simon-Altable-5-768x576.jpg 768w, https:\/\/www.mecerreyes.com\/mece\/wp-content\/uploads\/2025\/08\/XXIII-Festival-de-Dulzaina-Villa-Mecerreyes-Memorial-Simon-Altable-5.jpg 1063w\" sizes=\"(max-width: 1024px) 100vw, 1024px\" \/><\/a><\/figure>\n\n\n\n<p>El entregado p\u00fablico, supo valorar la calidad de estos amigos que no olvidar\u00e1n los aplausos recibidos.<\/p>\n\n\n\n<figure class=\"wp-block-image size-large\"><a  href=\"https:\/\/www.mecerreyes.com\/mece\/wp-content\/uploads\/2025\/08\/XXIII-Festival-de-Dulzaina-Villa-Mecerreyes-Memorial-Simon-Altable-4.jpg\" class=\"thickbox no_icon\" title=\"\"><img loading=\"lazy\" decoding=\"async\" width=\"1024\" height=\"768\" src=\"https:\/\/www.mecerreyes.com\/mece\/wp-content\/uploads\/2025\/08\/XXIII-Festival-de-Dulzaina-Villa-Mecerreyes-Memorial-Simon-Altable-4-1024x768.jpg\" alt=\"\" class=\"wp-image-26537\" srcset=\"https:\/\/www.mecerreyes.com\/mece\/wp-content\/uploads\/2025\/08\/XXIII-Festival-de-Dulzaina-Villa-Mecerreyes-Memorial-Simon-Altable-4-1024x768.jpg 1024w, https:\/\/www.mecerreyes.com\/mece\/wp-content\/uploads\/2025\/08\/XXIII-Festival-de-Dulzaina-Villa-Mecerreyes-Memorial-Simon-Altable-4-300x225.jpg 300w, https:\/\/www.mecerreyes.com\/mece\/wp-content\/uploads\/2025\/08\/XXIII-Festival-de-Dulzaina-Villa-Mecerreyes-Memorial-Simon-Altable-4-768x576.jpg 768w, https:\/\/www.mecerreyes.com\/mece\/wp-content\/uploads\/2025\/08\/XXIII-Festival-de-Dulzaina-Villa-Mecerreyes-Memorial-Simon-Altable-4.jpg 1063w\" sizes=\"(max-width: 1024px) 100vw, 1024px\" \/><\/a><\/figure>\n\n\n\n<p>Estren\u00e1bamos mesa de sonido y a los mandos del t\u00e9cnico Manuel Camacho, el concierto brill\u00f3 notablemente; ni se apreci\u00f3 el fuerte viento que nos visit\u00f3.<\/p>\n\n\n\n<figure class=\"wp-block-image size-large\"><a  href=\"https:\/\/www.mecerreyes.com\/mece\/wp-content\/uploads\/2025\/08\/XXIII-Festival-de-Dulzaina-Villa-Mecerreyes-Memorial-Simon-Altable-Manolo-al-sonido.jpg\" class=\"thickbox no_icon\" title=\"\"><img loading=\"lazy\" decoding=\"async\" width=\"1024\" height=\"489\" src=\"https:\/\/www.mecerreyes.com\/mece\/wp-content\/uploads\/2025\/08\/XXIII-Festival-de-Dulzaina-Villa-Mecerreyes-Memorial-Simon-Altable-Manolo-al-sonido-1024x489.jpg\" alt=\"\" class=\"wp-image-26553\" srcset=\"https:\/\/www.mecerreyes.com\/mece\/wp-content\/uploads\/2025\/08\/XXIII-Festival-de-Dulzaina-Villa-Mecerreyes-Memorial-Simon-Altable-Manolo-al-sonido-1024x489.jpg 1024w, https:\/\/www.mecerreyes.com\/mece\/wp-content\/uploads\/2025\/08\/XXIII-Festival-de-Dulzaina-Villa-Mecerreyes-Memorial-Simon-Altable-Manolo-al-sonido-300x143.jpg 300w, https:\/\/www.mecerreyes.com\/mece\/wp-content\/uploads\/2025\/08\/XXIII-Festival-de-Dulzaina-Villa-Mecerreyes-Memorial-Simon-Altable-Manolo-al-sonido-768x366.jpg 768w, https:\/\/www.mecerreyes.com\/mece\/wp-content\/uploads\/2025\/08\/XXIII-Festival-de-Dulzaina-Villa-Mecerreyes-Memorial-Simon-Altable-Manolo-al-sonido-1080x515.jpg 1080w, https:\/\/www.mecerreyes.com\/mece\/wp-content\/uploads\/2025\/08\/XXIII-Festival-de-Dulzaina-Villa-Mecerreyes-Memorial-Simon-Altable-Manolo-al-sonido.jpg 1417w\" sizes=\"(max-width: 1024px) 100vw, 1024px\" \/><\/a><\/figure>\n\n\n\n<p>Agradecemos un a\u00f1o m\u00e1s contar entre el p\u00fablico a los familiares de Sim\u00f3n Altable, as\u00ed como los de las formaciones guiletas de: Los Peque\u00f1os Cantinflas y Los Anises; sin olvidar a Los Farraguses por su v\u00ednculo guileto y agradecer un a\u00f1o m\u00e1s el trabajo de nuestra presentadora, Femi.<\/p>\n\n\n\n<figure class=\"wp-block-image size-large\"><a  href=\"https:\/\/www.mecerreyes.com\/mece\/wp-content\/uploads\/2025\/08\/XXIII-Festival-de-Dulzaina-Villa-Mecerreyes-Memorial-Simon-Altable-6.jpg\" class=\"thickbox no_icon\" title=\"\"><img loading=\"lazy\" decoding=\"async\" width=\"1024\" height=\"768\" src=\"https:\/\/www.mecerreyes.com\/mece\/wp-content\/uploads\/2025\/08\/XXIII-Festival-de-Dulzaina-Villa-Mecerreyes-Memorial-Simon-Altable-6-1024x768.jpg\" alt=\"\" class=\"wp-image-26539\" srcset=\"https:\/\/www.mecerreyes.com\/mece\/wp-content\/uploads\/2025\/08\/XXIII-Festival-de-Dulzaina-Villa-Mecerreyes-Memorial-Simon-Altable-6-1024x768.jpg 1024w, https:\/\/www.mecerreyes.com\/mece\/wp-content\/uploads\/2025\/08\/XXIII-Festival-de-Dulzaina-Villa-Mecerreyes-Memorial-Simon-Altable-6-300x225.jpg 300w, https:\/\/www.mecerreyes.com\/mece\/wp-content\/uploads\/2025\/08\/XXIII-Festival-de-Dulzaina-Villa-Mecerreyes-Memorial-Simon-Altable-6-768x576.jpg 768w, https:\/\/www.mecerreyes.com\/mece\/wp-content\/uploads\/2025\/08\/XXIII-Festival-de-Dulzaina-Villa-Mecerreyes-Memorial-Simon-Altable-6.jpg 1063w\" sizes=\"(max-width: 1024px) 100vw, 1024px\" \/><\/a><\/figure>\n\n\n\n<p>Con una cena degustaci\u00f3n de productos locales, despedimos a los agradecidos invitados. <\/p>\n\n\n\n<figure class=\"wp-block-gallery has-nested-images columns-default is-cropped wp-block-gallery-1 is-layout-flex wp-block-gallery-is-layout-flex\">\n<figure class=\"wp-block-image size-large\"><a  href=\"https:\/\/www.mecerreyes.com\/mece\/wp-content\/uploads\/2025\/08\/XXIII-Festival-de-Dulzaina-Villa-Mecerreyes-Memorial-Simon-Altable-9.jpg\" class=\"thickbox no_icon\" title=\"\"><img loading=\"lazy\" decoding=\"async\" width=\"1024\" height=\"768\" data-id=\"26542\" src=\"https:\/\/www.mecerreyes.com\/mece\/wp-content\/uploads\/2025\/08\/XXIII-Festival-de-Dulzaina-Villa-Mecerreyes-Memorial-Simon-Altable-9-1024x768.jpg\" alt=\"\" class=\"wp-image-26542\" srcset=\"https:\/\/www.mecerreyes.com\/mece\/wp-content\/uploads\/2025\/08\/XXIII-Festival-de-Dulzaina-Villa-Mecerreyes-Memorial-Simon-Altable-9-1024x768.jpg 1024w, https:\/\/www.mecerreyes.com\/mece\/wp-content\/uploads\/2025\/08\/XXIII-Festival-de-Dulzaina-Villa-Mecerreyes-Memorial-Simon-Altable-9-300x225.jpg 300w, https:\/\/www.mecerreyes.com\/mece\/wp-content\/uploads\/2025\/08\/XXIII-Festival-de-Dulzaina-Villa-Mecerreyes-Memorial-Simon-Altable-9-768x576.jpg 768w, https:\/\/www.mecerreyes.com\/mece\/wp-content\/uploads\/2025\/08\/XXIII-Festival-de-Dulzaina-Villa-Mecerreyes-Memorial-Simon-Altable-9.jpg 1063w\" sizes=\"(max-width: 1024px) 100vw, 1024px\" \/><\/a><\/figure>\n\n\n\n<figure class=\"wp-block-image size-large\"><a  href=\"https:\/\/www.mecerreyes.com\/mece\/wp-content\/uploads\/2025\/08\/XXIII-Festival-de-Dulzaina-Villa-Mecerreyes-Memorial-Simon-Altable-3-1.jpg\" class=\"thickbox no_icon\" title=\"\"><img loading=\"lazy\" decoding=\"async\" width=\"1024\" height=\"768\" data-id=\"26543\" src=\"https:\/\/www.mecerreyes.com\/mece\/wp-content\/uploads\/2025\/08\/XXIII-Festival-de-Dulzaina-Villa-Mecerreyes-Memorial-Simon-Altable-3-1-1024x768.jpg\" alt=\"\" class=\"wp-image-26543\" srcset=\"https:\/\/www.mecerreyes.com\/mece\/wp-content\/uploads\/2025\/08\/XXIII-Festival-de-Dulzaina-Villa-Mecerreyes-Memorial-Simon-Altable-3-1-1024x768.jpg 1024w, https:\/\/www.mecerreyes.com\/mece\/wp-content\/uploads\/2025\/08\/XXIII-Festival-de-Dulzaina-Villa-Mecerreyes-Memorial-Simon-Altable-3-1-300x225.jpg 300w, https:\/\/www.mecerreyes.com\/mece\/wp-content\/uploads\/2025\/08\/XXIII-Festival-de-Dulzaina-Villa-Mecerreyes-Memorial-Simon-Altable-3-1-768x576.jpg 768w, https:\/\/www.mecerreyes.com\/mece\/wp-content\/uploads\/2025\/08\/XXIII-Festival-de-Dulzaina-Villa-Mecerreyes-Memorial-Simon-Altable-3-1.jpg 1063w\" sizes=\"(max-width: 1024px) 100vw, 1024px\" \/><\/a><\/figure>\n\n\n\n<figure class=\"wp-block-image size-large\"><a  href=\"https:\/\/www.mecerreyes.com\/mece\/wp-content\/uploads\/2025\/08\/XXIII-Festival-de-Dulzaina-Villa-Mecerreyes-Memorial-Simon-Altable-11.jpg\" class=\"thickbox no_icon\" title=\"\"><img loading=\"lazy\" decoding=\"async\" width=\"1024\" height=\"768\" data-id=\"26545\" src=\"https:\/\/www.mecerreyes.com\/mece\/wp-content\/uploads\/2025\/08\/XXIII-Festival-de-Dulzaina-Villa-Mecerreyes-Memorial-Simon-Altable-11-1024x768.jpg\" alt=\"\" class=\"wp-image-26545\" srcset=\"https:\/\/www.mecerreyes.com\/mece\/wp-content\/uploads\/2025\/08\/XXIII-Festival-de-Dulzaina-Villa-Mecerreyes-Memorial-Simon-Altable-11-1024x768.jpg 1024w, https:\/\/www.mecerreyes.com\/mece\/wp-content\/uploads\/2025\/08\/XXIII-Festival-de-Dulzaina-Villa-Mecerreyes-Memorial-Simon-Altable-11-300x225.jpg 300w, https:\/\/www.mecerreyes.com\/mece\/wp-content\/uploads\/2025\/08\/XXIII-Festival-de-Dulzaina-Villa-Mecerreyes-Memorial-Simon-Altable-11-768x576.jpg 768w, https:\/\/www.mecerreyes.com\/mece\/wp-content\/uploads\/2025\/08\/XXIII-Festival-de-Dulzaina-Villa-Mecerreyes-Memorial-Simon-Altable-11-1080x810.jpg 1080w, https:\/\/www.mecerreyes.com\/mece\/wp-content\/uploads\/2025\/08\/XXIII-Festival-de-Dulzaina-Villa-Mecerreyes-Memorial-Simon-Altable-11.jpg 1417w\" sizes=\"(max-width: 1024px) 100vw, 1024px\" \/><\/a><\/figure>\n\n\n\n<figure class=\"wp-block-image size-large\"><a  href=\"https:\/\/www.mecerreyes.com\/mece\/wp-content\/uploads\/2025\/08\/XXIII-Festival-de-Dulzaina-Villa-Mecerreyes-Memorial-Simon-Altable-8.jpg\" class=\"thickbox no_icon\" title=\"\"><img loading=\"lazy\" decoding=\"async\" width=\"1024\" height=\"768\" data-id=\"26544\" src=\"https:\/\/www.mecerreyes.com\/mece\/wp-content\/uploads\/2025\/08\/XXIII-Festival-de-Dulzaina-Villa-Mecerreyes-Memorial-Simon-Altable-8-1024x768.jpg\" alt=\"\" class=\"wp-image-26544\" srcset=\"https:\/\/www.mecerreyes.com\/mece\/wp-content\/uploads\/2025\/08\/XXIII-Festival-de-Dulzaina-Villa-Mecerreyes-Memorial-Simon-Altable-8-1024x768.jpg 1024w, https:\/\/www.mecerreyes.com\/mece\/wp-content\/uploads\/2025\/08\/XXIII-Festival-de-Dulzaina-Villa-Mecerreyes-Memorial-Simon-Altable-8-300x225.jpg 300w, https:\/\/www.mecerreyes.com\/mece\/wp-content\/uploads\/2025\/08\/XXIII-Festival-de-Dulzaina-Villa-Mecerreyes-Memorial-Simon-Altable-8-768x576.jpg 768w, https:\/\/www.mecerreyes.com\/mece\/wp-content\/uploads\/2025\/08\/XXIII-Festival-de-Dulzaina-Villa-Mecerreyes-Memorial-Simon-Altable-8.jpg 1063w\" sizes=\"(max-width: 1024px) 100vw, 1024px\" \/><\/a><\/figure>\n<\/figure>\n\n\n\n<div style=\"height:100px\" aria-hidden=\"true\" class=\"wp-block-spacer\"><\/div>\n\n\n\n<p><\/p>\n\n\n\n<p class=\"has-luminous-vivid-amber-background-color has-background\" style=\"font-size:22px\"><strong>DULZARO EN CONCIERTO<\/strong><\/p>\n\n\n\n<p>El 9 de agosto la plaza rebos\u00f3 de seguidores de este afamado artista.<\/p>\n\n\n\n<figure class=\"wp-block-image size-large\"><a  href=\"https:\/\/www.mecerreyes.com\/mece\/wp-content\/uploads\/2025\/08\/Dulzaro-en-Mecerreyes-9-08-2025-4.jpg\" class=\"thickbox no_icon\" title=\"\"><img loading=\"lazy\" decoding=\"async\" width=\"1024\" height=\"768\" src=\"https:\/\/www.mecerreyes.com\/mece\/wp-content\/uploads\/2025\/08\/Dulzaro-en-Mecerreyes-9-08-2025-4-1024x768.jpg\" alt=\"\" class=\"wp-image-26547\" srcset=\"https:\/\/www.mecerreyes.com\/mece\/wp-content\/uploads\/2025\/08\/Dulzaro-en-Mecerreyes-9-08-2025-4-1024x768.jpg 1024w, https:\/\/www.mecerreyes.com\/mece\/wp-content\/uploads\/2025\/08\/Dulzaro-en-Mecerreyes-9-08-2025-4-300x225.jpg 300w, https:\/\/www.mecerreyes.com\/mece\/wp-content\/uploads\/2025\/08\/Dulzaro-en-Mecerreyes-9-08-2025-4-768x576.jpg 768w, https:\/\/www.mecerreyes.com\/mece\/wp-content\/uploads\/2025\/08\/Dulzaro-en-Mecerreyes-9-08-2025-4-1080x810.jpg 1080w, https:\/\/www.mecerreyes.com\/mece\/wp-content\/uploads\/2025\/08\/Dulzaro-en-Mecerreyes-9-08-2025-4.jpg 1417w\" sizes=\"(max-width: 1024px) 100vw, 1024px\" \/><\/a><\/figure>\n\n\n\n<p>Dulzaro fusiona la m\u00fasica castellana y la contempor\u00e1nea, introduce el teatro, la danza y la poes\u00eda en su espect\u00e1culo, y con una voz muy peculiar, renueva el repertorio tradicional.<\/p>\n\n\n\n<figure class=\"wp-block-image size-large\"><a  href=\"https:\/\/www.mecerreyes.com\/mece\/wp-content\/uploads\/2025\/08\/Dulzaro-en-Mecerreyes-9-08-2025-1.jpg\" class=\"thickbox no_icon\" title=\"\"><img loading=\"lazy\" decoding=\"async\" width=\"1024\" height=\"768\" src=\"https:\/\/www.mecerreyes.com\/mece\/wp-content\/uploads\/2025\/08\/Dulzaro-en-Mecerreyes-9-08-2025-1-1024x768.jpg\" alt=\"\" class=\"wp-image-26548\" srcset=\"https:\/\/www.mecerreyes.com\/mece\/wp-content\/uploads\/2025\/08\/Dulzaro-en-Mecerreyes-9-08-2025-1-1024x768.jpg 1024w, https:\/\/www.mecerreyes.com\/mece\/wp-content\/uploads\/2025\/08\/Dulzaro-en-Mecerreyes-9-08-2025-1-300x225.jpg 300w, https:\/\/www.mecerreyes.com\/mece\/wp-content\/uploads\/2025\/08\/Dulzaro-en-Mecerreyes-9-08-2025-1-768x576.jpg 768w, https:\/\/www.mecerreyes.com\/mece\/wp-content\/uploads\/2025\/08\/Dulzaro-en-Mecerreyes-9-08-2025-1-1080x810.jpg 1080w, https:\/\/www.mecerreyes.com\/mece\/wp-content\/uploads\/2025\/08\/Dulzaro-en-Mecerreyes-9-08-2025-1.jpg 1417w\" sizes=\"(max-width: 1024px) 100vw, 1024px\" \/><\/a><\/figure>\n\n\n\n<p>Dulzaro interactu\u00f3 con al p\u00fablico a sabiendas que sus canciones ya eran conocidas, y agradeci\u00f3 &nbsp;a la Asociaci\u00f3n Cultural Mecerreyes que le prestara dos trajes de mascaradas para la grabaci\u00f3n de sus disco \u201c\u00cdCARO\u201d. <\/p>\n\n\n\n<figure class=\"wp-block-gallery has-nested-images columns-default is-cropped wp-block-gallery-2 is-layout-flex wp-block-gallery-is-layout-flex\">\n<figure class=\"wp-block-image size-large\"><a  href=\"https:\/\/www.mecerreyes.com\/mece\/wp-content\/uploads\/2025\/08\/Dulzaro-en-Mecerreyes-9-08-2025-5.jpg\" class=\"thickbox no_icon\" title=\"\"><img loading=\"lazy\" decoding=\"async\" width=\"1024\" height=\"768\" data-id=\"26549\" src=\"https:\/\/www.mecerreyes.com\/mece\/wp-content\/uploads\/2025\/08\/Dulzaro-en-Mecerreyes-9-08-2025-5-1024x768.jpg\" alt=\"\" class=\"wp-image-26549\" srcset=\"https:\/\/www.mecerreyes.com\/mece\/wp-content\/uploads\/2025\/08\/Dulzaro-en-Mecerreyes-9-08-2025-5-1024x768.jpg 1024w, https:\/\/www.mecerreyes.com\/mece\/wp-content\/uploads\/2025\/08\/Dulzaro-en-Mecerreyes-9-08-2025-5-300x225.jpg 300w, https:\/\/www.mecerreyes.com\/mece\/wp-content\/uploads\/2025\/08\/Dulzaro-en-Mecerreyes-9-08-2025-5-768x576.jpg 768w, https:\/\/www.mecerreyes.com\/mece\/wp-content\/uploads\/2025\/08\/Dulzaro-en-Mecerreyes-9-08-2025-5-1080x810.jpg 1080w, https:\/\/www.mecerreyes.com\/mece\/wp-content\/uploads\/2025\/08\/Dulzaro-en-Mecerreyes-9-08-2025-5.jpg 1417w\" sizes=\"(max-width: 1024px) 100vw, 1024px\" \/><\/a><\/figure>\n\n\n\n<figure class=\"wp-block-image size-large\"><a  href=\"https:\/\/www.mecerreyes.com\/mece\/wp-content\/uploads\/2025\/08\/Dulzaro-en-Mecerreyes-9-08-2025-2.jpg\" class=\"thickbox no_icon\" title=\"\"><img loading=\"lazy\" decoding=\"async\" width=\"1024\" height=\"768\" data-id=\"26550\" src=\"https:\/\/www.mecerreyes.com\/mece\/wp-content\/uploads\/2025\/08\/Dulzaro-en-Mecerreyes-9-08-2025-2-1024x768.jpg\" alt=\"\" class=\"wp-image-26550\" srcset=\"https:\/\/www.mecerreyes.com\/mece\/wp-content\/uploads\/2025\/08\/Dulzaro-en-Mecerreyes-9-08-2025-2-1024x768.jpg 1024w, https:\/\/www.mecerreyes.com\/mece\/wp-content\/uploads\/2025\/08\/Dulzaro-en-Mecerreyes-9-08-2025-2-300x225.jpg 300w, https:\/\/www.mecerreyes.com\/mece\/wp-content\/uploads\/2025\/08\/Dulzaro-en-Mecerreyes-9-08-2025-2-768x576.jpg 768w, https:\/\/www.mecerreyes.com\/mece\/wp-content\/uploads\/2025\/08\/Dulzaro-en-Mecerreyes-9-08-2025-2-1080x810.jpg 1080w, https:\/\/www.mecerreyes.com\/mece\/wp-content\/uploads\/2025\/08\/Dulzaro-en-Mecerreyes-9-08-2025-2.jpg 1417w\" sizes=\"(max-width: 1024px) 100vw, 1024px\" \/><\/a><\/figure>\n\n\n\n<figure class=\"wp-block-image size-large\"><a  href=\"https:\/\/www.mecerreyes.com\/mece\/wp-content\/uploads\/2025\/08\/Dulzaro-en-Mecerreyes-9-08-2025-3.jpg\" class=\"thickbox no_icon\" title=\"\"><img loading=\"lazy\" decoding=\"async\" width=\"1024\" height=\"768\" data-id=\"26551\" src=\"https:\/\/www.mecerreyes.com\/mece\/wp-content\/uploads\/2025\/08\/Dulzaro-en-Mecerreyes-9-08-2025-3-1024x768.jpg\" alt=\"\" class=\"wp-image-26551\" srcset=\"https:\/\/www.mecerreyes.com\/mece\/wp-content\/uploads\/2025\/08\/Dulzaro-en-Mecerreyes-9-08-2025-3-1024x768.jpg 1024w, https:\/\/www.mecerreyes.com\/mece\/wp-content\/uploads\/2025\/08\/Dulzaro-en-Mecerreyes-9-08-2025-3-300x225.jpg 300w, https:\/\/www.mecerreyes.com\/mece\/wp-content\/uploads\/2025\/08\/Dulzaro-en-Mecerreyes-9-08-2025-3-768x576.jpg 768w, https:\/\/www.mecerreyes.com\/mece\/wp-content\/uploads\/2025\/08\/Dulzaro-en-Mecerreyes-9-08-2025-3-1080x810.jpg 1080w, https:\/\/www.mecerreyes.com\/mece\/wp-content\/uploads\/2025\/08\/Dulzaro-en-Mecerreyes-9-08-2025-3.jpg 1417w\" sizes=\"(max-width: 1024px) 100vw, 1024px\" \/><\/a><\/figure>\n<\/figure>\n\n\n\n<div style=\"height:100px\" aria-hidden=\"true\" class=\"wp-block-spacer\"><\/div>\n\n\n\n<figure class=\"wp-block-embed is-type-video is-provider-youtube wp-block-embed-youtube wp-embed-aspect-16-9 wp-has-aspect-ratio\"><div class=\"wp-block-embed__wrapper\">\n<iframe loading=\"lazy\" title=\"XXIII Festival de Dulzaina, Mecerreyes, Memorial Sim\u00f3n Altable, Dulzaineros T\u00e1mbara, 2 08 2025\" width=\"1080\" height=\"608\" src=\"https:\/\/www.youtube.com\/embed\/LzXfeOwsdlE?feature=oembed\" frameborder=\"0\" allow=\"accelerometer; autoplay; clipboard-write; encrypted-media; gyroscope; picture-in-picture; web-share\" referrerpolicy=\"strict-origin-when-cross-origin\" allowfullscreen><\/iframe>\n<\/div><\/figure>\n\n\n\n<div style=\"height:100px\" aria-hidden=\"true\" class=\"wp-block-spacer\"><\/div>\n\n\n\n<figure class=\"wp-block-embed is-type-video is-provider-youtube wp-block-embed-youtube wp-embed-aspect-16-9 wp-has-aspect-ratio\"><div class=\"wp-block-embed__wrapper\">\n<iframe loading=\"lazy\" title=\"XXIII Festival de Dulzaina, Mecerreyes, Memorial Sim\u00f3n Altable, Daniel Suarez de Iscar, 2 08 2025\" width=\"1080\" height=\"608\" src=\"https:\/\/www.youtube.com\/embed\/1LcCSUqIMlI?feature=oembed\" frameborder=\"0\" allow=\"accelerometer; autoplay; clipboard-write; encrypted-media; gyroscope; picture-in-picture; web-share\" referrerpolicy=\"strict-origin-when-cross-origin\" allowfullscreen><\/iframe>\n<\/div><\/figure>\n\n\n\n<div style=\"height:100px\" aria-hidden=\"true\" class=\"wp-block-spacer\"><\/div>\n\n\n\n<figure class=\"wp-block-embed is-type-video is-provider-youtube wp-block-embed-youtube wp-embed-aspect-16-9 wp-has-aspect-ratio\"><div class=\"wp-block-embed__wrapper\">\n<iframe loading=\"lazy\" title=\"XXIII Festival de Dulzaina, Mecerreyes, Memorial Sim\u00f3n Altable, Dulzaineros Barrica Sonora, 08-2025\" width=\"1080\" height=\"608\" src=\"https:\/\/www.youtube.com\/embed\/P1c3ERH5Lw4?feature=oembed\" frameborder=\"0\" allow=\"accelerometer; autoplay; clipboard-write; encrypted-media; gyroscope; picture-in-picture; web-share\" referrerpolicy=\"strict-origin-when-cross-origin\" allowfullscreen><\/iframe>\n<\/div><\/figure>\n\n\n\n<div style=\"height:100px\" aria-hidden=\"true\" class=\"wp-block-spacer\"><\/div>\n\n\n\n<figure class=\"wp-block-embed is-type-video is-provider-youtube wp-block-embed-youtube wp-embed-aspect-16-9 wp-has-aspect-ratio\"><div class=\"wp-block-embed__wrapper\">\n<iframe loading=\"lazy\" title=\"XXIII Festival de Dulzaina, Mecerreyes, La Orquestina de la Abuela Pina de Cuellar (Segovia)\" width=\"1080\" height=\"608\" src=\"https:\/\/www.youtube.com\/embed\/QIk2AuUTHDI?feature=oembed\" frameborder=\"0\" allow=\"accelerometer; autoplay; clipboard-write; encrypted-media; gyroscope; picture-in-picture; web-share\" referrerpolicy=\"strict-origin-when-cross-origin\" allowfullscreen><\/iframe>\n<\/div><\/figure>\n\n\n\n<div style=\"height:100px\" aria-hidden=\"true\" class=\"wp-block-spacer\"><\/div>\n\n\n\n<figure class=\"wp-block-image size-large\"><a  href=\"https:\/\/www.mecerreyes.com\/mece\/wp-content\/uploads\/2025\/08\/IMG-20250805-WA0017.jpg\" class=\"thickbox no_icon\" title=\"\"><img loading=\"lazy\" decoding=\"async\" width=\"726\" height=\"1024\" src=\"https:\/\/www.mecerreyes.com\/mece\/wp-content\/uploads\/2025\/08\/IMG-20250805-WA0017-726x1024.jpg\" alt=\"\" class=\"wp-image-26561\" srcset=\"https:\/\/www.mecerreyes.com\/mece\/wp-content\/uploads\/2025\/08\/IMG-20250805-WA0017-726x1024.jpg 726w, https:\/\/www.mecerreyes.com\/mece\/wp-content\/uploads\/2025\/08\/IMG-20250805-WA0017-213x300.jpg 213w, https:\/\/www.mecerreyes.com\/mece\/wp-content\/uploads\/2025\/08\/IMG-20250805-WA0017-768x1084.jpg 768w, https:\/\/www.mecerreyes.com\/mece\/wp-content\/uploads\/2025\/08\/IMG-20250805-WA0017-1089x1536.jpg 1089w, https:\/\/www.mecerreyes.com\/mece\/wp-content\/uploads\/2025\/08\/IMG-20250805-WA0017-1080x1524.jpg 1080w, https:\/\/www.mecerreyes.com\/mece\/wp-content\/uploads\/2025\/08\/IMG-20250805-WA0017.jpg 1134w\" sizes=\"(max-width: 726px) 100vw, 726px\" \/><\/a><\/figure>\n\n\n\n<div style=\"height:100px\" aria-hidden=\"true\" class=\"wp-block-spacer\"><\/div>\n\n\n\n<figure class=\"wp-block-image size-large\"><a  href=\"https:\/\/www.mecerreyes.com\/mece\/wp-content\/uploads\/2025\/08\/IMG-20250805-WA0069.jpg\" class=\"thickbox no_icon\" title=\"\"><img loading=\"lazy\" decoding=\"async\" width=\"627\" height=\"1024\" src=\"https:\/\/www.mecerreyes.com\/mece\/wp-content\/uploads\/2025\/08\/IMG-20250805-WA0069-627x1024.jpg\" alt=\"\" class=\"wp-image-26564\" srcset=\"https:\/\/www.mecerreyes.com\/mece\/wp-content\/uploads\/2025\/08\/IMG-20250805-WA0069-627x1024.jpg 627w, https:\/\/www.mecerreyes.com\/mece\/wp-content\/uploads\/2025\/08\/IMG-20250805-WA0069-184x300.jpg 184w, https:\/\/www.mecerreyes.com\/mece\/wp-content\/uploads\/2025\/08\/IMG-20250805-WA0069-768x1254.jpg 768w, https:\/\/www.mecerreyes.com\/mece\/wp-content\/uploads\/2025\/08\/IMG-20250805-WA0069-941x1536.jpg 941w, https:\/\/www.mecerreyes.com\/mece\/wp-content\/uploads\/2025\/08\/IMG-20250805-WA0069.jpg 980w\" sizes=\"(max-width: 627px) 100vw, 627px\" \/><\/a><\/figure>","protected":false},"excerpt":{"rendered":"<p>MEMORIAL SIM\u00d3N ALTABLE &#8211; XXIII EDICI\u00d3N DEL FESTIVAL DE DULZAINA Uno de los platos fuertes de la programaci\u00f3n cultural del verano guileto, es sin duda el Festival de Dulzaina en honor a Sim\u00f3n Altable, uno de los nuestros. Son ya veintitr\u00e9s a\u00f1os los que la Asociaci\u00f3n Cultural, con Benito Mambrillas al frente, re\u00fane en la [&hellip;]<\/p>\n","protected":false},"author":5,"featured_media":26547,"comment_status":"open","ping_status":"closed","sticky":false,"template":"","format":"standard","meta":{"_et_pb_use_builder":"off","_et_pb_old_content":"","_et_gb_content_width":"","footnotes":""},"categories":[1],"tags":[23],"class_list":["post-26532","post","type-post","status-publish","format-standard","has-post-thumbnail","hentry","category-general","tag-dulzaineros","et-has-post-format-content","et_post_format-et-post-format-standard"],"_links":{"self":[{"href":"https:\/\/www.mecerreyes.com\/mece\/index.php?rest_route=\/wp\/v2\/posts\/26532"}],"collection":[{"href":"https:\/\/www.mecerreyes.com\/mece\/index.php?rest_route=\/wp\/v2\/posts"}],"about":[{"href":"https:\/\/www.mecerreyes.com\/mece\/index.php?rest_route=\/wp\/v2\/types\/post"}],"author":[{"embeddable":true,"href":"https:\/\/www.mecerreyes.com\/mece\/index.php?rest_route=\/wp\/v2\/users\/5"}],"replies":[{"embeddable":true,"href":"https:\/\/www.mecerreyes.com\/mece\/index.php?rest_route=%2Fwp%2Fv2%2Fcomments&post=26532"}],"version-history":[{"count":8,"href":"https:\/\/www.mecerreyes.com\/mece\/index.php?rest_route=\/wp\/v2\/posts\/26532\/revisions"}],"predecessor-version":[{"id":27130,"href":"https:\/\/www.mecerreyes.com\/mece\/index.php?rest_route=\/wp\/v2\/posts\/26532\/revisions\/27130"}],"wp:featuredmedia":[{"embeddable":true,"href":"https:\/\/www.mecerreyes.com\/mece\/index.php?rest_route=\/wp\/v2\/media\/26547"}],"wp:attachment":[{"href":"https:\/\/www.mecerreyes.com\/mece\/index.php?rest_route=%2Fwp%2Fv2%2Fmedia&parent=26532"}],"wp:term":[{"taxonomy":"category","embeddable":true,"href":"https:\/\/www.mecerreyes.com\/mece\/index.php?rest_route=%2Fwp%2Fv2%2Fcategories&post=26532"},{"taxonomy":"post_tag","embeddable":true,"href":"https:\/\/www.mecerreyes.com\/mece\/index.php?rest_route=%2Fwp%2Fv2%2Ftags&post=26532"}],"curies":[{"name":"wp","href":"https:\/\/api.w.org\/{rel}","templated":true}]}}