{"id":26921,"date":"2025-10-10T09:42:55","date_gmt":"2025-10-10T08:42:55","guid":{"rendered":"https:\/\/www.mecerreyes.com\/mece\/?p=26921"},"modified":"2025-10-10T09:48:48","modified_gmt":"2025-10-10T08:48:48","slug":"noticias-septiembre-2025","status":"publish","type":"post","link":"https:\/\/www.mecerreyes.com\/mece\/?p=26921","title":{"rendered":"Noticias Septiembre 2025"},"content":{"rendered":"<p>SEPTIEMBRE 2025<\/p>\n\n\n\n<p>Dispuestos de nuevo a contaros las noticias m\u00e1s relevantes que han acontecido el mes de septiembre en Mecerreyes y las que hab\u00e9is querido compartir con todos nosotros.<\/p>\n\n\n\n<p>Un mes de cambios sin duda, del per\u00edodo vacacional al laboral, de curso escolar, de estaci\u00f3n, de casa, pues muchos se instalan ya en la ciudad.<\/p>\n\n\n\n<p>Y en los coletazos del verano, sufrimos una helada que remat\u00f3 buena parte de los productos de las huertas, apresurando la recogida. <\/p>\n\n\n\n<p>Inmersos en asar pimientos, hacer tomate, repartir a los amigos y congelar para el invierno, pero sin olvidar socializar en la terraza del Bar, la iglesia, los puntos de venta ambulante o haciendo un viaje la cuadrilla guileta. <\/p>\n\n\n\n<figure class=\"wp-block-gallery has-nested-images columns-default is-cropped wp-block-gallery-1 is-layout-flex wp-block-gallery-is-layout-flex\">\n<figure class=\"wp-block-image size-large\"><a  href=\"https:\/\/www.mecerreyes.com\/mece\/wp-content\/uploads\/2025\/10\/Productos-huertas-Mecerreyes-2025.jpg\" class=\"thickbox no_icon\" title=\"\"><img loading=\"lazy\" decoding=\"async\" width=\"500\" height=\"862\" data-id=\"26956\" src=\"https:\/\/www.mecerreyes.com\/mece\/wp-content\/uploads\/2025\/10\/Productos-huertas-Mecerreyes-2025.jpg\" alt=\"\" class=\"wp-image-26956\" srcset=\"https:\/\/www.mecerreyes.com\/mece\/wp-content\/uploads\/2025\/10\/Productos-huertas-Mecerreyes-2025.jpg 500w, https:\/\/www.mecerreyes.com\/mece\/wp-content\/uploads\/2025\/10\/Productos-huertas-Mecerreyes-2025-174x300.jpg 174w\" sizes=\"(max-width: 500px) 100vw, 500px\" \/><\/a><\/figure>\n\n\n\n<figure class=\"wp-block-image size-large\"><a  href=\"https:\/\/www.mecerreyes.com\/mece\/wp-content\/uploads\/2025\/10\/Pimientos-Mecerreyes-2025.jpg\" class=\"thickbox no_icon\" title=\"\"><img loading=\"lazy\" decoding=\"async\" width=\"900\" height=\"899\" data-id=\"26957\" src=\"https:\/\/www.mecerreyes.com\/mece\/wp-content\/uploads\/2025\/10\/Pimientos-Mecerreyes-2025.jpg\" alt=\"\" class=\"wp-image-26957\" srcset=\"https:\/\/www.mecerreyes.com\/mece\/wp-content\/uploads\/2025\/10\/Pimientos-Mecerreyes-2025.jpg 900w, https:\/\/www.mecerreyes.com\/mece\/wp-content\/uploads\/2025\/10\/Pimientos-Mecerreyes-2025-300x300.jpg 300w, https:\/\/www.mecerreyes.com\/mece\/wp-content\/uploads\/2025\/10\/Pimientos-Mecerreyes-2025-150x150.jpg 150w, https:\/\/www.mecerreyes.com\/mece\/wp-content\/uploads\/2025\/10\/Pimientos-Mecerreyes-2025-768x767.jpg 768w, https:\/\/www.mecerreyes.com\/mece\/wp-content\/uploads\/2025\/10\/Pimientos-Mecerreyes-2025-440x440.jpg 440w\" sizes=\"(max-width: 900px) 100vw, 900px\" \/><\/a><\/figure>\n<\/figure>\n\n\n\n<p>La Asociaci\u00f3n Cultural Mecerreyes no para de colaborar en cuantas iniciativas ofrece la Comarca a trav\u00e9s de sus plataformas y <a  href=\"https:\/\/www.mecerreyes.com\/mece\/?page_id=265\">asociaciones<\/a>.<\/p>\n\n\n\n<p>Con un impresionante cartel informando de las actividades que se pueden realizar en los distintos pueblos comienza la segunda edici\u00f3n de <strong>Eco &#8211; Sabinares<\/strong>, Parque Natural Sabinares del Arlanza\/La Yecla. <\/p>\n\n\n\n<figure class=\"wp-block-image size-full\"><a  href=\"http:\/\/www.mecerreyes.com\/mece\/wp-content\/uploads\/2025\/09\/Programa-completo-ecosabinares-2025.jpg\" class=\"thickbox no_icon\" title=\"\"><img loading=\"lazy\" decoding=\"async\" width=\"709\" height=\"1002\" src=\"http:\/\/www.mecerreyes.com\/mece\/wp-content\/uploads\/2025\/09\/Programa-completo-ecosabinares-2025.jpg\" alt=\"\" class=\"wp-image-26912\" srcset=\"https:\/\/www.mecerreyes.com\/mece\/wp-content\/uploads\/2025\/09\/Programa-completo-ecosabinares-2025.jpg 709w, https:\/\/www.mecerreyes.com\/mece\/wp-content\/uploads\/2025\/09\/Programa-completo-ecosabinares-2025-212x300.jpg 212w\" sizes=\"(max-width: 709px) 100vw, 709px\" \/><\/a><\/figure>\n\n\n\n<p>Y ya en las distintas redes sociales hemos ido compartiendo los carteles de las actividades que se realizar\u00e1n en Mecerreyes del 3 al 13 de octubre para que pudierais reservar plaza en las mismas. <\/p>\n\n\n\n<p><a  href=\"https:\/\/sites.google.com\/view\/ecosabinares2025\/inicio\" target=\"_blank\" rel=\"noreferrer noopener\">PINCHA SOBRE ESTE ENLACE PARA RESERVAR TU PLAZA<\/a><\/p>\n\n\n\n<p>Agradecemos a los ponentes de cada una de estas citas, su tiempo y compromiso en divulgar su saber en el mundo rural.<\/p>\n\n\n\n<div style=\"height:100px\" aria-hidden=\"true\" class=\"wp-block-spacer\"><\/div>\n\n\n\n<p class=\"has-luminous-vivid-amber-background-color has-background\" style=\"font-size:22px\"><strong>EFEM\u00c9RIDES<\/strong><\/p>\n\n\n\n<ul class=\"wp-block-list\">\n<li>El 4, D\u00eda Internacional de la Sonrisa.<\/li>\n\n\n\n<li>El 8, D\u00eda Internacional de la Alfabetizaci\u00f3n.&nbsp;<strong>Virgen de Las Mamblas<\/strong>.<\/li>\n\n\n\n<li>El 10, D\u00eda Mundial de la Salud Mental.<\/li>\n\n\n\n<li>El 17, D\u00eda Internacional para la Erradicaci\u00f3n de la Pobreza.<\/li>\n\n\n\n<li>El 24, D\u00eda Internacional contra el Cambio Clim\u00e1tico<\/li>\n<\/ul>\n\n\n\n<div style=\"height:82px\" aria-hidden=\"true\" class=\"wp-block-spacer\"><\/div>\n\n\n\n<p class=\"has-luminous-vivid-amber-background-color has-background\" style=\"font-size:22px\"><strong>IMPULSA TU FUTURO<\/strong><\/p>\n\n\n\n<p><\/p>\n\n\n\n<p>Desde Salud Mental Lerma, nos piden difusi\u00f3n de la programaci\u00f3n que desde el 1 de octubre al 31 de mayo ofrecen como itinerario de orientaci\u00f3n social y laboral. CARTEL<\/p>\n\n\n\n<figure class=\"wp-block-image size-large\"><a  href=\"https:\/\/www.mecerreyes.com\/mece\/wp-content\/uploads\/2025\/10\/Impulsa-tu-futuro-salud-mental-Lerma-2025.jpeg\" class=\"thickbox no_icon\" title=\"\"><img loading=\"lazy\" decoding=\"async\" width=\"724\" height=\"1024\" src=\"https:\/\/www.mecerreyes.com\/mece\/wp-content\/uploads\/2025\/10\/Impulsa-tu-futuro-salud-mental-Lerma-2025-724x1024.jpeg\" alt=\"\" class=\"wp-image-26952\" srcset=\"https:\/\/www.mecerreyes.com\/mece\/wp-content\/uploads\/2025\/10\/Impulsa-tu-futuro-salud-mental-Lerma-2025-724x1024.jpeg 724w, https:\/\/www.mecerreyes.com\/mece\/wp-content\/uploads\/2025\/10\/Impulsa-tu-futuro-salud-mental-Lerma-2025-212x300.jpeg 212w, https:\/\/www.mecerreyes.com\/mece\/wp-content\/uploads\/2025\/10\/Impulsa-tu-futuro-salud-mental-Lerma-2025-768x1086.jpeg 768w, https:\/\/www.mecerreyes.com\/mece\/wp-content\/uploads\/2025\/10\/Impulsa-tu-futuro-salud-mental-Lerma-2025-1086x1536.jpeg 1086w, https:\/\/www.mecerreyes.com\/mece\/wp-content\/uploads\/2025\/10\/Impulsa-tu-futuro-salud-mental-Lerma-2025-1080x1528.jpeg 1080w, https:\/\/www.mecerreyes.com\/mece\/wp-content\/uploads\/2025\/10\/Impulsa-tu-futuro-salud-mental-Lerma-2025.jpeg 1131w\" sizes=\"(max-width: 724px) 100vw, 724px\" \/><\/a><\/figure>\n\n\n\n<div style=\"height:100px\" aria-hidden=\"true\" class=\"wp-block-spacer\"><\/div>\n\n\n\n<p class=\"has-luminous-vivid-amber-background-color has-background\" style=\"font-size:22px\"><strong>2\u00aa EDICI\u00d3N ECO &#8211; SABINARES, PARQUE NATURAL SABINARES DEL ARLANZA\/LA YECLA.<\/strong><\/p>\n\n\n\n<p><strong>Propuestas desde Mecerreyes: <\/strong><\/p>\n\n\n\n<figure class=\"wp-block-image size-full\"><a  href=\"https:\/\/www.mecerreyes.com\/mece\/wp-content\/uploads\/2025\/10\/Mecerreyes-EcoSabinares-2025.jpeg\" class=\"thickbox no_icon\" title=\"\"><img loading=\"lazy\" decoding=\"async\" width=\"567\" height=\"802\" src=\"https:\/\/www.mecerreyes.com\/mece\/wp-content\/uploads\/2025\/10\/Mecerreyes-EcoSabinares-2025.jpeg\" alt=\"\" class=\"wp-image-26950\" srcset=\"https:\/\/www.mecerreyes.com\/mece\/wp-content\/uploads\/2025\/10\/Mecerreyes-EcoSabinares-2025.jpeg 567w, https:\/\/www.mecerreyes.com\/mece\/wp-content\/uploads\/2025\/10\/Mecerreyes-EcoSabinares-2025-212x300.jpeg 212w\" sizes=\"(max-width: 567px) 100vw, 567px\" \/><\/a><\/figure>\n\n\n\n<p class=\"has-pale-cyan-blue-background-color has-background has-small-font-size\"><strong>EXPOSICI\u00d3N EN MECERREYES -MICROPL\u00c1STICOS-MACROBASURA DEL 7-12 DE OCTUBRE.<\/strong><\/p>\n\n\n\n<p>Una iniciativa para concienciar sobre el impacto que nuestros residuos est\u00e1n generando en el planeta Tierra y en su clima. <\/p>\n\n\n\n<figure class=\"wp-block-image size-full is-resized\"><a  href=\"http:\/\/www.mecerreyes.com\/mece\/wp-content\/uploads\/2025\/09\/Exposicion-Micro-plasticos-macro-basura-Ecosabinares-2025-Mecerreyes.jpeg\" class=\"thickbox no_icon\" title=\"\"><img loading=\"lazy\" decoding=\"async\" width=\"567\" height=\"802\" src=\"http:\/\/www.mecerreyes.com\/mece\/wp-content\/uploads\/2025\/09\/Exposicion-Micro-plasticos-macro-basura-Ecosabinares-2025-Mecerreyes.jpeg\" alt=\"\" class=\"wp-image-26917\" style=\"width:856px;height:auto\" srcset=\"https:\/\/www.mecerreyes.com\/mece\/wp-content\/uploads\/2025\/09\/Exposicion-Micro-plasticos-macro-basura-Ecosabinares-2025-Mecerreyes.jpeg 567w, https:\/\/www.mecerreyes.com\/mece\/wp-content\/uploads\/2025\/09\/Exposicion-Micro-plasticos-macro-basura-Ecosabinares-2025-Mecerreyes-212x300.jpeg 212w\" sizes=\"(max-width: 567px) 100vw, 567px\" \/><\/a><\/figure>\n\n\n\n<div style=\"height:38px\" aria-hidden=\"true\" class=\"wp-block-spacer\"><\/div>\n\n\n\n<p class=\"has-pale-cyan-blue-background-color has-background has-small-font-size\"><strong>EN BUSCA DEL PINCHO SABINARES<\/strong><\/p>\n\n\n\n<p>Entre los d\u00edas 3-13 de octubre podemos degustar las propuestas de los 9 bares del Parque Sabinares participantes en este concurso.<\/p>\n\n\n\n<figure class=\"wp-block-image size-full\"><a  href=\"http:\/\/www.mecerreyes.com\/mece\/wp-content\/uploads\/2025\/09\/Cartel-pinchos-Ecosabinares-2025.jpg\" class=\"thickbox no_icon\" title=\"\"><img loading=\"lazy\" decoding=\"async\" width=\"709\" height=\"1002\" src=\"http:\/\/www.mecerreyes.com\/mece\/wp-content\/uploads\/2025\/09\/Cartel-pinchos-Ecosabinares-2025.jpg\" alt=\"\" class=\"wp-image-26915\" srcset=\"https:\/\/www.mecerreyes.com\/mece\/wp-content\/uploads\/2025\/09\/Cartel-pinchos-Ecosabinares-2025.jpg 709w, https:\/\/www.mecerreyes.com\/mece\/wp-content\/uploads\/2025\/09\/Cartel-pinchos-Ecosabinares-2025-212x300.jpg 212w\" sizes=\"(max-width: 709px) 100vw, 709px\" \/><\/a><\/figure>\n\n\n\n<p>Deseamos mucha suerte al Bar la Villa de Mecerreyes con su \u201c<strong><em>Mini hamburguesa de carne de cordero lechal con setas salteadas y compota de manzana guileta<\/em><\/strong>\u201d. <\/p>\n\n\n\n<figure class=\"wp-block-image size-full\"><a  href=\"https:\/\/www.mecerreyes.com\/mece\/wp-content\/uploads\/2025\/10\/Pincho-Sabinares-2025-Bar-La-Villa-Mecerreyes.jpeg\" class=\"thickbox no_icon\" title=\"\"><img loading=\"lazy\" decoding=\"async\" width=\"567\" height=\"802\" src=\"https:\/\/www.mecerreyes.com\/mece\/wp-content\/uploads\/2025\/10\/Pincho-Sabinares-2025-Bar-La-Villa-Mecerreyes.jpeg\" alt=\"\" class=\"wp-image-26947\" srcset=\"https:\/\/www.mecerreyes.com\/mece\/wp-content\/uploads\/2025\/10\/Pincho-Sabinares-2025-Bar-La-Villa-Mecerreyes.jpeg 567w, https:\/\/www.mecerreyes.com\/mece\/wp-content\/uploads\/2025\/10\/Pincho-Sabinares-2025-Bar-La-Villa-Mecerreyes-212x300.jpeg 212w\" sizes=\"(max-width: 567px) 100vw, 567px\" \/><\/a><\/figure>\n\n\n\n<div style=\"height:35px\" aria-hidden=\"true\" class=\"wp-block-spacer\"><\/div>\n\n\n\n<p class=\"has-pale-cyan-blue-background-color has-background has-small-font-size\"><strong>TALLER DE CER\u00c1MICA EN BARRO. <\/strong><\/p>\n\n\n\n<p>3 de octubre imparte nuestro escultor local \u00c1ngel Gil.<strong> <\/strong><\/p>\n\n\n\n<figure class=\"wp-block-image size-large\"><a  href=\"http:\/\/www.mecerreyes.com\/mece\/wp-content\/uploads\/2025\/09\/Taller-de-Ceramica-por-Angel-Gil-Ecosabinares-2025-Mecerreyes.jpeg\" class=\"thickbox no_icon\" title=\"\"><img loading=\"lazy\" decoding=\"async\" width=\"724\" height=\"1024\" src=\"http:\/\/www.mecerreyes.com\/mece\/wp-content\/uploads\/2025\/09\/Taller-de-Ceramica-por-Angel-Gil-Ecosabinares-2025-Mecerreyes-724x1024.jpeg\" alt=\"\" class=\"wp-image-26914\" srcset=\"https:\/\/www.mecerreyes.com\/mece\/wp-content\/uploads\/2025\/09\/Taller-de-Ceramica-por-Angel-Gil-Ecosabinares-2025-Mecerreyes-724x1024.jpeg 724w, https:\/\/www.mecerreyes.com\/mece\/wp-content\/uploads\/2025\/09\/Taller-de-Ceramica-por-Angel-Gil-Ecosabinares-2025-Mecerreyes-212x300.jpeg 212w, https:\/\/www.mecerreyes.com\/mece\/wp-content\/uploads\/2025\/09\/Taller-de-Ceramica-por-Angel-Gil-Ecosabinares-2025-Mecerreyes-768x1086.jpeg 768w, https:\/\/www.mecerreyes.com\/mece\/wp-content\/uploads\/2025\/09\/Taller-de-Ceramica-por-Angel-Gil-Ecosabinares-2025-Mecerreyes-1086x1536.jpeg 1086w, https:\/\/www.mecerreyes.com\/mece\/wp-content\/uploads\/2025\/09\/Taller-de-Ceramica-por-Angel-Gil-Ecosabinares-2025-Mecerreyes-1080x1528.jpeg 1080w, https:\/\/www.mecerreyes.com\/mece\/wp-content\/uploads\/2025\/09\/Taller-de-Ceramica-por-Angel-Gil-Ecosabinares-2025-Mecerreyes.jpeg 1131w\" sizes=\"(max-width: 724px) 100vw, 724px\" \/><\/a><\/figure>\n\n\n\n<div style=\"height:36px\" aria-hidden=\"true\" class=\"wp-block-spacer\"><\/div>\n\n\n\n<p class=\"has-pale-cyan-blue-background-color has-background has-small-font-size\"><strong>TALLER LA COLMENA.<\/strong> <\/p>\n\n\n\n<p>12 de octubre\u00a0 imparte D.Jun\u00edperus (Ecoturismo).<\/p>\n\n\n\n<figure class=\"wp-block-image size-large\"><a  href=\"http:\/\/www.mecerreyes.com\/mece\/wp-content\/uploads\/2025\/09\/Taller-La-Colmena-Ecosabinares-2025-Mecerreyes.jpeg\" class=\"thickbox no_icon\" title=\"\"><img loading=\"lazy\" decoding=\"async\" width=\"724\" height=\"1024\" src=\"http:\/\/www.mecerreyes.com\/mece\/wp-content\/uploads\/2025\/09\/Taller-La-Colmena-Ecosabinares-2025-Mecerreyes-724x1024.jpeg\" alt=\"\" class=\"wp-image-26911\" srcset=\"https:\/\/www.mecerreyes.com\/mece\/wp-content\/uploads\/2025\/09\/Taller-La-Colmena-Ecosabinares-2025-Mecerreyes-724x1024.jpeg 724w, https:\/\/www.mecerreyes.com\/mece\/wp-content\/uploads\/2025\/09\/Taller-La-Colmena-Ecosabinares-2025-Mecerreyes-212x300.jpeg 212w, https:\/\/www.mecerreyes.com\/mece\/wp-content\/uploads\/2025\/09\/Taller-La-Colmena-Ecosabinares-2025-Mecerreyes-768x1086.jpeg 768w, https:\/\/www.mecerreyes.com\/mece\/wp-content\/uploads\/2025\/09\/Taller-La-Colmena-Ecosabinares-2025-Mecerreyes-1086x1536.jpeg 1086w, https:\/\/www.mecerreyes.com\/mece\/wp-content\/uploads\/2025\/09\/Taller-La-Colmena-Ecosabinares-2025-Mecerreyes-1080x1528.jpeg 1080w, https:\/\/www.mecerreyes.com\/mece\/wp-content\/uploads\/2025\/09\/Taller-La-Colmena-Ecosabinares-2025-Mecerreyes.jpeg 1448w\" sizes=\"(max-width: 724px) 100vw, 724px\" \/><\/a><\/figure>\n\n\n\n<div style=\"height:54px\" aria-hidden=\"true\" class=\"wp-block-spacer\"><\/div>\n\n\n\n<p class=\"has-pale-cyan-blue-background-color has-background has-small-font-size\"><strong>CONCIERTO CASTUMBA<\/strong> <\/p>\n\n\n\n<p>CASTUMBA: Balkan Folk castellano 12 de octubre. <\/p>\n\n\n\n<figure class=\"wp-block-image size-full\"><a  href=\"https:\/\/www.mecerreyes.com\/mece\/wp-content\/uploads\/2025\/10\/Concierto-de-Castumba-octubre-2025-Ecosabinares.jpeg\" class=\"thickbox no_icon\" title=\"\"><img loading=\"lazy\" decoding=\"async\" width=\"709\" height=\"1003\" src=\"https:\/\/www.mecerreyes.com\/mece\/wp-content\/uploads\/2025\/10\/Concierto-de-Castumba-octubre-2025-Ecosabinares.jpeg\" alt=\"\" class=\"wp-image-26949\" srcset=\"https:\/\/www.mecerreyes.com\/mece\/wp-content\/uploads\/2025\/10\/Concierto-de-Castumba-octubre-2025-Ecosabinares.jpeg 709w, https:\/\/www.mecerreyes.com\/mece\/wp-content\/uploads\/2025\/10\/Concierto-de-Castumba-octubre-2025-Ecosabinares-212x300.jpeg 212w\" sizes=\"(max-width: 709px) 100vw, 709px\" \/><\/a><\/figure>\n\n\n\n<div style=\"height:43px\" aria-hidden=\"true\" class=\"wp-block-spacer\"><\/div>\n\n\n\n<p class=\"has-pale-cyan-blue-background-color has-background has-small-font-size\"><strong>CHARLA COLOQUIO OFICIOS TRADICIONALES.<\/strong> <\/p>\n\n\n\n<p>13 de octubre moderada por el periodista Javier P\u00e9rez Andr\u00e9s <\/p>\n\n\n\n<figure class=\"wp-block-image size-large\"><a  href=\"http:\/\/www.mecerreyes.com\/mece\/wp-content\/uploads\/2025\/09\/Charla-coloquio-Mecerreyes-Oficios-tradicionales-Ecosabinares-2025.jpeg\" class=\"thickbox no_icon\" title=\"\"><img loading=\"lazy\" decoding=\"async\" width=\"724\" height=\"1024\" src=\"http:\/\/www.mecerreyes.com\/mece\/wp-content\/uploads\/2025\/09\/Charla-coloquio-Mecerreyes-Oficios-tradicionales-Ecosabinares-2025-724x1024.jpeg\" alt=\"\" class=\"wp-image-26913\" srcset=\"https:\/\/www.mecerreyes.com\/mece\/wp-content\/uploads\/2025\/09\/Charla-coloquio-Mecerreyes-Oficios-tradicionales-Ecosabinares-2025-724x1024.jpeg 724w, https:\/\/www.mecerreyes.com\/mece\/wp-content\/uploads\/2025\/09\/Charla-coloquio-Mecerreyes-Oficios-tradicionales-Ecosabinares-2025-212x300.jpeg 212w, https:\/\/www.mecerreyes.com\/mece\/wp-content\/uploads\/2025\/09\/Charla-coloquio-Mecerreyes-Oficios-tradicionales-Ecosabinares-2025-768x1086.jpeg 768w, https:\/\/www.mecerreyes.com\/mece\/wp-content\/uploads\/2025\/09\/Charla-coloquio-Mecerreyes-Oficios-tradicionales-Ecosabinares-2025-1086x1536.jpeg 1086w, https:\/\/www.mecerreyes.com\/mece\/wp-content\/uploads\/2025\/09\/Charla-coloquio-Mecerreyes-Oficios-tradicionales-Ecosabinares-2025-1080x1528.jpeg 1080w, https:\/\/www.mecerreyes.com\/mece\/wp-content\/uploads\/2025\/09\/Charla-coloquio-Mecerreyes-Oficios-tradicionales-Ecosabinares-2025.jpeg 1131w\" sizes=\"(max-width: 724px) 100vw, 724px\" \/><\/a><\/figure>\n\n\n\n<div style=\"height:43px\" aria-hidden=\"true\" class=\"wp-block-spacer\"><\/div>\n\n\n\n<p class=\"has-pale-cyan-blue-background-color has-background has-small-font-size\"><strong>CLAUSURA.<\/strong> <\/p>\n\n\n\n<p>13 de octubre &#8211; En Mecerreyes daremos por finalizada la 2\u00aa Edici\u00f3n de EcoSabinares 2025; terminando con una Degustaci\u00f3n de Productos Locales, abierta a todo el p\u00fablico, donde nos despediremos hasta la siguiente edici\u00f3n.<\/p>\n\n\n\n<figure class=\"wp-block-image size-full\"><a  href=\"http:\/\/www.mecerreyes.com\/mece\/wp-content\/uploads\/2025\/10\/Mecerreyes-EcoSabinares-2025.jpeg\" class=\"thickbox no_icon\" title=\"\"><img loading=\"lazy\" decoding=\"async\" width=\"567\" height=\"802\" src=\"http:\/\/www.mecerreyes.com\/mece\/wp-content\/uploads\/2025\/10\/Mecerreyes-EcoSabinares-2025.jpeg\" alt=\"\" class=\"wp-image-26950\" srcset=\"https:\/\/www.mecerreyes.com\/mece\/wp-content\/uploads\/2025\/10\/Mecerreyes-EcoSabinares-2025.jpeg 567w, https:\/\/www.mecerreyes.com\/mece\/wp-content\/uploads\/2025\/10\/Mecerreyes-EcoSabinares-2025-212x300.jpeg 212w\" sizes=\"(max-width: 567px) 100vw, 567px\" \/><\/a><\/figure>\n\n\n\n<div style=\"height:54px\" aria-hidden=\"true\" class=\"wp-block-spacer\"><\/div>\n\n\n\n<p class=\"has-luminous-vivid-amber-background-color has-background\" style=\"font-size:22px\"><strong>LIBRO \u201c100 OFICIOS PARA EL RECUERDO\u201d Un viaje por la Espa\u00f1a rural en busca de las labores del pasado.<\/strong> (Eugenio Monesma)<\/p>\n\n\n\n<p>Un extraordinario homenaje a los hombres y mujeres que con sus manos sacaron adelante a las nuevas generaciones, su legado merece ser puesto a salvo del olvido.<\/p>\n\n\n\n<hr class=\"wp-block-separator has-alpha-channel-opacity\"\/>\n\n\n\n<p>En 1989 Eugenio Monesma, visit\u00f3 por primera vez Mecerreyes y, seg\u00fan cuenta \u00e9l, habl\u00f3 con Federico, Bonifacio y Jes\u00fas, que le explicaron las diversas fases de la construcci\u00f3n de un carro. Para asombro del gran etn\u00f3grafo, se ofrecieron a fabricar un carro y as\u00ed lo pudiera documentar. Seguro que todos hemos visto m\u00e1s de una vez ese estupendo trabajo.<\/p>\n\n\n\n<p>Hace un a\u00f1o, en octubre de 2024, &nbsp;public\u00f3 el libro <strong>\u201c100 OFICIOS PARA EL RECUERDO. Un viaje por la Espa\u00f1a rural en busca de las labores del pasado\u201d.<\/strong><\/p>\n\n\n\n<p>Pues bien, entre esos 100 oficios que elige, uno de ellos es <strong>LOS CONSTRUCTORES DE CARROS.<\/strong> Se lo agradecemos y dejamos constancia de ello en nuestra p\u00e1gina para que, en palabras de Eugenio <em>\u201cdisfrut\u00e9is y entre todos evitemos que caigan en el olvido\u201d.<\/em> \u00a1GRACIAS, EUGENIO! \u00a1GRACIAS, MAESTROS!<\/p>\n\n\n\n<hr class=\"wp-block-separator has-alpha-channel-opacity\"\/>\n\n\n\n<p><em><strong>LOS CONSTRUCTORES DE CARROS<\/strong> (cap\u00edtulo sacado del libro \u00ab100 OFICIOS PARA EL RECUERDO\u00bb DE Eugenio Monesma. P\u00e1gina 204 a 206) &#8211; Al Finalizar esta entrada, os dejamos el libro completo)<\/em><\/p>\n\n\n\n<p class=\"has-medium-font-size\"><strong>LOS CONSTRUCTORES DE CARROS<\/strong><\/p>\n\n\n\n<p><a><mark style=\"background-color:rgba(0, 0, 0, 0)\" class=\"has-inline-color has-black-color\">Fue una tarde de abril de 1989 cuando visit\u00e9 por primera vez el <strong>taller de carreter\u00eda <\/strong>de Mecerreyes (Burgos), y tuve la sensaci\u00f3n de que Federico, Bonifacio y Jes\u00fas hab\u00edan terminado en ese momento su tarea diaria, pues las herramientas descansaban ordenadas y el olor a madera y forja inundaba el ambiente. Tras escuchar su minuciosa explicaci\u00f3n de c\u00f3mo se desarrollaban las diversas fases de construcci\u00f3n de un <strong>carro<\/strong> me sorprendieron ofreci\u00e9ndose a fabricar uno nuevo con el fin de preservar sus conocimientos en im\u00e1genes. No dud\u00e9 en aceptar, aunque solo fuera para documentar el montaje de una rueda.<\/mark><\/a><\/p>\n\n\n\n<p>Pocos d\u00edas despu\u00e9s en el taller de Mecerreyes se volvieron a o\u00edr los sonidos de las herramientas al transformar un <strong>tronco de fresno<\/strong> en el cubo o buje, encajando con precisi\u00f3n milim\u00e9trica los diecis\u00e9is radios y ajustando en ellos las ocho pinas curvadas que formar\u00edan la circunferencia de la <strong>rueda.<\/strong> Tras varias jornadas trabajando la madera siguieron las tareas de forja en la fragua para caldear y colocar los aros de hierro y todas las piezas que ce\u00f1\u00edan el cubo. El momento m\u00e1s importante llegaba al moldear la <strong>llanta<\/strong> a golpe de martillo, calentarla al rojo vivo y ajustarla en el per\u00edmetro de la rueda, con la madera previamente humedecida.<\/p>\n\n\n\n<p>A la vista del resultado obtenido con la rueda, los tres artesanos fabricaron la segunda y, para mi sorpresa, decidieron emprender la construcci\u00f3n total de la <strong>caja del carro<\/strong>. Empezaron por dar forma a la viga de madera de olmo, de cinco metros de longitud, y encajar en ella horizontalmente las agujas. El eje de hierro, que soportar\u00eda el giro de las ruedas, determinaba la anchura de la caja y se acoplaba sobre los <strong>aimones<\/strong>, que eran unas piezas paralelas a la viga. La especialidad del herrero tambi\u00e9n era necesaria para forjar y dar forma a varias piezas met\u00e1licas de refuerzo. Despu\u00e9s los carreteros atravesaban el entramado de maderas con unos pasadores para reforzarlo e impedir que se desarmara. Otras piezas fundamentales eran los <strong>cabezales<\/strong>, dos maderas de olmo que colocaban al principio y &nbsp;al final de la caja. En las cuatro esquinas del carro levantaban los <strong>inhiestos<\/strong> para sustentar la alzada de los tableros.<\/p>\n\n\n\n<p>Despu\u00e9s de colocar el eje, ajustarlo y montar las ruedas los carreteros <strong>pintaban<\/strong> su obra final, aplicando primero una capa de minio (pintura antioxidante) y despu\u00e9s los <strong>colores<\/strong> y dibujos deseados.<\/p>\n\n\n\n<blockquote class=\"wp-block-quote is-layout-flow wp-block-quote-is-layout-flow\">\n<p class=\"has-text-align-center\"><strong>Transcurrieron dos meses de intenso trabajo en el taller en<\/strong><\/p>\n\n\n\n<p class=\"has-text-align-center\"><strong>los que pude disfrutar de la sabidur\u00eda de aquellos \u00faltimos<\/strong><\/p>\n\n\n\n<p class=\"has-text-align-center\"><strong>maestros de carros en Mecerreyes.<\/strong><\/p>\n<\/blockquote>\n\n\n\n<p>Fue un placer que me dedicaran este tiempo y conocer la fabricaci\u00f3n artesana de ese medio de locomoci\u00f3n y transporte, imprescindible en las tareas agr\u00edcolas, que hoy ha quedado relegado a los archivos de nuestra memoria.<\/p>\n\n\n\n<figure class=\"wp-block-image size-full\"><a  href=\"https:\/\/www.mecerreyes.com\/mece\/wp-content\/uploads\/2025\/10\/Los-Carros-de-Mecerreyes-Eugenio-Monesma.jpg\" class=\"thickbox no_icon\" title=\"\"><img loading=\"lazy\" decoding=\"async\" width=\"571\" height=\"762\" src=\"https:\/\/www.mecerreyes.com\/mece\/wp-content\/uploads\/2025\/10\/Los-Carros-de-Mecerreyes-Eugenio-Monesma.jpg\" alt=\"\" class=\"wp-image-26941\" srcset=\"https:\/\/www.mecerreyes.com\/mece\/wp-content\/uploads\/2025\/10\/Los-Carros-de-Mecerreyes-Eugenio-Monesma.jpg 571w, https:\/\/www.mecerreyes.com\/mece\/wp-content\/uploads\/2025\/10\/Los-Carros-de-Mecerreyes-Eugenio-Monesma-225x300.jpg 225w\" sizes=\"(max-width: 571px) 100vw, 571px\" \/><\/a><\/figure>\n\n\n\n<div style=\"height:100px\" aria-hidden=\"true\" class=\"wp-block-spacer\"><\/div>\n\n\n\n<p class=\"has-luminous-vivid-amber-background-color has-background\" style=\"font-size:22px\"><strong>HACE M\u00c1S DE UN SIGLO<\/strong><\/p>\n\n\n\n<p>Salvador Santamar\u00eda con su relato traer\u00e1 recuerdos a los lectores de mayor edad que vivieron su infancia junto a los ni\u00f1os acogidos del Hospicio. <br><br><mark style=\"background-color:rgba(0, 0, 0, 0);color:#492ce1\" class=\"has-inline-color\"><em>Presentamos esta vez acuerdos de la Diputaci\u00f3n Provincial de Burgos realizando funciones de Beneficencia. En una primera sesi\u00f3n del 17 de Octubre acuerdan desestimar la solicitud de una vecina de Mecerreyes (Ana Rojo) de que una ni\u00f1a exp\u00f3sita (recogida en el hospicio que entonces regentaba la Diputaci\u00f3n) volviese con ella. La noticia me llam\u00f3 la atenci\u00f3n, pues siempre hab\u00eda pensado que entonces (y actualmente tambi\u00e9n) las instituciones prefer\u00edan que los ni\u00f1os est\u00e9n acogidos con familias a estar en sus instalaciones.<br><br>Desde mi punto de vista, esto solo pod\u00eda deberse a uno de estos dos motivos: o pobreza extrema, o bien malos tratos. En el primer caso, la pobreza ten\u00eda que ser muy acusada, porque las condiciones de la gente en general ya eran pobres, por lo que para que esto fuese una causa deb\u00eda de ser extrema, lo que no parece l\u00f3gico con la pretensi\u00f3n de que la ni\u00f1a viva con ella. Y por el segundo motivo, pasa lago parecido, pues en aquella \u00e9poca los castigos f\u00edsica eran habituales en los ni\u00f1os, por lo que para ser una causa tambi\u00e9n ten\u00edan que ser excesivos.<br><br>El asunto se aclara un poco en una segunda sesi\u00f3n del 16 de Noviembre de 1874 en la que se vuelve a denegar la petici\u00f3n de Ana Rojo, pero aqu\u00ed se a\u00f1ade el comentario \u201ccon la misma pensi\u00f3n que percib\u00eda anteriormente\u201d. Parece pues que la causa era econ\u00f3mica.<br><br>Hay que aclara que entonces (Y hasta \u00e9pocas relativamente recientes) la Administraci\u00f3n pagaba una peque\u00f1a pensi\u00f3n a quien se llevara a un ni\u00f1o lactante del hospicio, pues en caso contrario ten\u00edan que pagar a las amas de cr\u00eda que los amamantaban, ya que no hab\u00eda leches de f\u00f3rmula para bebes como hoy en d\u00eda.<br><br>Esta pensi\u00f3n se pagaba durante los primeros a\u00f1os de vida. (Yo tengo o\u00eddo en boca de mi madre que se pagaba hasta los seis a\u00f1os, pero es un dato que no puedo asegurar). A partir de cierta edad se dejaba de pagar, entre otras razones porque se consideraba que un ni\u00f1o enseguida val\u00eda para hacer alg\u00fan trabajo y pod\u00eda ganar su sustento. Y muchos en ese momento devolv\u00edan el ni\u00f1o al hospicio.<br><br>Es probable que habiendo cumplido esta edad la ni\u00f1a. la Diputaci\u00f3n dejo de pagar la pensi\u00f3n y la madre de acogida lo que solicitaba era que la ni\u00f1a volviese con la pensi\u00f3n.<br><br>Quien sabe<\/em><\/mark><\/p>\n\n\n\n<p>Salvador Santamaria<\/p>\n\n\n\n<p><em><mark style=\"background-color:rgba(0, 0, 0, 0);color:#9e2b2b\" class=\"has-inline-color\">(Nota: todo lo escrito es solamente mi opini\u00f3n, que someto a la de cualquiera que tenga mejor conocimiento que yo sobre este tema)<\/mark><\/em><\/p>\n\n\n\n<figure class=\"wp-block-image aligncenter size-full\"><a  href=\"https:\/\/www.mecerreyes.com\/mece\/wp-content\/uploads\/2025\/10\/1874-Exposita-1.png\" class=\"thickbox no_icon\" title=\"\"><img loading=\"lazy\" decoding=\"async\" width=\"269\" height=\"209\" src=\"https:\/\/www.mecerreyes.com\/mece\/wp-content\/uploads\/2025\/10\/1874-Exposita-1.png\" alt=\"\" class=\"wp-image-26944\"\/><\/a><\/figure>\n\n\n\n<figure class=\"wp-block-image aligncenter size-full\"><a  href=\"https:\/\/www.mecerreyes.com\/mece\/wp-content\/uploads\/2025\/10\/1874-Exposita-2.png\" class=\"thickbox no_icon\" title=\"\"><img loading=\"lazy\" decoding=\"async\" width=\"263\" height=\"385\" src=\"https:\/\/www.mecerreyes.com\/mece\/wp-content\/uploads\/2025\/10\/1874-Exposita-2.png\" alt=\"\" class=\"wp-image-26945\" srcset=\"https:\/\/www.mecerreyes.com\/mece\/wp-content\/uploads\/2025\/10\/1874-Exposita-2.png 263w, https:\/\/www.mecerreyes.com\/mece\/wp-content\/uploads\/2025\/10\/1874-Exposita-2-205x300.png 205w\" sizes=\"(max-width: 263px) 100vw, 263px\" \/><\/a><\/figure>\n\n\n\n<div style=\"height:100px\" aria-hidden=\"true\" class=\"wp-block-spacer\"><\/div>\n\n\n\n<p class=\"has-luminous-vivid-amber-background-color has-background\" style=\"font-size:22px\"><strong>EL <a  href=\"https:\/\/www.mecerreyes.com\/mece\/?page_id=24\">AYUNTAMIENTO<\/a> INFORMA<\/strong><\/p>\n\n\n\n<p>Despu\u00e9s de un verano cargado de actos culturales y l\u00fadicos, as\u00ed como nuestras fiestas de <a  href=\"https:\/\/www.mecerreyes.com\/mece\/?page_id=60\">Acci\u00f3n de Gracias<\/a>, con una implicaci\u00f3n importante por parte de este <a  href=\"https:\/\/www.mecerreyes.com\/mece\/?page_id=24\">Ayuntamiento<\/a> junto con la asociaci\u00f3n cultural, j\u00f3venes y colectivos, queremos dar las gracias a todos, que lo hac\u00e9is posible d\u00eda a d\u00eda en nuestro pueblo.<\/p>\n\n\n\n<p>Desde el <a  href=\"https:\/\/www.mecerreyes.com\/mece\/?page_id=24\">Ayuntamiento<\/a> una vez m\u00e1s comunicaros nuestras actuaciones:<\/p>\n\n\n\n<p class=\"has-medium-font-size\"><strong>CAMPO DE F\u00daTBOL<\/strong><\/p>\n\n\n\n<p>Ya se ha realizado las excavaciones correspondientes en el terreno ubicado frente al polideportivo, detr\u00e1s de los merenderos en la carretera Puentedura, as\u00ed como su allanamiento para posteriormente llevar a cabo un campo de f\u00fatbol.<br>Finca que don\u00f3 al <a  href=\"https:\/\/www.mecerreyes.com\/mece\/?page_id=24\">Ayuntamiento<\/a> Rosita Alonso, a la cual le damos nuevamente las gracias por su generosidad hacia el pueblo.<\/p>\n\n\n\n<figure class=\"wp-block-gallery has-nested-images columns-default is-cropped wp-block-gallery-2 is-layout-flex wp-block-gallery-is-layout-flex\">\n<figure class=\"wp-block-image size-large\"><a  href=\"https:\/\/www.mecerreyes.com\/mece\/wp-content\/uploads\/2025\/10\/Campo-de-Futbol-Mecerreyes-septiembre-2025-1.jpeg\" class=\"thickbox no_icon\" title=\"\"><img loading=\"lazy\" decoding=\"async\" width=\"1024\" height=\"768\" data-id=\"26932\" src=\"https:\/\/www.mecerreyes.com\/mece\/wp-content\/uploads\/2025\/10\/Campo-de-Futbol-Mecerreyes-septiembre-2025-1-1024x768.jpeg\" alt=\"\" class=\"wp-image-26932\" srcset=\"https:\/\/www.mecerreyes.com\/mece\/wp-content\/uploads\/2025\/10\/Campo-de-Futbol-Mecerreyes-septiembre-2025-1-1024x768.jpeg 1024w, https:\/\/www.mecerreyes.com\/mece\/wp-content\/uploads\/2025\/10\/Campo-de-Futbol-Mecerreyes-septiembre-2025-1-300x225.jpeg 300w, https:\/\/www.mecerreyes.com\/mece\/wp-content\/uploads\/2025\/10\/Campo-de-Futbol-Mecerreyes-septiembre-2025-1-768x576.jpeg 768w, https:\/\/www.mecerreyes.com\/mece\/wp-content\/uploads\/2025\/10\/Campo-de-Futbol-Mecerreyes-septiembre-2025-1-1080x810.jpeg 1080w, https:\/\/www.mecerreyes.com\/mece\/wp-content\/uploads\/2025\/10\/Campo-de-Futbol-Mecerreyes-septiembre-2025-1.jpeg 1134w\" sizes=\"(max-width: 1024px) 100vw, 1024px\" \/><\/a><\/figure>\n\n\n\n<figure class=\"wp-block-image size-large\"><a  href=\"https:\/\/www.mecerreyes.com\/mece\/wp-content\/uploads\/2025\/10\/Campo-de-Futbol-Mecerreyes-septiembre-2025-2.jpeg\" class=\"thickbox no_icon\" title=\"\"><img loading=\"lazy\" decoding=\"async\" width=\"850\" height=\"437\" data-id=\"26930\" src=\"https:\/\/www.mecerreyes.com\/mece\/wp-content\/uploads\/2025\/10\/Campo-de-Futbol-Mecerreyes-septiembre-2025-2.jpeg\" alt=\"\" class=\"wp-image-26930\" srcset=\"https:\/\/www.mecerreyes.com\/mece\/wp-content\/uploads\/2025\/10\/Campo-de-Futbol-Mecerreyes-septiembre-2025-2.jpeg 850w, https:\/\/www.mecerreyes.com\/mece\/wp-content\/uploads\/2025\/10\/Campo-de-Futbol-Mecerreyes-septiembre-2025-2-300x154.jpeg 300w, https:\/\/www.mecerreyes.com\/mece\/wp-content\/uploads\/2025\/10\/Campo-de-Futbol-Mecerreyes-septiembre-2025-2-768x395.jpeg 768w\" sizes=\"(max-width: 850px) 100vw, 850px\" \/><\/a><\/figure>\n\n\n\n<figure class=\"wp-block-image size-large\"><a  href=\"https:\/\/www.mecerreyes.com\/mece\/wp-content\/uploads\/2025\/10\/Campo-de-Futbol-Mecerreyes-septiembre-2025-4.jpeg\" class=\"thickbox no_icon\" title=\"\"><img loading=\"lazy\" decoding=\"async\" width=\"850\" height=\"638\" data-id=\"26929\" src=\"https:\/\/www.mecerreyes.com\/mece\/wp-content\/uploads\/2025\/10\/Campo-de-Futbol-Mecerreyes-septiembre-2025-4.jpeg\" alt=\"\" class=\"wp-image-26929\" srcset=\"https:\/\/www.mecerreyes.com\/mece\/wp-content\/uploads\/2025\/10\/Campo-de-Futbol-Mecerreyes-septiembre-2025-4.jpeg 850w, https:\/\/www.mecerreyes.com\/mece\/wp-content\/uploads\/2025\/10\/Campo-de-Futbol-Mecerreyes-septiembre-2025-4-300x225.jpeg 300w, https:\/\/www.mecerreyes.com\/mece\/wp-content\/uploads\/2025\/10\/Campo-de-Futbol-Mecerreyes-septiembre-2025-4-768x576.jpeg 768w\" sizes=\"(max-width: 850px) 100vw, 850px\" \/><\/a><\/figure>\n\n\n\n<figure class=\"wp-block-image size-large\"><a  href=\"https:\/\/www.mecerreyes.com\/mece\/wp-content\/uploads\/2025\/10\/Campo-de-Futbol-Mecerreyes-septiembre-2025-3.jpeg\" class=\"thickbox no_icon\" title=\"\"><img loading=\"lazy\" decoding=\"async\" width=\"850\" height=\"638\" data-id=\"26931\" src=\"https:\/\/www.mecerreyes.com\/mece\/wp-content\/uploads\/2025\/10\/Campo-de-Futbol-Mecerreyes-septiembre-2025-3.jpeg\" alt=\"\" class=\"wp-image-26931\" srcset=\"https:\/\/www.mecerreyes.com\/mece\/wp-content\/uploads\/2025\/10\/Campo-de-Futbol-Mecerreyes-septiembre-2025-3.jpeg 850w, https:\/\/www.mecerreyes.com\/mece\/wp-content\/uploads\/2025\/10\/Campo-de-Futbol-Mecerreyes-septiembre-2025-3-300x225.jpeg 300w, https:\/\/www.mecerreyes.com\/mece\/wp-content\/uploads\/2025\/10\/Campo-de-Futbol-Mecerreyes-septiembre-2025-3-768x576.jpeg 768w\" sizes=\"(max-width: 850px) 100vw, 850px\" \/><\/a><\/figure>\n\n\n\n<figure class=\"wp-block-image size-large\"><a  href=\"https:\/\/www.mecerreyes.com\/mece\/wp-content\/uploads\/2025\/10\/Campo-de-Futbol-Mecerreyes-septiembre-2025-5.jpg\" class=\"thickbox no_icon\" title=\"\"><img loading=\"lazy\" decoding=\"async\" width=\"1024\" height=\"768\" data-id=\"26955\" src=\"https:\/\/www.mecerreyes.com\/mece\/wp-content\/uploads\/2025\/10\/Campo-de-Futbol-Mecerreyes-septiembre-2025-5-1024x768.jpg\" alt=\"\" class=\"wp-image-26955\" srcset=\"https:\/\/www.mecerreyes.com\/mece\/wp-content\/uploads\/2025\/10\/Campo-de-Futbol-Mecerreyes-septiembre-2025-5-1024x768.jpg 1024w, https:\/\/www.mecerreyes.com\/mece\/wp-content\/uploads\/2025\/10\/Campo-de-Futbol-Mecerreyes-septiembre-2025-5-300x225.jpg 300w, https:\/\/www.mecerreyes.com\/mece\/wp-content\/uploads\/2025\/10\/Campo-de-Futbol-Mecerreyes-septiembre-2025-5-768x576.jpg 768w, https:\/\/www.mecerreyes.com\/mece\/wp-content\/uploads\/2025\/10\/Campo-de-Futbol-Mecerreyes-septiembre-2025-5-1080x810.jpg 1080w, https:\/\/www.mecerreyes.com\/mece\/wp-content\/uploads\/2025\/10\/Campo-de-Futbol-Mecerreyes-septiembre-2025-5.jpg 1417w\" sizes=\"(max-width: 1024px) 100vw, 1024px\" \/><\/a><\/figure>\n<\/figure>\n\n\n\n<p><\/p>\n\n\n\n<p class=\"has-medium-font-size\"><strong>FRONT\u00d3N<\/strong><\/p>\n\n\n\n<p>El front\u00f3n va tomando una nueva forma donde ya se han realizado los cimientos para los pilares estructurales as\u00ed como se ha finalizado ya la estructura total para posteriormente hacer el cierre.<br>Una obra que nos va a llevar poder disfrutar de un espacio de dimensiones importantes para reunirnos cuando la climatolog\u00eda no no lo permita en el exterior.<br>Y por supuesto practicar deporte, bajo un espacio cubierto.<br>Sentimos que no hay\u00e1is podido disfrutar las \u00faltimas fechas.<\/p>\n\n\n\n<figure class=\"wp-block-gallery has-nested-images columns-default is-cropped wp-block-gallery-3 is-layout-flex wp-block-gallery-is-layout-flex\">\n<figure class=\"wp-block-image size-large\"><a  href=\"https:\/\/www.mecerreyes.com\/mece\/wp-content\/uploads\/2025\/10\/Fronton-Mecerreyes-Septiembre-2025-4.jpeg\" class=\"thickbox no_icon\" title=\"\"><img loading=\"lazy\" decoding=\"async\" width=\"567\" height=\"425\" data-id=\"26925\" src=\"https:\/\/www.mecerreyes.com\/mece\/wp-content\/uploads\/2025\/10\/Fronton-Mecerreyes-Septiembre-2025-4.jpeg\" alt=\"\" class=\"wp-image-26925\" srcset=\"https:\/\/www.mecerreyes.com\/mece\/wp-content\/uploads\/2025\/10\/Fronton-Mecerreyes-Septiembre-2025-4.jpeg 567w, https:\/\/www.mecerreyes.com\/mece\/wp-content\/uploads\/2025\/10\/Fronton-Mecerreyes-Septiembre-2025-4-300x225.jpeg 300w\" sizes=\"(max-width: 567px) 100vw, 567px\" \/><\/a><\/figure>\n\n\n\n<figure class=\"wp-block-image size-large\"><a  href=\"https:\/\/www.mecerreyes.com\/mece\/wp-content\/uploads\/2025\/10\/Fronton-Mecerreyes-Septiembre-2025-1.jpeg\" class=\"thickbox no_icon\" title=\"\"><img loading=\"lazy\" decoding=\"async\" width=\"567\" height=\"425\" data-id=\"26928\" src=\"https:\/\/www.mecerreyes.com\/mece\/wp-content\/uploads\/2025\/10\/Fronton-Mecerreyes-Septiembre-2025-1.jpeg\" alt=\"\" class=\"wp-image-26928\" srcset=\"https:\/\/www.mecerreyes.com\/mece\/wp-content\/uploads\/2025\/10\/Fronton-Mecerreyes-Septiembre-2025-1.jpeg 567w, https:\/\/www.mecerreyes.com\/mece\/wp-content\/uploads\/2025\/10\/Fronton-Mecerreyes-Septiembre-2025-1-300x225.jpeg 300w\" sizes=\"(max-width: 567px) 100vw, 567px\" \/><\/a><\/figure>\n\n\n\n<figure class=\"wp-block-image size-large\"><a  href=\"https:\/\/www.mecerreyes.com\/mece\/wp-content\/uploads\/2025\/10\/Fronton-Mecerreyes-Septiembre-2025-2.jpeg\" class=\"thickbox no_icon\" title=\"\"><img loading=\"lazy\" decoding=\"async\" width=\"567\" height=\"425\" data-id=\"26926\" src=\"https:\/\/www.mecerreyes.com\/mece\/wp-content\/uploads\/2025\/10\/Fronton-Mecerreyes-Septiembre-2025-2.jpeg\" alt=\"\" class=\"wp-image-26926\" srcset=\"https:\/\/www.mecerreyes.com\/mece\/wp-content\/uploads\/2025\/10\/Fronton-Mecerreyes-Septiembre-2025-2.jpeg 567w, https:\/\/www.mecerreyes.com\/mece\/wp-content\/uploads\/2025\/10\/Fronton-Mecerreyes-Septiembre-2025-2-300x225.jpeg 300w\" sizes=\"(max-width: 567px) 100vw, 567px\" \/><\/a><\/figure>\n\n\n\n<figure class=\"wp-block-image size-large\"><a  href=\"https:\/\/www.mecerreyes.com\/mece\/wp-content\/uploads\/2025\/10\/Fronton-Mecerreyes-Septiembre-2025-3.jpeg\" class=\"thickbox no_icon\" title=\"\"><img loading=\"lazy\" decoding=\"async\" width=\"567\" height=\"425\" data-id=\"26927\" src=\"https:\/\/www.mecerreyes.com\/mece\/wp-content\/uploads\/2025\/10\/Fronton-Mecerreyes-Septiembre-2025-3.jpeg\" alt=\"\" class=\"wp-image-26927\" srcset=\"https:\/\/www.mecerreyes.com\/mece\/wp-content\/uploads\/2025\/10\/Fronton-Mecerreyes-Septiembre-2025-3.jpeg 567w, https:\/\/www.mecerreyes.com\/mece\/wp-content\/uploads\/2025\/10\/Fronton-Mecerreyes-Septiembre-2025-3-300x225.jpeg 300w\" sizes=\"(max-width: 567px) 100vw, 567px\" \/><\/a><\/figure>\n\n\n\n<figure class=\"wp-block-image size-large\"><a  href=\"https:\/\/www.mecerreyes.com\/mece\/wp-content\/uploads\/2025\/10\/Fronton-Mecerreyes-Septiembre-2025-5.jpeg\" class=\"thickbox no_icon\" title=\"\"><img loading=\"lazy\" decoding=\"async\" width=\"850\" height=\"638\" data-id=\"26954\" src=\"https:\/\/www.mecerreyes.com\/mece\/wp-content\/uploads\/2025\/10\/Fronton-Mecerreyes-Septiembre-2025-5.jpeg\" alt=\"\" class=\"wp-image-26954\" srcset=\"https:\/\/www.mecerreyes.com\/mece\/wp-content\/uploads\/2025\/10\/Fronton-Mecerreyes-Septiembre-2025-5.jpeg 850w, https:\/\/www.mecerreyes.com\/mece\/wp-content\/uploads\/2025\/10\/Fronton-Mecerreyes-Septiembre-2025-5-300x225.jpeg 300w, https:\/\/www.mecerreyes.com\/mece\/wp-content\/uploads\/2025\/10\/Fronton-Mecerreyes-Septiembre-2025-5-768x576.jpeg 768w\" sizes=\"(max-width: 850px) 100vw, 850px\" \/><\/a><\/figure>\n<\/figure>\n\n\n\n<p><\/p>\n\n\n\n<p class=\"has-medium-font-size\"><strong>DEP\u00d3SITO DE AGUAS<\/strong><\/p>\n\n\n\n<p>Se ha realizado un mejor acceso a los dep\u00f3sitos para poder realizar un servicio m\u00e1s c\u00f3modo.<\/p>\n\n\n\n<figure class=\"wp-block-gallery has-nested-images columns-default is-cropped wp-block-gallery-4 is-layout-flex wp-block-gallery-is-layout-flex\">\n<figure class=\"wp-block-image size-large\"><a  href=\"https:\/\/www.mecerreyes.com\/mece\/wp-content\/uploads\/2025\/10\/Acceso-a-los-depositos-de-agua-Mecerreyes-09-2025-2.jpeg\" class=\"thickbox no_icon\" title=\"\"><img loading=\"lazy\" decoding=\"async\" width=\"567\" height=\"756\" data-id=\"26933\" src=\"https:\/\/www.mecerreyes.com\/mece\/wp-content\/uploads\/2025\/10\/Acceso-a-los-depositos-de-agua-Mecerreyes-09-2025-2.jpeg\" alt=\"\" class=\"wp-image-26933\" srcset=\"https:\/\/www.mecerreyes.com\/mece\/wp-content\/uploads\/2025\/10\/Acceso-a-los-depositos-de-agua-Mecerreyes-09-2025-2.jpeg 567w, https:\/\/www.mecerreyes.com\/mece\/wp-content\/uploads\/2025\/10\/Acceso-a-los-depositos-de-agua-Mecerreyes-09-2025-2-225x300.jpeg 225w\" sizes=\"(max-width: 567px) 100vw, 567px\" \/><\/a><\/figure>\n\n\n\n<figure class=\"wp-block-image size-large\"><a  href=\"https:\/\/www.mecerreyes.com\/mece\/wp-content\/uploads\/2025\/10\/Acceso-a-los-depositos-de-agua-Mecerreyes-09-2025-1.jpeg\" class=\"thickbox no_icon\" title=\"\"><img loading=\"lazy\" decoding=\"async\" width=\"567\" height=\"756\" data-id=\"26934\" src=\"https:\/\/www.mecerreyes.com\/mece\/wp-content\/uploads\/2025\/10\/Acceso-a-los-depositos-de-agua-Mecerreyes-09-2025-1.jpeg\" alt=\"\" class=\"wp-image-26934\" srcset=\"https:\/\/www.mecerreyes.com\/mece\/wp-content\/uploads\/2025\/10\/Acceso-a-los-depositos-de-agua-Mecerreyes-09-2025-1.jpeg 567w, https:\/\/www.mecerreyes.com\/mece\/wp-content\/uploads\/2025\/10\/Acceso-a-los-depositos-de-agua-Mecerreyes-09-2025-1-225x300.jpeg 225w\" sizes=\"(max-width: 567px) 100vw, 567px\" \/><\/a><\/figure>\n<\/figure>\n\n\n\n<p><\/p>\n\n\n\n<p class=\"has-medium-font-size\"><strong>CAMINO PROVINCIAL MECERREYES &#8211; QUINTANILLA DEL AGUA<\/strong><\/p>\n\n\n\n<p>Se est\u00e1 realizando las obras de reparaci\u00f3n y perfeccionamiento del camino que va desde El Cirigue\u00f1o de Mecerreyes a Quintanilla del Agua.<\/p>\n\n\n\n<figure class=\"wp-block-gallery has-nested-images columns-default is-cropped wp-block-gallery-5 is-layout-flex wp-block-gallery-is-layout-flex\">\n<figure class=\"wp-block-image size-large\"><a  href=\"https:\/\/www.mecerreyes.com\/mece\/wp-content\/uploads\/2025\/10\/Camino-de-Mecerreyes-a-Quintanilla-del-Agua-2025-3.jpeg\" class=\"thickbox no_icon\" title=\"\"><img loading=\"lazy\" decoding=\"async\" width=\"567\" height=\"756\" data-id=\"26923\" src=\"https:\/\/www.mecerreyes.com\/mece\/wp-content\/uploads\/2025\/10\/Camino-de-Mecerreyes-a-Quintanilla-del-Agua-2025-3.jpeg\" alt=\"\" class=\"wp-image-26923\" srcset=\"https:\/\/www.mecerreyes.com\/mece\/wp-content\/uploads\/2025\/10\/Camino-de-Mecerreyes-a-Quintanilla-del-Agua-2025-3.jpeg 567w, https:\/\/www.mecerreyes.com\/mece\/wp-content\/uploads\/2025\/10\/Camino-de-Mecerreyes-a-Quintanilla-del-Agua-2025-3-225x300.jpeg 225w\" sizes=\"(max-width: 567px) 100vw, 567px\" \/><\/a><\/figure>\n\n\n\n<figure class=\"wp-block-image size-large\"><a  href=\"https:\/\/www.mecerreyes.com\/mece\/wp-content\/uploads\/2025\/10\/Camino-de-Mecerreyes-a-Quintanilla-del-Agua-2025-1.jpeg\" class=\"thickbox no_icon\" title=\"\"><img loading=\"lazy\" decoding=\"async\" width=\"567\" height=\"756\" data-id=\"26922\" src=\"https:\/\/www.mecerreyes.com\/mece\/wp-content\/uploads\/2025\/10\/Camino-de-Mecerreyes-a-Quintanilla-del-Agua-2025-1.jpeg\" alt=\"\" class=\"wp-image-26922\" srcset=\"https:\/\/www.mecerreyes.com\/mece\/wp-content\/uploads\/2025\/10\/Camino-de-Mecerreyes-a-Quintanilla-del-Agua-2025-1.jpeg 567w, https:\/\/www.mecerreyes.com\/mece\/wp-content\/uploads\/2025\/10\/Camino-de-Mecerreyes-a-Quintanilla-del-Agua-2025-1-225x300.jpeg 225w\" sizes=\"(max-width: 567px) 100vw, 567px\" \/><\/a><\/figure>\n\n\n\n<figure class=\"wp-block-image size-large\"><a  href=\"https:\/\/www.mecerreyes.com\/mece\/wp-content\/uploads\/2025\/10\/Camino-de-Mecerreyes-a-Quintanilla-del-Agua-2025-2.jpeg\" class=\"thickbox no_icon\" title=\"\"><img loading=\"lazy\" decoding=\"async\" width=\"567\" height=\"756\" data-id=\"26924\" src=\"https:\/\/www.mecerreyes.com\/mece\/wp-content\/uploads\/2025\/10\/Camino-de-Mecerreyes-a-Quintanilla-del-Agua-2025-2.jpeg\" alt=\"\" class=\"wp-image-26924\" srcset=\"https:\/\/www.mecerreyes.com\/mece\/wp-content\/uploads\/2025\/10\/Camino-de-Mecerreyes-a-Quintanilla-del-Agua-2025-2.jpeg 567w, https:\/\/www.mecerreyes.com\/mece\/wp-content\/uploads\/2025\/10\/Camino-de-Mecerreyes-a-Quintanilla-del-Agua-2025-2-225x300.jpeg 225w\" sizes=\"(max-width: 567px) 100vw, 567px\" \/><\/a><\/figure>\n<\/figure>\n\n\n\n<p><\/p>\n\n\n\n<p class=\"has-medium-font-size\"><strong>POLIDEPORTIVO<\/strong><\/p>\n\n\n\n<p>Se ha procedido a reparar de urgencia, en la medida de lo posible, la superficie del polideportivo exterior frente a los merenderos para que se pudiera usar este verano.<\/p>\n\n\n\n<figure class=\"wp-block-gallery has-nested-images columns-default is-cropped wp-block-gallery-6 is-layout-flex wp-block-gallery-is-layout-flex\">\n<figure class=\"wp-block-image size-large\"><a  href=\"https:\/\/www.mecerreyes.com\/mece\/wp-content\/uploads\/2025\/10\/Arreglos-provisionales-en-el-Polideportivo-Mecerreyes-09-2025-2.jpeg\" class=\"thickbox no_icon\" title=\"\"><img loading=\"lazy\" decoding=\"async\" width=\"850\" height=\"640\" data-id=\"26936\" src=\"https:\/\/www.mecerreyes.com\/mece\/wp-content\/uploads\/2025\/10\/Arreglos-provisionales-en-el-Polideportivo-Mecerreyes-09-2025-2.jpeg\" alt=\"\" class=\"wp-image-26936\" srcset=\"https:\/\/www.mecerreyes.com\/mece\/wp-content\/uploads\/2025\/10\/Arreglos-provisionales-en-el-Polideportivo-Mecerreyes-09-2025-2.jpeg 850w, https:\/\/www.mecerreyes.com\/mece\/wp-content\/uploads\/2025\/10\/Arreglos-provisionales-en-el-Polideportivo-Mecerreyes-09-2025-2-300x226.jpeg 300w, https:\/\/www.mecerreyes.com\/mece\/wp-content\/uploads\/2025\/10\/Arreglos-provisionales-en-el-Polideportivo-Mecerreyes-09-2025-2-768x578.jpeg 768w\" sizes=\"(max-width: 850px) 100vw, 850px\" \/><\/a><\/figure>\n\n\n\n<figure class=\"wp-block-image size-large\"><a  href=\"https:\/\/www.mecerreyes.com\/mece\/wp-content\/uploads\/2025\/10\/Arreglos-provisionales-en-el-Polideportivo-Mecerreyes-09-2025-1.jpeg\" class=\"thickbox no_icon\" title=\"\"><img loading=\"lazy\" decoding=\"async\" width=\"850\" height=\"640\" data-id=\"26935\" src=\"https:\/\/www.mecerreyes.com\/mece\/wp-content\/uploads\/2025\/10\/Arreglos-provisionales-en-el-Polideportivo-Mecerreyes-09-2025-1.jpeg\" alt=\"\" class=\"wp-image-26935\" srcset=\"https:\/\/www.mecerreyes.com\/mece\/wp-content\/uploads\/2025\/10\/Arreglos-provisionales-en-el-Polideportivo-Mecerreyes-09-2025-1.jpeg 850w, https:\/\/www.mecerreyes.com\/mece\/wp-content\/uploads\/2025\/10\/Arreglos-provisionales-en-el-Polideportivo-Mecerreyes-09-2025-1-300x226.jpeg 300w, https:\/\/www.mecerreyes.com\/mece\/wp-content\/uploads\/2025\/10\/Arreglos-provisionales-en-el-Polideportivo-Mecerreyes-09-2025-1-768x578.jpeg 768w\" sizes=\"(max-width: 850px) 100vw, 850px\" \/><\/a><\/figure>\n<\/figure>\n\n\n\n<p><\/p>\n\n\n\n<p class=\"has-medium-font-size\"><strong>ANEXO AL POLIDEPORTIVO<\/strong><\/p>\n\n\n\n<p>Retirada de escombro aportaci\u00f3n de tierra y alisamiento de superficie para una est\u00e9tica mejor de dicho espacio.<\/p>\n\n\n\n<figure class=\"wp-block-gallery has-nested-images columns-default is-cropped wp-block-gallery-7 is-layout-flex wp-block-gallery-is-layout-flex\">\n<figure class=\"wp-block-image size-large\"><a  href=\"https:\/\/www.mecerreyes.com\/mece\/wp-content\/uploads\/2025\/10\/Limpieza-anexo-Polideportivo-Mecerreyes-09-2025-1.jpeg\" class=\"thickbox no_icon\" title=\"\"><img loading=\"lazy\" decoding=\"async\" width=\"850\" height=\"638\" data-id=\"26937\" src=\"https:\/\/www.mecerreyes.com\/mece\/wp-content\/uploads\/2025\/10\/Limpieza-anexo-Polideportivo-Mecerreyes-09-2025-1.jpeg\" alt=\"\" class=\"wp-image-26937\" srcset=\"https:\/\/www.mecerreyes.com\/mece\/wp-content\/uploads\/2025\/10\/Limpieza-anexo-Polideportivo-Mecerreyes-09-2025-1.jpeg 850w, https:\/\/www.mecerreyes.com\/mece\/wp-content\/uploads\/2025\/10\/Limpieza-anexo-Polideportivo-Mecerreyes-09-2025-1-300x225.jpeg 300w, https:\/\/www.mecerreyes.com\/mece\/wp-content\/uploads\/2025\/10\/Limpieza-anexo-Polideportivo-Mecerreyes-09-2025-1-768x576.jpeg 768w\" sizes=\"(max-width: 850px) 100vw, 850px\" \/><\/a><\/figure>\n\n\n\n<figure class=\"wp-block-image size-large\"><a  href=\"https:\/\/www.mecerreyes.com\/mece\/wp-content\/uploads\/2025\/10\/Limpieza-anexo-Polideportivo-Mecerreyes-09-2025-2.jpeg\" class=\"thickbox no_icon\" title=\"\"><img loading=\"lazy\" decoding=\"async\" width=\"850\" height=\"638\" data-id=\"26938\" src=\"https:\/\/www.mecerreyes.com\/mece\/wp-content\/uploads\/2025\/10\/Limpieza-anexo-Polideportivo-Mecerreyes-09-2025-2.jpeg\" alt=\"\" class=\"wp-image-26938\" srcset=\"https:\/\/www.mecerreyes.com\/mece\/wp-content\/uploads\/2025\/10\/Limpieza-anexo-Polideportivo-Mecerreyes-09-2025-2.jpeg 850w, https:\/\/www.mecerreyes.com\/mece\/wp-content\/uploads\/2025\/10\/Limpieza-anexo-Polideportivo-Mecerreyes-09-2025-2-300x225.jpeg 300w, https:\/\/www.mecerreyes.com\/mece\/wp-content\/uploads\/2025\/10\/Limpieza-anexo-Polideportivo-Mecerreyes-09-2025-2-768x576.jpeg 768w\" sizes=\"(max-width: 850px) 100vw, 850px\" \/><\/a><\/figure>\n\n\n\n<figure class=\"wp-block-image size-large\"><a  href=\"https:\/\/www.mecerreyes.com\/mece\/wp-content\/uploads\/2025\/10\/Limpieza-anexo-Polideportivo-Mecerreyes-09-2025-3.jpeg\" class=\"thickbox no_icon\" title=\"\"><img loading=\"lazy\" decoding=\"async\" width=\"850\" height=\"638\" data-id=\"26939\" src=\"https:\/\/www.mecerreyes.com\/mece\/wp-content\/uploads\/2025\/10\/Limpieza-anexo-Polideportivo-Mecerreyes-09-2025-3.jpeg\" alt=\"\" class=\"wp-image-26939\" srcset=\"https:\/\/www.mecerreyes.com\/mece\/wp-content\/uploads\/2025\/10\/Limpieza-anexo-Polideportivo-Mecerreyes-09-2025-3.jpeg 850w, https:\/\/www.mecerreyes.com\/mece\/wp-content\/uploads\/2025\/10\/Limpieza-anexo-Polideportivo-Mecerreyes-09-2025-3-300x225.jpeg 300w, https:\/\/www.mecerreyes.com\/mece\/wp-content\/uploads\/2025\/10\/Limpieza-anexo-Polideportivo-Mecerreyes-09-2025-3-768x576.jpeg 768w\" sizes=\"(max-width: 850px) 100vw, 850px\" \/><\/a><\/figure>\n<\/figure>\n\n\n\n<div style=\"height:100px\" aria-hidden=\"true\" class=\"wp-block-spacer\"><\/div>\n\n\n\n<p class=\"has-luminous-vivid-amber-background-color has-background\" style=\"font-size:22px\"><strong>DEFUNCIONES<\/strong><\/p>\n\n\n\n<p>Este mes nos llegan las noticias del fallecimiento de estos guiletos, nuestro p\u00e9same a las familias. Descansen en Paz<\/p>\n\n\n\n<p><strong>JOS\u00c9 RAM\u00d3N ALONSO ALONSO<\/strong> falleci\u00f3 el d\u00eda 20 de septiembre en Burgos a los 85 a\u00f1os de edad. Sus restos fueron despedidos por familiares y amigos en la capilla del Tanatorio San Jos\u00e9 D.E.P.<\/p>\n\n\n\n<figure class=\"wp-block-image size-large\"><a  href=\"https:\/\/www.mecerreyes.com\/mece\/wp-content\/uploads\/2025\/10\/Esquela-Don-Jose-Ramon-Alonso-Alonso.jpeg\" class=\"thickbox no_icon\" title=\"\"><img loading=\"lazy\" decoding=\"async\" width=\"1024\" height=\"615\" src=\"https:\/\/www.mecerreyes.com\/mece\/wp-content\/uploads\/2025\/10\/Esquela-Don-Jose-Ramon-Alonso-Alonso-1024x615.jpeg\" alt=\"\" class=\"wp-image-26943\" srcset=\"https:\/\/www.mecerreyes.com\/mece\/wp-content\/uploads\/2025\/10\/Esquela-Don-Jose-Ramon-Alonso-Alonso-1024x615.jpeg 1024w, https:\/\/www.mecerreyes.com\/mece\/wp-content\/uploads\/2025\/10\/Esquela-Don-Jose-Ramon-Alonso-Alonso-300x180.jpeg 300w, https:\/\/www.mecerreyes.com\/mece\/wp-content\/uploads\/2025\/10\/Esquela-Don-Jose-Ramon-Alonso-Alonso-768x461.jpeg 768w, https:\/\/www.mecerreyes.com\/mece\/wp-content\/uploads\/2025\/10\/Esquela-Don-Jose-Ramon-Alonso-Alonso-1536x923.jpeg 1536w, https:\/\/www.mecerreyes.com\/mece\/wp-content\/uploads\/2025\/10\/Esquela-Don-Jose-Ramon-Alonso-Alonso-1080x649.jpeg 1080w, https:\/\/www.mecerreyes.com\/mece\/wp-content\/uploads\/2025\/10\/Esquela-Don-Jose-Ramon-Alonso-Alonso-1280x768.jpeg 1280w, https:\/\/www.mecerreyes.com\/mece\/wp-content\/uploads\/2025\/10\/Esquela-Don-Jose-Ramon-Alonso-Alonso-627x376.jpeg 627w, https:\/\/www.mecerreyes.com\/mece\/wp-content\/uploads\/2025\/10\/Esquela-Don-Jose-Ramon-Alonso-Alonso-440x264.jpeg 440w, https:\/\/www.mecerreyes.com\/mece\/wp-content\/uploads\/2025\/10\/Esquela-Don-Jose-Ramon-Alonso-Alonso.jpeg 1993w\" sizes=\"(max-width: 1024px) 100vw, 1024px\" \/><\/a><\/figure>\n\n\n\n<div style=\"height:63px\" aria-hidden=\"true\" class=\"wp-block-spacer\"><\/div>\n\n\n\n<p><strong>VALENT\u00cdN LOZANO ARRIBAS<\/strong> falleci\u00f3 en Burgos el 21 de septiembre a los 93 a\u00f1os de edad. Las honras f\u00fanebres se celebraron en el Tanatorio de San Jos\u00e9. Nuestras condolencias a sus hijos, nietos y dem\u00e1s familia. D.E.P.<\/p>\n\n\n\n<div style=\"height:69px\" aria-hidden=\"true\" class=\"wp-block-spacer\"><\/div>\n\n\n\n<p class=\"has-luminous-vivid-amber-background-color has-background\" style=\"font-size:22px\"><strong>RECORTE DE PRENSA<\/strong><\/p>\n\n\n\n<p><strong>JOSE MANUEL GONZ\u00c1LEZ<\/strong> protagonista de la entrevista como gobernador del distrito Rotario 2201.<\/p>\n\n\n\n<p>Entre los objetivos de los rotarios:<\/p>\n\n\n\n<ul class=\"wp-block-list\">\n<li>Unir sus propuestas a las de otros distritos para hacer el bien.<\/li>\n\n\n\n<li>Esperar el fin del conflicto en Gaza para colaborar en la recuperaci\u00f3n de esa poblaci\u00f3n.<\/li>\n\n\n\n<li>Ayudar en la campa\u00f1a de erradicaci\u00f3n de la Poliomielitis en Pakistan y Afganist\u00e1n. <\/li>\n<\/ul>\n\n\n\n<figure class=\"wp-block-image size-full\"><a  href=\"https:\/\/www.mecerreyes.com\/mece\/wp-content\/uploads\/2025\/10\/Jose-Manuel-Gonzalez-Rotario.jpeg\" class=\"thickbox no_icon\" title=\"\"><img loading=\"lazy\" decoding=\"async\" width=\"709\" height=\"726\" src=\"https:\/\/www.mecerreyes.com\/mece\/wp-content\/uploads\/2025\/10\/Jose-Manuel-Gonzalez-Rotario.jpeg\" alt=\"\" class=\"wp-image-26953\" srcset=\"https:\/\/www.mecerreyes.com\/mece\/wp-content\/uploads\/2025\/10\/Jose-Manuel-Gonzalez-Rotario.jpeg 709w, https:\/\/www.mecerreyes.com\/mece\/wp-content\/uploads\/2025\/10\/Jose-Manuel-Gonzalez-Rotario-293x300.jpeg 293w\" sizes=\"(max-width: 709px) 100vw, 709px\" \/><\/a><\/figure>\n\n\n\n<div style=\"height:71px\" aria-hidden=\"true\" class=\"wp-block-spacer\"><\/div>\n\n\n\n<p class=\"has-luminous-vivid-amber-background-color has-background\" style=\"font-size:22px\"><strong>REFRANERO<\/strong><\/p>\n\n\n\n<ul class=\"wp-block-list\">\n<li><em>Septiembre es frutero, alegre y festero.<\/em><\/li>\n\n\n\n<li><em>Por San Miguel, primero la nuez, la casta\u00f1a despu\u00e9s.<\/em><\/li>\n\n\n\n<li><em>Septiembre es bueno si del primero al treinta pasa sereno.<\/em><\/li>\n\n\n\n<li><em>Por San Miguel, gran calor, ser\u00e1 de mucho valor.<\/em><\/li>\n<\/ul>\n\n\n\n<div style=\"height:67px\" aria-hidden=\"true\" class=\"wp-block-spacer\"><\/div>\n\n\n\n<figure class=\"wp-block-embed is-type-video is-provider-youtube wp-block-embed-youtube wp-embed-aspect-16-9 wp-has-aspect-ratio\"><div class=\"wp-block-embed__wrapper\">\n<iframe loading=\"lazy\" title=\"SCA 118 LA CUNA DEL BUEN CONDE. RED DE SENDEROS DE ADECOAR\" width=\"1080\" height=\"608\" src=\"https:\/\/www.youtube.com\/embed\/EdY4tii6y8c?feature=oembed\" frameborder=\"0\" allow=\"accelerometer; autoplay; clipboard-write; encrypted-media; gyroscope; picture-in-picture; web-share\" referrerpolicy=\"strict-origin-when-cross-origin\" allowfullscreen><\/iframe>\n<\/div><\/figure>\n\n\n\n<div style=\"height:100px\" aria-hidden=\"true\" class=\"wp-block-spacer\"><\/div>\n\n\n\n<p class=\"has-luminous-vivid-amber-background-color has-background\" style=\"font-size:22px\"><strong>LIBRO \u201c100 OFICIOS PARA EL RECUERDO\u201d Un viaje por la Espa\u00f1a rural en busca de las labores del pasado.<\/strong> (Eduardo Monesma)     <mark style=\"background-color:rgba(0, 0, 0, 0)\" class=\"has-inline-color has-vivid-red-color\">* * * Libro completo<\/mark><\/p>\n\n\n\n<div data-wp-interactive=\"core\/file\" class=\"wp-block-file\"><object data-wp-bind--hidden=\"!state.hasPdfPreview\"  class=\"wp-block-file__embed\" data=\"https:\/\/www.mecerreyes.com\/mece\/wp-content\/uploads\/2025\/10\/3-Monesma-Eugenio-100-oficios-para-el-recuerdo-PDF.pdf\" type=\"application\/pdf\" style=\"width:100%;height:796px\" aria-label=\"Incrustado de 3-Monesma, Eugenio- 100 oficios para el recuerdo (PDF).\"><\/object><a  id=\"wp-block-file--media-3448d219-c11c-4b1b-8c26-6911a8c91544\" href=\"https:\/\/www.mecerreyes.com\/mece\/wp-content\/uploads\/2025\/10\/3-Monesma-Eugenio-100-oficios-para-el-recuerdo-PDF.pdf\" target=\"_blank\" rel=\"noreferrer noopener\">3-Monesma, Eugenio- 100 oficios para el recuerdo (PDF)<\/a><a  href=\"https:\/\/www.mecerreyes.com\/mece\/wp-content\/uploads\/2025\/10\/3-Monesma-Eugenio-100-oficios-para-el-recuerdo-PDF.pdf\" class=\"wp-block-file__button wp-element-button\" 0=\"download\" aria-describedby=\"wp-block-file--media-3448d219-c11c-4b1b-8c26-6911a8c91544\">Descarga<\/a><\/div>","protected":false},"excerpt":{"rendered":"<p>SEPTIEMBRE 2025 Dispuestos de nuevo a contaros las noticias m\u00e1s relevantes que han acontecido el mes de septiembre en Mecerreyes y las que hab\u00e9is querido compartir con todos nosotros. Un mes de cambios sin duda, del per\u00edodo vacacional al laboral, de curso escolar, de estaci\u00f3n, de casa, pues muchos se instalan ya en la ciudad. [&hellip;]<\/p>\n","protected":false},"author":5,"featured_media":26947,"comment_status":"open","ping_status":"closed","sticky":false,"template":"","format":"standard","meta":{"_et_pb_use_builder":"off","_et_pb_old_content":"","_et_gb_content_width":"","footnotes":""},"categories":[1],"tags":[],"class_list":["post-26921","post","type-post","status-publish","format-standard","has-post-thumbnail","hentry","category-general","et-has-post-format-content","et_post_format-et-post-format-standard"],"_links":{"self":[{"href":"https:\/\/www.mecerreyes.com\/mece\/index.php?rest_route=\/wp\/v2\/posts\/26921"}],"collection":[{"href":"https:\/\/www.mecerreyes.com\/mece\/index.php?rest_route=\/wp\/v2\/posts"}],"about":[{"href":"https:\/\/www.mecerreyes.com\/mece\/index.php?rest_route=\/wp\/v2\/types\/post"}],"author":[{"embeddable":true,"href":"https:\/\/www.mecerreyes.com\/mece\/index.php?rest_route=\/wp\/v2\/users\/5"}],"replies":[{"embeddable":true,"href":"https:\/\/www.mecerreyes.com\/mece\/index.php?rest_route=%2Fwp%2Fv2%2Fcomments&post=26921"}],"version-history":[{"count":8,"href":"https:\/\/www.mecerreyes.com\/mece\/index.php?rest_route=\/wp\/v2\/posts\/26921\/revisions"}],"predecessor-version":[{"id":26963,"href":"https:\/\/www.mecerreyes.com\/mece\/index.php?rest_route=\/wp\/v2\/posts\/26921\/revisions\/26963"}],"wp:featuredmedia":[{"embeddable":true,"href":"https:\/\/www.mecerreyes.com\/mece\/index.php?rest_route=\/wp\/v2\/media\/26947"}],"wp:attachment":[{"href":"https:\/\/www.mecerreyes.com\/mece\/index.php?rest_route=%2Fwp%2Fv2%2Fmedia&parent=26921"}],"wp:term":[{"taxonomy":"category","embeddable":true,"href":"https:\/\/www.mecerreyes.com\/mece\/index.php?rest_route=%2Fwp%2Fv2%2Fcategories&post=26921"},{"taxonomy":"post_tag","embeddable":true,"href":"https:\/\/www.mecerreyes.com\/mece\/index.php?rest_route=%2Fwp%2Fv2%2Ftags&post=26921"}],"curies":[{"name":"wp","href":"https:\/\/api.w.org\/{rel}","templated":true}]}}