{"id":27019,"date":"2025-12-02T22:02:06","date_gmt":"2025-12-02T21:02:06","guid":{"rendered":"https:\/\/www.mecerreyes.com\/mece\/?p=27019"},"modified":"2025-12-12T15:28:54","modified_gmt":"2025-12-12T14:28:54","slug":"noticias-noviembre-2025","status":"publish","type":"post","link":"https:\/\/www.mecerreyes.com\/mece\/?p=27019","title":{"rendered":"Noticias Noviembre 2025"},"content":{"rendered":"<p><strong>NOVIEMBRE 2025<\/strong><\/p>\n\n\n\n<p>Las celebraciones festivas en torno al patr\u00f3n de Mecerreyes han sido las protagonistas de este mes.<\/p>\n\n\n\n<p>La propuesta de la Asociaci\u00f3n de Jubilados de reunir a los guiletos en torno a mesa y mantel en el Mes\u00f3n, la de la Pe\u00f1a Los de Aqu\u00ed para hacer que el fin de semana del 8 de noviembre fuera especial, y la colaboraci\u00f3n del <a  href=\"https:\/\/www.mecerreyes.com\/mece\/?page_id=24\">Ayuntamiento<\/a> en los actos del d\u00eda 11 han reunido a un buen n\u00famero de locales y visitantes, haciendo especiales las fiestas de SAN MART\u00cdN.<\/p>\n\n\n\n<p>La climatolog\u00eda propia del oto\u00f1o, ha permitido dar gusto a los amantes de las setas y de la caza, incluso cerramos el mes atisbando el granizo y la nieve. <\/p>\n\n\n\n<figure class=\"wp-block-image aligncenter size-full\"><a  href=\"https:\/\/www.mecerreyes.com\/mece\/wp-content\/uploads\/2025\/12\/Mecerreyes-noviembre-2025-foto-Josetxu-1.jpg\" class=\"thickbox no_icon\" title=\"\"><img loading=\"lazy\" decoding=\"async\" width=\"709\" height=\"472\" src=\"https:\/\/www.mecerreyes.com\/mece\/wp-content\/uploads\/2025\/12\/Mecerreyes-noviembre-2025-foto-Josetxu-1.jpg\" alt=\"\" class=\"wp-image-27025\" srcset=\"https:\/\/www.mecerreyes.com\/mece\/wp-content\/uploads\/2025\/12\/Mecerreyes-noviembre-2025-foto-Josetxu-1.jpg 709w, https:\/\/www.mecerreyes.com\/mece\/wp-content\/uploads\/2025\/12\/Mecerreyes-noviembre-2025-foto-Josetxu-1-300x200.jpg 300w\" sizes=\"(max-width: 709px) 100vw, 709px\" \/><\/a><\/figure>\n\n\n\n<div style=\"height:60px\" aria-hidden=\"true\" class=\"wp-block-spacer\"><\/div>\n\n\n\n<p class=\"has-luminous-vivid-amber-background-color has-background\" style=\"font-size:22px\"><strong>EFEM\u00c9RIDES<\/strong><\/p>\n\n\n\n<ul class=\"wp-block-list\">\n<li><strong>El 1&nbsp;D\u00eda de Todos los Santos<\/strong><\/li>\n\n\n\n<li><strong>El 2 D\u00eda de Todos los Difuntos.<\/strong><\/li>\n\n\n\n<li><strong>El 11 Mecerreyes celebra la fiesta de su patr\u00f3n \u201cSAN MART\u00cdN\u201d.<\/strong><\/li>\n\n\n\n<li>El 16 D\u00eda Internacional de la Tolerancia.<\/li>\n\n\n\n<li>El 19 D\u00eda Internacional del Hombre.<\/li>\n\n\n\n<li>El 22 D\u00eda Internacional de la M\u00fasica, en honor a Santa Cecilia.<\/li>\n\n\n\n<li>El 25 D\u00eda Internacional de la Eliminaci\u00f3n de la Violencia contra la Mujer<\/li>\n<\/ul>\n\n\n\n<figure class=\"wp-block-image size-full\"><a  href=\"https:\/\/www.mecerreyes.com\/mece\/wp-content\/uploads\/2025\/12\/Mecerreyes-dia-de-todos-los-Santos-1-11-2025.jpg\" class=\"thickbox no_icon\" title=\"\"><img loading=\"lazy\" decoding=\"async\" width=\"1417\" height=\"638\" src=\"https:\/\/www.mecerreyes.com\/mece\/wp-content\/uploads\/2025\/12\/Mecerreyes-dia-de-todos-los-Santos-1-11-2025.jpg\" alt=\"\" class=\"wp-image-27036\" srcset=\"https:\/\/www.mecerreyes.com\/mece\/wp-content\/uploads\/2025\/12\/Mecerreyes-dia-de-todos-los-Santos-1-11-2025.jpg 1417w, https:\/\/www.mecerreyes.com\/mece\/wp-content\/uploads\/2025\/12\/Mecerreyes-dia-de-todos-los-Santos-1-11-2025-300x135.jpg 300w, https:\/\/www.mecerreyes.com\/mece\/wp-content\/uploads\/2025\/12\/Mecerreyes-dia-de-todos-los-Santos-1-11-2025-1024x461.jpg 1024w, https:\/\/www.mecerreyes.com\/mece\/wp-content\/uploads\/2025\/12\/Mecerreyes-dia-de-todos-los-Santos-1-11-2025-768x346.jpg 768w, https:\/\/www.mecerreyes.com\/mece\/wp-content\/uploads\/2025\/12\/Mecerreyes-dia-de-todos-los-Santos-1-11-2025-1080x486.jpg 1080w\" sizes=\"(max-width: 1417px) 100vw, 1417px\" \/><\/a><\/figure>\n\n\n\n<p><\/p>\n\n\n\n<div style=\"height:76px\" aria-hidden=\"true\" class=\"wp-block-spacer\"><\/div>\n\n\n\n<p class=\"has-luminous-vivid-amber-background-color has-background\" style=\"font-size:22px\"><strong>BAUTIZOS EN MECERREYES<\/strong><\/p>\n\n\n\n<p><strong>SARA G\u00c1LVEZ MARCANO <\/strong>fue la protagonista en la ceremonia del pasado 22-11-25, sus pap\u00e1s Fonso y Mar\u00eda, abuelos Fede y Mari Feli, la bisabuela Encarna y los padrinos H\u00e9ctor Gonz\u00e1lez y Alba Sa\u00f1udo, comparten su alegr\u00eda con la comunidad cristiana guileta<strong>. <\/strong><\/p>\n\n\n\n<figure class=\"wp-block-image aligncenter size-full\"><a  href=\"https:\/\/www.mecerreyes.com\/mece\/wp-content\/uploads\/2025\/12\/Bautizo-de-Sara-Galvez-Marcano-Mecerreyes-22-11-2025.jpg\" class=\"thickbox no_icon\" title=\"\"><img loading=\"lazy\" decoding=\"async\" width=\"851\" height=\"315\" src=\"https:\/\/www.mecerreyes.com\/mece\/wp-content\/uploads\/2025\/12\/Bautizo-de-Sara-Galvez-Marcano-Mecerreyes-22-11-2025.jpg\" alt=\"\" class=\"wp-image-27050\" srcset=\"https:\/\/www.mecerreyes.com\/mece\/wp-content\/uploads\/2025\/12\/Bautizo-de-Sara-Galvez-Marcano-Mecerreyes-22-11-2025.jpg 851w, https:\/\/www.mecerreyes.com\/mece\/wp-content\/uploads\/2025\/12\/Bautizo-de-Sara-Galvez-Marcano-Mecerreyes-22-11-2025-300x111.jpg 300w, https:\/\/www.mecerreyes.com\/mece\/wp-content\/uploads\/2025\/12\/Bautizo-de-Sara-Galvez-Marcano-Mecerreyes-22-11-2025-768x284.jpg 768w\" sizes=\"(max-width: 851px) 100vw, 851px\" \/><\/a><\/figure>\n\n\n\n<div style=\"height:50px\" aria-hidden=\"true\" class=\"wp-block-spacer\"><\/div>\n\n\n\n<p><strong>ENZO MORALES VICARIO <\/strong>reuni\u00f3 a su familia el pasado 29 de noviembre en torno a la pila bautismal del siglo XII, sus pap\u00e1s Ander y Lorena y abuelos Juli\u00e1n y Margarita comparten con nosotros su felicidad.<\/p>\n\n\n\n<figure class=\"wp-block-image size-full\"><a  href=\"https:\/\/www.mecerreyes.com\/mece\/wp-content\/uploads\/2025\/12\/Bautizo-de-Enzo-Morales-Vicario.jpg\" class=\"thickbox no_icon\" title=\"\"><img loading=\"lazy\" decoding=\"async\" width=\"851\" height=\"315\" src=\"https:\/\/www.mecerreyes.com\/mece\/wp-content\/uploads\/2025\/12\/Bautizo-de-Enzo-Morales-Vicario.jpg\" alt=\"\" class=\"wp-image-27058\" srcset=\"https:\/\/www.mecerreyes.com\/mece\/wp-content\/uploads\/2025\/12\/Bautizo-de-Enzo-Morales-Vicario.jpg 851w, https:\/\/www.mecerreyes.com\/mece\/wp-content\/uploads\/2025\/12\/Bautizo-de-Enzo-Morales-Vicario-300x111.jpg 300w, https:\/\/www.mecerreyes.com\/mece\/wp-content\/uploads\/2025\/12\/Bautizo-de-Enzo-Morales-Vicario-768x284.jpg 768w\" sizes=\"(max-width: 851px) 100vw, 851px\" \/><\/a><\/figure>\n\n\n\n<p>Enhorabuena a las familias&nbsp;de estos dos reto\u00f1os.<\/p>\n\n\n\n<div style=\"height:65px\" aria-hidden=\"true\" class=\"wp-block-spacer\"><\/div>\n\n\n\n<p class=\"has-luminous-vivid-amber-background-color has-background\" style=\"font-size:22px\"><strong>DEFUNCI\u00d3N<\/strong><\/p>\n\n\n\n<p>Nuestras condolencias a la familia de:<\/p>\n\n\n\n<p><strong>D. JOSE LUIS VICARIO TOM\u00c9 <\/strong>falleci\u00f3 en Mendaro el 22 de noviembre a los 76 a\u00f1os de edad. Su familia y amigos despidieron sus restos el d\u00eda 24 en el tanatorio de Eibar. D.E.P. <\/p>\n\n\n\n<figure class=\"wp-block-image aligncenter size-large\"><a  href=\"https:\/\/www.mecerreyes.com\/mece\/wp-content\/uploads\/2025\/11\/Esquela-Jose-Luis-Vicario-Tome.jpg\" class=\"thickbox no_icon\" title=\"\"><img loading=\"lazy\" decoding=\"async\" width=\"744\" height=\"1024\" src=\"https:\/\/www.mecerreyes.com\/mece\/wp-content\/uploads\/2025\/11\/Esquela-Jose-Luis-Vicario-Tome-744x1024.jpg\" alt=\"\" class=\"wp-image-27021\" srcset=\"https:\/\/www.mecerreyes.com\/mece\/wp-content\/uploads\/2025\/11\/Esquela-Jose-Luis-Vicario-Tome-744x1024.jpg 744w, https:\/\/www.mecerreyes.com\/mece\/wp-content\/uploads\/2025\/11\/Esquela-Jose-Luis-Vicario-Tome-218x300.jpg 218w, https:\/\/www.mecerreyes.com\/mece\/wp-content\/uploads\/2025\/11\/Esquela-Jose-Luis-Vicario-Tome-768x1057.jpg 768w, https:\/\/www.mecerreyes.com\/mece\/wp-content\/uploads\/2025\/11\/Esquela-Jose-Luis-Vicario-Tome.jpg 972w\" sizes=\"(max-width: 744px) 100vw, 744px\" \/><\/a><\/figure>\n\n\n\n<div style=\"height:59px\" aria-hidden=\"true\" class=\"wp-block-spacer\"><\/div>\n\n\n\n<p class=\"has-luminous-vivid-amber-background-color has-background\" style=\"font-size:22px\"><strong>REBECA BLANCO<\/strong><\/p>\n\n\n\n<p>Diario de Burgos reserva un mes m\u00e1s una columna para un nuevo relato de Rebeca Blanco Alonso:<\/p>\n\n\n\n<p>Me ha vuelto a pasar; tomo la glorieta por el carril exterior para dejarla en la tercera salida, en direcci\u00f3n a Francisco Salinas. Un turismo, con prisa, cruza en l\u00ednea recta la rotonda en direcci\u00f3n a la avenida de la Independencia, segunda salida. Por suerte no chocamos. Ambos reaccionamos a tiempo. Yo con claxon y frenazo. \u00c9l, con tres s\u00edlabas, PA-YA-SA.<\/p>\n\n\n\n<p>Payasa, ninguna acepci\u00f3n de la RAE la define como insulto. Pero se utiliza mucho e injustamente en tono peyorativo. A principios de mes, con motivo del D\u00eda Internacional del Payaso, escuch\u00e9 en la radio una entrevista a &#8216;Los Pablos&#8217; del Circo del Sol. Pablo Gomis y Pablo Bermejo son los dos arist\u00f3cratas pasados de rosca del espect\u00e1culo&nbsp;<em>Alegr\u00eda<\/em>. A Gomis no le ofende el uso de &#8216;payaso&#8217; en tono peyorativo, pues aclara en la entrevista que originalmente se utilizaba para definir a alguien torpe. Pero esta pareja, con m\u00edmica, inteligencia y mucha complicidad, han despertado risas por todo el mundo. No parece que sus cualidades sean las de un mastuerzo. Pero el t\u00e9rmino se sigue utilizando para definir la torpeza e ignorancia, por ejemplo, de alg\u00fan pol\u00edtico.<\/p>\n\n\n\n<p>Esta semana, durante la comisi\u00f3n de la dana, hemos visto c\u00f3mo familiares de las v\u00edctimas protestaban a las puertas del Congreso contra Maz\u00f3n. En un cartel se pod\u00eda leer la frase \u00ablas nuestras de barro, las suyas de sangre\u00bb acompa\u00f1ando a un Maz\u00f3n caracterizado de buf\u00f3n con las manos manchadas de sangre. Nada que objetar en cuanto a la frase, pero los bufones en la Corte solo dec\u00edan verdades. A Maz\u00f3n el traje de payaso le queda grande. La dignidad que da la nariz hay que gan\u00e1rsela demostrando olfato para saber d\u00f3nde estar y cu\u00e1l es el momento adecuado. Eso, hace casi un a\u00f1o, lo hizo un ej\u00e9rcito de payasos, entre ellos un burgal\u00e9s, Quique M\u00e9ndez, Jean Philippe Kikolas. Todos uniformados con sus narices rojas, bombines y grandes zapatos, se llenaron de barro recorriendo las calles de los pueblos afectados por la dana. Devolvieron a la gente la sonrisa, permitieron un descanso y demostraron todo lo bueno que hay en ser un payaso.<\/p>\n\n\n\n<figure class=\"wp-block-image aligncenter size-full\"><a  href=\"https:\/\/www.mecerreyes.com\/mece\/wp-content\/uploads\/2025\/12\/Rebeca-Blanco-Diario-de-Burgos.jpg\" class=\"thickbox no_icon\" title=\"\"><img loading=\"lazy\" decoding=\"async\" width=\"190\" height=\"263\" src=\"https:\/\/www.mecerreyes.com\/mece\/wp-content\/uploads\/2025\/12\/Rebeca-Blanco-Diario-de-Burgos.jpg\" alt=\"\" class=\"wp-image-27028\"\/><\/a><\/figure>\n\n\n\n<p class=\"has-medium-font-size\"><a  href=\"https:\/\/www.diariodeburgos.es\/noticia\/zd968ad78-d5bc-4eab-a0d497504d3ef5f8\/202511\/payasa\" target=\"_blank\" rel=\"noreferrer noopener\">PAYASA &#8211; Diario de Burgos, por Rebeca Blanco<\/a><\/p>\n\n\n\n<div style=\"height:62px\" aria-hidden=\"true\" class=\"wp-block-spacer\"><\/div>\n\n\n\n<p class=\"has-luminous-vivid-amber-background-color has-background\" style=\"font-size:22px\"><strong>EXPOSICI\u00d3N \u201cFUEGO CASTELLANO\u201d<\/strong><\/p>\n\n\n\n<p>Del 26 de noviembre al 11 de diciembre, en la Sala de Exposiciones C\u00edrculo Solidario de Plaza Espa\u00f1a n\u00ba 3 de Burgos, se expone el trabajo de Saray P\u00e9rez conocida por su nombre art\u00edstico \u201cSiete\u201d.<\/p>\n\n\n\n<p>Entre sus obras un cap\u00edtulo de dibujos sobre las mascaradas de Mecerreyes.<\/p>\n\n\n\n<p>La prensa local se hace eco del trabajo de Saray. <\/p>\n\n\n\n<p class=\"has-medium-font-size\"><a  href=\"https:\/\/www.elcorreodeburgos.com\/cultura\/251126\/239473\/tradicion-burgalesa-momentos-magicos-siglo-xxi.html\" target=\"_blank\" rel=\"noreferrer noopener\">El Correo de Burgos: Tradici\u00f3n burgalesa en \u00abmomentos m\u00e1gicos\u00bb del siglo XXI<\/a><\/p>\n\n\n\n<p>Agradecemos la forma tan aut\u00e9ntica y respetuosa con la que Saray ha trabajado las tradiciones de Castilla sin olvidarse de las de Mecerreyes.<\/p>\n\n\n\n<figure class=\"wp-block-image size-large\"><a  href=\"https:\/\/www.mecerreyes.com\/mece\/wp-content\/uploads\/2025\/12\/Autor-Saray-Perez-conocida-por-su-nombre-artistico-Siete-1.jpg\" class=\"thickbox no_icon\" title=\"\"><img loading=\"lazy\" decoding=\"async\" width=\"1024\" height=\"562\" src=\"https:\/\/www.mecerreyes.com\/mece\/wp-content\/uploads\/2025\/12\/Autor-Saray-Perez-conocida-por-su-nombre-artistico-Siete-1-1024x562.jpg\" alt=\"\" class=\"wp-image-27031\" srcset=\"https:\/\/www.mecerreyes.com\/mece\/wp-content\/uploads\/2025\/12\/Autor-Saray-Perez-conocida-por-su-nombre-artistico-Siete-1-1024x562.jpg 1024w, https:\/\/www.mecerreyes.com\/mece\/wp-content\/uploads\/2025\/12\/Autor-Saray-Perez-conocida-por-su-nombre-artistico-Siete-1-300x165.jpg 300w, https:\/\/www.mecerreyes.com\/mece\/wp-content\/uploads\/2025\/12\/Autor-Saray-Perez-conocida-por-su-nombre-artistico-Siete-1-768x421.jpg 768w, https:\/\/www.mecerreyes.com\/mece\/wp-content\/uploads\/2025\/12\/Autor-Saray-Perez-conocida-por-su-nombre-artistico-Siete-1-1080x592.jpg 1080w, https:\/\/www.mecerreyes.com\/mece\/wp-content\/uploads\/2025\/12\/Autor-Saray-Perez-conocida-por-su-nombre-artistico-Siete-1.jpg 1163w\" sizes=\"(max-width: 1024px) 100vw, 1024px\" \/><\/a><\/figure>\n\n\n\n<figure class=\"wp-block-image size-large\"><a  href=\"https:\/\/www.mecerreyes.com\/mece\/wp-content\/uploads\/2025\/12\/Autor-Saray-Perez-conocida-por-su-nombre-artistico-Siete-2.jpg\" class=\"thickbox no_icon\" title=\"\"><img loading=\"lazy\" decoding=\"async\" width=\"1024\" height=\"562\" src=\"https:\/\/www.mecerreyes.com\/mece\/wp-content\/uploads\/2025\/12\/Autor-Saray-Perez-conocida-por-su-nombre-artistico-Siete-2-1024x562.jpg\" alt=\"\" class=\"wp-image-27032\" srcset=\"https:\/\/www.mecerreyes.com\/mece\/wp-content\/uploads\/2025\/12\/Autor-Saray-Perez-conocida-por-su-nombre-artistico-Siete-2-1024x562.jpg 1024w, https:\/\/www.mecerreyes.com\/mece\/wp-content\/uploads\/2025\/12\/Autor-Saray-Perez-conocida-por-su-nombre-artistico-Siete-2-300x165.jpg 300w, https:\/\/www.mecerreyes.com\/mece\/wp-content\/uploads\/2025\/12\/Autor-Saray-Perez-conocida-por-su-nombre-artistico-Siete-2-768x421.jpg 768w, https:\/\/www.mecerreyes.com\/mece\/wp-content\/uploads\/2025\/12\/Autor-Saray-Perez-conocida-por-su-nombre-artistico-Siete-2-1080x592.jpg 1080w, https:\/\/www.mecerreyes.com\/mece\/wp-content\/uploads\/2025\/12\/Autor-Saray-Perez-conocida-por-su-nombre-artistico-Siete-2.jpg 1163w\" sizes=\"(max-width: 1024px) 100vw, 1024px\" \/><\/a><\/figure>\n\n\n\n<figure class=\"wp-block-image aligncenter size-full\"><a  href=\"https:\/\/www.mecerreyes.com\/mece\/wp-content\/uploads\/2025\/12\/Autor-Saray-Perez-conocida-por-su-nombre-artistico-Siete-3.jpg\" class=\"thickbox no_icon\" title=\"\"><img loading=\"lazy\" decoding=\"async\" width=\"699\" height=\"638\" src=\"https:\/\/www.mecerreyes.com\/mece\/wp-content\/uploads\/2025\/12\/Autor-Saray-Perez-conocida-por-su-nombre-artistico-Siete-3.jpg\" alt=\"\" class=\"wp-image-27033\" srcset=\"https:\/\/www.mecerreyes.com\/mece\/wp-content\/uploads\/2025\/12\/Autor-Saray-Perez-conocida-por-su-nombre-artistico-Siete-3.jpg 699w, https:\/\/www.mecerreyes.com\/mece\/wp-content\/uploads\/2025\/12\/Autor-Saray-Perez-conocida-por-su-nombre-artistico-Siete-3-300x274.jpg 300w\" sizes=\"(max-width: 699px) 100vw, 699px\" \/><\/a><\/figure>\n\n\n\n<div style=\"height:100px\" aria-hidden=\"true\" class=\"wp-block-spacer\"><\/div>\n\n\n\n<p class=\"has-luminous-vivid-amber-background-color has-background\" style=\"font-size:22px\"><strong>SARA SANTAMARIA<\/strong><\/p>\n\n\n\n<p>Diario de Burgos, en su secci\u00f3n de Sociedad, public\u00f3 el 16 de noviembre un resumen de uno de los temas impartidos por el servicio de Ginecolog\u00eda y Obstetricia del Hospital Universitario de Burgos.<\/p>\n\n\n\n<p>Las doctoras Sara Santamar\u00eda (hija de Salvador y Esperanza) y Carmen Fern\u00e1ndez abordaron el tema de la salud sexual y reproductiva, hablaron de mitos y tab\u00faes a los profesionales del hospital y los de atenci\u00f3n primaria.<\/p>\n\n\n\n<p>Demandaron un abordaje desde la escuela adaptado a las edades de ni\u00f1as y ni\u00f1os.<\/p>\n\n\n\n<p>Sara Santamar\u00eda centr\u00f3 su intervenci\u00f3n en el parto, puerperio y la lactancia. <\/p>\n\n\n\n<figure class=\"wp-block-image aligncenter size-large\"><a  href=\"https:\/\/www.mecerreyes.com\/mece\/wp-content\/uploads\/2025\/11\/2025-11-16-Articulo-Sara-Diario-de-Burgos.jpg\" class=\"thickbox no_icon\" title=\"\"><img loading=\"lazy\" decoding=\"async\" width=\"780\" height=\"1024\" src=\"https:\/\/www.mecerreyes.com\/mece\/wp-content\/uploads\/2025\/11\/2025-11-16-Articulo-Sara-Diario-de-Burgos-780x1024.jpg\" alt=\"\" class=\"wp-image-27022\" srcset=\"https:\/\/www.mecerreyes.com\/mece\/wp-content\/uploads\/2025\/11\/2025-11-16-Articulo-Sara-Diario-de-Burgos-780x1024.jpg 780w, https:\/\/www.mecerreyes.com\/mece\/wp-content\/uploads\/2025\/11\/2025-11-16-Articulo-Sara-Diario-de-Burgos-228x300.jpg 228w, https:\/\/www.mecerreyes.com\/mece\/wp-content\/uploads\/2025\/11\/2025-11-16-Articulo-Sara-Diario-de-Burgos-768x1009.jpg 768w, https:\/\/www.mecerreyes.com\/mece\/wp-content\/uploads\/2025\/11\/2025-11-16-Articulo-Sara-Diario-de-Burgos-1170x1536.jpg 1170w, https:\/\/www.mecerreyes.com\/mece\/wp-content\/uploads\/2025\/11\/2025-11-16-Articulo-Sara-Diario-de-Burgos-1080x1418.jpg 1080w, https:\/\/www.mecerreyes.com\/mece\/wp-content\/uploads\/2025\/11\/2025-11-16-Articulo-Sara-Diario-de-Burgos.jpg 1532w\" sizes=\"(max-width: 780px) 100vw, 780px\" \/><\/a><\/figure>\n\n\n\n<div style=\"height:60px\" aria-hidden=\"true\" class=\"wp-block-spacer\"><\/div>\n\n\n\n<p class=\"has-luminous-vivid-amber-background-color has-background\" style=\"font-size:22px\"><strong>HACE M\u00c1S DE UN SIGLO<\/strong><\/p>\n\n\n\n<p style=\"font-style:normal;font-weight:200\">Salvador Santamar\u00eda nos hace una nueva entrega. <\/p>\n\n\n\n<p style=\"font-style:italic;font-weight:400\"><em><mark style=\"background-color:rgba(0, 0, 0, 0);color:#2b27ec\" class=\"has-inline-color\">Volvemos otra vez a los a\u00f1os 80 del siglo XIX, concretamente a la sesi\u00f3n de la Diputaci\u00f3n provincial del 3 de febrero de 1875, en la que se trata una vez mas el tema de la carretera de Covarrubias a enlazar con la carretera de Soria en Cuevas de San Clemente, pasando por Mecerreyes. <br><br>Este tema de la carretera como ya hab\u00edamos advertido se trata varias veces desde que se inicia su solicitud all\u00e1 por enero del a\u00f1o 1869.<br><br>En esta sesi\u00f3n ya se aprueba presentar a subasta la adjudicaci\u00f3n de los dos primeros cap\u00edtulos del presupuesto (explanaci\u00f3n y obras de fabrica), siendo que el \u201cafirmado, obras accesorias y conservaci\u00f3n y acopios durante el plazo de garant\u00edas\u201d correr\u00e1n a cargo de los Ayuntamientos en los tramos que a cada uno le incumbe. Tambi\u00e9n correr\u00e1n a cuenta de los Ayuntamientos la mitad del coste de expropiaci\u00f3n de los terrenos.<br><br>Se especifican todas las condiciones que debe cumplir el contratista para ir entregando las obras, el tiempo de que dispone (un a\u00f1o), incluso el n\u00famero m\u00ednimo de operarios que tiene que tener trabajando para que se puedan hacer las obras de forma satisfactoria, todo lo cual debe ser verificado por una Comisi\u00f3n de la Diputaci\u00f3n y un Director de obra nombrado tambi\u00e9n por la Diputaci\u00f3n. Solo si cumple todo lo acordado se le devolver\u00e1 la fianza y mientras ira cobrando las Certificaciones mensualmente sobre las obras realizadas a satisfacci\u00f3n del Director de obra.<br><br>Tambi\u00e9n se incluye un listado de las condiciones que han de regir en la subasta, as\u00ed como el modelo de proposiciones de ofertas.<br><br>Parece que las cosas ya empezaban a moverse en este tema pero como todo en la administraci\u00f3n el ritmo es lento y habremos de seguir con el tema alg\u00fan d\u00eda m\u00e1s.<\/mark><\/em><\/p>\n\n\n\n<p>Salvador Santamaria<\/p>\n\n\n\n<p><em><mark style=\"background-color:rgba(0, 0, 0, 0)\" class=\"has-inline-color has-vivid-red-color\">(Nota: todo lo escrito es solamente mi opini\u00f3n, que someto a la de cualquiera que tenga mejor conocimiento que yo sobre este tema)<\/mark><\/em><\/p>\n\n\n\n<figure class=\"wp-block-image aligncenter size-full\"><a  href=\"https:\/\/www.mecerreyes.com\/mece\/wp-content\/uploads\/2025\/12\/1875-subasta-carretera-1.jpg\" class=\"thickbox no_icon\" title=\"\"><img loading=\"lazy\" decoding=\"async\" width=\"165\" height=\"861\" src=\"https:\/\/www.mecerreyes.com\/mece\/wp-content\/uploads\/2025\/12\/1875-subasta-carretera-1.jpg\" alt=\"\" class=\"wp-image-27034\"\/><\/a><\/figure>\n\n\n\n<figure class=\"wp-block-image aligncenter size-full\"><a  href=\"http:\/\/www.mecerreyes.com\/mece\/wp-content\/uploads\/2025\/12\/1875-subasta-carretera-2.jpg\" class=\"thickbox no_icon\" title=\"\"><img loading=\"lazy\" decoding=\"async\" width=\"483\" height=\"858\" src=\"http:\/\/www.mecerreyes.com\/mece\/wp-content\/uploads\/2025\/12\/1875-subasta-carretera-2.jpg\" alt=\"\" class=\"wp-image-27035\" srcset=\"https:\/\/www.mecerreyes.com\/mece\/wp-content\/uploads\/2025\/12\/1875-subasta-carretera-2.jpg 483w, https:\/\/www.mecerreyes.com\/mece\/wp-content\/uploads\/2025\/12\/1875-subasta-carretera-2-169x300.jpg 169w\" sizes=\"(max-width: 483px) 100vw, 483px\" \/><\/a><\/figure>\n\n\n\n<div style=\"height:100px\" aria-hidden=\"true\" class=\"wp-block-spacer\"><\/div>\n\n\n\n<p class=\"has-luminous-vivid-amber-background-color has-background\" style=\"font-size:22px\"><strong>FIESTAS PATRONALES \u2013 SAN MART\u00cdN<\/strong><\/p>\n\n\n\n<p><a  href=\"https:\/\/www.mecerreyes.com\/mece\/?page_id=58\">San Mart\u00edn<\/a>, patr\u00f3n y protector de Mecerreyes, ha sido honrado un a\u00f1o m\u00e1s por los guiletos.<\/p>\n\n\n\n<p><a  href=\"https:\/\/www.mecerreyes.com\/mece\/?page_id=24\">Ayuntamiento<\/a>, <a  href=\"https:\/\/www.mecerreyes.com\/mece\/?page_id=35\">Parroquia<\/a>, Asociaci\u00f3n de Jubilados y la pe\u00f1a Los de aqu\u00ed, han puesto su granito de arena para hacernos disfrutar.<\/p>\n\n\n\n<p>Los j\u00f3venes han tenido su prefiesta nocturna los d\u00edas 7 y 8 en el antiguo Camel.<\/p>\n\n\n\n<p>La comida del d\u00eda 8 en el <a  href=\"https:\/\/www.mecerreyes.com\/mece\/?page_id=797\">Mes\u00f3n de Frutos<\/a> reuni\u00f3 a 70 comensales.<\/p>\n\n\n\n<p>La tradici\u00f3n de tirar cohetes, procesionar y bailar al Santo al son de la jota fue secundada por muchos de los presentes el d\u00eda grande. <\/p>\n\n\n\n<figure class=\"wp-block-image size-large\"><a  href=\"https:\/\/www.mecerreyes.com\/mece\/wp-content\/uploads\/2025\/12\/Mecerreyes-San-Martin-2025-1.jpg\" class=\"thickbox no_icon\" title=\"\"><img loading=\"lazy\" decoding=\"async\" width=\"1024\" height=\"768\" src=\"https:\/\/www.mecerreyes.com\/mece\/wp-content\/uploads\/2025\/12\/Mecerreyes-San-Martin-2025-1-1024x768.jpg\" alt=\"\" class=\"wp-image-27044\" srcset=\"https:\/\/www.mecerreyes.com\/mece\/wp-content\/uploads\/2025\/12\/Mecerreyes-San-Martin-2025-1-1024x768.jpg 1024w, https:\/\/www.mecerreyes.com\/mece\/wp-content\/uploads\/2025\/12\/Mecerreyes-San-Martin-2025-1-300x225.jpg 300w, https:\/\/www.mecerreyes.com\/mece\/wp-content\/uploads\/2025\/12\/Mecerreyes-San-Martin-2025-1-768x576.jpg 768w, https:\/\/www.mecerreyes.com\/mece\/wp-content\/uploads\/2025\/12\/Mecerreyes-San-Martin-2025-1-1536x1152.jpg 1536w, https:\/\/www.mecerreyes.com\/mece\/wp-content\/uploads\/2025\/12\/Mecerreyes-San-Martin-2025-1-2048x1536.jpg 2048w, https:\/\/www.mecerreyes.com\/mece\/wp-content\/uploads\/2025\/12\/Mecerreyes-San-Martin-2025-1-1080x810.jpg 1080w\" sizes=\"(max-width: 1024px) 100vw, 1024px\" \/><\/a><\/figure>\n\n\n\n<figure class=\"wp-block-image size-large\"><a  href=\"https:\/\/www.mecerreyes.com\/mece\/wp-content\/uploads\/2025\/12\/Mecerreyes-San-Martin-2025-2.jpg\" class=\"thickbox no_icon\" title=\"\"><img loading=\"lazy\" decoding=\"async\" width=\"1024\" height=\"768\" src=\"https:\/\/www.mecerreyes.com\/mece\/wp-content\/uploads\/2025\/12\/Mecerreyes-San-Martin-2025-2-1024x768.jpg\" alt=\"\" class=\"wp-image-27045\" srcset=\"https:\/\/www.mecerreyes.com\/mece\/wp-content\/uploads\/2025\/12\/Mecerreyes-San-Martin-2025-2-1024x768.jpg 1024w, https:\/\/www.mecerreyes.com\/mece\/wp-content\/uploads\/2025\/12\/Mecerreyes-San-Martin-2025-2-300x225.jpg 300w, https:\/\/www.mecerreyes.com\/mece\/wp-content\/uploads\/2025\/12\/Mecerreyes-San-Martin-2025-2-768x576.jpg 768w, https:\/\/www.mecerreyes.com\/mece\/wp-content\/uploads\/2025\/12\/Mecerreyes-San-Martin-2025-2-1080x810.jpg 1080w, https:\/\/www.mecerreyes.com\/mece\/wp-content\/uploads\/2025\/12\/Mecerreyes-San-Martin-2025-2.jpg 1417w\" sizes=\"(max-width: 1024px) 100vw, 1024px\" \/><\/a><\/figure>\n\n\n\n<figure class=\"wp-block-image size-full\"><a  href=\"https:\/\/www.mecerreyes.com\/mece\/wp-content\/uploads\/2025\/12\/Mecerreyes-San-Martin-2025-11.jpg\" class=\"thickbox no_icon\" title=\"\"><img loading=\"lazy\" decoding=\"async\" width=\"709\" height=\"981\" src=\"https:\/\/www.mecerreyes.com\/mece\/wp-content\/uploads\/2025\/12\/Mecerreyes-San-Martin-2025-11.jpg\" alt=\"\" class=\"wp-image-27041\" srcset=\"https:\/\/www.mecerreyes.com\/mece\/wp-content\/uploads\/2025\/12\/Mecerreyes-San-Martin-2025-11.jpg 709w, https:\/\/www.mecerreyes.com\/mece\/wp-content\/uploads\/2025\/12\/Mecerreyes-San-Martin-2025-11-217x300.jpg 217w\" sizes=\"(max-width: 709px) 100vw, 709px\" \/><\/a><\/figure>\n\n\n\n<figure class=\"wp-block-image size-large\"><a  href=\"https:\/\/www.mecerreyes.com\/mece\/wp-content\/uploads\/2025\/12\/Mecerreyes-San-Martin-2025-3.jpg\" class=\"thickbox no_icon\" title=\"\"><img loading=\"lazy\" decoding=\"async\" width=\"1024\" height=\"768\" src=\"https:\/\/www.mecerreyes.com\/mece\/wp-content\/uploads\/2025\/12\/Mecerreyes-San-Martin-2025-3-1024x768.jpg\" alt=\"\" class=\"wp-image-27037\" srcset=\"https:\/\/www.mecerreyes.com\/mece\/wp-content\/uploads\/2025\/12\/Mecerreyes-San-Martin-2025-3-1024x768.jpg 1024w, https:\/\/www.mecerreyes.com\/mece\/wp-content\/uploads\/2025\/12\/Mecerreyes-San-Martin-2025-3-300x225.jpg 300w, https:\/\/www.mecerreyes.com\/mece\/wp-content\/uploads\/2025\/12\/Mecerreyes-San-Martin-2025-3-768x576.jpg 768w, https:\/\/www.mecerreyes.com\/mece\/wp-content\/uploads\/2025\/12\/Mecerreyes-San-Martin-2025-3-1080x810.jpg 1080w, https:\/\/www.mecerreyes.com\/mece\/wp-content\/uploads\/2025\/12\/Mecerreyes-San-Martin-2025-3.jpg 1417w\" sizes=\"(max-width: 1024px) 100vw, 1024px\" \/><\/a><\/figure>\n\n\n\n<p>El coro de Covarrubias nos esperaba ya en la iglesia, su bonita actuaci\u00f3n durante la eucarist\u00eda que fue concelebrada por Modesto Blanco, Alejandro Gonz\u00e1lez,&nbsp; Jes\u00fas Gonz\u00e1lez y nuestro p\u00e1rroco Julio Alonso, y honrada con la presencia de las autoridades vecinas, locales &nbsp;y provinciales, hizo grande este d\u00eda de fiesta. <\/p>\n\n\n\n<figure class=\"wp-block-image size-large\"><a  href=\"https:\/\/www.mecerreyes.com\/mece\/wp-content\/uploads\/2025\/12\/Mecerreyes-San-Martin-2025-7.jpg\" class=\"thickbox no_icon\" title=\"\"><img loading=\"lazy\" decoding=\"async\" width=\"1024\" height=\"461\" src=\"https:\/\/www.mecerreyes.com\/mece\/wp-content\/uploads\/2025\/12\/Mecerreyes-San-Martin-2025-7-1024x461.jpg\" alt=\"\" class=\"wp-image-27042\" srcset=\"https:\/\/www.mecerreyes.com\/mece\/wp-content\/uploads\/2025\/12\/Mecerreyes-San-Martin-2025-7-1024x461.jpg 1024w, https:\/\/www.mecerreyes.com\/mece\/wp-content\/uploads\/2025\/12\/Mecerreyes-San-Martin-2025-7-300x135.jpg 300w, https:\/\/www.mecerreyes.com\/mece\/wp-content\/uploads\/2025\/12\/Mecerreyes-San-Martin-2025-7-768x346.jpg 768w, https:\/\/www.mecerreyes.com\/mece\/wp-content\/uploads\/2025\/12\/Mecerreyes-San-Martin-2025-7-1080x486.jpg 1080w, https:\/\/www.mecerreyes.com\/mece\/wp-content\/uploads\/2025\/12\/Mecerreyes-San-Martin-2025-7.jpg 1417w\" sizes=\"(max-width: 1024px) 100vw, 1024px\" \/><\/a><\/figure>\n\n\n\n<figure class=\"wp-block-image size-full\"><a  href=\"https:\/\/www.mecerreyes.com\/mece\/wp-content\/uploads\/2025\/12\/Mecerreyes-San-Martin-2025-6.jpeg\" class=\"thickbox no_icon\" title=\"\"><img loading=\"lazy\" decoding=\"async\" width=\"1000\" height=\"750\" src=\"https:\/\/www.mecerreyes.com\/mece\/wp-content\/uploads\/2025\/12\/Mecerreyes-San-Martin-2025-6.jpeg\" alt=\"\" class=\"wp-image-27043\" srcset=\"https:\/\/www.mecerreyes.com\/mece\/wp-content\/uploads\/2025\/12\/Mecerreyes-San-Martin-2025-6.jpeg 1000w, https:\/\/www.mecerreyes.com\/mece\/wp-content\/uploads\/2025\/12\/Mecerreyes-San-Martin-2025-6-300x225.jpeg 300w, https:\/\/www.mecerreyes.com\/mece\/wp-content\/uploads\/2025\/12\/Mecerreyes-San-Martin-2025-6-768x576.jpeg 768w\" sizes=\"(max-width: 1000px) 100vw, 1000px\" \/><\/a><\/figure>\n\n\n\n<p>El pincho popular en el patio de las escuelas y el baile a cargo de la Orquesta Los Anises propiciaron momentos donde compartir una charla o recordar que a\u00fan somos j\u00f3venes para bailar una jota, pasodoble o lo que se tercie.<\/p>\n\n\n\n<figure class=\"wp-block-image size-large\"><a  href=\"https:\/\/www.mecerreyes.com\/mece\/wp-content\/uploads\/2025\/12\/Mecerreyes-San-Martin-2025-9.jpg\" class=\"thickbox no_icon\" title=\"\"><img loading=\"lazy\" decoding=\"async\" width=\"1024\" height=\"461\" src=\"https:\/\/www.mecerreyes.com\/mece\/wp-content\/uploads\/2025\/12\/Mecerreyes-San-Martin-2025-9-1024x461.jpg\" alt=\"\" class=\"wp-image-27038\" srcset=\"https:\/\/www.mecerreyes.com\/mece\/wp-content\/uploads\/2025\/12\/Mecerreyes-San-Martin-2025-9-1024x461.jpg 1024w, https:\/\/www.mecerreyes.com\/mece\/wp-content\/uploads\/2025\/12\/Mecerreyes-San-Martin-2025-9-300x135.jpg 300w, https:\/\/www.mecerreyes.com\/mece\/wp-content\/uploads\/2025\/12\/Mecerreyes-San-Martin-2025-9-768x346.jpg 768w, https:\/\/www.mecerreyes.com\/mece\/wp-content\/uploads\/2025\/12\/Mecerreyes-San-Martin-2025-9-1080x486.jpg 1080w, https:\/\/www.mecerreyes.com\/mece\/wp-content\/uploads\/2025\/12\/Mecerreyes-San-Martin-2025-9.jpg 1417w\" sizes=\"(max-width: 1024px) 100vw, 1024px\" \/><\/a><\/figure>\n\n\n\n<figure class=\"wp-block-image size-large\"><a  href=\"https:\/\/www.mecerreyes.com\/mece\/wp-content\/uploads\/2025\/12\/Mecerreyes-San-Martin-2025-10.jpg\" class=\"thickbox no_icon\" title=\"\"><img loading=\"lazy\" decoding=\"async\" width=\"1024\" height=\"461\" src=\"https:\/\/www.mecerreyes.com\/mece\/wp-content\/uploads\/2025\/12\/Mecerreyes-San-Martin-2025-10-1024x461.jpg\" alt=\"\" class=\"wp-image-27039\" srcset=\"https:\/\/www.mecerreyes.com\/mece\/wp-content\/uploads\/2025\/12\/Mecerreyes-San-Martin-2025-10-1024x461.jpg 1024w, https:\/\/www.mecerreyes.com\/mece\/wp-content\/uploads\/2025\/12\/Mecerreyes-San-Martin-2025-10-300x135.jpg 300w, https:\/\/www.mecerreyes.com\/mece\/wp-content\/uploads\/2025\/12\/Mecerreyes-San-Martin-2025-10-768x346.jpg 768w, https:\/\/www.mecerreyes.com\/mece\/wp-content\/uploads\/2025\/12\/Mecerreyes-San-Martin-2025-10-1080x486.jpg 1080w, https:\/\/www.mecerreyes.com\/mece\/wp-content\/uploads\/2025\/12\/Mecerreyes-San-Martin-2025-10.jpg 1417w\" sizes=\"(max-width: 1024px) 100vw, 1024px\" \/><\/a><\/figure>\n\n\n\n<figure class=\"wp-block-image size-large\"><a  href=\"https:\/\/www.mecerreyes.com\/mece\/wp-content\/uploads\/2025\/12\/Mecerreyes-San-Martin-2025-4.jpg\" class=\"thickbox no_icon\" title=\"\"><img loading=\"lazy\" decoding=\"async\" width=\"1024\" height=\"768\" src=\"https:\/\/www.mecerreyes.com\/mece\/wp-content\/uploads\/2025\/12\/Mecerreyes-San-Martin-2025-4-1024x768.jpg\" alt=\"\" class=\"wp-image-27040\" srcset=\"https:\/\/www.mecerreyes.com\/mece\/wp-content\/uploads\/2025\/12\/Mecerreyes-San-Martin-2025-4-1024x768.jpg 1024w, https:\/\/www.mecerreyes.com\/mece\/wp-content\/uploads\/2025\/12\/Mecerreyes-San-Martin-2025-4-300x225.jpg 300w, https:\/\/www.mecerreyes.com\/mece\/wp-content\/uploads\/2025\/12\/Mecerreyes-San-Martin-2025-4-768x576.jpg 768w, https:\/\/www.mecerreyes.com\/mece\/wp-content\/uploads\/2025\/12\/Mecerreyes-San-Martin-2025-4-1080x810.jpg 1080w, https:\/\/www.mecerreyes.com\/mece\/wp-content\/uploads\/2025\/12\/Mecerreyes-San-Martin-2025-4.jpg 1417w\" sizes=\"(max-width: 1024px) 100vw, 1024px\" \/><\/a><\/figure>\n\n\n\n<p>\u00a1Viva <a  href=\"https:\/\/www.mecerreyes.com\/mece\/?page_id=58\">San Mart\u00edn<\/a>! \u00a1Viva el acompa\u00f1amiento!<\/p>\n\n\n\n<p><\/p>\n\n\n\n<figure class=\"wp-block-image size-large\"><a  href=\"https:\/\/www.mecerreyes.com\/mece\/wp-content\/uploads\/2025\/12\/Mecerreyes-San-Martin-2025-5.jpg\" class=\"thickbox no_icon\" title=\"\"><img loading=\"lazy\" decoding=\"async\" width=\"1024\" height=\"461\" src=\"https:\/\/www.mecerreyes.com\/mece\/wp-content\/uploads\/2025\/12\/Mecerreyes-San-Martin-2025-5-1024x461.jpg\" alt=\"\" class=\"wp-image-27046\" srcset=\"https:\/\/www.mecerreyes.com\/mece\/wp-content\/uploads\/2025\/12\/Mecerreyes-San-Martin-2025-5-1024x461.jpg 1024w, https:\/\/www.mecerreyes.com\/mece\/wp-content\/uploads\/2025\/12\/Mecerreyes-San-Martin-2025-5-300x135.jpg 300w, https:\/\/www.mecerreyes.com\/mece\/wp-content\/uploads\/2025\/12\/Mecerreyes-San-Martin-2025-5-768x346.jpg 768w, https:\/\/www.mecerreyes.com\/mece\/wp-content\/uploads\/2025\/12\/Mecerreyes-San-Martin-2025-5-1080x486.jpg 1080w, https:\/\/www.mecerreyes.com\/mece\/wp-content\/uploads\/2025\/12\/Mecerreyes-San-Martin-2025-5.jpg 1417w\" sizes=\"(max-width: 1024px) 100vw, 1024px\" \/><\/a><\/figure>\n\n\n\n<div style=\"height:100px\" aria-hidden=\"true\" class=\"wp-block-spacer\"><\/div>\n\n\n\n<p class=\"has-luminous-vivid-amber-background-color has-background\" style=\"font-size:22px\"><strong>COMIENZA LA TEMPORADA DEPORTIVA &#8211; TORNEO DE LA EXCMA.<br>DIPUTACI\u00d3N DE BURGOS<\/strong><\/p>\n\n\n\n<div class=\"wp-block-media-text is-stacked-on-mobile\" style=\"grid-template-columns:42% auto\"><figure class=\"wp-block-media-text__media\"><img loading=\"lazy\" decoding=\"async\" width=\"200\" height=\"200\" src=\"http:\/\/www.mecerreyes.com\/mece\/wp-content\/uploads\/2025\/04\/Escudo-CD-Mecerreyes.jpg\" alt=\"\" class=\"wp-image-26244 size-full\" srcset=\"https:\/\/www.mecerreyes.com\/mece\/wp-content\/uploads\/2025\/04\/Escudo-CD-Mecerreyes.jpg 200w, https:\/\/www.mecerreyes.com\/mece\/wp-content\/uploads\/2025\/04\/Escudo-CD-Mecerreyes-150x150.jpg 150w\" sizes=\"(max-width: 200px) 100vw, 200px\" \/><\/figure><div class=\"wp-block-media-text__content\">\n<p style=\"font-size:15px\"><strong>C.D. MECERREYES &#8211; SOLARANA<\/strong> jugaron el primer partido en el campo de futbol del Puentedura el domingo 30-11-25 a las 4 de la tarde, el marcador se cerr\u00f3 con el resultado de 2-2<\/p>\n\n\n\n<p style=\"font-size:15px\">Felicitar una temporada m\u00e1s al equipo por su compromiso, deseamos disfruten de este deporte y contagien a los peque\u00f1os guiletos, asegurando una cantera que pueda jugar habitualmente en el nuevo campo de futbol de Mecerreyes.<\/p>\n<\/div><\/div>\n\n\n\n<figure class=\"wp-block-image aligncenter size-full\"><a  href=\"https:\/\/www.mecerreyes.com\/mece\/wp-content\/uploads\/2025\/12\/Clasificacion-Futbol-Mecerreyes.jpg\" class=\"thickbox no_icon\" title=\"\"><img loading=\"lazy\" decoding=\"async\" width=\"833\" height=\"462\" src=\"https:\/\/www.mecerreyes.com\/mece\/wp-content\/uploads\/2025\/12\/Clasificacion-Futbol-Mecerreyes.jpg\" alt=\"\" class=\"wp-image-27053\" srcset=\"https:\/\/www.mecerreyes.com\/mece\/wp-content\/uploads\/2025\/12\/Clasificacion-Futbol-Mecerreyes.jpg 833w, https:\/\/www.mecerreyes.com\/mece\/wp-content\/uploads\/2025\/12\/Clasificacion-Futbol-Mecerreyes-300x166.jpg 300w, https:\/\/www.mecerreyes.com\/mece\/wp-content\/uploads\/2025\/12\/Clasificacion-Futbol-Mecerreyes-768x426.jpg 768w\" sizes=\"(max-width: 833px) 100vw, 833px\" \/><\/a><\/figure>\n\n\n\n<div style=\"height:80px\" aria-hidden=\"true\" class=\"wp-block-spacer\"><\/div>\n\n\n\n<p class=\"has-luminous-vivid-amber-background-color has-background\" style=\"font-size:22px\"><strong>ANUNCIO DE <a  href=\"https:\/\/www.mecerreyes.com\/mece\/?page_id=62\">NAVIDAD<\/a> 20-12-25<\/strong><\/p>\n\n\n\n<p>La Asociaci\u00f3n Cultural ya est\u00e1 inmersa en el dise\u00f1o de la <strong>38\u00aa edici\u00f3n del Bel\u00e9n Tradicional<\/strong>. Este a\u00f1o ponen en valor la romer\u00eda de <a  href=\"https:\/\/www.mecerreyes.com\/mece\/?page_id=54\">la Virgen del Camino<\/a>.<\/p>\n\n\n\n<p>Contaremos con <strong>Inmaculada Sierra<\/strong>, esposa de Jos\u00e9 Manso Sa\u00e9z, (nuera de Seve y Mari) como pregonera de la <a  href=\"https:\/\/www.mecerreyes.com\/mece\/?page_id=62\">Navidad<\/a>.<\/p>\n\n\n\n<p>Llegados desde Logro\u00f1o, el <strong>coro de j\u00f3venes&nbsp;Jorbal\u00e1n<\/strong> ser\u00e1 el encargado de poner la nota musical a una noche m\u00e1gica que culminar\u00e1 con la bendici\u00f3n del Bel\u00e9n.<\/p>\n\n\n\n<p>Tenemos una cita el <strong>s\u00e1bado 20 de diciembre a las 19:00 en la Iglesia Parroquial<\/strong>.<\/p>\n\n\n\n<p>\u00a1Os esperamos! <\/p>\n\n\n\n<figure class=\"wp-block-image aligncenter size-large\"><a  href=\"https:\/\/www.mecerreyes.com\/mece\/wp-content\/uploads\/2025\/12\/Mecerreyes-cartel-prologo-navidad-2025.jpg\" class=\"thickbox no_icon\" title=\"\"><img loading=\"lazy\" decoding=\"async\" width=\"724\" height=\"1024\" src=\"https:\/\/www.mecerreyes.com\/mece\/wp-content\/uploads\/2025\/12\/Mecerreyes-cartel-prologo-navidad-2025-724x1024.jpg\" alt=\"\" class=\"wp-image-27054\" srcset=\"https:\/\/www.mecerreyes.com\/mece\/wp-content\/uploads\/2025\/12\/Mecerreyes-cartel-prologo-navidad-2025-724x1024.jpg 724w, https:\/\/www.mecerreyes.com\/mece\/wp-content\/uploads\/2025\/12\/Mecerreyes-cartel-prologo-navidad-2025-212x300.jpg 212w, https:\/\/www.mecerreyes.com\/mece\/wp-content\/uploads\/2025\/12\/Mecerreyes-cartel-prologo-navidad-2025-768x1086.jpg 768w, https:\/\/www.mecerreyes.com\/mece\/wp-content\/uploads\/2025\/12\/Mecerreyes-cartel-prologo-navidad-2025.jpg 1010w\" sizes=\"(max-width: 724px) 100vw, 724px\" \/><\/a><\/figure>\n\n\n\n<div style=\"height:28px\" aria-hidden=\"true\" class=\"wp-block-spacer\"><\/div>\n\n\n\n<figure class=\"wp-block-image size-large\"><a  href=\"https:\/\/www.mecerreyes.com\/mece\/wp-content\/uploads\/2025\/12\/Cartel-Belen-Mecerreyes-2025.jpg\" class=\"thickbox no_icon\" title=\"\"><img loading=\"lazy\" decoding=\"async\" width=\"724\" height=\"1024\" src=\"https:\/\/www.mecerreyes.com\/mece\/wp-content\/uploads\/2025\/12\/Cartel-Belen-Mecerreyes-2025-724x1024.jpg\" alt=\"\" class=\"wp-image-27063\" srcset=\"https:\/\/www.mecerreyes.com\/mece\/wp-content\/uploads\/2025\/12\/Cartel-Belen-Mecerreyes-2025-724x1024.jpg 724w, https:\/\/www.mecerreyes.com\/mece\/wp-content\/uploads\/2025\/12\/Cartel-Belen-Mecerreyes-2025-212x300.jpg 212w, https:\/\/www.mecerreyes.com\/mece\/wp-content\/uploads\/2025\/12\/Cartel-Belen-Mecerreyes-2025-768x1086.jpg 768w, https:\/\/www.mecerreyes.com\/mece\/wp-content\/uploads\/2025\/12\/Cartel-Belen-Mecerreyes-2025-1087x1536.jpg 1087w, https:\/\/www.mecerreyes.com\/mece\/wp-content\/uploads\/2025\/12\/Cartel-Belen-Mecerreyes-2025-1449x2048.jpg 1449w, https:\/\/www.mecerreyes.com\/mece\/wp-content\/uploads\/2025\/12\/Cartel-Belen-Mecerreyes-2025-1080x1527.jpg 1080w, https:\/\/www.mecerreyes.com\/mece\/wp-content\/uploads\/2025\/12\/Cartel-Belen-Mecerreyes-2025.jpg 1772w\" sizes=\"(max-width: 724px) 100vw, 724px\" \/><\/a><\/figure>\n\n\n\n<div style=\"height:59px\" aria-hidden=\"true\" class=\"wp-block-spacer\"><\/div>\n\n\n\n<p class=\"has-luminous-vivid-amber-background-color has-background\" style=\"font-size:22px\"><strong>REFRANERO<\/strong><\/p>\n\n\n\n<ul class=\"wp-block-list\">\n<li><em>\u00abNoviembre tronado, malo para el pastor y peor para el ganado\u00bb.<\/em><\/li>\n\n\n\n<li><em>&nbsp;\u00abPor San Andr\u00e9s, coge el cochino por los pies\u00bb.<\/em><\/li>\n\n\n\n<li><em>&nbsp;\u00abSi en noviembre oyes que truena, la siguiente cosecha ser\u00e1 buena\u00bb.<\/em><\/li>\n\n\n\n<li><em>&nbsp;\u00abA primeros de noviembre, tu fuego enciende\u00bb.&nbsp;<\/em><\/li>\n<\/ul>\n\n\n\n<figure class=\"wp-block-image aligncenter size-full\"><a  href=\"http:\/\/www.mecerreyes.com\/mece\/wp-content\/uploads\/2025\/12\/Mecerreyes-noviembre-2025-foto-Josetxu.jpg\" class=\"thickbox no_icon\" title=\"\"><img loading=\"lazy\" decoding=\"async\" width=\"709\" height=\"472\" src=\"http:\/\/www.mecerreyes.com\/mece\/wp-content\/uploads\/2025\/12\/Mecerreyes-noviembre-2025-foto-Josetxu.jpg\" alt=\"\" class=\"wp-image-27026\" srcset=\"https:\/\/www.mecerreyes.com\/mece\/wp-content\/uploads\/2025\/12\/Mecerreyes-noviembre-2025-foto-Josetxu.jpg 709w, https:\/\/www.mecerreyes.com\/mece\/wp-content\/uploads\/2025\/12\/Mecerreyes-noviembre-2025-foto-Josetxu-300x200.jpg 300w\" sizes=\"(max-width: 709px) 100vw, 709px\" \/><\/a><\/figure>\n\n\n\n<figure class=\"wp-block-image aligncenter size-full\"><a  href=\"http:\/\/www.mecerreyes.com\/mece\/wp-content\/uploads\/2025\/12\/Mecerreyes-noviembre-2025-foto-Josetxu-2.jpg\" class=\"thickbox no_icon\" title=\"\"><img loading=\"lazy\" decoding=\"async\" width=\"709\" height=\"472\" src=\"http:\/\/www.mecerreyes.com\/mece\/wp-content\/uploads\/2025\/12\/Mecerreyes-noviembre-2025-foto-Josetxu-2.jpg\" alt=\"\" class=\"wp-image-27027\" srcset=\"https:\/\/www.mecerreyes.com\/mece\/wp-content\/uploads\/2025\/12\/Mecerreyes-noviembre-2025-foto-Josetxu-2.jpg 709w, https:\/\/www.mecerreyes.com\/mece\/wp-content\/uploads\/2025\/12\/Mecerreyes-noviembre-2025-foto-Josetxu-2-300x200.jpg 300w\" sizes=\"(max-width: 709px) 100vw, 709px\" \/><\/a><\/figure>\n\n\n\n<figure class=\"wp-block-image aligncenter size-full\"><a  href=\"http:\/\/www.mecerreyes.com\/mece\/wp-content\/uploads\/2025\/11\/Tazas-Asociacion-Cultural-Mecerreyes-octubre-2025.jpeg\" class=\"thickbox no_icon\" title=\"\"><img loading=\"lazy\" decoding=\"async\" width=\"1447\" height=\"2048\" src=\"http:\/\/www.mecerreyes.com\/mece\/wp-content\/uploads\/2025\/11\/Tazas-Asociacion-Cultural-Mecerreyes-octubre-2025.jpeg\" alt=\"\" class=\"wp-image-27001\" srcset=\"https:\/\/www.mecerreyes.com\/mece\/wp-content\/uploads\/2025\/11\/Tazas-Asociacion-Cultural-Mecerreyes-octubre-2025.jpeg 1447w, https:\/\/www.mecerreyes.com\/mece\/wp-content\/uploads\/2025\/11\/Tazas-Asociacion-Cultural-Mecerreyes-octubre-2025-212x300.jpeg 212w, https:\/\/www.mecerreyes.com\/mece\/wp-content\/uploads\/2025\/11\/Tazas-Asociacion-Cultural-Mecerreyes-octubre-2025-724x1024.jpeg 724w, https:\/\/www.mecerreyes.com\/mece\/wp-content\/uploads\/2025\/11\/Tazas-Asociacion-Cultural-Mecerreyes-octubre-2025-768x1087.jpeg 768w, https:\/\/www.mecerreyes.com\/mece\/wp-content\/uploads\/2025\/11\/Tazas-Asociacion-Cultural-Mecerreyes-octubre-2025-1085x1536.jpeg 1085w, https:\/\/www.mecerreyes.com\/mece\/wp-content\/uploads\/2025\/11\/Tazas-Asociacion-Cultural-Mecerreyes-octubre-2025-1080x1529.jpeg 1080w\" sizes=\"(max-width: 1447px) 100vw, 1447px\" \/><\/a><\/figure>\n\n\n\n<figure class=\"wp-block-image aligncenter size-full\"><a  href=\"http:\/\/www.mecerreyes.com\/mece\/wp-content\/uploads\/2025\/11\/Loteria-Navidad-2025-ACMecerreyes.jpg\" class=\"thickbox no_icon\" title=\"\"><img loading=\"lazy\" decoding=\"async\" width=\"1800\" height=\"2435\" src=\"http:\/\/www.mecerreyes.com\/mece\/wp-content\/uploads\/2025\/11\/Loteria-Navidad-2025-ACMecerreyes.jpg\" alt=\"\" class=\"wp-image-27000\" srcset=\"https:\/\/www.mecerreyes.com\/mece\/wp-content\/uploads\/2025\/11\/Loteria-Navidad-2025-ACMecerreyes.jpg 1800w, https:\/\/www.mecerreyes.com\/mece\/wp-content\/uploads\/2025\/11\/Loteria-Navidad-2025-ACMecerreyes-222x300.jpg 222w, https:\/\/www.mecerreyes.com\/mece\/wp-content\/uploads\/2025\/11\/Loteria-Navidad-2025-ACMecerreyes-757x1024.jpg 757w, https:\/\/www.mecerreyes.com\/mece\/wp-content\/uploads\/2025\/11\/Loteria-Navidad-2025-ACMecerreyes-768x1039.jpg 768w, https:\/\/www.mecerreyes.com\/mece\/wp-content\/uploads\/2025\/11\/Loteria-Navidad-2025-ACMecerreyes-1135x1536.jpg 1135w, https:\/\/www.mecerreyes.com\/mece\/wp-content\/uploads\/2025\/11\/Loteria-Navidad-2025-ACMecerreyes-1514x2048.jpg 1514w, https:\/\/www.mecerreyes.com\/mece\/wp-content\/uploads\/2025\/11\/Loteria-Navidad-2025-ACMecerreyes-1080x1461.jpg 1080w\" sizes=\"(max-width: 1800px) 100vw, 1800px\" \/><\/a><\/figure>","protected":false},"excerpt":{"rendered":"<p>NOVIEMBRE 2025 Las celebraciones festivas en torno al patr\u00f3n de Mecerreyes han sido las protagonistas de este mes. La propuesta de la Asociaci\u00f3n de Jubilados de reunir a los guiletos en torno a mesa y mantel en el Mes\u00f3n, la de la Pe\u00f1a Los de Aqu\u00ed para hacer que el fin de semana del 8 [&hellip;]<\/p>\n","protected":false},"author":5,"featured_media":27026,"comment_status":"open","ping_status":"closed","sticky":false,"template":"","format":"standard","meta":{"_et_pb_use_builder":"off","_et_pb_old_content":"","_et_gb_content_width":"","footnotes":""},"categories":[1],"tags":[],"class_list":["post-27019","post","type-post","status-publish","format-standard","has-post-thumbnail","hentry","category-general","et-has-post-format-content","et_post_format-et-post-format-standard"],"_links":{"self":[{"href":"https:\/\/www.mecerreyes.com\/mece\/index.php?rest_route=\/wp\/v2\/posts\/27019"}],"collection":[{"href":"https:\/\/www.mecerreyes.com\/mece\/index.php?rest_route=\/wp\/v2\/posts"}],"about":[{"href":"https:\/\/www.mecerreyes.com\/mece\/index.php?rest_route=\/wp\/v2\/types\/post"}],"author":[{"embeddable":true,"href":"https:\/\/www.mecerreyes.com\/mece\/index.php?rest_route=\/wp\/v2\/users\/5"}],"replies":[{"embeddable":true,"href":"https:\/\/www.mecerreyes.com\/mece\/index.php?rest_route=%2Fwp%2Fv2%2Fcomments&post=27019"}],"version-history":[{"count":14,"href":"https:\/\/www.mecerreyes.com\/mece\/index.php?rest_route=\/wp\/v2\/posts\/27019\/revisions"}],"predecessor-version":[{"id":27064,"href":"https:\/\/www.mecerreyes.com\/mece\/index.php?rest_route=\/wp\/v2\/posts\/27019\/revisions\/27064"}],"wp:featuredmedia":[{"embeddable":true,"href":"https:\/\/www.mecerreyes.com\/mece\/index.php?rest_route=\/wp\/v2\/media\/27026"}],"wp:attachment":[{"href":"https:\/\/www.mecerreyes.com\/mece\/index.php?rest_route=%2Fwp%2Fv2%2Fmedia&parent=27019"}],"wp:term":[{"taxonomy":"category","embeddable":true,"href":"https:\/\/www.mecerreyes.com\/mece\/index.php?rest_route=%2Fwp%2Fv2%2Fcategories&post=27019"},{"taxonomy":"post_tag","embeddable":true,"href":"https:\/\/www.mecerreyes.com\/mece\/index.php?rest_route=%2Fwp%2Fv2%2Ftags&post=27019"}],"curies":[{"name":"wp","href":"https:\/\/api.w.org\/{rel}","templated":true}]}}