{"id":2725,"date":"2011-06-07T13:31:31","date_gmt":"2011-06-07T12:31:31","guid":{"rendered":"http:\/\/www.mecerreyes.com\/mece\/?p=2725"},"modified":"2011-06-08T14:27:13","modified_gmt":"2011-06-08T13:27:13","slug":"noticias-junio-2011","status":"publish","type":"post","link":"https:\/\/www.mecerreyes.com\/mece\/?p=2725","title":{"rendered":"Noticias Junio 2011"},"content":{"rendered":"<p style=\"text-align: justify\">Estos d\u00edas parece que Mecerreyes genera m\u00e1s informaci\u00f3n que otros y nos permite modificar la p\u00e1gina con m\u00e1s frecuencia, muchos nos ped\u00eds m\u00e1s noticias, pero el pueblo no crea noticias a diario, as\u00ed que las vamos agrupando para informar,\u00a0 principalmente,\u00a0a los que se encuentran m\u00e1s alejados de Mecerreyes. De todas formas <strong>muchas gracias por leer y visitar la p\u00e1gina.<\/strong><\/p>\n<h2 style=\"text-align: justify\">\u00a0<\/h2>\n<h2 style=\"text-align: justify\">ORFE\u00d3N BURGAL\u00c9S<\/h2>\n<p style=\"text-align: justify\"><span style=\"font-size: small\">El domingo 5 de Junio de 2011 un grupo del <strong>Orfe\u00f3n Burgal\u00e9s <\/strong>quiso celebrar en Mecerreyes una Misa-homenaje a un compa\u00f1ero; tambi\u00e9n nos regalaron una preciosa canci\u00f3n: El \u201cAve Mar\u00eda\u201d de Schubert. Fue una celebraci\u00f3n muy entra\u00f1able y emotiva presidida por el Sacerdote D.Domingo. Gracias.<\/span><\/p>\n<p style=\"text-align: justify\"><span style=\"font-size: small\">Y quien mejor pudo hacer la presentaci\u00f3n que un guileto: Amador \u201cel Pices\u201d, transcribimos el saludo que nos dedic\u00f3 al comenzar la celebraci\u00f3n de la misa del domingo:<\/span><\/p>\n<p style=\"text-align: justify\"><span style=\"font-size: small\">\u00a0<\/span><\/p>\n<p style=\"text-align: justify\"><em><span style=\"font-size: small\">Mis buenos amigos y vecinos de Mecerreyes:<\/span><\/em><em><span style=\"font-size: small\">\u00a0<\/span><\/em><\/p>\n<p style=\"text-align: justify\"><em><span style=\"font-size: small\">Una vez m\u00e1s, en esta ma\u00f1ana primaveral luminosa y alegre, como en tantas otras, envuelta en olor a mieses aun no maduras y el gorjeo de cientos de inquietos pajarillos, nos encontramos en esta hermosa iglesia donde los recuerdos se agolpan en mi mente de solemnes momentos vividos en ella, en la ya lejana juventud.<\/span><\/em><\/p>\n<p style=\"text-align: justify\"><em><span style=\"font-size: small\">La pila bautismal en la que se derramaron sobre mi cabeza las aguas purificantes, los mudos bancos donde recib\u00ed por primera vez la eucarist\u00eda y la solemne confirmaci\u00f3n; ese coro de feliz memoria bajo la atenta mirada de D. Jaime y D.Rafael, mis maestros, de los que tambi\u00e9n guardo inmejorables recuerdos. Aqu\u00ed, por fin, pronunci\u00e9 el s\u00ed quiero, que hoy a\u00fan me emociona, a la hija de Cristo. No olvido \u201clos San Martines\u201d y sus fiestas.<\/span><\/em><\/p>\n<p style=\"text-align: justify\"><em><span style=\"font-size: small\">El caminar de la vida, me trajo en sus avatares, otros amigos, muy buenos amigos, y entre ellos, Antonio e Isabel. Juntos, hemos compartido intensos momentos y una prolongada amistad. El Orfe\u00f3n Burgal\u00e9s fue el nexo de uni\u00f3n, el hilo conductor de esa amistad. Conciertos, viajes, \u00e1gapes y brindis, acariciados de suaves arpegios y vibrantes notas y melod\u00edas de lo mejor del folclore burgal\u00e9s y de la m\u00fasica cl\u00e1sica y religiosa.<\/span><\/em><\/p>\n<p style=\"text-align: justify\"><em><span style=\"font-size: small\">No olvido en esta cita a Domingo, el celebrante y nuestro Presidente, a Carlos, Director de la masa coral durante muchos a\u00f1os, de cuya mano y batuta llegaron los mejores \u00e9xitos de nuestro Orfe\u00f3n, repartidos por Espa\u00f1a y Europa. Jose M\u00aa y Aurora, Curro y Asun, Rafa y todos los dem\u00e1s de la cuadrilla que no nombro por no extenderme demasiado.<\/span><\/em><\/p>\n<p style=\"text-align: justify\"><em><span style=\"font-size: small\">Hoy, en torno a <strong>Antonio<\/strong>, alma de este grupo de amigos, le queremos testimoniar nuestro afecto y nuestra sincera enhorabuena. Mucho tiempo lo pas\u00f3 pensando en el goce y disfrute de los dem\u00e1s; ahora, muy merecidamente, todos pensamos en \u00e9l, en justa correspondencia.<\/span><\/em><\/p>\n<p style=\"text-align: justify\"><em><span style=\"font-size: small\">Antonio: que pases un gran d\u00eda y que todos disfrutemos de \u00e9l.\u00a0\u00a0\u00a0\u00a0\u00a0\u00a0 <\/span><\/em><em><span style=\"font-size: small\">\u00a1\u00a1 Felicidades !!<\/span><\/em><\/p>\n<p style=\"text-align: justify\"><em><span style=\"font-size: small\">\u00a0<\/span><\/em><em><span style=\"font-size: small\">No quiero olvidar a nuestro amigo Alejandro C\u00e9spedes, hoy estar\u00eda muy a gusto con nosotros.<\/span><\/em><\/p>\n<p style=\"text-align: justify\"><em><span style=\"font-size: small\">\u00a0<\/span><\/em><\/p>\n<p style=\"text-align: justify\"><em><span style=\"font-size: small\">Mecerreyes, 5 de junio de 2011<\/span><\/em><\/p>\n<h2 style=\"text-align: justify\"><span style=\"font-size: small\">\u00a0<\/span><\/h2>\n<div><span style=\"font-size: small\">\u00a0<\/span><\/div>\n<div><span style=\"font-size: small\">\u00a0<\/span><\/div>\n<div><span style=\"font-size: small\">\u00a0<\/span><\/div>\n<div><span style=\"font-size: small\">\u00a0<\/span><\/div>\n<div><span style=\"font-size: small\"><\/span><\/div>\n<p><span style=\"font-size: small\"><\/p>\n<div id=\"attachment_2807\" style=\"width: 710px\" class=\"wp-caption alignnone\"><a  href=\"http:\/\/www.mecerreyes.com\/mece\/wp-content\/uploads\/2011\/06\/El-Orfeon-Burgales-Mecerreyes-5-06-2011.jpg\" class=\"thickbox no_icon\" title=\"\"><img loading=\"lazy\" decoding=\"async\" aria-describedby=\"caption-attachment-2807\" class=\"size-full wp-image-2807\" src=\"http:\/\/www.mecerreyes.com\/mece\/wp-content\/uploads\/2011\/06\/El-Orfeon-Burgales-Mecerreyes-5-06-2011.jpg\" alt=\"\" width=\"700\" height=\"525\" srcset=\"https:\/\/www.mecerreyes.com\/mece\/wp-content\/uploads\/2011\/06\/El-Orfeon-Burgales-Mecerreyes-5-06-2011.jpg 700w, https:\/\/www.mecerreyes.com\/mece\/wp-content\/uploads\/2011\/06\/El-Orfeon-Burgales-Mecerreyes-5-06-2011-300x225.jpg 300w\" sizes=\"(max-width: 700px) 100vw, 700px\" \/><\/a><p id=\"caption-attachment-2807\" class=\"wp-caption-text\">El Orfeon Burgales, Mecerreyes 5-06-2011<\/p><\/div>\n<div class=\"mceTemp\"><span style=\"font-size: small\">\u00a0<\/span><\/div>\n<p>\u00a0<\/p>\n<p><\/span><\/p>\n<h2 style=\"text-align: justify\">DEFUNCIONES<\/h2>\n<p style=\"text-align: justify\">El domingo a primera hora de la ma\u00f1ana tocaron las campanas de Mecerreyes \u201ca difunto\u201d, pronto lleg\u00f3 la triste noticia a todos los hogares: <strong>HONORATA ALONSO CUEVAS <\/strong>hab\u00eda fallecido a sus 93 a\u00f1os en Madrid, el lunes 6 de junio fue enterrada en Mecerreyes acompa\u00f1ada de sus hijos Merche y Floren, as\u00ed como de todos sus familiares, amigos y vecinos del pueblo. Nuestro sincero p\u00e9same a toda la familia.<\/p>\n<p style=\"text-align: justify\"><em>\u00a0<\/em>\u00a0<em>\u00a0<\/em><\/p>\n<h2 style=\"text-align: justify\">RESULTADOS ELECCIONES MUNICIPALES 2011<\/h2>\n<p style=\"text-align: justify\">Celebradas las votaciones el domingo 22 de mayo de 2011, sin incidentes y dentro de la normalidad, queremos hacerlos llegar los resultados obtenidos en estas elecciones Municipales:<\/p>\n<p style=\"text-align: justify\">Del total de votantes: 253, ejercieron su derecho al voto: 172 es decir un 67,98 %<\/p>\n<p style=\"text-align: justify\">Los 172 votos se repartieron de la siguiente forma:<\/p>\n<ul style=\"text-align: justify\">\n<li>\u00a0\u00a0\u00a0 132 para la \u00fanica candidatura presentada<\/li>\n<li>\u00a0\u00a0\u00a0 14 nulos<\/li>\n<li>\u00a0\u00a0\u00a0 26 blanco<\/li>\n<\/ul>\n<p style=\"text-align: justify\">\u00a0<\/p>\n<h2 style=\"text-align: justify\">BAUTIZO<\/h2>\n<p style=\"text-align: justify\">Con la llegada del buen tiempo es com\u00fan en estas fechas los bautizos en Mecerreyes, en esta ocasi\u00f3n queremos felicitar a\u00a0<strong>TATIANA<\/strong> hija de Amanda y Roberto, que fue bautizada el s\u00e1bado 14 de mayo en nuestra bonita iglesia. Felicidades a toda la familia, y en especial a su hermana Eva y a los abuelos Maria e Ignacio.<\/p>","protected":false},"excerpt":{"rendered":"<p>Estos d\u00edas parece que Mecerreyes genera m\u00e1s informaci\u00f3n que otros y nos permite modificar la p\u00e1gina con m\u00e1s frecuencia, muchos nos ped\u00eds m\u00e1s noticias, pero el pueblo no crea noticias a diario, as\u00ed que las vamos agrupando para informar,\u00a0 principalmente,\u00a0a los que se encuentran m\u00e1s alejados de Mecerreyes. De todas formas muchas gracias por leer [&hellip;]<\/p>\n","protected":false},"author":5,"featured_media":0,"comment_status":"open","ping_status":"closed","sticky":false,"template":"","format":"standard","meta":{"_et_pb_use_builder":"","_et_pb_old_content":"","_et_gb_content_width":"","footnotes":""},"categories":[1],"tags":[21],"class_list":["post-2725","post","type-post","status-publish","format-standard","hentry","category-general","tag-guiletos","et-doesnt-have-format-content","et_post_format-et-post-format-standard"],"_links":{"self":[{"href":"https:\/\/www.mecerreyes.com\/mece\/index.php?rest_route=\/wp\/v2\/posts\/2725"}],"collection":[{"href":"https:\/\/www.mecerreyes.com\/mece\/index.php?rest_route=\/wp\/v2\/posts"}],"about":[{"href":"https:\/\/www.mecerreyes.com\/mece\/index.php?rest_route=\/wp\/v2\/types\/post"}],"author":[{"embeddable":true,"href":"https:\/\/www.mecerreyes.com\/mece\/index.php?rest_route=\/wp\/v2\/users\/5"}],"replies":[{"embeddable":true,"href":"https:\/\/www.mecerreyes.com\/mece\/index.php?rest_route=%2Fwp%2Fv2%2Fcomments&post=2725"}],"version-history":[{"count":0,"href":"https:\/\/www.mecerreyes.com\/mece\/index.php?rest_route=\/wp\/v2\/posts\/2725\/revisions"}],"wp:attachment":[{"href":"https:\/\/www.mecerreyes.com\/mece\/index.php?rest_route=%2Fwp%2Fv2%2Fmedia&parent=2725"}],"wp:term":[{"taxonomy":"category","embeddable":true,"href":"https:\/\/www.mecerreyes.com\/mece\/index.php?rest_route=%2Fwp%2Fv2%2Fcategories&post=2725"},{"taxonomy":"post_tag","embeddable":true,"href":"https:\/\/www.mecerreyes.com\/mece\/index.php?rest_route=%2Fwp%2Fv2%2Ftags&post=2725"}],"curies":[{"name":"wp","href":"https:\/\/api.w.org\/{rel}","templated":true}]}}