{"id":3551,"date":"2011-10-19T08:12:35","date_gmt":"2011-10-19T07:12:35","guid":{"rendered":"http:\/\/www.mecerreyes.com\/mece\/?p=3551"},"modified":"2011-10-19T08:12:35","modified_gmt":"2011-10-19T07:12:35","slug":"noticias-septiembreoctubre-2011","status":"publish","type":"post","link":"https:\/\/www.mecerreyes.com\/mece\/?p=3551","title":{"rendered":"Noticias Septiembre\/Octubre 2011"},"content":{"rendered":"<p style=\"text-align: justify\">As\u00ed como nos quej\u00e1bamos del mal tiempo del mes de julio, ahora estamos en octubre pero alguno seguro que piensa que estamos en verano; el tiempo de estos meses de septiembre y octubre es estupendo: ambiente estival, temperaturas muy agradables, sol radiante y d\u00edas para disfrutar del pueblo, de sus paseos y su gente.<\/p>\n<p style=\"text-align: justify\">\u00a0<\/p>\n<p style=\"text-align: justify\">\u00a0<\/p>\n<p style=\"text-align: justify\">\u00a0<\/p>\n<h1 style=\"text-align: justify\"><span style=\"color: #000000\"><strong><span style=\"text-decoration: underline\">NACIMIENTOS<\/span><\/strong><\/span><\/h1>\n<p style=\"text-align: justify\"><strong>\u00c1NGELA VICARIO ARROYO<\/strong>, naci\u00f3 el 13 de septiembre en Madrid, hija de Merche y F\u00e9lix, felicitamos a toda la familia, en especial a los abuelos Angelita y Paulino y a sus hermanas Esther y Ariana que sabemos est\u00e1n encantadas y son unas \u201ccuidadoras de lujo\u201d para \u00c1ngela. Felicidades.\u00a0<\/p>\n<p style=\"text-align: justify\">\u00a0<\/p>\n<p style=\"text-align: justify\"><strong>ANTONIO HERN\u00c1NDEZ DIEZ<\/strong>, hijo de Patricia y Alberto naci\u00f3 el 17 de septiembre en Burgos, su hermana Luc\u00eda igual no est\u00e1 ahora tan encantada con su hermanito, pero pronto comenzar\u00e1n a jugar juntos y lo pasar\u00e1n en grande. Los abuelos Marisa y Manolo est\u00e1n disfrutando con su segundo nieto. Felicidades para todos.<\/p>\n<p style=\"text-align: justify\">\u00a0<\/p>\n<p style=\"text-align: justify\">Recibimos la foto de <strong>Daniel Alonso Hidalgo<\/strong>, del que anunci\u00e1bamos su nacimiento en el mes de agosto, le podemos ver junto a sus padres (Mar\u00eda y Asier) ataviados con la camiseta de Mecerreyes y pronto veremos a Daniel tambi\u00e9n con su camiseta.<\/p>\n<p style=\"text-align: justify\"><a  href=\"http:\/\/www.mecerreyes.com\/mece\/wp-content\/uploads\/2011\/10\/Daniel-Alonso-Hidalgo-22-08-2011-a.jpg\" class=\"thickbox no_icon\" title=\"\"><img loading=\"lazy\" decoding=\"async\" class=\"alignnone size-large wp-image-3555\" src=\"http:\/\/www.mecerreyes.com\/mece\/wp-content\/uploads\/2011\/10\/Daniel-Alonso-Hidalgo-22-08-2011-a-1024x379.jpg\" alt=\"\" width=\"645\" height=\"239\" srcset=\"https:\/\/www.mecerreyes.com\/mece\/wp-content\/uploads\/2011\/10\/Daniel-Alonso-Hidalgo-22-08-2011-a-1024x379.jpg 1024w, https:\/\/www.mecerreyes.com\/mece\/wp-content\/uploads\/2011\/10\/Daniel-Alonso-Hidalgo-22-08-2011-a-300x111.jpg 300w, https:\/\/www.mecerreyes.com\/mece\/wp-content\/uploads\/2011\/10\/Daniel-Alonso-Hidalgo-22-08-2011-a.jpg 1417w\" sizes=\"(max-width: 645px) 100vw, 645px\" \/><\/a><\/p>\n<p style=\"text-align: justify\">\u00a0<\/p>\n<p style=\"text-align: justify\">\u00a0<\/p>\n<h1 style=\"text-align: justify\"><span style=\"color: #000000\"><strong><span style=\"text-decoration: underline\">DEFUNCIONES<\/span><\/strong><\/span><\/h1>\n<p style=\"text-align: justify\">\u00a0<\/p>\n<p style=\"text-align: justify\"><a  href=\"http:\/\/www.mecerreyes.com\/mece\/wp-content\/uploads\/2011\/10\/Maxi.jpg\" class=\"thickbox no_icon\" title=\"\"><img loading=\"lazy\" decoding=\"async\" class=\"alignleft size-medium wp-image-3556\" src=\"http:\/\/www.mecerreyes.com\/mece\/wp-content\/uploads\/2011\/10\/Maxi-231x300.jpg\" alt=\"\" width=\"150\" height=\"194\" srcset=\"https:\/\/www.mecerreyes.com\/mece\/wp-content\/uploads\/2011\/10\/Maxi-231x300.jpg 231w, https:\/\/www.mecerreyes.com\/mece\/wp-content\/uploads\/2011\/10\/Maxi-788x1024.jpg 788w, https:\/\/www.mecerreyes.com\/mece\/wp-content\/uploads\/2011\/10\/Maxi.jpg 965w\" sizes=\"(max-width: 150px) 100vw, 150px\" \/><\/a>El 20 de septiembre a los 89 a\u00f1os de edad, falleci\u00f3 <strong>M\u00c1XIMA ALONSO ALONSO<\/strong>, (Maxi) viuda de Lorenzo Vicario. Transmitimos nuestro p\u00e9same a sus hijos Vitora, Mar\u00eda Jes\u00fas, Juli\u00e1n, Cruz, Elisa y Lorenzo, as\u00ed como a sus nietos y resto de familia. El d\u00eda del entierro pudimos ver el cari\u00f1o que el pueblo le ten\u00eda con su presencia masiva y su apoyo a la familia. Descanse en paz.<\/p>\n<p style=\"text-align: justify\">\u00a0<\/p>\n<p style=\"text-align: justify\">\u00a0<\/p>\n<p style=\"text-align: justify\">\u00a0<\/p>\n<p style=\"text-align: justify\">La Sra. <strong>JUANA<\/strong><strong> CUEVAS VICARIO <\/strong><em>(viuda de Marcos Gonz\u00e1lez)<\/em> descansa en la paz de<a  href=\"http:\/\/www.mecerreyes.com\/mece\/wp-content\/uploads\/2011\/10\/Sra-Juana.jpg\" class=\"thickbox no_icon\" title=\"\"><img loading=\"lazy\" decoding=\"async\" class=\"alignright size-thumbnail wp-image-3554\" src=\"http:\/\/www.mecerreyes.com\/mece\/wp-content\/uploads\/2011\/10\/Sra-Juana-150x150.jpg\" alt=\"\" width=\"150\" height=\"150\" \/><\/a> Dios.\u00a0Muri\u00f3 en Mecerreyes el\u00a02\u00a0de octubre a los 98 a\u00f1os de edad.<\/p>\n<p style=\"text-align: justify\"><em>\u00abPara vivir bien no hay que desear el mal a nadie\u00bb,<\/em>\u00a0repet\u00eda a menudo. Que el Se\u00f1or la tenga en su gloria y nos\u00a0llene de consuelo y esperanza a todos los que la conocimos, especialmente a sus hijas: Fermi, Juani y Elisa, as\u00ed como a los familiares y amigos.<\/p>\n<p style=\"text-align: justify\">\u00a0<\/p>\n<p style=\"text-align: justify\">\u00a0<\/p>\n<p style=\"text-align: justify\">\u00a0<\/p>\n<h1 style=\"text-align: justify\"><strong><span style=\"text-decoration: underline\">CURSO FOTOGRAF\u00cdA<\/span><\/strong>.<\/h1>\n<p style=\"text-align: justify\">Desde la <a  href=\"https:\/\/www.mecerreyes.com\/mece\/?page_id=35\">parroquia<\/a> se ha organizado un <strong>curso de fotograf\u00eda<\/strong> para poder conocer m\u00e1s y mejor nuestras c\u00e1maras digitales. Ser\u00e1 los s\u00e1bados por la tarde, a partir del 12 de noviembre; la duraci\u00f3n 20 horas en 10 sesiones de 2 horas por s\u00e1bado, el precio: 60,00 \u20ac y estar\u00e1 impartido por Imagen Blanco y Negro. Puedes ver m\u00e1s detalles en el cartel y si est\u00e1s interesado <strong>ap\u00fantate<\/strong>, son plazas limitadas y quedan pocas.<\/p>\n<div id=\"attachment_3563\" style=\"width: 628px\" class=\"wp-caption alignnone\"><a  href=\"http:\/\/www.mecerreyes.com\/mece\/wp-content\/uploads\/2011\/10\/Curso-Fotografia-20111.jpg\" class=\"thickbox no_icon\" title=\"\"><img loading=\"lazy\" decoding=\"async\" aria-describedby=\"caption-attachment-3563\" class=\"size-full wp-image-3563\" src=\"http:\/\/www.mecerreyes.com\/mece\/wp-content\/uploads\/2011\/10\/Curso-Fotografia-20111.jpg\" alt=\"\" width=\"618\" height=\"870\" srcset=\"https:\/\/www.mecerreyes.com\/mece\/wp-content\/uploads\/2011\/10\/Curso-Fotografia-20111.jpg 618w, https:\/\/www.mecerreyes.com\/mece\/wp-content\/uploads\/2011\/10\/Curso-Fotografia-20111-213x300.jpg 213w\" sizes=\"(max-width: 618px) 100vw, 618px\" \/><\/a><p id=\"caption-attachment-3563\" class=\"wp-caption-text\">Curso de Fotograf\u00eda 2011<\/p><\/div>\n<p style=\"text-align: justify\">\u00a0<\/p>\n<p style=\"text-align: justify\">\u00a0<\/p>\n<h1 style=\"text-align: justify\"><strong><span style=\"text-decoration: underline\">SAN MART\u00cdN<\/span><\/strong><\/h1>\n<p style=\"text-align: justify\">La Asociaci\u00f3n de Jubilados <a  href=\"https:\/\/www.mecerreyes.com\/mece\/?page_id=58\">San Mart\u00edn<\/a> Guileto, prepara su fiesta para el s\u00e1bado 5 de noviembre, celebrar\u00e1n este d\u00eda con una Misa de <a  href=\"https:\/\/www.mecerreyes.com\/mece\/?page_id=60\">Acci\u00f3n de Gracias<\/a>, a las 13:00 h. y a continuaci\u00f3n una comida en el <a  href=\"https:\/\/www.mecerreyes.com\/mece\/?page_id=797\">Mes\u00f3n de Frutos<\/a> \u2013puede apuntarse todo el que lo desee- el precio es de 15,00 \u20ac para los socios y 18,00 \u20ac para los no socios. Lee el cartel y ap\u00fantate lo antes posible.<\/p>\n<div id=\"attachment_3564\" style=\"width: 810px\" class=\"wp-caption alignnone\"><a  href=\"http:\/\/www.mecerreyes.com\/mece\/wp-content\/uploads\/2011\/10\/Cartel-San-Martin-20111.jpg\" class=\"thickbox no_icon\" title=\"\"><img loading=\"lazy\" decoding=\"async\" aria-describedby=\"caption-attachment-3564\" class=\"size-full wp-image-3564\" src=\"http:\/\/www.mecerreyes.com\/mece\/wp-content\/uploads\/2011\/10\/Cartel-San-Martin-20111.jpg\" alt=\"\" width=\"800\" height=\"1112\" srcset=\"https:\/\/www.mecerreyes.com\/mece\/wp-content\/uploads\/2011\/10\/Cartel-San-Martin-20111.jpg 800w, https:\/\/www.mecerreyes.com\/mece\/wp-content\/uploads\/2011\/10\/Cartel-San-Martin-20111-215x300.jpg 215w, https:\/\/www.mecerreyes.com\/mece\/wp-content\/uploads\/2011\/10\/Cartel-San-Martin-20111-736x1024.jpg 736w\" sizes=\"(max-width: 800px) 100vw, 800px\" \/><\/a><p id=\"caption-attachment-3564\" class=\"wp-caption-text\">Cartel Asociaci\u00f3n de Jubilados <a  href=\"https:\/\/www.mecerreyes.com\/mece\/?page_id=58\">San Mart\u00edn<\/a> Guileto 2011<\/p><\/div>\n<p style=\"text-align: justify\">\u00a0<\/p>\n<p style=\"text-align: justify\">\u00a0<\/p>\n<h1 style=\"text-align: justify\"><strong><span style=\"text-decoration: underline\">OBRAS: <\/span><\/strong><\/h1>\n<p style=\"text-align: justify\"><strong><\/strong>Remodelaci\u00f3n calle El Rollo. El <a  href=\"https:\/\/www.mecerreyes.com\/mece\/?page_id=24\">Ayuntamiento<\/a> est\u00e1 decidido a que todo el pueblo luzca bonito y sea un lugar hermoso y acogedor para los que vivimos o venimos con frecuencia.<\/p>\n<p style=\"text-align: justify\">Por eso, la primera semana de octubre comenzaron las obras para remodelar el pavimento de la Calle El Rollo, pronto quedar\u00e1 lista para su uso y se podr\u00e1 disfrutar de una nueva calle sin tantos baches y agujeros que dificultaban a todos, pero principalmente a los abuelos, el poder pasear con tranquilidad. \u00a1Ya van quedando menos calles viejas!<\/p>\n<p style=\"text-align: justify\">Con el compromiso de todos mantendremos bien cuidado todo el pueblo, seguro.<\/p>\n<p style=\"text-align: justify\">\u00a0<\/p>\n<p style=\"text-align: justify\">\u00a0<\/p>\n<h1 style=\"text-align: justify\"><strong><span style=\"text-decoration: underline\">POES\u00cdA<\/span><\/strong><\/h1>\n<p style=\"text-align: justify\">Terminamos con una poes\u00eda que nos han enviado:<\/p>\n<p style=\"text-align: justify\"><span style=\"font-family: Times New Roman;font-size: small\">\u00a0<\/span><\/p>\n<p style=\"text-align: justify\"><span style=\"text-decoration: underline\"><strong><span style=\"font-family: Times New Roman\">A NUESTRA SE\u00d1ORA DEL CAMINO<\/span><\/strong><\/span><\/p>\n<p style=\"text-align: justify\"><em><span style=\"font-family: Times New Roman\">\u00a0<\/span><\/em><\/p>\n<p style=\"text-align: justify\"><em><span style=\"font-family: Times New Roman\">\u00a0\u00a0\u00a0\u00a0\u00a0\u00a0\u00a0\u00a0\u00a0\u00a0\u00a0\u00a0\u00a0\u00a0\u00a0\u00a0\u00a0\u00a0\u00a0 Del Camino Virgencita,\u00a0\u00a0\u00a0\u00a0\u00a0\u00a0\u00a0\u00a0\u00a0\u00a0\u00a0\u00a0\u00a0 \u00a0\u00a0\u00a0\u00a0\u00a0\u00a0\u00a0\u00a0\u00a0\u00a0\u00a0\u00a0<\/span><\/em><\/p>\n<p style=\"text-align: justify\"><em><span style=\"font-family: Times New Roman\">\u00a0\u00a0\u00a0\u00a0\u00a0\u00a0\u00a0\u00a0\u00a0\u00a0\u00a0\u00a0\u00a0\u00a0\u00a0\u00a0\u00a0\u00a0 Madre querida del alma,<\/span><\/em><\/p>\n<p style=\"text-align: justify\"><span style=\"font-family: Times New Roman\"><em>\u00a0\u00a0\u00a0\u00a0\u00a0\u00a0\u00a0\u00a0\u00a0\u00a0\u00a0\u00a0\u00a0\u00a0\u00a0\u00a0\u00a0\u00a0 <\/em><em>por ti muero de amor<\/em><\/span><\/p>\n<p style=\"text-align: justify\"><span style=\"font-family: Times New Roman\"><em>\u00a0\u00a0\u00a0\u00a0\u00a0\u00a0\u00a0\u00a0\u00a0\u00a0\u00a0\u00a0\u00a0\u00a0\u00a0\u00a0\u00a0\u00a0 <\/em><em>en mi vida siempre en calma.<\/em><\/span><\/p>\n<p style=\"text-align: justify\"><em><span style=\"font-family: Times New Roman\">\u00a0<\/span><\/em><\/p>\n<p style=\"text-align: justify\"><em><span style=\"font-family: Times New Roman\">\u00a0\u00a0\u00a0\u00a0\u00a0\u00a0\u00a0\u00a0\u00a0\u00a0\u00a0\u00a0\u00a0\u00a0\u00a0\u00a0\u00a0 No te alejes de mi vida,<\/span><\/em><\/p>\n<p style=\"text-align: justify\"><em><span style=\"font-family: Times New Roman\">\u00a0\u00a0\u00a0\u00a0\u00a0\u00a0\u00a0\u00a0\u00a0\u00a0\u00a0\u00a0\u00a0\u00a0\u00a0\u00a0\u00a0\u00a0 evita todos mis males,<\/span><\/em><\/p>\n<p style=\"text-align: justify\"><em><span style=\"font-family: Times New Roman\">\u00a0\u00a0\u00a0\u00a0\u00a0\u00a0\u00a0\u00a0\u00a0\u00a0\u00a0\u00a0\u00a0\u00a0\u00a0\u00a0\u00a0\u00a0 llev\u00e1ndome con dulzura<\/span><\/em><\/p>\n<p style=\"text-align: justify\"><em><span style=\"font-family: Times New Roman\">\u00a0\u00a0\u00a0\u00a0\u00a0\u00a0\u00a0\u00a0\u00a0\u00a0\u00a0\u00a0\u00a0\u00a0\u00a0\u00a0\u00a0\u00a0 por los frondosos rosales.<\/span><\/em><\/p>\n<p style=\"text-align: justify\"><em><span style=\"font-family: Times New Roman\">\u00a0<\/span><\/em><\/p>\n<p style=\"text-align: justify\"><em><span style=\"font-family: Times New Roman\">\u00a0\u00a0\u00a0\u00a0\u00a0\u00a0\u00a0\u00a0\u00a0\u00a0\u00a0\u00a0\u00a0\u00a0\u00a0\u00a0\u00a0\u00a0 Con perfume embriagador<\/span><\/em><\/p>\n<p style=\"text-align: justify\"><em><span style=\"font-family: Times New Roman\">\u00a0\u00a0\u00a0\u00a0\u00a0\u00a0\u00a0\u00a0\u00a0\u00a0\u00a0\u00a0\u00a0\u00a0\u00a0\u00a0\u00a0\u00a0 y caminos florecidos,<\/span><\/em><\/p>\n<p style=\"text-align: justify\"><em><span style=\"font-family: Times New Roman\">\u00a0\u00a0\u00a0\u00a0\u00a0\u00a0\u00a0\u00a0\u00a0\u00a0\u00a0\u00a0\u00a0\u00a0\u00a0\u00a0\u00a0\u00a0 que no hay mujer m\u00e1s hermosa<\/span><\/em><\/p>\n<p style=\"text-align: justify\"><em><span style=\"font-family: Times New Roman\">\u00a0\u00a0\u00a0\u00a0\u00a0\u00a0\u00a0\u00a0\u00a0\u00a0\u00a0\u00a0\u00a0\u00a0\u00a0\u00a0\u00a0\u00a0 ni que haga tantos prodigios.<\/span><\/em><\/p>\n<p style=\"text-align: justify\"><em><span style=\"font-family: Times New Roman\">\u00a0<\/span><\/em><\/p>\n<p style=\"text-align: justify\"><em><span style=\"font-family: Times New Roman\">\u00a0\u00a0\u00a0\u00a0\u00a0\u00a0\u00a0\u00a0\u00a0\u00a0\u00a0\u00a0\u00a0\u00a0\u00a0\u00a0\u00a0\u00a0 T\u00fa eres la llena de gracia, <\/span><\/em><\/p>\n<p style=\"text-align: justify\"><em><span style=\"font-family: Times New Roman\">\u00a0\u00a0\u00a0\u00a0\u00a0\u00a0\u00a0\u00a0\u00a0\u00a0\u00a0\u00a0\u00a0\u00a0\u00a0\u00a0\u00a0\u00a0 Virgen sagrada Mar\u00eda,<\/span><\/em><\/p>\n<p style=\"text-align: justify\"><em><span style=\"font-family: Times New Roman\">\u00a0\u00a0\u00a0\u00a0\u00a0\u00a0\u00a0\u00a0\u00a0\u00a0\u00a0\u00a0\u00a0\u00a0\u00a0\u00a0\u00a0\u00a0 y los \u00e1ngeles te cantan<\/span><\/em><\/p>\n<p style=\"text-align: justify\"><em><span style=\"font-family: Times New Roman\">\u00a0\u00a0\u00a0\u00a0\u00a0\u00a0\u00a0\u00a0\u00a0\u00a0\u00a0\u00a0\u00a0\u00a0\u00a0\u00a0\u00a0\u00a0 los cantos de la alegr\u00eda.<\/span><\/em><\/p>\n<p style=\"text-align: justify\"><em><span style=\"font-family: Times New Roman\">\u00a0<\/span><\/em><\/p>\n<p style=\"text-align: justify\"><em><span style=\"font-family: Times New Roman\">\u00a0\u00a0\u00a0\u00a0\u00a0\u00a0\u00a0\u00a0\u00a0\u00a0\u00a0\u00a0\u00a0\u00a0\u00a0\u00a0\u00a0\u00a0 Con tu bondad infinita,<\/span><\/em><\/p>\n<p style=\"text-align: justify\"><em><span style=\"font-family: Times New Roman\">\u00a0\u00a0\u00a0\u00a0\u00a0\u00a0\u00a0\u00a0\u00a0\u00a0\u00a0\u00a0\u00a0\u00a0\u00a0\u00a0\u00a0\u00a0 y tu escapulario santo<\/span><\/em><\/p>\n<p style=\"text-align: justify\"><em><span style=\"font-family: Times New Roman\">\u00a0\u00a0\u00a0\u00a0\u00a0\u00a0\u00a0\u00a0\u00a0\u00a0\u00a0\u00a0\u00a0\u00a0\u00a0\u00a0\u00a0\u00a0 protege a todos tus hijos<\/span><\/em><\/p>\n<p style=\"text-align: justify\"><em><span style=\"font-family: Times New Roman\">\u00a0\u00a0\u00a0\u00a0\u00a0\u00a0\u00a0\u00a0\u00a0\u00a0\u00a0\u00a0\u00a0\u00a0\u00a0\u00a0\u00a0\u00a0 y c\u00fabrelos con tu manto.<\/span><\/em><\/p>\n<p style=\"text-align: justify\"><em><span style=\"font-family: Times New Roman\">\u00a0<\/span><\/em><\/p>\n<p style=\"text-align: justify\"><em><span style=\"font-family: Times New Roman\">\u00a0\u00a0\u00a0\u00a0\u00a0\u00a0\u00a0\u00a0\u00a0\u00a0\u00a0\u00a0\u00a0\u00a0\u00a0\u00a0\u00a0\u00a0\u00a0\u00a0\u00a0\u00a0\u00a0\u00a0\u00a0\u00a0\u00a0\u00a0\u00a0\u00a0\u00a0\u00a0\u00a0\u00a0\u00a0\u00a0\u00a0 De un guileto <\/span><\/em><\/p>\n<p style=\"text-align: justify\"><span style=\"font-family: Times New Roman;font-size: small\">\u00a0<\/span><\/p>","protected":false},"excerpt":{"rendered":"<p>As\u00ed como nos quej\u00e1bamos del mal tiempo del mes de julio, ahora estamos en octubre pero alguno seguro que piensa que estamos en verano; el tiempo de estos meses de septiembre y octubre es estupendo: ambiente estival, temperaturas muy agradables, sol radiante y d\u00edas para disfrutar del pueblo, de sus paseos y su gente. \u00a0 [&hellip;]<\/p>\n","protected":false},"author":5,"featured_media":0,"comment_status":"open","ping_status":"closed","sticky":false,"template":"","format":"standard","meta":{"_et_pb_use_builder":"","_et_pb_old_content":"","_et_gb_content_width":"","footnotes":""},"categories":[1],"tags":[12,21,30],"class_list":["post-3551","post","type-post","status-publish","format-standard","hentry","category-general","tag-asociacion-de-jubilados","tag-guiletos","tag-san-martin","et-doesnt-have-format-content","et_post_format-et-post-format-standard"],"_links":{"self":[{"href":"https:\/\/www.mecerreyes.com\/mece\/index.php?rest_route=\/wp\/v2\/posts\/3551"}],"collection":[{"href":"https:\/\/www.mecerreyes.com\/mece\/index.php?rest_route=\/wp\/v2\/posts"}],"about":[{"href":"https:\/\/www.mecerreyes.com\/mece\/index.php?rest_route=\/wp\/v2\/types\/post"}],"author":[{"embeddable":true,"href":"https:\/\/www.mecerreyes.com\/mece\/index.php?rest_route=\/wp\/v2\/users\/5"}],"replies":[{"embeddable":true,"href":"https:\/\/www.mecerreyes.com\/mece\/index.php?rest_route=%2Fwp%2Fv2%2Fcomments&post=3551"}],"version-history":[{"count":0,"href":"https:\/\/www.mecerreyes.com\/mece\/index.php?rest_route=\/wp\/v2\/posts\/3551\/revisions"}],"wp:attachment":[{"href":"https:\/\/www.mecerreyes.com\/mece\/index.php?rest_route=%2Fwp%2Fv2%2Fmedia&parent=3551"}],"wp:term":[{"taxonomy":"category","embeddable":true,"href":"https:\/\/www.mecerreyes.com\/mece\/index.php?rest_route=%2Fwp%2Fv2%2Fcategories&post=3551"},{"taxonomy":"post_tag","embeddable":true,"href":"https:\/\/www.mecerreyes.com\/mece\/index.php?rest_route=%2Fwp%2Fv2%2Ftags&post=3551"}],"curies":[{"name":"wp","href":"https:\/\/api.w.org\/{rel}","templated":true}]}}