{"id":3610,"date":"2011-11-22T09:45:28","date_gmt":"2011-11-22T08:45:28","guid":{"rendered":"http:\/\/www.mecerreyes.com\/mece\/?p=3610"},"modified":"2011-11-23T09:21:28","modified_gmt":"2011-11-23T08:21:28","slug":"noticias-noviembre-2011","status":"publish","type":"post","link":"https:\/\/www.mecerreyes.com\/mece\/?p=3610","title":{"rendered":"Noticias Noviembre 2011"},"content":{"rendered":"<p style=\"text-align: justify\"><strong><span style=\"text-decoration: underline\">CAJA BURGOS. VOTA POR LO QUE TU M\u00c1S QUIERAS.<\/span><\/strong><\/p>\n<p style=\"text-align: justify\">Al igual que el a\u00f1o anterior es necesario dar en Caja Burgos un voto para que la Obra Social de Caja Burgos colabore econ\u00f3micamente en las actividades culturales de Mecerreyes. Ya lo hab\u00e9is dado muchos guiletos, pero <strong>hasta el 31 de diciembre de 2011<\/strong> podemos hacerlo los m\u00e1s retardados. El proyecto presentado por la Asociaci\u00f3n Cultural Mecerreyes figura con el <strong>n\u00famero: 60.493<\/strong>, este voto se puede dar en cualquier oficina de Caja Burgos y tambi\u00e9n en internet a trav\u00e9s del siguiente enlace:<\/p>\n<p style=\"text-align: justify\">\ufeff<a  href=\"http:\/\/bancacivica.cajadeburgos.es\/buscador-de-proyectos.aspx?origen=entidad&#038;txt=mecerreyes\" target=\"_blank\">http:\/\/bancacivica.cajadeburgos.es\/buscador-de-proyectos.aspx?origen=entidad&amp;txt=mecerreyes<\/a><\/p>\n<p style=\"text-align: justify\"><em><strong>Gracias por el apoyo a este proyecto para Mecerreyes.\u00a0<\/strong><\/em><\/p>\n<p style=\"text-align: justify\">\u00a0<\/p>\n<p style=\"text-align: justify\"><strong><span style=\"text-decoration: underline\">DEFUNCIONES:<\/span><\/strong><\/p>\n<p style=\"text-align: justify\"><strong>CONCEPCI\u00d3N DIEZ ARRIBAS<\/strong> (Concha) falleci\u00f3 el 23 de octubre de 2011 en Burgos, a los 92 a\u00f1os de edad (viuda de Feliciano Garc\u00eda), enviamos desde esta p\u00e1gina nuestro sincero p\u00e9same a toda la familia, en especial a sus hijos: Pilar, Chano, Pep\u00edn, Conchita, Luis Carlos, Charo y Jaime, as\u00ed como a su hermana Rosario. El funeral se celebr\u00f3 en la iglesia parroquial de San Jos\u00e9 Obrero (Burgos). Descanse en el Se\u00f1or.<\/p>\n<p style=\"text-align: justify\">A los pocos d\u00edas de morir Concha, falleci\u00f3 el 7 de noviembre, en Santander su hijo <strong>LUIS CARLOS GARC\u00cdA DIEZ, <\/strong>a los 58 a\u00f1os de edad, fue enterrado en Burgos, acompa\u00f1ado de toda su familia y amigos a quien transmitimos de nuevo nuestro p\u00e9same.<\/p>\n<p style=\"text-align: justify\">\u00a0<\/p>\n<p style=\"text-align: justify\"><strong>MAGDALENA GONZ\u00c1LEZ ALONSO<\/strong>, falleci\u00f3 el d\u00eda 30 de octubre de 2011 en Madrid, a los 86 a\u00f1os de edad. Fue enterrada en Mecerreyes acompa\u00f1ada de toda su familia. Nos unimos al dolor de los familiares, a los que damos nuestro p\u00e9same y acompa\u00f1amos con nuestra oraci\u00f3n.<\/p>\n<p style=\"text-align: justify\">\u00a0<\/p>\n<p style=\"text-align: justify\"><strong>ALEJANDRO PORTAL<\/strong> (Janete) falleci\u00f3 en Madrid el d\u00eda 5 de noviembre de 2011, a los 76 a\u00f1os. Transmitimos nuestro p\u00e9same a su esposa Ascensi\u00f3n Gonz\u00e1lez Arroyo y a sus tres hijos: Vicente, Manolo y Alejandro. Descanse en paz.<\/p>\n<p style=\"text-align: justify\">\u00a0<\/p>\n<p style=\"text-align: justify\"><strong>MARIA DEL CARMEN VICARIO ROM\u00c1N<\/strong>, falleci\u00f3 el d\u00eda 14 de noviembre de 2011 a los 87 a\u00f1os de edad. Nuestro adi\u00f3s y sentido p\u00e9same para todos los familiares y amigos.<\/p>\n<p style=\"text-align: justify\">\u00a0<\/p>\n<p style=\"text-align: justify\">\u00a0<\/p>\n<p style=\"text-align: justify\">\u00a0<\/p>\n<p style=\"text-align: justify\">\u00a0<\/p>\n<p style=\"text-align: justify\"><strong><span style=\"text-decoration: underline\">NACIMIENTOS:<\/span><\/strong><\/p>\n<p style=\"text-align: justify\">\u00a0<\/p>\n<div id=\"attachment_3613\" style=\"width: 334px\" class=\"wp-caption alignright\"><a  href=\"http:\/\/www.mecerreyes.com\/mece\/wp-content\/uploads\/2011\/11\/Nuria-15-10-2011.jpg\" class=\"thickbox no_icon\" title=\"\"><img loading=\"lazy\" decoding=\"async\" aria-describedby=\"caption-attachment-3613\" class=\"size-full wp-image-3613\" src=\"http:\/\/www.mecerreyes.com\/mece\/wp-content\/uploads\/2011\/11\/Nuria-15-10-2011.jpg\" alt=\"\" width=\"324\" height=\"243\" srcset=\"https:\/\/www.mecerreyes.com\/mece\/wp-content\/uploads\/2011\/11\/Nuria-15-10-2011.jpg 1000w, https:\/\/www.mecerreyes.com\/mece\/wp-content\/uploads\/2011\/11\/Nuria-15-10-2011-300x225.jpg 300w\" sizes=\"(max-width: 324px) 100vw, 324px\" \/><\/a><p id=\"caption-attachment-3613\" class=\"wp-caption-text\">Nuria Castellanos Gamo 15-10-2011<\/p><\/div>\n<p style=\"text-align: justify\">Damos nuestra bienvenida a <strong>NURIA<\/strong>, que naci\u00f3 el 15 de octubre de 2011. Sus padres Fernando Castellanos Santamar\u00eda y Seila Gamo, as\u00ed como su hermana Alba ya est\u00e1n disfrutando de una nueva alegr\u00eda para la casa, al igual que los abuelos Feli y Nicol\u00e1s y los bisabuelos Robustiano y Marce. Felicidades a toda esta gran familia.<\/p>\n<p style=\"text-align: justify\">\u00a0<\/p>\n<p style=\"text-align: justify\">\u00a0<\/p>\n<p style=\"text-align: justify\">Felicitamos a los abuelos Dori y P\u00e1cido, por el nacimiento de su nieta <strong>LYDIA<\/strong> MEDINA SANTAMAR\u00cdA, naci\u00f3 en Barcelona el 19 de octubre de 2011, hija de Ester y Arturo. Enhorabuena a los padres y abuelos que estar\u00e1n encantados con la peque\u00f1a.<\/p>\n<p style=\"text-align: justify\">\u00a0<\/p>\n<p style=\"text-align: justify\">\u00a0<\/p>\n<p style=\"text-align: justify\"><span style=\"color: #0000ff;text-decoration: underline\"><strong><span style=\"font-family: Times New Roman;font-size: small\">\u00a0ELECCIONES GENERALES 2011<\/span><\/strong><\/span><\/p>\n<p><span style=\"color: #0000ff\">Resumen del escrutinio de Mecerreyes<\/span><\/p>\n<p><span style=\"color: #0000ff\"><strong>Escrutado: 100 %<\/strong><\/span><\/p>\n<p><span style=\"color: #0000ff\"><strong>Votos contabilizados: 192 (76,19%)<\/strong><\/span><\/p>\n<p><span style=\"color: #0000ff\"><strong>Abstenciones: 60 (23,81 %)<\/strong><\/span><\/p>\n<p><span style=\"color: #0000ff\"><strong>Votos nulos: 0<\/strong><\/span><\/p>\n<p><span style=\"color: #0000ff\"><strong>Votos en blanco: 6 (3,13 %)<\/strong><\/span><\/p>\n<p><span style=\"color: #0000ff\"><strong>\u00a0<\/strong><\/span><\/p>\n<p><span style=\"color: #0000ff\">Votos por partidos en Mecerreyes<\/span><\/p>\n<p><span style=\"color: #0000ff\"><acronym><strong>PP: 126 (65,62 %)<\/strong><\/acronym><\/span><\/p>\n<p><span style=\"color: #0000ff\"><acronym><strong>PSOE: 43 (22,39 %)<\/strong><\/acronym><\/span><\/p>\n<p><span style=\"color: #0000ff\"><acronym><strong>UPyD: 10 (5,20 %)<\/strong><\/acronym><\/span><\/p>\n<p><span style=\"color: #0000ff\"><acronym><strong>IUCL: 2 (1,04 %)<\/strong><\/acronym><\/span><\/p>\n<p><span style=\"color: #0000ff\"><acronym><strong>PCAL: 2 (1,04 %)<\/strong><\/acronym><\/span><\/p>\n<p><span style=\"color: #0000ff\"><acronym><strong>SAIn: 1 (0,52 %)<\/strong><\/acronym><\/span><\/p>\n<p><span style=\"color: #0000ff\"><acronym><strong>PUM+J: 1 (0,52 %)<\/strong><\/acronym><\/span><\/p>\n<p><span style=\"color: #0000ff\"><acronym><strong>ANTICAPITALISTAS<\/strong><\/acronym><acronym><strong>: 1 (0,52 %)<\/strong><\/acronym><acronym><strong>\u00a0<\/strong><\/acronym><\/span><\/p>\n<p><acronym><strong>\u00a0<\/strong><\/acronym><\/p>\n<p style=\"text-align: justify\"><span style=\"font-family: Times New Roman;font-size: small\">\u00a0<\/span><\/p>\n<p><strong>ALBORADA DE AMOR<\/strong><\/p>\n<p><strong>\u00a0<\/strong><\/p>\n<p>\u00a1Despierta!<\/p>\n<p>Despierta si est\u00e1s dormido,<\/p>\n<p>despierta y dale una flor<\/p>\n<p>a la mujer de tus sue\u00f1os<\/p>\n<p>que por ti muere de amor.<\/p>\n<p>Privas del dulce sue\u00f1o<\/p>\n<p>a quien m\u00e1s te quiere y ama:<\/p>\n<p>lo que Dios ata en la tierra<\/p>\n<p>s\u00f3lo la muerte separa.<\/p>\n<p>Despierta, cari\u00f1o m\u00edo,<\/p>\n<p>que un nuevo sol nos aguarda<\/p>\n<p>e ilumina los senderos<\/p>\n<p>de una vida dulce y grata.<\/p>\n<p>Con perfumes de consuelo<\/p>\n<p>y p\u00e9talos de esperanza<\/p>\n<p>nacidos en el hogar<\/p>\n<p>de una familia cristiana.<\/p>\n<p>Despierta si est\u00e1s dormido.<\/p>\n<p>despierta y dale una flor<\/p>\n<p>a la mujer prodigiosa<\/p>\n<p>que por ti muere de amor.<\/p>\n<p><em>\u00a0\u00a0\u00a0\u00a0\u00a0\u00a0\u00a0\u00a0\u00a0\u00a0\u00a0\u00a0\u00a0\u00a0\u00a0\u00a0\u00a0\u00a0\u00a0\u00a0\u00a0\u00a0\u00a0\u00a0\u00a0\u00a0\u00a0\u00a0\u00a0\u00a0\u00a0\u00a0\u00a0\u00a0\u00a0\u00a0\u00a0\u00a0\u00a0\u00a0\u00a0\u00a0\u00a0\u00a0\u00a0\u00a0\u00a0\u00a0\u00a0\u00a0\u00a0 Un guileto<\/em><\/p>","protected":false},"excerpt":{"rendered":"<p>CAJA BURGOS. VOTA POR LO QUE TU M\u00c1S QUIERAS. Al igual que el a\u00f1o anterior es necesario dar en Caja Burgos un voto para que la Obra Social de Caja Burgos colabore econ\u00f3micamente en las actividades culturales de Mecerreyes. Ya lo hab\u00e9is dado muchos guiletos, pero hasta el 31 de diciembre de 2011 podemos hacerlo [&hellip;]<\/p>\n","protected":false},"author":5,"featured_media":0,"comment_status":"open","ping_status":"closed","sticky":false,"template":"","format":"standard","meta":{"_et_pb_use_builder":"","_et_pb_old_content":"","_et_gb_content_width":"","footnotes":""},"categories":[1],"tags":[21,42],"class_list":["post-3610","post","type-post","status-publish","format-standard","hentry","category-general","tag-guiletos","tag-votaobrasociacajaburgos","et-doesnt-have-format-content","et_post_format-et-post-format-standard"],"_links":{"self":[{"href":"https:\/\/www.mecerreyes.com\/mece\/index.php?rest_route=\/wp\/v2\/posts\/3610"}],"collection":[{"href":"https:\/\/www.mecerreyes.com\/mece\/index.php?rest_route=\/wp\/v2\/posts"}],"about":[{"href":"https:\/\/www.mecerreyes.com\/mece\/index.php?rest_route=\/wp\/v2\/types\/post"}],"author":[{"embeddable":true,"href":"https:\/\/www.mecerreyes.com\/mece\/index.php?rest_route=\/wp\/v2\/users\/5"}],"replies":[{"embeddable":true,"href":"https:\/\/www.mecerreyes.com\/mece\/index.php?rest_route=%2Fwp%2Fv2%2Fcomments&post=3610"}],"version-history":[{"count":0,"href":"https:\/\/www.mecerreyes.com\/mece\/index.php?rest_route=\/wp\/v2\/posts\/3610\/revisions"}],"wp:attachment":[{"href":"https:\/\/www.mecerreyes.com\/mece\/index.php?rest_route=%2Fwp%2Fv2%2Fmedia&parent=3610"}],"wp:term":[{"taxonomy":"category","embeddable":true,"href":"https:\/\/www.mecerreyes.com\/mece\/index.php?rest_route=%2Fwp%2Fv2%2Fcategories&post=3610"},{"taxonomy":"post_tag","embeddable":true,"href":"https:\/\/www.mecerreyes.com\/mece\/index.php?rest_route=%2Fwp%2Fv2%2Ftags&post=3610"}],"curies":[{"name":"wp","href":"https:\/\/api.w.org\/{rel}","templated":true}]}}