{"id":4554,"date":"2012-03-31T01:27:43","date_gmt":"2012-03-31T00:27:43","guid":{"rendered":"http:\/\/www.mecerreyes.com\/mece\/?p=4554"},"modified":"2012-05-08T08:23:05","modified_gmt":"2012-05-08T07:23:05","slug":"semana-santa-2012","status":"publish","type":"post","link":"https:\/\/www.mecerreyes.com\/mece\/?p=4554","title":{"rendered":"Horarios Semana Santa 2012"},"content":{"rendered":"<p style=\"text-align: justify\">La <a  href=\"https:\/\/www.mecerreyes.com\/mece\/?page_id=48\">Semana Santa<\/a> es un tiempo especial dentro del a\u00f1o; las celebraciones religiosas y los d\u00edas de descanso\u00a0nos permiten disfrutar de una manera especial del pueblo; de hecho las calles rebosan vida. Nos gustar\u00eda que de alguna manera todos los guiletos nos sinti\u00e9ramos unidos por eso os hacemos llegar los actos programados para estos d\u00edas. Ya os iremos contando c\u00f3mo van resultando.<\/p>\n<p>&nbsp;<\/p>\n<p>&nbsp;<\/p>\n<p>&nbsp;<\/p>\n<p><strong>HORARIO DE ACTOS CON MOTIVO DE LA <a  href=\"https:\/\/www.mecerreyes.com\/mece\/?page_id=48\">SEMANA SANTA<\/a> 2012<\/strong><\/p>\n<p>&nbsp;<\/p>\n<table border=\"1\" cellspacing=\"0\" cellpadding=\"0\">\n<tbody>\n<tr>\n<td colspan=\"2\" width=\"205\"><strong>D\u00eda<\/strong><\/td>\n<td width=\"54\">\n<p align=\"center\"><strong>Hora<\/strong><\/p>\n<\/td>\n<td width=\"288\"><strong>Acontecimiento <\/strong><\/td>\n<td width=\"148\"><strong>Lugar <\/strong><\/td>\n<\/tr>\n<tr>\n<td width=\"31\">\n<p align=\"center\">26<\/p>\n<\/td>\n<td width=\"174\">Lunes<\/td>\n<td width=\"54\">\n<p align=\"center\">18:30<\/p>\n<\/td>\n<td width=\"288\">Misa y charla cuaresmal<\/td>\n<td width=\"148\">Iglesia<\/td>\n<\/tr>\n<tr>\n<td width=\"31\">\n<p align=\"center\">27<\/p>\n<\/td>\n<td width=\"174\">Martes<\/td>\n<td width=\"54\">\n<p align=\"center\">18:30<\/p>\n<\/td>\n<td width=\"288\">Misa y charla cuaresmal<\/td>\n<td width=\"148\">Iglesia<\/td>\n<\/tr>\n<tr>\n<td width=\"31\">\n<p align=\"center\">28<\/p>\n<\/td>\n<td width=\"174\">Mi\u00e9rcoles<\/td>\n<td width=\"54\">\n<p align=\"center\">18:30<\/p>\n<\/td>\n<td width=\"288\">Misa y charla cuaresmal<\/td>\n<td width=\"148\">Iglesia<\/td>\n<\/tr>\n<tr>\n<td width=\"31\">\n<p align=\"center\">29<\/p>\n<\/td>\n<td width=\"174\">Jueves<\/td>\n<td width=\"54\">\n<p align=\"center\">18:30<\/p>\n<\/td>\n<td width=\"288\">Misa y V\u00eda crucis<\/td>\n<td width=\"148\">Iglesia<\/td>\n<\/tr>\n<tr>\n<td width=\"31\">\n<p align=\"center\">30<\/p>\n<\/td>\n<td width=\"174\">Viernes<\/td>\n<td width=\"54\">\n<p align=\"center\">19:30<\/p>\n<\/td>\n<td width=\"288\">Misa y V\u00eda crucis<\/td>\n<td width=\"148\">Iglesia<\/td>\n<\/tr>\n<tr>\n<td colspan=\"5\" width=\"695\">\u00a0<\/td>\n<\/tr>\n<tr>\n<td width=\"31\">\n<p align=\"center\">1<\/p>\n<\/td>\n<td width=\"174\">Domingo de Ramos<\/td>\n<td width=\"54\">\n<p align=\"center\">13:00<\/p>\n<\/td>\n<td width=\"288\">Bendici\u00f3n de ramos Procesi\u00f3n y Misa<\/td>\n<td width=\"148\">Plaza \u2013 Iglesia<\/td>\n<\/tr>\n<tr>\n<td width=\"31\">\n<p align=\"center\">2<\/p>\n<\/td>\n<td width=\"174\">Lunes Santo<\/td>\n<td width=\"54\">\n<p align=\"center\">19:30<\/p>\n<\/td>\n<td width=\"288\">Confesiones<\/td>\n<td width=\"148\">Iglesia<\/td>\n<\/tr>\n<tr>\n<td width=\"31\">\n<p align=\"center\">3<\/p>\n<\/td>\n<td width=\"174\">Martes Santo<\/td>\n<td width=\"54\">\n<p align=\"center\">18:30<\/p>\n<\/td>\n<td width=\"288\">Misa y V\u00eda Crucis<\/td>\n<td width=\"148\">Iglesia<\/td>\n<\/tr>\n<tr>\n<td width=\"31\">\n<p align=\"center\">4<\/p>\n<\/td>\n<td width=\"174\">Mi\u00e9rcoles Santo<\/td>\n<td width=\"54\">\n<p align=\"center\">18:30<\/p>\n<\/td>\n<td width=\"288\">Misa y V\u00eda Crucis<\/td>\n<td width=\"148\">Iglesia<\/td>\n<\/tr>\n<tr>\n<td width=\"31\">\n<p align=\"center\">5<\/p>\n<\/td>\n<td width=\"174\">Jueves Santo<\/td>\n<td width=\"54\">\n<p align=\"center\">11:30<\/p>\n<\/td>\n<td width=\"288\">Celebraci\u00f3n penitencial para ni\u00f1os<\/td>\n<td width=\"148\">Iglesia<\/td>\n<\/tr>\n<tr>\n<td width=\"31\">\u00a0<\/td>\n<td width=\"174\">\u00a0<\/td>\n<td width=\"54\">\n<p align=\"center\">20:00<\/p>\n<\/td>\n<td width=\"288\">Eucarist\u00eda de la Cena del Se\u00f1or<\/td>\n<td width=\"148\">Iglesia<\/td>\n<\/tr>\n<tr>\n<td width=\"31\">\u00a0<\/td>\n<td width=\"174\">\u00a0<\/td>\n<td width=\"54\">\n<p align=\"center\">21:30<\/p>\n<\/td>\n<td width=\"288\">Subasta de cirineos<\/td>\n<td width=\"148\"><a  href=\"https:\/\/www.mecerreyes.com\/mece\/?page_id=24\">Ayuntamiento<\/a><\/td>\n<\/tr>\n<tr>\n<td width=\"31\">\u00a0<\/td>\n<td width=\"174\">\u00a0<\/td>\n<td width=\"54\">\n<p align=\"center\">23:00<\/p>\n<\/td>\n<td width=\"288\">Hora santa<\/td>\n<td width=\"148\">Iglesia<\/td>\n<\/tr>\n<tr>\n<td width=\"31\">\n<p align=\"center\">6<\/p>\n<\/td>\n<td width=\"174\">Viernes Santo<\/td>\n<td width=\"54\">\n<p align=\"center\">9:00<\/p>\n<\/td>\n<td width=\"288\">Laudes<\/td>\n<td width=\"148\">Iglesia<\/td>\n<\/tr>\n<tr>\n<td width=\"31\">\u00a0<\/td>\n<td width=\"174\">\u00a0<\/td>\n<td width=\"54\">\n<p align=\"center\">11:30<\/p>\n<\/td>\n<td width=\"288\">V\u00eda Crucis para ni\u00f1os<\/td>\n<td width=\"148\">Iglesia<\/td>\n<\/tr>\n<tr>\n<td width=\"31\">\u00a0<\/td>\n<td width=\"174\">\u00a0<\/td>\n<td width=\"54\">\n<p align=\"center\">13:00<\/p>\n<\/td>\n<td width=\"288\">V\u00eda Crucis<\/td>\n<td width=\"148\">Calles del pueblo<\/td>\n<\/tr>\n<tr>\n<td width=\"31\">\u00a0<\/td>\n<td width=\"174\">\u00a0<\/td>\n<td width=\"54\">\n<p align=\"center\">20:00<\/p>\n<\/td>\n<td width=\"288\">Celebraci\u00f3n de la pasi\u00f3n y muerte del Se\u00f1or<\/td>\n<td width=\"148\">Iglesia<\/td>\n<\/tr>\n<tr>\n<td width=\"31\">\n<p align=\"center\">7<\/p>\n<\/td>\n<td width=\"174\">S\u00e1bado Santo<\/td>\n<td width=\"54\">\n<p align=\"center\">22:30<\/p>\n<\/td>\n<td width=\"288\">Vigilia Pascual<\/td>\n<td width=\"148\">Iglesia<\/td>\n<\/tr>\n<tr>\n<td width=\"31\">\n<p align=\"center\">8<\/p>\n<\/td>\n<td width=\"174\">Domingo de Pascua<\/td>\n<td width=\"54\">\n<p align=\"center\">13:00<\/p>\n<\/td>\n<td width=\"288\">Procesi\u00f3n del encuentro y Misa<\/td>\n<td width=\"148\">Iglesia<\/td>\n<\/tr>\n<\/tbody>\n<\/table>\n<p><a  href=\"http:\/\/www.mecerreyes.com\/mece\/wp-content\/uploads\/2012\/04\/Imagenes-Semana-Santa-2012-a.jpg\" class=\"thickbox no_icon\" title=\"\"><img loading=\"lazy\" decoding=\"async\" class=\"alignnone size-full wp-image-4577\" src=\"http:\/\/www.mecerreyes.com\/mece\/wp-content\/uploads\/2012\/04\/Imagenes-Semana-Santa-2012-a.jpg\" alt=\"\" width=\"796\" height=\"250\" srcset=\"https:\/\/www.mecerreyes.com\/mece\/wp-content\/uploads\/2012\/04\/Imagenes-Semana-Santa-2012-a.jpg 796w, https:\/\/www.mecerreyes.com\/mece\/wp-content\/uploads\/2012\/04\/Imagenes-Semana-Santa-2012-a-300x94.jpg 300w\" sizes=\"(max-width: 796px) 100vw, 796px\" \/><\/a><\/p>\n<p>&nbsp;<\/p>\n<p>&nbsp;<\/p>","protected":false},"excerpt":{"rendered":"<p>La Semana Santa es un tiempo especial dentro del a\u00f1o; las celebraciones religiosas y los d\u00edas de descanso\u00a0nos permiten disfrutar de una manera especial del pueblo; de hecho las calles rebosan vida. Nos gustar\u00eda que de alguna manera todos los guiletos nos sinti\u00e9ramos unidos por eso os hacemos llegar los actos programados para estos d\u00edas. [&hellip;]<\/p>\n","protected":false},"author":5,"featured_media":0,"comment_status":"open","ping_status":"closed","sticky":false,"template":"","format":"standard","meta":{"_et_pb_use_builder":"","_et_pb_old_content":"","_et_gb_content_width":"","footnotes":""},"categories":[1],"tags":[11],"class_list":["post-4554","post","type-post","status-publish","format-standard","hentry","category-general","tag-semana-santa","et-doesnt-have-format-content","et_post_format-et-post-format-standard"],"_links":{"self":[{"href":"https:\/\/www.mecerreyes.com\/mece\/index.php?rest_route=\/wp\/v2\/posts\/4554"}],"collection":[{"href":"https:\/\/www.mecerreyes.com\/mece\/index.php?rest_route=\/wp\/v2\/posts"}],"about":[{"href":"https:\/\/www.mecerreyes.com\/mece\/index.php?rest_route=\/wp\/v2\/types\/post"}],"author":[{"embeddable":true,"href":"https:\/\/www.mecerreyes.com\/mece\/index.php?rest_route=\/wp\/v2\/users\/5"}],"replies":[{"embeddable":true,"href":"https:\/\/www.mecerreyes.com\/mece\/index.php?rest_route=%2Fwp%2Fv2%2Fcomments&post=4554"}],"version-history":[{"count":0,"href":"https:\/\/www.mecerreyes.com\/mece\/index.php?rest_route=\/wp\/v2\/posts\/4554\/revisions"}],"wp:attachment":[{"href":"https:\/\/www.mecerreyes.com\/mece\/index.php?rest_route=%2Fwp%2Fv2%2Fmedia&parent=4554"}],"wp:term":[{"taxonomy":"category","embeddable":true,"href":"https:\/\/www.mecerreyes.com\/mece\/index.php?rest_route=%2Fwp%2Fv2%2Fcategories&post=4554"},{"taxonomy":"post_tag","embeddable":true,"href":"https:\/\/www.mecerreyes.com\/mece\/index.php?rest_route=%2Fwp%2Fv2%2Ftags&post=4554"}],"curies":[{"name":"wp","href":"https:\/\/api.w.org\/{rel}","templated":true}]}}