{"id":4614,"date":"2012-04-25T23:15:23","date_gmt":"2012-04-25T22:15:23","guid":{"rendered":"http:\/\/www.mecerreyes.com\/mece\/?p=4614"},"modified":"2012-05-02T19:15:28","modified_gmt":"2012-05-02T18:15:28","slug":"noticias-marzo-abril-2012","status":"publish","type":"post","link":"https:\/\/www.mecerreyes.com\/mece\/?p=4614","title":{"rendered":"Noticias Marzo &#8211; Abril 2012"},"content":{"rendered":"<p style=\"text-align: justify\"><strong><em>En estos \u00faltimos d\u00edas, Mecerreyes ha sido protagonista en distintos medios de comunicaci\u00f3n por temas muy dispares: Inauguraci\u00f3n de una Exposici\u00f3n en Bilbao, V\u00edctor Mart\u00ednez, Dolmen de Mazariegos, Fueros de <\/em><\/strong><strong><em>Covarrubias, Mecerreyes y Barbadillo del Pez<\/em><\/strong><strong><em>, hemos preparado una recopilaci\u00f3n y puedes leer y visitar los enlaces que encontrar\u00e1s a continuaci\u00f3n, ahora que ya desde Mecerreyes se dispone de una l\u00ednea ADSL con garant\u00edas para conectar internet, ser\u00e1 m\u00e1s sencillo visitar la p\u00e1gina y la prensa digital.<\/em><\/strong><\/p>\n<h2 style=\"text-align: justify\"><span style=\"text-decoration: underline\"><span style=\"color: #0000ff\"><strong>Marcha solidaria<\/strong><\/span><\/span><\/h2>\n<p style=\"text-align: justify\">El 28 de Abril, s\u00e1bado, tendremos un acto con motivo de la Campa\u00f1a contra el hambre. El arciprestazgo de Arlanza, al que pertenece Mecerreyes, organiza una marcha y merienda solidaria para contribuir al proyecto de Manos Unidas en Ravelo (Bolivia) con el que queremos sacar adelante una comunidad de unas 2200 personas que viven en extrema pobreza. Para ello haremos el trayecto del Camino del Cid entre Cubillo del Campo y Mecerreyes y acabaremos con una merienda; hay un precio solidario de 10 \u20ac para los menores de 18 a\u00f1os y de 15 \u20ac para el resto.<\/p>\n<h2 style=\"text-align: justify\"><span style=\"text-decoration: underline\"><span style=\"color: #0000ff\"><strong>Defunciones<\/strong><\/span><\/span><\/h2>\n<h3 style=\"text-align: justify\">No es muy agradable tener que dar estas noticias pero como esta p\u00e1gina hace un servicio de informaci\u00f3n para los que no viven habitualmente en el pueblo y por eso informamos de las defunciones habidas en estos dos meses. Damos nuestro p\u00e9same a todos los afectados por los fallecimientos de:<\/h3>\n<p><span style=\"color: #ffffff\">.<\/span><\/p>\n<p style=\"text-align: center\"><a  href=\"http:\/\/www.mecerreyes.com\/mece\/wp-content\/uploads\/2012\/04\/Eliseo-y-Angel.jpg\" class=\"thickbox no_icon\" title=\"\"><img loading=\"lazy\" decoding=\"async\" class=\"size-full wp-image-4651 aligncenter\" src=\"http:\/\/www.mecerreyes.com\/mece\/wp-content\/uploads\/2012\/04\/Eliseo-y-Angel.jpg\" alt=\"\" width=\"320\" height=\"225\" srcset=\"https:\/\/www.mecerreyes.com\/mece\/wp-content\/uploads\/2012\/04\/Eliseo-y-Angel.jpg 320w, https:\/\/www.mecerreyes.com\/mece\/wp-content\/uploads\/2012\/04\/Eliseo-y-Angel-300x210.jpg 300w\" sizes=\"(max-width: 320px) 100vw, 320px\" \/><\/a><\/p>\n<div class=\"mceTemp\">\n<dl>\n<dd><span style=\"font-size: 15px\"><strong><br \/>\n<\/strong><\/span><\/dd>\n<\/dl>\n<\/div>\n<h3 style=\"text-align: justify\"><strong><span style=\"text-decoration: underline\">ELISEO GONZ\u00c1LEZ VICARIO<\/span><\/strong><\/h3>\n<p style=\"text-align: justify\">Falleci\u00f3 en Gald\u00e1cano el d\u00eda 4 de marzo de 2012 a los 76 a\u00f1os de edad. Su mujer es Encarna y sus hijos To\u00f1o y Carlos. Descanse en Paz.<\/p>\n<h3 style=\"text-align: justify\"><span style=\"color: #ffffff\">.<\/span><\/h3>\n<blockquote>\n<h3 style=\"text-align: justify\"><span style=\"text-decoration: underline\">\u00c1NGEL MATARRANZ G\u00d3MEZ <\/span><\/h3>\n<\/blockquote>\n<p style=\"text-align: justify\"><strong>\u00a0<\/strong>Falleci\u00f3 en Cruces-Baracaldo el d\u00eda 30 de marzo de 2012, a los 58 a\u00f1os de edad. Nos sentimos especialmente unidos a\u00a0su mujer Cristina Vicario e hijos Aitor e Ixone.<\/p>\n<h3 style=\"text-align: justify\"><\/h3>\n<p><span style=\"color: #ffffff\">.<\/span><\/p>\n<h3 style=\"text-align: justify\"><strong><span style=\"text-decoration: underline\">CALIXTO AUS\u00cdN ARRIBAS<\/span><\/strong><\/h3>\n<div style=\"text-align: justify\">\n<p>Falleci\u00f3 el 14 de abril en\u00a0San Sebasti\u00e1n los 72 a\u00f1os de edad. Tuvimos el funeral y entierro en Mecerreyes el domingo 15 de Abril por la tarde. Nuestro sentido p\u00e9same para sus hijas Pili y Loli.<\/p>\n<p>&nbsp;<\/p>\n<\/div>\n<h2 style=\"text-align: justify\"><span style=\"text-decoration: underline\"><span style=\"color: #0000ff\">Inauguraci\u00f3n Exposici\u00f3n Charles Freger<\/span><\/span><\/h2>\n<h1 style=\"text-align: justify\"><em>WILDER MANN \u2013 El Hombre Salvaje<\/em><em><br \/>\n<em>Carnaval Rey de Europa II<\/em><br \/>\n<em>Fot\u00f3grafo: Charles Fr\u00e9ger<\/em><\/em><\/h1>\n<p style=\"text-align: justify\"><em><span style=\"color: #0000ff\">Ya hac\u00edamos referencia en las Noticias de Febrero sobre la Exposici\u00f3n que el fot\u00f3grafo franc\u00e9s Charles Freger tiene abierta en el Museo Vasco de Bilbao del 14 de Marzo al 20 de Mayo de 2012, en esta ocasi\u00f3n queremos agradecer la invitaci\u00f3n que nos hicieron para asistir a la Inauguraci\u00f3n de la Exposici\u00f3n que se celebr\u00f3 el jueves 14 de Marzo en Bilbao a las 19:30 y de la que los medios de comunicaci\u00f3n vascos se hicieron eco por la riqueza de las fotograf\u00eda expuestas y por la asistencia de Boris Izaguirre; as\u00ed lo refleja El Correo en su art\u00edculo que puedes leer a continuaci\u00f3n y pinchar sobre varios enlaces:<\/span><\/em><\/p>\n<p style=\"text-align: justify\">La estrella indiscutible en la presentaci\u00f3n de la exposici\u00f3n fotogr\u00e1fica del franc\u00e9s Charles Fr\u00e9ger, \u00abEl hombre salvaje\u00bb, que tuvo lugar en el Museo Vasco de Bilbao, fue Boris Izaguirre. No hubo invitado e invitada que no quisiera hacerse una fotograf\u00eda con el popular escritor y comunicador. Los tel\u00e9fonos m\u00f3viles facilitan mucho la posibilidad de inmortalizar estos encuentros. Boris, que acudi\u00f3 acompa\u00f1ado por su marido, Rub\u00e9n, y por Patxi Ort\u00fan, luc\u00eda elegante traje azul oscuro, camisa blanca desabotonada y zapatos negros. Sin perder la sonrisa, atendi\u00f3 amablemente a todas aquellas personas que se acercaron a saludarle. La muestra, que consta de 60 fotograf\u00edas que Fr\u00e9ger ha hecho entre los a\u00f1os 2010 y 2011 en 19 pa\u00edses europeos, se enmarca dentro del proyecto, \u00abCarnaval Rey de Europa\u00bb.<br \/>\nSeg\u00fan la leyenda, el hombre salvaje, ser m\u00edtico y considerado como un superhombre, es el hijo de la uni\u00f3n de un oso y una mujer. Las fotograf\u00edas del autor franc\u00e9s son un inventario po\u00e9tico de las figuras de esos hombres, individuales y en grupos, pertenecientes a comunidades campesinas. Hombres que se disfrazan de jabal\u00edes, osos, cabras o diablos.<br \/>\nLa presentaci\u00f3n del acto corri\u00f3 a cargo de Amaia Basterretxea, directora del Museo Vasco de Bilbao, I\u00f1aki L\u00f3pez Agileta, director de Cultura del <a  href=\"https:\/\/www.mecerreyes.com\/mece\/?page_id=24\">Ayuntamiento<\/a> de Bilbao, y Gonzalo Olabarria, director de Cultura de la Diputaci\u00f3n vizca\u00edna.<br \/>\nEn el acto estuvieron, con sus ropas de Carnaval y sus particulares cencerros, los integrantes del colectivo Altsasuko Irauteriak, que mostraron como es la fiesta en Alsasua. Acudieron Enrique Zelaia, Lidia Elola, Juli\u00e1n Vicario, alcalde de la localidad burgalesa de Mecerreyes, que tienen unos importantes carnavales, Lorena Vicario, Isabel y Margarita Mariscal, Xabier L\u00f3pez, I\u00f1aki G\u00f3mez, Maider Garc\u00eda, Nuria C\u00eda, Elena Marsal, Marino Montero y Jos\u00e9 Mari Amantes, dos de los impulsores del carnaval bilba\u00edno.<br \/>\nAsimismo acudieron Marian \u00c1lvarez, Caroline Fr\u00e9ger, Catalina de la Sota, que acudi\u00f3 con su sobrina nieta Carolina de la Sota, Mari Loren Berriozabal, Jon Aldaiturriaga, Espe Pipa\u00f3n, Arantza y Mari Nieves Ar\u00e9valo, Maite Herrera, Lolo Lastarra, Faustino Ruiz Arn\u00e1ez, Alberto L\u00f3pez Echevarrieta, Mar\u00eda Barreiro, Alberto Barrenetxea, Ana Calzada, Maite Garay, Karmele Etxabe, Rosa Mari Benito, Ana Moraleda, Agurtzane Luzarraga, Bego\u00f1a Ayo, Carmelo Corada, de C\u00e1ritas, Pili Castro, Miguel Riobello, Merche L\u00f3pez, Itziar Zorriqueta, Mari Feli Aguirre, Ana Mart\u00ednez de Mend\u00edbil, Mari asun Lasarte, Zorione Larrabe, Gorane Barrena, Eva Barriocanal y el restaurador Juli\u00e1n S\u00e1nchez Eguiluz.<\/p>\n<p style=\"text-align: justify\"><a  href=\"http:\/\/info.elcorreo.com\/vida-social\/evento.php?cod=7288\" target=\"_blank\">http:\/\/info.elcorreo.com\/vida-social\/evento.php?cod=7288<\/a><\/p>\n<p style=\"text-align: justify\"><a  href=\"http:\/\/www.arteshoy.com\/?p=3990\" target=\"_blank\">http:\/\/www.arteshoy.com\/?p=3990<\/a><\/p>\n<p style=\"text-align: justify\"><a  href=\"http:\/\/www.lariadelocio.com\/elhombresalvaje.html\" target=\"_blank\">http:\/\/www.lariadelocio.com\/elhombresalvaje.html<\/a><\/p>\n<p style=\"text-align: justify\"><a  href=\"http:\/\/www.euskal-museoa.org\/pdf\/CHARLES%20FREGER%20(Triptico)%20baja.pdf\" target=\"_blank\">http:\/\/www.euskal-museoa.org\/pdf\/CHARLES%20FREGER%20(Triptico)%20baja.pdf<\/a><\/p>\n<p style=\"text-align: justify\"><a  href=\"http:\/\/bilbao.portaldetuciudad.com\/es-es\/exposiciones\/wilder-mann-el-hombre-salvaje-bilbao-005_2_3_42681_112.html\" target=\"_blank\">http:\/\/bilbao.portaldetuciudad.com\/es-es\/exposiciones\/wilder-mann-el-hombre-salvaje-bilbao-005_2_3_42681_112.html<\/a><\/p>\n<h2 style=\"text-align: justify\"><span style=\"text-decoration: underline\"><span style=\"color: #0000ff;text-decoration: underline\">DOLMEN DE MAZARIEGOS<\/span><\/span><\/h2>\n<p style=\"text-align: justify\">Mecerreyes \/ Monumento megal\u00edtico de Mazariegos<\/p>\n<h1 style=\"text-align: justify\">Los vecinos insisten en que se corrija el error que sit\u00faa el dolmen en Cubillejo<\/h1>\n<p style=\"text-align: justify\">Diario de Burgos\u00a0&#8211;\u00a0jueves, 15 de marzo de 2012<\/p>\n<p style=\"text-align: justify\"><a  href=\"http:\/\/www.diariodeburgos.es\/noticia\/ZC60270CE-0C0D-D5B4-A9B2A42BA900280F\/20120315\/vecinos\/insisten\/corrija\/error\/situa\/dolmen\/cubillejo\" target=\"_blank\">http:\/\/www.diariodeburgos.es\/noticia\/ZC60270CE-0C0D-D5B4-A9B2A42BA900280F\/20120315\/vecinos\/insisten\/corrija\/error\/situa\/dolmen\/cubillejo<\/a><\/p>\n<h1 style=\"text-align: justify\"><a  href=\"http:\/\/www.mecerreyes.com\/mece\/wp-content\/uploads\/2012\/04\/Diario-de-Burgos-28-03-12-b.jpg\" class=\"thickbox no_icon\" title=\"\"><img loading=\"lazy\" decoding=\"async\" class=\"alignnone size-full wp-image-4632\" src=\"http:\/\/www.mecerreyes.com\/mece\/wp-content\/uploads\/2012\/04\/Diario-de-Burgos-28-03-12-b.jpg\" alt=\"\" width=\"610\" height=\"462\" srcset=\"https:\/\/www.mecerreyes.com\/mece\/wp-content\/uploads\/2012\/04\/Diario-de-Burgos-28-03-12-b.jpg 610w, https:\/\/www.mecerreyes.com\/mece\/wp-content\/uploads\/2012\/04\/Diario-de-Burgos-28-03-12-b-300x227.jpg 300w\" sizes=\"(max-width: 610px) 100vw, 610px\" \/><\/a><\/h1>\n<p>&nbsp;<\/p>\n<h1 style=\"text-align: justify\">El disputado dolmen de Cubillejo de Lara.<\/h1>\n<p style=\"text-align: justify\">Diario de Burgos\u00a0&#8211;\u00a0mi\u00e9rcoles, 28 de marzo de 2012<\/p>\n<p style=\"text-align: justify\"><a  href=\"http:\/\/www.diariodeburgos.es\/noticia\/Z628A7D8F-A934-DE52-4289C7210E4DE11B\/20120328\/disputado\/dolmen\/cubillejo\/lara\" target=\"_blank\">http:\/\/www.diariodeburgos.es\/noticia\/Z628A7D8F-A934-DE52-4289C7210E4DE11B\/20120328\/disputado\/dolmen\/cubillejo\/lara<\/a><\/p>\n<h1 style=\"text-align: justify\"><a  href=\"http:\/\/www.mecerreyes.com\/mece\/wp-content\/uploads\/2012\/04\/Diario-de-Burgos-28-03-12.jpg\" class=\"thickbox no_icon\" title=\"\"><img loading=\"lazy\" decoding=\"async\" class=\"alignnone size-medium wp-image-4629\" src=\"http:\/\/www.mecerreyes.com\/mece\/wp-content\/uploads\/2012\/04\/Diario-de-Burgos-28-03-12-300x224.jpg\" alt=\"\" width=\"300\" height=\"224\" srcset=\"https:\/\/www.mecerreyes.com\/mece\/wp-content\/uploads\/2012\/04\/Diario-de-Burgos-28-03-12-300x224.jpg 300w, https:\/\/www.mecerreyes.com\/mece\/wp-content\/uploads\/2012\/04\/Diario-de-Burgos-28-03-12.jpg 700w\" sizes=\"(max-width: 300px) 100vw, 300px\" \/><\/a><\/h1>\n<h1 style=\"text-align: justify\"><\/h1>\n<h1 style=\"text-align: justify\"><\/h1>\n<h2 style=\"text-align: justify\"><span style=\"text-decoration: underline\"><span style=\"color: #0000ff;text-decoration: underline\">Fueros de Covarrubias &#8211; Mecerreyes y Barbadillo del Pez<\/span><\/span><\/h2>\n<h1 style=\"text-align: justify\">El fuero se lleva al Teatro.<\/h1>\n<p style=\"text-align: justify\">Diario de Burgos \u00a0&#8211;\u00a0martes, 17 de abril de 2012<\/p>\n<p style=\"text-align: justify\"><a  href=\"http:\/\/www.diariodeburgos.es\/noticia\/Z64BB40DB-EF9E-9B46-30FAF34A5BD81F53\/20120417\/fuero\/lleva\/teatro\" target=\"_blank\">http:\/\/www.diariodeburgos.es\/noticia\/Z64BB40DB-EF9E-9B46-30FAF34A5BD81F53\/20120417\/fuero\/lleva\/teatro<\/a><\/p>\n<h1 style=\"text-align: justify\">Covarrubias, por susfueros<\/h1>\n<p style=\"text-align: justify\">Diario de Burgos \u00a0&#8211;\u00a0domingo, 22 de abril de 2012<\/p>\n<p style=\"text-align: justify\"><a  href=\"http:\/\/www.diariodeburgos.es\/noticia\/Z63233314-E24B-3C66-DBDEDA2D07302D30\/20120422\/covarrubias\/susfueros\" target=\"_blank\">http:\/\/www.diariodeburgos.es\/noticia\/Z63233314-E24B-3C66-DBDEDA2D07302D30\/20120422\/covarrubias\/susfueros<\/a><\/p>\n<h1 style=\"text-align: justify\"><\/h1>\n<h1 style=\"text-align: justify\"><\/h1>\n<h2 style=\"text-align: justify\"><span style=\"text-decoration: underline;color: #0000ff\">III Encuentro UBU-ACTIVA: V\u00edctor Mart\u00ednez.<\/span><\/h2>\n<p style=\"text-align: justify\"><a  href=\"http:\/\/www.elnortedecastilla.es\/20120330\/local\/burgos\/empresario-burgales-victor-martinez-201203301415.html\" target=\"_blank\">http:\/\/www.elnortedecastilla.es\/20120330\/local\/burgos\/empresario-burgales-victor-martinez-201203301415.html<\/a><\/p>\n<p style=\"text-align: justify\"><a  href=\"http:\/\/www.diariodeburgos.es\/noticia\/Z843ADE03-EF33-4117-4C4847F2173215E5\/20120329\/due%C3%B1o\/grupo\/salerm\/contara\/ubuactivafae\/experiencia\/empresarial\" target=\"_blank\">http:\/\/www.diariodeburgos.es\/noticia\/Z843ADE03-EF33-4117-4C4847F2173215E5\/20120329\/due%C3%B1o\/grupo\/salerm\/contara\/ubuactivafae\/experiencia\/empresarial<\/a><\/p>\n<p style=\"text-align: justify\"><a  href=\"http:\/\/www.ubu.es\/es\/gabineteprensa\/actualidad-informativa\/galeria-fotografica\/viernes-30-marzo-2012-empresario-victor-martinez-vicario-pr\" target=\"_blank\">http:\/\/www.ubu.es\/es\/gabineteprensa\/actualidad-informativa\/galeria-fotografica\/viernes-30-marzo-2012-empresario-victor-martinez-vicario-pr<\/a><\/p>\n<h1 style=\"text-align: justify\"><\/h1>\n<div id=\"attachment_4633\" style=\"width: 761px\" class=\"wp-caption alignnone\"><a  href=\"http:\/\/www.mecerreyes.com\/mece\/wp-content\/uploads\/2012\/04\/Diario-de-Burgos-31-03-12.jpg\" class=\"thickbox no_icon\" title=\"\"><img loading=\"lazy\" decoding=\"async\" aria-describedby=\"caption-attachment-4633\" class=\"size-full wp-image-4633\" src=\"http:\/\/www.mecerreyes.com\/mece\/wp-content\/uploads\/2012\/04\/Diario-de-Burgos-31-03-12.jpg\" alt=\"\" width=\"751\" height=\"739\" srcset=\"https:\/\/www.mecerreyes.com\/mece\/wp-content\/uploads\/2012\/04\/Diario-de-Burgos-31-03-12.jpg 751w, https:\/\/www.mecerreyes.com\/mece\/wp-content\/uploads\/2012\/04\/Diario-de-Burgos-31-03-12-300x295.jpg 300w\" sizes=\"(max-width: 751px) 100vw, 751px\" \/><\/a><p id=\"caption-attachment-4633\" class=\"wp-caption-text\">Diario de Burgos, s\u00e1bado 31 de Marzo de 2012<\/p><\/div>\n<h1 style=\"text-align: justify\"><\/h1>\n<h2 style=\"text-align: justify\"><span style=\"text-decoration: underline\"><span style=\"color: #0000ff;text-decoration: underline\">Internet en Mecerreyes<\/span><\/span><\/h2>\n<p style=\"text-align: justify\">Desde hace unas semanas nos hemos subido al carro de la tecnolog\u00eda. Gracias a Movistar podemos acceder a una conexi\u00f3n de garant\u00edas y disponible para todos los que quieran estar en la red desde sus casas.<\/p>\n<h1 style=\"text-align: justify\"><\/h1>\n<h2 style=\"text-align: justify\"><span style=\"text-decoration: underline\"><span style=\"color: #0000ff;text-decoration: underline\">Cagarrias<\/span><\/span><\/h2>\n<p style=\"text-align: justify\">Las lluvias de Abril han hecho que las setas aparezcan. Despu\u00e9s de un verano muy muy seco y con temperaturas impropias de los meses de Febrero y Marzo, Abril ha llegado con sus aguas mil. Y eso lo ha agradecido el monte que nos regala uno de los manjares de la primavera: las cagarrias.<\/p>\n<div id=\"attachment_4626\" style=\"width: 806px\" class=\"wp-caption alignnone\"><a  href=\"http:\/\/www.mecerreyes.com\/mece\/wp-content\/uploads\/2012\/04\/Imagenes-Noticias-Marzo-Abril-2012.jpg\" class=\"thickbox no_icon\" title=\"\"><img loading=\"lazy\" decoding=\"async\" aria-describedby=\"caption-attachment-4626\" class=\"size-full wp-image-4626\" src=\"http:\/\/www.mecerreyes.com\/mece\/wp-content\/uploads\/2012\/04\/Imagenes-Noticias-Marzo-Abril-2012.jpg\" alt=\"\" width=\"796\" height=\"250\" srcset=\"https:\/\/www.mecerreyes.com\/mece\/wp-content\/uploads\/2012\/04\/Imagenes-Noticias-Marzo-Abril-2012.jpg 796w, https:\/\/www.mecerreyes.com\/mece\/wp-content\/uploads\/2012\/04\/Imagenes-Noticias-Marzo-Abril-2012-300x94.jpg 300w\" sizes=\"(max-width: 796px) 100vw, 796px\" \/><\/a><p id=\"caption-attachment-4626\" class=\"wp-caption-text\">Mecerreyes: Noticias Marzo - Abril 2012<\/p><\/div>","protected":false},"excerpt":{"rendered":"<p>En estos \u00faltimos d\u00edas, Mecerreyes ha sido protagonista en distintos medios de comunicaci\u00f3n por temas muy dispares: Inauguraci\u00f3n de una Exposici\u00f3n en Bilbao, V\u00edctor Mart\u00ednez, Dolmen de Mazariegos, Fueros de Covarrubias, Mecerreyes y Barbadillo del Pez, hemos preparado una recopilaci\u00f3n y puedes leer y visitar los enlaces que encontrar\u00e1s a continuaci\u00f3n, ahora que ya desde [&hellip;]<\/p>\n","protected":false},"author":5,"featured_media":0,"comment_status":"open","ping_status":"closed","sticky":false,"template":"","format":"standard","meta":{"_et_pb_use_builder":"","_et_pb_old_content":"","_et_gb_content_width":"","footnotes":""},"categories":[1],"tags":[25,21],"class_list":["post-4614","post","type-post","status-publish","format-standard","hentry","category-general","tag-dolmen-de-mazariegos","tag-guiletos","et-doesnt-have-format-content","et_post_format-et-post-format-standard"],"_links":{"self":[{"href":"https:\/\/www.mecerreyes.com\/mece\/index.php?rest_route=\/wp\/v2\/posts\/4614"}],"collection":[{"href":"https:\/\/www.mecerreyes.com\/mece\/index.php?rest_route=\/wp\/v2\/posts"}],"about":[{"href":"https:\/\/www.mecerreyes.com\/mece\/index.php?rest_route=\/wp\/v2\/types\/post"}],"author":[{"embeddable":true,"href":"https:\/\/www.mecerreyes.com\/mece\/index.php?rest_route=\/wp\/v2\/users\/5"}],"replies":[{"embeddable":true,"href":"https:\/\/www.mecerreyes.com\/mece\/index.php?rest_route=%2Fwp%2Fv2%2Fcomments&post=4614"}],"version-history":[{"count":0,"href":"https:\/\/www.mecerreyes.com\/mece\/index.php?rest_route=\/wp\/v2\/posts\/4614\/revisions"}],"wp:attachment":[{"href":"https:\/\/www.mecerreyes.com\/mece\/index.php?rest_route=%2Fwp%2Fv2%2Fmedia&parent=4614"}],"wp:term":[{"taxonomy":"category","embeddable":true,"href":"https:\/\/www.mecerreyes.com\/mece\/index.php?rest_route=%2Fwp%2Fv2%2Fcategories&post=4614"},{"taxonomy":"post_tag","embeddable":true,"href":"https:\/\/www.mecerreyes.com\/mece\/index.php?rest_route=%2Fwp%2Fv2%2Ftags&post=4614"}],"curies":[{"name":"wp","href":"https:\/\/api.w.org\/{rel}","templated":true}]}}