{"id":483,"date":"2009-08-10T22:10:03","date_gmt":"2009-08-10T21:10:03","guid":{"rendered":"http:\/\/www.mecerreyes.com\/mece\/?p=483"},"modified":"2009-08-10T22:12:37","modified_gmt":"2009-08-10T21:12:37","slug":"cronica-de-un-dia-de-fiesta","status":"publish","type":"post","link":"https:\/\/www.mecerreyes.com\/mece\/?p=483","title":{"rendered":"CR\u00d3NICA DE UN D\u00cdA DE FIESTA"},"content":{"rendered":"<p>El s\u00e1bado 1 de Agosto tuvimos la suerte de ver nuestro pueblo rejuvenecido y oliendo al sabor de anta\u00f1o con multitud de cuadrillas, j\u00f3venes, adultos\u2026 Celebramos varios acontecimientos importantes: la IX muestra de dulzaineros, el homenaje a Poli y las inauguraciones de la escultura \u201cEl Abuelo de Frutos\u201d y el Sal\u00f3n de usos m\u00faltiples con la rehabilitaci\u00f3n de la planta baja y el patio de las escuelas.<\/p>\n<p>La afluencia de p\u00fablico fue masiva; a\u00f1o a a\u00f1o esta tarde de fiesta se va consolidando entre la gente de Mecerreyes y de los pueblos vecinos; y eso que esa misma tarde daba <a  href=\"https:\/\/www.mecerreyes.com\/mece\/\">inicio<\/a> en Lerma el Mes del Barroco. La calidad de los grupos participantes, el buen gusto ambientando los distintos rincones del pueblo y la variedad de eventos complementarios hacen que esta cita se convierta en un referente cultural en esta zona entre el Arlanza y Lara.<\/p>\n<p>A las 19:00 horas nos juntamos en la Iglesia parroquial un buen nutrido grupo de personas para agradecer, junto con la familia de Poli, los a\u00f1os que \u00e9ste ha dedicado a la m\u00fasica. Fue una ceremonia sencilla y emotiva, llena de sentimiento y gratitud. Al finalizar \u00e9sta tuvimos el tradicional pasacalles con los grupos participantes en el Certamen de dulzaina. Las calles se llenaron de alegres melod\u00edas con ritmos variados y mestizaje de estilos.<\/p>\n<p>Despu\u00e9s de un peque\u00f1o refrigerio en el bar o en el Mes\u00f3n, aprovechamos ese descanso para hacer la inauguraci\u00f3n de la escultura \u201cEl Abuelo de Frutos\u201d realizada por \u00c1ngel Gil con gran gusto y maestr\u00eda. Para ver la explicaci\u00f3n completa pod\u00e9is consultar en la p\u00e1gina.<\/p>\n<p>A eso de las 20:00 horas comenz\u00f3 el plato fuerte de la tarde: el homenaje a Poli y la IX Muestra de dulzaineros \u2013 villa de Mecerreyes. El homenaje de Poli lo medi\u00f3 D. M\u00e1ximo Cu\u00f1ado que con unas palabras llenas de recuerdo y agradecimiento supo reconocer la gran labor realizada por \u00e9l a lo largo de los 60 a\u00f1os dedicados a la m\u00fasica; an\u00e9cdotas, recuerdos, agradecimientos\u2026, todo se junt\u00f3 en esos minutos dedicados a un hombre singular en la <a  href=\"https:\/\/www.mecerreyes.com\/mece\/?page_id=32\">historia<\/a> musical del pueblo. Muchos alcaldes de los pueblos donde Los Anises habitualmente amenizan fiestas, romer\u00edas, bailes\u2026 quisieron sumarse a este homenaje; casi treinta de ellos nos honraron con su presencia, incluso alguno de ellos le obsequi\u00f3 con un sencillo presente. Tambi\u00e9n se sumaron algunas personalidades del mundo de la pol\u00edtica local y regional: D. Lorenzo Salda\u00f1a, D\u00aa M\u00aa Pura Arranz, D. Rufino Serrano y D. Juan Carlos Pe\u00f1a.<\/p>\n<p>Justo a continuaci\u00f3n Carmelo hizo los honores presentando a los grupos participantes en el Certamen de este a\u00f1o: Los Anises, que dedic\u00f3 una pieza muy especial a quien fue parte viva del grupo durante 60 a\u00f1os: Poli, Atalaya Soria y la Orquestina Charanzaina. No pudo acudir el grupo burgal\u00e9s Atabal por problemas de \u00faltima hora. Conjugando ritmos tradicionales con sonidos modernos de instrumentos como el saxo, la trompeta o la flauta. Durante una hora estuvimos disfrutando de este toque de tradici\u00f3n y modernidad.<\/p>\n<p>Finalmente nos desplazamos hasta las escuelas para inaugurar la rehabilitaci\u00f3n de la planta baja del edificio; se ha hecho de \u00e9l un \u00fanico sal\u00f3n de usos m\u00faltiples para la cultura y el ocio. All\u00ed pudimos ver una exposici\u00f3n sobre la <a  href=\"https:\/\/www.mecerreyes.com\/mece\/?page_id=70\">Ruta del Cid<\/a> y degustar un sabroso vino espa\u00f1ol; tan grande ha quedado el sal\u00f3n que no nos dimos cuenta de que nos metimos m\u00e1s de doscientas personas. En el exterior, el patio ha dejado de ser un solar casi abandonado y ha pasado a ser uno de los lugares m\u00e1s concurridos por los ni\u00f1os con la colocaci\u00f3n de unos columpios, una zona de arena para jugar y una explanada grand\u00edsima para divertirse.<\/p>\n\n\t\t<style type=\"text\/css\">\n\t\t\t#gallery-1 {\n\t\t\t\tmargin: auto;\n\t\t\t}\n\t\t\t#gallery-1 .gallery-item {\n\t\t\t\tfloat: left;\n\t\t\t\tmargin-top: 10px;\n\t\t\t\ttext-align: center;\n\t\t\t\twidth: 33%;\n\t\t\t}\n\t\t\t#gallery-1 img {\n\t\t\t\tborder: 2px solid #cfcfcf;\n\t\t\t}\n\t\t\t#gallery-1 .gallery-caption {\n\t\t\t\tmargin-left: 0;\n\t\t\t}\n\t\t\t\/* see gallery_shortcode() in wp-includes\/media.php *\/\n\t\t<\/style>\n\t\t<div id='gallery-1' class='gallery galleryid-483 gallery-columns-3 gallery-size-thumbnail'><dl class='gallery-item'>\n\t\t\t<dt class='gallery-icon landscape'>\n\t\t\t\t<a  href=\"https:\/\/www.mecerreyes.com\/mece\/wp-content\/uploads\/2009\/08\/Misa-Homenaje-Poli.jpg\" class=\"thickbox no_icon\" title=\"\"><img loading=\"lazy\" decoding=\"async\" width=\"150\" height=\"150\" src=\"https:\/\/www.mecerreyes.com\/mece\/wp-content\/uploads\/2009\/08\/Misa-Homenaje-Poli-150x150.jpg\" class=\"attachment-thumbnail size-thumbnail\" alt=\"\" \/><\/a>\n\t\t\t<\/dt><\/dl><dl class='gallery-item'>\n\t\t\t<dt class='gallery-icon landscape'>\n\t\t\t\t<a  href=\"https:\/\/www.mecerreyes.com\/mece\/wp-content\/uploads\/2009\/08\/Pasacalles-Dulzaineros-Mecerreyes-a.jpg\" class=\"thickbox no_icon\" title=\"\"><img loading=\"lazy\" decoding=\"async\" width=\"150\" height=\"150\" src=\"https:\/\/www.mecerreyes.com\/mece\/wp-content\/uploads\/2009\/08\/Pasacalles-Dulzaineros-Mecerreyes-a-150x150.jpg\" class=\"attachment-thumbnail size-thumbnail\" alt=\"\" \/><\/a>\n\t\t\t<\/dt><\/dl><dl class='gallery-item'>\n\t\t\t<dt class='gallery-icon landscape'>\n\t\t\t\t<a  href=\"https:\/\/www.mecerreyes.com\/mece\/wp-content\/uploads\/2009\/08\/Pasacalles-Dulzaineros-Mecerreyes-b.jpg\" class=\"thickbox no_icon\" title=\"\"><img loading=\"lazy\" decoding=\"async\" width=\"150\" height=\"150\" src=\"https:\/\/www.mecerreyes.com\/mece\/wp-content\/uploads\/2009\/08\/Pasacalles-Dulzaineros-Mecerreyes-b-150x150.jpg\" class=\"attachment-thumbnail size-thumbnail\" alt=\"\" \/><\/a>\n\t\t\t<\/dt><\/dl><br style=\"clear: both\" \/><dl class='gallery-item'>\n\t\t\t<dt class='gallery-icon landscape'>\n\t\t\t\t<a  href=\"https:\/\/www.mecerreyes.com\/mece\/wp-content\/uploads\/2009\/08\/Homenaje-a-Poli.jpg\" class=\"thickbox no_icon\" title=\"\"><img loading=\"lazy\" decoding=\"async\" width=\"150\" height=\"150\" src=\"https:\/\/www.mecerreyes.com\/mece\/wp-content\/uploads\/2009\/08\/Homenaje-a-Poli-150x150.jpg\" class=\"attachment-thumbnail size-thumbnail\" alt=\"\" \/><\/a>\n\t\t\t<\/dt><\/dl><dl class='gallery-item'>\n\t\t\t<dt class='gallery-icon portrait'>\n\t\t\t\t<a  href=\"https:\/\/www.mecerreyes.com\/mece\/wp-content\/uploads\/2009\/08\/Nieta-de-Poli.jpg\" class=\"thickbox no_icon\" title=\"\"><img loading=\"lazy\" decoding=\"async\" width=\"150\" height=\"150\" src=\"https:\/\/www.mecerreyes.com\/mece\/wp-content\/uploads\/2009\/08\/Nieta-de-Poli-150x150.jpg\" class=\"attachment-thumbnail size-thumbnail\" alt=\"\" \/><\/a>\n\t\t\t<\/dt><\/dl><dl class='gallery-item'>\n\t\t\t<dt class='gallery-icon landscape'>\n\t\t\t\t<a  href=\"https:\/\/www.mecerreyes.com\/mece\/wp-content\/uploads\/2009\/08\/Salon-Escuelas.jpg\" class=\"thickbox no_icon\" title=\"\"><img loading=\"lazy\" decoding=\"async\" width=\"150\" height=\"150\" src=\"https:\/\/www.mecerreyes.com\/mece\/wp-content\/uploads\/2009\/08\/Salon-Escuelas-150x150.jpg\" class=\"attachment-thumbnail size-thumbnail\" alt=\"\" \/><\/a>\n\t\t\t<\/dt><\/dl><br style=\"clear: both\" \/><dl class='gallery-item'>\n\t\t\t<dt class='gallery-icon landscape'>\n\t\t\t\t<a  href=\"https:\/\/www.mecerreyes.com\/mece\/wp-content\/uploads\/2009\/08\/Abuelo-de-Frutos-y-Artista.jpg\" class=\"thickbox no_icon\" title=\"\"><img loading=\"lazy\" decoding=\"async\" width=\"150\" height=\"150\" src=\"https:\/\/www.mecerreyes.com\/mece\/wp-content\/uploads\/2009\/08\/Abuelo-de-Frutos-y-Artista-150x150.jpg\" class=\"attachment-thumbnail size-thumbnail\" alt=\"\" \/><\/a>\n\t\t\t<\/dt><\/dl><dl class='gallery-item'>\n\t\t\t<dt class='gallery-icon landscape'>\n\t\t\t\t<a  href=\"https:\/\/www.mecerreyes.com\/mece\/wp-content\/uploads\/2009\/08\/Inauguracion-abuelo-a.jpg\" class=\"thickbox no_icon\" title=\"\"><img loading=\"lazy\" decoding=\"async\" width=\"150\" height=\"150\" src=\"https:\/\/www.mecerreyes.com\/mece\/wp-content\/uploads\/2009\/08\/Inauguracion-abuelo-a-150x150.jpg\" class=\"attachment-thumbnail size-thumbnail\" alt=\"\" \/><\/a>\n\t\t\t<\/dt><\/dl><dl class='gallery-item'>\n\t\t\t<dt class='gallery-icon portrait'>\n\t\t\t\t<a  href=\"https:\/\/www.mecerreyes.com\/mece\/wp-content\/uploads\/2009\/08\/Inauguracion-abuelo-b.jpg\" class=\"thickbox no_icon\" title=\"\"><img loading=\"lazy\" decoding=\"async\" width=\"150\" height=\"150\" src=\"https:\/\/www.mecerreyes.com\/mece\/wp-content\/uploads\/2009\/08\/Inauguracion-abuelo-b-150x150.jpg\" class=\"attachment-thumbnail size-thumbnail\" alt=\"\" \/><\/a>\n\t\t\t<\/dt><\/dl><br style=\"clear: both\" \/><dl class='gallery-item'>\n\t\t\t<dt class='gallery-icon landscape'>\n\t\t\t\t<a  href=\"https:\/\/www.mecerreyes.com\/mece\/wp-content\/uploads\/2009\/08\/Columpio-y-Escuelas.jpg\" class=\"thickbox no_icon\" title=\"\"><img loading=\"lazy\" decoding=\"async\" width=\"150\" height=\"150\" src=\"https:\/\/www.mecerreyes.com\/mece\/wp-content\/uploads\/2009\/08\/Columpio-y-Escuelas-150x150.jpg\" class=\"attachment-thumbnail size-thumbnail\" alt=\"\" \/><\/a>\n\t\t\t<\/dt><\/dl><dl class='gallery-item'>\n\t\t\t<dt class='gallery-icon landscape'>\n\t\t\t\t<a  href=\"https:\/\/www.mecerreyes.com\/mece\/wp-content\/uploads\/2009\/08\/Columpio-y-Escuelas-1.jpg\" class=\"thickbox no_icon\" title=\"\"><img loading=\"lazy\" decoding=\"async\" width=\"150\" height=\"150\" src=\"https:\/\/www.mecerreyes.com\/mece\/wp-content\/uploads\/2009\/08\/Columpio-y-Escuelas-1-150x150.jpg\" class=\"attachment-thumbnail size-thumbnail\" alt=\"\" \/><\/a>\n\t\t\t<\/dt><\/dl><dl class='gallery-item'>\n\t\t\t<dt class='gallery-icon landscape'>\n\t\t\t\t<a  href=\"https:\/\/www.mecerreyes.com\/mece\/wp-content\/uploads\/2009\/08\/Columpio-y-Escuelas-2-2.jpg\" class=\"thickbox no_icon\" title=\"\"><img loading=\"lazy\" decoding=\"async\" width=\"150\" height=\"150\" src=\"https:\/\/www.mecerreyes.com\/mece\/wp-content\/uploads\/2009\/08\/Columpio-y-Escuelas-2-2-150x150.jpg\" class=\"attachment-thumbnail size-thumbnail\" alt=\"\" \/><\/a>\n\t\t\t<\/dt><\/dl><br style=\"clear: both\" \/><dl class='gallery-item'>\n\t\t\t<dt class='gallery-icon landscape'>\n\t\t\t\t<a  href=\"https:\/\/www.mecerreyes.com\/mece\/wp-content\/uploads\/2009\/08\/Columpio-y-Escuelas-3.jpg\" class=\"thickbox no_icon\" title=\"\"><img loading=\"lazy\" decoding=\"async\" width=\"150\" height=\"150\" src=\"https:\/\/www.mecerreyes.com\/mece\/wp-content\/uploads\/2009\/08\/Columpio-y-Escuelas-3-150x150.jpg\" class=\"attachment-thumbnail size-thumbnail\" alt=\"\" \/><\/a>\n\t\t\t<\/dt><\/dl><dl class='gallery-item'>\n\t\t\t<dt class='gallery-icon landscape'>\n\t\t\t\t<a  href=\"https:\/\/www.mecerreyes.com\/mece\/wp-content\/uploads\/2009\/08\/Columpio-y-Escuelas-4.jpg\" class=\"thickbox no_icon\" title=\"\"><img loading=\"lazy\" decoding=\"async\" width=\"150\" height=\"150\" src=\"https:\/\/www.mecerreyes.com\/mece\/wp-content\/uploads\/2009\/08\/Columpio-y-Escuelas-4-150x150.jpg\" class=\"attachment-thumbnail size-thumbnail\" alt=\"\" \/><\/a>\n\t\t\t<\/dt><\/dl>\n\t\t\t<br style='clear: both' \/>\n\t\t<\/div>","protected":false},"excerpt":{"rendered":"<p>El s\u00e1bado 1 de Agosto tuvimos la suerte de ver nuestro pueblo rejuvenecido y oliendo al sabor de anta\u00f1o con multitud de cuadrillas, j\u00f3venes, adultos\u2026 Celebramos varios acontecimientos importantes: la IX muestra de dulzaineros, el homenaje a Poli y las inauguraciones de la escultura \u201cEl Abuelo de Frutos\u201d y el Sal\u00f3n de usos m\u00faltiples con [&hellip;]<\/p>\n","protected":false},"author":5,"featured_media":0,"comment_status":"open","ping_status":"closed","sticky":false,"template":"","format":"standard","meta":{"_et_pb_use_builder":"","_et_pb_old_content":"","_et_gb_content_width":"","footnotes":""},"categories":[1],"tags":[23,13,21,24,18,26],"class_list":["post-483","post","type-post","status-publish","format-standard","hentry","category-general","tag-dulzaineros","tag-escuelas","tag-guiletos","tag-memorial-simon-altable","tag-ruta-del-cid","tag-telecentro","et-doesnt-have-format-content","et_post_format-et-post-format-standard"],"_links":{"self":[{"href":"https:\/\/www.mecerreyes.com\/mece\/index.php?rest_route=\/wp\/v2\/posts\/483"}],"collection":[{"href":"https:\/\/www.mecerreyes.com\/mece\/index.php?rest_route=\/wp\/v2\/posts"}],"about":[{"href":"https:\/\/www.mecerreyes.com\/mece\/index.php?rest_route=\/wp\/v2\/types\/post"}],"author":[{"embeddable":true,"href":"https:\/\/www.mecerreyes.com\/mece\/index.php?rest_route=\/wp\/v2\/users\/5"}],"replies":[{"embeddable":true,"href":"https:\/\/www.mecerreyes.com\/mece\/index.php?rest_route=%2Fwp%2Fv2%2Fcomments&post=483"}],"version-history":[{"count":0,"href":"https:\/\/www.mecerreyes.com\/mece\/index.php?rest_route=\/wp\/v2\/posts\/483\/revisions"}],"wp:attachment":[{"href":"https:\/\/www.mecerreyes.com\/mece\/index.php?rest_route=%2Fwp%2Fv2%2Fmedia&parent=483"}],"wp:term":[{"taxonomy":"category","embeddable":true,"href":"https:\/\/www.mecerreyes.com\/mece\/index.php?rest_route=%2Fwp%2Fv2%2Fcategories&post=483"},{"taxonomy":"post_tag","embeddable":true,"href":"https:\/\/www.mecerreyes.com\/mece\/index.php?rest_route=%2Fwp%2Fv2%2Ftags&post=483"}],"curies":[{"name":"wp","href":"https:\/\/api.w.org\/{rel}","templated":true}]}}