{"id":501,"date":"2009-08-14T08:50:24","date_gmt":"2009-08-14T07:50:24","guid":{"rendered":"http:\/\/www.mecerreyes.com\/mece\/?p=501"},"modified":"2011-09-29T14:59:34","modified_gmt":"2011-09-29T13:59:34","slug":"fiestas-accion-de-gracias","status":"publish","type":"post","link":"https:\/\/www.mecerreyes.com\/mece\/?p=501","title":{"rendered":"Fiestas Acci\u00f3n de Gracias"},"content":{"rendered":"<p>Entre los d\u00edas 27 y 31 de Agosto tendr\u00e1n lugar las fiestas de <a  href=\"https:\/\/www.mecerreyes.com\/mece\/?page_id=60\">Acci\u00f3n de Gracias<\/a>. Aunque el arranque oficial sea el jueves 27, iremos calentando motores con la bajada de la Virgen el domingo 23 con la tradicional romer\u00eda. Por la ma\u00f1ana tendremos la misa en la ermita; despu\u00e9s de la celebraci\u00f3n tendremos la ocasi\u00f3n de compartir un rato de convivencia. Os animamos a todos a que la romer\u00eda se vaya consolidando qued\u00e1ndoos a comer debajo de alguna de las muchas encinas que rodean la ermita. Por la tarde, despu\u00e9s de rezar el rosario, bajaremos la Virgen hasta la Iglesia parroquial al son de jotas. Esperemos que la afluencia de gente y la participaci\u00f3n de todos sean la nota dominante en todos los actos organizados.<\/p>\n<p>Las fiestas transcurrir\u00e1n como otros a\u00f1os y contaremos con el tradicional pincho, la ofrenda floral, los pasacalles y verbenas, concurso de disfraces, torneos y juegos, bailes y, por supuesto, las celebraciones eucar\u00edsticas que son las que dan sentido a estas fiestas de gracias.<\/p>\n<p>Os iremos informando de los horarios y actividades completas m\u00e1s adelante, cuando la pe\u00f1a<em> Keisunes<\/em>, organizadora este a\u00f1o de las fiestas, tenga cerrado el programa de fiestas.<\/p>","protected":false},"excerpt":{"rendered":"<p>Entre los d\u00edas 27 y 31 de Agosto tendr\u00e1n lugar las fiestas de Acci\u00f3n de Gracias. Aunque el arranque oficial sea el jueves 27, iremos calentando motores con la bajada de la Virgen el domingo 23 con la tradicional romer\u00eda. Por la ma\u00f1ana tendremos la misa en la ermita; despu\u00e9s de la celebraci\u00f3n tendremos la [&hellip;]<\/p>\n","protected":false},"author":5,"featured_media":0,"comment_status":"open","ping_status":"closed","sticky":false,"template":"","format":"standard","meta":{"_et_pb_use_builder":"","_et_pb_old_content":"","_et_gb_content_width":"","footnotes":""},"categories":[1],"tags":[27,43],"class_list":["post-501","post","type-post","status-publish","format-standard","hentry","category-general","tag-accion-de-gracias","tag-fiestas","et-doesnt-have-format-content","et_post_format-et-post-format-standard"],"_links":{"self":[{"href":"https:\/\/www.mecerreyes.com\/mece\/index.php?rest_route=\/wp\/v2\/posts\/501"}],"collection":[{"href":"https:\/\/www.mecerreyes.com\/mece\/index.php?rest_route=\/wp\/v2\/posts"}],"about":[{"href":"https:\/\/www.mecerreyes.com\/mece\/index.php?rest_route=\/wp\/v2\/types\/post"}],"author":[{"embeddable":true,"href":"https:\/\/www.mecerreyes.com\/mece\/index.php?rest_route=\/wp\/v2\/users\/5"}],"replies":[{"embeddable":true,"href":"https:\/\/www.mecerreyes.com\/mece\/index.php?rest_route=%2Fwp%2Fv2%2Fcomments&post=501"}],"version-history":[{"count":0,"href":"https:\/\/www.mecerreyes.com\/mece\/index.php?rest_route=\/wp\/v2\/posts\/501\/revisions"}],"wp:attachment":[{"href":"https:\/\/www.mecerreyes.com\/mece\/index.php?rest_route=%2Fwp%2Fv2%2Fmedia&parent=501"}],"wp:term":[{"taxonomy":"category","embeddable":true,"href":"https:\/\/www.mecerreyes.com\/mece\/index.php?rest_route=%2Fwp%2Fv2%2Fcategories&post=501"},{"taxonomy":"post_tag","embeddable":true,"href":"https:\/\/www.mecerreyes.com\/mece\/index.php?rest_route=%2Fwp%2Fv2%2Ftags&post=501"}],"curies":[{"name":"wp","href":"https:\/\/api.w.org\/{rel}","templated":true}]}}