{"id":509,"date":"2009-08-19T18:28:04","date_gmt":"2009-08-19T17:28:04","guid":{"rendered":"http:\/\/www.mecerreyes.com\/mece\/?p=509"},"modified":"2009-08-20T12:04:21","modified_gmt":"2009-08-20T11:04:21","slug":"fiestas-de-accion-de-gracias-y-nuestra-senora-del-camino","status":"publish","type":"post","link":"https:\/\/www.mecerreyes.com\/mece\/?p=509","title":{"rendered":"FIESTAS DE ACCI\u00d3N DE GRACIAS Y NUESTRA SE\u00d1ORA DEL CAMINO"},"content":{"rendered":"<p>La pe\u00f1a: <strong>LOS KEISUNES<\/strong> os deseamos <strong>FELICES FIESTAS 2009<\/strong><\/p>\n<p><em>La pe\u00f1a organizadora no se responsabiliza de posibles cambios de \u00faltima hora.<\/em><\/p>\n<p><strong><em>Agradecemos a todos aquellos que de alguna manera han colaborado para que las fiestas sean posibles.<\/em><\/strong><\/p>\n<p><strong><span style=\"text-decoration: underline;\">CORTE DE HONOR<\/span><\/strong>:<\/p>\n<p>Reina: <strong>Elena Santamar\u00eda Vicario<\/strong><\/p>\n<p>Mozo: <strong>Ra\u00fal Marina Cuevas<\/strong><\/p>\n<p>Dama de Honor: <strong>Estibaliz Ruiz Santamar\u00eda<\/strong><\/p>\n<p>Dama de Honor: <strong>Maialen Aus\u00edn Mart\u00edn<\/strong><\/p>\n<p><strong><span style=\"text-decoration: underline;\">Domingo 23 de agosto<\/span><\/strong><\/p>\n<p>12:00\u00a0\u00a0 Misa de Campa\u00f1a en la Ermita de Nuestra Se\u00f1ora del Camino<\/p>\n<p>Comida Campestre (el que quiera).<\/p>\n<p>18:00\u00a0\u00a0 Santo Rosario. A continuaci\u00f3n bajada de la Virgen hasta la Iglesia.<\/p>\n<p><strong><span style=\"text-decoration: underline;\">Lunes 24 de agosto<\/span><\/strong><\/p>\n<p>17:30\u00a0\u00a0 Actividades para los ni\u00f1os en el parque.<\/p>\n<p><em>Organizado por Pe\u00f1a Keisunes.<\/em><\/p>\n<p>19:30\u00a0\u00a0 Campeonato de frontenis.<\/p>\n<p><strong><span style=\"text-decoration: underline;\">Martes 25 de agosto<\/span><\/strong><\/p>\n<p>17:30\u00a0\u00a0 Actividades para los ni\u00f1os en el parque.<\/p>\n<p>19:30\u00a0\u00a0 Semifinales del campeonato de frontenis.<\/p>\n<p>23:00\u00a0\u00a0 Campeonato de futbol\u00edn.<\/p>\n<p><strong><span style=\"text-decoration: underline;\">Mi\u00e9rcoles 26 de agosto<\/span><\/strong><\/p>\n<p>10:00\u00a0\u00a0 Santa Misa.<\/p>\n<p>19:00\u00a0\u00a0 Confesiones.<\/p>\n<p>Final del Campeonato de frontenis.<\/p>\n<p>19:30\u00a0\u00a0 Sangriada en la Plaza Mayor.<\/p>\n<p><em>Organizado por Pe\u00f1a Keisunes.<\/em><\/p>\n<p>24:00\u00a0\u00a0 <strong>Zarramaco Rock \u2013 Festival Open Air<\/strong><\/p>\n<p><strong> Rock in r\u00edo Laurel<\/strong><\/p>\n<p>* DESGASTE<\/p>\n<p>* ANAL INTRUDER<\/p>\n<p><strong><span style=\"text-decoration: underline;\">Jueves 27 de agosto<\/span><\/strong><\/p>\n<p>10:00\u00a0\u00a0 Santa Misa ofrecida para los m\u00e1s mayores del pueblo.<\/p>\n<p>11:00\u00a0\u00a0 Tradicional concurso de dibujo infantil en la Plaza Mayor.<\/p>\n<p><em>Patrocina: Caja de Burgos<\/em><\/p>\n<p>19:30\u00a0\u00a0 Ofrenda Floral a <a  href=\"https:\/\/www.mecerreyes.com\/mece\/?page_id=54\">la Virgen del Camino<\/a>, en la Iglesia.<\/p>\n<p>20:30\u00a0\u00a0 Pincho popular en el parque.<\/p>\n<p>22:00\u00a0\u00a0 Proclamaci\u00f3n de la corte de honor y preg\u00f3n de fiestas.<\/p>\n<p>22:30\u00a0\u00a0 Gran desfile de carrozas y <a  href=\"https:\/\/www.mecerreyes.com\/mece\/?page_id=268\">pe\u00f1as<\/a> con sus respectivas pancartas.<\/p>\n<p>Tema <strong>Polic\u00edas y Ladrones.<\/strong><\/p>\n<p><em>Para la pe\u00f1a m\u00e1s original (sobre este tema) habr\u00e1 un gran premio.<\/em><\/p>\n<p>01:00\u00a0\u00a0 Gran Verbena amenizada por el grupo KOSKOR.<\/p>\n<p><em>A cargo de la Pe\u00f1a Keisunes.<\/em><\/p>\n<p><strong><span style=\"text-decoration: underline;\">Viernes, 28 de agosto<\/span><\/strong><\/p>\n<p>06:30\u00a0\u00a0 Gran chocolatada.<\/p>\n<p><em>Ofrecida por la Pe\u00f1a Golpazo.<\/em><\/p>\n<p>12:00\u00a0\u00a0 Santa Misa, animada por los ni\u00f1os.<\/p>\n<p>13:00\u00a0\u00a0 Juegos infantiles en la plaza Mayor.<\/p>\n<p><em>Organizado por la Pe\u00f1a N\u00e9mesis.<\/em><\/p>\n<p>17:00\u00a0\u00a0 Gran Gymkhana e Isla del Tesoro.<\/p>\n<p>18:00\u00a0\u00a0 Campeonato de Tuta.<\/p>\n<p><em>Organiza \u00d3scar.<\/em><\/p>\n<p>21:00\u00a0\u00a0 Baile de tarde<\/p>\n<p><em>Amenizado por la orquesta RUTA 66.<\/em><\/p>\n<p>01:00\u00a0\u00a0 Gran Verbena a cargo de la misma orquesta.<\/p>\n<p><strong><span style=\"text-decoration: underline;\">S\u00e1bado 29 de agosto<\/span><\/strong><\/p>\n<p>06:30\u00a0\u00a0 Gran chocolatada<\/p>\n<p><em>Ofrecida por la Pe\u00f1a Ocupas.<\/em><\/p>\n<p>08:00\u00a0\u00a0 Os despertaremos con dianas y pasacalles.<\/p>\n<p><em>Los fondos ser\u00e1n destinados a sufragar los gastos de la organizaci\u00f3n de las Fiestas.<\/em><\/p>\n<p>12:00\u00a0\u00a0 Procesi\u00f3n y Santa Misa en la fiesta de <a  href=\"https:\/\/www.mecerreyes.com\/mece\/?page_id=60\">Acci\u00f3n de Gracias<\/a>.<\/p>\n<p>13:00\u00a0\u00a0 Parque Infantil en el front\u00f3n<\/p>\n<p>17:00\u00a0\u00a0 Continuaci\u00f3n del Parque Infantil.<\/p>\n<p>20:00\u00a0\u00a0 Concurso de disfraces en la plaza mayor.<\/p>\n<p>21:00\u00a0\u00a0 Baile de tarde a cargo de la orquesta SONIDO.<\/p>\n<p>01:00\u00a0\u00a0 Gran Verbena a cargo de la misma orquesta.<\/p>\n<p>06:00\u00a0\u00a0 Ruta en vaca. Organiza: Mustaki.<\/p>\n<p><em>Preguntar: hombre del banco de Frutos.<\/em><\/p>\n<p><strong><span style=\"text-decoration: underline;\">Domingo 30 de agosto<\/span><\/strong><\/p>\n<p>06:30\u00a0\u00a0 Gran chocolatada<\/p>\n<p><em>Ofrecida por la Pe\u00f1a Los Kolgaos.<\/em><\/p>\n<p>12:00\u00a0\u00a0 Santa Misa Dominical.<\/p>\n<p>13:00\u00a0\u00a0 Fiesta de la espuma.<\/p>\n<p>14:00\u00a0\u00a0 Baile Vermouth con el grupo T\u00c1MBARA.<\/p>\n<p>20:00\u00a0\u00a0 Disco M\u00f3vil PIF.<\/p>\n<p>22:00\u00a0\u00a0 Entrega de premios.<\/p>\n<p>24:00\u00a0\u00a0 Culminaci\u00f3n de las fiestas y Disco M\u00f3vil PIF.<\/p>\n<p><strong><span style=\"text-decoration: underline;\">Lunes 31 de agosto<\/span><\/strong><\/p>\n<p>10:00\u00a0\u00a0 Santa Misa por los difuntos del pueblo del \u00faltimo a\u00f1o.<\/p>\n<p align=\"center\"><strong>\u00bfA que a todos nos gusta que el mi\u00e9rcoles haya fiesta? COLABORA.<\/strong><\/p>\n<p align=\"center\"><strong>Donativo de pe\u00f1a: 40 \u20ac. Gracias.<\/strong><\/p>","protected":false},"excerpt":{"rendered":"<p>La pe\u00f1a: LOS KEISUNES os deseamos FELICES FIESTAS 2009 La pe\u00f1a organizadora no se responsabiliza de posibles cambios de \u00faltima hora. Agradecemos a todos aquellos que de alguna manera han colaborado para que las fiestas sean posibles. CORTE DE HONOR: Reina: Elena Santamar\u00eda Vicario Mozo: Ra\u00fal Marina Cuevas Dama de Honor: Estibaliz Ruiz Santamar\u00eda Dama [&hellip;]<\/p>\n","protected":false},"author":4,"featured_media":0,"comment_status":"open","ping_status":"closed","sticky":false,"template":"","format":"standard","meta":{"_et_pb_use_builder":"","_et_pb_old_content":"","_et_gb_content_width":"","footnotes":""},"categories":[1],"tags":[27,16],"class_list":["post-509","post","type-post","status-publish","format-standard","hentry","category-general","tag-accion-de-gracias","tag-cofradia-virgen-del-camino","et-doesnt-have-format-content","et_post_format-et-post-format-standard"],"_links":{"self":[{"href":"https:\/\/www.mecerreyes.com\/mece\/index.php?rest_route=\/wp\/v2\/posts\/509"}],"collection":[{"href":"https:\/\/www.mecerreyes.com\/mece\/index.php?rest_route=\/wp\/v2\/posts"}],"about":[{"href":"https:\/\/www.mecerreyes.com\/mece\/index.php?rest_route=\/wp\/v2\/types\/post"}],"author":[{"embeddable":true,"href":"https:\/\/www.mecerreyes.com\/mece\/index.php?rest_route=\/wp\/v2\/users\/4"}],"replies":[{"embeddable":true,"href":"https:\/\/www.mecerreyes.com\/mece\/index.php?rest_route=%2Fwp%2Fv2%2Fcomments&post=509"}],"version-history":[{"count":0,"href":"https:\/\/www.mecerreyes.com\/mece\/index.php?rest_route=\/wp\/v2\/posts\/509\/revisions"}],"wp:attachment":[{"href":"https:\/\/www.mecerreyes.com\/mece\/index.php?rest_route=%2Fwp%2Fv2%2Fmedia&parent=509"}],"wp:term":[{"taxonomy":"category","embeddable":true,"href":"https:\/\/www.mecerreyes.com\/mece\/index.php?rest_route=%2Fwp%2Fv2%2Fcategories&post=509"},{"taxonomy":"post_tag","embeddable":true,"href":"https:\/\/www.mecerreyes.com\/mece\/index.php?rest_route=%2Fwp%2Fv2%2Ftags&post=509"}],"curies":[{"name":"wp","href":"https:\/\/api.w.org\/{rel}","templated":true}]}}