{"id":5239,"date":"2013-05-28T21:39:16","date_gmt":"2013-05-28T20:39:16","guid":{"rendered":"http:\/\/www.mecerreyes.com\/mece\/?p=5239"},"modified":"2013-05-28T21:39:16","modified_gmt":"2013-05-28T20:39:16","slug":"catastro-marques-de-la-ensenada-mecerreyes","status":"publish","type":"post","link":"https:\/\/www.mecerreyes.com\/mece\/?p=5239","title":{"rendered":"Catastro Marqu\u00e9s de la Ensenada Mecerreyes"},"content":{"rendered":"<h1 align=\"center\">Catastro Marqu\u00e9s de la Ensenada Mecerreyes<\/h1>\n<p>&nbsp;<\/p>\n<div style=\"text-align: justify\">El pasado verano un grupito de guiletos interesados en la <a  href=\"https:\/\/www.mecerreyes.com\/mece\/?page_id=32\">historia<\/a>, se pusieron manos a la obra,\u00a0cogieron<var><\/var>\u00a0los documentos originales del Catastro del Marqu\u00e9s de la Ensenada y lo transcribieron al lenguaje de hoy.<\/div>\n<div style=\"text-align: justify\">Es un documento muy interesante para conocer mejor la <a  href=\"https:\/\/www.mecerreyes.com\/mece\/?page_id=32\">historia<\/a> de nuestro pueblo en el siglo XVIII. El Marqu\u00e9s de la ensenada mand\u00f3 hacer su famoso Catastro con 40 preguntas a las que nuestros antepasados tuvieron que responder. Gracias a estas respuestas tenemos una visi\u00f3n muy completa de c\u00f3mo se viv\u00eda en\u00a0Mecerreyes en 1753.<\/div>\n<div style=\"text-align: justify\">Pod\u00e9is ver el original en<\/div>\n<div style=\"text-align: justify\"><\/div>\n<div style=\"text-align: justify\">www\u00a0<a  href=\"http:\/\/pares.mcu.es\/Catastro\/\" target=\"_blank\">http:\/\/pares.mcu.es\/Catastro\/<\/a><\/div>\n<div style=\"text-align: justify\"><\/div>\n<div style=\"text-align: justify\">En el documento adjunto que hemos transcrito entre varios guiletos, puede haber errores. No somos especialistas en el tema. Est\u00e1n todas las preguntas que se les hicieron y las respuestas\u00a0que dieron\u00a0nuestros antepasados.\u00a0Hemos intentado ser lo m\u00e1s fieles posible.<\/div>\n<div style=\"text-align: justify\">El PPT quiere ser una s\u00edntesis de lo m\u00e1s representativo de las respuestas completas que ten\u00e9is en el documento adjunto. Para verlas bien, ten\u00e9is que pasar las diapositivas de forma manual.<\/div>\n<div style=\"text-align: justify\"><\/div>\n<p style=\"text-align: justify\"><a  href=\"http:\/\/powerpun.files.wordpress.com\/2013\/05\/mecerreyes-catastro-ensenada.pps\" target=\"_blank\">Powerpoint: Catastro Marqu\u00e9s de la Ensenada Mecerreyes<\/a><\/p>\n<p style=\"text-align: justify\">Espero que disfrut\u00e9is al menos tanto como los que hemos disfrutado haciendo este trabajo.<\/p>\n<p style=\"text-align: justify\">Un saludo cordial para todos.<\/p>\n<p style=\"text-align: center\">***************<\/p>\n<h1 align=\"center\"><strong>CATASTRO MARQU\u00c9S DE LA ENSENADA,<\/strong><strong>\u00a0 <\/strong><\/h1>\n<h1 align=\"center\"><strong>documento oficial del siglo XVIII que nos aproxima a la <a  href=\"https:\/\/www.mecerreyes.com\/mece\/?page_id=32\">historia<\/a> de MECERREYES<\/strong><\/h1>\n<div>\n<h1><a  href=\"http:\/\/www.mecerreyes.com\/mece\/wp-content\/uploads\/2013\/05\/Mecerreyes.jpg\" class=\"thickbox no_icon\" title=\"\"><img loading=\"lazy\" decoding=\"async\" class=\"alignnone  wp-image-7016\" src=\"http:\/\/www.mecerreyes.com\/mece\/wp-content\/uploads\/2013\/05\/Mecerreyes-1024x767.jpg\" alt=\"\" width=\"491\" height=\"368\" srcset=\"https:\/\/www.mecerreyes.com\/mece\/wp-content\/uploads\/2013\/05\/Mecerreyes-1024x767.jpg 1024w, https:\/\/www.mecerreyes.com\/mece\/wp-content\/uploads\/2013\/05\/Mecerreyes-300x224.jpg 300w\" sizes=\"(max-width: 491px) 100vw, 491px\" \/><\/a><\/h1>\n<h1 style=\"text-align: justify\" align=\"center\"><\/h1>\n<h1 style=\"text-align: center\"><strong>________________<\/strong><\/h1>\n<h1 style=\"text-align: justify\"><\/h1>\n<h1 style=\"text-align: justify\">1.- Catastro de Ensenada<\/h1>\n<p style=\"text-align: justify\">Desde <a  title=\"1749\" href=\"http:\/\/es.wikipedia.org\/wiki\/1749\" target=\"_blank\">1749<\/a> se realiz\u00f3, en los 15.000 lugares con que contaba la <a  title=\"Corona de Castilla\" href=\"http:\/\/es.wikipedia.org\/wiki\/Corona_de_Castilla\" target=\"_blank\">Corona de Castilla<\/a> (entre los que no se cuentan los de las <a  title=\"Pa\u00eds Vasco\" href=\"http:\/\/es.wikipedia.org\/wiki\/Pa%C3%ADs_Vasco\" target=\"_blank\">provincias vascas<\/a>, por estar exentas de impuestos), una minuciosa averiguaci\u00f3n a gran escala de sus habitantes, propiedades territoriales, edificios, ganados, oficios, rentas, incluyendo los <a  title=\"Censo de poblaci\u00f3n\" href=\"http:\/\/es.wikipedia.org\/wiki\/Censo_de_poblaci%C3%B3n\" target=\"_blank\">censos<\/a>; incluso de las caracter\u00edsticas geogr\u00e1ficas de cada poblaci\u00f3n. Fue ordenada por el rey <a  title=\"Fernando VI\" href=\"http:\/\/es.wikipedia.org\/wiki\/Fernando_VI\" target=\"_blank\">Fernando VI<\/a> a propuesta de su ministro el <a  title=\"Marqu\u00e9s de la Ensenada\" href=\"http:\/\/es.wikipedia.org\/wiki\/Marqu%C3%A9s_de_la_Ensenada\" target=\"_blank\">Marqu\u00e9s de la Ensenada<\/a> y recibe hoy el nombre de <strong>Catastro de Ensenada<\/strong><\/p>\n<h2 style=\"text-align: justify\">La mejor estad\u00edstica posible<\/h2>\n<p style=\"text-align: justify\">Las <em>respuestas generales<\/em> de los pueblos al interrogatorio de 40 preguntas del <a  title=\"Catastro\" href=\"http:\/\/es.wikipedia.org\/wiki\/Catastro\" target=\"_blank\">Catastro<\/a> (que se tabularon y verificaron con todas las prevenciones posibles para evitar las ocultaciones o desviaciones que pod\u00edan imaginarse, y que aun as\u00ed sin duda se produjeron) proporcionan un volumen de <a  title=\"Documentaci\u00f3n\" href=\"http:\/\/es.wikipedia.org\/wiki\/Documentaci%C3%B3n\" target=\"_blank\">documentaci\u00f3n<\/a> abrumador, que sigue dando oportunidad a los historiadores para analizar, a trav\u00e9s de una excelente radiograf\u00eda, la <a  title=\"Econom\u00eda\" href=\"http:\/\/es.wikipedia.org\/wiki\/Econom%C3%ADa\" target=\"_blank\">econom\u00eda<\/a>, la <a  title=\"Sociedad\" href=\"http:\/\/es.wikipedia.org\/wiki\/Sociedad\" target=\"_blank\">sociedad<\/a>, la pr\u00e1ctica del <a  title=\"R\u00e9gimen se\u00f1orial\" href=\"http:\/\/es.wikipedia.org\/wiki\/R%C3%A9gimen_se%C3%B1orial\" target=\"_blank\">r\u00e9gimen se\u00f1orial<\/a> e incluso el estado del <a  title=\"Medio ambiente\" href=\"http:\/\/es.wikipedia.org\/wiki\/Medio_ambiente\" target=\"_blank\">medio ambiente<\/a>; y es desde luego la mejor <a  title=\"Estad\u00edstica\" href=\"http:\/\/es.wikipedia.org\/wiki\/Estad%C3%ADstica\" target=\"_blank\">estad\u00edstica<\/a> disponible en el contexto europeo del <a  title=\"Antiguo R\u00e9gimen\" href=\"http:\/\/es.wikipedia.org\/wiki\/Antiguo_R%C3%A9gimen\" target=\"_blank\">Antiguo R\u00e9gimen<\/a>, que podemos considerar pre-estad\u00edstico.<\/p>\n<h2 style=\"text-align: justify\">Catastro<\/h2>\n<p style=\"text-align: justify\">La palabra <a  title=\"Catastro\" href=\"http:\/\/es.wikipedia.org\/wiki\/Catastro\" target=\"_blank\">catastro<\/a> significa averiguaci\u00f3n o pesquisa. Tambi\u00e9n se aplica a la forma de averiguaci\u00f3n, porque se realiz\u00f3 desplaz\u00e1ndose a los lugares catastrados un grupo de funcionarios que la dirig\u00edan.<\/p>\n<h2 style=\"text-align: justify\"><strong>Respuestas Generales &#8211; Proceso Catastral<\/strong><\/h2>\n<p style=\"text-align: justify\">El proceso catastral viene especificado con todo detalle en la Instrucci\u00f3n que acompa\u00f1a al R.D. de 10 de octubre de 1749. Se inicia con:<\/p>\n<p style=\"text-align: justify\"><strong>Carta, preg\u00f3n y bando. <\/strong>El Intendente de la Provincia enviaba una carta a la Justicia (alcalde) del pueblo con traslado de la orden del rey y le anunciaba la fecha de su llegada y la obligaci\u00f3n de pregonar y exponer el bando que se enviaba junto con la carta.<\/p>\n<p style=\"text-align: justify\"><strong>Elecci\u00f3n de representantes del concejo y peritos.<\/strong> Simult\u00e1neamente, el alcalde y los regidores deb\u00edan elegir los miembros del <a  href=\"https:\/\/www.mecerreyes.com\/mece\/?page_id=24\">ayuntamiento<\/a> (concejo) que habr\u00edan de responder al Interrogatorio de 40 preguntas; adem\u00e1s, deb\u00edan elegir dos o m\u00e1s peritos entre las personas que mejor conociesen las tierras, frutos y, en general, todo lo referente al lugar (su poblaci\u00f3n, sus ocupaciones, sus utilidades, ganados, etc.)<\/p>\n<p style=\"text-align: justify\"><strong>Llegada del equipo catastrador (o audiencia) y primeras diligencias.<\/strong> El Intendente o en representaci\u00f3n suya un Juez-subdelegado, iba acompa\u00f1ado de un asesor jur\u00eddico, un escribano y los operarios, agrimensores, escribientes y dem\u00e1s dependientes que considere necesarios para acudir a cada pueblo de la provincia. Mandaba citar al alcalde, regidores y peritos y cura p\u00e1rroco para un d\u00eda, hora y lugar determinados.<\/p>\n<p style=\"text-align: justify\">Si lo consideraba oportuno, el Intendente pod\u00eda designar otros peritos, generalmente forasteros, que deb\u00edan expresar su conformidad o disconformidad acerca de los rendimientos o utilidades que los peritos del pueblo declarasen. Se les tomaba juramento, con el p\u00e1rroco como mero testigo.<\/p>\n<p style=\"text-align: justify\"><strong>Respuestas al Interrogatorio.<\/strong> Llegado el momento, se daba comienzo al Interrogatorio, recogiendo el escribano las respuestas literales (\u00aba la letra\u00bb) dadas por el concejo y los peritos. Si los representantes del <a  href=\"https:\/\/www.mecerreyes.com\/mece\/?page_id=2\">municipio<\/a> carec\u00edan de datos para responder alguna pregunta, el acto pod\u00eda suspenderse un tiempo, a condici\u00f3n de hacerlo con reserva, justificaci\u00f3n y brevedad. Las autoridades y testigos firman el documento, a excepci\u00f3n del cura p\u00e1rroco.<\/p>\n<p style=\"text-align: justify\">El resultado de este acto dar\u00eda lugar al documento llamado <strong>Respuestas Generales<\/strong>, que quedaba en manos del Intendente. Si a lo largo del proceso catastral posterior se encontraban datos que correg\u00edan o ampliaban la informaci\u00f3n dada en los primeros d\u00edas, se le a\u00f1ad\u00edan notas aclaratorias finales. A veces el acta tiene una segunda parte con rectificaciones a las preguntas m\u00e1s o menos amplias hechas por el Contador, una vez examinados todos los autos, asientos, verificaciones y notas.<\/p>\n<p style=\"text-align: center\"><a  href=\"http:\/\/www.mecerreyes.com\/mece\/wp-content\/uploads\/2013\/05\/Trilla.jpg\" class=\"thickbox no_icon\" title=\"\"><img loading=\"lazy\" decoding=\"async\" class=\"aligncenter  wp-image-7042\" src=\"http:\/\/www.mecerreyes.com\/mece\/wp-content\/uploads\/2013\/05\/Trilla.jpg\" alt=\"\" width=\"564\" height=\"423\" srcset=\"https:\/\/www.mecerreyes.com\/mece\/wp-content\/uploads\/2013\/05\/Trilla.jpg 940w, https:\/\/www.mecerreyes.com\/mece\/wp-content\/uploads\/2013\/05\/Trilla-300x225.jpg 300w\" sizes=\"(max-width: 564px) 100vw, 564px\" \/><\/a><\/p>\n<h1 style=\"text-align: justify\"><strong>DOCUMENTO DEL CATASTRO DE LA ENSENADA SOBRE LA VILLA DE MECERREYES (BURGOS)<\/strong><\/h1>\n<p style=\"text-align: justify\"><strong>\u00a0<\/strong><\/p>\n<h2 style=\"text-align: left\"><strong>41 HOJAS MANUSCRITAS QUE PODEMOS ENCONTRAR <\/strong><\/h2>\n<h2 style=\"text-align: left\"><strong>EN LA P\u00c1GINA WWW\u00a0\u00a0\u00a0\u00a0\u00a0 <a  href=\"http:\/\/pares.mcu.es\/Catastro\/\" target=\"_blank\">http:\/\/pares.mcu.es\/Catastro\/<\/a><\/strong><\/h2>\n<p style=\"text-align: justify\"><strong>\u00a0<\/strong><\/p>\n<h2 style=\"text-align: justify\"><strong>La villa de Mecerreyes<\/strong><\/h2>\n<p style=\"text-align: justify\">En la villa de Mecerreyes, a veintiocho de noviembre de 1752, ante el se\u00f1or subdelegado D. Manuel de Suso comparecieron Manuel Gonz\u00e1lez Arribas y Manuel Mart\u00ednez, peritos nombrados, Andr\u00e9s Alonso Cuesta y Juan de Alonso Alonso, Alcaldes ordinarios, y Antonio Cuevas, tesorero, de quienes y cada uno, en presencia de Don Bartolom\u00e9 Alonso, cura beneficiado, y de Manuel de Arriaga, vecino de la villa de Covarrubias, que asiste a esta su merced por ante m\u00ed el escribano, tomo y recibo juramento por Dios nuestro Se\u00f1or, y ante la Cruz, en forma de Derecho bajo el cual ofreciera decir verdad, a cuanto se les preguntare, y si\u00e9ndolo por el interrogatorio antecedente, a cada una de sus preguntas, dijeron lo siguiente<\/p>\n<p style=\"text-align: justify\"><strong><em>1- \u00bfC\u00f3mo se llama la poblaci\u00f3n?<\/em><\/strong><\/p>\n<p style=\"text-align: justify\">A la primera, dijeron que esta villa se llama Mecerreyes.<\/p>\n<p style=\"text-align: justify\"><strong><em>2- Si es de Realengo, o se\u00f1or\u00edo: a qui\u00e9n pertenece: qu\u00e9 derechos percibe\u00a0 y cu\u00e1nto producen.<\/em><\/strong><\/p>\n<p style=\"text-align: justify\">A la segunda, que es de realengo y a S.M. pagan los tributos de seiscientos millones.<\/p>\n<p style=\"text-align: justify\"><strong><em>3-\u00bfQu\u00e9 territorio ocupa el T\u00e9rmino, cu\u00e1nto de Levante a Poniente y del Norte al Sur: y cu\u00e1nto de circunferencia, por horas y leguas: qu\u00e9 linderos, o confrontaciones; y qu\u00e9 figura tiene, poni\u00e9ndola al margen?<\/em><\/strong><\/p>\n<p style=\"text-align: justify\">A la tercera dijeron que el t\u00e9rmino propio de esta villa ocupa el terreno de un cuarto de legua, desde el cierzo al Abrego, tres cuartos desde solano a rega\u00f1\u00f3n y legua y media en Circunferencia, que se necesita hora y media para andarse, confronta por cierzo, el denominado lugar de Cuevas, por solano el de la villa de Covarrubias, por abrego el denominado Puentedura y por rega\u00f1\u00f3n el de Lerma. Tiene un t\u00e9rmino comunero con las villas de Puentedura y Quintanilla del Agua, en el que con igualdad aprovechan los pastos para los ganados, y tiene de circunferencia quinientos pasos, confronta por cierzo y solano t\u00e9rmino propio de esta villa por abrego, el de Puentedura y por rega\u00f1\u00f3n, y el de Lerma.<\/p>\n<p style=\"text-align: justify\"><strong><em>4-\u00bfQu\u00e9 especies de tierra se hallan en el t\u00e9rmino: regad\u00edo, secano, distinguiendo si son hortalizas, sembradura, vi\u00f1as, pastos, bosque, matorrales, montes y dem\u00e1s, que pudiera haber, explicando si hay alguna que produzca m\u00e1s de una cosecha al a\u00f1o, las que fructificasen solo una, y las que necesitasen de un a\u00f1o intermedio de descanso?<\/em><\/strong><\/p>\n<p style=\"text-align: justify\">A la cuarta dijeron que todo el terreno de esta villa es secano, las huertas, prados, montes y vi\u00f1as producen un fruto cada a\u00f1o, y las heredades, con uno de intermedio de descanso y aunque cada vecino tiene era particular, es t\u00e9rmino del Concejo, no producen cosa alguna por servir para pasto com\u00fan.<\/p>\n<p style=\"text-align: justify\"><strong><em>5- \u00bfDe cu\u00e1ntas calidades de tierra hay en cada una de las especies, que hayan declarado, si de buena, mediana e inferior?<\/em><\/strong><\/p>\n<p style=\"text-align: justify\">A la quinta dijeron que las huertas, vi\u00f1as, prados y montes son de \u00fanica calidad, y las tierras, de primera, segunda y tercera.<\/p>\n<p style=\"text-align: justify\"><strong><em>6- \u00bfHay alg\u00fan plant\u00edo de \u00e1rboles en las tierras, que han declarado, como frutales, moreras, olivos, higueras, almendros, parras, algarrobos\u2026?<\/em><\/strong><\/p>\n<p style=\"text-align: justify\"><strong><em>7- \u00bfEn cu\u00e1les de las tierras est\u00e1n plantados los \u00e1rboles?<\/em><\/strong><\/p>\n<p style=\"text-align: justify\"><strong><em>8- \u00bfEn qu\u00e9 conformidad est\u00e1n hechos los plant\u00edos, si extendidos en toda la tierra, o a los m\u00e1rgenes: en una, dos, tres hileras; o en la forma que estuvieren?<\/em><\/strong><\/p>\n<p style=\"text-align: justify\">A la sexta, s\u00e9ptima y octava dijeron que en las huertas y vi\u00f1as hay \u00e1rboles frutales, pero sin orden ni fila, cuya fruta cuando la producen la consumen los due\u00f1os, en casa sin utilidad, de venta no hay otros \u00e1rboles, que el nuevo plantes de chopos, sauces y olmos mandado hacer por V.M. que Dios guarde.<\/p>\n<p style=\"text-align: justify\"><strong><em>9- \u00bfQu\u00e9 medidas de tierra se usa en el pueblo, de cu\u00e1ntos palios o varas Castellana en cuadro se compone: qu\u00e9 cantidad de cada especie de granos, de los que se cogen en el t\u00e9rmino, se siembra en cada una?<\/em><\/strong><\/p>\n<p style=\"text-align: justify\">A la novena dijeron que en este pueblo no se usa otra medida que por fanegas, para el reconocimiento del campo y sustituyen uno por pasos, Varas castellanas, y en la fanega de tierra de primera calidad se echa la misma sembradura, de trigo, un a\u00f1o, otro descansa, otro una fanega de cebada, o una de yeros, y el cuarto descansa. La segunda calidad por el mismo orden, se siembra un a\u00f1os con seis celemines de centeno, y otro con tres celemines de avena de tercera calidad, en otros, cuatro a\u00f1os, de sembradura con tres celemines de centeno y otro con tres de avena, la fanega de tierra huerta, un a\u00f1o produce verdura y el siguiente se siembra con treinta celemines de c\u00e1\u00f1amo. La medida de vi\u00f1as es por obradas y cada uno se compone de cien cepas, y los prados por hacer.<\/p>\n<p style=\"text-align: justify\"><strong><em>10- \u00bfQu\u00e9 n\u00famero de medidas de tierra habr\u00e1 en el t\u00e9rmino, distinguiendo las de cada especie, y calidad: por ejemplo, tantas fanegas, o del nombre que tuviese la medida de tierra de sembradura, de la mejor calidad: tantas de la mediana bondad y tantas de la inferior; y lo propio en las dem\u00e1s especies, que hubieran declarado?<\/em><\/strong><\/p>\n<p style=\"text-align: justify\">A la d\u00e9cima dijeron que de buenas habr\u00e1 el palmento, de cuatro fanegas, de prados, para ochenta haces, de vi\u00f1as treinta obradas.<\/p>\n<p style=\"text-align: justify\">De tierras, aunque no pueden decir de positivo por no tener medida el t\u00e9rmino, les parece habr\u00e1 en primera calidad, treinta fanegas, cincuenta en segunda y trescientas veinte en tercera, y de monte alto de encina ciento cincuenta fanegas.<\/p>\n<p style=\"text-align: justify\"><strong><em>11- \u00bfQu\u00e9 especies de frutos se recogen en el t\u00e9rmino?<\/em><\/strong><\/p>\n<p style=\"text-align: justify\">A la und\u00e9cima dijeron que en el t\u00e9rmino de este lugar se coge trigo, cebada, centeno, avena, yeros, uva, hierba, hortaliza, c\u00e1\u00f1amo, bellota y se hace carb\u00f3n.<\/p>\n<p style=\"text-align: justify\"><strong><em>12- \u00bfQu\u00e9 cantidad de frutos de cada g\u00e9nero, unos a\u00f1os con otros, producen, con una ordinaria cultura, una medida de tierra de cada especie, y calidad de las que hubiere en el t\u00e9rmino, sin comprender el producto de los \u00e1rboles que hubiere?<\/em><\/strong><\/p>\n<p style=\"text-align: justify\">A la duod\u00e9cima dijeron que la fanega de tierra de huerta, poni\u00e9ndola de verdura produce setenta y dos reales, y sembr\u00e1ndose de c\u00e1\u00f1amo, dieciocho cuarterones, que cada uno se compone de sesenta ma\u00f1as, una obrada de vi\u00f1a produce una arroba de uvas, un prado segadero de un haz, se entiende, ser lo mismo que produce una fanega de tierra de primera calidad sembrada de una de trigo, produce cuatro fanegas y media, y con la fanega de cebada seis, dos carros de yeros, de treinta haces cada uno; los seis celemines de centeno, en fanega de segunda calidad, tres fanegas, y los tres de avena, cuatro fanegas los tres celemines de centeno, en fanega de tercera calidad, dos fanegas. Y en los tres de avena, tres fanegas de avena, la fanega de tierra monte producen carb\u00f3n y grana treinta y tres reales, y veintis\u00e9is maraved\u00edes y medio.<\/p>\n<p style=\"text-align: justify\"><strong><em>13- \u00bfQu\u00e9 producto se regula dar\u00e1n por medida de tierra de \u00e1rboles que hubiere, seg\u00fan la forma, en que estuviese hecho el plant\u00edo, cada uno en su especie?<\/em><\/strong><\/p>\n<p style=\"text-align: justify\">A la decimotercera dijeron que a los \u00e1rboles frutales declarados en la sexta consideran de utilidad, tres reales de nogal, y a cada uno de los dem\u00e1s veinte m\u00e1s.<\/p>\n<p style=\"text-align: justify\"><strong><em>14- \u00bfQu\u00e9 valor tienen ordinariamente un a\u00f1o con otro los frutos, que producen las tierras del t\u00e9rmino, cada calidad de ellos?<\/em><\/strong><\/p>\n<p style=\"text-align: justify\">A la catorce dijeron que una fanega de trigo, regulan por trece reales, la de cebada por seis, la de centeno por nueve, la de avena, por cuatro, un haz de yeros, diecis\u00e9is maraved\u00edes, con su simiente, un cuarter\u00f3n de c\u00e1\u00f1amo con su simiente, cuatro reales, una arroba de uvas, tres reales, una gallina, tres reales, un cordero ocho, un chivo, lo mismo, y un haz de hierba, tres reales.<\/p>\n<p style=\"text-align: justify\"><strong><em>15- \u00bfQu\u00e9 derechos se hallan impuestos sobre la tierra del t\u00e9rmino, como diezmo, primicia, tercio-diezmo; u otros; y a qui\u00e9n pertenecen?<\/em><\/strong><\/p>\n<p style=\"text-align: justify\">A la quince dijeron que en esta villa se diezma por costumbre, el que tiene huerta, cinco maraved\u00edes, el que tiene prados lo mismo, y de los dem\u00e1s frutos la d\u00e9cima parte, y de cada especia de granos siendo cosechero, en tres fanegas, por raz\u00f3n de primicias dos celemines, y en otros diezmos, son interesados los dos Beneficiados, de tres novenos, el cabildo de la Santa Iglesia de Burgos, de otros tres: el convento de Miraflores de dicha ciudad, de dos y la f\u00e1brica de uno y la cofrad\u00eda de la Veracruz, de los del t\u00e9rmino llamado, las er\u00edas, sin m\u00e1s privilegio que la costumbre inmemorial.<\/p>\n<p style=\"text-align: justify\"><strong><em>16- \u00bfA qu\u00e9 cantidad de frutos suelen montar los referidos derechos de cada especie, o a qu\u00e9 precio suelen arrendarse un a\u00f1o con otro?<\/em><\/strong><\/p>\n<p style=\"text-align: justify\">A la diecis\u00e9is dijeron les parece que dichos frutos diezmales subir\u00e1n al a\u00f1o por un quinquenio, a ciento cincuenta fanegas de trigo, ciento de cebada, ciento veinte de centeno, diez de avena y de los dem\u00e1s reducido a dinero como dos mil reales de Vell\u00f3n y las primicias a treinta fanegas, de trigo, cebada, centeno y avena por iguales partes, la parte de diezmos, del cabildo, regularmente se arrienda y al presente lo tiene Don Jos\u00e9 Alcocer, vecino de Covarrubias, quien no consideran utilidad alguna por contarles que pierden y los de dicha Cofrad\u00eda subir\u00e1n a tres fanegas de trigo, tres de cebada y seis de centeno.<\/p>\n<p style=\"text-align: justify\"><strong><em>17- Si hay algunas minas, salinas, molinos harineros o de papel, batanes, u otros artefactos en el t\u00e9rminos, diferenciando de qu\u00e9 metales, y de qu\u00e9 uso, explicando sus due\u00f1os, y los que se regula qu\u00e9 produce cada uno de utilidad al a\u00f1o.<\/em><\/strong><\/p>\n<p style=\"text-align: justify\">A la diecisiete dijeron que no comprende.<\/p>\n<p style=\"text-align: justify\"><strong><em>18- Si hay alg\u00fan esquilmo en el t\u00e9rmino, a qui\u00e9n pertenece, n\u00famero de ganado que viene al esquilmo y qu\u00e9 utilidad se regula da a su due\u00f1o cada a\u00f1o.<\/em><\/strong><\/p>\n<p style=\"text-align: justify\">A la dieciocho dijeron que el esquilmo y ganado que esta villa tiene, resulta de la pregunta vig\u00e9sima.<\/p>\n<p style=\"text-align: justify\"><strong><em>19- Si hay colmenas en el t\u00e9rmino, cu\u00e1ntas y a qui\u00e9n pertenecen<\/em><\/strong><\/p>\n<p style=\"text-align: justify\">A la diecinueve dijeron que en t\u00e9rmino de este lugar hay algunas colmenas cuyos due\u00f1os y el n\u00famero es el siguiente:<\/p>\n<p style=\"text-align: justify\">Manuel Gonz\u00e1lez Lozano \u00a0 \u00a0 \u00a0 \u00a0 \u00a0 \u00a0 \u00a0 \u00a0 \u00a0 3<\/p>\n<p style=\"text-align: justify\">Andr\u00e9s Alonso Cuevas \u00a0 \u00a0 \u00a0 \u00a0 \u00a0 \u00a0 \u00a0 \u00a0 \u00a0 \u00a0 10<\/p>\n<p style=\"text-align: justify\">Fernando Gonz\u00e1lez \u00a0 \u00a0 \u00a0 \u00a0 \u00a0 \u00a0 \u00a0 \u00a0 \u00a0 \u00a0 \u00a0 \u00a0 \u00a0 \u00a0 \u00a01<\/p>\n<p style=\"text-align: justify\">Carlos Gonz\u00e1lez \u00a0 \u00a0 \u00a0 \u00a0 \u00a0 \u00a0 \u00a0 \u00a0 \u00a0 \u00a0 \u00a0 \u00a0 \u00a0 \u00a0 \u00a0 \u00a0 \u00a0 \u00a0 1<\/p>\n<p style=\"text-align: justify\">Juan de Lamo \u00a0 \u00a0 \u00a0 \u00a0 \u00a0 \u00a0 \u00a0 \u00a0 \u00a0 \u00a0 \u00a0 \u00a0 \u00a0 \u00a0 \u00a0 \u00a0 \u00a0 \u00a0 \u00a0 \u00a04<\/p>\n<p style=\"text-align: justify\">Francisca Vicario \u00a0 \u00a0 \u00a0 \u00a0 \u00a0 \u00a0 \u00a0 \u00a0 \u00a0 \u00a0 \u00a0 \u00a0 \u00a0 \u00a0 \u00a0 \u00a0 2<\/p>\n<p style=\"text-align: justify\">Juan de Sancho \u00a0 \u00a0 \u00a0 \u00a0 \u00a0 \u00a0 \u00a0 \u00a0 \u00a0 \u00a0 \u00a0 \u00a0 \u00a0 \u00a0 \u00a0 \u00a0 \u00a0 \u00a0 2<\/p>\n<p style=\"text-align: justify\">Juan D\u00edez Rom\u00e1n \u00a0 \u00a0 \u00a0 \u00a0 \u00a0 \u00a0 \u00a0 \u00a0 \u00a0 \u00a0 \u00a0 \u00a0 \u00a0 \u00a0 \u00a0 10<\/p>\n<p style=\"text-align: justify\">y por cada una y ajustada regulaci\u00f3n consideran de utilidad cuatro reales de vell\u00f3n.<\/p>\n<p style=\"text-align: justify\"><strong><em>20- De qu\u00e9 especies de ganado hay en el pueblo y t\u00e9rmino, excluyendo las mulas de coche, y caballos de regalo y si alg\u00fan vecino tiene caba\u00f1a, o yeguada que pastan fuera del t\u00e9rmino, d\u00f3nde, y de qu\u00e9 n\u00famero de cabezas, explicando el nombre del due\u00f1o.<\/em><\/strong><\/p>\n<p style=\"text-align: justify\">A la veinte dijeron que en el t\u00e9rmino de este lugar y en los que tiene arrendados, a la villa de Lerma, por los que pagan anualmente los ganaderos mil treinta y seis reales de vell\u00f3n se mantienen cincuenta y tres yuntas, y media, cincuenta y seis reses vacunas de Huelgo, seiscientas cincuenta de cabr\u00edo, mil seiscientas lanares, ochenta y cinco cerdas de cr\u00eda y cien caballer\u00edas mayores y menores, y por presente y ajustada regulaci\u00f3n consideran de utilidad, veinte reales a la \u00a0de vacuno, dos reales y medio a la de lana, cuatro a la de cabr\u00edo y veintiocho a la de cerda de criar, teniendo presente, el dinero que pagan por las yerbas, a dicha villa de Lerma.<\/p>\n<p style=\"text-align: justify\"><strong><em>21- \u00bfDe qu\u00e9 n\u00famero de vecinos se compone la poblaci\u00f3n y cu\u00e1ntos en las casas de campo y alquer\u00edas?<\/em><\/strong><\/p>\n<p style=\"text-align: justify\">A la veintiuna dijeron que este pueblo se compone de ciento veinte vecinos, doce viudas y cuatro habitantes.<\/p>\n<p style=\"text-align: justify\"><strong><em>22- Cu\u00e1ntas casas habr\u00e1 en el pueblo, qu\u00e9 n\u00famero de inhabitables, cu\u00e1ntas arruinadas: y si es de se\u00f1or\u00edo, explicar si tiene cada una carga, que pague al due\u00f1o, por el establecimiento del suelo y cu\u00e1nto.<\/em><\/strong><\/p>\n<p style=\"text-align: justify\">A la veintid\u00f3s dijeron hay ciento once casas habitables y veintitr\u00e9s inhabitables y tres arruinadas.<\/p>\n<p style=\"text-align: justify\"><strong><em>23- \u00bfQu\u00e9 propios tiene el Com\u00fan y a qu\u00e9 asciende su producto al a\u00f1o, de qu\u00e9 se deber\u00e1 pedir justificaci\u00f3n?<\/em><\/strong><\/p>\n<p style=\"text-align: justify\">A la veintitr\u00e9s dijeron que los propios de este concejo son tierras, el producto que da el monte en carb\u00f3n y bellota, y otros que no tienen presentes y constar\u00e1n del memorial y justificaci\u00f3n que presentara el Procurador General.<\/p>\n<p style=\"text-align: justify\"><strong><em>24- Si el Com\u00fan disfruta alg\u00fan Arbitrio, Sisa u otra cosa, de que se deber\u00e1 pedir la concesi\u00f3n, qued\u00e1ndose con copia, que acompa\u00f1e estas diligencias: qu\u00e9 cantidad produce cada uno al a\u00f1o: a qu\u00e9 fin se concedi\u00f3, sobre qu\u00e9 especies, para conocer si es temporal o perpetuo, y si su producto cubre, o excede de su aplicaci\u00f3n. <\/em><\/strong><\/p>\n<p style=\"text-align: justify\">A la veinticuatro dijeron que en este pueblo no se usa, de arbitrio alguno con facultad real, ni con ella, aunque en el vino que se vende al p\u00fablico, se imponen algunos maraved\u00edes por raz\u00f3n de vi\u00f1a, lo que alguna vez alcanza para pagar lo encabezado.<\/p>\n<p style=\"text-align: justify\"><strong><em>25- \u00bfQu\u00e9 gastos debe satisfacer el Com\u00fan como salario de Justicia, y Regidores, fiestas del Corpus y otras: empedrado, fuentes, sirvientes y se tiene que pedir relaci\u00f3n aut\u00e9ntica?<\/em><\/strong><\/p>\n<p style=\"text-align: justify\">A la veinticinco dijeron que los gastos anuales que satisface el com\u00fan en letamar, uvas y otros constar\u00e1n\u00a0 en el Memorial y Justificaci\u00f3n que presentara otro Procurador.<\/p>\n<p style=\"text-align: justify\"><strong><em>26- \u00bfQu\u00e9 cargos de Justicia tiene el Com\u00fan, como censos, u otros, su importe, por qu\u00e9 motivo y a qui\u00e9n, de qu\u00e9 se deber\u00e1 pedir puntual noticia?<\/em><\/strong><\/p>\n<p style=\"text-align: justify\">A la veintis\u00e9is dijeron que a cargo de este Concejo est\u00e1 el satisfacer anualmente doce ducados de Vell\u00f3n, a seiscientos de un Censo, de cuatrocientos de principal a favor de Manuel Esteban vecino de la villa de Retuerta, que se tom\u00f3 en un a\u00f1o que hubo mucha necesidad en el pueblo por escasez de frutos para socorrer a los vecinos y otros que resultaran del memorial.<\/p>\n<p style=\"text-align: justify\"><strong><em>27- Si est\u00e1 cargado de Servicio Ordinario, y Extraordinario, u otros, de qu\u00e9 igualmente se debe pedir individual raz\u00f3n.<\/em><\/strong><\/p>\n<p style=\"text-align: justify\">A la veintisiete dijeron que esa villa paga anualmente a S.M. por servicio real, doscientos veintisiete reales y treinta y dos maraved\u00edes de Vell\u00f3n, y por utensilios, veinticuatro reales.<\/p>\n<p style=\"text-align: justify\"><strong><em>28- Si hay alg\u00fan empleo, alcabalas u otras rentas enajenadas: a qui\u00e9n, si fue por servicio pecuniario u otro motivo: de cu\u00e1nto fue, y lo que produce cada uno al a\u00f1o. Se deber\u00e1n pedir los t\u00edtulos, y quedarse con copia.<\/em><\/strong><\/p>\n<p style=\"text-align: justify\">A la veintiocho dijeron que por raz\u00f3n de alcabalas y encabezo, paga esta villa al Excmo. Se\u00f1or Duque de Medinaceli, novecientos reales de Vell\u00f3n, no saben con qu\u00e9 t\u00edtulo goza este derecho del Abad de la Colegiata de Covarrubias, treinta y cuatro reales, y veinticuatro maraved\u00edes de yantar al Cabildo de dicha Colegiata, un real y seis maraved\u00edes de infracci\u00f3n, y por este derecho tambi\u00e9n le paga cada vecino que tiene yunta, siete celemines de trigo y veintiuno de cebada, el que tiene media, la mitad, y el que no la tiene una gallina y tambi\u00e9n ignoran de d\u00f3nde proceden estos derechos.<\/p>\n<p style=\"text-align: justify\"><strong><em>29- \u00bfCu\u00e1ntas tabernas, mesones, tiendas, panader\u00edas, carnicer\u00edas, puentes, barcas sobre el r\u00edo, mercados, ferias\u2026 hay en la poblaci\u00f3n y t\u00e9rmino. A qui\u00e9n pertenecen y qu\u00e9 utilidad pueden dar al a\u00f1o cada uno.<\/em><\/strong><\/p>\n<p style=\"text-align: justify\">A la veintinueve dijeron que para el gobierno de esta villa y sus pasajeros tiene una taberna, de vino tinto que la provee donde Isidro Alonso, aqu\u00ed y cuya utilidad consideran mil reales de Vell\u00f3n, tambi\u00e9n tiene un Mes\u00f3n arrendado a Francisco Esteban, cuyo producto constara del memorial justificado que presentara dicho procurador a dicho mesonero, consideran de utilidad sesenta reales de Vell\u00f3n en atenci\u00f3n a no serlo lugar de paso; hay una carnicer\u00eda que s\u00f3lo surte de chivato a cargo de Mat\u00edas Alonso a quien consideran que son de utilidad cien reales de Vell\u00f3n.<\/p>\n<p style=\"text-align: justify\"><strong><em>30- Si hay hospitales, \u00bfde qu\u00e9 calidad, qu\u00e9 renta tienen y de qu\u00e9 se mantienen?<\/em><\/strong><\/p>\n<p style=\"text-align: justify\"><strong><em>31- Si hay alg\u00fan cambista, mercader de por mayor, o quien beneficie su caudal, por mano de Corredor u otra persona, con lucho o inter\u00e9s; y qu\u00e9 utilidad se considera le puede resultar a cada uno al a\u00f1o.<\/em><\/strong><\/p>\n<p style=\"text-align: justify\">A la treinta y treinta y una dijeron que no comprende.<\/p>\n<p style=\"text-align: justify\"><strong><em>32- Si en el pueblo hay alg\u00fan tendero de pa\u00f1os, ropas de oro, plata y seda, lienzos, especies u otras mercadur\u00edas, m\u00e9dicos, cirujanos, boticarios, escribanos, arrieros\u2026 y qu\u00e9 ganancia se puede tener cada uno al a\u00f1o. <\/em><\/strong><\/p>\n<p style=\"text-align: justify\">A la treinta y dos dijeron hay un cirujano llamado Juan de Lamo, asalariado, por cincuenta y seis fanegas y media de trigo; repartidos entre los vecinos y viudas, y m\u00e1s treinta reales en dinero por concejo.<\/p>\n<p style=\"text-align: justify\">Tom\u00e1s Vicario tiene empleado por sacrist\u00e1n a un hijo, quien por ello se gana seis fanegas de trigo y centeno por mitad, y m\u00e1s media fanega de trigo.<\/p>\n<p style=\"text-align: justify\">Mateo Ju\u00e1rez es maestro de primeras letras y por ello percibe, de la villa, treinta ducados, en especie y de los padres de los chicos, veinte fanegas de trigo.<\/p>\n<p style=\"text-align: justify\">Tambi\u00e9n hay diferentes arrieros de vino tiento que lo conducen a la monta\u00f1a, y a otras partes, con menos caudal, caballer\u00edas y ocupaci\u00f3n, que otras, por lo que haciendo consideran sus respectivas utilidades, a juicio prudente, lo declarar\u00e1n en la forma siguiente:<\/p>\n<p style=\"text-align: center\"><a  href=\"http:\/\/www.mecerreyes.com\/mece\/wp-content\/uploads\/2013\/05\/Pregunta-32.jpg\" class=\"thickbox no_icon\" title=\"\"><img loading=\"lazy\" decoding=\"async\" class=\"aligncenter  wp-image-7015\" src=\"http:\/\/www.mecerreyes.com\/mece\/wp-content\/uploads\/2013\/05\/Pregunta-32.jpg\" alt=\"\" width=\"643\" height=\"393\" srcset=\"https:\/\/www.mecerreyes.com\/mece\/wp-content\/uploads\/2013\/05\/Pregunta-32.jpg 918w, https:\/\/www.mecerreyes.com\/mece\/wp-content\/uploads\/2013\/05\/Pregunta-32-300x183.jpg 300w\" sizes=\"(max-width: 643px) 100vw, 643px\" \/><\/a><\/p>\n<p style=\"text-align: justify\"><strong>Aceitero:<\/strong><\/p>\n<p style=\"text-align: justify\">Francisco Esteban, tiene la industria de comprar aceite, para venderlo por menor y en ello le consideran de utilidad, \u00a0 \u00a0 \u00a0 \u00a0 \u00a0 \u00a0 \u00a0 \u00a0 \u00a0 \u00a0 \u00a0 \u00a0 \u00a0 \u00a0 \u00a0 \u00a0150 reales<\/p>\n<p style=\"text-align: justify\"><strong><em>33- \u00bfQu\u00e9 ocupaciones de artes mec\u00e1nicos hay en el pueblo, con distinci\u00f3n, como alba\u00f1iles, canteros, alb\u00e9itares, herreros, sogueros, zapateros, sastres, pelaires, tejedores, sombrereros, manguiteros, guanteros\u2026 explicando cada oficio de los que hubiere, el n\u00famero que haya de maestros, oficiales y aprendices; y qu\u00e9 utilidad puede resultar, trabajando meramente de su oficio, al d\u00eda cada uno?<\/em><\/strong><\/p>\n<p style=\"text-align: justify\">A la treinta y tres dijeron hay diferentes personas, labradores y jornaleros que ejercen oficios de los comprendidos, en la pregunta en los que se ocuparen, con variedad de d\u00edas y utilidad y con la expresi\u00f3n siguiente:<\/p>\n<p style=\"text-align: justify\"><strong>Plateros:<\/strong><\/p>\n<p style=\"text-align: justify\">Manuel Gonz\u00e1lez Lozano, de oficio platero, ocupa 80 d\u00edas a este ejercicio, y en ello le consideran de utilidad 400 reales.<\/p>\n<p style=\"text-align: justify\"><strong>Herradores:<\/strong><\/p>\n<p style=\"text-align: justify\">Antonio Azofra, de oficio herrador, tiene de utilidad 540 reales, y se ocupa 180 d\u00edas.<\/p>\n<p style=\"text-align: justify\">Herreros:<\/p>\n<p style=\"text-align: justify\">Baltasar Aranda, herrero, ocupa 180 d\u00edas y en ello utiliza en grano y manos libres 360 reales.<\/p>\n<p style=\"text-align: justify\"><strong>Sastres:<\/strong><\/p>\n<p style=\"text-align: justify\">Juan de las Heras, sastre de oficio, se ocupa 12 d\u00edas y en ellos utiliza 480 reales, a cuatro cada uno.<\/p>\n<p style=\"text-align: justify\">Jos\u00e9 Gonz\u00e1lez, mayor, del mismo oficio, ocupa 50 d\u00edas y en ellos gana 200 reales.<\/p>\n<p style=\"text-align: justify\">Carlos Portal, los mismos d\u00edas y utilidad, 200 reales.<\/p>\n<p style=\"text-align: justify\">Jos\u00e9 Portal, ocupa 120 d\u00edas, y en ellos gana 480 reales.<\/p>\n<p style=\"text-align: justify\">Bernab\u00e9 Gonz\u00e1lez, la misma utilidad y d\u00edas, 480 reales.<\/p>\n<p style=\"text-align: justify\"><strong>Tejedores:<\/strong><\/p>\n<p style=\"text-align: justify\">Tom\u00e1s Vicario, tejedor de c\u00e1\u00f1amo y lana, ocupa 120 d\u00edas, y en ellos gana 480 reales.<\/p>\n<p style=\"text-align: justify\">Sebasti\u00e1n Bravo, los mismos d\u00edas y utilidad, 480 reales.<\/p>\n<p style=\"text-align: justify\">Roque Bravo, la misma utilidad y d\u00edas, 480 reales.<\/p>\n<p style=\"text-align: justify\">Gabriel Bravo, la misma utilidad y d\u00edas, 480 reales.<\/p>\n<p style=\"text-align: justify\">Tom\u00e1s Bravo, la misma utilidad y d\u00edas, 480 reales.<\/p>\n<p style=\"text-align: justify\">Francisco Bravo, 130 d\u00edas, 520 reales.<\/p>\n<p style=\"text-align: justify\">Fabi\u00e1n Cuesta, 110 d\u00edas, 440 reales.<\/p>\n<p style=\"text-align: justify\"><strong>Zapateros:<\/strong><\/p>\n<p style=\"text-align: justify\">Juan D\u00edez Rom\u00e1n, zapatero de oficio, tiene de utilidad 900 reales y en \u00e9l emplea 200 d\u00edas.<\/p>\n<p style=\"text-align: justify\">Santiago Rupelo, del mismo oficio, ocupa 180 d\u00edas, \u00a0810 reales.<\/p>\n<p style=\"text-align: justify\">Mat\u00edas D\u00edez, tambi\u00e9n zapatero, los mismo d\u00edas y utilidad, 810 reales.<\/p>\n<p style=\"text-align: justify\"><strong><em>34- \u00bfSi hay artista alguno, que teniendo caudal, haga la prevenci\u00f3n de materiales correspondientes a su propio oficio, o a otros, para vender a los dem\u00e1s o hiciere alg\u00fan otro comercio, o arrendamientos, explicar qui\u00e9nes, y la utilidad que sacan cada a\u00f1o?<\/em><\/strong><\/p>\n<p style=\"text-align: justify\">A la treinta y cuatro dijeron no comprende.<\/p>\n<p style=\"text-align: justify\"><strong><em>35- \u00bfQu\u00e9 n\u00famero de jornaleros habr\u00e1 en la poblaci\u00f3n?<\/em><\/strong><\/p>\n<p style=\"text-align: justify\"><strong><em>36- \u00bfCu\u00e1ntos pobres de solemnidad habr\u00e1 en la poblaci\u00f3n?<\/em><\/strong><\/p>\n<p style=\"text-align: justify\"><strong><em>37- Si hay algunos individuos, que tengan embarcaciones, que naveguen en el mar, o en r\u00edos, para trasporte o para pescar: cu\u00e1ntas, a qui\u00e9nes pertenecen, y qu\u00e9 utilidad se considera cada una a su due\u00f1o al a\u00f1o?<\/em><\/strong><\/p>\n<p style=\"text-align: justify\">A estas tres dijeron no comprenden.<\/p>\n<p style=\"text-align: justify\"><strong><em>\u00a0<\/em><\/strong><\/p>\n<p style=\"text-align: justify\"><strong><em>38- \u00bfCu\u00e1ntos cl\u00e9rigos hay en el pueblo?<\/em><\/strong><\/p>\n<p style=\"text-align: justify\">A la treinta y ocho dijeron, hay tres cl\u00e9rigos, que lo son: Don Bartolom\u00e9 Alonso y Don Tom\u00e1s Alonso, curas beneficiados en propiedad en la Iglesia Parroquial de <a  href=\"https:\/\/www.mecerreyes.com\/mece\/?page_id=58\">San Mart\u00edn<\/a> de esta villa, y Don Gregorio Gonz\u00e1lez, presb\u00edtero capell\u00e1n de la que fund\u00f3 Don Domingo Gonz\u00e1lez.<\/p>\n<p style=\"text-align: justify\"><strong><em>39- \u00bfSi hay algunos conventos, de qu\u00e9 religiosos\/as y qu\u00e9 n\u00famero tiene cada uno? <\/em><\/strong><\/p>\n<p style=\"text-align: justify\">A la treinta y nueve dijeron no comprende.<\/p>\n<p style=\"text-align: justify\"><strong><em>40- \u00bfSi el Rey tiene en el t\u00e9rmino, o pueblo alguna finca o renta, que no corresponda a las generales, ni a las provinciales, que deben extinguirse: cu\u00e1les son, c\u00f3mo se administran y cu\u00e1nto producen?<\/em><\/strong><\/p>\n<p style=\"text-align: justify\">A la cuarenta dijeron hay un Estanquillo de tabaco por menor, que lo distribuye Isidro Alonso, a quien por su utilidad consideran, 36 reales.<\/p>\n<p style=\"text-align: justify\">Y conforme a \u00f3rdenes de la Real Junta de 16 de noviembre del a\u00f1o pasado de 1753, y a tres de marzo del presente, fueron preguntados por el n\u00famero de labradores, hijos y criados aptos y v\u00e1lidos trabajan desde la edad de 17 a\u00f1os cumplidos, hasta los 60, qu\u00e9 n\u00famero de d\u00edas trabaja cada uno de dichos labradores con sus labranzas, qu\u00e9 jornal se debe preguntar al d\u00eda y qu\u00e9 soldada se acostumbra dar a los dem\u00e1s, dijeron hay los siguientes:<\/p>\n<p style=\"text-align: center\"><a  href=\"http:\/\/www.mecerreyes.com\/mece\/wp-content\/uploads\/2013\/05\/Pregunta-40.jpg\" class=\"thickbox no_icon\" title=\"\"><img loading=\"lazy\" decoding=\"async\" class=\"aligncenter  wp-image-7013\" src=\"http:\/\/www.mecerreyes.com\/mece\/wp-content\/uploads\/2013\/05\/Pregunta-40.jpg\" alt=\"\" width=\"537\" height=\"1581\" \/><\/a><\/p>\n<p style=\"text-align: justify\">Que son todos los labradores, hijos y criados que hay en esta villa aptos y v\u00e1lidos al trabajo, y a cada uno de dichos labradores, consideran de jornal por d\u00eda tres reales y medio, y a cada criado o hijo mayor, veintid\u00f3s ducados de soldada, no obstante que algunos se ajustan por m\u00e1s y otros por menos, y asimismo, hay los guardas y pastores siguientes:<\/p>\n<p style=\"text-align: justify\">PASTORES<\/p>\n<p style=\"text-align: justify\">. Jos\u00e9 Rodrigo es pastor del ganado cabr\u00edo de los vecinos de esta villa, quien por ello gana 54 fanegas y dos celemines de trigo, ocup\u00e1ndose en dicha custodia un hijo mayor que tiene con \u00e9l.<\/p>\n<p style=\"text-align: justify\">GUARDAS<\/p>\n<p style=\"text-align: justify\">. Juan Nu\u00f1o es guarda del ganado de la cerda, cuya soldada le importa 25 fanegas de centeno.<\/p>\n<p style=\"text-align: justify\">. Benito P\u00e9rez, guarda del ganado vacuno, gana otras 25 fanegas de centeno.<\/p>\n<p style=\"text-align: justify\">. Vicente Cuevas, guarda del monte, gana de soldada 586 reales y 24 fanegas de centeno y lo dem\u00e1s en dinero.<\/p>\n<p style=\"text-align: justify\">Y en este citado habi\u00e9ndoles vuelto a leer las 40 preguntas con sus respuestas, dijeron que todo cuanto contienen es cuanto saben, y pueden decir de propia ciencia y por presente, ajustada regulaci\u00f3n bajo del juramento que tienen hecho en que se afirmaron, ratificaron y firmaron los que supieron, un testigo por lo que vio lo firm\u00f3 su merced y el escribano que estuvo presente, de que doy fe: Don Manuel de Suso, Antonio Cuevas, Gabriel Mart\u00ednez, Manuel de Arriaga, Andr\u00e9s Alonso cuevas, Manuel Gonz\u00e1lez Arriba, testigo, Manuel Gonz\u00e1lez, ante m\u00ed Ignacio Esteban Marr\u00f3n.<\/p>\n<p style=\"text-align: justify\">Auto:<\/p>\n<p style=\"text-align: justify\">En la villa de Mecerreyes a 25 de febrero, a\u00f1o de 1753, el se\u00f1or subdelegado don Manuel de Suso, por ante m\u00ed, el escribano dijo que en conformidad, de lo que se previene por la contadur\u00eda General de \u00danica contribuci\u00f3n, en estas de nueve del corriente para que se averig\u00fce, por segunda declaraci\u00f3n de pastor, qu\u00e9 d\u00edas se ocupa a la labranza, a jornal, los ajustamientos que constan de los autos obrados para la operaci\u00f3n de esta villa y para que a las eras de trillar las estimen producto, en atenci\u00f3n a practicarlo, as\u00ed en otro pueblo, no obstante que el resto del a\u00f1o serv\u00edan para pasto com\u00fan, deb\u00eda demandar y mandaba que Manuel Gonz\u00e1lez Arribas y Manuel Mart\u00ednez, pastores que declararon en dichos autos junto con Francisco Gonz\u00e1lez y Gabriel Bravo, vecinos de esta villa, a quienes su merced nombraba pastores de oficio, declara al Se\u00f1or de este auto bajo de juramento, y en forma con distinci\u00f3n, de los d\u00edas que cada artesano, al mismo tiempo se ocupa de labrador o jornalero. Y lo mismo por lo respectivo al producto de eras, y hecho sesenta a la Contadur\u00eda.<\/p>\n<p style=\"text-align: justify\">Y por este auto que firm\u00f3 su merced, as\u00ed lo apruebo, doy fe<\/p>\n<p style=\"text-align: justify\">Susso: Ante m\u00ed: Ignacio Esteban Marr\u00f3n<\/p>\n<p style=\"text-align: justify\">Notificaci\u00f3n:<\/p>\n<p style=\"text-align: justify\">Y consecuentemente, yo el escribano, hice saber el auto antecedente, para sus efectos a los nominados en \u00e9l, quienes dijeron estaban prontos a comparecer ante su merced y hacer la declaraci\u00f3n que se les mandare, y para que conste lo firmo: Marr\u00f3n<\/p>\n<p style=\"text-align: justify\">Declaran:<\/p>\n<p style=\"text-align: justify\">En la villa de Mecerreyes a los dichos 25 de febrero, a\u00f1o referido de 1753, ante dicho se\u00f1or subdelegado comparecieron Manuel Gonz\u00e1lez Arribas, alcalde ordinario de ella, Manuel Mart\u00ednez, Francisco Gonz\u00e1lez y Gabriel Bravo, pastores nombrados a efecto de hacer la declaraci\u00f3n que se previenen en el acto antecedente; y para que sea con toda justificaci\u00f3n, de ella y cada uno, su merced por ante m\u00ed el escribano, tomo y recibo juramento por Dios nuestro Se\u00f1or y una cruz en forma de derecho, bajo del cual ofrecieron decir verdad y enterados de los particulares, de dicho auto, dijeron les parece obra el palmento, de tres fanegas y media de eras para trillar, las mieses y seg\u00fan su juicio consideran de utilidad a cada celem\u00edn de tierra dos reales y medio de vell\u00f3n, y por lo que mira a los ajustes, que resultan de la pregunta treinta y tres que se les ha le\u00eddo, dijeron que cada uno de los comprendidos en ella que tienen labranza y ganan jornal ocupan los d\u00edas siguientes:<\/p>\n<p style=\"text-align: justify\">LABRADOR \u00a0 \u00a0 \u00a0 \u00a0 \u00a0 \u00a0 \u00a0 \u00a0 \u00a0 \u00a0 \u00a0 \u00a0 \u00a0 \u00a0 \u00a0 \u00a0 \u00a0 \u00a0 \u00a0 \u00a0 \u00a0 \u00a0 \u00a0 \u00a0 \u00a0 \u00a0 \u00a0 \u00a0 \u00a0 \u00a0 \u00a0 \u00a0 \u00a0 \u00a0JORNAL<\/p>\n<p style=\"text-align: justify\">Manuel Gonz\u00e1lez Lozano\u00a0\u00a0\u00a0\u00a0\u00a0\u00a0\u00a0\u00a0 (cien d\u00edas) \u00a0 \u00a0 \u00a0 \u00a0 \u00a0 \u00a0 100<\/p>\n<p style=\"text-align: justify\">Juan de las Heras \u00a0 \u00a0 \u00a0 \u00a0 \u00a0 \u00a0 \u00a0 \u00a0 \u00a0 \u00a0 \u00a0 \u00a0 \u00a0 \u00a0 \u00a0 \u00a0 \u00a0 \u00a0 \u00a0 \u00a0 \u00a0 \u00a0 \u00a0 \u00a0 \u00a0 \u00a0 \u00a0 \u00a0 \u00a0 \u00a020<\/p>\n<p style=\"text-align: justify\">Jos\u00e9 Gonz\u00e1lez (mayor) \u00a0 \u00a0 \u00a0 \u00a0 \u00a0 \u00a0 \u00a0 \u00a0 \u00a0 \u00a0 \u00a0 \u00a0 \u00a0 \u00a0 \u00a0 \u00a0 \u00a0 \u00a0 \u00a0 \u00a0 \u00a0 \u00a0 \u00a0 \u00a0 10<\/p>\n<p style=\"text-align: justify\">Carlos Portal \u00a0 \u00a0 \u00a0 \u00a0 \u00a0 \u00a0 \u00a0 \u00a0 \u00a0 \u00a0 \u00a0 \u00a0 \u00a0 \u00a0 \u00a0 \u00a0 \u00a0 \u00a0 \u00a0 \u00a0 \u00a0 \u00a0 \u00a0 \u00a0 \u00a0 \u00a0 \u00a0 \u00a0 \u00a0 \u00a0 \u00a0 \u00a0 \u00a0 \u00a0 30<\/p>\n<p style=\"text-align: justify\">Jos\u00e9 Portal \u00a0 \u00a0 \u00a0 \u00a0 \u00a0 \u00a0 \u00a0 \u00a0 \u00a0 \u00a0 \u00a0 \u00a0 \u00a0 \u00a0 \u00a0 \u00a0 \u00a0 \u00a0 \u00a0 \u00a0 \u00a0 \u00a0 \u00a0 \u00a0 \u00a0 \u00a0 \u00a0 \u00a0 \u00a0 \u00a0 \u00a0 \u00a0 \u00a0 \u00a0 \u00a0 \u00a0 60<\/p>\n<p style=\"text-align: justify\">Bernab\u00e9 Gonz\u00e1lez \u00a0 \u00a0 \u00a0 \u00a0 \u00a0 \u00a0 \u00a0 \u00a0 \u00a0 \u00a0 \u00a0 \u00a0 \u00a0 \u00a0 \u00a0 \u00a0 \u00a0 \u00a0 \u00a0 \u00a0 \u00a0 \u00a0 \u00a0 \u00a0 \u00a0 \u00a0 \u00a0 \u00a0 \u00a0 \u00a060<\/p>\n<p style=\"text-align: justify\">Tom\u00e1s Bravo (mayor) \u00a0 \u00a0 \u00a0 \u00a0 \u00a0 \u00a0 \u00a0 \u00a0 \u00a0 \u00a0 \u00a0 \u00a0 \u00a0 \u00a0 \u00a0 \u00a0 \u00a0 \u00a0 \u00a0 \u00a0 \u00a0 \u00a0 \u00a0 \u00a0 \u00a0 60<\/p>\n<p style=\"text-align: justify\">Tom\u00e1s Bravo (menor) \u00a0 \u00a0 \u00a0 \u00a0 \u00a0 \u00a0 \u00a0 \u00a0 \u00a0 \u00a0 \u00a0 \u00a0 \u00a0 \u00a0 \u00a0 \u00a0 \u00a0 \u00a0 \u00a0 \u00a0 \u00a0 \u00a0 \u00a0 \u00a0 \u00a0 60<\/p>\n<p style=\"text-align: justify\">Sebasti\u00e1n Bravo \u00a0 \u00a0 \u00a0 \u00a0 \u00a0 \u00a0 \u00a0 \u00a0 \u00a0 \u00a0 \u00a0 \u00a0 \u00a0 \u00a0 \u00a0 \u00a0 \u00a0 \u00a0 \u00a0 \u00a0 \u00a0 \u00a0 \u00a0 \u00a0 \u00a0 \u00a0 \u00a0 \u00a0 \u00a0 \u00a0 \u00a0 60<\/p>\n<p style=\"text-align: justify\">Roque Bravo \u00a0 \u00a0 \u00a0 \u00a0 \u00a0 \u00a0 \u00a0 \u00a0 \u00a0 \u00a0 \u00a0 \u00a0 \u00a0 \u00a0 \u00a0 \u00a0 \u00a0 \u00a0 \u00a0 \u00a0 \u00a0 \u00a0 \u00a0 \u00a0 \u00a0 \u00a0 \u00a0 \u00a0 \u00a0 \u00a0 \u00a0 \u00a0 \u00a0 \u00a0 \u00a060<\/p>\n<p style=\"text-align: justify\">Gabriel Bravo \u00a0 \u00a0 \u00a0 \u00a0 \u00a0 \u00a0 \u00a0 \u00a0 \u00a0 \u00a0 \u00a0 \u00a0 \u00a0 \u00a0 \u00a0 \u00a0 \u00a0 \u00a0 \u00a0 \u00a0 \u00a0 \u00a0 \u00a0 \u00a0 \u00a0 \u00a0 \u00a0 \u00a0 \u00a0 \u00a0 \u00a0 \u00a0 \u00a0 \u00a060<\/p>\n<p style=\"text-align: justify\">Francisco Bravo \u00a0 \u00a0 \u00a0 \u00a0 \u00a0 \u00a0 \u00a0 \u00a0 \u00a0 \u00a0 \u00a0 \u00a0 \u00a0 \u00a0 \u00a0 \u00a0 \u00a0 \u00a0 \u00a0 \u00a0 \u00a0 \u00a0 \u00a0 \u00a0 \u00a0 \u00a0 \u00a0 \u00a0 \u00a0 \u00a0 \u00a0 60<\/p>\n<p style=\"text-align: justify\">Fabi\u00e1n Cuesta \u00a0 \u00a0 \u00a0 \u00a0 \u00a0 \u00a0 \u00a0 \u00a0 \u00a0 \u00a0 \u00a0 \u00a0 \u00a0 \u00a0 \u00a0 \u00a0 \u00a0 \u00a0 \u00a0 \u00a0 \u00a0 \u00a0 \u00a0 \u00a0 \u00a0 \u00a0 \u00a0 \u00a0 \u00a0 \u00a0 \u00a0 \u00a0 \u00a0 \u00a080<\/p>\n<p style=\"text-align: justify\">Todos a jornal en labores del campo como tienen expresado, y todo les parece ser as\u00ed verdad, seg\u00fan su entender y bajo del juramento que tienen hecho en que afirmaron, ratificaron y firm\u00f3 el que supo, un testigo por los que no, as\u00ed luego lo firm\u00f3 su merced, dicho se\u00f1or subdelegado, de que doy fe: Don Manuel de Suso, Manuel Gonz\u00e1lez Arribas, testigo, Antonio Vicario.<\/p>\n<p style=\"text-align: justify\">Ante m\u00ed Ignacio Esteban Marr\u00f3n, conforme al original que queda en la Contadur\u00eda de mi cargo.<\/p>\n<p style=\"text-align: justify\">Burgos a 28 de mayo de 1754<\/p>\n<p style=\"text-align: justify\">\u2026<\/p>\n<p style=\"text-align: justify\">Jos\u00e9 Mar\u00eda de Huydobro\u00a0\u00a0\u00a0\u00a0\u00a0\u00a0\u00a0\u00a0\u00a0\u00a0\u00a0\u00a0\u00a0\u00a0\u00a0\u00a0\u00a0\u00a0\u00a0\u00a0\u00a0\u00a0\u00a0\u00a0\u00a0\u00a0\u00a0\u00a0\u00a0\u00a0\u00a0\u00a0\u00a0\u00a0\u00a0\u00a0\u00a0\u00a0\u00a0\u00a0\u00a0\u00a0\u00a0\u00a0\u00a0\u00a0\u00a0\u00a0\u00a0\u00a0\u00a0\u00a0\u00a0\u00a0\u00a0\u00a0\u00a0\u00a0\u00a0\u00a0\u00a0\u00a0\u00a0\u00a0\u00a0\u00a0\u00a0\u00a0\u00a0\u00a0\u00a0\u00a0\u00a0\u00a0\u00a0\u00a0\u00a0\u00a0\u00a0\u00a0 Pedro \u00c1lvarez<\/p>\n<p style=\"text-align: justify\"><strong><em>\u00a0<\/em><\/strong><\/p>\n<p style=\"text-align: center\"><strong><em>\u00a0<a  href=\"http:\/\/www.mecerreyes.com\/mece\/wp-content\/uploads\/2013\/05\/Mamblas.jpg\" class=\"thickbox no_icon\" title=\"\"><img loading=\"lazy\" decoding=\"async\" class=\"aligncenter  wp-image-7043\" src=\"http:\/\/www.mecerreyes.com\/mece\/wp-content\/uploads\/2013\/05\/Mamblas.jpg\" alt=\"\" width=\"599\" height=\"449\" srcset=\"https:\/\/www.mecerreyes.com\/mece\/wp-content\/uploads\/2013\/05\/Mamblas.jpg 1426w, https:\/\/www.mecerreyes.com\/mece\/wp-content\/uploads\/2013\/05\/Mamblas-300x224.jpg 300w, https:\/\/www.mecerreyes.com\/mece\/wp-content\/uploads\/2013\/05\/Mamblas-1024x767.jpg 1024w\" sizes=\"(max-width: 599px) 100vw, 599px\" \/><\/a><\/em><\/strong><\/p>\n<\/div>","protected":false},"excerpt":{"rendered":"<p>Catastro Marqu\u00e9s de la Ensenada Mecerreyes &nbsp; El pasado verano un grupito de guiletos interesados en la historia, se pusieron manos a la obra,\u00a0cogieron\u00a0los documentos originales del Catastro del Marqu\u00e9s de la Ensenada y lo transcribieron al lenguaje de hoy. Es un documento muy interesante para conocer mejor la historia de nuestro pueblo en el [&hellip;]<\/p>\n","protected":false},"author":5,"featured_media":0,"comment_status":"open","ping_status":"closed","sticky":false,"template":"","format":"standard","meta":{"_et_pb_use_builder":"","_et_pb_old_content":"","_et_gb_content_width":"","footnotes":""},"categories":[7,1],"tags":[50,21],"class_list":["post-5239","post","type-post","status-publish","format-standard","hentry","category-oficiosperdidos","category-general","tag-catastromarquesdelaensenada","tag-guiletos","et-doesnt-have-format-content","et_post_format-et-post-format-standard"],"_links":{"self":[{"href":"https:\/\/www.mecerreyes.com\/mece\/index.php?rest_route=\/wp\/v2\/posts\/5239"}],"collection":[{"href":"https:\/\/www.mecerreyes.com\/mece\/index.php?rest_route=\/wp\/v2\/posts"}],"about":[{"href":"https:\/\/www.mecerreyes.com\/mece\/index.php?rest_route=\/wp\/v2\/types\/post"}],"author":[{"embeddable":true,"href":"https:\/\/www.mecerreyes.com\/mece\/index.php?rest_route=\/wp\/v2\/users\/5"}],"replies":[{"embeddable":true,"href":"https:\/\/www.mecerreyes.com\/mece\/index.php?rest_route=%2Fwp%2Fv2%2Fcomments&post=5239"}],"version-history":[{"count":0,"href":"https:\/\/www.mecerreyes.com\/mece\/index.php?rest_route=\/wp\/v2\/posts\/5239\/revisions"}],"wp:attachment":[{"href":"https:\/\/www.mecerreyes.com\/mece\/index.php?rest_route=%2Fwp%2Fv2%2Fmedia&parent=5239"}],"wp:term":[{"taxonomy":"category","embeddable":true,"href":"https:\/\/www.mecerreyes.com\/mece\/index.php?rest_route=%2Fwp%2Fv2%2Fcategories&post=5239"},{"taxonomy":"post_tag","embeddable":true,"href":"https:\/\/www.mecerreyes.com\/mece\/index.php?rest_route=%2Fwp%2Fv2%2Ftags&post=5239"}],"curies":[{"name":"wp","href":"https:\/\/api.w.org\/{rel}","templated":true}]}}