{"id":5246,"date":"2012-10-29T19:36:11","date_gmt":"2012-10-29T18:36:11","guid":{"rendered":"http:\/\/www.mecerreyes.com\/mece\/?p=5246"},"modified":"2012-10-30T20:06:52","modified_gmt":"2012-10-30T19:06:52","slug":"con-la-mirada-y-el-corazon-de-un-nino-entrega-2a","status":"publish","type":"post","link":"https:\/\/www.mecerreyes.com\/mece\/?p=5246","title":{"rendered":"\u00abCon la mirada y el coraz\u00f3n de un ni\u00f1o\u00bb (Entrega 2\u00aa)"},"content":{"rendered":"<p>Continuamos con la publicaci\u00f3n de la segunda entrega de<\/p>\n<h1><strong>IM\u00c1GENES Y PALABRAS PARA EL RECUERDO (1959\/60 &#8211; 2010)<\/strong><\/h1>\n<h2><span style=\"color: #0000ff\">\u00abCon la mirada y el coraz\u00f3n de un ni\u00f1o\u00bb<\/span><\/h2>\n<p>&nbsp;<\/p>\n<p style=\"text-align: justify\">Como ya explicamos en julio, en la publicaci\u00f3n de las primeras 6 p\u00e1ginas; estos recuerdos forman parte del \u00abCuadernillo\u00bb que hizo Isaac con motivo de la Celebraci\u00f3n de los quintos del 59\/60, que celebraron por todo lo alto en el a\u00f1o 2010 en \u00a0Mecerreyes, y donde compartieron muchos recuerdos.<\/p>\n<p>&nbsp;<\/p>\n<p>Ahora puedes leer los siguientes cap\u00edtulos:<\/p>\n<ul>\n<li>\n<h2>Desde las almenas<\/h2>\n<\/li>\n<li><\/li>\n<li>\n<h2>Mecerreyes<\/h2>\n<\/li>\n<li><\/li>\n<li>\n<h2>\u00a1Buenos d\u00edas&#8230;!<\/h2>\n<\/li>\n<li><\/li>\n<li>\n<h2>La escuela<\/h2>\n<\/li>\n<li><\/li>\n<li>\n<h2>\u00a1Vamos, ni\u00f1os&#8230;!<\/h2>\n<\/li>\n<li><\/li>\n<li>\n<h2>\u00a1Que caiga agua!<\/h2>\n<\/li>\n<li><\/li>\n<li>\n<h2>Primeras comuniones<\/h2>\n<\/li>\n<\/ul>\n<div><\/div>\n<p>Esperamos que lo disfrutes y que como dice el t\u00edtulo, que los <strong>recuerdos<\/strong> sean agradables y si quieres compartirlos, nos puedes escribir al final de esta entrada.<\/p>\n<p>&nbsp;<\/p>\n<p>Pincha en el siguiente enlace para leerlo en PDF:<\/p>\n<h2><a  href=\"http:\/\/www.mecerreyes.com\/mece\/wp-content\/uploads\/2012\/10\/Con-la-mirada-y-el-coraz\u00f3n-de-un-ni\u00f1o-pag-7-17.pdf\" target=\"_blank\">Con la mirada y el coraz\u00f3n de un ni\u00f1o (p\u00e1ginas 7 a 17)<\/a><\/h2>\n<p>&nbsp;<\/p>\n<p>&nbsp;<\/p>\n<div id=\"attachment_5890\" style=\"width: 743px\" class=\"wp-caption alignnone\"><a  href=\"http:\/\/www.mecerreyes.com\/mece\/wp-content\/uploads\/2012\/10\/Con-la-mirada-y-el-coraz\u00f3n-de-un-ni\u00f1o-7.jpg\" class=\"thickbox no_icon\" title=\"\"><img loading=\"lazy\" decoding=\"async\" aria-describedby=\"caption-attachment-5890\" class=\"size-large wp-image-5890 \" src=\"http:\/\/www.mecerreyes.com\/mece\/wp-content\/uploads\/2012\/10\/Con-la-mirada-y-el-coraz\u00f3n-de-un-ni\u00f1o-7-733x1024.jpg\" alt=\"\" width=\"733\" height=\"1024\" srcset=\"https:\/\/www.mecerreyes.com\/mece\/wp-content\/uploads\/2012\/10\/Con-la-mirada-y-el-coraz\u00f3n-de-un-ni\u00f1o-7-733x1024.jpg 733w, https:\/\/www.mecerreyes.com\/mece\/wp-content\/uploads\/2012\/10\/Con-la-mirada-y-el-coraz\u00f3n-de-un-ni\u00f1o-7-215x300.jpg 215w\" sizes=\"(max-width: 733px) 100vw, 733px\" \/><\/a><p id=\"caption-attachment-5890\" class=\"wp-caption-text\">P\u00e1g. 7, Con la mirada y el coraz\u00f3n de un ni\u00f1o.<\/p><\/div>\n<p>&nbsp;<\/p>\n<div id=\"attachment_5891\" style=\"width: 744px\" class=\"wp-caption alignnone\"><a  href=\"http:\/\/www.mecerreyes.com\/mece\/wp-content\/uploads\/2012\/10\/Con-la-mirada-y-el-coraz\u00f3n-de-un-ni\u00f1o-8.jpg\" class=\"thickbox no_icon\" title=\"\"><img loading=\"lazy\" decoding=\"async\" aria-describedby=\"caption-attachment-5891\" class=\"size-large wp-image-5891\" src=\"http:\/\/www.mecerreyes.com\/mece\/wp-content\/uploads\/2012\/10\/Con-la-mirada-y-el-coraz\u00f3n-de-un-ni\u00f1o-8-734x1024.jpg\" alt=\"\" width=\"734\" height=\"1024\" srcset=\"https:\/\/www.mecerreyes.com\/mece\/wp-content\/uploads\/2012\/10\/Con-la-mirada-y-el-coraz\u00f3n-de-un-ni\u00f1o-8-734x1024.jpg 734w, https:\/\/www.mecerreyes.com\/mece\/wp-content\/uploads\/2012\/10\/Con-la-mirada-y-el-coraz\u00f3n-de-un-ni\u00f1o-8-215x300.jpg 215w\" sizes=\"(max-width: 734px) 100vw, 734px\" \/><\/a><p id=\"caption-attachment-5891\" class=\"wp-caption-text\">P\u00e1g. 8, Con la mirada y el coraz\u00f3n de un ni\u00f1o.<\/p><\/div>\n<p>&nbsp;<\/p>\n<div id=\"attachment_5895\" style=\"width: 759px\" class=\"wp-caption alignnone\"><a  href=\"http:\/\/www.mecerreyes.com\/mece\/wp-content\/uploads\/2012\/10\/Con-la-mirada-y-el-coraz\u00f3n-de-un-ni\u00f1o-9.jpg\" class=\"thickbox no_icon\" title=\"\"><img loading=\"lazy\" decoding=\"async\" aria-describedby=\"caption-attachment-5895\" class=\"size-large wp-image-5895\" src=\"http:\/\/www.mecerreyes.com\/mece\/wp-content\/uploads\/2012\/10\/Con-la-mirada-y-el-coraz\u00f3n-de-un-ni\u00f1o-9-749x1024.jpg\" alt=\"\" width=\"749\" height=\"1024\" srcset=\"https:\/\/www.mecerreyes.com\/mece\/wp-content\/uploads\/2012\/10\/Con-la-mirada-y-el-coraz\u00f3n-de-un-ni\u00f1o-9-749x1024.jpg 749w, https:\/\/www.mecerreyes.com\/mece\/wp-content\/uploads\/2012\/10\/Con-la-mirada-y-el-coraz\u00f3n-de-un-ni\u00f1o-9-219x300.jpg 219w\" sizes=\"(max-width: 749px) 100vw, 749px\" \/><\/a><p id=\"caption-attachment-5895\" class=\"wp-caption-text\">P\u00e1g. 9, Con la mirada y el coraz\u00f3n de un ni\u00f1o.<\/p><\/div>\n<p>&nbsp;<\/p>\n<div id=\"attachment_5896\" style=\"width: 749px\" class=\"wp-caption alignnone\"><a  href=\"http:\/\/www.mecerreyes.com\/mece\/wp-content\/uploads\/2012\/10\/Con-la-mirada-y-el-coraz\u00f3n-de-un-ni\u00f1o-10.jpg\" class=\"thickbox no_icon\" title=\"\"><img loading=\"lazy\" decoding=\"async\" aria-describedby=\"caption-attachment-5896\" class=\"size-large wp-image-5896\" src=\"http:\/\/www.mecerreyes.com\/mece\/wp-content\/uploads\/2012\/10\/Con-la-mirada-y-el-coraz\u00f3n-de-un-ni\u00f1o-10-739x1024.jpg\" alt=\"\" width=\"739\" height=\"1024\" srcset=\"https:\/\/www.mecerreyes.com\/mece\/wp-content\/uploads\/2012\/10\/Con-la-mirada-y-el-coraz\u00f3n-de-un-ni\u00f1o-10-739x1024.jpg 739w, https:\/\/www.mecerreyes.com\/mece\/wp-content\/uploads\/2012\/10\/Con-la-mirada-y-el-coraz\u00f3n-de-un-ni\u00f1o-10-216x300.jpg 216w\" sizes=\"(max-width: 739px) 100vw, 739px\" \/><\/a><p id=\"caption-attachment-5896\" class=\"wp-caption-text\">P\u00e1g. 10, Con la mirada y el coraz\u00f3n de un ni\u00f1o.<\/p><\/div>\n<p>&nbsp;<\/p>\n<div id=\"attachment_5897\" style=\"width: 742px\" class=\"wp-caption alignnone\"><a  href=\"http:\/\/www.mecerreyes.com\/mece\/wp-content\/uploads\/2012\/10\/Con-la-mirada-y-el-coraz\u00f3n-de-un-ni\u00f1o-11.jpg\" class=\"thickbox no_icon\" title=\"\"><img loading=\"lazy\" decoding=\"async\" aria-describedby=\"caption-attachment-5897\" class=\"size-large wp-image-5897\" src=\"http:\/\/www.mecerreyes.com\/mece\/wp-content\/uploads\/2012\/10\/Con-la-mirada-y-el-coraz\u00f3n-de-un-ni\u00f1o-11-732x1024.jpg\" alt=\"\" width=\"732\" height=\"1024\" srcset=\"https:\/\/www.mecerreyes.com\/mece\/wp-content\/uploads\/2012\/10\/Con-la-mirada-y-el-coraz\u00f3n-de-un-ni\u00f1o-11-732x1024.jpg 732w, https:\/\/www.mecerreyes.com\/mece\/wp-content\/uploads\/2012\/10\/Con-la-mirada-y-el-coraz\u00f3n-de-un-ni\u00f1o-11-214x300.jpg 214w\" sizes=\"(max-width: 732px) 100vw, 732px\" \/><\/a><p id=\"caption-attachment-5897\" class=\"wp-caption-text\">P\u00e1g. 11, Con la mirada y el coraz\u00f3n de un ni\u00f1o.<\/p><\/div>\n<p>&nbsp;<\/p>\n<div id=\"attachment_5898\" style=\"width: 743px\" class=\"wp-caption alignnone\"><a  href=\"http:\/\/www.mecerreyes.com\/mece\/wp-content\/uploads\/2012\/10\/Con-la-mirada-y-el-coraz\u00f3n-de-un-ni\u00f1o-12.jpg\" class=\"thickbox no_icon\" title=\"\"><img loading=\"lazy\" decoding=\"async\" aria-describedby=\"caption-attachment-5898\" class=\"size-large wp-image-5898\" src=\"http:\/\/www.mecerreyes.com\/mece\/wp-content\/uploads\/2012\/10\/Con-la-mirada-y-el-coraz\u00f3n-de-un-ni\u00f1o-12-733x1024.jpg\" alt=\"\" width=\"733\" height=\"1024\" srcset=\"https:\/\/www.mecerreyes.com\/mece\/wp-content\/uploads\/2012\/10\/Con-la-mirada-y-el-coraz\u00f3n-de-un-ni\u00f1o-12-733x1024.jpg 733w, https:\/\/www.mecerreyes.com\/mece\/wp-content\/uploads\/2012\/10\/Con-la-mirada-y-el-coraz\u00f3n-de-un-ni\u00f1o-12-214x300.jpg 214w\" sizes=\"(max-width: 733px) 100vw, 733px\" \/><\/a><p id=\"caption-attachment-5898\" class=\"wp-caption-text\">P\u00e1g. 12, Con la mirada y el coraz\u00f3n de un ni\u00f1o.<\/p><\/div>\n<p>&nbsp;<\/p>\n<div id=\"attachment_5899\" style=\"width: 743px\" class=\"wp-caption alignnone\"><a  href=\"http:\/\/www.mecerreyes.com\/mece\/wp-content\/uploads\/2012\/10\/Con-la-mirada-y-el-coraz\u00f3n-de-un-ni\u00f1o-13.jpg\" class=\"thickbox no_icon\" title=\"\"><img loading=\"lazy\" decoding=\"async\" aria-describedby=\"caption-attachment-5899\" class=\"size-large wp-image-5899\" src=\"http:\/\/www.mecerreyes.com\/mece\/wp-content\/uploads\/2012\/10\/Con-la-mirada-y-el-coraz\u00f3n-de-un-ni\u00f1o-13-733x1024.jpg\" alt=\"\" width=\"733\" height=\"1024\" srcset=\"https:\/\/www.mecerreyes.com\/mece\/wp-content\/uploads\/2012\/10\/Con-la-mirada-y-el-coraz\u00f3n-de-un-ni\u00f1o-13-733x1024.jpg 733w, https:\/\/www.mecerreyes.com\/mece\/wp-content\/uploads\/2012\/10\/Con-la-mirada-y-el-coraz\u00f3n-de-un-ni\u00f1o-13-215x300.jpg 215w\" sizes=\"(max-width: 733px) 100vw, 733px\" \/><\/a><p id=\"caption-attachment-5899\" class=\"wp-caption-text\">P\u00e1g. 13, Con la mirada y el coraz\u00f3n de un ni\u00f1o.<\/p><\/div>\n<p>&nbsp;<\/p>\n<div id=\"attachment_5900\" style=\"width: 751px\" class=\"wp-caption alignnone\"><a  href=\"http:\/\/www.mecerreyes.com\/mece\/wp-content\/uploads\/2012\/10\/Con-la-mirada-y-el-coraz\u00f3n-de-un-ni\u00f1o-14.jpg\" class=\"thickbox no_icon\" title=\"\"><img loading=\"lazy\" decoding=\"async\" aria-describedby=\"caption-attachment-5900\" class=\"size-large wp-image-5900\" src=\"http:\/\/www.mecerreyes.com\/mece\/wp-content\/uploads\/2012\/10\/Con-la-mirada-y-el-coraz\u00f3n-de-un-ni\u00f1o-14-741x1024.jpg\" alt=\"\" width=\"741\" height=\"1024\" srcset=\"https:\/\/www.mecerreyes.com\/mece\/wp-content\/uploads\/2012\/10\/Con-la-mirada-y-el-coraz\u00f3n-de-un-ni\u00f1o-14-741x1024.jpg 741w, https:\/\/www.mecerreyes.com\/mece\/wp-content\/uploads\/2012\/10\/Con-la-mirada-y-el-coraz\u00f3n-de-un-ni\u00f1o-14-217x300.jpg 217w\" sizes=\"(max-width: 741px) 100vw, 741px\" \/><\/a><p id=\"caption-attachment-5900\" class=\"wp-caption-text\">P\u00e1g. 14, Con la mirada y el coraz\u00f3n de un ni\u00f1o.<\/p><\/div>\n<p>&nbsp;<\/p>\n<div id=\"attachment_5901\" style=\"width: 743px\" class=\"wp-caption alignnone\"><a  href=\"http:\/\/www.mecerreyes.com\/mece\/wp-content\/uploads\/2012\/10\/Con-la-mirada-y-el-coraz\u00f3n-de-un-ni\u00f1o-15.jpg\" class=\"thickbox no_icon\" title=\"\"><img loading=\"lazy\" decoding=\"async\" aria-describedby=\"caption-attachment-5901\" class=\"size-large wp-image-5901\" src=\"http:\/\/www.mecerreyes.com\/mece\/wp-content\/uploads\/2012\/10\/Con-la-mirada-y-el-coraz\u00f3n-de-un-ni\u00f1o-15-733x1024.jpg\" alt=\"\" width=\"733\" height=\"1024\" srcset=\"https:\/\/www.mecerreyes.com\/mece\/wp-content\/uploads\/2012\/10\/Con-la-mirada-y-el-coraz\u00f3n-de-un-ni\u00f1o-15-733x1024.jpg 733w, https:\/\/www.mecerreyes.com\/mece\/wp-content\/uploads\/2012\/10\/Con-la-mirada-y-el-coraz\u00f3n-de-un-ni\u00f1o-15-215x300.jpg 215w\" sizes=\"(max-width: 733px) 100vw, 733px\" \/><\/a><p id=\"caption-attachment-5901\" class=\"wp-caption-text\">P\u00e1g. 15, Con la mirada y el coraz\u00f3n de un ni\u00f1o.<\/p><\/div>\n<p>&nbsp;<\/p>\n<div id=\"attachment_5902\" style=\"width: 749px\" class=\"wp-caption alignnone\"><a  href=\"http:\/\/www.mecerreyes.com\/mece\/wp-content\/uploads\/2012\/10\/Con-la-mirada-y-el-coraz\u00f3n-de-un-ni\u00f1o-16.jpg\" class=\"thickbox no_icon\" title=\"\"><img loading=\"lazy\" decoding=\"async\" aria-describedby=\"caption-attachment-5902\" class=\"size-large wp-image-5902\" src=\"http:\/\/www.mecerreyes.com\/mece\/wp-content\/uploads\/2012\/10\/Con-la-mirada-y-el-coraz\u00f3n-de-un-ni\u00f1o-16-739x1024.jpg\" alt=\"\" width=\"739\" height=\"1024\" srcset=\"https:\/\/www.mecerreyes.com\/mece\/wp-content\/uploads\/2012\/10\/Con-la-mirada-y-el-coraz\u00f3n-de-un-ni\u00f1o-16-739x1024.jpg 739w, https:\/\/www.mecerreyes.com\/mece\/wp-content\/uploads\/2012\/10\/Con-la-mirada-y-el-coraz\u00f3n-de-un-ni\u00f1o-16-216x300.jpg 216w\" sizes=\"(max-width: 739px) 100vw, 739px\" \/><\/a><p id=\"caption-attachment-5902\" class=\"wp-caption-text\">P\u00e1g. 16, Con la mirada y el coraz\u00f3n de un ni\u00f1o.<\/p><\/div>\n<p>&nbsp;<\/p>\n<div id=\"attachment_5903\" style=\"width: 742px\" class=\"wp-caption alignnone\"><a  href=\"http:\/\/www.mecerreyes.com\/mece\/wp-content\/uploads\/2012\/10\/Con-la-mirada-y-el-coraz\u00f3n-de-un-ni\u00f1o-17.jpg\" class=\"thickbox no_icon\" title=\"\"><img loading=\"lazy\" decoding=\"async\" aria-describedby=\"caption-attachment-5903\" class=\"size-large wp-image-5903\" src=\"http:\/\/www.mecerreyes.com\/mece\/wp-content\/uploads\/2012\/10\/Con-la-mirada-y-el-coraz\u00f3n-de-un-ni\u00f1o-17-732x1024.jpg\" alt=\"\" width=\"732\" height=\"1024\" srcset=\"https:\/\/www.mecerreyes.com\/mece\/wp-content\/uploads\/2012\/10\/Con-la-mirada-y-el-coraz\u00f3n-de-un-ni\u00f1o-17-732x1024.jpg 732w, https:\/\/www.mecerreyes.com\/mece\/wp-content\/uploads\/2012\/10\/Con-la-mirada-y-el-coraz\u00f3n-de-un-ni\u00f1o-17-214x300.jpg 214w\" sizes=\"(max-width: 732px) 100vw, 732px\" \/><\/a><p id=\"caption-attachment-5903\" class=\"wp-caption-text\">P\u00e1g. 17, Con la mirada y el coraz\u00f3n de un ni\u00f1o.<\/p><\/div>","protected":false},"excerpt":{"rendered":"<p>Continuamos con la publicaci\u00f3n de la segunda entrega de IM\u00c1GENES Y PALABRAS PARA EL RECUERDO (1959\/60 &#8211; 2010) \u00abCon la mirada y el coraz\u00f3n de un ni\u00f1o\u00bb &nbsp; Como ya explicamos en julio, en la publicaci\u00f3n de las primeras 6 p\u00e1ginas; estos recuerdos forman parte del \u00abCuadernillo\u00bb que hizo Isaac con motivo de la Celebraci\u00f3n [&hellip;]<\/p>\n","protected":false},"author":5,"featured_media":0,"comment_status":"open","ping_status":"closed","sticky":false,"template":"","format":"standard","meta":{"_et_pb_use_builder":"","_et_pb_old_content":"","_et_gb_content_width":"","footnotes":""},"categories":[7,1],"tags":[48,21],"class_list":["post-5246","post","type-post","status-publish","format-standard","hentry","category-oficiosperdidos","category-general","tag-con-la-mirada-y-el-corazon-de-un-nino","tag-guiletos","et-doesnt-have-format-content","et_post_format-et-post-format-standard"],"_links":{"self":[{"href":"https:\/\/www.mecerreyes.com\/mece\/index.php?rest_route=\/wp\/v2\/posts\/5246"}],"collection":[{"href":"https:\/\/www.mecerreyes.com\/mece\/index.php?rest_route=\/wp\/v2\/posts"}],"about":[{"href":"https:\/\/www.mecerreyes.com\/mece\/index.php?rest_route=\/wp\/v2\/types\/post"}],"author":[{"embeddable":true,"href":"https:\/\/www.mecerreyes.com\/mece\/index.php?rest_route=\/wp\/v2\/users\/5"}],"replies":[{"embeddable":true,"href":"https:\/\/www.mecerreyes.com\/mece\/index.php?rest_route=%2Fwp%2Fv2%2Fcomments&post=5246"}],"version-history":[{"count":0,"href":"https:\/\/www.mecerreyes.com\/mece\/index.php?rest_route=\/wp\/v2\/posts\/5246\/revisions"}],"wp:attachment":[{"href":"https:\/\/www.mecerreyes.com\/mece\/index.php?rest_route=%2Fwp%2Fv2%2Fmedia&parent=5246"}],"wp:term":[{"taxonomy":"category","embeddable":true,"href":"https:\/\/www.mecerreyes.com\/mece\/index.php?rest_route=%2Fwp%2Fv2%2Fcategories&post=5246"},{"taxonomy":"post_tag","embeddable":true,"href":"https:\/\/www.mecerreyes.com\/mece\/index.php?rest_route=%2Fwp%2Fv2%2Ftags&post=5246"}],"curies":[{"name":"wp","href":"https:\/\/api.w.org\/{rel}","templated":true}]}}