{"id":5500,"date":"2012-09-06T23:34:54","date_gmt":"2012-09-06T22:34:54","guid":{"rendered":"http:\/\/www.mecerreyes.com\/mece\/?p=5500"},"modified":"2012-09-06T23:34:54","modified_gmt":"2012-09-06T22:34:54","slug":"cronica-fiestas-2012-1aparte","status":"publish","type":"post","link":"https:\/\/www.mecerreyes.com\/mece\/?p=5500","title":{"rendered":"Cr\u00f3nica Fiestas 2012 (1\u00aaparte)"},"content":{"rendered":"<p style=\"text-align: justify\">Ahora que acaban de terminar nuestras fiestas y estamos todos relaj\u00e1ndonos tras el fin, es buen momento para mirar atr\u00e1s y recordar (sin poder evitar un leve sentimiento de nostalgia) esos alegres d\u00edas en los que tanto nos divertimos los guiletos. \u00a1Retrocedamos, pues, unas semanas en el tiempo!<\/p>\n<h2 style=\"text-align: justify\"><strong>Los comienzos<\/strong><\/h2>\n<p style=\"text-align: justify\">A los guiletos nos va la marcha, as\u00ed que no pudimos esperar hasta el 23 para<a  href=\"http:\/\/www.mecerreyes.com\/mece\/wp-content\/uploads\/2012\/09\/01-Dolmen-de-Mazariegos-Mecerreyes-2012.jpg\" class=\"thickbox no_icon\" title=\"\"><img loading=\"lazy\" decoding=\"async\" class=\"alignright size-medium wp-image-5526\" src=\"http:\/\/www.mecerreyes.com\/mece\/wp-content\/uploads\/2012\/09\/01-Dolmen-de-Mazariegos-Mecerreyes-2012-300x171.jpg\" alt=\"\" width=\"300\" height=\"171\" srcset=\"https:\/\/www.mecerreyes.com\/mece\/wp-content\/uploads\/2012\/09\/01-Dolmen-de-Mazariegos-Mecerreyes-2012-300x171.jpg 300w, https:\/\/www.mecerreyes.com\/mece\/wp-content\/uploads\/2012\/09\/01-Dolmen-de-Mazariegos-Mecerreyes-2012.jpg 496w\" sizes=\"(max-width: 300px) 100vw, 300px\" \/><\/a> activar el \u201cmodo fiesta\u201d y ya el 18 empezaron las primeras actividades, con la <strong>excursi\u00f3n al dolmen de Mazariegos<\/strong>. Caminamos bajo un sol abrasador y se hizo un poco duro al final, pero volvimos contentos y satisfechos, deseosos de probar la deliciosa paella que nos ten\u00edan preparada los del Fog\u00f3n.<\/p>\n<p style=\"text-align: justify\">Ese mismo d\u00eda empezamos con los <strong>campeonatos de frontenis<\/strong>; les toc\u00f3 a las mujeres abrir el ciclo de este a\u00f1o, \u00a1y no defraudaron! M\u00e1s tarde, el lunes, martes y mi\u00e9rcoles, se jugaron tambi\u00e9n el infantil, el masculino y el mixto, que contaron con gran participaci\u00f3n y sirvieron como punto de encuentro, ya que muchos se aproximaron a verlos.<\/p>\n<p style=\"text-align: justify\">La semana antes de fiestas el revuelo aument\u00f3, puesto que adem\u00e1s de los campeonatos de frontenis, el lunes y el martes tambi\u00e9n se organizaron <strong>actividades para los m\u00e1s peque\u00f1os<\/strong> del pueblo, que, como todos los a\u00f1os,<a  href=\"http:\/\/www.mecerreyes.com\/mece\/wp-content\/uploads\/2012\/09\/04-Campeonato-futbolin-Mecerreyes-2012-1.jpg\" class=\"thickbox no_icon\" title=\"\"><img loading=\"lazy\" decoding=\"async\" class=\"alignright size-medium wp-image-5531\" src=\"http:\/\/www.mecerreyes.com\/mece\/wp-content\/uploads\/2012\/09\/04-Campeonato-futbolin-Mecerreyes-2012-1-300x225.jpg\" alt=\"\" width=\"300\" height=\"225\" srcset=\"https:\/\/www.mecerreyes.com\/mece\/wp-content\/uploads\/2012\/09\/04-Campeonato-futbolin-Mecerreyes-2012-1-300x225.jpg 300w, https:\/\/www.mecerreyes.com\/mece\/wp-content\/uploads\/2012\/09\/04-Campeonato-futbolin-Mecerreyes-2012-1.jpg 600w\" sizes=\"(max-width: 300px) 100vw, 300px\" \/><\/a> se entretuvieron haciendo manualidades en el parque (flores de cart\u00f3n, papiroflexia, murales, marca p\u00e1ginas\u2026 tambi\u00e9n les pintamos la cara, \u00a1qu\u00e9 guapos!) y pudimos divertirnos con los partidos de <strong>futbol\u00edn<\/strong> en el bar; dieron mucho juego y acabaron en una final de gran tensi\u00f3n en la que los m\u00e1s j\u00f3venes salieron ganadores. Tambi\u00e9n hubo <strong>campeonato de tabas<\/strong> tanto el martes como el mi\u00e9rcoles; el segundo d\u00eda se anim\u00f3 a participar mucha gente, \u00a1incluso los ni\u00f1os le pillaron el truquillo y tuvimos que organizar una categor\u00eda infantil en la competici\u00f3n!<a  href=\"http:\/\/www.mecerreyes.com\/mece\/wp-content\/uploads\/2012\/09\/05-Tabas-Mecerreyes-2012-2.jpg\" class=\"thickbox no_icon\" title=\"\"><img loading=\"lazy\" decoding=\"async\" class=\"alignright size-medium wp-image-5534\" src=\"http:\/\/www.mecerreyes.com\/mece\/wp-content\/uploads\/2012\/09\/05-Tabas-Mecerreyes-2012-2-300x225.jpg\" alt=\"\" width=\"300\" height=\"225\" srcset=\"https:\/\/www.mecerreyes.com\/mece\/wp-content\/uploads\/2012\/09\/05-Tabas-Mecerreyes-2012-2-300x225.jpg 300w, https:\/\/www.mecerreyes.com\/mece\/wp-content\/uploads\/2012\/09\/05-Tabas-Mecerreyes-2012-2.jpg 600w\" sizes=\"(max-width: 300px) 100vw, 300px\" \/><\/a><\/p>\n<p style=\"text-align: justify\">El mi\u00e9rcoles el principio de las fiestas era inminente ya, y se palpaba en el ambiente. Hab\u00eda que dejarlo todo a punto, \u00a1el ritmo de los preparativos fue fren\u00e9tico! Al final de la tarde pudimos relajarnos en la <strong>fiesta de la cerveza<\/strong> charlando con los amigos, y por la noche m\u00e1s de uno sac\u00f3 a relucir sus dotes art\u00edsticas cantando con \u00e9nfasis en el <strong>karaoke<\/strong> de la plaza. \u00a1Cu\u00e1nto ruise\u00f1or en el pueblo, ja, ja!<\/p>\n<p style=\"text-align: justify\">Y por fin\u2026<\/p>\n<h2 style=\"text-align: justify\"><strong>\u00a1Jueves de Fiestas!<\/strong><\/h2>\n<p style=\"text-align: justify\">Los ni\u00f1os fueron los primeros en disfrutar de \u00e9l, llenando de colorines los<a  href=\"http:\/\/www.mecerreyes.com\/mece\/wp-content\/uploads\/2012\/09\/07-Concurso-dibujo-Mecerreyes-2012-2.jpg\" class=\"thickbox no_icon\" title=\"\"><img loading=\"lazy\" decoding=\"async\" class=\"alignright size-medium wp-image-5537\" src=\"http:\/\/www.mecerreyes.com\/mece\/wp-content\/uploads\/2012\/09\/07-Concurso-dibujo-Mecerreyes-2012-2-300x225.jpg\" alt=\"\" width=\"300\" height=\"225\" srcset=\"https:\/\/www.mecerreyes.com\/mece\/wp-content\/uploads\/2012\/09\/07-Concurso-dibujo-Mecerreyes-2012-2-300x225.jpg 300w, https:\/\/www.mecerreyes.com\/mece\/wp-content\/uploads\/2012\/09\/07-Concurso-dibujo-Mecerreyes-2012-2.jpg 600w\" sizes=\"(max-width: 300px) 100vw, 300px\" \/><\/a> dibujos del ya tradicional <strong>concurso de pintura<\/strong>.<\/p>\n<p style=\"text-align: justify\">No fue hasta la tarde, como otros a\u00f1os, que dimos comienzo oficial a la fiesta. Primero se hizo la<strong> ofrenda floral a la Virgen<\/strong>, en la que los guiletos, entre ellos muchos representantes de las <a  href=\"https:\/\/www.mecerreyes.com\/mece\/?page_id=268\">pe\u00f1as<\/a> de Mecerreyes, depositaron sus ramos dejando una alegre estampa ante la iglesia. Tras ese acto, corrimos a rellenar nuestros est\u00f3magos con el <strong>delicioso pinch<\/strong>o que nos esperaba en el parque. \u00a1Qu\u00e9 bonito es ver all\u00ed reunidas a todas las <a  href=\"https:\/\/www.mecerreyes.com\/mece\/?page_id=268\">pe\u00f1as<\/a>, vestidas con sus respectivos trajes de colores y felices por el comienzo de las fiestas!<\/p>\n<p style=\"text-align: justify\">El gran momento del d\u00eda se aproximaba: <strong>el preg\u00f3n de fiestas<\/strong>. Las <a  href=\"https:\/\/www.mecerreyes.com\/mece\/?page_id=268\">pe\u00f1as<\/a> corr\u00edan a sus casas a disfrazarse para el desfile, d\u00e1bamos los \u00faltimos retoques a las carrozas, <strong>la corte<\/strong> aguardaba, inquieta, su nombramiento.<\/p>\n<p style=\"text-align: justify\">Para nuestro alivio, todo sali\u00f3, aun con alguna que otra variaci\u00f3n, seg\u00fan lo<a  href=\"http:\/\/www.mecerreyes.com\/mece\/wp-content\/uploads\/2012\/09\/10-Pregon-y-Proclamacion-Corte-Mecerreyes-2012-1.jpg\" class=\"thickbox no_icon\" title=\"\"><img loading=\"lazy\" decoding=\"async\" class=\"alignright size-medium wp-image-5560\" src=\"http:\/\/www.mecerreyes.com\/mece\/wp-content\/uploads\/2012\/09\/10-Pregon-y-Proclamacion-Corte-Mecerreyes-2012-1-300x225.jpg\" alt=\"\" width=\"300\" height=\"225\" srcset=\"https:\/\/www.mecerreyes.com\/mece\/wp-content\/uploads\/2012\/09\/10-Pregon-y-Proclamacion-Corte-Mecerreyes-2012-1-300x225.jpg 300w, https:\/\/www.mecerreyes.com\/mece\/wp-content\/uploads\/2012\/09\/10-Pregon-y-Proclamacion-Corte-Mecerreyes-2012-1.jpg 600w\" sizes=\"(max-width: 300px) 100vw, 300px\" \/><\/a> previsto. <strong>Silvia<\/strong> nos dedic\u00f3 unas bonitas palabras -que puedes leer al final de esta cr\u00f3nica-; despu\u00e9s, las bandas y la capa pasaron de manos de la antigua corte a los novatos de este a\u00f1o, y tras dedicar estos, \u201cun poco\u201d nerviosos, unas palabras al pueblo, nuestros grandes cantores entonaron el <strong><a  href=\"https:\/\/www.mecerreyes.com\/mece\/?page_id=19\">himno<\/a> de Mecerreyes<\/strong> que todos los dem\u00e1s coreamos con j\u00fabilo.<\/p>\n<p style=\"text-align: justify\">En el desfile, siguiendo el <strong>tema de los Juegos Ol\u00edmpicos<\/strong> de este a\u00f1o<a  href=\"http:\/\/www.mecerreyes.com\/mece\/wp-content\/uploads\/2012\/09\/11-Desfile-carrozas-y-pe\u00f1as-Mecerreyes-2012-16.jpg\" class=\"thickbox no_icon\" title=\"\"><img loading=\"lazy\" decoding=\"async\" class=\"alignright size-medium wp-image-5580\" src=\"http:\/\/www.mecerreyes.com\/mece\/wp-content\/uploads\/2012\/09\/11-Desfile-carrozas-y-pe\u00f1as-Mecerreyes-2012-16-300x225.jpg\" alt=\"\" width=\"300\" height=\"225\" srcset=\"https:\/\/www.mecerreyes.com\/mece\/wp-content\/uploads\/2012\/09\/11-Desfile-carrozas-y-pe\u00f1as-Mecerreyes-2012-16-300x225.jpg 300w, https:\/\/www.mecerreyes.com\/mece\/wp-content\/uploads\/2012\/09\/11-Desfile-carrozas-y-pe\u00f1as-Mecerreyes-2012-16.jpg 600w\" sizes=\"(max-width: 300px) 100vw, 300px\" \/><\/a>, tuvimos peque\u00f1os luchadores de esgrima, karatekas y hasta atl\u00e9ticas nadadoras de sincronizada; estas \u00faltimas, adem\u00e1s, consiguieron el r\u00e9cord ol\u00edmpico en la modalidad de entrar al pil\u00f3n bailando en plena noche por su propio pie, por lo que se ganaron inmediatamente su puesto en lo alto del podio de la entrega de premios del domingo.<\/p>\n<p style=\"text-align: justify\">El grupo <strong>Koxkor<\/strong> volvi\u00f3 a animar la velada del jueves, ayud\u00e1ndonos a saciar el hambre de juerga que ten\u00edamos, y la farra sigui\u00f3 toda la noche hasta que, por la ma\u00f1ana, los \u00faltimos rezagados se dieron, al fin, por vencidos. \u00a1Ten\u00edan que quedar fuerzas para el resto de los d\u00edas!<\/p>\n<p style=\"text-align: justify\"><span style=\"color: #ffffff\">.<\/span><\/p>\n<p style=\"text-align: justify\">\u00a0 \u00a0 \u00a0 \u00a0 \u00a0 \u00a0 \u00a0 \u00a0 \u00a0 \u00a0 \u00a0 \u00a0 \u00a0*********************************<\/p>\n<p style=\"text-align: justify\"><span style=\"color: #ffffff\">.<\/span><\/p>\n<p style=\"text-align: justify\"><em>Preg\u00f3n de las Fiestas de <a  href=\"https:\/\/www.mecerreyes.com\/mece\/?page_id=60\">Acci\u00f3n de Gracias<\/a> y Nuestra Se\u00f1ora del Camino del a\u00f1o 2012:<\/em><\/p>\n<p align=\"center\"><em><span style=\"text-decoration: underline;color: #0000ff\">Silvia Betete Diez \u00a0 \u00a0 \u00a0 \u00a0 \u00a0 \u00a0 \u00a0 \u00a0 \u00a0 \u00a0 \u00a0 \u00a0 \u00a0 \u00a0 \u00a0 \u00a0 \u00a0 \u00a0 \u00a0 \u00a0 \u00a0 \u00a0 \u00a0 \u00a0 \u00a0 \u00a0 \u00a0 \u00a0 \u00a0 \u00a0 Mecerreyes, 23 de Agosto 2012<\/span><\/em><\/p>\n<p style=\"text-align: justify\"><em><span style=\"text-decoration: underline;color: #0000ff\">\u00a0<\/span><\/em><\/p>\n<p style=\"text-align: justify\"><em><span style=\"color: #0000ff\">Pregonar es publicar en voz alta un asunto de inter\u00e9s p\u00fablico.<\/span><\/em><\/p>\n<p style=\"text-align: justify\"><em><span style=\"color: #0000ff\">Hoy, comienzan nuestras fiestas, fiestas que son asunto de inter\u00e9s p\u00fablico para todos los guiletos!!<\/span><\/em><\/p>\n<p style=\"text-align: justify\"><em><span style=\"color: #0000ff\">Es en esta plaza, en la que muchos hemos dado nuestros primeros pasos, hemos aprendido a andar, a correr, a jugar, a hacer las primeras travesuras&#8230; plaza de la que muchas veces nos acordamos cuando a lo largo del a\u00f1o estamos lejos; y es que a veces necesitamos alejarnos un poco de las cosas que queremos para poder verlas y apreciar mejor su valor desde la distancia&#8230; y es que en la cercan\u00eda, los \u00e1rboles pueden no dejarnos ver el bosque. Adem\u00e1s apreciamos m\u00e1s las cosas, cuando no las tenemos a mano, cuando nuestra atenci\u00f3n ha roto la rutina de cada d\u00eda.<\/span><\/em><\/p>\n<p style=\"text-align: justify\"><em><span style=\"color: #0000ff\">En Mecerreyes existen multitud de coloridas y animadas <a  href=\"https:\/\/www.mecerreyes.com\/mece\/?page_id=268\">pe\u00f1as<\/a>, as\u00ed como <a  href=\"https:\/\/www.mecerreyes.com\/mece\/?page_id=265\">asociaciones<\/a>, agrupaciones e instituciones, que visten de alegr\u00eda esta plaza, sirva este recuerdo a los componentes de cada una de ellas, peque\u00f1os y mayores y sin los que estas fiestas tendr\u00edan muy poco sentido.<\/span><\/em><\/p>\n<p style=\"text-align: justify\"><em><span style=\"color: #0000ff\">Con estas palabras sencillas, quiero cantar a mi pueblo, animada por un mont\u00f3n de recuerdos entra\u00f1ables, y por el cari\u00f1o que le tengo, y que os tengo, y que se refleja y se siente en esta plaza.<\/span><\/em><\/p>\n<p style=\"text-align: justify\"><em><span style=\"color: #0000ff\">Como pregonera de este a\u00f1o 2012 y bajo la atenta mirada de Nuestra Se\u00f1ora <a  href=\"https:\/\/www.mecerreyes.com\/mece\/?page_id=54\">La Virgen del Camino<\/a>, os invito a divertiros, a que disfrut\u00e9is de cada una de las oportunidades de entretenimiento que se nos ofrecen en estas fiestas de Gracias.<\/span><\/em><\/p>\n<p style=\"text-align: justify\"><em><span style=\"color: #0000ff\">S\u00f3lo me queda desearos Felices Fiestas a todos y gritar con vosotros VIVA MECERREYES!!<\/span><\/em><\/p>\n<p><span style=\"color: #ffffff\">.<\/span><\/p>\n<p>*********************************<\/p>\n<p style=\"text-align: justify\"><span style=\"color: #ffffff\">.<span style=\"color: #ff0000\"><strong><em>Ahora disfruta de las fotos del comienzo de las fiestas, en breve publicaremos la 2\u00aa parte:<\/em><\/strong><\/span><\/span><\/p>\n\n\t\t<style type=\"text\/css\">\n\t\t\t#gallery-1 {\n\t\t\t\tmargin: auto;\n\t\t\t}\n\t\t\t#gallery-1 .gallery-item {\n\t\t\t\tfloat: left;\n\t\t\t\tmargin-top: 10px;\n\t\t\t\ttext-align: center;\n\t\t\t\twidth: 33%;\n\t\t\t}\n\t\t\t#gallery-1 img {\n\t\t\t\tborder: 2px solid #cfcfcf;\n\t\t\t}\n\t\t\t#gallery-1 .gallery-caption {\n\t\t\t\tmargin-left: 0;\n\t\t\t}\n\t\t\t\/* see gallery_shortcode() in wp-includes\/media.php *\/\n\t\t<\/style>\n\t\t<div id='gallery-1' class='gallery galleryid-5500 gallery-columns-3 gallery-size-thumbnail'><dl class='gallery-item'>\n\t\t\t<dt class='gallery-icon landscape'>\n\t\t\t\t<a  href=\"https:\/\/www.mecerreyes.com\/mece\/wp-content\/uploads\/2012\/09\/01-Dolmen-de-Mazariegos-Mecerreyes-2012.jpg\" class=\"thickbox no_icon\" title=\"\"><img loading=\"lazy\" decoding=\"async\" width=\"150\" height=\"150\" src=\"https:\/\/www.mecerreyes.com\/mece\/wp-content\/uploads\/2012\/09\/01-Dolmen-de-Mazariegos-Mecerreyes-2012-150x150.jpg\" class=\"attachment-thumbnail size-thumbnail\" alt=\"\" \/><\/a>\n\t\t\t<\/dt><\/dl><dl class='gallery-item'>\n\t\t\t<dt class='gallery-icon landscape'>\n\t\t\t\t<a  href=\"https:\/\/www.mecerreyes.com\/mece\/wp-content\/uploads\/2012\/09\/02-Frontenis-Mecerreyes-2012.jpg\" class=\"thickbox no_icon\" title=\"\"><img loading=\"lazy\" decoding=\"async\" width=\"150\" height=\"150\" src=\"https:\/\/www.mecerreyes.com\/mece\/wp-content\/uploads\/2012\/09\/02-Frontenis-Mecerreyes-2012-150x150.jpg\" class=\"attachment-thumbnail size-thumbnail\" alt=\"\" \/><\/a>\n\t\t\t<\/dt><\/dl><dl class='gallery-item'>\n\t\t\t<dt class='gallery-icon portrait'>\n\t\t\t\t<a  href=\"https:\/\/www.mecerreyes.com\/mece\/wp-content\/uploads\/2012\/09\/03-Actividades-ni\u00f1os-Mecerreyes-2012-1.jpg\" class=\"thickbox no_icon\" title=\"\"><img loading=\"lazy\" decoding=\"async\" width=\"150\" height=\"150\" src=\"https:\/\/www.mecerreyes.com\/mece\/wp-content\/uploads\/2012\/09\/03-Actividades-ni\u00f1os-Mecerreyes-2012-1-150x150.jpg\" class=\"attachment-thumbnail size-thumbnail\" alt=\"\" \/><\/a>\n\t\t\t<\/dt><\/dl><br style=\"clear: both\" \/><dl class='gallery-item'>\n\t\t\t<dt class='gallery-icon landscape'>\n\t\t\t\t<a  href=\"https:\/\/www.mecerreyes.com\/mece\/wp-content\/uploads\/2012\/09\/03-Actividades-ni\u00f1os-Mecerreyes-2012-2.jpg\" class=\"thickbox no_icon\" title=\"\"><img loading=\"lazy\" decoding=\"async\" width=\"150\" height=\"150\" src=\"https:\/\/www.mecerreyes.com\/mece\/wp-content\/uploads\/2012\/09\/03-Actividades-ni\u00f1os-Mecerreyes-2012-2-150x150.jpg\" class=\"attachment-thumbnail size-thumbnail\" alt=\"\" \/><\/a>\n\t\t\t<\/dt><\/dl><dl class='gallery-item'>\n\t\t\t<dt class='gallery-icon landscape'>\n\t\t\t\t<a  href=\"https:\/\/www.mecerreyes.com\/mece\/wp-content\/uploads\/2012\/09\/03-Actividades-ni\u00f1os-Mecerreyes-2012-3.jpg\" class=\"thickbox no_icon\" title=\"\"><img loading=\"lazy\" decoding=\"async\" width=\"150\" height=\"150\" src=\"https:\/\/www.mecerreyes.com\/mece\/wp-content\/uploads\/2012\/09\/03-Actividades-ni\u00f1os-Mecerreyes-2012-3-150x150.jpg\" class=\"attachment-thumbnail size-thumbnail\" alt=\"\" \/><\/a>\n\t\t\t<\/dt><\/dl><dl class='gallery-item'>\n\t\t\t<dt class='gallery-icon landscape'>\n\t\t\t\t<a  href=\"https:\/\/www.mecerreyes.com\/mece\/wp-content\/uploads\/2012\/09\/04-Campeonato-futbolin-Mecerreyes-2012-1.jpg\" class=\"thickbox no_icon\" title=\"\"><img loading=\"lazy\" decoding=\"async\" width=\"150\" height=\"150\" src=\"https:\/\/www.mecerreyes.com\/mece\/wp-content\/uploads\/2012\/09\/04-Campeonato-futbolin-Mecerreyes-2012-1-150x150.jpg\" class=\"attachment-thumbnail size-thumbnail\" alt=\"\" \/><\/a>\n\t\t\t<\/dt><\/dl><br style=\"clear: both\" \/><dl class='gallery-item'>\n\t\t\t<dt class='gallery-icon landscape'>\n\t\t\t\t<a  href=\"https:\/\/www.mecerreyes.com\/mece\/wp-content\/uploads\/2012\/09\/04-Campeonato-futbolin-Mecerreyes-2012-2.jpg\" class=\"thickbox no_icon\" title=\"\"><img loading=\"lazy\" decoding=\"async\" width=\"150\" height=\"150\" src=\"https:\/\/www.mecerreyes.com\/mece\/wp-content\/uploads\/2012\/09\/04-Campeonato-futbolin-Mecerreyes-2012-2-150x150.jpg\" class=\"attachment-thumbnail size-thumbnail\" alt=\"\" \/><\/a>\n\t\t\t<\/dt><\/dl><dl class='gallery-item'>\n\t\t\t<dt class='gallery-icon landscape'>\n\t\t\t\t<a  href=\"https:\/\/www.mecerreyes.com\/mece\/wp-content\/uploads\/2012\/09\/05-Tabas-Mecerreyes-2012-1.jpg\" class=\"thickbox no_icon\" title=\"\"><img loading=\"lazy\" decoding=\"async\" width=\"150\" height=\"150\" src=\"https:\/\/www.mecerreyes.com\/mece\/wp-content\/uploads\/2012\/09\/05-Tabas-Mecerreyes-2012-1-150x150.jpg\" class=\"attachment-thumbnail size-thumbnail\" alt=\"\" \/><\/a>\n\t\t\t<\/dt><\/dl><dl class='gallery-item'>\n\t\t\t<dt class='gallery-icon landscape'>\n\t\t\t\t<a  href=\"https:\/\/www.mecerreyes.com\/mece\/wp-content\/uploads\/2012\/09\/05-Tabas-Mecerreyes-2012-2.jpg\" class=\"thickbox no_icon\" title=\"\"><img loading=\"lazy\" decoding=\"async\" width=\"150\" height=\"150\" src=\"https:\/\/www.mecerreyes.com\/mece\/wp-content\/uploads\/2012\/09\/05-Tabas-Mecerreyes-2012-2-150x150.jpg\" class=\"attachment-thumbnail size-thumbnail\" alt=\"\" \/><\/a>\n\t\t\t<\/dt><\/dl><br style=\"clear: both\" \/><dl class='gallery-item'>\n\t\t\t<dt class='gallery-icon landscape'>\n\t\t\t\t<a  href=\"https:\/\/www.mecerreyes.com\/mece\/wp-content\/uploads\/2012\/09\/05-Tabas-Mecerreyes-2012-3.jpg\" class=\"thickbox no_icon\" title=\"\"><img loading=\"lazy\" decoding=\"async\" width=\"150\" height=\"150\" src=\"https:\/\/www.mecerreyes.com\/mece\/wp-content\/uploads\/2012\/09\/05-Tabas-Mecerreyes-2012-3-150x150.jpg\" class=\"attachment-thumbnail size-thumbnail\" alt=\"\" \/><\/a>\n\t\t\t<\/dt><\/dl><dl class='gallery-item'>\n\t\t\t<dt class='gallery-icon landscape'>\n\t\t\t\t<a  href=\"https:\/\/www.mecerreyes.com\/mece\/wp-content\/uploads\/2012\/09\/07-Concurso-dibujo-Mecerreyes-2012-1.jpg\" class=\"thickbox no_icon\" title=\"\"><img loading=\"lazy\" decoding=\"async\" width=\"150\" height=\"150\" src=\"https:\/\/www.mecerreyes.com\/mece\/wp-content\/uploads\/2012\/09\/07-Concurso-dibujo-Mecerreyes-2012-1-150x150.jpg\" class=\"attachment-thumbnail size-thumbnail\" alt=\"\" \/><\/a>\n\t\t\t<\/dt><\/dl><dl class='gallery-item'>\n\t\t\t<dt class='gallery-icon landscape'>\n\t\t\t\t<a  href=\"https:\/\/www.mecerreyes.com\/mece\/wp-content\/uploads\/2012\/09\/07-Concurso-dibujo-Mecerreyes-2012-2.jpg\" class=\"thickbox no_icon\" title=\"\"><img loading=\"lazy\" decoding=\"async\" width=\"150\" height=\"150\" src=\"https:\/\/www.mecerreyes.com\/mece\/wp-content\/uploads\/2012\/09\/07-Concurso-dibujo-Mecerreyes-2012-2-150x150.jpg\" class=\"attachment-thumbnail size-thumbnail\" alt=\"\" \/><\/a>\n\t\t\t<\/dt><\/dl><br style=\"clear: both\" \/><dl class='gallery-item'>\n\t\t\t<dt class='gallery-icon landscape'>\n\t\t\t\t<a  href=\"https:\/\/www.mecerreyes.com\/mece\/wp-content\/uploads\/2012\/09\/08-Ofrenda-floral-Mecerreyes-2012-1.jpg\" class=\"thickbox no_icon\" title=\"\"><img loading=\"lazy\" decoding=\"async\" width=\"150\" height=\"150\" src=\"https:\/\/www.mecerreyes.com\/mece\/wp-content\/uploads\/2012\/09\/08-Ofrenda-floral-Mecerreyes-2012-1-150x150.jpg\" class=\"attachment-thumbnail size-thumbnail\" alt=\"\" \/><\/a>\n\t\t\t<\/dt><\/dl><dl class='gallery-item'>\n\t\t\t<dt class='gallery-icon portrait'>\n\t\t\t\t<a  href=\"https:\/\/www.mecerreyes.com\/mece\/wp-content\/uploads\/2012\/09\/08-Ofrenda-floral-Mecerreyes-2012-2.jpg\" class=\"thickbox no_icon\" title=\"\"><img loading=\"lazy\" decoding=\"async\" width=\"150\" height=\"150\" src=\"https:\/\/www.mecerreyes.com\/mece\/wp-content\/uploads\/2012\/09\/08-Ofrenda-floral-Mecerreyes-2012-2-150x150.jpg\" class=\"attachment-thumbnail size-thumbnail\" alt=\"\" \/><\/a>\n\t\t\t<\/dt><\/dl><dl class='gallery-item'>\n\t\t\t<dt class='gallery-icon landscape'>\n\t\t\t\t<a  href=\"https:\/\/www.mecerreyes.com\/mece\/wp-content\/uploads\/2012\/09\/08-Ofrenda-floral-Mecerreyes-2012-3.jpg\" class=\"thickbox no_icon\" title=\"\"><img loading=\"lazy\" decoding=\"async\" width=\"150\" height=\"150\" src=\"https:\/\/www.mecerreyes.com\/mece\/wp-content\/uploads\/2012\/09\/08-Ofrenda-floral-Mecerreyes-2012-3-150x150.jpg\" class=\"attachment-thumbnail size-thumbnail\" alt=\"\" \/><\/a>\n\t\t\t<\/dt><\/dl><br style=\"clear: both\" \/><dl class='gallery-item'>\n\t\t\t<dt class='gallery-icon landscape'>\n\t\t\t\t<a  href=\"https:\/\/www.mecerreyes.com\/mece\/wp-content\/uploads\/2012\/09\/08-Ofrenda-floral-Mecerreyes-2012-4.jpg\" class=\"thickbox no_icon\" title=\"\"><img loading=\"lazy\" decoding=\"async\" width=\"150\" height=\"150\" src=\"https:\/\/www.mecerreyes.com\/mece\/wp-content\/uploads\/2012\/09\/08-Ofrenda-floral-Mecerreyes-2012-4-150x150.jpg\" class=\"attachment-thumbnail size-thumbnail\" alt=\"\" \/><\/a>\n\t\t\t<\/dt><\/dl><dl class='gallery-item'>\n\t\t\t<dt class='gallery-icon landscape'>\n\t\t\t\t<a  href=\"https:\/\/www.mecerreyes.com\/mece\/wp-content\/uploads\/2012\/09\/08-Ofrenda-floral-Mecerreyes-2012-5.jpg\" class=\"thickbox no_icon\" title=\"\"><img loading=\"lazy\" decoding=\"async\" width=\"150\" height=\"150\" src=\"https:\/\/www.mecerreyes.com\/mece\/wp-content\/uploads\/2012\/09\/08-Ofrenda-floral-Mecerreyes-2012-5-150x150.jpg\" class=\"attachment-thumbnail size-thumbnail\" alt=\"\" \/><\/a>\n\t\t\t<\/dt><\/dl><dl class='gallery-item'>\n\t\t\t<dt class='gallery-icon landscape'>\n\t\t\t\t<a  href=\"https:\/\/www.mecerreyes.com\/mece\/wp-content\/uploads\/2012\/09\/08-Ofrenda-floral-Mecerreyes-2012-8.jpg\" class=\"thickbox no_icon\" title=\"\"><img loading=\"lazy\" decoding=\"async\" width=\"150\" height=\"150\" src=\"https:\/\/www.mecerreyes.com\/mece\/wp-content\/uploads\/2012\/09\/08-Ofrenda-floral-Mecerreyes-2012-8-150x150.jpg\" class=\"attachment-thumbnail size-thumbnail\" alt=\"\" \/><\/a>\n\t\t\t<\/dt><\/dl><br style=\"clear: both\" \/><dl class='gallery-item'>\n\t\t\t<dt class='gallery-icon landscape'>\n\t\t\t\t<a  href=\"https:\/\/www.mecerreyes.com\/mece\/wp-content\/uploads\/2012\/09\/08-Ofrenda-floral-Mecerreyes-2012-9.jpg\" class=\"thickbox no_icon\" title=\"\"><img loading=\"lazy\" decoding=\"async\" width=\"150\" height=\"150\" src=\"https:\/\/www.mecerreyes.com\/mece\/wp-content\/uploads\/2012\/09\/08-Ofrenda-floral-Mecerreyes-2012-9-150x150.jpg\" class=\"attachment-thumbnail size-thumbnail\" alt=\"\" \/><\/a>\n\t\t\t<\/dt><\/dl><dl class='gallery-item'>\n\t\t\t<dt class='gallery-icon landscape'>\n\t\t\t\t<a  href=\"https:\/\/www.mecerreyes.com\/mece\/wp-content\/uploads\/2012\/09\/08-Ofrenda-floral-Mecerreyes-2012-10.jpg\" class=\"thickbox no_icon\" title=\"\"><img loading=\"lazy\" decoding=\"async\" width=\"150\" height=\"150\" src=\"https:\/\/www.mecerreyes.com\/mece\/wp-content\/uploads\/2012\/09\/08-Ofrenda-floral-Mecerreyes-2012-10-150x150.jpg\" class=\"attachment-thumbnail size-thumbnail\" alt=\"\" \/><\/a>\n\t\t\t<\/dt><\/dl><dl class='gallery-item'>\n\t\t\t<dt class='gallery-icon landscape'>\n\t\t\t\t<a  href=\"https:\/\/www.mecerreyes.com\/mece\/wp-content\/uploads\/2012\/09\/08-Ofrenda-floral-Mecerreyes-2012-11.jpg\" class=\"thickbox no_icon\" title=\"\"><img loading=\"lazy\" decoding=\"async\" width=\"150\" height=\"150\" src=\"https:\/\/www.mecerreyes.com\/mece\/wp-content\/uploads\/2012\/09\/08-Ofrenda-floral-Mecerreyes-2012-11-150x150.jpg\" class=\"attachment-thumbnail size-thumbnail\" alt=\"\" \/><\/a>\n\t\t\t<\/dt><\/dl><br style=\"clear: both\" \/><dl class='gallery-item'>\n\t\t\t<dt class='gallery-icon landscape'>\n\t\t\t\t<a  href=\"https:\/\/www.mecerreyes.com\/mece\/wp-content\/uploads\/2012\/09\/08-Ofrenda-floral-Mecerreyes-2012-12.jpg\" class=\"thickbox no_icon\" title=\"\"><img loading=\"lazy\" decoding=\"async\" width=\"150\" height=\"150\" src=\"https:\/\/www.mecerreyes.com\/mece\/wp-content\/uploads\/2012\/09\/08-Ofrenda-floral-Mecerreyes-2012-12-150x150.jpg\" class=\"attachment-thumbnail size-thumbnail\" alt=\"\" \/><\/a>\n\t\t\t<\/dt><\/dl><dl class='gallery-item'>\n\t\t\t<dt class='gallery-icon landscape'>\n\t\t\t\t<a  href=\"https:\/\/www.mecerreyes.com\/mece\/wp-content\/uploads\/2012\/09\/09-Pincho-Mecerreyes-2012-1.jpg\" class=\"thickbox no_icon\" title=\"\"><img loading=\"lazy\" decoding=\"async\" width=\"150\" height=\"150\" src=\"https:\/\/www.mecerreyes.com\/mece\/wp-content\/uploads\/2012\/09\/09-Pincho-Mecerreyes-2012-1-150x150.jpg\" class=\"attachment-thumbnail size-thumbnail\" alt=\"\" \/><\/a>\n\t\t\t<\/dt><\/dl><dl class='gallery-item'>\n\t\t\t<dt class='gallery-icon landscape'>\n\t\t\t\t<a  href=\"https:\/\/www.mecerreyes.com\/mece\/wp-content\/uploads\/2012\/09\/09-Pincho-Mecerreyes-2012-2.jpg\" class=\"thickbox no_icon\" title=\"\"><img loading=\"lazy\" decoding=\"async\" width=\"150\" height=\"150\" src=\"https:\/\/www.mecerreyes.com\/mece\/wp-content\/uploads\/2012\/09\/09-Pincho-Mecerreyes-2012-2-150x150.jpg\" class=\"attachment-thumbnail size-thumbnail\" alt=\"\" \/><\/a>\n\t\t\t<\/dt><\/dl><br style=\"clear: both\" \/><dl class='gallery-item'>\n\t\t\t<dt class='gallery-icon landscape'>\n\t\t\t\t<a  href=\"https:\/\/www.mecerreyes.com\/mece\/wp-content\/uploads\/2012\/09\/09-Pincho-Mecerreyes-2012-3.jpg\" class=\"thickbox no_icon\" title=\"\"><img loading=\"lazy\" decoding=\"async\" width=\"150\" height=\"150\" src=\"https:\/\/www.mecerreyes.com\/mece\/wp-content\/uploads\/2012\/09\/09-Pincho-Mecerreyes-2012-3-150x150.jpg\" class=\"attachment-thumbnail size-thumbnail\" alt=\"\" \/><\/a>\n\t\t\t<\/dt><\/dl><dl class='gallery-item'>\n\t\t\t<dt class='gallery-icon landscape'>\n\t\t\t\t<a  href=\"https:\/\/www.mecerreyes.com\/mece\/wp-content\/uploads\/2012\/09\/09-Pincho-Mecerreyes-2012-4.jpg\" class=\"thickbox no_icon\" title=\"\"><img loading=\"lazy\" decoding=\"async\" width=\"150\" height=\"150\" src=\"https:\/\/www.mecerreyes.com\/mece\/wp-content\/uploads\/2012\/09\/09-Pincho-Mecerreyes-2012-4-150x150.jpg\" class=\"attachment-thumbnail size-thumbnail\" alt=\"\" \/><\/a>\n\t\t\t<\/dt><\/dl><dl class='gallery-item'>\n\t\t\t<dt class='gallery-icon landscape'>\n\t\t\t\t<a  href=\"https:\/\/www.mecerreyes.com\/mece\/wp-content\/uploads\/2012\/09\/09-Pincho-Mecerreyes-2012-5.jpg\" class=\"thickbox no_icon\" title=\"\"><img loading=\"lazy\" decoding=\"async\" width=\"150\" height=\"150\" src=\"https:\/\/www.mecerreyes.com\/mece\/wp-content\/uploads\/2012\/09\/09-Pincho-Mecerreyes-2012-5-150x150.jpg\" class=\"attachment-thumbnail size-thumbnail\" alt=\"\" \/><\/a>\n\t\t\t<\/dt><\/dl><br style=\"clear: both\" \/><dl class='gallery-item'>\n\t\t\t<dt class='gallery-icon landscape'>\n\t\t\t\t<a  href=\"https:\/\/www.mecerreyes.com\/mece\/wp-content\/uploads\/2012\/09\/09-Pincho-Mecerreyes-2012-6.jpg\" class=\"thickbox no_icon\" title=\"\"><img loading=\"lazy\" decoding=\"async\" width=\"150\" height=\"150\" src=\"https:\/\/www.mecerreyes.com\/mece\/wp-content\/uploads\/2012\/09\/09-Pincho-Mecerreyes-2012-6-150x150.jpg\" class=\"attachment-thumbnail size-thumbnail\" alt=\"\" \/><\/a>\n\t\t\t<\/dt><\/dl><dl class='gallery-item'>\n\t\t\t<dt class='gallery-icon landscape'>\n\t\t\t\t<a  href=\"https:\/\/www.mecerreyes.com\/mece\/wp-content\/uploads\/2012\/09\/09-Pincho-Mecerreyes-2012-7.jpg\" class=\"thickbox no_icon\" title=\"\"><img loading=\"lazy\" decoding=\"async\" width=\"150\" height=\"150\" src=\"https:\/\/www.mecerreyes.com\/mece\/wp-content\/uploads\/2012\/09\/09-Pincho-Mecerreyes-2012-7-150x150.jpg\" class=\"attachment-thumbnail size-thumbnail\" alt=\"\" \/><\/a>\n\t\t\t<\/dt><\/dl><dl class='gallery-item'>\n\t\t\t<dt class='gallery-icon landscape'>\n\t\t\t\t<a  href=\"https:\/\/www.mecerreyes.com\/mece\/wp-content\/uploads\/2012\/09\/09-Pincho-Mecerreyes-2012-8.jpg\" class=\"thickbox no_icon\" title=\"\"><img loading=\"lazy\" decoding=\"async\" width=\"150\" height=\"150\" src=\"https:\/\/www.mecerreyes.com\/mece\/wp-content\/uploads\/2012\/09\/09-Pincho-Mecerreyes-2012-8-150x150.jpg\" class=\"attachment-thumbnail size-thumbnail\" alt=\"\" \/><\/a>\n\t\t\t<\/dt><\/dl><br style=\"clear: both\" \/><dl class='gallery-item'>\n\t\t\t<dt class='gallery-icon landscape'>\n\t\t\t\t<a  href=\"https:\/\/www.mecerreyes.com\/mece\/wp-content\/uploads\/2012\/09\/09-Pincho-Mecerreyes-2012-9.jpg\" class=\"thickbox no_icon\" title=\"\"><img loading=\"lazy\" decoding=\"async\" width=\"150\" height=\"150\" src=\"https:\/\/www.mecerreyes.com\/mece\/wp-content\/uploads\/2012\/09\/09-Pincho-Mecerreyes-2012-9-150x150.jpg\" class=\"attachment-thumbnail size-thumbnail\" alt=\"\" \/><\/a>\n\t\t\t<\/dt><\/dl><dl class='gallery-item'>\n\t\t\t<dt class='gallery-icon landscape'>\n\t\t\t\t<a  href=\"https:\/\/www.mecerreyes.com\/mece\/wp-content\/uploads\/2012\/09\/09-Pincho-Mecerreyes-2012-10.jpg\" class=\"thickbox no_icon\" title=\"\"><img loading=\"lazy\" decoding=\"async\" width=\"150\" height=\"150\" src=\"https:\/\/www.mecerreyes.com\/mece\/wp-content\/uploads\/2012\/09\/09-Pincho-Mecerreyes-2012-10-150x150.jpg\" class=\"attachment-thumbnail size-thumbnail\" alt=\"\" \/><\/a>\n\t\t\t<\/dt><\/dl><dl class='gallery-item'>\n\t\t\t<dt class='gallery-icon landscape'>\n\t\t\t\t<a  href=\"https:\/\/www.mecerreyes.com\/mece\/wp-content\/uploads\/2012\/09\/09-Pincho-Mecerreyes-2012-11.jpg\" class=\"thickbox no_icon\" title=\"\"><img loading=\"lazy\" decoding=\"async\" width=\"150\" height=\"150\" src=\"https:\/\/www.mecerreyes.com\/mece\/wp-content\/uploads\/2012\/09\/09-Pincho-Mecerreyes-2012-11-150x150.jpg\" class=\"attachment-thumbnail size-thumbnail\" alt=\"\" \/><\/a>\n\t\t\t<\/dt><\/dl><br style=\"clear: both\" \/><dl class='gallery-item'>\n\t\t\t<dt class='gallery-icon landscape'>\n\t\t\t\t<a  href=\"https:\/\/www.mecerreyes.com\/mece\/wp-content\/uploads\/2012\/09\/10-Corte-de-Honor-Mecerreyes-2012.jpg\" class=\"thickbox no_icon\" title=\"\"><img loading=\"lazy\" decoding=\"async\" width=\"150\" height=\"150\" src=\"https:\/\/www.mecerreyes.com\/mece\/wp-content\/uploads\/2012\/09\/10-Corte-de-Honor-Mecerreyes-2012-150x150.jpg\" class=\"attachment-thumbnail size-thumbnail\" alt=\"\" \/><\/a>\n\t\t\t<\/dt><\/dl><dl class='gallery-item'>\n\t\t\t<dt class='gallery-icon landscape'>\n\t\t\t\t<a  href=\"https:\/\/www.mecerreyes.com\/mece\/wp-content\/uploads\/2012\/09\/10-Pregon-y-Proclamacion-Corte-Mecerreyes-2012-1.jpg\" class=\"thickbox no_icon\" title=\"\"><img loading=\"lazy\" decoding=\"async\" width=\"150\" height=\"150\" src=\"https:\/\/www.mecerreyes.com\/mece\/wp-content\/uploads\/2012\/09\/10-Pregon-y-Proclamacion-Corte-Mecerreyes-2012-1-150x150.jpg\" class=\"attachment-thumbnail size-thumbnail\" alt=\"\" \/><\/a>\n\t\t\t<\/dt><\/dl><dl class='gallery-item'>\n\t\t\t<dt class='gallery-icon landscape'>\n\t\t\t\t<a  href=\"https:\/\/www.mecerreyes.com\/mece\/wp-content\/uploads\/2012\/09\/10-Pregon-y-Proclamacion-Corte-Mecerreyes-2012-2.jpg\" class=\"thickbox no_icon\" title=\"\"><img loading=\"lazy\" decoding=\"async\" width=\"150\" height=\"150\" src=\"https:\/\/www.mecerreyes.com\/mece\/wp-content\/uploads\/2012\/09\/10-Pregon-y-Proclamacion-Corte-Mecerreyes-2012-2-150x150.jpg\" class=\"attachment-thumbnail size-thumbnail\" alt=\"\" \/><\/a>\n\t\t\t<\/dt><\/dl><br style=\"clear: both\" \/><dl class='gallery-item'>\n\t\t\t<dt class='gallery-icon landscape'>\n\t\t\t\t<a  href=\"https:\/\/www.mecerreyes.com\/mece\/wp-content\/uploads\/2012\/09\/10-Pregon-y-Proclamacion-Corte-Mecerreyes-2012-3.jpg\" class=\"thickbox no_icon\" title=\"\"><img loading=\"lazy\" decoding=\"async\" width=\"150\" height=\"150\" src=\"https:\/\/www.mecerreyes.com\/mece\/wp-content\/uploads\/2012\/09\/10-Pregon-y-Proclamacion-Corte-Mecerreyes-2012-3-150x150.jpg\" class=\"attachment-thumbnail size-thumbnail\" alt=\"\" \/><\/a>\n\t\t\t<\/dt><\/dl><dl class='gallery-item'>\n\t\t\t<dt class='gallery-icon landscape'>\n\t\t\t\t<a  href=\"https:\/\/www.mecerreyes.com\/mece\/wp-content\/uploads\/2012\/09\/10-Pregon-y-Proclamacion-Corte-Mecerreyes-2012-4.jpg\" class=\"thickbox no_icon\" title=\"\"><img loading=\"lazy\" decoding=\"async\" width=\"150\" height=\"150\" src=\"https:\/\/www.mecerreyes.com\/mece\/wp-content\/uploads\/2012\/09\/10-Pregon-y-Proclamacion-Corte-Mecerreyes-2012-4-150x150.jpg\" class=\"attachment-thumbnail size-thumbnail\" alt=\"\" \/><\/a>\n\t\t\t<\/dt><\/dl><dl class='gallery-item'>\n\t\t\t<dt class='gallery-icon landscape'>\n\t\t\t\t<a  href=\"https:\/\/www.mecerreyes.com\/mece\/wp-content\/uploads\/2012\/09\/10-Pregon-y-Proclamacion-Corte-Mecerreyes-2012-5.jpg\" class=\"thickbox no_icon\" title=\"\"><img loading=\"lazy\" decoding=\"async\" width=\"150\" height=\"150\" src=\"https:\/\/www.mecerreyes.com\/mece\/wp-content\/uploads\/2012\/09\/10-Pregon-y-Proclamacion-Corte-Mecerreyes-2012-5-150x150.jpg\" class=\"attachment-thumbnail size-thumbnail\" alt=\"\" \/><\/a>\n\t\t\t<\/dt><\/dl><br style=\"clear: both\" \/><dl class='gallery-item'>\n\t\t\t<dt class='gallery-icon landscape'>\n\t\t\t\t<a  href=\"https:\/\/www.mecerreyes.com\/mece\/wp-content\/uploads\/2012\/09\/11-Desfile-carrozas-y-pe\u00f1as-Mecerreyes-2012-1.jpg\" class=\"thickbox no_icon\" title=\"\"><img loading=\"lazy\" decoding=\"async\" width=\"150\" height=\"150\" src=\"https:\/\/www.mecerreyes.com\/mece\/wp-content\/uploads\/2012\/09\/11-Desfile-carrozas-y-pe\u00f1as-Mecerreyes-2012-1-150x150.jpg\" class=\"attachment-thumbnail size-thumbnail\" alt=\"\" \/><\/a>\n\t\t\t<\/dt><\/dl><dl class='gallery-item'>\n\t\t\t<dt class='gallery-icon landscape'>\n\t\t\t\t<a  href=\"https:\/\/www.mecerreyes.com\/mece\/wp-content\/uploads\/2012\/09\/11-Desfile-carrozas-y-pe\u00f1as-Mecerreyes-2012-2.jpg\" class=\"thickbox no_icon\" title=\"\"><img loading=\"lazy\" decoding=\"async\" width=\"150\" height=\"150\" src=\"https:\/\/www.mecerreyes.com\/mece\/wp-content\/uploads\/2012\/09\/11-Desfile-carrozas-y-pe\u00f1as-Mecerreyes-2012-2-150x150.jpg\" class=\"attachment-thumbnail size-thumbnail\" alt=\"\" \/><\/a>\n\t\t\t<\/dt><\/dl><dl class='gallery-item'>\n\t\t\t<dt class='gallery-icon landscape'>\n\t\t\t\t<a  href=\"https:\/\/www.mecerreyes.com\/mece\/wp-content\/uploads\/2012\/09\/11-Desfile-carrozas-y-pe\u00f1as-Mecerreyes-2012-3.jpg\" class=\"thickbox no_icon\" title=\"\"><img loading=\"lazy\" decoding=\"async\" width=\"150\" height=\"150\" src=\"https:\/\/www.mecerreyes.com\/mece\/wp-content\/uploads\/2012\/09\/11-Desfile-carrozas-y-pe\u00f1as-Mecerreyes-2012-3-150x150.jpg\" class=\"attachment-thumbnail size-thumbnail\" alt=\"\" \/><\/a>\n\t\t\t<\/dt><\/dl><br style=\"clear: both\" \/><dl class='gallery-item'>\n\t\t\t<dt class='gallery-icon landscape'>\n\t\t\t\t<a  href=\"https:\/\/www.mecerreyes.com\/mece\/wp-content\/uploads\/2012\/09\/11-Desfile-carrozas-y-pe\u00f1as-Mecerreyes-2012-4.jpg\" class=\"thickbox no_icon\" title=\"\"><img loading=\"lazy\" decoding=\"async\" width=\"150\" height=\"150\" src=\"https:\/\/www.mecerreyes.com\/mece\/wp-content\/uploads\/2012\/09\/11-Desfile-carrozas-y-pe\u00f1as-Mecerreyes-2012-4-150x150.jpg\" class=\"attachment-thumbnail size-thumbnail\" alt=\"\" \/><\/a>\n\t\t\t<\/dt><\/dl><dl class='gallery-item'>\n\t\t\t<dt class='gallery-icon landscape'>\n\t\t\t\t<a  href=\"https:\/\/www.mecerreyes.com\/mece\/wp-content\/uploads\/2012\/09\/11-Desfile-carrozas-y-pe\u00f1as-Mecerreyes-2012-5.jpg\" class=\"thickbox no_icon\" title=\"\"><img loading=\"lazy\" decoding=\"async\" width=\"150\" height=\"150\" src=\"https:\/\/www.mecerreyes.com\/mece\/wp-content\/uploads\/2012\/09\/11-Desfile-carrozas-y-pe\u00f1as-Mecerreyes-2012-5-150x150.jpg\" class=\"attachment-thumbnail size-thumbnail\" alt=\"\" \/><\/a>\n\t\t\t<\/dt><\/dl><dl class='gallery-item'>\n\t\t\t<dt class='gallery-icon landscape'>\n\t\t\t\t<a  href=\"https:\/\/www.mecerreyes.com\/mece\/wp-content\/uploads\/2012\/09\/11-Desfile-carrozas-y-pe\u00f1as-Mecerreyes-2012-6.jpg\" class=\"thickbox no_icon\" title=\"\"><img loading=\"lazy\" decoding=\"async\" width=\"150\" height=\"150\" src=\"https:\/\/www.mecerreyes.com\/mece\/wp-content\/uploads\/2012\/09\/11-Desfile-carrozas-y-pe\u00f1as-Mecerreyes-2012-6-150x150.jpg\" class=\"attachment-thumbnail size-thumbnail\" alt=\"\" \/><\/a>\n\t\t\t<\/dt><\/dl><br style=\"clear: both\" \/><dl class='gallery-item'>\n\t\t\t<dt class='gallery-icon landscape'>\n\t\t\t\t<a  href=\"https:\/\/www.mecerreyes.com\/mece\/wp-content\/uploads\/2012\/09\/11-Desfile-carrozas-y-pe\u00f1as-Mecerreyes-2012-7.jpg\" class=\"thickbox no_icon\" title=\"\"><img loading=\"lazy\" decoding=\"async\" width=\"150\" height=\"150\" src=\"https:\/\/www.mecerreyes.com\/mece\/wp-content\/uploads\/2012\/09\/11-Desfile-carrozas-y-pe\u00f1as-Mecerreyes-2012-7-150x150.jpg\" class=\"attachment-thumbnail size-thumbnail\" alt=\"\" \/><\/a>\n\t\t\t<\/dt><\/dl><dl class='gallery-item'>\n\t\t\t<dt class='gallery-icon landscape'>\n\t\t\t\t<a  href=\"https:\/\/www.mecerreyes.com\/mece\/wp-content\/uploads\/2012\/09\/11-Desfile-carrozas-y-pe\u00f1as-Mecerreyes-2012-8.jpg\" class=\"thickbox no_icon\" title=\"\"><img loading=\"lazy\" decoding=\"async\" width=\"150\" height=\"150\" src=\"https:\/\/www.mecerreyes.com\/mece\/wp-content\/uploads\/2012\/09\/11-Desfile-carrozas-y-pe\u00f1as-Mecerreyes-2012-8-150x150.jpg\" class=\"attachment-thumbnail size-thumbnail\" alt=\"\" \/><\/a>\n\t\t\t<\/dt><\/dl><dl class='gallery-item'>\n\t\t\t<dt class='gallery-icon landscape'>\n\t\t\t\t<a  href=\"https:\/\/www.mecerreyes.com\/mece\/wp-content\/uploads\/2012\/09\/11-Desfile-carrozas-y-pe\u00f1as-Mecerreyes-2012-9.jpg\" class=\"thickbox no_icon\" title=\"\"><img loading=\"lazy\" decoding=\"async\" width=\"150\" height=\"150\" src=\"https:\/\/www.mecerreyes.com\/mece\/wp-content\/uploads\/2012\/09\/11-Desfile-carrozas-y-pe\u00f1as-Mecerreyes-2012-9-150x150.jpg\" class=\"attachment-thumbnail size-thumbnail\" alt=\"\" \/><\/a>\n\t\t\t<\/dt><\/dl><br style=\"clear: both\" \/><dl class='gallery-item'>\n\t\t\t<dt class='gallery-icon landscape'>\n\t\t\t\t<a  href=\"https:\/\/www.mecerreyes.com\/mece\/wp-content\/uploads\/2012\/09\/11-Desfile-carrozas-y-pe\u00f1as-Mecerreyes-2012-10.jpg\" class=\"thickbox no_icon\" title=\"\"><img loading=\"lazy\" decoding=\"async\" width=\"150\" height=\"150\" src=\"https:\/\/www.mecerreyes.com\/mece\/wp-content\/uploads\/2012\/09\/11-Desfile-carrozas-y-pe\u00f1as-Mecerreyes-2012-10-150x150.jpg\" class=\"attachment-thumbnail size-thumbnail\" alt=\"\" \/><\/a>\n\t\t\t<\/dt><\/dl><dl class='gallery-item'>\n\t\t\t<dt class='gallery-icon landscape'>\n\t\t\t\t<a  href=\"https:\/\/www.mecerreyes.com\/mece\/wp-content\/uploads\/2012\/09\/11-Desfile-carrozas-y-pe\u00f1as-Mecerreyes-2012-11.jpg\" class=\"thickbox no_icon\" title=\"\"><img loading=\"lazy\" decoding=\"async\" width=\"150\" height=\"150\" src=\"https:\/\/www.mecerreyes.com\/mece\/wp-content\/uploads\/2012\/09\/11-Desfile-carrozas-y-pe\u00f1as-Mecerreyes-2012-11-150x150.jpg\" class=\"attachment-thumbnail size-thumbnail\" alt=\"\" \/><\/a>\n\t\t\t<\/dt><\/dl><dl class='gallery-item'>\n\t\t\t<dt class='gallery-icon landscape'>\n\t\t\t\t<a  href=\"https:\/\/www.mecerreyes.com\/mece\/wp-content\/uploads\/2012\/09\/11-Desfile-carrozas-y-pe\u00f1as-Mecerreyes-2012-12.jpg\" class=\"thickbox no_icon\" title=\"\"><img loading=\"lazy\" decoding=\"async\" width=\"150\" height=\"150\" src=\"https:\/\/www.mecerreyes.com\/mece\/wp-content\/uploads\/2012\/09\/11-Desfile-carrozas-y-pe\u00f1as-Mecerreyes-2012-12-150x150.jpg\" class=\"attachment-thumbnail size-thumbnail\" alt=\"\" \/><\/a>\n\t\t\t<\/dt><\/dl><br style=\"clear: both\" \/><dl class='gallery-item'>\n\t\t\t<dt class='gallery-icon landscape'>\n\t\t\t\t<a  href=\"https:\/\/www.mecerreyes.com\/mece\/wp-content\/uploads\/2012\/09\/11-Desfile-carrozas-y-pe\u00f1as-Mecerreyes-2012-13.jpg\" class=\"thickbox no_icon\" title=\"\"><img loading=\"lazy\" decoding=\"async\" width=\"150\" height=\"150\" src=\"https:\/\/www.mecerreyes.com\/mece\/wp-content\/uploads\/2012\/09\/11-Desfile-carrozas-y-pe\u00f1as-Mecerreyes-2012-13-150x150.jpg\" class=\"attachment-thumbnail size-thumbnail\" alt=\"\" \/><\/a>\n\t\t\t<\/dt><\/dl><dl class='gallery-item'>\n\t\t\t<dt class='gallery-icon landscape'>\n\t\t\t\t<a  href=\"https:\/\/www.mecerreyes.com\/mece\/wp-content\/uploads\/2012\/09\/11-Desfile-carrozas-y-pe\u00f1as-Mecerreyes-2012-14.jpg\" class=\"thickbox no_icon\" title=\"\"><img loading=\"lazy\" decoding=\"async\" width=\"150\" height=\"150\" src=\"https:\/\/www.mecerreyes.com\/mece\/wp-content\/uploads\/2012\/09\/11-Desfile-carrozas-y-pe\u00f1as-Mecerreyes-2012-14-150x150.jpg\" class=\"attachment-thumbnail size-thumbnail\" alt=\"\" \/><\/a>\n\t\t\t<\/dt><\/dl><dl class='gallery-item'>\n\t\t\t<dt class='gallery-icon landscape'>\n\t\t\t\t<a  href=\"https:\/\/www.mecerreyes.com\/mece\/wp-content\/uploads\/2012\/09\/11-Desfile-carrozas-y-pe\u00f1as-Mecerreyes-2012-15.jpg\" class=\"thickbox no_icon\" title=\"\"><img loading=\"lazy\" decoding=\"async\" width=\"150\" height=\"150\" src=\"https:\/\/www.mecerreyes.com\/mece\/wp-content\/uploads\/2012\/09\/11-Desfile-carrozas-y-pe\u00f1as-Mecerreyes-2012-15-150x150.jpg\" class=\"attachment-thumbnail size-thumbnail\" alt=\"\" \/><\/a>\n\t\t\t<\/dt><\/dl><br style=\"clear: both\" \/><dl class='gallery-item'>\n\t\t\t<dt class='gallery-icon landscape'>\n\t\t\t\t<a  href=\"https:\/\/www.mecerreyes.com\/mece\/wp-content\/uploads\/2012\/09\/11-Desfile-carrozas-y-pe\u00f1as-Mecerreyes-2012-16.jpg\" class=\"thickbox no_icon\" title=\"\"><img loading=\"lazy\" decoding=\"async\" width=\"150\" height=\"150\" src=\"https:\/\/www.mecerreyes.com\/mece\/wp-content\/uploads\/2012\/09\/11-Desfile-carrozas-y-pe\u00f1as-Mecerreyes-2012-16-150x150.jpg\" class=\"attachment-thumbnail size-thumbnail\" alt=\"\" \/><\/a>\n\t\t\t<\/dt><\/dl><dl class='gallery-item'>\n\t\t\t<dt class='gallery-icon landscape'>\n\t\t\t\t<a  href=\"https:\/\/www.mecerreyes.com\/mece\/wp-content\/uploads\/2012\/09\/11-Desfile-carrozas-y-pe\u00f1as-Mecerreyes-2012-17.jpg\" class=\"thickbox no_icon\" title=\"\"><img loading=\"lazy\" decoding=\"async\" width=\"150\" height=\"150\" src=\"https:\/\/www.mecerreyes.com\/mece\/wp-content\/uploads\/2012\/09\/11-Desfile-carrozas-y-pe\u00f1as-Mecerreyes-2012-17-150x150.jpg\" class=\"attachment-thumbnail size-thumbnail\" alt=\"\" \/><\/a>\n\t\t\t<\/dt><\/dl><dl class='gallery-item'>\n\t\t\t<dt class='gallery-icon landscape'>\n\t\t\t\t<a  href=\"https:\/\/www.mecerreyes.com\/mece\/wp-content\/uploads\/2012\/09\/11-Desfile-carrozas-y-pe\u00f1as-Mecerreyes-2012-18.jpg\" class=\"thickbox no_icon\" title=\"\"><img loading=\"lazy\" decoding=\"async\" width=\"150\" height=\"150\" src=\"https:\/\/www.mecerreyes.com\/mece\/wp-content\/uploads\/2012\/09\/11-Desfile-carrozas-y-pe\u00f1as-Mecerreyes-2012-18-150x150.jpg\" class=\"attachment-thumbnail size-thumbnail\" alt=\"\" \/><\/a>\n\t\t\t<\/dt><\/dl><br style=\"clear: both\" \/><dl class='gallery-item'>\n\t\t\t<dt class='gallery-icon landscape'>\n\t\t\t\t<a  href=\"https:\/\/www.mecerreyes.com\/mece\/wp-content\/uploads\/2012\/09\/11-Desfile-carrozas-y-pe\u00f1as-Mecerreyes-2012-19.jpg\" class=\"thickbox no_icon\" title=\"\"><img loading=\"lazy\" decoding=\"async\" width=\"150\" height=\"150\" src=\"https:\/\/www.mecerreyes.com\/mece\/wp-content\/uploads\/2012\/09\/11-Desfile-carrozas-y-pe\u00f1as-Mecerreyes-2012-19-150x150.jpg\" class=\"attachment-thumbnail size-thumbnail\" alt=\"\" \/><\/a>\n\t\t\t<\/dt><\/dl><dl class='gallery-item'>\n\t\t\t<dt class='gallery-icon landscape'>\n\t\t\t\t<a  href=\"https:\/\/www.mecerreyes.com\/mece\/wp-content\/uploads\/2012\/09\/11-Desfile-carrozas-y-pe\u00f1as-Mecerreyes-2012-20.jpg\" class=\"thickbox no_icon\" title=\"\"><img loading=\"lazy\" decoding=\"async\" width=\"150\" height=\"150\" src=\"https:\/\/www.mecerreyes.com\/mece\/wp-content\/uploads\/2012\/09\/11-Desfile-carrozas-y-pe\u00f1as-Mecerreyes-2012-20-150x150.jpg\" class=\"attachment-thumbnail size-thumbnail\" alt=\"\" \/><\/a>\n\t\t\t<\/dt><\/dl><dl class='gallery-item'>\n\t\t\t<dt class='gallery-icon landscape'>\n\t\t\t\t<a  href=\"https:\/\/www.mecerreyes.com\/mece\/wp-content\/uploads\/2012\/09\/11-Desfile-carrozas-y-pe\u00f1as-Mecerreyes-2012-21.jpg\" class=\"thickbox no_icon\" title=\"\"><img loading=\"lazy\" decoding=\"async\" width=\"150\" height=\"150\" src=\"https:\/\/www.mecerreyes.com\/mece\/wp-content\/uploads\/2012\/09\/11-Desfile-carrozas-y-pe\u00f1as-Mecerreyes-2012-21-150x150.jpg\" class=\"attachment-thumbnail size-thumbnail\" alt=\"\" \/><\/a>\n\t\t\t<\/dt><\/dl><br style=\"clear: both\" \/><dl class='gallery-item'>\n\t\t\t<dt class='gallery-icon landscape'>\n\t\t\t\t<a  href=\"https:\/\/www.mecerreyes.com\/mece\/wp-content\/uploads\/2012\/09\/11-Desfile-carrozas-y-pe\u00f1as-Mecerreyes-2012-22.jpg\" class=\"thickbox no_icon\" title=\"\"><img loading=\"lazy\" decoding=\"async\" width=\"150\" height=\"150\" src=\"https:\/\/www.mecerreyes.com\/mece\/wp-content\/uploads\/2012\/09\/11-Desfile-carrozas-y-pe\u00f1as-Mecerreyes-2012-22-150x150.jpg\" class=\"attachment-thumbnail size-thumbnail\" alt=\"\" \/><\/a>\n\t\t\t<\/dt><\/dl>\n\t\t\t<br style='clear: both' \/>\n\t\t<\/div>","protected":false},"excerpt":{"rendered":"<p>Ahora que acaban de terminar nuestras fiestas y estamos todos relaj\u00e1ndonos tras el fin, es buen momento para mirar atr\u00e1s y recordar (sin poder evitar un leve sentimiento de nostalgia) esos alegres d\u00edas en los que tanto nos divertimos los guiletos. \u00a1Retrocedamos, pues, unas semanas en el tiempo! Los comienzos A los guiletos nos va [&hellip;]<\/p>\n","protected":false},"author":5,"featured_media":0,"comment_status":"open","ping_status":"closed","sticky":false,"template":"","format":"standard","meta":{"_et_pb_use_builder":"","_et_pb_old_content":"","_et_gb_content_width":"","footnotes":""},"categories":[1],"tags":[27,16,25,43],"class_list":["post-5500","post","type-post","status-publish","format-standard","hentry","category-general","tag-accion-de-gracias","tag-cofradia-virgen-del-camino","tag-dolmen-de-mazariegos","tag-fiestas","et-doesnt-have-format-content","et_post_format-et-post-format-standard"],"_links":{"self":[{"href":"https:\/\/www.mecerreyes.com\/mece\/index.php?rest_route=\/wp\/v2\/posts\/5500"}],"collection":[{"href":"https:\/\/www.mecerreyes.com\/mece\/index.php?rest_route=\/wp\/v2\/posts"}],"about":[{"href":"https:\/\/www.mecerreyes.com\/mece\/index.php?rest_route=\/wp\/v2\/types\/post"}],"author":[{"embeddable":true,"href":"https:\/\/www.mecerreyes.com\/mece\/index.php?rest_route=\/wp\/v2\/users\/5"}],"replies":[{"embeddable":true,"href":"https:\/\/www.mecerreyes.com\/mece\/index.php?rest_route=%2Fwp%2Fv2%2Fcomments&post=5500"}],"version-history":[{"count":0,"href":"https:\/\/www.mecerreyes.com\/mece\/index.php?rest_route=\/wp\/v2\/posts\/5500\/revisions"}],"wp:attachment":[{"href":"https:\/\/www.mecerreyes.com\/mece\/index.php?rest_route=%2Fwp%2Fv2%2Fmedia&parent=5500"}],"wp:term":[{"taxonomy":"category","embeddable":true,"href":"https:\/\/www.mecerreyes.com\/mece\/index.php?rest_route=%2Fwp%2Fv2%2Fcategories&post=5500"},{"taxonomy":"post_tag","embeddable":true,"href":"https:\/\/www.mecerreyes.com\/mece\/index.php?rest_route=%2Fwp%2Fv2%2Ftags&post=5500"}],"curies":[{"name":"wp","href":"https:\/\/api.w.org\/{rel}","templated":true}]}}