{"id":5934,"date":"2012-11-04T19:04:02","date_gmt":"2012-11-04T18:04:02","guid":{"rendered":"http:\/\/www.mecerreyes.com\/mece\/?p=5934"},"modified":"2012-11-05T21:35:28","modified_gmt":"2012-11-05T20:35:28","slug":"noticias-septiembre-octubre-2012","status":"publish","type":"post","link":"https:\/\/www.mecerreyes.com\/mece\/?p=5934","title":{"rendered":"Noticias Septiembre-Octubre 2012"},"content":{"rendered":"<h3 style=\"text-align: justify\"><span style=\"color: #0000ff\"><em>Termin\u00f3 el verano, pero no por ello la actividad en el pueblo, aqu\u00ed puedes leer un variado goteo de noticias generadas en los meses de Septiembre y Octubre. Queremos informarte de todo lo acontecido e invitarte a los pr\u00f3ximos actos organizados con motivo de las Fiestas Patronales de <a  href=\"https:\/\/www.mecerreyes.com\/mece\/?page_id=58\">San Mart\u00edn<\/a>.<\/em><\/span><\/h3>\n<p>&nbsp;<\/p>\n<h1 style=\"text-align: justify\"><span style=\"color: #ff0000\"><strong>* * * SEPTIEMBRE * * *\u00a0<\/strong><\/span><\/h1>\n<p style=\"text-align: justify\"><strong>\u00a0<\/strong><\/p>\n<h2 style=\"text-align: justify\"><span style=\"color: #0000ff\"><strong>Mamblas<\/strong><\/span><\/h2>\n<p style=\"text-align: justify\">Parece que han pasado siglos, pero hace nada que estuvimos en Mamblas en la tradicional romer\u00eda en honor de la Virgen. Debe ser por el cambio de tiempo, por las lluvias o las setas, el caso es que queda muy atr\u00e1s en el recuerdo, pero fue un d\u00eda precioso de fe, de amistad, de reencontrarse con racheles y vecinos de otros pueblos, d\u00eda de <a  href=\"https:\/\/www.mecerreyes.com\/mece\/?page_id=268\">pe\u00f1as<\/a> y de convivencia. Un gusto, como todos los a\u00f1os.<\/p>\n<p style=\"text-align: justify\"><a  href=\"http:\/\/www.mecerreyes.com\/mece\/wp-content\/uploads\/2012\/11\/P1180657.jpg\" class=\"thickbox no_icon\" title=\"\"><img loading=\"lazy\" decoding=\"async\" class=\"aligncenter size-full wp-image-5951\" src=\"http:\/\/www.mecerreyes.com\/mece\/wp-content\/uploads\/2012\/11\/P1180657.jpg\" alt=\"\" width=\"600\" height=\"450\" srcset=\"https:\/\/www.mecerreyes.com\/mece\/wp-content\/uploads\/2012\/11\/P1180657.jpg 600w, https:\/\/www.mecerreyes.com\/mece\/wp-content\/uploads\/2012\/11\/P1180657-300x225.jpg 300w\" sizes=\"(max-width: 600px) 100vw, 600px\" \/><\/a><\/p>\n<h2 style=\"text-align: justify\"><span style=\"color: #0000ff\"><strong>Conectando Espa\u00f1a &#8211; Covarrubias y Abla<\/strong><\/span><\/h2>\n<p style=\"text-align: justify\">El 12 de septiembre el programa de Televisi\u00f3n espa\u00f1ola <em>Conectando Espa\u00f1a<\/em> viaja hasta la alpujarra almeriense para conocer \u00abel pueblo de los blogs\u00bb, sobrenombre con que se ha popularizado la localidad de Abla, y hasta Covarrubias, la villa medieval considerada \u00abcuna de Castilla\u00bb y cuyas casas de adobe y piedra atraen cada a\u00f1o a miles de turistas, y por extensi\u00f3n, a toda la Comarca de Arlanza.<\/p>\n<p style=\"text-align: justify\">En el \u00faltimo minuto del programa (25:25) aparece la peque\u00f1a colaboraci\u00f3n de nuestros Dulzaineros \u00abT\u00c1MBARA\u00bb.<\/p>\n<p style=\"text-align: justify\">Muy bien el programa y magn\u00edfica la aportaci\u00f3n de los racheles que hacen de gu\u00edas en el programa, parece que se hubieran dedicado a esto todo su vida.<\/p>\n<p style=\"text-align: justify\"><span style=\"color: #ffffff\">.<\/span><\/p>\n<h4 style=\"text-align: left\">Pincha sobre este enlace:<\/h4>\n<h2 style=\"text-align: left\">\u00a0<a  href=\"http:\/\/www.rtve.es\/alacarta\/videos\/conectando-espana\/conectando-espana-covarrubias-abla\/1526230\/\" target=\"_blank\">http:\/\/www.rtve.es\/alacarta\/videos\/conectando-espana\/conectando-espana-covarrubias-abla\/1526230\/<\/a><\/h2>\n<h2 style=\"text-align: justify\"><span style=\"color: #0000ff\"><strong>Defunci\u00f3n<\/strong><\/span><\/h2>\n<p style=\"text-align: justify\"><a  href=\"http:\/\/www.mecerreyes.com\/mece\/wp-content\/uploads\/2012\/11\/Lorenzo.jpg\" class=\"thickbox no_icon\" title=\"\"><img loading=\"lazy\" decoding=\"async\" class=\"alignleft  wp-image-5952\" src=\"http:\/\/www.mecerreyes.com\/mece\/wp-content\/uploads\/2012\/11\/Lorenzo.jpg\" alt=\"\" width=\"162\" height=\"206\" srcset=\"https:\/\/www.mecerreyes.com\/mece\/wp-content\/uploads\/2012\/11\/Lorenzo.jpg 500w, https:\/\/www.mecerreyes.com\/mece\/wp-content\/uploads\/2012\/11\/Lorenzo-235x300.jpg 235w\" sizes=\"(max-width: 162px) 100vw, 162px\" \/><\/a>Damos nuestro sentido p\u00e9same a Rosi, Celia y Maite por el fallecimiento de <strong>LORENZO a<\/strong> los 84\u00a0a\u00f1os de edad,\u00a0el d\u00eda 16 de septiembre en Burgos de una manera repentina. Ha sido un golpe duro. El funeral lo presidi\u00f3 Jesu, por ser familia suya. \u00c1nimo.<\/p>\n<p><strong>\u00a0<\/strong><\/p>\n<p>&nbsp;<\/p>\n<h2 style=\"text-align: justify\"><\/h2>\n<p>&nbsp;<\/p>\n<h2 style=\"text-align: justify\"><span style=\"color: #0000ff\"><strong>Bautismo<\/strong><\/span><\/h2>\n<p style=\"text-align: justify\">El s\u00e1bado 22 Roberto bautiz\u00f3 a una ni\u00f1a: <strong>Sof\u00eda Nadal Luis<\/strong>. Queremos dar nuestra sincera enhorabuena a sus padres Antonio y Raquel por este importante paso.<\/p>\n<h2><span style=\"color: #0000ff\"><strong>Nacimiento<\/strong><\/span><\/h2>\n<p>El pasado 28 de julio de 2012 naci\u00f3 <strong>MADDI ZUMETA PLAZAOLA<\/strong>, felicitamos a sus orgullosos abuelos Juli e I\u00f1aki.<\/p>\n<div id=\"attachment_5993\" style=\"width: 234px\" class=\"wp-caption aligncenter\"><a  href=\"http:\/\/www.mecerreyes.com\/mece\/wp-content\/uploads\/2012\/11\/MADDI-ZUMETA-PLAZAOLA.jpg\" class=\"thickbox no_icon\" title=\"\"><img loading=\"lazy\" decoding=\"async\" aria-describedby=\"caption-attachment-5993\" class=\"size-medium wp-image-5993\" src=\"http:\/\/www.mecerreyes.com\/mece\/wp-content\/uploads\/2012\/11\/MADDI-ZUMETA-PLAZAOLA-224x300.jpg\" alt=\"\" width=\"224\" height=\"300\" srcset=\"https:\/\/www.mecerreyes.com\/mece\/wp-content\/uploads\/2012\/11\/MADDI-ZUMETA-PLAZAOLA-224x300.jpg 224w, https:\/\/www.mecerreyes.com\/mece\/wp-content\/uploads\/2012\/11\/MADDI-ZUMETA-PLAZAOLA-765x1024.jpg 765w, https:\/\/www.mecerreyes.com\/mece\/wp-content\/uploads\/2012\/11\/MADDI-ZUMETA-PLAZAOLA.jpg 1300w\" sizes=\"(max-width: 224px) 100vw, 224px\" \/><\/a><p id=\"caption-attachment-5993\" class=\"wp-caption-text\">Maddi Zumeta Plazaola<\/p><\/div>\n<h2 style=\"text-align: justify\"><span style=\"color: #0000ff\"><strong>Exposici\u00f3n de fotos<\/strong><\/span><\/h2>\n<p style=\"text-align: justify\">Como finalizaci\u00f3n del curso de fotograf\u00eda, se pueden disfrutar de los resultados de los alumnos del mismo en la Escuela. La exposici\u00f3n se inaugur\u00f3 el 23 de septiembre y puede visitarse a la salida de misa los domingos y festivos y a cualquier hora contactando con alguno de los responsables: Miguel \u00c1ngel y Jose.<\/p>\n<h2 style=\"text-align: justify\"><span style=\"color: #0000ff\"><strong>Despedida Alberto \u2013 Farmacia<\/strong><\/span><\/h2>\n<p style=\"text-align: justify\"><strong>Alberto<\/strong>\u00a0despu\u00e9s de 16 a\u00f1os en Mecerreyes ya nos dej\u00f3 y de una forma interina nos atiende Mar\u00eda del Pino, (conocida sencillamente como <strong>Pino<\/strong>). No es desconocida porque es la farmac\u00e9utica de Covarrubias. De momento nos tenemos que acostumbrar al nuevo horario. Desde aqu\u00ed agradecemos a Alberto su dedicaci\u00f3n, profesionalidad, buen trato y amabilidad.<\/p>\n<p style=\"text-align: justify\"><span style=\"color: #ffffff\">.<\/span><\/p>\n<h3 style=\"text-align: justify\"><span style=\"text-decoration: underline\"><strong>BOTIQU\u00cdN MECERREYES &#8211; HORARIO:<\/strong><\/span><\/h3>\n<ul>\n<li>\n<h3>Lunes: de 12:30 a 17:30 h.<\/h3>\n<\/li>\n<li>\n<h3>Martes: de 13 h a 17 h.<\/h3>\n<\/li>\n<li>\n<h3>Mi\u00e9rcoles: de 12:30 a 17:30 h.<\/h3>\n<\/li>\n<li>\n<h3>Jueves: de 13 h a 17 h.<\/h3>\n<\/li>\n<li>\n<h3>Viernes: de 12:30 a 17:30 h.<\/h3>\n<\/li>\n<li>\n<h3>S\u00e1bado: de 12 h. a 14 h.<\/h3>\n<\/li>\n<\/ul>\n<h2 style=\"text-align: justify\"><span style=\"color: #0000ff\"><strong>Autobuses <\/strong><\/span><\/h2>\n<p style=\"text-align: justify\">Los recortes llegan a todos, incluso los autobuses. Ya no disponemos de servicio diario porque se ha suprimido el del mi\u00e9rcoles (salvo v\u00edspera de festivo que funciona el de la tarde direcci\u00f3n Mecerreyes) y los del s\u00e1bado y domingo. Es un inconveniente, sobre todo para los que ven\u00edan el fin de semana. Habr\u00e1 que echarle imaginaci\u00f3n y compartir coches, para no dejar de venir ni volver a Burgos.<\/p>\n<h2 style=\"text-align: justify\"><span style=\"color: #0000ff\"><strong>Curso gimnasia <\/strong><\/span><\/h2>\n<p style=\"text-align: justify\">La Asociaci\u00f3n de jubilados ha organizado para los meses de octubre y noviembre un curso de gimnasia para quemar las grasas que el verano ha hecho acumular. Todos sabemos de los beneficios de esta actividad entre los mayores.<\/p>\n<p style=\"text-align: justify\"><strong>\u00a0<\/strong><\/p>\n<h1 style=\"text-align: justify\"><span style=\"color: #ff0000\"><strong>* * * OCTUBRE * * *\u00a0<\/strong><\/span><\/h1>\n<p style=\"text-align: justify\"><strong>\u00a0<\/strong><\/p>\n<h2 style=\"text-align: justify\"><span style=\"color: #0000ff\"><strong>Comienzo de la catequesis<\/strong><\/span><\/h2>\n<p style=\"text-align: justify\">Con cinco ni\u00f1as en catequesis de primera comuni\u00f3n cuenta la parroquia: Eva, que har\u00e1 la primera comuni\u00f3n este curso, Aitana, Yanira, Nerea y Yesica. Miguel \u00c1ngel y Mar\u00eda Jes\u00fas se encargan de que a lo largo de estos a\u00f1os se preparen convenientemente.<\/p>\n<p style=\"text-align: justify\"><strong>\u00a0<\/strong><\/p>\n<h2 style=\"text-align: justify\"><span style=\"color: #0000ff\"><strong>14-10-12 Homenaje a V\u00edctor Mart\u00ednez <\/strong><\/span><strong><\/strong><\/h2>\n<p style=\"text-align: justify\"><a  href=\"http:\/\/www.mecerreyes.com\/mece\/wp-content\/uploads\/2012\/11\/Homenaje-a-Victor-Martinez-Mecerreyes-14-10-2012-3.jpg\" class=\"thickbox no_icon\" title=\"\"><img loading=\"lazy\" decoding=\"async\" class=\"wp-image-5957 aligncenter\" src=\"http:\/\/www.mecerreyes.com\/mece\/wp-content\/uploads\/2012\/11\/Homenaje-a-Victor-Martinez-Mecerreyes-14-10-2012-3.jpg\" alt=\"\" width=\"480\" height=\"319\" srcset=\"https:\/\/www.mecerreyes.com\/mece\/wp-content\/uploads\/2012\/11\/Homenaje-a-Victor-Martinez-Mecerreyes-14-10-2012-3.jpg 600w, https:\/\/www.mecerreyes.com\/mece\/wp-content\/uploads\/2012\/11\/Homenaje-a-Victor-Martinez-Mecerreyes-14-10-2012-3-300x199.jpg 300w\" sizes=\"(max-width: 480px) 100vw, 480px\" \/><\/a>El domingo 14 el <a  href=\"https:\/\/www.mecerreyes.com\/mece\/?page_id=24\">Ayuntamiento<\/a> organiz\u00f3 un acto en homenaje y reconocimiento de la trayectoria profesional de V\u00edctor Mart\u00ednez. El acto const\u00f3 de dos partes: primero en el <a  href=\"https:\/\/www.mecerreyes.com\/mece\/?page_id=24\">Ayuntamiento<\/a> y segundo en la calle El Rollo. En el <a  href=\"https:\/\/www.mecerreyes.com\/mece\/?page_id=24\">Ayuntamiento<\/a> Juli\u00e1n dirigi\u00f3 unas palabras al respetable, dando las gracias a todos por la asistencia y en concreto a Ana Ribes por su complicidad en la organizaci\u00f3n del homenaje. V\u00edctor no sab\u00eda nada; estaba sorprendido de que todo el mundo le diera la enhorabuena, hasta que Juli\u00e1n, desde la tribuna, desvel\u00f3 los hechos. Hizo un repaso por sus m\u00e1s destacados logros profesionales y le agradeci\u00f3 que siempre se hubiera manifestado como guileto all\u00e1 por donde se ha movido, y concluy\u00f3 con la entrega de una placa conmemorativa en la que se pod\u00eda leer, entre otras cosas: \u201cEl <a  href=\"https:\/\/www.mecerreyes.com\/mece\/?page_id=24\">Ayuntamiento<\/a> de Mecerreyes a D. V\u00edctor Mart\u00ednez en reconocimiento por su exitosa y extensa trayectoria profesional\u201d. A continuaci\u00f3n V\u00edctor tom\u00f3 la palabra y nos dijo que estaba muy agradecido por el homenaje y por las muestras de cari\u00f1o recibidas; asimismo nos anim\u00f3 a trabajar duro porque es la \u00fanica manera de salir adelante y de llevar a cabo los proyectos profesionales y personales; tambi\u00e9n se comprometi\u00f3 a colaborar con iniciativas profesionales y laborales que puedan llevarse a cabo en el pueblo.<\/p>\n<p style=\"text-align: justify\">Despu\u00e9s bajamos a la calle El Rollo porque conten\u00eda una sorpresa. V\u00edctor tiene all\u00ed su casa paterna y por ese motivo el <a  href=\"https:\/\/www.mecerreyes.com\/mece\/?page_id=24\">Ayuntamiento<\/a> en una sesi\u00f3n del mes de Abril decidi\u00f3 dedic\u00e1rsela. Esta calle se llamar\u00e1 en adelante de V\u00edctor Mart\u00ednez. \u00c9l hizo los honores de inaugurarla oficialmente.<\/p>\n<p style=\"text-align: justify\">Finalmente el <a  href=\"https:\/\/www.mecerreyes.com\/mece\/?page_id=24\">Ayuntamiento<\/a> ofreci\u00f3 a todos los presentes un sencillo vino espa\u00f1ol.<\/p>\n<p style=\"text-align: justify\"><a  href=\"http:\/\/www.mecerreyes.com\/mece\/wp-content\/uploads\/2012\/11\/Homenaje-a-Victor-Martinez-Mecerreyes-14-10-2012-5.jpg\" class=\"thickbox no_icon\" title=\"\"><img loading=\"lazy\" decoding=\"async\" class=\"aligncenter size-full wp-image-5958\" src=\"http:\/\/www.mecerreyes.com\/mece\/wp-content\/uploads\/2012\/11\/Homenaje-a-Victor-Martinez-Mecerreyes-14-10-2012-5.jpg\" alt=\"\" width=\"600\" height=\"399\" srcset=\"https:\/\/www.mecerreyes.com\/mece\/wp-content\/uploads\/2012\/11\/Homenaje-a-Victor-Martinez-Mecerreyes-14-10-2012-5.jpg 600w, https:\/\/www.mecerreyes.com\/mece\/wp-content\/uploads\/2012\/11\/Homenaje-a-Victor-Martinez-Mecerreyes-14-10-2012-5-300x199.jpg 300w\" sizes=\"(max-width: 600px) 100vw, 600px\" \/><\/a><\/p>\n<h2 style=\"text-align: justify\"><span style=\"color: #0000ff\"><strong>Fiesta de <a  href=\"https:\/\/www.mecerreyes.com\/mece\/?page_id=58\">San Mart\u00edn<\/a> y la Comida de la Asociaci\u00f3n<\/strong><\/span><strong><\/strong><\/h2>\n<p style=\"text-align: justify\">Con motivo de las fiestas de <a  href=\"https:\/\/www.mecerreyes.com\/mece\/?page_id=58\">San Mart\u00edn<\/a> la Asociaci\u00f3n de Jubilados, celebrar\u00e1 su tradicional d\u00eda de convivencia y fiesta. Ser\u00e1 el domingo 4 de noviembre y constar\u00e1 de <strong>Misa de <a  href=\"https:\/\/www.mecerreyes.com\/mece\/?page_id=60\">acci\u00f3n de gracias<\/a> a las 13:30<\/strong>, en la que pedir\u00e1 tambi\u00e9n por los difuntos de la misma y <strong>comida de hermandad<\/strong> en el <a  href=\"https:\/\/www.mecerreyes.com\/mece\/?page_id=797\">Mes\u00f3n de Frutos<\/a> a las 15:00.<\/p>\n<p style=\"text-align: justify\">Aprovechamos la ocasi\u00f3n para anunciar los horarios para la fiesta de <a  href=\"https:\/\/www.mecerreyes.com\/mece\/?page_id=58\">San Mart\u00edn<\/a>.<\/p>\n<p style=\"text-align: justify\">Domingo d\u00eda 11.<\/p>\n<p style=\"text-align: justify\">13:30 \u2013 Procesi\u00f3n y Santa Misa. A continuaci\u00f3n pincho en la Escuela.<\/p>\n<p style=\"text-align: justify\">18:00 \u2013 V\u00edsperas en honor de <a  href=\"https:\/\/www.mecerreyes.com\/mece\/?page_id=58\">San Mart\u00edn<\/a>.<\/p>\n<p style=\"text-align: justify\">Los d\u00edas previos se tendr\u00e1 la novena de preparaci\u00f3n para la celebraci\u00f3n de la fiesta en el horario habitual de la misa.<\/p>\n<h2 style=\"text-align: justify\"><span style=\"color: #0000ff\"><strong>Fallecimientos<\/strong><\/span><\/h2>\n<p style=\"text-align: justify\"><a  href=\"http:\/\/www.mecerreyes.com\/mece\/wp-content\/uploads\/2012\/11\/Los-Anises-Poli.jpg\" class=\"thickbox no_icon\" title=\"\"><img loading=\"lazy\" decoding=\"async\" class=\"alignleft size-medium wp-image-5959\" src=\"http:\/\/www.mecerreyes.com\/mece\/wp-content\/uploads\/2012\/11\/Los-Anises-Poli-214x300.jpg\" alt=\"\" width=\"214\" height=\"300\" srcset=\"https:\/\/www.mecerreyes.com\/mece\/wp-content\/uploads\/2012\/11\/Los-Anises-Poli-214x300.jpg 214w, https:\/\/www.mecerreyes.com\/mece\/wp-content\/uploads\/2012\/11\/Los-Anises-Poli.jpg 567w\" sizes=\"(max-width: 214px) 100vw, 214px\" \/><\/a>Poli: 29-10-12. Queremos transmitir nuestro m\u00e1s sentido p\u00e9same a los hijos (Mar\u00eda Paz, Rodrigo, Adela y Carmelo) y \u00a0familia de <strong>Poli, <em>el rubio<\/em><\/strong>, que falleci\u00f3 el 29 de octubre a los 83 a\u00f1os de edad y le enterramos al d\u00eda siguiente. No pod\u00edan faltar los Anises, que quisieron homenajear p\u00f3stumamente a quien ha sido su \u201calma m\u00e1ter\u201d durante tantos a\u00f1os en fiestas de pueblos y eventos familiares. Os dejamos el enlace de esta misma p\u00e1gina cuando le hicimos el homenaje:<\/p>\n<h2 style=\"text-align: justify\">&#8212;&gt;<strong>\u00a0<a  href=\"http:\/\/www.mecerreyes.com\/mece\/?p=483\" target=\"_blank\">Homenaje a Poli, agosto 2009<\/a><\/strong><\/h2>\n<p>&nbsp;<\/p>\n<p style=\"text-align: justify\"><span style=\"color: #ffffff\">.<\/span><\/p>\n<p style=\"text-align: justify\">Antonia: 31-10-2012. Transmitimos, igualmente, nuestro m\u00e1s sentido p\u00e9same a la familia de <strong>ANTONIA<\/strong>, especialmente a Agapito por la muerte de su esposa tras 65 a\u00f1os de matrimonio y a sus hijos: Juani, Leonor, Ciriaco, Pablo, Esteban y Mercedes. Falleci\u00f3 en Aranda a los 87 a\u00f1os de edad y la enterramos aqu\u00ed el 1 de noviembre.<\/p>\n<h2 style=\"text-align: justify\"><span style=\"color: #0000ff\"><strong>Conferencia<\/strong><\/span><\/h2>\n<p style=\"text-align: justify\">El Arciprestazgo de Arlanza ha organizado una conferencia para el <strong>s\u00e1bado 10 de noviembre<\/strong> con el t\u00edtulo: <strong><em>Ante los recortes sociales, una respuesta desde la fe<\/em>.<\/strong> La conferencia la impartir\u00e1 Carlos L\u00f3pez Ahedo, responsable del \u00e1rea internacional de C\u00e1ritas y un experto en estos temas. Ser\u00e1 en el <strong>sal\u00f3n del <a  href=\"https:\/\/www.mecerreyes.com\/mece\/?page_id=24\">Ayuntamiento<\/a> a las 18:00 horas<\/strong>. Estamos todos invitados.<\/p>\n<div id=\"attachment_5961\" style=\"width: 729px\" class=\"wp-caption alignnone\"><a  href=\"http:\/\/www.mecerreyes.com\/mece\/wp-content\/uploads\/2012\/11\/Mecerreyes-2012-Encuentros-de-fe.jpg\" class=\"thickbox no_icon\" title=\"\"><img loading=\"lazy\" decoding=\"async\" aria-describedby=\"caption-attachment-5961\" class=\"size-large wp-image-5961\" src=\"http:\/\/www.mecerreyes.com\/mece\/wp-content\/uploads\/2012\/11\/Mecerreyes-2012-Encuentros-de-fe-719x1024.jpg\" alt=\"\" width=\"719\" height=\"1024\" srcset=\"https:\/\/www.mecerreyes.com\/mece\/wp-content\/uploads\/2012\/11\/Mecerreyes-2012-Encuentros-de-fe-719x1024.jpg 719w, https:\/\/www.mecerreyes.com\/mece\/wp-content\/uploads\/2012\/11\/Mecerreyes-2012-Encuentros-de-fe-210x300.jpg 210w\" sizes=\"(max-width: 719px) 100vw, 719px\" \/><\/a><p id=\"caption-attachment-5961\" class=\"wp-caption-text\">Conferencia, Mecerreyes 10 noviembre 2012 &#8211; 18:00 h.<\/p><\/div>\n<p>&nbsp;<\/p>\n<p>&nbsp;<\/p>\n\n\t\t<style type=\"text\/css\">\n\t\t\t#gallery-1 {\n\t\t\t\tmargin: auto;\n\t\t\t}\n\t\t\t#gallery-1 .gallery-item {\n\t\t\t\tfloat: left;\n\t\t\t\tmargin-top: 10px;\n\t\t\t\ttext-align: center;\n\t\t\t\twidth: 33%;\n\t\t\t}\n\t\t\t#gallery-1 img {\n\t\t\t\tborder: 2px solid #cfcfcf;\n\t\t\t}\n\t\t\t#gallery-1 .gallery-caption {\n\t\t\t\tmargin-left: 0;\n\t\t\t}\n\t\t\t\/* see gallery_shortcode() in wp-includes\/media.php *\/\n\t\t<\/style>\n\t\t<div id='gallery-1' class='gallery galleryid-5934 gallery-columns-3 gallery-size-thumbnail'><dl class='gallery-item'>\n\t\t\t<dt class='gallery-icon landscape'>\n\t\t\t\t<a  href=\"https:\/\/www.mecerreyes.com\/mece\/wp-content\/uploads\/2012\/11\/P1180657.jpg\" class=\"thickbox no_icon\" title=\"\"><img loading=\"lazy\" decoding=\"async\" width=\"150\" height=\"150\" src=\"https:\/\/www.mecerreyes.com\/mece\/wp-content\/uploads\/2012\/11\/P1180657-150x150.jpg\" class=\"attachment-thumbnail size-thumbnail\" alt=\"\" \/><\/a>\n\t\t\t<\/dt><\/dl><dl class='gallery-item'>\n\t\t\t<dt class='gallery-icon landscape'>\n\t\t\t\t<a  href=\"https:\/\/www.mecerreyes.com\/mece\/wp-content\/uploads\/2012\/11\/Mamblas-2012-1.jpg\" class=\"thickbox no_icon\" title=\"\"><img loading=\"lazy\" decoding=\"async\" width=\"150\" height=\"150\" src=\"https:\/\/www.mecerreyes.com\/mece\/wp-content\/uploads\/2012\/11\/Mamblas-2012-1-150x150.jpg\" class=\"attachment-thumbnail size-thumbnail\" alt=\"\" \/><\/a>\n\t\t\t<\/dt><\/dl><dl class='gallery-item'>\n\t\t\t<dt class='gallery-icon landscape'>\n\t\t\t\t<a  href=\"https:\/\/www.mecerreyes.com\/mece\/wp-content\/uploads\/2012\/11\/Mamblas-2012-2.jpg\" class=\"thickbox no_icon\" title=\"\"><img loading=\"lazy\" decoding=\"async\" width=\"150\" height=\"150\" src=\"https:\/\/www.mecerreyes.com\/mece\/wp-content\/uploads\/2012\/11\/Mamblas-2012-2-150x150.jpg\" class=\"attachment-thumbnail size-thumbnail\" alt=\"\" \/><\/a>\n\t\t\t<\/dt><\/dl><br style=\"clear: both\" \/><dl class='gallery-item'>\n\t\t\t<dt class='gallery-icon landscape'>\n\t\t\t\t<a  href=\"https:\/\/www.mecerreyes.com\/mece\/wp-content\/uploads\/2012\/11\/Mamblas-2012-3.jpg\" class=\"thickbox no_icon\" title=\"\"><img loading=\"lazy\" decoding=\"async\" width=\"150\" height=\"150\" src=\"https:\/\/www.mecerreyes.com\/mece\/wp-content\/uploads\/2012\/11\/Mamblas-2012-3-150x150.jpg\" class=\"attachment-thumbnail size-thumbnail\" alt=\"\" \/><\/a>\n\t\t\t<\/dt><\/dl><dl class='gallery-item'>\n\t\t\t<dt class='gallery-icon landscape'>\n\t\t\t\t<a  href=\"https:\/\/www.mecerreyes.com\/mece\/wp-content\/uploads\/2012\/11\/Mamblas-2012-4.jpg\" class=\"thickbox no_icon\" title=\"\"><img loading=\"lazy\" decoding=\"async\" width=\"150\" height=\"150\" src=\"https:\/\/www.mecerreyes.com\/mece\/wp-content\/uploads\/2012\/11\/Mamblas-2012-4-150x150.jpg\" class=\"attachment-thumbnail size-thumbnail\" alt=\"\" \/><\/a>\n\t\t\t<\/dt><\/dl><dl class='gallery-item'>\n\t\t\t<dt class='gallery-icon landscape'>\n\t\t\t\t<a  href=\"https:\/\/www.mecerreyes.com\/mece\/wp-content\/uploads\/2012\/11\/Mamblas-2012-5.jpg\" class=\"thickbox no_icon\" title=\"\"><img loading=\"lazy\" decoding=\"async\" width=\"150\" height=\"150\" src=\"https:\/\/www.mecerreyes.com\/mece\/wp-content\/uploads\/2012\/11\/Mamblas-2012-5-150x150.jpg\" class=\"attachment-thumbnail size-thumbnail\" alt=\"\" \/><\/a>\n\t\t\t<\/dt><\/dl><br style=\"clear: both\" \/><dl class='gallery-item'>\n\t\t\t<dt class='gallery-icon portrait'>\n\t\t\t\t<a  href=\"https:\/\/www.mecerreyes.com\/mece\/wp-content\/uploads\/2012\/11\/Lorenzo.jpg\" class=\"thickbox no_icon\" title=\"\"><img loading=\"lazy\" decoding=\"async\" width=\"150\" height=\"150\" src=\"https:\/\/www.mecerreyes.com\/mece\/wp-content\/uploads\/2012\/11\/Lorenzo-150x150.jpg\" class=\"attachment-thumbnail size-thumbnail\" alt=\"\" \/><\/a>\n\t\t\t<\/dt><\/dl><dl class='gallery-item'>\n\t\t\t<dt class='gallery-icon portrait'>\n\t\t\t\t<a  href=\"https:\/\/www.mecerreyes.com\/mece\/wp-content\/uploads\/2012\/11\/Los-Anises-Poli.jpg\" class=\"thickbox no_icon\" title=\"\"><img loading=\"lazy\" decoding=\"async\" width=\"150\" height=\"150\" src=\"https:\/\/www.mecerreyes.com\/mece\/wp-content\/uploads\/2012\/11\/Los-Anises-Poli-150x150.jpg\" class=\"attachment-thumbnail size-thumbnail\" alt=\"\" \/><\/a>\n\t\t\t<\/dt><\/dl><dl class='gallery-item'>\n\t\t\t<dt class='gallery-icon landscape'>\n\t\t\t\t<a  href=\"https:\/\/www.mecerreyes.com\/mece\/wp-content\/uploads\/2012\/11\/Homenaje-a-Victor-Martinez-Mecerreyes-14-10-2012-1.jpg\" class=\"thickbox no_icon\" title=\"\"><img loading=\"lazy\" decoding=\"async\" width=\"150\" height=\"150\" src=\"https:\/\/www.mecerreyes.com\/mece\/wp-content\/uploads\/2012\/11\/Homenaje-a-Victor-Martinez-Mecerreyes-14-10-2012-1-150x150.jpg\" class=\"attachment-thumbnail size-thumbnail\" alt=\"\" \/><\/a>\n\t\t\t<\/dt><\/dl><br style=\"clear: both\" \/><dl class='gallery-item'>\n\t\t\t<dt class='gallery-icon landscape'>\n\t\t\t\t<a  href=\"https:\/\/www.mecerreyes.com\/mece\/wp-content\/uploads\/2012\/11\/Homenaje-a-Victor-Martinez-Mecerreyes-14-10-2012-2.jpg\" class=\"thickbox no_icon\" title=\"\"><img loading=\"lazy\" decoding=\"async\" width=\"150\" height=\"150\" src=\"https:\/\/www.mecerreyes.com\/mece\/wp-content\/uploads\/2012\/11\/Homenaje-a-Victor-Martinez-Mecerreyes-14-10-2012-2-150x150.jpg\" class=\"attachment-thumbnail size-thumbnail\" alt=\"\" \/><\/a>\n\t\t\t<\/dt><\/dl><dl class='gallery-item'>\n\t\t\t<dt class='gallery-icon landscape'>\n\t\t\t\t<a  href=\"https:\/\/www.mecerreyes.com\/mece\/wp-content\/uploads\/2012\/11\/Homenaje-a-Victor-Martinez-Mecerreyes-14-10-2012-3.jpg\" class=\"thickbox no_icon\" title=\"\"><img loading=\"lazy\" decoding=\"async\" width=\"150\" height=\"150\" src=\"https:\/\/www.mecerreyes.com\/mece\/wp-content\/uploads\/2012\/11\/Homenaje-a-Victor-Martinez-Mecerreyes-14-10-2012-3-150x150.jpg\" class=\"attachment-thumbnail size-thumbnail\" alt=\"\" \/><\/a>\n\t\t\t<\/dt><\/dl><dl class='gallery-item'>\n\t\t\t<dt class='gallery-icon landscape'>\n\t\t\t\t<a  href=\"https:\/\/www.mecerreyes.com\/mece\/wp-content\/uploads\/2012\/11\/Homenaje-a-Victor-Martinez-Mecerreyes-14-10-2012-4.jpg\" class=\"thickbox no_icon\" title=\"\"><img loading=\"lazy\" decoding=\"async\" width=\"150\" height=\"150\" src=\"https:\/\/www.mecerreyes.com\/mece\/wp-content\/uploads\/2012\/11\/Homenaje-a-Victor-Martinez-Mecerreyes-14-10-2012-4-150x150.jpg\" class=\"attachment-thumbnail size-thumbnail\" alt=\"\" \/><\/a>\n\t\t\t<\/dt><\/dl><br style=\"clear: both\" \/><dl class='gallery-item'>\n\t\t\t<dt class='gallery-icon landscape'>\n\t\t\t\t<a  href=\"https:\/\/www.mecerreyes.com\/mece\/wp-content\/uploads\/2012\/11\/Homenaje-a-Victor-Martinez-Mecerreyes-14-10-2012-5.jpg\" class=\"thickbox no_icon\" title=\"\"><img loading=\"lazy\" decoding=\"async\" width=\"150\" height=\"150\" src=\"https:\/\/www.mecerreyes.com\/mece\/wp-content\/uploads\/2012\/11\/Homenaje-a-Victor-Martinez-Mecerreyes-14-10-2012-5-150x150.jpg\" class=\"attachment-thumbnail size-thumbnail\" alt=\"\" \/><\/a>\n\t\t\t<\/dt><\/dl><dl class='gallery-item'>\n\t\t\t<dt class='gallery-icon portrait'>\n\t\t\t\t<a  href=\"https:\/\/www.mecerreyes.com\/mece\/wp-content\/uploads\/2012\/11\/Homenaje-a-Victor-Martinez-Mecerreyes-14-10-2012-6.jpg\" class=\"thickbox no_icon\" title=\"\"><img loading=\"lazy\" decoding=\"async\" width=\"150\" height=\"150\" src=\"https:\/\/www.mecerreyes.com\/mece\/wp-content\/uploads\/2012\/11\/Homenaje-a-Victor-Martinez-Mecerreyes-14-10-2012-6-150x150.jpg\" class=\"attachment-thumbnail size-thumbnail\" alt=\"\" \/><\/a>\n\t\t\t<\/dt><\/dl><dl class='gallery-item'>\n\t\t\t<dt class='gallery-icon landscape'>\n\t\t\t\t<a  href=\"https:\/\/www.mecerreyes.com\/mece\/wp-content\/uploads\/2012\/11\/Homenaje-a-Victor-Martinez-Mecerreyes-14-10-2012-7.jpg\" class=\"thickbox no_icon\" title=\"\"><img loading=\"lazy\" decoding=\"async\" width=\"150\" height=\"150\" src=\"https:\/\/www.mecerreyes.com\/mece\/wp-content\/uploads\/2012\/11\/Homenaje-a-Victor-Martinez-Mecerreyes-14-10-2012-7-150x150.jpg\" class=\"attachment-thumbnail size-thumbnail\" alt=\"\" \/><\/a>\n\t\t\t<\/dt><\/dl><br style=\"clear: both\" \/><dl class='gallery-item'>\n\t\t\t<dt class='gallery-icon portrait'>\n\t\t\t\t<a  href=\"https:\/\/www.mecerreyes.com\/mece\/wp-content\/uploads\/2012\/11\/Mecerreyes-2012-Encuentros-de-fe.jpg\" class=\"thickbox no_icon\" title=\"\"><img loading=\"lazy\" decoding=\"async\" width=\"150\" height=\"150\" src=\"https:\/\/www.mecerreyes.com\/mece\/wp-content\/uploads\/2012\/11\/Mecerreyes-2012-Encuentros-de-fe-150x150.jpg\" class=\"attachment-thumbnail size-thumbnail\" alt=\"\" \/><\/a>\n\t\t\t<\/dt><\/dl><dl class='gallery-item'>\n\t\t\t<dt class='gallery-icon portrait'>\n\t\t\t\t<a  href=\"https:\/\/www.mecerreyes.com\/mece\/wp-content\/uploads\/2012\/11\/MADDI-ZUMETA-PLAZAOLA.jpg\" class=\"thickbox no_icon\" title=\"\"><img loading=\"lazy\" decoding=\"async\" width=\"150\" height=\"150\" src=\"https:\/\/www.mecerreyes.com\/mece\/wp-content\/uploads\/2012\/11\/MADDI-ZUMETA-PLAZAOLA-150x150.jpg\" class=\"attachment-thumbnail size-thumbnail\" alt=\"\" \/><\/a>\n\t\t\t<\/dt><\/dl>\n\t\t\t<br style='clear: both' \/>\n\t\t<\/div>","protected":false},"excerpt":{"rendered":"<p>Termin\u00f3 el verano, pero no por ello la actividad en el pueblo, aqu\u00ed puedes leer un variado goteo de noticias generadas en los meses de Septiembre y Octubre. Queremos informarte de todo lo acontecido e invitarte a los pr\u00f3ximos actos organizados con motivo de las Fiestas Patronales de San Mart\u00edn. &nbsp; * * * SEPTIEMBRE [&hellip;]<\/p>\n","protected":false},"author":5,"featured_media":0,"comment_status":"open","ping_status":"closed","sticky":false,"template":"","format":"standard","meta":{"_et_pb_use_builder":"","_et_pb_old_content":"","_et_gb_content_width":"","footnotes":""},"categories":[1],"tags":[12,34,21,30],"class_list":["post-5934","post","type-post","status-publish","format-standard","hentry","category-general","tag-asociacion-de-jubilados","tag-exposiciones","tag-guiletos","tag-san-martin","et-doesnt-have-format-content","et_post_format-et-post-format-standard"],"_links":{"self":[{"href":"https:\/\/www.mecerreyes.com\/mece\/index.php?rest_route=\/wp\/v2\/posts\/5934"}],"collection":[{"href":"https:\/\/www.mecerreyes.com\/mece\/index.php?rest_route=\/wp\/v2\/posts"}],"about":[{"href":"https:\/\/www.mecerreyes.com\/mece\/index.php?rest_route=\/wp\/v2\/types\/post"}],"author":[{"embeddable":true,"href":"https:\/\/www.mecerreyes.com\/mece\/index.php?rest_route=\/wp\/v2\/users\/5"}],"replies":[{"embeddable":true,"href":"https:\/\/www.mecerreyes.com\/mece\/index.php?rest_route=%2Fwp%2Fv2%2Fcomments&post=5934"}],"version-history":[{"count":0,"href":"https:\/\/www.mecerreyes.com\/mece\/index.php?rest_route=\/wp\/v2\/posts\/5934\/revisions"}],"wp:attachment":[{"href":"https:\/\/www.mecerreyes.com\/mece\/index.php?rest_route=%2Fwp%2Fv2%2Fmedia&parent=5934"}],"wp:term":[{"taxonomy":"category","embeddable":true,"href":"https:\/\/www.mecerreyes.com\/mece\/index.php?rest_route=%2Fwp%2Fv2%2Fcategories&post=5934"},{"taxonomy":"post_tag","embeddable":true,"href":"https:\/\/www.mecerreyes.com\/mece\/index.php?rest_route=%2Fwp%2Fv2%2Ftags&post=5934"}],"curies":[{"name":"wp","href":"https:\/\/api.w.org\/{rel}","templated":true}]}}