{"id":6005,"date":"2012-11-20T17:17:50","date_gmt":"2012-11-20T16:17:50","guid":{"rendered":"http:\/\/www.mecerreyes.com\/mece\/?p=6005"},"modified":"2012-11-20T22:06:22","modified_gmt":"2012-11-20T21:06:22","slug":"con-la-mirada-y-el-corazon-de-un-nino-entrega-2a-1","status":"publish","type":"post","link":"https:\/\/www.mecerreyes.com\/mece\/?p=6005","title":{"rendered":"\u00abCon la mirada y el coraz\u00f3n de un ni\u00f1o\u00bb (Entrega 3\u00aa)"},"content":{"rendered":"<p>Continuamos con la publicaci\u00f3n de la TERCERA entrega de<\/p>\n<h1><strong>IM\u00c1GENES Y PALABRAS PARA EL RECUERDO (1959\/60 &#8211; 2010)<\/strong><\/h1>\n<h2><span style=\"color: #0000ff\">\u00abCon la mirada y el coraz\u00f3n de un ni\u00f1o\u00bb<\/span><\/h2>\n<p>&nbsp;<\/p>\n<p style=\"text-align: justify\">Nueva entrega del \u00a0\u00abLibro\u00bb que realiz\u00f3 Isaac Lara con sus recuerdos de la infancia en Mecerreyes y que regal\u00f3 a los quintos del 59\/60, durante el encuentro en el a\u00f1o 2010 en \u00a0Mecerreyes.<\/p>\n<p>&nbsp;<\/p>\n<p>Ahora puedes leer los siguientes cap\u00edtulos:<\/p>\n<ul>\n<li>\n<h2>Juegos&#8230; m\u00e1s juegos<\/h2>\n<\/li>\n<li><\/li>\n<li>\n<h2>\u00a1De paseo, que hace buen d\u00eda&#8230;!<\/h2>\n<\/li>\n<li><\/li>\n<li>\n<h2>Un h\u00e9roe<\/h2>\n<\/li>\n<li><\/li>\n<li>\n<h2>Cuerpo a tierra, mano al coco<\/h2>\n<\/li>\n<li><\/li>\n<li>\n<h2>El estanque<\/h2>\n<\/li>\n<li><\/li>\n<li>\n<h2>\u00a1A la calle!<\/h2>\n<\/li>\n<li><\/li>\n<li>\n<h2>De noche, las estrellas&#8230;<\/h2>\n<\/li>\n<li><\/li>\n<li>\n<h2>De colonias<\/h2>\n<\/li>\n<li><\/li>\n<li>\n<h2>Frailes, curas, monjas&#8230; L a \u00a0o t r a \u00a0h i s t o r i a<\/h2>\n<\/li>\n<\/ul>\n<div><\/div>\n<p>Esperamos que lo disfrutes y que como dice el t\u00edtulo, que los <strong>recuerdos<\/strong> sean agradables y si quieres compartirlos, nos puedes escribir al final de esta entrada.<\/p>\n<p>&nbsp;<\/p>\n<p>Pincha en el siguiente enlace para leerlo en PDF:<\/p>\n<h2><a  href=\"http:\/\/www.mecerreyes.com\/mece\/wp-content\/uploads\/2012\/11\/Con-la-mirada-y-el-coraz\u00f3n-de-un-ni\u00f1o-pag-18-28.pdf\" target=\"_blank\">Con la mirada y el coraz\u00f3n de un ni\u00f1o (p\u00e1ginas 18 a 28)<\/a><\/h2>\n<p>&nbsp;<\/p>\n<p>&nbsp;<\/p>\n<div id=\"attachment_6010\" style=\"width: 749px\" class=\"wp-caption alignnone\"><a  href=\"http:\/\/www.mecerreyes.com\/mece\/wp-content\/uploads\/2012\/11\/Con-la-mirada-y-el-coraz\u00f3n-de-un-ni\u00f1o-18.jpg\" class=\"thickbox no_icon\" title=\"\"><img loading=\"lazy\" decoding=\"async\" aria-describedby=\"caption-attachment-6010\" class=\"size-large wp-image-6010\" src=\"http:\/\/www.mecerreyes.com\/mece\/wp-content\/uploads\/2012\/11\/Con-la-mirada-y-el-coraz\u00f3n-de-un-ni\u00f1o-18-739x1024.jpg\" alt=\"\" width=\"739\" height=\"1024\" srcset=\"https:\/\/www.mecerreyes.com\/mece\/wp-content\/uploads\/2012\/11\/Con-la-mirada-y-el-coraz\u00f3n-de-un-ni\u00f1o-18-739x1024.jpg 739w, https:\/\/www.mecerreyes.com\/mece\/wp-content\/uploads\/2012\/11\/Con-la-mirada-y-el-coraz\u00f3n-de-un-ni\u00f1o-18-216x300.jpg 216w\" sizes=\"(max-width: 739px) 100vw, 739px\" \/><\/a><p id=\"caption-attachment-6010\" class=\"wp-caption-text\">P\u00e1g. 18, Con la mirada y el coraz\u00f3n de un ni\u00f1o.<\/p><\/div>\n<p>&nbsp;<\/p>\n<p>&nbsp;<\/p>\n<div id=\"attachment_6013\" style=\"width: 742px\" class=\"wp-caption alignnone\"><a  href=\"http:\/\/www.mecerreyes.com\/mece\/wp-content\/uploads\/2012\/11\/Con-la-mirada-y-el-coraz\u00f3n-de-un-ni\u00f1o-19.jpg\" class=\"thickbox no_icon\" title=\"\"><img loading=\"lazy\" decoding=\"async\" aria-describedby=\"caption-attachment-6013\" class=\"size-large wp-image-6013\" src=\"http:\/\/www.mecerreyes.com\/mece\/wp-content\/uploads\/2012\/11\/Con-la-mirada-y-el-coraz\u00f3n-de-un-ni\u00f1o-19-732x1024.jpg\" alt=\"\" width=\"732\" height=\"1024\" srcset=\"https:\/\/www.mecerreyes.com\/mece\/wp-content\/uploads\/2012\/11\/Con-la-mirada-y-el-coraz\u00f3n-de-un-ni\u00f1o-19-732x1024.jpg 732w, https:\/\/www.mecerreyes.com\/mece\/wp-content\/uploads\/2012\/11\/Con-la-mirada-y-el-coraz\u00f3n-de-un-ni\u00f1o-19-214x300.jpg 214w\" sizes=\"(max-width: 732px) 100vw, 732px\" \/><\/a><p id=\"caption-attachment-6013\" class=\"wp-caption-text\">P\u00e1g. 19, Con la mirada y el coraz\u00f3n de un ni\u00f1o.<\/p><\/div>\n<p>&nbsp;<\/p>\n<div id=\"attachment_6014\" style=\"width: 749px\" class=\"wp-caption alignnone\"><a  href=\"http:\/\/www.mecerreyes.com\/mece\/wp-content\/uploads\/2012\/11\/Con-la-mirada-y-el-coraz\u00f3n-de-un-ni\u00f1o-20.jpg\" class=\"thickbox no_icon\" title=\"\"><img loading=\"lazy\" decoding=\"async\" aria-describedby=\"caption-attachment-6014\" class=\"size-large wp-image-6014\" src=\"http:\/\/www.mecerreyes.com\/mece\/wp-content\/uploads\/2012\/11\/Con-la-mirada-y-el-coraz\u00f3n-de-un-ni\u00f1o-20-739x1024.jpg\" alt=\"\" width=\"739\" height=\"1024\" srcset=\"https:\/\/www.mecerreyes.com\/mece\/wp-content\/uploads\/2012\/11\/Con-la-mirada-y-el-coraz\u00f3n-de-un-ni\u00f1o-20-739x1024.jpg 739w, https:\/\/www.mecerreyes.com\/mece\/wp-content\/uploads\/2012\/11\/Con-la-mirada-y-el-coraz\u00f3n-de-un-ni\u00f1o-20-216x300.jpg 216w\" sizes=\"(max-width: 739px) 100vw, 739px\" \/><\/a><p id=\"caption-attachment-6014\" class=\"wp-caption-text\">P\u00e1g. 20, Con la mirada y el coraz\u00f3n de un ni\u00f1o.<\/p><\/div>\n<p>&nbsp;<\/p>\n<div id=\"attachment_6015\" style=\"width: 743px\" class=\"wp-caption alignnone\"><a  href=\"http:\/\/www.mecerreyes.com\/mece\/wp-content\/uploads\/2012\/11\/Con-la-mirada-y-el-coraz\u00f3n-de-un-ni\u00f1o-21.jpg\" class=\"thickbox no_icon\" title=\"\"><img loading=\"lazy\" decoding=\"async\" aria-describedby=\"caption-attachment-6015\" class=\"size-large wp-image-6015\" src=\"http:\/\/www.mecerreyes.com\/mece\/wp-content\/uploads\/2012\/11\/Con-la-mirada-y-el-coraz\u00f3n-de-un-ni\u00f1o-21-733x1024.jpg\" alt=\"\" width=\"733\" height=\"1024\" srcset=\"https:\/\/www.mecerreyes.com\/mece\/wp-content\/uploads\/2012\/11\/Con-la-mirada-y-el-coraz\u00f3n-de-un-ni\u00f1o-21-733x1024.jpg 733w, https:\/\/www.mecerreyes.com\/mece\/wp-content\/uploads\/2012\/11\/Con-la-mirada-y-el-coraz\u00f3n-de-un-ni\u00f1o-21-215x300.jpg 215w\" sizes=\"(max-width: 733px) 100vw, 733px\" \/><\/a><p id=\"caption-attachment-6015\" class=\"wp-caption-text\">P\u00e1g. 21, Con la mirada y el coraz\u00f3n de un ni\u00f1o.<\/p><\/div>\n<p>&nbsp;<\/p>\n<div id=\"attachment_6016\" style=\"width: 750px\" class=\"wp-caption alignnone\"><a  href=\"http:\/\/www.mecerreyes.com\/mece\/wp-content\/uploads\/2012\/11\/Con-la-mirada-y-el-coraz\u00f3n-de-un-ni\u00f1o-22.jpg\" class=\"thickbox no_icon\" title=\"\"><img loading=\"lazy\" decoding=\"async\" aria-describedby=\"caption-attachment-6016\" class=\"size-large wp-image-6016\" src=\"http:\/\/www.mecerreyes.com\/mece\/wp-content\/uploads\/2012\/11\/Con-la-mirada-y-el-coraz\u00f3n-de-un-ni\u00f1o-22-740x1024.jpg\" alt=\"\" width=\"740\" height=\"1024\" srcset=\"https:\/\/www.mecerreyes.com\/mece\/wp-content\/uploads\/2012\/11\/Con-la-mirada-y-el-coraz\u00f3n-de-un-ni\u00f1o-22-740x1024.jpg 740w, https:\/\/www.mecerreyes.com\/mece\/wp-content\/uploads\/2012\/11\/Con-la-mirada-y-el-coraz\u00f3n-de-un-ni\u00f1o-22-216x300.jpg 216w\" sizes=\"(max-width: 740px) 100vw, 740px\" \/><\/a><p id=\"caption-attachment-6016\" class=\"wp-caption-text\">P\u00e1g. 22, Con la mirada y el coraz\u00f3n de un ni\u00f1o.<\/p><\/div>\n<p>&nbsp;<\/p>\n<div id=\"attachment_6017\" style=\"width: 743px\" class=\"wp-caption alignnone\"><a  href=\"http:\/\/www.mecerreyes.com\/mece\/wp-content\/uploads\/2012\/11\/Con-la-mirada-y-el-coraz\u00f3n-de-un-ni\u00f1o-23.jpg\" class=\"thickbox no_icon\" title=\"\"><img loading=\"lazy\" decoding=\"async\" aria-describedby=\"caption-attachment-6017\" class=\"size-large wp-image-6017\" src=\"http:\/\/www.mecerreyes.com\/mece\/wp-content\/uploads\/2012\/11\/Con-la-mirada-y-el-coraz\u00f3n-de-un-ni\u00f1o-23-733x1024.jpg\" alt=\"\" width=\"733\" height=\"1024\" srcset=\"https:\/\/www.mecerreyes.com\/mece\/wp-content\/uploads\/2012\/11\/Con-la-mirada-y-el-coraz\u00f3n-de-un-ni\u00f1o-23-733x1024.jpg 733w, https:\/\/www.mecerreyes.com\/mece\/wp-content\/uploads\/2012\/11\/Con-la-mirada-y-el-coraz\u00f3n-de-un-ni\u00f1o-23-215x300.jpg 215w\" sizes=\"(max-width: 733px) 100vw, 733px\" \/><\/a><p id=\"caption-attachment-6017\" class=\"wp-caption-text\">P\u00e1g. 23, Con la mirada y el coraz\u00f3n de un ni\u00f1o.<\/p><\/div>\n<p>&nbsp;<\/p>\n<div id=\"attachment_6018\" style=\"width: 749px\" class=\"wp-caption alignnone\"><a  href=\"http:\/\/www.mecerreyes.com\/mece\/wp-content\/uploads\/2012\/11\/Con-la-mirada-y-el-coraz\u00f3n-de-un-ni\u00f1o-24.jpg\" class=\"thickbox no_icon\" title=\"\"><img loading=\"lazy\" decoding=\"async\" aria-describedby=\"caption-attachment-6018\" class=\"size-large wp-image-6018\" src=\"http:\/\/www.mecerreyes.com\/mece\/wp-content\/uploads\/2012\/11\/Con-la-mirada-y-el-coraz\u00f3n-de-un-ni\u00f1o-24-739x1024.jpg\" alt=\"\" width=\"739\" height=\"1024\" srcset=\"https:\/\/www.mecerreyes.com\/mece\/wp-content\/uploads\/2012\/11\/Con-la-mirada-y-el-coraz\u00f3n-de-un-ni\u00f1o-24-739x1024.jpg 739w, https:\/\/www.mecerreyes.com\/mece\/wp-content\/uploads\/2012\/11\/Con-la-mirada-y-el-coraz\u00f3n-de-un-ni\u00f1o-24-216x300.jpg 216w\" sizes=\"(max-width: 739px) 100vw, 739px\" \/><\/a><p id=\"caption-attachment-6018\" class=\"wp-caption-text\">P\u00e1g. 24, Con la mirada y el coraz\u00f3n de un ni\u00f1o.<\/p><\/div>\n<p>&nbsp;<\/p>\n<div id=\"attachment_6019\" style=\"width: 742px\" class=\"wp-caption alignnone\"><a  href=\"http:\/\/www.mecerreyes.com\/mece\/wp-content\/uploads\/2012\/11\/Con-la-mirada-y-el-coraz\u00f3n-de-un-ni\u00f1o-25.jpg\" class=\"thickbox no_icon\" title=\"\"><img loading=\"lazy\" decoding=\"async\" aria-describedby=\"caption-attachment-6019\" class=\"size-large wp-image-6019\" src=\"http:\/\/www.mecerreyes.com\/mece\/wp-content\/uploads\/2012\/11\/Con-la-mirada-y-el-coraz\u00f3n-de-un-ni\u00f1o-25-732x1024.jpg\" alt=\"\" width=\"732\" height=\"1024\" srcset=\"https:\/\/www.mecerreyes.com\/mece\/wp-content\/uploads\/2012\/11\/Con-la-mirada-y-el-coraz\u00f3n-de-un-ni\u00f1o-25-732x1024.jpg 732w, https:\/\/www.mecerreyes.com\/mece\/wp-content\/uploads\/2012\/11\/Con-la-mirada-y-el-coraz\u00f3n-de-un-ni\u00f1o-25-214x300.jpg 214w\" sizes=\"(max-width: 732px) 100vw, 732px\" \/><\/a><p id=\"caption-attachment-6019\" class=\"wp-caption-text\">P\u00e1g. 25, Con la mirada y el coraz\u00f3n de un ni\u00f1o.<\/p><\/div>\n<p>&nbsp;<\/p>\n<div id=\"attachment_6020\" style=\"width: 749px\" class=\"wp-caption alignnone\"><a  href=\"http:\/\/www.mecerreyes.com\/mece\/wp-content\/uploads\/2012\/11\/Con-la-mirada-y-el-coraz\u00f3n-de-un-ni\u00f1o-26.jpg\" class=\"thickbox no_icon\" title=\"\"><img loading=\"lazy\" decoding=\"async\" aria-describedby=\"caption-attachment-6020\" class=\"size-large wp-image-6020\" src=\"http:\/\/www.mecerreyes.com\/mece\/wp-content\/uploads\/2012\/11\/Con-la-mirada-y-el-coraz\u00f3n-de-un-ni\u00f1o-26-739x1024.jpg\" alt=\"\" width=\"739\" height=\"1024\" srcset=\"https:\/\/www.mecerreyes.com\/mece\/wp-content\/uploads\/2012\/11\/Con-la-mirada-y-el-coraz\u00f3n-de-un-ni\u00f1o-26-739x1024.jpg 739w, https:\/\/www.mecerreyes.com\/mece\/wp-content\/uploads\/2012\/11\/Con-la-mirada-y-el-coraz\u00f3n-de-un-ni\u00f1o-26-216x300.jpg 216w\" sizes=\"(max-width: 739px) 100vw, 739px\" \/><\/a><p id=\"caption-attachment-6020\" class=\"wp-caption-text\">P\u00e1g. 26, Con la mirada y el coraz\u00f3n de un ni\u00f1o.<\/p><\/div>\n<p>&nbsp;<\/p>\n<div id=\"attachment_6021\" style=\"width: 743px\" class=\"wp-caption alignnone\"><a  href=\"http:\/\/www.mecerreyes.com\/mece\/wp-content\/uploads\/2012\/11\/Con-la-mirada-y-el-coraz\u00f3n-de-un-ni\u00f1o-27.jpg\" class=\"thickbox no_icon\" title=\"\"><img loading=\"lazy\" decoding=\"async\" aria-describedby=\"caption-attachment-6021\" class=\"size-large wp-image-6021\" src=\"http:\/\/www.mecerreyes.com\/mece\/wp-content\/uploads\/2012\/11\/Con-la-mirada-y-el-coraz\u00f3n-de-un-ni\u00f1o-27-733x1024.jpg\" alt=\"\" width=\"733\" height=\"1024\" srcset=\"https:\/\/www.mecerreyes.com\/mece\/wp-content\/uploads\/2012\/11\/Con-la-mirada-y-el-coraz\u00f3n-de-un-ni\u00f1o-27-733x1024.jpg 733w, https:\/\/www.mecerreyes.com\/mece\/wp-content\/uploads\/2012\/11\/Con-la-mirada-y-el-coraz\u00f3n-de-un-ni\u00f1o-27-215x300.jpg 215w\" sizes=\"(max-width: 733px) 100vw, 733px\" \/><\/a><p id=\"caption-attachment-6021\" class=\"wp-caption-text\">P\u00e1g. 27, Con la mirada y el coraz\u00f3n de un ni\u00f1o.<\/p><\/div>\n<p>&nbsp;<\/p>\n<div id=\"attachment_6022\" style=\"width: 749px\" class=\"wp-caption alignnone\"><a  href=\"http:\/\/www.mecerreyes.com\/mece\/wp-content\/uploads\/2012\/11\/Con-la-mirada-y-el-coraz\u00f3n-de-un-ni\u00f1o-28.jpg\" class=\"thickbox no_icon\" title=\"\"><img loading=\"lazy\" decoding=\"async\" aria-describedby=\"caption-attachment-6022\" class=\"size-large wp-image-6022\" src=\"http:\/\/www.mecerreyes.com\/mece\/wp-content\/uploads\/2012\/11\/Con-la-mirada-y-el-coraz\u00f3n-de-un-ni\u00f1o-28-739x1024.jpg\" alt=\"\" width=\"739\" height=\"1024\" srcset=\"https:\/\/www.mecerreyes.com\/mece\/wp-content\/uploads\/2012\/11\/Con-la-mirada-y-el-coraz\u00f3n-de-un-ni\u00f1o-28-739x1024.jpg 739w, https:\/\/www.mecerreyes.com\/mece\/wp-content\/uploads\/2012\/11\/Con-la-mirada-y-el-coraz\u00f3n-de-un-ni\u00f1o-28-216x300.jpg 216w\" sizes=\"(max-width: 739px) 100vw, 739px\" \/><\/a><p id=\"caption-attachment-6022\" class=\"wp-caption-text\">P\u00e1g. 28, Con la mirada y el coraz\u00f3n de un ni\u00f1o.<\/p><\/div>\n<p>&nbsp;<\/p>\n<p>&nbsp;<\/p>\n<p>&nbsp;<\/p>\n<p>&nbsp;<\/p>\n<p>&nbsp;<\/p>\n<p>&nbsp;<\/p>\n<p>&nbsp;<\/p>\n<p>&nbsp;<\/p>","protected":false},"excerpt":{"rendered":"<p>Continuamos con la publicaci\u00f3n de la TERCERA entrega de IM\u00c1GENES Y PALABRAS PARA EL RECUERDO (1959\/60 &#8211; 2010) \u00abCon la mirada y el coraz\u00f3n de un ni\u00f1o\u00bb &nbsp; Nueva entrega del \u00a0\u00abLibro\u00bb que realiz\u00f3 Isaac Lara con sus recuerdos de la infancia en Mecerreyes y que regal\u00f3 a los quintos del 59\/60, durante el encuentro [&hellip;]<\/p>\n","protected":false},"author":5,"featured_media":0,"comment_status":"open","ping_status":"closed","sticky":false,"template":"","format":"standard","meta":{"_et_pb_use_builder":"","_et_pb_old_content":"","_et_gb_content_width":"","footnotes":""},"categories":[7,1],"tags":[48,21],"class_list":["post-6005","post","type-post","status-publish","format-standard","hentry","category-oficiosperdidos","category-general","tag-con-la-mirada-y-el-corazon-de-un-nino","tag-guiletos","et-doesnt-have-format-content","et_post_format-et-post-format-standard"],"_links":{"self":[{"href":"https:\/\/www.mecerreyes.com\/mece\/index.php?rest_route=\/wp\/v2\/posts\/6005"}],"collection":[{"href":"https:\/\/www.mecerreyes.com\/mece\/index.php?rest_route=\/wp\/v2\/posts"}],"about":[{"href":"https:\/\/www.mecerreyes.com\/mece\/index.php?rest_route=\/wp\/v2\/types\/post"}],"author":[{"embeddable":true,"href":"https:\/\/www.mecerreyes.com\/mece\/index.php?rest_route=\/wp\/v2\/users\/5"}],"replies":[{"embeddable":true,"href":"https:\/\/www.mecerreyes.com\/mece\/index.php?rest_route=%2Fwp%2Fv2%2Fcomments&post=6005"}],"version-history":[{"count":0,"href":"https:\/\/www.mecerreyes.com\/mece\/index.php?rest_route=\/wp\/v2\/posts\/6005\/revisions"}],"wp:attachment":[{"href":"https:\/\/www.mecerreyes.com\/mece\/index.php?rest_route=%2Fwp%2Fv2%2Fmedia&parent=6005"}],"wp:term":[{"taxonomy":"category","embeddable":true,"href":"https:\/\/www.mecerreyes.com\/mece\/index.php?rest_route=%2Fwp%2Fv2%2Fcategories&post=6005"},{"taxonomy":"post_tag","embeddable":true,"href":"https:\/\/www.mecerreyes.com\/mece\/index.php?rest_route=%2Fwp%2Fv2%2Ftags&post=6005"}],"curies":[{"name":"wp","href":"https:\/\/api.w.org\/{rel}","templated":true}]}}