{"id":662,"date":"2009-10-15T15:08:50","date_gmt":"2009-10-15T14:08:50","guid":{"rendered":"http:\/\/www.mecerreyes.com\/mece\/?p=662"},"modified":"2011-09-29T14:58:12","modified_gmt":"2011-09-29T13:58:12","slug":"imagenes-y-cronica-fiestas-de-accion-de-gracias-2009","status":"publish","type":"post","link":"https:\/\/www.mecerreyes.com\/mece\/?p=662","title":{"rendered":"Im\u00e1genes y Cr\u00f3nica &#8211; Fiestas de Acci\u00f3n de Gracias 2009"},"content":{"rendered":"<p><em>Aunque un poco tarde \u2013por problemas t\u00e9cnicos-, publicamos una peque\u00f1a cr\u00f3nica de lo que han sido las Fiestas de <a  href=\"https:\/\/www.mecerreyes.com\/mece\/?page_id=60\">Acci\u00f3n de Gracias<\/a> y Nuestra Se\u00f1ora del Camino de este 2009, acompa\u00f1ada de varias fotos que como se suele decir: \u201cuna imagen vale m\u00e1s que mil palabras\u201d<\/em><\/p>\n<p><strong>\u00a0<\/strong><\/p>\n<p><strong>\u00a0<\/strong><\/p>\n<p><strong>\u00a0<\/strong><\/p>\n<p><strong>DOMINGO 23 \u2013 Bajada de la Virgen<\/strong><\/p>\n<p>Por la ma\u00f1ana subimos casi todo el pueblo para tener la Misa en la ermita. La afluencia fue masiva. La celebraci\u00f3n estuvo presidida por Miguel \u00c1ngel, que estuvo acompa\u00f1ado de Javier, Jes\u00fas, Alejandro y Roberto; Alejandro se encarg\u00f3 de la predicaci\u00f3n. La gente subi\u00f3 con mucho calor y baj\u00f3 con m\u00e1s.<\/p>\n<p>\u00a0A la hora de comer algunos valientes se quedaron en los bonitos alrede<img loading=\"lazy\" decoding=\"async\" class=\"size-thumbnail wp-image-657 alignright\" src=\"http:\/\/www.mecerreyes.com\/mece\/wp-content\/uploads\/2009\/10\/23-08-09-Virgen-del-Camino-romeria-150x150.jpg\" alt=\"23-08-09 Virgen del Camino, romeria\" width=\"150\" height=\"150\" srcset=\"https:\/\/www.mecerreyes.com\/mece\/wp-content\/uploads\/2009\/10\/23-08-09-Virgen-del-Camino-romeria-150x150.jpg 150w, https:\/\/www.mecerreyes.com\/mece\/wp-content\/uploads\/2009\/10\/23-08-09-Virgen-del-Camino-romeria.JPG 300w\" sizes=\"(max-width: 150px) 100vw, 150px\" \/>dores refugiados del intenso calor a la sombra de las encinas.<\/p>\n<p>Por la tarde rezamos v\u00edsperas y a continuaci\u00f3n <strong><em>bajamos a la Virgen<\/em><\/strong> entre c\u00e1nticos, rezos y m\u00fasica popular a cargo de Dani y Benito. Cuando llegamos a la Iglesia cantamos la salve e introdujimos a la Virgen en la Iglesia.<\/p>\n<p>\u00a0<strong>JUEVES 27 (jueves de fiestas)<\/strong><\/p>\n<p><img loading=\"lazy\" decoding=\"async\" class=\"alignleft size-thumbnail wp-image-658\" src=\"http:\/\/www.mecerreyes.com\/mece\/wp-content\/uploads\/2009\/10\/27-08-09-Pincho-150x150.jpg\" alt=\"27-08-09 Pincho\" width=\"150\" height=\"150\" srcset=\"https:\/\/www.mecerreyes.com\/mece\/wp-content\/uploads\/2009\/10\/27-08-09-Pincho-150x150.jpg 150w, https:\/\/www.mecerreyes.com\/mece\/wp-content\/uploads\/2009\/10\/27-08-09-Pincho.JPG 300w\" sizes=\"(max-width: 150px) 100vw, 150px\" \/>Por la ma\u00f1ana <strong><em>concurso infantil de dibujo<\/em><\/strong> patrocinado por Caja de Burgos. Tuvo muy buena acogida.<\/p>\n<p>Comenzamos las fiestas con la <strong><em>ofrenda floral<\/em><\/strong>. Una multitud de personas se acercaron con su cari\u00f1o manifestado en sus flores a honrar a la Virgen; el <a  href=\"https:\/\/www.mecerreyes.com\/mece\/?page_id=24\">Ayuntamiento<\/a>, las <a  href=\"https:\/\/www.mecerreyes.com\/mece\/?page_id=265\">Asociaciones<\/a>, algunas <a  href=\"https:\/\/www.mecerreyes.com\/mece\/?page_id=268\">pe\u00f1as<\/a>, la corte de honor y muchos particulares decoraron la imagen de <a  href=\"https:\/\/www.mecerreyes.com\/mece\/?page_id=54\">la Virgen del Camino<\/a> con infinidad de colores. La Cofrad\u00eda se encarg\u00f3 de la organizaci\u00f3n del acto.<\/p>\n<p>Despu\u00e9s bajamos en pasacalles hasta el parque donde todo el pueblo estaba a la espera del <strong><em>pincho<\/em><\/strong>, acto ya popular y arraigado en estas fiestas. Se repartieron m\u00e1s de 1200 raciones consistentes en un pincho de chorizo, careta, morcilla, pan y bebida a elegir entre refresco o vino. La gente disfrut\u00f3 de lo lindo de las viandas ofrecidas y preparadas por los voluntarios de siempre.<\/p>\n<p>A eso de las 22:25 tuvo lugar la <strong><em>proclamaci\u00f3n oficial de la reina, mozo y damas de honor<\/em><\/strong> de las Fiestas de <a  href=\"https:\/\/www.mecerreyes.com\/mece\/?page_id=60\">Acci\u00f3n de gracias<\/a> y Nuestra Se\u00f1ora del Camino. Tuvieron el honor de ser los representantes oficiosos del pueblo: Elena Santamar\u00eda Vicario (reina), Ra\u00fal Marina Cuevas (mozo), Est\u00edbaliz Ruiz Santamar\u00eda y Mail\u00e9n Aus\u00edn Mart\u00edn (damas de honor). Con la lectura del preg\u00f3n y el canto emotivo del <a  href=\"https:\/\/www.mecerreyes.com\/mece\/?page_id=19\">himno<\/a> de Mecerreyes se dio el pistoletazo de salida a cuatro intens\u00edsimos d\u00edas de verbenas, alcohol y rock and roll. Las <strong><em>carrozas<\/em><\/strong> y los <strong><em>disfraces<\/em><\/strong> pusieron la nota de humor y color con el tema de <em>Polic\u00edas y ladrones<\/em>. Por la noche la verbena.<\/p>\n<p><strong>VIERNES 28<\/strong><\/p>\n<p>El viernes es el <strong><em>d\u00eda dedicado a los ni\u00f1os<\/em><\/strong>. La misa por la ma\u00f1ana, presidida por D. Jos\u00e9 Cerreda, p\u00e1rroco de la Sagrada Familia de Burgos, estuvo amenizada por un peque\u00f1o grupito de nueve incondicionales ni\u00f1os que animaron la celebraci\u00f3n con seis cantos. Despu\u00e9s juegos durante todo el d\u00eda.<\/p>\n<p>Muchos incondicionales jugaron largo y tendido a la <strong><em>tuta<\/em><\/strong>. \u00d3scar, como siempre, supo llevar las riendas del juego y de los participantes. Gracias al bar Rimbomb\u00edn que como siempre colabor\u00f3 con esta actividad.<\/p>\n<p>Y por la noche, baile y a la madrugada la verbena. Mucha gente de los pueblos cercanos vinieron a disfrutar\u2026 ellos solos en el botell\u00f3n.<\/p>\n<p><strong>S\u00c1BADO 29 \u2013 D\u00cdA DE ACCI\u00d3N DE GRACIAS<\/strong><\/p>\n<p><img loading=\"lazy\" decoding=\"async\" class=\"alignleft size-thumbnail wp-image-660\" src=\"http:\/\/www.mecerreyes.com\/mece\/wp-content\/uploads\/2009\/10\/29-08-09-Disfraces-infantiles-150x150.jpg\" alt=\"29-08-09 Disfraces infantiles\" width=\"150\" height=\"150\" srcset=\"https:\/\/www.mecerreyes.com\/mece\/wp-content\/uploads\/2009\/10\/29-08-09-Disfraces-infantiles-150x150.jpg 150w, https:\/\/www.mecerreyes.com\/mece\/wp-content\/uploads\/2009\/10\/29-08-09-Disfraces-infantiles.JPG 300w\" sizes=\"(max-width: 150px) 100vw, 150px\" \/>A las 8 puntuales como un clavo comenzaron las <strong><em>dianas<\/em><\/strong> que se alargaron hasta las 11:55. Desde aqu\u00ed pedimos disculpas a las casas que no pudieron disfrutar del despertar musical. De las m\u00e1s de 80 personas que las iniciaron solo acabaron unos pocos (los m\u00fasicos, \u00d3scar y pocos m\u00e1s).<\/p>\n<p>A las 12:00 el acto central del d\u00eda: la Misa con afluencia masiva y a continuaci\u00f3n la <strong><em>procesi\u00f3n con <a  href=\"https:\/\/www.mecerreyes.com\/mece\/?page_id=54\">la Virgen del Camino<\/a><\/em><\/strong>, poco bailada por el calor. Nuestro reconocimiento a la labor de los m\u00fasicos que estuvieron no s\u00e9 cu\u00e1ntas horas d\u00e1ndole al instrumento. Los ni\u00f1os pudieron disfrutar del <strong><em>parque infantil<\/em><\/strong> en su nueva ubicaci\u00f3n: el patio de las escuelas.<\/p>\n<p>Por la tarde <strong><em>much\u00edsimos ni\u00f1os fueron disfrazados a la plaza<\/em><\/strong>. La gente mayor se conform\u00f3 con o\u00edr, ver\u2026, y gritar. Romanos, novios, fregonas, s\u00e1ndwiches, pintores, princesas\u2026, y todo lo que os quer\u00e1is imaginar: hasta de infusiones hubo alg\u00fan valiente.<\/p>\n<p>Por la tarde baile popular y por la noche verbena.<\/p>\n<p><strong>DOMINGO 30<\/strong><\/p>\n<p><img loading=\"lazy\" decoding=\"async\" class=\"alignleft size-thumbnail wp-image-656\" src=\"http:\/\/www.mecerreyes.com\/mece\/wp-content\/uploads\/2009\/10\/30-08-09-Fiesta-de-la-espuma-150x150.jpg\" alt=\"30-08-09 Fiesta de la espuma\" width=\"150\" height=\"150\" srcset=\"https:\/\/www.mecerreyes.com\/mece\/wp-content\/uploads\/2009\/10\/30-08-09-Fiesta-de-la-espuma-150x150.jpg 150w, https:\/\/www.mecerreyes.com\/mece\/wp-content\/uploads\/2009\/10\/30-08-09-Fiesta-de-la-espuma.JPG 300w\" sizes=\"(max-width: 150px) 100vw, 150px\" \/>Como todos los domingos la <strong><em>santa Misa<\/em><\/strong>. Pero no fue una misa normal; los ritmos castellanos que nos llegaban desde el coro llenaron las b\u00f3vedas de resonancias de ayer y hoy; todos disfrutaron de esa misa tan querida y valorada en el pueblo: la misa castellana.<\/p>\n<p>Despu\u00e9s\u2026 <strong><em>LA FIESTA DE LA ESPUMA<\/em><\/strong>!!!!!!! \u00a1Hala, a llenarse de\u2026! Y luego los graciosos a dar abrazos a la gente seca. Divertido como pocas cosas hay. Sobre todo la sustituci\u00f3n de la piscina por el pil\u00f3n: los largos, los aclarados\u2026 El caso es que se qued\u00f3 sin agua.<\/p>\n<p>Mientras tanto los mayores no quisieron bailar, y eso que hab\u00eda m\u00fasica en vivo y en directo. T\u00e1mbara no se qued\u00f3 solo porque hab\u00eda mucha gente tomando el verm\u00fa, pero si tienen que cobrar por la gente que baila este a\u00f1o se van con las manos vac\u00edas. Menos beber y m\u00e1s bailar, que os va a salir una barriga cervecera\u2026<\/p>\n<p>Por la tarde con el cuerpo roto por el cansancio algo m\u00e1s tranquilo: la entrega de premios.<\/p>\n<p>\u00a0Por la noche: baile y verbena.<\/p>\n\n\t\t<style type=\"text\/css\">\n\t\t\t#gallery-1 {\n\t\t\t\tmargin: auto;\n\t\t\t}\n\t\t\t#gallery-1 .gallery-item {\n\t\t\t\tfloat: left;\n\t\t\t\tmargin-top: 10px;\n\t\t\t\ttext-align: center;\n\t\t\t\twidth: 33%;\n\t\t\t}\n\t\t\t#gallery-1 img {\n\t\t\t\tborder: 2px solid #cfcfcf;\n\t\t\t}\n\t\t\t#gallery-1 .gallery-caption {\n\t\t\t\tmargin-left: 0;\n\t\t\t}\n\t\t\t\/* see gallery_shortcode() in wp-includes\/media.php *\/\n\t\t<\/style>\n\t\t<div id='gallery-1' class='gallery galleryid-662 gallery-columns-3 gallery-size-thumbnail'><dl class='gallery-item'>\n\t\t\t<dt class='gallery-icon landscape'>\n\t\t\t\t<a  href=\"https:\/\/www.mecerreyes.com\/mece\/wp-content\/uploads\/2009\/10\/23-08-09-Virgen-del-Camino-romeria.JPG\" class=\"thickbox no_icon\" title=\"\"><img loading=\"lazy\" decoding=\"async\" width=\"150\" height=\"150\" src=\"https:\/\/www.mecerreyes.com\/mece\/wp-content\/uploads\/2009\/10\/23-08-09-Virgen-del-Camino-romeria-150x150.jpg\" class=\"attachment-thumbnail size-thumbnail\" alt=\"\" srcset=\"https:\/\/www.mecerreyes.com\/mece\/wp-content\/uploads\/2009\/10\/23-08-09-Virgen-del-Camino-romeria-150x150.jpg 150w, https:\/\/www.mecerreyes.com\/mece\/wp-content\/uploads\/2009\/10\/23-08-09-Virgen-del-Camino-romeria.JPG 300w\" sizes=\"(max-width: 150px) 100vw, 150px\" \/><\/a>\n\t\t\t<\/dt><\/dl><dl class='gallery-item'>\n\t\t\t<dt class='gallery-icon landscape'>\n\t\t\t\t<a  href=\"https:\/\/www.mecerreyes.com\/mece\/wp-content\/uploads\/2009\/10\/Virgen-del-Camino-romeria-8-2009-31.JPG\" class=\"thickbox no_icon\" title=\"\"><img loading=\"lazy\" decoding=\"async\" width=\"150\" height=\"150\" src=\"https:\/\/www.mecerreyes.com\/mece\/wp-content\/uploads\/2009\/10\/Virgen-del-Camino-romeria-8-2009-31-150x150.jpg\" class=\"attachment-thumbnail size-thumbnail\" alt=\"\" \/><\/a>\n\t\t\t<\/dt><\/dl><dl class='gallery-item'>\n\t\t\t<dt class='gallery-icon landscape'>\n\t\t\t\t<a  href=\"https:\/\/www.mecerreyes.com\/mece\/wp-content\/uploads\/2009\/10\/27-08-09-Pincho.JPG\" class=\"thickbox no_icon\" title=\"\"><img loading=\"lazy\" decoding=\"async\" width=\"150\" height=\"150\" src=\"https:\/\/www.mecerreyes.com\/mece\/wp-content\/uploads\/2009\/10\/27-08-09-Pincho-150x150.jpg\" class=\"attachment-thumbnail size-thumbnail\" alt=\"\" srcset=\"https:\/\/www.mecerreyes.com\/mece\/wp-content\/uploads\/2009\/10\/27-08-09-Pincho-150x150.jpg 150w, https:\/\/www.mecerreyes.com\/mece\/wp-content\/uploads\/2009\/10\/27-08-09-Pincho.JPG 300w\" sizes=\"(max-width: 150px) 100vw, 150px\" \/><\/a>\n\t\t\t<\/dt><\/dl><br style=\"clear: both\" \/><dl class='gallery-item'>\n\t\t\t<dt class='gallery-icon landscape'>\n\t\t\t\t<a  href=\"https:\/\/www.mecerreyes.com\/mece\/wp-content\/uploads\/2009\/10\/Pincho-2009-11.JPG\" class=\"thickbox no_icon\" title=\"\"><img loading=\"lazy\" decoding=\"async\" width=\"150\" height=\"150\" src=\"https:\/\/www.mecerreyes.com\/mece\/wp-content\/uploads\/2009\/10\/Pincho-2009-11-150x150.jpg\" class=\"attachment-thumbnail size-thumbnail\" alt=\"\" \/><\/a>\n\t\t\t<\/dt><\/dl><dl class='gallery-item'>\n\t\t\t<dt class='gallery-icon landscape'>\n\t\t\t\t<a  href=\"https:\/\/www.mecerreyes.com\/mece\/wp-content\/uploads\/2009\/10\/Pincho-2009-21.JPG\" class=\"thickbox no_icon\" title=\"\"><img loading=\"lazy\" decoding=\"async\" width=\"150\" height=\"150\" src=\"https:\/\/www.mecerreyes.com\/mece\/wp-content\/uploads\/2009\/10\/Pincho-2009-21-150x150.jpg\" class=\"attachment-thumbnail size-thumbnail\" alt=\"\" \/><\/a>\n\t\t\t<\/dt><\/dl><dl class='gallery-item'>\n\t\t\t<dt class='gallery-icon landscape'>\n\t\t\t\t<a  href=\"https:\/\/www.mecerreyes.com\/mece\/wp-content\/uploads\/2009\/10\/Proclamacion-Reinas-y-desfile-pe\u00f1as-6.JPG\" class=\"thickbox no_icon\" title=\"\"><img loading=\"lazy\" decoding=\"async\" width=\"150\" height=\"150\" src=\"https:\/\/www.mecerreyes.com\/mece\/wp-content\/uploads\/2009\/10\/Proclamacion-Reinas-y-desfile-pe\u00f1as-6-150x150.jpg\" class=\"attachment-thumbnail size-thumbnail\" alt=\"\" \/><\/a>\n\t\t\t<\/dt><\/dl><br style=\"clear: both\" \/><dl class='gallery-item'>\n\t\t\t<dt class='gallery-icon landscape'>\n\t\t\t\t<a  href=\"https:\/\/www.mecerreyes.com\/mece\/wp-content\/uploads\/2009\/10\/Proclamacion-Reinas-y-desfile-pe\u00f1as.JPG\" class=\"thickbox no_icon\" title=\"\"><img loading=\"lazy\" decoding=\"async\" width=\"150\" height=\"150\" src=\"https:\/\/www.mecerreyes.com\/mece\/wp-content\/uploads\/2009\/10\/Proclamacion-Reinas-y-desfile-pe\u00f1as-150x150.jpg\" class=\"attachment-thumbnail size-thumbnail\" alt=\"\" \/><\/a>\n\t\t\t<\/dt><\/dl><dl class='gallery-item'>\n\t\t\t<dt class='gallery-icon landscape'>\n\t\t\t\t<a  href=\"https:\/\/www.mecerreyes.com\/mece\/wp-content\/uploads\/2009\/10\/Proclamacion-Reinas-y-desfile-pe\u00f1as-31.JPG\" class=\"thickbox no_icon\" title=\"\"><img loading=\"lazy\" decoding=\"async\" width=\"150\" height=\"150\" src=\"https:\/\/www.mecerreyes.com\/mece\/wp-content\/uploads\/2009\/10\/Proclamacion-Reinas-y-desfile-pe\u00f1as-31-150x150.jpg\" class=\"attachment-thumbnail size-thumbnail\" alt=\"\" \/><\/a>\n\t\t\t<\/dt><\/dl><dl class='gallery-item'>\n\t\t\t<dt class='gallery-icon landscape'>\n\t\t\t\t<a  href=\"https:\/\/www.mecerreyes.com\/mece\/wp-content\/uploads\/2009\/10\/Proclamacion-Reinas-y-desfile-pe\u00f1as-11.JPG\" class=\"thickbox no_icon\" title=\"\"><img loading=\"lazy\" decoding=\"async\" width=\"150\" height=\"150\" src=\"https:\/\/www.mecerreyes.com\/mece\/wp-content\/uploads\/2009\/10\/Proclamacion-Reinas-y-desfile-pe\u00f1as-11-150x150.jpg\" class=\"attachment-thumbnail size-thumbnail\" alt=\"\" \/><\/a>\n\t\t\t<\/dt><\/dl><br style=\"clear: both\" \/><dl class='gallery-item'>\n\t\t\t<dt class='gallery-icon landscape'>\n\t\t\t\t<a  href=\"https:\/\/www.mecerreyes.com\/mece\/wp-content\/uploads\/2009\/10\/Proclamacion-Reinas-y-desfile-pe\u00f1as-41.JPG\" class=\"thickbox no_icon\" title=\"\"><img loading=\"lazy\" decoding=\"async\" width=\"150\" height=\"150\" src=\"https:\/\/www.mecerreyes.com\/mece\/wp-content\/uploads\/2009\/10\/Proclamacion-Reinas-y-desfile-pe\u00f1as-41-150x150.jpg\" class=\"attachment-thumbnail size-thumbnail\" alt=\"\" \/><\/a>\n\t\t\t<\/dt><\/dl><dl class='gallery-item'>\n\t\t\t<dt class='gallery-icon landscape'>\n\t\t\t\t<a  href=\"https:\/\/www.mecerreyes.com\/mece\/wp-content\/uploads\/2009\/10\/28-08-09-Juegos-de-ni\u00f1os.JPG\" class=\"thickbox no_icon\" title=\"\"><img loading=\"lazy\" decoding=\"async\" width=\"150\" height=\"150\" src=\"https:\/\/www.mecerreyes.com\/mece\/wp-content\/uploads\/2009\/10\/28-08-09-Juegos-de-ni\u00f1os-150x150.jpg\" class=\"attachment-thumbnail size-thumbnail\" alt=\"\" srcset=\"https:\/\/www.mecerreyes.com\/mece\/wp-content\/uploads\/2009\/10\/28-08-09-Juegos-de-ni\u00f1os-150x150.jpg 150w, https:\/\/www.mecerreyes.com\/mece\/wp-content\/uploads\/2009\/10\/28-08-09-Juegos-de-ni\u00f1os.JPG 300w\" sizes=\"(max-width: 150px) 100vw, 150px\" \/><\/a>\n\t\t\t<\/dt><\/dl><dl class='gallery-item'>\n\t\t\t<dt class='gallery-icon landscape'>\n\t\t\t\t<a  href=\"https:\/\/www.mecerreyes.com\/mece\/wp-content\/uploads\/2009\/10\/Juegos-de-ni\u00f1os-11.JPG\" class=\"thickbox no_icon\" title=\"\"><img loading=\"lazy\" decoding=\"async\" width=\"150\" height=\"150\" src=\"https:\/\/www.mecerreyes.com\/mece\/wp-content\/uploads\/2009\/10\/Juegos-de-ni\u00f1os-11-150x150.jpg\" class=\"attachment-thumbnail size-thumbnail\" alt=\"\" \/><\/a>\n\t\t\t<\/dt><\/dl><br style=\"clear: both\" \/><dl class='gallery-item'>\n\t\t\t<dt class='gallery-icon landscape'>\n\t\t\t\t<a  href=\"https:\/\/www.mecerreyes.com\/mece\/wp-content\/uploads\/2009\/10\/Juegos-de-ni\u00f1os-21.JPG\" class=\"thickbox no_icon\" title=\"\"><img loading=\"lazy\" decoding=\"async\" width=\"150\" height=\"150\" src=\"https:\/\/www.mecerreyes.com\/mece\/wp-content\/uploads\/2009\/10\/Juegos-de-ni\u00f1os-21-150x150.jpg\" class=\"attachment-thumbnail size-thumbnail\" alt=\"\" \/><\/a>\n\t\t\t<\/dt><\/dl><dl class='gallery-item'>\n\t\t\t<dt class='gallery-icon landscape'>\n\t\t\t\t<a  href=\"https:\/\/www.mecerreyes.com\/mece\/wp-content\/uploads\/2009\/10\/Mecerreyes-Dianas-20051.JPG\" class=\"thickbox no_icon\" title=\"\"><img loading=\"lazy\" decoding=\"async\" width=\"150\" height=\"150\" src=\"https:\/\/www.mecerreyes.com\/mece\/wp-content\/uploads\/2009\/10\/Mecerreyes-Dianas-20051-150x150.jpg\" class=\"attachment-thumbnail size-thumbnail\" alt=\"\" \/><\/a>\n\t\t\t<\/dt><\/dl><dl class='gallery-item'>\n\t\t\t<dt class='gallery-icon landscape'>\n\t\t\t\t<a  href=\"https:\/\/www.mecerreyes.com\/mece\/wp-content\/uploads\/2009\/10\/Mecerreyes-Dianas-2005-21.JPG\" class=\"thickbox no_icon\" title=\"\"><img loading=\"lazy\" decoding=\"async\" width=\"150\" height=\"150\" src=\"https:\/\/www.mecerreyes.com\/mece\/wp-content\/uploads\/2009\/10\/Mecerreyes-Dianas-2005-21-150x150.jpg\" class=\"attachment-thumbnail size-thumbnail\" alt=\"\" \/><\/a>\n\t\t\t<\/dt><\/dl><br style=\"clear: both\" \/><dl class='gallery-item'>\n\t\t\t<dt class='gallery-icon landscape'>\n\t\t\t\t<a  href=\"https:\/\/www.mecerreyes.com\/mece\/wp-content\/uploads\/2009\/10\/Mecerreyes-Dianas-2005-11.JPG\" class=\"thickbox no_icon\" title=\"\"><img loading=\"lazy\" decoding=\"async\" width=\"150\" height=\"150\" src=\"https:\/\/www.mecerreyes.com\/mece\/wp-content\/uploads\/2009\/10\/Mecerreyes-Dianas-2005-11-150x150.jpg\" class=\"attachment-thumbnail size-thumbnail\" alt=\"\" \/><\/a>\n\t\t\t<\/dt><\/dl><dl class='gallery-item'>\n\t\t\t<dt class='gallery-icon landscape'>\n\t\t\t\t<a  href=\"https:\/\/www.mecerreyes.com\/mece\/wp-content\/uploads\/2009\/10\/Procesi\u00f3n-31.JPG\" class=\"thickbox no_icon\" title=\"\"><img loading=\"lazy\" decoding=\"async\" width=\"150\" height=\"150\" src=\"https:\/\/www.mecerreyes.com\/mece\/wp-content\/uploads\/2009\/10\/Procesi\u00f3n-31-150x150.jpg\" class=\"attachment-thumbnail size-thumbnail\" alt=\"\" \/><\/a>\n\t\t\t<\/dt><\/dl><dl class='gallery-item'>\n\t\t\t<dt class='gallery-icon landscape'>\n\t\t\t\t<a  href=\"https:\/\/www.mecerreyes.com\/mece\/wp-content\/uploads\/2009\/10\/Procesi\u00f3n-21.JPG\" class=\"thickbox no_icon\" title=\"\"><img loading=\"lazy\" decoding=\"async\" width=\"150\" height=\"150\" src=\"https:\/\/www.mecerreyes.com\/mece\/wp-content\/uploads\/2009\/10\/Procesi\u00f3n-21-150x150.jpg\" class=\"attachment-thumbnail size-thumbnail\" alt=\"\" \/><\/a>\n\t\t\t<\/dt><\/dl><br style=\"clear: both\" \/><dl class='gallery-item'>\n\t\t\t<dt class='gallery-icon landscape'>\n\t\t\t\t<a  href=\"https:\/\/www.mecerreyes.com\/mece\/wp-content\/uploads\/2009\/10\/Procesi\u00f3n1.JPG\" class=\"thickbox no_icon\" title=\"\"><img loading=\"lazy\" decoding=\"async\" width=\"150\" height=\"150\" src=\"https:\/\/www.mecerreyes.com\/mece\/wp-content\/uploads\/2009\/10\/Procesi\u00f3n1-150x150.jpg\" class=\"attachment-thumbnail size-thumbnail\" alt=\"\" \/><\/a>\n\t\t\t<\/dt><\/dl><dl class='gallery-item'>\n\t\t\t<dt class='gallery-icon landscape'>\n\t\t\t\t<a  href=\"https:\/\/www.mecerreyes.com\/mece\/wp-content\/uploads\/2009\/10\/Procesi\u00f3n-11.JPG\" class=\"thickbox no_icon\" title=\"\"><img loading=\"lazy\" decoding=\"async\" width=\"150\" height=\"150\" src=\"https:\/\/www.mecerreyes.com\/mece\/wp-content\/uploads\/2009\/10\/Procesi\u00f3n-11-150x150.jpg\" class=\"attachment-thumbnail size-thumbnail\" alt=\"\" \/><\/a>\n\t\t\t<\/dt><\/dl><dl class='gallery-item'>\n\t\t\t<dt class='gallery-icon landscape'>\n\t\t\t\t<a  href=\"https:\/\/www.mecerreyes.com\/mece\/wp-content\/uploads\/2009\/10\/Proclamacion-Reinas-y-desfile-pe\u00f1as-5.JPG\" class=\"thickbox no_icon\" title=\"\"><img loading=\"lazy\" decoding=\"async\" width=\"150\" height=\"150\" src=\"https:\/\/www.mecerreyes.com\/mece\/wp-content\/uploads\/2009\/10\/Proclamacion-Reinas-y-desfile-pe\u00f1as-5-150x150.jpg\" class=\"attachment-thumbnail size-thumbnail\" alt=\"\" \/><\/a>\n\t\t\t<\/dt><\/dl><br style=\"clear: both\" \/><dl class='gallery-item'>\n\t\t\t<dt class='gallery-icon landscape'>\n\t\t\t\t<a  href=\"https:\/\/www.mecerreyes.com\/mece\/wp-content\/uploads\/2009\/10\/29-08-09-Disfraces-infantiles.JPG\" class=\"thickbox no_icon\" title=\"\"><img loading=\"lazy\" decoding=\"async\" width=\"150\" height=\"150\" src=\"https:\/\/www.mecerreyes.com\/mece\/wp-content\/uploads\/2009\/10\/29-08-09-Disfraces-infantiles-150x150.jpg\" class=\"attachment-thumbnail size-thumbnail\" alt=\"\" srcset=\"https:\/\/www.mecerreyes.com\/mece\/wp-content\/uploads\/2009\/10\/29-08-09-Disfraces-infantiles-150x150.jpg 150w, https:\/\/www.mecerreyes.com\/mece\/wp-content\/uploads\/2009\/10\/29-08-09-Disfraces-infantiles.JPG 300w\" sizes=\"(max-width: 150px) 100vw, 150px\" \/><\/a>\n\t\t\t<\/dt><\/dl><dl class='gallery-item'>\n\t\t\t<dt class='gallery-icon landscape'>\n\t\t\t\t<a  href=\"https:\/\/www.mecerreyes.com\/mece\/wp-content\/uploads\/2009\/10\/Disfraces-infantiles-2009-51.JPG\" class=\"thickbox no_icon\" title=\"\"><img loading=\"lazy\" decoding=\"async\" width=\"150\" height=\"150\" src=\"https:\/\/www.mecerreyes.com\/mece\/wp-content\/uploads\/2009\/10\/Disfraces-infantiles-2009-51-150x150.jpg\" class=\"attachment-thumbnail size-thumbnail\" alt=\"\" \/><\/a>\n\t\t\t<\/dt><\/dl><dl class='gallery-item'>\n\t\t\t<dt class='gallery-icon landscape'>\n\t\t\t\t<a  href=\"https:\/\/www.mecerreyes.com\/mece\/wp-content\/uploads\/2009\/10\/Disfraces-infantiles-2009-31.JPG\" class=\"thickbox no_icon\" title=\"\"><img loading=\"lazy\" decoding=\"async\" width=\"150\" height=\"150\" src=\"https:\/\/www.mecerreyes.com\/mece\/wp-content\/uploads\/2009\/10\/Disfraces-infantiles-2009-31-150x150.jpg\" class=\"attachment-thumbnail size-thumbnail\" alt=\"\" \/><\/a>\n\t\t\t<\/dt><\/dl><br style=\"clear: both\" \/><dl class='gallery-item'>\n\t\t\t<dt class='gallery-icon landscape'>\n\t\t\t\t<a  href=\"https:\/\/www.mecerreyes.com\/mece\/wp-content\/uploads\/2009\/10\/Disfraces-infantiles-2009-21.JPG\" class=\"thickbox no_icon\" title=\"\"><img loading=\"lazy\" decoding=\"async\" width=\"150\" height=\"150\" src=\"https:\/\/www.mecerreyes.com\/mece\/wp-content\/uploads\/2009\/10\/Disfraces-infantiles-2009-21-150x150.jpg\" class=\"attachment-thumbnail size-thumbnail\" alt=\"\" \/><\/a>\n\t\t\t<\/dt><\/dl><dl class='gallery-item'>\n\t\t\t<dt class='gallery-icon landscape'>\n\t\t\t\t<a  href=\"https:\/\/www.mecerreyes.com\/mece\/wp-content\/uploads\/2009\/10\/Disfraces-infantiles-2009-11.JPG\" class=\"thickbox no_icon\" title=\"\"><img loading=\"lazy\" decoding=\"async\" width=\"150\" height=\"150\" src=\"https:\/\/www.mecerreyes.com\/mece\/wp-content\/uploads\/2009\/10\/Disfraces-infantiles-2009-11-150x150.jpg\" class=\"attachment-thumbnail size-thumbnail\" alt=\"\" \/><\/a>\n\t\t\t<\/dt><\/dl><dl class='gallery-item'>\n\t\t\t<dt class='gallery-icon landscape'>\n\t\t\t\t<a  href=\"https:\/\/www.mecerreyes.com\/mece\/wp-content\/uploads\/2009\/10\/Fiesta-de-la-espuma-2009-21.JPG\" class=\"thickbox no_icon\" title=\"\"><img loading=\"lazy\" decoding=\"async\" width=\"150\" height=\"150\" src=\"https:\/\/www.mecerreyes.com\/mece\/wp-content\/uploads\/2009\/10\/Fiesta-de-la-espuma-2009-21-150x150.jpg\" class=\"attachment-thumbnail size-thumbnail\" alt=\"\" \/><\/a>\n\t\t\t<\/dt><\/dl><br style=\"clear: both\" \/><dl class='gallery-item'>\n\t\t\t<dt class='gallery-icon landscape'>\n\t\t\t\t<a  href=\"https:\/\/www.mecerreyes.com\/mece\/wp-content\/uploads\/2009\/10\/30-08-09-Fiesta-de-la-espuma.JPG\" class=\"thickbox no_icon\" title=\"\"><img loading=\"lazy\" decoding=\"async\" width=\"150\" height=\"150\" src=\"https:\/\/www.mecerreyes.com\/mece\/wp-content\/uploads\/2009\/10\/30-08-09-Fiesta-de-la-espuma-150x150.jpg\" class=\"attachment-thumbnail size-thumbnail\" alt=\"\" srcset=\"https:\/\/www.mecerreyes.com\/mece\/wp-content\/uploads\/2009\/10\/30-08-09-Fiesta-de-la-espuma-150x150.jpg 150w, https:\/\/www.mecerreyes.com\/mece\/wp-content\/uploads\/2009\/10\/30-08-09-Fiesta-de-la-espuma.JPG 300w\" sizes=\"(max-width: 150px) 100vw, 150px\" \/><\/a>\n\t\t\t<\/dt><\/dl><dl class='gallery-item'>\n\t\t\t<dt class='gallery-icon landscape'>\n\t\t\t\t<a  href=\"https:\/\/www.mecerreyes.com\/mece\/wp-content\/uploads\/2009\/10\/Fiesta-de-la-espuma-20091.JPG\" class=\"thickbox no_icon\" title=\"\"><img loading=\"lazy\" decoding=\"async\" width=\"150\" height=\"150\" src=\"https:\/\/www.mecerreyes.com\/mece\/wp-content\/uploads\/2009\/10\/Fiesta-de-la-espuma-20091-150x150.jpg\" class=\"attachment-thumbnail size-thumbnail\" alt=\"\" \/><\/a>\n\t\t\t<\/dt><\/dl><dl class='gallery-item'>\n\t\t\t<dt class='gallery-icon landscape'>\n\t\t\t\t<a  href=\"https:\/\/www.mecerreyes.com\/mece\/wp-content\/uploads\/2009\/10\/Fiesta-de-la-espuma-2009-61.JPG\" class=\"thickbox no_icon\" title=\"\"><img loading=\"lazy\" decoding=\"async\" width=\"150\" height=\"150\" src=\"https:\/\/www.mecerreyes.com\/mece\/wp-content\/uploads\/2009\/10\/Fiesta-de-la-espuma-2009-61-150x150.jpg\" class=\"attachment-thumbnail size-thumbnail\" alt=\"\" \/><\/a>\n\t\t\t<\/dt><\/dl><br style=\"clear: both\" \/><dl class='gallery-item'>\n\t\t\t<dt class='gallery-icon landscape'>\n\t\t\t\t<a  href=\"https:\/\/www.mecerreyes.com\/mece\/wp-content\/uploads\/2009\/10\/Fiesta-de-la-espuma-2009-51.JPG\" class=\"thickbox no_icon\" title=\"\"><img loading=\"lazy\" decoding=\"async\" width=\"150\" height=\"150\" src=\"https:\/\/www.mecerreyes.com\/mece\/wp-content\/uploads\/2009\/10\/Fiesta-de-la-espuma-2009-51-150x150.jpg\" class=\"attachment-thumbnail size-thumbnail\" alt=\"\" \/><\/a>\n\t\t\t<\/dt><\/dl><dl class='gallery-item'>\n\t\t\t<dt class='gallery-icon landscape'>\n\t\t\t\t<a  href=\"https:\/\/www.mecerreyes.com\/mece\/wp-content\/uploads\/2009\/10\/Fiesta-de-la-espuma-2009-41.JPG\" class=\"thickbox no_icon\" title=\"\"><img loading=\"lazy\" decoding=\"async\" width=\"150\" height=\"150\" src=\"https:\/\/www.mecerreyes.com\/mece\/wp-content\/uploads\/2009\/10\/Fiesta-de-la-espuma-2009-41-150x150.jpg\" class=\"attachment-thumbnail size-thumbnail\" alt=\"\" \/><\/a>\n\t\t\t<\/dt><\/dl><dl class='gallery-item'>\n\t\t\t<dt class='gallery-icon landscape'>\n\t\t\t\t<a  href=\"https:\/\/www.mecerreyes.com\/mece\/wp-content\/uploads\/2009\/10\/Fiesta-de-la-espuma-2009-71.JPG\" class=\"thickbox no_icon\" title=\"\"><img loading=\"lazy\" decoding=\"async\" width=\"150\" height=\"150\" src=\"https:\/\/www.mecerreyes.com\/mece\/wp-content\/uploads\/2009\/10\/Fiesta-de-la-espuma-2009-71-150x150.jpg\" class=\"attachment-thumbnail size-thumbnail\" alt=\"\" \/><\/a>\n\t\t\t<\/dt><\/dl><br style=\"clear: both\" \/><dl class='gallery-item'>\n\t\t\t<dt class='gallery-icon landscape'>\n\t\t\t\t<a  href=\"https:\/\/www.mecerreyes.com\/mece\/wp-content\/uploads\/2009\/10\/Parque-Infantil1.JPG\" class=\"thickbox no_icon\" title=\"\"><img loading=\"lazy\" decoding=\"async\" width=\"150\" height=\"150\" src=\"https:\/\/www.mecerreyes.com\/mece\/wp-content\/uploads\/2009\/10\/Parque-Infantil1-150x150.jpg\" class=\"attachment-thumbnail size-thumbnail\" alt=\"\" \/><\/a>\n\t\t\t<\/dt><\/dl><dl class='gallery-item'>\n\t\t\t<dt class='gallery-icon landscape'>\n\t\t\t\t<a  href=\"https:\/\/www.mecerreyes.com\/mece\/wp-content\/uploads\/2009\/10\/Parque-Infantil-11.JPG\" class=\"thickbox no_icon\" title=\"\"><img loading=\"lazy\" decoding=\"async\" width=\"150\" height=\"150\" src=\"https:\/\/www.mecerreyes.com\/mece\/wp-content\/uploads\/2009\/10\/Parque-Infantil-11-150x150.jpg\" class=\"attachment-thumbnail size-thumbnail\" alt=\"\" \/><\/a>\n\t\t\t<\/dt><\/dl><dl class='gallery-item'>\n\t\t\t<dt class='gallery-icon landscape'>\n\t\t\t\t<a  href=\"https:\/\/www.mecerreyes.com\/mece\/wp-content\/uploads\/2009\/10\/Baile-Vermout1.JPG\" class=\"thickbox no_icon\" title=\"\"><img loading=\"lazy\" decoding=\"async\" width=\"150\" height=\"150\" src=\"https:\/\/www.mecerreyes.com\/mece\/wp-content\/uploads\/2009\/10\/Baile-Vermout1-150x150.jpg\" class=\"attachment-thumbnail size-thumbnail\" alt=\"\" \/><\/a>\n\t\t\t<\/dt><\/dl><br style=\"clear: both\" \/>\n\t\t<\/div>","protected":false},"excerpt":{"rendered":"<p>Aunque un poco tarde \u2013por problemas t\u00e9cnicos-, publicamos una peque\u00f1a cr\u00f3nica de lo que han sido las Fiestas de Acci\u00f3n de Gracias y Nuestra Se\u00f1ora del Camino de este 2009, acompa\u00f1ada de varias fotos que como se suele decir: \u201cuna imagen vale m\u00e1s que mil palabras\u201d \u00a0 \u00a0 \u00a0 DOMINGO 23 \u2013 Bajada de la [&hellip;]<\/p>\n","protected":false},"author":5,"featured_media":0,"comment_status":"open","ping_status":"closed","sticky":false,"template":"","format":"standard","meta":{"_et_pb_use_builder":"","_et_pb_old_content":"","_et_gb_content_width":"","footnotes":""},"categories":[1],"tags":[27,43],"class_list":["post-662","post","type-post","status-publish","format-standard","hentry","category-general","tag-accion-de-gracias","tag-fiestas","et-doesnt-have-format-content","et_post_format-et-post-format-standard"],"_links":{"self":[{"href":"https:\/\/www.mecerreyes.com\/mece\/index.php?rest_route=\/wp\/v2\/posts\/662"}],"collection":[{"href":"https:\/\/www.mecerreyes.com\/mece\/index.php?rest_route=\/wp\/v2\/posts"}],"about":[{"href":"https:\/\/www.mecerreyes.com\/mece\/index.php?rest_route=\/wp\/v2\/types\/post"}],"author":[{"embeddable":true,"href":"https:\/\/www.mecerreyes.com\/mece\/index.php?rest_route=\/wp\/v2\/users\/5"}],"replies":[{"embeddable":true,"href":"https:\/\/www.mecerreyes.com\/mece\/index.php?rest_route=%2Fwp%2Fv2%2Fcomments&post=662"}],"version-history":[{"count":0,"href":"https:\/\/www.mecerreyes.com\/mece\/index.php?rest_route=\/wp\/v2\/posts\/662\/revisions"}],"wp:attachment":[{"href":"https:\/\/www.mecerreyes.com\/mece\/index.php?rest_route=%2Fwp%2Fv2%2Fmedia&parent=662"}],"wp:term":[{"taxonomy":"category","embeddable":true,"href":"https:\/\/www.mecerreyes.com\/mece\/index.php?rest_route=%2Fwp%2Fv2%2Fcategories&post=662"},{"taxonomy":"post_tag","embeddable":true,"href":"https:\/\/www.mecerreyes.com\/mece\/index.php?rest_route=%2Fwp%2Fv2%2Ftags&post=662"}],"curies":[{"name":"wp","href":"https:\/\/api.w.org\/{rel}","templated":true}]}}