{"id":6755,"date":"2013-03-21T02:53:46","date_gmt":"2013-03-21T01:53:46","guid":{"rendered":"http:\/\/www.mecerreyes.com\/mece\/?p=6755"},"modified":"2013-03-21T02:57:40","modified_gmt":"2013-03-21T01:57:40","slug":"horarios-semana-santa-2013-cofradia-de-la-santa-vera-cruz","status":"publish","type":"post","link":"https:\/\/www.mecerreyes.com\/mece\/?p=6755","title":{"rendered":"Horarios Semana Santa 2013 &#8211; Cofrad\u00eda de la Santa Vera Cruz"},"content":{"rendered":"<p style=\"text-align: justify\">Como todos los a\u00f1os por estas fechas, el pueblo vuelve a llenarse de gente que quiere disfrutar de unos d\u00edas de descanso y tranquilidad, para reponer fuerzas hasta las vacaciones de verano, as\u00ed que se abrir\u00e1n de nuevo las puertas de muchas casas y el pueblo, sus calles, su monte y sobre todo, sus gentes&#8230; volver\u00e1n a rebosar luz y colores alegres.<\/p>\n<p style=\"text-align: justify\">Si quieres participar en los actos religiosos programados para estos d\u00edas de <a  href=\"https:\/\/www.mecerreyes.com\/mece\/?page_id=48\">Semana Santa<\/a>, la <a  href=\"https:\/\/www.mecerreyes.com\/mece\/?page_id=35\">parroquia<\/a> nos ha facilitados los horarios que ya puedes consultar.<\/p>\n<p style=\"text-align: justify\">Despu\u00e9s, puedes leer el art\u00edculo publicado en la Revista Mecerreyes del a\u00f1o 1990, n\u00famero 26, a\u00f1o VI, p\u00e1ginas 16 a 25. Autor: Jes\u00fas Gonz\u00e1lez Alonso. T\u00edtulo:<strong>\u00a0Cofrad\u00eda de la Santa Vera Cruz<\/strong>.<\/p>\n<p>&nbsp;<\/p>\n<p><a  href=\"http:\/\/www.mecerreyes.com\/mece\/wp-content\/uploads\/2013\/03\/Mecerreyes-Horario-Semana-Santa-2013-a1.jpg\" class=\"thickbox no_icon\" title=\"\"><img loading=\"lazy\" decoding=\"async\" class=\"alignnone size-large wp-image-6758\" src=\"http:\/\/www.mecerreyes.com\/mece\/wp-content\/uploads\/2013\/03\/Mecerreyes-Horario-Semana-Santa-2013-a1-732x1024.jpg\" alt=\"\" width=\"732\" height=\"1024\" srcset=\"https:\/\/www.mecerreyes.com\/mece\/wp-content\/uploads\/2013\/03\/Mecerreyes-Horario-Semana-Santa-2013-a1-732x1024.jpg 732w, https:\/\/www.mecerreyes.com\/mece\/wp-content\/uploads\/2013\/03\/Mecerreyes-Horario-Semana-Santa-2013-a1-214x300.jpg 214w, https:\/\/www.mecerreyes.com\/mece\/wp-content\/uploads\/2013\/03\/Mecerreyes-Horario-Semana-Santa-2013-a1.jpg 833w\" sizes=\"(max-width: 732px) 100vw, 732px\" \/><\/a><\/p>\n<p>&nbsp;<\/p>\n<p><a  href=\"http:\/\/www.mecerreyes.com\/mece\/wp-content\/uploads\/2013\/03\/Mecerreyes-Horario-Semana-Santa-2013-b1.jpg\" class=\"thickbox no_icon\" title=\"\"><img loading=\"lazy\" decoding=\"async\" class=\"alignnone size-large wp-image-6757\" src=\"http:\/\/www.mecerreyes.com\/mece\/wp-content\/uploads\/2013\/03\/Mecerreyes-Horario-Semana-Santa-2013-b1-763x1024.jpg\" alt=\"\" width=\"763\" height=\"1024\" srcset=\"https:\/\/www.mecerreyes.com\/mece\/wp-content\/uploads\/2013\/03\/Mecerreyes-Horario-Semana-Santa-2013-b1-763x1024.jpg 763w, https:\/\/www.mecerreyes.com\/mece\/wp-content\/uploads\/2013\/03\/Mecerreyes-Horario-Semana-Santa-2013-b1-223x300.jpg 223w, https:\/\/www.mecerreyes.com\/mece\/wp-content\/uploads\/2013\/03\/Mecerreyes-Horario-Semana-Santa-2013-b1.jpg 858w\" sizes=\"(max-width: 763px) 100vw, 763px\" \/><\/a><\/p>\n<p>&nbsp;<\/p>\n<p>Revista Mecerreyes del a\u00f1o 1990, n\u00famero 26, a\u00f1o VI, p\u00e1ginas 16 a 25<\/p>\n<h2 style=\"text-align: center\"><strong><span style=\"text-align: justify\">COFRADIA DE LA SANTA VERA CRUZ\u2013 MECERREYES<\/span><\/strong><\/h2>\n<div id=\"attachment_6767\" style=\"width: 779px\" class=\"wp-caption alignnone\"><a  href=\"http:\/\/www.mecerreyes.com\/mece\/wp-content\/uploads\/2013\/03\/Cofradia-Santa-Vera-Cruz.jpg\" class=\"thickbox no_icon\" title=\"\"><img loading=\"lazy\" decoding=\"async\" aria-describedby=\"caption-attachment-6767\" class=\"size-large wp-image-6767\" src=\"http:\/\/www.mecerreyes.com\/mece\/wp-content\/uploads\/2013\/03\/Cofradia-Santa-Vera-Cruz-769x1024.jpg\" alt=\"\" width=\"769\" height=\"1024\" srcset=\"https:\/\/www.mecerreyes.com\/mece\/wp-content\/uploads\/2013\/03\/Cofradia-Santa-Vera-Cruz-769x1024.jpg 769w, https:\/\/www.mecerreyes.com\/mece\/wp-content\/uploads\/2013\/03\/Cofradia-Santa-Vera-Cruz-225x300.jpg 225w, https:\/\/www.mecerreyes.com\/mece\/wp-content\/uploads\/2013\/03\/Cofradia-Santa-Vera-Cruz.jpg 1210w\" sizes=\"(max-width: 769px) 100vw, 769px\" \/><\/a><p id=\"caption-attachment-6767\" class=\"wp-caption-text\">Revista Mecerreyes del a\u00f1o 1990, n\u00famero 26, a\u00f1o VI, p\u00e1ginas 16 a 25<\/p><\/div>\n<p style=\"text-align: center\"><em><span style=\"color: #0000ff\">\u00ab&#8230;queriendo imitar a nuestro Maestro y Redentor nos los dichos Abades y Cofrades nos abrazamos de todo coraz\u00f3n con dicha Santa Cruz que sea verdadero Estandarte y V\u00e1culo contra los trabajos y tentaciones de esta vida, con cuyo auxilio esperamos victoria de nuestros enemigos mayores: Diablo, Mundo y Carne\u00bb \u00a0 \u00a0 \u00a0 \u00a0 \u00a0 \u00a0 \u00a0 \u00a0 \u00a0 \u00a0 \u00a0 \u00a0 \u00a0 \u00a0<\/span><\/em><\/p>\n<p style=\"text-align: center\"><em><span style=\"color: #0000ff\">(Introducci\u00f3n a la Regla)<\/span><\/em><\/p>\n<p style=\"text-align: justify\">Seg\u00fan el testimonio hist\u00f3rico del Libro de Cuentas \u201cdonde se asientan los gastos y recibos que dicha Cofrad\u00eda tiene\u201d, en el a\u00f1o 1642 funciona en la Villa de Mecerreyes la \u201cHermandad y Cofrad\u00eda de la Santa Vera Cruz\u201d.<\/p>\n<p style=\"text-align: justify\">No podemos precisar cuando comienza a funcionar, pero en el primer cap\u00edtulo<a  href=\"http:\/\/www.mecerreyes.com\/mece\/wp-content\/uploads\/2013\/03\/Cristo-2.jpg\" class=\"thickbox no_icon\" title=\"\"><img loading=\"lazy\" decoding=\"async\" class=\"alignright  wp-image-6770\" src=\"http:\/\/www.mecerreyes.com\/mece\/wp-content\/uploads\/2013\/03\/Cristo-2-485x1024.jpg\" alt=\"\" width=\"272\" height=\"574\" srcset=\"https:\/\/www.mecerreyes.com\/mece\/wp-content\/uploads\/2013\/03\/Cristo-2-485x1024.jpg 485w, https:\/\/www.mecerreyes.com\/mece\/wp-content\/uploads\/2013\/03\/Cristo-2-142x300.jpg 142w, https:\/\/www.mecerreyes.com\/mece\/wp-content\/uploads\/2013\/03\/Cristo-2.jpg 870w\" sizes=\"(max-width: 272px) 100vw, 272px\" \/><\/a> de sus reglas, al concretar la elecci\u00f3n anual de Hermano Mayor y dos Mayordomos a\u00f1ade <em>\u201ccomo es de costumbre que sirvan un a\u00f1o entero\u201d<\/em>. Es pues posible que la cofrad\u00eda funcionase como tal mucho antes, pero hasta el a\u00f1o 1642 no se comienza<em> \u201ca asentar\u201d<\/em> las cuentas y gastos.<\/p>\n<p style=\"text-align: justify\">Fue, sin lugar a dudas, la Cofrad\u00eda m\u00e1s representativa y numerosa de Mecerreyes ya que pod\u00edan pertenecer a ella todos los vecinos, tanto hombres como mujeres. Adem\u00e1s de llevar a cabo su finalidad propiamente espiritual -como queda claramente expresado en la cita de la introducci\u00f3n a las reglas- ten\u00eda tambi\u00e9n una finalidad social, de uni\u00f3n y hermanamiento de todos los cofrades. Eran adem\u00e1s los encargados de la organizaci\u00f3n de los actos de la <a  href=\"https:\/\/www.mecerreyes.com\/mece\/?page_id=48\">Semana Santa<\/a> guileta, con unas caracter\u00edsticas propias y peculiares, que a tres siglos de distancia nos llaman la atenci\u00f3n y nos resultan curiosas.<\/p>\n<p style=\"text-align: justify\">Har\u00eda falta un estudio m\u00e1s reposado de los tres libros de cuentas que se conservan en el Archivo Parroquial (que comprenden los a\u00f1os 1642 \u2013 1884) para precisar muchos detalles, pero las Reglas y Ordenanzas con sus 25 cap\u00edtulos, junto con las cuentas anuales, aportan datos suficientes para adentrarnos en la vida y organizaci\u00f3n de esta Cofrad\u00eda guileta de la que quedan todav\u00eda reminiscencias en el tradicional refresco en la subasta de los cirineos, en la petici\u00f3n de perd\u00f3n y en los pasos.<\/p>\n<p style=\"text-align: justify\">En este sencillo estudio, me voy a detener en concreto en la organizaci\u00f3n interna de la Cofrad\u00eda, en los cofrades y en los actos que se organizaban en <a  href=\"https:\/\/www.mecerreyes.com\/mece\/?page_id=48\">Semana Santa<\/a> (de manera especial en la llamada \u201cprocesi\u00f3n de disciplina\u201d) a\u00f1adiendo un ap\u00e9ndice con datos curiosos que aparecen en las cuentas anuales y la transcripci\u00f3n literal de las cuentas del a\u00f1o 1732.<\/p>\n<p style=\"text-align: justify\"><strong>1.- Organizaci\u00f3n interna<\/strong><\/p>\n<p style=\"text-align: justify\">El primer cap\u00edtulo de las Reglas y Ordenanzas de la Cofrad\u00eda establece que el d\u00eda de la Cruz de Mayo se nombre un Hermano Mayor y dos Mayordomos por el Abad y Oficiales antecedentes.<\/p>\n<p style=\"text-align: justify\">a)\u00a0\u00a0\u00a0\u00a0\u00a0\u00a0 <strong><span style=\"text-decoration: underline\">El Abad<\/span><\/strong><strong>:<\/strong> Sol\u00eda ser el cura m\u00e1s antiguo del pueblo (por estas fechas hab\u00eda un P\u00e1rroco, un coajutor y un capell\u00e1n). Su misi\u00f3n era atender espiritualmente a la Cofrad\u00eda y, junto con el Hermano Mayor, hacer la elecci\u00f3n de nuevos oficiales y admitir nuevos cofrades.<\/p>\n<p style=\"text-align: justify\">b)\u00a0\u00a0\u00a0\u00a0\u00a0\u00a0 <strong><span style=\"text-decoration: underline\">El Hermano Mayor<\/span><\/strong>: En las cuentas del siglo XVIII recibe tambi\u00e9n el nombre de Prior. Era la primera autoridad de la Cofrad\u00eda encargado, sobre todo, de hacer cumplir las reglas, que a su vez le encomendaban misiones concretas:<\/p>\n<ol style=\"text-align: justify\">\n<li><em>Puede llamar a Cabildo (reuni\u00f3n de cofrades) todas las veces que lo crea necesario para el bien de la Cofrad\u00eda.<\/em><\/li>\n<li><em>Tiene la obligaci\u00f3n, cuando muriese alg\u00fan cofrade, de mandar llevar las andas a la casa del difunto y traer el cuerpo a la iglesia.<\/em><\/li>\n<li><em>Si tuviese conocimiento de diferencias o enemistades entre los cofrades tiene que procurar reconciliarlos caritativamente.<\/em><\/li>\n<li><em>El Domingo de Ramos, a de juntar el Cabildo en la Casa de Hermandad para prepararla <a  href=\"https:\/\/www.mecerreyes.com\/mece\/?page_id=48\">Semana Santa<\/a>.<\/em><\/li>\n<li><em>Designar a los hermanos que tienen que hacer, por la noche, la vela en el Santo Sepulcro.<\/em><\/li>\n<\/ol>\n<p style=\"text-align: justify\"><strong><span style=\"text-decoration: underline\">\u00a0<\/span><\/strong><\/p>\n<p style=\"text-align: justify\">c)\u00a0\u00a0\u00a0\u00a0\u00a0\u00a0 <strong><span style=\"text-decoration: underline\">Los Mayordomos<\/span><\/strong>: Ser\u00e1n los cap\u00edtulos 4 y 5 los que delimitan sus funciones. En primer lugar, cobrar las cuotas de entrada y salida de la Cofrad\u00eda as\u00ed como las penas y multas de los cofrades, todo en el plazo de un a\u00f1o.<\/p>\n<p style=\"text-align: justify\">Tienen a su cargo <em>\u201ccon buenas cuentas y raz\u00f3n\u201d<\/em> la cera de la Cofrad\u00eda, dando las velas a los cofrades s\u00f3lo cuando sea necesario. Tendr\u00e1n que rendir cuentas de todo en el Cabildo de la Cruz de Mayo al Hermano Mayor y Mayordomos entrantes. Ser\u00e1n, por supuesto, los encargados de prepararla la colaci\u00f3n o refresco a los hermanos.<\/p>\n<p style=\"text-align: justify\">d)\u00a0\u00a0\u00a0\u00a0\u00a0\u00a0 <strong><span style=\"text-decoration: underline\">Los Bacineros:<\/span><\/strong> Tambi\u00e9n reciben el nombre de \u201ccoxedores\u201d, se nombran tambi\u00e9n el de la Cruz de Mayo y eran los cofrades encargados ese a\u00f1o de recoger la limosna para la Cofrad\u00eda.<\/p>\n<p style=\"text-align: justify\"><strong><a  href=\"http:\/\/www.mecerreyes.com\/mece\/wp-content\/uploads\/2013\/03\/Cofrades.jpg\" class=\"thickbox no_icon\" title=\"\"><img loading=\"lazy\" decoding=\"async\" class=\"alignleft size-medium wp-image-6772\" src=\"http:\/\/www.mecerreyes.com\/mece\/wp-content\/uploads\/2013\/03\/Cofrades-144x300.jpg\" alt=\"\" width=\"144\" height=\"300\" srcset=\"https:\/\/www.mecerreyes.com\/mece\/wp-content\/uploads\/2013\/03\/Cofrades-144x300.jpg 144w, https:\/\/www.mecerreyes.com\/mece\/wp-content\/uploads\/2013\/03\/Cofrades-492x1024.jpg 492w, https:\/\/www.mecerreyes.com\/mece\/wp-content\/uploads\/2013\/03\/Cofrades.jpg 586w\" sizes=\"(max-width: 144px) 100vw, 144px\" \/><\/a>2.- Los cofrades<\/strong><\/p>\n<p style=\"text-align: justify\">La Regla, en su cap\u00edtulo sexto, ordena claramente que el Abad y Hermano Mayor reciban a cualquier cofrade, hombre o mujer, que por devoci\u00f3n quieran entrar en la Cofrad\u00eda, oblig\u00e1ndose a guardar los cap\u00edtulos y ordenanzas de la regla.<\/p>\n<p style=\"text-align: justify\">Seg\u00fan el mismo cap\u00edtulo se pod\u00eda pertenecer a la Cofrad\u00eda de tres formas: como <span style=\"text-decoration: underline\">hermano de sangre<\/span>, en cuyo caso hab\u00eda que pagar como cuota de entrada de entrada 4 reales; como <span style=\"text-decoration: underline\">hermano de luz<\/span>, pagando 8 reales; o solamente encomend\u00e1ndose a la Cofrad\u00eda, dando de limosna 2 ducados. Al morir, los herederos de los cofrades difuntos, ten\u00edan que pagar a la Cofrad\u00eda 14 reales.<\/p>\n<p style=\"text-align: justify\">Seg\u00fan se desprende de las cuentas anuales, las mujeres no pod\u00edan ser de sangre, pues siempre pagan como cuota de entrada 8 reales; a su muerte los herederos no pagan 14 reales, sino 22 (todav\u00eda no hab\u00eda llegado la igualdad de derechos&#8230;)<\/p>\n<p style=\"text-align: justify\">Podemos resumir las obligaciones que prescribe la Regla para los cofrades, en los siguientes puntos:<\/p>\n<ol style=\"text-align: justify\">\n<li>Obedecer al Hermano Mayor en todo lo referente a la Cofrad\u00eda.\n<p><div id=\"attachment_6774\" style=\"width: 231px\" class=\"wp-caption alignright\"><a  href=\"http:\/\/www.mecerreyes.com\/mece\/wp-content\/uploads\/2013\/03\/Semana-Santa-1.jpg\" class=\"thickbox no_icon\" title=\"\"><img loading=\"lazy\" decoding=\"async\" aria-describedby=\"caption-attachment-6774\" class=\"size-medium wp-image-6774\" src=\"http:\/\/www.mecerreyes.com\/mece\/wp-content\/uploads\/2013\/03\/Semana-Santa-1-221x300.jpg\" alt=\"\" width=\"221\" height=\"300\" srcset=\"https:\/\/www.mecerreyes.com\/mece\/wp-content\/uploads\/2013\/03\/Semana-Santa-1-221x300.jpg 221w, https:\/\/www.mecerreyes.com\/mece\/wp-content\/uploads\/2013\/03\/Semana-Santa-1.jpg 600w\" sizes=\"(max-width: 221px) 100vw, 221px\" \/><\/a><p id=\"caption-attachment-6774\" class=\"wp-caption-text\">\u00abLos Pasos\u00bb, actualmente, a su paso por la Calle de Don Jaime Diez.<\/p><\/div><\/li>\n<li>Ning\u00fan cofrade sea osado decir a otro hermano palabras injuriosas ni malsonantes.<\/li>\n<li>Los cofrades tiene la obligaci\u00f3n de corregir y amonestar a los que juren o blasfemen y si fuera escandaloso denunciado al Hermano Mayor.<\/li>\n<li>Obligaci\u00f3n tambi\u00e9n, de asistir a las v\u00edsperas, Misas y procesi\u00f3n de la Cruz de Mayo y de septiembre.<\/li>\n<li>Tienen obligaci\u00f3n, bajo pena, de asistir al entierro de cualquier hermano.<\/li>\n<li>Y tiene que estar todos <em>\u201cconfesados y comulgados\u201d<\/em> para el Jueves Santo.<\/li>\n<\/ol>\n<p style=\"text-align: justify\">a)\u00a0\u00a0\u00a0\u00a0\u00a0\u00a0 <strong><span style=\"text-decoration: underline\">Los Hermanos de Luz<\/span><\/strong>:<\/p>\n<p style=\"text-align: justify\">Como ya queda dicho, pagaban por pertenecer a la Cofrad\u00eda 8 reales. Su cometido especial los especifica el cap\u00edtulo siete: tiene que tener <em>\u201cun cirio de cera verde que pese una libra\u201d<\/em> con el que tienen que asistir el Jueves Santo <em>\u201ca encerrar el Sant\u00edsimo Sacramento\u201d<\/em> y a la procesi\u00f3n de disciplina, el Viernes Santo y a la procesi\u00f3n de la ma\u00f1ana de Resurrecci\u00f3n; los dem\u00e1s d\u00edas del a\u00f1o les da velas la Cofrad\u00eda. En la procesi\u00f3n tienen que acudir con sus t\u00fanicas.<\/p>\n<p style=\"text-align: justify\">b)\u00a0\u00a0 <strong><span style=\"text-decoration: underline\">Los Hermanos de Sangre:<\/span><\/strong><\/p>\n<p style=\"text-align: justify\"><a  href=\"http:\/\/www.mecerreyes.com\/mece\/wp-content\/uploads\/2013\/03\/Procesion1.jpg\" class=\"thickbox no_icon\" title=\"\"><img loading=\"lazy\" decoding=\"async\" class=\"alignleft  wp-image-6778\" src=\"http:\/\/www.mecerreyes.com\/mece\/wp-content\/uploads\/2013\/03\/Procesion1-553x1024.jpg\" alt=\"\" width=\"310\" height=\"574\" srcset=\"https:\/\/www.mecerreyes.com\/mece\/wp-content\/uploads\/2013\/03\/Procesion1-553x1024.jpg 553w, https:\/\/www.mecerreyes.com\/mece\/wp-content\/uploads\/2013\/03\/Procesion1-162x300.jpg 162w, https:\/\/www.mecerreyes.com\/mece\/wp-content\/uploads\/2013\/03\/Procesion1.jpg 1209w\" sizes=\"(max-width: 310px) 100vw, 310px\" \/><\/a>Pagan s\u00f3lo cuatro reales de cuota, aunque en cualquier momento pueden pagar otros cuatro y pasar a ser hermano de Luz.<\/p>\n<p style=\"text-align: justify\">Como su nombre indica, eran los que la procesi\u00f3n de disciplina del Jueves Santo se disciplinaban o azotaban. El cap\u00edtulo 8 les manda que vayan a la procesi\u00f3n con sus t\u00fanicas, cordones y disciplinas (peque\u00f1o l\u00e1tigo de cuerda).<\/p>\n<p style=\"text-align: justify\"><strong>3.- La <a  href=\"https:\/\/www.mecerreyes.com\/mece\/?page_id=48\">Semana Santa<\/a>.<\/strong><\/p>\n<p style=\"text-align: justify\">Uno de los fines espec\u00edficos de la Cofrad\u00eda de la Santa Vera Cruz, era la organizaci\u00f3n y participaci\u00f3n en la <a  href=\"https:\/\/www.mecerreyes.com\/mece\/?page_id=48\">Semana Santa<\/a>, para la que incluso contrataban un Predicado especial.<\/p>\n<p style=\"text-align: justify\">Al toque de una esquila por el pueblo despu\u00e9s de comer, el Hermano Mayor re\u00fane el Cabildo el Domingo de Ramos en la casa que ten\u00eda la Cofrad\u00eda, <em>\u201cla cual est\u00e1 deputada para este ministerio\u201d<\/em> all\u00ed se lee la Regla y se acuerda lo que se ha de hacer en la <a  href=\"https:\/\/www.mecerreyes.com\/mece\/?page_id=48\">Semana Santa<\/a> y el Domingo de Resurrecci\u00f3n <em>\u201cdonde han de ir los hermanos con velas encendidas y llevar el Crucifijo y las Cruces\u201d<\/em>.<\/p>\n<p style=\"text-align: justify\">El primer acto en el que participaba la Cofrad\u00eda, al cual era obligatoria la asistencia de los hermanos cofrades, era el Jueves Santo <em>\u201ca \u00a0encerrar el Sant\u00edsimo Sacramento\u201d<\/em>, se supone que en el Monumento preparado a tal efecto (tambi\u00e9n llamado el Santo Sepulcro) y del que quedaron vestigios hasta los a\u00f1os 60 en los cortinajes de tono gris con que se separaba el Monumento del resto de la Iglesia, conocido popularmente como <em>\u201clos jud\u00edos\u201d<\/em>. El acto ten\u00eda lugar por la ma\u00f1ana.<\/p>\n<p style=\"text-align: justify\"><strong>a)\u00a0\u00a0\u00a0\u00a0\u00a0 <\/strong><strong>Procesi\u00f3n de Disciplina:<\/strong><\/p>\n<p style=\"text-align: justify\">Era el acto m\u00e1s llamativo de la Cofrad\u00eda y tambi\u00e9n el de mayor importancia, a juzgar por el tratamiento que se le da en la Regla, aunque nos quedamos sin saber todo un mont\u00f3n de detalles concretos, que tan s\u00f3lo podemos suponer. De los art\u00edculos 19, 20 y 24 deducimos lo siguiente:<\/p>\n<p style=\"text-align: justify\">Manda la Regla que la procesi\u00f3n: <em>\u201cse ande a las dos de la tarde\u201d<\/em> (tengamos en cuenta que se com\u00eda a las 12). A esa hora todos los cofrade salen juntos de la Casa de la Hermandad hacia la Iglesia, los hermanos de luz con su cirio de cera verde y su t\u00fanica; los hermanos de sangre con su t\u00fanica, cordones y disciplinas. Previamente se hab\u00eda preparado el Crucifijo (posiblemente la talla <a  href=\"http:\/\/www.mecerreyes.com\/mece\/wp-content\/uploads\/2013\/03\/CruzCarrelara-pasos.jpg\" class=\"thickbox no_icon\" title=\"\"><img loading=\"lazy\" decoding=\"async\" class=\"wp-image-6782 alignright\" src=\"http:\/\/www.mecerreyes.com\/mece\/wp-content\/uploads\/2013\/03\/CruzCarrelara-pasos-559x1024.jpg\" alt=\"\" width=\"313\" height=\"574\" srcset=\"https:\/\/www.mecerreyes.com\/mece\/wp-content\/uploads\/2013\/03\/CruzCarrelara-pasos-559x1024.jpg 559w, https:\/\/www.mecerreyes.com\/mece\/wp-content\/uploads\/2013\/03\/CruzCarrelara-pasos-164x300.jpg 164w\" sizes=\"(max-width: 313px) 100vw, 313px\" \/><\/a>del siglo XV) en el Monumento sobre una s\u00e1bana y dos almohadones con dos velas a ambos lados y una taza para recoger la limosna.<\/p>\n<p style=\"text-align: justify\">Llegados a la Iglesia, y ante el crucifijo, el Abad les advierte que de coraz\u00f3n se pidan perd\u00f3n y se perdonen diciendo, primero el Abad y luego el Hermana mayor a todos cofrades:<\/p>\n<p style=\"text-align: justify\"><strong><em>\u201cHermanos por la pasi\u00f3n de Cristo Redentor nuestro me perdonen las injurias y ofensas que les he hecho y respondan todos Dios te perdone\u201d<\/em><\/strong><\/p>\n<p style=\"text-align: justify\">Acabada esta ceremonia y al toque de campanilla \u201c<em>todos hincados de rodillas se comiencen a disciplinar con mucha devoci\u00f3n\u201d<\/em>.<\/p>\n<p style=\"text-align: justify\">Cuando el Hermano Mayor mande, que salgan las Insignias <em>\u201csalga el Gui\u00f3n y los Cofrades por su orden sin que haya quiebra en la procesi\u00f3n\u201d.<\/em><\/p>\n<p style=\"text-align: justify\">\u00bfDonde iban? \u00bfQu\u00e9 hac\u00edan en la procesi\u00f3n? \u00bfC\u00f3mo vest\u00edan? \u00bfQu\u00e9 rezaban?, todo ello lo dan por supuesto la Regla y nos quedamos sin saberlo. Tan s\u00f3lo hay una advertencia en el cap\u00edtulo 24 que nos aporta un dato interesante: \u201cque ninguna mujer sea osada a ir en la procesi\u00f3n entre los hermanos que se azotan sino que todas vayan atr\u00e1s acompa\u00f1ando al que hace la figura de Cristo\u201d. El actual Viacrucis de \u201clos Pasos\u201d o \u201clos Cirineos\u201d ser\u00eda lo que nos qued\u00f3 de la procesi\u00f3n de disciplina.<\/p>\n<p style=\"text-align: justify\">Llevaban un crucifijo y cruces en la procesi\u00f3n \u00bfpodr\u00eda ser la talla del Cristo y luego cruces de penitencia?.<\/p>\n<p style=\"text-align: justify\">Un dato importante que parece invariablemente en las cuentas anuales de la Cofrad\u00eda es la compra de sebo, polvos y romero para lavar y curar a los hermanos.<\/p>\n<p style=\"text-align: justify\">Podemos afirmar, por tanto, que iban descalzos y que se <em>\u201carreaban de lo lindo\u201d<\/em> los hermanos de sangre.<\/p>\n<p style=\"text-align: justify\">M\u00e1s preguntas: \u00bfC\u00f3mo vest\u00edan? \u00bfC\u00f3mo eran sus t\u00fanicas? \u00bfLlevaban \u201ccapirote\u201d o solo la cabeza tapada?.<\/p>\n<p style=\"text-align: justify\"><a  href=\"http:\/\/www.mecerreyes.com\/mece\/wp-content\/uploads\/2013\/03\/Cofrades1.jpg\" class=\"thickbox no_icon\" title=\"\"><img loading=\"lazy\" decoding=\"async\" class=\"alignleft  wp-image-6785\" src=\"http:\/\/www.mecerreyes.com\/mece\/wp-content\/uploads\/2013\/03\/Cofrades1-693x1024.jpg\" alt=\"\" width=\"262\" height=\"387\" srcset=\"https:\/\/www.mecerreyes.com\/mece\/wp-content\/uploads\/2013\/03\/Cofrades1-693x1024.jpg 693w, https:\/\/www.mecerreyes.com\/mece\/wp-content\/uploads\/2013\/03\/Cofrades1-203x300.jpg 203w, https:\/\/www.mecerreyes.com\/mece\/wp-content\/uploads\/2013\/03\/Cofrades1.jpg 1073w\" sizes=\"(max-width: 262px) 100vw, 262px\" \/><\/a>Quiz\u00e1s pudi\u00e9ramos encontrar una pista en las pinturas murales del siglo XIV o XV de la ermita de San Mill\u00e1n, en el vecino pueblo de Puentedura. En estas pinturas se representa una procesi\u00f3n de penitencia compuesta por 21 personas precedidas por el Abad, Hermano Mayor y otro que lleva la Cruz, cerrando la comitiva un cirineo con la Cruz a cuestas. Al menos diez van azot\u00e1ndose, otros llevan velas, alguno un rosario, todos descalzos y con la cara tapada, tal como muestra el dibujo que hemos tomado de la Revista \u201cEl Trigarral\u201d.<\/p>\n<p style=\"text-align: justify\">b)\u00a0\u00a0\u00a0\u00a0\u00a0\u00a0 <strong>La Colaci\u00f3n<\/strong><strong>:<\/strong> Aunque en la Regla nada aparece, al terminar la procesi\u00f3n de disciplina hab\u00eda una colaci\u00f3n (refresco) para todos los hermanos -hombres y mujeres- cofrades en las cuentas de alg\u00fan a\u00f1o parecen hasta 22 cantares de vino y 4 fanegas de trigo para los panecillos (tambi\u00e9n se daba vino el Domingo de Ramos). Son nada m\u00e1s y nada menos que 350 litros de vino y 220 kilos de pan, es de suponer que se\u00a0invitase\u00a0a todo el pueblo. De todos modos el Visitador eclesi\u00e1stico siempre recrimina a la Cofrad\u00eda los excesivos gastos en vino, pero, al parecer, no sab\u00edan leer.<\/p>\n<p style=\"text-align: justify\"><strong><span style=\"text-decoration: underline\">A modo de conclusi\u00f3n<\/span><\/strong><\/p>\n<p style=\"text-align: justify\">A mi entender, queda claro que lo peculiar y propio de la <a  href=\"https:\/\/www.mecerreyes.com\/mece\/?page_id=48\">Semana Santa<\/a> de Mecerreyes, tiene sus antecedentes hist\u00f3ricos en esta singular cofrad\u00eda guileta de la Santa Vera Cruz.<\/p>\n<p style=\"text-align: justify\">No se trata de volver el pasado sin mas, ni de rescatar algo ya caduc\u00f3 -vivimos en unos tiempos y circunstancias bien distintos-, pero s\u00ed de conservar y actualizar, en la medida de lo posible, lo que nos legaron nuestros antepasados.<\/p>\n<p style=\"text-align: justify\">Pero en mi opini\u00f3n, no se puede conservar tan s\u00f3lo como algo\u00a0folcl\u00f3rico\u00a0o<a  href=\"http:\/\/www.mecerreyes.com\/mece\/wp-content\/uploads\/2013\/03\/Semana-Santa-2.jpg\" class=\"thickbox no_icon\" title=\"\"><img loading=\"lazy\" decoding=\"async\" class=\"alignright  wp-image-6788\" src=\"http:\/\/www.mecerreyes.com\/mece\/wp-content\/uploads\/2013\/03\/Semana-Santa-2.jpg\" alt=\"\" width=\"420\" height=\"264\" srcset=\"https:\/\/www.mecerreyes.com\/mece\/wp-content\/uploads\/2013\/03\/Semana-Santa-2.jpg 600w, https:\/\/www.mecerreyes.com\/mece\/wp-content\/uploads\/2013\/03\/Semana-Santa-2-300x188.jpg 300w\" sizes=\"(max-width: 420px) 100vw, 420px\" \/><\/a> costumbrista, pues perder\u00edamos su sentido genuino y original como manifestaci\u00f3n de fe y de penitencia. Es pues responsabilidad de los que nos tenemos por creyentes, el mantener su aut\u00e9ntico sentido.<\/p>\n<p style=\"text-align: justify\">Me atrevo a invitaros, amigos guiletos, a participar en estos actos tradicional de <a  href=\"https:\/\/www.mecerreyes.com\/mece\/?page_id=48\">Semana Santa<\/a>, cada uno dentro de su realidad y posibilidades, que en unos caso ser\u00e1 una participaci\u00f3n plena y activa, y en otros tan s\u00f3lo de acompa\u00f1amiento y respeto.<\/p>\n<p style=\"text-align: justify\">Bienvenidos de nuevo: \u00abel refresco y subasta de los Cirineos\u00bb, la tradicional \u00abpetici\u00f3n de perd\u00f3n\u00bb y el Viacrucis de \u00abLos Pasos\u00bb.<\/p>\n<div id=\"attachment_6792\" style=\"width: 680px\" class=\"wp-caption alignnone\"><a  href=\"http:\/\/www.mecerreyes.com\/mece\/wp-content\/uploads\/2013\/03\/Revista-Mecerreyes-n\u00ba-26-Pag-23-1990.jpg\" class=\"thickbox no_icon\" title=\"\"><img loading=\"lazy\" decoding=\"async\" aria-describedby=\"caption-attachment-6792\" class=\"size-large wp-image-6792 \" src=\"http:\/\/www.mecerreyes.com\/mece\/wp-content\/uploads\/2013\/03\/Revista-Mecerreyes-n\u00ba-26-Pag-23-1990-670x1024.jpg\" alt=\"\" width=\"670\" height=\"1024\" srcset=\"https:\/\/www.mecerreyes.com\/mece\/wp-content\/uploads\/2013\/03\/Revista-Mecerreyes-n\u00ba-26-Pag-23-1990-670x1024.jpg 670w, https:\/\/www.mecerreyes.com\/mece\/wp-content\/uploads\/2013\/03\/Revista-Mecerreyes-n\u00ba-26-Pag-23-1990-196x300.jpg 196w, https:\/\/www.mecerreyes.com\/mece\/wp-content\/uploads\/2013\/03\/Revista-Mecerreyes-n\u00ba-26-Pag-23-1990.jpg 800w\" sizes=\"(max-width: 670px) 100vw, 670px\" \/><\/a><p id=\"caption-attachment-6792\" class=\"wp-caption-text\">Revista Mecerreyes, n\u00ba 26 &#8211; Pag 23 (1990)<\/p><\/div>\n<p>&nbsp;<\/p>\n<div id=\"attachment_6795\" style=\"width: 693px\" class=\"wp-caption alignnone\"><a  href=\"http:\/\/www.mecerreyes.com\/mece\/wp-content\/uploads\/2013\/03\/Revista-Mecerreyes-n\u00ba-26-Pag-24-1990.jpg\" class=\"thickbox no_icon\" title=\"\"><img loading=\"lazy\" decoding=\"async\" aria-describedby=\"caption-attachment-6795\" class=\"size-large wp-image-6795\" src=\"http:\/\/www.mecerreyes.com\/mece\/wp-content\/uploads\/2013\/03\/Revista-Mecerreyes-n\u00ba-26-Pag-24-1990-683x1024.jpg\" alt=\"\" width=\"683\" height=\"1024\" srcset=\"https:\/\/www.mecerreyes.com\/mece\/wp-content\/uploads\/2013\/03\/Revista-Mecerreyes-n\u00ba-26-Pag-24-1990-683x1024.jpg 683w, https:\/\/www.mecerreyes.com\/mece\/wp-content\/uploads\/2013\/03\/Revista-Mecerreyes-n\u00ba-26-Pag-24-1990-200x300.jpg 200w, https:\/\/www.mecerreyes.com\/mece\/wp-content\/uploads\/2013\/03\/Revista-Mecerreyes-n\u00ba-26-Pag-24-1990.jpg 800w\" sizes=\"(max-width: 683px) 100vw, 683px\" \/><\/a><p id=\"caption-attachment-6795\" class=\"wp-caption-text\">Revista Mecerreyes, n\u00ba 26 &#8211; Pag 24 (1990)<\/p><\/div>\n<p>&nbsp;<\/p>\n<div id=\"attachment_6796\" style=\"width: 655px\" class=\"wp-caption alignnone\"><a  href=\"http:\/\/www.mecerreyes.com\/mece\/wp-content\/uploads\/2013\/03\/Revista-Mecerreyes-n\u00ba-26-Pag-25-1990.jpg\" class=\"thickbox no_icon\" title=\"\"><img loading=\"lazy\" decoding=\"async\" aria-describedby=\"caption-attachment-6796\" class=\"size-large wp-image-6796\" src=\"http:\/\/www.mecerreyes.com\/mece\/wp-content\/uploads\/2013\/03\/Revista-Mecerreyes-n\u00ba-26-Pag-25-1990-645x1024.jpg\" alt=\"\" width=\"645\" height=\"1024\" srcset=\"https:\/\/www.mecerreyes.com\/mece\/wp-content\/uploads\/2013\/03\/Revista-Mecerreyes-n\u00ba-26-Pag-25-1990-645x1024.jpg 645w, https:\/\/www.mecerreyes.com\/mece\/wp-content\/uploads\/2013\/03\/Revista-Mecerreyes-n\u00ba-26-Pag-25-1990.jpg 800w\" sizes=\"(max-width: 645px) 100vw, 645px\" \/><\/a><p id=\"caption-attachment-6796\" class=\"wp-caption-text\">Revista Mecerreyes, n\u00ba 26 &#8211; Pag 25 (1990)<\/p><\/div>","protected":false},"excerpt":{"rendered":"<p>Como todos los a\u00f1os por estas fechas, el pueblo vuelve a llenarse de gente que quiere disfrutar de unos d\u00edas de descanso y tranquilidad, para reponer fuerzas hasta las vacaciones de verano, as\u00ed que se abrir\u00e1n de nuevo las puertas de muchas casas y el pueblo, sus calles, su monte y sobre todo, sus gentes&#8230; [&hellip;]<\/p>\n","protected":false},"author":5,"featured_media":0,"comment_status":"open","ping_status":"closed","sticky":false,"template":"","format":"standard","meta":{"_et_pb_use_builder":"","_et_pb_old_content":"","_et_gb_content_width":"","footnotes":""},"categories":[7,1],"tags":[20,46,11],"class_list":["post-6755","post","type-post","status-publish","format-standard","hentry","category-oficiosperdidos","category-general","tag-oficios-perdidos","tag-revistamecerreyes","tag-semana-santa","et-doesnt-have-format-content","et_post_format-et-post-format-standard"],"_links":{"self":[{"href":"https:\/\/www.mecerreyes.com\/mece\/index.php?rest_route=\/wp\/v2\/posts\/6755"}],"collection":[{"href":"https:\/\/www.mecerreyes.com\/mece\/index.php?rest_route=\/wp\/v2\/posts"}],"about":[{"href":"https:\/\/www.mecerreyes.com\/mece\/index.php?rest_route=\/wp\/v2\/types\/post"}],"author":[{"embeddable":true,"href":"https:\/\/www.mecerreyes.com\/mece\/index.php?rest_route=\/wp\/v2\/users\/5"}],"replies":[{"embeddable":true,"href":"https:\/\/www.mecerreyes.com\/mece\/index.php?rest_route=%2Fwp%2Fv2%2Fcomments&post=6755"}],"version-history":[{"count":0,"href":"https:\/\/www.mecerreyes.com\/mece\/index.php?rest_route=\/wp\/v2\/posts\/6755\/revisions"}],"wp:attachment":[{"href":"https:\/\/www.mecerreyes.com\/mece\/index.php?rest_route=%2Fwp%2Fv2%2Fmedia&parent=6755"}],"wp:term":[{"taxonomy":"category","embeddable":true,"href":"https:\/\/www.mecerreyes.com\/mece\/index.php?rest_route=%2Fwp%2Fv2%2Fcategories&post=6755"},{"taxonomy":"post_tag","embeddable":true,"href":"https:\/\/www.mecerreyes.com\/mece\/index.php?rest_route=%2Fwp%2Fv2%2Ftags&post=6755"}],"curies":[{"name":"wp","href":"https:\/\/api.w.org\/{rel}","templated":true}]}}