{"id":6812,"date":"2013-04-24T22:01:28","date_gmt":"2013-04-24T21:01:28","guid":{"rendered":"http:\/\/www.mecerreyes.com\/mece\/?p=6812"},"modified":"2013-04-24T22:01:28","modified_gmt":"2013-04-24T21:01:28","slug":"con-la-mirada-y-el-corazon-de-un-nino-entrega-2a-1-1-1","status":"publish","type":"post","link":"https:\/\/www.mecerreyes.com\/mece\/?p=6812","title":{"rendered":"\u00abCon la mirada y el coraz\u00f3n de un ni\u00f1o\u00bb (Entrega 5\u00aa y \u00faltima)"},"content":{"rendered":"<p style=\"text-align: justify\">Con esta\u00a0\u00faltima entrega de <strong>Im\u00e1genes y Palabras para el recuerdo,<\/strong> se completa la publicaci\u00f3n que hemos querido compartir en esta Web para los numerosos seguidores que hemos recibido esta lectura con agradado; hemos podido sacar a la luz los bonitos recuerdos de nuestra infancia y nuestros a\u00f1os vividos en Mecerreyes.<\/p>\n<p style=\"text-align: justify\">Recordamos que\u00a0esta \u00faltima entrega, forma\u00a0parte\u00a0de la publicaci\u00f3n realizada por Isaac Lara con motivo del encuentro que realizaron los guiletos nacidos en el a\u00f1o 1959 y 1960. Felicidades a todos y gracias por compartir con todos nosotros estas <strong><em>Im\u00e1genes y palabras para el recuerdo<\/em><\/strong> de Mecerreyes, y sobre todo por hacerlo <em><strong>con la mirada y el coraz\u00f3n de un ni\u00f1o;\u00a0<\/strong><\/em>\u00a0el t\u00edtulo lo dice todo. GRACIAS.<\/p>\n<p>&nbsp;<\/p>\n<h1><strong>IM\u00c1GENES Y PALABRAS PARA EL RECUERDO (1959\/60 &#8211; 2010)<\/strong><\/h1>\n<p>&nbsp;<\/p>\n<h2><span style=\"color: #0000ff\">\u00abCon la mirada y el coraz\u00f3n de un ni\u00f1o\u00bb<\/span><\/h2>\n<p>&nbsp;<\/p>\n<p style=\"text-align: justify\">Desde la p\u00e1gina 38 a 52, puedes leer los siguientes cap\u00edtulos:<\/p>\n<ul>\n<li>\n<h2>Fiestas, procesiones&#8230; ayer y hoy<\/h2>\n<\/li>\n<li><\/li>\n<li>\n<h2>Los trabajos y los d\u00edas<\/h2>\n<\/li>\n<li><\/li>\n<li>\n<h2>Padres y maestros<\/h2>\n<\/li>\n<li><\/li>\n<li>\n<h2>As\u00ed que pases 50 a\u00f1os m\u00e1s<\/h2>\n<\/li>\n<li><\/li>\n<li>\n<h2>Ep\u00edlogo: Los Caminos de Mecerreyes<\/h2>\n<\/li>\n<li><\/li>\n<\/ul>\n<div><\/div>\n<p>Pincha en el siguiente enlace para leerlo en PDF:<\/p>\n<h2><a  href=\"http:\/\/www.mecerreyes.com\/mece\/wp-content\/uploads\/2013\/03\/Con-la-mirada-y-el-coraz\u00f3n-de-un-ni\u00f1o-pag-38-52.pdf\" target=\"_blank\">Con la mirada y el coraz\u00f3n de un ni\u00f1o (p\u00e1ginas 38 a 52)<\/a><\/h2>\n<p>&nbsp;<\/p>\n<p>&nbsp;<\/p>\n<div id=\"attachment_6821\" style=\"width: 750px\" class=\"wp-caption alignnone\"><a  href=\"http:\/\/www.mecerreyes.com\/mece\/wp-content\/uploads\/2013\/03\/Con-la-mirada-y-el-coraz\u00f3n-de-un-ni\u00f1o-38.jpg\" class=\"thickbox no_icon\" title=\"\"><img loading=\"lazy\" decoding=\"async\" aria-describedby=\"caption-attachment-6821\" class=\"size-large wp-image-6821\" src=\"http:\/\/www.mecerreyes.com\/mece\/wp-content\/uploads\/2013\/03\/Con-la-mirada-y-el-coraz\u00f3n-de-un-ni\u00f1o-38-740x1024.jpg\" alt=\"\" width=\"740\" height=\"1024\" srcset=\"https:\/\/www.mecerreyes.com\/mece\/wp-content\/uploads\/2013\/03\/Con-la-mirada-y-el-coraz\u00f3n-de-un-ni\u00f1o-38-740x1024.jpg 740w, https:\/\/www.mecerreyes.com\/mece\/wp-content\/uploads\/2013\/03\/Con-la-mirada-y-el-coraz\u00f3n-de-un-ni\u00f1o-38-216x300.jpg 216w, https:\/\/www.mecerreyes.com\/mece\/wp-content\/uploads\/2013\/03\/Con-la-mirada-y-el-coraz\u00f3n-de-un-ni\u00f1o-38.jpg 985w\" sizes=\"(max-width: 740px) 100vw, 740px\" \/><\/a><p id=\"caption-attachment-6821\" class=\"wp-caption-text\">P\u00e1g. 38, Con la mirada y el coraz\u00f3n de un ni\u00f1o.<\/p><\/div>\n<div id=\"attachment_6822\" style=\"width: 742px\" class=\"wp-caption alignnone\"><a  href=\"http:\/\/www.mecerreyes.com\/mece\/wp-content\/uploads\/2013\/03\/Con-la-mirada-y-el-coraz\u00f3n-de-un-ni\u00f1o-39.jpg\" class=\"thickbox no_icon\" title=\"\"><img loading=\"lazy\" decoding=\"async\" aria-describedby=\"caption-attachment-6822\" class=\"size-large wp-image-6822\" src=\"http:\/\/www.mecerreyes.com\/mece\/wp-content\/uploads\/2013\/03\/Con-la-mirada-y-el-coraz\u00f3n-de-un-ni\u00f1o-39-732x1024.jpg\" alt=\"\" width=\"732\" height=\"1024\" srcset=\"https:\/\/www.mecerreyes.com\/mece\/wp-content\/uploads\/2013\/03\/Con-la-mirada-y-el-coraz\u00f3n-de-un-ni\u00f1o-39-732x1024.jpg 732w, https:\/\/www.mecerreyes.com\/mece\/wp-content\/uploads\/2013\/03\/Con-la-mirada-y-el-coraz\u00f3n-de-un-ni\u00f1o-39-214x300.jpg 214w, https:\/\/www.mecerreyes.com\/mece\/wp-content\/uploads\/2013\/03\/Con-la-mirada-y-el-coraz\u00f3n-de-un-ni\u00f1o-39.jpg 975w\" sizes=\"(max-width: 732px) 100vw, 732px\" \/><\/a><p id=\"caption-attachment-6822\" class=\"wp-caption-text\">P\u00e1g. 39, Con la mirada y el coraz\u00f3n de un ni\u00f1o.<\/p><\/div>\n<p>&nbsp;<\/p>\n<p>&nbsp;<\/p>\n<div id=\"attachment_6823\" style=\"width: 751px\" class=\"wp-caption alignnone\"><a  href=\"http:\/\/www.mecerreyes.com\/mece\/wp-content\/uploads\/2013\/03\/Con-la-mirada-y-el-coraz\u00f3n-de-un-ni\u00f1o-40.jpg\" class=\"thickbox no_icon\" title=\"\"><img loading=\"lazy\" decoding=\"async\" aria-describedby=\"caption-attachment-6823\" class=\"size-large wp-image-6823\" src=\"http:\/\/www.mecerreyes.com\/mece\/wp-content\/uploads\/2013\/03\/Con-la-mirada-y-el-coraz\u00f3n-de-un-ni\u00f1o-40-741x1024.jpg\" alt=\"\" width=\"741\" height=\"1024\" srcset=\"https:\/\/www.mecerreyes.com\/mece\/wp-content\/uploads\/2013\/03\/Con-la-mirada-y-el-coraz\u00f3n-de-un-ni\u00f1o-40-741x1024.jpg 741w, https:\/\/www.mecerreyes.com\/mece\/wp-content\/uploads\/2013\/03\/Con-la-mirada-y-el-coraz\u00f3n-de-un-ni\u00f1o-40-217x300.jpg 217w, https:\/\/www.mecerreyes.com\/mece\/wp-content\/uploads\/2013\/03\/Con-la-mirada-y-el-coraz\u00f3n-de-un-ni\u00f1o-40.jpg 987w\" sizes=\"(max-width: 741px) 100vw, 741px\" \/><\/a><p id=\"caption-attachment-6823\" class=\"wp-caption-text\">P\u00e1g. 40, Con la mirada y el coraz\u00f3n de un ni\u00f1o.<\/p><\/div>\n<p>&nbsp;<\/p>\n<p>&nbsp;<\/p>\n<div id=\"attachment_6824\" style=\"width: 742px\" class=\"wp-caption alignnone\"><a  href=\"http:\/\/www.mecerreyes.com\/mece\/wp-content\/uploads\/2013\/03\/Con-la-mirada-y-el-coraz\u00f3n-de-un-ni\u00f1o-41.jpg\" class=\"thickbox no_icon\" title=\"\"><img loading=\"lazy\" decoding=\"async\" aria-describedby=\"caption-attachment-6824\" class=\"size-large wp-image-6824\" src=\"http:\/\/www.mecerreyes.com\/mece\/wp-content\/uploads\/2013\/03\/Con-la-mirada-y-el-coraz\u00f3n-de-un-ni\u00f1o-41-732x1024.jpg\" alt=\"\" width=\"732\" height=\"1024\" srcset=\"https:\/\/www.mecerreyes.com\/mece\/wp-content\/uploads\/2013\/03\/Con-la-mirada-y-el-coraz\u00f3n-de-un-ni\u00f1o-41-732x1024.jpg 732w, https:\/\/www.mecerreyes.com\/mece\/wp-content\/uploads\/2013\/03\/Con-la-mirada-y-el-coraz\u00f3n-de-un-ni\u00f1o-41-214x300.jpg 214w, https:\/\/www.mecerreyes.com\/mece\/wp-content\/uploads\/2013\/03\/Con-la-mirada-y-el-coraz\u00f3n-de-un-ni\u00f1o-41.jpg 975w\" sizes=\"(max-width: 732px) 100vw, 732px\" \/><\/a><p id=\"caption-attachment-6824\" class=\"wp-caption-text\">P\u00e1g. 41, Con la mirada y el coraz\u00f3n de un ni\u00f1o.<\/p><\/div>\n<p>&nbsp;<\/p>\n<p>&nbsp;<\/p>\n<div id=\"attachment_6825\" style=\"width: 751px\" class=\"wp-caption alignnone\"><a  href=\"http:\/\/www.mecerreyes.com\/mece\/wp-content\/uploads\/2013\/03\/Con-la-mirada-y-el-coraz\u00f3n-de-un-ni\u00f1o-42.jpg\" class=\"thickbox no_icon\" title=\"\"><img loading=\"lazy\" decoding=\"async\" aria-describedby=\"caption-attachment-6825\" class=\"size-large wp-image-6825\" src=\"http:\/\/www.mecerreyes.com\/mece\/wp-content\/uploads\/2013\/03\/Con-la-mirada-y-el-coraz\u00f3n-de-un-ni\u00f1o-42-741x1024.jpg\" alt=\"\" width=\"741\" height=\"1024\" srcset=\"https:\/\/www.mecerreyes.com\/mece\/wp-content\/uploads\/2013\/03\/Con-la-mirada-y-el-coraz\u00f3n-de-un-ni\u00f1o-42-741x1024.jpg 741w, https:\/\/www.mecerreyes.com\/mece\/wp-content\/uploads\/2013\/03\/Con-la-mirada-y-el-coraz\u00f3n-de-un-ni\u00f1o-42-217x300.jpg 217w, https:\/\/www.mecerreyes.com\/mece\/wp-content\/uploads\/2013\/03\/Con-la-mirada-y-el-coraz\u00f3n-de-un-ni\u00f1o-42.jpg 987w\" sizes=\"(max-width: 741px) 100vw, 741px\" \/><\/a><p id=\"caption-attachment-6825\" class=\"wp-caption-text\">P\u00e1g. 42, Con la mirada y el coraz\u00f3n de un ni\u00f1o.<\/p><\/div>\n<p>&nbsp;<\/p>\n<p>&nbsp;<\/p>\n<div id=\"attachment_6826\" style=\"width: 742px\" class=\"wp-caption alignnone\"><a  href=\"http:\/\/www.mecerreyes.com\/mece\/wp-content\/uploads\/2013\/03\/Con-la-mirada-y-el-coraz\u00f3n-de-un-ni\u00f1o-43.jpg\" class=\"thickbox no_icon\" title=\"\"><img loading=\"lazy\" decoding=\"async\" aria-describedby=\"caption-attachment-6826\" class=\"size-large wp-image-6826\" src=\"http:\/\/www.mecerreyes.com\/mece\/wp-content\/uploads\/2013\/03\/Con-la-mirada-y-el-coraz\u00f3n-de-un-ni\u00f1o-43-732x1024.jpg\" alt=\"\" width=\"732\" height=\"1024\" srcset=\"https:\/\/www.mecerreyes.com\/mece\/wp-content\/uploads\/2013\/03\/Con-la-mirada-y-el-coraz\u00f3n-de-un-ni\u00f1o-43-732x1024.jpg 732w, https:\/\/www.mecerreyes.com\/mece\/wp-content\/uploads\/2013\/03\/Con-la-mirada-y-el-coraz\u00f3n-de-un-ni\u00f1o-43-214x300.jpg 214w, https:\/\/www.mecerreyes.com\/mece\/wp-content\/uploads\/2013\/03\/Con-la-mirada-y-el-coraz\u00f3n-de-un-ni\u00f1o-43.jpg 975w\" sizes=\"(max-width: 732px) 100vw, 732px\" \/><\/a><p id=\"caption-attachment-6826\" class=\"wp-caption-text\">P\u00e1g. 43, Con la mirada y el coraz\u00f3n de un ni\u00f1o.<\/p><\/div>\n<p>&nbsp;<\/p>\n<div id=\"attachment_6827\" style=\"width: 750px\" class=\"wp-caption alignnone\"><a  href=\"http:\/\/www.mecerreyes.com\/mece\/wp-content\/uploads\/2013\/03\/Con-la-mirada-y-el-coraz\u00f3n-de-un-ni\u00f1o-44.jpg\" class=\"thickbox no_icon\" title=\"\"><img loading=\"lazy\" decoding=\"async\" aria-describedby=\"caption-attachment-6827\" class=\"size-large wp-image-6827\" src=\"http:\/\/www.mecerreyes.com\/mece\/wp-content\/uploads\/2013\/03\/Con-la-mirada-y-el-coraz\u00f3n-de-un-ni\u00f1o-44-740x1024.jpg\" alt=\"\" width=\"740\" height=\"1024\" srcset=\"https:\/\/www.mecerreyes.com\/mece\/wp-content\/uploads\/2013\/03\/Con-la-mirada-y-el-coraz\u00f3n-de-un-ni\u00f1o-44-740x1024.jpg 740w, https:\/\/www.mecerreyes.com\/mece\/wp-content\/uploads\/2013\/03\/Con-la-mirada-y-el-coraz\u00f3n-de-un-ni\u00f1o-44-216x300.jpg 216w, https:\/\/www.mecerreyes.com\/mece\/wp-content\/uploads\/2013\/03\/Con-la-mirada-y-el-coraz\u00f3n-de-un-ni\u00f1o-44.jpg 985w\" sizes=\"(max-width: 740px) 100vw, 740px\" \/><\/a><p id=\"caption-attachment-6827\" class=\"wp-caption-text\">P\u00e1g. 44, Con la mirada y el coraz\u00f3n de un ni\u00f1o.<\/p><\/div>\n<p>&nbsp;<\/p>\n<p>&nbsp;<\/p>\n<div id=\"attachment_6828\" style=\"width: 744px\" class=\"wp-caption alignnone\"><a  href=\"http:\/\/www.mecerreyes.com\/mece\/wp-content\/uploads\/2013\/03\/Con-la-mirada-y-el-coraz\u00f3n-de-un-ni\u00f1o-45.jpg\" class=\"thickbox no_icon\" title=\"\"><img loading=\"lazy\" decoding=\"async\" aria-describedby=\"caption-attachment-6828\" class=\"size-large wp-image-6828\" src=\"http:\/\/www.mecerreyes.com\/mece\/wp-content\/uploads\/2013\/03\/Con-la-mirada-y-el-coraz\u00f3n-de-un-ni\u00f1o-45-734x1024.jpg\" alt=\"\" width=\"734\" height=\"1024\" srcset=\"https:\/\/www.mecerreyes.com\/mece\/wp-content\/uploads\/2013\/03\/Con-la-mirada-y-el-coraz\u00f3n-de-un-ni\u00f1o-45-734x1024.jpg 734w, https:\/\/www.mecerreyes.com\/mece\/wp-content\/uploads\/2013\/03\/Con-la-mirada-y-el-coraz\u00f3n-de-un-ni\u00f1o-45-215x300.jpg 215w, https:\/\/www.mecerreyes.com\/mece\/wp-content\/uploads\/2013\/03\/Con-la-mirada-y-el-coraz\u00f3n-de-un-ni\u00f1o-45.jpg 977w\" sizes=\"(max-width: 734px) 100vw, 734px\" \/><\/a><p id=\"caption-attachment-6828\" class=\"wp-caption-text\">P\u00e1g. 45, Con la mirada y el coraz\u00f3n de un ni\u00f1o.<\/p><\/div>\n<p>&nbsp;<\/p>\n<p>&nbsp;<\/p>\n<div id=\"attachment_6829\" style=\"width: 761px\" class=\"wp-caption alignnone\"><a  href=\"http:\/\/www.mecerreyes.com\/mece\/wp-content\/uploads\/2013\/03\/Con-la-mirada-y-el-coraz\u00f3n-de-un-ni\u00f1o-46.jpg\" class=\"thickbox no_icon\" title=\"\"><img loading=\"lazy\" decoding=\"async\" aria-describedby=\"caption-attachment-6829\" class=\"size-large wp-image-6829\" src=\"http:\/\/www.mecerreyes.com\/mece\/wp-content\/uploads\/2013\/03\/Con-la-mirada-y-el-coraz\u00f3n-de-un-ni\u00f1o-46-751x1024.jpg\" alt=\"\" width=\"751\" height=\"1024\" srcset=\"https:\/\/www.mecerreyes.com\/mece\/wp-content\/uploads\/2013\/03\/Con-la-mirada-y-el-coraz\u00f3n-de-un-ni\u00f1o-46-751x1024.jpg 751w, https:\/\/www.mecerreyes.com\/mece\/wp-content\/uploads\/2013\/03\/Con-la-mirada-y-el-coraz\u00f3n-de-un-ni\u00f1o-46-220x300.jpg 220w, https:\/\/www.mecerreyes.com\/mece\/wp-content\/uploads\/2013\/03\/Con-la-mirada-y-el-coraz\u00f3n-de-un-ni\u00f1o-46.jpg 1000w\" sizes=\"(max-width: 751px) 100vw, 751px\" \/><\/a><p id=\"caption-attachment-6829\" class=\"wp-caption-text\">P\u00e1g. 46, Con la mirada y el coraz\u00f3n de un ni\u00f1o.<\/p><\/div>\n<p>&nbsp;<\/p>\n<div id=\"attachment_6830\" style=\"width: 740px\" class=\"wp-caption alignnone\"><a  href=\"http:\/\/www.mecerreyes.com\/mece\/wp-content\/uploads\/2013\/03\/Con-la-mirada-y-el-coraz\u00f3n-de-un-ni\u00f1o-47.jpg\" class=\"thickbox no_icon\" title=\"\"><img loading=\"lazy\" decoding=\"async\" aria-describedby=\"caption-attachment-6830\" class=\"size-large wp-image-6830\" src=\"http:\/\/www.mecerreyes.com\/mece\/wp-content\/uploads\/2013\/03\/Con-la-mirada-y-el-coraz\u00f3n-de-un-ni\u00f1o-47-730x1024.jpg\" alt=\"\" width=\"730\" height=\"1024\" srcset=\"https:\/\/www.mecerreyes.com\/mece\/wp-content\/uploads\/2013\/03\/Con-la-mirada-y-el-coraz\u00f3n-de-un-ni\u00f1o-47-730x1024.jpg 730w, https:\/\/www.mecerreyes.com\/mece\/wp-content\/uploads\/2013\/03\/Con-la-mirada-y-el-coraz\u00f3n-de-un-ni\u00f1o-47-214x300.jpg 214w, https:\/\/www.mecerreyes.com\/mece\/wp-content\/uploads\/2013\/03\/Con-la-mirada-y-el-coraz\u00f3n-de-un-ni\u00f1o-47.jpg 973w\" sizes=\"(max-width: 730px) 100vw, 730px\" \/><\/a><p id=\"caption-attachment-6830\" class=\"wp-caption-text\">P\u00e1g. 47, Con la mirada y el coraz\u00f3n de un ni\u00f1o.<\/p><\/div>\n<p>&nbsp;<\/p>\n<div id=\"attachment_6831\" style=\"width: 751px\" class=\"wp-caption alignnone\"><a  href=\"http:\/\/www.mecerreyes.com\/mece\/wp-content\/uploads\/2013\/03\/Con-la-mirada-y-el-coraz\u00f3n-de-un-ni\u00f1o-48.jpg\" class=\"thickbox no_icon\" title=\"\"><img loading=\"lazy\" decoding=\"async\" aria-describedby=\"caption-attachment-6831\" class=\"size-large wp-image-6831\" src=\"http:\/\/www.mecerreyes.com\/mece\/wp-content\/uploads\/2013\/03\/Con-la-mirada-y-el-coraz\u00f3n-de-un-ni\u00f1o-48-741x1024.jpg\" alt=\"\" width=\"741\" height=\"1024\" srcset=\"https:\/\/www.mecerreyes.com\/mece\/wp-content\/uploads\/2013\/03\/Con-la-mirada-y-el-coraz\u00f3n-de-un-ni\u00f1o-48-741x1024.jpg 741w, https:\/\/www.mecerreyes.com\/mece\/wp-content\/uploads\/2013\/03\/Con-la-mirada-y-el-coraz\u00f3n-de-un-ni\u00f1o-48-217x300.jpg 217w, https:\/\/www.mecerreyes.com\/mece\/wp-content\/uploads\/2013\/03\/Con-la-mirada-y-el-coraz\u00f3n-de-un-ni\u00f1o-48.jpg 987w\" sizes=\"(max-width: 741px) 100vw, 741px\" \/><\/a><p id=\"caption-attachment-6831\" class=\"wp-caption-text\">P\u00e1g. 48, Con la mirada y el coraz\u00f3n de un ni\u00f1o.<\/p><\/div>\n<p>&nbsp;<\/p>\n<div id=\"attachment_6832\" style=\"width: 742px\" class=\"wp-caption alignnone\"><a  href=\"http:\/\/www.mecerreyes.com\/mece\/wp-content\/uploads\/2013\/03\/Con-la-mirada-y-el-coraz\u00f3n-de-un-ni\u00f1o-49.jpg\" class=\"thickbox no_icon\" title=\"\"><img loading=\"lazy\" decoding=\"async\" aria-describedby=\"caption-attachment-6832\" class=\"size-large wp-image-6832\" src=\"http:\/\/www.mecerreyes.com\/mece\/wp-content\/uploads\/2013\/03\/Con-la-mirada-y-el-coraz\u00f3n-de-un-ni\u00f1o-49-732x1024.jpg\" alt=\"\" width=\"732\" height=\"1024\" srcset=\"https:\/\/www.mecerreyes.com\/mece\/wp-content\/uploads\/2013\/03\/Con-la-mirada-y-el-coraz\u00f3n-de-un-ni\u00f1o-49-732x1024.jpg 732w, https:\/\/www.mecerreyes.com\/mece\/wp-content\/uploads\/2013\/03\/Con-la-mirada-y-el-coraz\u00f3n-de-un-ni\u00f1o-49-214x300.jpg 214w, https:\/\/www.mecerreyes.com\/mece\/wp-content\/uploads\/2013\/03\/Con-la-mirada-y-el-coraz\u00f3n-de-un-ni\u00f1o-49.jpg 975w\" sizes=\"(max-width: 732px) 100vw, 732px\" \/><\/a><p id=\"caption-attachment-6832\" class=\"wp-caption-text\">P\u00e1g. 49, Con la mirada y el coraz\u00f3n de un ni\u00f1o.<\/p><\/div>\n<p>&nbsp;<\/p>\n<div id=\"attachment_6833\" style=\"width: 754px\" class=\"wp-caption alignnone\"><a  href=\"http:\/\/www.mecerreyes.com\/mece\/wp-content\/uploads\/2013\/03\/Con-la-mirada-y-el-coraz\u00f3n-de-un-ni\u00f1o-50.jpg\" class=\"thickbox no_icon\" title=\"\"><img loading=\"lazy\" decoding=\"async\" aria-describedby=\"caption-attachment-6833\" class=\"size-large wp-image-6833\" src=\"http:\/\/www.mecerreyes.com\/mece\/wp-content\/uploads\/2013\/03\/Con-la-mirada-y-el-coraz\u00f3n-de-un-ni\u00f1o-50-744x1024.jpg\" alt=\"\" width=\"744\" height=\"1024\" srcset=\"https:\/\/www.mecerreyes.com\/mece\/wp-content\/uploads\/2013\/03\/Con-la-mirada-y-el-coraz\u00f3n-de-un-ni\u00f1o-50-744x1024.jpg 744w, https:\/\/www.mecerreyes.com\/mece\/wp-content\/uploads\/2013\/03\/Con-la-mirada-y-el-coraz\u00f3n-de-un-ni\u00f1o-50-218x300.jpg 218w, https:\/\/www.mecerreyes.com\/mece\/wp-content\/uploads\/2013\/03\/Con-la-mirada-y-el-coraz\u00f3n-de-un-ni\u00f1o-50.jpg 991w\" sizes=\"(max-width: 744px) 100vw, 744px\" \/><\/a><p id=\"caption-attachment-6833\" class=\"wp-caption-text\">P\u00e1g. 50, Con la mirada y el coraz\u00f3n de un ni\u00f1o.<\/p><\/div>\n<p>&nbsp;<\/p>\n<div id=\"attachment_6834\" style=\"width: 742px\" class=\"wp-caption alignnone\"><a  href=\"http:\/\/www.mecerreyes.com\/mece\/wp-content\/uploads\/2013\/03\/Con-la-mirada-y-el-coraz\u00f3n-de-un-ni\u00f1o-51.jpg\" class=\"thickbox no_icon\" title=\"\"><img loading=\"lazy\" decoding=\"async\" aria-describedby=\"caption-attachment-6834\" class=\"size-large wp-image-6834\" src=\"http:\/\/www.mecerreyes.com\/mece\/wp-content\/uploads\/2013\/03\/Con-la-mirada-y-el-coraz\u00f3n-de-un-ni\u00f1o-51-732x1024.jpg\" alt=\"\" width=\"732\" height=\"1024\" srcset=\"https:\/\/www.mecerreyes.com\/mece\/wp-content\/uploads\/2013\/03\/Con-la-mirada-y-el-coraz\u00f3n-de-un-ni\u00f1o-51-732x1024.jpg 732w, https:\/\/www.mecerreyes.com\/mece\/wp-content\/uploads\/2013\/03\/Con-la-mirada-y-el-coraz\u00f3n-de-un-ni\u00f1o-51-214x300.jpg 214w, https:\/\/www.mecerreyes.com\/mece\/wp-content\/uploads\/2013\/03\/Con-la-mirada-y-el-coraz\u00f3n-de-un-ni\u00f1o-51.jpg 975w\" sizes=\"(max-width: 732px) 100vw, 732px\" \/><\/a><p id=\"caption-attachment-6834\" class=\"wp-caption-text\">P\u00e1g. 51, Con la mirada y el coraz\u00f3n de un ni\u00f1o.<\/p><\/div>\n<p>&nbsp;<\/p>\n<p>&nbsp;<\/p>\n<div id=\"attachment_6835\" style=\"width: 664px\" class=\"wp-caption alignnone\"><a  href=\"http:\/\/www.mecerreyes.com\/mece\/wp-content\/uploads\/2013\/03\/Con-la-mirada-y-el-coraz\u00f3n-de-un-ni\u00f1o-52.jpg\" class=\"thickbox no_icon\" title=\"\"><img loading=\"lazy\" decoding=\"async\" aria-describedby=\"caption-attachment-6835\" class=\"size-large wp-image-6835\" src=\"http:\/\/www.mecerreyes.com\/mece\/wp-content\/uploads\/2013\/03\/Con-la-mirada-y-el-coraz\u00f3n-de-un-ni\u00f1o-52-654x1024.jpg\" alt=\"\" width=\"654\" height=\"1024\" srcset=\"https:\/\/www.mecerreyes.com\/mece\/wp-content\/uploads\/2013\/03\/Con-la-mirada-y-el-coraz\u00f3n-de-un-ni\u00f1o-52-654x1024.jpg 654w, https:\/\/www.mecerreyes.com\/mece\/wp-content\/uploads\/2013\/03\/Con-la-mirada-y-el-coraz\u00f3n-de-un-ni\u00f1o-52-191x300.jpg 191w, https:\/\/www.mecerreyes.com\/mece\/wp-content\/uploads\/2013\/03\/Con-la-mirada-y-el-coraz\u00f3n-de-un-ni\u00f1o-52.jpg 871w\" sizes=\"(max-width: 654px) 100vw, 654px\" \/><\/a><p id=\"caption-attachment-6835\" class=\"wp-caption-text\">P\u00e1g. 52, Con la mirada y el coraz\u00f3n de un ni\u00f1o.<\/p><\/div>\n<p>&nbsp;<\/p>\n<p>Si quieres ver los art\u00edculos publicados anteriormente, puedes verlos pulsando en la Etiqueta \/ Temas:\u00a0<strong><em><span style=\"color: #0000ff\">Con la mirada y el coraz\u00f3n de un ni\u00f1o<\/span><\/em><\/strong> que encontrar\u00e1s en la parte derecha de esta Web de Mecerreyes; tambi\u00e9n lo puedes usar para buscar cualquier art\u00edculo de cualquier fecha.<\/p>\n<p><a  href=\"http:\/\/www.mecerreyes.com\/mece\/wp-content\/uploads\/2013\/03\/Etiquetas-Web-Mecerreyes.jpg\" class=\"thickbox no_icon\" title=\"\"><img loading=\"lazy\" decoding=\"async\" class=\"alignnone size-large wp-image-6851\" src=\"http:\/\/www.mecerreyes.com\/mece\/wp-content\/uploads\/2013\/03\/Etiquetas-Web-Mecerreyes-752x1024.jpg\" alt=\"\" width=\"752\" height=\"1024\" srcset=\"https:\/\/www.mecerreyes.com\/mece\/wp-content\/uploads\/2013\/03\/Etiquetas-Web-Mecerreyes-752x1024.jpg 752w, https:\/\/www.mecerreyes.com\/mece\/wp-content\/uploads\/2013\/03\/Etiquetas-Web-Mecerreyes-220x300.jpg 220w, https:\/\/www.mecerreyes.com\/mece\/wp-content\/uploads\/2013\/03\/Etiquetas-Web-Mecerreyes.jpg 1044w\" sizes=\"(max-width: 752px) 100vw, 752px\" \/><\/a><\/p>\n<p>&nbsp;<\/p>\n<p>&nbsp;<\/p>\n<p>&nbsp;<\/p>\n<p>&nbsp;<\/p>\n<p>&nbsp;<\/p>\n<p>&nbsp;<\/p>\n<p>&nbsp;<\/p>\n<p>&nbsp;<\/p>\n<p>&nbsp;<\/p>\n<p>&nbsp;<\/p>\n<p>&nbsp;<\/p>\n<p>&nbsp;<\/p>\n<p>&nbsp;<\/p>\n<p>&nbsp;<\/p>\n<p>&nbsp;<\/p>\n<p>&nbsp;<\/p>\n<p>&nbsp;<\/p>\n<p>&nbsp;<\/p>\n<p>&nbsp;<\/p>\n<p>&nbsp;<\/p>\n<p>&nbsp;<\/p>\n<p>&nbsp;<\/p>\n<p>&nbsp;<\/p>\n<p>&nbsp;<\/p>\n<p>&nbsp;<\/p>\n<p>&nbsp;<\/p>\n<p>&nbsp;<\/p>\n<p>&nbsp;<\/p>\n<p>&nbsp;<\/p>\n<p>&nbsp;<\/p>\n<p>&nbsp;<\/p>\n<p>&nbsp;<\/p>","protected":false},"excerpt":{"rendered":"<p>Con esta\u00a0\u00faltima entrega de Im\u00e1genes y Palabras para el recuerdo, se completa la publicaci\u00f3n que hemos querido compartir en esta Web para los numerosos seguidores que hemos recibido esta lectura con agradado; hemos podido sacar a la luz los bonitos recuerdos de nuestra infancia y nuestros a\u00f1os vividos en Mecerreyes. Recordamos que\u00a0esta \u00faltima entrega, forma\u00a0parte\u00a0de [&hellip;]<\/p>\n","protected":false},"author":5,"featured_media":0,"comment_status":"open","ping_status":"closed","sticky":false,"template":"","format":"standard","meta":{"_et_pb_use_builder":"","_et_pb_old_content":"","_et_gb_content_width":"","footnotes":""},"categories":[7,1],"tags":[48,21],"class_list":["post-6812","post","type-post","status-publish","format-standard","hentry","category-oficiosperdidos","category-general","tag-con-la-mirada-y-el-corazon-de-un-nino","tag-guiletos","et-doesnt-have-format-content","et_post_format-et-post-format-standard"],"_links":{"self":[{"href":"https:\/\/www.mecerreyes.com\/mece\/index.php?rest_route=\/wp\/v2\/posts\/6812"}],"collection":[{"href":"https:\/\/www.mecerreyes.com\/mece\/index.php?rest_route=\/wp\/v2\/posts"}],"about":[{"href":"https:\/\/www.mecerreyes.com\/mece\/index.php?rest_route=\/wp\/v2\/types\/post"}],"author":[{"embeddable":true,"href":"https:\/\/www.mecerreyes.com\/mece\/index.php?rest_route=\/wp\/v2\/users\/5"}],"replies":[{"embeddable":true,"href":"https:\/\/www.mecerreyes.com\/mece\/index.php?rest_route=%2Fwp%2Fv2%2Fcomments&post=6812"}],"version-history":[{"count":4,"href":"https:\/\/www.mecerreyes.com\/mece\/index.php?rest_route=\/wp\/v2\/posts\/6812\/revisions"}],"predecessor-version":[{"id":6959,"href":"https:\/\/www.mecerreyes.com\/mece\/index.php?rest_route=\/wp\/v2\/posts\/6812\/revisions\/6959"}],"wp:attachment":[{"href":"https:\/\/www.mecerreyes.com\/mece\/index.php?rest_route=%2Fwp%2Fv2%2Fmedia&parent=6812"}],"wp:term":[{"taxonomy":"category","embeddable":true,"href":"https:\/\/www.mecerreyes.com\/mece\/index.php?rest_route=%2Fwp%2Fv2%2Fcategories&post=6812"},{"taxonomy":"post_tag","embeddable":true,"href":"https:\/\/www.mecerreyes.com\/mece\/index.php?rest_route=%2Fwp%2Fv2%2Ftags&post=6812"}],"curies":[{"name":"wp","href":"https:\/\/api.w.org\/{rel}","templated":true}]}}