{"id":6862,"date":"2013-04-12T16:21:02","date_gmt":"2013-04-12T15:21:02","guid":{"rendered":"http:\/\/www.mecerreyes.com\/mece\/?p=6862"},"modified":"2013-04-13T00:46:09","modified_gmt":"2013-04-12T23:46:09","slug":"noticias-marzo-2013-semana-santa","status":"publish","type":"post","link":"https:\/\/www.mecerreyes.com\/mece\/?p=6862","title":{"rendered":"Noticias Marzo 2013 &#8211; Semana Santa"},"content":{"rendered":"<h2 style=\"text-align: center\"><strong>Marzo ha llegado con un torrente de noticias.<\/strong><\/h2>\n<h2 style=\"text-align: center\"><strong> Una lluvia de novedades. <\/strong><\/h2>\n<h2 style=\"text-align: center\"><strong>Un caudal de nuevas informaciones. <\/strong><\/h2>\n<h2 style=\"text-align: center\"><strong>\u00bfQuieres conocerlas? <\/strong><\/h2>\n<p style=\"text-align: justify\"><strong>\u00a0<\/strong><\/p>\n<h1 style=\"text-align: justify\"><strong><span style=\"text-decoration: underline\">Cena d\u00eda Mujer trabajadora<\/span><\/strong><\/h1>\n<p style=\"text-align: justify\">Con motivo del d\u00eda de la mujer trabajadora (valga la redundancia), el s\u00e1bado 9 de marzo, un grupito de ellas quisieron pasar un rato de diversi\u00f3n en el Mes\u00f3n cenando y charlando de sus cosas. Seg\u00fan nos dicen la cosa estuvo muy animada.<\/p>\n<p style=\"text-align: justify\"><span style=\"color: #ffffff\">.<\/span><\/p>\n<h1 style=\"text-align: justify\"><strong><span style=\"text-decoration: underline\">Limpieza &#8211; Acondicionamiento del <a  href=\"https:\/\/www.mecerreyes.com\/mece\/?page_id=20662\">Museo del Carb\u00f3n<\/a><\/span><\/strong><\/h1>\n<p style=\"text-align: justify\">Despu\u00e9s del invierno conven\u00eda darle un repaso a las carboneras: quitar hierbas, asegurar alguna cosilla que el viento afloja, dar una limpieza general&#8230; Lo que cualquiera hace en su casa, unos cuantos voluntarios estuvieron la ma\u00f1ana del s\u00e1bado 23 dando un retoque para que los paseantes se encuentren con el museo al aire libre tan estupendo como hasta ahora. Es una de las atracciones del pueblo y tiene que estar bien conservado.<\/p>\n<div id=\"attachment_6878\" style=\"width: 577px\" class=\"wp-caption alignnone\"><a  href=\"http:\/\/www.mecerreyes.com\/mece\/wp-content\/uploads\/2013\/04\/Mecerreyes-Museo-del-Carb\u00f3n-06-04-2013.jpg\" class=\"thickbox no_icon\" title=\"\"><img loading=\"lazy\" decoding=\"async\" aria-describedby=\"caption-attachment-6878\" class=\" wp-image-6878  \" src=\"http:\/\/www.mecerreyes.com\/mece\/wp-content\/uploads\/2013\/04\/Mecerreyes-Museo-del-Carb\u00f3n-06-04-2013.jpg\" alt=\"\" width=\"567\" height=\"134\" srcset=\"https:\/\/www.mecerreyes.com\/mece\/wp-content\/uploads\/2013\/04\/Mecerreyes-Museo-del-Carb\u00f3n-06-04-2013.jpg 700w, https:\/\/www.mecerreyes.com\/mece\/wp-content\/uploads\/2013\/04\/Mecerreyes-Museo-del-Carb\u00f3n-06-04-2013-300x71.jpg 300w\" sizes=\"(max-width: 567px) 100vw, 567px\" \/><\/a><p id=\"caption-attachment-6878\" class=\"wp-caption-text\">Mecerreyes, <a  href=\"https:\/\/www.mecerreyes.com\/mece\/?page_id=20662\">Museo del Carb\u00f3n<\/a>-Marzo 2013<\/p><\/div>\n<p>&nbsp;<\/p>\n<h1 style=\"text-align: justify\"><strong><span style=\"text-decoration: underline\">Domingo de Ramos <\/span><\/strong><\/h1>\n<p style=\"text-align: justify\">El Domingo de Ramos celebramos la tradicional bendici\u00f3n de ramos en la Plaza y luego de procesi\u00f3n hasta la Iglesia. Un buen grupo de fieles \u2013aunque menos que otros a\u00f1os\u2013 acudieron a la cita que da <a  href=\"https:\/\/www.mecerreyes.com\/mece\/\">inicio<\/a> a la celebraci\u00f3n de la <a  href=\"https:\/\/www.mecerreyes.com\/mece\/?page_id=48\">Semana Santa<\/a>.<\/p>\n<div id=\"attachment_6879\" style=\"width: 514px\" class=\"wp-caption alignnone\"><a  href=\"http:\/\/www.mecerreyes.com\/mece\/wp-content\/uploads\/2013\/04\/Mecerreyes-Domingo-Ramos-24-03-2013-3.jpg\" class=\"thickbox no_icon\" title=\"\"><img loading=\"lazy\" decoding=\"async\" aria-describedby=\"caption-attachment-6879\" class=\" wp-image-6879 \" src=\"http:\/\/www.mecerreyes.com\/mece\/wp-content\/uploads\/2013\/04\/Mecerreyes-Domingo-Ramos-24-03-2013-3.jpg\" alt=\"\" width=\"504\" height=\"253\" srcset=\"https:\/\/www.mecerreyes.com\/mece\/wp-content\/uploads\/2013\/04\/Mecerreyes-Domingo-Ramos-24-03-2013-3.jpg 700w, https:\/\/www.mecerreyes.com\/mece\/wp-content\/uploads\/2013\/04\/Mecerreyes-Domingo-Ramos-24-03-2013-3-300x150.jpg 300w\" sizes=\"(max-width: 504px) 100vw, 504px\" \/><\/a><p id=\"caption-attachment-6879\" class=\"wp-caption-text\">Mecerreyes, Domingo de Ramos 24-03-2013<\/p><\/div>\n<h1 style=\"text-align: justify\"><strong><span style=\"text-decoration: underline\">Robo en el <a  href=\"https:\/\/www.mecerreyes.com\/mece\/?page_id=24\">Ayuntamiento<\/a><\/span><\/strong><\/h1>\n<p style=\"text-align: justify\">La ma\u00f1ana del Lunes santo, el d\u00eda 25, nos depar\u00f3 un buen susto; una banda de cacos que ya hab\u00eda actuado en otros pueblos cercanos, entr\u00f3 en el <a  href=\"https:\/\/www.mecerreyes.com\/mece\/?page_id=24\">Ayuntamiento<\/a> en busca de dinero. Parece que no encontraron nada y se fueron como vinieron. Dejaron el susto, un poco de desorden y un buen estropicio en algunas cerraduras.<\/p>\n<h1 style=\"text-align: justify\"><strong><span style=\"text-decoration: underline\"><a  href=\"https:\/\/www.mecerreyes.com\/mece\/?page_id=48\">Semana Santa<\/a><a  href=\"http:\/\/www.mecerreyes.com\/mece\/wp-content\/uploads\/2013\/04\/Mecerreyes-Jueves-Santo-28-03-2013.jpg\" class=\"thickbox no_icon\" title=\"\"><img loading=\"lazy\" decoding=\"async\" class=\"alignright  wp-image-6880\" src=\"http:\/\/www.mecerreyes.com\/mece\/wp-content\/uploads\/2013\/04\/Mecerreyes-Jueves-Santo-28-03-2013.jpg\" alt=\"\" width=\"269\" height=\"202\" srcset=\"https:\/\/www.mecerreyes.com\/mece\/wp-content\/uploads\/2013\/04\/Mecerreyes-Jueves-Santo-28-03-2013.jpg 700w, https:\/\/www.mecerreyes.com\/mece\/wp-content\/uploads\/2013\/04\/Mecerreyes-Jueves-Santo-28-03-2013-300x225.jpg 300w\" sizes=\"(max-width: 269px) 100vw, 269px\" \/><\/a><\/span><\/strong><\/h1>\n<p style=\"text-align: justify\">El resto de la <a  href=\"https:\/\/www.mecerreyes.com\/mece\/?page_id=48\">Semana Santa<\/a> ha supuesto el regreso de mucha gente al pueblo, que aprovechando las vacaciones, quisieron acercarse para abrir las casas, dar un calent\u00f3n, ver a los paisanos&#8230; El tiempo bueno parece que tiene que estar cerca (aunque todav\u00eda el fr\u00edo se niega a irse definitivamente) y ya vamos dejando las casas de los hijos o de la ciudad. Y eso se not\u00f3 especialmente el Jueves, Viernes y S\u00e1bado santo; mucha, mucha gente en el pueblo: abuelos, ni\u00f1os, cuadrillas de adolescentes&#8230;<strong><\/strong><\/p>\n<p style=\"text-align: justify\">Tambi\u00e9n se multiplican un poco los actos de <a  href=\"https:\/\/www.mecerreyes.com\/mece\/?page_id=48\">Semana Santa<\/a>. <strong>El Jueves<\/strong>, como es tradicional, se tuvo la Misa y a continuaci\u00f3n la subasta de los cirineos, que si bien en un primer momento qued\u00f3 desierta, luego se prestaron voluntarios Samuel y Esteban \u2013el \u201cpich\u00f3n\u201d\u2013. Por la noche hubo una hora santa a la que acudieron un grupito que quer\u00eda orar y acompa\u00f1ar a Jes\u00fas en la noche de su sufrimiento.<\/p>\n<p style=\"text-align: justify\"><strong>El Viernes santo<\/strong> amaneci\u00f3 lloviendo y as\u00ed sigui\u00f3 todo el d\u00eda. El v\u00eda crucis lo rezamos en el interior de la Iglesia. Y por la tarde se celebraron los Oficios recordando la Pasi\u00f3n y Muerte de Jes\u00fas. Y el <strong>S\u00e1bado por la noche<\/strong>, con la gran Vigilia pascual, pudimos dar por cerrada la celebraci\u00f3n del Triduo pascual.<\/p>\n<div id=\"attachment_6883\" style=\"width: 388px\" class=\"wp-caption alignleft\"><a  href=\"http:\/\/www.mecerreyes.com\/mece\/wp-content\/uploads\/2013\/04\/Mecerreyes-Domingo-de-Pascua-31-03-2013-7.jpg\" class=\"thickbox no_icon\" title=\"\"><img loading=\"lazy\" decoding=\"async\" aria-describedby=\"caption-attachment-6883\" class=\" wp-image-6883  \" src=\"http:\/\/www.mecerreyes.com\/mece\/wp-content\/uploads\/2013\/04\/Mecerreyes-Domingo-de-Pascua-31-03-2013-7.jpg\" alt=\"\" width=\"378\" height=\"284\" srcset=\"https:\/\/www.mecerreyes.com\/mece\/wp-content\/uploads\/2013\/04\/Mecerreyes-Domingo-de-Pascua-31-03-2013-7.jpg 700w, https:\/\/www.mecerreyes.com\/mece\/wp-content\/uploads\/2013\/04\/Mecerreyes-Domingo-de-Pascua-31-03-2013-7-300x225.jpg 300w\" sizes=\"(max-width: 378px) 100vw, 378px\" \/><\/a><p id=\"caption-attachment-6883\" class=\"wp-caption-text\">Mecerreyes, Domingo de Pascua, 31-03-2013<\/p><\/div>\n<p style=\"text-align: justify\">El <strong>Domingo de Resurrecci\u00f3n<\/strong> \u2013la Pascua\u2013, tuvimos la procesi\u00f3n del Encuentro, en la que Jes\u00fas resucitado sale al encuentro de Mar\u00eda y \u00e9sta cambia su luto por la alegr\u00eda de la vida; por eso se le quita el manto negro y se la pone el blanco. Despu\u00e9s de esto, s\u00f3lo desearos felices pascuas.<\/p>\n<p style=\"text-align: justify\"><span style=\"color: #ffffff\">.<\/span><\/p>\n<h1 style=\"text-align: justify\"><strong><span style=\"text-decoration: underline\">Inundaciones<\/span><\/strong><\/h1>\n<p><img loading=\"lazy\" decoding=\"async\" class=\"alignright size-medium wp-image-6888\" src=\"http:\/\/www.mecerreyes.com\/mece\/wp-content\/uploads\/2013\/04\/Mecerreyes-Los-Villares-inundados-6-04-2013-1-300x225.jpg\" alt=\"\" width=\"300\" height=\"225\" srcset=\"https:\/\/www.mecerreyes.com\/mece\/wp-content\/uploads\/2013\/04\/Mecerreyes-Los-Villares-inundados-6-04-2013-1-300x225.jpg 300w, https:\/\/www.mecerreyes.com\/mece\/wp-content\/uploads\/2013\/04\/Mecerreyes-Los-Villares-inundados-6-04-2013-1.jpg 700w\" sizes=\"(max-width: 300px) 100vw, 300px\" \/><\/p>\n<div>\n<p style=\"text-align: justify\">Dicen que nunca llueve a gusto de todos y as\u00ed parece ser; el Viernes santo el dep\u00f3sito de agua que nos hab\u00eda dado alg\u00fan disgusto en verano porque se vaciaba m\u00e1s r\u00e1pido de lo que entraba el agua, se inund\u00f3; las bombas no daban abasto a sacar la cantidad de agua que entraba; es tanta la cantidad que llevan los arroyos, fuentes, acu\u00edferos, manantiales&#8230; que fincas, campos y huertas se inundaron y todav\u00eda no se han oreado bien. Pues bien, el Viernes Santo, como os dec\u00edamos, el dep\u00f3sito se satur\u00f3; hubo que estar toda la noche sacando agua, limpiando motores y controlando el caudal para que no volviera a desbordarse. Por suerte y gracias a la actuaci\u00f3n r\u00e1pida de Juli\u00e1n y otros concejales y voluntarios casi no se not\u00f3 que nos hab\u00edamos quedado sin agua. Desde aqu\u00ed muchas gracias por vuestra r\u00e1pida actuaci\u00f3n.<\/p>\n<p style=\"text-align: justify\">Tambi\u00e9n varios voluntarios se encargaron de desatascar los ca\u00f1os de la fuente de la ermita, sal\u00eda el agua por la pared por el gran caudal de agua que llegaba, hasta que consiguieron que saliera por su sitio, es decir, por los cuatro ca\u00f1os.<\/p>\n<p><a  href=\"http:\/\/www.mecerreyes.com\/mece\/wp-content\/uploads\/2013\/04\/Fuente-de-la-ermita-29-03-2013.jpg\" class=\"thickbox no_icon\" title=\"\"><img loading=\"lazy\" decoding=\"async\" class=\"alignnone size-medium wp-image-6890\" src=\"http:\/\/www.mecerreyes.com\/mece\/wp-content\/uploads\/2013\/04\/Fuente-de-la-ermita-29-03-2013-225x300.jpg\" alt=\"\" width=\"225\" height=\"300\" srcset=\"https:\/\/www.mecerreyes.com\/mece\/wp-content\/uploads\/2013\/04\/Fuente-de-la-ermita-29-03-2013-225x300.jpg 225w, https:\/\/www.mecerreyes.com\/mece\/wp-content\/uploads\/2013\/04\/Fuente-de-la-ermita-29-03-2013.jpg 700w\" sizes=\"(max-width: 225px) 100vw, 225px\" \/><\/a><a  href=\"http:\/\/www.mecerreyes.com\/mece\/wp-content\/uploads\/2013\/04\/Fuente-de-la-ermita-31-03-2013.jpg\" class=\"thickbox no_icon\" title=\"\"><img loading=\"lazy\" decoding=\"async\" class=\"alignright size-full wp-image-6891\" src=\"http:\/\/www.mecerreyes.com\/mece\/wp-content\/uploads\/2013\/04\/Fuente-de-la-ermita-31-03-2013.jpg\" alt=\"\" width=\"250\" height=\"250\" srcset=\"https:\/\/www.mecerreyes.com\/mece\/wp-content\/uploads\/2013\/04\/Fuente-de-la-ermita-31-03-2013.jpg 250w, https:\/\/www.mecerreyes.com\/mece\/wp-content\/uploads\/2013\/04\/Fuente-de-la-ermita-31-03-2013-150x150.jpg 150w\" sizes=\"(max-width: 250px) 100vw, 250px\" \/><\/a><\/p>\n<p>&nbsp;<\/p>\n<h1 style=\"text-align: justify\"><strong><span style=\"text-decoration: underline\">Nacimientos<a  href=\"http:\/\/www.mecerreyes.com\/mece\/wp-content\/uploads\/2013\/04\/Daniel-y-Pablo.jpg\" class=\"thickbox no_icon\" title=\"\"><img loading=\"lazy\" decoding=\"async\" class=\"alignleft size-medium wp-image-6893\" src=\"http:\/\/www.mecerreyes.com\/mece\/wp-content\/uploads\/2013\/04\/Daniel-y-Pablo-225x300.jpg\" alt=\"\" width=\"225\" height=\"300\" srcset=\"https:\/\/www.mecerreyes.com\/mece\/wp-content\/uploads\/2013\/04\/Daniel-y-Pablo-225x300.jpg 225w, https:\/\/www.mecerreyes.com\/mece\/wp-content\/uploads\/2013\/04\/Daniel-y-Pablo-768x1024.jpg 768w, https:\/\/www.mecerreyes.com\/mece\/wp-content\/uploads\/2013\/04\/Daniel-y-Pablo.jpg 1224w\" sizes=\"(max-width: 225px) 100vw, 225px\" \/><\/a><\/span><\/strong><\/h1>\n<p style=\"text-align: justify\">Hay que felicitar a Silvia y Fernando por el nacimiento, el lunes 25 de marzo, de su segundo hijo: <strong>Daniel Garc\u00eda Betete<\/strong>. Seguro que Pablo estar\u00e1 muy contento con su hermanito. \u00a1Y qu\u00e9 decir de su abuela Ang\u00e9lica y de la bisabuela Petra! Enhorabuena a la familia.<\/p>\n<p style=\"text-align: justify\">Tambi\u00e9n felicitamos a Ane y \u00c1lex por el nacimiento de su hija <strong>Arane Urra Diez<\/strong>, el 28 de marzo. Felicitaci\u00f3n que hacemos extensiva a los abuelos Vicente y Maite, a su hermanita Nahia, y a la bisabuela Petra que este mes aumenta el n\u00famero de biznietos a pares.<\/p>\n<p style=\"text-align: justify\"><span style=\"color: #ffffff\">.<\/span><\/p>\n<h1><strong>EN RECUERDO\u2026<\/strong><\/h1>\n<p style=\"text-align: justify\">En plena primavera de nuevo la muerte nos sorprende. Y esta vez en la<\/p>\n<div id=\"attachment_6931\" style=\"width: 307px\" class=\"wp-caption alignright\"><a  href=\"http:\/\/www.mecerreyes.com\/mece\/wp-content\/uploads\/2013\/04\/Sergio-Lozano.jpg\" class=\"thickbox no_icon\" title=\"\"><img loading=\"lazy\" decoding=\"async\" aria-describedby=\"caption-attachment-6931\" class=\"size-medium wp-image-6931\" src=\"http:\/\/www.mecerreyes.com\/mece\/wp-content\/uploads\/2013\/04\/Sergio-Lozano-297x300.jpg\" alt=\"\" width=\"297\" height=\"300\" srcset=\"https:\/\/www.mecerreyes.com\/mece\/wp-content\/uploads\/2013\/04\/Sergio-Lozano-297x300.jpg 297w, https:\/\/www.mecerreyes.com\/mece\/wp-content\/uploads\/2013\/04\/Sergio-Lozano.jpg 373w\" sizes=\"(max-width: 297px) 100vw, 297px\" \/><\/a><p id=\"caption-attachment-6931\" class=\"wp-caption-text\">Sergio Lozano<\/p><\/div>\n<p style=\"text-align: justify\">persona de un joven guileto muy querido: <strong>Sergio Lozano D\u00edez<\/strong> (el 6 de abril de 2013), hijo de Paco y Antonia. Sergio supo vivir su enfermedad con entereza, dignidad y siempre con una sonrisa y palabras de \u00e1nimo a los dem\u00e1s. Nosotros somos testigos.<\/p>\n<p style=\"text-align: justify\">Confiados en que ya descansa en los brazos del Padre Dios, manifestamos nuestro afecto y cercan\u00eda a Paco, su padre, Nieves, esposa, Ana y David, hijos, Juli, Juani y Paco, hermanos, familiares y amigos.<\/p>\n<p style=\"text-align: justify\">Y como homenaje a Sergio, dejamos constancia de nuevo lo que \u00e9l, an\u00f3nimamente envi\u00f3 hace poco m\u00e1s de un a\u00f1o a nuestra p\u00e1gina web, y que seguramente recordar\u00e9is:<\/p>\n<p><a  href=\"http:\/\/www.mecerreyes.com\/mece\/?p=4105\" target=\"_blank\"><strong>Guileto<\/strong><\/a><strong><\/strong><\/p>\n<p>Publicado por Asoc. Cultural de Mecerreyes en <a  title=\"Ver todas las entradas en Cultura\" href=\"http:\/\/www.mecerreyes.com\/mece\/?cat=6\">Cultura<\/a> el 07\/02\/2012<\/p>\n<p style=\"text-align: justify\"><span style=\"color: #0000ff\"><em><strong>Guileto.<\/strong> Es el apodo que se les atribuye a los nacidos en Mecerreyes. Yo soy uno de ellos. Nac\u00ed all\u00e1 por los a\u00f1os cincuenta y tantos, cuando mi pueblo bull\u00eda en esplendor, quiz\u00e1 no el m\u00e1ximo, pero s\u00ed en una gran parte.<\/em><\/span><\/p>\n<p style=\"text-align: justify\"><span style=\"color: #0000ff\"><em>Cuatro escuelas con 30 ni\u00f1os y ni\u00f1as en cada una\u2026 un ir y venir de carros con sus hombres y mujeres en sus quehaceres agr\u00edcolas; un trasiego de ganado: ovejas, cabras\u2026<\/em><\/span><\/p>\n<p style=\"text-align: justify\"><span style=\"color: #0000ff\"><em>\u00bfDe d\u00f3nde eres?, te preguntaban. Soy de Mecerreyes. Y te dec\u00edan aquello de \u201cguileto\u201d\u2026 Pues s\u00ed; es un orgullo ser guileto; al menos para m\u00ed. Y es que mi pueblo ha luchado por ser lo que es. Recuerdo que en aquellos tiempos, los m\u00e1s j\u00f3venes empezaron con las <a  href=\"https:\/\/www.mecerreyes.com\/mece\/?page_id=268\">pe\u00f1as<\/a>\u00a0para las fiestas; una tradici\u00f3n implantada all\u00e1 por los a\u00f1os 60 \u00f3 70 y que hoy todav\u00eda prosigue; <a  href=\"https:\/\/www.mecerreyes.com\/mece\/?page_id=47\">las Marzas<\/a>, <a  href=\"https:\/\/www.mecerreyes.com\/mece\/?page_id=138\">el Gallo de Carnaval<\/a>&#8230;\u00a0fiestas tan participativas\u2026 \u00bfSon o no para estar orgulloso de ser guileto?<\/em><\/span><\/p>\n<p style=\"text-align: justify\"><span style=\"color: #0000ff\"><em>\u00a0Y ver c\u00f3mo evoluciona el pueblo a pesar de ir perdiendo gente en n\u00famero, pero la que queda se afana por hacer del pueblo un lugar para vivir.<\/em><\/span><\/p>\n<p style=\"text-align: justify\"><span style=\"color: #0000ff\"><em>No me olvido de la revista y el grupo que la coordinaba, con lo que supuso de unidad para el pueblo y un ejemplo de trabajo abnegado y por la comunidad. El Bel\u00e9n en el que todos los a\u00f1os se vuelcan los vecinos y que es el orgullo de cualquier guileto.<\/em><\/span><\/p>\n<p style=\"text-align: justify\"><span style=\"color: #0000ff\"><em>Todo evoluciona. Y las nuevas tecnolog\u00edas nos llevan a la red de redes, a Internet, para ver con orgullo nuestra p\u00e1gina web, valorando el buen trabajo hecho con este medio que nos transporta a todo el mundo, para que todo el planeta conozca a los guiletos.<\/em><\/span><\/p>\n<p style=\"text-align: justify\"><span style=\"color: #0000ff\"><em>No quiero olvidarme del ya famoso albergue de peregrinos del Camino de la Lana y de la Ruta Cidiana. Ni del conjunto escult\u00f3rico que se reparte por todo el pueblo: el guileto de la Plaza; el abuelo del Mes\u00f3n de Javi; la estatua del Cid Campeador, tan esbelta y grande.<\/em><\/span><\/p>\n<p style=\"text-align: justify\"><span style=\"color: #0000ff\"><em>Todas estas cosas son suficiente justificaci\u00f3n para decir que Mecerreyes es un pueblo muy vivo. Que sufre con los achaques de la sociedad que nos ha tocado vivir, pero que vive en la lucha con sus valientes guiletos que llevan este esp\u00edritu en sus venas.<\/em><\/span><\/p>\n<p style=\"text-align: justify\"><span style=\"color: #0000ff\"><em>Me gustar\u00eda colaborar m\u00e1s con este esp\u00edritu, pero por circunstancias de la vida no me es posible. Ten\u00e9is mi apoyo incondicional porque s\u00e9 lo que cuesta organizar una peque\u00f1a casa y tan complicado como eso es mantener viva la llama de la esperanza de sentirse y hacer sentir ese orgullo de ser guileto.<\/em><\/span><\/p>\n<p style=\"text-align: justify\"><span style=\"color: #0000ff\"><em>Un guileto incondicional<\/em><\/span><\/p>\n<p>&nbsp;<\/p>\n<p><strong>\u00a1Qu\u00e9 cierto es eso de que vivir se debe la vida de tal manera que viva se quede en la muerte!<\/strong><\/p>\n<p><strong>Gracias, Sergio, amigo, y como t\u00fa nos sentimos orgullosos de\u00a0 ser guiletos. \u00a1Te recordamos!<\/strong><\/p>\n<p style=\"text-align: justify\">***********************************<\/p>\n\n\t\t<style type=\"text\/css\">\n\t\t\t#gallery-1 {\n\t\t\t\tmargin: auto;\n\t\t\t}\n\t\t\t#gallery-1 .gallery-item {\n\t\t\t\tfloat: left;\n\t\t\t\tmargin-top: 10px;\n\t\t\t\ttext-align: center;\n\t\t\t\twidth: 33%;\n\t\t\t}\n\t\t\t#gallery-1 img {\n\t\t\t\tborder: 2px solid #cfcfcf;\n\t\t\t}\n\t\t\t#gallery-1 .gallery-caption {\n\t\t\t\tmargin-left: 0;\n\t\t\t}\n\t\t\t\/* see gallery_shortcode() in wp-includes\/media.php *\/\n\t\t<\/style>\n\t\t<div id='gallery-1' class='gallery galleryid-6862 gallery-columns-3 gallery-size-thumbnail'><dl class='gallery-item'>\n\t\t\t<dt class='gallery-icon landscape'>\n\t\t\t\t<a  href=\"https:\/\/www.mecerreyes.com\/mece\/wp-content\/uploads\/2013\/04\/Mecerreyes-Domingo-Ramos-24-03-2013.jpg\" class=\"thickbox no_icon\" title=\"\"><img loading=\"lazy\" decoding=\"async\" width=\"150\" height=\"150\" src=\"https:\/\/www.mecerreyes.com\/mece\/wp-content\/uploads\/2013\/04\/Mecerreyes-Domingo-Ramos-24-03-2013-150x150.jpg\" class=\"attachment-thumbnail size-thumbnail\" alt=\"\" \/><\/a>\n\t\t\t<\/dt><\/dl><dl class='gallery-item'>\n\t\t\t<dt class='gallery-icon landscape'>\n\t\t\t\t<a  href=\"https:\/\/www.mecerreyes.com\/mece\/wp-content\/uploads\/2013\/04\/Mecerreyes-Domingo-Ramos-24-03-2013-1.jpg\" class=\"thickbox no_icon\" title=\"\"><img loading=\"lazy\" decoding=\"async\" width=\"150\" height=\"150\" src=\"https:\/\/www.mecerreyes.com\/mece\/wp-content\/uploads\/2013\/04\/Mecerreyes-Domingo-Ramos-24-03-2013-1-150x150.jpg\" class=\"attachment-thumbnail size-thumbnail\" alt=\"\" \/><\/a>\n\t\t\t<\/dt><\/dl><dl class='gallery-item'>\n\t\t\t<dt class='gallery-icon landscape'>\n\t\t\t\t<a  href=\"https:\/\/www.mecerreyes.com\/mece\/wp-content\/uploads\/2013\/04\/Mecerreyes-Domingo-Ramos-24-03-2013-2.jpg\" class=\"thickbox no_icon\" title=\"\"><img loading=\"lazy\" decoding=\"async\" width=\"150\" height=\"150\" src=\"https:\/\/www.mecerreyes.com\/mece\/wp-content\/uploads\/2013\/04\/Mecerreyes-Domingo-Ramos-24-03-2013-2-150x150.jpg\" class=\"attachment-thumbnail size-thumbnail\" alt=\"\" \/><\/a>\n\t\t\t<\/dt><\/dl><br style=\"clear: both\" \/><dl class='gallery-item'>\n\t\t\t<dt class='gallery-icon landscape'>\n\t\t\t\t<a  href=\"https:\/\/www.mecerreyes.com\/mece\/wp-content\/uploads\/2013\/04\/Mecerreyes-Domingo-Ramos-24-03-2013-3.jpg\" class=\"thickbox no_icon\" title=\"\"><img loading=\"lazy\" decoding=\"async\" width=\"150\" height=\"150\" src=\"https:\/\/www.mecerreyes.com\/mece\/wp-content\/uploads\/2013\/04\/Mecerreyes-Domingo-Ramos-24-03-2013-3-150x150.jpg\" class=\"attachment-thumbnail size-thumbnail\" alt=\"\" \/><\/a>\n\t\t\t<\/dt><\/dl><dl class='gallery-item'>\n\t\t\t<dt class='gallery-icon landscape'>\n\t\t\t\t<a  href=\"https:\/\/www.mecerreyes.com\/mece\/wp-content\/uploads\/2013\/04\/Mecerreyes-Jueves-Santo-28-03-2013.jpg\" class=\"thickbox no_icon\" title=\"\"><img loading=\"lazy\" decoding=\"async\" width=\"150\" height=\"150\" src=\"https:\/\/www.mecerreyes.com\/mece\/wp-content\/uploads\/2013\/04\/Mecerreyes-Jueves-Santo-28-03-2013-150x150.jpg\" class=\"attachment-thumbnail size-thumbnail\" alt=\"\" \/><\/a>\n\t\t\t<\/dt><\/dl><dl class='gallery-item'>\n\t\t\t<dt class='gallery-icon landscape'>\n\t\t\t\t<a  href=\"https:\/\/www.mecerreyes.com\/mece\/wp-content\/uploads\/2013\/04\/Mecerreyes-Jueves-Santo-28-03-2013-1.jpg\" class=\"thickbox no_icon\" title=\"\"><img loading=\"lazy\" decoding=\"async\" width=\"150\" height=\"150\" src=\"https:\/\/www.mecerreyes.com\/mece\/wp-content\/uploads\/2013\/04\/Mecerreyes-Jueves-Santo-28-03-2013-1-150x150.jpg\" class=\"attachment-thumbnail size-thumbnail\" alt=\"\" \/><\/a>\n\t\t\t<\/dt><\/dl><br style=\"clear: both\" \/><dl class='gallery-item'>\n\t\t\t<dt class='gallery-icon landscape'>\n\t\t\t\t<a  href=\"https:\/\/www.mecerreyes.com\/mece\/wp-content\/uploads\/2013\/04\/Mecerreyes-Jueves-Santo-28-03-2013-2.jpg\" class=\"thickbox no_icon\" title=\"\"><img loading=\"lazy\" decoding=\"async\" width=\"150\" height=\"150\" src=\"https:\/\/www.mecerreyes.com\/mece\/wp-content\/uploads\/2013\/04\/Mecerreyes-Jueves-Santo-28-03-2013-2-150x150.jpg\" class=\"attachment-thumbnail size-thumbnail\" alt=\"\" \/><\/a>\n\t\t\t<\/dt><\/dl><dl class='gallery-item'>\n\t\t\t<dt class='gallery-icon landscape'>\n\t\t\t\t<a  href=\"https:\/\/www.mecerreyes.com\/mece\/wp-content\/uploads\/2013\/04\/Mecerreyes-Viernes-Santo-29-03-2013.jpg\" class=\"thickbox no_icon\" title=\"\"><img loading=\"lazy\" decoding=\"async\" width=\"150\" height=\"150\" src=\"https:\/\/www.mecerreyes.com\/mece\/wp-content\/uploads\/2013\/04\/Mecerreyes-Viernes-Santo-29-03-2013-150x150.jpg\" class=\"attachment-thumbnail size-thumbnail\" alt=\"\" \/><\/a>\n\t\t\t<\/dt><\/dl><dl class='gallery-item'>\n\t\t\t<dt class='gallery-icon landscape'>\n\t\t\t\t<a  href=\"https:\/\/www.mecerreyes.com\/mece\/wp-content\/uploads\/2013\/04\/Mecerreyes-Viernes-Santo-29-03-2013-1.jpg\" class=\"thickbox no_icon\" title=\"\"><img loading=\"lazy\" decoding=\"async\" width=\"150\" height=\"150\" src=\"https:\/\/www.mecerreyes.com\/mece\/wp-content\/uploads\/2013\/04\/Mecerreyes-Viernes-Santo-29-03-2013-1-150x150.jpg\" class=\"attachment-thumbnail size-thumbnail\" alt=\"\" \/><\/a>\n\t\t\t<\/dt><\/dl><br style=\"clear: both\" \/><dl class='gallery-item'>\n\t\t\t<dt class='gallery-icon landscape'>\n\t\t\t\t<a  href=\"https:\/\/www.mecerreyes.com\/mece\/wp-content\/uploads\/2013\/04\/Mecerreyes-Viernes-Santo-29-03-2013-2.jpg\" class=\"thickbox no_icon\" title=\"\"><img loading=\"lazy\" decoding=\"async\" width=\"150\" height=\"150\" src=\"https:\/\/www.mecerreyes.com\/mece\/wp-content\/uploads\/2013\/04\/Mecerreyes-Viernes-Santo-29-03-2013-2-150x150.jpg\" class=\"attachment-thumbnail size-thumbnail\" alt=\"\" \/><\/a>\n\t\t\t<\/dt><\/dl><dl class='gallery-item'>\n\t\t\t<dt class='gallery-icon landscape'>\n\t\t\t\t<a  href=\"https:\/\/www.mecerreyes.com\/mece\/wp-content\/uploads\/2013\/04\/Mecerreyes-Viernes-Santo-29-03-2013-3.jpg\" class=\"thickbox no_icon\" title=\"\"><img loading=\"lazy\" decoding=\"async\" width=\"150\" height=\"150\" src=\"https:\/\/www.mecerreyes.com\/mece\/wp-content\/uploads\/2013\/04\/Mecerreyes-Viernes-Santo-29-03-2013-3-150x150.jpg\" class=\"attachment-thumbnail size-thumbnail\" alt=\"\" \/><\/a>\n\t\t\t<\/dt><\/dl><dl class='gallery-item'>\n\t\t\t<dt class='gallery-icon landscape'>\n\t\t\t\t<a  href=\"https:\/\/www.mecerreyes.com\/mece\/wp-content\/uploads\/2013\/04\/Mecerreyes-Viernes-Santo-29-03-2013-4.jpg\" class=\"thickbox no_icon\" title=\"\"><img loading=\"lazy\" decoding=\"async\" width=\"150\" height=\"150\" src=\"https:\/\/www.mecerreyes.com\/mece\/wp-content\/uploads\/2013\/04\/Mecerreyes-Viernes-Santo-29-03-2013-4-150x150.jpg\" class=\"attachment-thumbnail size-thumbnail\" alt=\"\" \/><\/a>\n\t\t\t<\/dt><\/dl><br style=\"clear: both\" \/><dl class='gallery-item'>\n\t\t\t<dt class='gallery-icon landscape'>\n\t\t\t\t<a  href=\"https:\/\/www.mecerreyes.com\/mece\/wp-content\/uploads\/2013\/04\/Mecerreyes-S\u00e1bado-Santo-30-03-2013.jpg\" class=\"thickbox no_icon\" title=\"\"><img loading=\"lazy\" decoding=\"async\" width=\"150\" height=\"150\" src=\"https:\/\/www.mecerreyes.com\/mece\/wp-content\/uploads\/2013\/04\/Mecerreyes-S\u00e1bado-Santo-30-03-2013-150x150.jpg\" class=\"attachment-thumbnail size-thumbnail\" alt=\"\" \/><\/a>\n\t\t\t<\/dt><\/dl><dl class='gallery-item'>\n\t\t\t<dt class='gallery-icon landscape'>\n\t\t\t\t<a  href=\"https:\/\/www.mecerreyes.com\/mece\/wp-content\/uploads\/2013\/04\/Mecerreyes-S\u00e1bado-Santo-30-03-2013-1.jpg\" class=\"thickbox no_icon\" title=\"\"><img loading=\"lazy\" decoding=\"async\" width=\"150\" height=\"150\" src=\"https:\/\/www.mecerreyes.com\/mece\/wp-content\/uploads\/2013\/04\/Mecerreyes-S\u00e1bado-Santo-30-03-2013-1-150x150.jpg\" class=\"attachment-thumbnail size-thumbnail\" alt=\"\" \/><\/a>\n\t\t\t<\/dt><\/dl><dl class='gallery-item'>\n\t\t\t<dt class='gallery-icon landscape'>\n\t\t\t\t<a  href=\"https:\/\/www.mecerreyes.com\/mece\/wp-content\/uploads\/2013\/04\/Mecerreyes-Domingo-de-Pascua-31-03-2013.jpg\" class=\"thickbox no_icon\" title=\"\"><img loading=\"lazy\" decoding=\"async\" width=\"150\" height=\"150\" src=\"https:\/\/www.mecerreyes.com\/mece\/wp-content\/uploads\/2013\/04\/Mecerreyes-Domingo-de-Pascua-31-03-2013-150x150.jpg\" class=\"attachment-thumbnail size-thumbnail\" alt=\"\" \/><\/a>\n\t\t\t<\/dt><\/dl><br style=\"clear: both\" \/><dl class='gallery-item'>\n\t\t\t<dt class='gallery-icon landscape'>\n\t\t\t\t<a  href=\"https:\/\/www.mecerreyes.com\/mece\/wp-content\/uploads\/2013\/04\/Mecerreyes-Domingo-de-Pascua-31-03-2013-1.jpg\" class=\"thickbox no_icon\" title=\"\"><img loading=\"lazy\" decoding=\"async\" width=\"150\" height=\"150\" src=\"https:\/\/www.mecerreyes.com\/mece\/wp-content\/uploads\/2013\/04\/Mecerreyes-Domingo-de-Pascua-31-03-2013-1-150x150.jpg\" class=\"attachment-thumbnail size-thumbnail\" alt=\"\" \/><\/a>\n\t\t\t<\/dt><\/dl><dl class='gallery-item'>\n\t\t\t<dt class='gallery-icon landscape'>\n\t\t\t\t<a  href=\"https:\/\/www.mecerreyes.com\/mece\/wp-content\/uploads\/2013\/04\/Mecerreyes-Domingo-de-Pascua-31-03-2013-2.jpg\" class=\"thickbox no_icon\" title=\"\"><img loading=\"lazy\" decoding=\"async\" width=\"150\" height=\"150\" src=\"https:\/\/www.mecerreyes.com\/mece\/wp-content\/uploads\/2013\/04\/Mecerreyes-Domingo-de-Pascua-31-03-2013-2-150x150.jpg\" class=\"attachment-thumbnail size-thumbnail\" alt=\"\" \/><\/a>\n\t\t\t<\/dt><\/dl><dl class='gallery-item'>\n\t\t\t<dt class='gallery-icon landscape'>\n\t\t\t\t<a  href=\"https:\/\/www.mecerreyes.com\/mece\/wp-content\/uploads\/2013\/04\/Mecerreyes-Domingo-de-Pascua-31-03-2013-3.jpg\" class=\"thickbox no_icon\" title=\"\"><img loading=\"lazy\" decoding=\"async\" width=\"150\" height=\"150\" src=\"https:\/\/www.mecerreyes.com\/mece\/wp-content\/uploads\/2013\/04\/Mecerreyes-Domingo-de-Pascua-31-03-2013-3-150x150.jpg\" class=\"attachment-thumbnail size-thumbnail\" alt=\"\" \/><\/a>\n\t\t\t<\/dt><\/dl><br style=\"clear: both\" \/><dl class='gallery-item'>\n\t\t\t<dt class='gallery-icon landscape'>\n\t\t\t\t<a  href=\"https:\/\/www.mecerreyes.com\/mece\/wp-content\/uploads\/2013\/04\/Mecerreyes-Domingo-de-Pascua-31-03-2013-4.jpg\" class=\"thickbox no_icon\" title=\"\"><img loading=\"lazy\" decoding=\"async\" width=\"150\" height=\"150\" src=\"https:\/\/www.mecerreyes.com\/mece\/wp-content\/uploads\/2013\/04\/Mecerreyes-Domingo-de-Pascua-31-03-2013-4-150x150.jpg\" class=\"attachment-thumbnail size-thumbnail\" alt=\"\" \/><\/a>\n\t\t\t<\/dt><\/dl><dl class='gallery-item'>\n\t\t\t<dt class='gallery-icon landscape'>\n\t\t\t\t<a  href=\"https:\/\/www.mecerreyes.com\/mece\/wp-content\/uploads\/2013\/04\/Mecerreyes-Domingo-de-Pascua-31-03-2013-5.jpg\" class=\"thickbox no_icon\" title=\"\"><img loading=\"lazy\" decoding=\"async\" width=\"150\" height=\"150\" src=\"https:\/\/www.mecerreyes.com\/mece\/wp-content\/uploads\/2013\/04\/Mecerreyes-Domingo-de-Pascua-31-03-2013-5-150x150.jpg\" class=\"attachment-thumbnail size-thumbnail\" alt=\"\" \/><\/a>\n\t\t\t<\/dt><\/dl><dl class='gallery-item'>\n\t\t\t<dt class='gallery-icon landscape'>\n\t\t\t\t<a  href=\"https:\/\/www.mecerreyes.com\/mece\/wp-content\/uploads\/2013\/04\/Mecerreyes-Domingo-de-Pascua-31-03-2013-6.jpg\" class=\"thickbox no_icon\" title=\"\"><img loading=\"lazy\" decoding=\"async\" width=\"150\" height=\"150\" src=\"https:\/\/www.mecerreyes.com\/mece\/wp-content\/uploads\/2013\/04\/Mecerreyes-Domingo-de-Pascua-31-03-2013-6-150x150.jpg\" class=\"attachment-thumbnail size-thumbnail\" alt=\"\" \/><\/a>\n\t\t\t<\/dt><\/dl><br style=\"clear: both\" \/><dl class='gallery-item'>\n\t\t\t<dt class='gallery-icon landscape'>\n\t\t\t\t<a  href=\"https:\/\/www.mecerreyes.com\/mece\/wp-content\/uploads\/2013\/04\/Mecerreyes-Domingo-de-Pascua-31-03-2013-7.jpg\" class=\"thickbox no_icon\" title=\"\"><img loading=\"lazy\" decoding=\"async\" width=\"150\" height=\"150\" src=\"https:\/\/www.mecerreyes.com\/mece\/wp-content\/uploads\/2013\/04\/Mecerreyes-Domingo-de-Pascua-31-03-2013-7-150x150.jpg\" class=\"attachment-thumbnail size-thumbnail\" alt=\"\" aria-describedby=\"gallery-1-6883\" \/><\/a>\n\t\t\t<\/dt>\n\t\t\t\t<dd class='wp-caption-text gallery-caption' id='gallery-1-6883'>\n\t\t\t\tOcultar\r\nMecerreyes, Domingo de Pascua, 31-03-2013 \n\t\t\t\t<\/dd><\/dl><dl class='gallery-item'>\n\t\t\t<dt class='gallery-icon landscape'>\n\t\t\t\t<a  href=\"https:\/\/www.mecerreyes.com\/mece\/wp-content\/uploads\/2013\/04\/Mecerreyes-Domingo-de-Pascua-31-03-2013-8.jpg\" class=\"thickbox no_icon\" title=\"\"><img loading=\"lazy\" decoding=\"async\" width=\"150\" height=\"150\" src=\"https:\/\/www.mecerreyes.com\/mece\/wp-content\/uploads\/2013\/04\/Mecerreyes-Domingo-de-Pascua-31-03-2013-8-150x150.jpg\" class=\"attachment-thumbnail size-thumbnail\" alt=\"\" \/><\/a>\n\t\t\t<\/dt><\/dl><dl class='gallery-item'>\n\t\t\t<dt class='gallery-icon landscape'>\n\t\t\t\t<a  href=\"https:\/\/www.mecerreyes.com\/mece\/wp-content\/uploads\/2013\/04\/Mecerreyes-Museo-del-Carb\u00f3n-06-04-2013.jpg\" class=\"thickbox no_icon\" title=\"\"><img loading=\"lazy\" decoding=\"async\" width=\"150\" height=\"150\" src=\"https:\/\/www.mecerreyes.com\/mece\/wp-content\/uploads\/2013\/04\/Mecerreyes-Museo-del-Carb\u00f3n-06-04-2013-150x150.jpg\" class=\"attachment-thumbnail size-thumbnail\" alt=\"\" \/><\/a>\n\t\t\t<\/dt><\/dl><br style=\"clear: both\" \/><dl class='gallery-item'>\n\t\t\t<dt class='gallery-icon portrait'>\n\t\t\t\t<a  href=\"https:\/\/www.mecerreyes.com\/mece\/wp-content\/uploads\/2013\/04\/Daniel-y-Pablo.jpg\" class=\"thickbox no_icon\" title=\"\"><img loading=\"lazy\" decoding=\"async\" width=\"150\" height=\"150\" src=\"https:\/\/www.mecerreyes.com\/mece\/wp-content\/uploads\/2013\/04\/Daniel-y-Pablo-150x150.jpg\" class=\"attachment-thumbnail size-thumbnail\" alt=\"\" \/><\/a>\n\t\t\t<\/dt><\/dl><dl class='gallery-item'>\n\t\t\t<dt class='gallery-icon landscape'>\n\t\t\t\t<a  href=\"https:\/\/www.mecerreyes.com\/mece\/wp-content\/uploads\/2013\/04\/Fuente-de-la-ermita-31-03-2013.jpg\" class=\"thickbox no_icon\" title=\"\"><img loading=\"lazy\" decoding=\"async\" width=\"150\" height=\"150\" src=\"https:\/\/www.mecerreyes.com\/mece\/wp-content\/uploads\/2013\/04\/Fuente-de-la-ermita-31-03-2013-150x150.jpg\" class=\"attachment-thumbnail size-thumbnail\" alt=\"\" srcset=\"https:\/\/www.mecerreyes.com\/mece\/wp-content\/uploads\/2013\/04\/Fuente-de-la-ermita-31-03-2013-150x150.jpg 150w, https:\/\/www.mecerreyes.com\/mece\/wp-content\/uploads\/2013\/04\/Fuente-de-la-ermita-31-03-2013.jpg 250w\" sizes=\"(max-width: 150px) 100vw, 150px\" \/><\/a>\n\t\t\t<\/dt><\/dl><dl class='gallery-item'>\n\t\t\t<dt class='gallery-icon portrait'>\n\t\t\t\t<a  href=\"https:\/\/www.mecerreyes.com\/mece\/wp-content\/uploads\/2013\/04\/Fuente-de-la-ermita-29-03-2013.jpg\" class=\"thickbox no_icon\" title=\"\"><img loading=\"lazy\" decoding=\"async\" width=\"150\" height=\"150\" src=\"https:\/\/www.mecerreyes.com\/mece\/wp-content\/uploads\/2013\/04\/Fuente-de-la-ermita-29-03-2013-150x150.jpg\" class=\"attachment-thumbnail size-thumbnail\" alt=\"\" \/><\/a>\n\t\t\t<\/dt><\/dl><br style=\"clear: both\" \/><dl class='gallery-item'>\n\t\t\t<dt class='gallery-icon landscape'>\n\t\t\t\t<a  href=\"https:\/\/www.mecerreyes.com\/mece\/wp-content\/uploads\/2013\/04\/Mecerreyes-Camino-del-Reduelo-6-04-2013-1.jpg\" class=\"thickbox no_icon\" title=\"\"><img loading=\"lazy\" decoding=\"async\" width=\"150\" height=\"150\" src=\"https:\/\/www.mecerreyes.com\/mece\/wp-content\/uploads\/2013\/04\/Mecerreyes-Camino-del-Reduelo-6-04-2013-1-150x150.jpg\" class=\"attachment-thumbnail size-thumbnail\" alt=\"\" \/><\/a>\n\t\t\t<\/dt><\/dl><dl class='gallery-item'>\n\t\t\t<dt class='gallery-icon landscape'>\n\t\t\t\t<a  href=\"https:\/\/www.mecerreyes.com\/mece\/wp-content\/uploads\/2013\/04\/Mecerreyes-Los-Villares-inundados-6-04-2013-1.jpg\" class=\"thickbox no_icon\" title=\"\"><img loading=\"lazy\" decoding=\"async\" width=\"150\" height=\"150\" src=\"https:\/\/www.mecerreyes.com\/mece\/wp-content\/uploads\/2013\/04\/Mecerreyes-Los-Villares-inundados-6-04-2013-1-150x150.jpg\" class=\"attachment-thumbnail size-thumbnail\" alt=\"\" \/><\/a>\n\t\t\t<\/dt><\/dl><dl class='gallery-item'>\n\t\t\t<dt class='gallery-icon landscape'>\n\t\t\t\t<a  href=\"https:\/\/www.mecerreyes.com\/mece\/wp-content\/uploads\/2013\/04\/Mecerreyes-Los-Villares-inundados-6-04-2013.jpg\" class=\"thickbox no_icon\" title=\"\"><img loading=\"lazy\" decoding=\"async\" width=\"150\" height=\"150\" src=\"https:\/\/www.mecerreyes.com\/mece\/wp-content\/uploads\/2013\/04\/Mecerreyes-Los-Villares-inundados-6-04-2013-150x150.jpg\" class=\"attachment-thumbnail size-thumbnail\" alt=\"\" \/><\/a>\n\t\t\t<\/dt><\/dl><br style=\"clear: both\" \/><dl class='gallery-item'>\n\t\t\t<dt class='gallery-icon landscape'>\n\t\t\t\t<a  href=\"https:\/\/www.mecerreyes.com\/mece\/wp-content\/uploads\/2013\/04\/Mecerreyes-Los-Villares-inundados-6-04-2013-11.jpg\" class=\"thickbox no_icon\" title=\"\"><img loading=\"lazy\" decoding=\"async\" width=\"150\" height=\"150\" src=\"https:\/\/www.mecerreyes.com\/mece\/wp-content\/uploads\/2013\/04\/Mecerreyes-Los-Villares-inundados-6-04-2013-11-150x150.jpg\" class=\"attachment-thumbnail size-thumbnail\" alt=\"\" \/><\/a>\n\t\t\t<\/dt><\/dl><dl class='gallery-item'>\n\t\t\t<dt class='gallery-icon landscape'>\n\t\t\t\t<a  href=\"https:\/\/www.mecerreyes.com\/mece\/wp-content\/uploads\/2013\/04\/Mecerreyes-Los-Villares-inundados-6-04-2013-2.jpg\" class=\"thickbox no_icon\" title=\"\"><img loading=\"lazy\" decoding=\"async\" width=\"150\" height=\"150\" src=\"https:\/\/www.mecerreyes.com\/mece\/wp-content\/uploads\/2013\/04\/Mecerreyes-Los-Villares-inundados-6-04-2013-2-150x150.jpg\" class=\"attachment-thumbnail size-thumbnail\" alt=\"\" \/><\/a>\n\t\t\t<\/dt><\/dl><dl class='gallery-item'>\n\t\t\t<dt class='gallery-icon landscape'>\n\t\t\t\t<a  href=\"https:\/\/www.mecerreyes.com\/mece\/wp-content\/uploads\/2013\/04\/Mecerreyes-Los-Villares-inundados-6-04-2013-3.jpg\" class=\"thickbox no_icon\" title=\"\"><img loading=\"lazy\" decoding=\"async\" width=\"150\" height=\"150\" src=\"https:\/\/www.mecerreyes.com\/mece\/wp-content\/uploads\/2013\/04\/Mecerreyes-Los-Villares-inundados-6-04-2013-3-150x150.jpg\" class=\"attachment-thumbnail size-thumbnail\" alt=\"\" \/><\/a>\n\t\t\t<\/dt><\/dl><br style=\"clear: both\" \/><dl class='gallery-item'>\n\t\t\t<dt class='gallery-icon landscape'>\n\t\t\t\t<a  href=\"https:\/\/www.mecerreyes.com\/mece\/wp-content\/uploads\/2013\/04\/Mecerreyes-Los-Villares-inundados-6-04-2013-4.jpg\" class=\"thickbox no_icon\" title=\"\"><img loading=\"lazy\" decoding=\"async\" width=\"150\" height=\"150\" src=\"https:\/\/www.mecerreyes.com\/mece\/wp-content\/uploads\/2013\/04\/Mecerreyes-Los-Villares-inundados-6-04-2013-4-150x150.jpg\" class=\"attachment-thumbnail size-thumbnail\" alt=\"\" \/><\/a>\n\t\t\t<\/dt><\/dl><dl class='gallery-item'>\n\t\t\t<dt class='gallery-icon landscape'>\n\t\t\t\t<a  href=\"https:\/\/www.mecerreyes.com\/mece\/wp-content\/uploads\/2013\/04\/Sergio-Lozano1.jpg\" class=\"thickbox no_icon\" title=\"\"><img loading=\"lazy\" decoding=\"async\" width=\"150\" height=\"150\" src=\"https:\/\/www.mecerreyes.com\/mece\/wp-content\/uploads\/2013\/04\/Sergio-Lozano1-150x150.jpg\" class=\"attachment-thumbnail size-thumbnail\" alt=\"\" \/><\/a>\n\t\t\t<\/dt><\/dl><dl class='gallery-item'>\n\t\t\t<dt class='gallery-icon portrait'>\n\t\t\t\t<a  href=\"https:\/\/www.mecerreyes.com\/mece\/wp-content\/uploads\/2013\/04\/Sergio-Lozano.jpg\" class=\"thickbox no_icon\" title=\"\"><img loading=\"lazy\" decoding=\"async\" width=\"150\" height=\"150\" src=\"https:\/\/www.mecerreyes.com\/mece\/wp-content\/uploads\/2013\/04\/Sergio-Lozano-150x150.jpg\" class=\"attachment-thumbnail size-thumbnail\" alt=\"\" aria-describedby=\"gallery-1-6931\" srcset=\"https:\/\/www.mecerreyes.com\/mece\/wp-content\/uploads\/2013\/04\/Sergio-Lozano-150x150.jpg 150w, https:\/\/www.mecerreyes.com\/mece\/wp-content\/uploads\/2013\/04\/Sergio-Lozano.jpg 373w\" sizes=\"(max-width: 150px) 100vw, 150px\" \/><\/a>\n\t\t\t<\/dt>\n\t\t\t\t<dd class='wp-caption-text gallery-caption' id='gallery-1-6931'>\n\t\t\t\tSergio Lozano\n\t\t\t\t<\/dd><\/dl><br style=\"clear: both\" \/>\n\t\t<\/div>\n\n<\/div>","protected":false},"excerpt":{"rendered":"<p>Marzo ha llegado con un torrente de noticias. Una lluvia de novedades. Un caudal de nuevas informaciones. \u00bfQuieres conocerlas? \u00a0 Cena d\u00eda Mujer trabajadora Con motivo del d\u00eda de la mujer trabajadora (valga la redundancia), el s\u00e1bado 9 de marzo, un grupito de ellas quisieron pasar un rato de diversi\u00f3n en el Mes\u00f3n cenando y [&hellip;]<\/p>\n","protected":false},"author":5,"featured_media":0,"comment_status":"open","ping_status":"closed","sticky":false,"template":"","format":"standard","meta":{"_et_pb_use_builder":"","_et_pb_old_content":"","_et_gb_content_width":"","footnotes":""},"categories":[1],"tags":[15,21,11],"class_list":["post-6862","post","type-post","status-publish","format-standard","hentry","category-general","tag-carboneras","tag-guiletos","tag-semana-santa","et-doesnt-have-format-content","et_post_format-et-post-format-standard"],"_links":{"self":[{"href":"https:\/\/www.mecerreyes.com\/mece\/index.php?rest_route=\/wp\/v2\/posts\/6862"}],"collection":[{"href":"https:\/\/www.mecerreyes.com\/mece\/index.php?rest_route=\/wp\/v2\/posts"}],"about":[{"href":"https:\/\/www.mecerreyes.com\/mece\/index.php?rest_route=\/wp\/v2\/types\/post"}],"author":[{"embeddable":true,"href":"https:\/\/www.mecerreyes.com\/mece\/index.php?rest_route=\/wp\/v2\/users\/5"}],"replies":[{"embeddable":true,"href":"https:\/\/www.mecerreyes.com\/mece\/index.php?rest_route=%2Fwp%2Fv2%2Fcomments&post=6862"}],"version-history":[{"count":3,"href":"https:\/\/www.mecerreyes.com\/mece\/index.php?rest_route=\/wp\/v2\/posts\/6862\/revisions"}],"predecessor-version":[{"id":6950,"href":"https:\/\/www.mecerreyes.com\/mece\/index.php?rest_route=\/wp\/v2\/posts\/6862\/revisions\/6950"}],"wp:attachment":[{"href":"https:\/\/www.mecerreyes.com\/mece\/index.php?rest_route=%2Fwp%2Fv2%2Fmedia&parent=6862"}],"wp:term":[{"taxonomy":"category","embeddable":true,"href":"https:\/\/www.mecerreyes.com\/mece\/index.php?rest_route=%2Fwp%2Fv2%2Fcategories&post=6862"},{"taxonomy":"post_tag","embeddable":true,"href":"https:\/\/www.mecerreyes.com\/mece\/index.php?rest_route=%2Fwp%2Fv2%2Ftags&post=6862"}],"curies":[{"name":"wp","href":"https:\/\/api.w.org\/{rel}","templated":true}]}}