{"id":7071,"date":"2013-06-13T23:13:21","date_gmt":"2013-06-13T22:13:21","guid":{"rendered":"http:\/\/www.mecerreyes.com\/mece\/?p=7071"},"modified":"2013-06-18T21:50:41","modified_gmt":"2013-06-18T20:50:41","slug":"noticias-abril-y-mayo-2013","status":"publish","type":"post","link":"https:\/\/www.mecerreyes.com\/mece\/?p=7071","title":{"rendered":"Noticias Abril y Mayo 2013"},"content":{"rendered":"<p style=\"text-align: justify\"><span style=\"color: #0000ff;font-size: 1.5em\">Ya puedes ver en YOUTUBE el programa de Castilla y Le\u00f3n Televisi\u00f3n, emitido el martes 18 de junio, pincha aqu\u00ed<\/span><strong>:<\/strong><\/p>\n<h2 style=\"text-align: justify\"><a  href=\"http:\/\/www.youtube.com\/watch?v=idOwE9ltYWU\" target=\"_blank\">MECERREYES &#8211; UN LUGAR DONDE VIVIR<\/a><\/h2>\n<p style=\"text-align: justify\"><span style=\"color: #ffffff\">.<\/span><\/p>\n<p style=\"text-align: justify\">Anda que no han pasado cosas estos d\u00edas&#8230; Anda que no hay noticias\u2026 Como sois un poco curiosos seguro que no tard\u00e1is un segundo en poneros a leer:<\/p>\n<p style=\"text-align: justify\">Las lluvias han sido generosas, aunque la temperatura\u2026 \u00a1ya me entend\u00e9is! Que no nos quitamos el sayo hasta el 40 de Mayo, \u00a1por lo menos! Eso se ten\u00eda que traducir en abundancia de setas; y as\u00ed ha sido; si hubi\u00e9ramos puesto una b\u00e1scula a las entradas del pueblo seguro que habr\u00edamos batido r\u00e9cords en lo que a cagarrias se refiere; de las otras (carrerilla, perrochico) no tanto, aunque los buenos buscadores las han encontrado.<\/p>\n<h1 style=\"text-align: justify\"><strong>OBRAS EN LA IGLESIA<\/strong>:<\/h1>\n<div id=\"attachment_7184\" style=\"width: 310px\" class=\"wp-caption alignright\"><a  href=\"http:\/\/www.mecerreyes.com\/mece\/wp-content\/uploads\/2013\/06\/Peana-para-la-Virgen-del-Camino.jpg\" class=\"thickbox no_icon\" title=\"\"><img loading=\"lazy\" decoding=\"async\" aria-describedby=\"caption-attachment-7184\" class=\"size-medium wp-image-7184\" src=\"http:\/\/www.mecerreyes.com\/mece\/wp-content\/uploads\/2013\/06\/Peana-para-la-Virgen-del-Camino-300x225.jpg\" alt=\"\" width=\"300\" height=\"225\" srcset=\"https:\/\/www.mecerreyes.com\/mece\/wp-content\/uploads\/2013\/06\/Peana-para-la-Virgen-del-Camino-300x225.jpg 300w, https:\/\/www.mecerreyes.com\/mece\/wp-content\/uploads\/2013\/06\/Peana-para-la-Virgen-del-Camino.jpg 650w\" sizes=\"(max-width: 300px) 100vw, 300px\" \/><\/a><p id=\"caption-attachment-7184\" class=\"wp-caption-text\">Peana &#8211; Virgen del Camino<\/p><\/div>\n<p style=\"text-align: justify\">A lo largo del mes se han ido haciendo mejoras, quitando humedades, pintando&#8230; Los resultados ah\u00ed est\u00e1n. \u00bfQu\u00e9 se ha hecho? Se ha tratado de atajar la humedad que afectaba al interior del muro sur, se ha recogido la masa levantada y echado yeso nuevo, se ha puesto piedra en el baptisterio para realzarlo, se ha quitado una gotera y humedades de la pared y el techo y se ha pintado. Adem\u00e1s se han arreglado los canalones que andaban bastante deteriorados. Y finalmente se han limpiado los retablos quit\u00e1ndoles el polvo que hab\u00edan acumulado durante estos \u00faltimos a\u00f1os.<\/p>\n<div id=\"attachment_7183\" style=\"width: 310px\" class=\"wp-caption alignnone\"><a  href=\"http:\/\/www.mecerreyes.com\/mece\/wp-content\/uploads\/2013\/06\/Obras-en-el-baptisterio.jpg\" class=\"thickbox no_icon\" title=\"\"><img loading=\"lazy\" decoding=\"async\" aria-describedby=\"caption-attachment-7183\" class=\"size-medium wp-image-7183 \" src=\"http:\/\/www.mecerreyes.com\/mece\/wp-content\/uploads\/2013\/06\/Obras-en-el-baptisterio-300x225.jpg\" alt=\"\" width=\"300\" height=\"225\" srcset=\"https:\/\/www.mecerreyes.com\/mece\/wp-content\/uploads\/2013\/06\/Obras-en-el-baptisterio-300x225.jpg 300w, https:\/\/www.mecerreyes.com\/mece\/wp-content\/uploads\/2013\/06\/Obras-en-el-baptisterio.jpg 650w\" sizes=\"(max-width: 300px) 100vw, 300px\" \/><\/a><p id=\"caption-attachment-7183\" class=\"wp-caption-text\">Obras en el baptisterio<\/p><\/div>\n<h1 style=\"text-align: justify\"><strong>SUERTES DE LE\u00d1A<\/strong>.<\/h1>\n<p style=\"text-align: justify\">Como todos los a\u00f1os estos meses son de mucho ajetreo por el monte: cortar, apilar, recoger. Aparte de la le\u00f1a que cada uno hace para su propio uso, es muy bueno para la limpieza del monte, da gusto verlo cuando est\u00e1 limpio. Habr\u00eda que decir a los que van a cortar y ayudar que luego recogieran bien para no encontrarnos con latas, botellas\u2026 que aparte de afear son un peligro potencial.<\/p>\n<div id=\"attachment_7191\" style=\"width: 533px\" class=\"wp-caption alignnone\"><a  href=\"http:\/\/www.mecerreyes.com\/mece\/wp-content\/uploads\/2013\/06\/Suertes-de-le\u00f1a-2.jpg\" class=\"thickbox no_icon\" title=\"\"><img loading=\"lazy\" decoding=\"async\" aria-describedby=\"caption-attachment-7191\" class=\" wp-image-7191    \" src=\"http:\/\/www.mecerreyes.com\/mece\/wp-content\/uploads\/2013\/06\/Suertes-de-le\u00f1a-2-1024x384.jpg\" alt=\"\" width=\"523\" height=\"196\" srcset=\"https:\/\/www.mecerreyes.com\/mece\/wp-content\/uploads\/2013\/06\/Suertes-de-le\u00f1a-2-1024x384.jpg 1024w, https:\/\/www.mecerreyes.com\/mece\/wp-content\/uploads\/2013\/06\/Suertes-de-le\u00f1a-2-300x112.jpg 300w, https:\/\/www.mecerreyes.com\/mece\/wp-content\/uploads\/2013\/06\/Suertes-de-le\u00f1a-2.jpg 1300w\" sizes=\"(max-width: 523px) 100vw, 523px\" \/><\/a><p id=\"caption-attachment-7191\" class=\"wp-caption-text\">Monte de Mecerreyes. Suertes de le\u00f1a 2013<\/p><\/div>\n<h1 style=\"text-align: justify\"><strong>NACIMIENTO Y DEFUNCI\u00d3N<\/strong>.<\/h1>\n<div id=\"attachment_7196\" style=\"width: 223px\" class=\"wp-caption alignleft\"><a  href=\"http:\/\/www.mecerreyes.com\/mece\/wp-content\/uploads\/2013\/06\/Juli-Lozano-y-su-nieto-ASIER.jpg\" class=\"thickbox no_icon\" title=\"\"><img loading=\"lazy\" decoding=\"async\" aria-describedby=\"caption-attachment-7196\" class=\" wp-image-7196  \" src=\"http:\/\/www.mecerreyes.com\/mece\/wp-content\/uploads\/2013\/06\/Juli-Lozano-y-su-nieto-ASIER.jpg\" alt=\"\" width=\"213\" height=\"311\" srcset=\"https:\/\/www.mecerreyes.com\/mece\/wp-content\/uploads\/2013\/06\/Juli-Lozano-y-su-nieto-ASIER.jpg 591w, https:\/\/www.mecerreyes.com\/mece\/wp-content\/uploads\/2013\/06\/Juli-Lozano-y-su-nieto-ASIER-205x300.jpg 205w\" sizes=\"(max-width: 213px) 100vw, 213px\" \/><\/a><p id=\"caption-attachment-7196\" class=\"wp-caption-text\">Juli Lozano y su nieto ASIER<\/p><\/div>\n<p style=\"text-align: justify\">Van juntos porque <strong>ASIER L\u00d3PEZ SOTO<\/strong> (hijo de Sandra y Mikel), que naci\u00f3 el 13 de Enero (es el nieto de una hermana de Sergio Lozano, Juli Lozano) ayud\u00f3 mucho a la familia a afrontar los \u00faltimos d\u00edas de vida de <strong>Sergio Lozano<\/strong>, al que su pe\u00f1a, Los Cohetes, dedic\u00f3 este homenaje le\u00eddo en funeral que se tuvo en el pueblo y publicado en el Diario de Burgos el 13 de Abril:<\/p>\n<p style=\"text-align: justify\">Desde aqu\u00ed nuestro p\u00e9same a la familia de Sergio. Y tambi\u00e9n nuestra felicitaci\u00f3n y enhorabuena a Paco por su primer biznieto.<\/p>\n<div id=\"attachment_7231\" style=\"width: 793px\" class=\"wp-caption alignnone\"><a  href=\"http:\/\/www.mecerreyes.com\/mece\/wp-content\/uploads\/2013\/06\/In-Memoriam-Tus-Cohetes-A.jpg\" class=\"thickbox no_icon\" title=\"\"><img loading=\"lazy\" decoding=\"async\" aria-describedby=\"caption-attachment-7231\" class=\"size-large wp-image-7231 \" src=\"http:\/\/www.mecerreyes.com\/mece\/wp-content\/uploads\/2013\/06\/In-Memoriam-Tus-Cohetes-A-783x1024.jpg\" alt=\"\" width=\"783\" height=\"1024\" srcset=\"https:\/\/www.mecerreyes.com\/mece\/wp-content\/uploads\/2013\/06\/In-Memoriam-Tus-Cohetes-A-783x1024.jpg 783w, https:\/\/www.mecerreyes.com\/mece\/wp-content\/uploads\/2013\/06\/In-Memoriam-Tus-Cohetes-A-229x300.jpg 229w, https:\/\/www.mecerreyes.com\/mece\/wp-content\/uploads\/2013\/06\/In-Memoriam-Tus-Cohetes-A.jpg 1300w\" sizes=\"(max-width: 783px) 100vw, 783px\" \/><\/a><p id=\"caption-attachment-7231\" class=\"wp-caption-text\">In Memoriam &#8211; Tus Cohetes. Al guileto SERGIO LOZANO.<\/p><\/div>\n<h1 style=\"text-align: justify\"><strong>BAUTIZO de MARTINA y DANIEL<\/strong><strong>\u00a0<\/strong><\/h1>\n<div>\n<p style=\"text-align: justify\">El 11 de Mayo fueron bautizados dos primos <strong>MARTINA y DANIEL<\/strong>, los dos nietos de Ang\u00e9lica, que adem\u00e1s hizo de madrina de Daniel. Nuestra felicitaci\u00f3n a Silvia y Fernando, Fernando y Silvia por sus segundos reto\u00f1os, felicitaci\u00f3n extensible a los abuelos de Martina, Miguel y Santas.<\/p>\n<div id=\"attachment_7203\" style=\"width: 850px\" class=\"wp-caption alignnone\"><a  href=\"http:\/\/www.mecerreyes.com\/mece\/wp-content\/uploads\/2013\/06\/Bautizo-de-Martina-y-Daniel-11-05-2013-Mecerreyes.jpg\" class=\"thickbox no_icon\" title=\"\"><img loading=\"lazy\" decoding=\"async\" aria-describedby=\"caption-attachment-7203\" class=\" wp-image-7203  \" src=\"http:\/\/www.mecerreyes.com\/mece\/wp-content\/uploads\/2013\/06\/Bautizo-de-Martina-y-Daniel-11-05-2013-Mecerreyes.jpg\" alt=\"\" width=\"840\" height=\"155\" srcset=\"https:\/\/www.mecerreyes.com\/mece\/wp-content\/uploads\/2013\/06\/Bautizo-de-Martina-y-Daniel-11-05-2013-Mecerreyes.jpg 2000w, https:\/\/www.mecerreyes.com\/mece\/wp-content\/uploads\/2013\/06\/Bautizo-de-Martina-y-Daniel-11-05-2013-Mecerreyes-300x55.jpg 300w, https:\/\/www.mecerreyes.com\/mece\/wp-content\/uploads\/2013\/06\/Bautizo-de-Martina-y-Daniel-11-05-2013-Mecerreyes-1024x189.jpg 1024w\" sizes=\"(max-width: 840px) 100vw, 840px\" \/><\/a><p id=\"caption-attachment-7203\" class=\"wp-caption-text\">Bautizo de Martina y Daniel 11-05-2013, Mecerreyes<\/p><\/div>\n<p style=\"text-align: justify\"><strong>\u00a0<\/strong><\/p>\n<div id=\"attachment_7229\" style=\"width: 840px\" class=\"wp-caption alignnone\"><a  href=\"http:\/\/www.mecerreyes.com\/mece\/wp-content\/uploads\/2013\/06\/Bautizo-de-Martina-y-Daniel-11-05-2013-Mecerreyes-a.jpg\" class=\"thickbox no_icon\" title=\"\"><img loading=\"lazy\" decoding=\"async\" aria-describedby=\"caption-attachment-7229\" class=\" wp-image-7229  \" src=\"http:\/\/www.mecerreyes.com\/mece\/wp-content\/uploads\/2013\/06\/Bautizo-de-Martina-y-Daniel-11-05-2013-Mecerreyes-a-1024x189.jpg\" alt=\"\" width=\"830\" height=\"153\" srcset=\"https:\/\/www.mecerreyes.com\/mece\/wp-content\/uploads\/2013\/06\/Bautizo-de-Martina-y-Daniel-11-05-2013-Mecerreyes-a-1024x189.jpg 1024w, https:\/\/www.mecerreyes.com\/mece\/wp-content\/uploads\/2013\/06\/Bautizo-de-Martina-y-Daniel-11-05-2013-Mecerreyes-a-300x55.jpg 300w, https:\/\/www.mecerreyes.com\/mece\/wp-content\/uploads\/2013\/06\/Bautizo-de-Martina-y-Daniel-11-05-2013-Mecerreyes-a.jpg 2000w\" sizes=\"(max-width: 830px) 100vw, 830px\" \/><\/a><p id=\"caption-attachment-7229\" class=\"wp-caption-text\">Bautizo de Martina y Daniel 11-05-2013, Mecerreyes<\/p><\/div>\n<h1 style=\"text-align: justify\"><strong><a  href=\"https:\/\/www.mecerreyes.com\/mece\/?page_id=56\">SAN ISIDRO<\/a>.<\/strong><\/h1>\n<p style=\"text-align: justify\">La fiesta de <a  href=\"https:\/\/www.mecerreyes.com\/mece\/?page_id=56\">san Isidro<\/a> vino pasada por agua. Como todos los a\u00f1os los labradores y las isidrinas sacaron al santo para bendecir los campos y pedir su protecci\u00f3n ante el mal tiempo, el pedrisco, los animales\u2026 Esperamos que la cosecha venga generosa para bien de todos.<\/p>\n<h1 style=\"text-align: justify\"><strong>SE\u00d1ALIZACI\u00d3N DE LA RUTA DEL MUSEO DEL CARB\u00d3N<\/strong><\/h1>\n<p style=\"text-align: justify\">Desde el <a  href=\"https:\/\/www.mecerreyes.com\/mece\/?page_id=24\">Ayuntamiento<\/a> y la Asociaci\u00f3n hemos querido que ning\u00fan visitante se pierda este museo \u00fanico y hemos se\u00f1alado la ruta con hitos (logo y flechas) que marcan la direcci\u00f3n del <a  href=\"https:\/\/www.mecerreyes.com\/mece\/?page_id=20662\">Museo del Carb\u00f3n<\/a> y de Mecerreyes.<\/p>\n<div id=\"attachment_7206\" style=\"width: 640px\" class=\"wp-caption alignnone\"><a  href=\"http:\/\/www.mecerreyes.com\/mece\/wp-content\/uploads\/2013\/06\/hitos-ruta-Museo-del-Carb\u00f3n-1.jpg\" class=\"thickbox no_icon\" title=\"\"><img loading=\"lazy\" decoding=\"async\" aria-describedby=\"caption-attachment-7206\" class=\" wp-image-7206 \" src=\"http:\/\/www.mecerreyes.com\/mece\/wp-content\/uploads\/2013\/06\/hitos-ruta-Museo-del-Carb\u00f3n-1.jpg\" alt=\"\" width=\"630\" height=\"420\" srcset=\"https:\/\/www.mecerreyes.com\/mece\/wp-content\/uploads\/2013\/06\/hitos-ruta-Museo-del-Carb\u00f3n-1.jpg 900w, https:\/\/www.mecerreyes.com\/mece\/wp-content\/uploads\/2013\/06\/hitos-ruta-Museo-del-Carb\u00f3n-1-300x200.jpg 300w\" sizes=\"(max-width: 630px) 100vw, 630px\" \/><\/a><p id=\"caption-attachment-7206\" class=\"wp-caption-text\">Se\u00f1alizaci\u00f3n ruta <a  href=\"https:\/\/www.mecerreyes.com\/mece\/?page_id=20662\">Museo del Carb\u00f3n<\/a> &#8211; Mecerreyes 2013<\/p><\/div>\n<p style=\"text-align: justify\">Tambi\u00e9n se ha marcado la direcci\u00f3n para llegar a la <strong>Cueva<\/strong><strong> de los Murci\u00e9lagos<\/strong>. \u00a1Que grande nos parec\u00eda cuando nos llevaban los maestros de excursi\u00f3n hasta esta cueva! Algunos hemos querido volver al pasar los a\u00f1os y no lo hemos conseguido, ahora con la se\u00f1alizaci\u00f3n lo tenemos f\u00e1cil.<\/p>\n<div id=\"attachment_7209\" style=\"width: 727px\" class=\"wp-caption alignnone\"><a  href=\"http:\/\/www.mecerreyes.com\/mece\/wp-content\/uploads\/2013\/06\/Cueva-de-los-murci\u00e9lagos-se\u00f1alizaci\u00f3n-Mecerreyes-2013.jpg\" class=\"thickbox no_icon\" title=\"\"><img loading=\"lazy\" decoding=\"async\" aria-describedby=\"caption-attachment-7209\" class=\" wp-image-7209 \" src=\"http:\/\/www.mecerreyes.com\/mece\/wp-content\/uploads\/2013\/06\/Cueva-de-los-murci\u00e9lagos-se\u00f1alizaci\u00f3n-Mecerreyes-2013-1024x426.jpg\" alt=\"\" width=\"717\" height=\"298\" srcset=\"https:\/\/www.mecerreyes.com\/mece\/wp-content\/uploads\/2013\/06\/Cueva-de-los-murci\u00e9lagos-se\u00f1alizaci\u00f3n-Mecerreyes-2013-1024x426.jpg 1024w, https:\/\/www.mecerreyes.com\/mece\/wp-content\/uploads\/2013\/06\/Cueva-de-los-murci\u00e9lagos-se\u00f1alizaci\u00f3n-Mecerreyes-2013-300x125.jpg 300w, https:\/\/www.mecerreyes.com\/mece\/wp-content\/uploads\/2013\/06\/Cueva-de-los-murci\u00e9lagos-se\u00f1alizaci\u00f3n-Mecerreyes-2013.jpg 1200w\" sizes=\"(max-width: 717px) 100vw, 717px\" \/><\/a><p id=\"caption-attachment-7209\" class=\"wp-caption-text\">Cueva de los murci\u00e9lagos, se\u00f1alizaci\u00f3n, Mecerreyes 2013<\/p><\/div>\n<h1 style=\"text-align: justify\"><strong>TELEVISI\u00d3N &#8211; Mecerreyes: Un lugar donde vivir.<\/strong><\/h1>\n<p style=\"text-align: justify\">La<strong> <\/strong>cadena auton\u00f3mica Castilla y Le\u00f3n Televisi\u00f3n estuvo el martes 21 de mayo grabando diversos lugares del pueblo; varias personas participaron activamente en el mismo: Daniel, Tere, Juli\u00e1n, Jos\u00e9 Luis, Lorena, Miguel \u00c1ngel&#8230; Ya os informaremos cuando se emite para que no se lo pierda nadie.<\/p>\n<div style=\"text-align: justify\">\n<div>\n<p>Ya nos han informado que el <span style=\"text-decoration: underline\"><strong>martes 18 de junio, entre las 18:00 h y 19:45 h.<\/strong><\/span>\u00a0podremos ver el reportaje realizado en Mecerreyes (con una duraci\u00f3n de 8-10 minutos aproximadamente), dentro del programa &#8216;Vamos a ver&#8217; y en la secci\u00f3n <strong>UN LUGAR DONDE VIVIR<\/strong>. &#8216;Vamos a Ver&#8217; es el magac\u00edn que cada tarde acompa\u00f1ar\u00e1 a los espectadores de la televisi\u00f3n auton\u00f3mica de Castilla y Le\u00f3n.<\/p>\n<p>&#8216;Vamos a ver&#8217; es el contenedor m\u00e1s variado de la realidad de Castilla y Le\u00f3n. La cultura, las tradiciones y costumbres, los pueblos y sus vecinos, la gastronom\u00eda, la artesan\u00eda, el deporte aut\u00f3ctono, rincones con solera, la m\u00fasica de grupos de la regi\u00f3n\u2026 Un recorrido por toda la comunidad descubriendo al espectador la enriquecedora miscel\u00e1nea que encierra Castilla y Le\u00f3n.<\/p>\n<\/div>\n<\/div>\n<div style=\"text-align: justify\"><img decoding=\"async\" src=\"http:\/\/www.rtvcyl.es\/entorno\/cyl7.png\" alt=\"\" \/><\/div>\n<div style=\"text-align: justify\">Tambi\u00e9n nos han comunicado (para los que no lo puedan ver en directo), que este programa se emite despu\u00e9s en <strong>Youtube<\/strong>, facilitaremos el enlace desde esta Web de Mecerreyes.<\/div>\n<div style=\"text-align: justify\"><\/div>\n<div style=\"text-align: justify\"><\/div>\n<div style=\"text-align: justify\"><a  href=\"http:\/\/www.mecerreyes.com\/mece\/wp-content\/uploads\/2013\/06\/Noticias-Abril-y-Mayo-2013.jpg\" class=\"thickbox no_icon\" title=\"\"><img loading=\"lazy\" decoding=\"async\" class=\"alignnone size-full wp-image-7238\" src=\"http:\/\/www.mecerreyes.com\/mece\/wp-content\/uploads\/2013\/06\/Noticias-Abril-y-Mayo-2013.jpg\" alt=\"\" width=\"800\" height=\"250\" srcset=\"https:\/\/www.mecerreyes.com\/mece\/wp-content\/uploads\/2013\/06\/Noticias-Abril-y-Mayo-2013.jpg 800w, https:\/\/www.mecerreyes.com\/mece\/wp-content\/uploads\/2013\/06\/Noticias-Abril-y-Mayo-2013-300x93.jpg 300w\" sizes=\"(max-width: 800px) 100vw, 800px\" \/><\/a><\/div>\n<h1 style=\"text-align: justify\"><strong>HUERTAS<\/strong>.<\/h1>\n<p style=\"text-align: justify\">Ya est\u00e1n limpias y cada d\u00eda sembrando algo nuevo, esperando que no hiele y<a  href=\"http:\/\/www.mecerreyes.com\/mece\/wp-content\/uploads\/2013\/06\/huerta-varios-11.jpg\" class=\"thickbox no_icon\" title=\"\"><img loading=\"lazy\" decoding=\"async\" class=\"alignright size-medium wp-image-7210\" src=\"http:\/\/www.mecerreyes.com\/mece\/wp-content\/uploads\/2013\/06\/huerta-varios-11-300x207.jpg\" alt=\"\" width=\"300\" height=\"207\" srcset=\"https:\/\/www.mecerreyes.com\/mece\/wp-content\/uploads\/2013\/06\/huerta-varios-11-300x207.jpg 300w, https:\/\/www.mecerreyes.com\/mece\/wp-content\/uploads\/2013\/06\/huerta-varios-11.jpg 700w\" sizes=\"(max-width: 300px) 100vw, 300px\" \/><\/a> que empiece a suavizar el tiempo; parece m\u00e1s bien que este a\u00f1o nos vamos a librar de regar y que el cielo y las nubes lo van a hacer ellos solitos. Esperemos recoger las hortalizas que da gusto comer por su diferencia de sabor y sobre todo de \u00abproducci\u00f3n propia\u00bb<\/p>\n<p style=\"text-align: justify\"><span style=\"color: #ffffff\">.<\/span><\/p>\n<h1 style=\"text-align: justify\"><\/h1>\n<h1 style=\"text-align: justify\"><strong>FIESTAS DE ACCI\u00d3N DE GRACIAS<\/strong>.<\/h1>\n<p style=\"text-align: justify\">Y para terminar, contestamos a una pregunta que sabemos interesa a mucha gente, ya que es \u00e9poca de organizar vacaciones <strong>\u00bfcu\u00e1ndo son las fiestas de Mecerreyes?<\/strong><\/p>\n<p style=\"text-align: justify\">Nos hemos informado y las Fiestas de <a  href=\"https:\/\/www.mecerreyes.com\/mece\/?page_id=60\">Acci\u00f3n de Gracias<\/a> de este a\u00f1o 2013, se celebrar\u00e1n del 22 al 25 de Agosto.<\/p>\n<div id=\"attachment_7214\" style=\"width: 829px\" class=\"wp-caption alignnone\"><a  href=\"http:\/\/www.mecerreyes.com\/mece\/wp-content\/uploads\/2013\/06\/Fiestas-de-Acci\u00f3n-de-Gracias-Mecerreyes-2013.jpg\" class=\"thickbox no_icon\" title=\"\"><img loading=\"lazy\" decoding=\"async\" aria-describedby=\"caption-attachment-7214\" class=\" wp-image-7214  \" src=\"http:\/\/www.mecerreyes.com\/mece\/wp-content\/uploads\/2013\/06\/Fiestas-de-Acci\u00f3n-de-Gracias-Mecerreyes-2013-1024x275.jpg\" alt=\"\" width=\"819\" height=\"220\" srcset=\"https:\/\/www.mecerreyes.com\/mece\/wp-content\/uploads\/2013\/06\/Fiestas-de-Acci\u00f3n-de-Gracias-Mecerreyes-2013-1024x275.jpg 1024w, https:\/\/www.mecerreyes.com\/mece\/wp-content\/uploads\/2013\/06\/Fiestas-de-Acci\u00f3n-de-Gracias-Mecerreyes-2013-300x80.jpg 300w, https:\/\/www.mecerreyes.com\/mece\/wp-content\/uploads\/2013\/06\/Fiestas-de-Acci\u00f3n-de-Gracias-Mecerreyes-2013.jpg 1300w\" sizes=\"(max-width: 819px) 100vw, 819px\" \/><\/a><p id=\"caption-attachment-7214\" class=\"wp-caption-text\">Mecerreyes &#8211; Fiestas de <a  href=\"https:\/\/www.mecerreyes.com\/mece\/?page_id=60\">Acci\u00f3n de Gracias<\/a> 2013<\/p><\/div>\n<\/div>","protected":false},"excerpt":{"rendered":"<p>Ya puedes ver en YOUTUBE el programa de Castilla y Le\u00f3n Televisi\u00f3n, emitido el martes 18 de junio, pincha aqu\u00ed: MECERREYES &#8211; UN LUGAR DONDE VIVIR . Anda que no han pasado cosas estos d\u00edas&#8230; Anda que no hay noticias\u2026 Como sois un poco curiosos seguro que no tard\u00e1is un segundo en poneros a leer: [&hellip;]<\/p>\n","protected":false},"author":5,"featured_media":0,"comment_status":"open","ping_status":"closed","sticky":false,"template":"","format":"standard","meta":{"_et_pb_use_builder":"","_et_pb_old_content":"","_et_gb_content_width":"","footnotes":""},"categories":[1],"tags":[21],"class_list":["post-7071","post","type-post","status-publish","format-standard","hentry","category-general","tag-guiletos","et-doesnt-have-format-content","et_post_format-et-post-format-standard"],"_links":{"self":[{"href":"https:\/\/www.mecerreyes.com\/mece\/index.php?rest_route=\/wp\/v2\/posts\/7071"}],"collection":[{"href":"https:\/\/www.mecerreyes.com\/mece\/index.php?rest_route=\/wp\/v2\/posts"}],"about":[{"href":"https:\/\/www.mecerreyes.com\/mece\/index.php?rest_route=\/wp\/v2\/types\/post"}],"author":[{"embeddable":true,"href":"https:\/\/www.mecerreyes.com\/mece\/index.php?rest_route=\/wp\/v2\/users\/5"}],"replies":[{"embeddable":true,"href":"https:\/\/www.mecerreyes.com\/mece\/index.php?rest_route=%2Fwp%2Fv2%2Fcomments&post=7071"}],"version-history":[{"count":0,"href":"https:\/\/www.mecerreyes.com\/mece\/index.php?rest_route=\/wp\/v2\/posts\/7071\/revisions"}],"wp:attachment":[{"href":"https:\/\/www.mecerreyes.com\/mece\/index.php?rest_route=%2Fwp%2Fv2%2Fmedia&parent=7071"}],"wp:term":[{"taxonomy":"category","embeddable":true,"href":"https:\/\/www.mecerreyes.com\/mece\/index.php?rest_route=%2Fwp%2Fv2%2Fcategories&post=7071"},{"taxonomy":"post_tag","embeddable":true,"href":"https:\/\/www.mecerreyes.com\/mece\/index.php?rest_route=%2Fwp%2Fv2%2Ftags&post=7071"}],"curies":[{"name":"wp","href":"https:\/\/api.w.org\/{rel}","templated":true}]}}