{"id":710,"date":"2009-11-01T13:04:43","date_gmt":"2009-11-01T12:04:43","guid":{"rendered":"http:\/\/www.mecerreyes.com\/mece\/?p=710"},"modified":"2009-11-01T13:04:43","modified_gmt":"2009-11-01T12:04:43","slug":"fiesta-de-san-martin-2009","status":"publish","type":"post","link":"https:\/\/www.mecerreyes.com\/mece\/?p=710","title":{"rendered":"FIESTA DE SAN MART\u00cdN 2009"},"content":{"rendered":"<p><strong>FIESTA DE SAN MART\u00cdN<\/strong>: Ya est\u00e1 a la vuelta de la esquina la fiesta de nuestro patrono <a  href=\"https:\/\/www.mecerreyes.com\/mece\/?page_id=58\">San Mart\u00edn<\/a>, que celebraremos el mi\u00e9rcoles 11 de noviembre.<\/p>\n<p>\u00a0<\/p>\n<p>Como todos los a\u00f1os la <strong>Asociaci\u00f3n de Jubilados<\/strong> ha organizado la fiesta de su titular el <strong>domingo 8 de noviembre<\/strong>. Han preparado los siguientes actos:<\/p>\n<p>\u00a0\u00a0\u00a0\u00a0\u00a0\u00a0\u00a0\u00a0\u00a0\u00a0\u00a0 &#8211; Misa a las 12:00 en <a  href=\"https:\/\/www.mecerreyes.com\/mece\/?page_id=60\">acci\u00f3n de gracias<\/a> por un nuevo a\u00f1o y con una oraci\u00f3n y un recordatorio especial por los difuntos de la asociaci\u00f3n.<\/p>\n<p>\u00a0\u00a0\u00a0\u00a0\u00a0\u00a0\u00a0\u00a0\u00a0\u00a0\u00a0 &#8211; Comida de hermandad para todos los que deseen asistir, sean miembros de la asociaci\u00f3n o no y pasar un rato agradable en un ambiente de fiesta, compartiendo mesa, an\u00e9cdotas y cantos. Para asistir hay que apuntarse previamente; el precio para los socios de la Asociaci\u00f3n es de 15 \u20ac, y para los no socios de 18 \u20ac.<\/p>\n<p>\u00a0<\/p>\n<p>Para prepararnos adecuadamente a la gran fiesta del patr\u00f3n la <strong><a  href=\"https:\/\/www.mecerreyes.com\/mece\/?page_id=35\">Parroquia<\/a><\/strong> ha organizado una serie de actos previos importantes; se trata de un SOLEMNE QUINARIO en honor de <a  href=\"https:\/\/www.mecerreyes.com\/mece\/?page_id=58\">san Mart\u00edn<\/a> nuestro patr\u00f3n con misa, predicaci\u00f3n, oraci\u00f3n con el Sant\u00edsimo y galletas al final. El horario ser\u00e1 el siguiente:<\/p>\n<p>\u00a0\u00a0\u00a0\u00a0\u00a0 &#8211; <strong>Jueves 5<\/strong>: 17:30 horas.<\/p>\n<p>\u00a0\u00a0\u00a0\u00a0\u00a0 &#8211; <strong>Viernes 6<\/strong>: 17:30 horas.<\/p>\n<p>\u00a0\u00a0\u00a0\u00a0\u00a0 &#8211; <strong>S\u00e1bado 7<\/strong>: 12:00 horas: Misa de celebraci\u00f3n de las bodas de diamante de Robustiano y Marce. 17:30 horas oraci\u00f3n con y ante el Sant\u00edsimo.<\/p>\n<p>\u00a0\u00a0\u00a0\u00a0\u00a0 &#8211; <strong>Domingo 8<\/strong>: 17:30 horas, oraci\u00f3n con y ante el Sant\u00edsimo.<\/p>\n<p>\u00a0\u00a0\u00a0\u00a0\u00a0 &#8211; <strong>Lunes 9<\/strong>: 17:30 horas.<\/p>\n<p>\u00a0\u00a0\u00a0\u00a0\u00a0 &#8211; <strong>Martes 10<\/strong>: 17:00 horas s\u00f3lo santa Misa.<\/p>\n<p>El que quiera confesarse lo podr\u00e1 hacer unos minutos antes de las celebraciones.<\/p>\n<p>\u00a0<img loading=\"lazy\" decoding=\"async\" class=\"alignleft size-thumbnail wp-image-709\" src=\"http:\/\/www.mecerreyes.com\/mece\/wp-content\/uploads\/2009\/10\/San-Martin-2006-1-150x150.jpg\" alt=\"San Martin 2006-1\" width=\"150\" height=\"150\" \/><\/p>\n<p>El programa para los actos del d\u00eda <strong>11 de noviembre<\/strong>, festividad de <a  href=\"https:\/\/www.mecerreyes.com\/mece\/?page_id=58\">San Mart\u00edn<\/a>, nuestras fiestas patronales es el siguiente:<\/p>\n<p>\u00a0\u00a0\u00a0\u00a0 12:00 horas: Procesi\u00f3n y santa Misa predicada por el insigne p\u00e1rroco de san Juli\u00e1n obispo de Burgos, don Jes\u00fas Gonz\u00e1lez Alonso, hijo del pueblo.<\/p>\n<p>\u00a0\u00a0\u00a0\u00a0 13:30 horas: Pincho popular.<\/p>\n<p>\u00a0\u00a0\u00a0\u00a0 14:00 horas: Baile \u2013 vermut.<\/p>\n<p>\u00a0\u00a0\u00a0\u00a0 18:00 horas: Exposici\u00f3n del Sant\u00edsimo y V\u00edsperas en honor de <a  href=\"https:\/\/www.mecerreyes.com\/mece\/?page_id=58\">san Mart\u00edn<\/a>.<\/p>\n<p>\u00a0\u00a0\u00a0\u00a0 19:30: Baile tarde \u2013 noche (la m\u00fasica correr\u00e1 a cargo de la orquesta \u201cLos Anises\u201d).<\/p>\n<p>\u00a0<\/p>\n<p>El d\u00eda <strong>12 de noviembre <\/strong>tendremos la Misa por todos los difuntos a las 17:30 horas.<\/p>\n<p>\u00a0<\/p>\n<p>AVISO IMPORTANTE: todos los horarios pueden sufrir modificaciones dependiendo de la disponibilidad del p\u00e1rroco. Si los hubiere os mantendremos informados.\u00a0<\/p>\n<p>\u00a0<\/p>\n<p>\u00a0<\/p>\n<p><strong>\u00a0<\/strong><\/p>\n<p><strong>3\u00aa JORNADA MICOL\u00d3GICA <\/strong><\/p>\n<p><img loading=\"lazy\" decoding=\"async\" class=\"alignleft size-thumbnail wp-image-707\" src=\"http:\/\/www.mecerreyes.com\/mece\/wp-content\/uploads\/2009\/10\/Setas-1-150x150.jpg\" alt=\"Setas (1)\" width=\"150\" height=\"150\" \/>Por tercer a\u00f1o consecutivo, y siempre cercano a las fiestas de <a  href=\"https:\/\/www.mecerreyes.com\/mece\/?page_id=58\">San Mart\u00edn<\/a>, se celebrar\u00e1 el pr\u00f3ximo d\u00eda <strong>7 de noviembre<\/strong> en la sede de la Asociaci\u00f3n Cultural \u201c<strong>el Fog\u00f3n Guileto<\/strong>\u201d con arreglo al siguiente programa:<\/p>\n<ul>\n<li>Por la ma\u00f1ana del d\u00eda 7, recogida de especies en los campos y bosques del pueblo.<\/li>\n<li>A las 13:00 h. clasificaci\u00f3n de las especies recogidas en la sede del Fog\u00f3n y exposici\u00f3n de las mismas.<\/li>\n<li>A las 18:30 h. degustaci\u00f3n de especies comestibles.<\/li>\n<\/ul>\n<p>\u00a0Organiza: A.C. El Fog\u00f3n Guileto. Colaboran: Caja Burgos y Caja C\u00edrculo.<\/p>","protected":false},"excerpt":{"rendered":"<p>FIESTA DE SAN MART\u00cdN: Ya est\u00e1 a la vuelta de la esquina la fiesta de nuestro patrono San Mart\u00edn, que celebraremos el mi\u00e9rcoles 11 de noviembre. \u00a0 Como todos los a\u00f1os la Asociaci\u00f3n de Jubilados ha organizado la fiesta de su titular el domingo 8 de noviembre. Han preparado los siguientes actos: \u00a0\u00a0\u00a0\u00a0\u00a0\u00a0\u00a0\u00a0\u00a0\u00a0\u00a0 &#8211; Misa [&hellip;]<\/p>\n","protected":false},"author":5,"featured_media":0,"comment_status":"open","ping_status":"closed","sticky":false,"template":"","format":"standard","meta":{"_et_pb_use_builder":"","_et_pb_old_content":"","_et_gb_content_width":"","footnotes":""},"categories":[1],"tags":[31,30],"class_list":["post-710","post","type-post","status-publish","format-standard","hentry","category-general","tag-jornadas-micologicas","tag-san-martin","et-doesnt-have-format-content","et_post_format-et-post-format-standard"],"_links":{"self":[{"href":"https:\/\/www.mecerreyes.com\/mece\/index.php?rest_route=\/wp\/v2\/posts\/710"}],"collection":[{"href":"https:\/\/www.mecerreyes.com\/mece\/index.php?rest_route=\/wp\/v2\/posts"}],"about":[{"href":"https:\/\/www.mecerreyes.com\/mece\/index.php?rest_route=\/wp\/v2\/types\/post"}],"author":[{"embeddable":true,"href":"https:\/\/www.mecerreyes.com\/mece\/index.php?rest_route=\/wp\/v2\/users\/5"}],"replies":[{"embeddable":true,"href":"https:\/\/www.mecerreyes.com\/mece\/index.php?rest_route=%2Fwp%2Fv2%2Fcomments&post=710"}],"version-history":[{"count":0,"href":"https:\/\/www.mecerreyes.com\/mece\/index.php?rest_route=\/wp\/v2\/posts\/710\/revisions"}],"wp:attachment":[{"href":"https:\/\/www.mecerreyes.com\/mece\/index.php?rest_route=%2Fwp%2Fv2%2Fmedia&parent=710"}],"wp:term":[{"taxonomy":"category","embeddable":true,"href":"https:\/\/www.mecerreyes.com\/mece\/index.php?rest_route=%2Fwp%2Fv2%2Fcategories&post=710"},{"taxonomy":"post_tag","embeddable":true,"href":"https:\/\/www.mecerreyes.com\/mece\/index.php?rest_route=%2Fwp%2Fv2%2Ftags&post=710"}],"curies":[{"name":"wp","href":"https:\/\/api.w.org\/{rel}","templated":true}]}}