{"id":7363,"date":"2013-10-14T16:43:26","date_gmt":"2013-10-14T15:43:26","guid":{"rendered":"http:\/\/www.mecerreyes.com\/mece\/?p=7363"},"modified":"2013-10-15T01:03:47","modified_gmt":"2013-10-15T00:03:47","slug":"despedida-a-d-miguel-angel","status":"publish","type":"post","link":"https:\/\/www.mecerreyes.com\/mece\/?p=7363","title":{"rendered":"Despedida a D.Miguel \u00c1ngel"},"content":{"rendered":"<h2 style=\"text-align: center\" align=\"center\">DESPEDIDA DE MIGUEL \u00c1NGEL:<\/h2>\n<p style=\"text-align: justify\" align=\"center\"><span style=\"text-align: justify;font-size: 13px\">El domingo, 15 de Septiembre, nuestro p\u00e1rroco puso punto y final a su etapa en Mecerreyes y los otros pueblos que atend\u00eda. Durante la Misa -con una iglesia abarrotada- Ra\u00fal y Maricarmen, en nombre de toda la <a  href=\"https:\/\/www.mecerreyes.com\/mece\/?page_id=35\">parroquia<\/a>, le agradecieron sus siete a\u00f1os de servicio pastoral entre nosotros. Aunque ya hab\u00eda pronunciado su homil\u00eda de <a  href=\"https:\/\/www.mecerreyes.com\/mece\/?page_id=60\">acci\u00f3n de gracias<\/a> el d\u00eda de la Fiesta de Gracias, quiso agradecer a todos, una vez m\u00e1s, el cari\u00f1o, acogida y respuesta que ha recibido a las actividades parroquiales y personales. Como final de la celebraci\u00f3n,\u00a0dio el testigo\u00a0a Roberto: le hizo entrega de las llaves de la <a  href=\"https:\/\/www.mecerreyes.com\/mece\/?page_id=35\">parroquia<\/a>, de los libros parroquiales y ley\u00f3 el nombramiento del Se\u00f1or Arzobispo, dese\u00e1ndole suerte en su nueva andadura.<\/span><\/p>\n<p style=\"text-align: justify\">Despu\u00e9s en el Sal\u00f3n de la Escuela se le prepar\u00f3 un acto de homenaje y gratitud. Juli\u00e1n, en nombre del <a  href=\"https:\/\/www.mecerreyes.com\/mece\/?page_id=24\">Ayuntamiento<\/a> y del pueblo entero, presidi\u00f3 el acto en el que, en un primer momento, hizo un r\u00e1pido resumen de su estancia y lo que ha aportado al pueblo, y a continuaci\u00f3n, le hizo entrega de un recuerdo hecho por F\u00e9lix Y\u00e1\u00f1ez; despu\u00e9s fueron pasando por el estrado la Asociaci\u00f3n Cultural, la Asociaci\u00f3n de Jubilados, las mujeres del coro y los ni\u00f1os para agradecerle sus cuidados pastorales con diferentes obsequios. Pero lo m\u00e1s importante que se lleva, seguro, es nuestro cari\u00f1o.<\/p>\n<p style=\"text-align: justify\">Desde esta p\u00e1gina tambi\u00e9n agradecemos su colaboraci\u00f3n en diferentes cr\u00f3nicas, res\u00famenes, noticias\u2026 \u00a1Muchas gracias, Miguel \u00c1ngel!<\/p>\n<p style=\"text-align: justify\">Antes de irse nos deja, agradecido y emocionado, estas palabras:<\/p>\n<div style=\"text-align: justify\"><\/div>\n<div style=\"text-align: justify\"><span style=\"color: #ffffff\">.<\/span><\/div>\n<div style=\"text-align: justify\"><strong><span style=\"color: #0000ff\"><i>El recuerdo es algo muy profundo; de hecho la misma palabra, por sus or\u00edgenes latinos, quiere decir volver a pasar por el coraz\u00f3n. As\u00ed me sucede ahora, despu\u00e9s de estos siete a\u00f1os: vuelvo a pasar por el coraz\u00f3n a tantas personas, eventos, encuentros\u2026, y aun las m\u00e1s dolorosas las recuerdo sin esa carga de dolor inherente a ellas; todo est\u00e1 perdonado.<\/i><\/span><\/strong><\/div>\n<div style=\"text-align: justify\"><strong><span style=\"color: #0000ff\"><i>En Mecerreyes he conocido a personas emprendedoras, lanzadas, echadas para adelante; ojal\u00e1 sea as\u00ed tambi\u00e9n en la fe; las vocaciones de anta\u00f1o as\u00ed lo demuestran; Dios quiera que se recupere ese entusiasmo en lo espiritual como parece que se ha recuperado en lo humano.<\/i><\/span><\/strong><\/div>\n<div style=\"text-align: justify\"><strong><span style=\"color: #0000ff\"><i>El esp\u00edritu castellano se encarna de modo sublime entre nosotros; y digo nosotros porque yo tambi\u00e9n me considero guileto. De alguna manera lo soy por la sangre, aunque hasta el a\u00f1o 2006 ni siquiera conociera el pueblo; pero ahora lo soy por adopci\u00f3n. La reciedumbre castellana, la lealtad, la nobleza\u2026, son valores que no hemos de perder.<\/i><\/span><\/strong><\/div>\n<div style=\"text-align: justify\"><strong><span style=\"color: #0000ff\"><i>Y para finalizar un profundo agradecimiento a MariCarmen y a la Asociaci\u00f3n cultural por darme la oportunidad de retomar una de mis aficiones, la escritura, por medio de las muchas cr\u00f3nicas, noticias, escritos para el Bel\u00e9n, etc., que a lo largo de estos a\u00f1os me han permitido realizar. Y a todos vosotros por haberme aguantado y le\u00eddo sin saber, muchas veces, quien lo hab\u00eda escrito.<\/i><\/span><\/strong><\/div>\n<div style=\"text-align: justify\"><strong><span style=\"color: #0000ff\"><i>Como os dec\u00eda al principio, os llevo en el coraz\u00f3n. \u00a1Gracias Mecerreyes! \u00a1Gracias guiletos! \u00a1Gracias a <a  href=\"https:\/\/www.mecerreyes.com\/mece\/?page_id=58\">san Mart\u00edn<\/a> y a <a  href=\"https:\/\/www.mecerreyes.com\/mece\/?page_id=54\">la Virgen del Camino<\/a>!<\/i><\/span><\/strong><\/div>\n<div style=\"text-align: justify\"><\/div>\n<div style=\"text-align: justify\"><\/div>\n<p align=\"center\"><a  href=\"http:\/\/www.mecerreyes.com\/mece\/wp-content\/uploads\/2013\/10\/Despedida-Miguel-Angel-Mecerreyes-15-09-13-7.jpg\" class=\"thickbox no_icon\" title=\"Despedida Miguel Angel, Mecerreyes 15-09-13 (7)\"><img loading=\"lazy\" decoding=\"async\" class=\"alignnone  wp-image-8057\" alt=\"Despedida Miguel Angel, Mecerreyes 15-09-13 (7)\" src=\"http:\/\/www.mecerreyes.com\/mece\/wp-content\/uploads\/2013\/10\/Despedida-Miguel-Angel-Mecerreyes-15-09-13-7.jpg\" width=\"490\" height=\"368\" srcset=\"https:\/\/www.mecerreyes.com\/mece\/wp-content\/uploads\/2013\/10\/Despedida-Miguel-Angel-Mecerreyes-15-09-13-7.jpg 700w, https:\/\/www.mecerreyes.com\/mece\/wp-content\/uploads\/2013\/10\/Despedida-Miguel-Angel-Mecerreyes-15-09-13-7-300x225.jpg 300w\" sizes=\"(max-width: 490px) 100vw, 490px\" \/><\/a><\/p>\n<p align=\"center\">************************<\/p>\n<p align=\"center\">EN LA DESPEDIDA DE DON MIGUEL \u00c1NGEL:<\/p>\n<p align=\"center\">\u00a1GRACIAS! \u00a1PERD\u00d3N! \u00a1HASTA SIEMPRE!&#8230;<\/p>\n<p style=\"text-align: justify\">La <a  href=\"https:\/\/www.mecerreyes.com\/mece\/?page_id=35\">Parroquia<\/a>, los parroquianos de Mecerreyes, despedimos a nuestro sacerdote de los \u00faltimos siete a\u00f1os.<\/p>\n<p style=\"text-align: justify\">Cada vez son m\u00e1s frecuentes los cambios y las estancias menos duraderas de los sacerdotes en las Parroquias. A la escasez de vocaciones, y por tanto de nuevos presb\u00edteros, hay que recordar que las Parroquias siguen \u00a0siendo las mismas en n\u00famero, por muy peque\u00f1itos que sean los pueblos.<\/p>\n<p style=\"text-align: justify\">La disponibilidad de los P\u00e1rrocos, sobre todo de los m\u00e1s j\u00f3venes, pal\u00eda un poco estas necesidades.<\/p>\n<p style=\"text-align: justify\">Atr\u00e1s quedan los tiempos en que muchos sacerdotes quedaban hasta el final de sus vidas en la primera o segunda <a  href=\"https:\/\/www.mecerreyes.com\/mece\/?page_id=35\">Parroquia<\/a>.<\/p>\n<p style=\"text-align: justify\">Miguel \u00c1ngel cambia y se va a Briviesca. Hasta cierto punto parece l\u00f3gico que los m\u00e1s j\u00f3venes trabajen pastoralmente cerca de los ni\u00f1os, adolescentes y j\u00f3venes. Por tanto le deseamos una misi\u00f3n fruct\u00edfera y gratificante.<\/p>\n<p style=\"text-align: justify\">Y ahora, a nivel personal:<\/p>\n<p style=\"text-align: justify\">El pueblo, sobre todo, la <a  href=\"https:\/\/www.mecerreyes.com\/mece\/?page_id=35\">Parroquia<\/a> agradecemos tu dedicaci\u00f3n y tu preocupaci\u00f3n por nosotros, los cristianos y, en general, por todos los vecinos.<\/p>\n<p style=\"text-align: justify\">Te pedimos perd\u00f3n, si en algo no supimos estar a la altura de las circunstancias o no cumplimos tus expectativas.<\/p>\n<p style=\"text-align: justify\">Te deseamos lo mejor para ti, como persona, como cristiano, como sacerdote.<\/p>\n<p style=\"text-align: justify\">En este pueblo tendr\u00e1s amigos y espacio de acogida para cuando lo desees.<\/p>\n<p style=\"text-align: justify\">Gracias por todo y que Dios te bendiga.<\/p>\n\n\t\t<style type=\"text\/css\">\n\t\t\t#gallery-1 {\n\t\t\t\tmargin: auto;\n\t\t\t}\n\t\t\t#gallery-1 .gallery-item {\n\t\t\t\tfloat: left;\n\t\t\t\tmargin-top: 10px;\n\t\t\t\ttext-align: center;\n\t\t\t\twidth: 33%;\n\t\t\t}\n\t\t\t#gallery-1 img {\n\t\t\t\tborder: 2px solid #cfcfcf;\n\t\t\t}\n\t\t\t#gallery-1 .gallery-caption {\n\t\t\t\tmargin-left: 0;\n\t\t\t}\n\t\t\t\/* see gallery_shortcode() in wp-includes\/media.php *\/\n\t\t<\/style>\n\t\t<div id='gallery-1' class='gallery galleryid-7363 gallery-columns-3 gallery-size-thumbnail'><dl class='gallery-item'>\n\t\t\t<dt class='gallery-icon landscape'>\n\t\t\t\t<a  href=\"https:\/\/www.mecerreyes.com\/mece\/wp-content\/uploads\/2013\/10\/Despedida-Miguel-Angel-Mecerreyes-15-09-13-1.jpg\" class=\"thickbox no_icon\" title=\"\"><img loading=\"lazy\" decoding=\"async\" width=\"150\" height=\"150\" src=\"https:\/\/www.mecerreyes.com\/mece\/wp-content\/uploads\/2013\/10\/Despedida-Miguel-Angel-Mecerreyes-15-09-13-1-150x150.jpg\" class=\"attachment-thumbnail size-thumbnail\" alt=\"\" \/><\/a>\n\t\t\t<\/dt><\/dl><dl class='gallery-item'>\n\t\t\t<dt class='gallery-icon landscape'>\n\t\t\t\t<a  href=\"https:\/\/www.mecerreyes.com\/mece\/wp-content\/uploads\/2013\/10\/Despedida-Miguel-Angel-Mecerreyes-15-09-13-3.jpg\" class=\"thickbox no_icon\" title=\"\"><img loading=\"lazy\" decoding=\"async\" width=\"150\" height=\"150\" src=\"https:\/\/www.mecerreyes.com\/mece\/wp-content\/uploads\/2013\/10\/Despedida-Miguel-Angel-Mecerreyes-15-09-13-3-150x150.jpg\" class=\"attachment-thumbnail size-thumbnail\" alt=\"\" \/><\/a>\n\t\t\t<\/dt><\/dl><dl class='gallery-item'>\n\t\t\t<dt class='gallery-icon landscape'>\n\t\t\t\t<a  href=\"https:\/\/www.mecerreyes.com\/mece\/wp-content\/uploads\/2013\/10\/Despedida-Miguel-Angel-Mecerreyes-15-09-13-5.jpg\" class=\"thickbox no_icon\" title=\"\"><img loading=\"lazy\" decoding=\"async\" width=\"150\" height=\"150\" src=\"https:\/\/www.mecerreyes.com\/mece\/wp-content\/uploads\/2013\/10\/Despedida-Miguel-Angel-Mecerreyes-15-09-13-5-150x150.jpg\" class=\"attachment-thumbnail size-thumbnail\" alt=\"\" \/><\/a>\n\t\t\t<\/dt><\/dl><br style=\"clear: both\" \/><dl class='gallery-item'>\n\t\t\t<dt class='gallery-icon landscape'>\n\t\t\t\t<a  href=\"https:\/\/www.mecerreyes.com\/mece\/wp-content\/uploads\/2013\/10\/Despedida-Miguel-Angel-Mecerreyes-15-09-13-6.jpg\" class=\"thickbox no_icon\" title=\"\"><img loading=\"lazy\" decoding=\"async\" width=\"150\" height=\"150\" src=\"https:\/\/www.mecerreyes.com\/mece\/wp-content\/uploads\/2013\/10\/Despedida-Miguel-Angel-Mecerreyes-15-09-13-6-150x150.jpg\" class=\"attachment-thumbnail size-thumbnail\" alt=\"\" \/><\/a>\n\t\t\t<\/dt><\/dl><dl class='gallery-item'>\n\t\t\t<dt class='gallery-icon portrait'>\n\t\t\t\t<a  href=\"https:\/\/www.mecerreyes.com\/mece\/wp-content\/uploads\/2013\/10\/Despedida-Miguel-Angel-Mecerreyes-15-09-13-4.jpg\" class=\"thickbox no_icon\" title=\"\"><img loading=\"lazy\" decoding=\"async\" width=\"150\" height=\"150\" src=\"https:\/\/www.mecerreyes.com\/mece\/wp-content\/uploads\/2013\/10\/Despedida-Miguel-Angel-Mecerreyes-15-09-13-4-150x150.jpg\" class=\"attachment-thumbnail size-thumbnail\" alt=\"\" \/><\/a>\n\t\t\t<\/dt><\/dl><dl class='gallery-item'>\n\t\t\t<dt class='gallery-icon landscape'>\n\t\t\t\t<a  href=\"https:\/\/www.mecerreyes.com\/mece\/wp-content\/uploads\/2013\/10\/Despedida-Miguel-Angel-Mecerreyes-15-09-13-8.jpg\" class=\"thickbox no_icon\" title=\"\"><img loading=\"lazy\" decoding=\"async\" width=\"150\" height=\"150\" src=\"https:\/\/www.mecerreyes.com\/mece\/wp-content\/uploads\/2013\/10\/Despedida-Miguel-Angel-Mecerreyes-15-09-13-8-150x150.jpg\" class=\"attachment-thumbnail size-thumbnail\" alt=\"\" \/><\/a>\n\t\t\t<\/dt><\/dl><br style=\"clear: both\" \/><dl class='gallery-item'>\n\t\t\t<dt class='gallery-icon landscape'>\n\t\t\t\t<a  href=\"https:\/\/www.mecerreyes.com\/mece\/wp-content\/uploads\/2013\/10\/Despedida-Miguel-Angel-Mecerreyes-15-09-13.jpg\" class=\"thickbox no_icon\" title=\"\"><img loading=\"lazy\" decoding=\"async\" width=\"150\" height=\"150\" src=\"https:\/\/www.mecerreyes.com\/mece\/wp-content\/uploads\/2013\/10\/Despedida-Miguel-Angel-Mecerreyes-15-09-13-150x150.jpg\" class=\"attachment-thumbnail size-thumbnail\" alt=\"\" \/><\/a>\n\t\t\t<\/dt><\/dl><dl class='gallery-item'>\n\t\t\t<dt class='gallery-icon landscape'>\n\t\t\t\t<a  href=\"https:\/\/www.mecerreyes.com\/mece\/wp-content\/uploads\/2013\/10\/Despedida-Miguel-Angel-Mecerreyes-15-09-13-7.jpg\" class=\"thickbox no_icon\" title=\"\"><img loading=\"lazy\" decoding=\"async\" width=\"150\" height=\"150\" src=\"https:\/\/www.mecerreyes.com\/mece\/wp-content\/uploads\/2013\/10\/Despedida-Miguel-Angel-Mecerreyes-15-09-13-7-150x150.jpg\" class=\"attachment-thumbnail size-thumbnail\" alt=\"\" \/><\/a>\n\t\t\t<\/dt><\/dl>\n\t\t\t<br style='clear: both' \/>\n\t\t<\/div>\n\n<div id=\"attachment_8070\" style=\"width: 806px\" class=\"wp-caption alignnone\"><a  href=\"http:\/\/www.mecerreyes.com\/mece\/wp-content\/uploads\/2013\/10\/Imagenes-despedida-Miguel-Angel-2013.jpg\" class=\"thickbox no_icon\" title=\"Imagenes despedida Miguel Angel 2013\"><img loading=\"lazy\" decoding=\"async\" aria-describedby=\"caption-attachment-8070\" class=\"size-full wp-image-8070\" alt=\"Imagenes despedida Miguel Angel 2013\" src=\"http:\/\/www.mecerreyes.com\/mece\/wp-content\/uploads\/2013\/10\/Imagenes-despedida-Miguel-Angel-2013.jpg\" width=\"796\" height=\"250\" srcset=\"https:\/\/www.mecerreyes.com\/mece\/wp-content\/uploads\/2013\/10\/Imagenes-despedida-Miguel-Angel-2013.jpg 796w, https:\/\/www.mecerreyes.com\/mece\/wp-content\/uploads\/2013\/10\/Imagenes-despedida-Miguel-Angel-2013-300x94.jpg 300w\" sizes=\"(max-width: 796px) 100vw, 796px\" \/><\/a><p id=\"caption-attachment-8070\" class=\"wp-caption-text\">Despedida a Miguel \u00c1ngel 2006 &#8211; 2013<\/p><\/div>","protected":false},"excerpt":{"rendered":"<p>DESPEDIDA DE MIGUEL \u00c1NGEL: El domingo, 15 de Septiembre, nuestro p\u00e1rroco puso punto y final a su etapa en Mecerreyes y los otros pueblos que atend\u00eda. Durante la Misa -con una iglesia abarrotada- Ra\u00fal y Maricarmen, en nombre de toda la parroquia, le agradecieron sus siete a\u00f1os de servicio pastoral entre nosotros. Aunque ya hab\u00eda [&hellip;]<\/p>\n","protected":false},"author":5,"featured_media":0,"comment_status":"open","ping_status":"closed","sticky":false,"template":"","format":"standard","meta":{"_et_pb_use_builder":"","_et_pb_old_content":"","_et_gb_content_width":"","footnotes":""},"categories":[1],"tags":[21,44],"class_list":["post-7363","post","type-post","status-publish","format-standard","hentry","category-general","tag-guiletos","tag-parroquia-mecerreyes","et-doesnt-have-format-content","et_post_format-et-post-format-standard"],"_links":{"self":[{"href":"https:\/\/www.mecerreyes.com\/mece\/index.php?rest_route=\/wp\/v2\/posts\/7363"}],"collection":[{"href":"https:\/\/www.mecerreyes.com\/mece\/index.php?rest_route=\/wp\/v2\/posts"}],"about":[{"href":"https:\/\/www.mecerreyes.com\/mece\/index.php?rest_route=\/wp\/v2\/types\/post"}],"author":[{"embeddable":true,"href":"https:\/\/www.mecerreyes.com\/mece\/index.php?rest_route=\/wp\/v2\/users\/5"}],"replies":[{"embeddable":true,"href":"https:\/\/www.mecerreyes.com\/mece\/index.php?rest_route=%2Fwp%2Fv2%2Fcomments&post=7363"}],"version-history":[{"count":0,"href":"https:\/\/www.mecerreyes.com\/mece\/index.php?rest_route=\/wp\/v2\/posts\/7363\/revisions"}],"wp:attachment":[{"href":"https:\/\/www.mecerreyes.com\/mece\/index.php?rest_route=%2Fwp%2Fv2%2Fmedia&parent=7363"}],"wp:term":[{"taxonomy":"category","embeddable":true,"href":"https:\/\/www.mecerreyes.com\/mece\/index.php?rest_route=%2Fwp%2Fv2%2Fcategories&post=7363"},{"taxonomy":"post_tag","embeddable":true,"href":"https:\/\/www.mecerreyes.com\/mece\/index.php?rest_route=%2Fwp%2Fv2%2Ftags&post=7363"}],"curies":[{"name":"wp","href":"https:\/\/api.w.org\/{rel}","templated":true}]}}