{"id":7689,"date":"2013-10-23T23:24:15","date_gmt":"2013-10-23T22:24:15","guid":{"rendered":"http:\/\/www.mecerreyes.com\/mece\/?p=7689"},"modified":"2013-10-28T10:11:12","modified_gmt":"2013-10-28T09:11:12","slug":"noticias-septiembre-2013","status":"publish","type":"post","link":"https:\/\/www.mecerreyes.com\/mece\/?p=7689","title":{"rendered":"Noticias Septiembre 2013"},"content":{"rendered":"<h2 style=\"text-align: justify\">Este mes de septiembre viene marcado por la marcha de cantidad de personas, incluido nuestro p\u00e1rroco; estamos acostumbrados a que suceda esto todos los a\u00f1os, pero con lo alegre que estaba el pueblo con tanta gente\u2026, volver a acostumbrarse a la falta de ni\u00f1os, a la soledad de las calles\u2026, cuesta. Menos mal que el buen tiempo nos sigue acompa\u00f1ando y nos permite salir de casa, pasear, estar en la calle\u2026<\/h2>\n<h2 style=\"text-align: justify\">\u00bfY de noticias c\u00f3mo ha andado este mes? Pues mira\u2026<\/h2>\n<p style=\"text-align: justify\"><strong>\u00a0<\/strong><\/p>\n<h1 style=\"text-align: justify\"><strong>Bautizo<\/strong><\/h1>\n<p style=\"text-align: justify\">El domingo 1 fue bautizado <b>Gonzalo<\/b>, hijo de Samuel y Ana. El ni\u00f1o estuvo tan contento toda la celebraci\u00f3n; aunque m\u00e1s bien habr\u00eda que decir que estuvo tan dormidito toda la celebraci\u00f3n. Nuestra enhorabuena a los padres, a los abuelos (Pablo y Montse) y a los t\u00edos, que se les ve de un orgulloso\u2026<\/p>\n<div id=\"attachment_8078\" style=\"width: 546px\" class=\"wp-caption alignnone\"><a  href=\"http:\/\/www.mecerreyes.com\/mece\/wp-content\/uploads\/2013\/10\/Bautizo-Gonzalo-1-09-2013.jpg\" class=\"thickbox no_icon\" title=\"Bautizo de Gonzalo Alonso Galaz, Mecerreyes 1-09-2013\"><img loading=\"lazy\" decoding=\"async\" aria-describedby=\"caption-attachment-8078\" class=\" wp-image-8078  \" alt=\"Bautizo de Gonzalo Alonso Galaz, Mecerreyes 1-09-2013\" src=\"http:\/\/www.mecerreyes.com\/mece\/wp-content\/uploads\/2013\/10\/Bautizo-Gonzalo-1-09-2013.jpg\" width=\"536\" height=\"378\" srcset=\"https:\/\/www.mecerreyes.com\/mece\/wp-content\/uploads\/2013\/10\/Bautizo-Gonzalo-1-09-2013.jpg 850w, https:\/\/www.mecerreyes.com\/mece\/wp-content\/uploads\/2013\/10\/Bautizo-Gonzalo-1-09-2013-300x211.jpg 300w\" sizes=\"(max-width: 536px) 100vw, 536px\" \/><\/a><p id=\"caption-attachment-8078\" class=\"wp-caption-text\">Bautizo de Gonzalo Alonso Galaz, Mecerreyes 1-09-2013<\/p><\/div>\n<h1><strong>Nacimientos<\/strong><\/h1>\n<h2 style=\"text-align: justify\"><b>\u00d3scar<\/b><\/h2>\n<div id=\"attachment_8081\" style=\"width: 500px\" class=\"wp-caption alignleft\"><a  href=\"http:\/\/www.mecerreyes.com\/mece\/wp-content\/uploads\/2013\/10\/\u00d3scar-Murga-Santamar\u00eda-1.jpg\" class=\"thickbox no_icon\" title=\"\u00d3scar Murga Santamar\u00eda\"><img loading=\"lazy\" decoding=\"async\" aria-describedby=\"caption-attachment-8081\" class=\" wp-image-8081 \" alt=\"\u00d3scar Murga Santamar\u00eda\" src=\"http:\/\/www.mecerreyes.com\/mece\/wp-content\/uploads\/2013\/10\/\u00d3scar-Murga-Santamar\u00eda-1.jpg\" width=\"490\" height=\"327\" srcset=\"https:\/\/www.mecerreyes.com\/mece\/wp-content\/uploads\/2013\/10\/\u00d3scar-Murga-Santamar\u00eda-1.jpg 700w, https:\/\/www.mecerreyes.com\/mece\/wp-content\/uploads\/2013\/10\/\u00d3scar-Murga-Santamar\u00eda-1-300x200.jpg 300w\" sizes=\"(max-width: 490px) 100vw, 490px\" \/><\/a><p id=\"caption-attachment-8081\" class=\"wp-caption-text\">\u00d3scar Murga Santamar\u00eda<\/p><\/div>\n<p style=\"text-align: justify\">Tambi\u00e9n damos la enhorabuena a Isabel y Sergio por el feliz nacimiento de su tercer reto\u00f1o el d\u00eda 8; ya no pudo esperar m\u00e1s \u00d3scar, quer\u00eda nacer. Y para alegr\u00eda de sus hermanitos Silvia y Diego ya pueden disfrutar de uno m\u00e1s para sus travesuras. Y qu\u00e9 decir de los abuelos Pedro Luis y Mauri y los bisabuelos Clemen, Marce y Robustiano; les han regalado a\u00f1os de vida. \u00a1Enhorabuena!<\/p>\n<p><em><span style=\"color: #008000\">Hola\u00a0<\/span><\/em><\/p>\n<p><em><span style=\"color: #008000\">Somos Silvia y Diego y este es nuestro hermano peque\u00f1o \u00d3scar, un guileto que naci\u00f3 el d\u00eda de mamblas y a la vez un lerme\u00f1o que naci\u00f3 el d\u00eda de la Natividad de Nuestra Se\u00f1ora, patrona de Lerma, el 8 de septiembre.<\/span><\/em><\/p>\n<p><em><span style=\"color: #008000\">!Ya somos una peque\u00f1a gran familia!<\/span><\/em><\/p>\n<p><em><span style=\"color: #008000\">Saludos<\/span><\/em><\/p>\n<p><em><span style=\"color: #008000\">Silvia y Diego<\/span><\/em><\/p>\n<p>&nbsp;<\/p>\n<div id=\"attachment_8080\" style=\"width: 500px\" class=\"wp-caption alignright\"><a  href=\"http:\/\/www.mecerreyes.com\/mece\/wp-content\/uploads\/2013\/10\/\u00d3scar-Murga-Santamar\u00eda.jpg\" class=\"thickbox no_icon\" title=\"Silvia, Diego y \u00d3scar\"><img loading=\"lazy\" decoding=\"async\" aria-describedby=\"caption-attachment-8080\" class=\" wp-image-8080 \" alt=\"Silvia, Diego y \u00d3scar\" src=\"http:\/\/www.mecerreyes.com\/mece\/wp-content\/uploads\/2013\/10\/\u00d3scar-Murga-Santamar\u00eda.jpg\" width=\"490\" height=\"327\" srcset=\"https:\/\/www.mecerreyes.com\/mece\/wp-content\/uploads\/2013\/10\/\u00d3scar-Murga-Santamar\u00eda.jpg 700w, https:\/\/www.mecerreyes.com\/mece\/wp-content\/uploads\/2013\/10\/\u00d3scar-Murga-Santamar\u00eda-300x200.jpg 300w\" sizes=\"(max-width: 490px) 100vw, 490px\" \/><\/a><p id=\"caption-attachment-8080\" class=\"wp-caption-text\">Silvia, Diego y \u00d3scar<\/p><\/div>\n<h2 style=\"text-align: justify\"><b>V\u00edctor<\/b><\/h2>\n<p style=\"text-align: justify\">Cuatro d\u00edas m\u00e1s tarde, el d\u00eda doce, nac\u00eda <strong>V\u00edctor<\/strong>, hijo de Raquel y Rub\u00e9n. Ya ten\u00eda ganas su hermana Carla de que naciera su hermanito. Enhorabuena a los padres Raquel y Rub\u00e9n y a la abuela Mari, que seguro que le ayuda a alegrarse y volver a tener ganas de hacer cosas despu\u00e9s de la muerte de Seve.<\/p>\n<div id=\"attachment_8142\" style=\"width: 490px\" class=\"wp-caption alignnone\"><a  href=\"http:\/\/www.mecerreyes.com\/mece\/wp-content\/uploads\/2013\/10\/Victor-Gonzalez-Manso-y-Carla.jpg\" class=\"thickbox no_icon\" title=\"Victor Gonzalez Manso y Carla\"><img loading=\"lazy\" decoding=\"async\" aria-describedby=\"caption-attachment-8142\" class=\" wp-image-8142 \" alt=\"Victor Gonzalez Manso y Carla\" src=\"http:\/\/www.mecerreyes.com\/mece\/wp-content\/uploads\/2013\/10\/Victor-Gonzalez-Manso-y-Carla.jpg\" width=\"480\" height=\"360\" srcset=\"https:\/\/www.mecerreyes.com\/mece\/wp-content\/uploads\/2013\/10\/Victor-Gonzalez-Manso-y-Carla.jpg 800w, https:\/\/www.mecerreyes.com\/mece\/wp-content\/uploads\/2013\/10\/Victor-Gonzalez-Manso-y-Carla-300x225.jpg 300w\" sizes=\"(max-width: 480px) 100vw, 480px\" \/><\/a><p id=\"caption-attachment-8142\" class=\"wp-caption-text\">Victor Gonzalez Manso y Carla<\/p><\/div>\n<p style=\"text-align: justify\">\n<h1 style=\"text-align: justify\"><strong>Mamblas<\/strong><\/h1>\n<p style=\"text-align: justify\">El domingo 8 se celebr\u00f3 la <strong>romer\u00eda de la Virgen de Mamblas<\/strong>; al ser domingo y hacer un tiempo tan extraordinario, todos aprovecharon para acudir a saludar a la Virgen, darle gracias, pedirle un favor, encontrarse con los amigos, echar una parrafadita con los vecinos de pueblos cercanos\u2026 Un gustazo de d\u00eda que los m\u00e1s \u201cdevotos\u201d aprovecharon para estar un poco m\u00e1s en la ermita y comer en cuadrilla o pasarse por los bares a refrescar el gaznate\u2026 \u00a1Viva la Virgen de Mamblas!<\/p>\n<div id=\"attachment_8083\" style=\"width: 570px\" class=\"wp-caption alignnone\"><a  href=\"http:\/\/www.mecerreyes.com\/mece\/wp-content\/uploads\/2013\/10\/P1250429.jpg\" class=\"thickbox no_icon\" title=\"Mamblas, 8-09-2013\"><img loading=\"lazy\" decoding=\"async\" aria-describedby=\"caption-attachment-8083\" class=\"wp-image-8083 \" alt=\"Mamblas, 8-09-2013\" src=\"http:\/\/www.mecerreyes.com\/mece\/wp-content\/uploads\/2013\/10\/P1250429.jpg\" width=\"560\" height=\"420\" srcset=\"https:\/\/www.mecerreyes.com\/mece\/wp-content\/uploads\/2013\/10\/P1250429.jpg 700w, https:\/\/www.mecerreyes.com\/mece\/wp-content\/uploads\/2013\/10\/P1250429-300x225.jpg 300w\" sizes=\"(max-width: 560px) 100vw, 560px\" \/><\/a><p id=\"caption-attachment-8083\" class=\"wp-caption-text\">Mamblas, 8-09-2013<\/p><\/div>\n<p style=\"text-align: justify\"><strong>Defunci\u00f3n<\/strong><\/p>\n<div id=\"attachment_8084\" style=\"width: 223px\" class=\"wp-caption alignright\"><a  href=\"http:\/\/www.mecerreyes.com\/mece\/wp-content\/uploads\/2013\/10\/Vicente-Alonso.jpg\" class=\"thickbox no_icon\" title=\"Vicente Alonso\"><img loading=\"lazy\" decoding=\"async\" aria-describedby=\"caption-attachment-8084\" class=\" wp-image-8084  \" alt=\"Vicente Alonso\" src=\"http:\/\/www.mecerreyes.com\/mece\/wp-content\/uploads\/2013\/10\/Vicente-Alonso.jpg\" width=\"213\" height=\"324\" srcset=\"https:\/\/www.mecerreyes.com\/mece\/wp-content\/uploads\/2013\/10\/Vicente-Alonso.jpg 591w, https:\/\/www.mecerreyes.com\/mece\/wp-content\/uploads\/2013\/10\/Vicente-Alonso-197x300.jpg 197w\" sizes=\"(max-width: 213px) 100vw, 213px\" \/><\/a><p id=\"caption-attachment-8084\" class=\"wp-caption-text\">Vicente Alonso<\/p><\/div>\n<p style=\"text-align: justify\">La familia de <b>Vicente Alonso Alonso<\/b> nos envi\u00f3 esta nota con motivo de su defunci\u00f3n el 8 de septiembre de 2013, a los 88 a\u00f1os:<\/p>\n<p style=\"text-align: justify\"><i>Su esposa Alejandra Alonso Blanco, sus hijos Carmela y Vicente, sus nietas Ainhoa, Arantxa, Raquel y Sara, su biznieto Telmo, sus hermanos Mar\u00eda, Ambrosio y Casilda agradecen el c\u00e1lido acompa\u00f1amiento y el cari\u00f1o recibido de familiares, vecinos y amigos durante el sepelio en Mecerreyes.<\/i><\/p>\n<p style=\"text-align: justify\">Descanse en paz.<\/p>\n<p style=\"text-align: justify\"><span style=\"color: #ffffff\">.<\/span><\/p>\n<h1 style=\"text-align: justify\"><strong>Caldereta <\/strong><\/h1>\n<p style=\"text-align: justify\">El d\u00eda 14, y como viene siendo tradici\u00f3n, Javi quiso obsequiar al pueblo con una fabulosa caldereta, que cont\u00f3 con la inestimable ayuda de Segun en plan <i>master chef<\/i> y de un considerable grupo de ayudantes de cocina y voluntarios. Da gusto ver c\u00f3mo salen de bien las cosas cuando se unen los esfuerzos. Con un tiempo inmejorable para comer todos los que bajaron a la plaza con su plato, su vaso y sus cubiertos, llenaron el est\u00f3mago y el coraz\u00f3n al poder pasar un d\u00eda de maravillosa convivencia. Muchas gracias Javi y familia (Goyi, Frutos y Vero) por este detallazo con el pueblo.<\/p>\n<p style=\"text-align: justify\">Puedes ver la cr\u00f3nica completa con fotos pinchando aqu\u00ed: <a  href=\"http:\/\/www.mecerreyes.com\/mece\/?p=7925\" target=\"_blank\">Caldereta 2013<\/a><\/p>\n<p style=\"text-align: justify\"><strong>\u00a0<\/strong><\/p>\n<h1 style=\"text-align: justify\"><strong>Motoristas<\/strong><\/h1>\n<div id=\"attachment_8095\" style=\"width: 262px\" class=\"wp-caption alignright\"><a  href=\"http:\/\/www.mecerreyes.com\/mece\/wp-content\/uploads\/2013\/10\/III-Ruta-Motera-Virgen-del-Pilar-Mecerreyes-21-09-13-4.jpg\" class=\"thickbox no_icon\" title=\"III Ruta Motera Virgen del Pilar, Mecerreyes 21-09-13 (4)\"><img loading=\"lazy\" decoding=\"async\" aria-describedby=\"caption-attachment-8095\" class=\" wp-image-8095\" alt=\"III Ruta Motera Virgen del Pilar, Mecerreyes 21-09-13 (4)\" src=\"http:\/\/www.mecerreyes.com\/mece\/wp-content\/uploads\/2013\/10\/III-Ruta-Motera-Virgen-del-Pilar-Mecerreyes-21-09-13-4.jpg\" width=\"252\" height=\"336\" srcset=\"https:\/\/www.mecerreyes.com\/mece\/wp-content\/uploads\/2013\/10\/III-Ruta-Motera-Virgen-del-Pilar-Mecerreyes-21-09-13-4.jpg 700w, https:\/\/www.mecerreyes.com\/mece\/wp-content\/uploads\/2013\/10\/III-Ruta-Motera-Virgen-del-Pilar-Mecerreyes-21-09-13-4-225x300.jpg 225w\" sizes=\"(max-width: 252px) 100vw, 252px\" \/><\/a><p id=\"caption-attachment-8095\" class=\"wp-caption-text\">III Ruta Motera Virgen del Pilar, Mecerreyes 21-09-13<\/p><\/div>\n<p style=\"text-align: justify\">Esto pon\u00eda en el Diario de Burgos: <span style=\"color: #0000ff\">La Comandancia de la Guardia Civil de Burgos, organiza la III Ruta Motera Virgen del Pilar-\u00c1ngeles Custodios, para Fuerzas y Cuerpos de Seguridad del Estado, Polic\u00edas Locales, Militares y Bomberos, dentro de las actividades programadas con motivo de la celebraci\u00f3n de la Patrona del Cuerpo, la Virgen del Pilar.<\/span><\/p>\n<p style=\"text-align: justify\"><span style=\"color: #0000ff\">El evento, organizado en esta edici\u00f3n por la Comandancia de Burgos altern\u00e1ndose en la misma con el Cuerpo Nacional de Polic\u00eda, contar\u00e1 adem\u00e1s con la presencia de allegados y simpatizantes, que han querido compartir este d\u00eda con la Guardia Civil.<\/span><\/p>\n<p style=\"text-align: justify\"><span style=\"color: #0000ff\">Con un recorrido que ronda los 205 kil\u00f3metros, las 75 motocicletas apuntadas y un grupo de m\u00e1s de 100 personas recorrer\u00e1n ma\u00f1ana las carreteras del sur de la provincia burgalesa.<\/span><\/p>\n<p style=\"text-align: justify\">El s\u00e1bado 21 <em>estos 100 motoristas almorzaron en la plaza de Mecerreyes atendidos por el <a  href=\"http:\/\/www.mecerreyes.com\/mece\/?page_id=797\" target=\"_blank\"><a href=\"https:\/\/www.mecerreyes.com\/mece\/?page_id=797\">Mes\u00f3n de Frutos<\/a><\/a>, Javi recibi\u00f3 un diploma de parte de un alto mando, el Teniente Coronel Jefe de la Comandancia, <strong>en agradecimiento a su inestimable colaboraci\u00f3n y apoyo<\/strong>. Se acercaron a los ni\u00f1os y quisieron charlar con ellos e incluso les dejaron montar en sus bonitas motos. <\/em><\/p>\n<div id=\"attachment_8098\" style=\"width: 570px\" class=\"wp-caption alignnone\"><a  href=\"http:\/\/www.mecerreyes.com\/mece\/wp-content\/uploads\/2013\/10\/III-Ruta-Motera-Virgen-del-Pilar-Mecerreyes-21-09-13-3.jpg\" class=\"thickbox no_icon\" title=\"III Ruta Motera Virgen del Pilar, Mecerreyes 21-09-13\"><img loading=\"lazy\" decoding=\"async\" aria-describedby=\"caption-attachment-8098\" class=\" wp-image-8098 \" alt=\"III Ruta Motera Virgen del Pilar, Mecerreyes 21-09-13\" src=\"http:\/\/www.mecerreyes.com\/mece\/wp-content\/uploads\/2013\/10\/III-Ruta-Motera-Virgen-del-Pilar-Mecerreyes-21-09-13-3.jpg\" width=\"560\" height=\"420\" srcset=\"https:\/\/www.mecerreyes.com\/mece\/wp-content\/uploads\/2013\/10\/III-Ruta-Motera-Virgen-del-Pilar-Mecerreyes-21-09-13-3.jpg 700w, https:\/\/www.mecerreyes.com\/mece\/wp-content\/uploads\/2013\/10\/III-Ruta-Motera-Virgen-del-Pilar-Mecerreyes-21-09-13-3-300x225.jpg 300w\" sizes=\"(max-width: 560px) 100vw, 560px\" \/><\/a><p id=\"caption-attachment-8098\" class=\"wp-caption-text\">III Ruta Motera Virgen del Pilar, Mecerreyes 21-09-13<\/p><\/div>\n<p style=\"text-align: justify\"><strong>\u00a0<\/strong><\/p>\n<h1><strong>Presentaci\u00f3n de Roberto<\/strong><\/h1>\n<p style=\"text-align: justify\">Aunque Miguel \u00c1ngel ya le hiciera entrega de la llave y otros ritos prescritos para el caso y con eso se considera que <strong>Roberto<\/strong> tom\u00f3 posesi\u00f3n, quiso presentarse oficialmente como p\u00e1rroco el domingo 22. Janete hizo de anfitri\u00f3n y le pregunt\u00f3 sobre la fidelidad a la Iglesia, el esp\u00edritu de servicio y el ejercicio del ministerio y se ley\u00f3 el nombramiento del Arzobispo. Quiso estar acompa\u00f1ado tambi\u00e9n por numerosos miembros del Camino Neocatecumenal, movimiento al que pertenece. Despu\u00e9s en el Sal\u00f3n de las Escuelas se tuvo un vino espa\u00f1ol para celebrar la incorporaci\u00f3n de Roberto a la <a  href=\"https:\/\/www.mecerreyes.com\/mece\/?page_id=35\">Parroquia<\/a>. Desde aqu\u00ed te deseamos una fruct\u00edfera etapa pastoral.<\/p>\n<div id=\"attachment_8099\" style=\"width: 860px\" class=\"wp-caption alignnone\"><a  href=\"http:\/\/www.mecerreyes.com\/mece\/wp-content\/uploads\/2013\/10\/Toma-posesi\u00f3n-Roberto-Santamaria.jpg\" class=\"thickbox no_icon\" title=\"Toma posesi\u00f3n Roberto Santamar\u00eda, Mecerreyes 22-09-13\"><img loading=\"lazy\" decoding=\"async\" aria-describedby=\"caption-attachment-8099\" class=\"size-full wp-image-8099\" alt=\"Toma posesi\u00f3n Roberto Santamar\u00eda, Mecerreyes 22-09-13\" src=\"http:\/\/www.mecerreyes.com\/mece\/wp-content\/uploads\/2013\/10\/Toma-posesi\u00f3n-Roberto-Santamaria.jpg\" width=\"850\" height=\"300\" srcset=\"https:\/\/www.mecerreyes.com\/mece\/wp-content\/uploads\/2013\/10\/Toma-posesi\u00f3n-Roberto-Santamaria.jpg 850w, https:\/\/www.mecerreyes.com\/mece\/wp-content\/uploads\/2013\/10\/Toma-posesi\u00f3n-Roberto-Santamaria-300x105.jpg 300w\" sizes=\"(max-width: 850px) 100vw, 850px\" \/><\/a><p id=\"caption-attachment-8099\" class=\"wp-caption-text\">Toma posesi\u00f3n Roberto Santamar\u00eda, Mecerreyes 22-09-13<\/p><\/div>\n<p>&nbsp;<\/p>\n<h1>\u00a0Fiesta de la Asociaci\u00f3n de Jubilados<\/h1>\n<p>&nbsp;<\/p>\n<div id=\"attachment_8137\" style=\"width: 729px\" class=\"wp-caption alignnone\"><a  href=\"http:\/\/www.mecerreyes.com\/mece\/wp-content\/uploads\/2013\/10\/San-Martin-2013.jpg\" class=\"thickbox no_icon\" title=\"Fiesta de la Asociaci\u00f3n de Jubilados San Mart\u00edn Guileto 2013\"><img loading=\"lazy\" decoding=\"async\" aria-describedby=\"caption-attachment-8137\" class=\"size-full wp-image-8137\" alt=\"Fiesta de la Asociaci\u00f3n de Jubilados San Mart\u00edn Guileto 2013\" src=\"http:\/\/www.mecerreyes.com\/mece\/wp-content\/uploads\/2013\/10\/San-Martin-2013.jpg\" width=\"719\" height=\"1000\" srcset=\"https:\/\/www.mecerreyes.com\/mece\/wp-content\/uploads\/2013\/10\/San-Martin-2013.jpg 719w, https:\/\/www.mecerreyes.com\/mece\/wp-content\/uploads\/2013\/10\/San-Martin-2013-215x300.jpg 215w\" sizes=\"(max-width: 719px) 100vw, 719px\" \/><\/a><p id=\"caption-attachment-8137\" class=\"wp-caption-text\">Fiesta de la Asociaci\u00f3n de Jubilados <a  href=\"https:\/\/www.mecerreyes.com\/mece\/?page_id=58\">San Mart\u00edn<\/a> Guileto 2013<\/p><\/div>\n<p>&nbsp;<\/p>\n<p>&nbsp;<\/p>\n\n\t\t<style type=\"text\/css\">\n\t\t\t#gallery-1 {\n\t\t\t\tmargin: auto;\n\t\t\t}\n\t\t\t#gallery-1 .gallery-item {\n\t\t\t\tfloat: left;\n\t\t\t\tmargin-top: 10px;\n\t\t\t\ttext-align: center;\n\t\t\t\twidth: 33%;\n\t\t\t}\n\t\t\t#gallery-1 img {\n\t\t\t\tborder: 2px solid #cfcfcf;\n\t\t\t}\n\t\t\t#gallery-1 .gallery-caption {\n\t\t\t\tmargin-left: 0;\n\t\t\t}\n\t\t\t\/* see gallery_shortcode() in wp-includes\/media.php *\/\n\t\t<\/style>\n\t\t<div id='gallery-1' class='gallery galleryid-7689 gallery-columns-3 gallery-size-thumbnail'><dl class='gallery-item'>\n\t\t\t<dt class='gallery-icon portrait'>\n\t\t\t\t<a  href=\"https:\/\/www.mecerreyes.com\/mece\/wp-content\/uploads\/2013\/10\/Vicente-Alonso1.jpg\" class=\"thickbox no_icon\" title=\"\"><img loading=\"lazy\" decoding=\"async\" width=\"150\" height=\"150\" src=\"https:\/\/www.mecerreyes.com\/mece\/wp-content\/uploads\/2013\/10\/Vicente-Alonso1-150x150.jpg\" class=\"attachment-thumbnail size-thumbnail\" alt=\"\" \/><\/a>\n\t\t\t<\/dt><\/dl><dl class='gallery-item'>\n\t\t\t<dt class='gallery-icon landscape'>\n\t\t\t\t<a  href=\"https:\/\/www.mecerreyes.com\/mece\/wp-content\/uploads\/2013\/10\/\u00d3scar-Murga-Santamar\u00eda1.jpg\" class=\"thickbox no_icon\" title=\"\"><img loading=\"lazy\" decoding=\"async\" width=\"150\" height=\"150\" src=\"https:\/\/www.mecerreyes.com\/mece\/wp-content\/uploads\/2013\/10\/\u00d3scar-Murga-Santamar\u00eda1-150x150.jpg\" class=\"attachment-thumbnail size-thumbnail\" alt=\"\" \/><\/a>\n\t\t\t<\/dt><\/dl><dl class='gallery-item'>\n\t\t\t<dt class='gallery-icon landscape'>\n\t\t\t\t<a  href=\"https:\/\/www.mecerreyes.com\/mece\/wp-content\/uploads\/2013\/10\/\u00d3scar-Murga-Santamar\u00eda-11.jpg\" class=\"thickbox no_icon\" title=\"\"><img loading=\"lazy\" decoding=\"async\" width=\"150\" height=\"150\" src=\"https:\/\/www.mecerreyes.com\/mece\/wp-content\/uploads\/2013\/10\/\u00d3scar-Murga-Santamar\u00eda-11-150x150.jpg\" class=\"attachment-thumbnail size-thumbnail\" alt=\"\" \/><\/a>\n\t\t\t<\/dt><\/dl><br style=\"clear: both\" \/><dl class='gallery-item'>\n\t\t\t<dt class='gallery-icon landscape'>\n\t\t\t\t<a  href=\"https:\/\/www.mecerreyes.com\/mece\/wp-content\/uploads\/2013\/10\/Bautizo-Gonzalo-Alonso-Galaz-Mecerreyes-1-09-13.jpg\" class=\"thickbox no_icon\" title=\"\"><img loading=\"lazy\" decoding=\"async\" width=\"150\" height=\"150\" src=\"https:\/\/www.mecerreyes.com\/mece\/wp-content\/uploads\/2013\/10\/Bautizo-Gonzalo-Alonso-Galaz-Mecerreyes-1-09-13-150x150.jpg\" class=\"attachment-thumbnail size-thumbnail\" alt=\"\" \/><\/a>\n\t\t\t<\/dt><\/dl><dl class='gallery-item'>\n\t\t\t<dt class='gallery-icon landscape'>\n\t\t\t\t<a  href=\"https:\/\/www.mecerreyes.com\/mece\/wp-content\/uploads\/2013\/10\/Bautizo-Gonzalo-Alonso-Galaz-Mecerreyes-1-09-13-1.jpg\" class=\"thickbox no_icon\" title=\"\"><img loading=\"lazy\" decoding=\"async\" width=\"150\" height=\"150\" src=\"https:\/\/www.mecerreyes.com\/mece\/wp-content\/uploads\/2013\/10\/Bautizo-Gonzalo-Alonso-Galaz-Mecerreyes-1-09-13-1-150x150.jpg\" class=\"attachment-thumbnail size-thumbnail\" alt=\"\" \/><\/a>\n\t\t\t<\/dt><\/dl><dl class='gallery-item'>\n\t\t\t<dt class='gallery-icon landscape'>\n\t\t\t\t<a  href=\"https:\/\/www.mecerreyes.com\/mece\/wp-content\/uploads\/2013\/10\/Bautizo-Gonzalo-Alonso-Galaz-Mecerreyes-1-09-13-2.jpg\" class=\"thickbox no_icon\" title=\"\"><img loading=\"lazy\" decoding=\"async\" width=\"150\" height=\"150\" src=\"https:\/\/www.mecerreyes.com\/mece\/wp-content\/uploads\/2013\/10\/Bautizo-Gonzalo-Alonso-Galaz-Mecerreyes-1-09-13-2-150x150.jpg\" class=\"attachment-thumbnail size-thumbnail\" alt=\"\" \/><\/a>\n\t\t\t<\/dt><\/dl><br style=\"clear: both\" \/><dl class='gallery-item'>\n\t\t\t<dt class='gallery-icon landscape'>\n\t\t\t\t<a  href=\"https:\/\/www.mecerreyes.com\/mece\/wp-content\/uploads\/2013\/10\/Bautizo-Gonzalo-Alonso-Galaz-Mecerreyes-1-09-13-3.jpg\" class=\"thickbox no_icon\" title=\"\"><img loading=\"lazy\" decoding=\"async\" width=\"150\" height=\"150\" src=\"https:\/\/www.mecerreyes.com\/mece\/wp-content\/uploads\/2013\/10\/Bautizo-Gonzalo-Alonso-Galaz-Mecerreyes-1-09-13-3-150x150.jpg\" class=\"attachment-thumbnail size-thumbnail\" alt=\"\" \/><\/a>\n\t\t\t<\/dt><\/dl><dl class='gallery-item'>\n\t\t\t<dt class='gallery-icon landscape'>\n\t\t\t\t<a  href=\"https:\/\/www.mecerreyes.com\/mece\/wp-content\/uploads\/2013\/10\/Bautizo-Gonzalo-Alonso-Galaz-Mecerreyes-1-09-13-4.jpg\" class=\"thickbox no_icon\" title=\"\"><img loading=\"lazy\" decoding=\"async\" width=\"150\" height=\"150\" src=\"https:\/\/www.mecerreyes.com\/mece\/wp-content\/uploads\/2013\/10\/Bautizo-Gonzalo-Alonso-Galaz-Mecerreyes-1-09-13-4-150x150.jpg\" class=\"attachment-thumbnail size-thumbnail\" alt=\"\" \/><\/a>\n\t\t\t<\/dt><\/dl><dl class='gallery-item'>\n\t\t\t<dt class='gallery-icon landscape'>\n\t\t\t\t<a  href=\"https:\/\/www.mecerreyes.com\/mece\/wp-content\/uploads\/2013\/10\/Bautizo-Gonzalo-Alonso-Galaz-Mecerreyes-1-09-13-5.jpg\" class=\"thickbox no_icon\" title=\"\"><img loading=\"lazy\" decoding=\"async\" width=\"150\" height=\"150\" src=\"https:\/\/www.mecerreyes.com\/mece\/wp-content\/uploads\/2013\/10\/Bautizo-Gonzalo-Alonso-Galaz-Mecerreyes-1-09-13-5-150x150.jpg\" class=\"attachment-thumbnail size-thumbnail\" alt=\"\" \/><\/a>\n\t\t\t<\/dt><\/dl><br style=\"clear: both\" \/><dl class='gallery-item'>\n\t\t\t<dt class='gallery-icon landscape'>\n\t\t\t\t<a  href=\"https:\/\/www.mecerreyes.com\/mece\/wp-content\/uploads\/2013\/10\/Romeria-Mamblas-8-09-13.jpg\" class=\"thickbox no_icon\" title=\"\"><img loading=\"lazy\" decoding=\"async\" width=\"150\" height=\"150\" src=\"https:\/\/www.mecerreyes.com\/mece\/wp-content\/uploads\/2013\/10\/Romeria-Mamblas-8-09-13-150x150.jpg\" class=\"attachment-thumbnail size-thumbnail\" alt=\"\" \/><\/a>\n\t\t\t<\/dt><\/dl><dl class='gallery-item'>\n\t\t\t<dt class='gallery-icon landscape'>\n\t\t\t\t<a  href=\"https:\/\/www.mecerreyes.com\/mece\/wp-content\/uploads\/2013\/10\/Romeria-Mamblas-8-09-13-1.jpg\" class=\"thickbox no_icon\" title=\"\"><img loading=\"lazy\" decoding=\"async\" width=\"150\" height=\"150\" src=\"https:\/\/www.mecerreyes.com\/mece\/wp-content\/uploads\/2013\/10\/Romeria-Mamblas-8-09-13-1-150x150.jpg\" class=\"attachment-thumbnail size-thumbnail\" alt=\"\" \/><\/a>\n\t\t\t<\/dt><\/dl><dl class='gallery-item'>\n\t\t\t<dt class='gallery-icon landscape'>\n\t\t\t\t<a  href=\"https:\/\/www.mecerreyes.com\/mece\/wp-content\/uploads\/2013\/10\/Romeria-Mamblas-8-09-13-2.jpg\" class=\"thickbox no_icon\" title=\"\"><img loading=\"lazy\" decoding=\"async\" width=\"150\" height=\"150\" src=\"https:\/\/www.mecerreyes.com\/mece\/wp-content\/uploads\/2013\/10\/Romeria-Mamblas-8-09-13-2-150x150.jpg\" class=\"attachment-thumbnail size-thumbnail\" alt=\"\" \/><\/a>\n\t\t\t<\/dt><\/dl><br style=\"clear: both\" \/><dl class='gallery-item'>\n\t\t\t<dt class='gallery-icon landscape'>\n\t\t\t\t<a  href=\"https:\/\/www.mecerreyes.com\/mece\/wp-content\/uploads\/2013\/10\/III-Ruta-Motera-Virgen-del-Pilar-Mecerreyes-21-09-13.jpg\" class=\"thickbox no_icon\" title=\"\"><img loading=\"lazy\" decoding=\"async\" width=\"150\" height=\"150\" src=\"https:\/\/www.mecerreyes.com\/mece\/wp-content\/uploads\/2013\/10\/III-Ruta-Motera-Virgen-del-Pilar-Mecerreyes-21-09-13-150x150.jpg\" class=\"attachment-thumbnail size-thumbnail\" alt=\"\" \/><\/a>\n\t\t\t<\/dt><\/dl><dl class='gallery-item'>\n\t\t\t<dt class='gallery-icon landscape'>\n\t\t\t\t<a  href=\"https:\/\/www.mecerreyes.com\/mece\/wp-content\/uploads\/2013\/10\/III-Ruta-Motera-Virgen-del-Pilar-Mecerreyes-21-09-13-1.jpg\" class=\"thickbox no_icon\" title=\"\"><img loading=\"lazy\" decoding=\"async\" width=\"150\" height=\"150\" src=\"https:\/\/www.mecerreyes.com\/mece\/wp-content\/uploads\/2013\/10\/III-Ruta-Motera-Virgen-del-Pilar-Mecerreyes-21-09-13-1-150x150.jpg\" class=\"attachment-thumbnail size-thumbnail\" alt=\"\" \/><\/a>\n\t\t\t<\/dt><\/dl><dl class='gallery-item'>\n\t\t\t<dt class='gallery-icon landscape'>\n\t\t\t\t<a  href=\"https:\/\/www.mecerreyes.com\/mece\/wp-content\/uploads\/2013\/10\/III-Ruta-Motera-Virgen-del-Pilar-Mecerreyes-21-09-13-2.jpg\" class=\"thickbox no_icon\" title=\"\"><img loading=\"lazy\" decoding=\"async\" width=\"150\" height=\"150\" src=\"https:\/\/www.mecerreyes.com\/mece\/wp-content\/uploads\/2013\/10\/III-Ruta-Motera-Virgen-del-Pilar-Mecerreyes-21-09-13-2-150x150.jpg\" class=\"attachment-thumbnail size-thumbnail\" alt=\"\" \/><\/a>\n\t\t\t<\/dt><\/dl><br style=\"clear: both\" \/><dl class='gallery-item'>\n\t\t\t<dt class='gallery-icon landscape'>\n\t\t\t\t<a  href=\"https:\/\/www.mecerreyes.com\/mece\/wp-content\/uploads\/2013\/10\/III-Ruta-Motera-Virgen-del-Pilar-Mecerreyes-21-09-13-31.jpg\" class=\"thickbox no_icon\" title=\"\"><img loading=\"lazy\" decoding=\"async\" width=\"150\" height=\"150\" src=\"https:\/\/www.mecerreyes.com\/mece\/wp-content\/uploads\/2013\/10\/III-Ruta-Motera-Virgen-del-Pilar-Mecerreyes-21-09-13-31-150x150.jpg\" class=\"attachment-thumbnail size-thumbnail\" alt=\"\" \/><\/a>\n\t\t\t<\/dt><\/dl><dl class='gallery-item'>\n\t\t\t<dt class='gallery-icon portrait'>\n\t\t\t\t<a  href=\"https:\/\/www.mecerreyes.com\/mece\/wp-content\/uploads\/2013\/10\/III-Ruta-Motera-Virgen-del-Pilar-Mecerreyes-21-09-13-41.jpg\" class=\"thickbox no_icon\" title=\"\"><img loading=\"lazy\" decoding=\"async\" width=\"150\" height=\"150\" src=\"https:\/\/www.mecerreyes.com\/mece\/wp-content\/uploads\/2013\/10\/III-Ruta-Motera-Virgen-del-Pilar-Mecerreyes-21-09-13-41-150x150.jpg\" class=\"attachment-thumbnail size-thumbnail\" alt=\"\" \/><\/a>\n\t\t\t<\/dt><\/dl><dl class='gallery-item'>\n\t\t\t<dt class='gallery-icon landscape'>\n\t\t\t\t<a  href=\"https:\/\/www.mecerreyes.com\/mece\/wp-content\/uploads\/2013\/10\/III-Ruta-Motera-Virgen-del-Pilar-Mecerreyes-21-09-13-5.jpg\" class=\"thickbox no_icon\" title=\"\"><img loading=\"lazy\" decoding=\"async\" width=\"150\" height=\"150\" src=\"https:\/\/www.mecerreyes.com\/mece\/wp-content\/uploads\/2013\/10\/III-Ruta-Motera-Virgen-del-Pilar-Mecerreyes-21-09-13-5-150x150.jpg\" class=\"attachment-thumbnail size-thumbnail\" alt=\"\" \/><\/a>\n\t\t\t<\/dt><\/dl><br style=\"clear: both\" \/><dl class='gallery-item'>\n\t\t\t<dt class='gallery-icon landscape'>\n\t\t\t\t<a  href=\"https:\/\/www.mecerreyes.com\/mece\/wp-content\/uploads\/2013\/10\/III-Ruta-Motera-Virgen-del-Pilar-Mecerreyes-21-09-13-6.jpg\" class=\"thickbox no_icon\" title=\"\"><img loading=\"lazy\" decoding=\"async\" width=\"150\" height=\"150\" src=\"https:\/\/www.mecerreyes.com\/mece\/wp-content\/uploads\/2013\/10\/III-Ruta-Motera-Virgen-del-Pilar-Mecerreyes-21-09-13-6-150x150.jpg\" class=\"attachment-thumbnail size-thumbnail\" alt=\"\" \/><\/a>\n\t\t\t<\/dt><\/dl><dl class='gallery-item'>\n\t\t\t<dt class='gallery-icon landscape'>\n\t\t\t\t<a  href=\"https:\/\/www.mecerreyes.com\/mece\/wp-content\/uploads\/2013\/10\/III-Ruta-Motera-Virgen-del-Pilar-Mecerreyes-21-09-13-7.jpg\" class=\"thickbox no_icon\" title=\"\"><img loading=\"lazy\" decoding=\"async\" width=\"150\" height=\"150\" src=\"https:\/\/www.mecerreyes.com\/mece\/wp-content\/uploads\/2013\/10\/III-Ruta-Motera-Virgen-del-Pilar-Mecerreyes-21-09-13-7-150x150.jpg\" class=\"attachment-thumbnail size-thumbnail\" alt=\"\" \/><\/a>\n\t\t\t<\/dt><\/dl><dl class='gallery-item'>\n\t\t\t<dt class='gallery-icon landscape'>\n\t\t\t\t<a  href=\"https:\/\/www.mecerreyes.com\/mece\/wp-content\/uploads\/2013\/10\/Toma-de-posesi\u00f3n-Roberto-Alonso-22-09-13-Mecerreyes.jpg\" class=\"thickbox no_icon\" title=\"\"><img loading=\"lazy\" decoding=\"async\" width=\"150\" height=\"150\" src=\"https:\/\/www.mecerreyes.com\/mece\/wp-content\/uploads\/2013\/10\/Toma-de-posesi\u00f3n-Roberto-Alonso-22-09-13-Mecerreyes-150x150.jpg\" class=\"attachment-thumbnail size-thumbnail\" alt=\"\" \/><\/a>\n\t\t\t<\/dt><\/dl><br style=\"clear: both\" \/><dl class='gallery-item'>\n\t\t\t<dt class='gallery-icon landscape'>\n\t\t\t\t<a  href=\"https:\/\/www.mecerreyes.com\/mece\/wp-content\/uploads\/2013\/10\/Toma-de-posesi\u00f3n-Roberto-Alonso-22-09-13-Mecerreyes-1.jpg\" class=\"thickbox no_icon\" title=\"\"><img loading=\"lazy\" decoding=\"async\" width=\"150\" height=\"150\" src=\"https:\/\/www.mecerreyes.com\/mece\/wp-content\/uploads\/2013\/10\/Toma-de-posesi\u00f3n-Roberto-Alonso-22-09-13-Mecerreyes-1-150x150.jpg\" class=\"attachment-thumbnail size-thumbnail\" alt=\"\" \/><\/a>\n\t\t\t<\/dt><\/dl><dl class='gallery-item'>\n\t\t\t<dt class='gallery-icon landscape'>\n\t\t\t\t<a  href=\"https:\/\/www.mecerreyes.com\/mece\/wp-content\/uploads\/2013\/10\/Toma-de-posesi\u00f3n-Roberto-Alonso-22-09-13-Mecerreyes-2.jpg\" class=\"thickbox no_icon\" title=\"\"><img loading=\"lazy\" decoding=\"async\" width=\"150\" height=\"150\" src=\"https:\/\/www.mecerreyes.com\/mece\/wp-content\/uploads\/2013\/10\/Toma-de-posesi\u00f3n-Roberto-Alonso-22-09-13-Mecerreyes-2-150x150.jpg\" class=\"attachment-thumbnail size-thumbnail\" alt=\"\" \/><\/a>\n\t\t\t<\/dt><\/dl><dl class='gallery-item'>\n\t\t\t<dt class='gallery-icon landscape'>\n\t\t\t\t<a  href=\"https:\/\/www.mecerreyes.com\/mece\/wp-content\/uploads\/2013\/10\/Toma-de-posesi\u00f3n-Roberto-Alonso-22-09-13-Mecerreyes-3.jpg\" class=\"thickbox no_icon\" title=\"\"><img loading=\"lazy\" decoding=\"async\" width=\"150\" height=\"150\" src=\"https:\/\/www.mecerreyes.com\/mece\/wp-content\/uploads\/2013\/10\/Toma-de-posesi\u00f3n-Roberto-Alonso-22-09-13-Mecerreyes-3-150x150.jpg\" class=\"attachment-thumbnail size-thumbnail\" alt=\"\" \/><\/a>\n\t\t\t<\/dt><\/dl><br style=\"clear: both\" \/><dl class='gallery-item'>\n\t\t\t<dt class='gallery-icon landscape'>\n\t\t\t\t<a  href=\"https:\/\/www.mecerreyes.com\/mece\/wp-content\/uploads\/2013\/10\/Toma-de-posesi\u00f3n-Roberto-Alonso-22-09-13-Mecerreyes-4.jpg\" class=\"thickbox no_icon\" title=\"\"><img loading=\"lazy\" decoding=\"async\" width=\"150\" height=\"150\" src=\"https:\/\/www.mecerreyes.com\/mece\/wp-content\/uploads\/2013\/10\/Toma-de-posesi\u00f3n-Roberto-Alonso-22-09-13-Mecerreyes-4-150x150.jpg\" class=\"attachment-thumbnail size-thumbnail\" alt=\"\" \/><\/a>\n\t\t\t<\/dt><\/dl><dl class='gallery-item'>\n\t\t\t<dt class='gallery-icon landscape'>\n\t\t\t\t<a  href=\"https:\/\/www.mecerreyes.com\/mece\/wp-content\/uploads\/2013\/10\/Toma-de-posesi\u00f3n-Roberto-Alonso-22-09-13-Mecerreyes-5.jpg\" class=\"thickbox no_icon\" title=\"\"><img loading=\"lazy\" decoding=\"async\" width=\"150\" height=\"150\" src=\"https:\/\/www.mecerreyes.com\/mece\/wp-content\/uploads\/2013\/10\/Toma-de-posesi\u00f3n-Roberto-Alonso-22-09-13-Mecerreyes-5-150x150.jpg\" class=\"attachment-thumbnail size-thumbnail\" alt=\"\" \/><\/a>\n\t\t\t<\/dt><\/dl><dl class='gallery-item'>\n\t\t\t<dt class='gallery-icon landscape'>\n\t\t\t\t<a  href=\"https:\/\/www.mecerreyes.com\/mece\/wp-content\/uploads\/2013\/10\/Toma-de-posesi\u00f3n-Roberto-Alonso-22-09-13-Mecerreyes-6.jpg\" class=\"thickbox no_icon\" title=\"\"><img loading=\"lazy\" decoding=\"async\" width=\"150\" height=\"150\" src=\"https:\/\/www.mecerreyes.com\/mece\/wp-content\/uploads\/2013\/10\/Toma-de-posesi\u00f3n-Roberto-Alonso-22-09-13-Mecerreyes-6-150x150.jpg\" class=\"attachment-thumbnail size-thumbnail\" alt=\"\" \/><\/a>\n\t\t\t<\/dt><\/dl><br style=\"clear: both\" \/><dl class='gallery-item'>\n\t\t\t<dt class='gallery-icon landscape'>\n\t\t\t\t<a  href=\"https:\/\/www.mecerreyes.com\/mece\/wp-content\/uploads\/2013\/10\/Imagenes-Septiembre-20131.jpg\" class=\"thickbox no_icon\" title=\"\"><img loading=\"lazy\" decoding=\"async\" width=\"150\" height=\"150\" src=\"https:\/\/www.mecerreyes.com\/mece\/wp-content\/uploads\/2013\/10\/Imagenes-Septiembre-20131-150x150.jpg\" class=\"attachment-thumbnail size-thumbnail\" alt=\"\" \/><\/a>\n\t\t\t<\/dt><\/dl>\n\t\t\t<br style='clear: both' \/>\n\t\t<\/div>\n\n<p>&nbsp;<\/p>","protected":false},"excerpt":{"rendered":"<p>Este mes de septiembre viene marcado por la marcha de cantidad de personas, incluido nuestro p\u00e1rroco; estamos acostumbrados a que suceda esto todos los a\u00f1os, pero con lo alegre que estaba el pueblo con tanta gente\u2026, volver a acostumbrarse a la falta de ni\u00f1os, a la soledad de las calles\u2026, cuesta. Menos mal que el [&hellip;]<\/p>\n","protected":false},"author":5,"featured_media":0,"comment_status":"open","ping_status":"closed","sticky":false,"template":"","format":"standard","meta":{"_et_pb_use_builder":"","_et_pb_old_content":"","_et_gb_content_width":"","footnotes":""},"categories":[1],"tags":[21,30],"class_list":["post-7689","post","type-post","status-publish","format-standard","hentry","category-general","tag-guiletos","tag-san-martin","et-doesnt-have-format-content","et_post_format-et-post-format-standard"],"_links":{"self":[{"href":"https:\/\/www.mecerreyes.com\/mece\/index.php?rest_route=\/wp\/v2\/posts\/7689"}],"collection":[{"href":"https:\/\/www.mecerreyes.com\/mece\/index.php?rest_route=\/wp\/v2\/posts"}],"about":[{"href":"https:\/\/www.mecerreyes.com\/mece\/index.php?rest_route=\/wp\/v2\/types\/post"}],"author":[{"embeddable":true,"href":"https:\/\/www.mecerreyes.com\/mece\/index.php?rest_route=\/wp\/v2\/users\/5"}],"replies":[{"embeddable":true,"href":"https:\/\/www.mecerreyes.com\/mece\/index.php?rest_route=%2Fwp%2Fv2%2Fcomments&post=7689"}],"version-history":[{"count":0,"href":"https:\/\/www.mecerreyes.com\/mece\/index.php?rest_route=\/wp\/v2\/posts\/7689\/revisions"}],"wp:attachment":[{"href":"https:\/\/www.mecerreyes.com\/mece\/index.php?rest_route=%2Fwp%2Fv2%2Fmedia&parent=7689"}],"wp:term":[{"taxonomy":"category","embeddable":true,"href":"https:\/\/www.mecerreyes.com\/mece\/index.php?rest_route=%2Fwp%2Fv2%2Fcategories&post=7689"},{"taxonomy":"post_tag","embeddable":true,"href":"https:\/\/www.mecerreyes.com\/mece\/index.php?rest_route=%2Fwp%2Fv2%2Ftags&post=7689"}],"curies":[{"name":"wp","href":"https:\/\/api.w.org\/{rel}","templated":true}]}}