{"id":8145,"date":"2013-11-05T00:22:28","date_gmt":"2013-11-04T23:22:28","guid":{"rendered":"http:\/\/www.mecerreyes.com\/mece\/?p=8145"},"modified":"2013-11-25T01:56:02","modified_gmt":"2013-11-25T00:56:02","slug":"pueblo-ejemplar-2013","status":"publish","type":"post","link":"https:\/\/www.mecerreyes.com\/mece\/?p=8145","title":{"rendered":"Pueblo ejemplar 2013"},"content":{"rendered":"<h2 style=\"text-align: justify\">\u2026.\u00a0 hay que votar a MECERREYES\u00a0 \u00a1\u00a1\u00a1\u00a1<\/h2>\n<h2><span style=\"text-decoration: underline;color: #ff0000\">Ya puedes ver el programa emitido sobre Mecerreyes por La 8 Burgos de CyLTV el 18 de noviembre de 2013 pinchando sobre este enlace:<\/span><\/h2>\n<h2><a  href=\"http:\/\/www.youtube.com\/watch?v=xm2JR1upDG0\" target=\"_blank\">Programa de La 8 Burgos de CyLTV emitido el 18-11-2013\u00a0<\/a><\/h2>\n<p style=\"text-align: justify\"><em><span style=\"color: #0000ff\">Si. Hay que votar a Mecerreyes; de momento, nuestro pueblo est\u00e1 nominado a ser <strong>PUEBLO EJEMPLAR DE 2013<\/strong>, junto a Lerma y Briviesca, eso ya nos agrada y es motivo para\u00a0sentirnos orgullosos. Ahora tenemos que hacer un \u00faltimo esfuerzo y votar a Mecerreyes, ya que\u00a0los <strong>Premios La 8 Burgos<\/strong> son tambi\u00e9n concedidos por los ciudadanos a trav\u00e9s de sus votaciones, no dejes de dar tu voto\u00a0en esta direcci\u00f3n (es muy sencillo, marcas Mecerreyes y pulsas sobre VOTAR):<\/span><\/em><\/p>\n<h2><a  href=\"http:\/\/premios.rtvcyl.es\/\" target=\"_blank\">http:\/\/premios.rtvcyl.es\/<\/a><\/h2>\n<p>&nbsp;<\/p>\n<div id=\"attachment_8149\" style=\"width: 528px\" class=\"wp-caption alignnone\"><a  href=\"http:\/\/www.mecerreyes.com\/mece\/wp-content\/uploads\/2013\/11\/Pueblo-ejemplar-2013-Mecerreyes-3.jpg\" class=\"thickbox no_icon\" title=\"Pueblo ejemplar 2013: Mecerreyes\"><img loading=\"lazy\" decoding=\"async\" aria-describedby=\"caption-attachment-8149\" class=\" wp-image-8149  \" alt=\"Pueblo ejemplar 2013: Mecerreyes\" src=\"http:\/\/www.mecerreyes.com\/mece\/wp-content\/uploads\/2013\/11\/Pueblo-ejemplar-2013-Mecerreyes-3.jpg\" width=\"518\" height=\"850\" srcset=\"https:\/\/www.mecerreyes.com\/mece\/wp-content\/uploads\/2013\/11\/Pueblo-ejemplar-2013-Mecerreyes-3.jpg 959w, https:\/\/www.mecerreyes.com\/mece\/wp-content\/uploads\/2013\/11\/Pueblo-ejemplar-2013-Mecerreyes-3-182x300.jpg 182w, https:\/\/www.mecerreyes.com\/mece\/wp-content\/uploads\/2013\/11\/Pueblo-ejemplar-2013-Mecerreyes-3-624x1024.jpg 624w\" sizes=\"(max-width: 518px) 100vw, 518px\" \/><\/a><p id=\"caption-attachment-8149\" class=\"wp-caption-text\">Pueblo ejemplar 2013: Mecerreyes<\/p><\/div>\n<p><em><span style=\"color: #0000ff\">Radio Televisi\u00f3n de Castilla y Le\u00f3n as\u00ed lo explica:<\/span><\/em><\/p>\n<p style=\"text-align: justify\">La 8 Burgos de CyLTV se viste de gala un a\u00f1o m\u00e1s para celebrar la ceremonia de entrega de los premios que llevan su nombre y con los que por quinto a\u00f1o consecutivo distingue la trayectoria profesional y personal de burgaleses diez. La edici\u00f3n 2013 otorgar\u00e1 el reconocimiento en las categor\u00edas de valores deportivos, humanos, culturales, empresariales y pueblo ejemplar.<\/p>\n<p style=\"text-align: justify\">Cinco modalidades para cinco galardonados, distinguidos tambi\u00e9n por la sociedad burgalesa. Y es que, los Premios La 8 Burgos son tambi\u00e9n concedidos por los ciudadanos a trav\u00e9s de sus votaciones, previa selecci\u00f3n realizada por la cadena.<\/p>\n<p style=\"text-align: justify\">El F\u00d3RUM EVOLUCI\u00d3N de Burgos acoger\u00e1 por segunda vez la ceremonia en la que se desvelar\u00e1n los cinco galardonados y en la que se dar\u00e1n cita representantes de las principales instituciones de la ciudad, provincia y regi\u00f3n, as\u00ed como protagonistas de la vida cultural, empresarial, art\u00edstica y social burgalesa. As\u00ed tambi\u00e9n actuaciones musicales y otras sorpresas&#8230;<\/p>\n<p style=\"text-align: justify\">Como cada a\u00f1o, la cadena compartir\u00e1 la gala con sus espectadores, ofreciendo la ceremonia \u00edntegramente.<\/p>\n<div id=\"attachment_8155\" style=\"width: 710px\" class=\"wp-caption alignnone\"><a  href=\"http:\/\/www.mecerreyes.com\/mece\/wp-content\/uploads\/2013\/11\/Pueblo-ejemplar-2013-Mecerreyes-p.jpg\" class=\"thickbox no_icon\" title=\"Pueblo ejemplar 2013 Mecerreyes\"><img loading=\"lazy\" decoding=\"async\" aria-describedby=\"caption-attachment-8155\" class=\"size-full wp-image-8155\" alt=\"Pueblo ejemplar 2013 Mecerreyes\" src=\"http:\/\/www.mecerreyes.com\/mece\/wp-content\/uploads\/2013\/11\/Pueblo-ejemplar-2013-Mecerreyes-p.jpg\" width=\"700\" height=\"989\" srcset=\"https:\/\/www.mecerreyes.com\/mece\/wp-content\/uploads\/2013\/11\/Pueblo-ejemplar-2013-Mecerreyes-p.jpg 700w, https:\/\/www.mecerreyes.com\/mece\/wp-content\/uploads\/2013\/11\/Pueblo-ejemplar-2013-Mecerreyes-p-212x300.jpg 212w\" sizes=\"(max-width: 700px) 100vw, 700px\" \/><\/a><p id=\"caption-attachment-8155\" class=\"wp-caption-text\">Pueblo ejemplar 2013 Mecerreyes<\/p><\/div>\n<p>&nbsp;<\/p>\n<p>&nbsp;<\/p>\n<div id=\"attachment_8160\" style=\"width: 806px\" class=\"wp-caption alignnone\"><a  href=\"http:\/\/www.mecerreyes.com\/mece\/wp-content\/uploads\/2013\/11\/Imagenes-Pueblo-ejemplar-2013.jpg\" class=\"thickbox no_icon\" title=\"Mecerreyes, Pueblo Ejemplar 2013\"><img loading=\"lazy\" decoding=\"async\" aria-describedby=\"caption-attachment-8160\" class=\"size-full wp-image-8160\" alt=\"Mecerreyes, Pueblo Ejemplar 2013\" src=\"http:\/\/www.mecerreyes.com\/mece\/wp-content\/uploads\/2013\/11\/Imagenes-Pueblo-ejemplar-2013.jpg\" width=\"796\" height=\"250\" srcset=\"https:\/\/www.mecerreyes.com\/mece\/wp-content\/uploads\/2013\/11\/Imagenes-Pueblo-ejemplar-2013.jpg 796w, https:\/\/www.mecerreyes.com\/mece\/wp-content\/uploads\/2013\/11\/Imagenes-Pueblo-ejemplar-2013-300x94.jpg 300w\" sizes=\"(max-width: 796px) 100vw, 796px\" \/><\/a><p id=\"caption-attachment-8160\" class=\"wp-caption-text\">Mecerreyes, Pueblo Ejemplar 2013<\/p><\/div>","protected":false},"excerpt":{"rendered":"<p>\u2026.\u00a0 hay que votar a MECERREYES\u00a0 \u00a1\u00a1\u00a1\u00a1 Ya puedes ver el programa emitido sobre Mecerreyes por La 8 Burgos de CyLTV el 18 de noviembre de 2013 pinchando sobre este enlace: Programa de La 8 Burgos de CyLTV emitido el 18-11-2013\u00a0 Si. Hay que votar a Mecerreyes; de momento, nuestro pueblo est\u00e1 nominado a ser [&hellip;]<\/p>\n","protected":false},"author":5,"featured_media":0,"comment_status":"open","ping_status":"closed","sticky":false,"template":"","format":"standard","meta":{"_et_pb_use_builder":"","_et_pb_old_content":"","_et_gb_content_width":"","footnotes":""},"categories":[1],"tags":[21],"class_list":["post-8145","post","type-post","status-publish","format-standard","hentry","category-general","tag-guiletos","et-doesnt-have-format-content","et_post_format-et-post-format-standard"],"_links":{"self":[{"href":"https:\/\/www.mecerreyes.com\/mece\/index.php?rest_route=\/wp\/v2\/posts\/8145"}],"collection":[{"href":"https:\/\/www.mecerreyes.com\/mece\/index.php?rest_route=\/wp\/v2\/posts"}],"about":[{"href":"https:\/\/www.mecerreyes.com\/mece\/index.php?rest_route=\/wp\/v2\/types\/post"}],"author":[{"embeddable":true,"href":"https:\/\/www.mecerreyes.com\/mece\/index.php?rest_route=\/wp\/v2\/users\/5"}],"replies":[{"embeddable":true,"href":"https:\/\/www.mecerreyes.com\/mece\/index.php?rest_route=%2Fwp%2Fv2%2Fcomments&post=8145"}],"version-history":[{"count":0,"href":"https:\/\/www.mecerreyes.com\/mece\/index.php?rest_route=\/wp\/v2\/posts\/8145\/revisions"}],"wp:attachment":[{"href":"https:\/\/www.mecerreyes.com\/mece\/index.php?rest_route=%2Fwp%2Fv2%2Fmedia&parent=8145"}],"wp:term":[{"taxonomy":"category","embeddable":true,"href":"https:\/\/www.mecerreyes.com\/mece\/index.php?rest_route=%2Fwp%2Fv2%2Fcategories&post=8145"},{"taxonomy":"post_tag","embeddable":true,"href":"https:\/\/www.mecerreyes.com\/mece\/index.php?rest_route=%2Fwp%2Fv2%2Ftags&post=8145"}],"curies":[{"name":"wp","href":"https:\/\/api.w.org\/{rel}","templated":true}]}}