{"id":8394,"date":"2014-01-10T23:55:00","date_gmt":"2014-01-10T22:55:00","guid":{"rendered":"http:\/\/www.mecerreyes.com\/mece\/?p=8394"},"modified":"2014-01-15T19:47:05","modified_gmt":"2014-01-15T18:47:05","slug":"noticias-diciembre-2013","status":"publish","type":"post","link":"https:\/\/www.mecerreyes.com\/mece\/?p=8394","title":{"rendered":"Noticias Diciembre 2013"},"content":{"rendered":"<p style=\"text-align: justify\"><strong>Con las noticias de diciembre nos despedimos del 2013. Diciembre, como siempre, huele a familia, a <a  href=\"https:\/\/www.mecerreyes.com\/mece\/?page_id=62\">Navidad<\/a>, Bel\u00e9n, regalos, encuentros\u2026 Todo es importante para despedir a un a\u00f1o que se nos va y recibir, como se debe, al A\u00f1o que llama a las puertas y que, seguro, va a ser mejor. Al menos es lo que con tanto cari\u00f1o nos deseamos unos a otros estos d\u00edas: \u00a1FELIZ Y PR\u00d3SPERO A\u00d1O NUEVO!<\/strong><\/p>\n<p style=\"text-align: justify\"><strong>En este tiempo deciros que Mecerreyes ha sido protagonista por muchas cosas. No nos han dado el t\u00edtulo de pueblo ejemplar. Como bien dec\u00eda una de las cartas: <i>\u201cDeseo que Goliat no se nos coma a David, y que Mecerreyes consiga el premio \u201cPueblo ejemplar\u201d, pero lo cierto es que lo gane o no, siempre ser\u00e1 un pueblo ejemplar en todos los sentidos\u201d<\/i>. La realidad es que Goliath se ha comido a David. As\u00ed es la vida, pero nadie nos podr\u00e1 quitar el orgullo que hemos sentido de ser de Mecerreyes y estar ah\u00ed. \u00a1Gracias a todos por representar lo mejor del ser humano: la acogida, el encuentro, la humanidad, la solidaridad\u2026! \u00a1Que en el Nuevo A\u00f1o sigamos siendo merecedores de pueblo ejemplar! No importa que nos lo reconozcan o no, lo importante es que nosotros sintamos que en Mecerreyes da gusto vivir y nos sentimos bien.<\/strong><\/p>\n<p style=\"text-align: justify\"><strong>Y decimos adi\u00f3s a diciembre y al a\u00f1o 2013, con estas noticias:<\/strong><\/p>\n<h1 style=\"text-align: justify\"><b>* BODAS DE ORO<\/b><\/h1>\n<p style=\"text-align: justify\">El pasado 30 de noviembre, a las 12:00 horas de una ma\u00f1ana fr\u00eda, pero sin nieve, como en 1963, <strong>Fortuna y Floren<\/strong> celebraron sus Bodas de Oro con familiares y amigos del pueblo.<\/p>\n<p style=\"text-align: justify\">El aniversario se inici\u00f3 con la Eucarist\u00eda de <a  href=\"https:\/\/www.mecerreyes.com\/mece\/?page_id=60\">Acci\u00f3n de Gracias<\/a> animada por miembros de la familia (Alba, V\u00edctor, Roberto, Jos\u00e9 Antonio, Alicia, Javier y Teresa). En dicha celebraci\u00f3n renovaron su compromiso matrimonial.<\/p>\n<p style=\"text-align: justify\">En la fiesta, que se prolong\u00f3 hasta el anochecer, se comparti\u00f3 con la familia, y se hizo con la sencillez que Floren y Fortuna quisieron para recordar y agradecer el proyecto de vida en com\u00fan que hace 50 a\u00f1os iniciaron.<\/p>\n<p style=\"text-align: justify\">Nuestra m\u00e1s sincera felicitaci\u00f3n y el deseo de que sigan siendo muy felices.<\/p>\n<div id=\"attachment_8407\" style=\"width: 501px\" class=\"wp-caption alignnone\"><a  href=\"http:\/\/www.mecerreyes.com\/mece\/wp-content\/uploads\/2014\/01\/Boda-de-Floren-y-Fortuna.jpg\" class=\"thickbox no_icon\" title=\"Boda de Floren y Fortuna\"><img loading=\"lazy\" decoding=\"async\" aria-describedby=\"caption-attachment-8407\" class=\" wp-image-8407  \" alt=\"Boda de Floren y Fortuna\" src=\"http:\/\/www.mecerreyes.com\/mece\/wp-content\/uploads\/2014\/01\/Boda-de-Floren-y-Fortuna-1024x674.jpg\" width=\"491\" height=\"323\" srcset=\"https:\/\/www.mecerreyes.com\/mece\/wp-content\/uploads\/2014\/01\/Boda-de-Floren-y-Fortuna-1024x674.jpg 1024w, https:\/\/www.mecerreyes.com\/mece\/wp-content\/uploads\/2014\/01\/Boda-de-Floren-y-Fortuna-300x197.jpg 300w, https:\/\/www.mecerreyes.com\/mece\/wp-content\/uploads\/2014\/01\/Boda-de-Floren-y-Fortuna.jpg 1065w\" sizes=\"(max-width: 491px) 100vw, 491px\" \/><\/a><p id=\"caption-attachment-8407\" class=\"wp-caption-text\">Boda de Floren y Fortuna. 1963<\/p><\/div>\n<p style=\"text-align: justify\">A continuaci\u00f3n transcribimos algunas de las palabras que su hija Teresa les dedic\u00f3 al finalizar la homil\u00eda:<\/p>\n<p style=\"text-align: justify\"><b><i>\u201cFortuna y Floren, sois de una generaci\u00f3n irrepetible. De j\u00f3venes trabajasteis para vuestros padres y de casados para los hijos. Comprabais las cosas cuando se pod\u00eda, no ped\u00edais prestado y ahorrabais poco a poco por si pasaba algo. <\/i><\/b><\/p>\n<p style=\"text-align: justify\"><b><i>Vidas de 75 a\u00f1os, 50 de ellos de casados, vida de luchas, esfuerzos y sacrificios. Vida de honradez, austeridad, previsi\u00f3n y generosidad. Vida de sensatez, prudencia y trabajo. Vida de familia, disfrutando de un paseo, un juego de cartas o una merienda familiar en la bodega.<\/i><\/b><\/p>\n<p style=\"text-align: justify\"><b><i>Sab\u00edais que el esfuerzo ten\u00eda recompensa y la honradez formaba parte del patrimonio de la familia. Se pod\u00eda ser pobre, pero nunca, nunca, dejar de ser honrado.<\/i><\/b><\/p>\n<p style=\"text-align: justify\"><b><i>Impregnando vuestra manera de ser junto con una generaci\u00f3n que creci\u00f3 y vivi\u00f3 aprendiendo a\u00a0 arreglar las cosas cuando se estropeaban y no a tirarlas o cambiarlas por otras nuevas\u2026<\/i><\/b><\/p>\n<p style=\"text-align: justify\"><b><i>\u00a1Gracias por vuestro legado!\u201d<\/i><\/b><\/p>\n<div id=\"attachment_8409\" style=\"width: 727px\" class=\"wp-caption alignnone\"><a  href=\"http:\/\/www.mecerreyes.com\/mece\/wp-content\/uploads\/2014\/01\/Boda-de-Oro-Floren-y-Fortuna-Mecerreyes-30-11-2013-b.jpg\" class=\"thickbox no_icon\" title=\"Boda de Oro Floren y Fortuna, Mecerreyes 30-11-2013, b\"><img loading=\"lazy\" decoding=\"async\" aria-describedby=\"caption-attachment-8409\" class=\" wp-image-8409\" alt=\"Boda de Oro Floren y Fortuna, Mecerreyes 30-11-2013, b\" src=\"http:\/\/www.mecerreyes.com\/mece\/wp-content\/uploads\/2014\/01\/Boda-de-Oro-Floren-y-Fortuna-Mecerreyes-30-11-2013-b-1024x680.jpg\" width=\"717\" height=\"476\" srcset=\"https:\/\/www.mecerreyes.com\/mece\/wp-content\/uploads\/2014\/01\/Boda-de-Oro-Floren-y-Fortuna-Mecerreyes-30-11-2013-b-1024x680.jpg 1024w, https:\/\/www.mecerreyes.com\/mece\/wp-content\/uploads\/2014\/01\/Boda-de-Oro-Floren-y-Fortuna-Mecerreyes-30-11-2013-b-300x199.jpg 300w, https:\/\/www.mecerreyes.com\/mece\/wp-content\/uploads\/2014\/01\/Boda-de-Oro-Floren-y-Fortuna-Mecerreyes-30-11-2013-b.jpg 1191w\" sizes=\"(max-width: 717px) 100vw, 717px\" \/><\/a><p id=\"caption-attachment-8409\" class=\"wp-caption-text\">Boda de Oro Floren y Fortuna, Mecerreyes 30-11-2013<\/p><\/div>\n<div id=\"attachment_8410\" style=\"width: 727px\" class=\"wp-caption alignnone\"><a  href=\"http:\/\/www.mecerreyes.com\/mece\/wp-content\/uploads\/2014\/01\/Boda-de-Oro-Floren-y-Fortuna-Mecerreyes-30-11-2013.jpg\" class=\"thickbox no_icon\" title=\"Boda de Oro Floren y Fortuna, Mecerreyes 30-11-2013\"><img loading=\"lazy\" decoding=\"async\" aria-describedby=\"caption-attachment-8410\" class=\" wp-image-8410\" alt=\"Boda de Oro Floren y Fortuna, Mecerreyes 30-11-2013\" src=\"http:\/\/www.mecerreyes.com\/mece\/wp-content\/uploads\/2014\/01\/Boda-de-Oro-Floren-y-Fortuna-Mecerreyes-30-11-2013-1024x681.jpg\" width=\"717\" height=\"477\" srcset=\"https:\/\/www.mecerreyes.com\/mece\/wp-content\/uploads\/2014\/01\/Boda-de-Oro-Floren-y-Fortuna-Mecerreyes-30-11-2013-1024x681.jpg 1024w, https:\/\/www.mecerreyes.com\/mece\/wp-content\/uploads\/2014\/01\/Boda-de-Oro-Floren-y-Fortuna-Mecerreyes-30-11-2013-300x199.jpg 300w, https:\/\/www.mecerreyes.com\/mece\/wp-content\/uploads\/2014\/01\/Boda-de-Oro-Floren-y-Fortuna-Mecerreyes-30-11-2013.jpg 1153w\" sizes=\"(max-width: 717px) 100vw, 717px\" \/><\/a><p id=\"caption-attachment-8410\" class=\"wp-caption-text\">Boda de Oro Floren y Fortuna, Mecerreyes 30-11-2013<\/p><\/div>\n<p>&nbsp;<\/p>\n<p>&nbsp;<\/p>\n<p>&nbsp;<\/p>\n<h1 style=\"text-align: justify\"><b>* DESCANSAN EN PAZ<\/b><\/h1>\n<p style=\"text-align: justify\"><strong>MAR\u00cdA ALONSO ALONSO:<\/strong> Falleci\u00f3 el d\u00eda 1 de diciembre de 2013 a los 92 a\u00f1os de edad. Fue enterrada en Mecerreyes.<\/p>\n<div id=\"attachment_8411\" style=\"width: 250px\" class=\"wp-caption alignnone\"><a  href=\"http:\/\/www.mecerreyes.com\/mece\/wp-content\/uploads\/2014\/01\/Maria.jpg\" class=\"thickbox no_icon\" title=\"Maria\"><img loading=\"lazy\" decoding=\"async\" aria-describedby=\"caption-attachment-8411\" class=\" wp-image-8411   \" alt=\"Maria\" src=\"http:\/\/www.mecerreyes.com\/mece\/wp-content\/uploads\/2014\/01\/Maria.jpg\" width=\"240\" height=\"270\" srcset=\"https:\/\/www.mecerreyes.com\/mece\/wp-content\/uploads\/2014\/01\/Maria.jpg 500w, https:\/\/www.mecerreyes.com\/mece\/wp-content\/uploads\/2014\/01\/Maria-266x300.jpg 266w\" sizes=\"(max-width: 240px) 100vw, 240px\" \/><\/a><p id=\"caption-attachment-8411\" class=\"wp-caption-text\">Mar\u00eda Alonso &#8211; 92 a\u00f1os<\/p><\/div>\n<p style=\"text-align: justify\"><strong>JAVIER LLORENTE<\/strong>: Falleci\u00f3 el 5 de diciembre de 2013, a los 63 a\u00f1os de edad. Fue enterrado en Burgos. Esposa: Mar\u00eda Jes\u00fas. Hijos: Jota Llorente, Quique y Alberto.<\/p>\n<div id=\"attachment_8423\" style=\"width: 272px\" class=\"wp-caption alignnone\"><a  href=\"http:\/\/www.mecerreyes.com\/mece\/wp-content\/uploads\/2014\/01\/Javier-Llorente.jpg\" class=\"thickbox no_icon\" title=\"Javier Llorente\"><img loading=\"lazy\" decoding=\"async\" aria-describedby=\"caption-attachment-8423\" class=\" wp-image-8423  \" alt=\"Javier Llorente\" src=\"http:\/\/www.mecerreyes.com\/mece\/wp-content\/uploads\/2014\/01\/Javier-Llorente.jpg\" width=\"262\" height=\"266\" srcset=\"https:\/\/www.mecerreyes.com\/mece\/wp-content\/uploads\/2014\/01\/Javier-Llorente.jpg 545w, https:\/\/www.mecerreyes.com\/mece\/wp-content\/uploads\/2014\/01\/Javier-Llorente-294x300.jpg 294w\" sizes=\"(max-width: 262px) 100vw, 262px\" \/><\/a><p id=\"caption-attachment-8423\" class=\"wp-caption-text\">Javier Llorente<\/p><\/div>\n<p style=\"text-align: justify\"><b>\u00a0<\/b><\/p>\n<h1 style=\"text-align: justify\"><b>* GALA FORUM EVOLUCI\u00d3N (17-12-2013) <\/b><\/h1>\n<p style=\"text-align: justify\"><b>\u00a0<\/b><\/p>\n<p style=\"text-align: justify\">Burgos, Briviesca, Miranda, Lerma, Salas, Belorado, Castrojeriz, Roa, Aranda,\u00a0Villadiego,\u00a0 Villarcayo y Sedano.<\/p>\n<p style=\"text-align: justify\">As\u00ed era como deb\u00eda contestar mi padre a su maestro cuando le preguntaba los partidos judiciales de Burgos, y qu\u00e9 casualidad que dos de ellos, Lerma y Briviesca compet\u00edan con Mecerreyes en <b>la categor\u00eda de pueblo ejemplar de 2013.<\/b><\/p>\n<p style=\"text-align: justify\">Radio Televisi\u00f3n de Castilla y Le\u00f3n- Canal 8 de Burgos lleva siete a\u00f1os concediendo este premio y para esta edici\u00f3n su redacci\u00f3n se hab\u00eda hecho eco de nuestro devenir cultural, nos hab\u00edan visitado en diferentes ocasiones ofreciendo a Mecerreyes como UN LUGAR PARA VIVIR, o televisando nuestras carnavaladas. Sin duda les dejamos buen recuerdo a sus redactores y c\u00e1maras, por lo que fuimos propuestos para esa categor\u00eda.<\/p>\n<p style=\"text-align: justify\">Son muchos los que cada fin de semana visitan el pueblo y el boca a boca tambi\u00e9n funcion\u00f3.<\/p>\n<p style=\"text-align: justify\">Exposiciones en Silos, Zamora y Bilbao de nuestras carnavaladas, nuestro albergue cidiano, <a  href=\"https:\/\/www.mecerreyes.com\/mece\/?page_id=47\">las marzas<\/a> y gallo, \u00a0el <a  href=\"https:\/\/www.mecerreyes.com\/mece\/?page_id=20662\">museo del carb\u00f3n<\/a>, el impresionante Bel\u00e9n, la Iglesia y ermita, la muestra de dulzaineros, la arquitectura de nuestras casas, las calles, las fiestas, nuestros productos t\u00edpicos, eventos culturales y el <a  href=\"https:\/\/www.mecerreyes.com\/mece\/?page_id=797\">mes\u00f3n de Frutos<\/a> han hecho de Mecerreyes el pueblo de moda en 2013.<\/p>\n<p style=\"text-align: justify\">El caso es que en la recta final del a\u00f1o, la corporaci\u00f3n municipal encabezada por nuestro alcalde Juli\u00e1n Vicario, ha hecho horas extras para dar a conocer lo mejor de Mecerreyes, mostrando el pueblo y sus gentes de nuevo a las c\u00e1maras, contando su <a  href=\"https:\/\/www.mecerreyes.com\/mece\/?page_id=32\">historia<\/a>\u00a0 y sus costumbres, resaltando el cari\u00f1o y tes\u00f3n\u00a0 que los guiletos a trav\u00e9s de nuestras\u00a0 <a  href=\"https:\/\/www.mecerreyes.com\/mece\/?page_id=265\">asociaciones<\/a>\u00a0 y <a  href=\"https:\/\/www.mecerreyes.com\/mece\/?page_id=268\">pe\u00f1as<\/a> ponemos en los proyectos culturales.<\/p>\n<p style=\"text-align: justify\">Han sido tres las intervenciones de Juli\u00e1n en\u00a0 los programas locales,\u00a0 ha compartido tertulia y nervios con los alcaldes de Lerma y Briviesca.<\/p>\n<p style=\"text-align: justify\">Lucha de David contra Goliat, lucha que nos ten\u00eda votando por Internet muy ilusionados.<\/p>\n<p style=\"text-align: justify\">Y por fin lleg\u00f3 el d\u00eda, Juli\u00e1n arropado por m\u00e1s de cincuenta guiletos esperaba\u00a0 el resultado de este gran examen en el Auditorio del F\u00f3rum Evoluci\u00f3n.<\/p>\n<p style=\"text-align: justify\">Impresionante la puesta en escena de los presentadores, las actuaciones\u00a0 de los artistas invitados y el resultado de los ganadores.<\/p>\n<p style=\"text-align: justify\">VALORES HUMANOS: Fundaci\u00f3n Mayo Rey.<\/p>\n<p style=\"text-align: justify\">VALORES EMPRESARIALES: Bodegas Cillar de Silos.<\/p>\n<p style=\"text-align: justify\">VALORES DEPORTIVOS: Ricardo Garc\u00eda.<\/p>\n<p style=\"text-align: justify\">VALORES CULTURALES: Diego Galaz.<\/p>\n<p style=\"text-align: justify\">PUEBLO EJEMPLAR: Lerma.<\/p>\n<div id=\"attachment_8426\" style=\"width: 430px\" class=\"wp-caption alignnone\"><a  href=\"http:\/\/www.mecerreyes.com\/mece\/wp-content\/uploads\/2014\/01\/Gala-Premios-8-de-Burgos.jpg\" class=\"thickbox no_icon\" title=\"Alcalde de Mecerreyes y de Lerma\"><img loading=\"lazy\" decoding=\"async\" aria-describedby=\"caption-attachment-8426\" class=\" wp-image-8426 \" alt=\"Alcalde de Mecerreyes y de Lerma\" src=\"http:\/\/www.mecerreyes.com\/mece\/wp-content\/uploads\/2014\/01\/Gala-Premios-8-de-Burgos.jpg\" width=\"420\" height=\"315\" srcset=\"https:\/\/www.mecerreyes.com\/mece\/wp-content\/uploads\/2014\/01\/Gala-Premios-8-de-Burgos.jpg 700w, https:\/\/www.mecerreyes.com\/mece\/wp-content\/uploads\/2014\/01\/Gala-Premios-8-de-Burgos-300x225.jpg 300w\" sizes=\"(max-width: 420px) 100vw, 420px\" \/><\/a><p id=\"caption-attachment-8426\" class=\"wp-caption-text\">Alcalde de Mecerreyes y de Lerma<\/p><\/div>\n<p style=\"text-align: justify\">Cuando pusieron para las 1400 personas que llen\u00e1bamos el auditorio, el v\u00eddeo promocional de Mecerreyes, palpitaba con la fuerza que da el orgullo nuestro coraz\u00f3n.<\/p>\n<p style=\"text-align: justify\">El examen hab\u00eda terminado y para todos nosotros la nota fue: OBJETIVO AMPLIAMENTE\u00a0 SUPERADO.<\/p>\n<p style=\"text-align: justify\">Enhorabuena Juli\u00e1n, enhorabuena a todos los premiados.<\/p>\n<h1 style=\"text-align: justify\"><\/h1>\n<h1 style=\"text-align: justify\"><b>* CD \u00abDesnudo\u00bb de JOTA LLORENTE: <\/b><\/h1>\n<p style=\"text-align: justify\">Jota Llorente es hijo de Javier<b> +<\/b> y Mar\u00eda Jes\u00fas. Fue el pregonero de la <a  href=\"https:\/\/www.mecerreyes.com\/mece\/?page_id=62\">Navidad<\/a> 2012 y nos la anunci\u00f3 como mejor sabe, con su arte y su m\u00fasica solidaria. Desde esta p\u00e1gina os hacemos part\u00edcipes de su \u00faltimo proyecto. Dejamos que sea \u00e9l quien nos lo cuente:<\/p>\n<div id=\"attachment_8403\" style=\"width: 686px\" class=\"wp-caption alignnone\"><a  href=\"http:\/\/www.mecerreyes.com\/mece\/wp-content\/uploads\/2014\/01\/Desnudo-CD-Jotallorente..jpg\" class=\"thickbox no_icon\" title=\"Desnudo CD Jotallorente.\"><img loading=\"lazy\" decoding=\"async\" aria-describedby=\"caption-attachment-8403\" class=\"size-large wp-image-8403\" alt=\"Desnudo CD Jotallorente.\" src=\"http:\/\/www.mecerreyes.com\/mece\/wp-content\/uploads\/2014\/01\/Desnudo-CD-Jotallorente.-676x1024.jpg\" width=\"676\" height=\"1024\" srcset=\"https:\/\/www.mecerreyes.com\/mece\/wp-content\/uploads\/2014\/01\/Desnudo-CD-Jotallorente.-676x1024.jpg 676w, https:\/\/www.mecerreyes.com\/mece\/wp-content\/uploads\/2014\/01\/Desnudo-CD-Jotallorente.-198x300.jpg 198w, https:\/\/www.mecerreyes.com\/mece\/wp-content\/uploads\/2014\/01\/Desnudo-CD-Jotallorente..jpg 1435w\" sizes=\"(max-width: 676px) 100vw, 676px\" \/><\/a><p id=\"caption-attachment-8403\" class=\"wp-caption-text\">Desnudo CD Jotallorente.<\/p><\/div>\n<p>Para m\u00e1s informaci\u00f3n puedes entrar en su Web:<\/p>\n<h3><a  href=\"http:\/\/www.jotallorente.com\/wordpress\/\" target=\"_blank\">http:\/\/www.jotallorente.com\/wordpress\/<\/a><\/h3>\n<p>&nbsp;<\/p>\n<p><span style=\"color: #ffffff\">.<\/span><\/p>\n<h1>* \u00a1GRACIAS, CARLOS!<\/h1>\n<div style=\"text-align: justify\">Os anunci\u00e1bamos en las noticias del mes anterior que Carlos Arribas Alonso, hijo de Felipe y Petra, hab\u00eda escrito el libro: \u201c<strong>El hablar y el hacer de las gentes de Mecerreyes\u201d.\u00a0<\/strong>Nos lo ha enviado con una dedicatoria a la Asociaci\u00f3n Cultural\u00a0y sabemos que ya mucha gente lo tiene en sus manos o lo espera recibir en breve. En las conversaciones salen palabras nuevas que consultamos en el libro: \u00abEsta no est\u00e1, esta s\u00ed&#8230;\u00bb Os invitamos a tomar nota, y si falta alguna, avisaremos a Carlos para que las ponga en la pr\u00f3xima edici\u00f3n.<\/div>\n<div style=\"text-align: justify\"><\/div>\n<div style=\"text-align: justify\"><b>\u00a1Gracias, Carlos, por tu trabajo y por haberlo compartido con nosotros!<\/b><\/div>\n<h1><strong>\u00a0<\/strong><\/h1>\n<h1><strong><a  href=\"http:\/\/www.mecerreyes.com\/mece\/wp-content\/uploads\/2014\/01\/IMG-20140109-WA0000.jpg\" class=\"thickbox no_icon\" title=\"IMG-20140109-WA0000\"><img loading=\"lazy\" decoding=\"async\" class=\" wp-image-8420\" alt=\"IMG-20140109-WA0000\" src=\"http:\/\/www.mecerreyes.com\/mece\/wp-content\/uploads\/2014\/01\/IMG-20140109-WA0000.jpg\" width=\"420\" height=\"560\" srcset=\"https:\/\/www.mecerreyes.com\/mece\/wp-content\/uploads\/2014\/01\/IMG-20140109-WA0000.jpg 600w, https:\/\/www.mecerreyes.com\/mece\/wp-content\/uploads\/2014\/01\/IMG-20140109-WA0000-225x300.jpg 225w\" sizes=\"(max-width: 420px) 100vw, 420px\" \/><\/a><\/strong><\/h1>\n<h1><\/h1>\n<p><strong>\u00a0<\/strong><\/p>\n<p>Y para terminar esta secci\u00f3n de noticias, transcribimos la noticia publicada en el Diario de Burgos al finalizar el mes de diciembre pasado.<\/p>\n<h1><strong><a  href=\"http:\/\/www.mecerreyes.com\/mece\/wp-content\/uploads\/2012\/02\/logo-Diario-de-Burgos.jpg\" class=\"thickbox no_icon\" title=\"logo-Diario-de-Burgos\"><img loading=\"lazy\" decoding=\"async\" class=\"alignnone size-full wp-image-4188\" alt=\"logo-Diario-de-Burgos\" src=\"http:\/\/www.mecerreyes.com\/mece\/wp-content\/uploads\/2012\/02\/logo-Diario-de-Burgos.jpg\" width=\"386\" height=\"65\" srcset=\"https:\/\/www.mecerreyes.com\/mece\/wp-content\/uploads\/2012\/02\/logo-Diario-de-Burgos.jpg 386w, https:\/\/www.mecerreyes.com\/mece\/wp-content\/uploads\/2012\/02\/logo-Diario-de-Burgos-300x50.jpg 300w\" sizes=\"(max-width: 386px) 100vw, 386px\" \/><\/a><\/strong><\/h1>\n<div>Mecerreyes \/ Viejas dotaciones<\/div>\n<h1><strong>* Las escuelas buscan nuevo uso<\/strong><\/h1>\n<div>I.P. \/ Mecerreyes\u00a0&#8211;\u00a0lunes, 23 de diciembre de 2013<\/div>\n<p style=\"text-align: justify\">Es curioso c\u00f3mo a veces atraviesas un pueblo o paseas por sus calles y se van\u00a0quedando en la retina algunas im\u00e1genes grabadas; en el caso de Mecerreyes son varias las \u2018fotos\u2019 para recordar: el viejo cartel de nitrato de Chile, el que cuelga de una casa sobre el dolmen de Cubillejo y tambi\u00e9n el peque\u00f1o cartel de \u2018se vende\u2019 sobre las ventanas de un edificio que alberg\u00f3 las antiguas escuelas, donde tantas generaciones de ni\u00f1os aprendieron a leer y escribir, gram\u00e1tica e <a  href=\"https:\/\/www.mecerreyes.com\/mece\/?page_id=32\">historia<\/a> y tantas otras materias.<\/p>\n<div id=\"attachment_8398\" style=\"width: 463px\" class=\"wp-caption alignnone\"><a  href=\"http:\/\/www.mecerreyes.com\/mece\/wp-content\/uploads\/2014\/01\/Foto-Escuelas-Diario-de-Burgos-23-12-2013.jpg\" class=\"thickbox no_icon\" title=\"Foto Escuelas Mecerreyes-Diario de Burgos 23-12-2013\"><img loading=\"lazy\" decoding=\"async\" aria-describedby=\"caption-attachment-8398\" class=\"wp-image-8398 \" alt=\"Foto Escuelas Mecerreyes-Diario de Burgos 23-12-2013\" src=\"http:\/\/www.mecerreyes.com\/mece\/wp-content\/uploads\/2014\/01\/Foto-Escuelas-Diario-de-Burgos-23-12-2013.jpg\" width=\"453\" height=\"364\" srcset=\"https:\/\/www.mecerreyes.com\/mece\/wp-content\/uploads\/2014\/01\/Foto-Escuelas-Diario-de-Burgos-23-12-2013.jpg 644w, https:\/\/www.mecerreyes.com\/mece\/wp-content\/uploads\/2014\/01\/Foto-Escuelas-Diario-de-Burgos-23-12-2013-300x241.jpg 300w\" sizes=\"(max-width: 453px) 100vw, 453px\" \/><\/a><p id=\"caption-attachment-8398\" class=\"wp-caption-text\">Foto Escuelas Mecerreyes-Diario de Burgos 23-12-2013<\/p><\/div>\n<p style=\"text-align: justify\">Se trata de un atractivo inmueble de piedra, de dos plantas que bien podr\u00eda albergar hoy d\u00eda un establecimiento de hosteler\u00eda, un centro de d\u00eda para mayores, un edificio de usos m\u00faltiples, dependencias municipales&#8230;y es que para los for\u00e1neos, la primera idea que pasa por la cabeza es que al haber sido escuela, es un edificio de titularidad municipal. Pues nada m\u00e1s lejos de la realidad, es un inmueble de propiedad privada, perteneciente a un\u00a0 vecino del pueblo que lo compr\u00f3 en su d\u00eda cuando se construy\u00f3 el edificio de las nuevas escuela en la d\u00e9cada de los 70 -hoy por otra parte, convertido, este s\u00ed, en edificio de usos m\u00faltiples, ya que hace una d\u00e9cada que tambi\u00e9n se cerr\u00f3 la escuela- y que lo ha destinado a almac\u00e9n para sus actividades ganaderas, fundamentalmente.<br \/>\nYa jubilado, este ganadero y tratante, que no reside de forma habitual en la localidad, puso el cartel de \u2018se vende\u2019, por lo que parece con poca fortuna por el momento. Y eso que el inmueble es de lo m\u00e1s atractivo por su superficie, 400 metros cuadrados de solar y dos alturas, que albergaron cuatro aulas, y por las posibilidades que se intuyen para rehabilitarlo como vivienda o para buscar otra salida, incluso con la que ganarse el pan de cada d\u00eda en estos momentos que est\u00e1 tan de moda el turismo rural, por ejemplo.<br \/>\nEl inmueble se vende por 25 millones de las antiguas pesetas, seg\u00fan nos cuenta su propietario, que lo adquiri\u00f3 en su d\u00eda por un mill\u00f3n de pesetas porque le ven\u00eda bien para su actividad ganadera.<br \/>\nBien es cierto que ahora lo m\u00e1s valioso es la fachada\u00a0 y los metros de que dispone, porque el interior est\u00e1 para derruirlo. \u00abPero ciertamente, es un edificio que podr\u00eda dar mucho juego\u00bb, explica el alcalde de Mecerreyes, Juli\u00e1n Vicario, quien a\u00f1ade que el <a  href=\"https:\/\/www.mecerreyes.com\/mece\/?page_id=24\">Ayuntamiento<\/a> no se ha planteado comprarlo dado que ya dispone de las antiguas escuelas reconvertidas en centro de usos m\u00faltiples y almac\u00e9n municipal.<\/p>\n<h3 style=\"text-align: justify\"><a  href=\"http:\/\/www.diariodeburgos.es\/noticia\/Z1EEA2C6B-F590-8833-F244734F9A06D26D\/20131223\/escuelas\/buscan\/nuevo\/uso\" target=\"_blank\">Enlace a la noticia del Diario de Burgos<\/a><\/h3>\n<h1><strong>\u00a0<\/strong><\/h1>\n<p style=\"text-align: justify\"><strong>Y nada m\u00e1s por hoy, amigos y paisanos. A cuidarse del fr\u00edo y a ser felices con los peque\u00f1os regalos de cada d\u00eda: un paseo, un juego de cartas, una merienda familiar en la bodega\u2026 Tantas peque\u00f1as cosas que nos hacen m\u00e1s f\u00e1cil el camino\u2026 Por todo ello:<\/strong><\/p>\n<h1 align=\"center\"><strong>\u00a1BIENVENIDO A\u00d1O NUEVO!<\/strong><\/h1>\n<h1><strong>\u00a0<\/strong><\/h1>\n<h1><strong>\u00a0<\/strong><\/h1>\n<h1><strong>\u00a0<\/strong><\/h1>","protected":false},"excerpt":{"rendered":"<p>Con las noticias de diciembre nos despedimos del 2013. Diciembre, como siempre, huele a familia, a Navidad, Bel\u00e9n, regalos, encuentros\u2026 Todo es importante para despedir a un a\u00f1o que se nos va y recibir, como se debe, al A\u00f1o que llama a las puertas y que, seguro, va a ser mejor. Al menos es lo [&hellip;]<\/p>\n","protected":false},"author":5,"featured_media":0,"comment_status":"open","ping_status":"closed","sticky":false,"template":"","format":"standard","meta":{"_et_pb_use_builder":"","_et_pb_old_content":"","_et_gb_content_width":"","footnotes":""},"categories":[1],"tags":[21],"class_list":["post-8394","post","type-post","status-publish","format-standard","hentry","category-general","tag-guiletos","et-doesnt-have-format-content","et_post_format-et-post-format-standard"],"_links":{"self":[{"href":"https:\/\/www.mecerreyes.com\/mece\/index.php?rest_route=\/wp\/v2\/posts\/8394"}],"collection":[{"href":"https:\/\/www.mecerreyes.com\/mece\/index.php?rest_route=\/wp\/v2\/posts"}],"about":[{"href":"https:\/\/www.mecerreyes.com\/mece\/index.php?rest_route=\/wp\/v2\/types\/post"}],"author":[{"embeddable":true,"href":"https:\/\/www.mecerreyes.com\/mece\/index.php?rest_route=\/wp\/v2\/users\/5"}],"replies":[{"embeddable":true,"href":"https:\/\/www.mecerreyes.com\/mece\/index.php?rest_route=%2Fwp%2Fv2%2Fcomments&post=8394"}],"version-history":[{"count":0,"href":"https:\/\/www.mecerreyes.com\/mece\/index.php?rest_route=\/wp\/v2\/posts\/8394\/revisions"}],"wp:attachment":[{"href":"https:\/\/www.mecerreyes.com\/mece\/index.php?rest_route=%2Fwp%2Fv2%2Fmedia&parent=8394"}],"wp:term":[{"taxonomy":"category","embeddable":true,"href":"https:\/\/www.mecerreyes.com\/mece\/index.php?rest_route=%2Fwp%2Fv2%2Fcategories&post=8394"},{"taxonomy":"post_tag","embeddable":true,"href":"https:\/\/www.mecerreyes.com\/mece\/index.php?rest_route=%2Fwp%2Fv2%2Ftags&post=8394"}],"curies":[{"name":"wp","href":"https:\/\/api.w.org\/{rel}","templated":true}]}}