{"id":8505,"date":"2014-02-03T00:54:47","date_gmt":"2014-02-02T23:54:47","guid":{"rendered":"http:\/\/www.mecerreyes.com\/mece\/?p=8505"},"modified":"2014-02-04T15:33:46","modified_gmt":"2014-02-04T14:33:46","slug":"noticias-enero-2014","status":"publish","type":"post","link":"https:\/\/www.mecerreyes.com\/mece\/?p=8505","title":{"rendered":"Noticias Enero 2014"},"content":{"rendered":"<div>\n<h2 style=\"text-align: justify\"><span style=\"color: #008080\">Se fueron los d\u00edas tan especiales y tan esperados por todos de <a  href=\"https:\/\/www.mecerreyes.com\/mece\/?page_id=62\">Navidad<\/a> y A\u00f1o Nuevo. Pas\u00f3 ya la tan temida cuesta de enero y hemos empezado el mes de febrero.<\/span><\/h2>\n<h2 style=\"text-align: justify\"><span style=\"color: #008080\">Decimos, y es verdad, que en estos d\u00edas no suele haber noticias, que el paso de los d\u00edas es lento y tranquilo, como la ca\u00edda de la nieve, que de vez en cuando nos visita. As\u00ed que despu\u00e9s de un final de a\u00f1o e <a  href=\"https:\/\/www.mecerreyes.com\/mece\/\">inicio<\/a> de a\u00f1o nuevo lleno de acontecimientos que ya hemos contado, ahora os informamos de algunas noticias del mes de enero, mes que ya duerme en el rinc\u00f3n de la memoria de cada uno.\u00a0<\/span><\/h2>\n<\/div>\n<div><\/div>\n<div>\n<h1 style=\"text-align: justify\"><strong><span style=\"text-decoration: underline;color: #0000ff\">OBRAS<\/span><\/strong><\/h1>\n<div id=\"attachment_8544\" style=\"width: 346px\" class=\"wp-caption alignright\"><a  href=\"http:\/\/www.mecerreyes.com\/mece\/wp-content\/uploads\/2014\/02\/Mecerreyes-calle-en-obras.jpg\" class=\"thickbox no_icon\" title=\"Mecerreyes, calle en obras\"><img loading=\"lazy\" decoding=\"async\" aria-describedby=\"caption-attachment-8544\" class=\" wp-image-8544  \" alt=\"Mecerreyes, calle en obras\" src=\"http:\/\/www.mecerreyes.com\/mece\/wp-content\/uploads\/2014\/02\/Mecerreyes-calle-en-obras.jpg\" width=\"336\" height=\"252\" srcset=\"https:\/\/www.mecerreyes.com\/mece\/wp-content\/uploads\/2014\/02\/Mecerreyes-calle-en-obras.jpg 700w, https:\/\/www.mecerreyes.com\/mece\/wp-content\/uploads\/2014\/02\/Mecerreyes-calle-en-obras-300x225.jpg 300w\" sizes=\"(max-width: 336px) 100vw, 336px\" \/><\/a><p id=\"caption-attachment-8544\" class=\"wp-caption-text\">Mecerreyes, calle en obras<\/p><\/div>\n<h1 style=\"text-align: justify\"><\/h1>\n<p style=\"text-align: justify\">Continuando con la remodelaci\u00f3n de las calles de Mecerreyes, el <a  href=\"https:\/\/www.mecerreyes.com\/mece\/?page_id=24\">Ayuntamiento<\/a> en esta ocasi\u00f3n, ha decidido terminar con la parte que quedaba de la calle La Escuela y una parte de la calle Garci Fern\u00e1ndez. Las obras comenzaron a mediados de diciembre y este mes de enero han quedado totalmente terminadas.<\/p>\n<p style=\"text-align: justify\">Este tramo ha estado cortado durante el mes y medio que duraron las obras, resultando complicado aparcar por la cantidad de coches que cada fin de semana llegan a nuestro pueblo a comer y cenar al <a  href=\"https:\/\/www.mecerreyes.com\/mece\/?page_id=797\">Mes\u00f3n de Frutos<\/a>, pero ahora con la calle nueva, el centro del pueblo da una muy buena imagen.<\/p>\n<div id=\"attachment_8543\" style=\"width: 522px\" class=\"wp-caption alignnone\"><a  href=\"http:\/\/www.mecerreyes.com\/mece\/wp-content\/uploads\/2014\/02\/Mecerreyes-Calle-Garci-Fern\u00e1ndez.jpg\" class=\"thickbox no_icon\" title=\"Mecerreyes, Calle Garci Fern\u00e1ndez. Obra terminada\"><img loading=\"lazy\" decoding=\"async\" aria-describedby=\"caption-attachment-8543\" class=\" wp-image-8543  \" alt=\"Mecerreyes, Calle Garci Fern\u00e1ndez. Obra terminada\" src=\"http:\/\/www.mecerreyes.com\/mece\/wp-content\/uploads\/2014\/02\/Mecerreyes-Calle-Garci-Fern\u00e1ndez.jpg\" width=\"512\" height=\"288\" srcset=\"https:\/\/www.mecerreyes.com\/mece\/wp-content\/uploads\/2014\/02\/Mecerreyes-Calle-Garci-Fern\u00e1ndez.jpg 800w, https:\/\/www.mecerreyes.com\/mece\/wp-content\/uploads\/2014\/02\/Mecerreyes-Calle-Garci-Fern\u00e1ndez-300x168.jpg 300w\" sizes=\"(max-width: 512px) 100vw, 512px\" \/><\/a><p id=\"caption-attachment-8543\" class=\"wp-caption-text\">Mecerreyes, Calle Garci Fern\u00e1ndez. Obra terminada<\/p><\/div>\n<h1><\/h1>\n<h1><span style=\"text-decoration: underline;color: #0000ff\"><strong>JUAN Santamar\u00eda<\/strong> (nieto de Marce y Robustiano)<\/span><\/h1>\n<p>&nbsp;<\/p>\n<p style=\"text-align: justify\">El pasado d\u00eda 11 de enero se celebr\u00f3 en la localidad de Iscar (Valladolid)\u00a0la VII Gala de la Gimnasia de Castilla y Le\u00f3n, donde se galardon\u00f3 a todos los\u00a0gimnastas castellano leoneses de todas las disciplinas de gimnasia\u00a0(aerobic, r\u00edtmica, art\u00edstica y trampol\u00edn)\u00a0que durante el a\u00f1o 2013 han conseguido alg\u00fan resultado meritorio. <b>Juan<\/b> fue uno de los galardonados gracias a su <strong>subcampeonato de Espa\u00f1a en Trampol\u00edn<\/strong>. \u00a1Enhorabuena!<\/p>\n<p>Os adjuntamos varias fotos:<\/p>\n<\/div>\n<div>\n<div id=\"attachment_8523\" style=\"width: 393px\" class=\"wp-caption alignnone\"><a  href=\"http:\/\/www.mecerreyes.com\/mece\/wp-content\/uploads\/2014\/02\/Juan-Santamaria-1.jpg\" class=\"thickbox no_icon\" title=\"Entrega de la placa por parte del director de deportes de la Junta de Castilla y Le\u00f3n.\"><img loading=\"lazy\" decoding=\"async\" aria-describedby=\"caption-attachment-8523\" class=\" wp-image-8523 \" alt=\"Entrega de la placa por parte del director de deportes de la Junta de Castilla y Le\u00f3n.\" src=\"http:\/\/www.mecerreyes.com\/mece\/wp-content\/uploads\/2014\/02\/Juan-Santamaria-1.jpg\" width=\"383\" height=\"576\" srcset=\"https:\/\/www.mecerreyes.com\/mece\/wp-content\/uploads\/2014\/02\/Juan-Santamaria-1.jpg 638w, https:\/\/www.mecerreyes.com\/mece\/wp-content\/uploads\/2014\/02\/Juan-Santamaria-1-199x300.jpg 199w\" sizes=\"(max-width: 383px) 100vw, 383px\" \/><\/a><p id=\"caption-attachment-8523\" class=\"wp-caption-text\">Entrega de la placa por parte del director de deportes de la Junta de Castilla y Le\u00f3n.<\/p><\/div>\n<\/div>\n<div><\/div>\n<div>\n<div id=\"attachment_8522\" style=\"width: 624px\" class=\"wp-caption alignnone\"><a  href=\"http:\/\/www.mecerreyes.com\/mece\/wp-content\/uploads\/2014\/02\/Juan-Santamaria-3.jpg\" class=\"thickbox no_icon\" title=\"Con los compa\u00f1eros de su club, la entrenadora y Jes\u00fas Carballo (presidente de la federaci\u00f3n espa\u00f1ola de gimnasia).\"><img loading=\"lazy\" decoding=\"async\" aria-describedby=\"caption-attachment-8522\" class=\" wp-image-8522 \" alt=\"Con los compa\u00f1eros de su club, la entrenadora y Jes\u00fas Carballo (presidente de la federaci\u00f3n espa\u00f1ola de gimnasia).\" src=\"http:\/\/www.mecerreyes.com\/mece\/wp-content\/uploads\/2014\/02\/Juan-Santamaria-3-1024x700.jpg\" width=\"614\" height=\"420\" srcset=\"https:\/\/www.mecerreyes.com\/mece\/wp-content\/uploads\/2014\/02\/Juan-Santamaria-3-1024x700.jpg 1024w, https:\/\/www.mecerreyes.com\/mece\/wp-content\/uploads\/2014\/02\/Juan-Santamaria-3-300x205.jpg 300w\" sizes=\"(max-width: 614px) 100vw, 614px\" \/><\/a><p id=\"caption-attachment-8522\" class=\"wp-caption-text\">Con los compa\u00f1eros de su club, la entrenadora y Jes\u00fas Carballo (presidente de la federaci\u00f3n espa\u00f1ola de gimnasia).<\/p><\/div>\n<\/div>\n<div><\/div>\n<div>\n<div id=\"attachment_8521\" style=\"width: 624px\" class=\"wp-caption alignnone\"><a  href=\"http:\/\/www.mecerreyes.com\/mece\/wp-content\/uploads\/2014\/02\/Juan-Santamaria-2.jpg\" class=\"thickbox no_icon\" title=\"Todos los galardonados y las autoridades.\"><img loading=\"lazy\" decoding=\"async\" aria-describedby=\"caption-attachment-8521\" class=\" wp-image-8521 \" alt=\"Todos los galardonados y las autoridades.\" src=\"http:\/\/www.mecerreyes.com\/mece\/wp-content\/uploads\/2014\/02\/Juan-Santamaria-2-1024x685.jpg\" width=\"614\" height=\"411\" srcset=\"https:\/\/www.mecerreyes.com\/mece\/wp-content\/uploads\/2014\/02\/Juan-Santamaria-2-1024x685.jpg 1024w, https:\/\/www.mecerreyes.com\/mece\/wp-content\/uploads\/2014\/02\/Juan-Santamaria-2-300x200.jpg 300w\" sizes=\"(max-width: 614px) 100vw, 614px\" \/><\/a><p id=\"caption-attachment-8521\" class=\"wp-caption-text\">Todos los galardonados y las autoridades.<\/p><\/div>\n<\/div>\n<div><\/div>\n<h1><strong><span style=\"color: #0000ff\">MARZAS Y GALLO 2014<\/span><\/strong><\/h1>\n<div><\/div>\n<div><\/div>\n<div>\n<div><\/div>\n<div><a  href=\"http:\/\/www.mecerreyes.com\/mece\/wp-content\/uploads\/2014\/01\/Cartel-Marzas-y-Gallo-2014-Mecerreyes.jpg\" class=\"thickbox no_icon\" title=\"Cartel Marzas y Gallo 2014, Mecerreyes. Dise\u00f1o: \u00c1lvaro Subi\u00f1as Arribas\"><img loading=\"lazy\" decoding=\"async\" class=\"size-large wp-image-8513 \" title=\"Cartel Marzas y Gallo 2014, Mecerreyes. Dise\u00f1o: \u00c1lvaro Subi\u00f1as Arribas\" alt=\"Cartel Marzas y Gallo 2014, Mecerreyes\" src=\"http:\/\/www.mecerreyes.com\/mece\/wp-content\/uploads\/2014\/01\/Cartel-Marzas-y-Gallo-2014-Mecerreyes-724x1024.jpg\" width=\"724\" height=\"1024\" srcset=\"https:\/\/www.mecerreyes.com\/mece\/wp-content\/uploads\/2014\/01\/Cartel-Marzas-y-Gallo-2014-Mecerreyes-724x1024.jpg 724w, https:\/\/www.mecerreyes.com\/mece\/wp-content\/uploads\/2014\/01\/Cartel-Marzas-y-Gallo-2014-Mecerreyes-212x300.jpg 212w, https:\/\/www.mecerreyes.com\/mece\/wp-content\/uploads\/2014\/01\/Cartel-Marzas-y-Gallo-2014-Mecerreyes.jpg 1000w\" sizes=\"(max-width: 724px) 100vw, 724px\" \/><\/a><\/div>\n<\/div>\n<div><\/div>\n<div>\n<p style=\"text-align: justify\">Febrero es el mes del Carnaval y, fieles a la tradici\u00f3n, lo celebramos en Mecerreyes como mejor sabemos, con alegr\u00eda y sin miedo, con el mejor disfraz. Es hora de poner buena cara al mal tiempo, de salir a la calle y disfrutar de la fiesta, del juego, de los amigos y el encuentro con todos. Os recordamos nuevamente el programa:<\/p>\n<p style=\"text-align: justify\"><b><a  href=\"http:\/\/www.mecerreyes.com\/mece\/wp-content\/uploads\/2014\/02\/Marzas-Gallo-2014.jpg\" class=\"thickbox no_icon\" title=\"Marzas Gallo 2014\"><img loading=\"lazy\" decoding=\"async\" class=\"alignnone  wp-image-8525\" alt=\"Marzas Gallo 2014\" src=\"http:\/\/www.mecerreyes.com\/mece\/wp-content\/uploads\/2014\/02\/Marzas-Gallo-2014-1024x318.jpg\" width=\"717\" height=\"223\" srcset=\"https:\/\/www.mecerreyes.com\/mece\/wp-content\/uploads\/2014\/02\/Marzas-Gallo-2014-1024x318.jpg 1024w, https:\/\/www.mecerreyes.com\/mece\/wp-content\/uploads\/2014\/02\/Marzas-Gallo-2014-300x93.jpg 300w, https:\/\/www.mecerreyes.com\/mece\/wp-content\/uploads\/2014\/02\/Marzas-Gallo-2014.jpg 1219w\" sizes=\"(max-width: 717px) 100vw, 717px\" \/><\/a><\/b><\/p>\n<p style=\"text-align: justify\">Al coincidir Marzas y Gallo el mismo fin de semana, hemos dejado el viernes, 28, \u00faltimo d\u00eda de febrero, para cantar <a  href=\"https:\/\/www.mecerreyes.com\/mece\/?page_id=47\">las Marzas<\/a>. As\u00ed\u00a0podremos dedicar el s\u00e1bado a limpiar\u00a0la\u00a0ceniza de las calles\u00a0para poder correr, hacer las orejas de haba, ensayar con los danzantes y ultimar los disfraces para el\u00a0d\u00eda\u00a0siguiente,\u00a0domingo de carnaval.<\/p>\n<p style=\"text-align: justify\">Y el fin de semana anterior, s\u00e1bado 22 de febrero, iremos al monte a recoger las t\u00e1mbaras. Esperamos que sea un d\u00eda bueno y ni\u00f1os, j\u00f3venes y adultos podamos disfrutar del monte y pasar un d\u00eda estupendo en tan buena compa\u00f1\u00eda.<\/p>\n<p style=\"text-align: justify\">Felicitamos al autor del dise\u00f1o del Cartel de Marzas y Gallo 2014: <strong>\u00c1lvaro Subi\u00f1as Arribas<\/strong> (hijo de Juli y Pablo).<\/p>\n<\/div>\n<div style=\"text-align: justify\"><\/div>\n<div>\n<h1><strong><span style=\"color: #0000ff\">DESCANSAN EN PAZ<\/span><\/strong><\/h1>\n<p>&nbsp;<\/p>\n<p style=\"text-align: justify\">* <strong>JON<\/strong>: Falleci\u00f3 el 22 de enero de 2014, a los 78 a\u00f1os de edad, fue enterrado en Algorta (Vizcaya).<\/p>\n<div id=\"attachment_8514\" style=\"width: 260px\" class=\"wp-caption alignnone\"><a  href=\"http:\/\/www.mecerreyes.com\/mece\/wp-content\/uploads\/2014\/01\/Jon.jpg\" class=\"thickbox no_icon\" title=\"Jon\"><img loading=\"lazy\" decoding=\"async\" aria-describedby=\"caption-attachment-8514\" class=\"size-full wp-image-8514\" alt=\"Jon\" src=\"http:\/\/www.mecerreyes.com\/mece\/wp-content\/uploads\/2014\/01\/Jon.jpg\" width=\"250\" height=\"250\" srcset=\"https:\/\/www.mecerreyes.com\/mece\/wp-content\/uploads\/2014\/01\/Jon.jpg 250w, https:\/\/www.mecerreyes.com\/mece\/wp-content\/uploads\/2014\/01\/Jon-150x150.jpg 150w\" sizes=\"(max-width: 250px) 100vw, 250px\" \/><\/a><p id=\"caption-attachment-8514\" class=\"wp-caption-text\">Jon<\/p><\/div>\n<p style=\"text-align: justify\">* <strong>ELEUTERIO BLANCO<\/strong>: Falleci\u00f3 en Burgos el 3 de enero de 2014, a los 72 a\u00f1os. Esposa: Flor Arribas, hija Amaya.<\/p>\n<p><a  href=\"http:\/\/www.mecerreyes.com\/mece\/wp-content\/uploads\/2014\/02\/Eleuterio-Blanco.jpg\" class=\"thickbox no_icon\" title=\"Eleuterio Blanco\"><img loading=\"lazy\" decoding=\"async\" class=\"alignnone  wp-image-8526\" alt=\"Eleuterio Blanco\" src=\"http:\/\/www.mecerreyes.com\/mece\/wp-content\/uploads\/2014\/02\/Eleuterio-Blanco.jpg\" width=\"389\" height=\"233\" srcset=\"https:\/\/www.mecerreyes.com\/mece\/wp-content\/uploads\/2014\/02\/Eleuterio-Blanco.jpg 555w, https:\/\/www.mecerreyes.com\/mece\/wp-content\/uploads\/2014\/02\/Eleuterio-Blanco-300x180.jpg 300w\" sizes=\"(max-width: 389px) 100vw, 389px\" \/><\/a><\/p>\n<p style=\"text-align: justify\">* <strong>JOS\u00c9 GONZ\u00c1LEZ GONZ\u00c1LEZ (Pepe)<\/strong>, hijo de Mat\u00edas y Julia: Falleci\u00f3 el 28 de enero de 2014 a los 78 a\u00f1os en Madrid. Esposa: Tere. Hijas: Elena, Teresa y Mari Mar. Fue enterrado en Mecerreyes el 30 de enero.<\/p>\n<p>&nbsp;<\/p>\n<p style=\"text-align: justify\">* <strong>VIDAL CONTRERAS MART\u00cdNEZ<\/strong>, viudo de Ascensi\u00f3n Garc\u00eda, falleci\u00f3 en Bilbao el 26 de enero de 2014, a los 76 a\u00f1os de edad. Hijos: Bego\u00f1a, Amaya, Araceli y Vidal. Sus cenizas descansan en Barbadillo.<\/p>\n<p>&nbsp;<\/p>\n<h1><strong><span style=\"color: #0000ff\">V\u00cdCTOR MART\u00cdNEZ<\/span><\/strong><\/h1>\n<p style=\"text-align: justify\">Y para terminar esta secci\u00f3n de noticias, nada mejor que comunicar el \u00e9xito de V\u00edctor Mart\u00ednez, <i>el burgal\u00e9s de Mecerreyes<\/i> que, fiel a sus ra\u00edces, abre las puertas de su empresa para pr\u00e1cticas y proyectos de investigaci\u00f3n. \u00a1Gracias!<\/p>\n<p>&nbsp;<\/p>\n<h1 style=\"text-align: justify\">Salerm Cosmetics ofrece pr\u00e1cticas y proyectos de investigaci\u00f3n a la UBU<\/h1>\n<p style=\"text-align: justify\"><a  href=\"http:\/\/www.mecerreyes.com\/mece\/wp-content\/uploads\/2014\/02\/Victor-Martinez.-Diario-de-Burgos.jpg\" class=\"thickbox no_icon\" title=\"Victor Martinez. Diario de Burgos\"><img loading=\"lazy\" decoding=\"async\" class=\"alignleft  wp-image-8532\" alt=\"Victor Martinez. Diario de Burgos\" src=\"http:\/\/www.mecerreyes.com\/mece\/wp-content\/uploads\/2014\/02\/Victor-Martinez.-Diario-de-Burgos.jpg\" width=\"259\" height=\"220\" srcset=\"https:\/\/www.mecerreyes.com\/mece\/wp-content\/uploads\/2014\/02\/Victor-Martinez.-Diario-de-Burgos.jpg 600w, https:\/\/www.mecerreyes.com\/mece\/wp-content\/uploads\/2014\/02\/Victor-Martinez.-Diario-de-Burgos-300x254.jpg 300w\" sizes=\"(max-width: 259px) 100vw, 259px\" \/><\/a>Estudiantes de Qu\u00edmicas y Tecnolog\u00eda de los Alimentos, pero tambi\u00e9n de Econ\u00f3micas y Derecho, podr\u00e1n realizar pr\u00e1cticas en Salerm Cosmetics, una empresa posicionada en el mercado exterior con sede en Barcelona y presencia en Burgos, provincia originaria de su responsable, V\u00edctor Mart\u00ednez. Los criterios de selecci\u00f3n ser\u00e1n determinados por una comisi\u00f3n de trabajo, al igual que el n\u00famero final de beneficiarios, si bien se habla de un m\u00e1ximo de veinte.<br \/>\nLa posibilidad de realizar pr\u00e1cticas en las distintas empresas que el grupo tiene repartidas por Espa\u00f1a, y m\u00e1s de cuarenta pa\u00edses, es una de las acciones recogidas en el convenio de colaboraci\u00f3n rubricado ayer entre la instituci\u00f3n acad\u00e9mica y la compa\u00f1\u00eda, que a su vez ha permitido crear la C\u00e1tedra que lleva el nombre del empresario burgal\u00e9s. Porque, a pesar de la crisis, esta firma de cosm\u00e9ticos ha conseguido crecer gracias al mercado internacional, hasta donde llegan el 65% de sus productos, con incrementos del 30% en pa\u00edses como M\u00e9xico, tal y como avanz\u00f3 ayer su presidente.<br \/>\nEn principio, el aterrizaje de los estudiantes ser\u00e1 en las delegaciones nacionales<\/p>\n<div id=\"attachment_8530\" style=\"width: 328px\" class=\"wp-caption alignright\"><a  href=\"http:\/\/www.mecerreyes.com\/mece\/wp-content\/uploads\/2014\/02\/Victor-Martinez.-Foto-Diario-de-Burgos-2.jpg\" class=\"thickbox no_icon\" title=\"Victor Martinez. Foto Diario de Burgos\"><img loading=\"lazy\" decoding=\"async\" aria-describedby=\"caption-attachment-8530\" class=\" wp-image-8530 \" alt=\"Victor Martinez. Foto Diario de Burgos\" src=\"http:\/\/www.mecerreyes.com\/mece\/wp-content\/uploads\/2014\/02\/Victor-Martinez.-Foto-Diario-de-Burgos-2.jpg\" width=\"318\" height=\"239\" srcset=\"https:\/\/www.mecerreyes.com\/mece\/wp-content\/uploads\/2014\/02\/Victor-Martinez.-Foto-Diario-de-Burgos-2.jpg 353w, https:\/\/www.mecerreyes.com\/mece\/wp-content\/uploads\/2014\/02\/Victor-Martinez.-Foto-Diario-de-Burgos-2-300x225.jpg 300w\" sizes=\"(max-width: 318px) 100vw, 318px\" \/><\/a><p id=\"caption-attachment-8530\" class=\"wp-caption-text\">Victor Martinez. Foto Diario de Burgos<\/p><\/div>\n<p style=\"text-align: justify\">de la empresa, aunque despu\u00e9s existe la posibilidad de dar continuidad a la formaci\u00f3n pr\u00e1ctica en el exterior. \u00abEs bueno perder el miedo a salir fuera\u00bb, asegur\u00f3 Mart\u00ednez tras la firma del convenio, no sin antes subrayar que la compa\u00f1\u00eda cuenta con numerosos \u00abcampos de trabajo\u00bb debido a su expansi\u00f3n, entre los que aludi\u00f3 al comercial.<br \/>\nJunto a las pr\u00e1cticas, que se ver\u00e1n reforzadas con la participaci\u00f3n de la compa\u00f1\u00eda en el programa Universitario-Cantera, el convenio recoge otras medidas relacionadas con el \u00e1mbito de la investigaci\u00f3n. As\u00ed, se desarrollar\u00e1n proyectos en este sentido con los grupos de la Facultad de Ciencias sobre productos cosm\u00e9ticos, para los que se trabajar\u00e1 en colaboraci\u00f3n con la delegaci\u00f3n de la firma en Burgos, en el Pol\u00edgono de Gamonal. El convenio se completa con actividades de promoci\u00f3n, comunicaci\u00f3n y m\u00e1rketing de dichos productos entre la comunidad universitaria, que abarca a 11.000 personas, adem\u00e1s de apoyar el deporte como instrumento de desarrollo integral y social de los j\u00f3venes y de promover visitas de directores de proyectos de investigaci\u00f3n a la empresa.<br \/>\nPara el rector de la UBU, Alfonso Murillo, la C\u00e1tedra reci\u00e9n creada refuerza la colaboraci\u00f3n entre la instituci\u00f3n acad\u00e9mica y la empresa y debe \u00abservir de ejemplo\u00bb para otras compa\u00f1\u00edas. De igual manera, record\u00f3 que los primeros contactos con Salerm se remontan a hace un a\u00f1o, cuando su presidente particip\u00f3 en el ciclo de conferencias UBU-Activa, donde empresarios de \u00e9xito exponen a los universitarios su experiencia.<\/p>\n<div id=\"attachment_8531\" style=\"width: 461px\" class=\"wp-caption alignnone\"><a  href=\"http:\/\/www.mecerreyes.com\/mece\/wp-content\/uploads\/2014\/02\/Victor-Martinez.-Foto-Diario-de-Burgos-1.jpg\" class=\"thickbox no_icon\" title=\"Victor Martinez. Foto Diario de Burgos\"><img loading=\"lazy\" decoding=\"async\" aria-describedby=\"caption-attachment-8531\" class=\" wp-image-8531 \" alt=\"Victor Martinez. Foto Diario de Burgos\" src=\"http:\/\/www.mecerreyes.com\/mece\/wp-content\/uploads\/2014\/02\/Victor-Martinez.-Foto-Diario-de-Burgos-1.jpg\" width=\"451\" height=\"329\" srcset=\"https:\/\/www.mecerreyes.com\/mece\/wp-content\/uploads\/2014\/02\/Victor-Martinez.-Foto-Diario-de-Burgos-1.jpg 644w, https:\/\/www.mecerreyes.com\/mece\/wp-content\/uploads\/2014\/02\/Victor-Martinez.-Foto-Diario-de-Burgos-1-300x218.jpg 300w\" sizes=\"(max-width: 451px) 100vw, 451px\" \/><\/a><p id=\"caption-attachment-8531\" class=\"wp-caption-text\">Victor Martinez. Foto Diario de Burgos<\/p><\/div>\n<p style=\"text-align: justify\">Aunque la producci\u00f3n del grupo empresariales se realiza en Espa\u00f1a y Venezuela, cuenta con delegaciones en Alemania, Italia, Rusia, Venezuela, Colombia, Estados Unidos, Rep\u00fablica Checa y Marruecos, entre otros pa\u00edses. En Espa\u00f1a sus instalaciones est\u00e1n repartidas por Catalu\u00f1a, Arag\u00f3n, Castilla y Le\u00f3n, Madrid, Galicia, Pa\u00eds Vasco y Valencia.<\/p>\n<p style=\"text-align: justify\"><span style=\"color: #ffffff\">.<\/span><\/p>\n<\/div>\n<div><\/div>\n<div><a  href=\"http:\/\/www.diariodeburgos.es\/noticia\/Z5AC85F51-014C-1E93-3E2F8840469369CF\/20140118\/salerm\/cosmetics\/ofrece\/practicas\/proyectos\/investigacion\/ubu\" target=\"_blank\">http:\/\/www.diariodeburgos.es\/noticia\/Z5AC85F51-014C-1E93-3E2F8840469369CF\/20140118\/salerm\/cosmetics\/ofrece\/practicas\/proyectos\/investigacion\/ubu<\/a><\/div>\n<div><\/div>\n<div><\/div>\n<div><\/div>\n<div><\/div>\n<div><\/div>\n<div><\/div>","protected":false},"excerpt":{"rendered":"<p>Se fueron los d\u00edas tan especiales y tan esperados por todos de Navidad y A\u00f1o Nuevo. Pas\u00f3 ya la tan temida cuesta de enero y hemos empezado el mes de febrero. Decimos, y es verdad, que en estos d\u00edas no suele haber noticias, que el paso de los d\u00edas es lento y tranquilo, como la [&hellip;]<\/p>\n","protected":false},"author":5,"featured_media":0,"comment_status":"open","ping_status":"closed","sticky":false,"template":"","format":"standard","meta":{"_et_pb_use_builder":"","_et_pb_old_content":"","_et_gb_content_width":"","footnotes":""},"categories":[1],"tags":[37,21,36],"class_list":["post-8505","post","type-post","status-publish","format-standard","hentry","category-general","tag-gallo-de-carnaval","tag-guiletos","tag-marzas","et-doesnt-have-format-content","et_post_format-et-post-format-standard"],"_links":{"self":[{"href":"https:\/\/www.mecerreyes.com\/mece\/index.php?rest_route=\/wp\/v2\/posts\/8505"}],"collection":[{"href":"https:\/\/www.mecerreyes.com\/mece\/index.php?rest_route=\/wp\/v2\/posts"}],"about":[{"href":"https:\/\/www.mecerreyes.com\/mece\/index.php?rest_route=\/wp\/v2\/types\/post"}],"author":[{"embeddable":true,"href":"https:\/\/www.mecerreyes.com\/mece\/index.php?rest_route=\/wp\/v2\/users\/5"}],"replies":[{"embeddable":true,"href":"https:\/\/www.mecerreyes.com\/mece\/index.php?rest_route=%2Fwp%2Fv2%2Fcomments&post=8505"}],"version-history":[{"count":1,"href":"https:\/\/www.mecerreyes.com\/mece\/index.php?rest_route=\/wp\/v2\/posts\/8505\/revisions"}],"predecessor-version":[{"id":8932,"href":"https:\/\/www.mecerreyes.com\/mece\/index.php?rest_route=\/wp\/v2\/posts\/8505\/revisions\/8932"}],"wp:attachment":[{"href":"https:\/\/www.mecerreyes.com\/mece\/index.php?rest_route=%2Fwp%2Fv2%2Fmedia&parent=8505"}],"wp:term":[{"taxonomy":"category","embeddable":true,"href":"https:\/\/www.mecerreyes.com\/mece\/index.php?rest_route=%2Fwp%2Fv2%2Fcategories&post=8505"},{"taxonomy":"post_tag","embeddable":true,"href":"https:\/\/www.mecerreyes.com\/mece\/index.php?rest_route=%2Fwp%2Fv2%2Ftags&post=8505"}],"curies":[{"name":"wp","href":"https:\/\/api.w.org\/{rel}","templated":true}]}}