{"id":9316,"date":"2014-09-05T16:33:15","date_gmt":"2014-09-05T15:33:15","guid":{"rendered":"http:\/\/www.mecerreyes.com\/mece\/?p=9316"},"modified":"2016-08-05T23:02:47","modified_gmt":"2016-08-05T22:02:47","slug":"noticias-agosto-2014","status":"publish","type":"post","link":"https:\/\/www.mecerreyes.com\/mece\/?p=9316","title":{"rendered":"Noticias Agosto 2014"},"content":{"rendered":"<h1 style=\"text-align: center\" align=\"center\"><b>NOTICIAS AGOSTO 2014<\/b><\/h1>\n<p style=\"text-align: justify\">Se ha puesto el sol en esta tarde calurosa de septiembre y la gente disfrutando del buen tiempo y de la fresca. Septiembre ha llegado y con \u00e9l la vida misma que comienza: escuela, trabajo, ocio, rutinas&#8230; Como siempre, el final del verano lleg\u00f3 antes de que nos di\u00e9ramos cuenta. Nuestro abuelo, todav\u00eda aturdido por el ruido, la m\u00fasica y los \u00faltimos sucedidos, como que dormita, pero no, est\u00e1 despierto y no pierde detalle&#8230; Como siempre, tan campechano y entra\u00f1able.<\/p>\n<p style=\"text-align: justify\"><span style=\"color: #0000ff\">&#8211;\u00a0\u00a0\u00a0\u00a0\u00a0\u00a0\u00a0\u00a0 \u00a1Vaya movida que hemos tenido el pasado mes de agosto! \u00bfQu\u00e9 le ha parecido, abuelo?<\/span><\/p>\n<p style=\"text-align: justify\">&#8211;\u00a0\u00a0\u00a0\u00a0\u00a0\u00a0\u00a0\u00a0 Pues qu\u00e9 me va a parecer sino muy bien. Da gusto ver a la gente tan bien avenida, disfrutar de la familia, los amigos, los encuentros y la fiesta. Ha sido un mes para enmarcar, vamos que me he sentido contento, a gusto, feliz. A ver si para el a\u00f1o que viene nos encontramos tan bien todos y de nuevo nos vemos, eso s\u00ed, que no faltemos nadie, que se echa de menos a los ausentes.<\/p>\n<p style=\"text-align: justify\"><span style=\"color: #0000ff\">&#8211;\u00a0\u00a0\u00a0\u00a0\u00a0\u00a0\u00a0\u00a0 Ya sabe usted, agosto es el mes en el que m\u00e1s gente viene al pueblo para visitar la familia, los amigos y de paso curar un poco ese poso de nostalgia que todos tenemos de nuestras ra\u00edces. \u00bfQu\u00e9 me cuenta de nuestras fiestas de <a  href=\"https:\/\/www.mecerreyes.com\/mece\/?page_id=60\">Acci\u00f3n de Gracias<\/a> y Nuestra Se\u00f1ora del Camino?<\/span><\/p>\n<p style=\"text-align: justify\">&#8211;\u00a0\u00a0\u00a0\u00a0\u00a0\u00a0\u00a0\u00a0\u00a0\u00a0\u00a0\u00a0\u00a0\u00a0\u00a0\u00a0\u00a0\u00a0\u00a0\u00a0 Mira, te podr\u00eda contar muchas cosas, pero prefiero que lo hagan los responsables de organizarlas, m\u00e1s en concreto la <strong>Pe\u00f1a Tokiski<\/strong>. A lo largo de este mes de septiembre se publicar\u00e1 en esta misma p\u00e1gina una breve cr\u00f3nica de estos d\u00edas tan especiales para todos. Pero desde mi modesta opini\u00f3n, lo mejor, la gente. Han venido al pueblo, han participado en las fiestas, en la gran diversidad de actividades programadas&#8230; y se ha visto armon\u00eda, ilusi\u00f3n y buen hacer. \u00bfPero has visto cu\u00e1nta animaci\u00f3n? Y me ha gustado mucho que todos se hayan comportado tan bien. Todos han sabido estar a la altura y si alguna cosa no ha salido bien, pues que somos humanos y nos equivocamos. En el programa mismo que recibimos ya nos lo comunicaba la Pe\u00f1a organizadora: <i>\u201cRogamos nos disculpen si se produce alg\u00fan contratiempo<\/i><i>\u201d.<\/i> Y como dec\u00eda nuestro alcalde en su saludo: <i>\u201cQue estos d\u00edas de fiestas constituyan para todos un gran recuerdo que se a\u00f1ore hasta que lleguen las del pr\u00f3ximo a\u00f1o<\/i><i>\u201d.<\/i>\u00a0 Creo que no le falta raz\u00f3n. Ya queda menos para ellas. \u00a1Gracias a todos los que hab\u00e9is hecho posible que en nuestro pueblo siga todo tan hermoso y que la vida contin\u00fae viva!<\/p>\n<div id=\"attachment_9434\" style=\"width: 577px\" class=\"wp-caption alignnone\"><a  href=\"http:\/\/www.mecerreyes.com\/mece\/wp-content\/uploads\/2014\/09\/Mecerreyes-encierro-infantil-Zaragata-30-08-14.jpg\" class=\"thickbox no_icon\" title=\"Mecerreyes, encierro infantil Zaragata, 30-08-14\"><img loading=\"lazy\" decoding=\"async\" aria-describedby=\"caption-attachment-9434\" class=\" wp-image-9434 \" src=\"http:\/\/www.mecerreyes.com\/mece\/wp-content\/uploads\/2014\/09\/Mecerreyes-encierro-infantil-Zaragata-30-08-14.jpg\" alt=\"Mecerreyes, encierro infantil Zaragata, 30-08-14\" width=\"567\" height=\"357\" srcset=\"https:\/\/www.mecerreyes.com\/mece\/wp-content\/uploads\/2014\/09\/Mecerreyes-encierro-infantil-Zaragata-30-08-14.jpg 700w, https:\/\/www.mecerreyes.com\/mece\/wp-content\/uploads\/2014\/09\/Mecerreyes-encierro-infantil-Zaragata-30-08-14-300x189.jpg 300w\" sizes=\"(max-width: 567px) 100vw, 567px\" \/><\/a><p id=\"caption-attachment-9434\" class=\"wp-caption-text\">Mecerreyes, encierro infantil Zaragata, 30-08-14<\/p><\/div>\n<p style=\"text-align: justify\"><b>\u00a0<\/b><\/p>\n<p style=\"text-align: justify\"><b>COSECHA<\/b><\/p>\n<p style=\"text-align: justify\"><span style=\"color: #0000ff\">&#8211;\u00a0\u00a0\u00a0\u00a0\u00a0\u00a0\u00a0\u00a0 \u00bfY la cosecha de este a\u00f1o ha sido tan buena como se preve\u00eda?<\/span> <b><\/b><\/p>\n<p style=\"text-align: justify\">&#8211;\u00a0\u00a0\u00a0\u00a0\u00a0\u00a0\u00a0\u00a0 Pues gustos para todo, como en botica. Pero la verdad, yo creo que muy buena. El tiempo respet\u00f3 en el momento de la recolecci\u00f3n. Ni lluvias ni humedades, que se agradece. Ahora s\u00f3lo falta que el precio que reciba el agricultor por la cosecha obtenida sea justo, que eso ya ser\u00e1 otro cantar. Ya sabes c\u00f3mo van estas cosas.<\/p>\n<p style=\"text-align: justify\"><b>BAUTIZO<\/b><\/p>\n<p style=\"text-align: justify\"><span style=\"color: #0000ff\">&#8211;\u00a0\u00a0\u00a0\u00a0\u00a0\u00a0\u00a0\u00a0 \u00a1Qu\u00e9 bien, eh abuelo, de nuevo un bautizo m\u00e1s este verano!<\/span><b><\/b><\/p>\n<p style=\"text-align: justify\">&#8211;\u00a0\u00a0\u00a0\u00a0\u00a0\u00a0\u00a0\u00a0 Pues s\u00ed, la semana anterior a las fiestas se celebr\u00f3 el bautizo de la peque\u00f1a <strong>Luc\u00eda<\/strong>. Concretamente fue el 23 de agosto. \u00a1Felicidades para sus padres Ester y Joaqu\u00edn, su hermanito Nicol\u00e1s y toda su gran familia Gonz\u00e1lez Alonso!<\/p>\n<div id=\"attachment_9440\" style=\"width: 730px\" class=\"wp-caption alignnone\"><a  href=\"http:\/\/www.mecerreyes.com\/mece\/wp-content\/uploads\/2014\/09\/Bautizo-de-Lucia-Gonzalez-Alonso-Mecerreyes-23-08-14.jpg\" class=\"thickbox no_icon\" title=\"Bautizo de Lucia Gonz\u00e1lez Alonso, Mecerreyes 23-08-14\"><img loading=\"lazy\" decoding=\"async\" aria-describedby=\"caption-attachment-9440\" class=\" wp-image-9440 \" src=\"http:\/\/www.mecerreyes.com\/mece\/wp-content\/uploads\/2014\/09\/Bautizo-de-Lucia-Gonzalez-Alonso-Mecerreyes-23-08-14.jpg\" alt=\"Bautizo de Lucia Gonz\u00e1lez Alonso, Mecerreyes 23-08-14\" width=\"720\" height=\"224\" srcset=\"https:\/\/www.mecerreyes.com\/mece\/wp-content\/uploads\/2014\/09\/Bautizo-de-Lucia-Gonzalez-Alonso-Mecerreyes-23-08-14.jpg 2500w, https:\/\/www.mecerreyes.com\/mece\/wp-content\/uploads\/2014\/09\/Bautizo-de-Lucia-Gonzalez-Alonso-Mecerreyes-23-08-14-300x93.jpg 300w, https:\/\/www.mecerreyes.com\/mece\/wp-content\/uploads\/2014\/09\/Bautizo-de-Lucia-Gonzalez-Alonso-Mecerreyes-23-08-14-1024x318.jpg 1024w\" sizes=\"(max-width: 720px) 100vw, 720px\" \/><\/a><p id=\"caption-attachment-9440\" class=\"wp-caption-text\">Bautizo de Luc\u00eda Gonz\u00e1lez Alonso, Mecerreyes 23-08-14<\/p><\/div>\n<p style=\"text-align: justify\"><b>BODAS DE ORO <\/b><\/p>\n<p style=\"text-align: justify\"><span style=\"color: #0000ff\">&#8211;\u00a0\u00a0\u00a0\u00a0\u00a0\u00a0\u00a0\u00a0 \u00bfSe habr\u00e1 dado usted cuenta que estamos de suerte, que \u00faltimamente celebramos muchas bodas de oro? \u00bfEstar\u00e1 contento, no?<\/span> <b><\/b><\/p>\n<p style=\"text-align: justify\">&#8211;\u00a0\u00a0\u00a0\u00a0\u00a0\u00a0\u00a0\u00a0 Muy contento, de verdad. Esta vez felicitamos a <strong>Luci y Esuperio<\/strong>, que rodeados de hermanos, sobrinos y paisanos celebraron este acontecimiento tan especial en sus vidas el 9 de agosto en nuestra nuestra peque\u00f1a catedral.<\/p>\n<div id=\"attachment_9449\" style=\"width: 810px\" class=\"wp-caption alignnone\"><a  href=\"http:\/\/www.mecerreyes.com\/mece\/wp-content\/uploads\/2014\/09\/Bodas-de-Oro-Luci-y-Esuperio-Mecerreyes-9-08-14-a.jpg\" class=\"thickbox no_icon\" title=\"Bodas de Oro, Luci y Esuperio, Mecerreyes 9-08-14\"><img loading=\"lazy\" decoding=\"async\" aria-describedby=\"caption-attachment-9449\" class=\"size-full wp-image-9449\" src=\"http:\/\/www.mecerreyes.com\/mece\/wp-content\/uploads\/2014\/09\/Bodas-de-Oro-Luci-y-Esuperio-Mecerreyes-9-08-14-a.jpg\" alt=\"Bodas de Oro, Luci y Esuperio, Mecerreyes 9-08-14\" width=\"800\" height=\"374\" srcset=\"https:\/\/www.mecerreyes.com\/mece\/wp-content\/uploads\/2014\/09\/Bodas-de-Oro-Luci-y-Esuperio-Mecerreyes-9-08-14-a.jpg 800w, https:\/\/www.mecerreyes.com\/mece\/wp-content\/uploads\/2014\/09\/Bodas-de-Oro-Luci-y-Esuperio-Mecerreyes-9-08-14-a-300x140.jpg 300w\" sizes=\"(max-width: 800px) 100vw, 800px\" \/><\/a><p id=\"caption-attachment-9449\" class=\"wp-caption-text\">Bodas de Oro, Luci y Esuperio, Mecerreyes 9-08-14<\/p><\/div>\n<p style=\"text-align: justify\">Tambi\u00e9n hemos recibido la fotograf\u00eda de la celebraci\u00f3n de las bodas de oro de <strong>Dacio y Dori<\/strong>, que igualmente la celebraron rodeados de toda su familia en Lanzarote. \u00a1MUCH\u00cdSIMAS FELICIDADES!<\/p>\n<div id=\"attachment_9450\" style=\"width: 810px\" class=\"wp-caption alignnone\"><a  href=\"http:\/\/www.mecerreyes.com\/mece\/wp-content\/uploads\/2014\/09\/Bodas-de-oro-Dacio-y-Dori-2014-en-Lanzarote-a.jpg\" class=\"thickbox no_icon\" title=\"Bodas de oro, Dacio y Dori 2014 en Lanzarote\"><img loading=\"lazy\" decoding=\"async\" aria-describedby=\"caption-attachment-9450\" class=\"size-full wp-image-9450\" src=\"http:\/\/www.mecerreyes.com\/mece\/wp-content\/uploads\/2014\/09\/Bodas-de-oro-Dacio-y-Dori-2014-en-Lanzarote-a.jpg\" alt=\"Bodas de oro, Dacio y Dori 2014 en Lanzarote\" width=\"800\" height=\"476\" srcset=\"https:\/\/www.mecerreyes.com\/mece\/wp-content\/uploads\/2014\/09\/Bodas-de-oro-Dacio-y-Dori-2014-en-Lanzarote-a.jpg 800w, https:\/\/www.mecerreyes.com\/mece\/wp-content\/uploads\/2014\/09\/Bodas-de-oro-Dacio-y-Dori-2014-en-Lanzarote-a-300x178.jpg 300w\" sizes=\"(max-width: 800px) 100vw, 800px\" \/><\/a><p id=\"caption-attachment-9450\" class=\"wp-caption-text\">Bodas de oro, Dacio y Dori 2014 en Lanzarote<\/p><\/div>\n<p style=\"text-align: justify\"><b>DESCANSAN EN PAZ<\/b><\/p>\n<p style=\"text-align: justify\"><span style=\"color: #0000ff\">&#8211;\u00a0\u00a0\u00a0\u00a0\u00a0\u00a0\u00a0\u00a0 Es triste, abuelo, pero esta vez tambi\u00e9n tenemos que lamentar alguna p\u00e9rdida, \u00bfverdad?<\/span> <b><\/b><\/p>\n<p style=\"text-align: justify\">&#8211;\u00a0\u00a0\u00a0\u00a0\u00a0\u00a0\u00a0\u00a0 As\u00ed es. Esta vez comunicar que han fallecido Emilio y Mar\u00eda. <b><\/b><\/p>\n<p style=\"text-align: justify\"><strong>Emilio Alonso Rubio<\/strong>, falleci\u00f3, tras una larga enfermedad, el 12 de agosto a los 47 a\u00f1os. \u00a0Nuestro recuerdo m\u00e1s entra\u00f1able para Charo, su esposa, Carla,\u00a0 su hija, sus padres, Gloria y Nan\u00edn y sus hermanos, Carlos y Javi. Fue enterrado en Valencia de Don Juan (Le\u00f3n).<\/p>\n<div id=\"attachment_9443\" style=\"width: 246px\" class=\"wp-caption alignnone\"><a  href=\"http:\/\/www.mecerreyes.com\/mece\/wp-content\/uploads\/2014\/09\/Emilio-Alonso.jpg\" class=\"thickbox no_icon\" title=\"Emilio Alonso\"><img loading=\"lazy\" decoding=\"async\" aria-describedby=\"caption-attachment-9443\" class=\"size-full wp-image-9443\" src=\"http:\/\/www.mecerreyes.com\/mece\/wp-content\/uploads\/2014\/09\/Emilio-Alonso.jpg\" alt=\"Emilio Alonso\" width=\"236\" height=\"293\" \/><\/a><p id=\"caption-attachment-9443\" class=\"wp-caption-text\">Emilio Alonso<\/p><\/div>\n<p style=\"text-align: justify\">Por otra parte, <strong>Mar\u00eda Alonso Cuevas<\/strong>, falleci\u00f3 el 17 de agosto, a los 88 a\u00f1os, en Miranda de Ebro. Nuestro recuerdo y cari\u00f1o para sus hijos: M\u00aaJes\u00fas, Ram\u00f3n, Juli\u00e1n y \u00c1ngela.<\/p>\n<div id=\"attachment_9444\" style=\"width: 346px\" class=\"wp-caption alignnone\"><a  href=\"http:\/\/www.mecerreyes.com\/mece\/wp-content\/uploads\/2014\/09\/Maria-Alonso-Cuevas.jpg\" class=\"thickbox no_icon\" title=\"Maria Alonso Cuevas\"><img loading=\"lazy\" decoding=\"async\" aria-describedby=\"caption-attachment-9444\" class=\" wp-image-9444 \" src=\"http:\/\/www.mecerreyes.com\/mece\/wp-content\/uploads\/2014\/09\/Maria-Alonso-Cuevas.jpg\" alt=\"Maria Alonso Cuevas\" width=\"336\" height=\"223\" srcset=\"https:\/\/www.mecerreyes.com\/mece\/wp-content\/uploads\/2014\/09\/Maria-Alonso-Cuevas.jpg 800w, https:\/\/www.mecerreyes.com\/mece\/wp-content\/uploads\/2014\/09\/Maria-Alonso-Cuevas-300x198.jpg 300w\" sizes=\"(max-width: 336px) 100vw, 336px\" \/><\/a><p id=\"caption-attachment-9444\" class=\"wp-caption-text\">Mar\u00eda Alonso Cuevas<\/p><\/div>\n<p style=\"text-align: justify\">\u00a1Descansen en paz! <b><i><\/i><\/b><\/p>\n<p style=\"text-align: justify\"><b>ACTIVIDADES CULTURALES EN MECERREYES<\/b><\/p>\n<p style=\"text-align: justify\"><span style=\"color: #0000ff\">&#8211;\u00a0\u00a0\u00a0\u00a0\u00a0\u00a0\u00a0\u00a0 He o\u00eddo a mucha gente que se lo han pasado en grande estos d\u00edas, que se divirtieron de lo lindo. \u00bfUsted tambi\u00e9n?<\/span><b><\/b><\/p>\n<p style=\"text-align: justify\">&#8211;\u00a0\u00a0\u00a0\u00a0\u00a0\u00a0\u00a0\u00a0 Natural, no es para menos tener la suerte de ver y escuchar en nuestro pueblo arte, arte de verdad. El 10 de agosto <b>Tiritirantes \u2013 A su servicio, <\/b>un espect\u00e1culo familiar que reuni\u00f3 a todas las generaciones \u2013la plaza estaba a rebosar- y a todos nos dej\u00f3 boquiabiertos. Una actuaci\u00f3n simp\u00e1tica y de gran calidad, protagonizada por nuestro amigo y vecino Jacinto (hijo de Guille y Ascen) y su compa\u00f1ero, \u00d3scar, que trabajaron de lo lindo, hicieron participar a ni\u00f1os y grandes con sus juegos de malabares, apariciones y desapariciones\u00a0m\u00e1gicas, levitaron a alguno de los presentes, sacaron muchas sonrisas y recibieron un fuerte y largo aplauso como reconocimiento a su trabajo. Y encima el tiempo acompa\u00f1\u00f3. \u00bfQu\u00e9 m\u00e1s se puede pedir cuando ves un espect\u00e1culo tan bonito y a todos felices?<\/p>\n<div id=\"attachment_9452\" style=\"width: 810px\" class=\"wp-caption alignnone\"><a  href=\"http:\/\/www.mecerreyes.com\/mece\/wp-content\/uploads\/2014\/09\/Mecerreyes-Tiritirantes-10-08-2014-A-su-servicio.jpg\" class=\"thickbox no_icon\" title=\"Mecerreyes, Tiritirantes 10-08-2014, A su servicio\"><img loading=\"lazy\" decoding=\"async\" aria-describedby=\"caption-attachment-9452\" class=\"size-full wp-image-9452 \" src=\"http:\/\/www.mecerreyes.com\/mece\/wp-content\/uploads\/2014\/09\/Mecerreyes-Tiritirantes-10-08-2014-A-su-servicio.jpg\" alt=\"Mecerreyes, Tiritirantes 10-08-2014, A su servicio\" width=\"800\" height=\"408\" srcset=\"https:\/\/www.mecerreyes.com\/mece\/wp-content\/uploads\/2014\/09\/Mecerreyes-Tiritirantes-10-08-2014-A-su-servicio.jpg 800w, https:\/\/www.mecerreyes.com\/mece\/wp-content\/uploads\/2014\/09\/Mecerreyes-Tiritirantes-10-08-2014-A-su-servicio-300x153.jpg 300w\" sizes=\"(max-width: 800px) 100vw, 800px\" \/><\/a><p id=\"caption-attachment-9452\" class=\"wp-caption-text\">Mecerreyes, Tiritirantes 10-08-2014, A su servicio<\/p><\/div>\n<p style=\"text-align: justify\">Y el 14 de agosto<b> Qu\u00e9date con la copla. Mariano Mangas y Jos\u00e9 Salinas.\u00a0 <\/b>De nuevo el tiempo acompa\u00f1\u00f3, a \u00faltima hora baj\u00f3 un poco la temperatura, pero pudimos disfrutar, en un escenario adornado con mimo, de un gran concierto de canci\u00f3n espa\u00f1ola. Con un conocido repertorio de coplas: Ay pena, penita, pena &#8211;\u00a0 La bien pag\u00e1 &#8211; Verde que te quiero verde\u2026 Disfrutamos de la magn\u00edfica voz de Jos\u00e9 Salinas y la extraordinaria guitarra de Mariano Mangas. Gracias a ellos pudimos recordar, especialmente los m\u00e1s mayores, estas coplas escuchadas a tantos grandes artistas espa\u00f1oles.<\/p>\n<div id=\"attachment_9453\" style=\"width: 810px\" class=\"wp-caption alignnone\"><a  href=\"http:\/\/www.mecerreyes.com\/mece\/wp-content\/uploads\/2014\/09\/Mecerreyes-Jose-Salinas-y-Mariano-Mangas-14-08-2014-b.jpg\" class=\"thickbox no_icon\" title=\"Mecerreyes, Jose Salinas y Mariano Mangas, 14-08-2014\"><img loading=\"lazy\" decoding=\"async\" aria-describedby=\"caption-attachment-9453\" class=\"size-full wp-image-9453\" src=\"http:\/\/www.mecerreyes.com\/mece\/wp-content\/uploads\/2014\/09\/Mecerreyes-Jose-Salinas-y-Mariano-Mangas-14-08-2014-b.jpg\" alt=\"Mecerreyes, Jose Salinas y Mariano Mangas, 14-08-2014\" width=\"800\" height=\"600\" srcset=\"https:\/\/www.mecerreyes.com\/mece\/wp-content\/uploads\/2014\/09\/Mecerreyes-Jose-Salinas-y-Mariano-Mangas-14-08-2014-b.jpg 800w, https:\/\/www.mecerreyes.com\/mece\/wp-content\/uploads\/2014\/09\/Mecerreyes-Jose-Salinas-y-Mariano-Mangas-14-08-2014-b-300x225.jpg 300w\" sizes=\"(max-width: 800px) 100vw, 800px\" \/><\/a><p id=\"caption-attachment-9453\" class=\"wp-caption-text\">Mecerreyes, Jose Salinas y Mariano Mangas, 14-08-2014<\/p><\/div>\n<p style=\"text-align: justify\"><b>DEPORTE EN MECERREYES<\/b><\/p>\n<p style=\"text-align: justify\"><span style=\"color: #0000ff\">&#8211;\u00a0\u00a0\u00a0\u00a0\u00a0\u00a0\u00a0\u00a0 Me gusta que en nuestro pueblo cada vez tenga m\u00e1s cabida el deporte. Y veo que este verano los ni\u00f1os se han divertido.<\/span> <b><\/b><\/p>\n<p style=\"text-align: justify\">&#8211;\u00a0\u00a0\u00a0\u00a0\u00a0\u00a0\u00a0\u00a0 Pues s\u00ed, este verano, como viene siendo tradicional, el front\u00f3n y la<\/p>\n<div id=\"attachment_9454\" style=\"width: 233px\" class=\"wp-caption alignright\"><a  href=\"http:\/\/www.mecerreyes.com\/mece\/wp-content\/uploads\/2014\/09\/Recorte-del-Diario-de-Burgos.jpg\" class=\"thickbox no_icon\" title=\"Recorte del Diario de Burgos\"><img loading=\"lazy\" decoding=\"async\" aria-describedby=\"caption-attachment-9454\" class=\" wp-image-9454 \" src=\"http:\/\/www.mecerreyes.com\/mece\/wp-content\/uploads\/2014\/09\/Recorte-del-Diario-de-Burgos.jpg\" alt=\"Recorte del Diario de Burgos\" width=\"223\" height=\"319\" srcset=\"https:\/\/www.mecerreyes.com\/mece\/wp-content\/uploads\/2014\/09\/Recorte-del-Diario-de-Burgos.jpg 619w, https:\/\/www.mecerreyes.com\/mece\/wp-content\/uploads\/2014\/09\/Recorte-del-Diario-de-Burgos-209x300.jpg 209w\" sizes=\"(max-width: 223px) 100vw, 223px\" \/><\/a><p id=\"caption-attachment-9454\" class=\"wp-caption-text\">Recorte del Diario de Burgos<\/p><\/div>\n<p style=\"text-align: justify\">pista polideportiva han tenido una gran ocupaci\u00f3n. Da gusto ver a los ni\u00f1os jugando, corriendo y disfrutando en compa\u00f1\u00eda de otros ni\u00f1os. Me pone malo ver tanto cachivache en manos de los ni\u00f1os, cacharros que los a\u00edslan y a veces creo que hasta los atontan. Pero bueno, as\u00ed son los tiempos y cosas buenas tienen, pero hay que saber usarlas. Pero a lo que vamos, que me enredo, los m\u00e1s peque\u00f1os del pueblo han tenido entrenamiento de f\u00fatbol todos los d\u00edas y \u00a1se ha notado!, ya que han jugado y ganado un torneo en Santo Domingo de Silos la tarde del 15 de agosto. Tambi\u00e9n han participado en el torneo de Quintanilla del Agua celebrado el 16 y 17 de agosto, obteniendo un merecido tercer puesto. Los chicos han presumido con su medalla de bronce. Pero tambi\u00e9n han recibido m\u00e1s premios: el mi\u00e9rcoles 20 de agosto, el <a  href=\"https:\/\/www.mecerreyes.com\/mece\/?page_id=797\">Mes\u00f3n de Frutos<\/a> les invit\u00f3 a comer por quedar en tan buena posici\u00f3n en los torneos jugados, comieron el mismo d\u00eda que la plantilla de primer equipo de la capital que tambi\u00e9n se desplaz\u00f3 hasta Mecerreyes para celebrar una comida. Los jugadores no pararon de firmar aut\u00f3grafos y fotografiarse con los jugadores del nuestro pueblo y numerosos ni\u00f1os que estaban asombrados de ver tan de cerca de los jugadores del Burgos C.F. \u00a1A ver si pronto los vemos en primera, con los grandes!<\/p>\n<div id=\"attachment_9457\" style=\"width: 820px\" class=\"wp-caption alignnone\"><a  href=\"http:\/\/www.mecerreyes.com\/mece\/wp-content\/uploads\/2014\/09\/Jugadores-del-BurgosCF-con-los-de-Mecerreyes-20-08-2014-En-el-Mes\u00f3n-de-Frutos.jpg\" class=\"thickbox no_icon\" title=\"Jugadores del Burgos,CF con los de Mecerreyes, 20-08-2014 En el Mes\u00f3n de Frutos\"><img loading=\"lazy\" decoding=\"async\" aria-describedby=\"caption-attachment-9457\" class=\" wp-image-9457 \" src=\"http:\/\/www.mecerreyes.com\/mece\/wp-content\/uploads\/2014\/09\/Jugadores-del-BurgosCF-con-los-de-Mecerreyes-20-08-2014-En-el-Mes\u00f3n-de-Frutos.jpg\" alt=\"Jugadores del Burgos,CF con los de Mecerreyes, 20-08-2014 En el Mes\u00f3n de Frutos\" width=\"810\" height=\"594\" srcset=\"https:\/\/www.mecerreyes.com\/mece\/wp-content\/uploads\/2014\/09\/Jugadores-del-BurgosCF-con-los-de-Mecerreyes-20-08-2014-En-el-Mes\u00f3n-de-Frutos.jpg 1000w, https:\/\/www.mecerreyes.com\/mece\/wp-content\/uploads\/2014\/09\/Jugadores-del-BurgosCF-con-los-de-Mecerreyes-20-08-2014-En-el-Mes\u00f3n-de-Frutos-300x219.jpg 300w\" sizes=\"(max-width: 810px) 100vw, 810px\" \/><\/a><p id=\"caption-attachment-9457\" class=\"wp-caption-text\">Jugadores del Burgos,CF con los de Mecerreyes, 20-08-2014 En el <a  href=\"https:\/\/www.mecerreyes.com\/mece\/?page_id=797\">Mes\u00f3n de Frutos<\/a><\/p><\/div>\n<p>&nbsp;<\/p>\n<div id=\"attachment_9461\" style=\"width: 820px\" class=\"wp-caption alignnone\"><a  href=\"http:\/\/www.mecerreyes.com\/mece\/wp-content\/uploads\/2014\/09\/Equipo-de-Mecerreyes-CF-en-Santo-Domingo-de-Silos-y-Quintanilla-del-Agua.jpg\" class=\"thickbox no_icon\" title=\"Equipo de Mecerreyes, CF en Santo Domingo de Silos y Quintanilla del Agua, agosto 2014\"><img loading=\"lazy\" decoding=\"async\" aria-describedby=\"caption-attachment-9461\" class=\" wp-image-9461 \" src=\"http:\/\/www.mecerreyes.com\/mece\/wp-content\/uploads\/2014\/09\/Equipo-de-Mecerreyes-CF-en-Santo-Domingo-de-Silos-y-Quintanilla-del-Agua.jpg\" alt=\"Equipo de Mecerreyes, CF en Santo Domingo de Silos y Quintanilla del Agua, agosto 2014\" width=\"810\" height=\"270\" srcset=\"https:\/\/www.mecerreyes.com\/mece\/wp-content\/uploads\/2014\/09\/Equipo-de-Mecerreyes-CF-en-Santo-Domingo-de-Silos-y-Quintanilla-del-Agua.jpg 1000w, https:\/\/www.mecerreyes.com\/mece\/wp-content\/uploads\/2014\/09\/Equipo-de-Mecerreyes-CF-en-Santo-Domingo-de-Silos-y-Quintanilla-del-Agua-300x99.jpg 300w\" sizes=\"(max-width: 810px) 100vw, 810px\" \/><\/a><p id=\"caption-attachment-9461\" class=\"wp-caption-text\">Equipo de Mecerreyes, CF en Santo Domingo de Silos y Quintanilla del Agua, agosto 2014<\/p><\/div>\n<p>&nbsp;<\/p>\n<p style=\"text-align: justify\"><b>ENTREVISTA EN ELDIARIO DE BURGOS A IN\u00c9S SANTAMAR\u00cdA VICARIO <\/b><\/p>\n<p style=\"text-align: justify\"><span style=\"color: #0000ff\">&#8211;\u00a0\u00a0\u00a0\u00a0\u00a0\u00a0\u00a0\u00a0 \u00bfHa le\u00eddo usted la entrevista que le hicieron a la hija de Mauri y Pedro Luis en el Diario de Burgos?<\/span> <b><\/b><\/p>\n<p style=\"text-align: justify\">&#8211;\u00a0\u00a0\u00a0\u00a0\u00a0\u00a0\u00a0\u00a0 \u00a1C\u00f3mo no la voy a leer si soy rico en tiempo y encima una chica de mi pueblo! En cuanto vi la foto, lo primero que le\u00ed del diario. Sali\u00f3 publicada el 24 de agosto. Y me gust\u00f3 esa ilusi\u00f3n y ganas que tiene de ser feliz y hacer feliz a la gente. \u00a1Mucho \u00e1nimo y mucha suerte, <strong>In\u00e9s<\/strong>!<\/p>\n<p style=\"text-align: justify\"><a  href=\"http:\/\/www.diariodeburgos.es\/noticia\/Z31E81C23-92EA-4B9D-241852D2138D7711\/20140824\/largo\/camino\/formacion\/medico\" target=\"_blank\">http:\/\/www.diariodeburgos.es\/noticia\/Z31E81C23-92EA-4B9D-241852D2138D7711\/20140824\/largo\/camino\/formacion\/medico<\/a><\/p>\n<p style=\"text-align: justify\"><b>NUEVA ESCULTURA DE \u00c1NGEL GIL<\/b><\/p>\n<p style=\"text-align: justify\"><span style=\"color: #0000ff\">&#8211;\u00a0\u00a0\u00a0\u00a0\u00a0\u00a0\u00a0\u00a0 Ya habr\u00e1 visto usted la nueva escultura del artista guileto, \u00bfno?<\/span> <b><\/b><\/p>\n<p style=\"text-align: justify\">&#8211;\u00a0\u00a0\u00a0\u00a0\u00a0\u00a0\u00a0\u00a0 De los primeros que la vi. La inaugur\u00f3 el 29 de agosto en Hontoria de la Cantera. Y antes de colocarla me viene un d\u00eda y me dice: <i>\u201c<\/i><i>Abuelo, que tengo algo que ense\u00f1arle&#8230;\u201d <\/i>y me llev\u00f3 a su taller. No veas qu\u00e9 artista tenemos&#8230; Me gust\u00f3 mucho. Y en Hontoria quedar\u00e1 para siempre como homenaje y agradecimiento del pueblo a una mujer generosa&#8230;<b><\/b><\/p>\n<p style=\"text-align: justify\">En el siguiente enlace puedes informarte sobre los detalles:<\/p>\n<p style=\"text-align: justify\"><a  href=\"http:\/\/www.diariodeburgos.es\/noticia\/ZFF0B9C76-F885-027D-A3501B074C8B36E9\/20140828\/benefactora\/siempre\/pueblo\" target=\"_blank\">http:\/\/www.diariodeburgos.es\/noticia\/ZFF0B9C76-F885-027D-A3501B074C8B36E9\/20140828\/benefactora\/siempre\/pueblo<\/a><\/p>\n<div id=\"attachment_9462\" style=\"width: 820px\" class=\"wp-caption alignnone\"><a  href=\"http:\/\/www.mecerreyes.com\/mece\/wp-content\/uploads\/2014\/09\/\u00c1ngel-Gil-Mecerreyes-Escultura-inaugurada-en-Hontoria-de-la-Cantera-el-29-08-2014.jpg\" class=\"thickbox no_icon\" title=\"\u00c1ngel Gil (Mecerreyes), Escultura inaugurada en Hontoria de la Cantera, el 29-08-2014\"><img loading=\"lazy\" decoding=\"async\" aria-describedby=\"caption-attachment-9462\" class=\" wp-image-9462 \" src=\"http:\/\/www.mecerreyes.com\/mece\/wp-content\/uploads\/2014\/09\/\u00c1ngel-Gil-Mecerreyes-Escultura-inaugurada-en-Hontoria-de-la-Cantera-el-29-08-2014.jpg\" alt=\"\u00c1ngel Gil (Mecerreyes), Escultura inaugurada en Hontoria de la Cantera, el 29-08-2014\" width=\"810\" height=\"518\" srcset=\"https:\/\/www.mecerreyes.com\/mece\/wp-content\/uploads\/2014\/09\/\u00c1ngel-Gil-Mecerreyes-Escultura-inaugurada-en-Hontoria-de-la-Cantera-el-29-08-2014.jpg 1000w, https:\/\/www.mecerreyes.com\/mece\/wp-content\/uploads\/2014\/09\/\u00c1ngel-Gil-Mecerreyes-Escultura-inaugurada-en-Hontoria-de-la-Cantera-el-29-08-2014-300x192.jpg 300w\" sizes=\"(max-width: 810px) 100vw, 810px\" \/><\/a><p id=\"caption-attachment-9462\" class=\"wp-caption-text\">\u00c1ngel Gil (Mecerreyes), Escultura inaugurada en Hontoria de la Cantera, el 29-08-2014<\/p><\/div>\n<p style=\"text-align: justify\"><b>DOCUMENTAL SOBRE LA COMARCA DEL ARLANZA<\/b><\/p>\n<p style=\"text-align: justify\"><span style=\"color: #0000ff\">&#8211;\u00a0\u00a0\u00a0\u00a0\u00a0\u00a0\u00a0\u00a0 \u00bfY el documental sobre la comarca del Arlanza? \u00bfLo ha visto usted ya?<\/span> <b><\/b><\/p>\n<p style=\"text-align: justify\">&#8211;\u00a0\u00a0\u00a0\u00a0\u00a0\u00a0\u00a0\u00a0 La verdad es que no, pero lo ver\u00e9 y muy pronto. S\u00f3lo s\u00e9, por lo que me han dicho, que comienza por el dolmen de Mazariegos. Y est\u00e1 en YouTube Valle del Arlanza. Os dejo el enlace para que lo disfrut\u00e9is y lo extend\u00e1is. No dej\u00e9is de visitarlo.<\/p>\n<p style=\"text-align: justify\"><a  href=\"https:\/\/www.youtube.com\/watch?v=-iCI7QdAScE#t=59\" target=\"_blank\">https:\/\/www.youtube.com\/watch?v=-iCI7QdAScE#t=59<\/a><\/p>\n<p style=\"text-align: justify\"><b>INCENDIO EN EL VALLE DEL ARLANZA<\/b><\/p>\n<p style=\"text-align: justify\"><span style=\"color: #0000ff\">&#8211;\u00a0\u00a0\u00a0\u00a0\u00a0\u00a0\u00a0\u00a0 El 1 de septiembre sonaban las campanas a fuego. Peri\u00f3dicos, radio, televisi\u00f3n&#8230; Est\u00e1bamos en boca de todos. \u00bfQu\u00e9 pas\u00f3 exactamente?<\/span> <b><\/b><\/p>\n<p style=\"text-align: justify\">&#8211;\u00a0\u00a0\u00a0\u00a0\u00a0\u00a0\u00a0\u00a0 Pues s\u00ed, sonaron las campanas y mucha gente se acerc\u00f3 hasta el comienzo del fuego para echar una mano e incluso varios tractores estuvieron toda la tarde haciendo cortafuegos. \u00bfQu\u00e9 pas\u00f3? Exactamente no lo s\u00e9, as\u00ed que os dejo los enlaces para que pod\u00e1is informaros. Yo me quedo con las \u00faltimas palabras de la informaci\u00f3n del Diario de Burgos: <i>\u201cSe cerr\u00f3 la noche y los vecinos, que miraban desde el monte la evoluci\u00f3n del fuego, regresaban a sus casas. Lo hac\u00edan, la mayor\u00eda de ellos, con la confianza de que el incendio no acechar\u00eda a sus viviendas. Pero tambi\u00e9n con la seguridad de que lo que se van a encontrar cuando se levanten, va a ser un paisaje desolador. Ese ser\u00e1 el momento de evaluar la verdadera dimensi\u00f3n de un incendio que se mantendr\u00e1 durante muchos a\u00f1os en la memoria del valle y de media provincia, ya que el humo se divis\u00f3 desde Aranda de Duero hasta la Bureba\u201d.<\/i><\/p>\n<p style=\"text-align: justify\"><a  href=\"http:\/\/www.diariodeburgos.es\/noticia\/Z02B9D4B7-057D-0375-426B48DB59496CC3\/20140902\/fuego\/arrasa\/unas\/700\/hectareas\/monte\/valle\/arlanza\" target=\"_blank\">http:\/\/www.diariodeburgos.es\/noticia\/Z02B9D4B7-057D-0375-426B48DB59496CC3\/20140902\/fuego\/arrasa\/unas\/700\/hectareas\/monte\/valle\/arlanza<\/a><\/p>\n<p style=\"text-align: justify\"><a  href=\"http:\/\/www.elcorreodeburgos.com\/noticias\/2014-09-03\/silvan-apunta-a-causas-humanas-en-el-incendio-de-mecerreyes\" target=\"_blank\">http:\/\/www.elcorreodeburgos.com\/noticias\/2014-09-03\/silvan-apunta-a-causas-humanas-en-el-incendio-de-mecerreyes<\/a><\/p>\n<div id=\"attachment_9464\" style=\"width: 844px\" class=\"wp-caption alignnone\"><a  href=\"http:\/\/www.mecerreyes.com\/mece\/wp-content\/uploads\/2014\/09\/Incendio-Mecerreyes-1-09-2014.jpg\" class=\"thickbox no_icon\" title=\"Incendio Mecerreyes, Puentedura y Quintanilla del Agua 1-09-2014\"><img loading=\"lazy\" decoding=\"async\" aria-describedby=\"caption-attachment-9464\" class=\" wp-image-9464 \" src=\"http:\/\/www.mecerreyes.com\/mece\/wp-content\/uploads\/2014\/09\/Incendio-Mecerreyes-1-09-2014.jpg\" alt=\"Incendio Mecerreyes, Puentedura y Quintanilla del Agua 1-09-2014\" width=\"834\" height=\"218\" srcset=\"https:\/\/www.mecerreyes.com\/mece\/wp-content\/uploads\/2014\/09\/Incendio-Mecerreyes-1-09-2014.jpg 4600w, https:\/\/www.mecerreyes.com\/mece\/wp-content\/uploads\/2014\/09\/Incendio-Mecerreyes-1-09-2014-300x78.jpg 300w, https:\/\/www.mecerreyes.com\/mece\/wp-content\/uploads\/2014\/09\/Incendio-Mecerreyes-1-09-2014-1024x267.jpg 1024w\" sizes=\"(max-width: 834px) 100vw, 834px\" \/><\/a><p id=\"caption-attachment-9464\" class=\"wp-caption-text\">Incendio Mecerreyes, Puentedura y Quintanilla del Agua 1-09-2014<\/p><\/div>\n<p style=\"text-align: justify\"><span style=\"color: #0000ff\">&#8211;\u00a0\u00a0\u00a0\u00a0\u00a0\u00a0\u00a0\u00a0 Con esta realidad tan triste terminamos. A ver si el da\u00f1o es menor del que se preve\u00eda y pronto empieza a repoblarse este valle tan querido para todos. En eso confiamos. Por cierto, dentro de nada, Mamblas, \u00bfnos vemos all\u00ed?<\/span><\/p>\n<p style=\"text-align: justify\">&#8211;\u00a0\u00a0\u00a0\u00a0\u00a0\u00a0\u00a0\u00a0 \u00a1No sabes cu\u00e1nto me gustar\u00eda! La de veces que habr\u00e9 ido de ni\u00f1o y de mozo. Ni te imaginas lo que hemos bailado a nuestra Virgen, pero desde que ella muri\u00f3 no he valido para ir. Adem\u00e1s este a\u00f1o cae en lunes y me temo que habr\u00e1 menos gente. Eso s\u00ed te pido, reza un avemar\u00eda o echa un baile por mi difunta, que justamente un d\u00eda de estos es su aniversario. Y \u00a0la Virgen de Mamblas, como la del Camino, acude siempre en nuestra ayuda y a los que se van, seguro los acoge bajo su manto. Ella, que lo dec\u00eda muchas veces, ya descansa, a nosotros nos toca seguir adelante con paciencia y, si Dios quiere, con salud.<\/p>\n<p style=\"text-align: justify\"><span style=\"color: #0000ff\">&#8211;\u00a0\u00a0\u00a0\u00a0\u00a0\u00a0\u00a0\u00a0 Lo ha dicho usted muy bien, abuelo: con paciencia y con salud. Se lo pedir\u00e9 para usted y para todos a nuestra Virgen de Mamblas. Se lo prometo.<\/span><\/p>\n<p style=\"text-align: justify\">&#8211;\u00a0\u00a0\u00a0\u00a0\u00a0\u00a0\u00a0\u00a0 \u00a1Muchas gracias, hijo! Que disfrutemos todos donde estemos y que los buenos momentos vividos este mes ya terminado nos ayuden a ser mejores y m\u00e1s felices. Pronto nos vemos, que el tiempo vuela.<\/p>\n<p style=\"text-align: justify\"><span style=\"color: #0000ff\">&#8211;\u00a0\u00a0\u00a0\u00a0\u00a0\u00a0\u00a0\u00a0 \u00a1Gracias a usted, abuelo! \u00a1Gracias por estar ah\u00ed siempre y por ser como es! Que siga disfrutando de la fresca, que estos d\u00edas da gusto\u2026 \u00a1Hasta el mes que viene en que volveremos a encontrarnos!<\/span><\/p>\n<p style=\"text-align: justify\"><i>\u00a0<\/i><\/p>\n<p>\u00a0<a  href=\"http:\/\/www.mecerreyes.com\/mece\/wp-content\/uploads\/2009\/12\/Abuelo-Mecerreyes-2.JPG\" class=\"thickbox no_icon\" title=\"Abuelo-Mecerreyes 2\"><img loading=\"lazy\" decoding=\"async\" class=\"alignnone size-full wp-image-874\" src=\"http:\/\/www.mecerreyes.com\/mece\/wp-content\/uploads\/2009\/12\/Abuelo-Mecerreyes-2.JPG\" alt=\"Abuelo-Mecerreyes 2\" width=\"550\" height=\"733\" srcset=\"https:\/\/www.mecerreyes.com\/mece\/wp-content\/uploads\/2009\/12\/Abuelo-Mecerreyes-2.JPG 550w, https:\/\/www.mecerreyes.com\/mece\/wp-content\/uploads\/2009\/12\/Abuelo-Mecerreyes-2-225x300.jpg 225w\" sizes=\"(max-width: 550px) 100vw, 550px\" \/><\/a><\/p>\n<p style=\"text-align: justify\"><span style=\"color: #0000ff\">\u00a0<\/span><\/p>","protected":false},"excerpt":{"rendered":"<p>NOTICIAS AGOSTO 2014 Se ha puesto el sol en esta tarde calurosa de septiembre y la gente disfrutando del buen tiempo y de la fresca. Septiembre ha llegado y con \u00e9l la vida misma que comienza: escuela, trabajo, ocio, rutinas&#8230; Como siempre, el final del verano lleg\u00f3 antes de que nos di\u00e9ramos cuenta. Nuestro abuelo, [&hellip;]<\/p>\n","protected":false},"author":5,"featured_media":0,"comment_status":"open","ping_status":"closed","sticky":false,"template":"","format":"standard","meta":{"_et_pb_use_builder":"","_et_pb_old_content":"","_et_gb_content_width":"","footnotes":""},"categories":[1],"tags":[27,49,56,21],"class_list":["post-9316","post","type-post","status-publish","format-standard","hentry","category-general","tag-accion-de-gracias","tag-entrevistas","tag-escultor-angel-gil","tag-guiletos","et-doesnt-have-format-content","et_post_format-et-post-format-standard"],"_links":{"self":[{"href":"https:\/\/www.mecerreyes.com\/mece\/index.php?rest_route=\/wp\/v2\/posts\/9316"}],"collection":[{"href":"https:\/\/www.mecerreyes.com\/mece\/index.php?rest_route=\/wp\/v2\/posts"}],"about":[{"href":"https:\/\/www.mecerreyes.com\/mece\/index.php?rest_route=\/wp\/v2\/types\/post"}],"author":[{"embeddable":true,"href":"https:\/\/www.mecerreyes.com\/mece\/index.php?rest_route=\/wp\/v2\/users\/5"}],"replies":[{"embeddable":true,"href":"https:\/\/www.mecerreyes.com\/mece\/index.php?rest_route=%2Fwp%2Fv2%2Fcomments&post=9316"}],"version-history":[{"count":1,"href":"https:\/\/www.mecerreyes.com\/mece\/index.php?rest_route=\/wp\/v2\/posts\/9316\/revisions"}],"predecessor-version":[{"id":13159,"href":"https:\/\/www.mecerreyes.com\/mece\/index.php?rest_route=\/wp\/v2\/posts\/9316\/revisions\/13159"}],"wp:attachment":[{"href":"https:\/\/www.mecerreyes.com\/mece\/index.php?rest_route=%2Fwp%2Fv2%2Fmedia&parent=9316"}],"wp:term":[{"taxonomy":"category","embeddable":true,"href":"https:\/\/www.mecerreyes.com\/mece\/index.php?rest_route=%2Fwp%2Fv2%2Fcategories&post=9316"},{"taxonomy":"post_tag","embeddable":true,"href":"https:\/\/www.mecerreyes.com\/mece\/index.php?rest_route=%2Fwp%2Fv2%2Ftags&post=9316"}],"curies":[{"name":"wp","href":"https:\/\/api.w.org\/{rel}","templated":true}]}}