{"id":9353,"date":"2015-03-31T23:39:34","date_gmt":"2015-03-31T22:39:34","guid":{"rendered":"http:\/\/www.mecerreyes.com\/mece\/?p=9353"},"modified":"2015-03-31T23:39:34","modified_gmt":"2015-03-31T22:39:34","slug":"noticias-marzo-2015","status":"publish","type":"post","link":"https:\/\/www.mecerreyes.com\/mece\/?p=9353","title":{"rendered":"Noticias Marzo 2015"},"content":{"rendered":"<h1 style=\"text-align: center\" align=\"center\"><b>NOTICIAS MARZO 2015<\/b><\/h1>\n<p style=\"text-align: justify\"><i>Tras de Marzo entrar\u00e1 Abril con las flores relucir\u2026<\/i> Dimos la bienvenida a marzo al calor de las hogueras, mientras cant\u00e1bamos <a  href=\"https:\/\/www.mecerreyes.com\/mece\/?page_id=47\">las marzas<\/a>, cantos sencillos y pegadizos que han alegrado la vida de tantas generaciones, cantos que nos han unido y acompa\u00f1ado a lo largo de nuestra vida, cantos que han recibido, cada a\u00f1o, el regalo de la primavera y el deseo de una vida alegre y siempre nueva para todos. Lo heredamos de nuestros mayores y cada a\u00f1o, en la mejor compa\u00f1\u00eda, volvemos a cantar. \u00a1Que viva la vida, el amor, la belleza, la naturaleza, la juventud&#8230; y que volvamos de nuevo a encontrarnos, con salud y gracia, el a\u00f1o que viene!<\/p>\n<p style=\"text-align: justify\"><i><strong><span style=\"color: #0000ff\">-\u00bfY este mes qu\u00e9 nos va a contar?<\/span><\/strong>&#8211;<\/i> oigo que preguntan al abuelo. <i>&#8211;<strong><span style=\"color: #0000ff\">Agua aqu\u00ed, agua all\u00e1&#8230;<\/span><\/strong>&#8211;<\/i> responde con esa sorna que le caracteriza. No se podr\u00eda sintetizar mejor la climatolog\u00eda de este mes ya pasado: AGUA. \u00a1Bienvenida sea!<\/p>\n<p style=\"text-align: justify\"><i>No importa cu\u00e1nto dure el invierno, la primavera siempre llega<\/i>, reza el proverbio. Pues s\u00ed, lleg\u00f3 la primavera y con ella alegr\u00eda, luz y color para la naturaleza y para nuestras vidas. Llega tambi\u00e9n la Pascua florida, d\u00edas importantes para nuestro pueblo, que se viste de fiesta y se alegra un a\u00f1o m\u00e1s de veros a todos y celebrarlo como corresponde. Es hora de abrir puertas y ventanas, disfrutar y sentirnos bien. Dejemos que la primavera cante.<i> <\/i>\u00a1Nos esperan de nuevo en casa! <b>\u00a1FELICES PASCUAS!<\/b><\/p>\n<p>&nbsp;<\/p>\n<p style=\"text-align: justify\"><strong><span style=\"color: #0000ff\"><em>&#8211;\u00a0\u00a0\u00a0\u00a0\u00a0\u00a0\u00a0\u00a0 \u00a1Muy buenos d\u00edas, abuelo! \u00bfQu\u00e9 tal est\u00e1 usted? \u00bfC\u00f3mo le va la vida?<\/em><\/span><\/strong><\/p>\n<p style=\"text-align: justify\">&#8211;\u00a0\u00a0\u00a0\u00a0\u00a0\u00a0\u00a0\u00a0 Pues muy bien. Casi ni me hab\u00eda enterado que marzo se nos fue, pero<\/p>\n<div id=\"attachment_450\" style=\"width: 183px\" class=\"wp-caption alignright\"><a  href=\"http:\/\/www.mecerreyes.com\/mece\/wp-content\/uploads\/2009\/08\/Abuelo-Meson-de-Frutos-3.jpg\" class=\"thickbox no_icon\" title=\"Abuelo, Mecerreyes\"><img loading=\"lazy\" decoding=\"async\" aria-describedby=\"caption-attachment-450\" class=\"wp-image-450  \" alt=\"Abuelo, Mecerreyes\" src=\"http:\/\/www.mecerreyes.com\/mece\/wp-content\/uploads\/2009\/08\/Abuelo-Meson-de-Frutos-3.jpg\" width=\"173\" height=\"230\" srcset=\"https:\/\/www.mecerreyes.com\/mece\/wp-content\/uploads\/2009\/08\/Abuelo-Meson-de-Frutos-3.jpg 600w, https:\/\/www.mecerreyes.com\/mece\/wp-content\/uploads\/2009\/08\/Abuelo-Meson-de-Frutos-3-225x300.jpg 225w\" sizes=\"(max-width: 173px) 100vw, 173px\" \/><\/a><p id=\"caption-attachment-450\" class=\"wp-caption-text\">Abuelo, Mecerreyes<\/p><\/div>\n<p style=\"text-align: justify\">al verte aqu\u00ed caigo en la cuenta que nos toca repasarlo y dar cuenta de lo que ha pasado. Aqu\u00ed en el pueblo te puedes imaginar, contento y feliz. No s\u00e9 si habr\u00e1 alguien m\u00e1s feliz en este mundo que el que te habla. No me falta tiempo para recordar, enterarme de lo que pasa, leer alguna cosilla interesante y pegar la hebra, esto \u00faltimo por encima de todas las cosas. Como bien sabes, comenzamos el mes cantando <a  href=\"https:\/\/www.mecerreyes.com\/mece\/?page_id=47\">las marzas<\/a>&#8230; \u00a1Qu\u00e9 d\u00edas m\u00e1s hermosos los primeros del mes! Buena temperatura, d\u00edas largos y luminosos, buen ambiente en el pueblo que de nuevo sale a la calle.\u00a0 Y la gente contenta: vermut y caf\u00e9 en la terraza, paseos&#8230; y todo el mundo preparando las huertas para la nueva temporada que empieza. De nuevo despierta la vida y uno se siente agradecido por tanta suerte. Eso fue al principio, luego los d\u00edas se torcieron, de nuevo mucho fr\u00edo y agua, que es lo que toca en primavera. Esperemos que en abril el tiempo nos d\u00e9 una tregua y podamos disfrutar de los hermosos d\u00edas de Pascua.<\/p>\n<h1 style=\"text-align: justify\"><b>DOLMEN DE MAZARIEGOS<\/b><\/h1>\n<p style=\"text-align: justify\"><strong><em><span style=\"color: #0000ff\">&#8211;\u00a0\u00a0\u00a0\u00a0\u00a0\u00a0\u00a0\u00a0 El tema del dolmen, lo hemos visto claro, no est\u00e1 cerrado ni resuelto. Nos dijiste que nos mantendr\u00edas informados, que cualquier cosa que te informara o comentara Salva nos lo dir\u00edas. \u00bfHay algo nuevo que decir?\u00a0 <\/span><\/em><\/strong><\/p>\n<p style=\"text-align: justify\">&#8211;\u00a0\u00a0\u00a0\u00a0\u00a0\u00a0\u00a0\u00a0 Pues mira t\u00fa por d\u00f3nde hace bien poco me envi\u00f3 informaci\u00f3n, dos escritos que pueden resultar de inter\u00e9s para todos, en especial para los 526 firmantes de aquel presentado el 3 de noviembre de 2014, solicitando al <a  href=\"https:\/\/www.mecerreyes.com\/mece\/?page_id=24\">Ayuntamiento<\/a> de Mecerreyes dos cosas: Primera: Informaci\u00f3n de los contactos mantenidos con la Junta de Castilla y Le\u00f3n en relaci\u00f3n al dolmen de Mazariegos. Y segunda: Iniciaci\u00f3n de acciones para solventar la irregular colocaci\u00f3n del panel informativo que existe junto al dolmen. (Os presentamos a continuaci\u00f3n los dos documentos):<\/p>\n<p style=\"text-align: justify\"><i>\u00a0<\/i><\/p>\n<div id=\"attachment_10720\" style=\"width: 524px\" class=\"wp-caption alignnone\"><a  href=\"http:\/\/www.mecerreyes.com\/mece\/wp-content\/uploads\/2015\/03\/Respuesta-del-Ayuntamiento-23.01.15.jpg\" class=\"thickbox no_icon\" title=\"Respuesta del Ayuntamiento 23.01.15\"><img loading=\"lazy\" decoding=\"async\" aria-describedby=\"caption-attachment-10720\" class=\" wp-image-10720    \" alt=\"Respuesta del Ayuntamiento 23.01.15\" src=\"http:\/\/www.mecerreyes.com\/mece\/wp-content\/uploads\/2015\/03\/Respuesta-del-Ayuntamiento-23.01.15.jpg\" width=\"514\" height=\"665\" srcset=\"https:\/\/www.mecerreyes.com\/mece\/wp-content\/uploads\/2015\/03\/Respuesta-del-Ayuntamiento-23.01.15.jpg 1700w, https:\/\/www.mecerreyes.com\/mece\/wp-content\/uploads\/2015\/03\/Respuesta-del-Ayuntamiento-23.01.15-231x300.jpg 231w, https:\/\/www.mecerreyes.com\/mece\/wp-content\/uploads\/2015\/03\/Respuesta-del-Ayuntamiento-23.01.15-791x1024.jpg 791w\" sizes=\"(max-width: 514px) 100vw, 514px\" \/><\/a><p id=\"caption-attachment-10720\" class=\"wp-caption-text\">Respuesta del <a  href=\"https:\/\/www.mecerreyes.com\/mece\/?page_id=24\">Ayuntamiento<\/a> 23.01.15<\/p><\/div>\n<p>&nbsp;<\/p>\n<div id=\"attachment_10721\" style=\"width: 565px\" class=\"wp-caption alignnone\"><a  href=\"http:\/\/www.mecerreyes.com\/mece\/wp-content\/uploads\/2015\/03\/Respuesta-al-Ayuntamiento-23.02.15.jpg\" class=\"thickbox no_icon\" title=\"Respuesta al Ayuntamiento 23.02.15\"><img loading=\"lazy\" decoding=\"async\" aria-describedby=\"caption-attachment-10721\" class=\" wp-image-10721   \" alt=\"Respuesta al Ayuntamiento 23.02.15\" src=\"http:\/\/www.mecerreyes.com\/mece\/wp-content\/uploads\/2015\/03\/Respuesta-al-Ayuntamiento-23.02.15.jpg\" width=\"555\" height=\"786\" srcset=\"https:\/\/www.mecerreyes.com\/mece\/wp-content\/uploads\/2015\/03\/Respuesta-al-Ayuntamiento-23.02.15.jpg 1654w, https:\/\/www.mecerreyes.com\/mece\/wp-content\/uploads\/2015\/03\/Respuesta-al-Ayuntamiento-23.02.15-212x300.jpg 212w, https:\/\/www.mecerreyes.com\/mece\/wp-content\/uploads\/2015\/03\/Respuesta-al-Ayuntamiento-23.02.15-724x1024.jpg 724w\" sizes=\"(max-width: 555px) 100vw, 555px\" \/><\/a><p id=\"caption-attachment-10721\" class=\"wp-caption-text\">Respuesta al <a  href=\"https:\/\/www.mecerreyes.com\/mece\/?page_id=24\">Ayuntamiento<\/a> 23.02.15<\/p><\/div>\n<p>&nbsp;<\/p>\n<p style=\"text-align: justify\"><a  href=\"http:\/\/www.mecerreyes.com\/mece\/wp-content\/uploads\/2015\/03\/Respuesta-del-Ayuntamiento-23.01.15.pdf\">\u00a0<\/a><\/p>\n<h1 style=\"text-align: justify\"><b>GRIPE ESPA\u00d1OLA DE 1918&#8230; EL CASO PARADIGM\u00c1TICO DE MECERREYES&#8230;<\/b><\/h1>\n<p style=\"text-align: justify\"><em><strong><span style=\"color: #0000ff\">&#8211;\u00a0\u00a0\u00a0\u00a0\u00a0\u00a0\u00a0\u00a0 Abuelo, \u00bfpero qu\u00e9 estabas leyendo hace nada que estaba tan enfrascado que ni siquiera me vio? <\/span><\/strong><\/em><\/p>\n<p style=\"text-align: justify\">&#8211;\u00a0\u00a0\u00a0\u00a0\u00a0\u00a0\u00a0\u00a0 \u00bfQue qu\u00e9 le\u00eda? Pues un trabajo muy interesante. Ya sabes que a los mayores nos gusta recordar, y eso es lo que estoy haciendo. Ha pasado mucho tiempo, pero es que me acuerdo tanto de lo que contaba mi padre, que en gloria est\u00e9, sobre la gripe del 18, <em>gripe que se llev\u00f3 m\u00e1s de cien almas<\/em>, le o\u00ed muchas veces. Pues bien, Sara, una nieta del Robustiano y la Marce, ha presentado un trabajo en el Instituto L\u00f3pez de Mendoza precisamente sobre este tema. Una pena que al final no lograra clasificarse para el Congreso de J\u00f3venes Investigadores que se celebr\u00f3 en Bratislava (Eslovaquia), pero el trabajo merece la pena y ah\u00ed queda reflejada parte de nuestra <a  href=\"https:\/\/www.mecerreyes.com\/mece\/?page_id=32\">historia<\/a>. \u00a1Gracias, Sara, por quererlo compartir con todos! El mejor premio es el trabajo bien hecho y puedes sentirte orgullosa de tu excelente investigaci\u00f3n. A m\u00ed me ha encantado y estoy seguro que a muchos les agradar\u00e1 conocerlo. \u00a1Ah\u00ed queda para todos!<\/p>\n<h1 align=\"center\"><a  style=\"font-size: 2em;line-height: 1.5em\" href=\"http:\/\/www.mecerreyes.com\/mece\/wp-content\/uploads\/2015\/02\/GRIPE-ESPA\u00d1OLA.jpg\" class=\"thickbox no_icon\" title=\"GRIPE ESPA\u00d1OLA\"><img loading=\"lazy\" decoding=\"async\" class=\"alignnone  wp-image-10471\" alt=\"GRIPE ESPA\u00d1OLA\" src=\"http:\/\/www.mecerreyes.com\/mece\/wp-content\/uploads\/2015\/02\/GRIPE-ESPA\u00d1OLA.jpg\" width=\"534\" height=\"640\" srcset=\"https:\/\/www.mecerreyes.com\/mece\/wp-content\/uploads\/2015\/02\/GRIPE-ESPA\u00d1OLA.jpg 1114w, https:\/\/www.mecerreyes.com\/mece\/wp-content\/uploads\/2015\/02\/GRIPE-ESPA\u00d1OLA-250x300.jpg 250w, https:\/\/www.mecerreyes.com\/mece\/wp-content\/uploads\/2015\/02\/GRIPE-ESPA\u00d1OLA-855x1024.jpg 855w\" sizes=\"(max-width: 534px) 100vw, 534px\" \/><\/a><\/h1>\n<h2 style=\"text-align: left\" align=\"center\">RESUMEN<\/h2>\n<p style=\"text-align: justify\">El tema elegido para mi monograf\u00eda es la epidemia de gripe de 1918 a nivel mundial, y en concreto, me he centrado en su desarrollo en una localidad espa\u00f1ola de unos 1000 habitantes, Mecerreyes (provincia de Burgos).<\/p>\n<p style=\"text-align: justify\">En primer lugar, he considerado importante citar informaci\u00f3n acerca del virus culpable de la pandemia, Influenza A<i>\u00a0<\/i>H1N1, algunas de sus caracter\u00edsticas principales, y su forma de actuar para ser tan letal. Este no solo es el virus de la gripe del 18, sino tambi\u00e9n de otras epidemias que se han desarrollado desde entonces, como la de gripe A de 2010.<\/p>\n<p style=\"text-align: justify\">A continuaci\u00f3n, se mencionan los s\u00edntomas que padecen los enfermos de este tipo especial de gripe. Como se trata de un virus completamente diferente al de la gripe com\u00fan, que surge a trav\u00e9s de mutaciones de un virus de gripe animal, la poblaci\u00f3n no est\u00e1 inmunizada, y la epidemia se desata.<\/p>\n<p style=\"text-align: justify\">Seguidamente, resalto el contexto hist\u00f3rico en el que se desarroll\u00f3 la gripe del 18, en plena Primera Guerra Mundial. Es importante esta particular situaci\u00f3n, puesto que las condiciones socioecon\u00f3micas que se estaban viviendo en los pa\u00edses beligerantes provocaron que la incidencia de la epidemia fuera mayor y m\u00e1s grave. Adem\u00e1s, destaca la manipulaci\u00f3n de la informaci\u00f3n de la gripe en esos pa\u00edses debido a la censura informativa impuesta por la Gran Guerra.<\/p>\n<p style=\"text-align: justify\">Por \u00faltimo, me he centrado en c\u00f3mo se vivi\u00f3 en Espa\u00f1a, un pa\u00eds neutral y no beligerante en la Primera Guerra Mundial. En concreto, he analizado la incidencia de la gripe de 1918 en una localidad burgalesa, Mecerreyes. Este <a  href=\"https:\/\/www.mecerreyes.com\/mece\/?page_id=2\">municipio<\/a>, con una poblaci\u00f3n de unos 1000 habitantes, tuvo una tasa de mortalidad m\u00e1s elevada que la media espa\u00f1ola. He analizado las peculiaridades de su situaci\u00f3n para tratar de explicar el por qu\u00e9 de esta inusual tasa de mortalidad.<\/p>\n<p><a  style=\"line-height: 1.5em\" href=\"http:\/\/www.mecerreyes.com\/mece\/wp-content\/uploads\/2015\/02\/Indice-Gripe-espa\u00f1ola.jpg\" class=\"thickbox no_icon\" title=\"Indice, Gripe espa\u00f1ola\"><img loading=\"lazy\" decoding=\"async\" class=\"alignnone  wp-image-10456\" alt=\"Indice, Gripe espa\u00f1ola\" src=\"http:\/\/www.mecerreyes.com\/mece\/wp-content\/uploads\/2015\/02\/Indice-Gripe-espa\u00f1ola.jpg\" width=\"726\" height=\"462\" srcset=\"https:\/\/www.mecerreyes.com\/mece\/wp-content\/uploads\/2015\/02\/Indice-Gripe-espa\u00f1ola.jpg 1037w, https:\/\/www.mecerreyes.com\/mece\/wp-content\/uploads\/2015\/02\/Indice-Gripe-espa\u00f1ola-300x190.jpg 300w, https:\/\/www.mecerreyes.com\/mece\/wp-content\/uploads\/2015\/02\/Indice-Gripe-espa\u00f1ola-1024x651.jpg 1024w\" sizes=\"(max-width: 726px) 100vw, 726px\" \/><\/a><\/p>\n<h2 style=\"text-align: justify\" align=\"center\">INTRODUCCI\u00d3N<\/h2>\n<p style=\"text-align: justify\">El tema elegido para realizar esta monograf\u00eda es la gripe de 1918, tambi\u00e9n conocida mundialmente como gripe espa\u00f1ola.\u00a0 En primer lugar me gustar\u00eda introducir el tema hablando acerca del virus de la gripe, su propagaci\u00f3n y su epidemiolog\u00eda. Despu\u00e9s hablar\u00e9 acerca de la epidemia de gripe en todo el mundo, dentro de todas las grandes epidemias que se dieron en el siglo XX, y me centrar\u00e9 en el caso particular de Espa\u00f1a, particular debido a su condici\u00f3n de pa\u00eds no participante en la Primera Guerra Mundial. Por \u00faltimo, he recogido el listado de defunciones desde el a\u00f1o 1915 al 1920, haciendo especial hincapi\u00e9 en el a\u00f1o 1918, de un <a  href=\"https:\/\/www.mecerreyes.com\/mece\/?page_id=2\">municipio<\/a> de la provincia de Burgos, Mecerreyes, como ejemplo para mostrar c\u00f3mo se vivi\u00f3 la epidemia en las ciudades y pueblos espa\u00f1oles.<\/p>\n<p style=\"text-align: justify\">Por supuesto, mi investigaci\u00f3n gira en torno a una serie de cuestiones:<\/p>\n<p style=\"text-align: justify\">En primer lugar, \u00bfes correcto que la gripe de 1918 tiene su origen en Espa\u00f1a? \u00bfCu\u00e1les fueron las peculiaridades sociales del momento que hicieron de esta pandemia la m\u00e1s mort\u00edfera del siglo XX? \u00bfEn qu\u00e9 medida se manipularon los datos demogr\u00e1ficos en el resto de los pa\u00edses beligerantes? Y por \u00faltimo, \u00bfc\u00f3mo se vivi\u00f3 la gripe en un pa\u00eds como Espa\u00f1a, no participante en la Primera Guerra Mundial?<\/p>\n<p style=\"text-align: justify\">Tambi\u00e9n me gustar\u00eda explicar las razones por las que he escogido este tema, y la importancia que considero que tiene. A lo largo del siglo XX se han dado una serie de epidemias a nivel mundial, como explicar\u00e9 m\u00e1s adelante, pero sin duda, la gripe del 18 fue la m\u00e1s mort\u00edfera. A esto se le suma el hecho de darse en el contexto hist\u00f3rico de la Primera Guerra Mundial. He considerado que es muy interesante este hecho, y por ello encuentro muy curioso c\u00f3mo los pa\u00edses beligerantes manipularon la informaci\u00f3n para no minar la moral de sus agotadas tropas. Por \u00faltimo, decid\u00ed interpretar los datos de defunciones de un <a  href=\"https:\/\/www.mecerreyes.com\/mece\/?page_id=2\">municipio<\/a> como Mecerreyes, que en ese momento contaba con unas 1000 personas, debido a que he considerado m\u00e1s sencillo de interpretar estos datos, y representarlos de forma significativa para explicar c\u00f3mo se desarroll\u00f3 la epidemia en Espa\u00f1a. Esto es, el m\u00e9todo empleado para realizar esta investigaci\u00f3n es el m\u00e9todo inductivo, parto del caso particular de Mecerreyes, para generalizarlo al del resto de Espa\u00f1a, y compararlo.<\/p>\n<p style=\"text-align: justify\">Por otra parte, en lo que se refiere a las fuentes empleadas en esta investigaci\u00f3n mencionar\u00e9 el Archivo Parroquial de Enterramientos de Mecerreyes, y los datos del Instituto Nacional de Estad\u00edstica. Gracias a los documentos referentes a las defunciones de 1918, y de los a\u00f1os previos y posteriores, se pueden observar los efectos de la epidemia de gripe. Por supuesto, no todas las personas que quedaron infectadas debido a la pandemia murieron, pero estos datos permiten hacerse una idea bastante aproximada de c\u00f3mo afect\u00f3 la gripe al pa\u00eds. Estas son las fuentes primarias. En el Archivo Diocesano de la <a  href=\"https:\/\/www.mecerreyes.com\/mece\/?page_id=35\">parroquia<\/a> de Mecerreyes, adem\u00e1s\u00a0 del n\u00famero de defunciones, encontr\u00e9 tambi\u00e9n la edad de los fallecidos, su sexo, y la causa de su muerte a lo largo de todo el a\u00f1o 1918. Por otra parte, he podido contar con el testimonio de personas que vivieron en familiares cercanos los efectos de la gripe, lo que fue de gran utilidad a la hora de interpretar los datos obtenidos.<\/p>\n<p style=\"text-align: justify\">En lo que se refiere a las fuentes secundarias, podemos encontrar un gran n\u00famero de libros y p\u00e1ginas web donde hay informaci\u00f3n en referencia al tema de mi investigaci\u00f3n. Asimismo, dado que la pandemia se desarroll\u00f3 durante la Primera Guerra Mundial, y \u00e9ste ha sido un tema ampliamente tratado por un gran n\u00famero de historiadores, se pueden establecer relaciones entre la Gran Guerra y la gripe del 18. Todos los libros y las p\u00e1ginas web consultadas figuran en la bibliograf\u00eda.<\/p>\n<p style=\"text-align: justify\">Una vez introducido el tema, y analizadas las fuentes de informaci\u00f3n empleadas, explicar\u00e9 la investigaci\u00f3n propiamente dicha.<\/p>\n<h2 style=\"text-align: justify\" align=\"center\">GENERALIDADES<\/h2>\n<p style=\"text-align: justify\">Comenzar\u00e9 hablando del virus de la gripe. Los virus son microorganismos que encontramos en el l\u00edmite de la vida. No hay consenso entre los bi\u00f3logos acerca de la condici\u00f3n de los virus como seres vivos. Su estructura, a diferencia de la del resto de los seres vivos, no es celular. Consta \u00fanicamente de una mol\u00e9cula de ADN o ARN (dependiendo del virus) cubierta por una c\u00e1psida de prote\u00ednas. Hay algunos virus, como el de la gripe, que utilizan alg\u00fan material de la c\u00e9lula que infectan, en este caso una cubierta lip\u00eddica que facilita la transmisi\u00f3n del virus. La peculiaridad de los virus, que les impide su plena categorizaci\u00f3n como seres vivos, es el hecho de que no son capaces de reproducirse por s\u00ed mismos, necesitando recurrir al parasitismo en una c\u00e9lula hospedadora. Cuando llevan a cabo ese hospedaje es cuando se desarrolla la enfermedad, ya que impiden el normal funcionamiento de la c\u00e9lula.<\/p>\n<p style=\"text-align: justify\">Dentro de los virus de la gripe encontramos 5 g\u00e9neros, aunque los m\u00e1s comunes son 3 (Influenzavirus A, Influenzavirus B, Influenzavirus C). En cada g\u00e9nero hay una clasificaci\u00f3n en subtipos seg\u00fan las prote\u00ednas que conforman la c\u00e1psida (H: hemaglutininas y N: neuraminidasas). El g\u00e9nero causante de las grandes pandemias gripales que se han dado a lo largo de la <a  href=\"https:\/\/www.mecerreyes.com\/mece\/?page_id=32\">Historia<\/a> es el tipo A. Podemos citar algunos ejemplos de epidemias de gripe mundiales con sus respectivos subtipos de virus. El causante tanto de la gripe de 1918 como de la gripe A (2009 y 2010) es el serotipo A H1N1. Otro serotipo A H5N1, fue el causante de la \u201cgripe aviar\u201d en Asia oriental. En este caso, el virus se transmiti\u00f3 de aves a humanos. Por supuesto, hay m\u00e1s ejemplos, para cada una de las epidemias de gripe mundiales. Otra particularidad del virus de la gripe es su elevada capacidad de mutaci\u00f3n. Esto implica que la gripe no es una enfermedad a la que uno se haga resistente una vez contra\u00edda por primera vez, si no que puede contraerse varias veces a lo largo de la vida.<\/p>\n<p style=\"text-align: justify\">Ahora bien, \u00bfc\u00f3mo se propaga este virus que lo hace tan letal? A diferencia de otros virus que se transmiten por <a  href=\"https:\/\/www.mecerreyes.com\/mece\/?page_id=99\">contacto<\/a> sexual, o por la sangre, el virus de la gripe lo hace por el aire, \u201cviajando\u201d en min\u00fasculas gotas de agua, expulsadas del cuerpo a trav\u00e9s de toses, estornudos, etc. El contagio se produce cuando \u00e9stas entran en <a  href=\"https:\/\/www.mecerreyes.com\/mece\/?page_id=99\">contacto<\/a> con las v\u00edas respiratorias de una persona. Los s\u00edntomas que presentan los enfermos de gripe son fiebre alta, dolor de cabeza, dolor y malestar general, tos, dolor de garganta, da\u00f1os en los o\u00eddos\u2026Como podemos observar la infecci\u00f3n afecta a la nariz, la garganta y, si se da el caso, los pulmones, llegando\u00a0 a provocar la muerte. En el caso de la gripe de 1918, la muerte se produc\u00eda por asfixia, cuando los pulmones se llenaban de un l\u00edquido sanguinolento. De hecho, esta gripe se bautiz\u00f3 en un principio como \u201cepidemia p\u00farpura\u201d, ya que los infectados presentaban cuando iban a morir manchas viol\u00e1ceas en las mejillas, que conforme pasaba el tiempo se transformaban en manchas negro-azuladas. En este momento, el infectado estaba condenado a morir.<\/p>\n<p style=\"text-align: justify\">Para que se produzca una pandemia, es decir, una epidemia a nivel global, debe tratarse de un virus al que la poblaci\u00f3n no est\u00e9 inmunizada, que la transmisi\u00f3n sea r\u00e1pida, y que el virus sea lo suficientemente pat\u00f3geno como para causar la muerte.<\/p>\n<p style=\"text-align: justify\">Explicado el causante de la pandemia de gripe del 18, pasar\u00e9 a explicar el contexto hist\u00f3rico en el que nos encontramos.<\/p>\n<h2 style=\"text-align: justify\" align=\"center\">SECCI\u00d3N PRINCIPAL<\/h2>\n<p style=\"text-align: justify\"><strong><span style=\"text-decoration: underline\">LA EPIDEMIA DE GRIPE DE 1918 A NIVEL MUNDIAL<\/span><\/strong><\/p>\n<p style=\"text-align: justify\">El primer caso de gripe espa\u00f1ola que se registr\u00f3 fue el 11 de marzo de 1918, y contra la creencia popular de que el origen de la enfermedad fue en Espa\u00f1a, fue en Kansas, Estados Unidos. La Primera Guerra Mundial comenz\u00f3 en 1914, debido a las tensiones econ\u00f3micas entre Reino Unido y Alemania, y a las tensiones territoriales entre el Imperio Austro-H\u00fangaro, los pa\u00edses balc\u00e1nicos y el Imperio Ruso. En un bando se encontraban la Triple Alianza (Alemania, Austria-Hungr\u00eda e Italia), y en el otro bando la Triple Entente (Francia, Rusia y Reino Unido).<\/p>\n<p style=\"text-align: justify\">A pesar de que hubo batallas mar\u00edtimas, el grueso de las mismas se desarroll\u00f3 en el continente europeo, en la frontera franco-alemana, y en la frontera germano-rusa (\u00e9sta \u00faltima hasta 1917, a\u00f1o de la Revoluci\u00f3n Sovi\u00e9tica, con el triunfo de los bolcheviques y la llegada al poder de Lenin, que sac\u00f3 a Rusia del conflicto). Los soldados que intervinieron en el combate lo hac\u00edan desde trincheras, donde las condiciones higi\u00e9nico-sanitarias eran p\u00e9simas, especialmente en los duros y fr\u00edos meses de invierno. Esto facilit\u00f3 la propagaci\u00f3n de infecciones y enfermedades.<\/p>\n<p style=\"text-align: justify\">Estados Unidos tom\u00f3 parte en el conflicto en 1917, del lado de la Triple Entente, enviando tropas y material b\u00e9lico al frente europeo. Como hab\u00edamos dicho antes, el primer caso de gripe espa\u00f1ola est\u00e1 registrado en Kansas (Estados Unidos), en Fort Riley. Fue un soldado joven. La epidemia se desat\u00f3, y r\u00e1pidamente se propag\u00f3.<\/p>\n<p style=\"text-align: justify\">La Primera Guerra Mundial fue un factor de enorme importancia, ya que los soldados efectuaban un gran n\u00famero de desplazamientos. Esto contribuy\u00f3 a la expansi\u00f3n de la epidemia por todo el globo. Los soldados estadounidenses trajeron el virus de la gripe al continente europeo, a Francia en concreto, y de Francia se extendi\u00f3 al resto de Europa. Adem\u00e1s de la facilidad de propagaci\u00f3n, la guerra debilit\u00f3 considerablemente a la poblaci\u00f3n. Hay que mencionar que 1918 fue el cuarto a\u00f1o de guerra, los soldados, y la poblaci\u00f3n en general, estaban muy debilitados, y esto provoc\u00f3 que el virus de la gripe aumentara su capacidad mort\u00edfera. En total un tercio de la poblaci\u00f3n mundial qued\u00f3 infectada del virus.<\/p>\n<p style=\"text-align: justify\">Hay que decir que esta epidemia fue mucho m\u00e1s mort\u00edfera que la Primera Guerra Mundial. M\u00e1s del doble de los fallecidos por la Gran Guerra perdieron la vida debido al letal virus.<\/p>\n<p style=\"text-align: justify\">As\u00ed pues, en la primavera de 1918, el virus se extendi\u00f3 por Europa y por el este asi\u00e1tico. En verano, la onda epid\u00e9mica lleg\u00f3 a Sudam\u00e9rica y las costas del Pac\u00edfico Sur, la India y \u00c1frica. Sin embargo, cuando m\u00e1s fuerte fue la pandemia fue en oto\u00f1o de 1918. Con la llegada de un tiempo propicio para enfermedades respiratorias,\u00a0 el virus de la gripe mut\u00f3 y se volvi\u00f3 a\u00fan si cabe m\u00e1s letal. Durante este per\u00edodo se registraron m\u00e1s muertes que en ning\u00fan otro, especialmente durante el mes de octubre.<\/p>\n<p style=\"text-align: justify\">En contra de otras epidemias de gripe, este virus afectaba a personas sanas y fuertes, generalmente adultos j\u00f3venes. Al principio de la epidemia, los \u00fanicos infectados eran los militares estadounidenses. Estados Unidos acababa de unirse al conflicto de la Primera Guerra Mundial, por lo que su inter\u00e9s estaban lejos de mostrarse ante el resto del mundo, especialmente ante sus enemigos, como una naci\u00f3n debilitada por la gripe. As\u00ed, los medios de comunicaci\u00f3n no se hicieron eco de la noticia, y no se tomaron las medidas pertinentes para tratar de controlar la pandemia.<\/p>\n<p style=\"text-align: justify\">Cuando el virus\u00a0 lleg\u00f3 a Europa, la epidemia ya estaba desatada. Es importante saber que en tiempos de guerra la propaganda b\u00e9lica es imprescindible para animar a las propias tropas, y para desmoralizar a las tropas enemigas. Cuando los Estados Mayores de los pa\u00edses beligerantes se dieron cuenta del problema que supondr\u00eda la epidemia de gripe, decidieron manipular la informaci\u00f3n. Hay que tener en cuenta que los pa\u00edses en guerra no solo contaban con el enemigo externo, los pa\u00edses enemigos, sino que ten\u00edan que hacer frente adem\u00e1s al enemigo interno, a los grupos pacifistas que deseaban que el conflicto finalizase, y que estaban cobrando mucha fuerza especialmente estos \u00faltimos a\u00f1os del conflicto, tras millones de muertos a sus espaldas y escasos resultados militares. Si a todos estos problemas se les une tener que hacer frente a una incipiente epidemia de gripe que podr\u00eda diezmar a la poblaci\u00f3n, una revuelta por parte de la poblaci\u00f3n civil estaba poco menos que asegurada, y supondr\u00eda el abandono del pa\u00eds en el conflicto, con la consiguiente derrota. Por esta raz\u00f3n, en los pa\u00edses beligerantes se maquillaron los datos epidemiol\u00f3gicos, y todas las muertes por gripe producidas en el campo de batalla fueron achacadas a bajas militares por la naturaleza b\u00e9lica del conflicto. Por otra parte, ning\u00fan pa\u00eds hizo eco de la noticia en sus medios de comunicaci\u00f3n, por dos razones, para que los pa\u00edses enemigos no tuvieran noticias de esta nueva debilidad, y para que la poblaci\u00f3n civil no cayera en el des\u00e1nimo.<\/p>\n<p style=\"text-align: justify\">Sin embargo, Espa\u00f1a era un pa\u00eds neutral en el conflicto. En cuanto el virus de la gripe lleg\u00f3 a nuestro pa\u00eds, y comenzaron a producirse muertes por millares, no hubo forma alguna de camuflar estos datos. Por otra parte, Espa\u00f1a no necesitaba propaganda b\u00e9lica, y cuando comenz\u00f3 la epidemia, todos los medios de comunicaci\u00f3n se dispusieron a informar de la noticia. De esta forma, el \u00fanico pa\u00eds en el que aparentemente hab\u00eda gripe, era Espa\u00f1a, y por ello comenz\u00f3 a denominarse \u201cgripe espa\u00f1ola\u201d. A pesar de que la gripe hab\u00eda entrado en Espa\u00f1a a trav\u00e9s de Francia, y a su vez los soldados estadounidenses hab\u00edan sido los portadores de la enfermedad al viejo continente, ninguno de los pa\u00edses beligerantes consider\u00f3 necesario aclarar este error, qued\u00e1ndose el nombre de \u201cgripe espa\u00f1ola\u201d para el resto de la <a  href=\"https:\/\/www.mecerreyes.com\/mece\/?page_id=32\">Historia<\/a>. En mi opini\u00f3n, sus razones eran evidentes. Por una parte, ganaban tiempo para finalizar el conflicto sin mostrar su debilidad a los pa\u00edses enemigos, lo que hubiera supuesto una derrota pr\u00e1cticamente segura. Por otra parte, si hab\u00eda surgido en Espa\u00f1a, todas las muertes que hab\u00eda causado la epidemia previamente (en Francia, en Estados Unidos\u2026) no se publicar\u00edan como muertes producidas por la gripe.<\/p>\n<p style=\"text-align: justify\">En cualquier caso, la pandemia se conocer\u00eda a partir de entonces como \u201cgripe espa\u00f1ola\u201d. Esto no quiere decir que en Espa\u00f1a se produjeran m\u00e1s muertes que en el resto de los pa\u00edses. La mortalidad fue igual, incluso menor que en el resto del mundo.<\/p>\n<p style=\"text-align: justify\">Antes de analizar la mortalidad en un <a  href=\"https:\/\/www.mecerreyes.com\/mece\/?page_id=2\">municipio<\/a> espa\u00f1ol en el a\u00f1o 1918, citar\u00e9 los datos cuantitativos de la poblaci\u00f3n afectada, y de la poblaci\u00f3n a la que la gripe le arrebat\u00f3 la vida. Murieron unas 70 millones de personas en todo el mundo, de media, una tasa de mortalidad de entre 2,5 y 5%, aproximadamente. En Espa\u00f1a murieron unas 300.000 personas, una tasa de mortalidad media de entre el 3 y el 4%. Sin embargo, la mortalidad vari\u00f3 mucho de unas localidades a otras.<\/p>\n<p style=\"text-align: justify\"><strong><span style=\"text-decoration: underline\">EL CASO DE MECERREYES (BURGOS)<\/span><\/strong><\/p>\n<p style=\"text-align: justify\">Ahora pasar\u00e9 a analizar los datos demogr\u00e1ficos en lo que se refiere a mortalidad en el <a  href=\"https:\/\/www.mecerreyes.com\/mece\/?page_id=2\">municipio<\/a> burgal\u00e9s de Mecerreyes en los a\u00f1os de 1915 a 1920, haciendo hincapi\u00e9 en el a\u00f1o 1918, el a\u00f1o de la gripe, y especialmente en octubre, el mes con m\u00e1s mortalidad mundial debido a la gripe.<\/p>\n<p style=\"text-align: justify\">En primer lugar, dir\u00e9 que he decidido llevar a cabo este an\u00e1lisis para explicar de un modo pr\u00e1ctico c\u00f3mo afect\u00f3 el virus de la gripe a los espa\u00f1oles, ya que es de esperar que en todos los municipios afectara m\u00e1s o menos de una forma similar. En caso de existir diferencias significativas con respecto a la generalidad espa\u00f1ola, razonar\u00e9 una teor\u00eda que pueda explicar estos hechos.<\/p>\n<p>Comenzar\u00e9 analizando el gr\u00e1fico 1.<\/p>\n<div id=\"attachment_10459\" style=\"width: 693px\" class=\"wp-caption alignnone\"><a  href=\"http:\/\/www.mecerreyes.com\/mece\/wp-content\/uploads\/2015\/02\/Gr\u00e1fico-1.-Relaci\u00f3n-de-fallecidos-de-1915-a-1920.jpg\" class=\"thickbox no_icon\" title=\"Gr\u00e1fico 1. Relaci\u00f3n de fallecidos de 1915 a 1920\"><img loading=\"lazy\" decoding=\"async\" aria-describedby=\"caption-attachment-10459\" class=\" wp-image-10459 \" alt=\"Gr\u00e1fico 1. Relaci\u00f3n de fallecidos de 1915 a 1920\" src=\"http:\/\/www.mecerreyes.com\/mece\/wp-content\/uploads\/2015\/02\/Gr\u00e1fico-1.-Relaci\u00f3n-de-fallecidos-de-1915-a-1920.jpg\" width=\"683\" height=\"449\" srcset=\"https:\/\/www.mecerreyes.com\/mece\/wp-content\/uploads\/2015\/02\/Gr\u00e1fico-1.-Relaci\u00f3n-de-fallecidos-de-1915-a-1920.jpg 1138w, https:\/\/www.mecerreyes.com\/mece\/wp-content\/uploads\/2015\/02\/Gr\u00e1fico-1.-Relaci\u00f3n-de-fallecidos-de-1915-a-1920-300x197.jpg 300w, https:\/\/www.mecerreyes.com\/mece\/wp-content\/uploads\/2015\/02\/Gr\u00e1fico-1.-Relaci\u00f3n-de-fallecidos-de-1915-a-1920-1024x673.jpg 1024w\" sizes=\"(max-width: 683px) 100vw, 683px\" \/><\/a><p id=\"caption-attachment-10459\" class=\"wp-caption-text\">Gr\u00e1fico 1. Relaci\u00f3n de fallecidos de 1915 a 1920<\/p><\/div>\n<p>&nbsp;<\/p>\n<p style=\"text-align: justify\">El gr\u00e1fico 1 muestra la mortalidad en el <a  href=\"https:\/\/www.mecerreyes.com\/mece\/?page_id=2\">municipio<\/a> en los a\u00f1os 1915 al 1920, se\u00f1alando el n\u00famero de defunciones cada a\u00f1o. Resulta evidente que el a\u00f1o de la gripe, 1918, hubo un n\u00famero anormalmente alto de defunciones. Como podemos observar, en 1918 se triplica la mortalidad con respecto a los a\u00f1os anteriores, con 112 fallecimientos en 1918 frente a 37 en 1917.<\/p>\n<p style=\"text-align: justify\">Seg\u00fan el censo de la poblaci\u00f3n de 1910 de la provincia de Burgos, la poblaci\u00f3n de Mecerreyes era de 990 habitantes, y en 1920, la poblaci\u00f3n era de 1005 habitantes. Hay que decir que estos censos se realizaban cada 10 a\u00f1os, por lo que podemos establecer que en 1918 la poblaci\u00f3n de Mecerreyes contaba con unos 1000 habitantes. La tasa de mortalidad anual en un a\u00f1o normal era de entre el 2% y el 3%. Sin embargo, el a\u00f1o de la gripe, 1918, la mortalidad ascendi\u00f3 al 10%.<\/p>\n<p>Sigo con el gr\u00e1fico 2.<\/p>\n<div id=\"attachment_10461\" style=\"width: 653px\" class=\"wp-caption alignnone\"><a  href=\"http:\/\/www.mecerreyes.com\/mece\/wp-content\/uploads\/2015\/02\/Gr\u00e1fico-2.-Relaci\u00f3n-de-fallecidos-en-el-a\u00f1o-1918.jpg\" class=\"thickbox no_icon\" title=\"Gr\u00e1fico 2. Relaci\u00f3n de fallecidos en el a\u00f1o 1918\"><img loading=\"lazy\" decoding=\"async\" aria-describedby=\"caption-attachment-10461\" class=\" wp-image-10461  \" alt=\"Gr\u00e1fico 2. Relaci\u00f3n de fallecidos en el a\u00f1o 1918\" src=\"http:\/\/www.mecerreyes.com\/mece\/wp-content\/uploads\/2015\/02\/Gr\u00e1fico-2.-Relaci\u00f3n-de-fallecidos-en-el-a\u00f1o-1918.jpg\" width=\"643\" height=\"361\" srcset=\"https:\/\/www.mecerreyes.com\/mece\/wp-content\/uploads\/2015\/02\/Gr\u00e1fico-2.-Relaci\u00f3n-de-fallecidos-en-el-a\u00f1o-1918.jpg 1531w, https:\/\/www.mecerreyes.com\/mece\/wp-content\/uploads\/2015\/02\/Gr\u00e1fico-2.-Relaci\u00f3n-de-fallecidos-en-el-a\u00f1o-1918-300x168.jpg 300w, https:\/\/www.mecerreyes.com\/mece\/wp-content\/uploads\/2015\/02\/Gr\u00e1fico-2.-Relaci\u00f3n-de-fallecidos-en-el-a\u00f1o-1918-1024x574.jpg 1024w\" sizes=\"(max-width: 643px) 100vw, 643px\" \/><\/a><p id=\"caption-attachment-10461\" class=\"wp-caption-text\">Gr\u00e1fico 2. Relaci\u00f3n de fallecidos en el a\u00f1o 1918<\/p><\/div>\n<p>&nbsp;<\/p>\n<p>El gr\u00e1fico 2 muestra la mortalidad del a\u00f1o 1918 en concreto. Podemos observar como la mortalidad es bastante constante a lo largo de todo el a\u00f1o hasta llegar a octubre, donde se observa un pico bastante elevado. Como hab\u00eda mencionado antes, octubre fue el mes con m\u00e1s mortalidad registrada a nivel mundial debido a la gripe. Por otra parte, en la tabla 1 podemos observar las causas de los fallecimientos que aparec\u00edan en el registro parroquial. Cabe se\u00f1alar que el p\u00e1rroco se encargaba de transcribir las causas de la muerte dictaminadas por el m\u00e9dico del <a  href=\"https:\/\/www.mecerreyes.com\/mece\/?page_id=2\">municipio<\/a>. A partir del d\u00eda 29 de septiembre, y hasta el d\u00eda 19 de octubre, todas las muertes registradas son a causa de la gripe. A partir de entonces, todas las muertes registradas tienen otra causa, es decir, la epidemia de gripe hab\u00eda remitido.<\/p>\n<p>A continuaci\u00f3n, paso al an\u00e1lisis del gr\u00e1fico 3.<\/p>\n<div id=\"attachment_10462\" style=\"width: 673px\" class=\"wp-caption alignnone\"><a  href=\"http:\/\/www.mecerreyes.com\/mece\/wp-content\/uploads\/2015\/02\/Gr\u00e1fico-3.-Epidemiolog\u00eda-en-octubre-de-1918..jpg\" class=\"thickbox no_icon\" title=\"Gr\u00e1fico-3.-Epidemiolog\u00eda-en-octubre-de-1918\"><img loading=\"lazy\" decoding=\"async\" aria-describedby=\"caption-attachment-10462\" class=\" wp-image-10462  \" alt=\"Gr\u00e1fico-3.-Epidemiolog\u00eda-en-octubre-de-1918\" src=\"http:\/\/www.mecerreyes.com\/mece\/wp-content\/uploads\/2015\/02\/Gr\u00e1fico-3.-Epidemiolog\u00eda-en-octubre-de-1918..jpg\" width=\"663\" height=\"335\" srcset=\"https:\/\/www.mecerreyes.com\/mece\/wp-content\/uploads\/2015\/02\/Gr\u00e1fico-3.-Epidemiolog\u00eda-en-octubre-de-1918..jpg 1579w, https:\/\/www.mecerreyes.com\/mece\/wp-content\/uploads\/2015\/02\/Gr\u00e1fico-3.-Epidemiolog\u00eda-en-octubre-de-1918.-300x151.jpg 300w, https:\/\/www.mecerreyes.com\/mece\/wp-content\/uploads\/2015\/02\/Gr\u00e1fico-3.-Epidemiolog\u00eda-en-octubre-de-1918.-1024x517.jpg 1024w\" sizes=\"(max-width: 663px) 100vw, 663px\" \/><\/a><p id=\"caption-attachment-10462\" class=\"wp-caption-text\">Gr\u00e1fico-3.-Epidemiolog\u00eda-en-octubre-de-1918<\/p><\/div>\n<p>&nbsp;<\/p>\n<p style=\"text-align: justify\">En el gr\u00e1fico 3 podemos observar detalladamente la epidemiolog\u00eda de la gripe de octubre de 1918, con su correspondiente l\u00ednea de tendencia. La epidemia dur\u00f3 en el <a  href=\"https:\/\/www.mecerreyes.com\/mece\/?page_id=2\">municipio<\/a> 21 d\u00edas, as\u00ed quedaron registradas las defunciones por gripe. Adem\u00e1s, se puede apreciar que en el transcurso de esos 21 d\u00edas el n\u00famero de fallecidos sigue una curva, que comienza el primer d\u00eda con 3 muertes, y alcanza el mayor n\u00famero de defunciones diarias el d\u00eda 6, con 8, y se van reduciendo el n\u00famero de v\u00edctimas mortales diarias hasta finalmente detenerse. La media de fallecidos diarios la establecer\u00edamos entre 3 y 4. Como apunte, cabe se\u00f1alar que, seg\u00fan el testimonio oral, el toque de las campanas \u201ca muerto\u201d qued\u00f3 suspendido durante estos d\u00edas, para no sembrar el p\u00e1nico en la localidad.<\/p>\n<p>\u00a0Finalmente, analizo el gr\u00e1fico 4.<\/p>\n<div id=\"attachment_10463\" style=\"width: 700px\" class=\"wp-caption alignnone\"><a  href=\"http:\/\/www.mecerreyes.com\/mece\/wp-content\/uploads\/2015\/02\/Gr\u00e1fico-4.-Relaci\u00f3n-de-fallecidos-en-funci\u00f3n-de-su-edad-y-sexo..jpg\" class=\"thickbox no_icon\" title=\"Gr\u00e1fico 4. Relaci\u00f3n de fallecidos en funci\u00f3n de su edad y sexo\"><img loading=\"lazy\" decoding=\"async\" aria-describedby=\"caption-attachment-10463\" class=\" wp-image-10463  \" alt=\"Gr\u00e1fico 4. Relaci\u00f3n de fallecidos en funci\u00f3n de su edad y sexo\" src=\"http:\/\/www.mecerreyes.com\/mece\/wp-content\/uploads\/2015\/02\/Gr\u00e1fico-4.-Relaci\u00f3n-de-fallecidos-en-funci\u00f3n-de-su-edad-y-sexo..jpg\" width=\"690\" height=\"389\" srcset=\"https:\/\/www.mecerreyes.com\/mece\/wp-content\/uploads\/2015\/02\/Gr\u00e1fico-4.-Relaci\u00f3n-de-fallecidos-en-funci\u00f3n-de-su-edad-y-sexo..jpg 1642w, https:\/\/www.mecerreyes.com\/mece\/wp-content\/uploads\/2015\/02\/Gr\u00e1fico-4.-Relaci\u00f3n-de-fallecidos-en-funci\u00f3n-de-su-edad-y-sexo.-300x169.jpg 300w, https:\/\/www.mecerreyes.com\/mece\/wp-content\/uploads\/2015\/02\/Gr\u00e1fico-4.-Relaci\u00f3n-de-fallecidos-en-funci\u00f3n-de-su-edad-y-sexo.-1024x577.jpg 1024w\" sizes=\"(max-width: 690px) 100vw, 690px\" \/><\/a><p id=\"caption-attachment-10463\" class=\"wp-caption-text\">Gr\u00e1fico 4. Relaci\u00f3n de fallecidos en funci\u00f3n de su edad y sexo<\/p><\/div>\n<p style=\"text-align: justify\">Por \u00faltimo, el gr\u00e1fico 4 representa la mortalidad por sexo y edad a consecuencia de la gripe. En primer lugar analizando la edad, el grupo m\u00e1s afectado y con diferencia es el de 1 a 5 a\u00f1os. Ambos grupos, el de hasta 1 a\u00f1o y entre 1 y 5 a\u00f1os, poseen una mortalidad sin diferencias significativas en lo que se refiere a sexo. Sin embargo, a partir de los 6 a\u00f1os, y hasta los 20 encontramos un hecho muy significativo. Aunque la mortalidad es bastante similar en ambos grupos, cabe se\u00f1alar que tambi\u00e9n es mucho mayor en mujeres que en varones. \u00bfQu\u00e9 explicaci\u00f3n podemos dar a este hecho? Una teor\u00eda es que la sociedad espa\u00f1ola de esta \u00e9poca era muy patriarcal, y cuando enfermaban los hombres de la casa, mientras se repon\u00edan de la enfermedad, las mujeres j\u00f3venes eran las encargadas de mantener el buen funcionamiento del hogar,\u00a0 y pese a enfermar tambi\u00e9n, continuaban con sus tareas cotidianas, dificultando as\u00ed su recuperaci\u00f3n.<\/p>\n<p style=\"text-align: justify\">Una vez que llegamos a los 21 a\u00f1os, y hasta los m\u00e1s de 70 a\u00f1os, la tasa de mortalidad va descendiendo, confirmando as\u00ed lo mencionado anteriormente, que este tipo de gripe afect\u00f3 sobre todo a personas j\u00f3venes y sanas. De hecho, entre los 21 y los 40 a\u00f1os, la mortalidad por sexos se iguala. Lo mismo ocurre entre los 41 y los m\u00e1s de 70, descendiendo progresivamente. \u00bfPor qu\u00e9 conforme aumenta la edad disminuye la mortalidad por gripe? Todo parece indicar que las personas de cierta edad conservaban alg\u00fan recuerdo inmunitario previo, lo que las hac\u00eda m\u00e1s resistentes a contraer la enfermedad, o a que los s\u00edntomas fueran tan adversos como para causar la muerte.<\/p>\n<p style=\"text-align: justify\">Como he citado anteriormente, el <a  href=\"https:\/\/www.mecerreyes.com\/mece\/?page_id=2\">municipio<\/a> en aquel momento ten\u00eda en torno a 1000 habitantes censados.\u00a0 La mortalidad media de los a\u00f1os anteriores a 1918 rondaba el 3%. El a\u00f1o de la gripe, la mortalidad ascendi\u00f3 al 10%, aproximadamente. Seg\u00fan los datos del registro parroquial, un total de 112 personas murieron en todo el a\u00f1o 1918, y en concreto 72 personas lo hicieron de gripe. Es decir, aproximadamente un 7% de la poblaci\u00f3n muri\u00f3\u00a0 a causa de la epidemia. El 3% restante fue, al igual que a\u00f1os anteriores, debido a diversas causas naturales.<\/p>\n<p style=\"text-align: justify\">Por otra parte, en 1919, el a\u00f1o siguiente a la epidemia, la mortalidad fue ligeramente superior a los a\u00f1os previos a la epidemia, rondando el 4%. La explicaci\u00f3n a este hecho es sencilla. Tras pasar una epidemia de gripe tan atroz como fue la de 1918, la poblaci\u00f3n qued\u00f3 resentida, y durante los fr\u00edos meses de invierno del a\u00f1o 1919, fue m\u00e1s susceptible a enfermar y morir. Cabe se\u00f1alar que la mortalidad (el n\u00famero de fallecidos) con respecto a la morbilidad (el n\u00famero de enfermos) fue del 10% aproximadamente en todo el mundo. Por ello, si en Mecerreyes las defunciones ascendieron a 72, se deduce que enfermaron entre 700 y 800 personas, lo que representa entre un 70% y un 80% de la poblaci\u00f3n de la localidad. Esto se corresponde con el testimonio oral, que se\u00f1ala que la mayor\u00eda del <a  href=\"https:\/\/www.mecerreyes.com\/mece\/?page_id=2\">municipio<\/a> enferm\u00f3<\/p>\n<p>&nbsp;<\/p>\n<h2 style=\"text-align: left\" align=\"center\">CONCLUSI\u00d3N<\/h2>\n<p style=\"text-align: justify\">Tal y como cit\u00e9 al principio de la investigaci\u00f3n, la pandemia de gripe de 1918 fue la\u00a0 m\u00e1s mort\u00edfera de todo el siglo XX. Uno de los factores que agudizaron su efecto sobre la poblaci\u00f3n fue, sin duda, el hecho de que la epidemia se desarrollara de forma paralela a la Primera Guerra Mundial. Pese al nombre com\u00fan atribuido a esta pandemia, \u201cgripe espa\u00f1ola\u201d, el origen de esta epidemia est\u00e1 en Estados Unidos, y los soldados norteamericanos fueron los portadores del virus hasta Europa, donde estaban destinados para combatir en la Gran Guerra del lado de la Triple Entente. El virus se extendi\u00f3 por los pa\u00edses inmersos en la Primera Guerra Mundial, y los datos demogr\u00e1ficos fueron maquillados para no minar la moral de la poblaci\u00f3n. Sin embargo, Espa\u00f1a, uno de los primeros pa\u00edses afectados, no ten\u00eda necesidad en ocultar los devastadores efectos de la pandemia. Por ello, en aquel momento, se estableci\u00f3 que el origen de la enfermedad estaba en Espa\u00f1a. De Europa se extendi\u00f3 al mundo entero, afectando\u00a0 a millones de personas. Cabe se\u00f1alar que la pandemia de gripe provoc\u00f3 un crecimiento negativo de la poblaci\u00f3n mundial. A los fallecimientos se les uni\u00f3 un descenso de la natalidad, agudiz\u00e1ndose as\u00ed los efectos demogr\u00e1ficos de la gripe sobre la poblaci\u00f3n.<\/p>\n<p style=\"text-align: justify\">Una vez analizados los registros demogr\u00e1ficos del <a  href=\"https:\/\/www.mecerreyes.com\/mece\/?page_id=2\">municipio<\/a> de Mecerreyes en 1918, puedo establecer ciertas conclusiones. En primer lugar, seg\u00fan los datos obtenidos, la mortalidad en el resto de Espa\u00f1a fue de media, un 1,5% de la poblaci\u00f3n, es decir, que la mortalidad de Mecerreyes fue superior a la media, situ\u00e1ndose en un 7%. Hay que se\u00f1alar que la mortalidad no afect\u00f3 por igual a grandes ciudades (Madrid, Barcelona), como a pueblos peque\u00f1os, m\u00e1s aislados, especialmente en la zona Norte de la Pen\u00ednsula. Estas peque\u00f1as localidades, como Mecerreyes, sol\u00edan disponer de un \u00fanico m\u00e9dico. En muchos lugares, el m\u00e9dico del pueblo muri\u00f3 a causa de la gripe. En el caso de Mecerreyes, seg\u00fan testimonio oral, el m\u00e9dico enferm\u00f3 y no pudo atender a los enfermos. En mi opini\u00f3n, esta puede ser una de las principales razones por las que la tasa de mortalidad a causa de la gripe fuera bastante alta en comparaci\u00f3n con el resto del pa\u00eds (la ciudad con mayor tasa de mortalidad fue Zamora con un 10,1%). Si bien, puede haber otras razones de menor peso, como la climatolog\u00eda en el lugar en 1918, o la falta de recursos sanitarios en Mecerreyes, en comparaci\u00f3n con otras ciudades m\u00e1s grandes.<\/p>\n<h2 style=\"text-align: left\" align=\"center\">BIBLIOGRAF\u00cdA<\/h2>\n<p><b><span style=\"text-decoration: underline\">Fuentes primarias<\/span><\/b><\/p>\n<ul>\n<li>Instituto Nacional de Estad\u00edstica espa\u00f1ol<\/li>\n<li>Registro parroquial de enterramientos de Mecerreyes (Burgos)<\/li>\n<li>Testimonio oral de habitantes de Mecerreyes con familiares que sufrieron\u00a0 la epidemia.<\/li>\n<\/ul>\n<p><b><span style=\"text-decoration: underline\">Fuentes secundarias<\/span><\/b><\/p>\n<ul>\n<li><a  href=\"http:\/\/www.elmundo.es\/elmundosalud\/2008\/12\/11\/medicina\/1229008466.html\" target=\"_blank\"><span>http:\/\/www.elmundo.es\/elmundosalud\/2008\/12\/11\/medicina\/1229008466.html\u00a0<\/span><\/a><\/li>\n<li><span style=\"text-decoration: underline\">\u00a0<\/span><\/li>\n<li>Visitada el 11\/1\/2014<\/li>\n<li><\/li>\n<li>PANADERO CUARTERO J.E et alii. \u201cBiolog\u00eda\u00bb<i>\u00a0<\/i>2010. Ed. Bru\u00f1o. Madrid<\/li>\n<li><\/li>\n<li><a  href=\"http:\/\/www.agenciasinc.es\/Multimedia\/Ilustraciones\/La-gripe-espanola-se-propaga-por-el-mundo\" target=\"_blank\">http:\/\/www.agenciasinc.es\/Multimedia\/Ilustraciones\/La-gripe-espanola-se-propaga-por-el-mundo<\/a><\/li>\n<li><\/li>\n<li>Visitada el 12\/12\/2013<\/li>\n<li><\/li>\n<li><a  href=\"http:\/\/www.unav.es\/acienciacierta\/salud\/flu.html\" target=\"_blank\">http:\/\/www.unav.es\/acienciacierta\/salud\/flu.html<\/a><\/li>\n<li><\/li>\n<li>Visitada el 14\/12\/2013<\/li>\n<li><\/li>\n<li><a  href=\"http:\/\/sociedad.elpais.com\/sociedad\/2009\/05\/08\/actualidad\/1241733603_850215.html\" target=\"_blank\">http:\/\/sociedad.elpais.com\/sociedad\/2009\/05\/08\/actualidad\/1241733603_850215.html<\/a><\/li>\n<li><\/li>\n<li>Visitada el 14\/1272013<\/li>\n<li><\/li>\n<li><a  href=\"http:\/\/www.historiadeiberiavieja.com\/noticia.asp?ref=1045\" target=\"_blank\">http:\/\/www.historiadeiberiavieja.com\/noticia.asp?ref=1045<\/a><\/li>\n<li><\/li>\n<li>Visitada el 13\/12\/2013<\/li>\n<li><\/li>\n<li><a  href=\"http:\/\/www.elmundo.es\/ladh\/numero56\/gripe.html\" target=\"_blank\">http:\/\/www.elmundo.es\/ladh\/numero56\/gripe.html<\/a><\/li>\n<li><\/li>\n<li>Visitada el 15\/12\/2013<\/li>\n<li><\/li>\n<li><a  href=\"http:\/\/www.galeon.com\/gripeespanola\/productos2511629.html\" target=\"_blank\">http:\/\/www.galeon.com\/gripeespanola\/productos2511629.html<\/a><\/li>\n<li><\/li>\n<li>Visitada el 15\/12\/2013<\/li>\n<li><\/li>\n<\/ul>\n<p>&nbsp;<\/p>\n<h2 style=\"text-align: left\" align=\"center\">ANEXO<\/h2>\n<p><span style=\"text-decoration: underline\">Tabla 1. Fallecimientos de 1918 en Mecerreyes.<\/span><\/p>\n<p><a  href=\"http:\/\/www.mecerreyes.com\/mece\/wp-content\/uploads\/2015\/02\/Tabla-1.-Fallecimientos-de-1918-en-Mecerreyes.jpg\" class=\"thickbox no_icon\" title=\"Tabla 1. Fallecimientos de 1918 en Mecerreyes\"><img loading=\"lazy\" decoding=\"async\" class=\"size-full wp-image-10466\" alt=\"Tabla 1. Fallecimientos de 1918 en Mecerreyes\" src=\"http:\/\/www.mecerreyes.com\/mece\/wp-content\/uploads\/2015\/02\/Tabla-1.-Fallecimientos-de-1918-en-Mecerreyes.jpg\" width=\"713\" height=\"3720\" srcset=\"https:\/\/www.mecerreyes.com\/mece\/wp-content\/uploads\/2015\/02\/Tabla-1.-Fallecimientos-de-1918-en-Mecerreyes.jpg 713w, https:\/\/www.mecerreyes.com\/mece\/wp-content\/uploads\/2015\/02\/Tabla-1.-Fallecimientos-de-1918-en-Mecerreyes-196x1024.jpg 196w\" sizes=\"(max-width: 713px) 100vw, 713px\" \/><\/a><\/p>\n<dl class=\"wp-caption alignnone\" id=\"attachment_10466\" style=\"width: 723px\">\n<dd class=\"wp-caption-dd\">Tabla 1. Fallecimientos de 1918 en Mecerreyes<\/dd>\n<\/dl>\n<p><span style=\"text-decoration: underline\">\u00a0<\/span><\/p>\n<p><span style=\"text-decoration: underline\">Tabla 2. Censo de la poblaci\u00f3n en el a\u00f1o 1910 en la provincia de Burgos.<\/span><\/p>\n<p>&nbsp;<\/p>\n<div id=\"attachment_10468\" style=\"width: 706px\" class=\"wp-caption alignnone\"><a  href=\"http:\/\/www.mecerreyes.com\/mece\/wp-content\/uploads\/2015\/02\/Tabla-2.-Censo-de-la-poblaci\u00f3n-en-el-a\u00f1o-1910-en-la-provincia-de-Burgos..jpg\" class=\"thickbox no_icon\" title=\"Tabla 2. Censo de la poblaci\u00f3n en el a\u00f1o 1910 en la provincia de Burgos.\"><img loading=\"lazy\" decoding=\"async\" aria-describedby=\"caption-attachment-10468\" class=\" wp-image-10468  \" alt=\"Tabla 2. Censo de la poblaci\u00f3n en el a\u00f1o 1910 en la provincia de Burgos.\" src=\"http:\/\/www.mecerreyes.com\/mece\/wp-content\/uploads\/2015\/02\/Tabla-2.-Censo-de-la-poblaci\u00f3n-en-el-a\u00f1o-1910-en-la-provincia-de-Burgos..jpg\" width=\"696\" height=\"869\" srcset=\"https:\/\/www.mecerreyes.com\/mece\/wp-content\/uploads\/2015\/02\/Tabla-2.-Censo-de-la-poblaci\u00f3n-en-el-a\u00f1o-1910-en-la-provincia-de-Burgos..jpg 1934w, https:\/\/www.mecerreyes.com\/mece\/wp-content\/uploads\/2015\/02\/Tabla-2.-Censo-de-la-poblaci\u00f3n-en-el-a\u00f1o-1910-en-la-provincia-de-Burgos.-240x300.jpg 240w, https:\/\/www.mecerreyes.com\/mece\/wp-content\/uploads\/2015\/02\/Tabla-2.-Censo-de-la-poblaci\u00f3n-en-el-a\u00f1o-1910-en-la-provincia-de-Burgos.-820x1024.jpg 820w\" sizes=\"(max-width: 696px) 100vw, 696px\" \/><\/a><p id=\"caption-attachment-10468\" class=\"wp-caption-text\">Tabla 2. Censo de la poblaci\u00f3n en el a\u00f1o 1910 en la provincia de Burgos.<\/p><\/div>\n<p>&nbsp;<\/p>\n<p>&nbsp;<\/p>\n<p><span style=\"text-decoration: underline\">Tabla 3. Censo de la poblaci\u00f3n en el a\u00f1o 1920 en la provincia de Burgos.<\/span><\/p>\n<p>&nbsp;<\/p>\n<div id=\"attachment_10469\" style=\"width: 710px\" class=\"wp-caption alignnone\"><a  href=\"http:\/\/www.mecerreyes.com\/mece\/wp-content\/uploads\/2015\/02\/Tabla-3.-Censo-de-la-poblaci\u00f3n-en-el-a\u00f1o-1920-en-la-provincia-de-Burgos.jpg\" class=\"thickbox no_icon\" title=\"Tabla 3. Censo de la poblaci\u00f3n en el a\u00f1o 1920 en la provincia de Burgos\"><img loading=\"lazy\" decoding=\"async\" aria-describedby=\"caption-attachment-10469\" class=\" wp-image-10469  \" alt=\"Tabla 3. Censo de la poblaci\u00f3n en el a\u00f1o 1920 en la provincia de Burgos\" src=\"http:\/\/www.mecerreyes.com\/mece\/wp-content\/uploads\/2015\/02\/Tabla-3.-Censo-de-la-poblaci\u00f3n-en-el-a\u00f1o-1920-en-la-provincia-de-Burgos.jpg\" width=\"700\" height=\"908\" srcset=\"https:\/\/www.mecerreyes.com\/mece\/wp-content\/uploads\/2015\/02\/Tabla-3.-Censo-de-la-poblaci\u00f3n-en-el-a\u00f1o-1920-en-la-provincia-de-Burgos.jpg 1944w, https:\/\/www.mecerreyes.com\/mece\/wp-content\/uploads\/2015\/02\/Tabla-3.-Censo-de-la-poblaci\u00f3n-en-el-a\u00f1o-1920-en-la-provincia-de-Burgos-231x300.jpg 231w, https:\/\/www.mecerreyes.com\/mece\/wp-content\/uploads\/2015\/02\/Tabla-3.-Censo-de-la-poblaci\u00f3n-en-el-a\u00f1o-1920-en-la-provincia-de-Burgos-789x1024.jpg 789w\" sizes=\"(max-width: 700px) 100vw, 700px\" \/><\/a><p id=\"caption-attachment-10469\" class=\"wp-caption-text\">Tabla 3. Censo de la poblaci\u00f3n en el a\u00f1o 1920 en la provincia de Burgos<\/p><\/div>\n<p>&nbsp;<\/p>\n<h1 style=\"text-align: justify\"><b>LA MATANZA TRADICIONAL&#8230; \u00a1C\u00d3MO HUELE EL MONDONGO!<\/b><\/h1>\n<p style=\"text-align: justify\"><strong><em><span style=\"color: #0000ff\">&#8211;\u00a0\u00a0\u00a0\u00a0\u00a0\u00a0\u00a0\u00a0 \u00bfY eso de c\u00f3mo huele el mondongo de qu\u00e9 va? He visto unas fotos y me gustar\u00eda saber&#8230;<\/span><\/em><\/strong><\/p>\n<p style=\"text-align: justify\">&#8211;\u00a0\u00a0\u00a0\u00a0\u00a0\u00a0\u00a0\u00a0 \u00bfQue c\u00f3mo huele el mondongo? Pues a qu\u00e9 va a oler sino a infancia, recuerdos, tierra, comidas, familia&#8230; Los paisajes m\u00e1s queridos por cada uno no son seguramente los m\u00e1s hermosos, pero s\u00ed los m\u00e1s a\u00f1orados, pues est\u00e1n poblados de recuerdos de infancia y a ellos volvemos siempre, pues crecimos junto a ellos, aprendimos, nos enamoramos, sufrimos desenga\u00f1os, pero, y lo m\u00e1s importante, est\u00e1n llenos de rostros amados. Un grupo de guiletos ha vuelto a sentir el olor del mondongo. As\u00ed nos lo cuentan:<\/p>\n<p style=\"text-align: justify\"><span style=\"color: #ffffff\">.<\/span><\/p>\n<h2><span style=\"text-decoration: underline\"><span style=\"color: #800000;text-decoration: underline\">\u00a0<b>\u00a1\u00a1C\u00f3mo huele el mondongo!!<\/b><\/span><\/span><\/h2>\n<h2 style=\"text-align: justify\"><span style=\"color: #800000\">Lejos quedan muchos de\u00a0 los oficios por los que Mecerreyes era conocido en la comarca.<\/span><\/h2>\n<h2 style=\"text-align: justify\"><span style=\"color: #800000\">Embutidos Mamblas se mantiene pese a la dura crisis y despoblaci\u00f3n entre otros elementos negativos.<\/span><\/h2>\n<h2 style=\"text-align: justify\"><span style=\"color: #800000\">Sus productos: los embutidos, morcillas y jamones, mantienen el list\u00f3n bien alto y dan gusto al paladar de vecinos y visitantes.<\/span><\/h2>\n<h2 style=\"text-align: justify\"><span style=\"color: #800000\">Eso no quita que alg\u00fan guileto tenga morri\u00f1a por hacer la matanza seg\u00fan la tradici\u00f3n, reuni\u00e9ndose con amigos y colaboradores para hacer de matarifes, chamuscar, despiezar\u2026<\/span><\/h2>\n<h2 style=\"text-align: justify\"><span style=\"color: #800000\">Sabroso capricho que hace rebuscar la receta de la abuela, suegra o vecina, ya que los gramos de sal, pimienta, manteca, sangre, arroz y cebolla en su justa medida, har\u00e1n rememorar olores y sabores de la infancia. \u00a1C\u00f3mo huele el mondongo!<\/span><\/h2>\n<h2 style=\"text-align: justify\"><span style=\"color: #800000\">Ensartar es todo un arte, una pr\u00e1ctica de la que carecen estos amigos que han disfrutado como ni\u00f1os en este mes de febrero.<\/span><\/h2>\n<h2 style=\"text-align: justify\"><span style=\"color: #800000\">\u00a1\u00a1No ha salido mal, est\u00e1 cojo\u2026, toma para que pruebes, vamos a colgar los chorizos!! \u00bfQu\u00e9 hacemos con el aceite de la fritanga? Jab\u00f3n, como en los viejos tiempos.<\/span><\/h2>\n<h2 style=\"text-align: justify\"><span style=\"color: #800000\">En fin, una experiencia para recordar con maestros de ceremonias como Frutos, que les ha dejado la infraestructura y disfrutado con ellos.<\/span><\/h2>\n<h2 style=\"text-align: justify\"><span style=\"color: #800000\">Ya tienen chascarrillos para una temporada, hasta que las huertas vuelvan a ocupar el tiempo y sean el justificante para ir todos los d\u00edas posibles al pueblo.<\/span><\/h2>\n\n\t\t<style type=\"text\/css\">\n\t\t\t#gallery-1 {\n\t\t\t\tmargin: auto;\n\t\t\t}\n\t\t\t#gallery-1 .gallery-item {\n\t\t\t\tfloat: left;\n\t\t\t\tmargin-top: 10px;\n\t\t\t\ttext-align: center;\n\t\t\t\twidth: 33%;\n\t\t\t}\n\t\t\t#gallery-1 img {\n\t\t\t\tborder: 2px solid #cfcfcf;\n\t\t\t}\n\t\t\t#gallery-1 .gallery-caption {\n\t\t\t\tmargin-left: 0;\n\t\t\t}\n\t\t\t\/* see gallery_shortcode() in wp-includes\/media.php *\/\n\t\t<\/style>\n\t\t<div id='gallery-1' class='gallery galleryid-9353 gallery-columns-3 gallery-size-thumbnail'><dl class='gallery-item'>\n\t\t\t<dt class='gallery-icon landscape'>\n\t\t\t\t<a  href=\"https:\/\/www.mecerreyes.com\/mece\/wp-content\/uploads\/2015\/03\/Mecerreyes-matanza-3-03-2015.jpg\" class=\"thickbox no_icon\" title=\"\"><img loading=\"lazy\" decoding=\"async\" width=\"150\" height=\"150\" src=\"https:\/\/www.mecerreyes.com\/mece\/wp-content\/uploads\/2015\/03\/Mecerreyes-matanza-3-03-2015-150x150.jpg\" class=\"attachment-thumbnail size-thumbnail\" alt=\"\" \/><\/a>\n\t\t\t<\/dt><\/dl><dl class='gallery-item'>\n\t\t\t<dt class='gallery-icon landscape'>\n\t\t\t\t<a  href=\"https:\/\/www.mecerreyes.com\/mece\/wp-content\/uploads\/2015\/03\/Mecerreyes-matanza-3-03-2015-1.jpg\" class=\"thickbox no_icon\" title=\"\"><img loading=\"lazy\" decoding=\"async\" width=\"150\" height=\"150\" src=\"https:\/\/www.mecerreyes.com\/mece\/wp-content\/uploads\/2015\/03\/Mecerreyes-matanza-3-03-2015-1-150x150.jpg\" class=\"attachment-thumbnail size-thumbnail\" alt=\"\" \/><\/a>\n\t\t\t<\/dt><\/dl><dl class='gallery-item'>\n\t\t\t<dt class='gallery-icon landscape'>\n\t\t\t\t<a  href=\"https:\/\/www.mecerreyes.com\/mece\/wp-content\/uploads\/2015\/03\/Mecerreyes-matanza-3-03-2015-3.jpg\" class=\"thickbox no_icon\" title=\"\"><img loading=\"lazy\" decoding=\"async\" width=\"150\" height=\"150\" src=\"https:\/\/www.mecerreyes.com\/mece\/wp-content\/uploads\/2015\/03\/Mecerreyes-matanza-3-03-2015-3-150x150.jpg\" class=\"attachment-thumbnail size-thumbnail\" alt=\"\" \/><\/a>\n\t\t\t<\/dt><\/dl><br style=\"clear: both\" \/><dl class='gallery-item'>\n\t\t\t<dt class='gallery-icon landscape'>\n\t\t\t\t<a  href=\"https:\/\/www.mecerreyes.com\/mece\/wp-content\/uploads\/2015\/03\/Mecerreyes-matanza-3-03-2015-4.jpg\" class=\"thickbox no_icon\" title=\"\"><img loading=\"lazy\" decoding=\"async\" width=\"150\" height=\"150\" src=\"https:\/\/www.mecerreyes.com\/mece\/wp-content\/uploads\/2015\/03\/Mecerreyes-matanza-3-03-2015-4-150x150.jpg\" class=\"attachment-thumbnail size-thumbnail\" alt=\"\" \/><\/a>\n\t\t\t<\/dt><\/dl><dl class='gallery-item'>\n\t\t\t<dt class='gallery-icon landscape'>\n\t\t\t\t<a  href=\"https:\/\/www.mecerreyes.com\/mece\/wp-content\/uploads\/2015\/03\/Mecerreyes-matanza-3-03-2015-5.jpg\" class=\"thickbox no_icon\" title=\"\"><img loading=\"lazy\" decoding=\"async\" width=\"150\" height=\"150\" src=\"https:\/\/www.mecerreyes.com\/mece\/wp-content\/uploads\/2015\/03\/Mecerreyes-matanza-3-03-2015-5-150x150.jpg\" class=\"attachment-thumbnail size-thumbnail\" alt=\"\" \/><\/a>\n\t\t\t<\/dt><\/dl><dl class='gallery-item'>\n\t\t\t<dt class='gallery-icon landscape'>\n\t\t\t\t<a  href=\"https:\/\/www.mecerreyes.com\/mece\/wp-content\/uploads\/2015\/03\/Mecerreyes-matanza-3-03-2015-6.jpg\" class=\"thickbox no_icon\" title=\"\"><img loading=\"lazy\" decoding=\"async\" width=\"150\" height=\"150\" src=\"https:\/\/www.mecerreyes.com\/mece\/wp-content\/uploads\/2015\/03\/Mecerreyes-matanza-3-03-2015-6-150x150.jpg\" class=\"attachment-thumbnail size-thumbnail\" alt=\"\" \/><\/a>\n\t\t\t<\/dt><\/dl><br style=\"clear: both\" \/><dl class='gallery-item'>\n\t\t\t<dt class='gallery-icon portrait'>\n\t\t\t\t<a  href=\"https:\/\/www.mecerreyes.com\/mece\/wp-content\/uploads\/2015\/03\/Mecerreyes-matanza-3-03-2015-7.jpg\" class=\"thickbox no_icon\" title=\"\"><img loading=\"lazy\" decoding=\"async\" width=\"150\" height=\"150\" src=\"https:\/\/www.mecerreyes.com\/mece\/wp-content\/uploads\/2015\/03\/Mecerreyes-matanza-3-03-2015-7-150x150.jpg\" class=\"attachment-thumbnail size-thumbnail\" alt=\"\" \/><\/a>\n\t\t\t<\/dt><\/dl><dl class='gallery-item'>\n\t\t\t<dt class='gallery-icon portrait'>\n\t\t\t\t<a  href=\"https:\/\/www.mecerreyes.com\/mece\/wp-content\/uploads\/2015\/03\/Mecerreyes-matanza-3-03-2015-8.jpg\" class=\"thickbox no_icon\" title=\"\"><img loading=\"lazy\" decoding=\"async\" width=\"150\" height=\"150\" src=\"https:\/\/www.mecerreyes.com\/mece\/wp-content\/uploads\/2015\/03\/Mecerreyes-matanza-3-03-2015-8-150x150.jpg\" class=\"attachment-thumbnail size-thumbnail\" alt=\"\" \/><\/a>\n\t\t\t<\/dt><\/dl><dl class='gallery-item'>\n\t\t\t<dt class='gallery-icon portrait'>\n\t\t\t\t<a  href=\"https:\/\/www.mecerreyes.com\/mece\/wp-content\/uploads\/2015\/03\/Mecerreyes-matanza-3-03-2015-9.jpg\" class=\"thickbox no_icon\" title=\"\"><img loading=\"lazy\" decoding=\"async\" width=\"150\" height=\"150\" src=\"https:\/\/www.mecerreyes.com\/mece\/wp-content\/uploads\/2015\/03\/Mecerreyes-matanza-3-03-2015-9-150x150.jpg\" class=\"attachment-thumbnail size-thumbnail\" alt=\"\" \/><\/a>\n\t\t\t<\/dt><\/dl><br style=\"clear: both\" \/><dl class='gallery-item'>\n\t\t\t<dt class='gallery-icon portrait'>\n\t\t\t\t<a  href=\"https:\/\/www.mecerreyes.com\/mece\/wp-content\/uploads\/2015\/03\/Mecerreyes-matanza-3-03-2015-10.jpg\" class=\"thickbox no_icon\" title=\"\"><img loading=\"lazy\" decoding=\"async\" width=\"150\" height=\"150\" src=\"https:\/\/www.mecerreyes.com\/mece\/wp-content\/uploads\/2015\/03\/Mecerreyes-matanza-3-03-2015-10-150x150.jpg\" class=\"attachment-thumbnail size-thumbnail\" alt=\"\" \/><\/a>\n\t\t\t<\/dt><\/dl><dl class='gallery-item'>\n\t\t\t<dt class='gallery-icon portrait'>\n\t\t\t\t<a  href=\"https:\/\/www.mecerreyes.com\/mece\/wp-content\/uploads\/2015\/03\/Mecerreyes-matanza-3-03-2015-11.jpg\" class=\"thickbox no_icon\" title=\"\"><img loading=\"lazy\" decoding=\"async\" width=\"150\" height=\"150\" src=\"https:\/\/www.mecerreyes.com\/mece\/wp-content\/uploads\/2015\/03\/Mecerreyes-matanza-3-03-2015-11-150x150.jpg\" class=\"attachment-thumbnail size-thumbnail\" alt=\"\" \/><\/a>\n\t\t\t<\/dt><\/dl><dl class='gallery-item'>\n\t\t\t<dt class='gallery-icon portrait'>\n\t\t\t\t<a  href=\"https:\/\/www.mecerreyes.com\/mece\/wp-content\/uploads\/2015\/03\/Mecerreyes-matanza-3-03-2015-12.jpg\" class=\"thickbox no_icon\" title=\"\"><img loading=\"lazy\" decoding=\"async\" width=\"150\" height=\"150\" src=\"https:\/\/www.mecerreyes.com\/mece\/wp-content\/uploads\/2015\/03\/Mecerreyes-matanza-3-03-2015-12-150x150.jpg\" class=\"attachment-thumbnail size-thumbnail\" alt=\"\" \/><\/a>\n\t\t\t<\/dt><\/dl><br style=\"clear: both\" \/><dl class='gallery-item'>\n\t\t\t<dt class='gallery-icon landscape'>\n\t\t\t\t<a  href=\"https:\/\/www.mecerreyes.com\/mece\/wp-content\/uploads\/2015\/03\/Mecerreyes-matanza-3-03-2015-14.jpg\" class=\"thickbox no_icon\" title=\"\"><img loading=\"lazy\" decoding=\"async\" width=\"150\" height=\"150\" src=\"https:\/\/www.mecerreyes.com\/mece\/wp-content\/uploads\/2015\/03\/Mecerreyes-matanza-3-03-2015-14-150x150.jpg\" class=\"attachment-thumbnail size-thumbnail\" alt=\"\" \/><\/a>\n\t\t\t<\/dt><\/dl><dl class='gallery-item'>\n\t\t\t<dt class='gallery-icon portrait'>\n\t\t\t\t<a  href=\"https:\/\/www.mecerreyes.com\/mece\/wp-content\/uploads\/2015\/03\/Mecerreyes-matanza-3-03-2015-15.jpg\" class=\"thickbox no_icon\" title=\"\"><img loading=\"lazy\" decoding=\"async\" width=\"150\" height=\"150\" src=\"https:\/\/www.mecerreyes.com\/mece\/wp-content\/uploads\/2015\/03\/Mecerreyes-matanza-3-03-2015-15-150x150.jpg\" class=\"attachment-thumbnail size-thumbnail\" alt=\"\" \/><\/a>\n\t\t\t<\/dt><\/dl><dl class='gallery-item'>\n\t\t\t<dt class='gallery-icon landscape'>\n\t\t\t\t<a  href=\"https:\/\/www.mecerreyes.com\/mece\/wp-content\/uploads\/2015\/03\/Mecerreyes-matanza-3-03-2015-16.jpg\" class=\"thickbox no_icon\" title=\"\"><img loading=\"lazy\" decoding=\"async\" width=\"150\" height=\"150\" src=\"https:\/\/www.mecerreyes.com\/mece\/wp-content\/uploads\/2015\/03\/Mecerreyes-matanza-3-03-2015-16-150x150.jpg\" class=\"attachment-thumbnail size-thumbnail\" alt=\"\" \/><\/a>\n\t\t\t<\/dt><\/dl><br style=\"clear: both\" \/>\n\t\t<\/div>\n\n<h1 style=\"text-align: justify\"><b>DESCANSAN EN PAZ JULIO GONZ\u00c1LEZ ARROYO, \u00c1GUEDA ARRIBAS VICARIO, ADORACI\u00d3N P\u00c9REZ PORTAL, M\u00c1XIMO GONZ\u00c1LEZ GARC\u00cdA Y NIEVES LARA OLALLA. <\/b><\/h1>\n<p style=\"text-align: justify\"><strong><em><span style=\"color: #0000ff\">&#8211;\u00a0\u00a0\u00a0\u00a0\u00a0\u00a0\u00a0\u00a0 Lo sabemos y asumimos. La vida es eso: idas y venidas, luces y sombras, vida y muerte. Y aunque sabemos que es as\u00ed, \u00a0nos duele comunicar la muerte de estas cinco personas muy ligadas a nuestro pueblo.\u00a0 Nuestro recuerdo m\u00e1s entra\u00f1able para sus familiares y amigos. \u00a1DESCANSEN EN PAZ!<\/span><\/em><\/strong><\/p>\n<p style=\"text-align: justify\"><span style=\"color: #ffffff\">.<\/span><\/p>\n<ul style=\"text-align: justify\">\n<li><b>Julio Gonz\u00e1lez Arroyo<\/b>. Falleci\u00f3 el 11 de marzo de 2015, en Miranda de Ebro a los 81 a\u00f1os. Fue enterrado en esta misma localidad. Hijos: Julio, Bego\u00f1a y Carlos. Hermanos: Br\u00edgida, Ascen, Vicente (+), Andrea\u00a0(+), Consuelo\u00a0(+), Isabel\u00a0(+), Daniel\u00a0(+) y Dionisio\u00a0(+).<\/li>\n<\/ul>\n<p>&nbsp;<\/p>\n<ul style=\"text-align: justify\">\n<li><b>M\u00e1ximo Gonz\u00e1lez Garc\u00eda.<\/b>\u00a0Falleci\u00f3 el 13 de marzo de 2015, en Cuevas de San Clemente a los 85 a\u00f1os.<\/li>\n<\/ul>\n<div id=\"attachment_10747\" style=\"width: 521px\" class=\"wp-caption alignnone\"><a  href=\"http:\/\/www.mecerreyes.com\/mece\/wp-content\/uploads\/2015\/03\/Esquela-de-Don-M\u00e1ximo-Gonz\u00e1lez-Garc\u00eda.-Falleci\u00f3-en-Cuevas-de-San-Clemente-a-los-85-a\u00f1os.jpg\" class=\"thickbox no_icon\" title=\"Esquela de Don M\u00e1ximo Gonz\u00e1lez Garc\u00eda. Falleci\u00f3 en Cuevas de San Clemente a los 85 a\u00f1os\"><img loading=\"lazy\" decoding=\"async\" aria-describedby=\"caption-attachment-10747\" class=\" wp-image-10747  \" alt=\"Esquela de Don M\u00e1ximo Gonz\u00e1lez Garc\u00eda. Falleci\u00f3 en Cuevas de San Clemente a los 85 a\u00f1os\" src=\"http:\/\/www.mecerreyes.com\/mece\/wp-content\/uploads\/2015\/03\/Esquela-de-Don-M\u00e1ximo-Gonz\u00e1lez-Garc\u00eda.-Falleci\u00f3-en-Cuevas-de-San-Clemente-a-los-85-a\u00f1os.jpg\" width=\"511\" height=\"346\" srcset=\"https:\/\/www.mecerreyes.com\/mece\/wp-content\/uploads\/2015\/03\/Esquela-de-Don-M\u00e1ximo-Gonz\u00e1lez-Garc\u00eda.-Falleci\u00f3-en-Cuevas-de-San-Clemente-a-los-85-a\u00f1os.jpg 1216w, https:\/\/www.mecerreyes.com\/mece\/wp-content\/uploads\/2015\/03\/Esquela-de-Don-M\u00e1ximo-Gonz\u00e1lez-Garc\u00eda.-Falleci\u00f3-en-Cuevas-de-San-Clemente-a-los-85-a\u00f1os-300x203.jpg 300w, https:\/\/www.mecerreyes.com\/mece\/wp-content\/uploads\/2015\/03\/Esquela-de-Don-M\u00e1ximo-Gonz\u00e1lez-Garc\u00eda.-Falleci\u00f3-en-Cuevas-de-San-Clemente-a-los-85-a\u00f1os-1024x693.jpg 1024w\" sizes=\"(max-width: 511px) 100vw, 511px\" \/><\/a><p id=\"caption-attachment-10747\" class=\"wp-caption-text\">Esquela de Don M\u00e1ximo Gonz\u00e1lez Garc\u00eda. Falleci\u00f3 en Cuevas de San Clemente a los 85 a\u00f1os<\/p><\/div>\n<p>&nbsp;<\/p>\n<ul style=\"text-align: justify\">\n<li><b>Adoraci\u00f3n P\u00e9rez Portal.<\/b> Falleci\u00f3 el 14 de marzo de 2015, en Burgos a los 93 a\u00f1os.<\/li>\n<\/ul>\n<dl class=\"wp-caption alignnone\" id=\"attachment_10749\" style=\"width: 519px\">\n<dt class=\"wp-caption-dt\"><a  href=\"http:\/\/www.mecerreyes.com\/mece\/wp-content\/uploads\/2015\/03\/Esquela-de-D\u00aa-Adoraci\u00f3n-P\u00e9rez-Portal.-Falleci\u00f3-en-Burgos-a-los-93-a\u00f1os.jpg\" class=\"thickbox no_icon\" title=\"Esquela de D\u00aa Adoraci\u00f3n P\u00e9rez Portal. Falleci\u00f3 en Burgos a los 93 a\u00f1os\"><img loading=\"lazy\" decoding=\"async\" class=\" wp-image-10749\" alt=\"Esquela de D\u00aa Adoraci\u00f3n P\u00e9rez Portal. Falleci\u00f3 en Burgos a los 93 a\u00f1os\" src=\"http:\/\/www.mecerreyes.com\/mece\/wp-content\/uploads\/2015\/03\/Esquela-de-D\u00aa-Adoraci\u00f3n-P\u00e9rez-Portal.-Falleci\u00f3-en-Burgos-a-los-93-a\u00f1os.jpg\" width=\"509\" height=\"438\" srcset=\"https:\/\/www.mecerreyes.com\/mece\/wp-content\/uploads\/2015\/03\/Esquela-de-D\u00aa-Adoraci\u00f3n-P\u00e9rez-Portal.-Falleci\u00f3-en-Burgos-a-los-93-a\u00f1os.jpg 1212w, https:\/\/www.mecerreyes.com\/mece\/wp-content\/uploads\/2015\/03\/Esquela-de-D\u00aa-Adoraci\u00f3n-P\u00e9rez-Portal.-Falleci\u00f3-en-Burgos-a-los-93-a\u00f1os-300x258.jpg 300w, https:\/\/www.mecerreyes.com\/mece\/wp-content\/uploads\/2015\/03\/Esquela-de-D\u00aa-Adoraci\u00f3n-P\u00e9rez-Portal.-Falleci\u00f3-en-Burgos-a-los-93-a\u00f1os-1024x882.jpg 1024w\" sizes=\"(max-width: 509px) 100vw, 509px\" \/><\/a><\/dt>\n<\/dl>\n<dl class=\"wp-caption alignnone\" id=\"attachment_10749\" style=\"width: 519px\">\n<dd class=\"wp-caption-dd\">Esquela de D\u00aa Adoraci\u00f3n P\u00e9rez Portal. Falleci\u00f3 en Burgos a los 93 a\u00f1os<\/dd>\n<\/dl>\n<p>&nbsp;<\/p>\n<ul style=\"text-align: justify\">\n<li><b>Nieves Lara Olalla.<\/b> Falleci\u00f3 el d\u00eda 19 de marzo de 2015, en Burgos a los 79 a\u00f1os.<\/li>\n<\/ul>\n<div id=\"attachment_10750\" style=\"width: 509px\" class=\"wp-caption alignnone\"><a  href=\"http:\/\/www.mecerreyes.com\/mece\/wp-content\/uploads\/2015\/03\/Esquela-de-D\u00aa-Nieves-Lara-Olalla.-Falleci\u00f3-en-Burgos-a-los-79-a\u00f1os.jpg\" class=\"thickbox no_icon\" title=\"Esquela de D\u00aa Nieves Lara Olalla. Falleci\u00f3 en Burgos a los 79 a\u00f1os\"><img loading=\"lazy\" decoding=\"async\" aria-describedby=\"caption-attachment-10750\" class=\" wp-image-10750  \" alt=\"Esquela de D\u00aa Nieves Lara Olalla. Falleci\u00f3 en Burgos a los 79 a\u00f1os\" src=\"http:\/\/www.mecerreyes.com\/mece\/wp-content\/uploads\/2015\/03\/Esquela-de-D\u00aa-Nieves-Lara-Olalla.-Falleci\u00f3-en-Burgos-a-los-79-a\u00f1os.jpg\" width=\"499\" height=\"440\" srcset=\"https:\/\/www.mecerreyes.com\/mece\/wp-content\/uploads\/2015\/03\/Esquela-de-D\u00aa-Nieves-Lara-Olalla.-Falleci\u00f3-en-Burgos-a-los-79-a\u00f1os.jpg 1188w, https:\/\/www.mecerreyes.com\/mece\/wp-content\/uploads\/2015\/03\/Esquela-de-D\u00aa-Nieves-Lara-Olalla.-Falleci\u00f3-en-Burgos-a-los-79-a\u00f1os-300x264.jpg 300w, https:\/\/www.mecerreyes.com\/mece\/wp-content\/uploads\/2015\/03\/Esquela-de-D\u00aa-Nieves-Lara-Olalla.-Falleci\u00f3-en-Burgos-a-los-79-a\u00f1os-1024x903.jpg 1024w\" sizes=\"(max-width: 499px) 100vw, 499px\" \/><\/a><p id=\"caption-attachment-10750\" class=\"wp-caption-text\">Esquela de D\u00aa Nieves Lara Olalla. Falleci\u00f3 en Burgos a los 79 a\u00f1os<\/p><\/div>\n<ul>\n<li><b>\u00c1gueda Arribas Vicario.<\/b>\u00a0Falleci\u00f3 el 23 de marzo de 2015, en Burgos a los 75 a\u00f1os.<\/li>\n<\/ul>\n<div id=\"attachment_10752\" style=\"width: 501px\" class=\"wp-caption alignnone\"><a  href=\"http:\/\/www.mecerreyes.com\/mece\/wp-content\/uploads\/2015\/03\/Esquela-de-D\u00aa-\u00c1gueda-Arribas-Vicario.-Falleci\u00f3-en-Burgos-a-los-75-a\u00f1os.jpg\" class=\"thickbox no_icon\" title=\"Esquela de D\u00aa \u00c1gueda Arribas Vicario. Falleci\u00f3 en Burgos a los 75 a\u00f1os\"><img loading=\"lazy\" decoding=\"async\" aria-describedby=\"caption-attachment-10752\" class=\" wp-image-10752   \" alt=\"Esquela de D\u00aa \u00c1gueda Arribas Vicario. Falleci\u00f3 en Burgos a los 75 a\u00f1os\" src=\"http:\/\/www.mecerreyes.com\/mece\/wp-content\/uploads\/2015\/03\/Esquela-de-D\u00aa-\u00c1gueda-Arribas-Vicario.-Falleci\u00f3-en-Burgos-a-los-75-a\u00f1os.jpg\" width=\"491\" height=\"432\" srcset=\"https:\/\/www.mecerreyes.com\/mece\/wp-content\/uploads\/2015\/03\/Esquela-de-D\u00aa-\u00c1gueda-Arribas-Vicario.-Falleci\u00f3-en-Burgos-a-los-75-a\u00f1os.jpg 1168w, https:\/\/www.mecerreyes.com\/mece\/wp-content\/uploads\/2015\/03\/Esquela-de-D\u00aa-\u00c1gueda-Arribas-Vicario.-Falleci\u00f3-en-Burgos-a-los-75-a\u00f1os-300x264.jpg 300w, https:\/\/www.mecerreyes.com\/mece\/wp-content\/uploads\/2015\/03\/Esquela-de-D\u00aa-\u00c1gueda-Arribas-Vicario.-Falleci\u00f3-en-Burgos-a-los-75-a\u00f1os-1024x901.jpg 1024w\" sizes=\"(max-width: 491px) 100vw, 491px\" \/><\/a><p id=\"caption-attachment-10752\" class=\"wp-caption-text\">Esquela de D\u00aa \u00c1gueda Arribas Vicario. Falleci\u00f3 en Burgos a los 75 a\u00f1os<\/p><\/div>\n<p>&nbsp;<\/p>\n<h1 style=\"text-align: justify\"><b><a  href=\"https:\/\/www.mecerreyes.com\/mece\/?page_id=48\">SEMANA SANTA<\/a> Y PASCUA EN MECERREYES<\/b><\/h1>\n<p style=\"text-align: justify\"><strong><em><span style=\"color: #0000ff\">&#8211;\u00a0\u00a0\u00a0\u00a0\u00a0\u00a0\u00a0\u00a0 Tengo la sensaci\u00f3n, abuelo, que estos d\u00edas viene mucha gente al pueblo. Creo que es cuando m\u00e1s gente hay en Mecerreyes. \u00bfEs as\u00ed o s\u00f3lo me lo parece? <\/span><\/em><\/strong><\/p>\n<p style=\"text-align: justify\">&#8211;\u00a0\u00a0\u00a0\u00a0\u00a0\u00a0\u00a0\u00a0 Yo tambi\u00e9n pienso que estos d\u00edas son especiales para muchos y les gusta venir a pasar unos d\u00edas tranquilos en el pueblo, ver a la familia, abrir las casas&#8230; Y s\u00ed, posiblemente tengas raz\u00f3n en eso de que es cuando m\u00e1s gente hay en el pueblo. Y tambi\u00e9n creo que la <a  href=\"https:\/\/www.mecerreyes.com\/mece\/?page_id=48\">Semana Santa<\/a> tiene aqu\u00ed un sabor especial. Lo hemos vivido de ni\u00f1os y nos gusta volver, revivir, recordar&#8230; Nos hace bien. Por cierto, te recuerdo que los horarios de <a  href=\"https:\/\/www.mecerreyes.com\/mece\/?page_id=48\">Semana Santa<\/a> y Pascua han sido publicados en esta misma p\u00e1gina. \u00a1Feliz y Santa Semana para todos!<\/p>\n<p style=\"text-align: justify\"><strong><em><span style=\"color: #0000ff\">&#8211;\u00a0\u00a0\u00a0\u00a0\u00a0\u00a0\u00a0\u00a0 \u00a1Que as\u00ed sea, abuelo! Y s\u00ed, me he enterado de los horarios para estos d\u00edas y agradezco que se hayan publicado con tanta antelaci\u00f3n, pues me organizo mejor as\u00ed. \u00bfNos veremos, no?<\/span><\/em><\/strong><i><\/i><\/p>\n<p style=\"text-align: justify\">&#8211;\u00a0\u00a0\u00a0\u00a0\u00a0\u00a0\u00a0\u00a0 No s\u00e9 si t\u00fa vendr\u00e1s o no. Yo nunca he faltado y mira que tengo a\u00f1os.<\/p>\n<p style=\"text-align: justify\"><strong><em><span style=\"color: #0000ff\">&#8211;\u00a0\u00a0\u00a0\u00a0\u00a0\u00a0\u00a0\u00a0 Lo s\u00e9, abuelo, que s\u00f3lo era una pregunta inocente&#8230;<\/span><\/em><\/strong><i><\/i><\/p>\n<p style=\"text-align: justify\">&#8211;\u00a0\u00a0\u00a0\u00a0\u00a0\u00a0\u00a0\u00a0 Pues no faltes t\u00fa y anima a los m\u00e1s j\u00f3venes para que cojan el relevo. El a\u00f1o pasado bien j\u00f3venes que eran los Cirineos y vaya si me alegr\u00f3. \u00a1Que no se pierdan nuestras tradiciones!<\/p>\n<p style=\"text-align: justify\"><strong><em><span style=\"color: #0000ff\">&#8211;\u00a0\u00a0\u00a0\u00a0\u00a0\u00a0\u00a0\u00a0 No se preocupe por eso, abuelo, que aqu\u00ed nos tiene. \u00a1Muchas gracias por estar ah\u00ed y por sus \u00e1nimos! \u00a1Nos vemos!<\/span><\/em><\/strong><\/p>\n<p>&nbsp;<\/p>\n<p>&nbsp;<\/p>\n<div id=\"attachment_10715\" style=\"width: 730px\" class=\"wp-caption alignnone\"><a  href=\"http:\/\/www.mecerreyes.com\/mece\/wp-content\/uploads\/2015\/03\/Imagenes-Noticias-Marzo-2015.jpg\" class=\"thickbox no_icon\" title=\"Mecerreyes, noticias Marzo 2015\"><img loading=\"lazy\" decoding=\"async\" aria-describedby=\"caption-attachment-10715\" class=\" wp-image-10715 \" alt=\"Mecerreyes, noticias Marzo 2015\" src=\"http:\/\/www.mecerreyes.com\/mece\/wp-content\/uploads\/2015\/03\/Imagenes-Noticias-Marzo-2015.jpg\" width=\"720\" height=\"225\" srcset=\"https:\/\/www.mecerreyes.com\/mece\/wp-content\/uploads\/2015\/03\/Imagenes-Noticias-Marzo-2015.jpg 800w, https:\/\/www.mecerreyes.com\/mece\/wp-content\/uploads\/2015\/03\/Imagenes-Noticias-Marzo-2015-300x93.jpg 300w\" sizes=\"(max-width: 720px) 100vw, 720px\" \/><\/a><p id=\"caption-attachment-10715\" class=\"wp-caption-text\">Mecerreyes, noticias Marzo 2015<\/p><\/div>\n<div id=\"attachment_10703\" style=\"width: 778px\" class=\"wp-caption alignnone\"><a  href=\"http:\/\/www.mecerreyes.com\/mece\/wp-content\/uploads\/2015\/03\/Cartel-Semana-Santa-Mecerreyes-2015-p.jpg\" class=\"thickbox no_icon\" title=\"Mecerreyes Semana Santa 2015 - Horarios\"><img loading=\"lazy\" decoding=\"async\" aria-describedby=\"caption-attachment-10703\" class=\" wp-image-10703  \" alt=\"Mecerreyes Semana Santa 2015 - Horarios\" src=\"http:\/\/www.mecerreyes.com\/mece\/wp-content\/uploads\/2015\/03\/Cartel-Semana-Santa-Mecerreyes-2015-p.jpg\" width=\"768\" height=\"1086\" srcset=\"https:\/\/www.mecerreyes.com\/mece\/wp-content\/uploads\/2015\/03\/Cartel-Semana-Santa-Mecerreyes-2015-p.jpg 1200w, https:\/\/www.mecerreyes.com\/mece\/wp-content\/uploads\/2015\/03\/Cartel-Semana-Santa-Mecerreyes-2015-p-212x300.jpg 212w, https:\/\/www.mecerreyes.com\/mece\/wp-content\/uploads\/2015\/03\/Cartel-Semana-Santa-Mecerreyes-2015-p-724x1024.jpg 724w\" sizes=\"(max-width: 768px) 100vw, 768px\" \/><\/a><p id=\"caption-attachment-10703\" class=\"wp-caption-text\">Mecerreyes <a  href=\"https:\/\/www.mecerreyes.com\/mece\/?page_id=48\">Semana Santa<\/a> 2015 &#8211; Horarios<\/p><\/div>","protected":false},"excerpt":{"rendered":"<p>NOTICIAS MARZO 2015 Tras de Marzo entrar\u00e1 Abril con las flores relucir\u2026 Dimos la bienvenida a marzo al calor de las hogueras, mientras cant\u00e1bamos las marzas, cantos sencillos y pegadizos que han alegrado la vida de tantas generaciones, cantos que nos han unido y acompa\u00f1ado a lo largo de nuestra vida, cantos que han recibido, [&hellip;]<\/p>\n","protected":false},"author":5,"featured_media":0,"comment_status":"open","ping_status":"closed","sticky":false,"template":"","format":"standard","meta":{"_et_pb_use_builder":"","_et_pb_old_content":"","_et_gb_content_width":"","footnotes":""},"categories":[1],"tags":[21,11],"class_list":["post-9353","post","type-post","status-publish","format-standard","hentry","category-general","tag-guiletos","tag-semana-santa","et-doesnt-have-format-content","et_post_format-et-post-format-standard"],"_links":{"self":[{"href":"https:\/\/www.mecerreyes.com\/mece\/index.php?rest_route=\/wp\/v2\/posts\/9353"}],"collection":[{"href":"https:\/\/www.mecerreyes.com\/mece\/index.php?rest_route=\/wp\/v2\/posts"}],"about":[{"href":"https:\/\/www.mecerreyes.com\/mece\/index.php?rest_route=\/wp\/v2\/types\/post"}],"author":[{"embeddable":true,"href":"https:\/\/www.mecerreyes.com\/mece\/index.php?rest_route=\/wp\/v2\/users\/5"}],"replies":[{"embeddable":true,"href":"https:\/\/www.mecerreyes.com\/mece\/index.php?rest_route=%2Fwp%2Fv2%2Fcomments&post=9353"}],"version-history":[{"count":0,"href":"https:\/\/www.mecerreyes.com\/mece\/index.php?rest_route=\/wp\/v2\/posts\/9353\/revisions"}],"wp:attachment":[{"href":"https:\/\/www.mecerreyes.com\/mece\/index.php?rest_route=%2Fwp%2Fv2%2Fmedia&parent=9353"}],"wp:term":[{"taxonomy":"category","embeddable":true,"href":"https:\/\/www.mecerreyes.com\/mece\/index.php?rest_route=%2Fwp%2Fv2%2Fcategories&post=9353"},{"taxonomy":"post_tag","embeddable":true,"href":"https:\/\/www.mecerreyes.com\/mece\/index.php?rest_route=%2Fwp%2Fv2%2Ftags&post=9353"}],"curies":[{"name":"wp","href":"https:\/\/api.w.org\/{rel}","templated":true}]}}