{"id":9377,"date":"2014-08-19T15:26:54","date_gmt":"2014-08-19T14:26:54","guid":{"rendered":"http:\/\/www.mecerreyes.com\/mece\/?p=9377"},"modified":"2014-08-19T16:11:40","modified_gmt":"2014-08-19T15:11:40","slug":"programa-fiestas-2014","status":"publish","type":"post","link":"https:\/\/www.mecerreyes.com\/mece\/?p=9377","title":{"rendered":"Programa Fiestas 2014"},"content":{"rendered":"<h1 style=\"text-align: center\"><span style=\"color: #0000ff\">La Pe\u00f1a TOKISKI<\/span><\/h1>\n<h1 style=\"text-align: center\"><span style=\"color: #0000ff\">les desea<\/span><\/h1>\n<h1 style=\"text-align: center\"><span style=\"color: #0000ff\">\u00a1FELICES FIESTAS!<\/span><\/h1>\n<h1 style=\"text-align: center\"><span style=\"color: #0000ff\">2014<\/span><\/h1>\n<p>&nbsp;<\/p>\n<p style=\"text-align: justify\"><span style=\"color: #0000ff\"><em><strong>Un a\u00f1o m\u00e1s llegan las esperadas fiestas de <a  href=\"https:\/\/www.mecerreyes.com\/mece\/?page_id=60\">Acci\u00f3n de Gracias<\/a> y Nuestra Se\u00f1ora del Camino. Trat\u00e1ndose de nuestro primer a\u00f1o como pe\u00f1a organizadora estamos poniendo toda nuestra ilusi\u00f3n y empe\u00f1o en conseguir que todos disfrutemos de estas fiestas en la mejor compa\u00f1\u00eda guileta.<\/strong><\/em><\/span><\/p>\n<p style=\"text-align: justify\"><span style=\"color: #0000ff\"><em><strong>Agradecemos sinceramente a todos los que con su ayuda y colaboraci\u00f3n hacen posible estas fiestas.<\/strong><\/em><\/span><\/p>\n<p>&nbsp;<\/p>\n<p><span style=\"color: #0000ff\"><em><strong>Esperamos que todo salga seg\u00fan lo planeado y rogamos nos disculpen si se produce alg\u00fan contratiempo.<\/strong><\/em><\/span><\/p>\n<p>&nbsp;<\/p>\n<h1 style=\"text-align: center\">* * * * * * * * * * *<\/h1>\n<p>&nbsp;<\/p>\n<h1 style=\"text-align: center\"><span style=\"color: #800000\">SALUDO \u00a0DEL \u00a0ALCALDE &#8211; FIESTAS 2014<\/span><\/h1>\n<p style=\"text-align: justify\"><span style=\"color: #800000\"><em>Un a\u00f1o m\u00e1s tenemos la dicha de poder celebrar las fiestas en honor a Nuestra Se\u00f1ora del Camino y <a  href=\"https:\/\/www.mecerreyes.com\/mece\/?page_id=60\">Acci\u00f3n de Gracias<\/a>.<\/em><\/span><\/p>\n<p style=\"text-align: justify\"><span style=\"color: #800000\"><em>\u00a0<\/em><\/span><\/p>\n<p style=\"text-align: justify\"><span style=\"color: #800000\"><em>Mecerreyes, nuestra villa, es un pueblo sencillo pero puede y debe aspirar a seguir ofreciendo unas fiestas dignas, pero esto es cosa de todos.<\/em><\/span><\/p>\n<p style=\"text-align: justify\"><span style=\"color: #800000\"><em>\u00a0<\/em><\/span><\/p>\n<p style=\"text-align: justify\"><span style=\"color: #800000\"><em>Colaboremos todos y estaremos satisfechos y orgullosos de la labor realizada.<\/em><\/span><\/p>\n<p style=\"text-align: justify\"><span style=\"color: #800000\"><em>\u00a0<\/em><\/span><\/p>\n<p style=\"text-align: justify\"><span style=\"color: #800000\"><em>Disfrutemos de estas fiesta, pas\u00e9moslo bien y no perdamos de vista algo tan esencial como lo es el compartir esa alegr\u00eda con nuestros paisanos y con aquellos que sean nuestros hu\u00e9spedes durante estos d\u00edas festivos.<\/em><\/span><\/p>\n<p style=\"text-align: justify\"><span style=\"color: #800000\"><em>\u00a0<\/em><\/span><\/p>\n<p style=\"text-align: justify\"><span style=\"color: #800000\"><em>Que estos d\u00edas de fiesta constituyan para todos un gran recuerdo que se a\u00f1ore hasta que lleguen las del pr\u00f3ximo a\u00f1o.<\/em><\/span><\/p>\n<p><span style=\"color: #800000\">\u00a0<\/span><\/p>\n<p><span style=\"color: #800000\">\u00a1\u00a1\u00a1FELICES FIESTAS!!!<\/span><\/p>\n<p><span style=\"color: #800000\">\u00a0<\/span><\/p>\n<p><span style=\"color: #800000\">Vuestro alcalde<\/span><\/p>\n<p><span style=\"color: #800000\">JULI\u00c1N VICARIO ALONSO<\/span><\/p>\n<p>&nbsp;<\/p>\n<p>&nbsp;<\/p>\n<div id=\"attachment_9388\" style=\"width: 899px\" class=\"wp-caption alignnone\"><a  href=\"http:\/\/www.mecerreyes.com\/mece\/wp-content\/uploads\/2014\/08\/Mecerreyes-Programa-Fiestas-27-a-31-08-2014-a.jpg\" class=\"thickbox no_icon\" title=\"Mecerreyes, Programa Fiestas 27 a 31-08-2014\"><img loading=\"lazy\" decoding=\"async\" aria-describedby=\"caption-attachment-9388\" class=\"size-full wp-image-9388\" alt=\"Mecerreyes, Programa Fiestas 27 a 31-08-2014\" src=\"http:\/\/www.mecerreyes.com\/mece\/wp-content\/uploads\/2014\/08\/Mecerreyes-Programa-Fiestas-27-a-31-08-2014-a.jpg\" width=\"889\" height=\"1226\" srcset=\"https:\/\/www.mecerreyes.com\/mece\/wp-content\/uploads\/2014\/08\/Mecerreyes-Programa-Fiestas-27-a-31-08-2014-a.jpg 889w, https:\/\/www.mecerreyes.com\/mece\/wp-content\/uploads\/2014\/08\/Mecerreyes-Programa-Fiestas-27-a-31-08-2014-a-217x300.jpg 217w, https:\/\/www.mecerreyes.com\/mece\/wp-content\/uploads\/2014\/08\/Mecerreyes-Programa-Fiestas-27-a-31-08-2014-a-742x1024.jpg 742w\" sizes=\"(max-width: 889px) 100vw, 889px\" \/><\/a><p id=\"caption-attachment-9388\" class=\"wp-caption-text\">Mecerreyes, Programa Fiestas 27 a 31-08-2014<\/p><\/div>\n<div id=\"attachment_9389\" style=\"width: 885px\" class=\"wp-caption alignnone\"><a  href=\"http:\/\/www.mecerreyes.com\/mece\/wp-content\/uploads\/2014\/08\/Mecerreyes-Programa-Fiestas-27-a-31-08-2014-b.jpg\" class=\"thickbox no_icon\" title=\"Mecerreyes, Programa Fiestas 27 a 31-08-2014 b\"><img loading=\"lazy\" decoding=\"async\" aria-describedby=\"caption-attachment-9389\" class=\"size-full wp-image-9389\" alt=\"Mecerreyes, Programa Fiestas 27 a 31-08-2014 b\" src=\"http:\/\/www.mecerreyes.com\/mece\/wp-content\/uploads\/2014\/08\/Mecerreyes-Programa-Fiestas-27-a-31-08-2014-b.jpg\" width=\"875\" height=\"1223\" srcset=\"https:\/\/www.mecerreyes.com\/mece\/wp-content\/uploads\/2014\/08\/Mecerreyes-Programa-Fiestas-27-a-31-08-2014-b.jpg 875w, https:\/\/www.mecerreyes.com\/mece\/wp-content\/uploads\/2014\/08\/Mecerreyes-Programa-Fiestas-27-a-31-08-2014-b-214x300.jpg 214w, https:\/\/www.mecerreyes.com\/mece\/wp-content\/uploads\/2014\/08\/Mecerreyes-Programa-Fiestas-27-a-31-08-2014-b-732x1024.jpg 732w\" sizes=\"(max-width: 875px) 100vw, 875px\" \/><\/a><p id=\"caption-attachment-9389\" class=\"wp-caption-text\">Mecerreyes, Programa Fiestas 27 a 31-08-2014<\/p><\/div>\n<div id=\"attachment_9390\" style=\"width: 893px\" class=\"wp-caption alignnone\"><a  href=\"http:\/\/www.mecerreyes.com\/mece\/wp-content\/uploads\/2014\/08\/Mecerreyes-Programa-Fiestas-27-a-31-08-2014-c.jpg\" class=\"thickbox no_icon\" title=\"Mecerreyes, Programa Fiestas 27 a 31-08-2014 c\"><img loading=\"lazy\" decoding=\"async\" aria-describedby=\"caption-attachment-9390\" class=\"size-full wp-image-9390\" alt=\"Mecerreyes, Programa Fiestas 27 a 31-08-2014 c\" src=\"http:\/\/www.mecerreyes.com\/mece\/wp-content\/uploads\/2014\/08\/Mecerreyes-Programa-Fiestas-27-a-31-08-2014-c.jpg\" width=\"883\" height=\"1234\" srcset=\"https:\/\/www.mecerreyes.com\/mece\/wp-content\/uploads\/2014\/08\/Mecerreyes-Programa-Fiestas-27-a-31-08-2014-c.jpg 883w, https:\/\/www.mecerreyes.com\/mece\/wp-content\/uploads\/2014\/08\/Mecerreyes-Programa-Fiestas-27-a-31-08-2014-c-214x300.jpg 214w, https:\/\/www.mecerreyes.com\/mece\/wp-content\/uploads\/2014\/08\/Mecerreyes-Programa-Fiestas-27-a-31-08-2014-c-732x1024.jpg 732w\" sizes=\"(max-width: 883px) 100vw, 883px\" \/><\/a><p id=\"caption-attachment-9390\" class=\"wp-caption-text\">Mecerreyes, Programa Fiestas 27 a 31-08-2014<\/p><\/div>\n<div id=\"attachment_9391\" style=\"width: 891px\" class=\"wp-caption alignnone\"><a  href=\"http:\/\/www.mecerreyes.com\/mece\/wp-content\/uploads\/2014\/08\/Mecerreyes-Programa-Fiestas-27-a-31-08-2014-d.jpg\" class=\"thickbox no_icon\" title=\"Mecerreyes, Programa Fiestas 27 a 31-08-2014 d\"><img loading=\"lazy\" decoding=\"async\" aria-describedby=\"caption-attachment-9391\" class=\"size-full wp-image-9391\" alt=\"Mecerreyes, Programa Fiestas 27 a 31-08-2014 d\" src=\"http:\/\/www.mecerreyes.com\/mece\/wp-content\/uploads\/2014\/08\/Mecerreyes-Programa-Fiestas-27-a-31-08-2014-d.jpg\" width=\"881\" height=\"1223\" srcset=\"https:\/\/www.mecerreyes.com\/mece\/wp-content\/uploads\/2014\/08\/Mecerreyes-Programa-Fiestas-27-a-31-08-2014-d.jpg 881w, https:\/\/www.mecerreyes.com\/mece\/wp-content\/uploads\/2014\/08\/Mecerreyes-Programa-Fiestas-27-a-31-08-2014-d-216x300.jpg 216w, https:\/\/www.mecerreyes.com\/mece\/wp-content\/uploads\/2014\/08\/Mecerreyes-Programa-Fiestas-27-a-31-08-2014-d-737x1024.jpg 737w\" sizes=\"(max-width: 881px) 100vw, 881px\" \/><\/a><p id=\"caption-attachment-9391\" class=\"wp-caption-text\">Mecerreyes, Programa Fiestas 27 a 31-08-2014<\/p><\/div>\n<div id=\"attachment_9392\" style=\"width: 885px\" class=\"wp-caption alignnone\"><a  href=\"http:\/\/www.mecerreyes.com\/mece\/wp-content\/uploads\/2014\/08\/Mecerreyes-Programa-Fiestas-27-a-31-08-2014-e.jpg\" class=\"thickbox no_icon\" title=\"Mecerreyes, Programa Fiestas 27 a 31-08-2014 e\"><img loading=\"lazy\" decoding=\"async\" aria-describedby=\"caption-attachment-9392\" class=\"size-full wp-image-9392\" alt=\"Mecerreyes, Programa Fiestas 27 a 31-08-2014 e\" src=\"http:\/\/www.mecerreyes.com\/mece\/wp-content\/uploads\/2014\/08\/Mecerreyes-Programa-Fiestas-27-a-31-08-2014-e.jpg\" width=\"875\" height=\"1223\" srcset=\"https:\/\/www.mecerreyes.com\/mece\/wp-content\/uploads\/2014\/08\/Mecerreyes-Programa-Fiestas-27-a-31-08-2014-e.jpg 875w, https:\/\/www.mecerreyes.com\/mece\/wp-content\/uploads\/2014\/08\/Mecerreyes-Programa-Fiestas-27-a-31-08-2014-e-214x300.jpg 214w, https:\/\/www.mecerreyes.com\/mece\/wp-content\/uploads\/2014\/08\/Mecerreyes-Programa-Fiestas-27-a-31-08-2014-e-732x1024.jpg 732w\" sizes=\"(max-width: 875px) 100vw, 875px\" \/><\/a><p id=\"caption-attachment-9392\" class=\"wp-caption-text\">Mecerreyes, Programa Fiestas 27 a 31-08-2014<\/p><\/div>\n<div id=\"attachment_9393\" style=\"width: 885px\" class=\"wp-caption alignnone\"><a  href=\"http:\/\/www.mecerreyes.com\/mece\/wp-content\/uploads\/2014\/08\/Mecerreyes-Programa-Fiestas-27-a-31-08-2014-f.jpg\" class=\"thickbox no_icon\" title=\"Mecerreyes, Programa Fiestas 27 a 31-08-2014 f\"><img loading=\"lazy\" decoding=\"async\" aria-describedby=\"caption-attachment-9393\" class=\"size-full wp-image-9393\" alt=\"Mecerreyes, Programa Fiestas 27 a 31-08-2014 f\" src=\"http:\/\/www.mecerreyes.com\/mece\/wp-content\/uploads\/2014\/08\/Mecerreyes-Programa-Fiestas-27-a-31-08-2014-f.jpg\" width=\"875\" height=\"1226\" srcset=\"https:\/\/www.mecerreyes.com\/mece\/wp-content\/uploads\/2014\/08\/Mecerreyes-Programa-Fiestas-27-a-31-08-2014-f.jpg 875w, https:\/\/www.mecerreyes.com\/mece\/wp-content\/uploads\/2014\/08\/Mecerreyes-Programa-Fiestas-27-a-31-08-2014-f-214x300.jpg 214w, https:\/\/www.mecerreyes.com\/mece\/wp-content\/uploads\/2014\/08\/Mecerreyes-Programa-Fiestas-27-a-31-08-2014-f-730x1024.jpg 730w\" sizes=\"(max-width: 875px) 100vw, 875px\" \/><\/a><p id=\"caption-attachment-9393\" class=\"wp-caption-text\">Mecerreyes, Programa Fiestas 27 a 31-08-2014<\/p><\/div>\n<div id=\"attachment_9394\" style=\"width: 851px\" class=\"wp-caption alignnone\"><a  href=\"http:\/\/www.mecerreyes.com\/mece\/wp-content\/uploads\/2014\/08\/Mecerreyes-Programa-Fiestas-27-a-31-08-2014-g.jpg\" class=\"thickbox no_icon\" title=\"Mecerreyes, Programa Fiestas 27 a 31-08-2014 g\"><img loading=\"lazy\" decoding=\"async\" aria-describedby=\"caption-attachment-9394\" class=\"size-full wp-image-9394\" alt=\"Mecerreyes, Programa Fiestas 27 a 31-08-2014 g\" src=\"http:\/\/www.mecerreyes.com\/mece\/wp-content\/uploads\/2014\/08\/Mecerreyes-Programa-Fiestas-27-a-31-08-2014-g.jpg\" width=\"841\" height=\"1215\" srcset=\"https:\/\/www.mecerreyes.com\/mece\/wp-content\/uploads\/2014\/08\/Mecerreyes-Programa-Fiestas-27-a-31-08-2014-g.jpg 841w, https:\/\/www.mecerreyes.com\/mece\/wp-content\/uploads\/2014\/08\/Mecerreyes-Programa-Fiestas-27-a-31-08-2014-g-207x300.jpg 207w, https:\/\/www.mecerreyes.com\/mece\/wp-content\/uploads\/2014\/08\/Mecerreyes-Programa-Fiestas-27-a-31-08-2014-g-708x1024.jpg 708w\" sizes=\"(max-width: 841px) 100vw, 841px\" \/><\/a><p id=\"caption-attachment-9394\" class=\"wp-caption-text\">Mecerreyes, Programa Fiestas 27 a 31-08-2014<\/p><\/div>\n<div id=\"attachment_9395\" style=\"width: 893px\" class=\"wp-caption alignnone\"><a  href=\"http:\/\/www.mecerreyes.com\/mece\/wp-content\/uploads\/2014\/08\/Mecerreyes-Programa-Fiestas-27-a-31-08-2014-h.jpg\" class=\"thickbox no_icon\" title=\"Mecerreyes, Programa Fiestas 27 a 31-08-2014 h\"><img loading=\"lazy\" decoding=\"async\" aria-describedby=\"caption-attachment-9395\" class=\"size-full wp-image-9395\" alt=\"Mecerreyes, Programa Fiestas 27 a 31-08-2014 h\" src=\"http:\/\/www.mecerreyes.com\/mece\/wp-content\/uploads\/2014\/08\/Mecerreyes-Programa-Fiestas-27-a-31-08-2014-h.jpg\" width=\"883\" height=\"1229\" srcset=\"https:\/\/www.mecerreyes.com\/mece\/wp-content\/uploads\/2014\/08\/Mecerreyes-Programa-Fiestas-27-a-31-08-2014-h.jpg 883w, https:\/\/www.mecerreyes.com\/mece\/wp-content\/uploads\/2014\/08\/Mecerreyes-Programa-Fiestas-27-a-31-08-2014-h-215x300.jpg 215w, https:\/\/www.mecerreyes.com\/mece\/wp-content\/uploads\/2014\/08\/Mecerreyes-Programa-Fiestas-27-a-31-08-2014-h-735x1024.jpg 735w\" sizes=\"(max-width: 883px) 100vw, 883px\" \/><\/a><p id=\"caption-attachment-9395\" class=\"wp-caption-text\">Mecerreyes, Programa Fiestas 27 a 31-08-2014<\/p><\/div>\n<p>&nbsp;<\/p>\n<p>&nbsp;<\/p>\n<p>&nbsp;<\/p>\n<p>&nbsp;<\/p>\n<p>&nbsp;<\/p>\n<div id=\"attachment_9396\" style=\"width: 880px\" class=\"wp-caption alignnone\"><a  href=\"http:\/\/www.mecerreyes.com\/mece\/wp-content\/uploads\/2014\/08\/Mecerreyes-Programa-Fiestas-27-a-31-08-2014-i.jpg\" class=\"thickbox no_icon\" title=\"Mecerreyes, Programa Fiestas 27 a 31-08-2014 i\"><img loading=\"lazy\" decoding=\"async\" aria-describedby=\"caption-attachment-9396\" class=\"size-full wp-image-9396 \" alt=\"Mecerreyes, Programa Fiestas 27 a 31-08-2014 i\" src=\"http:\/\/www.mecerreyes.com\/mece\/wp-content\/uploads\/2014\/08\/Mecerreyes-Programa-Fiestas-27-a-31-08-2014-i.jpg\" width=\"870\" height=\"1235\" srcset=\"https:\/\/www.mecerreyes.com\/mece\/wp-content\/uploads\/2014\/08\/Mecerreyes-Programa-Fiestas-27-a-31-08-2014-i.jpg 870w, https:\/\/www.mecerreyes.com\/mece\/wp-content\/uploads\/2014\/08\/Mecerreyes-Programa-Fiestas-27-a-31-08-2014-i-211x300.jpg 211w, https:\/\/www.mecerreyes.com\/mece\/wp-content\/uploads\/2014\/08\/Mecerreyes-Programa-Fiestas-27-a-31-08-2014-i-721x1024.jpg 721w\" sizes=\"(max-width: 870px) 100vw, 870px\" \/><\/a><p id=\"caption-attachment-9396\" class=\"wp-caption-text\">Mecerreyes, Programa Fiestas 27 a 31-08-2014<\/p><\/div>\n<p>&nbsp;<\/p>\n<p>&nbsp;<\/p>\n<div id=\"attachment_9385\" style=\"width: 891px\" class=\"wp-caption alignnone\"><a  href=\"http:\/\/www.mecerreyes.com\/mece\/wp-content\/uploads\/2014\/08\/Mecerreyes-Programa-Fiestas-27-a-31-08-2014-j.jpg\" class=\"thickbox no_icon\" title=\"Mecerreyes, Programa Fiestas 27 a 31-08-2014\"><img loading=\"lazy\" decoding=\"async\" aria-describedby=\"caption-attachment-9385\" class=\"size-full wp-image-9385\" alt=\"Mecerreyes, Programa Fiestas 27 a 31-08-2014\" src=\"http:\/\/www.mecerreyes.com\/mece\/wp-content\/uploads\/2014\/08\/Mecerreyes-Programa-Fiestas-27-a-31-08-2014-j.jpg\" width=\"881\" height=\"1229\" srcset=\"https:\/\/www.mecerreyes.com\/mece\/wp-content\/uploads\/2014\/08\/Mecerreyes-Programa-Fiestas-27-a-31-08-2014-j.jpg 881w, https:\/\/www.mecerreyes.com\/mece\/wp-content\/uploads\/2014\/08\/Mecerreyes-Programa-Fiestas-27-a-31-08-2014-j-215x300.jpg 215w, https:\/\/www.mecerreyes.com\/mece\/wp-content\/uploads\/2014\/08\/Mecerreyes-Programa-Fiestas-27-a-31-08-2014-j-734x1024.jpg 734w\" sizes=\"(max-width: 881px) 100vw, 881px\" \/><\/a><p id=\"caption-attachment-9385\" class=\"wp-caption-text\">Mecerreyes, Programa Fiestas 27 a 31-08-2014<\/p><\/div>\n<p>&nbsp;<\/p>\n<div id=\"attachment_9386\" style=\"width: 902px\" class=\"wp-caption alignnone\"><a  href=\"http:\/\/www.mecerreyes.com\/mece\/wp-content\/uploads\/2014\/08\/Mecerreyes-Programa-Fiestas-27-a-31-08-2014-k.jpg\" class=\"thickbox no_icon\" title=\"Mecerreyes, Programa Fiestas 27 a 31-08-2014\"><img loading=\"lazy\" decoding=\"async\" aria-describedby=\"caption-attachment-9386\" class=\"size-full wp-image-9386\" alt=\"Mecerreyes, Programa Fiestas 27 a 31-08-2014\" src=\"http:\/\/www.mecerreyes.com\/mece\/wp-content\/uploads\/2014\/08\/Mecerreyes-Programa-Fiestas-27-a-31-08-2014-k.jpg\" width=\"892\" height=\"1226\" srcset=\"https:\/\/www.mecerreyes.com\/mece\/wp-content\/uploads\/2014\/08\/Mecerreyes-Programa-Fiestas-27-a-31-08-2014-k.jpg 892w, https:\/\/www.mecerreyes.com\/mece\/wp-content\/uploads\/2014\/08\/Mecerreyes-Programa-Fiestas-27-a-31-08-2014-k-218x300.jpg 218w, https:\/\/www.mecerreyes.com\/mece\/wp-content\/uploads\/2014\/08\/Mecerreyes-Programa-Fiestas-27-a-31-08-2014-k-745x1024.jpg 745w\" sizes=\"(max-width: 892px) 100vw, 892px\" \/><\/a><p id=\"caption-attachment-9386\" class=\"wp-caption-text\">Mecerreyes, Programa Fiestas 27 a 31-08-2014<\/p><\/div>\n<p>&nbsp;<\/p>\n<p>&nbsp;<\/p>\n<div id=\"attachment_9387\" style=\"width: 888px\" class=\"wp-caption alignnone\"><a  href=\"http:\/\/www.mecerreyes.com\/mece\/wp-content\/uploads\/2014\/08\/Mecerreyes-Programa-Fiestas-27-a-31-08-2014-l.jpg\" class=\"thickbox no_icon\" title=\"Mecerreyes, Programa Fiestas 27 a 31-08-2014\"><img loading=\"lazy\" decoding=\"async\" aria-describedby=\"caption-attachment-9387\" class=\"size-full wp-image-9387\" alt=\"Mecerreyes, Programa Fiestas 27 a 31-08-2014\" src=\"http:\/\/www.mecerreyes.com\/mece\/wp-content\/uploads\/2014\/08\/Mecerreyes-Programa-Fiestas-27-a-31-08-2014-l.jpg\" width=\"878\" height=\"1226\" srcset=\"https:\/\/www.mecerreyes.com\/mece\/wp-content\/uploads\/2014\/08\/Mecerreyes-Programa-Fiestas-27-a-31-08-2014-l.jpg 878w, https:\/\/www.mecerreyes.com\/mece\/wp-content\/uploads\/2014\/08\/Mecerreyes-Programa-Fiestas-27-a-31-08-2014-l-214x300.jpg 214w, https:\/\/www.mecerreyes.com\/mece\/wp-content\/uploads\/2014\/08\/Mecerreyes-Programa-Fiestas-27-a-31-08-2014-l-733x1024.jpg 733w\" sizes=\"(max-width: 878px) 100vw, 878px\" \/><\/a><p id=\"caption-attachment-9387\" class=\"wp-caption-text\">Mecerreyes, Programa Fiestas 27 a 31-08-2014<\/p><\/div>\n<p>&nbsp;<\/p>\n<p>&nbsp;<\/p>\n<p>&nbsp;<\/p>\n<p>&nbsp;<\/p>","protected":false},"excerpt":{"rendered":"<p>La Pe\u00f1a TOKISKI les desea \u00a1FELICES FIESTAS! 2014 &nbsp; Un a\u00f1o m\u00e1s llegan las esperadas fiestas de Acci\u00f3n de Gracias y Nuestra Se\u00f1ora del Camino. Trat\u00e1ndose de nuestro primer a\u00f1o como pe\u00f1a organizadora estamos poniendo toda nuestra ilusi\u00f3n y empe\u00f1o en conseguir que todos disfrutemos de estas fiestas en la mejor compa\u00f1\u00eda guileta. Agradecemos sinceramente [&hellip;]<\/p>\n","protected":false},"author":5,"featured_media":0,"comment_status":"open","ping_status":"closed","sticky":false,"template":"","format":"standard","meta":{"_et_pb_use_builder":"","_et_pb_old_content":"","_et_gb_content_width":"","footnotes":""},"categories":[1],"tags":[],"class_list":["post-9377","post","type-post","status-publish","format-standard","hentry","category-general","et-doesnt-have-format-content","et_post_format-et-post-format-standard"],"_links":{"self":[{"href":"https:\/\/www.mecerreyes.com\/mece\/index.php?rest_route=\/wp\/v2\/posts\/9377"}],"collection":[{"href":"https:\/\/www.mecerreyes.com\/mece\/index.php?rest_route=\/wp\/v2\/posts"}],"about":[{"href":"https:\/\/www.mecerreyes.com\/mece\/index.php?rest_route=\/wp\/v2\/types\/post"}],"author":[{"embeddable":true,"href":"https:\/\/www.mecerreyes.com\/mece\/index.php?rest_route=\/wp\/v2\/users\/5"}],"replies":[{"embeddable":true,"href":"https:\/\/www.mecerreyes.com\/mece\/index.php?rest_route=%2Fwp%2Fv2%2Fcomments&post=9377"}],"version-history":[{"count":0,"href":"https:\/\/www.mecerreyes.com\/mece\/index.php?rest_route=\/wp\/v2\/posts\/9377\/revisions"}],"wp:attachment":[{"href":"https:\/\/www.mecerreyes.com\/mece\/index.php?rest_route=%2Fwp%2Fv2%2Fmedia&parent=9377"}],"wp:term":[{"taxonomy":"category","embeddable":true,"href":"https:\/\/www.mecerreyes.com\/mece\/index.php?rest_route=%2Fwp%2Fv2%2Fcategories&post=9377"},{"taxonomy":"post_tag","embeddable":true,"href":"https:\/\/www.mecerreyes.com\/mece\/index.php?rest_route=%2Fwp%2Fv2%2Ftags&post=9377"}],"curies":[{"name":"wp","href":"https:\/\/api.w.org\/{rel}","templated":true}]}}