{"id":9411,"date":"2014-09-04T13:20:31","date_gmt":"2014-09-04T12:20:31","guid":{"rendered":"http:\/\/www.mecerreyes.com\/mece\/?p=9411"},"modified":"2014-09-04T13:20:32","modified_gmt":"2014-09-04T12:20:32","slug":"caldereta-2014","status":"publish","type":"post","link":"https:\/\/www.mecerreyes.com\/mece\/?p=9411","title":{"rendered":"Caldereta 2014"},"content":{"rendered":"<h1 style=\"text-align: center\"><\/h1>\n<h1 style=\"text-align: center\"><span style=\"text-decoration: underline\">CALDERETA<\/span><\/h1>\n<h1 style=\"text-align: center\">Mecerreyes<\/h1>\n<h1 style=\"text-align: center\">6 de septiembre\u00a0de 2014<\/h1>\n<p>&nbsp;<\/p>\n<p>&nbsp;<\/p>\n<p>&nbsp;<\/p>\n<p><span style=\"color: #ffffff\">.<\/span><\/p>\n<h2 style=\"text-align: justify\">El s\u00e1bado 6 de septiembre, todos los vecinos de Mecerreyes que lo deseen, podr\u00e1n disfrutar, por s\u00e9ptimo a\u00f1o consecutivo, de una CALDERETA de cordero, ofrecida por gentileza de \u201c<a  href=\"https:\/\/www.mecerreyes.com\/mece\/?page_id=797\">Mes\u00f3n de Frutos<\/a>\u201d y elaborada por el cocinero \u201cSegun\u201c.<\/h2>\n<h2>Tendremos un bonito d\u00eda para compartir todo el pueblo, comida, amistad, simpat\u00eda, m\u00fasica\u2026 en definitiva, un d\u00eda de fiesta para terminar el verano y regresar despu\u00e9s de estas merecidas vacaciones a la rutina del a\u00f1o<\/h2>\n<h2>Lugar de celebraci\u00f3n y horario:<br \/>\nSer\u00e1 en la plaza a las 15 horas, es necesario llevar plato, vaso, servilleta y cubiertos.<\/h2>\n<p>&nbsp;<\/p>\n<p>&nbsp;<\/p>\n<p><span style=\"color: #ffffff\">.<\/span><\/p>\n<div id=\"attachment_9410\" style=\"width: 584px\" class=\"wp-caption alignnone\"><a  href=\"http:\/\/www.mecerreyes.com\/mece\/wp-content\/uploads\/2014\/09\/Imagenes-Caldereta-2014.jpg\" class=\"thickbox no_icon\" title=\"Mecerreyes, Caldereta 2014\"><img loading=\"lazy\" decoding=\"async\" aria-describedby=\"caption-attachment-9410\" class=\" wp-image-9410  \" alt=\"Mecerreyes, Caldereta 2014\" src=\"http:\/\/www.mecerreyes.com\/mece\/wp-content\/uploads\/2014\/09\/Imagenes-Caldereta-2014.jpg\" width=\"574\" height=\"180\" srcset=\"https:\/\/www.mecerreyes.com\/mece\/wp-content\/uploads\/2014\/09\/Imagenes-Caldereta-2014.jpg 796w, https:\/\/www.mecerreyes.com\/mece\/wp-content\/uploads\/2014\/09\/Imagenes-Caldereta-2014-300x94.jpg 300w\" sizes=\"(max-width: 574px) 100vw, 574px\" \/><\/a><p id=\"caption-attachment-9410\" class=\"wp-caption-text\">Mecerreyes, Caldereta 2014<\/p><\/div>\n<p>&nbsp;<\/p>\n<p>&nbsp;<\/p>\n<p>&nbsp;<\/p>\n<p>&nbsp;<\/p>\n<p>&nbsp;<\/p>\n<p><span style=\"color: #ffffff\">.<\/span><\/p>\n<div id=\"attachment_9409\" style=\"width: 836px\" class=\"wp-caption alignnone\"><a  href=\"http:\/\/www.mecerreyes.com\/mece\/wp-content\/uploads\/2014\/09\/Cartel-Caldereta-2014.jpg\" class=\"thickbox no_icon\" title=\"Mecerreyes, Caldereta 2014\"><img loading=\"lazy\" decoding=\"async\" aria-describedby=\"caption-attachment-9409\" class=\"size-full wp-image-9409\" alt=\"Mecerreyes, Caldereta 2014\" src=\"http:\/\/www.mecerreyes.com\/mece\/wp-content\/uploads\/2014\/09\/Cartel-Caldereta-2014.jpg\" width=\"826\" height=\"1165\" srcset=\"https:\/\/www.mecerreyes.com\/mece\/wp-content\/uploads\/2014\/09\/Cartel-Caldereta-2014.jpg 826w, https:\/\/www.mecerreyes.com\/mece\/wp-content\/uploads\/2014\/09\/Cartel-Caldereta-2014-212x300.jpg 212w, https:\/\/www.mecerreyes.com\/mece\/wp-content\/uploads\/2014\/09\/Cartel-Caldereta-2014-726x1024.jpg 726w\" sizes=\"(max-width: 826px) 100vw, 826px\" \/><\/a><p id=\"caption-attachment-9409\" class=\"wp-caption-text\">Mecerreyes, Caldereta 2014<\/p><\/div>\n<p>&nbsp;<\/p>","protected":false},"excerpt":{"rendered":"<p>CALDERETA Mecerreyes 6 de septiembre\u00a0de 2014 &nbsp; &nbsp; &nbsp; . El s\u00e1bado 6 de septiembre, todos los vecinos de Mecerreyes que lo deseen, podr\u00e1n disfrutar, por s\u00e9ptimo a\u00f1o consecutivo, de una CALDERETA de cordero, ofrecida por gentileza de \u201cMes\u00f3n de Frutos\u201d y elaborada por el cocinero \u201cSegun\u201c. Tendremos un bonito d\u00eda para compartir todo el [&hellip;]<\/p>\n","protected":false},"author":5,"featured_media":0,"comment_status":"open","ping_status":"closed","sticky":false,"template":"","format":"standard","meta":{"_et_pb_use_builder":"","_et_pb_old_content":"","_et_gb_content_width":"","footnotes":""},"categories":[1],"tags":[29],"class_list":["post-9411","post","type-post","status-publish","format-standard","hentry","category-general","tag-caldereta","et-doesnt-have-format-content","et_post_format-et-post-format-standard"],"_links":{"self":[{"href":"https:\/\/www.mecerreyes.com\/mece\/index.php?rest_route=\/wp\/v2\/posts\/9411"}],"collection":[{"href":"https:\/\/www.mecerreyes.com\/mece\/index.php?rest_route=\/wp\/v2\/posts"}],"about":[{"href":"https:\/\/www.mecerreyes.com\/mece\/index.php?rest_route=\/wp\/v2\/types\/post"}],"author":[{"embeddable":true,"href":"https:\/\/www.mecerreyes.com\/mece\/index.php?rest_route=\/wp\/v2\/users\/5"}],"replies":[{"embeddable":true,"href":"https:\/\/www.mecerreyes.com\/mece\/index.php?rest_route=%2Fwp%2Fv2%2Fcomments&post=9411"}],"version-history":[{"count":0,"href":"https:\/\/www.mecerreyes.com\/mece\/index.php?rest_route=\/wp\/v2\/posts\/9411\/revisions"}],"wp:attachment":[{"href":"https:\/\/www.mecerreyes.com\/mece\/index.php?rest_route=%2Fwp%2Fv2%2Fmedia&parent=9411"}],"wp:term":[{"taxonomy":"category","embeddable":true,"href":"https:\/\/www.mecerreyes.com\/mece\/index.php?rest_route=%2Fwp%2Fv2%2Fcategories&post=9411"},{"taxonomy":"post_tag","embeddable":true,"href":"https:\/\/www.mecerreyes.com\/mece\/index.php?rest_route=%2Fwp%2Fv2%2Ftags&post=9411"}],"curies":[{"name":"wp","href":"https:\/\/api.w.org\/{rel}","templated":true}]}}