{"id":9479,"date":"2014-10-01T23:29:21","date_gmt":"2014-10-01T22:29:21","guid":{"rendered":"http:\/\/www.mecerreyes.com\/mece\/?p=9479"},"modified":"2014-10-07T22:33:16","modified_gmt":"2014-10-07T21:33:16","slug":"noticias-septiembre-2014","status":"publish","type":"post","link":"https:\/\/www.mecerreyes.com\/mece\/?p=9479","title":{"rendered":"Noticias Septiembre 2014"},"content":{"rendered":"<p style=\"text-align: center\"><em>* * * Ya puedes ver en Youtube\u00a0el\u00a0V\u00eddeo\u00a0de Fiestas:\u00a0<\/em><\/p>\n<p style=\"text-align: center\"><em><\/em><em><strong>Mecerreyes 2014<\/strong>\u00a0(Pe\u00f1a Tokiski):<\/em><\/p>\n<p style=\"text-align: center\"><span style=\"color: #ffffff\">.<\/span><\/p>\n<h3 style=\"text-align: center\"><span style=\"color: #0000ff\"><a  href=\"https:\/\/www.youtube.com\/watch?v=BgZmsv9qqVg\" target=\"_blank\"><span style=\"color: #0000ff\">https:\/\/www.youtube.com\/watch?v=BgZmsv9qqVg<\/span><\/a><\/span><\/h3>\n<h1 align=\"center\"><\/h1>\n<h1 align=\"center\"><b>NOTICIAS SEPTIEMBRE 2014<\/b><\/h1>\n<p style=\"text-align: justify\">Septiembre naci\u00f3 con el ta\u00f1ido de las campanas a fuego y el miedo a lo que pod\u00eda suceder. Lo hemos visto. Transcurrido un mes, todav\u00eda nos queda el susto en el cuerpo y el incierto futuro del monte. Tenemos confianza y estamos seguros que el valle del Arlanza volver\u00e1\u00a0 a ser \u00fanico, como ha sido siempre, que todo quedar\u00e1 como un mal sue\u00f1o y que de ello todos hemos aprendido algo. Pasar\u00e1n a\u00f1os, pero renacer\u00e1. Ni el fuego, la sequ\u00eda o las inundaciones tienen la \u00faltima palabra. Si el hombre se lo propone, si cuida el medio en el que vive y lucha por \u00e9l, si lo ama, al final, la vida y la belleza siempre triunfan. La naturaleza es as\u00ed de agradecida. La <a  href=\"https:\/\/www.mecerreyes.com\/mece\/?page_id=32\">historia<\/a> as\u00ed lo testimonia.<\/p>\n<p style=\"text-align: justify\"><span style=\"color: #0000ff\">&#8211;\u00a0\u00a0\u00a0\u00a0\u00a0\u00a0\u00a0\u00a0 <i>\u00bfY usted c\u00f3mo lo ve, abuelo?<\/i><\/span><\/p>\n<p style=\"text-align: justify\">&#8211;\u00a0\u00a0\u00a0\u00a0\u00a0\u00a0\u00a0\u00a0 Y c\u00f3mo lo voy a ver, pues como todos. Como un mal sue\u00f1o que hay que olvidar y del que todos hemos de aprender. Que s\u00ed, que las cosas pasan: un descuido, una imprudencia,&#8230; qu\u00e9 s\u00e9 yo lo que ha podido suceder. Quiera Dios que nunca m\u00e1s vuelva a suceder. Como siempre nos ocurre a los humanos, s\u00f3lo nos damos cuenta de lo que tenemos cuando lo perdemos. Estoy convencido que a partir de ahora vamos a cuidar y mimar m\u00e1s nuestro entorno.<\/p>\n<div id=\"attachment_9864\" style=\"width: 520px\" class=\"wp-caption alignnone\"><a  href=\"http:\/\/www.mecerreyes.com\/mece\/wp-content\/uploads\/2014\/10\/Incendio-1-09-2014-Mecerreyes-Puentedura-Quintanilla-del-Agua.jpg\" class=\"thickbox no_icon\" title=\"Incendio 1-09-2014 Mecerreyes, Puentedura, Quintanilla del Agua\"><img loading=\"lazy\" decoding=\"async\" aria-describedby=\"caption-attachment-9864\" class=\" wp-image-9864   \" alt=\"Incendio 1-09-2014 Mecerreyes, Puentedura, Quintanilla del Agua\" src=\"http:\/\/www.mecerreyes.com\/mece\/wp-content\/uploads\/2014\/10\/Incendio-1-09-2014-Mecerreyes-Puentedura-Quintanilla-del-Agua.jpg\" width=\"510\" height=\"271\" srcset=\"https:\/\/www.mecerreyes.com\/mece\/wp-content\/uploads\/2014\/10\/Incendio-1-09-2014-Mecerreyes-Puentedura-Quintanilla-del-Agua.jpg 700w, https:\/\/www.mecerreyes.com\/mece\/wp-content\/uploads\/2014\/10\/Incendio-1-09-2014-Mecerreyes-Puentedura-Quintanilla-del-Agua-300x159.jpg 300w\" sizes=\"(max-width: 510px) 100vw, 510px\" \/><\/a><p id=\"caption-attachment-9864\" class=\"wp-caption-text\">Incendio 1-09-2014 Mecerreyes, Puentedura, Quintanilla del Agua<\/p><\/div>\n<h2 style=\"text-align: justify\"><b>8 DE SEPTIEMBRE: \u00a1VIVA LA VIRGEN DE MAMBLAS!<\/b><\/h2>\n<p style=\"text-align: justify\"><span style=\"color: #0000ff\">&#8211;\u00a0\u00a0\u00a0\u00a0\u00a0\u00a0\u00a0\u00a0 <i>El mes pasado nos despedimos con un <\/i><i>\u201c<\/i><i>hasta m\u00e1s vernos en Mamblas\u201d. Que no le vi por all\u00ed,abuelo&#8230;<\/i><\/span><\/p>\n<p style=\"text-align: justify\">&#8211;\u00a0\u00a0\u00a0\u00a0\u00a0\u00a0\u00a0\u00a0 \u00a1C\u00f3mo me vas a ver si no fui! Ya te dije que me gustar\u00eda, pero ya no soy el de antes. Me cuesta andar. No me quejo de la salud, pero ya mis piernas no son las de antes y me cuesta mucho salir de mi rinconcito. Y aunque no estuve all\u00ed presente f\u00edsicamente, all\u00ed estuvo todo el d\u00eda mi coraz\u00f3n&#8230; Y es que lo que uno ha vivido de ni\u00f1o y joven se lleva siempre, aunque uno tenga muchos a\u00f1os. Ya me ha comentado alguien que te vio con tu cuadrilla. Anda, cu\u00e9ntame t\u00fa c\u00f3mo lo viste&#8230;<\/p>\n<p style=\"text-align: justify\"><span style=\"color: #0000ff\">&#8211;\u00a0\u00a0\u00a0\u00a0\u00a0\u00a0\u00a0\u00a0 <i>Pues s\u00ed, abuelo, all\u00ed estuvimos desde bien entrada la ma\u00f1ana, alguno hasta pas\u00f3 la noche all\u00ed en las Mamblas. Le cuento: a pesar de ser lunes, no falt\u00f3 gente. Casi una hora de procesi\u00f3n y de baile con el \u00a1Viva la Virgen de Mamblas! \u00a1Viva ese ni\u00f1o bonito! \u00a1Viva el acompa\u00f1amiento! A m\u00ed siempre me han emocionado estas manifestaciones tan sencillas de fe, pues es como la han vivido toda la vida nuestros antepasados y me gusta que contin\u00fae la tradici\u00f3n.\u00a0 All\u00ed estuvieron la gente de siempre, los de toda la vida (eso s\u00ed, algunos ya se nos fueron y seguro que ellos tambi\u00e9n bailaron y rezaron a nuestra Virgen&#8230;), pero a lo que iba, la gente que hab\u00eda por all\u00ed era m\u00e1s bien mayor, los jovencitos o fuera del recorrido o de espectadores. Y en la ermita los ech\u00e9 de menos. Un buen amigo, muy amante de esta romer\u00eda, me dec\u00eda que cu\u00e1nto ha bajado la asistencia a la Misa y me lo dec\u00eda con pena: <\/i><i>\u201c<\/i><i>\u00bfNo es la Virgen de Mamblas a quien homenajeamos y por quien venimos&#8230;? No entiendo y me duele que no vengan a la Misa en honor de la Virgen&#8230;\u201d Eso s\u00ed, gente y coches, a pesar de ser lunes, mogoll\u00f3n, pero alrededor de los bares o de sus mesas con la comida. <\/i><\/span><\/p>\n<p style=\"text-align: justify\">&#8211;\u00a0\u00a0\u00a0\u00a0\u00a0\u00a0\u00a0\u00a0 Es lo que nos est\u00e1 pasando. La gente ya no es como antes, piensan y viven de otra manera. Y ante esto, yo me pregunto: \u00bfqu\u00e9 ser\u00e1 de Mamblas dentro de ocho o diez a\u00f1os? S\u00e9 que yo no lo ver\u00e9, pero conf\u00edo en que las nuevas generaciones no pierdan la fe que nuestros mayores nos regalaron. No digo que la vivan igual, pero que la vivan a su estilo, que no se pierda el esp\u00edritu de nuestros antepasados. Yo de verdad que conf\u00edo y sue\u00f1o que el futuro ser\u00e1 todav\u00eda mejor.<\/p>\n<p style=\"text-align: justify\"><div style=\"width: 640px;\" class=\"wp-video\"><!--[if lt IE 9]><script>document.createElement('video');<\/script><![endif]-->\n<video class=\"wp-video-shortcode\" id=\"video-9479-1\" width=\"640\" height=\"352\" preload=\"metadata\" controls=\"controls\"><source type=\"video\/mp4\" src=\"http:\/\/www.mecerreyes.com\/mece\/wp-content\/uploads\/2014\/10\/VID-20140908-WA0011.mp4?_=1\" \/><a  href=\"http:\/\/www.mecerreyes.com\/mece\/wp-content\/uploads\/2014\/10\/VID-20140908-WA0011.mp4\">http:\/\/www.mecerreyes.com\/mece\/wp-content\/uploads\/2014\/10\/VID-20140908-WA0011.mp4<\/a><\/video><\/div><\/p>\n<p style=\"text-align: justify\"><span style=\"color: #0000ff\">&#8211;\u00a0\u00a0\u00a0\u00a0\u00a0\u00a0\u00a0\u00a0 <i>Ya somos dos, abuelo, los que pensamos as\u00ed&#8230; Y ahora vamos a hacer un repaso del mes que se nos va. Es incre\u00edble c\u00f3mo vuela el tiempo. Parece que fue ayer cuando empez\u00e1bamos septiembre, el <a  href=\"https:\/\/www.mecerreyes.com\/mece\/\">inicio<\/a> de todo, y ya ve, que nos llega octubre as\u00ed, como quien no quiere la cosa\u2026 <\/i><\/span><\/p>\n<p style=\"text-align: justify\">&#8211;\u00a0\u00a0\u00a0\u00a0\u00a0\u00a0\u00a0\u00a0 A m\u00ed me vas a decir t\u00fa c\u00f3mo pasa el tiempo\u2026 Que s\u00ed, que todo va muy r\u00e1pido y dentro de nada estaremos pensando en el ni\u00f1o que va a nacer, el preg\u00f3n, la cabalgata\u2026 Que la vida siempre es muy corta. Por cierto, esta vez sentimos comunicar la muerte de Paulino y Valent\u00edn, ambos padres de familias muy numerosas.<\/p>\n<h2 style=\"text-align: justify\"><b>MUERTE DE PAULINO VICARIO IB\u00c1\u00d1EZ Y VALENT\u00cdN PORTAL ARRIBAS<\/b><\/h2>\n<p style=\"text-align: justify\"><span style=\"color: #0000ff\">&#8211;\u00a0\u00a0\u00a0\u00a0\u00a0\u00a0\u00a0\u00a0 <i>Ya me enter\u00e9 que en el pueblo no cab\u00eda un alma, que hab\u00eda much\u00edsima gente para dar el \u00faltimo adi\u00f3s a Paulino&#8230; <\/i><\/span><\/p>\n<p style=\"text-align: justify\">&#8211;\u00a0\u00a0\u00a0\u00a0\u00a0\u00a0\u00a0\u00a0 Es verdad que no cab\u00eda un alma y eso que era lunes. Paulino era un hombre muy conocido y querido, por lo que todos quisieron acompa\u00f1ar a su viuda Angelita, a sus hijos Asun, Noem\u00ed, Teodomiro, Laura (+), F\u00e9lix, Paulino, Ang\u00e9lica, Paloma y Soraya y nietos. Muri\u00f3 el 15 de septiembre en Azuqueca de Henares. Ten\u00eda 81 a\u00f1os. \u00a1Descanse en paz!<\/p>\n<div id=\"attachment_9868\" style=\"width: 760px\" class=\"wp-caption alignnone\"><a  href=\"http:\/\/www.mecerreyes.com\/mece\/wp-content\/uploads\/2014\/10\/Esquela-Paulino-Vicario-Iba\u00f1ez-a.jpg\" class=\"thickbox no_icon\" title=\"Esquela Paulino Vicario Ib\u00e1\u00f1ez\"><img loading=\"lazy\" decoding=\"async\" aria-describedby=\"caption-attachment-9868\" class=\" wp-image-9868  \" alt=\"Esquela Paulino Vicario Ib\u00e1\u00f1ez\" src=\"http:\/\/www.mecerreyes.com\/mece\/wp-content\/uploads\/2014\/10\/Esquela-Paulino-Vicario-Iba\u00f1ez-a.jpg\" width=\"750\" height=\"300\" srcset=\"https:\/\/www.mecerreyes.com\/mece\/wp-content\/uploads\/2014\/10\/Esquela-Paulino-Vicario-Iba\u00f1ez-a.jpg 1250w, https:\/\/www.mecerreyes.com\/mece\/wp-content\/uploads\/2014\/10\/Esquela-Paulino-Vicario-Iba\u00f1ez-a-300x120.jpg 300w, https:\/\/www.mecerreyes.com\/mece\/wp-content\/uploads\/2014\/10\/Esquela-Paulino-Vicario-Iba\u00f1ez-a-1024x409.jpg 1024w\" sizes=\"(max-width: 750px) 100vw, 750px\" \/><\/a><p id=\"caption-attachment-9868\" class=\"wp-caption-text\">Esquela Paulino Vicario Ib\u00e1\u00f1ez<\/p><\/div>\n<p style=\"text-align: justify\"><span style=\"color: #0000ff\">&#8211;\u00a0\u00a0\u00a0\u00a0\u00a0\u00a0\u00a0\u00a0 <i>Y ven\u00eda hacia aqu\u00ed para hablar con usted, cuando me dicen que ha muerto en Burgos Valent\u00edn Portal Arribas.<\/i><\/span><\/p>\n<p style=\"text-align: justify\">&#8211;\u00a0\u00a0\u00a0\u00a0\u00a0\u00a0\u00a0\u00a0 Pues s\u00ed, el s\u00e1bado 27 de septiembre, le d\u00e1bamos sepultura en Burgos. Valent\u00edn era viudo de la se\u00f1ora Albina, tambi\u00e9n guileta. Valent\u00edn muri\u00f3 el 26 de septiembre. Ten\u00eda 92 a\u00f1os. Recordamos a sus hijos Mar\u00eda Paz, Jes\u00fas, Juli, Maribi, Gonzalo, Benita, Joaqu\u00edn, Asun, Chema y Nacho y nietos.<\/p>\n<div id=\"attachment_9869\" style=\"width: 778px\" class=\"wp-caption alignnone\"><a  href=\"http:\/\/www.mecerreyes.com\/mece\/wp-content\/uploads\/2014\/10\/Esquela-Valentin-Portal-Arribas-a.jpg\" class=\"thickbox no_icon\" title=\"Esquela Valent\u00edn Portal Arribas\"><img loading=\"lazy\" decoding=\"async\" aria-describedby=\"caption-attachment-9869\" class=\" wp-image-9869  \" alt=\"Esquela Valent\u00edn Portal Arribas\" src=\"http:\/\/www.mecerreyes.com\/mece\/wp-content\/uploads\/2014\/10\/Esquela-Valentin-Portal-Arribas-a.jpg\" width=\"768\" height=\"326\" srcset=\"https:\/\/www.mecerreyes.com\/mece\/wp-content\/uploads\/2014\/10\/Esquela-Valentin-Portal-Arribas-a.jpg 1600w, https:\/\/www.mecerreyes.com\/mece\/wp-content\/uploads\/2014\/10\/Esquela-Valentin-Portal-Arribas-a-300x127.jpg 300w, https:\/\/www.mecerreyes.com\/mece\/wp-content\/uploads\/2014\/10\/Esquela-Valentin-Portal-Arribas-a-1024x433.jpg 1024w\" sizes=\"(max-width: 768px) 100vw, 768px\" \/><\/a><p id=\"caption-attachment-9869\" class=\"wp-caption-text\">Esquela Valent\u00edn Portal Arribas<\/p><\/div>\n<p style=\"text-align: justify\">Desde aqu\u00ed nuestro m\u00e1s sentido p\u00e9same y todo nuestro aprecio y cari\u00f1o a estas dos familias.<\/p>\n<h2 style=\"text-align: justify\"><b>DOLMEN DE MAZARIEGOS<\/b><\/h2>\n<p style=\"text-align: justify\"><span style=\"color: #0000ff\">&#8211;\u00a0\u00a0\u00a0\u00a0\u00a0\u00a0\u00a0\u00a0 <i>\u00bfY qu\u00e9 le voy a decir a usted que tanto sabe sobre el dolmen de Mazariegos? Hace un tiempo lo habl\u00e1bamos aqu\u00ed mismo y estaba usted muy convencido de que la verdad saldr\u00eda ganando. Ya ve lo que ha pasado&#8230;<\/i><\/span><\/p>\n<div id=\"attachment_9870\" style=\"width: 650px\" class=\"wp-caption alignnone\"><a  href=\"http:\/\/www.mecerreyes.com\/mece\/wp-content\/uploads\/2014\/10\/Dolmen-de-Mazariegos.jpg\" class=\"thickbox no_icon\" title=\"Dolmen de Mazariegos\"><img loading=\"lazy\" decoding=\"async\" aria-describedby=\"caption-attachment-9870\" class=\"size-full wp-image-9870\" alt=\"Dolmen de Mazariegos\" src=\"http:\/\/www.mecerreyes.com\/mece\/wp-content\/uploads\/2014\/10\/Dolmen-de-Mazariegos.jpg\" width=\"640\" height=\"480\" srcset=\"https:\/\/www.mecerreyes.com\/mece\/wp-content\/uploads\/2014\/10\/Dolmen-de-Mazariegos.jpg 640w, https:\/\/www.mecerreyes.com\/mece\/wp-content\/uploads\/2014\/10\/Dolmen-de-Mazariegos-300x225.jpg 300w\" sizes=\"(max-width: 640px) 100vw, 640px\" \/><\/a><p id=\"caption-attachment-9870\" class=\"wp-caption-text\">Dolmen de Mazariegos<\/p><\/div>\n<p style=\"text-align: justify\">&#8211;\u00a0\u00a0\u00a0\u00a0\u00a0\u00a0\u00a0\u00a0 Sigo pensando lo mismo. Tengo muchos a\u00f1os y he visto muchas cosas. Ya nada me sorprende y menos la resoluci\u00f3n del Tribunal Superior de Justicia. Hay tantos intereses, tanto amiguismo, tanto teje maneje&#8230;, pero para m\u00ed siempre ser\u00e1 el Dolmen de Mazariegos, que es ah\u00ed donde se encuentra, aunque linde con Cubillejo. De todas maneras ah\u00ed os dejo la noticia publicada en el Diario de Burgos el 11 de septiembre:<\/p>\n<h1 style=\"text-align: justify\">El TSJ rechaza modificar la localizaci\u00f3n del Dolmen de Cubillejo<\/h1>\n<p style=\"text-align: justify\">B. Ant\u00f3n \/ Mambrillas de Lara &#8211; jueves, 11 de septiembre de 2014<\/p>\n<h2 style=\"text-align: justify\"><a  href=\"http:\/\/www.diariodeburgos.es\/noticia\/ZD37518C6-FC8A-372D-F654A2266930FB60\/20140911\/tsj\/rechaza\/modificar\/localizacion\/dolmen\/cubillejo\" target=\"_blank\">http:\/\/www.diariodeburgos.es\/noticia\/ZD37518C6-FC8A-372D-F654A2266930FB60\/20140911\/tsj\/rechaza\/modificar\/localizacion\/dolmen\/cubillejo<\/a><\/h2>\n<p style=\"text-align: justify\"><span style=\"color: #0000ff\">&#8211;\u00a0\u00a0\u00a0\u00a0\u00a0\u00a0\u00a0\u00a0 <i>Ya ve, abuelo, hoy terminamos con mala cara. Menos mal que el tiempo que nos acompa\u00f1a es bueno y da gusto&#8230; <\/i><\/span><\/p>\n<p style=\"text-align: justify\">&#8211;\u00a0\u00a0\u00a0\u00a0\u00a0\u00a0\u00a0\u00a0 Pues s\u00ed, a mal tiempo hemos de saber poner buena cara, aunque<\/p>\n<div id=\"attachment_9874\" style=\"width: 220px\" class=\"wp-caption alignright\"><a  href=\"http:\/\/www.mecerreyes.com\/mece\/wp-content\/uploads\/2014\/10\/Abuelo-Mecerreyes.jpg\" class=\"thickbox no_icon\" title=\"Abuelo, Mecerreyes\"><img loading=\"lazy\" decoding=\"async\" aria-describedby=\"caption-attachment-9874\" class=\" wp-image-9874  \" alt=\"Abuelo, Mecerreyes\" src=\"http:\/\/www.mecerreyes.com\/mece\/wp-content\/uploads\/2014\/10\/Abuelo-Mecerreyes.jpg\" width=\"210\" height=\"234\" srcset=\"https:\/\/www.mecerreyes.com\/mece\/wp-content\/uploads\/2014\/10\/Abuelo-Mecerreyes.jpg 500w, https:\/\/www.mecerreyes.com\/mece\/wp-content\/uploads\/2014\/10\/Abuelo-Mecerreyes-268x300.jpg 268w\" sizes=\"(max-width: 210px) 100vw, 210px\" \/><\/a><p id=\"caption-attachment-9874\" class=\"wp-caption-text\">Abuelo, Mecerreyes<\/p><\/div>\n<p style=\"text-align: justify\">cueste. El tiempo acaba poniendo a cada uno en su sitio y lo pondr\u00e1. No te quepa la menor duda. Y ahora a disfrutar de este pl\u00e1cido oto\u00f1o, de sus sabores, colores y recuerdos, de lo que nos queda en la huerta, de las setas y de la calma y placidez de estos d\u00edas tranquilos. \u00a1Hasta m\u00e1s vernos!<\/p>\n<p style=\"text-align: justify\"><span style=\"color: #0000ff\">&#8211;\u00a0\u00a0\u00a0\u00a0\u00a0\u00a0\u00a0\u00a0 <i>\u00a1Hasta pronto, abuelo! \u00a1Gracias por tantas cosas&#8230; y por estar ah\u00ed siempre!<\/i><\/span><\/p>\n<p>&nbsp;<\/p>\n<div id=\"attachment_9861\" style=\"width: 806px\" class=\"wp-caption alignnone\"><a  href=\"http:\/\/www.mecerreyes.com\/mece\/wp-content\/uploads\/2014\/10\/Imagenes-Septiembre-2014.jpg\" class=\"thickbox no_icon\" title=\"Mecerreyes, Septiembre 2014\"><img loading=\"lazy\" decoding=\"async\" aria-describedby=\"caption-attachment-9861\" class=\"size-full wp-image-9861\" alt=\"Mecerreyes, Septiembre 2014\" src=\"http:\/\/www.mecerreyes.com\/mece\/wp-content\/uploads\/2014\/10\/Imagenes-Septiembre-2014.jpg\" width=\"796\" height=\"250\" srcset=\"https:\/\/www.mecerreyes.com\/mece\/wp-content\/uploads\/2014\/10\/Imagenes-Septiembre-2014.jpg 796w, https:\/\/www.mecerreyes.com\/mece\/wp-content\/uploads\/2014\/10\/Imagenes-Septiembre-2014-300x94.jpg 300w\" sizes=\"(max-width: 796px) 100vw, 796px\" \/><\/a><p id=\"caption-attachment-9861\" class=\"wp-caption-text\">Mecerreyes, Septiembre 2014<\/p><\/div>\n<p>&nbsp;<\/p>","protected":false},"excerpt":{"rendered":"<p>* * * Ya puedes ver en Youtube\u00a0el\u00a0V\u00eddeo\u00a0de Fiestas:\u00a0 Mecerreyes 2014\u00a0(Pe\u00f1a Tokiski): . https:\/\/www.youtube.com\/watch?v=BgZmsv9qqVg NOTICIAS SEPTIEMBRE 2014 Septiembre naci\u00f3 con el ta\u00f1ido de las campanas a fuego y el miedo a lo que pod\u00eda suceder. Lo hemos visto. Transcurrido un mes, todav\u00eda nos queda el susto en el cuerpo y el incierto futuro del monte. [&hellip;]<\/p>\n","protected":false},"author":5,"featured_media":0,"comment_status":"open","ping_status":"closed","sticky":false,"template":"","format":"standard","meta":{"_et_pb_use_builder":"","_et_pb_old_content":"","_et_gb_content_width":"","footnotes":""},"categories":[1],"tags":[25,21,52],"class_list":["post-9479","post","type-post","status-publish","format-standard","hentry","category-general","tag-dolmen-de-mazariegos","tag-guiletos","tag-mamblas","et-doesnt-have-format-content","et_post_format-et-post-format-standard"],"_links":{"self":[{"href":"https:\/\/www.mecerreyes.com\/mece\/index.php?rest_route=\/wp\/v2\/posts\/9479"}],"collection":[{"href":"https:\/\/www.mecerreyes.com\/mece\/index.php?rest_route=\/wp\/v2\/posts"}],"about":[{"href":"https:\/\/www.mecerreyes.com\/mece\/index.php?rest_route=\/wp\/v2\/types\/post"}],"author":[{"embeddable":true,"href":"https:\/\/www.mecerreyes.com\/mece\/index.php?rest_route=\/wp\/v2\/users\/5"}],"replies":[{"embeddable":true,"href":"https:\/\/www.mecerreyes.com\/mece\/index.php?rest_route=%2Fwp%2Fv2%2Fcomments&post=9479"}],"version-history":[{"count":0,"href":"https:\/\/www.mecerreyes.com\/mece\/index.php?rest_route=\/wp\/v2\/posts\/9479\/revisions"}],"wp:attachment":[{"href":"https:\/\/www.mecerreyes.com\/mece\/index.php?rest_route=%2Fwp%2Fv2%2Fmedia&parent=9479"}],"wp:term":[{"taxonomy":"category","embeddable":true,"href":"https:\/\/www.mecerreyes.com\/mece\/index.php?rest_route=%2Fwp%2Fv2%2Fcategories&post=9479"},{"taxonomy":"post_tag","embeddable":true,"href":"https:\/\/www.mecerreyes.com\/mece\/index.php?rest_route=%2Fwp%2Fv2%2Ftags&post=9479"}],"curies":[{"name":"wp","href":"https:\/\/api.w.org\/{rel}","templated":true}]}}