{"id":9640,"date":"2014-09-24T21:43:42","date_gmt":"2014-09-24T20:43:42","guid":{"rendered":"http:\/\/www.mecerreyes.com\/mece\/?p=9640"},"modified":"2014-09-24T21:43:42","modified_gmt":"2014-09-24T20:43:42","slug":"cronica-fiestas-2014-1aparte","status":"publish","type":"post","link":"https:\/\/www.mecerreyes.com\/mece\/?p=9640","title":{"rendered":"Cr\u00f3nica Fiestas 2014, 1\u00aaparte"},"content":{"rendered":"<h1 style=\"text-align: center\">Cr\u00f3nica Fiestas de <a  href=\"https:\/\/www.mecerreyes.com\/mece\/?page_id=60\">Acci\u00f3n de Gracias<\/a> y Virgen del Camino 2014<\/h1>\n<p><span style=\"color: #ff0000\"><em>(1\u00aa parte)<\/em><\/span><\/p>\n<p style=\"text-align: justify\">Tras descansar unos d\u00edas del agitado mes de agosto, todos los eventos que hemos podido disfrutar en estas fiestas se ven con un prisma m\u00e1s objetivo y reposado.<\/p>\n<p style=\"text-align: justify\">Destacar que han discurrido sin ning\u00fan altercado, no hemos salido en la prensa por motivos de disturbios o violencia como es el caso de muchos pueblos de Burgos.<\/p>\n<p style=\"text-align: justify\">La pe\u00f1a Tokiski elabor\u00f3 un bonito programa de fiestas, como novedad, la corte de honor se identificaba con las fotos de sus abuelos, un detalle para los que ya tenemos unos a\u00f1os,\u00a0 as\u00ed todos ten\u00edan satisfecha su curiosidad, \u201c\u00bfde qui\u00e9n es este?, pero si es que hay tanto joven que no se sabe ya de qu\u00e9 familia son, \u00a1ya no conocemos a nadie!\u201d Expresiones propias de los corrillos a la fresca.<\/p>\n<p style=\"text-align: justify\">Conocedores de la cantidad de ni\u00f1os que hay en el pueblo en agosto, muchos de los actos han ido dirigidos a ellos, campeonatos de futbol entre los pueblos cercanos, de frontenis, de futbol\u00edn, concurso de dibujo, juegos infantiles, gincanas etc.<\/p>\n<p style=\"text-align: justify\">Pero empecemos desde el principio.<\/p>\n<p style=\"text-align: justify\"><b>El mi\u00e9rcoles d\u00eda 27<\/b> con la fiesta de la cerveza y el Karaoke los j\u00f3venes disfrutaron y pusieron en marcha sus energ\u00edas, sacaron todos sus uniformes de pe\u00f1a, y dieron los \u00faltimos toques para el desfile del jueves.<\/p>\n<p style=\"text-align: justify\"><b>El d\u00eda 28 bajamos la Virgen<\/b>, la gran mayor\u00eda, en especial los j\u00f3venes, y los padres de los m\u00e1s peque\u00f1os la esperaron con sus flores en el patio de la iglesia, los preparativos de disfraces y carrozas les ocup\u00f3 gran parte del d\u00eda.<\/p>\n<p style=\"text-align: justify\">A su entrada en el patio cantamos la Salve, Roberto nuestro p\u00e1rroco nos dio la bienvenida y elev\u00f3 nuestras intenciones a <a  href=\"https:\/\/www.mecerreyes.com\/mece\/?page_id=54\">la Virgen del Camino<\/a>; fuimos dejando las flores: <a  href=\"https:\/\/www.mecerreyes.com\/mece\/?page_id=24\">Ayuntamiento<\/a>, <a  href=\"https:\/\/www.mecerreyes.com\/mece\/?page_id=265\">Asociaciones<\/a>, Cofrad\u00eda, empresarios, 25 <a  href=\"https:\/\/www.mecerreyes.com\/mece\/?page_id=268\">pe\u00f1as<\/a>, la Corte de Honor y los particulares, cantamos el <a  href=\"https:\/\/www.mecerreyes.com\/mece\/?page_id=19\">Himno<\/a> a la Virgen y finalmente nos hicimos con ella las fotos para el \u00a0recuerdo.<\/p>\n<p style=\"text-align: justify\">Al son de la dulzaina bajamos al parque para degustar el pincho popular, un \u00e9xito como a\u00f1os anteriores, momento de reencuentros y buenos deseos.<\/p>\n<p style=\"text-align: justify\">Son muchos los d\u00edas al a\u00f1o en que los guiletos demuestran su armon\u00eda, pero lo que significa pertenecer a una pe\u00f1a, participar en el desfile de carrozas, estar en la plaza todos juntos para escuchar el preg\u00f3n y cantar el <a  href=\"https:\/\/www.mecerreyes.com\/mece\/?page_id=19\">himno<\/a> a Mecerreyes,\u00a0 es lo m\u00e1s de lo m\u00e1s para las 25 <a  href=\"https:\/\/www.mecerreyes.com\/mece\/?page_id=268\">pe\u00f1as<\/a>, si algo les une es este momento.<\/p>\n<p style=\"text-align: justify\">Y Pablo (Pablito el nieto del secretario) supo dar con sus palabras el pistoletazo de salida a las fiestas, su nostalgia fue seguro la de muchos, la corte fue proclamada y despu\u00e9s del \u00a1VIVA MECERREYES! Las serpentinas, la m\u00fasica y jolgorio se pase\u00f3 por las calles, cada pe\u00f1a mostr\u00f3 su parodia bajo el lema, <b>series de televisi\u00f3n.<\/b><\/p>\n<p style=\"text-align: justify\">La Orquesta St\u00e1ndard\u00a0 que cuenta con un bater\u00eda guileto (Dani el nieto de Juanito), puso fin a un d\u00eda muy entra\u00f1able.<\/p>\n<p style=\"text-align: justify\"><span style=\"color: #ff0000\"><em>Continuar\u00e1&#8230;<\/em><\/span><\/p>\n<div id=\"attachment_9645\" style=\"width: 583px\" class=\"wp-caption alignnone\"><a  href=\"http:\/\/www.mecerreyes.com\/mece\/wp-content\/uploads\/2014\/09\/Imagenes-Fiestas-2014-1.jpg\" class=\"thickbox no_icon\" title=\"Mecerreyes, Fiestas de Acci\u00f3n de Gracias y Nuestra Se\u00f1ora del Camino, Agosto 2014\"><img loading=\"lazy\" decoding=\"async\" aria-describedby=\"caption-attachment-9645\" class=\" wp-image-9645  \" alt=\"Mecerreyes, Fiestas de Acci\u00f3n de Gracias y Nuestra Se\u00f1ora del Camino, Agosto 2014\" src=\"http:\/\/www.mecerreyes.com\/mece\/wp-content\/uploads\/2014\/09\/Imagenes-Fiestas-2014-1.jpg\" width=\"573\" height=\"180\" srcset=\"https:\/\/www.mecerreyes.com\/mece\/wp-content\/uploads\/2014\/09\/Imagenes-Fiestas-2014-1.jpg 796w, https:\/\/www.mecerreyes.com\/mece\/wp-content\/uploads\/2014\/09\/Imagenes-Fiestas-2014-1-300x94.jpg 300w\" sizes=\"(max-width: 573px) 100vw, 573px\" \/><\/a><p id=\"caption-attachment-9645\" class=\"wp-caption-text\">Mecerreyes, Fiestas de <a  href=\"https:\/\/www.mecerreyes.com\/mece\/?page_id=60\">Acci\u00f3n de Gracias<\/a> y Nuestra Se\u00f1ora del Camino, Agosto 2014<\/p><\/div>\n<p>&nbsp;<\/p>\n<p>&nbsp;<\/p>\n<div id=\"attachment_9710\" style=\"width: 814px\" class=\"wp-caption alignnone\"><a  href=\"http:\/\/www.mecerreyes.com\/mece\/wp-content\/uploads\/2014\/09\/Mecerreyes-Fiestas-2014-Preg\u00f3n-Pablo.jpg\" class=\"thickbox no_icon\" title=\"Mecerreyes, Fiestas 2014 - Preg\u00f3n Pablo\"><img loading=\"lazy\" decoding=\"async\" aria-describedby=\"caption-attachment-9710\" class=\" wp-image-9710   \" alt=\"Mecerreyes, Fiestas 2014 - Preg\u00f3n Pablo\" src=\"http:\/\/www.mecerreyes.com\/mece\/wp-content\/uploads\/2014\/09\/Mecerreyes-Fiestas-2014-Preg\u00f3n-Pablo.jpg\" width=\"804\" height=\"1722\" \/><\/a><p id=\"caption-attachment-9710\" class=\"wp-caption-text\">Mecerreyes, Fiestas 2014 &#8211; Preg\u00f3n Pablo<\/p><\/div>\n\n\t\t<style type=\"text\/css\">\n\t\t\t#gallery-1 {\n\t\t\t\tmargin: auto;\n\t\t\t}\n\t\t\t#gallery-1 .gallery-item {\n\t\t\t\tfloat: left;\n\t\t\t\tmargin-top: 10px;\n\t\t\t\ttext-align: center;\n\t\t\t\twidth: 33%;\n\t\t\t}\n\t\t\t#gallery-1 img {\n\t\t\t\tborder: 2px solid #cfcfcf;\n\t\t\t}\n\t\t\t#gallery-1 .gallery-caption {\n\t\t\t\tmargin-left: 0;\n\t\t\t}\n\t\t\t\/* see gallery_shortcode() in wp-includes\/media.php *\/\n\t\t<\/style>\n\t\t<div id='gallery-1' class='gallery galleryid-9640 gallery-columns-3 gallery-size-thumbnail'><dl class='gallery-item'>\n\t\t\t<dt class='gallery-icon landscape'>\n\t\t\t\t<a  href=\"https:\/\/www.mecerreyes.com\/mece\/wp-content\/uploads\/2014\/09\/01-Mecerreyes-Fiestas-2014-Campeonato-Frontenis-3.jpg\" class=\"thickbox no_icon\" title=\"\"><img loading=\"lazy\" decoding=\"async\" width=\"150\" height=\"150\" src=\"https:\/\/www.mecerreyes.com\/mece\/wp-content\/uploads\/2014\/09\/01-Mecerreyes-Fiestas-2014-Campeonato-Frontenis-3-150x150.jpg\" class=\"attachment-thumbnail size-thumbnail\" alt=\"\" \/><\/a>\n\t\t\t<\/dt><\/dl><dl class='gallery-item'>\n\t\t\t<dt class='gallery-icon landscape'>\n\t\t\t\t<a  href=\"https:\/\/www.mecerreyes.com\/mece\/wp-content\/uploads\/2014\/09\/01-Mecerreyes-Fiestas-2014-Campeonato-Frontenis.jpg\" class=\"thickbox no_icon\" title=\"\"><img loading=\"lazy\" decoding=\"async\" width=\"150\" height=\"150\" src=\"https:\/\/www.mecerreyes.com\/mece\/wp-content\/uploads\/2014\/09\/01-Mecerreyes-Fiestas-2014-Campeonato-Frontenis-150x150.jpg\" class=\"attachment-thumbnail size-thumbnail\" alt=\"\" \/><\/a>\n\t\t\t<\/dt><\/dl><dl class='gallery-item'>\n\t\t\t<dt class='gallery-icon landscape'>\n\t\t\t\t<a  href=\"https:\/\/www.mecerreyes.com\/mece\/wp-content\/uploads\/2014\/09\/01-Mecerreyes-Fiestas-2014-Campeonato-Frontenis-1.jpg\" class=\"thickbox no_icon\" title=\"\"><img loading=\"lazy\" decoding=\"async\" width=\"150\" height=\"150\" src=\"https:\/\/www.mecerreyes.com\/mece\/wp-content\/uploads\/2014\/09\/01-Mecerreyes-Fiestas-2014-Campeonato-Frontenis-1-150x150.jpg\" class=\"attachment-thumbnail size-thumbnail\" alt=\"\" \/><\/a>\n\t\t\t<\/dt><\/dl><br style=\"clear: both\" \/><dl class='gallery-item'>\n\t\t\t<dt class='gallery-icon landscape'>\n\t\t\t\t<a  href=\"https:\/\/www.mecerreyes.com\/mece\/wp-content\/uploads\/2014\/09\/01-Mecerreyes-Fiestas-2014-Campeonato-Frontenis-2.jpg\" class=\"thickbox no_icon\" title=\"\"><img loading=\"lazy\" decoding=\"async\" width=\"150\" height=\"150\" src=\"https:\/\/www.mecerreyes.com\/mece\/wp-content\/uploads\/2014\/09\/01-Mecerreyes-Fiestas-2014-Campeonato-Frontenis-2-150x150.jpg\" class=\"attachment-thumbnail size-thumbnail\" alt=\"\" \/><\/a>\n\t\t\t<\/dt><\/dl><dl class='gallery-item'>\n\t\t\t<dt class='gallery-icon landscape'>\n\t\t\t\t<a  href=\"https:\/\/www.mecerreyes.com\/mece\/wp-content\/uploads\/2014\/09\/02-Mecerreyes-Fiestas-2014-talleres-ni\u00f1os-4.jpg\" class=\"thickbox no_icon\" title=\"\"><img loading=\"lazy\" decoding=\"async\" width=\"150\" height=\"150\" src=\"https:\/\/www.mecerreyes.com\/mece\/wp-content\/uploads\/2014\/09\/02-Mecerreyes-Fiestas-2014-talleres-ni\u00f1os-4-150x150.jpg\" class=\"attachment-thumbnail size-thumbnail\" alt=\"\" \/><\/a>\n\t\t\t<\/dt><\/dl><dl class='gallery-item'>\n\t\t\t<dt class='gallery-icon portrait'>\n\t\t\t\t<a  href=\"https:\/\/www.mecerreyes.com\/mece\/wp-content\/uploads\/2014\/09\/02-Mecerreyes-Fiestas-2014-talleres-ni\u00f1os.jpg\" class=\"thickbox no_icon\" title=\"\"><img loading=\"lazy\" decoding=\"async\" width=\"150\" height=\"150\" src=\"https:\/\/www.mecerreyes.com\/mece\/wp-content\/uploads\/2014\/09\/02-Mecerreyes-Fiestas-2014-talleres-ni\u00f1os-150x150.jpg\" class=\"attachment-thumbnail size-thumbnail\" alt=\"\" \/><\/a>\n\t\t\t<\/dt><\/dl><br style=\"clear: both\" \/><dl class='gallery-item'>\n\t\t\t<dt class='gallery-icon landscape'>\n\t\t\t\t<a  href=\"https:\/\/www.mecerreyes.com\/mece\/wp-content\/uploads\/2014\/09\/02-Mecerreyes-Fiestas-2014-talleres-ni\u00f1os-1.jpg\" class=\"thickbox no_icon\" title=\"\"><img loading=\"lazy\" decoding=\"async\" width=\"150\" height=\"150\" src=\"https:\/\/www.mecerreyes.com\/mece\/wp-content\/uploads\/2014\/09\/02-Mecerreyes-Fiestas-2014-talleres-ni\u00f1os-1-150x150.jpg\" class=\"attachment-thumbnail size-thumbnail\" alt=\"\" \/><\/a>\n\t\t\t<\/dt><\/dl><dl class='gallery-item'>\n\t\t\t<dt class='gallery-icon landscape'>\n\t\t\t\t<a  href=\"https:\/\/www.mecerreyes.com\/mece\/wp-content\/uploads\/2014\/09\/02-Mecerreyes-Fiestas-2014-talleres-ni\u00f1os-2.jpg\" class=\"thickbox no_icon\" title=\"\"><img loading=\"lazy\" decoding=\"async\" width=\"150\" height=\"150\" src=\"https:\/\/www.mecerreyes.com\/mece\/wp-content\/uploads\/2014\/09\/02-Mecerreyes-Fiestas-2014-talleres-ni\u00f1os-2-150x150.jpg\" class=\"attachment-thumbnail size-thumbnail\" alt=\"\" \/><\/a>\n\t\t\t<\/dt><\/dl><dl class='gallery-item'>\n\t\t\t<dt class='gallery-icon landscape'>\n\t\t\t\t<a  href=\"https:\/\/www.mecerreyes.com\/mece\/wp-content\/uploads\/2014\/09\/02-Mecerreyes-Fiestas-2014-talleres-ni\u00f1os-3.jpg\" class=\"thickbox no_icon\" title=\"\"><img loading=\"lazy\" decoding=\"async\" width=\"150\" height=\"150\" src=\"https:\/\/www.mecerreyes.com\/mece\/wp-content\/uploads\/2014\/09\/02-Mecerreyes-Fiestas-2014-talleres-ni\u00f1os-3-150x150.jpg\" class=\"attachment-thumbnail size-thumbnail\" alt=\"\" \/><\/a>\n\t\t\t<\/dt><\/dl><br style=\"clear: both\" \/><dl class='gallery-item'>\n\t\t\t<dt class='gallery-icon landscape'>\n\t\t\t\t<a  href=\"https:\/\/www.mecerreyes.com\/mece\/wp-content\/uploads\/2014\/09\/03-Mecerreyes-Fiestas-2014-karaoke.jpg\" class=\"thickbox no_icon\" title=\"\"><img loading=\"lazy\" decoding=\"async\" width=\"150\" height=\"150\" src=\"https:\/\/www.mecerreyes.com\/mece\/wp-content\/uploads\/2014\/09\/03-Mecerreyes-Fiestas-2014-karaoke-150x150.jpg\" class=\"attachment-thumbnail size-thumbnail\" alt=\"\" \/><\/a>\n\t\t\t<\/dt><\/dl><dl class='gallery-item'>\n\t\t\t<dt class='gallery-icon landscape'>\n\t\t\t\t<a  href=\"https:\/\/www.mecerreyes.com\/mece\/wp-content\/uploads\/2014\/09\/03-Mecerreyes-Fiestas-2014-karaoke-1.jpg\" class=\"thickbox no_icon\" title=\"\"><img loading=\"lazy\" decoding=\"async\" width=\"150\" height=\"150\" src=\"https:\/\/www.mecerreyes.com\/mece\/wp-content\/uploads\/2014\/09\/03-Mecerreyes-Fiestas-2014-karaoke-1-150x150.jpg\" class=\"attachment-thumbnail size-thumbnail\" alt=\"\" \/><\/a>\n\t\t\t<\/dt><\/dl><dl class='gallery-item'>\n\t\t\t<dt class='gallery-icon landscape'>\n\t\t\t\t<a  href=\"https:\/\/www.mecerreyes.com\/mece\/wp-content\/uploads\/2014\/09\/03-Mecerreyes-Fiestas-2014-karaoke-2.jpg\" class=\"thickbox no_icon\" title=\"\"><img loading=\"lazy\" decoding=\"async\" width=\"150\" height=\"150\" src=\"https:\/\/www.mecerreyes.com\/mece\/wp-content\/uploads\/2014\/09\/03-Mecerreyes-Fiestas-2014-karaoke-2-150x150.jpg\" class=\"attachment-thumbnail size-thumbnail\" alt=\"\" \/><\/a>\n\t\t\t<\/dt><\/dl><br style=\"clear: both\" \/><dl class='gallery-item'>\n\t\t\t<dt class='gallery-icon landscape'>\n\t\t\t\t<a  href=\"https:\/\/www.mecerreyes.com\/mece\/wp-content\/uploads\/2014\/09\/04-Mecerreyes-Fiestas-2014-concurso-dibujo-1.jpg\" class=\"thickbox no_icon\" title=\"\"><img loading=\"lazy\" decoding=\"async\" width=\"150\" height=\"150\" src=\"https:\/\/www.mecerreyes.com\/mece\/wp-content\/uploads\/2014\/09\/04-Mecerreyes-Fiestas-2014-concurso-dibujo-1-150x150.jpg\" class=\"attachment-thumbnail size-thumbnail\" alt=\"\" \/><\/a>\n\t\t\t<\/dt><\/dl><dl class='gallery-item'>\n\t\t\t<dt class='gallery-icon landscape'>\n\t\t\t\t<a  href=\"https:\/\/www.mecerreyes.com\/mece\/wp-content\/uploads\/2014\/09\/04-Mecerreyes-Fiestas-2014-concurso-dibujo.jpg\" class=\"thickbox no_icon\" title=\"\"><img loading=\"lazy\" decoding=\"async\" width=\"150\" height=\"150\" src=\"https:\/\/www.mecerreyes.com\/mece\/wp-content\/uploads\/2014\/09\/04-Mecerreyes-Fiestas-2014-concurso-dibujo-150x150.jpg\" class=\"attachment-thumbnail size-thumbnail\" alt=\"\" \/><\/a>\n\t\t\t<\/dt><\/dl><dl class='gallery-item'>\n\t\t\t<dt class='gallery-icon landscape'>\n\t\t\t\t<a  href=\"https:\/\/www.mecerreyes.com\/mece\/wp-content\/uploads\/2014\/09\/05-Mecerreyes-Fiesta-2014-juegos-infantiles.jpg\" class=\"thickbox no_icon\" title=\"\"><img loading=\"lazy\" decoding=\"async\" width=\"150\" height=\"150\" src=\"https:\/\/www.mecerreyes.com\/mece\/wp-content\/uploads\/2014\/09\/05-Mecerreyes-Fiesta-2014-juegos-infantiles-150x150.jpg\" class=\"attachment-thumbnail size-thumbnail\" alt=\"\" \/><\/a>\n\t\t\t<\/dt><\/dl><br style=\"clear: both\" \/><dl class='gallery-item'>\n\t\t\t<dt class='gallery-icon landscape'>\n\t\t\t\t<a  href=\"https:\/\/www.mecerreyes.com\/mece\/wp-content\/uploads\/2014\/09\/05-Mecerreyes-Fiesta-2014-juegos-infantiles-1.jpg\" class=\"thickbox no_icon\" title=\"\"><img loading=\"lazy\" decoding=\"async\" width=\"150\" height=\"150\" src=\"https:\/\/www.mecerreyes.com\/mece\/wp-content\/uploads\/2014\/09\/05-Mecerreyes-Fiesta-2014-juegos-infantiles-1-150x150.jpg\" class=\"attachment-thumbnail size-thumbnail\" alt=\"\" \/><\/a>\n\t\t\t<\/dt><\/dl><dl class='gallery-item'>\n\t\t\t<dt class='gallery-icon landscape'>\n\t\t\t\t<a  href=\"https:\/\/www.mecerreyes.com\/mece\/wp-content\/uploads\/2014\/09\/05-Mecerreyes-Fiesta-2014-juegos-infantiles-2.jpg\" class=\"thickbox no_icon\" title=\"\"><img loading=\"lazy\" decoding=\"async\" width=\"150\" height=\"150\" src=\"https:\/\/www.mecerreyes.com\/mece\/wp-content\/uploads\/2014\/09\/05-Mecerreyes-Fiesta-2014-juegos-infantiles-2-150x150.jpg\" class=\"attachment-thumbnail size-thumbnail\" alt=\"\" \/><\/a>\n\t\t\t<\/dt><\/dl><dl class='gallery-item'>\n\t\t\t<dt class='gallery-icon landscape'>\n\t\t\t\t<a  href=\"https:\/\/www.mecerreyes.com\/mece\/wp-content\/uploads\/2014\/09\/06-Mecerreyes-Fiesta-2014-bajada-de-la-Virgen.jpg\" class=\"thickbox no_icon\" title=\"\"><img loading=\"lazy\" decoding=\"async\" width=\"150\" height=\"150\" src=\"https:\/\/www.mecerreyes.com\/mece\/wp-content\/uploads\/2014\/09\/06-Mecerreyes-Fiesta-2014-bajada-de-la-Virgen-150x150.jpg\" class=\"attachment-thumbnail size-thumbnail\" alt=\"\" \/><\/a>\n\t\t\t<\/dt><\/dl><br style=\"clear: both\" \/><dl class='gallery-item'>\n\t\t\t<dt class='gallery-icon landscape'>\n\t\t\t\t<a  href=\"https:\/\/www.mecerreyes.com\/mece\/wp-content\/uploads\/2014\/09\/06-Mecerreyes-Fiesta-2014-bajada-de-la-Virgen-1.jpg\" class=\"thickbox no_icon\" title=\"\"><img loading=\"lazy\" decoding=\"async\" width=\"150\" height=\"150\" src=\"https:\/\/www.mecerreyes.com\/mece\/wp-content\/uploads\/2014\/09\/06-Mecerreyes-Fiesta-2014-bajada-de-la-Virgen-1-150x150.jpg\" class=\"attachment-thumbnail size-thumbnail\" alt=\"\" \/><\/a>\n\t\t\t<\/dt><\/dl><dl class='gallery-item'>\n\t\t\t<dt class='gallery-icon landscape'>\n\t\t\t\t<a  href=\"https:\/\/www.mecerreyes.com\/mece\/wp-content\/uploads\/2014\/09\/07-Mecerreyes-Fiestas-2014-Ofrenda-Floral.jpg\" class=\"thickbox no_icon\" title=\"\"><img loading=\"lazy\" decoding=\"async\" width=\"150\" height=\"150\" src=\"https:\/\/www.mecerreyes.com\/mece\/wp-content\/uploads\/2014\/09\/07-Mecerreyes-Fiestas-2014-Ofrenda-Floral-150x150.jpg\" class=\"attachment-thumbnail size-thumbnail\" alt=\"\" \/><\/a>\n\t\t\t<\/dt><\/dl><dl class='gallery-item'>\n\t\t\t<dt class='gallery-icon landscape'>\n\t\t\t\t<a  href=\"https:\/\/www.mecerreyes.com\/mece\/wp-content\/uploads\/2014\/09\/07-Mecerreyes-Fiestas-2014-Ofrenda-Floral-1.jpg\" class=\"thickbox no_icon\" title=\"\"><img loading=\"lazy\" decoding=\"async\" width=\"150\" height=\"150\" src=\"https:\/\/www.mecerreyes.com\/mece\/wp-content\/uploads\/2014\/09\/07-Mecerreyes-Fiestas-2014-Ofrenda-Floral-1-150x150.jpg\" class=\"attachment-thumbnail size-thumbnail\" alt=\"\" \/><\/a>\n\t\t\t<\/dt><\/dl><br style=\"clear: both\" \/><dl class='gallery-item'>\n\t\t\t<dt class='gallery-icon landscape'>\n\t\t\t\t<a  href=\"https:\/\/www.mecerreyes.com\/mece\/wp-content\/uploads\/2014\/09\/07-Mecerreyes-Fiestas-2014-Ofrenda-Floral-2.jpg\" class=\"thickbox no_icon\" title=\"\"><img loading=\"lazy\" decoding=\"async\" width=\"150\" height=\"150\" src=\"https:\/\/www.mecerreyes.com\/mece\/wp-content\/uploads\/2014\/09\/07-Mecerreyes-Fiestas-2014-Ofrenda-Floral-2-150x150.jpg\" class=\"attachment-thumbnail size-thumbnail\" alt=\"\" \/><\/a>\n\t\t\t<\/dt><\/dl><dl class='gallery-item'>\n\t\t\t<dt class='gallery-icon landscape'>\n\t\t\t\t<a  href=\"https:\/\/www.mecerreyes.com\/mece\/wp-content\/uploads\/2014\/09\/07-Mecerreyes-Fiestas-2014-Ofrenda-Floral-3.jpg\" class=\"thickbox no_icon\" title=\"\"><img loading=\"lazy\" decoding=\"async\" width=\"150\" height=\"150\" src=\"https:\/\/www.mecerreyes.com\/mece\/wp-content\/uploads\/2014\/09\/07-Mecerreyes-Fiestas-2014-Ofrenda-Floral-3-150x150.jpg\" class=\"attachment-thumbnail size-thumbnail\" alt=\"\" \/><\/a>\n\t\t\t<\/dt><\/dl><dl class='gallery-item'>\n\t\t\t<dt class='gallery-icon landscape'>\n\t\t\t\t<a  href=\"https:\/\/www.mecerreyes.com\/mece\/wp-content\/uploads\/2014\/09\/07-Mecerreyes-Fiestas-2014-Ofrenda-Floral-4.jpg\" class=\"thickbox no_icon\" title=\"\"><img loading=\"lazy\" decoding=\"async\" width=\"150\" height=\"150\" src=\"https:\/\/www.mecerreyes.com\/mece\/wp-content\/uploads\/2014\/09\/07-Mecerreyes-Fiestas-2014-Ofrenda-Floral-4-150x150.jpg\" class=\"attachment-thumbnail size-thumbnail\" alt=\"\" \/><\/a>\n\t\t\t<\/dt><\/dl><br style=\"clear: both\" \/><dl class='gallery-item'>\n\t\t\t<dt class='gallery-icon portrait'>\n\t\t\t\t<a  href=\"https:\/\/www.mecerreyes.com\/mece\/wp-content\/uploads\/2014\/09\/07-Mecerreyes-Fiestas-2014-Ofrenda-Floral-1-Foto-Fernando-Alonso.jpg\" class=\"thickbox no_icon\" title=\"\"><img loading=\"lazy\" decoding=\"async\" width=\"150\" height=\"150\" src=\"https:\/\/www.mecerreyes.com\/mece\/wp-content\/uploads\/2014\/09\/07-Mecerreyes-Fiestas-2014-Ofrenda-Floral-1-Foto-Fernando-Alonso-150x150.jpg\" class=\"attachment-thumbnail size-thumbnail\" alt=\"\" \/><\/a>\n\t\t\t<\/dt><\/dl><dl class='gallery-item'>\n\t\t\t<dt class='gallery-icon portrait'>\n\t\t\t\t<a  href=\"https:\/\/www.mecerreyes.com\/mece\/wp-content\/uploads\/2014\/09\/07-Mecerreyes-Fiestas-2014-Ofrenda-Floral-6-Foto-Fernando-Alonso.jpg\" class=\"thickbox no_icon\" title=\"\"><img loading=\"lazy\" decoding=\"async\" width=\"150\" height=\"150\" src=\"https:\/\/www.mecerreyes.com\/mece\/wp-content\/uploads\/2014\/09\/07-Mecerreyes-Fiestas-2014-Ofrenda-Floral-6-Foto-Fernando-Alonso-150x150.jpg\" class=\"attachment-thumbnail size-thumbnail\" alt=\"\" \/><\/a>\n\t\t\t<\/dt><\/dl><dl class='gallery-item'>\n\t\t\t<dt class='gallery-icon portrait'>\n\t\t\t\t<a  href=\"https:\/\/www.mecerreyes.com\/mece\/wp-content\/uploads\/2014\/09\/07-Mecerreyes-Fiestas-2014-Ofrenda-Floral-7-Foto-Fernando-Alonso.jpg\" class=\"thickbox no_icon\" title=\"\"><img loading=\"lazy\" decoding=\"async\" width=\"150\" height=\"150\" src=\"https:\/\/www.mecerreyes.com\/mece\/wp-content\/uploads\/2014\/09\/07-Mecerreyes-Fiestas-2014-Ofrenda-Floral-7-Foto-Fernando-Alonso-150x150.jpg\" class=\"attachment-thumbnail size-thumbnail\" alt=\"\" \/><\/a>\n\t\t\t<\/dt><\/dl><br style=\"clear: both\" \/><dl class='gallery-item'>\n\t\t\t<dt class='gallery-icon portrait'>\n\t\t\t\t<a  href=\"https:\/\/www.mecerreyes.com\/mece\/wp-content\/uploads\/2014\/09\/07-Mecerreyes-Fiestas-2014-Ofrenda-Floral-8-Foto-Fernando-Alonso.jpg\" class=\"thickbox no_icon\" title=\"\"><img loading=\"lazy\" decoding=\"async\" width=\"150\" height=\"150\" src=\"https:\/\/www.mecerreyes.com\/mece\/wp-content\/uploads\/2014\/09\/07-Mecerreyes-Fiestas-2014-Ofrenda-Floral-8-Foto-Fernando-Alonso-150x150.jpg\" class=\"attachment-thumbnail size-thumbnail\" alt=\"\" \/><\/a>\n\t\t\t<\/dt><\/dl><dl class='gallery-item'>\n\t\t\t<dt class='gallery-icon landscape'>\n\t\t\t\t<a  href=\"https:\/\/www.mecerreyes.com\/mece\/wp-content\/uploads\/2014\/09\/08-Mecerreyes-Fiestas-2014-Pincho-popular.jpg\" class=\"thickbox no_icon\" title=\"\"><img loading=\"lazy\" decoding=\"async\" width=\"150\" height=\"150\" src=\"https:\/\/www.mecerreyes.com\/mece\/wp-content\/uploads\/2014\/09\/08-Mecerreyes-Fiestas-2014-Pincho-popular-150x150.jpg\" class=\"attachment-thumbnail size-thumbnail\" alt=\"\" \/><\/a>\n\t\t\t<\/dt><\/dl><dl class='gallery-item'>\n\t\t\t<dt class='gallery-icon landscape'>\n\t\t\t\t<a  href=\"https:\/\/www.mecerreyes.com\/mece\/wp-content\/uploads\/2014\/09\/08-Mecerreyes-Fiestas-2014-Pincho-popular-8.jpg\" class=\"thickbox no_icon\" title=\"\"><img loading=\"lazy\" decoding=\"async\" width=\"150\" height=\"150\" src=\"https:\/\/www.mecerreyes.com\/mece\/wp-content\/uploads\/2014\/09\/08-Mecerreyes-Fiestas-2014-Pincho-popular-8-150x150.jpg\" class=\"attachment-thumbnail size-thumbnail\" alt=\"\" \/><\/a>\n\t\t\t<\/dt><\/dl><br style=\"clear: both\" \/><dl class='gallery-item'>\n\t\t\t<dt class='gallery-icon portrait'>\n\t\t\t\t<a  href=\"https:\/\/www.mecerreyes.com\/mece\/wp-content\/uploads\/2014\/09\/08-Mecerreyes-Fiestas-2014-Pincho-popular-1.jpg\" class=\"thickbox no_icon\" title=\"\"><img loading=\"lazy\" decoding=\"async\" width=\"150\" height=\"150\" src=\"https:\/\/www.mecerreyes.com\/mece\/wp-content\/uploads\/2014\/09\/08-Mecerreyes-Fiestas-2014-Pincho-popular-1-150x150.jpg\" class=\"attachment-thumbnail size-thumbnail\" alt=\"\" \/><\/a>\n\t\t\t<\/dt><\/dl><dl class='gallery-item'>\n\t\t\t<dt class='gallery-icon landscape'>\n\t\t\t\t<a  href=\"https:\/\/www.mecerreyes.com\/mece\/wp-content\/uploads\/2014\/09\/08-Mecerreyes-Fiestas-2014-Pincho-popular-2.jpg\" class=\"thickbox no_icon\" title=\"\"><img loading=\"lazy\" decoding=\"async\" width=\"150\" height=\"150\" src=\"https:\/\/www.mecerreyes.com\/mece\/wp-content\/uploads\/2014\/09\/08-Mecerreyes-Fiestas-2014-Pincho-popular-2-150x150.jpg\" class=\"attachment-thumbnail size-thumbnail\" alt=\"\" \/><\/a>\n\t\t\t<\/dt><\/dl><dl class='gallery-item'>\n\t\t\t<dt class='gallery-icon landscape'>\n\t\t\t\t<a  href=\"https:\/\/www.mecerreyes.com\/mece\/wp-content\/uploads\/2014\/09\/08-Mecerreyes-Fiestas-2014-Pincho-popular-3.jpg\" class=\"thickbox no_icon\" title=\"\"><img loading=\"lazy\" decoding=\"async\" width=\"150\" height=\"150\" src=\"https:\/\/www.mecerreyes.com\/mece\/wp-content\/uploads\/2014\/09\/08-Mecerreyes-Fiestas-2014-Pincho-popular-3-150x150.jpg\" class=\"attachment-thumbnail size-thumbnail\" alt=\"\" \/><\/a>\n\t\t\t<\/dt><\/dl><br style=\"clear: both\" \/><dl class='gallery-item'>\n\t\t\t<dt class='gallery-icon landscape'>\n\t\t\t\t<a  href=\"https:\/\/www.mecerreyes.com\/mece\/wp-content\/uploads\/2014\/09\/08-Mecerreyes-Fiestas-2014-Pincho-popular-6.jpg\" class=\"thickbox no_icon\" title=\"\"><img loading=\"lazy\" decoding=\"async\" width=\"150\" height=\"150\" src=\"https:\/\/www.mecerreyes.com\/mece\/wp-content\/uploads\/2014\/09\/08-Mecerreyes-Fiestas-2014-Pincho-popular-6-150x150.jpg\" class=\"attachment-thumbnail size-thumbnail\" alt=\"\" \/><\/a>\n\t\t\t<\/dt><\/dl><dl class='gallery-item'>\n\t\t\t<dt class='gallery-icon landscape'>\n\t\t\t\t<a  href=\"https:\/\/www.mecerreyes.com\/mece\/wp-content\/uploads\/2014\/09\/08-Mecerreyes-Fiestas-2014-Pincho-popular-4.jpg\" class=\"thickbox no_icon\" title=\"\"><img loading=\"lazy\" decoding=\"async\" width=\"150\" height=\"150\" src=\"https:\/\/www.mecerreyes.com\/mece\/wp-content\/uploads\/2014\/09\/08-Mecerreyes-Fiestas-2014-Pincho-popular-4-150x150.jpg\" class=\"attachment-thumbnail size-thumbnail\" alt=\"\" \/><\/a>\n\t\t\t<\/dt><\/dl><dl class='gallery-item'>\n\t\t\t<dt class='gallery-icon landscape'>\n\t\t\t\t<a  href=\"https:\/\/www.mecerreyes.com\/mece\/wp-content\/uploads\/2014\/09\/08-Mecerreyes-Fiestas-2014-Pincho-popular-5.jpg\" class=\"thickbox no_icon\" title=\"\"><img loading=\"lazy\" decoding=\"async\" width=\"150\" height=\"150\" src=\"https:\/\/www.mecerreyes.com\/mece\/wp-content\/uploads\/2014\/09\/08-Mecerreyes-Fiestas-2014-Pincho-popular-5-150x150.jpg\" class=\"attachment-thumbnail size-thumbnail\" alt=\"\" \/><\/a>\n\t\t\t<\/dt><\/dl><br style=\"clear: both\" \/><dl class='gallery-item'>\n\t\t\t<dt class='gallery-icon landscape'>\n\t\t\t\t<a  href=\"https:\/\/www.mecerreyes.com\/mece\/wp-content\/uploads\/2014\/09\/08-Mecerreyes-Fiestas-2014-Pincho-popular-7.jpg\" class=\"thickbox no_icon\" title=\"\"><img loading=\"lazy\" decoding=\"async\" width=\"150\" height=\"150\" src=\"https:\/\/www.mecerreyes.com\/mece\/wp-content\/uploads\/2014\/09\/08-Mecerreyes-Fiestas-2014-Pincho-popular-7-150x150.jpg\" class=\"attachment-thumbnail size-thumbnail\" alt=\"\" \/><\/a>\n\t\t\t<\/dt><\/dl><dl class='gallery-item'>\n\t\t\t<dt class='gallery-icon landscape'>\n\t\t\t\t<a  href=\"https:\/\/www.mecerreyes.com\/mece\/wp-content\/uploads\/2014\/09\/09-Mecerreyes-Fiestas-2014-Pregon.jpg\" class=\"thickbox no_icon\" title=\"\"><img loading=\"lazy\" decoding=\"async\" width=\"150\" height=\"150\" src=\"https:\/\/www.mecerreyes.com\/mece\/wp-content\/uploads\/2014\/09\/09-Mecerreyes-Fiestas-2014-Pregon-150x150.jpg\" class=\"attachment-thumbnail size-thumbnail\" alt=\"\" \/><\/a>\n\t\t\t<\/dt><\/dl><dl class='gallery-item'>\n\t\t\t<dt class='gallery-icon landscape'>\n\t\t\t\t<a  href=\"https:\/\/www.mecerreyes.com\/mece\/wp-content\/uploads\/2014\/09\/10-Mecerreyes-Fiestas-2014-Desfile-de-carrozas-y-pe\u00f1as-12.jpg\" class=\"thickbox no_icon\" title=\"\"><img loading=\"lazy\" decoding=\"async\" width=\"150\" height=\"150\" src=\"https:\/\/www.mecerreyes.com\/mece\/wp-content\/uploads\/2014\/09\/10-Mecerreyes-Fiestas-2014-Desfile-de-carrozas-y-pe\u00f1as-12-150x150.jpg\" class=\"attachment-thumbnail size-thumbnail\" alt=\"\" \/><\/a>\n\t\t\t<\/dt><\/dl><br style=\"clear: both\" \/><dl class='gallery-item'>\n\t\t\t<dt class='gallery-icon landscape'>\n\t\t\t\t<a  href=\"https:\/\/www.mecerreyes.com\/mece\/wp-content\/uploads\/2014\/09\/10-Mecerreyes-Fiestas-2014-Desfile-de-carrozas-y-pe\u00f1as-13.jpg\" class=\"thickbox no_icon\" title=\"\"><img loading=\"lazy\" decoding=\"async\" width=\"150\" height=\"150\" src=\"https:\/\/www.mecerreyes.com\/mece\/wp-content\/uploads\/2014\/09\/10-Mecerreyes-Fiestas-2014-Desfile-de-carrozas-y-pe\u00f1as-13-150x150.jpg\" class=\"attachment-thumbnail size-thumbnail\" alt=\"\" \/><\/a>\n\t\t\t<\/dt><\/dl><dl class='gallery-item'>\n\t\t\t<dt class='gallery-icon landscape'>\n\t\t\t\t<a  href=\"https:\/\/www.mecerreyes.com\/mece\/wp-content\/uploads\/2014\/09\/10-Mecerreyes-Fiestas-2014-Desfile-de-carrozas-y-pe\u00f1as-14.jpg\" class=\"thickbox no_icon\" title=\"\"><img loading=\"lazy\" decoding=\"async\" width=\"150\" height=\"150\" src=\"https:\/\/www.mecerreyes.com\/mece\/wp-content\/uploads\/2014\/09\/10-Mecerreyes-Fiestas-2014-Desfile-de-carrozas-y-pe\u00f1as-14-150x150.jpg\" class=\"attachment-thumbnail size-thumbnail\" alt=\"\" \/><\/a>\n\t\t\t<\/dt><\/dl><dl class='gallery-item'>\n\t\t\t<dt class='gallery-icon landscape'>\n\t\t\t\t<a  href=\"https:\/\/www.mecerreyes.com\/mece\/wp-content\/uploads\/2014\/09\/10-Mecerreyes-Fiestas-2014-Desfile-de-carrozas-y-pe\u00f1as.jpg\" class=\"thickbox no_icon\" title=\"\"><img loading=\"lazy\" decoding=\"async\" width=\"150\" height=\"150\" src=\"https:\/\/www.mecerreyes.com\/mece\/wp-content\/uploads\/2014\/09\/10-Mecerreyes-Fiestas-2014-Desfile-de-carrozas-y-pe\u00f1as-150x150.jpg\" class=\"attachment-thumbnail size-thumbnail\" alt=\"\" \/><\/a>\n\t\t\t<\/dt><\/dl><br style=\"clear: both\" \/><dl class='gallery-item'>\n\t\t\t<dt class='gallery-icon landscape'>\n\t\t\t\t<a  href=\"https:\/\/www.mecerreyes.com\/mece\/wp-content\/uploads\/2014\/09\/10-Mecerreyes-Fiestas-2014-Desfile-de-carrozas-y-pe\u00f1as-1.jpg\" class=\"thickbox no_icon\" title=\"\"><img loading=\"lazy\" decoding=\"async\" width=\"150\" height=\"150\" src=\"https:\/\/www.mecerreyes.com\/mece\/wp-content\/uploads\/2014\/09\/10-Mecerreyes-Fiestas-2014-Desfile-de-carrozas-y-pe\u00f1as-1-150x150.jpg\" class=\"attachment-thumbnail size-thumbnail\" alt=\"\" \/><\/a>\n\t\t\t<\/dt><\/dl><dl class='gallery-item'>\n\t\t\t<dt class='gallery-icon landscape'>\n\t\t\t\t<a  href=\"https:\/\/www.mecerreyes.com\/mece\/wp-content\/uploads\/2014\/09\/10-Mecerreyes-Fiestas-2014-Desfile-de-carrozas-y-pe\u00f1as-2.jpg\" class=\"thickbox no_icon\" title=\"\"><img loading=\"lazy\" decoding=\"async\" width=\"150\" height=\"150\" src=\"https:\/\/www.mecerreyes.com\/mece\/wp-content\/uploads\/2014\/09\/10-Mecerreyes-Fiestas-2014-Desfile-de-carrozas-y-pe\u00f1as-2-150x150.jpg\" class=\"attachment-thumbnail size-thumbnail\" alt=\"\" \/><\/a>\n\t\t\t<\/dt><\/dl><dl class='gallery-item'>\n\t\t\t<dt class='gallery-icon landscape'>\n\t\t\t\t<a  href=\"https:\/\/www.mecerreyes.com\/mece\/wp-content\/uploads\/2014\/09\/10-Mecerreyes-Fiestas-2014-Desfile-de-carrozas-y-pe\u00f1as-3.jpg\" class=\"thickbox no_icon\" title=\"\"><img loading=\"lazy\" decoding=\"async\" width=\"150\" height=\"150\" src=\"https:\/\/www.mecerreyes.com\/mece\/wp-content\/uploads\/2014\/09\/10-Mecerreyes-Fiestas-2014-Desfile-de-carrozas-y-pe\u00f1as-3-150x150.jpg\" class=\"attachment-thumbnail size-thumbnail\" alt=\"\" \/><\/a>\n\t\t\t<\/dt><\/dl><br style=\"clear: both\" \/><dl class='gallery-item'>\n\t\t\t<dt class='gallery-icon landscape'>\n\t\t\t\t<a  href=\"https:\/\/www.mecerreyes.com\/mece\/wp-content\/uploads\/2014\/09\/10-Mecerreyes-Fiestas-2014-Desfile-de-carrozas-y-pe\u00f1as-4.jpg\" class=\"thickbox no_icon\" title=\"\"><img loading=\"lazy\" decoding=\"async\" width=\"150\" height=\"150\" src=\"https:\/\/www.mecerreyes.com\/mece\/wp-content\/uploads\/2014\/09\/10-Mecerreyes-Fiestas-2014-Desfile-de-carrozas-y-pe\u00f1as-4-150x150.jpg\" class=\"attachment-thumbnail size-thumbnail\" alt=\"\" \/><\/a>\n\t\t\t<\/dt><\/dl><dl class='gallery-item'>\n\t\t\t<dt class='gallery-icon landscape'>\n\t\t\t\t<a  href=\"https:\/\/www.mecerreyes.com\/mece\/wp-content\/uploads\/2014\/09\/10-Mecerreyes-Fiestas-2014-Desfile-de-carrozas-y-pe\u00f1as-5.jpg\" class=\"thickbox no_icon\" title=\"\"><img loading=\"lazy\" decoding=\"async\" width=\"150\" height=\"150\" src=\"https:\/\/www.mecerreyes.com\/mece\/wp-content\/uploads\/2014\/09\/10-Mecerreyes-Fiestas-2014-Desfile-de-carrozas-y-pe\u00f1as-5-150x150.jpg\" class=\"attachment-thumbnail size-thumbnail\" alt=\"\" \/><\/a>\n\t\t\t<\/dt><\/dl><dl class='gallery-item'>\n\t\t\t<dt class='gallery-icon landscape'>\n\t\t\t\t<a  href=\"https:\/\/www.mecerreyes.com\/mece\/wp-content\/uploads\/2014\/09\/10-Mecerreyes-Fiestas-2014-Desfile-de-carrozas-y-pe\u00f1as-6.jpg\" class=\"thickbox no_icon\" title=\"\"><img loading=\"lazy\" decoding=\"async\" width=\"150\" height=\"150\" src=\"https:\/\/www.mecerreyes.com\/mece\/wp-content\/uploads\/2014\/09\/10-Mecerreyes-Fiestas-2014-Desfile-de-carrozas-y-pe\u00f1as-6-150x150.jpg\" class=\"attachment-thumbnail size-thumbnail\" alt=\"\" \/><\/a>\n\t\t\t<\/dt><\/dl><br style=\"clear: both\" \/><dl class='gallery-item'>\n\t\t\t<dt class='gallery-icon landscape'>\n\t\t\t\t<a  href=\"https:\/\/www.mecerreyes.com\/mece\/wp-content\/uploads\/2014\/09\/10-Mecerreyes-Fiestas-2014-Desfile-de-carrozas-y-pe\u00f1as-7.jpg\" class=\"thickbox no_icon\" title=\"\"><img loading=\"lazy\" decoding=\"async\" width=\"150\" height=\"150\" src=\"https:\/\/www.mecerreyes.com\/mece\/wp-content\/uploads\/2014\/09\/10-Mecerreyes-Fiestas-2014-Desfile-de-carrozas-y-pe\u00f1as-7-150x150.jpg\" class=\"attachment-thumbnail size-thumbnail\" alt=\"\" \/><\/a>\n\t\t\t<\/dt><\/dl><dl class='gallery-item'>\n\t\t\t<dt class='gallery-icon landscape'>\n\t\t\t\t<a  href=\"https:\/\/www.mecerreyes.com\/mece\/wp-content\/uploads\/2014\/09\/10-Mecerreyes-Fiestas-2014-Desfile-de-carrozas-y-pe\u00f1as-8.jpg\" class=\"thickbox no_icon\" title=\"\"><img loading=\"lazy\" decoding=\"async\" width=\"150\" height=\"150\" src=\"https:\/\/www.mecerreyes.com\/mece\/wp-content\/uploads\/2014\/09\/10-Mecerreyes-Fiestas-2014-Desfile-de-carrozas-y-pe\u00f1as-8-150x150.jpg\" class=\"attachment-thumbnail size-thumbnail\" alt=\"\" \/><\/a>\n\t\t\t<\/dt><\/dl><dl class='gallery-item'>\n\t\t\t<dt class='gallery-icon landscape'>\n\t\t\t\t<a  href=\"https:\/\/www.mecerreyes.com\/mece\/wp-content\/uploads\/2014\/09\/10-Mecerreyes-Fiestas-2014-Desfile-de-carrozas-y-pe\u00f1as-9.jpg\" class=\"thickbox no_icon\" title=\"\"><img loading=\"lazy\" decoding=\"async\" width=\"150\" height=\"150\" src=\"https:\/\/www.mecerreyes.com\/mece\/wp-content\/uploads\/2014\/09\/10-Mecerreyes-Fiestas-2014-Desfile-de-carrozas-y-pe\u00f1as-9-150x150.jpg\" class=\"attachment-thumbnail size-thumbnail\" alt=\"\" \/><\/a>\n\t\t\t<\/dt><\/dl><br style=\"clear: both\" \/><dl class='gallery-item'>\n\t\t\t<dt class='gallery-icon landscape'>\n\t\t\t\t<a  href=\"https:\/\/www.mecerreyes.com\/mece\/wp-content\/uploads\/2014\/09\/10-Mecerreyes-Fiestas-2014-Desfile-de-carrozas-y-pe\u00f1as-10.jpg\" class=\"thickbox no_icon\" title=\"\"><img loading=\"lazy\" decoding=\"async\" width=\"150\" height=\"150\" src=\"https:\/\/www.mecerreyes.com\/mece\/wp-content\/uploads\/2014\/09\/10-Mecerreyes-Fiestas-2014-Desfile-de-carrozas-y-pe\u00f1as-10-150x150.jpg\" class=\"attachment-thumbnail size-thumbnail\" alt=\"\" \/><\/a>\n\t\t\t<\/dt><\/dl><dl class='gallery-item'>\n\t\t\t<dt class='gallery-icon landscape'>\n\t\t\t\t<a  href=\"https:\/\/www.mecerreyes.com\/mece\/wp-content\/uploads\/2014\/09\/10-Mecerreyes-Fiestas-2014-Desfile-de-carrozas-y-pe\u00f1as-11.jpg\" class=\"thickbox no_icon\" title=\"\"><img loading=\"lazy\" decoding=\"async\" width=\"150\" height=\"150\" src=\"https:\/\/www.mecerreyes.com\/mece\/wp-content\/uploads\/2014\/09\/10-Mecerreyes-Fiestas-2014-Desfile-de-carrozas-y-pe\u00f1as-11-150x150.jpg\" class=\"attachment-thumbnail size-thumbnail\" alt=\"\" \/><\/a>\n\t\t\t<\/dt><\/dl><dl class='gallery-item'>\n\t\t\t<dt class='gallery-icon landscape'>\n\t\t\t\t<a  href=\"https:\/\/www.mecerreyes.com\/mece\/wp-content\/uploads\/2014\/09\/Imagenes-Fiestas-2014-1.jpg\" class=\"thickbox no_icon\" title=\"\"><img loading=\"lazy\" decoding=\"async\" width=\"150\" height=\"150\" src=\"https:\/\/www.mecerreyes.com\/mece\/wp-content\/uploads\/2014\/09\/Imagenes-Fiestas-2014-1-150x150.jpg\" class=\"attachment-thumbnail size-thumbnail\" alt=\"\" aria-describedby=\"gallery-1-9645\" \/><\/a>\n\t\t\t<\/dt>\n\t\t\t\t<dd class='wp-caption-text gallery-caption' id='gallery-1-9645'>\n\t\t\t\tMecerreyes, Fiestas de <a  href=\"https:\/\/www.mecerreyes.com\/mece\/?page_id=60\">Acci\u00f3n de Gracias<\/a> y Nuestra Se\u00f1ora del Camino, Agosto 2014\n\t\t\t\t<\/dd><\/dl><br style=\"clear: both\" \/>\n\t\t<\/div>","protected":false},"excerpt":{"rendered":"<p>Cr\u00f3nica Fiestas de Acci\u00f3n de Gracias y Virgen del Camino 2014 (1\u00aa parte) Tras descansar unos d\u00edas del agitado mes de agosto, todos los eventos que hemos podido disfrutar en estas fiestas se ven con un prisma m\u00e1s objetivo y reposado. Destacar que han discurrido sin ning\u00fan altercado, no hemos salido en la prensa por [&hellip;]<\/p>\n","protected":false},"author":5,"featured_media":0,"comment_status":"open","ping_status":"closed","sticky":false,"template":"","format":"standard","meta":{"_et_pb_use_builder":"","_et_pb_old_content":"","_et_gb_content_width":"","footnotes":""},"categories":[1],"tags":[27,9,16,32,43,44],"class_list":["post-9640","post","type-post","status-publish","format-standard","hentry","category-general","tag-accion-de-gracias","tag-cabalgata","tag-cofradia-virgen-del-camino","tag-concursos","tag-fiestas","tag-parroquia-mecerreyes","et-doesnt-have-format-content","et_post_format-et-post-format-standard"],"_links":{"self":[{"href":"https:\/\/www.mecerreyes.com\/mece\/index.php?rest_route=\/wp\/v2\/posts\/9640"}],"collection":[{"href":"https:\/\/www.mecerreyes.com\/mece\/index.php?rest_route=\/wp\/v2\/posts"}],"about":[{"href":"https:\/\/www.mecerreyes.com\/mece\/index.php?rest_route=\/wp\/v2\/types\/post"}],"author":[{"embeddable":true,"href":"https:\/\/www.mecerreyes.com\/mece\/index.php?rest_route=\/wp\/v2\/users\/5"}],"replies":[{"embeddable":true,"href":"https:\/\/www.mecerreyes.com\/mece\/index.php?rest_route=%2Fwp%2Fv2%2Fcomments&post=9640"}],"version-history":[{"count":0,"href":"https:\/\/www.mecerreyes.com\/mece\/index.php?rest_route=\/wp\/v2\/posts\/9640\/revisions"}],"wp:attachment":[{"href":"https:\/\/www.mecerreyes.com\/mece\/index.php?rest_route=%2Fwp%2Fv2%2Fmedia&parent=9640"}],"wp:term":[{"taxonomy":"category","embeddable":true,"href":"https:\/\/www.mecerreyes.com\/mece\/index.php?rest_route=%2Fwp%2Fv2%2Fcategories&post=9640"},{"taxonomy":"post_tag","embeddable":true,"href":"https:\/\/www.mecerreyes.com\/mece\/index.php?rest_route=%2Fwp%2Fv2%2Ftags&post=9640"}],"curies":[{"name":"wp","href":"https:\/\/api.w.org\/{rel}","templated":true}]}}