{"id":9881,"date":"2014-11-03T01:25:26","date_gmt":"2014-11-03T00:25:26","guid":{"rendered":"http:\/\/www.mecerreyes.com\/mece\/?p=9881"},"modified":"2014-11-03T11:33:35","modified_gmt":"2014-11-03T10:33:35","slug":"noticias-octubre-2014","status":"publish","type":"post","link":"https:\/\/www.mecerreyes.com\/mece\/?p=9881","title":{"rendered":"Noticias Octubre 2014"},"content":{"rendered":"<h1 align=\"center\"><b>NOTICIAS OCTUBRE 2014<\/b><\/h1>\n<p style=\"text-align: justify\">Cerramos la p\u00e1gina de octubre y abrimos la de noviembre disfrutando de un tiempo muy agradable. Da gusto. Estamos muy metidos ya en oto\u00f1o y Mecerreyes est\u00e1 tan bonito que da gusto disfrutar de estos d\u00edas tan apacibles, aunque ahora, con eso del cambio de horario, se nos hacen cortos los d\u00edas. Todo sea por el ahorro energ\u00e9tico&#8230; El tiempo ha acompa\u00f1ado, as\u00ed que el que m\u00e1s y el que menos aprovech\u00f3 para recoger setas y n\u00edscalos. Las lluvias han sido ricas y abundantes y a poco que uno buscara, encontraba. Ha habido para todos.<\/p>\n<div id=\"attachment_9905\" style=\"width: 500px\" class=\"wp-caption alignnone\"><a  href=\"http:\/\/www.mecerreyes.com\/mece\/wp-content\/uploads\/2014\/10\/Setas-carrerilla.-Mecerreyes-13-10-2014..jpg\" class=\"thickbox no_icon\" title=\"Setas carrerilla. Mecerreyes, 13-10-2014.\"><img loading=\"lazy\" decoding=\"async\" aria-describedby=\"caption-attachment-9905\" class=\" wp-image-9905 \" alt=\"Setas carrerilla. Mecerreyes, 13-10-2014.\" src=\"http:\/\/www.mecerreyes.com\/mece\/wp-content\/uploads\/2014\/10\/Setas-carrerilla.-Mecerreyes-13-10-2014..jpg\" width=\"490\" height=\"368\" srcset=\"https:\/\/www.mecerreyes.com\/mece\/wp-content\/uploads\/2014\/10\/Setas-carrerilla.-Mecerreyes-13-10-2014..jpg 700w, https:\/\/www.mecerreyes.com\/mece\/wp-content\/uploads\/2014\/10\/Setas-carrerilla.-Mecerreyes-13-10-2014.-300x225.jpg 300w\" sizes=\"(max-width: 490px) 100vw, 490px\" \/><\/a><p id=\"caption-attachment-9905\" class=\"wp-caption-text\">Setas carrerilla. Mecerreyes, 13-10-2014.<\/p><\/div>\n<p style=\"text-align: justify\">Ha terminado octubre y empezamos noviembre, un mes de encuentros y recuerdos: Todos los Santos, Difuntos, <a  href=\"https:\/\/www.mecerreyes.com\/mece\/?page_id=58\">San Mart\u00edn<\/a>&#8230; Aprendemos a vivir a trav\u00e9s de los ojos de las personas que amamos y admiramos. Es la vida quien nos lo ense\u00f1a.<\/p>\n<p style=\"text-align: justify\">Noviembre. Mes corto, pero intenso. \u00a1Que lo disfrutemos! \u00a1Viva <a  href=\"https:\/\/www.mecerreyes.com\/mece\/?page_id=58\">San Mart\u00edn<\/a>! \u00a1Viva Mecerreyes!<\/p>\n<p style=\"text-align: justify\"><strong><span style=\"color: #0000ff\">&#8211;\u00a0\u00a0\u00a0\u00a0\u00a0\u00a0\u00a0\u00a0 <i>\u00bfC\u00f3mo est\u00e1, abuelo? <\/i><\/span><\/strong><\/p>\n<p style=\"text-align: justify\">&#8211;\u00a0\u00a0\u00a0\u00a0\u00a0\u00a0\u00a0\u00a0 Muy bien. Aqu\u00ed viendo pasar la vida. Disfruto de la calma y de la paz del pueblo estos d\u00edas tranquilos y tambi\u00e9n los fines de semana cuando el pueblo se llena de gente. Me gusta hablar con los paisanos y tambi\u00e9n con los que nos visitan. De cada uno aprendo algo que me alegra el d\u00eda y que enriquece mi vida. As\u00ed me lo ense\u00f1\u00f3 mi padre: <i>\u201c<\/i><i>Mira, hijo, nadie es m\u00e1s que nadie y de todos podemos aprender algo, cada uno tiene algo que ense\u00f1arnos. Escucha, respeta&#8230;\u201d<\/i> Y eso es lo que intento cada d\u00eda. Este poyo es una muy buena c\u00e1tedra. Te lo digo yo.<\/p>\n<p style=\"text-align: justify\"><span style=\"color: #0000ff\">\u00a0<\/span><\/p>\n<div id=\"attachment_9917\" style=\"width: 570px\" class=\"wp-caption alignnone\"><a  href=\"http:\/\/www.mecerreyes.com\/mece\/wp-content\/uploads\/2014\/10\/Abuelo-Mes\u00f3n-de-Frutos-Mecerreyes-2009.jpg\" class=\"thickbox no_icon\" title=\"Abuelo Mes\u00f3n de Frutos, Mecerreyes 2009\"><img loading=\"lazy\" decoding=\"async\" aria-describedby=\"caption-attachment-9917\" class=\" wp-image-9917 \" alt=\"Abuelo Mes\u00f3n de Frutos, Mecerreyes 2009\" src=\"http:\/\/www.mecerreyes.com\/mece\/wp-content\/uploads\/2014\/10\/Abuelo-Mes\u00f3n-de-Frutos-Mecerreyes-2009.jpg\" width=\"560\" height=\"420\" srcset=\"https:\/\/www.mecerreyes.com\/mece\/wp-content\/uploads\/2014\/10\/Abuelo-Mes\u00f3n-de-Frutos-Mecerreyes-2009.jpg 700w, https:\/\/www.mecerreyes.com\/mece\/wp-content\/uploads\/2014\/10\/Abuelo-Mes\u00f3n-de-Frutos-Mecerreyes-2009-300x225.jpg 300w\" sizes=\"(max-width: 560px) 100vw, 560px\" \/><\/a><p id=\"caption-attachment-9917\" class=\"wp-caption-text\">Abuelo <a  href=\"https:\/\/www.mecerreyes.com\/mece\/?page_id=797\">Mes\u00f3n de Frutos<\/a>, Mecerreyes 2009<\/p><\/div>\n<p>&nbsp;<\/p>\n<p style=\"text-align: justify\"><strong><span style=\"color: #0000ff\">&#8211;\u00a0\u00a0\u00a0\u00a0\u00a0\u00a0\u00a0\u00a0 <i>Abuelo, cambio de tema que hoy le veo muy metaf\u00edsico y no quiero que se me pase por alto un peque\u00f1o detalle: \u00bfC\u00f3mo le ha sentado el comentario de Salva sobre la sentencia del dolmen de Mazariegos? Imagino que le habr\u00e1 dolido&#8230;<\/i><\/span><\/strong><\/p>\n<p style=\"text-align: justify\">&#8211;\u00a0\u00a0\u00a0\u00a0\u00a0\u00a0\u00a0\u00a0 Pues, hombre, mentir\u00eda si dijera que me ha dado igual. Pues no, a nadie gusta que hablen as\u00ed de uno. Los comentarios siempre duelen, pero hemos hablado como tienen que hablar las personas y me siento tranquilo. Todo est\u00e1 aclarado. Desde aqu\u00ed lo \u00fanico que podemos hacer es ofrecer a Salva esta p\u00e1gina para que sea \u00e9l quien nos comente sobre el tema, nosotros hasta ahora lo que hemos hecho ha sido informar brevemente e invitar a que la gente se entere. Y esto es lo que hemos hecho y lo que seguiremos haciendo mientras podamos. Y aprovecho para decir que todos est\u00e1is invitados a expresar vuestra opini\u00f3n, informar sobre cualquier cosa que pueda interesar, dar alguna noticia&#8230; Vamos, que esto lo hacemos entre todos y que agradecemos todo tipo de colaboraci\u00f3n. \u00a1Y no sab\u00e9is cu\u00e1nto!<\/p>\n<p style=\"text-align: justify\"><strong><span style=\"color: #0000ff\">&#8211;\u00a0\u00a0\u00a0\u00a0\u00a0\u00a0\u00a0\u00a0 <i>Es oto\u00f1o, abuelo, y no s\u00e9 qu\u00e9 pasa que en esta \u00e9poca que se nos va mucha gente. Que desde que acab\u00f3 el verano hasta hoy ya voy asistiendo a varios funerales&#8230; Da pena, pero es as\u00ed.<\/i><\/span><\/strong><\/p>\n<p style=\"text-align: justify\">&#8211;\u00a0\u00a0\u00a0\u00a0\u00a0\u00a0\u00a0\u00a0 Claramente lo dice el refr\u00e1n: <i>Oto\u00f1o e invierno, mal tiempo para los viejos.<\/i> He o\u00eddo m\u00e1s de una vez, que la ca\u00edda de las hojas es como la met\u00e1fora de la vida. Y yo creo que es verdad. La vida es sembrar, florecer, dar frutos y morir. As\u00ed me dec\u00eda una muy buena amiga sobre su padre reci\u00e9n fallecido: <i>\u201c<\/i><i>Cumpli\u00f3 su ciclo y le acompa\u00f1amos hasta el final. Misi\u00f3n cumplida\u201d.<\/i> As\u00ed es la vida. Esta vez informar que cumplieron, y muy bien su misi\u00f3n\u00a0LUIS ROMERO AUS\u00cdN y JES\u00daS GONZ\u00c1LEZ VICARIO.<\/p>\n<h1 style=\"text-align: justify\"><b>DESCANSAN EN PAZ LUIS ROMERO AUS\u00cdN y JES\u00daS GONZ\u00c1LEZ VICARIO.<\/b><\/h1>\n<p style=\"text-align: justify\"><b>Luis Romero Aus\u00edn,\u00a0<\/b>falleci\u00f3\u00a0\u00a0en San Sebasti\u00e1n el 6 de octubre de 2014, a los 67 a\u00f1os. Fue enterrado en Mecerreyes el martes, 7 de octubre, rodeado de sus familiares, amigos y paisanos. Nuestro recuerdo y aprecio para su esposa Me\u00f1a\u00a0y para sus hijos Guillermo, Fernando y Silvia.<\/p>\n<div id=\"attachment_9890\" style=\"width: 831px\" class=\"wp-caption alignnone\"><a  href=\"http:\/\/www.mecerreyes.com\/mece\/wp-content\/uploads\/2014\/10\/Esquela-Luis-Romero-Ausin-6-10-2014.jpg\" class=\"thickbox no_icon\" title=\"Esquela Luis Romero Aus\u00cdn, Falleci\u00f3 el 6-10-2014\"><img loading=\"lazy\" decoding=\"async\" aria-describedby=\"caption-attachment-9890\" class=\" wp-image-9890    \" alt=\"Esquela Luis Romero Aus\u00cdn, Falleci\u00f3 el 6-10-2014\" src=\"http:\/\/www.mecerreyes.com\/mece\/wp-content\/uploads\/2014\/10\/Esquela-Luis-Romero-Ausin-6-10-2014.jpg\" width=\"821\" height=\"344\" srcset=\"https:\/\/www.mecerreyes.com\/mece\/wp-content\/uploads\/2014\/10\/Esquela-Luis-Romero-Ausin-6-10-2014.jpg 3800w, https:\/\/www.mecerreyes.com\/mece\/wp-content\/uploads\/2014\/10\/Esquela-Luis-Romero-Ausin-6-10-2014-300x125.jpg 300w, https:\/\/www.mecerreyes.com\/mece\/wp-content\/uploads\/2014\/10\/Esquela-Luis-Romero-Ausin-6-10-2014-1024x428.jpg 1024w\" sizes=\"(max-width: 821px) 100vw, 821px\" \/><\/a><p id=\"caption-attachment-9890\" class=\"wp-caption-text\">Esquela Luis Romero Aus\u00edn, Falleci\u00f3 el 6-10-2014<\/p><\/div>\n<p style=\"text-align: justify\"><b>Jes\u00fas Gonz\u00e1lez Vicario,\u00a0<\/b>muri\u00f3 en Burgos el 14 de octubre de 2014, a los 93 a\u00f1os. La misa funeral se celebr\u00f3 en la\u00a0<a  href=\"https:\/\/www.mecerreyes.com\/mece\/?page_id=35\">Parroquia<\/a>\u00a0de la Anunciaci\u00f3n, Burgos. Seguidamente, en nuestra Iglesia de Mecerreyes, quisimos acompa\u00f1ar a sus familiares y dar el \u00faltimo adi\u00f3s a Jes\u00fas antes de subir al cementerio. Nuestro cari\u00f1oso recuerdo para sus hijos Rosa, Jes\u00fas, Ascen, Conchi, Nati y Jos\u00e9.<\/p>\n<p style=\"text-align: justify\"><i>\u00a0<\/i><\/p>\n<div id=\"attachment_9901\" style=\"width: 890px\" class=\"wp-caption alignnone\"><a  href=\"http:\/\/www.mecerreyes.com\/mece\/wp-content\/uploads\/2014\/10\/Esquela-Jes\u00fas-Gonz\u00e1lez-Vicario-falleci\u00f3-del-14-10-2014.jpg\" class=\"thickbox no_icon\" title=\"Esquela Jes\u00fas Gonz\u00e1lez Vicario, falleci\u00f3 del 14-10-2014\"><img loading=\"lazy\" decoding=\"async\" aria-describedby=\"caption-attachment-9901\" class=\"size-full wp-image-9901\" alt=\"Esquela Jes\u00fas Gonz\u00e1lez Vicario, falleci\u00f3 del 14-10-2014\" src=\"http:\/\/www.mecerreyes.com\/mece\/wp-content\/uploads\/2014\/10\/Esquela-Jes\u00fas-Gonz\u00e1lez-Vicario-falleci\u00f3-del-14-10-2014.jpg\" width=\"880\" height=\"348\" srcset=\"https:\/\/www.mecerreyes.com\/mece\/wp-content\/uploads\/2014\/10\/Esquela-Jes\u00fas-Gonz\u00e1lez-Vicario-falleci\u00f3-del-14-10-2014.jpg 880w, https:\/\/www.mecerreyes.com\/mece\/wp-content\/uploads\/2014\/10\/Esquela-Jes\u00fas-Gonz\u00e1lez-Vicario-falleci\u00f3-del-14-10-2014-300x118.jpg 300w\" sizes=\"(max-width: 880px) 100vw, 880px\" \/><\/a><p id=\"caption-attachment-9901\" class=\"wp-caption-text\">Esquela Jes\u00fas Gonz\u00e1lez Vicario, falleci\u00f3 del 14-10-2014<\/p><\/div>\n<h1 style=\"text-align: justify\"><\/h1>\n<p style=\"text-align: justify\"><strong>\u00a1Descansen en paz! Para sus familiares y amigos, nuestro recuerdo m\u00e1s entra\u00f1able.<\/strong><\/p>\n<p style=\"text-align: justify\"><span style=\"color: #ffffff\">.<\/span><\/p>\n<h1 style=\"text-align: justify\"><b>25 DE OCTUBRE: FIESTA SORPRESA EN EL MES\u00d3N DE FRUTOS<\/b><\/h1>\n<p style=\"text-align: justify\"><strong><span style=\"color: #0000ff\">&#8211;\u00a0\u00a0\u00a0\u00a0\u00a0\u00a0\u00a0\u00a0 <i>Abuelo, \u00bfqu\u00e9 pas\u00f3 el pasado s\u00e1bado, 25 de octubre, que hubo tanto jaleo en el pueblo? Estaba tan tranquilo en mi casa cuando oigo canciones, m\u00fasica y muchas risas. <\/i><\/span><\/strong><\/p>\n<p style=\"text-align: justify\">&#8211;\u00a0\u00a0\u00a0\u00a0\u00a0\u00a0\u00a0\u00a0 \u00bfQue qu\u00e9 pas\u00f3? \u00a1Menuda sorpresa para todos! Pues te cuento: <strong>Juancho, el fontanero de Covarrubias<\/strong>, el que cada dos por tres est\u00e1 en el pueblo arreglando lo que se tercie: que si un grifo no funciona, que el calentador no tira, que se va el agua por aqu\u00ed&#8230;, pues bien, Juancho cumpl\u00eda 60 a\u00f1os y quisieron darle una sorpresa, as\u00ed que aqu\u00ed vinieron un mont\u00f3n de amigos vestidos de mariachis, cantaron canciones a la puerta del mes\u00f3n y dieron un bonito toque de m\u00fasica y colorido a la fiesta, fiesta que continu\u00f3 por la tarde con los muchos dulzaineros que quisieron unirse a la alegr\u00eda del homenajeado. <strong>\u00a1Felicidades, Juancho! \u00a1Gracias por tu buen hacer en nuestro pueblo y tu disponibilidad!<\/strong><\/p>\n<div id=\"attachment_9897\" style=\"width: 810px\" class=\"wp-caption alignnone\"><a  href=\"http:\/\/www.mecerreyes.com\/mece\/wp-content\/uploads\/2014\/10\/60-Cumplea\u00f1os-de-Juancho.jpg\" class=\"thickbox no_icon\" title=\"60 Cumplea\u00f1os de Juancho, Mecerreyes-Covarrubias\"><img loading=\"lazy\" decoding=\"async\" aria-describedby=\"caption-attachment-9897\" class=\" wp-image-9897 \" alt=\"60 Cumplea\u00f1os de Juancho, Mecerreyes-Covarrubias\" src=\"http:\/\/www.mecerreyes.com\/mece\/wp-content\/uploads\/2014\/10\/60-Cumplea\u00f1os-de-Juancho.jpg\" width=\"800\" height=\"237\" srcset=\"https:\/\/www.mecerreyes.com\/mece\/wp-content\/uploads\/2014\/10\/60-Cumplea\u00f1os-de-Juancho.jpg 1000w, https:\/\/www.mecerreyes.com\/mece\/wp-content\/uploads\/2014\/10\/60-Cumplea\u00f1os-de-Juancho-300x88.jpg 300w\" sizes=\"(max-width: 800px) 100vw, 800px\" \/><\/a><p id=\"caption-attachment-9897\" class=\"wp-caption-text\">60 Cumplea\u00f1os de Juancho, Mecerreyes-Covarrubias<\/p><\/div>\n<p style=\"text-align: justify\"><i>\u00a0<\/i><\/p>\n<h1 style=\"text-align: justify\"><b>2 DE NOVIEMBRE: COMIDA ASOCIACI\u00d3N DE JUBILADOS <\/b><\/h1>\n<p style=\"text-align: justify\"><strong><span style=\"color: #0000ff\">&#8211;\u00a0\u00a0\u00a0\u00a0\u00a0\u00a0\u00a0\u00a0 <i>Parece que este a\u00f1o la comida de la Asociaci\u00f3n de Jubilados, comida que siempre se hace por <a  href=\"https:\/\/www.mecerreyes.com\/mece\/?page_id=58\">San Mart\u00edn<\/a>, se har\u00e1 el primer domingo de noviembre. Me imagino que no faltar\u00e1 usted.<\/i><\/span><\/strong><\/p>\n<p style=\"text-align: justify\">&#8211;\u00a0\u00a0\u00a0\u00a0\u00a0\u00a0\u00a0\u00a0 Nunca he faltado a ella y mientras tenga salud, ah\u00ed estar\u00e9. Efectivamente, nos juntaremos el 2 de noviembre. Es un buen d\u00eda de encuentro, pues Mecerreyes, como es tradici\u00f3n, se llena de gente para celebrar la fiesta de los Santos y recordar a nuestros antepasados. Siempre es hermoso hacer memoria de ellos, y precisamente el 2 de noviembre es el d\u00eda en que los recordamos a todos.<\/p>\n<div id=\"attachment_9893\" style=\"width: 712px\" class=\"wp-caption alignnone\"><a  href=\"http:\/\/www.mecerreyes.com\/mece\/wp-content\/uploads\/2014\/10\/San-Martin-Fiesta-de-la-Asociaci\u00f3n-de-Jubilados-2014.jpg\" class=\"thickbox no_icon\" title=\"Mecerreyes, San Mart\u00edn, Fiesta de la Asociaci\u00f3n de Jubilados 2014\"><img loading=\"lazy\" decoding=\"async\" aria-describedby=\"caption-attachment-9893\" class=\" wp-image-9893 \" alt=\"Mecerreyes, San Mart\u00edn, Fiesta de la Asociaci\u00f3n de Jubilados 2014\" src=\"http:\/\/www.mecerreyes.com\/mece\/wp-content\/uploads\/2014\/10\/San-Martin-Fiesta-de-la-Asociaci\u00f3n-de-Jubilados-2014.jpg\" width=\"702\" height=\"499\" srcset=\"https:\/\/www.mecerreyes.com\/mece\/wp-content\/uploads\/2014\/10\/San-Martin-Fiesta-de-la-Asociaci\u00f3n-de-Jubilados-2014.jpg 1170w, https:\/\/www.mecerreyes.com\/mece\/wp-content\/uploads\/2014\/10\/San-Martin-Fiesta-de-la-Asociaci\u00f3n-de-Jubilados-2014-300x213.jpg 300w, https:\/\/www.mecerreyes.com\/mece\/wp-content\/uploads\/2014\/10\/San-Martin-Fiesta-de-la-Asociaci\u00f3n-de-Jubilados-2014-1024x727.jpg 1024w\" sizes=\"(max-width: 702px) 100vw, 702px\" \/><\/a><p id=\"caption-attachment-9893\" class=\"wp-caption-text\">Mecerreyes, <a  href=\"https:\/\/www.mecerreyes.com\/mece\/?page_id=58\">San Mart\u00edn<\/a>, Fiesta de la Asociaci\u00f3n de Jubilados 2014<\/p><\/div>\n<h1 style=\"text-align: justify\"><b>11 DE NOVIEMBRE: FIESTA DE SAN MARTIN<\/b><\/h1>\n<p style=\"text-align: justify\"><strong><span style=\"color: #0000ff\">&#8211;\u00a0\u00a0\u00a0\u00a0\u00a0\u00a0\u00a0\u00a0 <i>Este a\u00f1o <a  href=\"https:\/\/www.mecerreyes.com\/mece\/?page_id=58\">San Mart\u00edn<\/a> cae en martes. Mal d\u00eda para la fiesta&#8230;<\/i><\/span><\/strong><\/p>\n<p style=\"text-align: justify\">&#8211;\u00a0\u00a0\u00a0\u00a0\u00a0\u00a0\u00a0\u00a0 Pues hombre, mucha gente no podr\u00e1 venir, pero fiesta habr\u00e1. Siempre hemos dicho que <a  href=\"https:\/\/www.mecerreyes.com\/mece\/?page_id=58\">San Mart\u00edn<\/a> es la fiesta de todos los guiletos, pero especialmente para los que viven un d\u00eda s\u00ed y otro tambi\u00e9n en el pueblo y, como se ha hecho siempre, se celebrar\u00e1 por todo lo alto. \u00a1Ojal\u00e1 pueda venir mucha gente, el tiempo acompa\u00f1e, podamos sacar en procesi\u00f3n a nuestro Santo Patr\u00f3n y celebrar juntos y en armon\u00eda a nuestro <a  href=\"https:\/\/www.mecerreyes.com\/mece\/?page_id=58\">San Mart\u00edn<\/a> .<\/p>\n<p style=\"text-align: justify\"><i>\u00a0<\/i><\/p>\n<p style=\"text-align: justify\"><strong><span style=\"color: #0000ff\">&#8211;\u00a0\u00a0\u00a0\u00a0\u00a0\u00a0\u00a0\u00a0 <i>Bueno, abuelo, le dejo, que el tiempo es bueno, dentro de poco caer\u00e1 la tarde y quisiera aprovechar para dar una vuelta, pasear y disfrutar de los aires de mi tierra, que para el tiempo que estamos menuda suerte estamos teniendo.\u00a0 <\/i><\/span><\/strong><\/p>\n<p style=\"text-align: justify\">&#8211;\u00a0\u00a0\u00a0\u00a0\u00a0\u00a0\u00a0\u00a0 Adem\u00e1s de verdad. \u00a1Que lo disfrutes! Que disfrutemos mucho del mes de noviembre que, como dice el refr\u00e1n, <i>entra en Todos los Santos y sale con San Andr\u00e9s<\/i>. Y entre medias, aunque el refr\u00e1n no lo diga, nosotros\u00a0 no podemos sino recordar a nuestro <a  href=\"https:\/\/www.mecerreyes.com\/mece\/?page_id=58\">San Mart\u00edn<\/a>. Que siga protegiendo y cuidando a nuestro pueblo y a nuestra gente. \u00a1Ojal\u00e1 nos encontremos muchos en la fiesta! \u00bfNos veremos?<\/p>\n<p style=\"text-align: justify\"><strong><span style=\"color: #0000ff\">&#8211;\u00a0\u00a0\u00a0\u00a0\u00a0\u00a0\u00a0\u00a0 <i>Eso espero, abuelo. A ver si no se tuercen las cosas y hacemos un hueco. \u00a1No sabe usted cu\u00e1nto dar\u00eda por estar en d\u00eda tan especial&#8230;!\u00a0\u00a0<\/i><\/span><\/strong><i><\/i><\/p>\n<p style=\"text-align: justify\"><span style=\"color: #0000ff\">\u00a0<\/span><\/p>\n<p>&nbsp;<\/p>\n<p>&nbsp;<\/p>\n<div id=\"attachment_9908\" style=\"width: 710px\" class=\"wp-caption alignnone\"><a  href=\"http:\/\/www.mecerreyes.com\/mece\/wp-content\/uploads\/2014\/10\/2014-10-04-17.59.46.jpg\" class=\"thickbox no_icon\" title=\"Mecerreyes, 4 octubre 2014\"><img loading=\"lazy\" decoding=\"async\" aria-describedby=\"caption-attachment-9908\" class=\"size-full wp-image-9908\" alt=\"Mecerreyes, 4 octubre 2014\" src=\"http:\/\/www.mecerreyes.com\/mece\/wp-content\/uploads\/2014\/10\/2014-10-04-17.59.46.jpg\" width=\"700\" height=\"448\" srcset=\"https:\/\/www.mecerreyes.com\/mece\/wp-content\/uploads\/2014\/10\/2014-10-04-17.59.46.jpg 700w, https:\/\/www.mecerreyes.com\/mece\/wp-content\/uploads\/2014\/10\/2014-10-04-17.59.46-300x192.jpg 300w\" sizes=\"(max-width: 700px) 100vw, 700px\" \/><\/a><p id=\"caption-attachment-9908\" class=\"wp-caption-text\">Mecerreyes, 4 octubre 2014<\/p><\/div>\n<p>&nbsp;<\/p>\n<p>&nbsp;<\/p>\n<div id=\"attachment_9925\" style=\"width: 806px\" class=\"wp-caption alignnone\"><a  href=\"http:\/\/www.mecerreyes.com\/mece\/wp-content\/uploads\/2014\/11\/Imagenes-Octubre-2014.jpg\" class=\"thickbox no_icon\" title=\"Mecerreyes 2014\"><img loading=\"lazy\" decoding=\"async\" aria-describedby=\"caption-attachment-9925\" class=\"size-full wp-image-9925\" alt=\"Mecerreyes 2014\" src=\"http:\/\/www.mecerreyes.com\/mece\/wp-content\/uploads\/2014\/11\/Imagenes-Octubre-2014.jpg\" width=\"796\" height=\"250\" srcset=\"https:\/\/www.mecerreyes.com\/mece\/wp-content\/uploads\/2014\/11\/Imagenes-Octubre-2014.jpg 796w, https:\/\/www.mecerreyes.com\/mece\/wp-content\/uploads\/2014\/11\/Imagenes-Octubre-2014-300x94.jpg 300w\" sizes=\"(max-width: 796px) 100vw, 796px\" \/><\/a><p id=\"caption-attachment-9925\" class=\"wp-caption-text\">Mecerreyes 2014<\/p><\/div>\n<p>&nbsp;<\/p>","protected":false},"excerpt":{"rendered":"<p>NOTICIAS OCTUBRE 2014 Cerramos la p\u00e1gina de octubre y abrimos la de noviembre disfrutando de un tiempo muy agradable. Da gusto. Estamos muy metidos ya en oto\u00f1o y Mecerreyes est\u00e1 tan bonito que da gusto disfrutar de estos d\u00edas tan apacibles, aunque ahora, con eso del cambio de horario, se nos hacen cortos los d\u00edas. [&hellip;]<\/p>\n","protected":false},"author":5,"featured_media":0,"comment_status":"open","ping_status":"closed","sticky":false,"template":"","format":"standard","meta":{"_et_pb_use_builder":"","_et_pb_old_content":"","_et_gb_content_width":"","footnotes":""},"categories":[1],"tags":[21,30],"class_list":["post-9881","post","type-post","status-publish","format-standard","hentry","category-general","tag-guiletos","tag-san-martin","et-doesnt-have-format-content","et_post_format-et-post-format-standard"],"_links":{"self":[{"href":"https:\/\/www.mecerreyes.com\/mece\/index.php?rest_route=\/wp\/v2\/posts\/9881"}],"collection":[{"href":"https:\/\/www.mecerreyes.com\/mece\/index.php?rest_route=\/wp\/v2\/posts"}],"about":[{"href":"https:\/\/www.mecerreyes.com\/mece\/index.php?rest_route=\/wp\/v2\/types\/post"}],"author":[{"embeddable":true,"href":"https:\/\/www.mecerreyes.com\/mece\/index.php?rest_route=\/wp\/v2\/users\/5"}],"replies":[{"embeddable":true,"href":"https:\/\/www.mecerreyes.com\/mece\/index.php?rest_route=%2Fwp%2Fv2%2Fcomments&post=9881"}],"version-history":[{"count":0,"href":"https:\/\/www.mecerreyes.com\/mece\/index.php?rest_route=\/wp\/v2\/posts\/9881\/revisions"}],"wp:attachment":[{"href":"https:\/\/www.mecerreyes.com\/mece\/index.php?rest_route=%2Fwp%2Fv2%2Fmedia&parent=9881"}],"wp:term":[{"taxonomy":"category","embeddable":true,"href":"https:\/\/www.mecerreyes.com\/mece\/index.php?rest_route=%2Fwp%2Fv2%2Fcategories&post=9881"},{"taxonomy":"post_tag","embeddable":true,"href":"https:\/\/www.mecerreyes.com\/mece\/index.php?rest_route=%2Fwp%2Fv2%2Ftags&post=9881"}],"curies":[{"name":"wp","href":"https:\/\/api.w.org\/{rel}","templated":true}]}}