{"id":9936,"date":"2014-11-07T17:45:10","date_gmt":"2014-11-07T16:45:10","guid":{"rendered":"http:\/\/www.mecerreyes.com\/mece\/?p=9936"},"modified":"2014-11-07T17:47:43","modified_gmt":"2014-11-07T16:47:43","slug":"en-la-fiesta-de-san-martin","status":"publish","type":"post","link":"https:\/\/www.mecerreyes.com\/mece\/?p=9936","title":{"rendered":"En la Fiesta de San  Mart\u00edn"},"content":{"rendered":"<p align=\"right\"><i>11 de Noviembre de 2014<\/i><\/p>\n<h1 style=\"text-align: center\" align=\"center\"><span style=\"color: #0000ff\"><b>EN LA FIESTA DE<\/b><\/span><\/h1>\n<h1 style=\"text-align: center\" align=\"center\"><span style=\"color: #0000ff\"><b>SAN MART\u00cdN<\/b><\/span><\/h1>\n<p>&nbsp;<\/p>\n<p style=\"text-align: justify\">Seguramente el Quijote es el libro m\u00e1s conocido, no digo yo le\u00eddo, de nuestras letras. De lo poco que puedo decir sobre esto es que probablemente sea as\u00ed, al menos es mi experiencia. Alguna vez que he preguntado, tanto en Espa\u00f1a como fuera de Espa\u00f1a,\u00a0 qu\u00e9 escritores y libros conocen de la literatura espa\u00f1ola, la verdad es que s\u00ed ha salido a relucir Cervantes y el Quijote. No s\u00e9 si a la primera, a la segunda o a la tercera, pero s\u00ed, el que m\u00e1s y el que menos lo recuerda. Lo que se aprende de peque\u00f1o, no se olvida.<\/p>\n<p style=\"text-align: justify\">Pues bien, estaba yo pensando c\u00f3mo recordar un a\u00f1o m\u00e1s a <a  href=\"https:\/\/www.mecerreyes.com\/mece\/?page_id=58\">San Mart\u00edn<\/a> y<\/p>\n<div id=\"attachment_9941\" style=\"width: 262px\" class=\"wp-caption alignright\"><a  href=\"http:\/\/www.mecerreyes.com\/mece\/wp-content\/uploads\/2014\/11\/Mecerreyes-San-Martin-2007.jpg\" class=\"thickbox no_icon\" title=\"Mecerreyes-San-Martin-2007\"><img loading=\"lazy\" decoding=\"async\" aria-describedby=\"caption-attachment-9941\" class=\" wp-image-9941  \" alt=\"Mecerreyes-San-Martin-2007\" src=\"http:\/\/www.mecerreyes.com\/mece\/wp-content\/uploads\/2014\/11\/Mecerreyes-San-Martin-2007.jpg\" width=\"252\" height=\"383\" srcset=\"https:\/\/www.mecerreyes.com\/mece\/wp-content\/uploads\/2014\/11\/Mecerreyes-San-Martin-2007.jpg 700w, https:\/\/www.mecerreyes.com\/mece\/wp-content\/uploads\/2014\/11\/Mecerreyes-San-Martin-2007-197x300.jpg 197w, https:\/\/www.mecerreyes.com\/mece\/wp-content\/uploads\/2014\/11\/Mecerreyes-San-Martin-2007-673x1024.jpg 673w\" sizes=\"(max-width: 252px) 100vw, 252px\" \/><\/a><p id=\"caption-attachment-9941\" class=\"wp-caption-text\">Mecerreyes-San-Martin-2007<\/p><\/div>\n<p style=\"text-align: justify\">celebrar este d\u00eda de fiesta tan especial para cualquier guileto, cuando he ca\u00eddo en la cuenta que ya en el siglo XVII Cervantes, en su inmortal novela El Ingenioso Hidalgo Don Quijote de la Mancha, habla de \u00e9l. No olvidemos que Mart\u00edn nace y muere en el siglo IV (316-397). Siempre he pensado que el mejor homenaje que podemos hacer a quienes admiramos y queremos es conocerlos un poco mejor e intentar imitarlos. Y esto es lo que he pretendido, recoger la reflexi\u00f3n de Cervantes sobre <a  href=\"https:\/\/www.mecerreyes.com\/mece\/?page_id=58\">San Mart\u00edn<\/a> y darla a conocer. Es mi particular manera de conmemorar a nuestro santo patr\u00f3n. Aunque f\u00edsicamente no podr\u00e9 estar all\u00ed en el pueblo, todo el d\u00eda estar\u00e1 en mi cabeza y en mi coraz\u00f3n el Viva <a  href=\"https:\/\/www.mecerreyes.com\/mece\/?page_id=58\">San Mart\u00edn<\/a> y el Viva Mecerreyes.<\/p>\n<p style=\"text-align: justify\">Hace unos pocos a\u00f1os me habr\u00eda pasado horas y horas busc\u00e1ndolo en la<\/p>\n<p style=\"text-align: justify\">novela. Hoy d\u00eda no hace falta, entras en Google, escribes <a  href=\"https:\/\/www.mecerreyes.com\/mece\/?page_id=58\">San Mart\u00edn<\/a> en el Quijote, y en pocos segundos encuentras lo que necesitas, y m\u00e1s. Y eso es lo que he hecho, entrar en Google y volver a leer el famoso episodio en que Don Quijote se encuentra con una docena de hombres vestidos de labradores que llevaban unas cuantas im\u00e1genes cubiertas. Pide nuestro caballero que se las descubran y la segunda resulta ser la de <a  href=\"https:\/\/www.mecerreyes.com\/mece\/?page_id=58\">San Mart\u00edn<\/a> puesto a caballo, que part\u00eda la capa con el pobre, y apenas la hubo visto Don Quijote cuando dijo:<\/p>\n<p style=\"text-align: justify\"><i>\u2014Este caballero tambi\u00e9n fue de los aventureros cristianos, y creo que fue m\u00e1s liberal que valiente, como lo puedes echar de ver, Sancho, en que est\u00e1 partiendo la capa con el pobre y le da la mitad; y sin duda deb\u00eda de ser entonces invierno, que, si no, \u00e9l se la diera toda, seg\u00fan era de caritativo.<\/i><\/p>\n<p style=\"text-align: justify\"><i>\u2014No debi\u00f3 de ser eso \u2014dijo Sancho\u2014, sino que se debi\u00f3 de atener al refr\u00e1n que dicen: que para dar y tener, seso es menester\u2026\u201d<\/i><\/p>\n<p style=\"text-align: justify\" align=\"right\">(CERVANTES, El Ingenioso Hidalgo Don Quijote de la Mancha, 2\u00aa Parte, cap\u00edtulo 58).<\/p>\n<div id=\"attachment_9944\" style=\"width: 520px\" class=\"wp-caption alignnone\"><a  href=\"http:\/\/www.mecerreyes.com\/mece\/wp-content\/uploads\/2014\/11\/Imagenes-San-Martin-2014.jpg\" class=\"thickbox no_icon\" title=\"Mecerreyes, San Mart\u00edn 2014\"><img loading=\"lazy\" decoding=\"async\" aria-describedby=\"caption-attachment-9944\" class=\" wp-image-9944   \" alt=\"Mecerreyes, San Mart\u00edn 2014\" src=\"http:\/\/www.mecerreyes.com\/mece\/wp-content\/uploads\/2014\/11\/Imagenes-San-Martin-2014.jpg\" width=\"510\" height=\"160\" srcset=\"https:\/\/www.mecerreyes.com\/mece\/wp-content\/uploads\/2014\/11\/Imagenes-San-Martin-2014.jpg 796w, https:\/\/www.mecerreyes.com\/mece\/wp-content\/uploads\/2014\/11\/Imagenes-San-Martin-2014-300x94.jpg 300w\" sizes=\"(max-width: 510px) 100vw, 510px\" \/><\/a><p id=\"caption-attachment-9944\" class=\"wp-caption-text\">Mecerreyes, <a  href=\"https:\/\/www.mecerreyes.com\/mece\/?page_id=58\">San Mart\u00edn<\/a> 2014<\/p><\/div>\n<p style=\"text-align: justify\">Seg\u00fan el caballero Don Quijote, as\u00ed es el caballero Mart\u00edn: aventurero cristiano, liberal,\u00a0 valiente y generoso. Me gusta la semblanza que Don Quijote hace de Mart\u00edn, pero tambi\u00e9n me cae simp\u00e1tica la respuesta de Sancho aplicada a nuestro santo, reflexi\u00f3n que hizo re\u00edr a Don Quijote<i>: \u201cseso es menester\u201d<\/i>, es decir, inteligente.<\/p>\n<p style=\"text-align: justify\">Ambos caballeros, Alonso Quijano el Bueno y Mart\u00edn, aunque armados, de lanza uno y espada otro, les mov\u00edan las armas del esp\u00edritu de hacer un mundo m\u00e1s humano y fraterno para todos. Y ambos lucharon por hacer realidad, los m\u00e1s altos ideales, sus sue\u00f1os, compartiendo y buscando el bien y la justicia para los indefensos.<\/p>\n<p style=\"text-align: justify\">Que nuestro santo patr\u00f3n siga cuidando y protegiendo a Mecerreyes y a cada uno de los guiletos, a todos y a todas, \u00a0y que, como el buen Mart\u00edn, sepamos mirar m\u00e1s all\u00e1 de nosotros mismos y pasemos por esta vida haciendo el bien. Y si es con inteligencia, mejor.<\/p>\n<h1 align=\"center\"><span style=\"color: #0000ff\"><b>\u00a1FELIZ D\u00cdA DE SAN MART\u00cdN!<\/b><\/span><\/h1>\n<div id=\"attachment_9939\" style=\"width: 778px\" class=\"wp-caption alignnone\"><a  href=\"http:\/\/www.mecerreyes.com\/mece\/wp-content\/uploads\/2014\/11\/Mecerreyes-SAN-MARTIN-1.jpg\" class=\"thickbox no_icon\" title=\"Mecerreyes, SAN MARTIN-1\"><img loading=\"lazy\" decoding=\"async\" aria-describedby=\"caption-attachment-9939\" class=\" wp-image-9939  \" alt=\"Mecerreyes, SAN MARTIN-1\" src=\"http:\/\/www.mecerreyes.com\/mece\/wp-content\/uploads\/2014\/11\/Mecerreyes-SAN-MARTIN-1.jpg\" width=\"768\" height=\"1100\" srcset=\"https:\/\/www.mecerreyes.com\/mece\/wp-content\/uploads\/2014\/11\/Mecerreyes-SAN-MARTIN-1.jpg 1600w, https:\/\/www.mecerreyes.com\/mece\/wp-content\/uploads\/2014\/11\/Mecerreyes-SAN-MARTIN-1-209x300.jpg 209w, https:\/\/www.mecerreyes.com\/mece\/wp-content\/uploads\/2014\/11\/Mecerreyes-SAN-MARTIN-1-714x1024.jpg 714w\" sizes=\"(max-width: 768px) 100vw, 768px\" \/><\/a><p id=\"caption-attachment-9939\" class=\"wp-caption-text\">Mecerreyes, SAN MARTIN-1<\/p><\/div>\n<p style=\"text-align: left\" align=\"right\"><i>\u00a0<\/i><\/p>\n<p>&nbsp;<\/p>","protected":false},"excerpt":{"rendered":"<p>11 de Noviembre de 2014 EN LA FIESTA DE SAN MART\u00cdN &nbsp; Seguramente el Quijote es el libro m\u00e1s conocido, no digo yo le\u00eddo, de nuestras letras. De lo poco que puedo decir sobre esto es que probablemente sea as\u00ed, al menos es mi experiencia. Alguna vez que he preguntado, tanto en Espa\u00f1a como fuera [&hellip;]<\/p>\n","protected":false},"author":5,"featured_media":0,"comment_status":"open","ping_status":"closed","sticky":false,"template":"","format":"standard","meta":{"_et_pb_use_builder":"","_et_pb_old_content":"","_et_gb_content_width":"","footnotes":""},"categories":[1],"tags":[30],"class_list":["post-9936","post","type-post","status-publish","format-standard","hentry","category-general","tag-san-martin","et-doesnt-have-format-content","et_post_format-et-post-format-standard"],"_links":{"self":[{"href":"https:\/\/www.mecerreyes.com\/mece\/index.php?rest_route=\/wp\/v2\/posts\/9936"}],"collection":[{"href":"https:\/\/www.mecerreyes.com\/mece\/index.php?rest_route=\/wp\/v2\/posts"}],"about":[{"href":"https:\/\/www.mecerreyes.com\/mece\/index.php?rest_route=\/wp\/v2\/types\/post"}],"author":[{"embeddable":true,"href":"https:\/\/www.mecerreyes.com\/mece\/index.php?rest_route=\/wp\/v2\/users\/5"}],"replies":[{"embeddable":true,"href":"https:\/\/www.mecerreyes.com\/mece\/index.php?rest_route=%2Fwp%2Fv2%2Fcomments&post=9936"}],"version-history":[{"count":0,"href":"https:\/\/www.mecerreyes.com\/mece\/index.php?rest_route=\/wp\/v2\/posts\/9936\/revisions"}],"wp:attachment":[{"href":"https:\/\/www.mecerreyes.com\/mece\/index.php?rest_route=%2Fwp%2Fv2%2Fmedia&parent=9936"}],"wp:term":[{"taxonomy":"category","embeddable":true,"href":"https:\/\/www.mecerreyes.com\/mece\/index.php?rest_route=%2Fwp%2Fv2%2Fcategories&post=9936"},{"taxonomy":"post_tag","embeddable":true,"href":"https:\/\/www.mecerreyes.com\/mece\/index.php?rest_route=%2Fwp%2Fv2%2Ftags&post=9936"}],"curies":[{"name":"wp","href":"https:\/\/api.w.org\/{rel}","templated":true}]}}