{"id":9951,"date":"2014-12-01T23:17:07","date_gmt":"2014-12-01T22:17:07","guid":{"rendered":"http:\/\/www.mecerreyes.com\/mece\/?p=9951"},"modified":"2014-12-10T16:51:03","modified_gmt":"2014-12-10T15:51:03","slug":"noticias-noviembre-2014","status":"publish","type":"post","link":"https:\/\/www.mecerreyes.com\/mece\/?p=9951","title":{"rendered":"Noticias Noviembre 2014"},"content":{"rendered":"<p align=\"center\"><b>NOTICIAS NOVIEMBRE 2014<\/b><\/p>\n<p style=\"text-align: justify\">Lo dec\u00edamos ayer: <i>\u201c<\/i><i>Noviembre. Mes corto, pero intenso\u201d<\/i>. Como ocurre siempre, pas\u00f3 sin que nos di\u00e9ramos cuenta. Hemos celebrado la fiesta de todos los Santos, hemos recordado a los que se fueron, pero siguen vivos. S\u00f3lo mueren las personas cuando dejamos de recordarlas, y quienes se fueron siguen vivos, pues los recordamos. El cementerio limpio y lleno de flores, el trasiego de unos y otros para visitar las tumbas de nuestros seres queridos es un claro ejemplo de cercan\u00eda y cari\u00f1o hacia ellos. \u00a1Y <a  href=\"https:\/\/www.mecerreyes.com\/mece\/?page_id=58\">San Mart\u00edn<\/a>! \u00a1C\u00f3mo llovi\u00f3 este d\u00eda! Amaneci\u00f3 con lluvia. Eran las diez de la ma\u00f1ana y jarreaba. Pens\u00e1bamos que no iba a haber procesi\u00f3n, pero como dijo el p\u00e1rroco: <i>\u201c<\/i><i><a  href=\"https:\/\/www.mecerreyes.com\/mece\/?page_id=58\">San Mart\u00edn<\/a> nos ech\u00f3 un capote\u201d. <\/i>A las doce en punto dej\u00f3 de llover. As\u00ed que, gracias a Dios, hubo procesi\u00f3n. Un a\u00f1o m\u00e1s <a  href=\"https:\/\/www.mecerreyes.com\/mece\/?page_id=58\">San Mart\u00edn<\/a> recorri\u00f3 las calles de nuestro pueblo con los tradicionales \u00a1Vivas! Seguro que <a  href=\"https:\/\/www.mecerreyes.com\/mece\/?page_id=58\">San Mart\u00edn<\/a> seguir\u00e1 cuid\u00e1ndonos un a\u00f1o m\u00e1s. Y los que no estuvimos, seguro que tambi\u00e9n vivimos intensamente este d\u00eda y de cuando en cuando gritamos: \u00a1Viva <a  href=\"https:\/\/www.mecerreyes.com\/mece\/?page_id=58\">San Mart\u00edn<\/a>! \u00a1Viva Mecerreyes!&#8230; Ya queda menos para la fiesta del a\u00f1o que viene.<\/p>\n<div id=\"attachment_9984\" style=\"width: 583px\" class=\"wp-caption alignnone\"><a  href=\"http:\/\/www.mecerreyes.com\/mece\/wp-content\/uploads\/2014\/12\/Imagenes-Noviembre-2014.jpg\" class=\"thickbox no_icon\" title=\"Mecerreyes, San Mart\u00edn, Noviembre 2014\"><img loading=\"lazy\" decoding=\"async\" aria-describedby=\"caption-attachment-9984\" class=\" wp-image-9984  \" alt=\"Mecerreyes, San Mart\u00edn, Noviembre 2014\" src=\"http:\/\/www.mecerreyes.com\/mece\/wp-content\/uploads\/2014\/12\/Imagenes-Noviembre-2014.jpg\" width=\"573\" height=\"180\" srcset=\"https:\/\/www.mecerreyes.com\/mece\/wp-content\/uploads\/2014\/12\/Imagenes-Noviembre-2014.jpg 796w, https:\/\/www.mecerreyes.com\/mece\/wp-content\/uploads\/2014\/12\/Imagenes-Noviembre-2014-300x94.jpg 300w\" sizes=\"(max-width: 573px) 100vw, 573px\" \/><\/a><p id=\"caption-attachment-9984\" class=\"wp-caption-text\">Mecerreyes, <a  href=\"https:\/\/www.mecerreyes.com\/mece\/?page_id=58\">San Mart\u00edn<\/a>, Noviembre 2014<\/p><\/div>\n<p style=\"text-align: justify\">Y entra diciembre, el mes m\u00e1s anciano del a\u00f1o. Fr\u00edo, lluvia, nieve&#8230; Es hora de sentarse al calor del hogar y disfrutar de nuestros familiares y amigos. Los d\u00edas, muy cortos, las noches, largas. Dice el refr\u00e1n que cuando en diciembre mucho llueve, buen a\u00f1o el que viene. \u00a1Que as\u00ed sea!<\/p>\n<p style=\"text-align: justify\">Diciembre: Inmaculada, <a  href=\"https:\/\/www.mecerreyes.com\/mece\/?page_id=62\">Navidad<\/a>, Fin de A\u00f1o. Las familias se juntan y lo\u00a0 celebran. Todos nos sentimos un poco mejores. Llega la <a  href=\"https:\/\/www.mecerreyes.com\/mece\/?page_id=62\">Navidad<\/a>. Termina un a\u00f1o. Nace otro. La vida se renueva. Y siempre en estas fechas afloran nuestros mejores sentimientos y deseos. \u00a1Que nunca falten! Nosotros los dejamos para la siguiente, que ahora nos parece pronto.<\/p>\n<p style=\"text-align: justify\"><span style=\"color: #0000ff\"><strong>&#8211;\u00a0\u00a0\u00a0\u00a0\u00a0\u00a0\u00a0\u00a0 <i>\u00a1Muy buenos d\u00edas, abuelo! \u00bfC\u00f3mo se encuentra? \u00bfC\u00f3mo ha pasado el mes?<\/i><\/strong><\/span><\/p>\n<p style=\"text-align: justify\">&#8211;\u00a0\u00a0\u00a0\u00a0\u00a0\u00a0\u00a0\u00a0 \u00bfY qu\u00e9 quieres que te diga? Pues como siempre, muy bien. Y que se me ha pasado sin enterarme. Entre fiestas, venidas de unos y otros, vivas por aqu\u00ed y por all\u00e1&#8230; Vamos, que ni me he enterado. Eso s\u00ed, ha sido un mes un poco revuelto. Mira que el incendio de Campofr\u00edo justo a mitad de mes&#8230; Ha sido una de las conversaciones y preocupaciones de todos. Vete a saber qu\u00e9 va a pasar. Y ya ves, dentro de nada <a  href=\"https:\/\/www.mecerreyes.com\/mece\/?page_id=62\">Navidad<\/a>. \u00a1Parece que fue ayer cuando desde mi poyo os ve\u00eda tan alegres y felices preparando el Bel\u00e9n, la Cabalgata de Reyes y dentro de nada habr\u00e1 que sacar de nuevo los adornos para preparar de nuevo estas fiestas tan entra\u00f1ables para todos: el Bel\u00e9n, la Cabalgata, los regalos&#8230; <i>\u00a1C\u00f3mo se pasa la vida&#8230;!<\/i><\/p>\n<div id=\"attachment_10029\" style=\"width: 458px\" class=\"wp-caption alignnone\"><a  href=\"http:\/\/www.mecerreyes.com\/mece\/wp-content\/uploads\/2014\/12\/Mecerreyes-30-11-2014.jpg\" class=\"thickbox no_icon\" title=\"Mecerreyes, 30-11-2014\"><img loading=\"lazy\" decoding=\"async\" aria-describedby=\"caption-attachment-10029\" class=\" wp-image-10029  \" alt=\"Mecerreyes, 30-11-2014\" src=\"http:\/\/www.mecerreyes.com\/mece\/wp-content\/uploads\/2014\/12\/Mecerreyes-30-11-2014.jpg\" width=\"448\" height=\"336\" srcset=\"https:\/\/www.mecerreyes.com\/mece\/wp-content\/uploads\/2014\/12\/Mecerreyes-30-11-2014.jpg 700w, https:\/\/www.mecerreyes.com\/mece\/wp-content\/uploads\/2014\/12\/Mecerreyes-30-11-2014-300x225.jpg 300w\" sizes=\"(max-width: 448px) 100vw, 448px\" \/><\/a><p id=\"caption-attachment-10029\" class=\"wp-caption-text\">Mecerreyes, 30-11-2014<\/p><\/div>\n<h2 style=\"text-align: justify\"><b>DESCANSAN EN PAZ MAR\u00cdA TERESA ROMERO AUS\u00cdN,<\/b><b> CONSUELO HERRERO MART\u00cdNEZ E I\u00d1AKI RODR\u00cdGUEZ ROMERO<\/b><b><\/b><\/h2>\n<p style=\"text-align: justify\"><strong><span style=\"color: #0000ff\">&#8211;\u00a0\u00a0\u00a0\u00a0\u00a0\u00a0\u00a0\u00a0 <i>S\u00cd, abuelo, s\u00ed. \u00a1Qu\u00e9 raz\u00f3n tiene el poeta! C\u00f3mo se pasa la vida, c\u00f3mo se viene la muerte&#8230; La vida se pasa r\u00e1pido y la muerte siempre nos sorprende, pero esta vez m\u00e1s, \u00bfno es as\u00ed? <\/i><\/span><\/strong><\/p>\n<p style=\"text-align: justify\">&#8211;\u00a0\u00a0\u00a0\u00a0\u00a0\u00a0\u00a0\u00a0 Pues s\u00ed, en uno de sus viajes, lejos de su pueblo y ya ves. Tere, la Chavisca, falleci\u00f3 el s\u00e1bado, 15 de noviembre, en\u00a0 Cuenca (Ecuador). Ten\u00eda 76 a\u00f1os. A Tere la gustaba mucho viajar. Estaba delicada de salud y siempre dec\u00eda con esa alegr\u00eda que la caracterizaba que marchaba de nuevo y nunca sabe si volver\u00eda viva o muerta. <i>\u201c<\/i><i>Si me quieren traer bien y si me dejan por ah\u00ed, pues tambi\u00e9n bien\u201d<\/i>. Era feliz viendo paisajes nuevos, gentes diferentes, aprendiendo y apreciando otras costumbres y maneras de entender la vida&#8230; Su cuerpo descansa ya en Mecerreyes.<\/p>\n<div id=\"attachment_9988\" style=\"width: 874px\" class=\"wp-caption alignnone\"><a  href=\"http:\/\/www.mecerreyes.com\/mece\/wp-content\/uploads\/2014\/12\/Esquela-Tere-Romero-Ausin-15-11-2014.jpg\" class=\"thickbox no_icon\" title=\"Esquela-Tere-Romero-Ausin-15-11-2014\"><img loading=\"lazy\" decoding=\"async\" aria-describedby=\"caption-attachment-9988\" class=\" wp-image-9988    \" alt=\"Esquela-Tere-Romero-Ausin-15-11-2014\" src=\"http:\/\/www.mecerreyes.com\/mece\/wp-content\/uploads\/2014\/12\/Esquela-Tere-Romero-Ausin-15-11-2014.jpg\" width=\"864\" height=\"402\" srcset=\"https:\/\/www.mecerreyes.com\/mece\/wp-content\/uploads\/2014\/12\/Esquela-Tere-Romero-Ausin-15-11-2014.jpg 5000w, https:\/\/www.mecerreyes.com\/mece\/wp-content\/uploads\/2014\/12\/Esquela-Tere-Romero-Ausin-15-11-2014-300x139.jpg 300w, https:\/\/www.mecerreyes.com\/mece\/wp-content\/uploads\/2014\/12\/Esquela-Tere-Romero-Ausin-15-11-2014-1024x476.jpg 1024w\" sizes=\"(max-width: 864px) 100vw, 864px\" \/><\/a><p id=\"caption-attachment-9988\" class=\"wp-caption-text\">Esquela-Tere-Romero-Ausin-15-11-2014<\/p><\/div>\n<p style=\"text-align: justify\"><div style=\"width: 720px;\" class=\"wp-video\"><!--[if lt IE 9]><script>document.createElement('video');<\/script><![endif]-->\n<video class=\"wp-video-shortcode\" id=\"video-9951-1\" width=\"720\" height=\"480\" preload=\"metadata\" controls=\"controls\"><source type=\"video\/mp4\" src=\"http:\/\/www.mecerreyes.com\/mece\/wp-content\/uploads\/2014\/12\/Tere-Romero-Mecerreyes-caldereta-06-09-2014.mp4?_=1\" \/><a  href=\"http:\/\/www.mecerreyes.com\/mece\/wp-content\/uploads\/2014\/12\/Tere-Romero-Mecerreyes-caldereta-06-09-2014.mp4\">http:\/\/www.mecerreyes.com\/mece\/wp-content\/uploads\/2014\/12\/Tere-Romero-Mecerreyes-caldereta-06-09-2014.mp4<\/a><\/video><\/div><\/p>\n<p style=\"text-align: justify\"><strong><span style=\"color: #0000ff\">&#8211;\u00a0\u00a0\u00a0\u00a0\u00a0\u00a0\u00a0\u00a0 <i>Por cierto, abuelo, he visto en internet que su hijo David, escrib\u00eda en un blog y cada d\u00eda daba cuenta de lo vivido en cada viaje. No sab\u00eda nada&#8230;<\/i><\/span><\/strong><\/p>\n<p style=\"text-align: justify\">&#8211;\u00a0\u00a0\u00a0\u00a0\u00a0\u00a0\u00a0\u00a0 Toma, ni yo. Como bien sabes, yo no entiendo mucho de estas cosas<\/p>\n<div id=\"attachment_9996\" style=\"width: 290px\" class=\"wp-caption alignright\"><a  href=\"http:\/\/www.mecerreyes.com\/mece\/wp-content\/uploads\/2014\/12\/Mayte-Ecuador-11-11-2014.jpg\" class=\"thickbox no_icon\" title=\"Tere, Ecuador 11-11-2014\"><img loading=\"lazy\" decoding=\"async\" aria-describedby=\"caption-attachment-9996\" class=\" wp-image-9996     \" alt=\"Tere, Ecuador 11-11-2014\" src=\"http:\/\/www.mecerreyes.com\/mece\/wp-content\/uploads\/2014\/12\/Mayte-Ecuador-11-11-2014.jpg\" width=\"280\" height=\"222\" srcset=\"https:\/\/www.mecerreyes.com\/mece\/wp-content\/uploads\/2014\/12\/Mayte-Ecuador-11-11-2014.jpg 1066w, https:\/\/www.mecerreyes.com\/mece\/wp-content\/uploads\/2014\/12\/Mayte-Ecuador-11-11-2014-300x237.jpg 300w, https:\/\/www.mecerreyes.com\/mece\/wp-content\/uploads\/2014\/12\/Mayte-Ecuador-11-11-2014-1024x809.jpg 1024w\" sizes=\"(max-width: 280px) 100vw, 280px\" \/><\/a><p id=\"caption-attachment-9996\" class=\"wp-caption-text\">Tere, Ecuador 11-11-2014<\/p><\/div>\n<p style=\"text-align: justify\">tan de ahora, pero acaban de ense\u00f1arme ese blog y he visto a Tere en varias fotos de esos d\u00edas de noviembre. Se la ve\u00eda, como siempre, tan alegre y con tantas ganas de vivir, que nos quedamos sin palabras. Por cierto, si pones en google: \u201c<strong>botitas en Asia<\/strong>\u201d lo encuentras r\u00e1pido. Este es el enlace:<\/p>\n<p style=\"text-align: justify\"><i>\u00a0\u00a0 <\/i><\/p>\n<h2 style=\"text-align: justify\"><a  href=\"http:\/\/botitasenasia.blogspot.com.es\/\" target=\"_blank\">http:\/\/botitasenasia.blogspot.com.es\/<\/a><\/h2>\n<p style=\"text-align: justify\"><i>Y de ese blog entresacamos unas l\u00edneas que David escribi\u00f3 con motivo de la muerte de su t\u00edo Luis y que le\u00eddas ahora nos emocionan, si cabe, todav\u00eda m\u00e1s.<\/i><\/p>\n<p style=\"text-align: justify\"><span style=\"color: #ffffff\">.<\/span><\/p>\n<h3 style=\"text-align: justify\"><span style=\"text-decoration: underline;color: #0000ff\"><strong><i>Un doloroso regreso<\/i><\/strong><\/span><\/h3>\n<h3 style=\"text-align: justify\"><span style=\"color: #0000ff\"><i>Un mes, dos meses, tres meses&#8230; cuando se viaja a menudo y por largos periodos es inevitable que esto pase. De hecho uno procura visualizarlo de antemano, hacerse a la idea, asegurarse que no tendr\u00e1 por qu\u00e9 ser tan jodido&#8230; y todo es en vano, porque cuando un familiar fallece y se ha de regresar precipitadamente, el dolor es tan inmenso que todo lo previsto se deshace como un castillo de arena bajo la marea. Eso nos sucedi\u00f3 en Bulgaria al recibir la noticia del fallecimiento de un hermano de mi madre, y en consecuencia todo dej\u00f3 de importar tras el velo de dolor y soledad en unas tierras y entre unas gentes siempre cercanas y hermanas. Tras un decenio de constantes viajes era inevitable que nos ocurriera en alg\u00fan momento, pero uno, por mucho que lo intente y lo desee, jam\u00e1s llega a estar preparado para asimilar un golpe as\u00ed, para darle a una madre una noticia tan terrible. Tras el V\u00eda Crucis solo recuperar la ilusi\u00f3n poco a poco, superar el trago y sacar fuerzas de donde sea para encarar este ilusionante fin de a\u00f1o sudamericano y asi\u00e1tico tan movido que, de golpe, se ha te\u00f1ido de l\u00e1grimas e infinita amargura. No s\u00e9 cu\u00e1ndo, pero seguro que poco a poco volver\u00e1n las ganas de montar el v\u00eddeo de Bulgaria cuya intro ya ten\u00eda acabada y de, al mismo tiempo, disfrutar por Ecuador y Colombia, lo m\u00e1s cercano y que ahora da la sensaci\u00f3n de apetecer un poco menos. Poco a poco solo queda animarse pensando que de todo se hace callo, confiando en que la pr\u00f3xima vez ya no ser\u00e1 tan traum\u00e1tico. Poco a poco&#8230;<\/i><\/span><\/h3>\n<p>&nbsp;<\/p>\n<p>Y no terminamos de digerir esta muerte, cuando de nuevo nos sorprende la noticia de la muerte de Consuelo Herrero Mart\u00ednez e I\u00f1aki Rodr\u00edguez Romero, ambos muy j\u00f3venes.<\/p>\n<div id=\"attachment_9998\" style=\"width: 812px\" class=\"wp-caption alignnone\"><a  href=\"http:\/\/www.mecerreyes.com\/mece\/wp-content\/uploads\/2014\/12\/Esquela-Consuelo-Herrero-24-11-14.jpg\" class=\"thickbox no_icon\" title=\"Esquela Consuelo Herrero, 24-11-14 (hija de Margarita y Luis)\"><img loading=\"lazy\" decoding=\"async\" aria-describedby=\"caption-attachment-9998\" class=\" wp-image-9998    \" alt=\"Esquela Consuelo Herrero, 24-11-14 (hija de Margarita y Luis)\" src=\"http:\/\/www.mecerreyes.com\/mece\/wp-content\/uploads\/2014\/12\/Esquela-Consuelo-Herrero-24-11-14.jpg\" width=\"802\" height=\"320\" srcset=\"https:\/\/www.mecerreyes.com\/mece\/wp-content\/uploads\/2014\/12\/Esquela-Consuelo-Herrero-24-11-14.jpg 1500w, https:\/\/www.mecerreyes.com\/mece\/wp-content\/uploads\/2014\/12\/Esquela-Consuelo-Herrero-24-11-14-300x119.jpg 300w, https:\/\/www.mecerreyes.com\/mece\/wp-content\/uploads\/2014\/12\/Esquela-Consuelo-Herrero-24-11-14-1024x408.jpg 1024w\" sizes=\"(max-width: 802px) 100vw, 802px\" \/><\/a><p id=\"caption-attachment-9998\" class=\"wp-caption-text\">Esquela Consuelo Herrero, 24-11-14 (hija de Margarita y Luis)<\/p><\/div>\n<p style=\"text-align: justify\"><span style=\"color: #ffffff\">.<\/span><\/p>\n<div id=\"attachment_10002\" style=\"width: 798px\" class=\"wp-caption alignnone\"><a  href=\"http:\/\/www.mecerreyes.com\/mece\/wp-content\/uploads\/2014\/12\/Esquela-I\u00f1aqui-Rodriguez-Romero-21-11-2014.jpg\" class=\"thickbox no_icon\" title=\"Esquela I\u00f1aqui Rodr\u00edguez Romero, 21-11-2014 (hijo de In\u00e9s Romero)\"><img loading=\"lazy\" decoding=\"async\" aria-describedby=\"caption-attachment-10002\" class=\" wp-image-10002 \" alt=\"Esquela I\u00f1aqui Rodr\u00edguez Romero, 21-11-2014 (hijo de In\u00e9s Romero)\" src=\"http:\/\/www.mecerreyes.com\/mece\/wp-content\/uploads\/2014\/12\/Esquela-I\u00f1aqui-Rodriguez-Romero-21-11-2014.jpg\" width=\"788\" height=\"494\" srcset=\"https:\/\/www.mecerreyes.com\/mece\/wp-content\/uploads\/2014\/12\/Esquela-I\u00f1aqui-Rodriguez-Romero-21-11-2014.jpg 985w, https:\/\/www.mecerreyes.com\/mece\/wp-content\/uploads\/2014\/12\/Esquela-I\u00f1aqui-Rodriguez-Romero-21-11-2014-300x187.jpg 300w\" sizes=\"(max-width: 788px) 100vw, 788px\" \/><\/a><p id=\"caption-attachment-10002\" class=\"wp-caption-text\">Esquela I\u00f1aqui Rodr\u00edguez Romero, 21-11-2014 (hijo de In\u00e9s Romero)<\/p><\/div>\n<p style=\"text-align: justify\">Acompa\u00f1amos a sus familiares y amigos, en estos momentos tan dif\u00edciles con nuestro recuerdo y aprecio. \u00a1Descansen en paz!<\/p>\n<h2 style=\"text-align: justify\"><b><i>11 DE NOVIEMBRE: FIESTA DE SAN MART\u00cdN<\/i><\/b><\/h2>\n<p style=\"text-align: justify\"><strong><span style=\"color: #0000ff\">&#8211;\u00a0\u00a0\u00a0\u00a0\u00a0\u00a0\u00a0\u00a0 <i>Y <a  href=\"https:\/\/www.mecerreyes.com\/mece\/?page_id=58\">San Mart\u00edn<\/a>. \u00bfC\u00f3mo fue la fiesta? \u00bfHizo buen tiempo? \u00bfQu\u00e9 tal lo pas\u00f3? \u00bfHubo mucha gente?&#8230;<\/i><\/span><\/strong><\/p>\n<p style=\"text-align: justify\">&#8211;\u00a0\u00a0\u00a0\u00a0\u00a0\u00a0\u00a0\u00a0 Paciencia, vamos despacio y por partes, mi amigo. Y lo primero que tengo que decir es que muy bien, y eso que llovi\u00f3 todo lo que quiso y m\u00e1s. Vamos, que yo dec\u00eda para mis adentros que este a\u00f1o imposible, que no habr\u00eda procesi\u00f3n ni nada parecido, pero hete aqu\u00ed que hacia las doce deja de llover, sali\u00f3 el sol y la procesi\u00f3n que se hizo. \u00a1Y siete curas! Como en los<\/p>\n<div id=\"attachment_10005\" style=\"width: 357px\" class=\"wp-caption alignright\"><a  href=\"http:\/\/www.mecerreyes.com\/mece\/wp-content\/uploads\/2014\/12\/Mecerreyes-San-Mart\u00edn-11-11-2014-a.jpg\" class=\"thickbox no_icon\" title=\"Mecerreyes, San Mart\u00edn 11-11-2014\"><img loading=\"lazy\" decoding=\"async\" aria-describedby=\"caption-attachment-10005\" class=\" wp-image-10005  \" alt=\"Mecerreyes, San Mart\u00edn 11-11-2014\" src=\"http:\/\/www.mecerreyes.com\/mece\/wp-content\/uploads\/2014\/12\/Mecerreyes-San-Mart\u00edn-11-11-2014-a.jpg\" width=\"347\" height=\"259\" srcset=\"https:\/\/www.mecerreyes.com\/mece\/wp-content\/uploads\/2014\/12\/Mecerreyes-San-Mart\u00edn-11-11-2014-a.jpg 641w, https:\/\/www.mecerreyes.com\/mece\/wp-content\/uploads\/2014\/12\/Mecerreyes-San-Mart\u00edn-11-11-2014-a-300x224.jpg 300w\" sizes=\"(max-width: 347px) 100vw, 347px\" \/><\/a><p id=\"caption-attachment-10005\" class=\"wp-caption-text\">Mecerreyes, <a  href=\"https:\/\/www.mecerreyes.com\/mece\/?page_id=58\">San Mart\u00edn<\/a> 11-11-2014<\/p><\/div>\n<p style=\"text-align: justify\">mejores tiempos. Feligreses no \u00e9ramos muchos y la mayor\u00eda muy mayores, as\u00ed que al son de la m\u00fasica paseamos a <a  href=\"https:\/\/www.mecerreyes.com\/mece\/?page_id=58\">San Mart\u00edn<\/a> por el pueblo con los \u00a1Vivas! del Rogis en las pausas. (\u00a1Gracias, Rogis, por animarnos tanto!). Llegados a la Iglesia ya se complet\u00f3 el aforo con quienes no pueden andar o les cuesta mucho. Total que ser\u00edamos en torno a las ciento treinta personas m\u00e1s o menos. Envueltos en incienso y c\u00e1nticos en lat\u00edn sigui\u00f3 la celebraci\u00f3n con el serm\u00f3n del sacerdote, conocido por todos, pues fue don Carlos, nuestro p\u00e1rroco durante diez a\u00f1os, que comenz\u00f3 diciendo que estaba feliz de poder predicar despu\u00e9s de 18 a\u00f1os su primer serm\u00f3n de <a  href=\"https:\/\/www.mecerreyes.com\/mece\/?page_id=58\">San Mart\u00edn<\/a>. Entre otras cosas dijo que los bi\u00f3grafos dicen que <a  href=\"https:\/\/www.mecerreyes.com\/mece\/?page_id=58\">San Mart\u00edn<\/a> era soldado por fuera, obispo por imposici\u00f3n y monje por gusto, pero que a todos se les olvidaba decir que ante todo era cristiano y que eso era lo importante, que hab\u00eda descubierto a Cristo y le sigui\u00f3 con todas las consecuencias, despu\u00e9s de diez o doce minutos termin\u00f3 diciendo que, aunque era el patr\u00f3n la importante, l\u00f3gicamente, era Nuestra Se\u00f1ora del Camino, Patrona de Mecerreyes, y que a ella ten\u00edamos que pedir su protecci\u00f3n y auxilio\u2026 Por supuesto que s\u00ed, a Nuestra Se\u00f1ora del Camino acudimos siempre, pero nos cae tan bien <a  href=\"https:\/\/www.mecerreyes.com\/mece\/?page_id=58\">San Mart\u00edn<\/a>, es tan nuestro, y que era su d\u00eda, vamos. No creo que se haya enfadado la Virgen porque este d\u00eda el protagonista haya sido <a  href=\"https:\/\/www.mecerreyes.com\/mece\/?page_id=58\">San Mart\u00edn<\/a>. La celebraci\u00f3n termin\u00f3 con el <a  href=\"https:\/\/www.mecerreyes.com\/mece\/?page_id=19\">himno<\/a><\/p>\n<div id=\"attachment_10008\" style=\"width: 260px\" class=\"wp-caption alignleft\"><a  href=\"http:\/\/www.mecerreyes.com\/mece\/wp-content\/uploads\/2014\/12\/Mecerreyes-San-Mart\u00edn-11-11-2014-c.jpg\" class=\"thickbox no_icon\" title=\"Mecerreyes, San Mart\u00edn 11-11-2014\"><img loading=\"lazy\" decoding=\"async\" aria-describedby=\"caption-attachment-10008\" class=\"size-full wp-image-10008\" alt=\"Mecerreyes, San Mart\u00edn 11-11-2014\" src=\"http:\/\/www.mecerreyes.com\/mece\/wp-content\/uploads\/2014\/12\/Mecerreyes-San-Mart\u00edn-11-11-2014-c.jpg\" width=\"250\" height=\"250\" srcset=\"https:\/\/www.mecerreyes.com\/mece\/wp-content\/uploads\/2014\/12\/Mecerreyes-San-Mart\u00edn-11-11-2014-c.jpg 250w, https:\/\/www.mecerreyes.com\/mece\/wp-content\/uploads\/2014\/12\/Mecerreyes-San-Mart\u00edn-11-11-2014-c-150x150.jpg 150w\" sizes=\"(max-width: 250px) 100vw, 250px\" \/><\/a><p id=\"caption-attachment-10008\" class=\"wp-caption-text\">Mecerreyes, <a  href=\"https:\/\/www.mecerreyes.com\/mece\/?page_id=58\">San Mart\u00edn<\/a> 11-11-2014<\/p><\/div>\n<p style=\"text-align: justify\">a <a  href=\"https:\/\/www.mecerreyes.com\/mece\/?page_id=58\">San Mart\u00edn<\/a> cantado por todos los presentes.<\/p>\n<p style=\"text-align: justify\">A continuaci\u00f3n, y al son de la m\u00fasica, bajamos al sal\u00f3n de las escuelas a dar cuenta del vino espa\u00f1ol y aperitivos. \u00a1Muy bien! A alguien escuch\u00e9: \u201c<i>Despu\u00e9s de este banquete ya no hace falta comer\u201d. <\/i>Y era verdad, pues que si unos pinchos de tortilla, otros de empanada, jam\u00f3n, aceitunas, patatas fritas y un vinito, que siempre cae bien, \u00bfqu\u00e9 m\u00e1s vas a comer ya? As\u00ed que, antes de ir a comer cada uno a su casa, disfrutamos del baile. A m\u00ed lo \u00fanico que me apetec\u00eda era un cafelito y una cabezadita, que eso s\u00ed que no perdono. No falt\u00f3 tampoco este d\u00eda el almendrero. \u00a1Siempre puntual a la cita! Y por la tarde, \u201cvolvi\u00f3 a salir el baile\u201d, el tiempo respet\u00f3 y se pudo hacer en la carretera. Animaron el d\u00eda los Anises. \u00a1Gracias y hasta el a\u00f1o que viene!<\/p>\n<h2 style=\"text-align: justify\"><b>BODAS DE DIAMANTE (60 A\u00d1OS) Y PLATINO (65 A\u00d1OS)<\/b><\/h2>\n<p style=\"text-align: justify\"><span style=\"color: #0000ff\"><strong>&#8211;\u00a0\u00a0\u00a0\u00a0\u00a0\u00a0\u00a0\u00a0 <i>\u00a1Qu\u00e9 alegr\u00eda dar noticias as\u00ed de buenas este mes, \u00bfverdad, abuelo? <\/i><\/strong><\/span><\/p>\n<p style=\"text-align: justify\">&#8211;\u00a0\u00a0\u00a0\u00a0\u00a0\u00a0\u00a0\u00a0 Pues s\u00ed, y es lo que nos gusta tanto: El s\u00e1bado, 15 de Noviembre, celebraron sus Bodas de Diamante dos matrimonios, s\u00ed, amigo, nada menos que \u00a1dos matrimonios de Mecerreyes!: Jes\u00fas y Beatriz, por una parte, y Calixto y Justina, por otra. Jes\u00fas y Justina son hermanos y ambas parejas se casaron por <a  href=\"https:\/\/www.mecerreyes.com\/mece\/?page_id=58\">San Mart\u00edn<\/a>, fecha en la que se casaban casi todos por esos a\u00f1os. \u00a160 a\u00f1os ya! Celebraron una Misa de <a  href=\"https:\/\/www.mecerreyes.com\/mece\/?page_id=60\">Acci\u00f3n de Gracias<\/a> con toda su familia y vecinos del pueblo a las 13:00 horas. Despu\u00e9s, comida en el <a  href=\"https:\/\/www.mecerreyes.com\/mece\/?page_id=797\">Mes\u00f3n de Frutos<\/a> y a continuaci\u00f3n a disfrutar durante m\u00e1s de dos horas de la buena m\u00fasica y de la mejor compa\u00f1\u00eda: hijos, nietos y amigos.<\/p>\n<div id=\"attachment_10047\" style=\"width: 874px\" class=\"wp-caption alignnone\"><a  href=\"http:\/\/www.mecerreyes.com\/mece\/wp-content\/uploads\/2014\/12\/Bodas-de-Jesus-Beatriz-Justina-y-Calixto-15-11-14.jpg\" class=\"thickbox no_icon\" title=\"Mecerreyes, Bodas de diamante de Jesus, Beatriz, Justina y Calixto 15-11-14\"><img loading=\"lazy\" decoding=\"async\" aria-describedby=\"caption-attachment-10047\" class=\" wp-image-10047    \" alt=\"Mecerreyes, Bodas de diamante de Jesus, Beatriz, Justina y Calixto 15-11-14\" src=\"http:\/\/www.mecerreyes.com\/mece\/wp-content\/uploads\/2014\/12\/Bodas-de-Jesus-Beatriz-Justina-y-Calixto-15-11-14.jpg\" width=\"864\" height=\"208\" srcset=\"https:\/\/www.mecerreyes.com\/mece\/wp-content\/uploads\/2014\/12\/Bodas-de-Jesus-Beatriz-Justina-y-Calixto-15-11-14.jpg 4000w, https:\/\/www.mecerreyes.com\/mece\/wp-content\/uploads\/2014\/12\/Bodas-de-Jesus-Beatriz-Justina-y-Calixto-15-11-14-300x72.jpg 300w, https:\/\/www.mecerreyes.com\/mece\/wp-content\/uploads\/2014\/12\/Bodas-de-Jesus-Beatriz-Justina-y-Calixto-15-11-14-1024x245.jpg 1024w\" sizes=\"(max-width: 864px) 100vw, 864px\" \/><\/a><p id=\"caption-attachment-10047\" class=\"wp-caption-text\">Mecerreyes, Bodas de diamante de Jesus y Beatriz; Justina y Calixto 15-11-14<\/p><\/div>\n<p style=\"text-align: justify\">Tambi\u00e9n nos alegramos y damos la enhorabuena a <strong>Robustiano y Marce<\/strong> por sus Bodas de Platino.<\/p>\n<div id=\"attachment_10014\" style=\"width: 519px\" class=\"wp-caption alignnone\"><a  href=\"http:\/\/www.mecerreyes.com\/mece\/wp-content\/uploads\/2014\/12\/Marce-y-Robustiano-Bodas-Platino-Diario-de-Burgos-5-11-14.jpg\" class=\"thickbox no_icon\" title=\"Marce y Robustiano, Bodas de Platino, (Diario de Burgos 5-11-14)\"><img loading=\"lazy\" decoding=\"async\" aria-describedby=\"caption-attachment-10014\" class=\"size-full wp-image-10014\" alt=\"Marce y Robustiano, Bodas de Platino, (Diario de Burgos 5-11-14)\" src=\"http:\/\/www.mecerreyes.com\/mece\/wp-content\/uploads\/2014\/12\/Marce-y-Robustiano-Bodas-Platino-Diario-de-Burgos-5-11-14.jpg\" width=\"509\" height=\"450\" srcset=\"https:\/\/www.mecerreyes.com\/mece\/wp-content\/uploads\/2014\/12\/Marce-y-Robustiano-Bodas-Platino-Diario-de-Burgos-5-11-14.jpg 509w, https:\/\/www.mecerreyes.com\/mece\/wp-content\/uploads\/2014\/12\/Marce-y-Robustiano-Bodas-Platino-Diario-de-Burgos-5-11-14-300x265.jpg 300w\" sizes=\"(max-width: 509px) 100vw, 509px\" \/><\/a><p id=\"caption-attachment-10014\" class=\"wp-caption-text\">Marce y Robustiano, Bodas de Platino, (Diario de Burgos 5-11-14)<\/p><\/div>\n<p style=\"text-align: justify\" align=\"center\"><strong>\u00a1FELICIDADES A TODOS! \u00a1QUE VUESTROS D\u00cdAS SE SIGAN LLENANDO DE ALEGR\u00cdA Y FELICIDAD!<\/strong><\/p>\n<p style=\"text-align: justify\" align=\"center\"><span style=\"color: #ffffff\">.<\/span><\/p>\n<h2 style=\"text-align: justify\"><b>23\u00a0 <\/b><b>DE NOVIEMBRE: BODA DE CLAUDIO CUESTA Y PILAR CABEZ\u00d3N<\/b><\/h2>\n<p style=\"text-align: justify\"><b>\u00a0<\/b><\/p>\n<p style=\"text-align: justify\"><strong><span style=\"color: #0000ff\">&#8211;\u00a0\u00a0\u00a0\u00a0\u00a0\u00a0\u00a0\u00a0 <i>\u00bfHas felicitado ya al nuevo matrimonio?<\/i><\/span><\/strong><\/p>\n<p style=\"text-align: justify\">&#8211;\u00a0\u00a0\u00a0\u00a0\u00a0\u00a0\u00a0\u00a0 \u00a1Faltar\u00eda m\u00e1s! Pues s\u00ed, el domingo, 23 de diciembre, se casaron en nuestro pueblo <strong>Claudio<\/strong> Cuesta y Pilar Cabez\u00f3n. \u00a1ENHORABUENA! Os deseamos toda la felicidad. Recordamos a toda la familia, en especial a los padres del novio, Araceli y Claudio, vecinos de Mecerreyes.<\/p>\n<h2 style=\"text-align: justify\"><b>23\u00a0 <\/b><b>DE NOVIEMBRE: DE EXCURSI\u00d3N EN MECERREYES<\/b><\/h2>\n<p style=\"text-align: justify\"><b><i>\u00a0<\/i><\/b><\/p>\n<p style=\"text-align: justify\"><strong><span style=\"color: #0000ff\">&#8211;\u00a0\u00a0\u00a0\u00a0\u00a0\u00a0\u00a0\u00a0 <i>\u00a1Que hace nada le vi a usted pegando la hebra con unos forasteros! Les o\u00ed comentar entre ellos que menudo bien se est\u00e1 en Mecerreyes y que con personas como usted da gusto estar. \u00bfEntiende ahora\u00a0 eso que digo siempre: de mayor quiero ser como usted? \u00bfQui\u00e9nes eran?<\/i><\/span><\/strong><\/p>\n<p style=\"text-align: justify\">&#8211;\u00a0\u00a0\u00a0\u00a0\u00a0\u00a0\u00a0\u00a0 Me sent\u00ed muy a gusto, la verdad. Ser\u00edan alrededor de cuarenta personas de Villagonzalo Pedernales y vinieron de excursi\u00f3n con Dani, Adri\u00e1n, Juan Carlos Mariju\u00e1n y Bel\u00e9n (nietos e hijos de Reme y Daniel). Dani es el presidente de la Asociaci\u00f3n Cultural de Villagonzalo. Visitaron el <a  href=\"https:\/\/www.mecerreyes.com\/mece\/?page_id=20662\">Museo del Carb\u00f3n<\/a>, la Iglesia, el albergue, vieron algunos disfraces de nuestra fiesta del Gallo, un adelanto del Bel\u00e9n&#8230; Vamos, que pasaron -me comentaban cuando sal\u00edan de comer del mes\u00f3n- \u201c<i>un d\u00eda muy completo. Nos vamos encantados del ambiente y buen hacer de este pueblo\u201d. <\/i>Y me dijeron que no me olvidara de dec\u00edroslo. Ah\u00ed queda.<\/p>\n<div id=\"attachment_10016\" style=\"width: 934px\" class=\"wp-caption alignnone\"><a  href=\"http:\/\/www.mecerreyes.com\/mece\/wp-content\/uploads\/2014\/12\/Excursi\u00f3n-Asociaci\u00f3n-de-Villagonzalo-Pedernales-a-Mecerreyes-23-11-2014.jpg\" class=\"thickbox no_icon\" title=\"Excursi\u00f3n Asociaci\u00f3n de Villagonzalo Pedernales a Mecerreyes 23-11-2014\"><img loading=\"lazy\" decoding=\"async\" aria-describedby=\"caption-attachment-10016\" class=\" wp-image-10016  \" alt=\"Excursi\u00f3n Asociaci\u00f3n de Villagonzalo Pedernales a Mecerreyes 23-11-2014\" src=\"http:\/\/www.mecerreyes.com\/mece\/wp-content\/uploads\/2014\/12\/Excursi\u00f3n-Asociaci\u00f3n-de-Villagonzalo-Pedernales-a-Mecerreyes-23-11-2014.jpg\" width=\"924\" height=\"323\" srcset=\"https:\/\/www.mecerreyes.com\/mece\/wp-content\/uploads\/2014\/12\/Excursi\u00f3n-Asociaci\u00f3n-de-Villagonzalo-Pedernales-a-Mecerreyes-23-11-2014.jpg 2200w, https:\/\/www.mecerreyes.com\/mece\/wp-content\/uploads\/2014\/12\/Excursi\u00f3n-Asociaci\u00f3n-de-Villagonzalo-Pedernales-a-Mecerreyes-23-11-2014-300x104.jpg 300w, https:\/\/www.mecerreyes.com\/mece\/wp-content\/uploads\/2014\/12\/Excursi\u00f3n-Asociaci\u00f3n-de-Villagonzalo-Pedernales-a-Mecerreyes-23-11-2014-1024x357.jpg 1024w\" sizes=\"(max-width: 924px) 100vw, 924px\" \/><\/a><p id=\"caption-attachment-10016\" class=\"wp-caption-text\">Excursi\u00f3n Asociaci\u00f3n de Villagonzalo Pedernales a Mecerreyes 23-11-2014<\/p><\/div>\n<h2 style=\"text-align: justify\"><b>HEMOS LE\u00cdDO EN LOS PERI\u00d3DICOS&#8230; <\/b><\/h2>\n<p style=\"text-align: justify\"><strong><span style=\"color: #0000ff\">&#8211;\u00a0\u00a0\u00a0\u00a0\u00a0\u00a0\u00a0\u00a0 <i>Ha terminado noviembre, acaba de nacer diciembre, \u00bfhay algo m\u00e1s que comunicar?<\/i><\/span><\/strong><\/p>\n<p style=\"text-align: justify\">&#8211;\u00a0\u00a0\u00a0\u00a0\u00a0\u00a0\u00a0\u00a0 Unos y otros me han ido comentando algunas noticias, noticias que han aparecido en alg\u00fan peri\u00f3dico. De todas ellas, una muy triste y ya comentada: la muerte de Consuelo Herrero Mart\u00ednez en un accidente de tr\u00e1fico en Cuevas de San Clemente. Consuelo era hija de Margarita y Luis, vecinos de nuestro pueblo.<\/p>\n<p style=\"text-align: justify\">Y para no cansaros m\u00e1s, ponemos el enlace para que todos los que quer\u00e1is pod\u00e1is informaros de las noticias relacionadas con nuestro pueblo a lo largo del mes de noviembre:<\/p>\n<h2 style=\"text-align: justify\"><b>Una mujer muere en un choque frontal en Cuevas de San Clemente<\/b><\/h2>\n<p style=\"text-align: justify\"><strong><a  style=\"line-height: 1.5em\" href=\"http:\/\/www.diariodeburgos.es\/noticia\/ZDCCEAE13-9A29-898C-18E2763992DA1BC8\/20141124\/mujer\/muere\/choque\/frontal\/cuevas\/san\/clemente\" target=\"_blank\">http:\/\/www.diariodeburgos.es\/noticia\/ZDCCEAE13-9A29-898C-18E2763992DA1BC8\/20141124\/mujer\/muere\/choque\/frontal\/cuevas\/san\/clemente<\/a><\/strong><\/p>\n<h2 style=\"text-align: justify\"><\/h2>\n<h2 style=\"text-align: justify\"><b>M\u00e1ximo Cu\u00f1ado, reconocido con la Medalla de Oro al M\u00e9rito del Trabajo<\/b><\/h2>\n<p style=\"text-align: justify\">ICAL &#8211; martes, 04 de noviembre de 2014<\/p>\n<p style=\"text-align: justify\"><strong><a  href=\"http:\/\/www.diariodeburgos.es\/noticia\/ZD6A7C731-DB81-9E01-FAF9AC66FB114F48\/20141104\/maximo\/cu%C3%B1ado\/reconocido\/medalla\/oro\/merito\/trabajo\" target=\"_blank\">http:\/\/www.diariodeburgos.es\/noticia\/ZD6A7C731-DB81-9E01-FAF9AC66FB114F48\/20141104\/maximo\/cu%C3%B1ado\/reconocido\/medalla\/oro\/merito\/trabajo<\/a><\/strong><\/p>\n<div id=\"attachment_10019\" style=\"width: 898px\" class=\"wp-caption alignnone\"><a  href=\"http:\/\/www.mecerreyes.com\/mece\/wp-content\/uploads\/2014\/12\/Maximo-Cu\u00f1ado-Diario-de-Burgos-5-11-14.jpg\" class=\"thickbox no_icon\" title=\"Maximo Cu\u00f1ado, Diario de Burgos, 5-11-14\"><img loading=\"lazy\" decoding=\"async\" aria-describedby=\"caption-attachment-10019\" class=\" wp-image-10019  \" alt=\"Maximo Cu\u00f1ado, Diario de Burgos, 5-11-14\" src=\"http:\/\/www.mecerreyes.com\/mece\/wp-content\/uploads\/2014\/12\/Maximo-Cu\u00f1ado-Diario-de-Burgos-5-11-14.jpg\" width=\"888\" height=\"405\" srcset=\"https:\/\/www.mecerreyes.com\/mece\/wp-content\/uploads\/2014\/12\/Maximo-Cu\u00f1ado-Diario-de-Burgos-5-11-14.jpg 1850w, https:\/\/www.mecerreyes.com\/mece\/wp-content\/uploads\/2014\/12\/Maximo-Cu\u00f1ado-Diario-de-Burgos-5-11-14-300x136.jpg 300w, https:\/\/www.mecerreyes.com\/mece\/wp-content\/uploads\/2014\/12\/Maximo-Cu\u00f1ado-Diario-de-Burgos-5-11-14-1024x467.jpg 1024w\" sizes=\"(max-width: 888px) 100vw, 888px\" \/><\/a><p id=\"caption-attachment-10019\" class=\"wp-caption-text\">Maximo Cu\u00f1ado, Diario de Burgos, 5-11-14<\/p><\/div>\n<h2 style=\"text-align: justify\"><b>Inician las labores de restauraci\u00f3n del monte calcinado en Mecerreyes<\/b><\/h2>\n<p style=\"text-align: justify\">F.T. \/ Burgos &#8211; martes, 11 de noviembre de 2014<\/p>\n<p style=\"text-align: justify\"><strong><a  href=\"http:\/\/www.diariodeburgos.es\/noticia\/Z18FEEB45-CA83-77CA-B2BBE282EA60F424\/20141111\/inician\/labores\/restauracion\/monte\/calcinado\/mecerreyes\" target=\"_blank\">http:\/\/www.diariodeburgos.es\/noticia\/Z18FEEB45-CA83-77CA-B2BBE282EA60F424\/20141111\/inician\/labores\/restauracion\/monte\/calcinado\/mecerreyes<\/a><\/strong><\/p>\n<div id=\"attachment_10021\" style=\"width: 879px\" class=\"wp-caption alignnone\"><a  href=\"http:\/\/www.mecerreyes.com\/mece\/wp-content\/uploads\/2014\/12\/Diario-de-Burgos-11-11-14-Restauraci\u00f3n-monte-calcinado.jpg\" class=\"thickbox no_icon\" title=\"Diario de Burgos, 11-11-14 Restauraci\u00f3n monte calcinado\"><img loading=\"lazy\" decoding=\"async\" aria-describedby=\"caption-attachment-10021\" class=\" wp-image-10021 \" alt=\"Diario de Burgos, 11-11-14 Restauraci\u00f3n monte calcinado\" src=\"http:\/\/www.mecerreyes.com\/mece\/wp-content\/uploads\/2014\/12\/Diario-de-Burgos-11-11-14-Restauraci\u00f3n-monte-calcinado.jpg\" width=\"869\" height=\"921\" srcset=\"https:\/\/www.mecerreyes.com\/mece\/wp-content\/uploads\/2014\/12\/Diario-de-Burgos-11-11-14-Restauraci\u00f3n-monte-calcinado.jpg 1241w, https:\/\/www.mecerreyes.com\/mece\/wp-content\/uploads\/2014\/12\/Diario-de-Burgos-11-11-14-Restauraci\u00f3n-monte-calcinado-282x300.jpg 282w, https:\/\/www.mecerreyes.com\/mece\/wp-content\/uploads\/2014\/12\/Diario-de-Burgos-11-11-14-Restauraci\u00f3n-monte-calcinado-965x1024.jpg 965w\" sizes=\"(max-width: 869px) 100vw, 869px\" \/><\/a><p id=\"caption-attachment-10021\" class=\"wp-caption-text\">Diario de Burgos, 11-11-14 Restauraci\u00f3n monte calcinado<\/p><\/div>\n<p style=\"text-align: justify\">.<\/p>\n<div id=\"attachment_10022\" style=\"width: 903px\" class=\"wp-caption alignnone\"><a  href=\"http:\/\/www.mecerreyes.com\/mece\/wp-content\/uploads\/2014\/12\/Diario-de-Burgos-20-11-14-Limpieza-montes-calcinados.jpg\" class=\"thickbox no_icon\" title=\"Diario de Burgos, 20-11-14 Limpieza montes calcinados\"><img loading=\"lazy\" decoding=\"async\" aria-describedby=\"caption-attachment-10022\" class=\" wp-image-10022  \" alt=\"Diario de Burgos, 20-11-14 Limpieza montes calcinados\" src=\"http:\/\/www.mecerreyes.com\/mece\/wp-content\/uploads\/2014\/12\/Diario-de-Burgos-20-11-14-Limpieza-montes-calcinados.jpg\" width=\"893\" height=\"459\" srcset=\"https:\/\/www.mecerreyes.com\/mece\/wp-content\/uploads\/2014\/12\/Diario-de-Burgos-20-11-14-Limpieza-montes-calcinados.jpg 1654w, https:\/\/www.mecerreyes.com\/mece\/wp-content\/uploads\/2014\/12\/Diario-de-Burgos-20-11-14-Limpieza-montes-calcinados-300x154.jpg 300w, https:\/\/www.mecerreyes.com\/mece\/wp-content\/uploads\/2014\/12\/Diario-de-Burgos-20-11-14-Limpieza-montes-calcinados-1024x526.jpg 1024w\" sizes=\"(max-width: 893px) 100vw, 893px\" \/><\/a><p id=\"caption-attachment-10022\" class=\"wp-caption-text\">Diario de Burgos, 20-11-14 Limpieza montes calcinados<\/p><\/div>\n<h2 style=\"text-align: justify\">Flojabur realizar\u00e1 una muestra de arte floral en el Palacio de Castilfal\u00e9<\/h2>\n<p style=\"text-align: justify\">La concejal de Comercio, Carolina Blasco, y el presidente de\u00a0Flojabur, Jos\u00e9 Manuel Gonz\u00e1lez, han firmado\u00a0un convenio de colaboraci\u00f3n para el desarrollo de actividades, entre las que destaca una muestra floral en el Palacio de Castilfal\u00e9 con la que el gremio iniciar\u00e1 la campa\u00f1a de <a  href=\"https:\/\/www.mecerreyes.com\/mece\/?page_id=62\">Navidad<\/a>.<\/p>\n<p style=\"text-align: justify\"><strong><a  href=\"http:\/\/www.tribunaburgos.com\/noticias\/flojabur-realizara-una-muestra-de-arte-floral-en-el-palacio-de-castilfale\/1415015804\" target=\"_blank\">http:\/\/www.tribunaburgos.com\/noticias\/flojabur-realizara-una-muestra-de-arte-floral-en-el-palacio-de-castilfale\/1415015804<\/a><\/strong><\/p>\n<div id=\"attachment_10023\" style=\"width: 850px\" class=\"wp-caption alignnone\"><a  href=\"http:\/\/www.mecerreyes.com\/mece\/wp-content\/uploads\/2014\/12\/J-Manuel-Gonz\u00e1lez-7-11-2014-Diario-de-Burgos-b.jpg\" class=\"thickbox no_icon\" title=\"Jose Manuel Gonz\u00e1lez Cuevas, 7-11-2014 Diario de Burgos\"><img loading=\"lazy\" decoding=\"async\" aria-describedby=\"caption-attachment-10023\" class=\" wp-image-10023 \" alt=\"Jose Manuel Gonz\u00e1lez Cuevas, 7-11-2014 Diario de Burgos\" src=\"http:\/\/www.mecerreyes.com\/mece\/wp-content\/uploads\/2014\/12\/J-Manuel-Gonz\u00e1lez-7-11-2014-Diario-de-Burgos-b.jpg\" width=\"840\" height=\"1064\" srcset=\"https:\/\/www.mecerreyes.com\/mece\/wp-content\/uploads\/2014\/12\/J-Manuel-Gonz\u00e1lez-7-11-2014-Diario-de-Burgos-b.jpg 1050w, https:\/\/www.mecerreyes.com\/mece\/wp-content\/uploads\/2014\/12\/J-Manuel-Gonz\u00e1lez-7-11-2014-Diario-de-Burgos-b-236x300.jpg 236w, https:\/\/www.mecerreyes.com\/mece\/wp-content\/uploads\/2014\/12\/J-Manuel-Gonz\u00e1lez-7-11-2014-Diario-de-Burgos-b-808x1024.jpg 808w\" sizes=\"(max-width: 840px) 100vw, 840px\" \/><\/a><p id=\"caption-attachment-10023\" class=\"wp-caption-text\">Jose Manuel Gonz\u00e1lez Cuevas, 7-11-2014 Diario de Burgos<\/p><\/div>\n<p style=\"text-align: justify\">Y ponemos punto final con un recuerdo curioso aparecido en el Diario de Burgos&#8230; \u00a1S\u00f3lo han pasado 75 a\u00f1os!<\/p>\n<div id=\"attachment_10024\" style=\"width: 778px\" class=\"wp-caption alignnone\"><a  href=\"http:\/\/www.mecerreyes.com\/mece\/wp-content\/uploads\/2014\/12\/Diario-de-Burgos-28-11-2014-75-a\u00f1os.jpg\" class=\"thickbox no_icon\" title=\"Diario de Burgos, 28-11-2014, 75 a\u00f1os\"><img loading=\"lazy\" decoding=\"async\" aria-describedby=\"caption-attachment-10024\" class=\" wp-image-10024  \" alt=\"Diario de Burgos, 28-11-2014, 75 a\u00f1os\" src=\"http:\/\/www.mecerreyes.com\/mece\/wp-content\/uploads\/2014\/12\/Diario-de-Burgos-28-11-2014-75-a\u00f1os.jpg\" width=\"768\" height=\"614\" srcset=\"https:\/\/www.mecerreyes.com\/mece\/wp-content\/uploads\/2014\/12\/Diario-de-Burgos-28-11-2014-75-a\u00f1os.jpg 1600w, https:\/\/www.mecerreyes.com\/mece\/wp-content\/uploads\/2014\/12\/Diario-de-Burgos-28-11-2014-75-a\u00f1os-300x240.jpg 300w, https:\/\/www.mecerreyes.com\/mece\/wp-content\/uploads\/2014\/12\/Diario-de-Burgos-28-11-2014-75-a\u00f1os-1024x819.jpg 1024w\" sizes=\"(max-width: 768px) 100vw, 768px\" \/><\/a><p id=\"caption-attachment-10024\" class=\"wp-caption-text\">Diario de Burgos, 28-11-2014, 75 a\u00f1os<\/p><\/div>\n<p style=\"text-align: justify\"><strong><span style=\"color: #0000ff\">&#8211;\u00a0\u00a0\u00a0\u00a0\u00a0\u00a0\u00a0\u00a0 <i>\u00a1Gracias, abuelo, por cont\u00e1rnoslo as\u00ed de clarito y de bien! Y por hoy, nada m\u00e1s. Tenga cuidado con este fr\u00edo tan recio de nuestra tierra y a disfrutar de las peque\u00f1as cosas de la vida, que es lo que toca ahora. En nada nos veremos de nuevo y entonces nos felicitamos las Pascuas.<\/i><\/span><\/strong><\/p>\n<p>&#8211;\u00a0\u00a0\u00a0\u00a0\u00a0\u00a0\u00a0\u00a0 A ver si es verdad y nos encontramos con salud. \u00a1Hasta m\u00e1s vernos!<\/p>\n<p>&nbsp;<\/p>\n<p><a  href=\"http:\/\/www.mecerreyes.com\/mece\/wp-content\/uploads\/2010\/01\/18-Manos-descansando-del-Abuelo-autor-Miguel-Gonzalez.jpg\" class=\"thickbox no_icon\" title=\"18-Manos descansando del Abuelo, autor Miguel Gonzalez\"><img loading=\"lazy\" decoding=\"async\" class=\"alignnone size-full wp-image-1065\" alt=\"18-Manos descansando del Abuelo, autor Miguel Gonzalez\" src=\"http:\/\/www.mecerreyes.com\/mece\/wp-content\/uploads\/2010\/01\/18-Manos-descansando-del-Abuelo-autor-Miguel-Gonzalez.jpg\" width=\"550\" height=\"413\" srcset=\"https:\/\/www.mecerreyes.com\/mece\/wp-content\/uploads\/2010\/01\/18-Manos-descansando-del-Abuelo-autor-Miguel-Gonzalez.jpg 550w, https:\/\/www.mecerreyes.com\/mece\/wp-content\/uploads\/2010\/01\/18-Manos-descansando-del-Abuelo-autor-Miguel-Gonzalez-300x225.jpg 300w\" sizes=\"(max-width: 550px) 100vw, 550px\" \/><\/a><\/p>\n<p>&nbsp;<\/p>\n\n\t\t<style type=\"text\/css\">\n\t\t\t#gallery-1 {\n\t\t\t\tmargin: auto;\n\t\t\t}\n\t\t\t#gallery-1 .gallery-item {\n\t\t\t\tfloat: left;\n\t\t\t\tmargin-top: 10px;\n\t\t\t\ttext-align: center;\n\t\t\t\twidth: 33%;\n\t\t\t}\n\t\t\t#gallery-1 img {\n\t\t\t\tborder: 2px solid #cfcfcf;\n\t\t\t}\n\t\t\t#gallery-1 .gallery-caption {\n\t\t\t\tmargin-left: 0;\n\t\t\t}\n\t\t\t\/* see gallery_shortcode() in wp-includes\/media.php *\/\n\t\t<\/style>\n\t\t<div id='gallery-1' class='gallery galleryid-9951 gallery-columns-3 gallery-size-thumbnail'><dl class='gallery-item'>\n\t\t\t<dt class='gallery-icon landscape'>\n\t\t\t\t<a  href=\"https:\/\/www.mecerreyes.com\/mece\/wp-content\/uploads\/2014\/12\/Excursi\u00f3n-ACR-Los-Gorretes-de-Villagonzalo-Pedernales-a-Mecerreyes-23-11-2014.jpg\" class=\"thickbox no_icon\" title=\"\"><img loading=\"lazy\" decoding=\"async\" width=\"150\" height=\"150\" src=\"https:\/\/www.mecerreyes.com\/mece\/wp-content\/uploads\/2014\/12\/Excursi\u00f3n-ACR-Los-Gorretes-de-Villagonzalo-Pedernales-a-Mecerreyes-23-11-2014-150x150.jpg\" class=\"attachment-thumbnail size-thumbnail\" alt=\"\" \/><\/a>\n\t\t\t<\/dt><\/dl><dl class='gallery-item'>\n\t\t\t<dt class='gallery-icon landscape'>\n\t\t\t\t<a  href=\"https:\/\/www.mecerreyes.com\/mece\/wp-content\/uploads\/2014\/12\/Excursi\u00f3n-ACR-Los-Gorretes-de-Villagonzalo-Pedernales-a-Mecerreyes-23-11-2014-1.jpg\" class=\"thickbox no_icon\" title=\"\"><img loading=\"lazy\" decoding=\"async\" width=\"150\" height=\"150\" src=\"https:\/\/www.mecerreyes.com\/mece\/wp-content\/uploads\/2014\/12\/Excursi\u00f3n-ACR-Los-Gorretes-de-Villagonzalo-Pedernales-a-Mecerreyes-23-11-2014-1-150x150.jpg\" class=\"attachment-thumbnail size-thumbnail\" alt=\"\" \/><\/a>\n\t\t\t<\/dt><\/dl><dl class='gallery-item'>\n\t\t\t<dt class='gallery-icon landscape'>\n\t\t\t\t<a  href=\"https:\/\/www.mecerreyes.com\/mece\/wp-content\/uploads\/2014\/12\/Excursi\u00f3n-ACR-Los-Gorretes-de-Villagonzalo-Pedernales-a-Mecerreyes-23-11-2014-2.jpg\" class=\"thickbox no_icon\" title=\"\"><img loading=\"lazy\" decoding=\"async\" width=\"150\" height=\"150\" src=\"https:\/\/www.mecerreyes.com\/mece\/wp-content\/uploads\/2014\/12\/Excursi\u00f3n-ACR-Los-Gorretes-de-Villagonzalo-Pedernales-a-Mecerreyes-23-11-2014-2-150x150.jpg\" class=\"attachment-thumbnail size-thumbnail\" alt=\"\" \/><\/a>\n\t\t\t<\/dt><\/dl><br style=\"clear: both\" \/><dl class='gallery-item'>\n\t\t\t<dt class='gallery-icon landscape'>\n\t\t\t\t<a  href=\"https:\/\/www.mecerreyes.com\/mece\/wp-content\/uploads\/2014\/12\/Excursi\u00f3n-ACR-Los-Gorretes-de-Villagonzalo-Pedernales-a-Mecerreyes-23-11-2014-3.jpg\" class=\"thickbox no_icon\" title=\"\"><img loading=\"lazy\" decoding=\"async\" width=\"150\" height=\"150\" src=\"https:\/\/www.mecerreyes.com\/mece\/wp-content\/uploads\/2014\/12\/Excursi\u00f3n-ACR-Los-Gorretes-de-Villagonzalo-Pedernales-a-Mecerreyes-23-11-2014-3-150x150.jpg\" class=\"attachment-thumbnail size-thumbnail\" alt=\"\" \/><\/a>\n\t\t\t<\/dt><\/dl><dl class='gallery-item'>\n\t\t\t<dt class='gallery-icon landscape'>\n\t\t\t\t<a  href=\"https:\/\/www.mecerreyes.com\/mece\/wp-content\/uploads\/2014\/12\/Excursi\u00f3n-ACR-Los-Gorretes-de-Villagonzalo-Pedernales-a-Mecerreyes-23-11-2014-4.jpg\" class=\"thickbox no_icon\" title=\"\"><img loading=\"lazy\" decoding=\"async\" width=\"150\" height=\"150\" src=\"https:\/\/www.mecerreyes.com\/mece\/wp-content\/uploads\/2014\/12\/Excursi\u00f3n-ACR-Los-Gorretes-de-Villagonzalo-Pedernales-a-Mecerreyes-23-11-2014-4-150x150.jpg\" class=\"attachment-thumbnail size-thumbnail\" alt=\"\" \/><\/a>\n\t\t\t<\/dt><\/dl><dl class='gallery-item'>\n\t\t\t<dt class='gallery-icon landscape'>\n\t\t\t\t<a  href=\"https:\/\/www.mecerreyes.com\/mece\/wp-content\/uploads\/2014\/12\/Excursi\u00f3n-ACR-Los-Gorretes-de-Villagonzalo-Pedernales-a-Mecerreyes-23-11-2014-5.jpg\" class=\"thickbox no_icon\" title=\"\"><img loading=\"lazy\" decoding=\"async\" width=\"150\" height=\"150\" src=\"https:\/\/www.mecerreyes.com\/mece\/wp-content\/uploads\/2014\/12\/Excursi\u00f3n-ACR-Los-Gorretes-de-Villagonzalo-Pedernales-a-Mecerreyes-23-11-2014-5-150x150.jpg\" class=\"attachment-thumbnail size-thumbnail\" alt=\"\" \/><\/a>\n\t\t\t<\/dt><\/dl><br style=\"clear: both\" \/><dl class='gallery-item'>\n\t\t\t<dt class='gallery-icon landscape'>\n\t\t\t\t<a  href=\"https:\/\/www.mecerreyes.com\/mece\/wp-content\/uploads\/2014\/12\/Excursi\u00f3n-ACR-Los-Gorretes-de-Villagonzalo-Pedernales-a-Mecerreyes-23-11-2014-6.jpg\" class=\"thickbox no_icon\" title=\"\"><img loading=\"lazy\" decoding=\"async\" width=\"150\" height=\"150\" src=\"https:\/\/www.mecerreyes.com\/mece\/wp-content\/uploads\/2014\/12\/Excursi\u00f3n-ACR-Los-Gorretes-de-Villagonzalo-Pedernales-a-Mecerreyes-23-11-2014-6-150x150.jpg\" class=\"attachment-thumbnail size-thumbnail\" alt=\"\" \/><\/a>\n\t\t\t<\/dt><\/dl><dl class='gallery-item'>\n\t\t\t<dt class='gallery-icon portrait'>\n\t\t\t\t<a  href=\"https:\/\/www.mecerreyes.com\/mece\/wp-content\/uploads\/2014\/12\/Excursi\u00f3n-ACR-Los-Gorretes-de-Villagonzalo-Pedernales-a-Mecerreyes-23-11-2014-7.jpg\" class=\"thickbox no_icon\" title=\"\"><img loading=\"lazy\" decoding=\"async\" width=\"150\" height=\"150\" src=\"https:\/\/www.mecerreyes.com\/mece\/wp-content\/uploads\/2014\/12\/Excursi\u00f3n-ACR-Los-Gorretes-de-Villagonzalo-Pedernales-a-Mecerreyes-23-11-2014-7-150x150.jpg\" class=\"attachment-thumbnail size-thumbnail\" alt=\"\" \/><\/a>\n\t\t\t<\/dt><\/dl><dl class='gallery-item'>\n\t\t\t<dt class='gallery-icon portrait'>\n\t\t\t\t<a  href=\"https:\/\/www.mecerreyes.com\/mece\/wp-content\/uploads\/2014\/12\/Excursi\u00f3n-ACR-Los-Gorretes-de-Villagonzalo-Pedernales-a-Mecerreyes-23-11-2014-8.jpg\" class=\"thickbox no_icon\" title=\"\"><img loading=\"lazy\" decoding=\"async\" width=\"150\" height=\"150\" src=\"https:\/\/www.mecerreyes.com\/mece\/wp-content\/uploads\/2014\/12\/Excursi\u00f3n-ACR-Los-Gorretes-de-Villagonzalo-Pedernales-a-Mecerreyes-23-11-2014-8-150x150.jpg\" class=\"attachment-thumbnail size-thumbnail\" alt=\"\" \/><\/a>\n\t\t\t<\/dt><\/dl><br style=\"clear: both\" \/><dl class='gallery-item'>\n\t\t\t<dt class='gallery-icon portrait'>\n\t\t\t\t<a  href=\"https:\/\/www.mecerreyes.com\/mece\/wp-content\/uploads\/2014\/12\/Excursi\u00f3n-ACR-Los-Gorretes-de-Villagonzalo-Pedernales-a-Mecerreyes-23-11-2014-9.jpg\" class=\"thickbox no_icon\" title=\"\"><img loading=\"lazy\" decoding=\"async\" width=\"150\" height=\"150\" src=\"https:\/\/www.mecerreyes.com\/mece\/wp-content\/uploads\/2014\/12\/Excursi\u00f3n-ACR-Los-Gorretes-de-Villagonzalo-Pedernales-a-Mecerreyes-23-11-2014-9-150x150.jpg\" class=\"attachment-thumbnail size-thumbnail\" alt=\"\" \/><\/a>\n\t\t\t<\/dt><\/dl>\n\t\t\t<br style='clear: both' \/>\n\t\t<\/div>","protected":false},"excerpt":{"rendered":"<p>NOTICIAS NOVIEMBRE 2014 Lo dec\u00edamos ayer: \u201cNoviembre. Mes corto, pero intenso\u201d. Como ocurre siempre, pas\u00f3 sin que nos di\u00e9ramos cuenta. Hemos celebrado la fiesta de todos los Santos, hemos recordado a los que se fueron, pero siguen vivos. S\u00f3lo mueren las personas cuando dejamos de recordarlas, y quienes se fueron siguen vivos, pues los recordamos. [&hellip;]<\/p>\n","protected":false},"author":5,"featured_media":0,"comment_status":"open","ping_status":"closed","sticky":false,"template":"","format":"standard","meta":{"_et_pb_use_builder":"","_et_pb_old_content":"","_et_gb_content_width":"","footnotes":""},"categories":[1],"tags":[21,30],"class_list":["post-9951","post","type-post","status-publish","format-standard","hentry","category-general","tag-guiletos","tag-san-martin","et-doesnt-have-format-content","et_post_format-et-post-format-standard"],"_links":{"self":[{"href":"https:\/\/www.mecerreyes.com\/mece\/index.php?rest_route=\/wp\/v2\/posts\/9951"}],"collection":[{"href":"https:\/\/www.mecerreyes.com\/mece\/index.php?rest_route=\/wp\/v2\/posts"}],"about":[{"href":"https:\/\/www.mecerreyes.com\/mece\/index.php?rest_route=\/wp\/v2\/types\/post"}],"author":[{"embeddable":true,"href":"https:\/\/www.mecerreyes.com\/mece\/index.php?rest_route=\/wp\/v2\/users\/5"}],"replies":[{"embeddable":true,"href":"https:\/\/www.mecerreyes.com\/mece\/index.php?rest_route=%2Fwp%2Fv2%2Fcomments&post=9951"}],"version-history":[{"count":0,"href":"https:\/\/www.mecerreyes.com\/mece\/index.php?rest_route=\/wp\/v2\/posts\/9951\/revisions"}],"wp:attachment":[{"href":"https:\/\/www.mecerreyes.com\/mece\/index.php?rest_route=%2Fwp%2Fv2%2Fmedia&parent=9951"}],"wp:term":[{"taxonomy":"category","embeddable":true,"href":"https:\/\/www.mecerreyes.com\/mece\/index.php?rest_route=%2Fwp%2Fv2%2Fcategories&post=9951"},{"taxonomy":"post_tag","embeddable":true,"href":"https:\/\/www.mecerreyes.com\/mece\/index.php?rest_route=%2Fwp%2Fv2%2Ftags&post=9951"}],"curies":[{"name":"wp","href":"https:\/\/api.w.org\/{rel}","templated":true}]}}